{"id":2330,"date":"2026-04-18T00:35:00","date_gmt":"2026-04-17T22:35:00","guid":{"rendered":"https:\/\/www.accidentdutravail-idf.net\/blog\/malheureusement-rien-ne-me-rendra-ma-vie-davant-les-jambes-brisees-nicolas-se-soigne-encore-deux-ans-apres-son-accident-du-travail\/"},"modified":"2026-04-18T00:35:00","modified_gmt":"2026-04-17T22:35:00","slug":"malheureusement-rien-ne-me-rendra-ma-vie-davant-les-jambes-brisees-nicolas-se-soigne-encore-deux-ans-apres-son-accident-du-travail","status":"publish","type":"post","link":"https:\/\/www.accidentdutravail-idf.net\/blog\/malheureusement-rien-ne-me-rendra-ma-vie-davant-les-jambes-brisees-nicolas-se-soigne-encore-deux-ans-apres-son-accident-du-travail\/","title":{"rendered":"\u00ab\u00a0Malheureusement, rien ne me rendra ma vie d\u2019avant\u00a0\u00bb : les jambes bris\u00e9es, Nicolas se soigne encore deux ans apr\u00e8s son accident du travail"},"content":{"rendered":"<div><img decoding=\"async\" src=\"https:\/\/www.accidentdutravail-idf.net\/blog\/wp-content\/uploads\/2026\/04\/malheureusement-rien-ne-me-rendra-ma-vie-davant-les-jambes-brisees-nicolas-se-soigne-encore-deux-ans-apres-son-accident-du-travail.jpg\" class=\"ff-og-image-inserted\"><\/div>\n<p> <span class=\"article-full__chapo-label hide-on-small-only\">l&rsquo;essentiel<\/span> En avril&nbsp;2024, Nicolas Pinton a \u00e9t\u00e9 victime d\u2019un accident du travail \u00e0 Seysses, sur une sabli\u00e8re o\u00f9 il venait d\u00e9poser des gravats. Cinq op\u00e9rations plus tard, la justice vient de reconna\u00eetre les fautes qui ont provoqu\u00e9 son accident. Mais la reconstruction de ce jeune grand-p\u00e8re reste un combat quotidien. <\/p>\n<div data-state=\"fixed-height\" data-selection=\"disabled\"> <!-- Pub DFP Position [outstream] --> <\/p>\n<p>\u00ab\u00a0Les chirurgiens m\u2019avaient pr\u00e9venu que je risquais des complications. Je crois que j\u2019ai&nbsp;coch\u00e9 toutes les cases.\u00a0\u00bb Nicolas Pinton essaye de sourire, mais le c\u0153ur n\u2019y est pas. \u00ab\u00a0C\u2019est&nbsp;dur. Sans aide, sans soutien, je ne peux toujours pas marcher.\u00a0\u00bb Quand nous l\u2019avions rencontr\u00e9, en juin&nbsp;2024, dans sa chambre du Cabirol, \u00e0 Colomiers, ce chauffeur professionnel soignait ses graves blessures aux jambes. Il&nbsp;r\u00eavait de son jardin et&nbsp;de ses petits-enfants.<\/p>\n<p><!-- Pub DFP Position [article] --> <\/p>\n<p>\u00ab\u00a0Mes quatre petits-enfants passent me voir r\u00e9guli\u00e8rement. C\u2019est&nbsp;important\u00a0\u00bb, confie dans un sourire ce jeune grand-p\u00e8re de 57 ans. En revanche, il soigne son&nbsp;jardin de loin. \u00ab\u00a0Je n\u2019ai plus la mobilit\u00e9 n\u00e9cessaire\u00a0\u00bb, regrette ce sp\u00e9cialiste poids lourd, victime d\u2019un accident du travail le matin du 18&nbsp;avril 2024, dans une sabli\u00e8re \u00e0 Seysses, pr\u00e8s de Toulouse. Le dossier vient d\u2019\u00eatre jug\u00e9 par le tribunal correctionnel de Toulouse.<\/p>\n<h2 class=\"txt-int\">Cinq op\u00e9rations et toujours des soins<\/h2>\n<p>Devant les juges, le chauffeur qui conduisait le gros engin de chantier qui a percut\u00e9 Nicolas, bloqu\u00e9 contre l\u2019arri\u00e8re de son camion, a reconnu son erreur&nbsp;: \u00ab\u00a0J\u2019ai merd\u00e9\u2026 J\u2019ai recul\u00e9 trop vite. \u00c0 cause du soleil, je ne voyais pas la cam\u00e9ra. Je n\u2019ai pas entendu les alarmes. Et puis, ce matin-l\u00e0, il y avait beaucoup de camions.\u00a0\u00bb<\/p>\n<p class=\"std-elt__inline\"> <strong>\u00c0 lire aussi :<\/strong> <a href=\"https:\/\/www.ladepeche.fr\/2024\/06\/29\/les-jambes-ecrasees-lors-dun-accident-de-travail-le-dur-et-long-combat-de-nicolas-12032566.php\" target=\"_blank\" rel=\"nofollow\">Les jambes \u00e9cras\u00e9es lors d\u2019un accident de travail, le dur et long combat de Nicolas<\/a> <\/p>\n<p>La victime, d\u00e9j\u00e0 pass\u00e9e cinq fois sur la table d\u2019op\u00e9ration, n\u2019a pas assist\u00e9 \u00e0 l\u2019audience. \u00ab\u00a0Trop dur\u00a0\u00bb, confie cet homme, trop souvent clou\u00e9 sur son fauteuil. \u00ab\u00a0Je continue de travailler avec mon kin\u00e9 trois fois par semaine. Je suis aussi suivi par un psy. C\u2019est impossible d\u2019effacer tout \u00e7a, difficile m\u00eame d\u2019accepter.\u00a0\u00bb Le&nbsp;soutien sans faille de son \u00e9pouse et de sa famille n\u2019apaise ni ses douleurs ni la perte de sa vie d\u2019avant.<\/p>\n<p>\u00ab\u00a0Est-ce que je pourrai retravailler&nbsp;un jour&nbsp;? Je ne le crois pas. Courir comme je le faisais deux \u00e0 trois fois par semaine, encore moins. Je fais un peu de v\u00e9lo. C\u2019est&nbsp;bon pour mes jambes, mais\u2026\u00a0\u00bb La phrase reste en suspens, \u00e0 l\u2019image d\u2019un espoir qui s\u2019\u00e9loigne, jour apr\u00e8s jour. Sa derni\u00e8re op\u00e9ration, pour une greffe sur son f\u00e9mur fractur\u00e9, n\u2019a pas fonctionn\u00e9.&nbsp;\u00ab\u00a0Elle n\u2019a pas pris. Je&nbsp;suis un peu maffr\u00e9, je crois.\u00a0\u00bb Nicolas s\u2019attend donc \u00e0 devoir repasser \u00ab\u00a0encore\u00a0\u00bb sur la table d\u2019op\u00e9ration.<\/p>\n<p class=\"std-elt__inline\"> <strong>\u00c0 lire aussi :<\/strong> <a href=\"https:\/\/www.ladepeche.fr\/2026\/02\/24\/accident-du-travail-le-calvaire-dun-chauffeur-ecrase-entre-deux-camions-dans-une-carriere-13242027.php\" target=\"_blank\" rel=\"nofollow\">Accident du travail&nbsp;: le calvaire d\u2019un chauffeur \u00e9cras\u00e9 entre deux camions dans une carri\u00e8re<\/a> <\/p>\n<p>La condamnation de son ancien employeur, en liquidation depuis, et du&nbsp;g\u00e9rant de la carri\u00e8re constitue un pis-aller. \u00ab\u00a0Les responsabilit\u00e9s ont \u00e9t\u00e9 reconnues. Pour mes futures indemnit\u00e9s, qui ne seront sans doute pas&nbsp;fix\u00e9es avant un an, c\u2019est important. Cela aidera mon quotidien et celui de ma famille. Mais, malheureusement, rien ne me rendra ma vie d\u2019avant.\u00a0\u00bb<\/p>\n<div class=\"std-frame\">\n<h2 class=\"encart_titre\">Les soci\u00e9t\u00e9s condamn\u00e9es&nbsp;: des amendes et pas d\u2019appel<\/h2>\n<div class=\"encart_texte\">\n<p>\u00ab\u00a0Outre son combat m\u00e9dical pour essayer de retrouver la marche, notre client&nbsp;doit mener une bataille judiciaire, longue et difficile, confie Me Alexandre Martin, l\u2019avocat qui accompagne Nicolas avec Me Emmanuelle Franck. La condamnation de ceux qui l\u2019ont fait travailler des conditions d\u2019ins\u00e9curit\u00e9 qui ont entra\u00een\u00e9 ce terrible accident, constitue une premi\u00e8re \u00e9tape dans ce combat judiciaire.\u00a0\u00bb<\/p>\n<p>L\u2019ancien employeur du chauffeur, un transporteur en liquidation, a \u00e9t\u00e9 condamn\u00e9 \u00e0 l\u2019euro symbolique. La&nbsp;sabli\u00e8re, dont le responsable a reconnu lors de l\u2019audience \u00ab\u00a0avoir enti\u00e8rement revu l\u2019organisation et la s\u00e9curit\u00e9 du site\u00a0\u00bb, a \u00e9t\u00e9 condamn\u00e9e \u00e0 trois amendes de 5&nbsp;000&nbsp;euros. D\u00e9fendue par Me Etienne Durand-Raucher, cette soci\u00e9t\u00e9 n\u2019a pas fait appel de la d\u00e9cision du tribunal correctionnel.<\/p>\n<p>Il reste maintenant \u00e0 fixer les indemnit\u00e9s dont doit b\u00e9n\u00e9ficier Nicolas Piton. Comme l\u2019avaient r\u00e9clam\u00e9s Mes Franck et Martin, le tribunal a demand\u00e9 une expertise judiciaire et les juges ont fix\u00e9 une premi\u00e8re provision de 50&nbsp;000&nbsp;euros. L\u2019audience sur&nbsp;les int\u00e9r\u00eats civils, celle o\u00f9 la justice fixera les indemnit\u00e9s d\u00e9finitives, est programm\u00e9e en f\u00e9vrier&nbsp;2027. \u00ab\u00a0Un long combat judiciaire\u00a0\u00bb, r\u00e9p\u00e8te Me Martin.<\/p>\n<\/div>\n<\/div><\/div>\n<p>accidentdutravail-idf.net vous a pr\u00e9par\u00e9 ce post qui informe du sujet \u00ab\u00a0Association Sportive Huisson-Longueville Essonne\u00a0\u00bb. La chronique se veut g\u00e9n\u00e9r\u00e9e du mieux possible. Vous pouvez utiliser les coordonn\u00e9es indiqu\u00e9es sur le site dans le but d\u2019apporter des explications sur ce post qui parle du th\u00e8me \u00ab\u00a0Association Sportive Huisson-Longueville Essonne\u00a0\u00bb. Le site accidentdutravail-idf.net a pour but de fournir diverses publications sur la th\u00e9matique Association Sportive Huisson-Longueville Essonne diffus\u00e9es sur le net. Il y aura plusieurs articles autour du sujet \u00ab\u00a0Association Sportive Huisson-Longueville Essonne\u00a0\u00bb dans quelques jours, nous vous invitons \u00e0 naviguer sur notre site web \u00e0 plusieurs reprises.<\/p>\n","protected":false},"excerpt":{"rendered":"<p>l&rsquo;essentiel En avril&nbsp;2024, Nicolas Pinton a \u00e9t\u00e9 victime d\u2019un accident du travail \u00e0 Seysses, sur une sabli\u00e8re o\u00f9 il venait d\u00e9poser des gravats. Cinq op\u00e9rations plus tard, la justice vient de reconna\u00eetre les fautes qui ont provoqu\u00e9 son accident. Mais la reconstruction de ce jeune grand-p\u00e8re reste un combat quotidien. \u00ab\u00a0Les chirurgiens m\u2019avaient pr\u00e9venu que &hellip; <\/p>\n<p class=\"link-more\"><a href=\"https:\/\/www.accidentdutravail-idf.net\/blog\/malheureusement-rien-ne-me-rendra-ma-vie-davant-les-jambes-brisees-nicolas-se-soigne-encore-deux-ans-apres-son-accident-du-travail\/\" class=\"more-link\">Continuer la lecture <span class=\"screen-reader-text\"> \u00ab\u00a0\u00ab\u00a0Malheureusement, rien ne me rendra ma vie d\u2019avant\u00a0\u00bb : les jambes bris\u00e9es, Nicolas se soigne encore deux ans apr\u00e8s son accident du travail\u00a0\u00bb<\/span><\/a><\/p>\n","protected":false},"author":2,"featured_media":0,"comment_status":"closed","ping_status":"closed","sticky":false,"template":"","format":"standard","meta":{"footnotes":""},"categories":[5],"tags":[],"class_list":["post-2330","post","type-post","status-publish","format-standard","hentry","category-securite-du-travail-en-ile-de-france-et-divers","entry"],"yoast_head":"<!-- This site is optimized with the Yoast SEO plugin v27.5 - https:\/\/yoast.com\/product\/yoast-seo-wordpress\/ -->\n<title>&quot;Malheureusement, rien ne me rendra ma vie d\u2019avant&quot; : les jambes bris\u00e9es, Nicolas se soigne encore deux ans apr\u00e8s son accident du travail - ACCIDENTDUTRAVAIL-IDF<\/title>\n<meta name=\"description\" content=\"&quot;Malheureusement, rien ne me rendra ma vie d\u2019avant&quot; : les jambes bris\u00e9es, Nicolas se soigne encore deux ans apr\u00e8s son accident du travail article de ACCIDENTDUTRAVAIL-IDF\" \/>\n<meta name=\"robots\" content=\"index, follow, max-snippet:-1, max-image-preview:large, max-video-preview:-1\" \/>\n<link rel=\"canonical\" href=\"https:\/\/www.accidentdutravail-idf.net\/blog\/malheureusement-rien-ne-me-rendra-ma-vie-davant-les-jambes-brisees-nicolas-se-soigne-encore-deux-ans-apres-son-accident-du-travail\/\" \/>\n<meta property=\"og:locale\" content=\"fr_FR\" \/>\n<meta property=\"og:type\" content=\"article\" \/>\n<meta property=\"og:title\" content=\"&quot;Malheureusement, rien ne me rendra ma vie d\u2019avant&quot; : les jambes bris\u00e9es, Nicolas se soigne encore deux ans apr\u00e8s son accident du travail - ACCIDENTDUTRAVAIL-IDF\" \/>\n<meta property=\"og:description\" content=\"&quot;Malheureusement, rien ne me rendra ma vie d\u2019avant&quot; : les jambes bris\u00e9es, Nicolas se soigne encore deux ans apr\u00e8s son accident du travail article de ACCIDENTDUTRAVAIL-IDF\" \/>\n<meta property=\"og:url\" content=\"https:\/\/www.accidentdutravail-idf.net\/blog\/malheureusement-rien-ne-me-rendra-ma-vie-davant-les-jambes-brisees-nicolas-se-soigne-encore-deux-ans-apres-son-accident-du-travail\/\" \/>\n<meta property=\"og:site_name\" content=\"ACCIDENTDUTRAVAIL-IDF\" \/>\n<meta property=\"article:published_time\" content=\"2026-04-17T22:35:00+00:00\" \/>\n<meta property=\"og:image\" content=\"https:\/\/www.accidentdutravail-idf.net\/blog\/wp-content\/uploads\/2026\/04\/malheureusement-rien-ne-me-rendra-ma-vie-davant-les-jambes-brisees-nicolas-se-soigne-encore-deux-ans-apres-son-accident-du-travail.jpg\" \/>\n<meta name=\"author\" content=\"Carlos Poulain\" \/>\n<meta name=\"twitter:card\" content=\"summary_large_image\" \/>\n<meta name=\"twitter:label1\" content=\"\u00c9crit par\" \/>\n\t<meta name=\"twitter:data1\" content=\"Carlos Poulain\" \/>\n\t<meta name=\"twitter:label2\" content=\"Dur\u00e9e de lecture estim\u00e9e\" \/>\n\t<meta name=\"twitter:data2\" content=\"5 minutes\" \/>\n<script type=\"application\/ld+json\" class=\"yoast-schema-graph\">{\"@context\":\"https:\\\/\\\/schema.org\",\"@graph\":[{\"@type\":\"Article\",\"@id\":\"https:\\\/\\\/www.accidentdutravail-idf.net\\\/blog\\\/malheureusement-rien-ne-me-rendra-ma-vie-davant-les-jambes-brisees-nicolas-se-soigne-encore-deux-ans-apres-son-accident-du-travail\\\/#article\",\"isPartOf\":{\"@id\":\"https:\\\/\\\/www.accidentdutravail-idf.net\\\/blog\\\/malheureusement-rien-ne-me-rendra-ma-vie-davant-les-jambes-brisees-nicolas-se-soigne-encore-deux-ans-apres-son-accident-du-travail\\\/\"},\"author\":{\"name\":\"Carlos Poulain\",\"@id\":\"https:\\\/\\\/www.accidentdutravail-idf.net\\\/blog\\\/#\\\/schema\\\/person\\\/3255d2f970de45e64bd9201f38e7b947\"},\"headline\":\"\u00ab\u00a0Malheureusement, rien ne me rendra ma vie d\u2019avant\u00a0\u00bb : les jambes bris\u00e9es, Nicolas se soigne encore deux ans apr\u00e8s son accident du travail\",\"datePublished\":\"2026-04-17T22:35:00+00:00\",\"mainEntityOfPage\":{\"@id\":\"https:\\\/\\\/www.accidentdutravail-idf.net\\\/blog\\\/malheureusement-rien-ne-me-rendra-ma-vie-davant-les-jambes-brisees-nicolas-se-soigne-encore-deux-ans-apres-son-accident-du-travail\\\/\"},\"wordCount\":939,\"publisher\":{\"@id\":\"https:\\\/\\\/www.accidentdutravail-idf.net\\\/blog\\\/#organization\"},\"image\":{\"@id\":\"https:\\\/\\\/www.accidentdutravail-idf.net\\\/blog\\\/malheureusement-rien-ne-me-rendra-ma-vie-davant-les-jambes-brisees-nicolas-se-soigne-encore-deux-ans-apres-son-accident-du-travail\\\/#primaryimage\"},\"thumbnailUrl\":\"https:\\\/\\\/www.accidentdutravail-idf.net\\\/blog\\\/wp-content\\\/uploads\\\/2026\\\/04\\\/malheureusement-rien-ne-me-rendra-ma-vie-davant-les-jambes-brisees-nicolas-se-soigne-encore-deux-ans-apres-son-accident-du-travail.jpg\",\"articleSection\":[\"S\u00e9curit\u00e9 Du Travail En Ile-De-France Et Divers:\"],\"inLanguage\":\"fr-FR\"},{\"@type\":\"WebPage\",\"@id\":\"https:\\\/\\\/www.accidentdutravail-idf.net\\\/blog\\\/malheureusement-rien-ne-me-rendra-ma-vie-davant-les-jambes-brisees-nicolas-se-soigne-encore-deux-ans-apres-son-accident-du-travail\\\/\",\"url\":\"https:\\\/\\\/www.accidentdutravail-idf.net\\\/blog\\\/malheureusement-rien-ne-me-rendra-ma-vie-davant-les-jambes-brisees-nicolas-se-soigne-encore-deux-ans-apres-son-accident-du-travail\\\/\",\"name\":\"\\\"Malheureusement, rien ne me rendra ma vie d\u2019avant\\\" : les jambes bris\u00e9es, Nicolas se soigne encore deux ans apr\u00e8s son accident du travail - ACCIDENTDUTRAVAIL-IDF\",\"isPartOf\":{\"@id\":\"https:\\\/\\\/www.accidentdutravail-idf.net\\\/blog\\\/#website\"},\"primaryImageOfPage\":{\"@id\":\"https:\\\/\\\/www.accidentdutravail-idf.net\\\/blog\\\/malheureusement-rien-ne-me-rendra-ma-vie-davant-les-jambes-brisees-nicolas-se-soigne-encore-deux-ans-apres-son-accident-du-travail\\\/#primaryimage\"},\"image\":{\"@id\":\"https:\\\/\\\/www.accidentdutravail-idf.net\\\/blog\\\/malheureusement-rien-ne-me-rendra-ma-vie-davant-les-jambes-brisees-nicolas-se-soigne-encore-deux-ans-apres-son-accident-du-travail\\\/#primaryimage\"},\"thumbnailUrl\":\"https:\\\/\\\/www.accidentdutravail-idf.net\\\/blog\\\/wp-content\\\/uploads\\\/2026\\\/04\\\/malheureusement-rien-ne-me-rendra-ma-vie-davant-les-jambes-brisees-nicolas-se-soigne-encore-deux-ans-apres-son-accident-du-travail.jpg\",\"datePublished\":\"2026-04-17T22:35:00+00:00\",\"description\":\"\\\"Malheureusement, rien ne me rendra ma vie d\u2019avant\\\" : les jambes bris\u00e9es, Nicolas se soigne encore deux ans apr\u00e8s son accident du travail article de ACCIDENTDUTRAVAIL-IDF\",\"breadcrumb\":{\"@id\":\"https:\\\/\\\/www.accidentdutravail-idf.net\\\/blog\\\/malheureusement-rien-ne-me-rendra-ma-vie-davant-les-jambes-brisees-nicolas-se-soigne-encore-deux-ans-apres-son-accident-du-travail\\\/#breadcrumb\"},\"inLanguage\":\"fr-FR\",\"potentialAction\":[{\"@type\":\"ReadAction\",\"target\":[\"https:\\\/\\\/www.accidentdutravail-idf.net\\\/blog\\\/malheureusement-rien-ne-me-rendra-ma-vie-davant-les-jambes-brisees-nicolas-se-soigne-encore-deux-ans-apres-son-accident-du-travail\\\/\"]}]},{\"@type\":\"ImageObject\",\"inLanguage\":\"fr-FR\",\"@id\":\"https:\\\/\\\/www.accidentdutravail-idf.net\\\/blog\\\/malheureusement-rien-ne-me-rendra-ma-vie-davant-les-jambes-brisees-nicolas-se-soigne-encore-deux-ans-apres-son-accident-du-travail\\\/#primaryimage\",\"url\":\"https:\\\/\\\/www.accidentdutravail-idf.net\\\/blog\\\/wp-content\\\/uploads\\\/2026\\\/04\\\/malheureusement-rien-ne-me-rendra-ma-vie-davant-les-jambes-brisees-nicolas-se-soigne-encore-deux-ans-apres-son-accident-du-travail.jpg\",\"contentUrl\":\"https:\\\/\\\/www.accidentdutravail-idf.net\\\/blog\\\/wp-content\\\/uploads\\\/2026\\\/04\\\/malheureusement-rien-ne-me-rendra-ma-vie-davant-les-jambes-brisees-nicolas-se-soigne-encore-deux-ans-apres-son-accident-du-travail.jpg\"},{\"@type\":\"BreadcrumbList\",\"@id\":\"https:\\\/\\\/www.accidentdutravail-idf.net\\\/blog\\\/malheureusement-rien-ne-me-rendra-ma-vie-davant-les-jambes-brisees-nicolas-se-soigne-encore-deux-ans-apres-son-accident-du-travail\\\/#breadcrumb\",\"itemListElement\":[{\"@type\":\"ListItem\",\"position\":1,\"name\":\"Accueil\",\"item\":\"https:\\\/\\\/www.accidentdutravail-idf.net\\\/blog\\\/\"},{\"@type\":\"ListItem\",\"position\":2,\"name\":\"\u00ab\u00a0Malheureusement, rien ne me rendra ma vie d\u2019avant\u00a0\u00bb : les jambes bris\u00e9es, Nicolas se soigne encore deux ans apr\u00e8s son accident du travail\"}]},{\"@type\":\"WebSite\",\"@id\":\"https:\\\/\\\/www.accidentdutravail-idf.net\\\/blog\\\/#website\",\"url\":\"https:\\\/\\\/www.accidentdutravail-idf.net\\\/blog\\\/\",\"name\":\"ACCIDENTDUTRAVAIL-IDF\",\"description\":\"Portail accidents du travail-maladies professionnelles des entreprises d&#039;Ile-de-France\",\"publisher\":{\"@id\":\"https:\\\/\\\/www.accidentdutravail-idf.net\\\/blog\\\/#organization\"},\"potentialAction\":[{\"@type\":\"SearchAction\",\"target\":{\"@type\":\"EntryPoint\",\"urlTemplate\":\"https:\\\/\\\/www.accidentdutravail-idf.net\\\/blog\\\/?s={search_term_string}\"},\"query-input\":{\"@type\":\"PropertyValueSpecification\",\"valueRequired\":true,\"valueName\":\"search_term_string\"}}],\"inLanguage\":\"fr-FR\"},{\"@type\":\"Organization\",\"@id\":\"https:\\\/\\\/www.accidentdutravail-idf.net\\\/blog\\\/#organization\",\"name\":\"accidentdutravail-idf\",\"url\":\"https:\\\/\\\/www.accidentdutravail-idf.net\\\/blog\\\/\",\"logo\":{\"@type\":\"ImageObject\",\"inLanguage\":\"fr-FR\",\"@id\":\"https:\\\/\\\/www.accidentdutravail-idf.net\\\/blog\\\/#\\\/schema\\\/logo\\\/image\\\/\",\"url\":\"https:\\\/\\\/www.accidentdutravail-idf.net\\\/blog\\\/wp-content\\\/uploads\\\/2022\\\/09\\\/logo-2.png\",\"contentUrl\":\"https:\\\/\\\/www.accidentdutravail-idf.net\\\/blog\\\/wp-content\\\/uploads\\\/2022\\\/09\\\/logo-2.png\",\"width\":380,\"height\":291,\"caption\":\"accidentdutravail-idf\"},\"image\":{\"@id\":\"https:\\\/\\\/www.accidentdutravail-idf.net\\\/blog\\\/#\\\/schema\\\/logo\\\/image\\\/\"}},{\"@type\":\"Person\",\"@id\":\"https:\\\/\\\/www.accidentdutravail-idf.net\\\/blog\\\/#\\\/schema\\\/person\\\/3255d2f970de45e64bd9201f38e7b947\",\"name\":\"Carlos Poulain\",\"image\":{\"@type\":\"ImageObject\",\"inLanguage\":\"fr-FR\",\"@id\":\"https:\\\/\\\/secure.gravatar.com\\\/avatar\\\/b1c2f9d3588e34e91adb093635df64ef4b2381991216be7576466cfcdca4baf3?s=96&d=mm&r=g\",\"url\":\"https:\\\/\\\/secure.gravatar.com\\\/avatar\\\/b1c2f9d3588e34e91adb093635df64ef4b2381991216be7576466cfcdca4baf3?s=96&d=mm&r=g\",\"contentUrl\":\"https:\\\/\\\/secure.gravatar.com\\\/avatar\\\/b1c2f9d3588e34e91adb093635df64ef4b2381991216be7576466cfcdca4baf3?s=96&d=mm&r=g\",\"caption\":\"Carlos Poulain\"},\"url\":\"https:\\\/\\\/www.accidentdutravail-idf.net\\\/blog\\\/author\\\/idfcarlos\\\/\"}]}<\/script>\n<!-- \/ Yoast SEO plugin. -->","yoast_head_json":{"title":"\"Malheureusement, rien ne me rendra ma vie d\u2019avant\" : les jambes bris\u00e9es, Nicolas se soigne encore deux ans apr\u00e8s son accident du travail - ACCIDENTDUTRAVAIL-IDF","description":"\"Malheureusement, rien ne me rendra ma vie d\u2019avant\" : les jambes bris\u00e9es, Nicolas se soigne encore deux ans apr\u00e8s son accident du travail article de ACCIDENTDUTRAVAIL-IDF","robots":{"index":"index","follow":"follow","max-snippet":"max-snippet:-1","max-image-preview":"max-image-preview:large","max-video-preview":"max-video-preview:-1"},"canonical":"https:\/\/www.accidentdutravail-idf.net\/blog\/malheureusement-rien-ne-me-rendra-ma-vie-davant-les-jambes-brisees-nicolas-se-soigne-encore-deux-ans-apres-son-accident-du-travail\/","og_locale":"fr_FR","og_type":"article","og_title":"\"Malheureusement, rien ne me rendra ma vie d\u2019avant\" : les jambes bris\u00e9es, Nicolas se soigne encore deux ans apr\u00e8s son accident du travail - ACCIDENTDUTRAVAIL-IDF","og_description":"\"Malheureusement, rien ne me rendra ma vie d\u2019avant\" : les jambes bris\u00e9es, Nicolas se soigne encore deux ans apr\u00e8s son accident du travail article de ACCIDENTDUTRAVAIL-IDF","og_url":"https:\/\/www.accidentdutravail-idf.net\/blog\/malheureusement-rien-ne-me-rendra-ma-vie-davant-les-jambes-brisees-nicolas-se-soigne-encore-deux-ans-apres-son-accident-du-travail\/","og_site_name":"ACCIDENTDUTRAVAIL-IDF","article_published_time":"2026-04-17T22:35:00+00:00","og_image":[{"url":"https:\/\/www.accidentdutravail-idf.net\/blog\/wp-content\/uploads\/2026\/04\/malheureusement-rien-ne-me-rendra-ma-vie-davant-les-jambes-brisees-nicolas-se-soigne-encore-deux-ans-apres-son-accident-du-travail.jpg","type":"","width":"","height":""}],"author":"Carlos Poulain","twitter_card":"summary_large_image","twitter_misc":{"\u00c9crit par":"Carlos Poulain","Dur\u00e9e de lecture estim\u00e9e":"5 minutes"},"schema":{"@context":"https:\/\/schema.org","@graph":[{"@type":"Article","@id":"https:\/\/www.accidentdutravail-idf.net\/blog\/malheureusement-rien-ne-me-rendra-ma-vie-davant-les-jambes-brisees-nicolas-se-soigne-encore-deux-ans-apres-son-accident-du-travail\/#article","isPartOf":{"@id":"https:\/\/www.accidentdutravail-idf.net\/blog\/malheureusement-rien-ne-me-rendra-ma-vie-davant-les-jambes-brisees-nicolas-se-soigne-encore-deux-ans-apres-son-accident-du-travail\/"},"author":{"name":"Carlos Poulain","@id":"https:\/\/www.accidentdutravail-idf.net\/blog\/#\/schema\/person\/3255d2f970de45e64bd9201f38e7b947"},"headline":"\u00ab\u00a0Malheureusement, rien ne me rendra ma vie d\u2019avant\u00a0\u00bb : les jambes bris\u00e9es, Nicolas se soigne encore deux ans apr\u00e8s son accident du travail","datePublished":"2026-04-17T22:35:00+00:00","mainEntityOfPage":{"@id":"https:\/\/www.accidentdutravail-idf.net\/blog\/malheureusement-rien-ne-me-rendra-ma-vie-davant-les-jambes-brisees-nicolas-se-soigne-encore-deux-ans-apres-son-accident-du-travail\/"},"wordCount":939,"publisher":{"@id":"https:\/\/www.accidentdutravail-idf.net\/blog\/#organization"},"image":{"@id":"https:\/\/www.accidentdutravail-idf.net\/blog\/malheureusement-rien-ne-me-rendra-ma-vie-davant-les-jambes-brisees-nicolas-se-soigne-encore-deux-ans-apres-son-accident-du-travail\/#primaryimage"},"thumbnailUrl":"https:\/\/www.accidentdutravail-idf.net\/blog\/wp-content\/uploads\/2026\/04\/malheureusement-rien-ne-me-rendra-ma-vie-davant-les-jambes-brisees-nicolas-se-soigne-encore-deux-ans-apres-son-accident-du-travail.jpg","articleSection":["S\u00e9curit\u00e9 Du Travail En Ile-De-France Et Divers:"],"inLanguage":"fr-FR"},{"@type":"WebPage","@id":"https:\/\/www.accidentdutravail-idf.net\/blog\/malheureusement-rien-ne-me-rendra-ma-vie-davant-les-jambes-brisees-nicolas-se-soigne-encore-deux-ans-apres-son-accident-du-travail\/","url":"https:\/\/www.accidentdutravail-idf.net\/blog\/malheureusement-rien-ne-me-rendra-ma-vie-davant-les-jambes-brisees-nicolas-se-soigne-encore-deux-ans-apres-son-accident-du-travail\/","name":"\"Malheureusement, rien ne me rendra ma vie d\u2019avant\" : les jambes bris\u00e9es, Nicolas se soigne encore deux ans apr\u00e8s son accident du travail - ACCIDENTDUTRAVAIL-IDF","isPartOf":{"@id":"https:\/\/www.accidentdutravail-idf.net\/blog\/#website"},"primaryImageOfPage":{"@id":"https:\/\/www.accidentdutravail-idf.net\/blog\/malheureusement-rien-ne-me-rendra-ma-vie-davant-les-jambes-brisees-nicolas-se-soigne-encore-deux-ans-apres-son-accident-du-travail\/#primaryimage"},"image":{"@id":"https:\/\/www.accidentdutravail-idf.net\/blog\/malheureusement-rien-ne-me-rendra-ma-vie-davant-les-jambes-brisees-nicolas-se-soigne-encore-deux-ans-apres-son-accident-du-travail\/#primaryimage"},"thumbnailUrl":"https:\/\/www.accidentdutravail-idf.net\/blog\/wp-content\/uploads\/2026\/04\/malheureusement-rien-ne-me-rendra-ma-vie-davant-les-jambes-brisees-nicolas-se-soigne-encore-deux-ans-apres-son-accident-du-travail.jpg","datePublished":"2026-04-17T22:35:00+00:00","description":"\"Malheureusement, rien ne me rendra ma vie d\u2019avant\" : les jambes bris\u00e9es, Nicolas se soigne encore deux ans apr\u00e8s son accident du travail article de ACCIDENTDUTRAVAIL-IDF","breadcrumb":{"@id":"https:\/\/www.accidentdutravail-idf.net\/blog\/malheureusement-rien-ne-me-rendra-ma-vie-davant-les-jambes-brisees-nicolas-se-soigne-encore-deux-ans-apres-son-accident-du-travail\/#breadcrumb"},"inLanguage":"fr-FR","potentialAction":[{"@type":"ReadAction","target":["https:\/\/www.accidentdutravail-idf.net\/blog\/malheureusement-rien-ne-me-rendra-ma-vie-davant-les-jambes-brisees-nicolas-se-soigne-encore-deux-ans-apres-son-accident-du-travail\/"]}]},{"@type":"ImageObject","inLanguage":"fr-FR","@id":"https:\/\/www.accidentdutravail-idf.net\/blog\/malheureusement-rien-ne-me-rendra-ma-vie-davant-les-jambes-brisees-nicolas-se-soigne-encore-deux-ans-apres-son-accident-du-travail\/#primaryimage","url":"https:\/\/www.accidentdutravail-idf.net\/blog\/wp-content\/uploads\/2026\/04\/malheureusement-rien-ne-me-rendra-ma-vie-davant-les-jambes-brisees-nicolas-se-soigne-encore-deux-ans-apres-son-accident-du-travail.jpg","contentUrl":"https:\/\/www.accidentdutravail-idf.net\/blog\/wp-content\/uploads\/2026\/04\/malheureusement-rien-ne-me-rendra-ma-vie-davant-les-jambes-brisees-nicolas-se-soigne-encore-deux-ans-apres-son-accident-du-travail.jpg"},{"@type":"BreadcrumbList","@id":"https:\/\/www.accidentdutravail-idf.net\/blog\/malheureusement-rien-ne-me-rendra-ma-vie-davant-les-jambes-brisees-nicolas-se-soigne-encore-deux-ans-apres-son-accident-du-travail\/#breadcrumb","itemListElement":[{"@type":"ListItem","position":1,"name":"Accueil","item":"https:\/\/www.accidentdutravail-idf.net\/blog\/"},{"@type":"ListItem","position":2,"name":"\u00ab\u00a0Malheureusement, rien ne me rendra ma vie d\u2019avant\u00a0\u00bb : les jambes bris\u00e9es, Nicolas se soigne encore deux ans apr\u00e8s son accident du travail"}]},{"@type":"WebSite","@id":"https:\/\/www.accidentdutravail-idf.net\/blog\/#website","url":"https:\/\/www.accidentdutravail-idf.net\/blog\/","name":"ACCIDENTDUTRAVAIL-IDF","description":"Portail accidents du travail-maladies professionnelles des entreprises d&#039;Ile-de-France","publisher":{"@id":"https:\/\/www.accidentdutravail-idf.net\/blog\/#organization"},"potentialAction":[{"@type":"SearchAction","target":{"@type":"EntryPoint","urlTemplate":"https:\/\/www.accidentdutravail-idf.net\/blog\/?s={search_term_string}"},"query-input":{"@type":"PropertyValueSpecification","valueRequired":true,"valueName":"search_term_string"}}],"inLanguage":"fr-FR"},{"@type":"Organization","@id":"https:\/\/www.accidentdutravail-idf.net\/blog\/#organization","name":"accidentdutravail-idf","url":"https:\/\/www.accidentdutravail-idf.net\/blog\/","logo":{"@type":"ImageObject","inLanguage":"fr-FR","@id":"https:\/\/www.accidentdutravail-idf.net\/blog\/#\/schema\/logo\/image\/","url":"https:\/\/www.accidentdutravail-idf.net\/blog\/wp-content\/uploads\/2022\/09\/logo-2.png","contentUrl":"https:\/\/www.accidentdutravail-idf.net\/blog\/wp-content\/uploads\/2022\/09\/logo-2.png","width":380,"height":291,"caption":"accidentdutravail-idf"},"image":{"@id":"https:\/\/www.accidentdutravail-idf.net\/blog\/#\/schema\/logo\/image\/"}},{"@type":"Person","@id":"https:\/\/www.accidentdutravail-idf.net\/blog\/#\/schema\/person\/3255d2f970de45e64bd9201f38e7b947","name":"Carlos Poulain","image":{"@type":"ImageObject","inLanguage":"fr-FR","@id":"https:\/\/secure.gravatar.com\/avatar\/b1c2f9d3588e34e91adb093635df64ef4b2381991216be7576466cfcdca4baf3?s=96&d=mm&r=g","url":"https:\/\/secure.gravatar.com\/avatar\/b1c2f9d3588e34e91adb093635df64ef4b2381991216be7576466cfcdca4baf3?s=96&d=mm&r=g","contentUrl":"https:\/\/secure.gravatar.com\/avatar\/b1c2f9d3588e34e91adb093635df64ef4b2381991216be7576466cfcdca4baf3?s=96&d=mm&r=g","caption":"Carlos Poulain"},"url":"https:\/\/www.accidentdutravail-idf.net\/blog\/author\/idfcarlos\/"}]}},"_links":{"self":[{"href":"https:\/\/www.accidentdutravail-idf.net\/blog\/wp-json\/wp\/v2\/posts\/2330","targetHints":{"allow":["GET"]}}],"collection":[{"href":"https:\/\/www.accidentdutravail-idf.net\/blog\/wp-json\/wp\/v2\/posts"}],"about":[{"href":"https:\/\/www.accidentdutravail-idf.net\/blog\/wp-json\/wp\/v2\/types\/post"}],"author":[{"embeddable":true,"href":"https:\/\/www.accidentdutravail-idf.net\/blog\/wp-json\/wp\/v2\/users\/2"}],"replies":[{"embeddable":true,"href":"https:\/\/www.accidentdutravail-idf.net\/blog\/wp-json\/wp\/v2\/comments?post=2330"}],"version-history":[{"count":0,"href":"https:\/\/www.accidentdutravail-idf.net\/blog\/wp-json\/wp\/v2\/posts\/2330\/revisions"}],"wp:attachment":[{"href":"https:\/\/www.accidentdutravail-idf.net\/blog\/wp-json\/wp\/v2\/media?parent=2330"}],"wp:term":[{"taxonomy":"category","embeddable":true,"href":"https:\/\/www.accidentdutravail-idf.net\/blog\/wp-json\/wp\/v2\/categories?post=2330"},{"taxonomy":"post_tag","embeddable":true,"href":"https:\/\/www.accidentdutravail-idf.net\/blog\/wp-json\/wp\/v2\/tags?post=2330"}],"curies":[{"name":"wp","href":"https:\/\/api.w.org\/{rel}","templated":true}]}}