{"id":2327,"date":"2026-04-16T11:04:00","date_gmt":"2026-04-16T09:04:00","guid":{"rendered":"https:\/\/www.accidentdutravail-idf.net\/blog\/victime-dun-accident-du-travail-et-reduit-en-esclavage-moderne-un-sans-papiers-fait-condamner-le-gerant-de-lentreprise-qui-lexploitait\/"},"modified":"2026-04-16T11:04:00","modified_gmt":"2026-04-16T09:04:00","slug":"victime-dun-accident-du-travail-et-reduit-en-esclavage-moderne-un-sans-papiers-fait-condamner-le-gerant-de-lentreprise-qui-lexploitait","status":"publish","type":"post","link":"https:\/\/www.accidentdutravail-idf.net\/blog\/victime-dun-accident-du-travail-et-reduit-en-esclavage-moderne-un-sans-papiers-fait-condamner-le-gerant-de-lentreprise-qui-lexploitait\/","title":{"rendered":"Victime d&rsquo;un accident du travail et r\u00e9duit en esclavage moderne, un sans-papiers fait condamner le g\u00e9rant de l&rsquo;entreprise qui l&rsquo;exploitait"},"content":{"rendered":"<div><img decoding=\"async\" src=\"https:\/\/www.accidentdutravail-idf.net\/blog\/wp-content\/uploads\/2026\/04\/victime-dun-accident-du-travail-et-reduit-en-esclavage-moderne-un-sans-papiers-fait-condamner-le-gerant-de-lentreprise-qui-lexploitait.jpg\" class=\"ff-og-image-inserted\"><\/div>\n<p>Il aura fallu un concours de circonstances tragiques pour que cette affaire voie le jour. Le 11&nbsp;mai 2021, un bloc de b\u00e9ton de plus d\u2019une tonne bascule sur Namory, un sans-papiers ivoirien employ\u00e9 dans <a href=\"https:\/\/www.humanite.fr\/social-et-economie\/jeux-olympiques-paris-2024\/travailleurs-sans-papiers-sur-les-chantiers-des-jeux-olympiques-ce-quil-faut-savoir-avant-le-proces-qui-souvre-lundi\" data-type=\"post\" data-id=\"3445356\" target=\"_blank\" rel=\"nofollow\">une soci\u00e9t\u00e9 de construction<\/a> sp\u00e9cialis\u00e9e dans la s\u00e9curit\u00e9. La partie gauche de son corps est \u00e9cras\u00e9e et, malgr\u00e9 l\u2019intervention des secours, il est amput\u00e9 de trois doigts.<\/p>\n<p>Drame personnel pour Namory, cet accident du travail marque la fin d\u2019<a href=\"https:\/\/www.humanite.fr\/social-et-economie\/agriculture\/dans-lagriculture-la-traite-des-etres-humains-bat-son-plein\" data-type=\"post\" data-id=\"3212688\" target=\"_blank\" rel=\"nofollow\">une situation d\u2019exploitation<\/a> qui durait depuis pr\u00e8s de deux ans. Entre 2019 et 2021, le jeune travailleur \u00e9tait log\u00e9 dans la \u00ab&nbsp;salle de pause&nbsp;\u00bb du hangar de l\u2019entreprise Barbel\u00e9 S\u00e9curit\u00e9. <\/p>\n<p>Un r\u00e9duit sans eau courante ni ventilation, expos\u00e9 aux all\u00e9es et venues des coll\u00e8gues. \u00c9cartel\u00e9 entre l\u2019espoir d\u2019\u00eatre r\u00e9gularis\u00e9 et la crainte d\u2019\u00eatre expuls\u00e9, il n\u2019avait os\u00e9 faire valoir ses droits et \u00e9tait devenu l\u2019homme \u00e0 tout faire de monsieur B, le patron de la PME.<\/p>\n<p>Mercredi 15&nbsp;avril, le tribunal correctionnel de Pontoise a reconnu ce dernier coupable de traite des \u00eatres humains, une atteinte grave \u00e0 la dignit\u00e9 humaine. Dans la minuscule salle d\u2019audience de la troisi\u00e8me chambre, les magistrats ont patiemment&#8230;<\/p>\n<p> accidentdutravail-idf.net vous a pr\u00e9par\u00e9 ce post qui informe du sujet \u00ab\u00a0Association Sportive Huisson-Longueville Essonne\u00a0\u00bb. La chronique se veut g\u00e9n\u00e9r\u00e9e du mieux possible. Vous pouvez utiliser les coordonn\u00e9es indiqu\u00e9es sur le site dans le but d\u2019apporter des explications sur ce post qui parle du th\u00e8me \u00ab\u00a0Association Sportive Huisson-Longueville Essonne\u00a0\u00bb. Le site accidentdutravail-idf.net a pour but de fournir diverses publications sur la th\u00e9matique Association Sportive Huisson-Longueville Essonne diffus\u00e9es sur le net. Il y aura plusieurs articles autour du sujet \u00ab\u00a0Association Sportive Huisson-Longueville Essonne\u00a0\u00bb dans quelques jours, nous vous invitons \u00e0 naviguer sur notre site web \u00e0 plusieurs reprises.<\/p>\n","protected":false},"excerpt":{"rendered":"<p>Il aura fallu un concours de circonstances tragiques pour que cette affaire voie le jour. Le 11&nbsp;mai 2021, un bloc de b\u00e9ton de plus d\u2019une tonne bascule sur Namory, un sans-papiers ivoirien employ\u00e9 dans une soci\u00e9t\u00e9 de construction sp\u00e9cialis\u00e9e dans la s\u00e9curit\u00e9. La partie gauche de son corps est \u00e9cras\u00e9e et, malgr\u00e9 l\u2019intervention des secours, &hellip; <\/p>\n<p class=\"link-more\"><a href=\"https:\/\/www.accidentdutravail-idf.net\/blog\/victime-dun-accident-du-travail-et-reduit-en-esclavage-moderne-un-sans-papiers-fait-condamner-le-gerant-de-lentreprise-qui-lexploitait\/\" class=\"more-link\">Continuer la lecture <span class=\"screen-reader-text\"> \u00ab\u00a0Victime d&rsquo;un accident du travail et r\u00e9duit en esclavage moderne, un sans-papiers fait condamner le g\u00e9rant de l&rsquo;entreprise qui l&rsquo;exploitait\u00a0\u00bb<\/span><\/a><\/p>\n","protected":false},"author":2,"featured_media":0,"comment_status":"closed","ping_status":"closed","sticky":false,"template":"","format":"standard","meta":{"footnotes":""},"categories":[5],"tags":[],"class_list":["post-2327","post","type-post","status-publish","format-standard","hentry","category-securite-du-travail-en-ile-de-france-et-divers","entry"],"yoast_head":"<!-- This site is optimized with the Yoast SEO plugin v27.5 - https:\/\/yoast.com\/product\/yoast-seo-wordpress\/ -->\n<title>Victime d&#039;un accident du travail et r\u00e9duit en esclavage moderne, un sans-papiers fait condamner le g\u00e9rant de l&#039;entreprise qui l&#039;exploitait - ACCIDENTDUTRAVAIL-IDF<\/title>\n<meta name=\"description\" content=\"Victime d&#039;un accident du travail et r\u00e9duit en esclavage moderne, un sans-papiers fait condamner le g\u00e9rant de l&#039;entreprise qui l&#039;exploitait article de ACCIDENTDUTRAVAIL-IDF\" \/>\n<meta name=\"robots\" content=\"index, follow, max-snippet:-1, max-image-preview:large, max-video-preview:-1\" \/>\n<link rel=\"canonical\" href=\"https:\/\/www.accidentdutravail-idf.net\/blog\/victime-dun-accident-du-travail-et-reduit-en-esclavage-moderne-un-sans-papiers-fait-condamner-le-gerant-de-lentreprise-qui-lexploitait\/\" \/>\n<meta property=\"og:locale\" content=\"fr_FR\" \/>\n<meta property=\"og:type\" content=\"article\" \/>\n<meta property=\"og:title\" content=\"Victime d&#039;un accident du travail et r\u00e9duit en esclavage moderne, un sans-papiers fait condamner le g\u00e9rant de l&#039;entreprise qui l&#039;exploitait - ACCIDENTDUTRAVAIL-IDF\" \/>\n<meta property=\"og:description\" content=\"Victime d&#039;un accident du travail et r\u00e9duit en esclavage moderne, un sans-papiers fait condamner le g\u00e9rant de l&#039;entreprise qui l&#039;exploitait article de ACCIDENTDUTRAVAIL-IDF\" \/>\n<meta property=\"og:url\" content=\"https:\/\/www.accidentdutravail-idf.net\/blog\/victime-dun-accident-du-travail-et-reduit-en-esclavage-moderne-un-sans-papiers-fait-condamner-le-gerant-de-lentreprise-qui-lexploitait\/\" \/>\n<meta property=\"og:site_name\" content=\"ACCIDENTDUTRAVAIL-IDF\" \/>\n<meta property=\"article:published_time\" content=\"2026-04-16T09:04:00+00:00\" \/>\n<meta property=\"og:image\" content=\"https:\/\/www.accidentdutravail-idf.net\/blog\/wp-content\/uploads\/2026\/04\/victime-dun-accident-du-travail-et-reduit-en-esclavage-moderne-un-sans-papiers-fait-condamner-le-gerant-de-lentreprise-qui-lexploitait.jpg\" \/>\n<meta name=\"author\" content=\"Carlos Poulain\" \/>\n<meta name=\"twitter:card\" content=\"summary_large_image\" \/>\n<meta name=\"twitter:label1\" content=\"\u00c9crit par\" \/>\n\t<meta name=\"twitter:data1\" content=\"Carlos Poulain\" \/>\n\t<meta name=\"twitter:label2\" content=\"Dur\u00e9e de lecture estim\u00e9e\" \/>\n\t<meta name=\"twitter:data2\" content=\"2 minutes\" \/>\n<script type=\"application\/ld+json\" class=\"yoast-schema-graph\">{\"@context\":\"https:\\\/\\\/schema.org\",\"@graph\":[{\"@type\":\"Article\",\"@id\":\"https:\\\/\\\/www.accidentdutravail-idf.net\\\/blog\\\/victime-dun-accident-du-travail-et-reduit-en-esclavage-moderne-un-sans-papiers-fait-condamner-le-gerant-de-lentreprise-qui-lexploitait\\\/#article\",\"isPartOf\":{\"@id\":\"https:\\\/\\\/www.accidentdutravail-idf.net\\\/blog\\\/victime-dun-accident-du-travail-et-reduit-en-esclavage-moderne-un-sans-papiers-fait-condamner-le-gerant-de-lentreprise-qui-lexploitait\\\/\"},\"author\":{\"name\":\"Carlos Poulain\",\"@id\":\"https:\\\/\\\/www.accidentdutravail-idf.net\\\/blog\\\/#\\\/schema\\\/person\\\/3255d2f970de45e64bd9201f38e7b947\"},\"headline\":\"Victime d&rsquo;un accident du travail et r\u00e9duit en esclavage moderne, un sans-papiers fait condamner le g\u00e9rant de l&rsquo;entreprise qui l&rsquo;exploitait\",\"datePublished\":\"2026-04-16T09:04:00+00:00\",\"mainEntityOfPage\":{\"@id\":\"https:\\\/\\\/www.accidentdutravail-idf.net\\\/blog\\\/victime-dun-accident-du-travail-et-reduit-en-esclavage-moderne-un-sans-papiers-fait-condamner-le-gerant-de-lentreprise-qui-lexploitait\\\/\"},\"wordCount\":336,\"publisher\":{\"@id\":\"https:\\\/\\\/www.accidentdutravail-idf.net\\\/blog\\\/#organization\"},\"image\":{\"@id\":\"https:\\\/\\\/www.accidentdutravail-idf.net\\\/blog\\\/victime-dun-accident-du-travail-et-reduit-en-esclavage-moderne-un-sans-papiers-fait-condamner-le-gerant-de-lentreprise-qui-lexploitait\\\/#primaryimage\"},\"thumbnailUrl\":\"https:\\\/\\\/www.accidentdutravail-idf.net\\\/blog\\\/wp-content\\\/uploads\\\/2026\\\/04\\\/victime-dun-accident-du-travail-et-reduit-en-esclavage-moderne-un-sans-papiers-fait-condamner-le-gerant-de-lentreprise-qui-lexploitait.jpg\",\"articleSection\":[\"S\u00e9curit\u00e9 Du Travail En Ile-De-France Et Divers:\"],\"inLanguage\":\"fr-FR\"},{\"@type\":\"WebPage\",\"@id\":\"https:\\\/\\\/www.accidentdutravail-idf.net\\\/blog\\\/victime-dun-accident-du-travail-et-reduit-en-esclavage-moderne-un-sans-papiers-fait-condamner-le-gerant-de-lentreprise-qui-lexploitait\\\/\",\"url\":\"https:\\\/\\\/www.accidentdutravail-idf.net\\\/blog\\\/victime-dun-accident-du-travail-et-reduit-en-esclavage-moderne-un-sans-papiers-fait-condamner-le-gerant-de-lentreprise-qui-lexploitait\\\/\",\"name\":\"Victime d'un accident du travail et r\u00e9duit en esclavage moderne, un sans-papiers fait condamner le g\u00e9rant de l'entreprise qui l'exploitait - ACCIDENTDUTRAVAIL-IDF\",\"isPartOf\":{\"@id\":\"https:\\\/\\\/www.accidentdutravail-idf.net\\\/blog\\\/#website\"},\"primaryImageOfPage\":{\"@id\":\"https:\\\/\\\/www.accidentdutravail-idf.net\\\/blog\\\/victime-dun-accident-du-travail-et-reduit-en-esclavage-moderne-un-sans-papiers-fait-condamner-le-gerant-de-lentreprise-qui-lexploitait\\\/#primaryimage\"},\"image\":{\"@id\":\"https:\\\/\\\/www.accidentdutravail-idf.net\\\/blog\\\/victime-dun-accident-du-travail-et-reduit-en-esclavage-moderne-un-sans-papiers-fait-condamner-le-gerant-de-lentreprise-qui-lexploitait\\\/#primaryimage\"},\"thumbnailUrl\":\"https:\\\/\\\/www.accidentdutravail-idf.net\\\/blog\\\/wp-content\\\/uploads\\\/2026\\\/04\\\/victime-dun-accident-du-travail-et-reduit-en-esclavage-moderne-un-sans-papiers-fait-condamner-le-gerant-de-lentreprise-qui-lexploitait.jpg\",\"datePublished\":\"2026-04-16T09:04:00+00:00\",\"description\":\"Victime d'un accident du travail et r\u00e9duit en esclavage moderne, un sans-papiers fait condamner le g\u00e9rant de l'entreprise qui l'exploitait article de ACCIDENTDUTRAVAIL-IDF\",\"breadcrumb\":{\"@id\":\"https:\\\/\\\/www.accidentdutravail-idf.net\\\/blog\\\/victime-dun-accident-du-travail-et-reduit-en-esclavage-moderne-un-sans-papiers-fait-condamner-le-gerant-de-lentreprise-qui-lexploitait\\\/#breadcrumb\"},\"inLanguage\":\"fr-FR\",\"potentialAction\":[{\"@type\":\"ReadAction\",\"target\":[\"https:\\\/\\\/www.accidentdutravail-idf.net\\\/blog\\\/victime-dun-accident-du-travail-et-reduit-en-esclavage-moderne-un-sans-papiers-fait-condamner-le-gerant-de-lentreprise-qui-lexploitait\\\/\"]}]},{\"@type\":\"ImageObject\",\"inLanguage\":\"fr-FR\",\"@id\":\"https:\\\/\\\/www.accidentdutravail-idf.net\\\/blog\\\/victime-dun-accident-du-travail-et-reduit-en-esclavage-moderne-un-sans-papiers-fait-condamner-le-gerant-de-lentreprise-qui-lexploitait\\\/#primaryimage\",\"url\":\"https:\\\/\\\/www.accidentdutravail-idf.net\\\/blog\\\/wp-content\\\/uploads\\\/2026\\\/04\\\/victime-dun-accident-du-travail-et-reduit-en-esclavage-moderne-un-sans-papiers-fait-condamner-le-gerant-de-lentreprise-qui-lexploitait.jpg\",\"contentUrl\":\"https:\\\/\\\/www.accidentdutravail-idf.net\\\/blog\\\/wp-content\\\/uploads\\\/2026\\\/04\\\/victime-dun-accident-du-travail-et-reduit-en-esclavage-moderne-un-sans-papiers-fait-condamner-le-gerant-de-lentreprise-qui-lexploitait.jpg\"},{\"@type\":\"BreadcrumbList\",\"@id\":\"https:\\\/\\\/www.accidentdutravail-idf.net\\\/blog\\\/victime-dun-accident-du-travail-et-reduit-en-esclavage-moderne-un-sans-papiers-fait-condamner-le-gerant-de-lentreprise-qui-lexploitait\\\/#breadcrumb\",\"itemListElement\":[{\"@type\":\"ListItem\",\"position\":1,\"name\":\"Accueil\",\"item\":\"https:\\\/\\\/www.accidentdutravail-idf.net\\\/blog\\\/\"},{\"@type\":\"ListItem\",\"position\":2,\"name\":\"Victime d&rsquo;un accident du travail et r\u00e9duit en esclavage moderne, un sans-papiers fait condamner le g\u00e9rant de l&rsquo;entreprise qui l&rsquo;exploitait\"}]},{\"@type\":\"WebSite\",\"@id\":\"https:\\\/\\\/www.accidentdutravail-idf.net\\\/blog\\\/#website\",\"url\":\"https:\\\/\\\/www.accidentdutravail-idf.net\\\/blog\\\/\",\"name\":\"ACCIDENTDUTRAVAIL-IDF\",\"description\":\"Portail accidents du travail-maladies professionnelles des entreprises d&#039;Ile-de-France\",\"publisher\":{\"@id\":\"https:\\\/\\\/www.accidentdutravail-idf.net\\\/blog\\\/#organization\"},\"potentialAction\":[{\"@type\":\"SearchAction\",\"target\":{\"@type\":\"EntryPoint\",\"urlTemplate\":\"https:\\\/\\\/www.accidentdutravail-idf.net\\\/blog\\\/?s={search_term_string}\"},\"query-input\":{\"@type\":\"PropertyValueSpecification\",\"valueRequired\":true,\"valueName\":\"search_term_string\"}}],\"inLanguage\":\"fr-FR\"},{\"@type\":\"Organization\",\"@id\":\"https:\\\/\\\/www.accidentdutravail-idf.net\\\/blog\\\/#organization\",\"name\":\"accidentdutravail-idf\",\"url\":\"https:\\\/\\\/www.accidentdutravail-idf.net\\\/blog\\\/\",\"logo\":{\"@type\":\"ImageObject\",\"inLanguage\":\"fr-FR\",\"@id\":\"https:\\\/\\\/www.accidentdutravail-idf.net\\\/blog\\\/#\\\/schema\\\/logo\\\/image\\\/\",\"url\":\"https:\\\/\\\/www.accidentdutravail-idf.net\\\/blog\\\/wp-content\\\/uploads\\\/2022\\\/09\\\/logo-2.png\",\"contentUrl\":\"https:\\\/\\\/www.accidentdutravail-idf.net\\\/blog\\\/wp-content\\\/uploads\\\/2022\\\/09\\\/logo-2.png\",\"width\":380,\"height\":291,\"caption\":\"accidentdutravail-idf\"},\"image\":{\"@id\":\"https:\\\/\\\/www.accidentdutravail-idf.net\\\/blog\\\/#\\\/schema\\\/logo\\\/image\\\/\"}},{\"@type\":\"Person\",\"@id\":\"https:\\\/\\\/www.accidentdutravail-idf.net\\\/blog\\\/#\\\/schema\\\/person\\\/3255d2f970de45e64bd9201f38e7b947\",\"name\":\"Carlos Poulain\",\"image\":{\"@type\":\"ImageObject\",\"inLanguage\":\"fr-FR\",\"@id\":\"https:\\\/\\\/secure.gravatar.com\\\/avatar\\\/b1c2f9d3588e34e91adb093635df64ef4b2381991216be7576466cfcdca4baf3?s=96&d=mm&r=g\",\"url\":\"https:\\\/\\\/secure.gravatar.com\\\/avatar\\\/b1c2f9d3588e34e91adb093635df64ef4b2381991216be7576466cfcdca4baf3?s=96&d=mm&r=g\",\"contentUrl\":\"https:\\\/\\\/secure.gravatar.com\\\/avatar\\\/b1c2f9d3588e34e91adb093635df64ef4b2381991216be7576466cfcdca4baf3?s=96&d=mm&r=g\",\"caption\":\"Carlos Poulain\"},\"url\":\"https:\\\/\\\/www.accidentdutravail-idf.net\\\/blog\\\/author\\\/idfcarlos\\\/\"}]}<\/script>\n<!-- \/ Yoast SEO plugin. -->","yoast_head_json":{"title":"Victime d'un accident du travail et r\u00e9duit en esclavage moderne, un sans-papiers fait condamner le g\u00e9rant de l'entreprise qui l'exploitait - ACCIDENTDUTRAVAIL-IDF","description":"Victime d'un accident du travail et r\u00e9duit en esclavage moderne, un sans-papiers fait condamner le g\u00e9rant de l'entreprise qui l'exploitait article de ACCIDENTDUTRAVAIL-IDF","robots":{"index":"index","follow":"follow","max-snippet":"max-snippet:-1","max-image-preview":"max-image-preview:large","max-video-preview":"max-video-preview:-1"},"canonical":"https:\/\/www.accidentdutravail-idf.net\/blog\/victime-dun-accident-du-travail-et-reduit-en-esclavage-moderne-un-sans-papiers-fait-condamner-le-gerant-de-lentreprise-qui-lexploitait\/","og_locale":"fr_FR","og_type":"article","og_title":"Victime d'un accident du travail et r\u00e9duit en esclavage moderne, un sans-papiers fait condamner le g\u00e9rant de l'entreprise qui l'exploitait - ACCIDENTDUTRAVAIL-IDF","og_description":"Victime d'un accident du travail et r\u00e9duit en esclavage moderne, un sans-papiers fait condamner le g\u00e9rant de l'entreprise qui l'exploitait article de ACCIDENTDUTRAVAIL-IDF","og_url":"https:\/\/www.accidentdutravail-idf.net\/blog\/victime-dun-accident-du-travail-et-reduit-en-esclavage-moderne-un-sans-papiers-fait-condamner-le-gerant-de-lentreprise-qui-lexploitait\/","og_site_name":"ACCIDENTDUTRAVAIL-IDF","article_published_time":"2026-04-16T09:04:00+00:00","og_image":[{"url":"https:\/\/www.accidentdutravail-idf.net\/blog\/wp-content\/uploads\/2026\/04\/victime-dun-accident-du-travail-et-reduit-en-esclavage-moderne-un-sans-papiers-fait-condamner-le-gerant-de-lentreprise-qui-lexploitait.jpg","type":"","width":"","height":""}],"author":"Carlos Poulain","twitter_card":"summary_large_image","twitter_misc":{"\u00c9crit par":"Carlos Poulain","Dur\u00e9e de lecture estim\u00e9e":"2 minutes"},"schema":{"@context":"https:\/\/schema.org","@graph":[{"@type":"Article","@id":"https:\/\/www.accidentdutravail-idf.net\/blog\/victime-dun-accident-du-travail-et-reduit-en-esclavage-moderne-un-sans-papiers-fait-condamner-le-gerant-de-lentreprise-qui-lexploitait\/#article","isPartOf":{"@id":"https:\/\/www.accidentdutravail-idf.net\/blog\/victime-dun-accident-du-travail-et-reduit-en-esclavage-moderne-un-sans-papiers-fait-condamner-le-gerant-de-lentreprise-qui-lexploitait\/"},"author":{"name":"Carlos Poulain","@id":"https:\/\/www.accidentdutravail-idf.net\/blog\/#\/schema\/person\/3255d2f970de45e64bd9201f38e7b947"},"headline":"Victime d&rsquo;un accident du travail et r\u00e9duit en esclavage moderne, un sans-papiers fait condamner le g\u00e9rant de l&rsquo;entreprise qui l&rsquo;exploitait","datePublished":"2026-04-16T09:04:00+00:00","mainEntityOfPage":{"@id":"https:\/\/www.accidentdutravail-idf.net\/blog\/victime-dun-accident-du-travail-et-reduit-en-esclavage-moderne-un-sans-papiers-fait-condamner-le-gerant-de-lentreprise-qui-lexploitait\/"},"wordCount":336,"publisher":{"@id":"https:\/\/www.accidentdutravail-idf.net\/blog\/#organization"},"image":{"@id":"https:\/\/www.accidentdutravail-idf.net\/blog\/victime-dun-accident-du-travail-et-reduit-en-esclavage-moderne-un-sans-papiers-fait-condamner-le-gerant-de-lentreprise-qui-lexploitait\/#primaryimage"},"thumbnailUrl":"https:\/\/www.accidentdutravail-idf.net\/blog\/wp-content\/uploads\/2026\/04\/victime-dun-accident-du-travail-et-reduit-en-esclavage-moderne-un-sans-papiers-fait-condamner-le-gerant-de-lentreprise-qui-lexploitait.jpg","articleSection":["S\u00e9curit\u00e9 Du Travail En Ile-De-France Et Divers:"],"inLanguage":"fr-FR"},{"@type":"WebPage","@id":"https:\/\/www.accidentdutravail-idf.net\/blog\/victime-dun-accident-du-travail-et-reduit-en-esclavage-moderne-un-sans-papiers-fait-condamner-le-gerant-de-lentreprise-qui-lexploitait\/","url":"https:\/\/www.accidentdutravail-idf.net\/blog\/victime-dun-accident-du-travail-et-reduit-en-esclavage-moderne-un-sans-papiers-fait-condamner-le-gerant-de-lentreprise-qui-lexploitait\/","name":"Victime d'un accident du travail et r\u00e9duit en esclavage moderne, un sans-papiers fait condamner le g\u00e9rant de l'entreprise qui l'exploitait - ACCIDENTDUTRAVAIL-IDF","isPartOf":{"@id":"https:\/\/www.accidentdutravail-idf.net\/blog\/#website"},"primaryImageOfPage":{"@id":"https:\/\/www.accidentdutravail-idf.net\/blog\/victime-dun-accident-du-travail-et-reduit-en-esclavage-moderne-un-sans-papiers-fait-condamner-le-gerant-de-lentreprise-qui-lexploitait\/#primaryimage"},"image":{"@id":"https:\/\/www.accidentdutravail-idf.net\/blog\/victime-dun-accident-du-travail-et-reduit-en-esclavage-moderne-un-sans-papiers-fait-condamner-le-gerant-de-lentreprise-qui-lexploitait\/#primaryimage"},"thumbnailUrl":"https:\/\/www.accidentdutravail-idf.net\/blog\/wp-content\/uploads\/2026\/04\/victime-dun-accident-du-travail-et-reduit-en-esclavage-moderne-un-sans-papiers-fait-condamner-le-gerant-de-lentreprise-qui-lexploitait.jpg","datePublished":"2026-04-16T09:04:00+00:00","description":"Victime d'un accident du travail et r\u00e9duit en esclavage moderne, un sans-papiers fait condamner le g\u00e9rant de l'entreprise qui l'exploitait article de ACCIDENTDUTRAVAIL-IDF","breadcrumb":{"@id":"https:\/\/www.accidentdutravail-idf.net\/blog\/victime-dun-accident-du-travail-et-reduit-en-esclavage-moderne-un-sans-papiers-fait-condamner-le-gerant-de-lentreprise-qui-lexploitait\/#breadcrumb"},"inLanguage":"fr-FR","potentialAction":[{"@type":"ReadAction","target":["https:\/\/www.accidentdutravail-idf.net\/blog\/victime-dun-accident-du-travail-et-reduit-en-esclavage-moderne-un-sans-papiers-fait-condamner-le-gerant-de-lentreprise-qui-lexploitait\/"]}]},{"@type":"ImageObject","inLanguage":"fr-FR","@id":"https:\/\/www.accidentdutravail-idf.net\/blog\/victime-dun-accident-du-travail-et-reduit-en-esclavage-moderne-un-sans-papiers-fait-condamner-le-gerant-de-lentreprise-qui-lexploitait\/#primaryimage","url":"https:\/\/www.accidentdutravail-idf.net\/blog\/wp-content\/uploads\/2026\/04\/victime-dun-accident-du-travail-et-reduit-en-esclavage-moderne-un-sans-papiers-fait-condamner-le-gerant-de-lentreprise-qui-lexploitait.jpg","contentUrl":"https:\/\/www.accidentdutravail-idf.net\/blog\/wp-content\/uploads\/2026\/04\/victime-dun-accident-du-travail-et-reduit-en-esclavage-moderne-un-sans-papiers-fait-condamner-le-gerant-de-lentreprise-qui-lexploitait.jpg"},{"@type":"BreadcrumbList","@id":"https:\/\/www.accidentdutravail-idf.net\/blog\/victime-dun-accident-du-travail-et-reduit-en-esclavage-moderne-un-sans-papiers-fait-condamner-le-gerant-de-lentreprise-qui-lexploitait\/#breadcrumb","itemListElement":[{"@type":"ListItem","position":1,"name":"Accueil","item":"https:\/\/www.accidentdutravail-idf.net\/blog\/"},{"@type":"ListItem","position":2,"name":"Victime d&rsquo;un accident du travail et r\u00e9duit en esclavage moderne, un sans-papiers fait condamner le g\u00e9rant de l&rsquo;entreprise qui l&rsquo;exploitait"}]},{"@type":"WebSite","@id":"https:\/\/www.accidentdutravail-idf.net\/blog\/#website","url":"https:\/\/www.accidentdutravail-idf.net\/blog\/","name":"ACCIDENTDUTRAVAIL-IDF","description":"Portail accidents du travail-maladies professionnelles des entreprises d&#039;Ile-de-France","publisher":{"@id":"https:\/\/www.accidentdutravail-idf.net\/blog\/#organization"},"potentialAction":[{"@type":"SearchAction","target":{"@type":"EntryPoint","urlTemplate":"https:\/\/www.accidentdutravail-idf.net\/blog\/?s={search_term_string}"},"query-input":{"@type":"PropertyValueSpecification","valueRequired":true,"valueName":"search_term_string"}}],"inLanguage":"fr-FR"},{"@type":"Organization","@id":"https:\/\/www.accidentdutravail-idf.net\/blog\/#organization","name":"accidentdutravail-idf","url":"https:\/\/www.accidentdutravail-idf.net\/blog\/","logo":{"@type":"ImageObject","inLanguage":"fr-FR","@id":"https:\/\/www.accidentdutravail-idf.net\/blog\/#\/schema\/logo\/image\/","url":"https:\/\/www.accidentdutravail-idf.net\/blog\/wp-content\/uploads\/2022\/09\/logo-2.png","contentUrl":"https:\/\/www.accidentdutravail-idf.net\/blog\/wp-content\/uploads\/2022\/09\/logo-2.png","width":380,"height":291,"caption":"accidentdutravail-idf"},"image":{"@id":"https:\/\/www.accidentdutravail-idf.net\/blog\/#\/schema\/logo\/image\/"}},{"@type":"Person","@id":"https:\/\/www.accidentdutravail-idf.net\/blog\/#\/schema\/person\/3255d2f970de45e64bd9201f38e7b947","name":"Carlos Poulain","image":{"@type":"ImageObject","inLanguage":"fr-FR","@id":"https:\/\/secure.gravatar.com\/avatar\/b1c2f9d3588e34e91adb093635df64ef4b2381991216be7576466cfcdca4baf3?s=96&d=mm&r=g","url":"https:\/\/secure.gravatar.com\/avatar\/b1c2f9d3588e34e91adb093635df64ef4b2381991216be7576466cfcdca4baf3?s=96&d=mm&r=g","contentUrl":"https:\/\/secure.gravatar.com\/avatar\/b1c2f9d3588e34e91adb093635df64ef4b2381991216be7576466cfcdca4baf3?s=96&d=mm&r=g","caption":"Carlos Poulain"},"url":"https:\/\/www.accidentdutravail-idf.net\/blog\/author\/idfcarlos\/"}]}},"_links":{"self":[{"href":"https:\/\/www.accidentdutravail-idf.net\/blog\/wp-json\/wp\/v2\/posts\/2327","targetHints":{"allow":["GET"]}}],"collection":[{"href":"https:\/\/www.accidentdutravail-idf.net\/blog\/wp-json\/wp\/v2\/posts"}],"about":[{"href":"https:\/\/www.accidentdutravail-idf.net\/blog\/wp-json\/wp\/v2\/types\/post"}],"author":[{"embeddable":true,"href":"https:\/\/www.accidentdutravail-idf.net\/blog\/wp-json\/wp\/v2\/users\/2"}],"replies":[{"embeddable":true,"href":"https:\/\/www.accidentdutravail-idf.net\/blog\/wp-json\/wp\/v2\/comments?post=2327"}],"version-history":[{"count":0,"href":"https:\/\/www.accidentdutravail-idf.net\/blog\/wp-json\/wp\/v2\/posts\/2327\/revisions"}],"wp:attachment":[{"href":"https:\/\/www.accidentdutravail-idf.net\/blog\/wp-json\/wp\/v2\/media?parent=2327"}],"wp:term":[{"taxonomy":"category","embeddable":true,"href":"https:\/\/www.accidentdutravail-idf.net\/blog\/wp-json\/wp\/v2\/categories?post=2327"},{"taxonomy":"post_tag","embeddable":true,"href":"https:\/\/www.accidentdutravail-idf.net\/blog\/wp-json\/wp\/v2\/tags?post=2327"}],"curies":[{"name":"wp","href":"https:\/\/api.w.org\/{rel}","templated":true}]}}