{"id":2325,"date":"2026-04-13T23:27:00","date_gmt":"2026-04-13T21:27:00","guid":{"rendered":"https:\/\/www.accidentdutravail-idf.net\/blog\/chute-dune-grue-a-combs-la-ville-linspection-du-travail-avait-signale-un-probleme-juste-avant-laccident\/"},"modified":"2026-04-13T23:27:00","modified_gmt":"2026-04-13T21:27:00","slug":"chute-dune-grue-a-combs-la-ville-linspection-du-travail-avait-signale-un-probleme-juste-avant-laccident","status":"publish","type":"post","link":"https:\/\/www.accidentdutravail-idf.net\/blog\/chute-dune-grue-a-combs-la-ville-linspection-du-travail-avait-signale-un-probleme-juste-avant-laccident\/","title":{"rendered":"Chute d&rsquo;une grue \u00e0 Combs-la-Ville : l&rsquo;inspection du travail avait signal\u00e9 un probl\u00e8me juste avant l&rsquo;accident"},"content":{"rendered":"<div class=\"ac-article-date\"> Par <strong> <a href=\"https:\/\/actu.fr\/auteur\/julien-vancaeyseele\" title=\"Consulter tous les articles de Julien Van Caeyseele\" target=\"_blank\" rel=\"nofollow\">Julien Van Caeyseele<\/a> <\/strong> <span> Publi\u00e9 le <time datetime=\"2026-04-14T09:18:53+02:00\"> 14 avr. 2026 \u00e0 9h18 <\/time> ; mis \u00e0 jour le 14 avr. 2026 \u00e0 13h16 <\/span>\n<\/div>\n<div class=\"ac-article-actions\"> <button type=\"button\" class=\"ac-btn ac-btn--round ac-btn--border-gray ac-btn--bookmark\" data-trk=\"{&quot;cta&quot;:{&quot;action&quot;:&quot;&quot;,&quot;category&quot;:&quot;mon compte&quot;,&quot;from&quot;:&quot;article actions&quot;,&quot;name&quot;:&quot;Voir mes articles enregistr\\u00e9s&quot;,&quot;type&quot;:&quot;cta&quot;}}\" title=\"Enregistrer l'article\" aria-label=\"Enregistrer l'article\" aria-controls=\"bookmark\" aria-expanded=\"false\"> <span class=\"sr\">Enregistrer<\/span> <\/button> <button type=\"button\" class=\"ac-btn ac-btn--round ac-btn--border-gray ac-btn--share\" data-trk=\"{&quot;menu&quot;:{&quot;name&quot;:&quot;Partager&quot;,&quot;from&quot;:&quot;D\\u00e9but article&quot;}}\" title=\"Partager l'article\" aria-controls=\"share\" aria-expanded=\"false\" aria-label=\"Partager\"> <span class=\"sr\">Partager<\/span> <\/button> <\/div>\n<p>Selon le maire <a href=\"https:\/\/actu.fr\/ile-de-france\/combs-la-ville_77122\" target=\"_blank\" rel=\"nofollow\">de Combs-la-Ville <\/a>(<b>Seine-et-Marne<\/b>), \u00ab\u2009tous les contr\u00f4les n\u00e9cessaires avaient \u00e9t\u00e9 faits concernant l\u2019installation de cette grue\u2009\u00bb\u2026 Mais il semble que des recommandations donn\u00e9es le jour m\u00eame de l\u2019accident n\u2019aient pas \u00e9t\u00e9 suffisamment&nbsp; suivies\u2026 Une enqu\u00eate pour <b>mise en danger de la vie d\u2019autrui <\/b>a \u00e9t\u00e9 ouverte, ce lundi 13 avril 2026, apr\u00e8s la <b>chute de la fl\u00e8che d\u2019une grue de chantier<\/b>, <a href=\"https:\/\/actu.fr\/ile-de-france\/combs-la-ville_77122\/accident-en-seine-et-marne-une-grue-seffondre-sur-des-maisons-une-maman-et-son-bebe-saines-et-sauves_64135587.html\" target=\"_blank\" rel=\"nofollow\">qui s\u2019est effondr\u00e9e sur deux pavillons de Combs-la-Ville.<\/a> Si spectaculaire soit l\u2019accident, il n\u2019y a heureusement pas eu de bless\u00e9, mais il appara\u00eet que l\u2019accident aurait peut-\u00eatre pu \u00eatre \u00e9vit\u00e9\u2026<\/p>\n<div class=\"ac-article-to-read wall-content\">\n<p>\u00c0 lire aussi<\/p>\n<\/div>\n<h2 class=\" wall-content\">Chute de la grue \u00e0 Combs-la-Ville\u2009: une enqu\u00eate de police ouverte<\/h2>\n<p class=\" wall-content\">\u00ab\u2009L\u2019inspection du travail \u00e9tait pass\u00e9e sur le chantier quelques heures avant la chute de la grue pour un tout autre sujet, mais avait fait la remarque du <b>manque de stabilit\u00e9 du camion <\/b>qui devait proc\u00e9der au d\u00e9montage de la grue\u2009\u00bb, indique une source proche du dossier. Les investigations devront permettre de comprendre si des ajustements ont bien \u00e9t\u00e9 r\u00e9alis\u00e9s apr\u00e8s ce signalement et pourquoi \u2013 si c\u2019est le cas \u2013 ils n\u2019ont pas \u00e9t\u00e9 suffisants.<\/p>\n<figure class=\"ac-article-content__figure wall-content\">\n<div class=\"ac-article-content__img\"> <img decoding=\"async\" loading=\"lazy\" class=\"size-large\" src=\"https:\/\/www.accidentdutravail-idf.net\/blog\/wp-content\/uploads\/2026\/04\/chute-dune-grue-a-combs-la-ville-linspection-du-travail-avait-signale-un-probleme-juste-avant-laccident.jpg\" alt=\"La fl\u00e8che d'une grue de chantier s'est effondr\u00e9e sur deux maisons \u00e0 Combs-la-Ville, apr\u00e8s que le v\u00e9hicule en charge du d\u00e9montage a \u00e9t\u00e9 emport\u00e9 par le poids de la structure\" width=\"960\" height=\"640\"><\/div><figcaption>La fl\u00e8che d\u2019une grue de chantier s\u2019est effondr\u00e9e sur deux maisons \u00e0 Combs-la-Ville, apr\u00e8s que le v\u00e9hicule en charge du d\u00e9montage a \u00e9t\u00e9 emport\u00e9 par le poids de la structure \u00a9Franck Desprez\/Sdis77<\/figcaption><\/figure>\n<p class=\" wall-content\">Selon les premiers \u00e9l\u00e9ments, c\u2019est le camion utilis\u00e9 lors de l\u2019op\u00e9ration de d\u00e9montage qui aurait bascul\u00e9, emport\u00e9 par le poids de la fl\u00e8che de la grue, qu\u2019il \u00e9tait en train de retirer. Le conducteur du camion avait \u00e9t\u00e9 examin\u00e9 par les pompiers apr\u00e8s qu\u2019il avait saut\u00e9 du v\u00e9hicule, mais il n\u2019a heureusement pas \u00e9t\u00e9 bless\u00e9. Une maman et son nourrisson qui \u00e9taient pr\u00e9sents dans une des maisons sinistr\u00e9es ont pu sortir de leur pavillon saines et sauves, avant l\u2019arriv\u00e9e des pompiers.<\/p>\n<figure class=\"ac-article-content__figure wall-content\">\n<div class=\"ac-article-content__img\"> <img decoding=\"async\" loading=\"lazy\" class=\"size-large\" src=\"https:\/\/www.accidentdutravail-idf.net\/blog\/wp-content\/uploads\/2026\/04\/chute-dune-grue-a-combs-la-ville-linspection-du-travail-avait-signale-un-probleme-juste-avant-laccident-1.jpg\" alt=\"La fl\u00e8che de la grue est tomb\u00e9e sur deux maisons \u00e0 Combs-la-Ville, ce lundi 13 avril en d\u00e9but d'apr\u00e8s-midi. Il n'y a heureusement pas eu de bless\u00e9\" width=\"960\" height=\"635\"><\/div><figcaption>La fl\u00e8che de la grue est tomb\u00e9e sur deux maisons \u00e0 Combs-la-Ville, ce lundi 13 avril en d\u00e9but d\u2019apr\u00e8s-midi. \u00ab&nbsp;C\u2019est un miracle qu\u2019il n\u2019y ait pas de bless\u00e9&nbsp;\u00bb, estime une source polici\u00e8re \u00a9Franck Desprez\/Sdis77<\/figcaption><\/figure>\n<h2 class=\" wall-content\">\u00ab&nbsp;C\u2019est un miracle&nbsp;\u00bb<\/h2>\n<p class=\" wall-content\">\u00ab\u2009C\u2019est un v\u00e9ritable miracle, confie une source polici\u00e8re. Une des occupantes de la maison qui est d\u2019habitude en t\u00e9l\u00e9travail n\u2019\u00e9tait pas chez elle ce jour-l\u00e0 et dans l\u2019autre maison, la m\u00e8re de famille et son b\u00e9b\u00e9 n\u2019ont pas \u00e9t\u00e9 touch\u00e9es.\u2009\u00bb Vu les images de la grue, encastr\u00e9e dans les maisons, le bilan aurait effectivement \u00eatre dramatique. Des <a href=\"https:\/\/actu.fr\/tag\/pompiers\" target=\"_blank\" rel=\"nofollow\">pompiers sp\u00e9cialis\u00e9s<\/a> de l\u2019unit\u00e9 de sauvetage appui et recherche (<b>USAR<\/b>) ont \u00e9t\u00e9 mobilis\u00e9s pour v\u00e9rifier la solidit\u00e9 des deux maisons touch\u00e9es apr\u00e8s la chute de la grue, mais aussi des b\u00e2timents \u00e0 proximit\u00e9.<\/p>\n<p class=\" wall-content\"><i>Personnalisez votre actualit\u00e9 en ajoutant vos villes et m\u00e9dias en favori avec <a href=\"https:\/\/moncompte.actu.fr\" title=\"D\u00e9couvez Mon Actu\" rel=\"nofollow\" data-trk=\"{&quot;cta&quot;:{&quot;action&quot;:&quot;https:\\\/\\\/moncompte.actu.fr&quot;,&quot;category&quot;:&quot;mon compte&quot;,&quot;from&quot;:&quot;article footer&quot;,&quot;name&quot;:&quot;Mon actu&quot;,&quot;type&quot;:&quot;cta&quot;}}\" target=\"_blank\">Mon Actu<\/a>.<\/i><\/p>\n<p> accidentdutravail-idf.net vous a pr\u00e9par\u00e9 ce post qui informe du sujet \u00ab\u00a0Association Sportive Huisson-Longueville Essonne\u00a0\u00bb. La chronique se veut g\u00e9n\u00e9r\u00e9e du mieux possible. Vous pouvez utiliser les coordonn\u00e9es indiqu\u00e9es sur le site dans le but d\u2019apporter des explications sur ce post qui parle du th\u00e8me \u00ab\u00a0Association Sportive Huisson-Longueville Essonne\u00a0\u00bb. Le site accidentdutravail-idf.net a pour but de fournir diverses publications sur la th\u00e9matique Association Sportive Huisson-Longueville Essonne diffus\u00e9es sur le net. Il y aura plusieurs articles autour du sujet \u00ab\u00a0Association Sportive Huisson-Longueville Essonne\u00a0\u00bb dans quelques jours, nous vous invitons \u00e0 naviguer sur notre site web \u00e0 plusieurs reprises.<\/p>\n","protected":false},"excerpt":{"rendered":"<p>Par Julien Van Caeyseele Publi\u00e9 le 14 avr. 2026 \u00e0 9h18 ; mis \u00e0 jour le 14 avr. 2026 \u00e0 13h16 Enregistrer Partager Selon le maire de Combs-la-Ville (Seine-et-Marne), \u00ab\u2009tous les contr\u00f4les n\u00e9cessaires avaient \u00e9t\u00e9 faits concernant l\u2019installation de cette grue\u2009\u00bb\u2026 Mais il semble que des recommandations donn\u00e9es le jour m\u00eame de l\u2019accident n\u2019aient pas &hellip; <\/p>\n<p class=\"link-more\"><a href=\"https:\/\/www.accidentdutravail-idf.net\/blog\/chute-dune-grue-a-combs-la-ville-linspection-du-travail-avait-signale-un-probleme-juste-avant-laccident\/\" class=\"more-link\">Continuer la lecture <span class=\"screen-reader-text\"> \u00ab\u00a0Chute d&rsquo;une grue \u00e0 Combs-la-Ville : l&rsquo;inspection du travail avait signal\u00e9 un probl\u00e8me juste avant l&rsquo;accident\u00a0\u00bb<\/span><\/a><\/p>\n","protected":false},"author":2,"featured_media":0,"comment_status":"closed","ping_status":"closed","sticky":false,"template":"","format":"standard","meta":{"footnotes":""},"categories":[5],"tags":[],"class_list":["post-2325","post","type-post","status-publish","format-standard","hentry","category-securite-du-travail-en-ile-de-france-et-divers","entry"],"yoast_head":"<!-- This site is optimized with the Yoast SEO plugin v27.5 - https:\/\/yoast.com\/product\/yoast-seo-wordpress\/ -->\n<title>Chute d&#039;une grue \u00e0 Combs-la-Ville : l&#039;inspection du travail avait signal\u00e9 un probl\u00e8me juste avant l&#039;accident - ACCIDENTDUTRAVAIL-IDF<\/title>\n<meta name=\"description\" content=\"Chute d&#039;une grue \u00e0 Combs-la-Ville : l&#039;inspection du travail avait signal\u00e9 un probl\u00e8me juste avant l&#039;accident article de ACCIDENTDUTRAVAIL-IDF\" \/>\n<meta name=\"robots\" content=\"index, follow, max-snippet:-1, max-image-preview:large, max-video-preview:-1\" \/>\n<link rel=\"canonical\" href=\"https:\/\/www.accidentdutravail-idf.net\/blog\/chute-dune-grue-a-combs-la-ville-linspection-du-travail-avait-signale-un-probleme-juste-avant-laccident\/\" \/>\n<meta property=\"og:locale\" content=\"fr_FR\" \/>\n<meta property=\"og:type\" content=\"article\" \/>\n<meta property=\"og:title\" content=\"Chute d&#039;une grue \u00e0 Combs-la-Ville : l&#039;inspection du travail avait signal\u00e9 un probl\u00e8me juste avant l&#039;accident - ACCIDENTDUTRAVAIL-IDF\" \/>\n<meta property=\"og:description\" content=\"Chute d&#039;une grue \u00e0 Combs-la-Ville : l&#039;inspection du travail avait signal\u00e9 un probl\u00e8me juste avant l&#039;accident article de ACCIDENTDUTRAVAIL-IDF\" \/>\n<meta property=\"og:url\" content=\"https:\/\/www.accidentdutravail-idf.net\/blog\/chute-dune-grue-a-combs-la-ville-linspection-du-travail-avait-signale-un-probleme-juste-avant-laccident\/\" \/>\n<meta property=\"og:site_name\" content=\"ACCIDENTDUTRAVAIL-IDF\" \/>\n<meta property=\"article:published_time\" content=\"2026-04-13T21:27:00+00:00\" \/>\n<meta property=\"og:image\" content=\"https:\/\/www.accidentdutravail-idf.net\/blog\/wp-content\/uploads\/2026\/04\/chute-dune-grue-a-combs-la-ville-linspection-du-travail-avait-signale-un-probleme-juste-avant-laccident.jpg\" \/>\n<meta name=\"author\" content=\"Carlos Poulain\" \/>\n<meta name=\"twitter:card\" content=\"summary_large_image\" \/>\n<meta name=\"twitter:label1\" content=\"\u00c9crit par\" \/>\n\t<meta name=\"twitter:data1\" content=\"Carlos Poulain\" \/>\n\t<meta name=\"twitter:label2\" content=\"Dur\u00e9e de lecture estim\u00e9e\" \/>\n\t<meta name=\"twitter:data2\" content=\"3 minutes\" \/>\n<script type=\"application\/ld+json\" class=\"yoast-schema-graph\">{\"@context\":\"https:\\\/\\\/schema.org\",\"@graph\":[{\"@type\":\"Article\",\"@id\":\"https:\\\/\\\/www.accidentdutravail-idf.net\\\/blog\\\/chute-dune-grue-a-combs-la-ville-linspection-du-travail-avait-signale-un-probleme-juste-avant-laccident\\\/#article\",\"isPartOf\":{\"@id\":\"https:\\\/\\\/www.accidentdutravail-idf.net\\\/blog\\\/chute-dune-grue-a-combs-la-ville-linspection-du-travail-avait-signale-un-probleme-juste-avant-laccident\\\/\"},\"author\":{\"name\":\"Carlos Poulain\",\"@id\":\"https:\\\/\\\/www.accidentdutravail-idf.net\\\/blog\\\/#\\\/schema\\\/person\\\/3255d2f970de45e64bd9201f38e7b947\"},\"headline\":\"Chute d&rsquo;une grue \u00e0 Combs-la-Ville : l&rsquo;inspection du travail avait signal\u00e9 un probl\u00e8me juste avant l&rsquo;accident\",\"datePublished\":\"2026-04-13T21:27:00+00:00\",\"mainEntityOfPage\":{\"@id\":\"https:\\\/\\\/www.accidentdutravail-idf.net\\\/blog\\\/chute-dune-grue-a-combs-la-ville-linspection-du-travail-avait-signale-un-probleme-juste-avant-laccident\\\/\"},\"wordCount\":652,\"publisher\":{\"@id\":\"https:\\\/\\\/www.accidentdutravail-idf.net\\\/blog\\\/#organization\"},\"image\":{\"@id\":\"https:\\\/\\\/www.accidentdutravail-idf.net\\\/blog\\\/chute-dune-grue-a-combs-la-ville-linspection-du-travail-avait-signale-un-probleme-juste-avant-laccident\\\/#primaryimage\"},\"thumbnailUrl\":\"https:\\\/\\\/www.accidentdutravail-idf.net\\\/blog\\\/wp-content\\\/uploads\\\/2026\\\/04\\\/chute-dune-grue-a-combs-la-ville-linspection-du-travail-avait-signale-un-probleme-juste-avant-laccident.jpg\",\"articleSection\":[\"S\u00e9curit\u00e9 Du Travail En Ile-De-France Et Divers:\"],\"inLanguage\":\"fr-FR\"},{\"@type\":\"WebPage\",\"@id\":\"https:\\\/\\\/www.accidentdutravail-idf.net\\\/blog\\\/chute-dune-grue-a-combs-la-ville-linspection-du-travail-avait-signale-un-probleme-juste-avant-laccident\\\/\",\"url\":\"https:\\\/\\\/www.accidentdutravail-idf.net\\\/blog\\\/chute-dune-grue-a-combs-la-ville-linspection-du-travail-avait-signale-un-probleme-juste-avant-laccident\\\/\",\"name\":\"Chute d'une grue \u00e0 Combs-la-Ville : l'inspection du travail avait signal\u00e9 un probl\u00e8me juste avant l'accident - ACCIDENTDUTRAVAIL-IDF\",\"isPartOf\":{\"@id\":\"https:\\\/\\\/www.accidentdutravail-idf.net\\\/blog\\\/#website\"},\"primaryImageOfPage\":{\"@id\":\"https:\\\/\\\/www.accidentdutravail-idf.net\\\/blog\\\/chute-dune-grue-a-combs-la-ville-linspection-du-travail-avait-signale-un-probleme-juste-avant-laccident\\\/#primaryimage\"},\"image\":{\"@id\":\"https:\\\/\\\/www.accidentdutravail-idf.net\\\/blog\\\/chute-dune-grue-a-combs-la-ville-linspection-du-travail-avait-signale-un-probleme-juste-avant-laccident\\\/#primaryimage\"},\"thumbnailUrl\":\"https:\\\/\\\/www.accidentdutravail-idf.net\\\/blog\\\/wp-content\\\/uploads\\\/2026\\\/04\\\/chute-dune-grue-a-combs-la-ville-linspection-du-travail-avait-signale-un-probleme-juste-avant-laccident.jpg\",\"datePublished\":\"2026-04-13T21:27:00+00:00\",\"description\":\"Chute d'une grue \u00e0 Combs-la-Ville : l'inspection du travail avait signal\u00e9 un probl\u00e8me juste avant l'accident article de ACCIDENTDUTRAVAIL-IDF\",\"breadcrumb\":{\"@id\":\"https:\\\/\\\/www.accidentdutravail-idf.net\\\/blog\\\/chute-dune-grue-a-combs-la-ville-linspection-du-travail-avait-signale-un-probleme-juste-avant-laccident\\\/#breadcrumb\"},\"inLanguage\":\"fr-FR\",\"potentialAction\":[{\"@type\":\"ReadAction\",\"target\":[\"https:\\\/\\\/www.accidentdutravail-idf.net\\\/blog\\\/chute-dune-grue-a-combs-la-ville-linspection-du-travail-avait-signale-un-probleme-juste-avant-laccident\\\/\"]}]},{\"@type\":\"ImageObject\",\"inLanguage\":\"fr-FR\",\"@id\":\"https:\\\/\\\/www.accidentdutravail-idf.net\\\/blog\\\/chute-dune-grue-a-combs-la-ville-linspection-du-travail-avait-signale-un-probleme-juste-avant-laccident\\\/#primaryimage\",\"url\":\"https:\\\/\\\/www.accidentdutravail-idf.net\\\/blog\\\/wp-content\\\/uploads\\\/2026\\\/04\\\/chute-dune-grue-a-combs-la-ville-linspection-du-travail-avait-signale-un-probleme-juste-avant-laccident.jpg\",\"contentUrl\":\"https:\\\/\\\/www.accidentdutravail-idf.net\\\/blog\\\/wp-content\\\/uploads\\\/2026\\\/04\\\/chute-dune-grue-a-combs-la-ville-linspection-du-travail-avait-signale-un-probleme-juste-avant-laccident.jpg\"},{\"@type\":\"BreadcrumbList\",\"@id\":\"https:\\\/\\\/www.accidentdutravail-idf.net\\\/blog\\\/chute-dune-grue-a-combs-la-ville-linspection-du-travail-avait-signale-un-probleme-juste-avant-laccident\\\/#breadcrumb\",\"itemListElement\":[{\"@type\":\"ListItem\",\"position\":1,\"name\":\"Accueil\",\"item\":\"https:\\\/\\\/www.accidentdutravail-idf.net\\\/blog\\\/\"},{\"@type\":\"ListItem\",\"position\":2,\"name\":\"Chute d&rsquo;une grue \u00e0 Combs-la-Ville : l&rsquo;inspection du travail avait signal\u00e9 un probl\u00e8me juste avant l&rsquo;accident\"}]},{\"@type\":\"WebSite\",\"@id\":\"https:\\\/\\\/www.accidentdutravail-idf.net\\\/blog\\\/#website\",\"url\":\"https:\\\/\\\/www.accidentdutravail-idf.net\\\/blog\\\/\",\"name\":\"ACCIDENTDUTRAVAIL-IDF\",\"description\":\"Portail accidents du travail-maladies professionnelles des entreprises d&#039;Ile-de-France\",\"publisher\":{\"@id\":\"https:\\\/\\\/www.accidentdutravail-idf.net\\\/blog\\\/#organization\"},\"potentialAction\":[{\"@type\":\"SearchAction\",\"target\":{\"@type\":\"EntryPoint\",\"urlTemplate\":\"https:\\\/\\\/www.accidentdutravail-idf.net\\\/blog\\\/?s={search_term_string}\"},\"query-input\":{\"@type\":\"PropertyValueSpecification\",\"valueRequired\":true,\"valueName\":\"search_term_string\"}}],\"inLanguage\":\"fr-FR\"},{\"@type\":\"Organization\",\"@id\":\"https:\\\/\\\/www.accidentdutravail-idf.net\\\/blog\\\/#organization\",\"name\":\"accidentdutravail-idf\",\"url\":\"https:\\\/\\\/www.accidentdutravail-idf.net\\\/blog\\\/\",\"logo\":{\"@type\":\"ImageObject\",\"inLanguage\":\"fr-FR\",\"@id\":\"https:\\\/\\\/www.accidentdutravail-idf.net\\\/blog\\\/#\\\/schema\\\/logo\\\/image\\\/\",\"url\":\"https:\\\/\\\/www.accidentdutravail-idf.net\\\/blog\\\/wp-content\\\/uploads\\\/2022\\\/09\\\/logo-2.png\",\"contentUrl\":\"https:\\\/\\\/www.accidentdutravail-idf.net\\\/blog\\\/wp-content\\\/uploads\\\/2022\\\/09\\\/logo-2.png\",\"width\":380,\"height\":291,\"caption\":\"accidentdutravail-idf\"},\"image\":{\"@id\":\"https:\\\/\\\/www.accidentdutravail-idf.net\\\/blog\\\/#\\\/schema\\\/logo\\\/image\\\/\"}},{\"@type\":\"Person\",\"@id\":\"https:\\\/\\\/www.accidentdutravail-idf.net\\\/blog\\\/#\\\/schema\\\/person\\\/3255d2f970de45e64bd9201f38e7b947\",\"name\":\"Carlos Poulain\",\"image\":{\"@type\":\"ImageObject\",\"inLanguage\":\"fr-FR\",\"@id\":\"https:\\\/\\\/secure.gravatar.com\\\/avatar\\\/b1c2f9d3588e34e91adb093635df64ef4b2381991216be7576466cfcdca4baf3?s=96&d=mm&r=g\",\"url\":\"https:\\\/\\\/secure.gravatar.com\\\/avatar\\\/b1c2f9d3588e34e91adb093635df64ef4b2381991216be7576466cfcdca4baf3?s=96&d=mm&r=g\",\"contentUrl\":\"https:\\\/\\\/secure.gravatar.com\\\/avatar\\\/b1c2f9d3588e34e91adb093635df64ef4b2381991216be7576466cfcdca4baf3?s=96&d=mm&r=g\",\"caption\":\"Carlos Poulain\"},\"url\":\"https:\\\/\\\/www.accidentdutravail-idf.net\\\/blog\\\/author\\\/idfcarlos\\\/\"}]}<\/script>\n<!-- \/ Yoast SEO plugin. -->","yoast_head_json":{"title":"Chute d'une grue \u00e0 Combs-la-Ville : l'inspection du travail avait signal\u00e9 un probl\u00e8me juste avant l'accident - ACCIDENTDUTRAVAIL-IDF","description":"Chute d'une grue \u00e0 Combs-la-Ville : l'inspection du travail avait signal\u00e9 un probl\u00e8me juste avant l'accident article de ACCIDENTDUTRAVAIL-IDF","robots":{"index":"index","follow":"follow","max-snippet":"max-snippet:-1","max-image-preview":"max-image-preview:large","max-video-preview":"max-video-preview:-1"},"canonical":"https:\/\/www.accidentdutravail-idf.net\/blog\/chute-dune-grue-a-combs-la-ville-linspection-du-travail-avait-signale-un-probleme-juste-avant-laccident\/","og_locale":"fr_FR","og_type":"article","og_title":"Chute d'une grue \u00e0 Combs-la-Ville : l'inspection du travail avait signal\u00e9 un probl\u00e8me juste avant l'accident - ACCIDENTDUTRAVAIL-IDF","og_description":"Chute d'une grue \u00e0 Combs-la-Ville : l'inspection du travail avait signal\u00e9 un probl\u00e8me juste avant l'accident article de ACCIDENTDUTRAVAIL-IDF","og_url":"https:\/\/www.accidentdutravail-idf.net\/blog\/chute-dune-grue-a-combs-la-ville-linspection-du-travail-avait-signale-un-probleme-juste-avant-laccident\/","og_site_name":"ACCIDENTDUTRAVAIL-IDF","article_published_time":"2026-04-13T21:27:00+00:00","og_image":[{"url":"https:\/\/www.accidentdutravail-idf.net\/blog\/wp-content\/uploads\/2026\/04\/chute-dune-grue-a-combs-la-ville-linspection-du-travail-avait-signale-un-probleme-juste-avant-laccident.jpg","type":"","width":"","height":""}],"author":"Carlos Poulain","twitter_card":"summary_large_image","twitter_misc":{"\u00c9crit par":"Carlos Poulain","Dur\u00e9e de lecture estim\u00e9e":"3 minutes"},"schema":{"@context":"https:\/\/schema.org","@graph":[{"@type":"Article","@id":"https:\/\/www.accidentdutravail-idf.net\/blog\/chute-dune-grue-a-combs-la-ville-linspection-du-travail-avait-signale-un-probleme-juste-avant-laccident\/#article","isPartOf":{"@id":"https:\/\/www.accidentdutravail-idf.net\/blog\/chute-dune-grue-a-combs-la-ville-linspection-du-travail-avait-signale-un-probleme-juste-avant-laccident\/"},"author":{"name":"Carlos Poulain","@id":"https:\/\/www.accidentdutravail-idf.net\/blog\/#\/schema\/person\/3255d2f970de45e64bd9201f38e7b947"},"headline":"Chute d&rsquo;une grue \u00e0 Combs-la-Ville : l&rsquo;inspection du travail avait signal\u00e9 un probl\u00e8me juste avant l&rsquo;accident","datePublished":"2026-04-13T21:27:00+00:00","mainEntityOfPage":{"@id":"https:\/\/www.accidentdutravail-idf.net\/blog\/chute-dune-grue-a-combs-la-ville-linspection-du-travail-avait-signale-un-probleme-juste-avant-laccident\/"},"wordCount":652,"publisher":{"@id":"https:\/\/www.accidentdutravail-idf.net\/blog\/#organization"},"image":{"@id":"https:\/\/www.accidentdutravail-idf.net\/blog\/chute-dune-grue-a-combs-la-ville-linspection-du-travail-avait-signale-un-probleme-juste-avant-laccident\/#primaryimage"},"thumbnailUrl":"https:\/\/www.accidentdutravail-idf.net\/blog\/wp-content\/uploads\/2026\/04\/chute-dune-grue-a-combs-la-ville-linspection-du-travail-avait-signale-un-probleme-juste-avant-laccident.jpg","articleSection":["S\u00e9curit\u00e9 Du Travail En Ile-De-France Et Divers:"],"inLanguage":"fr-FR"},{"@type":"WebPage","@id":"https:\/\/www.accidentdutravail-idf.net\/blog\/chute-dune-grue-a-combs-la-ville-linspection-du-travail-avait-signale-un-probleme-juste-avant-laccident\/","url":"https:\/\/www.accidentdutravail-idf.net\/blog\/chute-dune-grue-a-combs-la-ville-linspection-du-travail-avait-signale-un-probleme-juste-avant-laccident\/","name":"Chute d'une grue \u00e0 Combs-la-Ville : l'inspection du travail avait signal\u00e9 un probl\u00e8me juste avant l'accident - ACCIDENTDUTRAVAIL-IDF","isPartOf":{"@id":"https:\/\/www.accidentdutravail-idf.net\/blog\/#website"},"primaryImageOfPage":{"@id":"https:\/\/www.accidentdutravail-idf.net\/blog\/chute-dune-grue-a-combs-la-ville-linspection-du-travail-avait-signale-un-probleme-juste-avant-laccident\/#primaryimage"},"image":{"@id":"https:\/\/www.accidentdutravail-idf.net\/blog\/chute-dune-grue-a-combs-la-ville-linspection-du-travail-avait-signale-un-probleme-juste-avant-laccident\/#primaryimage"},"thumbnailUrl":"https:\/\/www.accidentdutravail-idf.net\/blog\/wp-content\/uploads\/2026\/04\/chute-dune-grue-a-combs-la-ville-linspection-du-travail-avait-signale-un-probleme-juste-avant-laccident.jpg","datePublished":"2026-04-13T21:27:00+00:00","description":"Chute d'une grue \u00e0 Combs-la-Ville : l'inspection du travail avait signal\u00e9 un probl\u00e8me juste avant l'accident article de ACCIDENTDUTRAVAIL-IDF","breadcrumb":{"@id":"https:\/\/www.accidentdutravail-idf.net\/blog\/chute-dune-grue-a-combs-la-ville-linspection-du-travail-avait-signale-un-probleme-juste-avant-laccident\/#breadcrumb"},"inLanguage":"fr-FR","potentialAction":[{"@type":"ReadAction","target":["https:\/\/www.accidentdutravail-idf.net\/blog\/chute-dune-grue-a-combs-la-ville-linspection-du-travail-avait-signale-un-probleme-juste-avant-laccident\/"]}]},{"@type":"ImageObject","inLanguage":"fr-FR","@id":"https:\/\/www.accidentdutravail-idf.net\/blog\/chute-dune-grue-a-combs-la-ville-linspection-du-travail-avait-signale-un-probleme-juste-avant-laccident\/#primaryimage","url":"https:\/\/www.accidentdutravail-idf.net\/blog\/wp-content\/uploads\/2026\/04\/chute-dune-grue-a-combs-la-ville-linspection-du-travail-avait-signale-un-probleme-juste-avant-laccident.jpg","contentUrl":"https:\/\/www.accidentdutravail-idf.net\/blog\/wp-content\/uploads\/2026\/04\/chute-dune-grue-a-combs-la-ville-linspection-du-travail-avait-signale-un-probleme-juste-avant-laccident.jpg"},{"@type":"BreadcrumbList","@id":"https:\/\/www.accidentdutravail-idf.net\/blog\/chute-dune-grue-a-combs-la-ville-linspection-du-travail-avait-signale-un-probleme-juste-avant-laccident\/#breadcrumb","itemListElement":[{"@type":"ListItem","position":1,"name":"Accueil","item":"https:\/\/www.accidentdutravail-idf.net\/blog\/"},{"@type":"ListItem","position":2,"name":"Chute d&rsquo;une grue \u00e0 Combs-la-Ville : l&rsquo;inspection du travail avait signal\u00e9 un probl\u00e8me juste avant l&rsquo;accident"}]},{"@type":"WebSite","@id":"https:\/\/www.accidentdutravail-idf.net\/blog\/#website","url":"https:\/\/www.accidentdutravail-idf.net\/blog\/","name":"ACCIDENTDUTRAVAIL-IDF","description":"Portail accidents du travail-maladies professionnelles des entreprises d&#039;Ile-de-France","publisher":{"@id":"https:\/\/www.accidentdutravail-idf.net\/blog\/#organization"},"potentialAction":[{"@type":"SearchAction","target":{"@type":"EntryPoint","urlTemplate":"https:\/\/www.accidentdutravail-idf.net\/blog\/?s={search_term_string}"},"query-input":{"@type":"PropertyValueSpecification","valueRequired":true,"valueName":"search_term_string"}}],"inLanguage":"fr-FR"},{"@type":"Organization","@id":"https:\/\/www.accidentdutravail-idf.net\/blog\/#organization","name":"accidentdutravail-idf","url":"https:\/\/www.accidentdutravail-idf.net\/blog\/","logo":{"@type":"ImageObject","inLanguage":"fr-FR","@id":"https:\/\/www.accidentdutravail-idf.net\/blog\/#\/schema\/logo\/image\/","url":"https:\/\/www.accidentdutravail-idf.net\/blog\/wp-content\/uploads\/2022\/09\/logo-2.png","contentUrl":"https:\/\/www.accidentdutravail-idf.net\/blog\/wp-content\/uploads\/2022\/09\/logo-2.png","width":380,"height":291,"caption":"accidentdutravail-idf"},"image":{"@id":"https:\/\/www.accidentdutravail-idf.net\/blog\/#\/schema\/logo\/image\/"}},{"@type":"Person","@id":"https:\/\/www.accidentdutravail-idf.net\/blog\/#\/schema\/person\/3255d2f970de45e64bd9201f38e7b947","name":"Carlos Poulain","image":{"@type":"ImageObject","inLanguage":"fr-FR","@id":"https:\/\/secure.gravatar.com\/avatar\/b1c2f9d3588e34e91adb093635df64ef4b2381991216be7576466cfcdca4baf3?s=96&d=mm&r=g","url":"https:\/\/secure.gravatar.com\/avatar\/b1c2f9d3588e34e91adb093635df64ef4b2381991216be7576466cfcdca4baf3?s=96&d=mm&r=g","contentUrl":"https:\/\/secure.gravatar.com\/avatar\/b1c2f9d3588e34e91adb093635df64ef4b2381991216be7576466cfcdca4baf3?s=96&d=mm&r=g","caption":"Carlos Poulain"},"url":"https:\/\/www.accidentdutravail-idf.net\/blog\/author\/idfcarlos\/"}]}},"_links":{"self":[{"href":"https:\/\/www.accidentdutravail-idf.net\/blog\/wp-json\/wp\/v2\/posts\/2325","targetHints":{"allow":["GET"]}}],"collection":[{"href":"https:\/\/www.accidentdutravail-idf.net\/blog\/wp-json\/wp\/v2\/posts"}],"about":[{"href":"https:\/\/www.accidentdutravail-idf.net\/blog\/wp-json\/wp\/v2\/types\/post"}],"author":[{"embeddable":true,"href":"https:\/\/www.accidentdutravail-idf.net\/blog\/wp-json\/wp\/v2\/users\/2"}],"replies":[{"embeddable":true,"href":"https:\/\/www.accidentdutravail-idf.net\/blog\/wp-json\/wp\/v2\/comments?post=2325"}],"version-history":[{"count":0,"href":"https:\/\/www.accidentdutravail-idf.net\/blog\/wp-json\/wp\/v2\/posts\/2325\/revisions"}],"wp:attachment":[{"href":"https:\/\/www.accidentdutravail-idf.net\/blog\/wp-json\/wp\/v2\/media?parent=2325"}],"wp:term":[{"taxonomy":"category","embeddable":true,"href":"https:\/\/www.accidentdutravail-idf.net\/blog\/wp-json\/wp\/v2\/categories?post=2325"},{"taxonomy":"post_tag","embeddable":true,"href":"https:\/\/www.accidentdutravail-idf.net\/blog\/wp-json\/wp\/v2\/tags?post=2325"}],"curies":[{"name":"wp","href":"https:\/\/api.w.org\/{rel}","templated":true}]}}