{"id":2323,"date":"2026-04-07T05:31:00","date_gmt":"2026-04-07T03:31:00","guid":{"rendered":"https:\/\/www.accidentdutravail-idf.net\/blog\/electrocute-par-du-courant-a-20-000-volts-un-jeune-ouvrier-trouve-la-mort-en-charente\/"},"modified":"2026-04-07T05:31:00","modified_gmt":"2026-04-07T03:31:00","slug":"electrocute-par-du-courant-a-20-000-volts-un-jeune-ouvrier-trouve-la-mort-en-charente","status":"publish","type":"post","link":"https:\/\/www.accidentdutravail-idf.net\/blog\/electrocute-par-du-courant-a-20-000-volts-un-jeune-ouvrier-trouve-la-mort-en-charente\/","title":{"rendered":"\u00c9lectrocut\u00e9 par du courant \u00e0 20.000 volts, un jeune ouvrier trouve la mort en Charente"},"content":{"rendered":"<p class=\"typo-p1-paragraph\">Un jeune homme \u00e2g\u00e9 de 21 ans a perdu la vie dans l\u2019apr\u00e8s-midi du samedi 4 avril alors qu\u2019il effectuait des travaux \u00e0 Montmoreau (Charente). L\u2019ouvrier de nationalit\u00e9 moldave a \u00e9t\u00e9 \u00e9lectrocut\u00e9 alors qu\u2019il posait des panneaux solaires sur le toit d\u2019un entrep\u00f4t, rapporte <em><a href=\"https:\/\/www.francebleu.fr\/nouvelle-aquitaine\/charente-16\/montmoreau\/en-charente-un-ouvrier-meurt-traverse-par-l-electricite-alors-qu-il-intervenait-sur-un-toit-a-montmoreau-5875060\" rel=\"noopener noreferrer nofollow\" target=\"_blank\" class=\"hover:text-primary-10 disabled:text-primary-2 focus:text-primary-11 cursor-pointer cursor-pointer text-primary-9 font-semibold text-base inline\">ici La Rochelle<\/a><\/em>. Une autopsie doit \u00eatre pratiqu\u00e9e pour d\u00e9terminer les causes pr\u00e9cises qui ont conduit au d\u00e9c\u00e8s de la victime.&nbsp;<\/p>\n<h3 class=\"typo-h3\">Un rail m\u00e9tallique en cause<\/h3>\n<p class=\"typo-p1-paragraph\">L\u2019accident s\u2019est produit lorsque la barre en m\u00e9tal de quatre m\u00e8tres de long que portait l\u2019ouvrier s\u2019est trouv\u00e9e \u00e0 proximit\u00e9 d\u2019une ligne \u00e9lectrique qui surplombait le chantier. La poutre pourrait m\u00eame l\u2019avoir touch\u00e9e. Les investigations devront le pr\u00e9ciser. La victime a \u00e9t\u00e9 travers\u00e9e par un courant d\u2019une tension de 20.000 volts.&nbsp;<\/p>\n<p class=\"typo-p1-paragraph\"><em><a href=\"https:\/\/www.charentelibre.fr\/faits-divers\/un-ouvrier-meurt-electrocute-en-installant-des-panneaux-solaires-sur-un-hangar-agricole-a-montmoreau-28571366.php\" rel=\"noopener noreferrer nofollow\" target=\"_blank\" class=\"hover:text-primary-10 disabled:text-primary-2 focus:text-primary-11 cursor-pointer cursor-pointer text-primary-9 font-semibold text-base inline\">Charente Libre<\/a><\/em> indique que les secours sont intervenus rapidement. Parmi eux se trouvaient des pompiers sp\u00e9cialis\u00e9s en intervention en milieu dangereux. Ils n\u2019ont toutefois pas pu r\u00e9animer le jeune homme, dont le d\u00e9c\u00e8s a \u00e9t\u00e9 prononc\u00e9 par un m\u00e9decin du Smur. \u00ab C\u2019est malheureux. Il a suffi de quelques centim\u00e8tres et voil\u00e0 \u00bb, a d\u00e9plor\u00e9 Thierry Bruno, maire de Montmoreau.<\/p>\n<p class=\"typo-p1-paragraph\"><em><b>NG<\/b><\/em><\/p>\n<p>accidentdutravail-idf.net vous a pr\u00e9par\u00e9 ce post qui informe du sujet \u00ab\u00a0Association Sportive Huisson-Longueville Essonne\u00a0\u00bb. La chronique se veut g\u00e9n\u00e9r\u00e9e du mieux possible. Vous pouvez utiliser les coordonn\u00e9es indiqu\u00e9es sur le site dans le but d\u2019apporter des explications sur ce post qui parle du th\u00e8me \u00ab\u00a0Association Sportive Huisson-Longueville Essonne\u00a0\u00bb. Le site accidentdutravail-idf.net a pour but de fournir diverses publications sur la th\u00e9matique Association Sportive Huisson-Longueville Essonne diffus\u00e9es sur le net. Il y aura plusieurs articles autour du sujet \u00ab\u00a0Association Sportive Huisson-Longueville Essonne\u00a0\u00bb dans quelques jours, nous vous invitons \u00e0 naviguer sur notre site web \u00e0 plusieurs reprises.<\/p>\n","protected":false},"excerpt":{"rendered":"<p>Un jeune homme \u00e2g\u00e9 de 21 ans a perdu la vie dans l\u2019apr\u00e8s-midi du samedi 4 avril alors qu\u2019il effectuait des travaux \u00e0 Montmoreau (Charente). L\u2019ouvrier de nationalit\u00e9 moldave a \u00e9t\u00e9 \u00e9lectrocut\u00e9 alors qu\u2019il posait des panneaux solaires sur le toit d\u2019un entrep\u00f4t, rapporte ici La Rochelle. Une autopsie doit \u00eatre pratiqu\u00e9e pour d\u00e9terminer les &hellip; <\/p>\n<p class=\"link-more\"><a href=\"https:\/\/www.accidentdutravail-idf.net\/blog\/electrocute-par-du-courant-a-20-000-volts-un-jeune-ouvrier-trouve-la-mort-en-charente\/\" class=\"more-link\">Continuer la lecture <span class=\"screen-reader-text\"> \u00ab\u00a0\u00c9lectrocut\u00e9 par du courant \u00e0 20.000 volts, un jeune ouvrier trouve la mort en Charente\u00a0\u00bb<\/span><\/a><\/p>\n","protected":false},"author":2,"featured_media":0,"comment_status":"closed","ping_status":"closed","sticky":false,"template":"","format":"standard","meta":{"footnotes":""},"categories":[5],"tags":[],"class_list":["post-2323","post","type-post","status-publish","format-standard","hentry","category-securite-du-travail-en-ile-de-france-et-divers","entry"],"yoast_head":"<!-- This site is optimized with the Yoast SEO plugin v27.5 - https:\/\/yoast.com\/product\/yoast-seo-wordpress\/ -->\n<title>\u00c9lectrocut\u00e9 par du courant \u00e0 20.000 volts, un jeune ouvrier trouve la mort en Charente - ACCIDENTDUTRAVAIL-IDF<\/title>\n<meta name=\"description\" content=\"\u00c9lectrocut\u00e9 par du courant \u00e0 20.000 volts, un jeune ouvrier trouve la mort en Charente article de ACCIDENTDUTRAVAIL-IDF\" \/>\n<meta name=\"robots\" content=\"index, follow, max-snippet:-1, max-image-preview:large, max-video-preview:-1\" \/>\n<link rel=\"canonical\" href=\"https:\/\/www.accidentdutravail-idf.net\/blog\/electrocute-par-du-courant-a-20-000-volts-un-jeune-ouvrier-trouve-la-mort-en-charente\/\" \/>\n<meta property=\"og:locale\" content=\"fr_FR\" \/>\n<meta property=\"og:type\" content=\"article\" \/>\n<meta property=\"og:title\" content=\"\u00c9lectrocut\u00e9 par du courant \u00e0 20.000 volts, un jeune ouvrier trouve la mort en Charente - ACCIDENTDUTRAVAIL-IDF\" \/>\n<meta property=\"og:description\" content=\"\u00c9lectrocut\u00e9 par du courant \u00e0 20.000 volts, un jeune ouvrier trouve la mort en Charente article de ACCIDENTDUTRAVAIL-IDF\" \/>\n<meta property=\"og:url\" content=\"https:\/\/www.accidentdutravail-idf.net\/blog\/electrocute-par-du-courant-a-20-000-volts-un-jeune-ouvrier-trouve-la-mort-en-charente\/\" \/>\n<meta property=\"og:site_name\" content=\"ACCIDENTDUTRAVAIL-IDF\" \/>\n<meta property=\"article:published_time\" content=\"2026-04-07T03:31:00+00:00\" \/>\n<meta name=\"author\" content=\"Carlos Poulain\" \/>\n<meta name=\"twitter:card\" content=\"summary_large_image\" \/>\n<meta name=\"twitter:label1\" content=\"\u00c9crit par\" \/>\n\t<meta name=\"twitter:data1\" content=\"Carlos Poulain\" \/>\n\t<meta name=\"twitter:label2\" content=\"Dur\u00e9e de lecture estim\u00e9e\" \/>\n\t<meta name=\"twitter:data2\" content=\"2 minutes\" \/>\n<script type=\"application\/ld+json\" class=\"yoast-schema-graph\">{\"@context\":\"https:\\\/\\\/schema.org\",\"@graph\":[{\"@type\":\"Article\",\"@id\":\"https:\\\/\\\/www.accidentdutravail-idf.net\\\/blog\\\/electrocute-par-du-courant-a-20-000-volts-un-jeune-ouvrier-trouve-la-mort-en-charente\\\/#article\",\"isPartOf\":{\"@id\":\"https:\\\/\\\/www.accidentdutravail-idf.net\\\/blog\\\/electrocute-par-du-courant-a-20-000-volts-un-jeune-ouvrier-trouve-la-mort-en-charente\\\/\"},\"author\":{\"name\":\"Carlos Poulain\",\"@id\":\"https:\\\/\\\/www.accidentdutravail-idf.net\\\/blog\\\/#\\\/schema\\\/person\\\/3255d2f970de45e64bd9201f38e7b947\"},\"headline\":\"\u00c9lectrocut\u00e9 par du courant \u00e0 20.000 volts, un jeune ouvrier trouve la mort en Charente\",\"datePublished\":\"2026-04-07T03:31:00+00:00\",\"mainEntityOfPage\":{\"@id\":\"https:\\\/\\\/www.accidentdutravail-idf.net\\\/blog\\\/electrocute-par-du-courant-a-20-000-volts-un-jeune-ouvrier-trouve-la-mort-en-charente\\\/\"},\"wordCount\":333,\"publisher\":{\"@id\":\"https:\\\/\\\/www.accidentdutravail-idf.net\\\/blog\\\/#organization\"},\"articleSection\":[\"S\u00e9curit\u00e9 Du Travail En Ile-De-France Et Divers:\"],\"inLanguage\":\"fr-FR\"},{\"@type\":\"WebPage\",\"@id\":\"https:\\\/\\\/www.accidentdutravail-idf.net\\\/blog\\\/electrocute-par-du-courant-a-20-000-volts-un-jeune-ouvrier-trouve-la-mort-en-charente\\\/\",\"url\":\"https:\\\/\\\/www.accidentdutravail-idf.net\\\/blog\\\/electrocute-par-du-courant-a-20-000-volts-un-jeune-ouvrier-trouve-la-mort-en-charente\\\/\",\"name\":\"\u00c9lectrocut\u00e9 par du courant \u00e0 20.000 volts, un jeune ouvrier trouve la mort en Charente - ACCIDENTDUTRAVAIL-IDF\",\"isPartOf\":{\"@id\":\"https:\\\/\\\/www.accidentdutravail-idf.net\\\/blog\\\/#website\"},\"datePublished\":\"2026-04-07T03:31:00+00:00\",\"description\":\"\u00c9lectrocut\u00e9 par du courant \u00e0 20.000 volts, un jeune ouvrier trouve la mort en Charente article de ACCIDENTDUTRAVAIL-IDF\",\"breadcrumb\":{\"@id\":\"https:\\\/\\\/www.accidentdutravail-idf.net\\\/blog\\\/electrocute-par-du-courant-a-20-000-volts-un-jeune-ouvrier-trouve-la-mort-en-charente\\\/#breadcrumb\"},\"inLanguage\":\"fr-FR\",\"potentialAction\":[{\"@type\":\"ReadAction\",\"target\":[\"https:\\\/\\\/www.accidentdutravail-idf.net\\\/blog\\\/electrocute-par-du-courant-a-20-000-volts-un-jeune-ouvrier-trouve-la-mort-en-charente\\\/\"]}]},{\"@type\":\"BreadcrumbList\",\"@id\":\"https:\\\/\\\/www.accidentdutravail-idf.net\\\/blog\\\/electrocute-par-du-courant-a-20-000-volts-un-jeune-ouvrier-trouve-la-mort-en-charente\\\/#breadcrumb\",\"itemListElement\":[{\"@type\":\"ListItem\",\"position\":1,\"name\":\"Accueil\",\"item\":\"https:\\\/\\\/www.accidentdutravail-idf.net\\\/blog\\\/\"},{\"@type\":\"ListItem\",\"position\":2,\"name\":\"\u00c9lectrocut\u00e9 par du courant \u00e0 20.000 volts, un jeune ouvrier trouve la mort en Charente\"}]},{\"@type\":\"WebSite\",\"@id\":\"https:\\\/\\\/www.accidentdutravail-idf.net\\\/blog\\\/#website\",\"url\":\"https:\\\/\\\/www.accidentdutravail-idf.net\\\/blog\\\/\",\"name\":\"ACCIDENTDUTRAVAIL-IDF\",\"description\":\"Portail accidents du travail-maladies professionnelles des entreprises d&#039;Ile-de-France\",\"publisher\":{\"@id\":\"https:\\\/\\\/www.accidentdutravail-idf.net\\\/blog\\\/#organization\"},\"potentialAction\":[{\"@type\":\"SearchAction\",\"target\":{\"@type\":\"EntryPoint\",\"urlTemplate\":\"https:\\\/\\\/www.accidentdutravail-idf.net\\\/blog\\\/?s={search_term_string}\"},\"query-input\":{\"@type\":\"PropertyValueSpecification\",\"valueRequired\":true,\"valueName\":\"search_term_string\"}}],\"inLanguage\":\"fr-FR\"},{\"@type\":\"Organization\",\"@id\":\"https:\\\/\\\/www.accidentdutravail-idf.net\\\/blog\\\/#organization\",\"name\":\"accidentdutravail-idf\",\"url\":\"https:\\\/\\\/www.accidentdutravail-idf.net\\\/blog\\\/\",\"logo\":{\"@type\":\"ImageObject\",\"inLanguage\":\"fr-FR\",\"@id\":\"https:\\\/\\\/www.accidentdutravail-idf.net\\\/blog\\\/#\\\/schema\\\/logo\\\/image\\\/\",\"url\":\"https:\\\/\\\/www.accidentdutravail-idf.net\\\/blog\\\/wp-content\\\/uploads\\\/2022\\\/09\\\/logo-2.png\",\"contentUrl\":\"https:\\\/\\\/www.accidentdutravail-idf.net\\\/blog\\\/wp-content\\\/uploads\\\/2022\\\/09\\\/logo-2.png\",\"width\":380,\"height\":291,\"caption\":\"accidentdutravail-idf\"},\"image\":{\"@id\":\"https:\\\/\\\/www.accidentdutravail-idf.net\\\/blog\\\/#\\\/schema\\\/logo\\\/image\\\/\"}},{\"@type\":\"Person\",\"@id\":\"https:\\\/\\\/www.accidentdutravail-idf.net\\\/blog\\\/#\\\/schema\\\/person\\\/3255d2f970de45e64bd9201f38e7b947\",\"name\":\"Carlos Poulain\",\"image\":{\"@type\":\"ImageObject\",\"inLanguage\":\"fr-FR\",\"@id\":\"https:\\\/\\\/secure.gravatar.com\\\/avatar\\\/b1c2f9d3588e34e91adb093635df64ef4b2381991216be7576466cfcdca4baf3?s=96&d=mm&r=g\",\"url\":\"https:\\\/\\\/secure.gravatar.com\\\/avatar\\\/b1c2f9d3588e34e91adb093635df64ef4b2381991216be7576466cfcdca4baf3?s=96&d=mm&r=g\",\"contentUrl\":\"https:\\\/\\\/secure.gravatar.com\\\/avatar\\\/b1c2f9d3588e34e91adb093635df64ef4b2381991216be7576466cfcdca4baf3?s=96&d=mm&r=g\",\"caption\":\"Carlos Poulain\"},\"url\":\"https:\\\/\\\/www.accidentdutravail-idf.net\\\/blog\\\/author\\\/idfcarlos\\\/\"}]}<\/script>\n<!-- \/ Yoast SEO plugin. -->","yoast_head_json":{"title":"\u00c9lectrocut\u00e9 par du courant \u00e0 20.000 volts, un jeune ouvrier trouve la mort en Charente - ACCIDENTDUTRAVAIL-IDF","description":"\u00c9lectrocut\u00e9 par du courant \u00e0 20.000 volts, un jeune ouvrier trouve la mort en Charente article de ACCIDENTDUTRAVAIL-IDF","robots":{"index":"index","follow":"follow","max-snippet":"max-snippet:-1","max-image-preview":"max-image-preview:large","max-video-preview":"max-video-preview:-1"},"canonical":"https:\/\/www.accidentdutravail-idf.net\/blog\/electrocute-par-du-courant-a-20-000-volts-un-jeune-ouvrier-trouve-la-mort-en-charente\/","og_locale":"fr_FR","og_type":"article","og_title":"\u00c9lectrocut\u00e9 par du courant \u00e0 20.000 volts, un jeune ouvrier trouve la mort en Charente - ACCIDENTDUTRAVAIL-IDF","og_description":"\u00c9lectrocut\u00e9 par du courant \u00e0 20.000 volts, un jeune ouvrier trouve la mort en Charente article de ACCIDENTDUTRAVAIL-IDF","og_url":"https:\/\/www.accidentdutravail-idf.net\/blog\/electrocute-par-du-courant-a-20-000-volts-un-jeune-ouvrier-trouve-la-mort-en-charente\/","og_site_name":"ACCIDENTDUTRAVAIL-IDF","article_published_time":"2026-04-07T03:31:00+00:00","author":"Carlos Poulain","twitter_card":"summary_large_image","twitter_misc":{"\u00c9crit par":"Carlos Poulain","Dur\u00e9e de lecture estim\u00e9e":"2 minutes"},"schema":{"@context":"https:\/\/schema.org","@graph":[{"@type":"Article","@id":"https:\/\/www.accidentdutravail-idf.net\/blog\/electrocute-par-du-courant-a-20-000-volts-un-jeune-ouvrier-trouve-la-mort-en-charente\/#article","isPartOf":{"@id":"https:\/\/www.accidentdutravail-idf.net\/blog\/electrocute-par-du-courant-a-20-000-volts-un-jeune-ouvrier-trouve-la-mort-en-charente\/"},"author":{"name":"Carlos Poulain","@id":"https:\/\/www.accidentdutravail-idf.net\/blog\/#\/schema\/person\/3255d2f970de45e64bd9201f38e7b947"},"headline":"\u00c9lectrocut\u00e9 par du courant \u00e0 20.000 volts, un jeune ouvrier trouve la mort en Charente","datePublished":"2026-04-07T03:31:00+00:00","mainEntityOfPage":{"@id":"https:\/\/www.accidentdutravail-idf.net\/blog\/electrocute-par-du-courant-a-20-000-volts-un-jeune-ouvrier-trouve-la-mort-en-charente\/"},"wordCount":333,"publisher":{"@id":"https:\/\/www.accidentdutravail-idf.net\/blog\/#organization"},"articleSection":["S\u00e9curit\u00e9 Du Travail En Ile-De-France Et Divers:"],"inLanguage":"fr-FR"},{"@type":"WebPage","@id":"https:\/\/www.accidentdutravail-idf.net\/blog\/electrocute-par-du-courant-a-20-000-volts-un-jeune-ouvrier-trouve-la-mort-en-charente\/","url":"https:\/\/www.accidentdutravail-idf.net\/blog\/electrocute-par-du-courant-a-20-000-volts-un-jeune-ouvrier-trouve-la-mort-en-charente\/","name":"\u00c9lectrocut\u00e9 par du courant \u00e0 20.000 volts, un jeune ouvrier trouve la mort en Charente - ACCIDENTDUTRAVAIL-IDF","isPartOf":{"@id":"https:\/\/www.accidentdutravail-idf.net\/blog\/#website"},"datePublished":"2026-04-07T03:31:00+00:00","description":"\u00c9lectrocut\u00e9 par du courant \u00e0 20.000 volts, un jeune ouvrier trouve la mort en Charente article de ACCIDENTDUTRAVAIL-IDF","breadcrumb":{"@id":"https:\/\/www.accidentdutravail-idf.net\/blog\/electrocute-par-du-courant-a-20-000-volts-un-jeune-ouvrier-trouve-la-mort-en-charente\/#breadcrumb"},"inLanguage":"fr-FR","potentialAction":[{"@type":"ReadAction","target":["https:\/\/www.accidentdutravail-idf.net\/blog\/electrocute-par-du-courant-a-20-000-volts-un-jeune-ouvrier-trouve-la-mort-en-charente\/"]}]},{"@type":"BreadcrumbList","@id":"https:\/\/www.accidentdutravail-idf.net\/blog\/electrocute-par-du-courant-a-20-000-volts-un-jeune-ouvrier-trouve-la-mort-en-charente\/#breadcrumb","itemListElement":[{"@type":"ListItem","position":1,"name":"Accueil","item":"https:\/\/www.accidentdutravail-idf.net\/blog\/"},{"@type":"ListItem","position":2,"name":"\u00c9lectrocut\u00e9 par du courant \u00e0 20.000 volts, un jeune ouvrier trouve la mort en Charente"}]},{"@type":"WebSite","@id":"https:\/\/www.accidentdutravail-idf.net\/blog\/#website","url":"https:\/\/www.accidentdutravail-idf.net\/blog\/","name":"ACCIDENTDUTRAVAIL-IDF","description":"Portail accidents du travail-maladies professionnelles des entreprises d&#039;Ile-de-France","publisher":{"@id":"https:\/\/www.accidentdutravail-idf.net\/blog\/#organization"},"potentialAction":[{"@type":"SearchAction","target":{"@type":"EntryPoint","urlTemplate":"https:\/\/www.accidentdutravail-idf.net\/blog\/?s={search_term_string}"},"query-input":{"@type":"PropertyValueSpecification","valueRequired":true,"valueName":"search_term_string"}}],"inLanguage":"fr-FR"},{"@type":"Organization","@id":"https:\/\/www.accidentdutravail-idf.net\/blog\/#organization","name":"accidentdutravail-idf","url":"https:\/\/www.accidentdutravail-idf.net\/blog\/","logo":{"@type":"ImageObject","inLanguage":"fr-FR","@id":"https:\/\/www.accidentdutravail-idf.net\/blog\/#\/schema\/logo\/image\/","url":"https:\/\/www.accidentdutravail-idf.net\/blog\/wp-content\/uploads\/2022\/09\/logo-2.png","contentUrl":"https:\/\/www.accidentdutravail-idf.net\/blog\/wp-content\/uploads\/2022\/09\/logo-2.png","width":380,"height":291,"caption":"accidentdutravail-idf"},"image":{"@id":"https:\/\/www.accidentdutravail-idf.net\/blog\/#\/schema\/logo\/image\/"}},{"@type":"Person","@id":"https:\/\/www.accidentdutravail-idf.net\/blog\/#\/schema\/person\/3255d2f970de45e64bd9201f38e7b947","name":"Carlos Poulain","image":{"@type":"ImageObject","inLanguage":"fr-FR","@id":"https:\/\/secure.gravatar.com\/avatar\/b1c2f9d3588e34e91adb093635df64ef4b2381991216be7576466cfcdca4baf3?s=96&d=mm&r=g","url":"https:\/\/secure.gravatar.com\/avatar\/b1c2f9d3588e34e91adb093635df64ef4b2381991216be7576466cfcdca4baf3?s=96&d=mm&r=g","contentUrl":"https:\/\/secure.gravatar.com\/avatar\/b1c2f9d3588e34e91adb093635df64ef4b2381991216be7576466cfcdca4baf3?s=96&d=mm&r=g","caption":"Carlos Poulain"},"url":"https:\/\/www.accidentdutravail-idf.net\/blog\/author\/idfcarlos\/"}]}},"_links":{"self":[{"href":"https:\/\/www.accidentdutravail-idf.net\/blog\/wp-json\/wp\/v2\/posts\/2323","targetHints":{"allow":["GET"]}}],"collection":[{"href":"https:\/\/www.accidentdutravail-idf.net\/blog\/wp-json\/wp\/v2\/posts"}],"about":[{"href":"https:\/\/www.accidentdutravail-idf.net\/blog\/wp-json\/wp\/v2\/types\/post"}],"author":[{"embeddable":true,"href":"https:\/\/www.accidentdutravail-idf.net\/blog\/wp-json\/wp\/v2\/users\/2"}],"replies":[{"embeddable":true,"href":"https:\/\/www.accidentdutravail-idf.net\/blog\/wp-json\/wp\/v2\/comments?post=2323"}],"version-history":[{"count":0,"href":"https:\/\/www.accidentdutravail-idf.net\/blog\/wp-json\/wp\/v2\/posts\/2323\/revisions"}],"wp:attachment":[{"href":"https:\/\/www.accidentdutravail-idf.net\/blog\/wp-json\/wp\/v2\/media?parent=2323"}],"wp:term":[{"taxonomy":"category","embeddable":true,"href":"https:\/\/www.accidentdutravail-idf.net\/blog\/wp-json\/wp\/v2\/categories?post=2323"},{"taxonomy":"post_tag","embeddable":true,"href":"https:\/\/www.accidentdutravail-idf.net\/blog\/wp-json\/wp\/v2\/tags?post=2323"}],"curies":[{"name":"wp","href":"https:\/\/api.w.org\/{rel}","templated":true}]}}