{"id":2322,"date":"2026-04-14T02:50:00","date_gmt":"2026-04-14T00:50:00","guid":{"rendered":"https:\/\/www.accidentdutravail-idf.net\/blog\/accident-du-travail-en-lorraine-un-rondin-de-bois-se-decroche-dune-grue-et-tombe-sur-la-tete-dun-ouvrier\/"},"modified":"2026-04-14T02:50:00","modified_gmt":"2026-04-14T00:50:00","slug":"accident-du-travail-en-lorraine-un-rondin-de-bois-se-decroche-dune-grue-et-tombe-sur-la-tete-dun-ouvrier","status":"publish","type":"post","link":"https:\/\/www.accidentdutravail-idf.net\/blog\/accident-du-travail-en-lorraine-un-rondin-de-bois-se-decroche-dune-grue-et-tombe-sur-la-tete-dun-ouvrier\/","title":{"rendered":"Accident du travail en Lorraine : un rondin de bois se d\u00e9croche d&rsquo;une grue et tombe sur la t\u00eate d&rsquo;un ouvrier"},"content":{"rendered":"<div><img decoding=\"async\" src=\"https:\/\/www.accidentdutravail-idf.net\/blog\/wp-content\/uploads\/2026\/04\/accident-du-travail-en-lorraine-un-rondin-de-bois-se-decroche-dune-grue-et-tombe-sur-la-tete-dun-ouvrier.jpg\" class=\"ff-og-image-inserted\"><\/div>\n<div class=\"ac-article-date\"> Par <strong> <a href=\"https:\/\/actu.fr\/auteur\/pierre-emile-bouchy-actu-fr\" title=\"Consulter tous les articles de Paul-Emile Bouchy\" target=\"_blank\" rel=\"nofollow\">Paul-Emile Bouchy<\/a> <\/strong> <span> Publi\u00e9 le <time datetime=\"2026-04-14T10:50:35+02:00\"> 14 avr. 2026 \u00e0 10h50 <\/time> <\/span>\n<\/div>\n<div class=\"ac-article-actions\"> <button type=\"button\" class=\"ac-btn ac-btn--round ac-btn--border-gray ac-btn--bookmark\" data-trk=\"{&quot;cta&quot;:{&quot;action&quot;:&quot;&quot;,&quot;category&quot;:&quot;mon compte&quot;,&quot;from&quot;:&quot;article actions&quot;,&quot;name&quot;:&quot;Voir mes articles enregistr\\u00e9s&quot;,&quot;type&quot;:&quot;cta&quot;}}\" title=\"Enregistrer l'article\" aria-label=\"Enregistrer l'article\" aria-controls=\"bookmark\" aria-expanded=\"false\"> <span class=\"sr\">Enregistrer<\/span> <\/button> <button type=\"button\" class=\"ac-btn ac-btn--round ac-btn--border-gray ac-btn--share\" data-trk=\"{&quot;menu&quot;:{&quot;name&quot;:&quot;Partager&quot;,&quot;from&quot;:&quot;D\\u00e9but article&quot;}}\" title=\"Partager l'article\" aria-controls=\"share\" aria-expanded=\"false\" aria-label=\"Partager\"> <span class=\"sr\">Partager<\/span> <\/button> <\/div>\n<p>Un accident du travail a eu lieu lundi 13&nbsp;avril, peu avant midi, \u00e0 <strong>Gugn\u00e9court<\/strong> (<a href=\"https:\/\/actu.fr\/grand-est\/vosges_88\" target=\"_blank\" rel=\"nofollow\">Vosges<\/a>). <strong>Un ouvrier a \u00e9t\u00e9 heurt\u00e9 par un rondin de bois qui s\u2019est d\u00e9croch\u00e9 d\u2019une grue<\/strong>, d\u2019apr\u00e8s une information de <em><a href=\"https:\/\/www.vosgesmatin.fr\/faits-divers-justice\/2026\/04\/13\/des-rondins-de-bois-se-decrochent-d-une-grue-et-l-un-d-entre-eux-heurte-la-tete-d-un-trentenaire-a-gugnecourt\" target=\"_blank\" rel=\"nofollow\">Vosges Matin<\/a>&nbsp;<\/em>confirm\u00e9e par&nbsp;<em>Lorraine Actu&nbsp;<\/em>aupr\u00e8s de la <a href=\"https:\/\/actu.fr\/tag\/gendarmerie\" target=\"_blank\" rel=\"nofollow\">gendarmerie<\/a>.<\/p>\n<div class=\"ac-article-to-read wall-content\">\n<p>\u00c0 lire aussi<\/p>\n<\/div>\n<h2 class=\" wall-content\">Les rondins de bois se d\u00e9crochent de la grue<\/h2>\n<p class=\" wall-content\">\u00c0 l\u2019aide d\u2019une t\u00e9l\u00e9commande, l\u2019homme dirigeait la grue \u00e0 laquelle \u00e9taient accroch\u00e9s <strong>des rondins de bois non sangl\u00e9s<\/strong>.<\/p>\n<p class=\" wall-content\">\u00ab\u2009Ils sont tomb\u00e9s du crochet par lequel ils \u00e9taient tenus\u2009\u00bb, ajoutent les gendarmes.<\/p>\n<p class=\" wall-content\"><strong>Un rondin a alors frapp\u00e9 la t\u00eate de l\u2019individu qui ne portait pas de casque<\/strong>.<\/p>\n<p class=\" wall-content\">Pris en charge par les secours, il a \u00e9t\u00e9 transport\u00e9 vers l\u2019h\u00f4pital d\u2019\u00c9pinal. \u00ab\u2009Il allait bien\u2009\u00bb, rassure la gendarmerie.<\/p>\n<p class=\" wall-content\"><i>Personnalisez votre actualit\u00e9 en ajoutant vos villes et m\u00e9dias en favori avec <a href=\"https:\/\/moncompte.actu.fr\" title=\"D\u00e9couvez Mon Actu\" rel=\"nofollow\" data-trk=\"{&quot;cta&quot;:{&quot;action&quot;:&quot;https:\\\/\\\/moncompte.actu.fr&quot;,&quot;category&quot;:&quot;mon compte&quot;,&quot;from&quot;:&quot;article footer&quot;,&quot;name&quot;:&quot;Mon actu&quot;,&quot;type&quot;:&quot;cta&quot;}}\" target=\"_blank\">Mon Actu<\/a>.<\/i><\/p>\n<p> accidentdutravail-idf.net vous a pr\u00e9par\u00e9 ce post qui informe du sujet \u00ab\u00a0Association Sportive Huisson-Longueville Essonne\u00a0\u00bb. La chronique se veut g\u00e9n\u00e9r\u00e9e du mieux possible. Vous pouvez utiliser les coordonn\u00e9es indiqu\u00e9es sur le site dans le but d\u2019apporter des explications sur ce post qui parle du th\u00e8me \u00ab\u00a0Association Sportive Huisson-Longueville Essonne\u00a0\u00bb. Le site accidentdutravail-idf.net a pour but de fournir diverses publications sur la th\u00e9matique Association Sportive Huisson-Longueville Essonne diffus\u00e9es sur le net. Il y aura plusieurs articles autour du sujet \u00ab\u00a0Association Sportive Huisson-Longueville Essonne\u00a0\u00bb dans quelques jours, nous vous invitons \u00e0 naviguer sur notre site web \u00e0 plusieurs reprises.<\/p>\n","protected":false},"excerpt":{"rendered":"<p>Par Paul-Emile Bouchy Publi\u00e9 le 14 avr. 2026 \u00e0 10h50 Enregistrer Partager Un accident du travail a eu lieu lundi 13&nbsp;avril, peu avant midi, \u00e0 Gugn\u00e9court (Vosges). Un ouvrier a \u00e9t\u00e9 heurt\u00e9 par un rondin de bois qui s\u2019est d\u00e9croch\u00e9 d\u2019une grue, d\u2019apr\u00e8s une information de Vosges Matin&nbsp;confirm\u00e9e par&nbsp;Lorraine Actu&nbsp;aupr\u00e8s de la gendarmerie. \u00c0 lire &hellip; <\/p>\n<p class=\"link-more\"><a href=\"https:\/\/www.accidentdutravail-idf.net\/blog\/accident-du-travail-en-lorraine-un-rondin-de-bois-se-decroche-dune-grue-et-tombe-sur-la-tete-dun-ouvrier\/\" class=\"more-link\">Continuer la lecture <span class=\"screen-reader-text\"> \u00ab\u00a0Accident du travail en Lorraine : un rondin de bois se d\u00e9croche d&rsquo;une grue et tombe sur la t\u00eate d&rsquo;un ouvrier\u00a0\u00bb<\/span><\/a><\/p>\n","protected":false},"author":2,"featured_media":0,"comment_status":"closed","ping_status":"closed","sticky":false,"template":"","format":"standard","meta":{"footnotes":""},"categories":[5],"tags":[],"class_list":["post-2322","post","type-post","status-publish","format-standard","hentry","category-securite-du-travail-en-ile-de-france-et-divers","entry"],"yoast_head":"<!-- This site is optimized with the Yoast SEO plugin v27.5 - https:\/\/yoast.com\/product\/yoast-seo-wordpress\/ -->\n<title>Accident du travail en Lorraine : un rondin de bois se d\u00e9croche d&#039;une grue et tombe sur la t\u00eate d&#039;un ouvrier - ACCIDENTDUTRAVAIL-IDF<\/title>\n<meta name=\"description\" content=\"Accident du travail en Lorraine : un rondin de bois se d\u00e9croche d&#039;une grue et tombe sur la t\u00eate d&#039;un ouvrier article de ACCIDENTDUTRAVAIL-IDF\" \/>\n<meta name=\"robots\" content=\"index, follow, max-snippet:-1, max-image-preview:large, max-video-preview:-1\" \/>\n<link rel=\"canonical\" href=\"https:\/\/www.accidentdutravail-idf.net\/blog\/accident-du-travail-en-lorraine-un-rondin-de-bois-se-decroche-dune-grue-et-tombe-sur-la-tete-dun-ouvrier\/\" \/>\n<meta property=\"og:locale\" content=\"fr_FR\" \/>\n<meta property=\"og:type\" content=\"article\" \/>\n<meta property=\"og:title\" content=\"Accident du travail en Lorraine : un rondin de bois se d\u00e9croche d&#039;une grue et tombe sur la t\u00eate d&#039;un ouvrier - ACCIDENTDUTRAVAIL-IDF\" \/>\n<meta property=\"og:description\" content=\"Accident du travail en Lorraine : un rondin de bois se d\u00e9croche d&#039;une grue et tombe sur la t\u00eate d&#039;un ouvrier article de ACCIDENTDUTRAVAIL-IDF\" \/>\n<meta property=\"og:url\" content=\"https:\/\/www.accidentdutravail-idf.net\/blog\/accident-du-travail-en-lorraine-un-rondin-de-bois-se-decroche-dune-grue-et-tombe-sur-la-tete-dun-ouvrier\/\" \/>\n<meta property=\"og:site_name\" content=\"ACCIDENTDUTRAVAIL-IDF\" \/>\n<meta property=\"article:published_time\" content=\"2026-04-14T00:50:00+00:00\" \/>\n<meta property=\"og:image\" content=\"https:\/\/www.accidentdutravail-idf.net\/blog\/wp-content\/uploads\/2026\/04\/accident-du-travail-en-lorraine-un-rondin-de-bois-se-decroche-dune-grue-et-tombe-sur-la-tete-dun-ouvrier.jpg\" \/>\n<meta name=\"author\" content=\"Carlos Poulain\" \/>\n<meta name=\"twitter:card\" content=\"summary_large_image\" \/>\n<meta name=\"twitter:label1\" content=\"\u00c9crit par\" \/>\n\t<meta name=\"twitter:data1\" content=\"Carlos Poulain\" \/>\n\t<meta name=\"twitter:label2\" content=\"Dur\u00e9e de lecture estim\u00e9e\" \/>\n\t<meta name=\"twitter:data2\" content=\"1 minute\" \/>\n<script type=\"application\/ld+json\" class=\"yoast-schema-graph\">{\"@context\":\"https:\\\/\\\/schema.org\",\"@graph\":[{\"@type\":\"Article\",\"@id\":\"https:\\\/\\\/www.accidentdutravail-idf.net\\\/blog\\\/accident-du-travail-en-lorraine-un-rondin-de-bois-se-decroche-dune-grue-et-tombe-sur-la-tete-dun-ouvrier\\\/#article\",\"isPartOf\":{\"@id\":\"https:\\\/\\\/www.accidentdutravail-idf.net\\\/blog\\\/accident-du-travail-en-lorraine-un-rondin-de-bois-se-decroche-dune-grue-et-tombe-sur-la-tete-dun-ouvrier\\\/\"},\"author\":{\"name\":\"Carlos Poulain\",\"@id\":\"https:\\\/\\\/www.accidentdutravail-idf.net\\\/blog\\\/#\\\/schema\\\/person\\\/3255d2f970de45e64bd9201f38e7b947\"},\"headline\":\"Accident du travail en Lorraine : un rondin de bois se d\u00e9croche d&rsquo;une grue et tombe sur la t\u00eate d&rsquo;un ouvrier\",\"datePublished\":\"2026-04-14T00:50:00+00:00\",\"mainEntityOfPage\":{\"@id\":\"https:\\\/\\\/www.accidentdutravail-idf.net\\\/blog\\\/accident-du-travail-en-lorraine-un-rondin-de-bois-se-decroche-dune-grue-et-tombe-sur-la-tete-dun-ouvrier\\\/\"},\"wordCount\":295,\"publisher\":{\"@id\":\"https:\\\/\\\/www.accidentdutravail-idf.net\\\/blog\\\/#organization\"},\"image\":{\"@id\":\"https:\\\/\\\/www.accidentdutravail-idf.net\\\/blog\\\/accident-du-travail-en-lorraine-un-rondin-de-bois-se-decroche-dune-grue-et-tombe-sur-la-tete-dun-ouvrier\\\/#primaryimage\"},\"thumbnailUrl\":\"https:\\\/\\\/www.accidentdutravail-idf.net\\\/blog\\\/wp-content\\\/uploads\\\/2026\\\/04\\\/accident-du-travail-en-lorraine-un-rondin-de-bois-se-decroche-dune-grue-et-tombe-sur-la-tete-dun-ouvrier.jpg\",\"articleSection\":[\"S\u00e9curit\u00e9 Du Travail En Ile-De-France Et Divers:\"],\"inLanguage\":\"fr-FR\"},{\"@type\":\"WebPage\",\"@id\":\"https:\\\/\\\/www.accidentdutravail-idf.net\\\/blog\\\/accident-du-travail-en-lorraine-un-rondin-de-bois-se-decroche-dune-grue-et-tombe-sur-la-tete-dun-ouvrier\\\/\",\"url\":\"https:\\\/\\\/www.accidentdutravail-idf.net\\\/blog\\\/accident-du-travail-en-lorraine-un-rondin-de-bois-se-decroche-dune-grue-et-tombe-sur-la-tete-dun-ouvrier\\\/\",\"name\":\"Accident du travail en Lorraine : un rondin de bois se d\u00e9croche d'une grue et tombe sur la t\u00eate d'un ouvrier - ACCIDENTDUTRAVAIL-IDF\",\"isPartOf\":{\"@id\":\"https:\\\/\\\/www.accidentdutravail-idf.net\\\/blog\\\/#website\"},\"primaryImageOfPage\":{\"@id\":\"https:\\\/\\\/www.accidentdutravail-idf.net\\\/blog\\\/accident-du-travail-en-lorraine-un-rondin-de-bois-se-decroche-dune-grue-et-tombe-sur-la-tete-dun-ouvrier\\\/#primaryimage\"},\"image\":{\"@id\":\"https:\\\/\\\/www.accidentdutravail-idf.net\\\/blog\\\/accident-du-travail-en-lorraine-un-rondin-de-bois-se-decroche-dune-grue-et-tombe-sur-la-tete-dun-ouvrier\\\/#primaryimage\"},\"thumbnailUrl\":\"https:\\\/\\\/www.accidentdutravail-idf.net\\\/blog\\\/wp-content\\\/uploads\\\/2026\\\/04\\\/accident-du-travail-en-lorraine-un-rondin-de-bois-se-decroche-dune-grue-et-tombe-sur-la-tete-dun-ouvrier.jpg\",\"datePublished\":\"2026-04-14T00:50:00+00:00\",\"description\":\"Accident du travail en Lorraine : un rondin de bois se d\u00e9croche d'une grue et tombe sur la t\u00eate d'un ouvrier article de ACCIDENTDUTRAVAIL-IDF\",\"breadcrumb\":{\"@id\":\"https:\\\/\\\/www.accidentdutravail-idf.net\\\/blog\\\/accident-du-travail-en-lorraine-un-rondin-de-bois-se-decroche-dune-grue-et-tombe-sur-la-tete-dun-ouvrier\\\/#breadcrumb\"},\"inLanguage\":\"fr-FR\",\"potentialAction\":[{\"@type\":\"ReadAction\",\"target\":[\"https:\\\/\\\/www.accidentdutravail-idf.net\\\/blog\\\/accident-du-travail-en-lorraine-un-rondin-de-bois-se-decroche-dune-grue-et-tombe-sur-la-tete-dun-ouvrier\\\/\"]}]},{\"@type\":\"ImageObject\",\"inLanguage\":\"fr-FR\",\"@id\":\"https:\\\/\\\/www.accidentdutravail-idf.net\\\/blog\\\/accident-du-travail-en-lorraine-un-rondin-de-bois-se-decroche-dune-grue-et-tombe-sur-la-tete-dun-ouvrier\\\/#primaryimage\",\"url\":\"https:\\\/\\\/www.accidentdutravail-idf.net\\\/blog\\\/wp-content\\\/uploads\\\/2026\\\/04\\\/accident-du-travail-en-lorraine-un-rondin-de-bois-se-decroche-dune-grue-et-tombe-sur-la-tete-dun-ouvrier.jpg\",\"contentUrl\":\"https:\\\/\\\/www.accidentdutravail-idf.net\\\/blog\\\/wp-content\\\/uploads\\\/2026\\\/04\\\/accident-du-travail-en-lorraine-un-rondin-de-bois-se-decroche-dune-grue-et-tombe-sur-la-tete-dun-ouvrier.jpg\"},{\"@type\":\"BreadcrumbList\",\"@id\":\"https:\\\/\\\/www.accidentdutravail-idf.net\\\/blog\\\/accident-du-travail-en-lorraine-un-rondin-de-bois-se-decroche-dune-grue-et-tombe-sur-la-tete-dun-ouvrier\\\/#breadcrumb\",\"itemListElement\":[{\"@type\":\"ListItem\",\"position\":1,\"name\":\"Accueil\",\"item\":\"https:\\\/\\\/www.accidentdutravail-idf.net\\\/blog\\\/\"},{\"@type\":\"ListItem\",\"position\":2,\"name\":\"Accident du travail en Lorraine : un rondin de bois se d\u00e9croche d&rsquo;une grue et tombe sur la t\u00eate d&rsquo;un ouvrier\"}]},{\"@type\":\"WebSite\",\"@id\":\"https:\\\/\\\/www.accidentdutravail-idf.net\\\/blog\\\/#website\",\"url\":\"https:\\\/\\\/www.accidentdutravail-idf.net\\\/blog\\\/\",\"name\":\"ACCIDENTDUTRAVAIL-IDF\",\"description\":\"Portail accidents du travail-maladies professionnelles des entreprises d&#039;Ile-de-France\",\"publisher\":{\"@id\":\"https:\\\/\\\/www.accidentdutravail-idf.net\\\/blog\\\/#organization\"},\"potentialAction\":[{\"@type\":\"SearchAction\",\"target\":{\"@type\":\"EntryPoint\",\"urlTemplate\":\"https:\\\/\\\/www.accidentdutravail-idf.net\\\/blog\\\/?s={search_term_string}\"},\"query-input\":{\"@type\":\"PropertyValueSpecification\",\"valueRequired\":true,\"valueName\":\"search_term_string\"}}],\"inLanguage\":\"fr-FR\"},{\"@type\":\"Organization\",\"@id\":\"https:\\\/\\\/www.accidentdutravail-idf.net\\\/blog\\\/#organization\",\"name\":\"accidentdutravail-idf\",\"url\":\"https:\\\/\\\/www.accidentdutravail-idf.net\\\/blog\\\/\",\"logo\":{\"@type\":\"ImageObject\",\"inLanguage\":\"fr-FR\",\"@id\":\"https:\\\/\\\/www.accidentdutravail-idf.net\\\/blog\\\/#\\\/schema\\\/logo\\\/image\\\/\",\"url\":\"https:\\\/\\\/www.accidentdutravail-idf.net\\\/blog\\\/wp-content\\\/uploads\\\/2022\\\/09\\\/logo-2.png\",\"contentUrl\":\"https:\\\/\\\/www.accidentdutravail-idf.net\\\/blog\\\/wp-content\\\/uploads\\\/2022\\\/09\\\/logo-2.png\",\"width\":380,\"height\":291,\"caption\":\"accidentdutravail-idf\"},\"image\":{\"@id\":\"https:\\\/\\\/www.accidentdutravail-idf.net\\\/blog\\\/#\\\/schema\\\/logo\\\/image\\\/\"}},{\"@type\":\"Person\",\"@id\":\"https:\\\/\\\/www.accidentdutravail-idf.net\\\/blog\\\/#\\\/schema\\\/person\\\/3255d2f970de45e64bd9201f38e7b947\",\"name\":\"Carlos Poulain\",\"image\":{\"@type\":\"ImageObject\",\"inLanguage\":\"fr-FR\",\"@id\":\"https:\\\/\\\/secure.gravatar.com\\\/avatar\\\/b1c2f9d3588e34e91adb093635df64ef4b2381991216be7576466cfcdca4baf3?s=96&d=mm&r=g\",\"url\":\"https:\\\/\\\/secure.gravatar.com\\\/avatar\\\/b1c2f9d3588e34e91adb093635df64ef4b2381991216be7576466cfcdca4baf3?s=96&d=mm&r=g\",\"contentUrl\":\"https:\\\/\\\/secure.gravatar.com\\\/avatar\\\/b1c2f9d3588e34e91adb093635df64ef4b2381991216be7576466cfcdca4baf3?s=96&d=mm&r=g\",\"caption\":\"Carlos Poulain\"},\"url\":\"https:\\\/\\\/www.accidentdutravail-idf.net\\\/blog\\\/author\\\/idfcarlos\\\/\"}]}<\/script>\n<!-- \/ Yoast SEO plugin. -->","yoast_head_json":{"title":"Accident du travail en Lorraine : un rondin de bois se d\u00e9croche d'une grue et tombe sur la t\u00eate d'un ouvrier - ACCIDENTDUTRAVAIL-IDF","description":"Accident du travail en Lorraine : un rondin de bois se d\u00e9croche d'une grue et tombe sur la t\u00eate d'un ouvrier article de ACCIDENTDUTRAVAIL-IDF","robots":{"index":"index","follow":"follow","max-snippet":"max-snippet:-1","max-image-preview":"max-image-preview:large","max-video-preview":"max-video-preview:-1"},"canonical":"https:\/\/www.accidentdutravail-idf.net\/blog\/accident-du-travail-en-lorraine-un-rondin-de-bois-se-decroche-dune-grue-et-tombe-sur-la-tete-dun-ouvrier\/","og_locale":"fr_FR","og_type":"article","og_title":"Accident du travail en Lorraine : un rondin de bois se d\u00e9croche d'une grue et tombe sur la t\u00eate d'un ouvrier - ACCIDENTDUTRAVAIL-IDF","og_description":"Accident du travail en Lorraine : un rondin de bois se d\u00e9croche d'une grue et tombe sur la t\u00eate d'un ouvrier article de ACCIDENTDUTRAVAIL-IDF","og_url":"https:\/\/www.accidentdutravail-idf.net\/blog\/accident-du-travail-en-lorraine-un-rondin-de-bois-se-decroche-dune-grue-et-tombe-sur-la-tete-dun-ouvrier\/","og_site_name":"ACCIDENTDUTRAVAIL-IDF","article_published_time":"2026-04-14T00:50:00+00:00","og_image":[{"url":"https:\/\/www.accidentdutravail-idf.net\/blog\/wp-content\/uploads\/2026\/04\/accident-du-travail-en-lorraine-un-rondin-de-bois-se-decroche-dune-grue-et-tombe-sur-la-tete-dun-ouvrier.jpg","type":"","width":"","height":""}],"author":"Carlos Poulain","twitter_card":"summary_large_image","twitter_misc":{"\u00c9crit par":"Carlos Poulain","Dur\u00e9e de lecture estim\u00e9e":"1 minute"},"schema":{"@context":"https:\/\/schema.org","@graph":[{"@type":"Article","@id":"https:\/\/www.accidentdutravail-idf.net\/blog\/accident-du-travail-en-lorraine-un-rondin-de-bois-se-decroche-dune-grue-et-tombe-sur-la-tete-dun-ouvrier\/#article","isPartOf":{"@id":"https:\/\/www.accidentdutravail-idf.net\/blog\/accident-du-travail-en-lorraine-un-rondin-de-bois-se-decroche-dune-grue-et-tombe-sur-la-tete-dun-ouvrier\/"},"author":{"name":"Carlos Poulain","@id":"https:\/\/www.accidentdutravail-idf.net\/blog\/#\/schema\/person\/3255d2f970de45e64bd9201f38e7b947"},"headline":"Accident du travail en Lorraine : un rondin de bois se d\u00e9croche d&rsquo;une grue et tombe sur la t\u00eate d&rsquo;un ouvrier","datePublished":"2026-04-14T00:50:00+00:00","mainEntityOfPage":{"@id":"https:\/\/www.accidentdutravail-idf.net\/blog\/accident-du-travail-en-lorraine-un-rondin-de-bois-se-decroche-dune-grue-et-tombe-sur-la-tete-dun-ouvrier\/"},"wordCount":295,"publisher":{"@id":"https:\/\/www.accidentdutravail-idf.net\/blog\/#organization"},"image":{"@id":"https:\/\/www.accidentdutravail-idf.net\/blog\/accident-du-travail-en-lorraine-un-rondin-de-bois-se-decroche-dune-grue-et-tombe-sur-la-tete-dun-ouvrier\/#primaryimage"},"thumbnailUrl":"https:\/\/www.accidentdutravail-idf.net\/blog\/wp-content\/uploads\/2026\/04\/accident-du-travail-en-lorraine-un-rondin-de-bois-se-decroche-dune-grue-et-tombe-sur-la-tete-dun-ouvrier.jpg","articleSection":["S\u00e9curit\u00e9 Du Travail En Ile-De-France Et Divers:"],"inLanguage":"fr-FR"},{"@type":"WebPage","@id":"https:\/\/www.accidentdutravail-idf.net\/blog\/accident-du-travail-en-lorraine-un-rondin-de-bois-se-decroche-dune-grue-et-tombe-sur-la-tete-dun-ouvrier\/","url":"https:\/\/www.accidentdutravail-idf.net\/blog\/accident-du-travail-en-lorraine-un-rondin-de-bois-se-decroche-dune-grue-et-tombe-sur-la-tete-dun-ouvrier\/","name":"Accident du travail en Lorraine : un rondin de bois se d\u00e9croche d'une grue et tombe sur la t\u00eate d'un ouvrier - ACCIDENTDUTRAVAIL-IDF","isPartOf":{"@id":"https:\/\/www.accidentdutravail-idf.net\/blog\/#website"},"primaryImageOfPage":{"@id":"https:\/\/www.accidentdutravail-idf.net\/blog\/accident-du-travail-en-lorraine-un-rondin-de-bois-se-decroche-dune-grue-et-tombe-sur-la-tete-dun-ouvrier\/#primaryimage"},"image":{"@id":"https:\/\/www.accidentdutravail-idf.net\/blog\/accident-du-travail-en-lorraine-un-rondin-de-bois-se-decroche-dune-grue-et-tombe-sur-la-tete-dun-ouvrier\/#primaryimage"},"thumbnailUrl":"https:\/\/www.accidentdutravail-idf.net\/blog\/wp-content\/uploads\/2026\/04\/accident-du-travail-en-lorraine-un-rondin-de-bois-se-decroche-dune-grue-et-tombe-sur-la-tete-dun-ouvrier.jpg","datePublished":"2026-04-14T00:50:00+00:00","description":"Accident du travail en Lorraine : un rondin de bois se d\u00e9croche d'une grue et tombe sur la t\u00eate d'un ouvrier article de ACCIDENTDUTRAVAIL-IDF","breadcrumb":{"@id":"https:\/\/www.accidentdutravail-idf.net\/blog\/accident-du-travail-en-lorraine-un-rondin-de-bois-se-decroche-dune-grue-et-tombe-sur-la-tete-dun-ouvrier\/#breadcrumb"},"inLanguage":"fr-FR","potentialAction":[{"@type":"ReadAction","target":["https:\/\/www.accidentdutravail-idf.net\/blog\/accident-du-travail-en-lorraine-un-rondin-de-bois-se-decroche-dune-grue-et-tombe-sur-la-tete-dun-ouvrier\/"]}]},{"@type":"ImageObject","inLanguage":"fr-FR","@id":"https:\/\/www.accidentdutravail-idf.net\/blog\/accident-du-travail-en-lorraine-un-rondin-de-bois-se-decroche-dune-grue-et-tombe-sur-la-tete-dun-ouvrier\/#primaryimage","url":"https:\/\/www.accidentdutravail-idf.net\/blog\/wp-content\/uploads\/2026\/04\/accident-du-travail-en-lorraine-un-rondin-de-bois-se-decroche-dune-grue-et-tombe-sur-la-tete-dun-ouvrier.jpg","contentUrl":"https:\/\/www.accidentdutravail-idf.net\/blog\/wp-content\/uploads\/2026\/04\/accident-du-travail-en-lorraine-un-rondin-de-bois-se-decroche-dune-grue-et-tombe-sur-la-tete-dun-ouvrier.jpg"},{"@type":"BreadcrumbList","@id":"https:\/\/www.accidentdutravail-idf.net\/blog\/accident-du-travail-en-lorraine-un-rondin-de-bois-se-decroche-dune-grue-et-tombe-sur-la-tete-dun-ouvrier\/#breadcrumb","itemListElement":[{"@type":"ListItem","position":1,"name":"Accueil","item":"https:\/\/www.accidentdutravail-idf.net\/blog\/"},{"@type":"ListItem","position":2,"name":"Accident du travail en Lorraine : un rondin de bois se d\u00e9croche d&rsquo;une grue et tombe sur la t\u00eate d&rsquo;un ouvrier"}]},{"@type":"WebSite","@id":"https:\/\/www.accidentdutravail-idf.net\/blog\/#website","url":"https:\/\/www.accidentdutravail-idf.net\/blog\/","name":"ACCIDENTDUTRAVAIL-IDF","description":"Portail accidents du travail-maladies professionnelles des entreprises d&#039;Ile-de-France","publisher":{"@id":"https:\/\/www.accidentdutravail-idf.net\/blog\/#organization"},"potentialAction":[{"@type":"SearchAction","target":{"@type":"EntryPoint","urlTemplate":"https:\/\/www.accidentdutravail-idf.net\/blog\/?s={search_term_string}"},"query-input":{"@type":"PropertyValueSpecification","valueRequired":true,"valueName":"search_term_string"}}],"inLanguage":"fr-FR"},{"@type":"Organization","@id":"https:\/\/www.accidentdutravail-idf.net\/blog\/#organization","name":"accidentdutravail-idf","url":"https:\/\/www.accidentdutravail-idf.net\/blog\/","logo":{"@type":"ImageObject","inLanguage":"fr-FR","@id":"https:\/\/www.accidentdutravail-idf.net\/blog\/#\/schema\/logo\/image\/","url":"https:\/\/www.accidentdutravail-idf.net\/blog\/wp-content\/uploads\/2022\/09\/logo-2.png","contentUrl":"https:\/\/www.accidentdutravail-idf.net\/blog\/wp-content\/uploads\/2022\/09\/logo-2.png","width":380,"height":291,"caption":"accidentdutravail-idf"},"image":{"@id":"https:\/\/www.accidentdutravail-idf.net\/blog\/#\/schema\/logo\/image\/"}},{"@type":"Person","@id":"https:\/\/www.accidentdutravail-idf.net\/blog\/#\/schema\/person\/3255d2f970de45e64bd9201f38e7b947","name":"Carlos Poulain","image":{"@type":"ImageObject","inLanguage":"fr-FR","@id":"https:\/\/secure.gravatar.com\/avatar\/b1c2f9d3588e34e91adb093635df64ef4b2381991216be7576466cfcdca4baf3?s=96&d=mm&r=g","url":"https:\/\/secure.gravatar.com\/avatar\/b1c2f9d3588e34e91adb093635df64ef4b2381991216be7576466cfcdca4baf3?s=96&d=mm&r=g","contentUrl":"https:\/\/secure.gravatar.com\/avatar\/b1c2f9d3588e34e91adb093635df64ef4b2381991216be7576466cfcdca4baf3?s=96&d=mm&r=g","caption":"Carlos Poulain"},"url":"https:\/\/www.accidentdutravail-idf.net\/blog\/author\/idfcarlos\/"}]}},"_links":{"self":[{"href":"https:\/\/www.accidentdutravail-idf.net\/blog\/wp-json\/wp\/v2\/posts\/2322","targetHints":{"allow":["GET"]}}],"collection":[{"href":"https:\/\/www.accidentdutravail-idf.net\/blog\/wp-json\/wp\/v2\/posts"}],"about":[{"href":"https:\/\/www.accidentdutravail-idf.net\/blog\/wp-json\/wp\/v2\/types\/post"}],"author":[{"embeddable":true,"href":"https:\/\/www.accidentdutravail-idf.net\/blog\/wp-json\/wp\/v2\/users\/2"}],"replies":[{"embeddable":true,"href":"https:\/\/www.accidentdutravail-idf.net\/blog\/wp-json\/wp\/v2\/comments?post=2322"}],"version-history":[{"count":0,"href":"https:\/\/www.accidentdutravail-idf.net\/blog\/wp-json\/wp\/v2\/posts\/2322\/revisions"}],"wp:attachment":[{"href":"https:\/\/www.accidentdutravail-idf.net\/blog\/wp-json\/wp\/v2\/media?parent=2322"}],"wp:term":[{"taxonomy":"category","embeddable":true,"href":"https:\/\/www.accidentdutravail-idf.net\/blog\/wp-json\/wp\/v2\/categories?post=2322"},{"taxonomy":"post_tag","embeddable":true,"href":"https:\/\/www.accidentdutravail-idf.net\/blog\/wp-json\/wp\/v2\/tags?post=2322"}],"curies":[{"name":"wp","href":"https:\/\/api.w.org\/{rel}","templated":true}]}}