{"id":2320,"date":"2026-04-13T04:14:00","date_gmt":"2026-04-13T02:14:00","guid":{"rendered":"https:\/\/www.accidentdutravail-idf.net\/blog\/je-veux-que-justice-soit-faite-pour-que-cela-narrive-plus-le-combat-de-pierrick-apres-son-accident-sur-un-chantier-solaire\/"},"modified":"2026-04-13T04:14:00","modified_gmt":"2026-04-13T02:14:00","slug":"je-veux-que-justice-soit-faite-pour-que-cela-narrive-plus-le-combat-de-pierrick-apres-son-accident-sur-un-chantier-solaire","status":"publish","type":"post","link":"https:\/\/www.accidentdutravail-idf.net\/blog\/je-veux-que-justice-soit-faite-pour-que-cela-narrive-plus-le-combat-de-pierrick-apres-son-accident-sur-un-chantier-solaire\/","title":{"rendered":"\u00ab\u00a0Je veux que justice soit faite pour que cela n\u2019arrive plus\u00a0\u00bb : le combat de Pierrick apr\u00e8s son accident sur un chantier solaire"},"content":{"rendered":"<p> <span class=\"article-full__chapo-label hide-on-small-only\">l&rsquo;essentiel<\/span> Victime d\u2019un grave accident du travail en novembre 2024 sur un chantier de panneaux solaires, Pierrick L\u00e9on, 30 ans, affirme avoir \u00e9t\u00e9 envoy\u00e9 sur un toit sans \u00e9quipement de s\u00e9curit\u00e9 ni formation adapt\u00e9e. Aujourd\u2019hui lourdement handicap\u00e9, l\u2019ancien apprenti dit vouloir obtenir la condamnation de son ex-employeur, d\u00e9j\u00e0 vis\u00e9 par de nombreuses plaintes. <\/p>\n<div data-state=\"fixed-height\" data-selection=\"disabled\"> <!-- Pub DFP Position [outstream] --> <\/p>\n<p>\u00c0 plusieurs reprises, ces quatre derni\u00e8res ann\u00e9es, nous avons \u00e9voqu\u00e9 les d\u00e9boires de dizaines de clients victimes des pratiques de Killian Martin, g\u00e9rant de la Solaire de France. Panneaux solaires non livr\u00e9s, malfa\u00e7ons, pi\u00e8ces manquantes\u2026<\/p>\n<p><!-- Pub DFP Position [article] --> <\/p>\n<p class=\"std-elt__inline\"> <strong>\u00c0 lire aussi :<\/strong> <a href=\"https:\/\/www.ladepeche.fr\/2026\/03\/03\/travail-dissimule-securite-et-btp-en-tete-des-2550-meur-de-fraude-sociale-redresses-par-lurssaf-en-haute-garonne-13253075.php\" target=\"_blank\" rel=\"nofollow\">Travail dissimul\u00e9&nbsp;: s\u00e9curit\u00e9 et BTP en t\u00eate des 25,50&nbsp;M\u20ac de fraude sociale redress\u00e9s par l\u2019Urssaf en Haute-Garonne<\/a> <\/p>\n<p>Les griefs \u00e0 l\u2019encontre de ce Toulousain de 35 ans sont nombreux. Son entreprise a par ailleurs \u00e9t\u00e9 plac\u00e9e en redressement judiciaire le 19 f\u00e9vrier dernier.<\/p>\n<div class=\"center-align\" data-protec-aida=\"image\">\n<figure class=\"std-img\" data-src=\"https:\/\/images.ladepeche.fr\/api\/v1\/images\/view\/69d614e9b669788fdd0833e4\/original\/image.jpg?v=1\"> <img class=\"std-img__img responsive-img\" data-src=\"https:\/\/www.accidentdutravail-idf.net\/blog\/wp-content\/uploads\/2026\/04\/je-veux-que-justice-soit-faite-pour-que-cela-narrive-plus-le-combat-de-pierrick-apres-son-accident-sur-un-chantier-solaire.jpg\" alt=\"Depuis son accident du travail, Pierrick L\u00e9on ne se d\u00e9place jamais sans sa canne, de peur de chuter \u00e0 tout moment en raison de ses troubles de l\u2019\u00e9quilibre.\"><figcaption class=\"article-full__media-infos\"> <span class=\"article-full__media-legend\">Depuis son accident du travail, Pierrick L\u00e9on ne se d\u00e9place jamais sans sa canne, de peur de chuter \u00e0 tout moment en raison de ses troubles de l\u2019\u00e9quilibre.<\/span> <span class=\"article-full__media-author\">DDM &#8211; NATHALIE SAINT AFFRE<\/span> <\/figcaption><\/figure>\n<\/div>\n<p>Pierrick L\u00e9on aurait lui aussi \u00e9t\u00e9 victime de la Solaire de France, avec cette fois des s\u00e9quelles bien au-del\u00e0 du pr\u00e9judice mat\u00e9riel.<\/p>\n<h2 class=\"txt-int\">Des douleurs chroniques<\/h2>\n<p>Le jeune homme de 30 ans venait tout juste d\u2019\u00eatre embauch\u00e9 en apprentissage quand le pire est arriv\u00e9. C\u2019\u00e9tait le 26 novembre 2024. Ce jour-l\u00e0, accompagn\u00e9 de quatre coll\u00e8gues, Pierrick est dans l\u2019Allier mandat\u00e9 par la Solaire de France. Selon son t\u00e9moignage, il monte sur un toit agricole situ\u00e9 \u00e0 environ 15 m\u00e8tres de haut, sans harnais, sans chaussures de s\u00e9curit\u00e9 et sans avoir re\u00e7u la moindre formation.<\/p>\n<p class=\"std-elt__inline\"> <strong>\u00c0 lire aussi :<\/strong> <a href=\"https:\/\/www.ladepeche.fr\/2026\/03\/13\/apres-trois-chutes-dont-une-mortelle-sur-des-chantiers-linspection-du-travail-alerte-et-renforce-les-controles-13268195.php\" target=\"_blank\" rel=\"nofollow\">Apr\u00e8s trois chutes dont une mortelle sur des chantiers, l\u2019inspection du travail alerte et renforce les contr\u00f4les<\/a> <\/p>\n<p>\u00ab\u00a0Il pleuvait, le toit \u00e9tait glissant. J\u2019ai perdu l\u2019\u00e9quilibre, le panneau solaire de 25 kg m\u2019est tomb\u00e9 dessus. Je me suis ouvert le testicule gauche, douze points de suture ont \u00e9t\u00e9 n\u00e9cessaires. Mes coll\u00e8gues m\u2019ont aid\u00e9 \u00e0 descendre et ont appel\u00e9 les pompiers.\u00a0\u00bb Le d\u00e9but d\u2019un long calvaire pour le jeune Toulousain.<\/p>\n<p>\u00ab\u00a0J\u2019ai eu un traumatisme cr\u00e2nien, une perte auditive d\u00e9finitive des deux oreilles, une baisse de la vue et un \u00e9tat d\u00e9pressif post-traumatique chronique. J\u2019ai aussi des crises vestibulaires : sans pr\u00e9venir, je perds l\u2019\u00e9quilibre et je tombe. Je marche d\u00e9sormais avec une canne. Les douleurs sont constantes, \u00e9valu\u00e9es \u00e0 7 sur 10 par la m\u00e9decine du travail. Je dors \u00e0 peine trois heures par nuit.\u00a0\u00bb<\/p>\n<h2 class=\"txt-int\">Licenci\u00e9 par texto un mois et demi apr\u00e8s l\u2019accident<\/h2>\n<p>Malgr\u00e9 la gravit\u00e9 de l\u2019accident, Pierrick assure que son employeur n\u2019a pris aucune nouvelle de lui. D\u00e9but janvier 2025, il l\u2019informe par texto qu\u2019il est licenci\u00e9. \u00ab\u00a0J\u2019ai d\u00fb le poursuivre aux prud\u2019hommes pour obtenir mon salaire impay\u00e9. J\u2019ai gagn\u00e9, mais la d\u00e9cision n\u2019a toujours pas \u00e9t\u00e9 ex\u00e9cut\u00e9e.\u00a0\u00bb<\/p>\n<p>Depuis l\u2019accident, le quotidien de Pierrick est rythm\u00e9 par les rendez-vous m\u00e9dicaux. Pour les gestes les plus simples, il peut aussi compter sur l\u2019aide de ses amis.<\/p>\n<p>\u00ab\u00a0Je suis suivi par plusieurs sp\u00e9cialistes : psychiatre, ORL, kin\u00e9, endocrinologue, orthoptiste\u2026 Je prends du tramadol et d\u2019autres m\u00e9dicaments pour la douleur.\u00a0\u00bb<\/p>\n<p class=\"std-elt__inline\"> <strong>\u00c0 lire aussi :<\/strong> <a href=\"https:\/\/www.ladepeche.fr\/2026\/04\/08\/portrait-je-me-suis-blesse-au-dos-en-manipulant-de-gros-outils-apres-un-grave-accident-de-travail-il-se-decouvre-une-passion-pour-les-bougies-et-13288525.php\" target=\"_blank\" rel=\"nofollow\">PORTRAIT. \u00ab\u00a0Je me suis bless\u00e9 au dos en manipulant de gros outils\u00a0\u00bb&nbsp;: apr\u00e8s un grave accident de travail, il se d\u00e9couvre une passion pour les bougies et devient artisan cirier<\/a> <\/p>\n<p>D\u00e9clar\u00e9 inapte par la m\u00e9decine du travail et son psychiatre, Pierrick se bat d\u00e9sormais pour que son ancien patron soit condamn\u00e9. Une proc\u00e9dure p\u00e9nale est en cours. Killian Martin reste pr\u00e9sum\u00e9 innocent \u00e0 ce stade de la proc\u00e9dure. \u00ab\u00a0J\u2019ai port\u00e9 plainte un an apr\u00e8s l\u2019accident, d\u00e8s que j\u2019ai pu \u00eatre auditionn\u00e9. Je veux que justice soit faite pour rappeler que nul n\u2019est au-dessus de la loi et pour que cela n\u2019arrive plus.\u00a0\u00bb<\/p>\n<p>S\u2019il a souhait\u00e9 t\u00e9moigner de sa vie bris\u00e9e et de son parcours du combattant, c\u2019est parce qu\u2019il croit encore \u00e0 la justice. \u00ab\u00a0Quand elle prend le temps, elle peut rendre des d\u00e9cisions justes et fortes. Je veux aussi rappeler que derri\u00e8re les chiffres, il y a des vies d\u00e9truites. Moi, j\u2019ai perdu la mienne sur un toit, pour un patron qui n\u2019a jamais regard\u00e9 en arri\u00e8re.\u00a0\u00bb<\/p>\n<p class=\"std-elt__inline\"> <strong>\u00c0 lire aussi :<\/strong> <a href=\"https:\/\/www.ladepeche.fr\/2026\/02\/16\/jai-verse-des-dizaines-de-milliers-deuros-et-plus-de-nouvelles-plaintes-en-serie-contre-un-installateur-solaire-13217662.php\" target=\"_blank\" rel=\"nofollow\">\u00ab\u00a0J\u2019ai vers\u00e9 des dizaines de milliers d\u2019euros, et plus de nouvelles\u00a0\u00bb&nbsp;: plaintes en s\u00e9rie contre un installateur solaire<\/a> <\/p>\n<p>Contact\u00e9, Killian Martin affirme de son c\u00f4t\u00e9 qu\u2019une enqu\u00eate est en cours concernant cet accident du travail, \u00ab\u00a0afin de v\u00e9rifier les d\u00e9clarations de l\u2019ensemble des parties\u00a0\u00bb.<\/p>\n<p>Par ailleurs, \u00ab\u00a0il avait \u00e9t\u00e9 mis fin \u00e0 la p\u00e9riode d\u2019essai de M. L\u00e9on, indique le Toulousain, car il avait sollicit\u00e9 un acompte le 24 d\u00e9cembre 2024 (soit un mois apr\u00e8s son grave accident), puis ne s\u2019est pas pr\u00e9sent\u00e9 \u00e0 son poste \u00e0 compter du 2 janvier 2025, sans fournir de justificatif ni arr\u00eat de travail\u00a0\u00bb.<\/p>\n<p>Une version contest\u00e9e par Pierrick L\u00e9on, qui rappelle avoir obtenu gain de cause devant les prud\u2019hommes en juillet dernier concernant son salaire impay\u00e9 et estime que son employeur ne pouvait ignorer son accident du travail.<\/p>\n<\/p><\/div>\n<p>accidentdutravail-idf.net vous a pr\u00e9par\u00e9 ce post qui informe du sujet \u00ab\u00a0Association Sportive Huisson-Longueville Essonne\u00a0\u00bb. La chronique se veut g\u00e9n\u00e9r\u00e9e du mieux possible. Vous pouvez utiliser les coordonn\u00e9es indiqu\u00e9es sur le site dans le but d\u2019apporter des explications sur ce post qui parle du th\u00e8me \u00ab\u00a0Association Sportive Huisson-Longueville Essonne\u00a0\u00bb. Le site accidentdutravail-idf.net a pour but de fournir diverses publications sur la th\u00e9matique Association Sportive Huisson-Longueville Essonne diffus\u00e9es sur le net. Il y aura plusieurs articles autour du sujet \u00ab\u00a0Association Sportive Huisson-Longueville Essonne\u00a0\u00bb dans quelques jours, nous vous invitons \u00e0 naviguer sur notre site web \u00e0 plusieurs reprises.<\/p>\n","protected":false},"excerpt":{"rendered":"<p>l&rsquo;essentiel Victime d\u2019un grave accident du travail en novembre 2024 sur un chantier de panneaux solaires, Pierrick L\u00e9on, 30 ans, affirme avoir \u00e9t\u00e9 envoy\u00e9 sur un toit sans \u00e9quipement de s\u00e9curit\u00e9 ni formation adapt\u00e9e. Aujourd\u2019hui lourdement handicap\u00e9, l\u2019ancien apprenti dit vouloir obtenir la condamnation de son ex-employeur, d\u00e9j\u00e0 vis\u00e9 par de nombreuses plaintes. \u00c0 plusieurs &hellip; <\/p>\n<p class=\"link-more\"><a href=\"https:\/\/www.accidentdutravail-idf.net\/blog\/je-veux-que-justice-soit-faite-pour-que-cela-narrive-plus-le-combat-de-pierrick-apres-son-accident-sur-un-chantier-solaire\/\" class=\"more-link\">Continuer la lecture <span class=\"screen-reader-text\"> \u00ab\u00a0\u00ab\u00a0Je veux que justice soit faite pour que cela n\u2019arrive plus\u00a0\u00bb : le combat de Pierrick apr\u00e8s son accident sur un chantier solaire\u00a0\u00bb<\/span><\/a><\/p>\n","protected":false},"author":2,"featured_media":0,"comment_status":"closed","ping_status":"closed","sticky":false,"template":"","format":"standard","meta":{"footnotes":""},"categories":[5],"tags":[],"class_list":["post-2320","post","type-post","status-publish","format-standard","hentry","category-securite-du-travail-en-ile-de-france-et-divers","entry"],"yoast_head":"<!-- This site is optimized with the Yoast SEO plugin v27.5 - https:\/\/yoast.com\/product\/yoast-seo-wordpress\/ -->\n<title>&quot;Je veux que justice soit faite pour que cela n\u2019arrive plus&quot; : le combat de Pierrick apr\u00e8s son accident sur un chantier solaire - ACCIDENTDUTRAVAIL-IDF<\/title>\n<meta name=\"description\" content=\"&quot;Je veux que justice soit faite pour que cela n\u2019arrive plus&quot; : le combat de Pierrick apr\u00e8s son accident sur un chantier solaire article de ACCIDENTDUTRAVAIL-IDF\" \/>\n<meta name=\"robots\" content=\"index, follow, max-snippet:-1, max-image-preview:large, max-video-preview:-1\" \/>\n<link rel=\"canonical\" href=\"https:\/\/www.accidentdutravail-idf.net\/blog\/je-veux-que-justice-soit-faite-pour-que-cela-narrive-plus-le-combat-de-pierrick-apres-son-accident-sur-un-chantier-solaire\/\" \/>\n<meta property=\"og:locale\" content=\"fr_FR\" \/>\n<meta property=\"og:type\" content=\"article\" \/>\n<meta property=\"og:title\" content=\"&quot;Je veux que justice soit faite pour que cela n\u2019arrive plus&quot; : le combat de Pierrick apr\u00e8s son accident sur un chantier solaire - ACCIDENTDUTRAVAIL-IDF\" \/>\n<meta property=\"og:description\" content=\"&quot;Je veux que justice soit faite pour que cela n\u2019arrive plus&quot; : le combat de Pierrick apr\u00e8s son accident sur un chantier solaire article de ACCIDENTDUTRAVAIL-IDF\" \/>\n<meta property=\"og:url\" content=\"https:\/\/www.accidentdutravail-idf.net\/blog\/je-veux-que-justice-soit-faite-pour-que-cela-narrive-plus-le-combat-de-pierrick-apres-son-accident-sur-un-chantier-solaire\/\" \/>\n<meta property=\"og:site_name\" content=\"ACCIDENTDUTRAVAIL-IDF\" \/>\n<meta property=\"article:published_time\" content=\"2026-04-13T02:14:00+00:00\" \/>\n<meta property=\"og:image\" content=\"https:\/\/www.accidentdutravail-idf.net\/blog\/wp-content\/uploads\/2026\/04\/je-veux-que-justice-soit-faite-pour-que-cela-narrive-plus-le-combat-de-pierrick-apres-son-accident-sur-un-chantier-solaire.jpg\" \/>\n<meta name=\"author\" content=\"Carlos Poulain\" \/>\n<meta name=\"twitter:card\" content=\"summary_large_image\" \/>\n<meta name=\"twitter:label1\" content=\"\u00c9crit par\" \/>\n\t<meta name=\"twitter:data1\" content=\"Carlos Poulain\" \/>\n\t<meta name=\"twitter:label2\" content=\"Dur\u00e9e de lecture estim\u00e9e\" \/>\n\t<meta name=\"twitter:data2\" content=\"5 minutes\" \/>\n<script type=\"application\/ld+json\" class=\"yoast-schema-graph\">{\"@context\":\"https:\\\/\\\/schema.org\",\"@graph\":[{\"@type\":\"Article\",\"@id\":\"https:\\\/\\\/www.accidentdutravail-idf.net\\\/blog\\\/je-veux-que-justice-soit-faite-pour-que-cela-narrive-plus-le-combat-de-pierrick-apres-son-accident-sur-un-chantier-solaire\\\/#article\",\"isPartOf\":{\"@id\":\"https:\\\/\\\/www.accidentdutravail-idf.net\\\/blog\\\/je-veux-que-justice-soit-faite-pour-que-cela-narrive-plus-le-combat-de-pierrick-apres-son-accident-sur-un-chantier-solaire\\\/\"},\"author\":{\"name\":\"Carlos Poulain\",\"@id\":\"https:\\\/\\\/www.accidentdutravail-idf.net\\\/blog\\\/#\\\/schema\\\/person\\\/3255d2f970de45e64bd9201f38e7b947\"},\"headline\":\"\u00ab\u00a0Je veux que justice soit faite pour que cela n\u2019arrive plus\u00a0\u00bb : le combat de Pierrick apr\u00e8s son accident sur un chantier solaire\",\"datePublished\":\"2026-04-13T02:14:00+00:00\",\"mainEntityOfPage\":{\"@id\":\"https:\\\/\\\/www.accidentdutravail-idf.net\\\/blog\\\/je-veux-que-justice-soit-faite-pour-que-cela-narrive-plus-le-combat-de-pierrick-apres-son-accident-sur-un-chantier-solaire\\\/\"},\"wordCount\":1035,\"publisher\":{\"@id\":\"https:\\\/\\\/www.accidentdutravail-idf.net\\\/blog\\\/#organization\"},\"image\":{\"@id\":\"https:\\\/\\\/www.accidentdutravail-idf.net\\\/blog\\\/je-veux-que-justice-soit-faite-pour-que-cela-narrive-plus-le-combat-de-pierrick-apres-son-accident-sur-un-chantier-solaire\\\/#primaryimage\"},\"thumbnailUrl\":\"https:\\\/\\\/www.accidentdutravail-idf.net\\\/blog\\\/wp-content\\\/uploads\\\/2026\\\/04\\\/je-veux-que-justice-soit-faite-pour-que-cela-narrive-plus-le-combat-de-pierrick-apres-son-accident-sur-un-chantier-solaire.jpg\",\"articleSection\":[\"S\u00e9curit\u00e9 Du Travail En Ile-De-France Et Divers:\"],\"inLanguage\":\"fr-FR\"},{\"@type\":\"WebPage\",\"@id\":\"https:\\\/\\\/www.accidentdutravail-idf.net\\\/blog\\\/je-veux-que-justice-soit-faite-pour-que-cela-narrive-plus-le-combat-de-pierrick-apres-son-accident-sur-un-chantier-solaire\\\/\",\"url\":\"https:\\\/\\\/www.accidentdutravail-idf.net\\\/blog\\\/je-veux-que-justice-soit-faite-pour-que-cela-narrive-plus-le-combat-de-pierrick-apres-son-accident-sur-un-chantier-solaire\\\/\",\"name\":\"\\\"Je veux que justice soit faite pour que cela n\u2019arrive plus\\\" : le combat de Pierrick apr\u00e8s son accident sur un chantier solaire - ACCIDENTDUTRAVAIL-IDF\",\"isPartOf\":{\"@id\":\"https:\\\/\\\/www.accidentdutravail-idf.net\\\/blog\\\/#website\"},\"primaryImageOfPage\":{\"@id\":\"https:\\\/\\\/www.accidentdutravail-idf.net\\\/blog\\\/je-veux-que-justice-soit-faite-pour-que-cela-narrive-plus-le-combat-de-pierrick-apres-son-accident-sur-un-chantier-solaire\\\/#primaryimage\"},\"image\":{\"@id\":\"https:\\\/\\\/www.accidentdutravail-idf.net\\\/blog\\\/je-veux-que-justice-soit-faite-pour-que-cela-narrive-plus-le-combat-de-pierrick-apres-son-accident-sur-un-chantier-solaire\\\/#primaryimage\"},\"thumbnailUrl\":\"https:\\\/\\\/www.accidentdutravail-idf.net\\\/blog\\\/wp-content\\\/uploads\\\/2026\\\/04\\\/je-veux-que-justice-soit-faite-pour-que-cela-narrive-plus-le-combat-de-pierrick-apres-son-accident-sur-un-chantier-solaire.jpg\",\"datePublished\":\"2026-04-13T02:14:00+00:00\",\"description\":\"\\\"Je veux que justice soit faite pour que cela n\u2019arrive plus\\\" : le combat de Pierrick apr\u00e8s son accident sur un chantier solaire article de ACCIDENTDUTRAVAIL-IDF\",\"breadcrumb\":{\"@id\":\"https:\\\/\\\/www.accidentdutravail-idf.net\\\/blog\\\/je-veux-que-justice-soit-faite-pour-que-cela-narrive-plus-le-combat-de-pierrick-apres-son-accident-sur-un-chantier-solaire\\\/#breadcrumb\"},\"inLanguage\":\"fr-FR\",\"potentialAction\":[{\"@type\":\"ReadAction\",\"target\":[\"https:\\\/\\\/www.accidentdutravail-idf.net\\\/blog\\\/je-veux-que-justice-soit-faite-pour-que-cela-narrive-plus-le-combat-de-pierrick-apres-son-accident-sur-un-chantier-solaire\\\/\"]}]},{\"@type\":\"ImageObject\",\"inLanguage\":\"fr-FR\",\"@id\":\"https:\\\/\\\/www.accidentdutravail-idf.net\\\/blog\\\/je-veux-que-justice-soit-faite-pour-que-cela-narrive-plus-le-combat-de-pierrick-apres-son-accident-sur-un-chantier-solaire\\\/#primaryimage\",\"url\":\"https:\\\/\\\/www.accidentdutravail-idf.net\\\/blog\\\/wp-content\\\/uploads\\\/2026\\\/04\\\/je-veux-que-justice-soit-faite-pour-que-cela-narrive-plus-le-combat-de-pierrick-apres-son-accident-sur-un-chantier-solaire.jpg\",\"contentUrl\":\"https:\\\/\\\/www.accidentdutravail-idf.net\\\/blog\\\/wp-content\\\/uploads\\\/2026\\\/04\\\/je-veux-que-justice-soit-faite-pour-que-cela-narrive-plus-le-combat-de-pierrick-apres-son-accident-sur-un-chantier-solaire.jpg\"},{\"@type\":\"BreadcrumbList\",\"@id\":\"https:\\\/\\\/www.accidentdutravail-idf.net\\\/blog\\\/je-veux-que-justice-soit-faite-pour-que-cela-narrive-plus-le-combat-de-pierrick-apres-son-accident-sur-un-chantier-solaire\\\/#breadcrumb\",\"itemListElement\":[{\"@type\":\"ListItem\",\"position\":1,\"name\":\"Accueil\",\"item\":\"https:\\\/\\\/www.accidentdutravail-idf.net\\\/blog\\\/\"},{\"@type\":\"ListItem\",\"position\":2,\"name\":\"\u00ab\u00a0Je veux que justice soit faite pour que cela n\u2019arrive plus\u00a0\u00bb : le combat de Pierrick apr\u00e8s son accident sur un chantier solaire\"}]},{\"@type\":\"WebSite\",\"@id\":\"https:\\\/\\\/www.accidentdutravail-idf.net\\\/blog\\\/#website\",\"url\":\"https:\\\/\\\/www.accidentdutravail-idf.net\\\/blog\\\/\",\"name\":\"ACCIDENTDUTRAVAIL-IDF\",\"description\":\"Portail accidents du travail-maladies professionnelles des entreprises d&#039;Ile-de-France\",\"publisher\":{\"@id\":\"https:\\\/\\\/www.accidentdutravail-idf.net\\\/blog\\\/#organization\"},\"potentialAction\":[{\"@type\":\"SearchAction\",\"target\":{\"@type\":\"EntryPoint\",\"urlTemplate\":\"https:\\\/\\\/www.accidentdutravail-idf.net\\\/blog\\\/?s={search_term_string}\"},\"query-input\":{\"@type\":\"PropertyValueSpecification\",\"valueRequired\":true,\"valueName\":\"search_term_string\"}}],\"inLanguage\":\"fr-FR\"},{\"@type\":\"Organization\",\"@id\":\"https:\\\/\\\/www.accidentdutravail-idf.net\\\/blog\\\/#organization\",\"name\":\"accidentdutravail-idf\",\"url\":\"https:\\\/\\\/www.accidentdutravail-idf.net\\\/blog\\\/\",\"logo\":{\"@type\":\"ImageObject\",\"inLanguage\":\"fr-FR\",\"@id\":\"https:\\\/\\\/www.accidentdutravail-idf.net\\\/blog\\\/#\\\/schema\\\/logo\\\/image\\\/\",\"url\":\"https:\\\/\\\/www.accidentdutravail-idf.net\\\/blog\\\/wp-content\\\/uploads\\\/2022\\\/09\\\/logo-2.png\",\"contentUrl\":\"https:\\\/\\\/www.accidentdutravail-idf.net\\\/blog\\\/wp-content\\\/uploads\\\/2022\\\/09\\\/logo-2.png\",\"width\":380,\"height\":291,\"caption\":\"accidentdutravail-idf\"},\"image\":{\"@id\":\"https:\\\/\\\/www.accidentdutravail-idf.net\\\/blog\\\/#\\\/schema\\\/logo\\\/image\\\/\"}},{\"@type\":\"Person\",\"@id\":\"https:\\\/\\\/www.accidentdutravail-idf.net\\\/blog\\\/#\\\/schema\\\/person\\\/3255d2f970de45e64bd9201f38e7b947\",\"name\":\"Carlos Poulain\",\"image\":{\"@type\":\"ImageObject\",\"inLanguage\":\"fr-FR\",\"@id\":\"https:\\\/\\\/secure.gravatar.com\\\/avatar\\\/b1c2f9d3588e34e91adb093635df64ef4b2381991216be7576466cfcdca4baf3?s=96&d=mm&r=g\",\"url\":\"https:\\\/\\\/secure.gravatar.com\\\/avatar\\\/b1c2f9d3588e34e91adb093635df64ef4b2381991216be7576466cfcdca4baf3?s=96&d=mm&r=g\",\"contentUrl\":\"https:\\\/\\\/secure.gravatar.com\\\/avatar\\\/b1c2f9d3588e34e91adb093635df64ef4b2381991216be7576466cfcdca4baf3?s=96&d=mm&r=g\",\"caption\":\"Carlos Poulain\"},\"url\":\"https:\\\/\\\/www.accidentdutravail-idf.net\\\/blog\\\/author\\\/idfcarlos\\\/\"}]}<\/script>\n<!-- \/ Yoast SEO plugin. -->","yoast_head_json":{"title":"\"Je veux que justice soit faite pour que cela n\u2019arrive plus\" : le combat de Pierrick apr\u00e8s son accident sur un chantier solaire - ACCIDENTDUTRAVAIL-IDF","description":"\"Je veux que justice soit faite pour que cela n\u2019arrive plus\" : le combat de Pierrick apr\u00e8s son accident sur un chantier solaire article de ACCIDENTDUTRAVAIL-IDF","robots":{"index":"index","follow":"follow","max-snippet":"max-snippet:-1","max-image-preview":"max-image-preview:large","max-video-preview":"max-video-preview:-1"},"canonical":"https:\/\/www.accidentdutravail-idf.net\/blog\/je-veux-que-justice-soit-faite-pour-que-cela-narrive-plus-le-combat-de-pierrick-apres-son-accident-sur-un-chantier-solaire\/","og_locale":"fr_FR","og_type":"article","og_title":"\"Je veux que justice soit faite pour que cela n\u2019arrive plus\" : le combat de Pierrick apr\u00e8s son accident sur un chantier solaire - ACCIDENTDUTRAVAIL-IDF","og_description":"\"Je veux que justice soit faite pour que cela n\u2019arrive plus\" : le combat de Pierrick apr\u00e8s son accident sur un chantier solaire article de ACCIDENTDUTRAVAIL-IDF","og_url":"https:\/\/www.accidentdutravail-idf.net\/blog\/je-veux-que-justice-soit-faite-pour-que-cela-narrive-plus-le-combat-de-pierrick-apres-son-accident-sur-un-chantier-solaire\/","og_site_name":"ACCIDENTDUTRAVAIL-IDF","article_published_time":"2026-04-13T02:14:00+00:00","og_image":[{"url":"https:\/\/www.accidentdutravail-idf.net\/blog\/wp-content\/uploads\/2026\/04\/je-veux-que-justice-soit-faite-pour-que-cela-narrive-plus-le-combat-de-pierrick-apres-son-accident-sur-un-chantier-solaire.jpg","type":"","width":"","height":""}],"author":"Carlos Poulain","twitter_card":"summary_large_image","twitter_misc":{"\u00c9crit par":"Carlos Poulain","Dur\u00e9e de lecture estim\u00e9e":"5 minutes"},"schema":{"@context":"https:\/\/schema.org","@graph":[{"@type":"Article","@id":"https:\/\/www.accidentdutravail-idf.net\/blog\/je-veux-que-justice-soit-faite-pour-que-cela-narrive-plus-le-combat-de-pierrick-apres-son-accident-sur-un-chantier-solaire\/#article","isPartOf":{"@id":"https:\/\/www.accidentdutravail-idf.net\/blog\/je-veux-que-justice-soit-faite-pour-que-cela-narrive-plus-le-combat-de-pierrick-apres-son-accident-sur-un-chantier-solaire\/"},"author":{"name":"Carlos Poulain","@id":"https:\/\/www.accidentdutravail-idf.net\/blog\/#\/schema\/person\/3255d2f970de45e64bd9201f38e7b947"},"headline":"\u00ab\u00a0Je veux que justice soit faite pour que cela n\u2019arrive plus\u00a0\u00bb : le combat de Pierrick apr\u00e8s son accident sur un chantier solaire","datePublished":"2026-04-13T02:14:00+00:00","mainEntityOfPage":{"@id":"https:\/\/www.accidentdutravail-idf.net\/blog\/je-veux-que-justice-soit-faite-pour-que-cela-narrive-plus-le-combat-de-pierrick-apres-son-accident-sur-un-chantier-solaire\/"},"wordCount":1035,"publisher":{"@id":"https:\/\/www.accidentdutravail-idf.net\/blog\/#organization"},"image":{"@id":"https:\/\/www.accidentdutravail-idf.net\/blog\/je-veux-que-justice-soit-faite-pour-que-cela-narrive-plus-le-combat-de-pierrick-apres-son-accident-sur-un-chantier-solaire\/#primaryimage"},"thumbnailUrl":"https:\/\/www.accidentdutravail-idf.net\/blog\/wp-content\/uploads\/2026\/04\/je-veux-que-justice-soit-faite-pour-que-cela-narrive-plus-le-combat-de-pierrick-apres-son-accident-sur-un-chantier-solaire.jpg","articleSection":["S\u00e9curit\u00e9 Du Travail En Ile-De-France Et Divers:"],"inLanguage":"fr-FR"},{"@type":"WebPage","@id":"https:\/\/www.accidentdutravail-idf.net\/blog\/je-veux-que-justice-soit-faite-pour-que-cela-narrive-plus-le-combat-de-pierrick-apres-son-accident-sur-un-chantier-solaire\/","url":"https:\/\/www.accidentdutravail-idf.net\/blog\/je-veux-que-justice-soit-faite-pour-que-cela-narrive-plus-le-combat-de-pierrick-apres-son-accident-sur-un-chantier-solaire\/","name":"\"Je veux que justice soit faite pour que cela n\u2019arrive plus\" : le combat de Pierrick apr\u00e8s son accident sur un chantier solaire - ACCIDENTDUTRAVAIL-IDF","isPartOf":{"@id":"https:\/\/www.accidentdutravail-idf.net\/blog\/#website"},"primaryImageOfPage":{"@id":"https:\/\/www.accidentdutravail-idf.net\/blog\/je-veux-que-justice-soit-faite-pour-que-cela-narrive-plus-le-combat-de-pierrick-apres-son-accident-sur-un-chantier-solaire\/#primaryimage"},"image":{"@id":"https:\/\/www.accidentdutravail-idf.net\/blog\/je-veux-que-justice-soit-faite-pour-que-cela-narrive-plus-le-combat-de-pierrick-apres-son-accident-sur-un-chantier-solaire\/#primaryimage"},"thumbnailUrl":"https:\/\/www.accidentdutravail-idf.net\/blog\/wp-content\/uploads\/2026\/04\/je-veux-que-justice-soit-faite-pour-que-cela-narrive-plus-le-combat-de-pierrick-apres-son-accident-sur-un-chantier-solaire.jpg","datePublished":"2026-04-13T02:14:00+00:00","description":"\"Je veux que justice soit faite pour que cela n\u2019arrive plus\" : le combat de Pierrick apr\u00e8s son accident sur un chantier solaire article de ACCIDENTDUTRAVAIL-IDF","breadcrumb":{"@id":"https:\/\/www.accidentdutravail-idf.net\/blog\/je-veux-que-justice-soit-faite-pour-que-cela-narrive-plus-le-combat-de-pierrick-apres-son-accident-sur-un-chantier-solaire\/#breadcrumb"},"inLanguage":"fr-FR","potentialAction":[{"@type":"ReadAction","target":["https:\/\/www.accidentdutravail-idf.net\/blog\/je-veux-que-justice-soit-faite-pour-que-cela-narrive-plus-le-combat-de-pierrick-apres-son-accident-sur-un-chantier-solaire\/"]}]},{"@type":"ImageObject","inLanguage":"fr-FR","@id":"https:\/\/www.accidentdutravail-idf.net\/blog\/je-veux-que-justice-soit-faite-pour-que-cela-narrive-plus-le-combat-de-pierrick-apres-son-accident-sur-un-chantier-solaire\/#primaryimage","url":"https:\/\/www.accidentdutravail-idf.net\/blog\/wp-content\/uploads\/2026\/04\/je-veux-que-justice-soit-faite-pour-que-cela-narrive-plus-le-combat-de-pierrick-apres-son-accident-sur-un-chantier-solaire.jpg","contentUrl":"https:\/\/www.accidentdutravail-idf.net\/blog\/wp-content\/uploads\/2026\/04\/je-veux-que-justice-soit-faite-pour-que-cela-narrive-plus-le-combat-de-pierrick-apres-son-accident-sur-un-chantier-solaire.jpg"},{"@type":"BreadcrumbList","@id":"https:\/\/www.accidentdutravail-idf.net\/blog\/je-veux-que-justice-soit-faite-pour-que-cela-narrive-plus-le-combat-de-pierrick-apres-son-accident-sur-un-chantier-solaire\/#breadcrumb","itemListElement":[{"@type":"ListItem","position":1,"name":"Accueil","item":"https:\/\/www.accidentdutravail-idf.net\/blog\/"},{"@type":"ListItem","position":2,"name":"\u00ab\u00a0Je veux que justice soit faite pour que cela n\u2019arrive plus\u00a0\u00bb : le combat de Pierrick apr\u00e8s son accident sur un chantier solaire"}]},{"@type":"WebSite","@id":"https:\/\/www.accidentdutravail-idf.net\/blog\/#website","url":"https:\/\/www.accidentdutravail-idf.net\/blog\/","name":"ACCIDENTDUTRAVAIL-IDF","description":"Portail accidents du travail-maladies professionnelles des entreprises d&#039;Ile-de-France","publisher":{"@id":"https:\/\/www.accidentdutravail-idf.net\/blog\/#organization"},"potentialAction":[{"@type":"SearchAction","target":{"@type":"EntryPoint","urlTemplate":"https:\/\/www.accidentdutravail-idf.net\/blog\/?s={search_term_string}"},"query-input":{"@type":"PropertyValueSpecification","valueRequired":true,"valueName":"search_term_string"}}],"inLanguage":"fr-FR"},{"@type":"Organization","@id":"https:\/\/www.accidentdutravail-idf.net\/blog\/#organization","name":"accidentdutravail-idf","url":"https:\/\/www.accidentdutravail-idf.net\/blog\/","logo":{"@type":"ImageObject","inLanguage":"fr-FR","@id":"https:\/\/www.accidentdutravail-idf.net\/blog\/#\/schema\/logo\/image\/","url":"https:\/\/www.accidentdutravail-idf.net\/blog\/wp-content\/uploads\/2022\/09\/logo-2.png","contentUrl":"https:\/\/www.accidentdutravail-idf.net\/blog\/wp-content\/uploads\/2022\/09\/logo-2.png","width":380,"height":291,"caption":"accidentdutravail-idf"},"image":{"@id":"https:\/\/www.accidentdutravail-idf.net\/blog\/#\/schema\/logo\/image\/"}},{"@type":"Person","@id":"https:\/\/www.accidentdutravail-idf.net\/blog\/#\/schema\/person\/3255d2f970de45e64bd9201f38e7b947","name":"Carlos Poulain","image":{"@type":"ImageObject","inLanguage":"fr-FR","@id":"https:\/\/secure.gravatar.com\/avatar\/b1c2f9d3588e34e91adb093635df64ef4b2381991216be7576466cfcdca4baf3?s=96&d=mm&r=g","url":"https:\/\/secure.gravatar.com\/avatar\/b1c2f9d3588e34e91adb093635df64ef4b2381991216be7576466cfcdca4baf3?s=96&d=mm&r=g","contentUrl":"https:\/\/secure.gravatar.com\/avatar\/b1c2f9d3588e34e91adb093635df64ef4b2381991216be7576466cfcdca4baf3?s=96&d=mm&r=g","caption":"Carlos Poulain"},"url":"https:\/\/www.accidentdutravail-idf.net\/blog\/author\/idfcarlos\/"}]}},"_links":{"self":[{"href":"https:\/\/www.accidentdutravail-idf.net\/blog\/wp-json\/wp\/v2\/posts\/2320","targetHints":{"allow":["GET"]}}],"collection":[{"href":"https:\/\/www.accidentdutravail-idf.net\/blog\/wp-json\/wp\/v2\/posts"}],"about":[{"href":"https:\/\/www.accidentdutravail-idf.net\/blog\/wp-json\/wp\/v2\/types\/post"}],"author":[{"embeddable":true,"href":"https:\/\/www.accidentdutravail-idf.net\/blog\/wp-json\/wp\/v2\/users\/2"}],"replies":[{"embeddable":true,"href":"https:\/\/www.accidentdutravail-idf.net\/blog\/wp-json\/wp\/v2\/comments?post=2320"}],"version-history":[{"count":0,"href":"https:\/\/www.accidentdutravail-idf.net\/blog\/wp-json\/wp\/v2\/posts\/2320\/revisions"}],"wp:attachment":[{"href":"https:\/\/www.accidentdutravail-idf.net\/blog\/wp-json\/wp\/v2\/media?parent=2320"}],"wp:term":[{"taxonomy":"category","embeddable":true,"href":"https:\/\/www.accidentdutravail-idf.net\/blog\/wp-json\/wp\/v2\/categories?post=2320"},{"taxonomy":"post_tag","embeddable":true,"href":"https:\/\/www.accidentdutravail-idf.net\/blog\/wp-json\/wp\/v2\/tags?post=2320"}],"curies":[{"name":"wp","href":"https:\/\/api.w.org\/{rel}","templated":true}]}}