{"id":2318,"date":"2026-04-13T10:59:00","date_gmt":"2026-04-13T08:59:00","guid":{"rendered":"https:\/\/www.accidentdutravail-idf.net\/blog\/ain-apres-laccident-du-travail-mortel-a-varambon-la-longue-attente-des-proches-en-quete-de-verite\/"},"modified":"2026-04-13T10:59:00","modified_gmt":"2026-04-13T08:59:00","slug":"ain-apres-laccident-du-travail-mortel-a-varambon-la-longue-attente-des-proches-en-quete-de-verite","status":"publish","type":"post","link":"https:\/\/www.accidentdutravail-idf.net\/blog\/ain-apres-laccident-du-travail-mortel-a-varambon-la-longue-attente-des-proches-en-quete-de-verite\/","title":{"rendered":"Ain Apr\u00e8s l&rsquo;accident du travail mortel \u00e0 Varambon, la longue attente des proches en qu\u00eate de v\u00e9rit\u00e9"},"content":{"rendered":"<div><img decoding=\"async\" src=\"https:\/\/www.accidentdutravail-idf.net\/blog\/wp-content\/uploads\/2026\/04\/ain-apres-laccident-du-travail-mortel-a-varambon-la-longue-attente-des-proches-en-quete-de-verite.jpg\" class=\"ff-og-image-inserted\"><\/div>\n<p>Pr\u00e8s de onze mois plus tard, il reste la tristesse, toujours vive, d\u2019avoir perdu un \u00eatre cher. Pour Val\u00e9rie, un mari parti trop vite, \u00e0 l\u2019\u00e2ge de 64 ans. Pour Charl\u00e8ne, un p\u00e8re attentionn\u00e9. Mais pour la veuve et la fille de Sylvain Fran\u00e7ois, d\u00e9c\u00e9d\u00e9 le 15&nbsp;mai 2025 des suites d\u2019une chute de plus de cinq m\u00e8tres sur son lieu de travail, c\u2019est l\u2019impatience et la col\u00e8re qui prennent aujourd\u2019hui le dessus, alors que l\u2019enqu\u00eate semble \u00e0 l\u2019arr\u00eat.<\/p>\n<p>L\u2019accident \u00e9tait survenu le 14&nbsp;mai 2025, \u00e0 Varambon, au sein du site de fabrication et de commercialisation d\u2019aliments pour b\u00e9tail Sofragrain. Jeune retrait\u00e9 passionn\u00e9 de moto, d\u00e9crit comme un grand bricoleur taill\u00e9 dans le roc, Sylvain Fran\u00e7ois avait repris une activit\u00e9 en cumul emploi-retraite depuis trois ans, pas tr\u00e8s loin de chez lui. La veille, il avait fait sa visite obligatoire \u00e0 la <a href=\"https:\/\/www.leprogres.fr\/economie\/2023\/12\/11\/tout-savoir-sur-les-visites-medicales-obligatoires-en-entreprise\" target=\"_blank\" rel=\"nofollow\">m\u00e9decine du travail<\/a>.<\/p>\n<p>Selon la d\u00e9claration initiale de l\u2019employeur \u00e0 l\u2019assurance-maladie, le salari\u00e9 avait chut\u00e9 de plus de cinq m\u00e8tres, alors qu\u2019il \u00e9tait mont\u00e9 sur une&#8230;<\/p>\n<p> accidentdutravail-idf.net vous a pr\u00e9par\u00e9 ce post qui informe du sujet \u00ab\u00a0Association Sportive Huisson-Longueville Essonne\u00a0\u00bb. La chronique se veut g\u00e9n\u00e9r\u00e9e du mieux possible. Vous pouvez utiliser les coordonn\u00e9es indiqu\u00e9es sur le site dans le but d\u2019apporter des explications sur ce post qui parle du th\u00e8me \u00ab\u00a0Association Sportive Huisson-Longueville Essonne\u00a0\u00bb. Le site accidentdutravail-idf.net a pour but de fournir diverses publications sur la th\u00e9matique Association Sportive Huisson-Longueville Essonne diffus\u00e9es sur le net. Il y aura plusieurs articles autour du sujet \u00ab\u00a0Association Sportive Huisson-Longueville Essonne\u00a0\u00bb dans quelques jours, nous vous invitons \u00e0 naviguer sur notre site web \u00e0 plusieurs reprises.<\/p>\n","protected":false},"excerpt":{"rendered":"<p>Pr\u00e8s de onze mois plus tard, il reste la tristesse, toujours vive, d\u2019avoir perdu un \u00eatre cher. Pour Val\u00e9rie, un mari parti trop vite, \u00e0 l\u2019\u00e2ge de 64 ans. Pour Charl\u00e8ne, un p\u00e8re attentionn\u00e9. Mais pour la veuve et la fille de Sylvain Fran\u00e7ois, d\u00e9c\u00e9d\u00e9 le 15&nbsp;mai 2025 des suites d\u2019une chute de plus de &hellip; <\/p>\n<p class=\"link-more\"><a href=\"https:\/\/www.accidentdutravail-idf.net\/blog\/ain-apres-laccident-du-travail-mortel-a-varambon-la-longue-attente-des-proches-en-quete-de-verite\/\" class=\"more-link\">Continuer la lecture <span class=\"screen-reader-text\"> \u00ab\u00a0Ain Apr\u00e8s l&rsquo;accident du travail mortel \u00e0 Varambon, la longue attente des proches en qu\u00eate de v\u00e9rit\u00e9\u00a0\u00bb<\/span><\/a><\/p>\n","protected":false},"author":2,"featured_media":0,"comment_status":"closed","ping_status":"closed","sticky":false,"template":"","format":"standard","meta":{"footnotes":""},"categories":[5],"tags":[],"class_list":["post-2318","post","type-post","status-publish","format-standard","hentry","category-securite-du-travail-en-ile-de-france-et-divers","entry"],"yoast_head":"<!-- This site is optimized with the Yoast SEO plugin v27.5 - https:\/\/yoast.com\/product\/yoast-seo-wordpress\/ -->\n<title>Ain Apr\u00e8s l&#039;accident du travail mortel \u00e0 Varambon, la longue attente des proches en qu\u00eate de v\u00e9rit\u00e9 - ACCIDENTDUTRAVAIL-IDF<\/title>\n<meta name=\"description\" content=\"Ain Apr\u00e8s l&#039;accident du travail mortel \u00e0 Varambon, la longue attente des proches en qu\u00eate de v\u00e9rit\u00e9 article de ACCIDENTDUTRAVAIL-IDF\" \/>\n<meta name=\"robots\" content=\"index, follow, max-snippet:-1, max-image-preview:large, max-video-preview:-1\" \/>\n<link rel=\"canonical\" href=\"https:\/\/www.accidentdutravail-idf.net\/blog\/ain-apres-laccident-du-travail-mortel-a-varambon-la-longue-attente-des-proches-en-quete-de-verite\/\" \/>\n<meta property=\"og:locale\" content=\"fr_FR\" \/>\n<meta property=\"og:type\" content=\"article\" \/>\n<meta property=\"og:title\" content=\"Ain Apr\u00e8s l&#039;accident du travail mortel \u00e0 Varambon, la longue attente des proches en qu\u00eate de v\u00e9rit\u00e9 - ACCIDENTDUTRAVAIL-IDF\" \/>\n<meta property=\"og:description\" content=\"Ain Apr\u00e8s l&#039;accident du travail mortel \u00e0 Varambon, la longue attente des proches en qu\u00eate de v\u00e9rit\u00e9 article de ACCIDENTDUTRAVAIL-IDF\" \/>\n<meta property=\"og:url\" content=\"https:\/\/www.accidentdutravail-idf.net\/blog\/ain-apres-laccident-du-travail-mortel-a-varambon-la-longue-attente-des-proches-en-quete-de-verite\/\" \/>\n<meta property=\"og:site_name\" content=\"ACCIDENTDUTRAVAIL-IDF\" \/>\n<meta property=\"article:published_time\" content=\"2026-04-13T08:59:00+00:00\" \/>\n<meta property=\"og:image\" content=\"https:\/\/www.accidentdutravail-idf.net\/blog\/wp-content\/uploads\/2026\/04\/ain-apres-laccident-du-travail-mortel-a-varambon-la-longue-attente-des-proches-en-quete-de-verite.jpg\" \/>\n<meta name=\"author\" content=\"Carlos Poulain\" \/>\n<meta name=\"twitter:card\" content=\"summary_large_image\" \/>\n<meta name=\"twitter:label1\" content=\"\u00c9crit par\" \/>\n\t<meta name=\"twitter:data1\" content=\"Carlos Poulain\" \/>\n\t<meta name=\"twitter:label2\" content=\"Dur\u00e9e de lecture estim\u00e9e\" \/>\n\t<meta name=\"twitter:data2\" content=\"1 minute\" \/>\n<script type=\"application\/ld+json\" class=\"yoast-schema-graph\">{\"@context\":\"https:\\\/\\\/schema.org\",\"@graph\":[{\"@type\":\"Article\",\"@id\":\"https:\\\/\\\/www.accidentdutravail-idf.net\\\/blog\\\/ain-apres-laccident-du-travail-mortel-a-varambon-la-longue-attente-des-proches-en-quete-de-verite\\\/#article\",\"isPartOf\":{\"@id\":\"https:\\\/\\\/www.accidentdutravail-idf.net\\\/blog\\\/ain-apres-laccident-du-travail-mortel-a-varambon-la-longue-attente-des-proches-en-quete-de-verite\\\/\"},\"author\":{\"name\":\"Carlos Poulain\",\"@id\":\"https:\\\/\\\/www.accidentdutravail-idf.net\\\/blog\\\/#\\\/schema\\\/person\\\/3255d2f970de45e64bd9201f38e7b947\"},\"headline\":\"Ain Apr\u00e8s l&rsquo;accident du travail mortel \u00e0 Varambon, la longue attente des proches en qu\u00eate de v\u00e9rit\u00e9\",\"datePublished\":\"2026-04-13T08:59:00+00:00\",\"mainEntityOfPage\":{\"@id\":\"https:\\\/\\\/www.accidentdutravail-idf.net\\\/blog\\\/ain-apres-laccident-du-travail-mortel-a-varambon-la-longue-attente-des-proches-en-quete-de-verite\\\/\"},\"wordCount\":317,\"publisher\":{\"@id\":\"https:\\\/\\\/www.accidentdutravail-idf.net\\\/blog\\\/#organization\"},\"image\":{\"@id\":\"https:\\\/\\\/www.accidentdutravail-idf.net\\\/blog\\\/ain-apres-laccident-du-travail-mortel-a-varambon-la-longue-attente-des-proches-en-quete-de-verite\\\/#primaryimage\"},\"thumbnailUrl\":\"https:\\\/\\\/www.accidentdutravail-idf.net\\\/blog\\\/wp-content\\\/uploads\\\/2026\\\/04\\\/ain-apres-laccident-du-travail-mortel-a-varambon-la-longue-attente-des-proches-en-quete-de-verite.jpg\",\"articleSection\":[\"S\u00e9curit\u00e9 Du Travail En Ile-De-France Et Divers:\"],\"inLanguage\":\"fr-FR\"},{\"@type\":\"WebPage\",\"@id\":\"https:\\\/\\\/www.accidentdutravail-idf.net\\\/blog\\\/ain-apres-laccident-du-travail-mortel-a-varambon-la-longue-attente-des-proches-en-quete-de-verite\\\/\",\"url\":\"https:\\\/\\\/www.accidentdutravail-idf.net\\\/blog\\\/ain-apres-laccident-du-travail-mortel-a-varambon-la-longue-attente-des-proches-en-quete-de-verite\\\/\",\"name\":\"Ain Apr\u00e8s l'accident du travail mortel \u00e0 Varambon, la longue attente des proches en qu\u00eate de v\u00e9rit\u00e9 - ACCIDENTDUTRAVAIL-IDF\",\"isPartOf\":{\"@id\":\"https:\\\/\\\/www.accidentdutravail-idf.net\\\/blog\\\/#website\"},\"primaryImageOfPage\":{\"@id\":\"https:\\\/\\\/www.accidentdutravail-idf.net\\\/blog\\\/ain-apres-laccident-du-travail-mortel-a-varambon-la-longue-attente-des-proches-en-quete-de-verite\\\/#primaryimage\"},\"image\":{\"@id\":\"https:\\\/\\\/www.accidentdutravail-idf.net\\\/blog\\\/ain-apres-laccident-du-travail-mortel-a-varambon-la-longue-attente-des-proches-en-quete-de-verite\\\/#primaryimage\"},\"thumbnailUrl\":\"https:\\\/\\\/www.accidentdutravail-idf.net\\\/blog\\\/wp-content\\\/uploads\\\/2026\\\/04\\\/ain-apres-laccident-du-travail-mortel-a-varambon-la-longue-attente-des-proches-en-quete-de-verite.jpg\",\"datePublished\":\"2026-04-13T08:59:00+00:00\",\"description\":\"Ain Apr\u00e8s l'accident du travail mortel \u00e0 Varambon, la longue attente des proches en qu\u00eate de v\u00e9rit\u00e9 article de ACCIDENTDUTRAVAIL-IDF\",\"breadcrumb\":{\"@id\":\"https:\\\/\\\/www.accidentdutravail-idf.net\\\/blog\\\/ain-apres-laccident-du-travail-mortel-a-varambon-la-longue-attente-des-proches-en-quete-de-verite\\\/#breadcrumb\"},\"inLanguage\":\"fr-FR\",\"potentialAction\":[{\"@type\":\"ReadAction\",\"target\":[\"https:\\\/\\\/www.accidentdutravail-idf.net\\\/blog\\\/ain-apres-laccident-du-travail-mortel-a-varambon-la-longue-attente-des-proches-en-quete-de-verite\\\/\"]}]},{\"@type\":\"ImageObject\",\"inLanguage\":\"fr-FR\",\"@id\":\"https:\\\/\\\/www.accidentdutravail-idf.net\\\/blog\\\/ain-apres-laccident-du-travail-mortel-a-varambon-la-longue-attente-des-proches-en-quete-de-verite\\\/#primaryimage\",\"url\":\"https:\\\/\\\/www.accidentdutravail-idf.net\\\/blog\\\/wp-content\\\/uploads\\\/2026\\\/04\\\/ain-apres-laccident-du-travail-mortel-a-varambon-la-longue-attente-des-proches-en-quete-de-verite.jpg\",\"contentUrl\":\"https:\\\/\\\/www.accidentdutravail-idf.net\\\/blog\\\/wp-content\\\/uploads\\\/2026\\\/04\\\/ain-apres-laccident-du-travail-mortel-a-varambon-la-longue-attente-des-proches-en-quete-de-verite.jpg\"},{\"@type\":\"BreadcrumbList\",\"@id\":\"https:\\\/\\\/www.accidentdutravail-idf.net\\\/blog\\\/ain-apres-laccident-du-travail-mortel-a-varambon-la-longue-attente-des-proches-en-quete-de-verite\\\/#breadcrumb\",\"itemListElement\":[{\"@type\":\"ListItem\",\"position\":1,\"name\":\"Accueil\",\"item\":\"https:\\\/\\\/www.accidentdutravail-idf.net\\\/blog\\\/\"},{\"@type\":\"ListItem\",\"position\":2,\"name\":\"Ain Apr\u00e8s l&rsquo;accident du travail mortel \u00e0 Varambon, la longue attente des proches en qu\u00eate de v\u00e9rit\u00e9\"}]},{\"@type\":\"WebSite\",\"@id\":\"https:\\\/\\\/www.accidentdutravail-idf.net\\\/blog\\\/#website\",\"url\":\"https:\\\/\\\/www.accidentdutravail-idf.net\\\/blog\\\/\",\"name\":\"ACCIDENTDUTRAVAIL-IDF\",\"description\":\"Portail accidents du travail-maladies professionnelles des entreprises d&#039;Ile-de-France\",\"publisher\":{\"@id\":\"https:\\\/\\\/www.accidentdutravail-idf.net\\\/blog\\\/#organization\"},\"potentialAction\":[{\"@type\":\"SearchAction\",\"target\":{\"@type\":\"EntryPoint\",\"urlTemplate\":\"https:\\\/\\\/www.accidentdutravail-idf.net\\\/blog\\\/?s={search_term_string}\"},\"query-input\":{\"@type\":\"PropertyValueSpecification\",\"valueRequired\":true,\"valueName\":\"search_term_string\"}}],\"inLanguage\":\"fr-FR\"},{\"@type\":\"Organization\",\"@id\":\"https:\\\/\\\/www.accidentdutravail-idf.net\\\/blog\\\/#organization\",\"name\":\"accidentdutravail-idf\",\"url\":\"https:\\\/\\\/www.accidentdutravail-idf.net\\\/blog\\\/\",\"logo\":{\"@type\":\"ImageObject\",\"inLanguage\":\"fr-FR\",\"@id\":\"https:\\\/\\\/www.accidentdutravail-idf.net\\\/blog\\\/#\\\/schema\\\/logo\\\/image\\\/\",\"url\":\"https:\\\/\\\/www.accidentdutravail-idf.net\\\/blog\\\/wp-content\\\/uploads\\\/2022\\\/09\\\/logo-2.png\",\"contentUrl\":\"https:\\\/\\\/www.accidentdutravail-idf.net\\\/blog\\\/wp-content\\\/uploads\\\/2022\\\/09\\\/logo-2.png\",\"width\":380,\"height\":291,\"caption\":\"accidentdutravail-idf\"},\"image\":{\"@id\":\"https:\\\/\\\/www.accidentdutravail-idf.net\\\/blog\\\/#\\\/schema\\\/logo\\\/image\\\/\"}},{\"@type\":\"Person\",\"@id\":\"https:\\\/\\\/www.accidentdutravail-idf.net\\\/blog\\\/#\\\/schema\\\/person\\\/3255d2f970de45e64bd9201f38e7b947\",\"name\":\"Carlos Poulain\",\"image\":{\"@type\":\"ImageObject\",\"inLanguage\":\"fr-FR\",\"@id\":\"https:\\\/\\\/secure.gravatar.com\\\/avatar\\\/b1c2f9d3588e34e91adb093635df64ef4b2381991216be7576466cfcdca4baf3?s=96&d=mm&r=g\",\"url\":\"https:\\\/\\\/secure.gravatar.com\\\/avatar\\\/b1c2f9d3588e34e91adb093635df64ef4b2381991216be7576466cfcdca4baf3?s=96&d=mm&r=g\",\"contentUrl\":\"https:\\\/\\\/secure.gravatar.com\\\/avatar\\\/b1c2f9d3588e34e91adb093635df64ef4b2381991216be7576466cfcdca4baf3?s=96&d=mm&r=g\",\"caption\":\"Carlos Poulain\"},\"url\":\"https:\\\/\\\/www.accidentdutravail-idf.net\\\/blog\\\/author\\\/idfcarlos\\\/\"}]}<\/script>\n<!-- \/ Yoast SEO plugin. -->","yoast_head_json":{"title":"Ain Apr\u00e8s l'accident du travail mortel \u00e0 Varambon, la longue attente des proches en qu\u00eate de v\u00e9rit\u00e9 - ACCIDENTDUTRAVAIL-IDF","description":"Ain Apr\u00e8s l'accident du travail mortel \u00e0 Varambon, la longue attente des proches en qu\u00eate de v\u00e9rit\u00e9 article de ACCIDENTDUTRAVAIL-IDF","robots":{"index":"index","follow":"follow","max-snippet":"max-snippet:-1","max-image-preview":"max-image-preview:large","max-video-preview":"max-video-preview:-1"},"canonical":"https:\/\/www.accidentdutravail-idf.net\/blog\/ain-apres-laccident-du-travail-mortel-a-varambon-la-longue-attente-des-proches-en-quete-de-verite\/","og_locale":"fr_FR","og_type":"article","og_title":"Ain Apr\u00e8s l'accident du travail mortel \u00e0 Varambon, la longue attente des proches en qu\u00eate de v\u00e9rit\u00e9 - ACCIDENTDUTRAVAIL-IDF","og_description":"Ain Apr\u00e8s l'accident du travail mortel \u00e0 Varambon, la longue attente des proches en qu\u00eate de v\u00e9rit\u00e9 article de ACCIDENTDUTRAVAIL-IDF","og_url":"https:\/\/www.accidentdutravail-idf.net\/blog\/ain-apres-laccident-du-travail-mortel-a-varambon-la-longue-attente-des-proches-en-quete-de-verite\/","og_site_name":"ACCIDENTDUTRAVAIL-IDF","article_published_time":"2026-04-13T08:59:00+00:00","og_image":[{"url":"https:\/\/www.accidentdutravail-idf.net\/blog\/wp-content\/uploads\/2026\/04\/ain-apres-laccident-du-travail-mortel-a-varambon-la-longue-attente-des-proches-en-quete-de-verite.jpg","type":"","width":"","height":""}],"author":"Carlos Poulain","twitter_card":"summary_large_image","twitter_misc":{"\u00c9crit par":"Carlos Poulain","Dur\u00e9e de lecture estim\u00e9e":"1 minute"},"schema":{"@context":"https:\/\/schema.org","@graph":[{"@type":"Article","@id":"https:\/\/www.accidentdutravail-idf.net\/blog\/ain-apres-laccident-du-travail-mortel-a-varambon-la-longue-attente-des-proches-en-quete-de-verite\/#article","isPartOf":{"@id":"https:\/\/www.accidentdutravail-idf.net\/blog\/ain-apres-laccident-du-travail-mortel-a-varambon-la-longue-attente-des-proches-en-quete-de-verite\/"},"author":{"name":"Carlos Poulain","@id":"https:\/\/www.accidentdutravail-idf.net\/blog\/#\/schema\/person\/3255d2f970de45e64bd9201f38e7b947"},"headline":"Ain Apr\u00e8s l&rsquo;accident du travail mortel \u00e0 Varambon, la longue attente des proches en qu\u00eate de v\u00e9rit\u00e9","datePublished":"2026-04-13T08:59:00+00:00","mainEntityOfPage":{"@id":"https:\/\/www.accidentdutravail-idf.net\/blog\/ain-apres-laccident-du-travail-mortel-a-varambon-la-longue-attente-des-proches-en-quete-de-verite\/"},"wordCount":317,"publisher":{"@id":"https:\/\/www.accidentdutravail-idf.net\/blog\/#organization"},"image":{"@id":"https:\/\/www.accidentdutravail-idf.net\/blog\/ain-apres-laccident-du-travail-mortel-a-varambon-la-longue-attente-des-proches-en-quete-de-verite\/#primaryimage"},"thumbnailUrl":"https:\/\/www.accidentdutravail-idf.net\/blog\/wp-content\/uploads\/2026\/04\/ain-apres-laccident-du-travail-mortel-a-varambon-la-longue-attente-des-proches-en-quete-de-verite.jpg","articleSection":["S\u00e9curit\u00e9 Du Travail En Ile-De-France Et Divers:"],"inLanguage":"fr-FR"},{"@type":"WebPage","@id":"https:\/\/www.accidentdutravail-idf.net\/blog\/ain-apres-laccident-du-travail-mortel-a-varambon-la-longue-attente-des-proches-en-quete-de-verite\/","url":"https:\/\/www.accidentdutravail-idf.net\/blog\/ain-apres-laccident-du-travail-mortel-a-varambon-la-longue-attente-des-proches-en-quete-de-verite\/","name":"Ain Apr\u00e8s l'accident du travail mortel \u00e0 Varambon, la longue attente des proches en qu\u00eate de v\u00e9rit\u00e9 - ACCIDENTDUTRAVAIL-IDF","isPartOf":{"@id":"https:\/\/www.accidentdutravail-idf.net\/blog\/#website"},"primaryImageOfPage":{"@id":"https:\/\/www.accidentdutravail-idf.net\/blog\/ain-apres-laccident-du-travail-mortel-a-varambon-la-longue-attente-des-proches-en-quete-de-verite\/#primaryimage"},"image":{"@id":"https:\/\/www.accidentdutravail-idf.net\/blog\/ain-apres-laccident-du-travail-mortel-a-varambon-la-longue-attente-des-proches-en-quete-de-verite\/#primaryimage"},"thumbnailUrl":"https:\/\/www.accidentdutravail-idf.net\/blog\/wp-content\/uploads\/2026\/04\/ain-apres-laccident-du-travail-mortel-a-varambon-la-longue-attente-des-proches-en-quete-de-verite.jpg","datePublished":"2026-04-13T08:59:00+00:00","description":"Ain Apr\u00e8s l'accident du travail mortel \u00e0 Varambon, la longue attente des proches en qu\u00eate de v\u00e9rit\u00e9 article de ACCIDENTDUTRAVAIL-IDF","breadcrumb":{"@id":"https:\/\/www.accidentdutravail-idf.net\/blog\/ain-apres-laccident-du-travail-mortel-a-varambon-la-longue-attente-des-proches-en-quete-de-verite\/#breadcrumb"},"inLanguage":"fr-FR","potentialAction":[{"@type":"ReadAction","target":["https:\/\/www.accidentdutravail-idf.net\/blog\/ain-apres-laccident-du-travail-mortel-a-varambon-la-longue-attente-des-proches-en-quete-de-verite\/"]}]},{"@type":"ImageObject","inLanguage":"fr-FR","@id":"https:\/\/www.accidentdutravail-idf.net\/blog\/ain-apres-laccident-du-travail-mortel-a-varambon-la-longue-attente-des-proches-en-quete-de-verite\/#primaryimage","url":"https:\/\/www.accidentdutravail-idf.net\/blog\/wp-content\/uploads\/2026\/04\/ain-apres-laccident-du-travail-mortel-a-varambon-la-longue-attente-des-proches-en-quete-de-verite.jpg","contentUrl":"https:\/\/www.accidentdutravail-idf.net\/blog\/wp-content\/uploads\/2026\/04\/ain-apres-laccident-du-travail-mortel-a-varambon-la-longue-attente-des-proches-en-quete-de-verite.jpg"},{"@type":"BreadcrumbList","@id":"https:\/\/www.accidentdutravail-idf.net\/blog\/ain-apres-laccident-du-travail-mortel-a-varambon-la-longue-attente-des-proches-en-quete-de-verite\/#breadcrumb","itemListElement":[{"@type":"ListItem","position":1,"name":"Accueil","item":"https:\/\/www.accidentdutravail-idf.net\/blog\/"},{"@type":"ListItem","position":2,"name":"Ain Apr\u00e8s l&rsquo;accident du travail mortel \u00e0 Varambon, la longue attente des proches en qu\u00eate de v\u00e9rit\u00e9"}]},{"@type":"WebSite","@id":"https:\/\/www.accidentdutravail-idf.net\/blog\/#website","url":"https:\/\/www.accidentdutravail-idf.net\/blog\/","name":"ACCIDENTDUTRAVAIL-IDF","description":"Portail accidents du travail-maladies professionnelles des entreprises d&#039;Ile-de-France","publisher":{"@id":"https:\/\/www.accidentdutravail-idf.net\/blog\/#organization"},"potentialAction":[{"@type":"SearchAction","target":{"@type":"EntryPoint","urlTemplate":"https:\/\/www.accidentdutravail-idf.net\/blog\/?s={search_term_string}"},"query-input":{"@type":"PropertyValueSpecification","valueRequired":true,"valueName":"search_term_string"}}],"inLanguage":"fr-FR"},{"@type":"Organization","@id":"https:\/\/www.accidentdutravail-idf.net\/blog\/#organization","name":"accidentdutravail-idf","url":"https:\/\/www.accidentdutravail-idf.net\/blog\/","logo":{"@type":"ImageObject","inLanguage":"fr-FR","@id":"https:\/\/www.accidentdutravail-idf.net\/blog\/#\/schema\/logo\/image\/","url":"https:\/\/www.accidentdutravail-idf.net\/blog\/wp-content\/uploads\/2022\/09\/logo-2.png","contentUrl":"https:\/\/www.accidentdutravail-idf.net\/blog\/wp-content\/uploads\/2022\/09\/logo-2.png","width":380,"height":291,"caption":"accidentdutravail-idf"},"image":{"@id":"https:\/\/www.accidentdutravail-idf.net\/blog\/#\/schema\/logo\/image\/"}},{"@type":"Person","@id":"https:\/\/www.accidentdutravail-idf.net\/blog\/#\/schema\/person\/3255d2f970de45e64bd9201f38e7b947","name":"Carlos Poulain","image":{"@type":"ImageObject","inLanguage":"fr-FR","@id":"https:\/\/secure.gravatar.com\/avatar\/b1c2f9d3588e34e91adb093635df64ef4b2381991216be7576466cfcdca4baf3?s=96&d=mm&r=g","url":"https:\/\/secure.gravatar.com\/avatar\/b1c2f9d3588e34e91adb093635df64ef4b2381991216be7576466cfcdca4baf3?s=96&d=mm&r=g","contentUrl":"https:\/\/secure.gravatar.com\/avatar\/b1c2f9d3588e34e91adb093635df64ef4b2381991216be7576466cfcdca4baf3?s=96&d=mm&r=g","caption":"Carlos Poulain"},"url":"https:\/\/www.accidentdutravail-idf.net\/blog\/author\/idfcarlos\/"}]}},"_links":{"self":[{"href":"https:\/\/www.accidentdutravail-idf.net\/blog\/wp-json\/wp\/v2\/posts\/2318","targetHints":{"allow":["GET"]}}],"collection":[{"href":"https:\/\/www.accidentdutravail-idf.net\/blog\/wp-json\/wp\/v2\/posts"}],"about":[{"href":"https:\/\/www.accidentdutravail-idf.net\/blog\/wp-json\/wp\/v2\/types\/post"}],"author":[{"embeddable":true,"href":"https:\/\/www.accidentdutravail-idf.net\/blog\/wp-json\/wp\/v2\/users\/2"}],"replies":[{"embeddable":true,"href":"https:\/\/www.accidentdutravail-idf.net\/blog\/wp-json\/wp\/v2\/comments?post=2318"}],"version-history":[{"count":0,"href":"https:\/\/www.accidentdutravail-idf.net\/blog\/wp-json\/wp\/v2\/posts\/2318\/revisions"}],"wp:attachment":[{"href":"https:\/\/www.accidentdutravail-idf.net\/blog\/wp-json\/wp\/v2\/media?parent=2318"}],"wp:term":[{"taxonomy":"category","embeddable":true,"href":"https:\/\/www.accidentdutravail-idf.net\/blog\/wp-json\/wp\/v2\/categories?post=2318"},{"taxonomy":"post_tag","embeddable":true,"href":"https:\/\/www.accidentdutravail-idf.net\/blog\/wp-json\/wp\/v2\/tags?post=2318"}],"curies":[{"name":"wp","href":"https:\/\/api.w.org\/{rel}","templated":true}]}}