{"id":2317,"date":"2026-04-13T11:59:00","date_gmt":"2026-04-13T09:59:00","guid":{"rendered":"https:\/\/www.accidentdutravail-idf.net\/blog\/accident-du-travail-sur-un-chantier-a-landivisiau-un-homme-tombe-dune-echelle-hospitalise\/"},"modified":"2026-04-13T11:59:00","modified_gmt":"2026-04-13T09:59:00","slug":"accident-du-travail-sur-un-chantier-a-landivisiau-un-homme-tombe-dune-echelle-hospitalise","status":"publish","type":"post","link":"https:\/\/www.accidentdutravail-idf.net\/blog\/accident-du-travail-sur-un-chantier-a-landivisiau-un-homme-tombe-dune-echelle-hospitalise\/","title":{"rendered":"Accident du travail sur un chantier \u00e0 Landivisiau : un homme tomb\u00e9 d\u2019une \u00e9chelle hospitalis\u00e9"},"content":{"rendered":"<div><img decoding=\"async\" src=\"https:\/\/www.accidentdutravail-idf.net\/blog\/wp-content\/uploads\/2026\/04\/accident-du-travail-sur-un-chantier-a-landivisiau-un-homme-tombe-dune-echelle-hospitalise.jpg\" class=\"ff-og-image-inserted\"><\/div>\n<div>\n<p>Lundi 13 avril, vers 10&nbsp;h, deux associ\u00e9s d\u2019une entreprise travaillent sur un b\u00e2timent en construction rue du G\u00e9n\u00e9ral Mangin, \u00e0 Landivisiau, quand l\u2019un d\u2019eux, qui se trouvait sur une \u00e9chelle, a chut\u00e9 sur le sol d\u2019une hauteur de 1, 80 m, tombant sur le c\u00f4t\u00e9. La victime, un homme \u00e2g\u00e9 de 47 ans, conscient apr\u00e8s la chute, a \u00e9t\u00e9 pris en charge par les pompiers de Landivisiau et le Samu de Morlaix. Il a \u00e9t\u00e9 conduit \u00e0 l\u2019h\u00f4pital pour suspicion de c\u00f4tes fractur\u00e9es.<\/p>\n<\/div>\n<div>\n<p>L\u2019inspection du travail a \u00e9t\u00e9 avis\u00e9e de l\u2019accident par les gendarmes de Landivisiau.<\/p>\n<\/div>\n<p>accidentdutravail-idf.net vous a pr\u00e9par\u00e9 ce post qui informe du sujet \u00ab\u00a0Association Sportive Huisson-Longueville Essonne\u00a0\u00bb. La chronique se veut g\u00e9n\u00e9r\u00e9e du mieux possible. Vous pouvez utiliser les coordonn\u00e9es indiqu\u00e9es sur le site dans le but d\u2019apporter des explications sur ce post qui parle du th\u00e8me \u00ab\u00a0Association Sportive Huisson-Longueville Essonne\u00a0\u00bb. Le site accidentdutravail-idf.net a pour but de fournir diverses publications sur la th\u00e9matique Association Sportive Huisson-Longueville Essonne diffus\u00e9es sur le net. Il y aura plusieurs articles autour du sujet \u00ab\u00a0Association Sportive Huisson-Longueville Essonne\u00a0\u00bb dans quelques jours, nous vous invitons \u00e0 naviguer sur notre site web \u00e0 plusieurs reprises.<\/p>\n","protected":false},"excerpt":{"rendered":"<p>Lundi 13 avril, vers 10&nbsp;h, deux associ\u00e9s d\u2019une entreprise travaillent sur un b\u00e2timent en construction rue du G\u00e9n\u00e9ral Mangin, \u00e0 Landivisiau, quand l\u2019un d\u2019eux, qui se trouvait sur une \u00e9chelle, a chut\u00e9 sur le sol d\u2019une hauteur de 1, 80 m, tombant sur le c\u00f4t\u00e9. La victime, un homme \u00e2g\u00e9 de 47 ans, conscient apr\u00e8s &hellip; <\/p>\n<p class=\"link-more\"><a href=\"https:\/\/www.accidentdutravail-idf.net\/blog\/accident-du-travail-sur-un-chantier-a-landivisiau-un-homme-tombe-dune-echelle-hospitalise\/\" class=\"more-link\">Continuer la lecture <span class=\"screen-reader-text\"> \u00ab\u00a0Accident du travail sur un chantier \u00e0 Landivisiau : un homme tomb\u00e9 d\u2019une \u00e9chelle hospitalis\u00e9\u00a0\u00bb<\/span><\/a><\/p>\n","protected":false},"author":2,"featured_media":0,"comment_status":"closed","ping_status":"closed","sticky":false,"template":"","format":"standard","meta":{"footnotes":""},"categories":[5],"tags":[],"class_list":["post-2317","post","type-post","status-publish","format-standard","hentry","category-securite-du-travail-en-ile-de-france-et-divers","entry"],"yoast_head":"<!-- This site is optimized with the Yoast SEO plugin v27.5 - https:\/\/yoast.com\/product\/yoast-seo-wordpress\/ -->\n<title>Accident du travail sur un chantier \u00e0 Landivisiau : un homme tomb\u00e9 d\u2019une \u00e9chelle hospitalis\u00e9 - ACCIDENTDUTRAVAIL-IDF<\/title>\n<meta name=\"description\" content=\"Accident du travail sur un chantier \u00e0 Landivisiau : un homme tomb\u00e9 d\u2019une \u00e9chelle hospitalis\u00e9 article de ACCIDENTDUTRAVAIL-IDF\" \/>\n<meta name=\"robots\" content=\"index, follow, max-snippet:-1, max-image-preview:large, max-video-preview:-1\" \/>\n<link rel=\"canonical\" href=\"https:\/\/www.accidentdutravail-idf.net\/blog\/accident-du-travail-sur-un-chantier-a-landivisiau-un-homme-tombe-dune-echelle-hospitalise\/\" \/>\n<meta property=\"og:locale\" content=\"fr_FR\" \/>\n<meta property=\"og:type\" content=\"article\" \/>\n<meta property=\"og:title\" content=\"Accident du travail sur un chantier \u00e0 Landivisiau : un homme tomb\u00e9 d\u2019une \u00e9chelle hospitalis\u00e9 - ACCIDENTDUTRAVAIL-IDF\" \/>\n<meta property=\"og:description\" content=\"Accident du travail sur un chantier \u00e0 Landivisiau : un homme tomb\u00e9 d\u2019une \u00e9chelle hospitalis\u00e9 article de ACCIDENTDUTRAVAIL-IDF\" \/>\n<meta property=\"og:url\" content=\"https:\/\/www.accidentdutravail-idf.net\/blog\/accident-du-travail-sur-un-chantier-a-landivisiau-un-homme-tombe-dune-echelle-hospitalise\/\" \/>\n<meta property=\"og:site_name\" content=\"ACCIDENTDUTRAVAIL-IDF\" \/>\n<meta property=\"article:published_time\" content=\"2026-04-13T09:59:00+00:00\" \/>\n<meta property=\"og:image\" content=\"https:\/\/www.accidentdutravail-idf.net\/blog\/wp-content\/uploads\/2026\/04\/accident-du-travail-sur-un-chantier-a-landivisiau-un-homme-tombe-dune-echelle-hospitalise.jpg\" \/>\n<meta name=\"author\" content=\"Carlos Poulain\" \/>\n<meta name=\"twitter:card\" content=\"summary_large_image\" \/>\n<meta name=\"twitter:label1\" content=\"\u00c9crit par\" \/>\n\t<meta name=\"twitter:data1\" content=\"Carlos Poulain\" \/>\n\t<meta name=\"twitter:label2\" content=\"Dur\u00e9e de lecture estim\u00e9e\" \/>\n\t<meta name=\"twitter:data2\" content=\"1 minute\" \/>\n<script type=\"application\/ld+json\" class=\"yoast-schema-graph\">{\"@context\":\"https:\\\/\\\/schema.org\",\"@graph\":[{\"@type\":\"Article\",\"@id\":\"https:\\\/\\\/www.accidentdutravail-idf.net\\\/blog\\\/accident-du-travail-sur-un-chantier-a-landivisiau-un-homme-tombe-dune-echelle-hospitalise\\\/#article\",\"isPartOf\":{\"@id\":\"https:\\\/\\\/www.accidentdutravail-idf.net\\\/blog\\\/accident-du-travail-sur-un-chantier-a-landivisiau-un-homme-tombe-dune-echelle-hospitalise\\\/\"},\"author\":{\"name\":\"Carlos Poulain\",\"@id\":\"https:\\\/\\\/www.accidentdutravail-idf.net\\\/blog\\\/#\\\/schema\\\/person\\\/3255d2f970de45e64bd9201f38e7b947\"},\"headline\":\"Accident du travail sur un chantier \u00e0 Landivisiau : un homme tomb\u00e9 d\u2019une \u00e9chelle hospitalis\u00e9\",\"datePublished\":\"2026-04-13T09:59:00+00:00\",\"mainEntityOfPage\":{\"@id\":\"https:\\\/\\\/www.accidentdutravail-idf.net\\\/blog\\\/accident-du-travail-sur-un-chantier-a-landivisiau-un-homme-tombe-dune-echelle-hospitalise\\\/\"},\"wordCount\":228,\"publisher\":{\"@id\":\"https:\\\/\\\/www.accidentdutravail-idf.net\\\/blog\\\/#organization\"},\"image\":{\"@id\":\"https:\\\/\\\/www.accidentdutravail-idf.net\\\/blog\\\/accident-du-travail-sur-un-chantier-a-landivisiau-un-homme-tombe-dune-echelle-hospitalise\\\/#primaryimage\"},\"thumbnailUrl\":\"https:\\\/\\\/www.accidentdutravail-idf.net\\\/blog\\\/wp-content\\\/uploads\\\/2026\\\/04\\\/accident-du-travail-sur-un-chantier-a-landivisiau-un-homme-tombe-dune-echelle-hospitalise.jpg\",\"articleSection\":[\"S\u00e9curit\u00e9 Du Travail En Ile-De-France Et Divers:\"],\"inLanguage\":\"fr-FR\"},{\"@type\":\"WebPage\",\"@id\":\"https:\\\/\\\/www.accidentdutravail-idf.net\\\/blog\\\/accident-du-travail-sur-un-chantier-a-landivisiau-un-homme-tombe-dune-echelle-hospitalise\\\/\",\"url\":\"https:\\\/\\\/www.accidentdutravail-idf.net\\\/blog\\\/accident-du-travail-sur-un-chantier-a-landivisiau-un-homme-tombe-dune-echelle-hospitalise\\\/\",\"name\":\"Accident du travail sur un chantier \u00e0 Landivisiau : un homme tomb\u00e9 d\u2019une \u00e9chelle hospitalis\u00e9 - ACCIDENTDUTRAVAIL-IDF\",\"isPartOf\":{\"@id\":\"https:\\\/\\\/www.accidentdutravail-idf.net\\\/blog\\\/#website\"},\"primaryImageOfPage\":{\"@id\":\"https:\\\/\\\/www.accidentdutravail-idf.net\\\/blog\\\/accident-du-travail-sur-un-chantier-a-landivisiau-un-homme-tombe-dune-echelle-hospitalise\\\/#primaryimage\"},\"image\":{\"@id\":\"https:\\\/\\\/www.accidentdutravail-idf.net\\\/blog\\\/accident-du-travail-sur-un-chantier-a-landivisiau-un-homme-tombe-dune-echelle-hospitalise\\\/#primaryimage\"},\"thumbnailUrl\":\"https:\\\/\\\/www.accidentdutravail-idf.net\\\/blog\\\/wp-content\\\/uploads\\\/2026\\\/04\\\/accident-du-travail-sur-un-chantier-a-landivisiau-un-homme-tombe-dune-echelle-hospitalise.jpg\",\"datePublished\":\"2026-04-13T09:59:00+00:00\",\"description\":\"Accident du travail sur un chantier \u00e0 Landivisiau : un homme tomb\u00e9 d\u2019une \u00e9chelle hospitalis\u00e9 article de ACCIDENTDUTRAVAIL-IDF\",\"breadcrumb\":{\"@id\":\"https:\\\/\\\/www.accidentdutravail-idf.net\\\/blog\\\/accident-du-travail-sur-un-chantier-a-landivisiau-un-homme-tombe-dune-echelle-hospitalise\\\/#breadcrumb\"},\"inLanguage\":\"fr-FR\",\"potentialAction\":[{\"@type\":\"ReadAction\",\"target\":[\"https:\\\/\\\/www.accidentdutravail-idf.net\\\/blog\\\/accident-du-travail-sur-un-chantier-a-landivisiau-un-homme-tombe-dune-echelle-hospitalise\\\/\"]}]},{\"@type\":\"ImageObject\",\"inLanguage\":\"fr-FR\",\"@id\":\"https:\\\/\\\/www.accidentdutravail-idf.net\\\/blog\\\/accident-du-travail-sur-un-chantier-a-landivisiau-un-homme-tombe-dune-echelle-hospitalise\\\/#primaryimage\",\"url\":\"https:\\\/\\\/www.accidentdutravail-idf.net\\\/blog\\\/wp-content\\\/uploads\\\/2026\\\/04\\\/accident-du-travail-sur-un-chantier-a-landivisiau-un-homme-tombe-dune-echelle-hospitalise.jpg\",\"contentUrl\":\"https:\\\/\\\/www.accidentdutravail-idf.net\\\/blog\\\/wp-content\\\/uploads\\\/2026\\\/04\\\/accident-du-travail-sur-un-chantier-a-landivisiau-un-homme-tombe-dune-echelle-hospitalise.jpg\"},{\"@type\":\"BreadcrumbList\",\"@id\":\"https:\\\/\\\/www.accidentdutravail-idf.net\\\/blog\\\/accident-du-travail-sur-un-chantier-a-landivisiau-un-homme-tombe-dune-echelle-hospitalise\\\/#breadcrumb\",\"itemListElement\":[{\"@type\":\"ListItem\",\"position\":1,\"name\":\"Accueil\",\"item\":\"https:\\\/\\\/www.accidentdutravail-idf.net\\\/blog\\\/\"},{\"@type\":\"ListItem\",\"position\":2,\"name\":\"Accident du travail sur un chantier \u00e0 Landivisiau : un homme tomb\u00e9 d\u2019une \u00e9chelle hospitalis\u00e9\"}]},{\"@type\":\"WebSite\",\"@id\":\"https:\\\/\\\/www.accidentdutravail-idf.net\\\/blog\\\/#website\",\"url\":\"https:\\\/\\\/www.accidentdutravail-idf.net\\\/blog\\\/\",\"name\":\"ACCIDENTDUTRAVAIL-IDF\",\"description\":\"Portail accidents du travail-maladies professionnelles des entreprises d&#039;Ile-de-France\",\"publisher\":{\"@id\":\"https:\\\/\\\/www.accidentdutravail-idf.net\\\/blog\\\/#organization\"},\"potentialAction\":[{\"@type\":\"SearchAction\",\"target\":{\"@type\":\"EntryPoint\",\"urlTemplate\":\"https:\\\/\\\/www.accidentdutravail-idf.net\\\/blog\\\/?s={search_term_string}\"},\"query-input\":{\"@type\":\"PropertyValueSpecification\",\"valueRequired\":true,\"valueName\":\"search_term_string\"}}],\"inLanguage\":\"fr-FR\"},{\"@type\":\"Organization\",\"@id\":\"https:\\\/\\\/www.accidentdutravail-idf.net\\\/blog\\\/#organization\",\"name\":\"accidentdutravail-idf\",\"url\":\"https:\\\/\\\/www.accidentdutravail-idf.net\\\/blog\\\/\",\"logo\":{\"@type\":\"ImageObject\",\"inLanguage\":\"fr-FR\",\"@id\":\"https:\\\/\\\/www.accidentdutravail-idf.net\\\/blog\\\/#\\\/schema\\\/logo\\\/image\\\/\",\"url\":\"https:\\\/\\\/www.accidentdutravail-idf.net\\\/blog\\\/wp-content\\\/uploads\\\/2022\\\/09\\\/logo-2.png\",\"contentUrl\":\"https:\\\/\\\/www.accidentdutravail-idf.net\\\/blog\\\/wp-content\\\/uploads\\\/2022\\\/09\\\/logo-2.png\",\"width\":380,\"height\":291,\"caption\":\"accidentdutravail-idf\"},\"image\":{\"@id\":\"https:\\\/\\\/www.accidentdutravail-idf.net\\\/blog\\\/#\\\/schema\\\/logo\\\/image\\\/\"}},{\"@type\":\"Person\",\"@id\":\"https:\\\/\\\/www.accidentdutravail-idf.net\\\/blog\\\/#\\\/schema\\\/person\\\/3255d2f970de45e64bd9201f38e7b947\",\"name\":\"Carlos Poulain\",\"image\":{\"@type\":\"ImageObject\",\"inLanguage\":\"fr-FR\",\"@id\":\"https:\\\/\\\/secure.gravatar.com\\\/avatar\\\/b1c2f9d3588e34e91adb093635df64ef4b2381991216be7576466cfcdca4baf3?s=96&d=mm&r=g\",\"url\":\"https:\\\/\\\/secure.gravatar.com\\\/avatar\\\/b1c2f9d3588e34e91adb093635df64ef4b2381991216be7576466cfcdca4baf3?s=96&d=mm&r=g\",\"contentUrl\":\"https:\\\/\\\/secure.gravatar.com\\\/avatar\\\/b1c2f9d3588e34e91adb093635df64ef4b2381991216be7576466cfcdca4baf3?s=96&d=mm&r=g\",\"caption\":\"Carlos Poulain\"},\"url\":\"https:\\\/\\\/www.accidentdutravail-idf.net\\\/blog\\\/author\\\/idfcarlos\\\/\"}]}<\/script>\n<!-- \/ Yoast SEO plugin. -->","yoast_head_json":{"title":"Accident du travail sur un chantier \u00e0 Landivisiau : un homme tomb\u00e9 d\u2019une \u00e9chelle hospitalis\u00e9 - ACCIDENTDUTRAVAIL-IDF","description":"Accident du travail sur un chantier \u00e0 Landivisiau : un homme tomb\u00e9 d\u2019une \u00e9chelle hospitalis\u00e9 article de ACCIDENTDUTRAVAIL-IDF","robots":{"index":"index","follow":"follow","max-snippet":"max-snippet:-1","max-image-preview":"max-image-preview:large","max-video-preview":"max-video-preview:-1"},"canonical":"https:\/\/www.accidentdutravail-idf.net\/blog\/accident-du-travail-sur-un-chantier-a-landivisiau-un-homme-tombe-dune-echelle-hospitalise\/","og_locale":"fr_FR","og_type":"article","og_title":"Accident du travail sur un chantier \u00e0 Landivisiau : un homme tomb\u00e9 d\u2019une \u00e9chelle hospitalis\u00e9 - ACCIDENTDUTRAVAIL-IDF","og_description":"Accident du travail sur un chantier \u00e0 Landivisiau : un homme tomb\u00e9 d\u2019une \u00e9chelle hospitalis\u00e9 article de ACCIDENTDUTRAVAIL-IDF","og_url":"https:\/\/www.accidentdutravail-idf.net\/blog\/accident-du-travail-sur-un-chantier-a-landivisiau-un-homme-tombe-dune-echelle-hospitalise\/","og_site_name":"ACCIDENTDUTRAVAIL-IDF","article_published_time":"2026-04-13T09:59:00+00:00","og_image":[{"url":"https:\/\/www.accidentdutravail-idf.net\/blog\/wp-content\/uploads\/2026\/04\/accident-du-travail-sur-un-chantier-a-landivisiau-un-homme-tombe-dune-echelle-hospitalise.jpg","type":"","width":"","height":""}],"author":"Carlos Poulain","twitter_card":"summary_large_image","twitter_misc":{"\u00c9crit par":"Carlos Poulain","Dur\u00e9e de lecture estim\u00e9e":"1 minute"},"schema":{"@context":"https:\/\/schema.org","@graph":[{"@type":"Article","@id":"https:\/\/www.accidentdutravail-idf.net\/blog\/accident-du-travail-sur-un-chantier-a-landivisiau-un-homme-tombe-dune-echelle-hospitalise\/#article","isPartOf":{"@id":"https:\/\/www.accidentdutravail-idf.net\/blog\/accident-du-travail-sur-un-chantier-a-landivisiau-un-homme-tombe-dune-echelle-hospitalise\/"},"author":{"name":"Carlos Poulain","@id":"https:\/\/www.accidentdutravail-idf.net\/blog\/#\/schema\/person\/3255d2f970de45e64bd9201f38e7b947"},"headline":"Accident du travail sur un chantier \u00e0 Landivisiau : un homme tomb\u00e9 d\u2019une \u00e9chelle hospitalis\u00e9","datePublished":"2026-04-13T09:59:00+00:00","mainEntityOfPage":{"@id":"https:\/\/www.accidentdutravail-idf.net\/blog\/accident-du-travail-sur-un-chantier-a-landivisiau-un-homme-tombe-dune-echelle-hospitalise\/"},"wordCount":228,"publisher":{"@id":"https:\/\/www.accidentdutravail-idf.net\/blog\/#organization"},"image":{"@id":"https:\/\/www.accidentdutravail-idf.net\/blog\/accident-du-travail-sur-un-chantier-a-landivisiau-un-homme-tombe-dune-echelle-hospitalise\/#primaryimage"},"thumbnailUrl":"https:\/\/www.accidentdutravail-idf.net\/blog\/wp-content\/uploads\/2026\/04\/accident-du-travail-sur-un-chantier-a-landivisiau-un-homme-tombe-dune-echelle-hospitalise.jpg","articleSection":["S\u00e9curit\u00e9 Du Travail En Ile-De-France Et Divers:"],"inLanguage":"fr-FR"},{"@type":"WebPage","@id":"https:\/\/www.accidentdutravail-idf.net\/blog\/accident-du-travail-sur-un-chantier-a-landivisiau-un-homme-tombe-dune-echelle-hospitalise\/","url":"https:\/\/www.accidentdutravail-idf.net\/blog\/accident-du-travail-sur-un-chantier-a-landivisiau-un-homme-tombe-dune-echelle-hospitalise\/","name":"Accident du travail sur un chantier \u00e0 Landivisiau : un homme tomb\u00e9 d\u2019une \u00e9chelle hospitalis\u00e9 - ACCIDENTDUTRAVAIL-IDF","isPartOf":{"@id":"https:\/\/www.accidentdutravail-idf.net\/blog\/#website"},"primaryImageOfPage":{"@id":"https:\/\/www.accidentdutravail-idf.net\/blog\/accident-du-travail-sur-un-chantier-a-landivisiau-un-homme-tombe-dune-echelle-hospitalise\/#primaryimage"},"image":{"@id":"https:\/\/www.accidentdutravail-idf.net\/blog\/accident-du-travail-sur-un-chantier-a-landivisiau-un-homme-tombe-dune-echelle-hospitalise\/#primaryimage"},"thumbnailUrl":"https:\/\/www.accidentdutravail-idf.net\/blog\/wp-content\/uploads\/2026\/04\/accident-du-travail-sur-un-chantier-a-landivisiau-un-homme-tombe-dune-echelle-hospitalise.jpg","datePublished":"2026-04-13T09:59:00+00:00","description":"Accident du travail sur un chantier \u00e0 Landivisiau : un homme tomb\u00e9 d\u2019une \u00e9chelle hospitalis\u00e9 article de ACCIDENTDUTRAVAIL-IDF","breadcrumb":{"@id":"https:\/\/www.accidentdutravail-idf.net\/blog\/accident-du-travail-sur-un-chantier-a-landivisiau-un-homme-tombe-dune-echelle-hospitalise\/#breadcrumb"},"inLanguage":"fr-FR","potentialAction":[{"@type":"ReadAction","target":["https:\/\/www.accidentdutravail-idf.net\/blog\/accident-du-travail-sur-un-chantier-a-landivisiau-un-homme-tombe-dune-echelle-hospitalise\/"]}]},{"@type":"ImageObject","inLanguage":"fr-FR","@id":"https:\/\/www.accidentdutravail-idf.net\/blog\/accident-du-travail-sur-un-chantier-a-landivisiau-un-homme-tombe-dune-echelle-hospitalise\/#primaryimage","url":"https:\/\/www.accidentdutravail-idf.net\/blog\/wp-content\/uploads\/2026\/04\/accident-du-travail-sur-un-chantier-a-landivisiau-un-homme-tombe-dune-echelle-hospitalise.jpg","contentUrl":"https:\/\/www.accidentdutravail-idf.net\/blog\/wp-content\/uploads\/2026\/04\/accident-du-travail-sur-un-chantier-a-landivisiau-un-homme-tombe-dune-echelle-hospitalise.jpg"},{"@type":"BreadcrumbList","@id":"https:\/\/www.accidentdutravail-idf.net\/blog\/accident-du-travail-sur-un-chantier-a-landivisiau-un-homme-tombe-dune-echelle-hospitalise\/#breadcrumb","itemListElement":[{"@type":"ListItem","position":1,"name":"Accueil","item":"https:\/\/www.accidentdutravail-idf.net\/blog\/"},{"@type":"ListItem","position":2,"name":"Accident du travail sur un chantier \u00e0 Landivisiau : un homme tomb\u00e9 d\u2019une \u00e9chelle hospitalis\u00e9"}]},{"@type":"WebSite","@id":"https:\/\/www.accidentdutravail-idf.net\/blog\/#website","url":"https:\/\/www.accidentdutravail-idf.net\/blog\/","name":"ACCIDENTDUTRAVAIL-IDF","description":"Portail accidents du travail-maladies professionnelles des entreprises d&#039;Ile-de-France","publisher":{"@id":"https:\/\/www.accidentdutravail-idf.net\/blog\/#organization"},"potentialAction":[{"@type":"SearchAction","target":{"@type":"EntryPoint","urlTemplate":"https:\/\/www.accidentdutravail-idf.net\/blog\/?s={search_term_string}"},"query-input":{"@type":"PropertyValueSpecification","valueRequired":true,"valueName":"search_term_string"}}],"inLanguage":"fr-FR"},{"@type":"Organization","@id":"https:\/\/www.accidentdutravail-idf.net\/blog\/#organization","name":"accidentdutravail-idf","url":"https:\/\/www.accidentdutravail-idf.net\/blog\/","logo":{"@type":"ImageObject","inLanguage":"fr-FR","@id":"https:\/\/www.accidentdutravail-idf.net\/blog\/#\/schema\/logo\/image\/","url":"https:\/\/www.accidentdutravail-idf.net\/blog\/wp-content\/uploads\/2022\/09\/logo-2.png","contentUrl":"https:\/\/www.accidentdutravail-idf.net\/blog\/wp-content\/uploads\/2022\/09\/logo-2.png","width":380,"height":291,"caption":"accidentdutravail-idf"},"image":{"@id":"https:\/\/www.accidentdutravail-idf.net\/blog\/#\/schema\/logo\/image\/"}},{"@type":"Person","@id":"https:\/\/www.accidentdutravail-idf.net\/blog\/#\/schema\/person\/3255d2f970de45e64bd9201f38e7b947","name":"Carlos Poulain","image":{"@type":"ImageObject","inLanguage":"fr-FR","@id":"https:\/\/secure.gravatar.com\/avatar\/b1c2f9d3588e34e91adb093635df64ef4b2381991216be7576466cfcdca4baf3?s=96&d=mm&r=g","url":"https:\/\/secure.gravatar.com\/avatar\/b1c2f9d3588e34e91adb093635df64ef4b2381991216be7576466cfcdca4baf3?s=96&d=mm&r=g","contentUrl":"https:\/\/secure.gravatar.com\/avatar\/b1c2f9d3588e34e91adb093635df64ef4b2381991216be7576466cfcdca4baf3?s=96&d=mm&r=g","caption":"Carlos Poulain"},"url":"https:\/\/www.accidentdutravail-idf.net\/blog\/author\/idfcarlos\/"}]}},"_links":{"self":[{"href":"https:\/\/www.accidentdutravail-idf.net\/blog\/wp-json\/wp\/v2\/posts\/2317","targetHints":{"allow":["GET"]}}],"collection":[{"href":"https:\/\/www.accidentdutravail-idf.net\/blog\/wp-json\/wp\/v2\/posts"}],"about":[{"href":"https:\/\/www.accidentdutravail-idf.net\/blog\/wp-json\/wp\/v2\/types\/post"}],"author":[{"embeddable":true,"href":"https:\/\/www.accidentdutravail-idf.net\/blog\/wp-json\/wp\/v2\/users\/2"}],"replies":[{"embeddable":true,"href":"https:\/\/www.accidentdutravail-idf.net\/blog\/wp-json\/wp\/v2\/comments?post=2317"}],"version-history":[{"count":0,"href":"https:\/\/www.accidentdutravail-idf.net\/blog\/wp-json\/wp\/v2\/posts\/2317\/revisions"}],"wp:attachment":[{"href":"https:\/\/www.accidentdutravail-idf.net\/blog\/wp-json\/wp\/v2\/media?parent=2317"}],"wp:term":[{"taxonomy":"category","embeddable":true,"href":"https:\/\/www.accidentdutravail-idf.net\/blog\/wp-json\/wp\/v2\/categories?post=2317"},{"taxonomy":"post_tag","embeddable":true,"href":"https:\/\/www.accidentdutravail-idf.net\/blog\/wp-json\/wp\/v2\/tags?post=2317"}],"curies":[{"name":"wp","href":"https:\/\/api.w.org\/{rel}","templated":true}]}}