{"id":2314,"date":"2026-04-11T11:40:00","date_gmt":"2026-04-11T09:40:00","guid":{"rendered":"https:\/\/www.accidentdutravail-idf.net\/blog\/accident-du-travail-a-toulouse-louvrier-tombe-de-cinq-metres-dans-la-cage-dascenseur\/"},"modified":"2026-04-11T11:40:00","modified_gmt":"2026-04-11T09:40:00","slug":"accident-du-travail-a-toulouse-louvrier-tombe-de-cinq-metres-dans-la-cage-dascenseur","status":"publish","type":"post","link":"https:\/\/www.accidentdutravail-idf.net\/blog\/accident-du-travail-a-toulouse-louvrier-tombe-de-cinq-metres-dans-la-cage-dascenseur\/","title":{"rendered":"Accident du travail \u00e0 Toulouse : l&rsquo;ouvrier tombe de cinq m\u00e8tres dans la cage d&rsquo;ascenseur"},"content":{"rendered":"<div><img decoding=\"async\" src=\"https:\/\/www.accidentdutravail-idf.net\/blog\/wp-content\/uploads\/2026\/04\/accident-du-travail-a-toulouse-louvrier-tombe-de-cinq-metres-dans-la-cage-dascenseur.jpg\" class=\"ff-og-image-inserted\"><\/div>\n<div class=\"ac-article-date\"> Par <strong> <a href=\"https:\/\/actu.fr\/auteur\/guillaume-laurens\" title=\"Consulter tous les articles de Guillaume Laurens\" target=\"_blank\" rel=\"nofollow\">Guillaume Laurens<\/a> <\/strong> <span> Publi\u00e9 le <time datetime=\"2026-04-11T19:40:24+02:00\"> 11 avr. 2026 \u00e0 19h40 <\/time> <\/span>\n<\/div>\n<div class=\"ac-article-actions\"> <button type=\"button\" class=\"ac-btn ac-btn--round ac-btn--border-gray ac-btn--bookmark\" data-trk=\"{&quot;cta&quot;:{&quot;action&quot;:&quot;&quot;,&quot;category&quot;:&quot;mon compte&quot;,&quot;from&quot;:&quot;article actions&quot;,&quot;name&quot;:&quot;Voir mes articles enregistr\\u00e9s&quot;,&quot;type&quot;:&quot;cta&quot;}}\" title=\"Enregistrer l'article\" aria-label=\"Enregistrer l'article\" aria-controls=\"bookmark\" aria-expanded=\"false\"> <span class=\"sr\">Enregistrer<\/span> <\/button> <button type=\"button\" class=\"ac-btn ac-btn--round ac-btn--border-gray ac-btn--share\" data-trk=\"{&quot;menu&quot;:{&quot;name&quot;:&quot;Partager&quot;,&quot;from&quot;:&quot;D\\u00e9but article&quot;}}\" title=\"Partager l'article\" aria-controls=\"share\" aria-expanded=\"false\" aria-label=\"Partager\"> <span class=\"sr\">Partager<\/span> <\/button> <\/div>\n<p>Un <strong>ascensoriste<\/strong> a fait une terrible chute, ce samedi 11&nbsp;avril 2026 en tout d\u00e9but de matin\u00e9e, cheminement Louis Auriacombe, quartier de La Reynerie, \u00e0 <a href=\"https:\/\/actu.fr\/toulouse\/\" target=\"_blank\" rel=\"nofollow\"><strong>Toulouse<\/strong><\/a>.&nbsp;Alors qu\u2019il intervenait sur les coups de 7&nbsp;heures pour des \u00ab\u2009travaux de r\u00e9novation\u2009\u00bb sur un ascenseur, glisse une source polici\u00e8re, cet ouvrier a lourdement chut\u00e9.<\/p>\n<div class=\"ac-article-to-read wall-content\">\n<p>\u00c0 lire aussi<\/p>\n<\/div>\n<h2 class=\" wall-content\">Secouru par le Grimp apr\u00e8s une chute de cinq m\u00e8tres<\/h2>\n<p class=\" wall-content\">S\u2019agissant d\u2019une \u00ab\u2009chute de grande hauteur\u2009\u00bb, le SDIS de la Haute-Garonne a d\u00fb d\u00e9ployer des moyens cons\u00e9quents sur place, la victime \u00e9tant tomb\u00e9e <strong>d\u2019environ cinq m\u00e8tres<\/strong>. \u00ab\u2009Gr\u00e2ce \u00e0 l\u2019intervention rapide des pompiers et de l\u2019unit\u00e9 sp\u00e9cialis\u00e9e en <strong>milieux p\u00e9rilleux<\/strong> (le fameux Grimp, NDLR), la victime a \u00e9t\u00e9 rapidement extraite\u2009\u00bb, pr\u00e9cise le SDIS de la Haute-Garonne.<\/p>\n<h2 class=\" wall-content\">L\u2019homme \u00e9vacu\u00e9 vers l\u2019h\u00f4pital Purpan<\/h2>\n<p class=\" wall-content\">Apr\u00e8s prise en charge m\u00e9dicale, la victime de cet <strong>accident du travail<\/strong> a \u00e9t\u00e9 transport\u00e9e vers <strong>l\u2019H\u00f4pital Purpan<\/strong> \u00e0 Toulouse. Selon nos informations, elle souffrait de douleurs lombaires et d\u2019un potentiel traumatisme cr\u00e2nien, mais son <strong>pronostic vital<\/strong> n\u2019\u00e9tait <strong>pas engag\u00e9.<\/strong><\/p>\n<p class=\" wall-content\">En attendant la venue d\u2019un autre technicien ascensoriste, \u00ab\u2009la cage d\u2019ascenseur a \u00e9t\u00e9 s\u00e9curis\u00e9e\u2009\u00bb, ajoute le SDIS, dont l\u2019intervention a, au total, n\u00e9cessit\u00e9 le d\u00e9ploiement de <strong>huit engins<\/strong>, soit <strong>18 sapeurs-pompiers<\/strong>.<\/p>\n<figure class=\"ac-embed ac-embed--google wall-content\" data-provider=\"google\" data-cmp-purpose=\"embedInfographie\">\n<\/figure>\n<p class=\" wall-content\"><i>Personnalisez votre actualit\u00e9 en ajoutant vos villes et m\u00e9dias en favori avec <a href=\"https:\/\/moncompte.actu.fr\" title=\"D\u00e9couvez Mon Actu\" rel=\"nofollow\" data-trk=\"{&quot;cta&quot;:{&quot;action&quot;:&quot;https:\\\/\\\/moncompte.actu.fr&quot;,&quot;category&quot;:&quot;mon compte&quot;,&quot;from&quot;:&quot;article footer&quot;,&quot;name&quot;:&quot;Mon actu&quot;,&quot;type&quot;:&quot;cta&quot;}}\" target=\"_blank\">Mon Actu<\/a>.<\/i><\/p>\n<p> accidentdutravail-idf.net vous a pr\u00e9par\u00e9 ce post qui informe du sujet \u00ab\u00a0Association Sportive Huisson-Longueville Essonne\u00a0\u00bb. La chronique se veut g\u00e9n\u00e9r\u00e9e du mieux possible. Vous pouvez utiliser les coordonn\u00e9es indiqu\u00e9es sur le site dans le but d\u2019apporter des explications sur ce post qui parle du th\u00e8me \u00ab\u00a0Association Sportive Huisson-Longueville Essonne\u00a0\u00bb. Le site accidentdutravail-idf.net a pour but de fournir diverses publications sur la th\u00e9matique Association Sportive Huisson-Longueville Essonne diffus\u00e9es sur le net. Il y aura plusieurs articles autour du sujet \u00ab\u00a0Association Sportive Huisson-Longueville Essonne\u00a0\u00bb dans quelques jours, nous vous invitons \u00e0 naviguer sur notre site web \u00e0 plusieurs reprises.<\/p>\n","protected":false},"excerpt":{"rendered":"<p>Par Guillaume Laurens Publi\u00e9 le 11 avr. 2026 \u00e0 19h40 Enregistrer Partager Un ascensoriste a fait une terrible chute, ce samedi 11&nbsp;avril 2026 en tout d\u00e9but de matin\u00e9e, cheminement Louis Auriacombe, quartier de La Reynerie, \u00e0 Toulouse.&nbsp;Alors qu\u2019il intervenait sur les coups de 7&nbsp;heures pour des \u00ab\u2009travaux de r\u00e9novation\u2009\u00bb sur un ascenseur, glisse une source &hellip; <\/p>\n<p class=\"link-more\"><a href=\"https:\/\/www.accidentdutravail-idf.net\/blog\/accident-du-travail-a-toulouse-louvrier-tombe-de-cinq-metres-dans-la-cage-dascenseur\/\" class=\"more-link\">Continuer la lecture <span class=\"screen-reader-text\"> \u00ab\u00a0Accident du travail \u00e0 Toulouse : l&rsquo;ouvrier tombe de cinq m\u00e8tres dans la cage d&rsquo;ascenseur\u00a0\u00bb<\/span><\/a><\/p>\n","protected":false},"author":2,"featured_media":0,"comment_status":"closed","ping_status":"closed","sticky":false,"template":"","format":"standard","meta":{"footnotes":""},"categories":[5],"tags":[],"class_list":["post-2314","post","type-post","status-publish","format-standard","hentry","category-securite-du-travail-en-ile-de-france-et-divers","entry"],"yoast_head":"<!-- This site is optimized with the Yoast SEO plugin v27.5 - https:\/\/yoast.com\/product\/yoast-seo-wordpress\/ -->\n<title>Accident du travail \u00e0 Toulouse : l&#039;ouvrier tombe de cinq m\u00e8tres dans la cage d&#039;ascenseur - ACCIDENTDUTRAVAIL-IDF<\/title>\n<meta name=\"description\" content=\"Accident du travail \u00e0 Toulouse : l&#039;ouvrier tombe de cinq m\u00e8tres dans la cage d&#039;ascenseur article de ACCIDENTDUTRAVAIL-IDF\" \/>\n<meta name=\"robots\" content=\"index, follow, max-snippet:-1, max-image-preview:large, max-video-preview:-1\" \/>\n<link rel=\"canonical\" href=\"https:\/\/www.accidentdutravail-idf.net\/blog\/accident-du-travail-a-toulouse-louvrier-tombe-de-cinq-metres-dans-la-cage-dascenseur\/\" \/>\n<meta property=\"og:locale\" content=\"fr_FR\" \/>\n<meta property=\"og:type\" content=\"article\" \/>\n<meta property=\"og:title\" content=\"Accident du travail \u00e0 Toulouse : l&#039;ouvrier tombe de cinq m\u00e8tres dans la cage d&#039;ascenseur - ACCIDENTDUTRAVAIL-IDF\" \/>\n<meta property=\"og:description\" content=\"Accident du travail \u00e0 Toulouse : l&#039;ouvrier tombe de cinq m\u00e8tres dans la cage d&#039;ascenseur article de ACCIDENTDUTRAVAIL-IDF\" \/>\n<meta property=\"og:url\" content=\"https:\/\/www.accidentdutravail-idf.net\/blog\/accident-du-travail-a-toulouse-louvrier-tombe-de-cinq-metres-dans-la-cage-dascenseur\/\" \/>\n<meta property=\"og:site_name\" content=\"ACCIDENTDUTRAVAIL-IDF\" \/>\n<meta property=\"article:published_time\" content=\"2026-04-11T09:40:00+00:00\" \/>\n<meta property=\"og:image\" content=\"https:\/\/www.accidentdutravail-idf.net\/blog\/wp-content\/uploads\/2026\/04\/accident-du-travail-a-toulouse-louvrier-tombe-de-cinq-metres-dans-la-cage-dascenseur.jpg\" \/>\n<meta name=\"author\" content=\"Carlos Poulain\" \/>\n<meta name=\"twitter:card\" content=\"summary_large_image\" \/>\n<meta name=\"twitter:label1\" content=\"\u00c9crit par\" \/>\n\t<meta name=\"twitter:data1\" content=\"Carlos Poulain\" \/>\n\t<meta name=\"twitter:label2\" content=\"Dur\u00e9e de lecture estim\u00e9e\" \/>\n\t<meta name=\"twitter:data2\" content=\"2 minutes\" \/>\n<script type=\"application\/ld+json\" class=\"yoast-schema-graph\">{\"@context\":\"https:\\\/\\\/schema.org\",\"@graph\":[{\"@type\":\"Article\",\"@id\":\"https:\\\/\\\/www.accidentdutravail-idf.net\\\/blog\\\/accident-du-travail-a-toulouse-louvrier-tombe-de-cinq-metres-dans-la-cage-dascenseur\\\/#article\",\"isPartOf\":{\"@id\":\"https:\\\/\\\/www.accidentdutravail-idf.net\\\/blog\\\/accident-du-travail-a-toulouse-louvrier-tombe-de-cinq-metres-dans-la-cage-dascenseur\\\/\"},\"author\":{\"name\":\"Carlos Poulain\",\"@id\":\"https:\\\/\\\/www.accidentdutravail-idf.net\\\/blog\\\/#\\\/schema\\\/person\\\/3255d2f970de45e64bd9201f38e7b947\"},\"headline\":\"Accident du travail \u00e0 Toulouse : l&rsquo;ouvrier tombe de cinq m\u00e8tres dans la cage d&rsquo;ascenseur\",\"datePublished\":\"2026-04-11T09:40:00+00:00\",\"mainEntityOfPage\":{\"@id\":\"https:\\\/\\\/www.accidentdutravail-idf.net\\\/blog\\\/accident-du-travail-a-toulouse-louvrier-tombe-de-cinq-metres-dans-la-cage-dascenseur\\\/\"},\"wordCount\":374,\"publisher\":{\"@id\":\"https:\\\/\\\/www.accidentdutravail-idf.net\\\/blog\\\/#organization\"},\"image\":{\"@id\":\"https:\\\/\\\/www.accidentdutravail-idf.net\\\/blog\\\/accident-du-travail-a-toulouse-louvrier-tombe-de-cinq-metres-dans-la-cage-dascenseur\\\/#primaryimage\"},\"thumbnailUrl\":\"https:\\\/\\\/www.accidentdutravail-idf.net\\\/blog\\\/wp-content\\\/uploads\\\/2026\\\/04\\\/accident-du-travail-a-toulouse-louvrier-tombe-de-cinq-metres-dans-la-cage-dascenseur.jpg\",\"articleSection\":[\"S\u00e9curit\u00e9 Du Travail En Ile-De-France Et Divers:\"],\"inLanguage\":\"fr-FR\"},{\"@type\":\"WebPage\",\"@id\":\"https:\\\/\\\/www.accidentdutravail-idf.net\\\/blog\\\/accident-du-travail-a-toulouse-louvrier-tombe-de-cinq-metres-dans-la-cage-dascenseur\\\/\",\"url\":\"https:\\\/\\\/www.accidentdutravail-idf.net\\\/blog\\\/accident-du-travail-a-toulouse-louvrier-tombe-de-cinq-metres-dans-la-cage-dascenseur\\\/\",\"name\":\"Accident du travail \u00e0 Toulouse : l'ouvrier tombe de cinq m\u00e8tres dans la cage d'ascenseur - ACCIDENTDUTRAVAIL-IDF\",\"isPartOf\":{\"@id\":\"https:\\\/\\\/www.accidentdutravail-idf.net\\\/blog\\\/#website\"},\"primaryImageOfPage\":{\"@id\":\"https:\\\/\\\/www.accidentdutravail-idf.net\\\/blog\\\/accident-du-travail-a-toulouse-louvrier-tombe-de-cinq-metres-dans-la-cage-dascenseur\\\/#primaryimage\"},\"image\":{\"@id\":\"https:\\\/\\\/www.accidentdutravail-idf.net\\\/blog\\\/accident-du-travail-a-toulouse-louvrier-tombe-de-cinq-metres-dans-la-cage-dascenseur\\\/#primaryimage\"},\"thumbnailUrl\":\"https:\\\/\\\/www.accidentdutravail-idf.net\\\/blog\\\/wp-content\\\/uploads\\\/2026\\\/04\\\/accident-du-travail-a-toulouse-louvrier-tombe-de-cinq-metres-dans-la-cage-dascenseur.jpg\",\"datePublished\":\"2026-04-11T09:40:00+00:00\",\"description\":\"Accident du travail \u00e0 Toulouse : l'ouvrier tombe de cinq m\u00e8tres dans la cage d'ascenseur article de ACCIDENTDUTRAVAIL-IDF\",\"breadcrumb\":{\"@id\":\"https:\\\/\\\/www.accidentdutravail-idf.net\\\/blog\\\/accident-du-travail-a-toulouse-louvrier-tombe-de-cinq-metres-dans-la-cage-dascenseur\\\/#breadcrumb\"},\"inLanguage\":\"fr-FR\",\"potentialAction\":[{\"@type\":\"ReadAction\",\"target\":[\"https:\\\/\\\/www.accidentdutravail-idf.net\\\/blog\\\/accident-du-travail-a-toulouse-louvrier-tombe-de-cinq-metres-dans-la-cage-dascenseur\\\/\"]}]},{\"@type\":\"ImageObject\",\"inLanguage\":\"fr-FR\",\"@id\":\"https:\\\/\\\/www.accidentdutravail-idf.net\\\/blog\\\/accident-du-travail-a-toulouse-louvrier-tombe-de-cinq-metres-dans-la-cage-dascenseur\\\/#primaryimage\",\"url\":\"https:\\\/\\\/www.accidentdutravail-idf.net\\\/blog\\\/wp-content\\\/uploads\\\/2026\\\/04\\\/accident-du-travail-a-toulouse-louvrier-tombe-de-cinq-metres-dans-la-cage-dascenseur.jpg\",\"contentUrl\":\"https:\\\/\\\/www.accidentdutravail-idf.net\\\/blog\\\/wp-content\\\/uploads\\\/2026\\\/04\\\/accident-du-travail-a-toulouse-louvrier-tombe-de-cinq-metres-dans-la-cage-dascenseur.jpg\"},{\"@type\":\"BreadcrumbList\",\"@id\":\"https:\\\/\\\/www.accidentdutravail-idf.net\\\/blog\\\/accident-du-travail-a-toulouse-louvrier-tombe-de-cinq-metres-dans-la-cage-dascenseur\\\/#breadcrumb\",\"itemListElement\":[{\"@type\":\"ListItem\",\"position\":1,\"name\":\"Accueil\",\"item\":\"https:\\\/\\\/www.accidentdutravail-idf.net\\\/blog\\\/\"},{\"@type\":\"ListItem\",\"position\":2,\"name\":\"Accident du travail \u00e0 Toulouse : l&rsquo;ouvrier tombe de cinq m\u00e8tres dans la cage d&rsquo;ascenseur\"}]},{\"@type\":\"WebSite\",\"@id\":\"https:\\\/\\\/www.accidentdutravail-idf.net\\\/blog\\\/#website\",\"url\":\"https:\\\/\\\/www.accidentdutravail-idf.net\\\/blog\\\/\",\"name\":\"ACCIDENTDUTRAVAIL-IDF\",\"description\":\"Portail accidents du travail-maladies professionnelles des entreprises d&#039;Ile-de-France\",\"publisher\":{\"@id\":\"https:\\\/\\\/www.accidentdutravail-idf.net\\\/blog\\\/#organization\"},\"potentialAction\":[{\"@type\":\"SearchAction\",\"target\":{\"@type\":\"EntryPoint\",\"urlTemplate\":\"https:\\\/\\\/www.accidentdutravail-idf.net\\\/blog\\\/?s={search_term_string}\"},\"query-input\":{\"@type\":\"PropertyValueSpecification\",\"valueRequired\":true,\"valueName\":\"search_term_string\"}}],\"inLanguage\":\"fr-FR\"},{\"@type\":\"Organization\",\"@id\":\"https:\\\/\\\/www.accidentdutravail-idf.net\\\/blog\\\/#organization\",\"name\":\"accidentdutravail-idf\",\"url\":\"https:\\\/\\\/www.accidentdutravail-idf.net\\\/blog\\\/\",\"logo\":{\"@type\":\"ImageObject\",\"inLanguage\":\"fr-FR\",\"@id\":\"https:\\\/\\\/www.accidentdutravail-idf.net\\\/blog\\\/#\\\/schema\\\/logo\\\/image\\\/\",\"url\":\"https:\\\/\\\/www.accidentdutravail-idf.net\\\/blog\\\/wp-content\\\/uploads\\\/2022\\\/09\\\/logo-2.png\",\"contentUrl\":\"https:\\\/\\\/www.accidentdutravail-idf.net\\\/blog\\\/wp-content\\\/uploads\\\/2022\\\/09\\\/logo-2.png\",\"width\":380,\"height\":291,\"caption\":\"accidentdutravail-idf\"},\"image\":{\"@id\":\"https:\\\/\\\/www.accidentdutravail-idf.net\\\/blog\\\/#\\\/schema\\\/logo\\\/image\\\/\"}},{\"@type\":\"Person\",\"@id\":\"https:\\\/\\\/www.accidentdutravail-idf.net\\\/blog\\\/#\\\/schema\\\/person\\\/3255d2f970de45e64bd9201f38e7b947\",\"name\":\"Carlos Poulain\",\"image\":{\"@type\":\"ImageObject\",\"inLanguage\":\"fr-FR\",\"@id\":\"https:\\\/\\\/secure.gravatar.com\\\/avatar\\\/b1c2f9d3588e34e91adb093635df64ef4b2381991216be7576466cfcdca4baf3?s=96&d=mm&r=g\",\"url\":\"https:\\\/\\\/secure.gravatar.com\\\/avatar\\\/b1c2f9d3588e34e91adb093635df64ef4b2381991216be7576466cfcdca4baf3?s=96&d=mm&r=g\",\"contentUrl\":\"https:\\\/\\\/secure.gravatar.com\\\/avatar\\\/b1c2f9d3588e34e91adb093635df64ef4b2381991216be7576466cfcdca4baf3?s=96&d=mm&r=g\",\"caption\":\"Carlos Poulain\"},\"url\":\"https:\\\/\\\/www.accidentdutravail-idf.net\\\/blog\\\/author\\\/idfcarlos\\\/\"}]}<\/script>\n<!-- \/ Yoast SEO plugin. -->","yoast_head_json":{"title":"Accident du travail \u00e0 Toulouse : l'ouvrier tombe de cinq m\u00e8tres dans la cage d'ascenseur - ACCIDENTDUTRAVAIL-IDF","description":"Accident du travail \u00e0 Toulouse : l'ouvrier tombe de cinq m\u00e8tres dans la cage d'ascenseur article de ACCIDENTDUTRAVAIL-IDF","robots":{"index":"index","follow":"follow","max-snippet":"max-snippet:-1","max-image-preview":"max-image-preview:large","max-video-preview":"max-video-preview:-1"},"canonical":"https:\/\/www.accidentdutravail-idf.net\/blog\/accident-du-travail-a-toulouse-louvrier-tombe-de-cinq-metres-dans-la-cage-dascenseur\/","og_locale":"fr_FR","og_type":"article","og_title":"Accident du travail \u00e0 Toulouse : l'ouvrier tombe de cinq m\u00e8tres dans la cage d'ascenseur - ACCIDENTDUTRAVAIL-IDF","og_description":"Accident du travail \u00e0 Toulouse : l'ouvrier tombe de cinq m\u00e8tres dans la cage d'ascenseur article de ACCIDENTDUTRAVAIL-IDF","og_url":"https:\/\/www.accidentdutravail-idf.net\/blog\/accident-du-travail-a-toulouse-louvrier-tombe-de-cinq-metres-dans-la-cage-dascenseur\/","og_site_name":"ACCIDENTDUTRAVAIL-IDF","article_published_time":"2026-04-11T09:40:00+00:00","og_image":[{"url":"https:\/\/www.accidentdutravail-idf.net\/blog\/wp-content\/uploads\/2026\/04\/accident-du-travail-a-toulouse-louvrier-tombe-de-cinq-metres-dans-la-cage-dascenseur.jpg","type":"","width":"","height":""}],"author":"Carlos Poulain","twitter_card":"summary_large_image","twitter_misc":{"\u00c9crit par":"Carlos Poulain","Dur\u00e9e de lecture estim\u00e9e":"2 minutes"},"schema":{"@context":"https:\/\/schema.org","@graph":[{"@type":"Article","@id":"https:\/\/www.accidentdutravail-idf.net\/blog\/accident-du-travail-a-toulouse-louvrier-tombe-de-cinq-metres-dans-la-cage-dascenseur\/#article","isPartOf":{"@id":"https:\/\/www.accidentdutravail-idf.net\/blog\/accident-du-travail-a-toulouse-louvrier-tombe-de-cinq-metres-dans-la-cage-dascenseur\/"},"author":{"name":"Carlos Poulain","@id":"https:\/\/www.accidentdutravail-idf.net\/blog\/#\/schema\/person\/3255d2f970de45e64bd9201f38e7b947"},"headline":"Accident du travail \u00e0 Toulouse : l&rsquo;ouvrier tombe de cinq m\u00e8tres dans la cage d&rsquo;ascenseur","datePublished":"2026-04-11T09:40:00+00:00","mainEntityOfPage":{"@id":"https:\/\/www.accidentdutravail-idf.net\/blog\/accident-du-travail-a-toulouse-louvrier-tombe-de-cinq-metres-dans-la-cage-dascenseur\/"},"wordCount":374,"publisher":{"@id":"https:\/\/www.accidentdutravail-idf.net\/blog\/#organization"},"image":{"@id":"https:\/\/www.accidentdutravail-idf.net\/blog\/accident-du-travail-a-toulouse-louvrier-tombe-de-cinq-metres-dans-la-cage-dascenseur\/#primaryimage"},"thumbnailUrl":"https:\/\/www.accidentdutravail-idf.net\/blog\/wp-content\/uploads\/2026\/04\/accident-du-travail-a-toulouse-louvrier-tombe-de-cinq-metres-dans-la-cage-dascenseur.jpg","articleSection":["S\u00e9curit\u00e9 Du Travail En Ile-De-France Et Divers:"],"inLanguage":"fr-FR"},{"@type":"WebPage","@id":"https:\/\/www.accidentdutravail-idf.net\/blog\/accident-du-travail-a-toulouse-louvrier-tombe-de-cinq-metres-dans-la-cage-dascenseur\/","url":"https:\/\/www.accidentdutravail-idf.net\/blog\/accident-du-travail-a-toulouse-louvrier-tombe-de-cinq-metres-dans-la-cage-dascenseur\/","name":"Accident du travail \u00e0 Toulouse : l'ouvrier tombe de cinq m\u00e8tres dans la cage d'ascenseur - ACCIDENTDUTRAVAIL-IDF","isPartOf":{"@id":"https:\/\/www.accidentdutravail-idf.net\/blog\/#website"},"primaryImageOfPage":{"@id":"https:\/\/www.accidentdutravail-idf.net\/blog\/accident-du-travail-a-toulouse-louvrier-tombe-de-cinq-metres-dans-la-cage-dascenseur\/#primaryimage"},"image":{"@id":"https:\/\/www.accidentdutravail-idf.net\/blog\/accident-du-travail-a-toulouse-louvrier-tombe-de-cinq-metres-dans-la-cage-dascenseur\/#primaryimage"},"thumbnailUrl":"https:\/\/www.accidentdutravail-idf.net\/blog\/wp-content\/uploads\/2026\/04\/accident-du-travail-a-toulouse-louvrier-tombe-de-cinq-metres-dans-la-cage-dascenseur.jpg","datePublished":"2026-04-11T09:40:00+00:00","description":"Accident du travail \u00e0 Toulouse : l'ouvrier tombe de cinq m\u00e8tres dans la cage d'ascenseur article de ACCIDENTDUTRAVAIL-IDF","breadcrumb":{"@id":"https:\/\/www.accidentdutravail-idf.net\/blog\/accident-du-travail-a-toulouse-louvrier-tombe-de-cinq-metres-dans-la-cage-dascenseur\/#breadcrumb"},"inLanguage":"fr-FR","potentialAction":[{"@type":"ReadAction","target":["https:\/\/www.accidentdutravail-idf.net\/blog\/accident-du-travail-a-toulouse-louvrier-tombe-de-cinq-metres-dans-la-cage-dascenseur\/"]}]},{"@type":"ImageObject","inLanguage":"fr-FR","@id":"https:\/\/www.accidentdutravail-idf.net\/blog\/accident-du-travail-a-toulouse-louvrier-tombe-de-cinq-metres-dans-la-cage-dascenseur\/#primaryimage","url":"https:\/\/www.accidentdutravail-idf.net\/blog\/wp-content\/uploads\/2026\/04\/accident-du-travail-a-toulouse-louvrier-tombe-de-cinq-metres-dans-la-cage-dascenseur.jpg","contentUrl":"https:\/\/www.accidentdutravail-idf.net\/blog\/wp-content\/uploads\/2026\/04\/accident-du-travail-a-toulouse-louvrier-tombe-de-cinq-metres-dans-la-cage-dascenseur.jpg"},{"@type":"BreadcrumbList","@id":"https:\/\/www.accidentdutravail-idf.net\/blog\/accident-du-travail-a-toulouse-louvrier-tombe-de-cinq-metres-dans-la-cage-dascenseur\/#breadcrumb","itemListElement":[{"@type":"ListItem","position":1,"name":"Accueil","item":"https:\/\/www.accidentdutravail-idf.net\/blog\/"},{"@type":"ListItem","position":2,"name":"Accident du travail \u00e0 Toulouse : l&rsquo;ouvrier tombe de cinq m\u00e8tres dans la cage d&rsquo;ascenseur"}]},{"@type":"WebSite","@id":"https:\/\/www.accidentdutravail-idf.net\/blog\/#website","url":"https:\/\/www.accidentdutravail-idf.net\/blog\/","name":"ACCIDENTDUTRAVAIL-IDF","description":"Portail accidents du travail-maladies professionnelles des entreprises d&#039;Ile-de-France","publisher":{"@id":"https:\/\/www.accidentdutravail-idf.net\/blog\/#organization"},"potentialAction":[{"@type":"SearchAction","target":{"@type":"EntryPoint","urlTemplate":"https:\/\/www.accidentdutravail-idf.net\/blog\/?s={search_term_string}"},"query-input":{"@type":"PropertyValueSpecification","valueRequired":true,"valueName":"search_term_string"}}],"inLanguage":"fr-FR"},{"@type":"Organization","@id":"https:\/\/www.accidentdutravail-idf.net\/blog\/#organization","name":"accidentdutravail-idf","url":"https:\/\/www.accidentdutravail-idf.net\/blog\/","logo":{"@type":"ImageObject","inLanguage":"fr-FR","@id":"https:\/\/www.accidentdutravail-idf.net\/blog\/#\/schema\/logo\/image\/","url":"https:\/\/www.accidentdutravail-idf.net\/blog\/wp-content\/uploads\/2022\/09\/logo-2.png","contentUrl":"https:\/\/www.accidentdutravail-idf.net\/blog\/wp-content\/uploads\/2022\/09\/logo-2.png","width":380,"height":291,"caption":"accidentdutravail-idf"},"image":{"@id":"https:\/\/www.accidentdutravail-idf.net\/blog\/#\/schema\/logo\/image\/"}},{"@type":"Person","@id":"https:\/\/www.accidentdutravail-idf.net\/blog\/#\/schema\/person\/3255d2f970de45e64bd9201f38e7b947","name":"Carlos Poulain","image":{"@type":"ImageObject","inLanguage":"fr-FR","@id":"https:\/\/secure.gravatar.com\/avatar\/b1c2f9d3588e34e91adb093635df64ef4b2381991216be7576466cfcdca4baf3?s=96&d=mm&r=g","url":"https:\/\/secure.gravatar.com\/avatar\/b1c2f9d3588e34e91adb093635df64ef4b2381991216be7576466cfcdca4baf3?s=96&d=mm&r=g","contentUrl":"https:\/\/secure.gravatar.com\/avatar\/b1c2f9d3588e34e91adb093635df64ef4b2381991216be7576466cfcdca4baf3?s=96&d=mm&r=g","caption":"Carlos Poulain"},"url":"https:\/\/www.accidentdutravail-idf.net\/blog\/author\/idfcarlos\/"}]}},"_links":{"self":[{"href":"https:\/\/www.accidentdutravail-idf.net\/blog\/wp-json\/wp\/v2\/posts\/2314","targetHints":{"allow":["GET"]}}],"collection":[{"href":"https:\/\/www.accidentdutravail-idf.net\/blog\/wp-json\/wp\/v2\/posts"}],"about":[{"href":"https:\/\/www.accidentdutravail-idf.net\/blog\/wp-json\/wp\/v2\/types\/post"}],"author":[{"embeddable":true,"href":"https:\/\/www.accidentdutravail-idf.net\/blog\/wp-json\/wp\/v2\/users\/2"}],"replies":[{"embeddable":true,"href":"https:\/\/www.accidentdutravail-idf.net\/blog\/wp-json\/wp\/v2\/comments?post=2314"}],"version-history":[{"count":0,"href":"https:\/\/www.accidentdutravail-idf.net\/blog\/wp-json\/wp\/v2\/posts\/2314\/revisions"}],"wp:attachment":[{"href":"https:\/\/www.accidentdutravail-idf.net\/blog\/wp-json\/wp\/v2\/media?parent=2314"}],"wp:term":[{"taxonomy":"category","embeddable":true,"href":"https:\/\/www.accidentdutravail-idf.net\/blog\/wp-json\/wp\/v2\/categories?post=2314"},{"taxonomy":"post_tag","embeddable":true,"href":"https:\/\/www.accidentdutravail-idf.net\/blog\/wp-json\/wp\/v2\/tags?post=2314"}],"curies":[{"name":"wp","href":"https:\/\/api.w.org\/{rel}","templated":true}]}}