{"id":2313,"date":"2026-04-11T11:54:00","date_gmt":"2026-04-11T09:54:00","guid":{"rendered":"https:\/\/www.accidentdutravail-idf.net\/blog\/accident-dascenseur-a-toulouse-un-ouvrier-chute-de-cinq-metres-les-unites-specialisees-des-pompiers-mobilisees-pour-le-sauvetage-perilleux\/"},"modified":"2026-04-11T11:54:00","modified_gmt":"2026-04-11T09:54:00","slug":"accident-dascenseur-a-toulouse-un-ouvrier-chute-de-cinq-metres-les-unites-specialisees-des-pompiers-mobilisees-pour-le-sauvetage-perilleux","status":"publish","type":"post","link":"https:\/\/www.accidentdutravail-idf.net\/blog\/accident-dascenseur-a-toulouse-un-ouvrier-chute-de-cinq-metres-les-unites-specialisees-des-pompiers-mobilisees-pour-le-sauvetage-perilleux\/","title":{"rendered":"Accident d\u2019ascenseur \u00e0 Toulouse : un ouvrier chute de cinq m\u00e8tres, les unit\u00e9s sp\u00e9cialis\u00e9es des pompiers mobilis\u00e9es pour le sauvetage p\u00e9rilleux"},"content":{"rendered":"<div><img decoding=\"async\" src=\"https:\/\/www.accidentdutravail-idf.net\/blog\/wp-content\/uploads\/2026\/04\/accident-dascenseur-a-toulouse-un-ouvrier-chute-de-cinq-metres-les-unites-specialisees-des-pompiers-mobilisees-pour-le-sauvetage-perilleux.jpg\" class=\"ff-og-image-inserted\"><\/div>\n<p> <span class=\"article-full__chapo-label hide-on-small-only\">l&rsquo;essentiel<\/span> Un accident du travail a gri\u00e8vement bless\u00e9 un ouvrier sur un chantier toulousain. Victime d\u2019une chute de 5 m\u00e8tres, il a \u00e9t\u00e9 secouru par une unit\u00e9 sp\u00e9cialis\u00e9e avant d\u2019\u00eatre transport\u00e9 \u00e0 l\u2019h\u00f4pital Purpan. <\/p>\n<div> <!-- Pub DFP Position [outstream] --> <\/p>\n<p>Un grave accident du travail s\u2019est produit \u00e0 Toulouse ce samedi 11 avril, aux environs de 7 h 30 du matin. Alors qu\u2019il intervenait sur un chantier de r\u00e9novation dans un immeuble situ\u00e9 au 2 cheminement Auriacombe, un ouvrier a fait une chute de cinq m\u00e8tres dans la cage d\u2019ascenseur.<\/p>\n<p><!-- Pub DFP Position [article] --> <\/p>\n<p class=\"std-elt__inline\"> <strong>\u00c0 lire aussi :<\/strong> <a href=\"https:\/\/www.ladepeche.fr\/2026\/03\/18\/toulouse-metropole-habitat-met-ses-ascenseurs-sous-surveillance-13275299.php\" target=\"_blank\" rel=\"nofollow\">Toulouse M\u00e9tropole Habitat met ses ascenseurs sous surveillance<\/a> <\/p>\n<h2 class=\"txt-int\">Une unit\u00e9 sp\u00e9cialis\u00e9e pour le sortir de ce mauvais pas<\/h2>\n<p>Bien que consciente \u00e0 l\u2019arriv\u00e9e des secours, la victime souffrait de douleurs lombaires et d\u2019un traumatisme cr\u00e2nien, selon un t\u00e9moin. Face \u00e0 la configuration des lieux, les sapeurs-pompiers ont mobilis\u00e9 une unit\u00e9 sp\u00e9cialis\u00e9e en milieu p\u00e9rilleux pour extraire le bless\u00e9 en toute s\u00e9curit\u00e9.<\/p>\n<h2 class=\"txt-int\">La victime n\u2019est pas dans un \u00e9tat grave&nbsp;<\/h2>\n<p>Apr\u00e8s une prise en charge m\u00e9dicale sur place, la victime a \u00e9t\u00e9 transport\u00e9e \u00e0 l\u2019h\u00f4pital Purpan en urgence relative, a pr\u00e9cis\u00e9 le Service d\u00e9partemental d\u2019incendie et de secours (Sdis 31). Cette op\u00e9ration d\u00e9licate a n\u00e9cessit\u00e9 l\u2019intervention des personnels des centres de secours de Colomiers, Toulouse-Carsalade et Toulouse-Buchens.<\/p>\n<\/p><\/div>\n<p>accidentdutravail-idf.net vous a pr\u00e9par\u00e9 ce post qui informe du sujet \u00ab\u00a0Association Sportive Huisson-Longueville Essonne\u00a0\u00bb. La chronique se veut g\u00e9n\u00e9r\u00e9e du mieux possible. Vous pouvez utiliser les coordonn\u00e9es indiqu\u00e9es sur le site dans le but d\u2019apporter des explications sur ce post qui parle du th\u00e8me \u00ab\u00a0Association Sportive Huisson-Longueville Essonne\u00a0\u00bb. Le site accidentdutravail-idf.net a pour but de fournir diverses publications sur la th\u00e9matique Association Sportive Huisson-Longueville Essonne diffus\u00e9es sur le net. Il y aura plusieurs articles autour du sujet \u00ab\u00a0Association Sportive Huisson-Longueville Essonne\u00a0\u00bb dans quelques jours, nous vous invitons \u00e0 naviguer sur notre site web \u00e0 plusieurs reprises.<\/p>\n","protected":false},"excerpt":{"rendered":"<p>l&rsquo;essentiel Un accident du travail a gri\u00e8vement bless\u00e9 un ouvrier sur un chantier toulousain. Victime d\u2019une chute de 5 m\u00e8tres, il a \u00e9t\u00e9 secouru par une unit\u00e9 sp\u00e9cialis\u00e9e avant d\u2019\u00eatre transport\u00e9 \u00e0 l\u2019h\u00f4pital Purpan. Un grave accident du travail s\u2019est produit \u00e0 Toulouse ce samedi 11 avril, aux environs de 7 h 30 du matin. &hellip; <\/p>\n<p class=\"link-more\"><a href=\"https:\/\/www.accidentdutravail-idf.net\/blog\/accident-dascenseur-a-toulouse-un-ouvrier-chute-de-cinq-metres-les-unites-specialisees-des-pompiers-mobilisees-pour-le-sauvetage-perilleux\/\" class=\"more-link\">Continuer la lecture <span class=\"screen-reader-text\"> \u00ab\u00a0Accident d\u2019ascenseur \u00e0 Toulouse : un ouvrier chute de cinq m\u00e8tres, les unit\u00e9s sp\u00e9cialis\u00e9es des pompiers mobilis\u00e9es pour le sauvetage p\u00e9rilleux\u00a0\u00bb<\/span><\/a><\/p>\n","protected":false},"author":2,"featured_media":0,"comment_status":"closed","ping_status":"closed","sticky":false,"template":"","format":"standard","meta":{"footnotes":""},"categories":[5],"tags":[],"class_list":["post-2313","post","type-post","status-publish","format-standard","hentry","category-securite-du-travail-en-ile-de-france-et-divers","entry"],"yoast_head":"<!-- This site is optimized with the Yoast SEO plugin v27.5 - https:\/\/yoast.com\/product\/yoast-seo-wordpress\/ -->\n<title>Accident d\u2019ascenseur \u00e0 Toulouse : un ouvrier chute de cinq m\u00e8tres, les unit\u00e9s sp\u00e9cialis\u00e9es des pompiers mobilis\u00e9es pour le sauvetage p\u00e9rilleux - ACCIDENTDUTRAVAIL-IDF<\/title>\n<meta name=\"description\" content=\"Accident d\u2019ascenseur \u00e0 Toulouse : un ouvrier chute de cinq m\u00e8tres, les unit\u00e9s sp\u00e9cialis\u00e9es des pompiers mobilis\u00e9es pour le sauvetage p\u00e9rilleux article de ACCIDENTDUTRAVAIL-IDF\" \/>\n<meta name=\"robots\" content=\"index, follow, max-snippet:-1, max-image-preview:large, max-video-preview:-1\" \/>\n<link rel=\"canonical\" href=\"https:\/\/www.accidentdutravail-idf.net\/blog\/accident-dascenseur-a-toulouse-un-ouvrier-chute-de-cinq-metres-les-unites-specialisees-des-pompiers-mobilisees-pour-le-sauvetage-perilleux\/\" \/>\n<meta property=\"og:locale\" content=\"fr_FR\" \/>\n<meta property=\"og:type\" content=\"article\" \/>\n<meta property=\"og:title\" content=\"Accident d\u2019ascenseur \u00e0 Toulouse : un ouvrier chute de cinq m\u00e8tres, les unit\u00e9s sp\u00e9cialis\u00e9es des pompiers mobilis\u00e9es pour le sauvetage p\u00e9rilleux - ACCIDENTDUTRAVAIL-IDF\" \/>\n<meta property=\"og:description\" content=\"Accident d\u2019ascenseur \u00e0 Toulouse : un ouvrier chute de cinq m\u00e8tres, les unit\u00e9s sp\u00e9cialis\u00e9es des pompiers mobilis\u00e9es pour le sauvetage p\u00e9rilleux article de ACCIDENTDUTRAVAIL-IDF\" \/>\n<meta property=\"og:url\" content=\"https:\/\/www.accidentdutravail-idf.net\/blog\/accident-dascenseur-a-toulouse-un-ouvrier-chute-de-cinq-metres-les-unites-specialisees-des-pompiers-mobilisees-pour-le-sauvetage-perilleux\/\" \/>\n<meta property=\"og:site_name\" content=\"ACCIDENTDUTRAVAIL-IDF\" \/>\n<meta property=\"article:published_time\" content=\"2026-04-11T09:54:00+00:00\" \/>\n<meta property=\"og:image\" content=\"https:\/\/www.accidentdutravail-idf.net\/blog\/wp-content\/uploads\/2026\/04\/accident-dascenseur-a-toulouse-un-ouvrier-chute-de-cinq-metres-les-unites-specialisees-des-pompiers-mobilisees-pour-le-sauvetage-perilleux.jpg\" \/>\n<meta name=\"author\" content=\"Carlos Poulain\" \/>\n<meta name=\"twitter:card\" content=\"summary_large_image\" \/>\n<meta name=\"twitter:label1\" content=\"\u00c9crit par\" \/>\n\t<meta name=\"twitter:data1\" content=\"Carlos Poulain\" \/>\n\t<meta name=\"twitter:label2\" content=\"Dur\u00e9e de lecture estim\u00e9e\" \/>\n\t<meta name=\"twitter:data2\" content=\"2 minutes\" \/>\n<script type=\"application\/ld+json\" class=\"yoast-schema-graph\">{\"@context\":\"https:\\\/\\\/schema.org\",\"@graph\":[{\"@type\":\"Article\",\"@id\":\"https:\\\/\\\/www.accidentdutravail-idf.net\\\/blog\\\/accident-dascenseur-a-toulouse-un-ouvrier-chute-de-cinq-metres-les-unites-specialisees-des-pompiers-mobilisees-pour-le-sauvetage-perilleux\\\/#article\",\"isPartOf\":{\"@id\":\"https:\\\/\\\/www.accidentdutravail-idf.net\\\/blog\\\/accident-dascenseur-a-toulouse-un-ouvrier-chute-de-cinq-metres-les-unites-specialisees-des-pompiers-mobilisees-pour-le-sauvetage-perilleux\\\/\"},\"author\":{\"name\":\"Carlos Poulain\",\"@id\":\"https:\\\/\\\/www.accidentdutravail-idf.net\\\/blog\\\/#\\\/schema\\\/person\\\/3255d2f970de45e64bd9201f38e7b947\"},\"headline\":\"Accident d\u2019ascenseur \u00e0 Toulouse : un ouvrier chute de cinq m\u00e8tres, les unit\u00e9s sp\u00e9cialis\u00e9es des pompiers mobilis\u00e9es pour le sauvetage p\u00e9rilleux\",\"datePublished\":\"2026-04-11T09:54:00+00:00\",\"mainEntityOfPage\":{\"@id\":\"https:\\\/\\\/www.accidentdutravail-idf.net\\\/blog\\\/accident-dascenseur-a-toulouse-un-ouvrier-chute-de-cinq-metres-les-unites-specialisees-des-pompiers-mobilisees-pour-le-sauvetage-perilleux\\\/\"},\"wordCount\":362,\"publisher\":{\"@id\":\"https:\\\/\\\/www.accidentdutravail-idf.net\\\/blog\\\/#organization\"},\"image\":{\"@id\":\"https:\\\/\\\/www.accidentdutravail-idf.net\\\/blog\\\/accident-dascenseur-a-toulouse-un-ouvrier-chute-de-cinq-metres-les-unites-specialisees-des-pompiers-mobilisees-pour-le-sauvetage-perilleux\\\/#primaryimage\"},\"thumbnailUrl\":\"https:\\\/\\\/www.accidentdutravail-idf.net\\\/blog\\\/wp-content\\\/uploads\\\/2026\\\/04\\\/accident-dascenseur-a-toulouse-un-ouvrier-chute-de-cinq-metres-les-unites-specialisees-des-pompiers-mobilisees-pour-le-sauvetage-perilleux.jpg\",\"articleSection\":[\"S\u00e9curit\u00e9 Du Travail En Ile-De-France Et Divers:\"],\"inLanguage\":\"fr-FR\"},{\"@type\":\"WebPage\",\"@id\":\"https:\\\/\\\/www.accidentdutravail-idf.net\\\/blog\\\/accident-dascenseur-a-toulouse-un-ouvrier-chute-de-cinq-metres-les-unites-specialisees-des-pompiers-mobilisees-pour-le-sauvetage-perilleux\\\/\",\"url\":\"https:\\\/\\\/www.accidentdutravail-idf.net\\\/blog\\\/accident-dascenseur-a-toulouse-un-ouvrier-chute-de-cinq-metres-les-unites-specialisees-des-pompiers-mobilisees-pour-le-sauvetage-perilleux\\\/\",\"name\":\"Accident d\u2019ascenseur \u00e0 Toulouse : un ouvrier chute de cinq m\u00e8tres, les unit\u00e9s sp\u00e9cialis\u00e9es des pompiers mobilis\u00e9es pour le sauvetage p\u00e9rilleux - ACCIDENTDUTRAVAIL-IDF\",\"isPartOf\":{\"@id\":\"https:\\\/\\\/www.accidentdutravail-idf.net\\\/blog\\\/#website\"},\"primaryImageOfPage\":{\"@id\":\"https:\\\/\\\/www.accidentdutravail-idf.net\\\/blog\\\/accident-dascenseur-a-toulouse-un-ouvrier-chute-de-cinq-metres-les-unites-specialisees-des-pompiers-mobilisees-pour-le-sauvetage-perilleux\\\/#primaryimage\"},\"image\":{\"@id\":\"https:\\\/\\\/www.accidentdutravail-idf.net\\\/blog\\\/accident-dascenseur-a-toulouse-un-ouvrier-chute-de-cinq-metres-les-unites-specialisees-des-pompiers-mobilisees-pour-le-sauvetage-perilleux\\\/#primaryimage\"},\"thumbnailUrl\":\"https:\\\/\\\/www.accidentdutravail-idf.net\\\/blog\\\/wp-content\\\/uploads\\\/2026\\\/04\\\/accident-dascenseur-a-toulouse-un-ouvrier-chute-de-cinq-metres-les-unites-specialisees-des-pompiers-mobilisees-pour-le-sauvetage-perilleux.jpg\",\"datePublished\":\"2026-04-11T09:54:00+00:00\",\"description\":\"Accident d\u2019ascenseur \u00e0 Toulouse : un ouvrier chute de cinq m\u00e8tres, les unit\u00e9s sp\u00e9cialis\u00e9es des pompiers mobilis\u00e9es pour le sauvetage p\u00e9rilleux article de ACCIDENTDUTRAVAIL-IDF\",\"breadcrumb\":{\"@id\":\"https:\\\/\\\/www.accidentdutravail-idf.net\\\/blog\\\/accident-dascenseur-a-toulouse-un-ouvrier-chute-de-cinq-metres-les-unites-specialisees-des-pompiers-mobilisees-pour-le-sauvetage-perilleux\\\/#breadcrumb\"},\"inLanguage\":\"fr-FR\",\"potentialAction\":[{\"@type\":\"ReadAction\",\"target\":[\"https:\\\/\\\/www.accidentdutravail-idf.net\\\/blog\\\/accident-dascenseur-a-toulouse-un-ouvrier-chute-de-cinq-metres-les-unites-specialisees-des-pompiers-mobilisees-pour-le-sauvetage-perilleux\\\/\"]}]},{\"@type\":\"ImageObject\",\"inLanguage\":\"fr-FR\",\"@id\":\"https:\\\/\\\/www.accidentdutravail-idf.net\\\/blog\\\/accident-dascenseur-a-toulouse-un-ouvrier-chute-de-cinq-metres-les-unites-specialisees-des-pompiers-mobilisees-pour-le-sauvetage-perilleux\\\/#primaryimage\",\"url\":\"https:\\\/\\\/www.accidentdutravail-idf.net\\\/blog\\\/wp-content\\\/uploads\\\/2026\\\/04\\\/accident-dascenseur-a-toulouse-un-ouvrier-chute-de-cinq-metres-les-unites-specialisees-des-pompiers-mobilisees-pour-le-sauvetage-perilleux.jpg\",\"contentUrl\":\"https:\\\/\\\/www.accidentdutravail-idf.net\\\/blog\\\/wp-content\\\/uploads\\\/2026\\\/04\\\/accident-dascenseur-a-toulouse-un-ouvrier-chute-de-cinq-metres-les-unites-specialisees-des-pompiers-mobilisees-pour-le-sauvetage-perilleux.jpg\"},{\"@type\":\"BreadcrumbList\",\"@id\":\"https:\\\/\\\/www.accidentdutravail-idf.net\\\/blog\\\/accident-dascenseur-a-toulouse-un-ouvrier-chute-de-cinq-metres-les-unites-specialisees-des-pompiers-mobilisees-pour-le-sauvetage-perilleux\\\/#breadcrumb\",\"itemListElement\":[{\"@type\":\"ListItem\",\"position\":1,\"name\":\"Accueil\",\"item\":\"https:\\\/\\\/www.accidentdutravail-idf.net\\\/blog\\\/\"},{\"@type\":\"ListItem\",\"position\":2,\"name\":\"Accident d\u2019ascenseur \u00e0 Toulouse : un ouvrier chute de cinq m\u00e8tres, les unit\u00e9s sp\u00e9cialis\u00e9es des pompiers mobilis\u00e9es pour le sauvetage p\u00e9rilleux\"}]},{\"@type\":\"WebSite\",\"@id\":\"https:\\\/\\\/www.accidentdutravail-idf.net\\\/blog\\\/#website\",\"url\":\"https:\\\/\\\/www.accidentdutravail-idf.net\\\/blog\\\/\",\"name\":\"ACCIDENTDUTRAVAIL-IDF\",\"description\":\"Portail accidents du travail-maladies professionnelles des entreprises d&#039;Ile-de-France\",\"publisher\":{\"@id\":\"https:\\\/\\\/www.accidentdutravail-idf.net\\\/blog\\\/#organization\"},\"potentialAction\":[{\"@type\":\"SearchAction\",\"target\":{\"@type\":\"EntryPoint\",\"urlTemplate\":\"https:\\\/\\\/www.accidentdutravail-idf.net\\\/blog\\\/?s={search_term_string}\"},\"query-input\":{\"@type\":\"PropertyValueSpecification\",\"valueRequired\":true,\"valueName\":\"search_term_string\"}}],\"inLanguage\":\"fr-FR\"},{\"@type\":\"Organization\",\"@id\":\"https:\\\/\\\/www.accidentdutravail-idf.net\\\/blog\\\/#organization\",\"name\":\"accidentdutravail-idf\",\"url\":\"https:\\\/\\\/www.accidentdutravail-idf.net\\\/blog\\\/\",\"logo\":{\"@type\":\"ImageObject\",\"inLanguage\":\"fr-FR\",\"@id\":\"https:\\\/\\\/www.accidentdutravail-idf.net\\\/blog\\\/#\\\/schema\\\/logo\\\/image\\\/\",\"url\":\"https:\\\/\\\/www.accidentdutravail-idf.net\\\/blog\\\/wp-content\\\/uploads\\\/2022\\\/09\\\/logo-2.png\",\"contentUrl\":\"https:\\\/\\\/www.accidentdutravail-idf.net\\\/blog\\\/wp-content\\\/uploads\\\/2022\\\/09\\\/logo-2.png\",\"width\":380,\"height\":291,\"caption\":\"accidentdutravail-idf\"},\"image\":{\"@id\":\"https:\\\/\\\/www.accidentdutravail-idf.net\\\/blog\\\/#\\\/schema\\\/logo\\\/image\\\/\"}},{\"@type\":\"Person\",\"@id\":\"https:\\\/\\\/www.accidentdutravail-idf.net\\\/blog\\\/#\\\/schema\\\/person\\\/3255d2f970de45e64bd9201f38e7b947\",\"name\":\"Carlos Poulain\",\"image\":{\"@type\":\"ImageObject\",\"inLanguage\":\"fr-FR\",\"@id\":\"https:\\\/\\\/secure.gravatar.com\\\/avatar\\\/b1c2f9d3588e34e91adb093635df64ef4b2381991216be7576466cfcdca4baf3?s=96&d=mm&r=g\",\"url\":\"https:\\\/\\\/secure.gravatar.com\\\/avatar\\\/b1c2f9d3588e34e91adb093635df64ef4b2381991216be7576466cfcdca4baf3?s=96&d=mm&r=g\",\"contentUrl\":\"https:\\\/\\\/secure.gravatar.com\\\/avatar\\\/b1c2f9d3588e34e91adb093635df64ef4b2381991216be7576466cfcdca4baf3?s=96&d=mm&r=g\",\"caption\":\"Carlos Poulain\"},\"url\":\"https:\\\/\\\/www.accidentdutravail-idf.net\\\/blog\\\/author\\\/idfcarlos\\\/\"}]}<\/script>\n<!-- \/ Yoast SEO plugin. -->","yoast_head_json":{"title":"Accident d\u2019ascenseur \u00e0 Toulouse : un ouvrier chute de cinq m\u00e8tres, les unit\u00e9s sp\u00e9cialis\u00e9es des pompiers mobilis\u00e9es pour le sauvetage p\u00e9rilleux - ACCIDENTDUTRAVAIL-IDF","description":"Accident d\u2019ascenseur \u00e0 Toulouse : un ouvrier chute de cinq m\u00e8tres, les unit\u00e9s sp\u00e9cialis\u00e9es des pompiers mobilis\u00e9es pour le sauvetage p\u00e9rilleux article de ACCIDENTDUTRAVAIL-IDF","robots":{"index":"index","follow":"follow","max-snippet":"max-snippet:-1","max-image-preview":"max-image-preview:large","max-video-preview":"max-video-preview:-1"},"canonical":"https:\/\/www.accidentdutravail-idf.net\/blog\/accident-dascenseur-a-toulouse-un-ouvrier-chute-de-cinq-metres-les-unites-specialisees-des-pompiers-mobilisees-pour-le-sauvetage-perilleux\/","og_locale":"fr_FR","og_type":"article","og_title":"Accident d\u2019ascenseur \u00e0 Toulouse : un ouvrier chute de cinq m\u00e8tres, les unit\u00e9s sp\u00e9cialis\u00e9es des pompiers mobilis\u00e9es pour le sauvetage p\u00e9rilleux - ACCIDENTDUTRAVAIL-IDF","og_description":"Accident d\u2019ascenseur \u00e0 Toulouse : un ouvrier chute de cinq m\u00e8tres, les unit\u00e9s sp\u00e9cialis\u00e9es des pompiers mobilis\u00e9es pour le sauvetage p\u00e9rilleux article de ACCIDENTDUTRAVAIL-IDF","og_url":"https:\/\/www.accidentdutravail-idf.net\/blog\/accident-dascenseur-a-toulouse-un-ouvrier-chute-de-cinq-metres-les-unites-specialisees-des-pompiers-mobilisees-pour-le-sauvetage-perilleux\/","og_site_name":"ACCIDENTDUTRAVAIL-IDF","article_published_time":"2026-04-11T09:54:00+00:00","og_image":[{"url":"https:\/\/www.accidentdutravail-idf.net\/blog\/wp-content\/uploads\/2026\/04\/accident-dascenseur-a-toulouse-un-ouvrier-chute-de-cinq-metres-les-unites-specialisees-des-pompiers-mobilisees-pour-le-sauvetage-perilleux.jpg","type":"","width":"","height":""}],"author":"Carlos Poulain","twitter_card":"summary_large_image","twitter_misc":{"\u00c9crit par":"Carlos Poulain","Dur\u00e9e de lecture estim\u00e9e":"2 minutes"},"schema":{"@context":"https:\/\/schema.org","@graph":[{"@type":"Article","@id":"https:\/\/www.accidentdutravail-idf.net\/blog\/accident-dascenseur-a-toulouse-un-ouvrier-chute-de-cinq-metres-les-unites-specialisees-des-pompiers-mobilisees-pour-le-sauvetage-perilleux\/#article","isPartOf":{"@id":"https:\/\/www.accidentdutravail-idf.net\/blog\/accident-dascenseur-a-toulouse-un-ouvrier-chute-de-cinq-metres-les-unites-specialisees-des-pompiers-mobilisees-pour-le-sauvetage-perilleux\/"},"author":{"name":"Carlos Poulain","@id":"https:\/\/www.accidentdutravail-idf.net\/blog\/#\/schema\/person\/3255d2f970de45e64bd9201f38e7b947"},"headline":"Accident d\u2019ascenseur \u00e0 Toulouse : un ouvrier chute de cinq m\u00e8tres, les unit\u00e9s sp\u00e9cialis\u00e9es des pompiers mobilis\u00e9es pour le sauvetage p\u00e9rilleux","datePublished":"2026-04-11T09:54:00+00:00","mainEntityOfPage":{"@id":"https:\/\/www.accidentdutravail-idf.net\/blog\/accident-dascenseur-a-toulouse-un-ouvrier-chute-de-cinq-metres-les-unites-specialisees-des-pompiers-mobilisees-pour-le-sauvetage-perilleux\/"},"wordCount":362,"publisher":{"@id":"https:\/\/www.accidentdutravail-idf.net\/blog\/#organization"},"image":{"@id":"https:\/\/www.accidentdutravail-idf.net\/blog\/accident-dascenseur-a-toulouse-un-ouvrier-chute-de-cinq-metres-les-unites-specialisees-des-pompiers-mobilisees-pour-le-sauvetage-perilleux\/#primaryimage"},"thumbnailUrl":"https:\/\/www.accidentdutravail-idf.net\/blog\/wp-content\/uploads\/2026\/04\/accident-dascenseur-a-toulouse-un-ouvrier-chute-de-cinq-metres-les-unites-specialisees-des-pompiers-mobilisees-pour-le-sauvetage-perilleux.jpg","articleSection":["S\u00e9curit\u00e9 Du Travail En Ile-De-France Et Divers:"],"inLanguage":"fr-FR"},{"@type":"WebPage","@id":"https:\/\/www.accidentdutravail-idf.net\/blog\/accident-dascenseur-a-toulouse-un-ouvrier-chute-de-cinq-metres-les-unites-specialisees-des-pompiers-mobilisees-pour-le-sauvetage-perilleux\/","url":"https:\/\/www.accidentdutravail-idf.net\/blog\/accident-dascenseur-a-toulouse-un-ouvrier-chute-de-cinq-metres-les-unites-specialisees-des-pompiers-mobilisees-pour-le-sauvetage-perilleux\/","name":"Accident d\u2019ascenseur \u00e0 Toulouse : un ouvrier chute de cinq m\u00e8tres, les unit\u00e9s sp\u00e9cialis\u00e9es des pompiers mobilis\u00e9es pour le sauvetage p\u00e9rilleux - ACCIDENTDUTRAVAIL-IDF","isPartOf":{"@id":"https:\/\/www.accidentdutravail-idf.net\/blog\/#website"},"primaryImageOfPage":{"@id":"https:\/\/www.accidentdutravail-idf.net\/blog\/accident-dascenseur-a-toulouse-un-ouvrier-chute-de-cinq-metres-les-unites-specialisees-des-pompiers-mobilisees-pour-le-sauvetage-perilleux\/#primaryimage"},"image":{"@id":"https:\/\/www.accidentdutravail-idf.net\/blog\/accident-dascenseur-a-toulouse-un-ouvrier-chute-de-cinq-metres-les-unites-specialisees-des-pompiers-mobilisees-pour-le-sauvetage-perilleux\/#primaryimage"},"thumbnailUrl":"https:\/\/www.accidentdutravail-idf.net\/blog\/wp-content\/uploads\/2026\/04\/accident-dascenseur-a-toulouse-un-ouvrier-chute-de-cinq-metres-les-unites-specialisees-des-pompiers-mobilisees-pour-le-sauvetage-perilleux.jpg","datePublished":"2026-04-11T09:54:00+00:00","description":"Accident d\u2019ascenseur \u00e0 Toulouse : un ouvrier chute de cinq m\u00e8tres, les unit\u00e9s sp\u00e9cialis\u00e9es des pompiers mobilis\u00e9es pour le sauvetage p\u00e9rilleux article de ACCIDENTDUTRAVAIL-IDF","breadcrumb":{"@id":"https:\/\/www.accidentdutravail-idf.net\/blog\/accident-dascenseur-a-toulouse-un-ouvrier-chute-de-cinq-metres-les-unites-specialisees-des-pompiers-mobilisees-pour-le-sauvetage-perilleux\/#breadcrumb"},"inLanguage":"fr-FR","potentialAction":[{"@type":"ReadAction","target":["https:\/\/www.accidentdutravail-idf.net\/blog\/accident-dascenseur-a-toulouse-un-ouvrier-chute-de-cinq-metres-les-unites-specialisees-des-pompiers-mobilisees-pour-le-sauvetage-perilleux\/"]}]},{"@type":"ImageObject","inLanguage":"fr-FR","@id":"https:\/\/www.accidentdutravail-idf.net\/blog\/accident-dascenseur-a-toulouse-un-ouvrier-chute-de-cinq-metres-les-unites-specialisees-des-pompiers-mobilisees-pour-le-sauvetage-perilleux\/#primaryimage","url":"https:\/\/www.accidentdutravail-idf.net\/blog\/wp-content\/uploads\/2026\/04\/accident-dascenseur-a-toulouse-un-ouvrier-chute-de-cinq-metres-les-unites-specialisees-des-pompiers-mobilisees-pour-le-sauvetage-perilleux.jpg","contentUrl":"https:\/\/www.accidentdutravail-idf.net\/blog\/wp-content\/uploads\/2026\/04\/accident-dascenseur-a-toulouse-un-ouvrier-chute-de-cinq-metres-les-unites-specialisees-des-pompiers-mobilisees-pour-le-sauvetage-perilleux.jpg"},{"@type":"BreadcrumbList","@id":"https:\/\/www.accidentdutravail-idf.net\/blog\/accident-dascenseur-a-toulouse-un-ouvrier-chute-de-cinq-metres-les-unites-specialisees-des-pompiers-mobilisees-pour-le-sauvetage-perilleux\/#breadcrumb","itemListElement":[{"@type":"ListItem","position":1,"name":"Accueil","item":"https:\/\/www.accidentdutravail-idf.net\/blog\/"},{"@type":"ListItem","position":2,"name":"Accident d\u2019ascenseur \u00e0 Toulouse : un ouvrier chute de cinq m\u00e8tres, les unit\u00e9s sp\u00e9cialis\u00e9es des pompiers mobilis\u00e9es pour le sauvetage p\u00e9rilleux"}]},{"@type":"WebSite","@id":"https:\/\/www.accidentdutravail-idf.net\/blog\/#website","url":"https:\/\/www.accidentdutravail-idf.net\/blog\/","name":"ACCIDENTDUTRAVAIL-IDF","description":"Portail accidents du travail-maladies professionnelles des entreprises d&#039;Ile-de-France","publisher":{"@id":"https:\/\/www.accidentdutravail-idf.net\/blog\/#organization"},"potentialAction":[{"@type":"SearchAction","target":{"@type":"EntryPoint","urlTemplate":"https:\/\/www.accidentdutravail-idf.net\/blog\/?s={search_term_string}"},"query-input":{"@type":"PropertyValueSpecification","valueRequired":true,"valueName":"search_term_string"}}],"inLanguage":"fr-FR"},{"@type":"Organization","@id":"https:\/\/www.accidentdutravail-idf.net\/blog\/#organization","name":"accidentdutravail-idf","url":"https:\/\/www.accidentdutravail-idf.net\/blog\/","logo":{"@type":"ImageObject","inLanguage":"fr-FR","@id":"https:\/\/www.accidentdutravail-idf.net\/blog\/#\/schema\/logo\/image\/","url":"https:\/\/www.accidentdutravail-idf.net\/blog\/wp-content\/uploads\/2022\/09\/logo-2.png","contentUrl":"https:\/\/www.accidentdutravail-idf.net\/blog\/wp-content\/uploads\/2022\/09\/logo-2.png","width":380,"height":291,"caption":"accidentdutravail-idf"},"image":{"@id":"https:\/\/www.accidentdutravail-idf.net\/blog\/#\/schema\/logo\/image\/"}},{"@type":"Person","@id":"https:\/\/www.accidentdutravail-idf.net\/blog\/#\/schema\/person\/3255d2f970de45e64bd9201f38e7b947","name":"Carlos Poulain","image":{"@type":"ImageObject","inLanguage":"fr-FR","@id":"https:\/\/secure.gravatar.com\/avatar\/b1c2f9d3588e34e91adb093635df64ef4b2381991216be7576466cfcdca4baf3?s=96&d=mm&r=g","url":"https:\/\/secure.gravatar.com\/avatar\/b1c2f9d3588e34e91adb093635df64ef4b2381991216be7576466cfcdca4baf3?s=96&d=mm&r=g","contentUrl":"https:\/\/secure.gravatar.com\/avatar\/b1c2f9d3588e34e91adb093635df64ef4b2381991216be7576466cfcdca4baf3?s=96&d=mm&r=g","caption":"Carlos Poulain"},"url":"https:\/\/www.accidentdutravail-idf.net\/blog\/author\/idfcarlos\/"}]}},"_links":{"self":[{"href":"https:\/\/www.accidentdutravail-idf.net\/blog\/wp-json\/wp\/v2\/posts\/2313","targetHints":{"allow":["GET"]}}],"collection":[{"href":"https:\/\/www.accidentdutravail-idf.net\/blog\/wp-json\/wp\/v2\/posts"}],"about":[{"href":"https:\/\/www.accidentdutravail-idf.net\/blog\/wp-json\/wp\/v2\/types\/post"}],"author":[{"embeddable":true,"href":"https:\/\/www.accidentdutravail-idf.net\/blog\/wp-json\/wp\/v2\/users\/2"}],"replies":[{"embeddable":true,"href":"https:\/\/www.accidentdutravail-idf.net\/blog\/wp-json\/wp\/v2\/comments?post=2313"}],"version-history":[{"count":0,"href":"https:\/\/www.accidentdutravail-idf.net\/blog\/wp-json\/wp\/v2\/posts\/2313\/revisions"}],"wp:attachment":[{"href":"https:\/\/www.accidentdutravail-idf.net\/blog\/wp-json\/wp\/v2\/media?parent=2313"}],"wp:term":[{"taxonomy":"category","embeddable":true,"href":"https:\/\/www.accidentdutravail-idf.net\/blog\/wp-json\/wp\/v2\/categories?post=2313"},{"taxonomy":"post_tag","embeddable":true,"href":"https:\/\/www.accidentdutravail-idf.net\/blog\/wp-json\/wp\/v2\/tags?post=2313"}],"curies":[{"name":"wp","href":"https:\/\/api.w.org\/{rel}","templated":true}]}}