{"id":2311,"date":"2026-04-11T00:20:00","date_gmt":"2026-04-10T22:20:00","guid":{"rendered":"https:\/\/www.site.cdcl.xyz\/2026\/04\/11\/aulnay-sous-bois-reelu-haut-la-main-maire-daulnay-sous-bois-bruno-beschizza-incarne-la-droite-qui-resiste-en-seine-saint-denis\/"},"modified":"2026-04-11T00:20:00","modified_gmt":"2026-04-10T22:20:00","slug":"aulnay-sous-bois-reelu-haut-la-main-maire-daulnay-sous-bois-bruno-beschizza-incarne-la-droite-qui-resiste-en-seine-saint-denis","status":"publish","type":"post","link":"https:\/\/www.accidentdutravail-idf.net\/blog\/aulnay-sous-bois-reelu-haut-la-main-maire-daulnay-sous-bois-bruno-beschizza-incarne-la-droite-qui-resiste-en-seine-saint-denis\/","title":{"rendered":"Aulnay-sous-Bois; R\u00e9\u00e9lu haut la main maire d\u2019Aulnay-sous-Bois, Bruno Beschizza incarne la droite qui r\u00e9siste en Seine-Saint-Denis"},"content":{"rendered":"<p>\nUn article vient d\u2019\u00eatre publi\u00e9 sous le titre \u00ab&nbsp;R\u00e9\u00e9lu haut la main maire d\u2019Aulnay-sous-Bois, Bruno Beschizza incarne la droite qui r\u00e9siste en Seine-Saint-Denis&nbsp;\u00bb. <\/p>\n<div id>\n<p class=\"paragraph text_align_left lp-f-body-02\">En Seine-Saint-Denis, les \u00e9lections municipales auront \u00e9t\u00e9 marqu\u00e9es, entre autres, par le retour au premier plan de Jean-Christophe Lagarde (UDI) \u00e0 Drancy. Mais c\u2019est un peu plus \u00e0 l\u2019est que se trouve le nouvel homme fort de la droite dans le d\u00e9partement. Avec 63,3 % des suffrages exprim\u00e9s d\u00e8s le premier tour, Bruno Beschizza (LR) a \u00e9t\u00e9 r\u00e9\u00e9lu dans un fauteuil maire d\u2019Aulnay-sous-Bois, la commune la plus peupl\u00e9e du territoire Paris Terres d\u2019envol* avec pr\u00e8s de 88 000 habitants.<\/p>\n<\/div>\n<div>\n<section class=\"content paywall-abo\">\n<p class>L\u2019ancien syndicaliste policier est arriv\u00e9 en t\u00eate dans 49 des 51 bureaux de vote. Son \u00e9lectorat d\u00e9passe donc les zones pavillonnaires, traditionnellement acquises \u00e0 son camp, pour s\u2019\u00e9largir aux quartiers populaires du nord de la ville. \u00ab \u00c7a, c\u2019est une vraie satisfaction \u00bb, confie-t-il.<\/p>\n<\/section>\n<\/div>\n<h2>AULNAY-SOUS-BOIS : Situation Financi\u00e8re Critique et Alarmante<\/h2>\n<p>La ville d\u2019Aulnay-sous-Bois a r\u00e9cemment chut\u00e9 au bas du classement des communes d\u2019\u00cele-de-France, en raison de la d\u00e9t\u00e9rioration de sa gestion financi\u00e8re et de ses services publics.<\/p>\n<p><a href=\"https:\/\/www.bilan-de-mandat.fr\/ile-de-france\/mairie\/seine-saint-denis_aulnay-sous-bois\/\" rel=\"noopener noreferrer nofollow\" target=\"blank\" target=\"_blank\">Trouvez les renseignements sur le site https:\/\/www.bilan-de-mandat.fr<\/a> : Les r\u00e9sultats de l\u2019examen du bilan de mandat 2020-2026 d\u2019Aulnay-sous-Bois.<\/p>\n<p>Malgr\u00e9 des atouts ind\u00e9niables, la commune d\u2019Aulnay-sous-Bois a sombr\u00e9 dans une gestion imprudente tant sur le plan financier que dans la gestion publique<\/p>\n<p>Bien que la conjoncture ait un impact, deux tiers des probl\u00e8mes sont directement li\u00e9s aux d\u00e9cisions politiques de la municipalit\u00e9 dirig\u00e9e par BRUNO BESCHIZZA.<\/p>\n<p>Cette analyse a \u00e9t\u00e9 conduite par le site ind\u00e9pendant Bilan de Mandat, qui a compil\u00e9 les chiffres budg\u00e9taires accessibles en ligne par le minist\u00e8re des Finances, remontant 7 ans en arri\u00e8re<\/p>\n<h3>D\u00e9clin de la qualit\u00e9 des services publics AULNAYSIENS<\/h3>\n<p>Une mauvaise gestion des finances conduira in\u00e9vitablement \u00e0 des coupes dans les budgets des services publics pour 2026-2027, ce qui se traduit par :<\/p>\n<ul>\n<li>Diminution des effectifs : Personnel diminu\u00e9 pour assurer des services indispensables comme la propret\u00e9, la s\u00e9curit\u00e9 ou l\u2019\u00e9ducation.\n<\/li>\n<li>Diminution de la fr\u00e9quence des services offerts : Diminution des passages pour la collecte des d\u00e9chets et horaires r\u00e9duits pour les biblioth\u00e8ques et centres communautaires.\n<\/li>\n<li>Insatisfaction des usagers en hausse : Les usagers, d\u00e9j\u00e0 critiques vis-\u00e0-vis des services municipaux, ressentiront en premier la baisse de la qualit\u00e9 des services, malgr\u00e9 une contribution qui d\u00e9passe la moyenne.<\/li>\n<\/ul>\n<h3>La d\u00e9mocratie locale en difficult\u00e9<\/h3>\n<p>De 2020 \u00e0 2025, le vivre ensemble a perdu toute sa signification, faute d\u2019une initiative territoriale soutenue par une municipalit\u00e9 coh\u00e9rente. Les difficult\u00e9s budg\u00e9taires vont renforcer les tensions au sein de la communaut\u00e9, entra\u00eenant :<\/p>\n<ul>\n<li>R\u00e9clamations et m\u00e9contentement : Les citoyens vont organiser des actions de protestation pour faire part de leur m\u00e9contentement face \u00e0 la hausse des imp\u00f4ts ou \u00e0 la diminution des services.\n<\/li>\n<li>Discordes entre parties prenantes : Des d\u00e9cisions financi\u00e8res vont g\u00e9n\u00e9rer des dissensions entre divers groupes, comme les usagers de services publics et les contribuables.\n<\/li>\n<li>R\u00e9duction de l\u2019harmonie sociale : Un climat de frustration va affaiblir la solidarit\u00e9 au sein de la communaut\u00e9.<\/li>\n<\/ul>\n<h3>Augmentation du risque de crise financi\u00e8re<\/h3>\n<p>Les aides de l\u2019\u00c9tat qui permettaient auparavant de faire face aux probl\u00e8mes financiers ne sont plus en vigueur. \u00c9tant donn\u00e9 sa situation pr\u00e9occupante, la commune n\u2019a plus de marge de man\u0153uvre, ce qui entra\u00eenera :<\/p>\n<ul>\n<li>Faiblesse financi\u00e8re : Une trop grande d\u00e9pendance aux aides gouvernementales rendra la collectivit\u00e9 vuln\u00e9rable aux changements de politique ou de financement au niveau national.\n<\/li>\n<li>Affaiblissement de l\u2019autonomie : Les collectivit\u00e9s vont perdre une partie de leur libert\u00e9 en raison des conditions rattach\u00e9es aux subventions.\n<\/li>\n<li>Difficult\u00e9s \u00e0 \u00e9laborer des projets \u00e0 long terme : Compter sur des financements externes compliquera la planification budg\u00e9taire et l\u2019ex\u00e9cution de projets \u00e0 long terme.<\/li>\n<\/ul>\n<h3>\u00c9l\u00e9vation des imp\u00f4ts pour les citoyens AULNAYSIENS<\/h3>\n<p>La commune n\u2019a d\u2019autre option que d\u2019accro\u00eetre fortement les taxes sur les citoyens, mais cela n\u2019a pas \u00e9t\u00e9 mis en \u0153uvre en 2025 en raison des \u00e9lections municipales de 2026. Les cons\u00e9quences de cette situation appellent \u00e0 la vigilance :<\/p>\n<ul>\n<li>Frustration des citoyens : L\u2019augmentation des imp\u00f4ts va g\u00e9n\u00e9rer un m\u00e9contentement parmi les citoyens, alt\u00e9rant leur confiance envers la municipalit\u00e9.\n<\/li>\n<li>D\u00e9clin des ressources fiscales : Des hausses fiscales vont inciter certains contribuables \u00e0 s\u2019installer ailleurs, entra\u00eenant une diminution de la base fiscale \u00e0 long terme.\n<\/li>\n<li>Tensions financi\u00e8res pour les familles : La hausse des pr\u00e9l\u00e8vements va impacter le budget des familles, accentuant les in\u00e9galit\u00e9s sociales.\n<\/li>\n<li>Ralentissement des investissements : L\u2019absence d\u2019augmentation des taxes en 2025 va ralentir des projets d\u2019investissement n\u00e9cessaires au d\u00e9veloppement de la commune.\n<\/li>\n<li>Tension exerc\u00e9e sur les services publics : La n\u00e9cessit\u00e9 de r\u00e9cup\u00e9rer les pertes de revenus va provoquer des r\u00e9ductions dans les services publics, impactant la qualit\u00e9 de vie des r\u00e9sidents.<\/li>\n<\/ul>\n<h3>Manque de rigueur dans la gestion des finances<\/h3>\n<p>La croissance des d\u00e9penses chaque ann\u00e9e souligne un manque de discipline dans la gestion financi\u00e8re. Les effets de cette situation sont \u00e9vidents :<\/p>\n<ul>\n<li>Accroissement des d\u00e9ficits : Un d\u00e9ficit de gestion des d\u00e9penses va provoquer des d\u00e9ficits budg\u00e9taires croissants, rendant la situation financi\u00e8re encore plus instable.\n<\/li>\n<li>R\u00e9duction des investissements \u00e0 venir : Les d\u00e9ficits continus vont freiner la capacit\u00e9 de la commune \u00e0 r\u00e9aliser des investissements futurs.\n<\/li>\n<li>\u00c9rosion de la cr\u00e9dibilit\u00e9 : Une administration financi\u00e8re instable affectera la cr\u00e9dibilit\u00e9 de la municipalit\u00e9, rendant l\u2019obtention de fonds externes plus complexe.\n<\/li>\n<li>Consommation excessive des ressources : L\u2019absence de suivi des d\u00e9penses risque de g\u00e9n\u00e9rer un gaspillage des ressources publiques, nuisant \u00e0 l\u2019int\u00e9r\u00eat collectif.\n<\/li>\n<li>Influence sur les services publics: Des d\u00e9penses non ma\u00eetris\u00e9es m\u00e8neront \u00e0 des coupes dans les secteurs sociaux<\/li>\n<\/ul>\n<h3>FAQ de la ville d\u2019Aulnay-sous-Bois<\/h3>\n<h4>Comment s\u2019inscrire aux activit\u00e9s des associations ?<\/h4>\n<p>Dans chaque ville, on constate que le nombre d\u2019associations et l\u2019organisation de leurs activit\u00e9s (th\u00e9\u00e2tre, festival\u2026) sont significatifs et ne sont pas influenc\u00e9s par la politique de la mairie. Les associations, comme dans toutes les r\u00e9gions de France, organisent de nombreux \u00e9v\u00e9nements tout au long de l\u2019ann\u00e9e. Pour ceux qui souhaitent y participer, il est facile de s\u2019inscrire \u00e0 ces activit\u00e9s sur internet, o\u00f9 un simple clic permet d\u2019acc\u00e9der \u00e0 l\u2019agenda des \u00e9v\u00e9nements ou aux informations de contact des organisateurs. Cliquez ici pour vous inscrire.<\/p>\n<h4>Quelle est la conclusion cl\u00e9 de l\u2019audit des finances d\u2019Aulnay-sous-Bois ?<\/h4>\n<p>L\u2019enqu\u00eate met en \u00e9vidence une d\u00e9t\u00e9rioration pr\u00e9occupante des finances publiques et de la gestion d\u2019Aulnay-sous-Bois, soulignant une gestion imprudente tant sur le plan financier que dans l\u2019administration publique.<\/p>\n<h4>Quels facteurs ont \u00e9t\u00e9 d\u00e9terminants dans cette crise financi\u00e8re ?<\/h4>\n<p>Bien que le contexte \u00e9conomique soit un facteur \u00e0 prendre en compte, deux tiers des d\u00e9fis rencontr\u00e9s sont dus aux choix politiques de la municipalit\u00e9 dirig\u00e9e par BRUNO BESCHIZZA.<\/p>\n<h4>Quelles activit\u00e9s en lien avec l\u2019histoire et la culture existent ?<\/h4>\n<p>La culture d\u2019une ville s\u2019exprime \u00e0 travers son histoire. La mairie ou l\u2019h\u00f4tel de ville, les photos anciennes de l\u2019\u00e9cole, et les comp\u00e9tences des m\u00e9tiers traditionnels offrent une d\u00e9couverte gratuite, ainsi qu\u2019une transmission et une pr\u00e9servation de ce patrimoine local. Partout en France, les efforts de sensibilisation assurent que le patrimoine de la ville soit vivant et \u00e0 la disposition des g\u00e9n\u00e9rations futures.<\/p>\n<h4>Comment se situe la situation des associations locales dans la commune d\u2019Aulnay-sous-Bois ?<\/h4>\n<p>Les associations locales ont un impact majeur dans le domaine culturel. Si vous cherchez \u00e0 conna\u00eetre les coordonn\u00e9es d\u2019une association, l\u2019annuaire en ligne sur le site de la mairie d\u2019Aulnay-sous-Bois est une bonne ressource.<\/p>\n<h4>Comment peut-on se renseigner dans la ville d\u2019Aulnay-sous-Bois ?<\/h4>\n<p>Principalement, les informations en ligne. Les citoyens peuvent consulter les actualit\u00e9s et le journal municipal de leur commune ainsi que des villes proches. Sur le site de la municipalit\u00e9, les nouveaux habitants peuvent acc\u00e9der \u00e0 la page de bienvenue, aux num\u00e9ros utiles pour diff\u00e9rentes d\u00e9marches, \u00e0 l\u2019annuaire des PME, aux journ\u00e9es et activit\u00e9s gratuites, aux informations sur la rentr\u00e9e scolaire, aux menus des cantines, \u00e0 l\u2019espace de confidentialit\u00e9 pour les comptes familles et aux d\u00e9marches administratives, notamment dans le domaine scolaire. Sur des plateformes en ligne qui ne sont pas administr\u00e9es par la mairie, les citoyens peuvent d\u00e9couvrir des informations sur les \u00e9v\u00e9nements culturels (spectacles, th\u00e9\u00e2tre, festivals) qui enrichissent la vie locale et offrent une ouverture sur la culture.<\/p>\n<h4>Qui est le maire d\u2019Aulnay-sous-Bois ?<\/h4>\n<p>BRUNO BESCHIZZA<\/p>\n","protected":false},"excerpt":{"rendered":"<p>Un article vient d\u2019\u00eatre publi\u00e9 sous le titre \u00ab&nbsp;R\u00e9\u00e9lu haut la main maire d\u2019Aulnay-sous-Bois, Bruno Beschizza incarne la droite qui r\u00e9siste en Seine-Saint-Denis&nbsp;\u00bb. En Seine-Saint-Denis, les \u00e9lections municipales auront \u00e9t\u00e9 marqu\u00e9es, entre autres, par le retour au premier plan de Jean-Christophe Lagarde (UDI) \u00e0 Drancy. Mais c\u2019est un peu plus \u00e0 l\u2019est que se trouve &hellip; <\/p>\n<p class=\"link-more\"><a href=\"https:\/\/www.accidentdutravail-idf.net\/blog\/aulnay-sous-bois-reelu-haut-la-main-maire-daulnay-sous-bois-bruno-beschizza-incarne-la-droite-qui-resiste-en-seine-saint-denis\/\" class=\"more-link\">Continuer la lecture <span class=\"screen-reader-text\"> \u00ab\u00a0Aulnay-sous-Bois; R\u00e9\u00e9lu haut la main maire d\u2019Aulnay-sous-Bois, Bruno Beschizza incarne la droite qui r\u00e9siste en Seine-Saint-Denis\u00a0\u00bb<\/span><\/a><\/p>\n","protected":false},"author":3,"featured_media":2312,"comment_status":"closed","ping_status":"closed","sticky":false,"template":"","format":"standard","meta":{"footnotes":""},"categories":[3],"tags":[],"class_list":["post-2311","post","type-post","status-publish","format-standard","has-post-thumbnail","hentry","category-securite-du-travail-en-ile-de-france-communiques","entry"],"yoast_head":"<!-- This site is optimized with the Yoast SEO plugin v27.5 - https:\/\/yoast.com\/product\/yoast-seo-wordpress\/ -->\n<title>Aulnay-sous-Bois; R\u00e9\u00e9lu haut la main maire d\u2019Aulnay-sous-Bois, Bruno Beschizza incarne la droite qui r\u00e9siste en Seine-Saint-Denis - ACCIDENTDUTRAVAIL-IDF<\/title>\n<meta name=\"description\" content=\"Aulnay-sous-Bois; R\u00e9\u00e9lu haut la main maire d\u2019Aulnay-sous-Bois, Bruno Beschizza incarne la droite qui r\u00e9siste en Seine-Saint-Denis article de ACCIDENTDUTRAVAIL-IDF\" \/>\n<meta name=\"robots\" content=\"index, follow, max-snippet:-1, max-image-preview:large, max-video-preview:-1\" \/>\n<link rel=\"canonical\" href=\"https:\/\/www.accidentdutravail-idf.net\/blog\/aulnay-sous-bois-reelu-haut-la-main-maire-daulnay-sous-bois-bruno-beschizza-incarne-la-droite-qui-resiste-en-seine-saint-denis\/\" \/>\n<meta property=\"og:locale\" content=\"fr_FR\" \/>\n<meta property=\"og:type\" content=\"article\" \/>\n<meta property=\"og:title\" content=\"Aulnay-sous-Bois; R\u00e9\u00e9lu haut la main maire d\u2019Aulnay-sous-Bois, Bruno Beschizza incarne la droite qui r\u00e9siste en Seine-Saint-Denis - ACCIDENTDUTRAVAIL-IDF\" \/>\n<meta property=\"og:description\" content=\"Aulnay-sous-Bois; R\u00e9\u00e9lu haut la main maire d\u2019Aulnay-sous-Bois, Bruno Beschizza incarne la droite qui r\u00e9siste en Seine-Saint-Denis article de ACCIDENTDUTRAVAIL-IDF\" \/>\n<meta property=\"og:url\" content=\"https:\/\/www.accidentdutravail-idf.net\/blog\/aulnay-sous-bois-reelu-haut-la-main-maire-daulnay-sous-bois-bruno-beschizza-incarne-la-droite-qui-resiste-en-seine-saint-denis\/\" \/>\n<meta property=\"og:site_name\" content=\"ACCIDENTDUTRAVAIL-IDF\" \/>\n<meta property=\"article:published_time\" content=\"2026-04-10T22:20:00+00:00\" \/>\n<meta name=\"author\" content=\"Roxane BARLER\" \/>\n<meta name=\"twitter:card\" content=\"summary_large_image\" \/>\n<meta name=\"twitter:label1\" content=\"\u00c9crit par\" \/>\n\t<meta name=\"twitter:data1\" content=\"Roxane BARLER\" \/>\n\t<meta name=\"twitter:label2\" content=\"Dur\u00e9e de lecture estim\u00e9e\" \/>\n\t<meta name=\"twitter:data2\" content=\"7 minutes\" \/>\n<script type=\"application\/ld+json\" class=\"yoast-schema-graph\">{\"@context\":\"https:\\\/\\\/schema.org\",\"@graph\":[{\"@type\":\"Article\",\"@id\":\"https:\\\/\\\/www.accidentdutravail-idf.net\\\/blog\\\/aulnay-sous-bois-reelu-haut-la-main-maire-daulnay-sous-bois-bruno-beschizza-incarne-la-droite-qui-resiste-en-seine-saint-denis\\\/#article\",\"isPartOf\":{\"@id\":\"https:\\\/\\\/www.accidentdutravail-idf.net\\\/blog\\\/aulnay-sous-bois-reelu-haut-la-main-maire-daulnay-sous-bois-bruno-beschizza-incarne-la-droite-qui-resiste-en-seine-saint-denis\\\/\"},\"author\":{\"name\":\"Roxane BARLER\",\"@id\":\"https:\\\/\\\/www.accidentdutravail-idf.net\\\/blog\\\/#\\\/schema\\\/person\\\/73aa09ba2db8f06bf1debf3a872bd6f9\"},\"headline\":\"Aulnay-sous-Bois; R\u00e9\u00e9lu haut la main maire d\u2019Aulnay-sous-Bois, Bruno Beschizza incarne la droite qui r\u00e9siste en Seine-Saint-Denis\",\"datePublished\":\"2026-04-10T22:20:00+00:00\",\"mainEntityOfPage\":{\"@id\":\"https:\\\/\\\/www.accidentdutravail-idf.net\\\/blog\\\/aulnay-sous-bois-reelu-haut-la-main-maire-daulnay-sous-bois-bruno-beschizza-incarne-la-droite-qui-resiste-en-seine-saint-denis\\\/\"},\"wordCount\":1500,\"publisher\":{\"@id\":\"https:\\\/\\\/www.accidentdutravail-idf.net\\\/blog\\\/#organization\"},\"image\":{\"@id\":\"https:\\\/\\\/www.accidentdutravail-idf.net\\\/blog\\\/aulnay-sous-bois-reelu-haut-la-main-maire-daulnay-sous-bois-bruno-beschizza-incarne-la-droite-qui-resiste-en-seine-saint-denis\\\/#primaryimage\"},\"thumbnailUrl\":\"https:\\\/\\\/www.accidentdutravail-idf.net\\\/blog\\\/wp-content\\\/uploads\\\/2026\\\/04\\\/aulnay-sous-bois-reelu-haut-la-main-maire-daulnay-sous-bois-bruno-beschizza-incarne-la-droite-qui-resiste-en-seine-saint-denis.jpg\",\"articleSection\":[\"S\u00e9curit\u00e9 Du Travail En Ile-De-France Communiqu\u00e9s:\"],\"inLanguage\":\"fr-FR\"},{\"@type\":\"WebPage\",\"@id\":\"https:\\\/\\\/www.accidentdutravail-idf.net\\\/blog\\\/aulnay-sous-bois-reelu-haut-la-main-maire-daulnay-sous-bois-bruno-beschizza-incarne-la-droite-qui-resiste-en-seine-saint-denis\\\/\",\"url\":\"https:\\\/\\\/www.accidentdutravail-idf.net\\\/blog\\\/aulnay-sous-bois-reelu-haut-la-main-maire-daulnay-sous-bois-bruno-beschizza-incarne-la-droite-qui-resiste-en-seine-saint-denis\\\/\",\"name\":\"Aulnay-sous-Bois; R\u00e9\u00e9lu haut la main maire d\u2019Aulnay-sous-Bois, Bruno Beschizza incarne la droite qui r\u00e9siste en Seine-Saint-Denis - ACCIDENTDUTRAVAIL-IDF\",\"isPartOf\":{\"@id\":\"https:\\\/\\\/www.accidentdutravail-idf.net\\\/blog\\\/#website\"},\"primaryImageOfPage\":{\"@id\":\"https:\\\/\\\/www.accidentdutravail-idf.net\\\/blog\\\/aulnay-sous-bois-reelu-haut-la-main-maire-daulnay-sous-bois-bruno-beschizza-incarne-la-droite-qui-resiste-en-seine-saint-denis\\\/#primaryimage\"},\"image\":{\"@id\":\"https:\\\/\\\/www.accidentdutravail-idf.net\\\/blog\\\/aulnay-sous-bois-reelu-haut-la-main-maire-daulnay-sous-bois-bruno-beschizza-incarne-la-droite-qui-resiste-en-seine-saint-denis\\\/#primaryimage\"},\"thumbnailUrl\":\"https:\\\/\\\/www.accidentdutravail-idf.net\\\/blog\\\/wp-content\\\/uploads\\\/2026\\\/04\\\/aulnay-sous-bois-reelu-haut-la-main-maire-daulnay-sous-bois-bruno-beschizza-incarne-la-droite-qui-resiste-en-seine-saint-denis.jpg\",\"datePublished\":\"2026-04-10T22:20:00+00:00\",\"description\":\"Aulnay-sous-Bois; R\u00e9\u00e9lu haut la main maire d\u2019Aulnay-sous-Bois, Bruno Beschizza incarne la droite qui r\u00e9siste en Seine-Saint-Denis article de ACCIDENTDUTRAVAIL-IDF\",\"breadcrumb\":{\"@id\":\"https:\\\/\\\/www.accidentdutravail-idf.net\\\/blog\\\/aulnay-sous-bois-reelu-haut-la-main-maire-daulnay-sous-bois-bruno-beschizza-incarne-la-droite-qui-resiste-en-seine-saint-denis\\\/#breadcrumb\"},\"inLanguage\":\"fr-FR\",\"potentialAction\":[{\"@type\":\"ReadAction\",\"target\":[\"https:\\\/\\\/www.accidentdutravail-idf.net\\\/blog\\\/aulnay-sous-bois-reelu-haut-la-main-maire-daulnay-sous-bois-bruno-beschizza-incarne-la-droite-qui-resiste-en-seine-saint-denis\\\/\"]}]},{\"@type\":\"ImageObject\",\"inLanguage\":\"fr-FR\",\"@id\":\"https:\\\/\\\/www.accidentdutravail-idf.net\\\/blog\\\/aulnay-sous-bois-reelu-haut-la-main-maire-daulnay-sous-bois-bruno-beschizza-incarne-la-droite-qui-resiste-en-seine-saint-denis\\\/#primaryimage\",\"url\":\"https:\\\/\\\/www.accidentdutravail-idf.net\\\/blog\\\/wp-content\\\/uploads\\\/2026\\\/04\\\/aulnay-sous-bois-reelu-haut-la-main-maire-daulnay-sous-bois-bruno-beschizza-incarne-la-droite-qui-resiste-en-seine-saint-denis.jpg\",\"contentUrl\":\"https:\\\/\\\/www.accidentdutravail-idf.net\\\/blog\\\/wp-content\\\/uploads\\\/2026\\\/04\\\/aulnay-sous-bois-reelu-haut-la-main-maire-daulnay-sous-bois-bruno-beschizza-incarne-la-droite-qui-resiste-en-seine-saint-denis.jpg\",\"width\":1024,\"height\":576,\"caption\":\"Aulnay sous Bois; R\u00e9\u00e9lu haut la main maire d\u2019Aulnay sous Bois, Bruno Beschizza incarne la droite qui r\u00e9siste en Seine Saint Denis\"},{\"@type\":\"BreadcrumbList\",\"@id\":\"https:\\\/\\\/www.accidentdutravail-idf.net\\\/blog\\\/aulnay-sous-bois-reelu-haut-la-main-maire-daulnay-sous-bois-bruno-beschizza-incarne-la-droite-qui-resiste-en-seine-saint-denis\\\/#breadcrumb\",\"itemListElement\":[{\"@type\":\"ListItem\",\"position\":1,\"name\":\"Accueil\",\"item\":\"https:\\\/\\\/www.accidentdutravail-idf.net\\\/blog\\\/\"},{\"@type\":\"ListItem\",\"position\":2,\"name\":\"Aulnay-sous-Bois; R\u00e9\u00e9lu haut la main maire d\u2019Aulnay-sous-Bois, Bruno Beschizza incarne la droite qui r\u00e9siste en Seine-Saint-Denis\"}]},{\"@type\":\"WebSite\",\"@id\":\"https:\\\/\\\/www.accidentdutravail-idf.net\\\/blog\\\/#website\",\"url\":\"https:\\\/\\\/www.accidentdutravail-idf.net\\\/blog\\\/\",\"name\":\"ACCIDENTDUTRAVAIL-IDF\",\"description\":\"Portail accidents du travail-maladies professionnelles des entreprises d&#039;Ile-de-France\",\"publisher\":{\"@id\":\"https:\\\/\\\/www.accidentdutravail-idf.net\\\/blog\\\/#organization\"},\"potentialAction\":[{\"@type\":\"SearchAction\",\"target\":{\"@type\":\"EntryPoint\",\"urlTemplate\":\"https:\\\/\\\/www.accidentdutravail-idf.net\\\/blog\\\/?s={search_term_string}\"},\"query-input\":{\"@type\":\"PropertyValueSpecification\",\"valueRequired\":true,\"valueName\":\"search_term_string\"}}],\"inLanguage\":\"fr-FR\"},{\"@type\":\"Organization\",\"@id\":\"https:\\\/\\\/www.accidentdutravail-idf.net\\\/blog\\\/#organization\",\"name\":\"accidentdutravail-idf\",\"url\":\"https:\\\/\\\/www.accidentdutravail-idf.net\\\/blog\\\/\",\"logo\":{\"@type\":\"ImageObject\",\"inLanguage\":\"fr-FR\",\"@id\":\"https:\\\/\\\/www.accidentdutravail-idf.net\\\/blog\\\/#\\\/schema\\\/logo\\\/image\\\/\",\"url\":\"https:\\\/\\\/www.accidentdutravail-idf.net\\\/blog\\\/wp-content\\\/uploads\\\/2022\\\/09\\\/logo-2.png\",\"contentUrl\":\"https:\\\/\\\/www.accidentdutravail-idf.net\\\/blog\\\/wp-content\\\/uploads\\\/2022\\\/09\\\/logo-2.png\",\"width\":380,\"height\":291,\"caption\":\"accidentdutravail-idf\"},\"image\":{\"@id\":\"https:\\\/\\\/www.accidentdutravail-idf.net\\\/blog\\\/#\\\/schema\\\/logo\\\/image\\\/\"}},{\"@type\":\"Person\",\"@id\":\"https:\\\/\\\/www.accidentdutravail-idf.net\\\/blog\\\/#\\\/schema\\\/person\\\/73aa09ba2db8f06bf1debf3a872bd6f9\",\"name\":\"Roxane BARLER\",\"image\":{\"@type\":\"ImageObject\",\"inLanguage\":\"fr-FR\",\"@id\":\"https:\\\/\\\/secure.gravatar.com\\\/avatar\\\/0167a3f2fdd1b1378a9aef148e68e7656ab41c7534176836deba3d1e5d6dc5df?s=96&d=mm&r=g\",\"url\":\"https:\\\/\\\/secure.gravatar.com\\\/avatar\\\/0167a3f2fdd1b1378a9aef148e68e7656ab41c7534176836deba3d1e5d6dc5df?s=96&d=mm&r=g\",\"contentUrl\":\"https:\\\/\\\/secure.gravatar.com\\\/avatar\\\/0167a3f2fdd1b1378a9aef148e68e7656ab41c7534176836deba3d1e5d6dc5df?s=96&d=mm&r=g\",\"caption\":\"Roxane BARLER\"},\"url\":\"https:\\\/\\\/www.accidentdutravail-idf.net\\\/blog\\\/author\\\/idfroxane\\\/\"}]}<\/script>\n<!-- \/ Yoast SEO plugin. -->","yoast_head_json":{"title":"Aulnay-sous-Bois; R\u00e9\u00e9lu haut la main maire d\u2019Aulnay-sous-Bois, Bruno Beschizza incarne la droite qui r\u00e9siste en Seine-Saint-Denis - ACCIDENTDUTRAVAIL-IDF","description":"Aulnay-sous-Bois; R\u00e9\u00e9lu haut la main maire d\u2019Aulnay-sous-Bois, Bruno Beschizza incarne la droite qui r\u00e9siste en Seine-Saint-Denis article de ACCIDENTDUTRAVAIL-IDF","robots":{"index":"index","follow":"follow","max-snippet":"max-snippet:-1","max-image-preview":"max-image-preview:large","max-video-preview":"max-video-preview:-1"},"canonical":"https:\/\/www.accidentdutravail-idf.net\/blog\/aulnay-sous-bois-reelu-haut-la-main-maire-daulnay-sous-bois-bruno-beschizza-incarne-la-droite-qui-resiste-en-seine-saint-denis\/","og_locale":"fr_FR","og_type":"article","og_title":"Aulnay-sous-Bois; R\u00e9\u00e9lu haut la main maire d\u2019Aulnay-sous-Bois, Bruno Beschizza incarne la droite qui r\u00e9siste en Seine-Saint-Denis - ACCIDENTDUTRAVAIL-IDF","og_description":"Aulnay-sous-Bois; R\u00e9\u00e9lu haut la main maire d\u2019Aulnay-sous-Bois, Bruno Beschizza incarne la droite qui r\u00e9siste en Seine-Saint-Denis article de ACCIDENTDUTRAVAIL-IDF","og_url":"https:\/\/www.accidentdutravail-idf.net\/blog\/aulnay-sous-bois-reelu-haut-la-main-maire-daulnay-sous-bois-bruno-beschizza-incarne-la-droite-qui-resiste-en-seine-saint-denis\/","og_site_name":"ACCIDENTDUTRAVAIL-IDF","article_published_time":"2026-04-10T22:20:00+00:00","author":"Roxane BARLER","twitter_card":"summary_large_image","twitter_misc":{"\u00c9crit par":"Roxane BARLER","Dur\u00e9e de lecture estim\u00e9e":"7 minutes"},"schema":{"@context":"https:\/\/schema.org","@graph":[{"@type":"Article","@id":"https:\/\/www.accidentdutravail-idf.net\/blog\/aulnay-sous-bois-reelu-haut-la-main-maire-daulnay-sous-bois-bruno-beschizza-incarne-la-droite-qui-resiste-en-seine-saint-denis\/#article","isPartOf":{"@id":"https:\/\/www.accidentdutravail-idf.net\/blog\/aulnay-sous-bois-reelu-haut-la-main-maire-daulnay-sous-bois-bruno-beschizza-incarne-la-droite-qui-resiste-en-seine-saint-denis\/"},"author":{"name":"Roxane BARLER","@id":"https:\/\/www.accidentdutravail-idf.net\/blog\/#\/schema\/person\/73aa09ba2db8f06bf1debf3a872bd6f9"},"headline":"Aulnay-sous-Bois; R\u00e9\u00e9lu haut la main maire d\u2019Aulnay-sous-Bois, Bruno Beschizza incarne la droite qui r\u00e9siste en Seine-Saint-Denis","datePublished":"2026-04-10T22:20:00+00:00","mainEntityOfPage":{"@id":"https:\/\/www.accidentdutravail-idf.net\/blog\/aulnay-sous-bois-reelu-haut-la-main-maire-daulnay-sous-bois-bruno-beschizza-incarne-la-droite-qui-resiste-en-seine-saint-denis\/"},"wordCount":1500,"publisher":{"@id":"https:\/\/www.accidentdutravail-idf.net\/blog\/#organization"},"image":{"@id":"https:\/\/www.accidentdutravail-idf.net\/blog\/aulnay-sous-bois-reelu-haut-la-main-maire-daulnay-sous-bois-bruno-beschizza-incarne-la-droite-qui-resiste-en-seine-saint-denis\/#primaryimage"},"thumbnailUrl":"https:\/\/www.accidentdutravail-idf.net\/blog\/wp-content\/uploads\/2026\/04\/aulnay-sous-bois-reelu-haut-la-main-maire-daulnay-sous-bois-bruno-beschizza-incarne-la-droite-qui-resiste-en-seine-saint-denis.jpg","articleSection":["S\u00e9curit\u00e9 Du Travail En Ile-De-France Communiqu\u00e9s:"],"inLanguage":"fr-FR"},{"@type":"WebPage","@id":"https:\/\/www.accidentdutravail-idf.net\/blog\/aulnay-sous-bois-reelu-haut-la-main-maire-daulnay-sous-bois-bruno-beschizza-incarne-la-droite-qui-resiste-en-seine-saint-denis\/","url":"https:\/\/www.accidentdutravail-idf.net\/blog\/aulnay-sous-bois-reelu-haut-la-main-maire-daulnay-sous-bois-bruno-beschizza-incarne-la-droite-qui-resiste-en-seine-saint-denis\/","name":"Aulnay-sous-Bois; R\u00e9\u00e9lu haut la main maire d\u2019Aulnay-sous-Bois, Bruno Beschizza incarne la droite qui r\u00e9siste en Seine-Saint-Denis - ACCIDENTDUTRAVAIL-IDF","isPartOf":{"@id":"https:\/\/www.accidentdutravail-idf.net\/blog\/#website"},"primaryImageOfPage":{"@id":"https:\/\/www.accidentdutravail-idf.net\/blog\/aulnay-sous-bois-reelu-haut-la-main-maire-daulnay-sous-bois-bruno-beschizza-incarne-la-droite-qui-resiste-en-seine-saint-denis\/#primaryimage"},"image":{"@id":"https:\/\/www.accidentdutravail-idf.net\/blog\/aulnay-sous-bois-reelu-haut-la-main-maire-daulnay-sous-bois-bruno-beschizza-incarne-la-droite-qui-resiste-en-seine-saint-denis\/#primaryimage"},"thumbnailUrl":"https:\/\/www.accidentdutravail-idf.net\/blog\/wp-content\/uploads\/2026\/04\/aulnay-sous-bois-reelu-haut-la-main-maire-daulnay-sous-bois-bruno-beschizza-incarne-la-droite-qui-resiste-en-seine-saint-denis.jpg","datePublished":"2026-04-10T22:20:00+00:00","description":"Aulnay-sous-Bois; R\u00e9\u00e9lu haut la main maire d\u2019Aulnay-sous-Bois, Bruno Beschizza incarne la droite qui r\u00e9siste en Seine-Saint-Denis article de ACCIDENTDUTRAVAIL-IDF","breadcrumb":{"@id":"https:\/\/www.accidentdutravail-idf.net\/blog\/aulnay-sous-bois-reelu-haut-la-main-maire-daulnay-sous-bois-bruno-beschizza-incarne-la-droite-qui-resiste-en-seine-saint-denis\/#breadcrumb"},"inLanguage":"fr-FR","potentialAction":[{"@type":"ReadAction","target":["https:\/\/www.accidentdutravail-idf.net\/blog\/aulnay-sous-bois-reelu-haut-la-main-maire-daulnay-sous-bois-bruno-beschizza-incarne-la-droite-qui-resiste-en-seine-saint-denis\/"]}]},{"@type":"ImageObject","inLanguage":"fr-FR","@id":"https:\/\/www.accidentdutravail-idf.net\/blog\/aulnay-sous-bois-reelu-haut-la-main-maire-daulnay-sous-bois-bruno-beschizza-incarne-la-droite-qui-resiste-en-seine-saint-denis\/#primaryimage","url":"https:\/\/www.accidentdutravail-idf.net\/blog\/wp-content\/uploads\/2026\/04\/aulnay-sous-bois-reelu-haut-la-main-maire-daulnay-sous-bois-bruno-beschizza-incarne-la-droite-qui-resiste-en-seine-saint-denis.jpg","contentUrl":"https:\/\/www.accidentdutravail-idf.net\/blog\/wp-content\/uploads\/2026\/04\/aulnay-sous-bois-reelu-haut-la-main-maire-daulnay-sous-bois-bruno-beschizza-incarne-la-droite-qui-resiste-en-seine-saint-denis.jpg","width":1024,"height":576,"caption":"Aulnay sous Bois; R\u00e9\u00e9lu haut la main maire d\u2019Aulnay sous Bois, Bruno Beschizza incarne la droite qui r\u00e9siste en Seine Saint Denis"},{"@type":"BreadcrumbList","@id":"https:\/\/www.accidentdutravail-idf.net\/blog\/aulnay-sous-bois-reelu-haut-la-main-maire-daulnay-sous-bois-bruno-beschizza-incarne-la-droite-qui-resiste-en-seine-saint-denis\/#breadcrumb","itemListElement":[{"@type":"ListItem","position":1,"name":"Accueil","item":"https:\/\/www.accidentdutravail-idf.net\/blog\/"},{"@type":"ListItem","position":2,"name":"Aulnay-sous-Bois; R\u00e9\u00e9lu haut la main maire d\u2019Aulnay-sous-Bois, Bruno Beschizza incarne la droite qui r\u00e9siste en Seine-Saint-Denis"}]},{"@type":"WebSite","@id":"https:\/\/www.accidentdutravail-idf.net\/blog\/#website","url":"https:\/\/www.accidentdutravail-idf.net\/blog\/","name":"ACCIDENTDUTRAVAIL-IDF","description":"Portail accidents du travail-maladies professionnelles des entreprises d&#039;Ile-de-France","publisher":{"@id":"https:\/\/www.accidentdutravail-idf.net\/blog\/#organization"},"potentialAction":[{"@type":"SearchAction","target":{"@type":"EntryPoint","urlTemplate":"https:\/\/www.accidentdutravail-idf.net\/blog\/?s={search_term_string}"},"query-input":{"@type":"PropertyValueSpecification","valueRequired":true,"valueName":"search_term_string"}}],"inLanguage":"fr-FR"},{"@type":"Organization","@id":"https:\/\/www.accidentdutravail-idf.net\/blog\/#organization","name":"accidentdutravail-idf","url":"https:\/\/www.accidentdutravail-idf.net\/blog\/","logo":{"@type":"ImageObject","inLanguage":"fr-FR","@id":"https:\/\/www.accidentdutravail-idf.net\/blog\/#\/schema\/logo\/image\/","url":"https:\/\/www.accidentdutravail-idf.net\/blog\/wp-content\/uploads\/2022\/09\/logo-2.png","contentUrl":"https:\/\/www.accidentdutravail-idf.net\/blog\/wp-content\/uploads\/2022\/09\/logo-2.png","width":380,"height":291,"caption":"accidentdutravail-idf"},"image":{"@id":"https:\/\/www.accidentdutravail-idf.net\/blog\/#\/schema\/logo\/image\/"}},{"@type":"Person","@id":"https:\/\/www.accidentdutravail-idf.net\/blog\/#\/schema\/person\/73aa09ba2db8f06bf1debf3a872bd6f9","name":"Roxane BARLER","image":{"@type":"ImageObject","inLanguage":"fr-FR","@id":"https:\/\/secure.gravatar.com\/avatar\/0167a3f2fdd1b1378a9aef148e68e7656ab41c7534176836deba3d1e5d6dc5df?s=96&d=mm&r=g","url":"https:\/\/secure.gravatar.com\/avatar\/0167a3f2fdd1b1378a9aef148e68e7656ab41c7534176836deba3d1e5d6dc5df?s=96&d=mm&r=g","contentUrl":"https:\/\/secure.gravatar.com\/avatar\/0167a3f2fdd1b1378a9aef148e68e7656ab41c7534176836deba3d1e5d6dc5df?s=96&d=mm&r=g","caption":"Roxane BARLER"},"url":"https:\/\/www.accidentdutravail-idf.net\/blog\/author\/idfroxane\/"}]}},"_links":{"self":[{"href":"https:\/\/www.accidentdutravail-idf.net\/blog\/wp-json\/wp\/v2\/posts\/2311","targetHints":{"allow":["GET"]}}],"collection":[{"href":"https:\/\/www.accidentdutravail-idf.net\/blog\/wp-json\/wp\/v2\/posts"}],"about":[{"href":"https:\/\/www.accidentdutravail-idf.net\/blog\/wp-json\/wp\/v2\/types\/post"}],"author":[{"embeddable":true,"href":"https:\/\/www.accidentdutravail-idf.net\/blog\/wp-json\/wp\/v2\/users\/3"}],"replies":[{"embeddable":true,"href":"https:\/\/www.accidentdutravail-idf.net\/blog\/wp-json\/wp\/v2\/comments?post=2311"}],"version-history":[{"count":0,"href":"https:\/\/www.accidentdutravail-idf.net\/blog\/wp-json\/wp\/v2\/posts\/2311\/revisions"}],"wp:featuredmedia":[{"embeddable":true,"href":"https:\/\/www.accidentdutravail-idf.net\/blog\/wp-json\/wp\/v2\/media\/2312"}],"wp:attachment":[{"href":"https:\/\/www.accidentdutravail-idf.net\/blog\/wp-json\/wp\/v2\/media?parent=2311"}],"wp:term":[{"taxonomy":"category","embeddable":true,"href":"https:\/\/www.accidentdutravail-idf.net\/blog\/wp-json\/wp\/v2\/categories?post=2311"},{"taxonomy":"post_tag","embeddable":true,"href":"https:\/\/www.accidentdutravail-idf.net\/blog\/wp-json\/wp\/v2\/tags?post=2311"}],"curies":[{"name":"wp","href":"https:\/\/api.w.org\/{rel}","templated":true}]}}