{"id":2310,"date":"2026-04-09T14:03:00","date_gmt":"2026-04-09T12:03:00","guid":{"rendered":"https:\/\/www.accidentdutravail-idf.net\/blog\/lors-dune-activite-de-bureau-agressee-sexuellement-elle-est-reconnue-comme-accidentee-du-travail\/"},"modified":"2026-04-09T14:03:00","modified_gmt":"2026-04-09T12:03:00","slug":"lors-dune-activite-de-bureau-agressee-sexuellement-elle-est-reconnue-comme-accidentee-du-travail","status":"publish","type":"post","link":"https:\/\/www.accidentdutravail-idf.net\/blog\/lors-dune-activite-de-bureau-agressee-sexuellement-elle-est-reconnue-comme-accidentee-du-travail\/","title":{"rendered":"Lors d\u2019une activit\u00e9 de bureau Agress\u00e9e sexuellement, elle est reconnue comme accident\u00e9e du travail"},"content":{"rendered":"<p class=\"lead textModule textModule--type-lead \">Une employ\u00e9e agress\u00e9e sexuellement lors d\u2019une activit\u00e9 sociale en entreprise (<em>team building<\/em>) vient d\u2019\u00eatre reconnue victime d\u2019un accident de travail et aura droit aux prestations que cela implique.<\/p>\n<div class=\"datewrapper \">\n<p> <span class=\"created\"> Publi\u00e9 hier \u00e0 <time datetime=\"2026-04-09T15:03:38-04:00\" class=\"publicationsDate--type-publication\">15&nbsp;h&nbsp;03<\/time> <\/span> <\/p>\n<div id=\"socialShare_69d90046e051d\" class=\"socialShare\"> <span class=\"share\" data-toggle-class=\"open\" data-toggle-class-target=\"#socialShare_69d90046e051d\"> <img decoding=\"async\" width=\"16\" height=\"18\" src=\"https:\/\/www.accidentdutravail-idf.net\/blog\/wp-content\/uploads\/2026\/04\/lors-dune-activite-de-bureau-agressee-sexuellement-elle-est-reconnue-comme-accidentee-du-travail.png\" alt=\"Partager\"> <\/span> <\/div>\n<\/p><\/div>\n<p class=\"paragraph textModule textModule--type-paragraph \">C\u2019est ce qu\u2019a tranch\u00e9 la juge administrative du Tribunal administratif du travail V\u00e9ronique \u00c9mond dans une d\u00e9cision hors du commun pour ce genre de cour.<\/p>\n<p class=\"paragraph textModule textModule--type-paragraph \">L\u2019employeur, une entreprise sp\u00e9cialis\u00e9e dans le d\u00e9veloppement de jeux vid\u00e9o, a organis\u00e9 l\u2019activit\u00e9 sociale en cause dans un h\u00f4tel du Vieux-Montr\u00e9al afin de mobiliser les employ\u00e9s lors du lancement d\u2019un jeu vid\u00e9o.<\/p>\n<p class=\"epigraph textModule textModule--type-epigraph \">Au cours de cette f\u00eate \u00e0&nbsp;laquelle participe la travailleuse, des coupons \u00e9changeables contre de l\u2019alcool sont distribu\u00e9s. <\/p>\n<p class=\"paragraph textModule textModule--type-paragraph \">Alors qu\u2019elle est en \u00e9tat d\u2019\u00e9bri\u00e9t\u00e9 avanc\u00e9e, la travailleuse demande si quelqu\u2019un peut la raccompagner chez elle. Un consultant qui participe aussi \u00e0 la f\u00eate se porte volontaire. Ils prennent ensemble un transport Uber.<\/p>\n<p class=\"paragraph textModule textModule--type-paragraph \">La femme lui propose de monter et une fois chez elle, il lui demande un th\u00e9, qu\u2019elle lui pr\u00e9pare. Le consultant lui offre alors de lui faire \u00ab&nbsp;un c\u00e2lin pour la r\u00e9conforter&nbsp;\u00bb, peut-on lire dans la d\u00e9cision.<\/p>\n<p class=\"paragraph textModule textModule--type-paragraph \">Elle d\u00e9cline la proposition. Ils&nbsp;prennent alors place sur des canap\u00e9s diff\u00e9rents. Le consultant se l\u00e8ve et vient s\u2019asseoir pr\u00e8s d\u2019elle, se collant \u00e0 elle.<\/p>\n<p class=\"paragraph textModule textModule--type-paragraph \">Elle lui dit \u00ab&nbsp;non&nbsp;\u00bb une seconde fois. Il l\u2019enlace, l\u2019embrasse et lui propose d\u2019aller dans sa chambre. Elle le repousse avec ses bras, lui dit&nbsp;: \u00ab&nbsp;Non, nous sommes coll\u00e8gues.&nbsp;\u00bb Il ignore ses refus et continue \u00e0 l\u2019embrasser.<\/p>\n<p class=\"paragraph textModule textModule--type-paragraph \">Puis, il la soul\u00e8ve dans ses bras \u00ab&nbsp;comme une jeune mari\u00e9e&nbsp;\u00bb et l\u2019emm\u00e8ne dans la chambre \u00e0 coucher.<\/p>\n<p class=\"paragraph textModule textModule--type-paragraph \">\u00ab&nbsp;Elle dit avoir fig\u00e9 de peur, elle est m\u00eame incapable de se tenir debout sur ses jambes. Elle habite seule et il est beaucoup plus grand et fort qu\u2019elle. Il l\u2019agresse sexuellement de fa\u00e7on violente, sans son consentement. Il la frappe \u00e0 quelques reprises. Il la force \u00e0 lui faire une fellation.<\/p>\n<p class=\"paragraph textModule textModule--type-paragraph \">\u00ab&nbsp;Pour ajouter \u00e0 l\u2019humiliation, il lui mentionne que c\u2019est la premi\u00e8re fois qu\u2019il a des relations sexuelles avec une personne \u00e2g\u00e9e.&nbsp;\u00bb<\/p>\n<p class=\"paragraph textModule textModule--type-paragraph \">Dans les jours qui suivent, la victime raconte \u00e0 l\u2019employeur de ce qu\u2019elle a v\u00e9cu. L\u2019employeur met fin au contrat du consultant peu de temps apr\u00e8s.<\/p>\n<h2 class=\"textModule--type-subhead \">Le \u00ab&nbsp;<em>team building&nbsp;<\/em>\u00bb, prolongement du&nbsp;travail<\/h2>\n<p class=\"paragraph textModule textModule--type-paragraph \">Dans son analyse, le Tribunal administratif du travail a notamment pris en compte le fait que la participation \u00e0 l\u2019activit\u00e9 sociale, bien que volontaire, \u00e9tait encourag\u00e9e, l\u2019id\u00e9e \u00e9tant d\u2019am\u00e9liorer le climat de travail \u2013 ce qui sert les int\u00e9r\u00eats de l\u2019employeur.<\/p>\n<p class=\"paragraph textModule textModule--type-paragraph \">Les \u00e9v\u00e8nements qui ont suivi le d\u00e9part de la travailleuse s\u2019inscrivaient, selon le Tribunal, dans la continuit\u00e9 de l\u2019activit\u00e9 sociale. La travailleuse n\u2019est donc jamais pass\u00e9e de la sph\u00e8re professionnelle \u00e0 la sph\u00e8re personnelle.<\/p>\n<p class=\"paragraph textModule textModule--type-paragraph \">La juge administrative se penche aussi sur la question de l\u2019alcool. Elle souligne qu\u2019\u00ab&nbsp;en plus d\u2019un kir servi \u00e0 l\u2019arriv\u00e9e, cinq coupons sont remis \u00e0 chaque participant&nbsp;\u00bb.<\/p>\n<div class=\"module module--scalable quote\" data-lazy-module=\"quote\">\n<div>\n<p class=\"quoteText\">Le manque de contr\u00f4le de&nbsp;l\u2019employeur en lien avec l\u2019alcool jumel\u00e9 \u00e0 l\u2019absence totale de gestion du d\u00e9part s\u00e9curitaire de [la travailleuse] sont directement responsables de ce qui s\u2019en est suivi.<\/p>\n<\/p><\/div>\n<p class=\"quoteSource\"> Extrait de la d\u00e9cision de la juge V\u00e9ronique&nbsp;\u00c9mond <\/p>\n<\/p><\/div>\n<p class=\"paragraph textModule textModule--type-paragraph \">L\u2019employeur affirme qu\u2019un coupon Uber a \u00e9t\u00e9 envoy\u00e9 aux employ\u00e9s pr\u00e9alablement \u00e0 la tenue de l\u2019activit\u00e9 sociale, mais il n\u2019est pas en mesure d\u2019en confirmer la date ni de produire cette communication. Pour sa part, la victime en a un vague souvenir.<\/p>\n<p class=\"paragraph textModule textModule--type-paragraph \">Le Tribunal admet qu\u2019un coupon a peut-\u00eatre \u00e9t\u00e9 distribu\u00e9, mais souligne que personne ne s\u2019est assur\u00e9 ensuite d\u2019encadrer le d\u00e9part des participants et de s\u2019assurer que chacun avait m\u00eame \u00ab&nbsp;la capacit\u00e9 de retrouver un code Uber&nbsp;\u00bb en \u00e9tant aussi ivre.<\/p>\n<h2 class=\"textModule--type-subhead \">\u00ab&nbsp;Manque de contr\u00f4le de l\u2019employeur&nbsp;\u00bb en lien avec&nbsp;l\u2019alcool<\/h2>\n<p class=\"paragraph textModule textModule--type-paragraph \">Pour le Tribunal administratif du travail, il n\u2019en demeure pas moins que \u00ab&nbsp;la preuve non contest\u00e9e veut qu\u2019en fin de soir\u00e9e, la directrice des communications soit elle-m\u00eame en \u00e9tat d\u2019\u00e9bri\u00e9t\u00e9 et distribue les coupons d\u2019alcool inutilis\u00e9s aux personnes encore pr\u00e9sentes. D\u00e9j\u00e0, pour plusieurs, six consommations s\u2019av\u00e8rent beaucoup, il appert donc qu\u2019aucun contr\u00f4le de la consommation d\u2019alcool n\u2019est r\u00e9ellement assur\u00e9&nbsp;\u00bb.<\/p>\n<p class=\"epigraph textModule textModule--type-epigraph \">Le Tribunal insiste aussi&nbsp;: le fait que la travailleuse s\u2019\u00e9tait enivr\u00e9e ne soustrait pas l\u2019employeur \u00e0 ses obligations de pr\u00e9vention en mati\u00e8re de sant\u00e9 et de s\u00e9curit\u00e9 au travail.<\/p>\n<p class=\"paragraph textModule textModule--type-paragraph \">L\u2019employ\u00e9e tombera en arr\u00eat de travail apr\u00e8s son agression, en proie \u00e0 un probl\u00e8me m\u00e9dical \u00ab&nbsp;invalidant s\u00e9v\u00e8re&nbsp;\u00bb.<\/p>\n<p class=\"paragraph textModule textModule--type-paragraph \">Troubles du sommeil, troubles alimentaires&nbsp;: un diagnostic d\u2019anxi\u00e9t\u00e9 aigu est pos\u00e9.<\/p>\n<p class=\"paragraph textModule textModule--type-paragraph \">L\u2019employ\u00e9e \u00ab&nbsp;a subi une l\u00e9sion professionnelle&nbsp;\u00bb, conclut le Tribunal, et elle aura ainsi droit aux prestations pr\u00e9vues par la <em>Loi sur les accidents du travail et les maladies professionnelles<\/em>.<\/p>\n<p> accidentdutravail-idf.net vous a pr\u00e9par\u00e9 ce post qui informe du sujet \u00ab\u00a0Association Sportive Huisson-Longueville Essonne\u00a0\u00bb. La chronique se veut g\u00e9n\u00e9r\u00e9e du mieux possible. Vous pouvez utiliser les coordonn\u00e9es indiqu\u00e9es sur le site dans le but d\u2019apporter des explications sur ce post qui parle du th\u00e8me \u00ab\u00a0Association Sportive Huisson-Longueville Essonne\u00a0\u00bb. Le site accidentdutravail-idf.net a pour but de fournir diverses publications sur la th\u00e9matique Association Sportive Huisson-Longueville Essonne diffus\u00e9es sur le net. Il y aura plusieurs articles autour du sujet \u00ab\u00a0Association Sportive Huisson-Longueville Essonne\u00a0\u00bb dans quelques jours, nous vous invitons \u00e0 naviguer sur notre site web \u00e0 plusieurs reprises.<\/p>\n","protected":false},"excerpt":{"rendered":"<p>Une employ\u00e9e agress\u00e9e sexuellement lors d\u2019une activit\u00e9 sociale en entreprise (team building) vient d\u2019\u00eatre reconnue victime d\u2019un accident de travail et aura droit aux prestations que cela implique. Publi\u00e9 hier \u00e0 15&nbsp;h&nbsp;03 C\u2019est ce qu\u2019a tranch\u00e9 la juge administrative du Tribunal administratif du travail V\u00e9ronique \u00c9mond dans une d\u00e9cision hors du commun pour ce genre &hellip; <\/p>\n<p class=\"link-more\"><a href=\"https:\/\/www.accidentdutravail-idf.net\/blog\/lors-dune-activite-de-bureau-agressee-sexuellement-elle-est-reconnue-comme-accidentee-du-travail\/\" class=\"more-link\">Continuer la lecture <span class=\"screen-reader-text\"> \u00ab\u00a0Lors d\u2019une activit\u00e9 de bureau Agress\u00e9e sexuellement, elle est reconnue comme accident\u00e9e du travail\u00a0\u00bb<\/span><\/a><\/p>\n","protected":false},"author":2,"featured_media":0,"comment_status":"closed","ping_status":"closed","sticky":false,"template":"","format":"standard","meta":{"footnotes":""},"categories":[5],"tags":[],"class_list":["post-2310","post","type-post","status-publish","format-standard","hentry","category-securite-du-travail-en-ile-de-france-et-divers","entry"],"yoast_head":"<!-- This site is optimized with the Yoast SEO plugin v27.5 - https:\/\/yoast.com\/product\/yoast-seo-wordpress\/ -->\n<title>Lors d\u2019une activit\u00e9 de bureau Agress\u00e9e sexuellement, elle est reconnue comme accident\u00e9e du travail - ACCIDENTDUTRAVAIL-IDF<\/title>\n<meta name=\"description\" content=\"Lors d\u2019une activit\u00e9 de bureau Agress\u00e9e sexuellement, elle est reconnue comme accident\u00e9e du travail article de ACCIDENTDUTRAVAIL-IDF\" \/>\n<meta name=\"robots\" content=\"index, follow, max-snippet:-1, max-image-preview:large, max-video-preview:-1\" \/>\n<link rel=\"canonical\" href=\"https:\/\/www.accidentdutravail-idf.net\/blog\/lors-dune-activite-de-bureau-agressee-sexuellement-elle-est-reconnue-comme-accidentee-du-travail\/\" \/>\n<meta property=\"og:locale\" content=\"fr_FR\" \/>\n<meta property=\"og:type\" content=\"article\" \/>\n<meta property=\"og:title\" content=\"Lors d\u2019une activit\u00e9 de bureau Agress\u00e9e sexuellement, elle est reconnue comme accident\u00e9e du travail - ACCIDENTDUTRAVAIL-IDF\" \/>\n<meta property=\"og:description\" content=\"Lors d\u2019une activit\u00e9 de bureau Agress\u00e9e sexuellement, elle est reconnue comme accident\u00e9e du travail article de ACCIDENTDUTRAVAIL-IDF\" \/>\n<meta property=\"og:url\" content=\"https:\/\/www.accidentdutravail-idf.net\/blog\/lors-dune-activite-de-bureau-agressee-sexuellement-elle-est-reconnue-comme-accidentee-du-travail\/\" \/>\n<meta property=\"og:site_name\" content=\"ACCIDENTDUTRAVAIL-IDF\" \/>\n<meta property=\"article:published_time\" content=\"2026-04-09T12:03:00+00:00\" \/>\n<meta property=\"og:image\" content=\"https:\/\/www.accidentdutravail-idf.net\/blog\/wp-content\/uploads\/2026\/04\/lors-dune-activite-de-bureau-agressee-sexuellement-elle-est-reconnue-comme-accidentee-du-travail.png\" \/>\n<meta name=\"author\" content=\"Carlos Poulain\" \/>\n<meta name=\"twitter:card\" content=\"summary_large_image\" \/>\n<meta name=\"twitter:label1\" content=\"\u00c9crit par\" \/>\n\t<meta name=\"twitter:data1\" content=\"Carlos Poulain\" \/>\n\t<meta name=\"twitter:label2\" content=\"Dur\u00e9e de lecture estim\u00e9e\" \/>\n\t<meta name=\"twitter:data2\" content=\"5 minutes\" \/>\n<script type=\"application\/ld+json\" class=\"yoast-schema-graph\">{\"@context\":\"https:\\\/\\\/schema.org\",\"@graph\":[{\"@type\":\"Article\",\"@id\":\"https:\\\/\\\/www.accidentdutravail-idf.net\\\/blog\\\/lors-dune-activite-de-bureau-agressee-sexuellement-elle-est-reconnue-comme-accidentee-du-travail\\\/#article\",\"isPartOf\":{\"@id\":\"https:\\\/\\\/www.accidentdutravail-idf.net\\\/blog\\\/lors-dune-activite-de-bureau-agressee-sexuellement-elle-est-reconnue-comme-accidentee-du-travail\\\/\"},\"author\":{\"name\":\"Carlos Poulain\",\"@id\":\"https:\\\/\\\/www.accidentdutravail-idf.net\\\/blog\\\/#\\\/schema\\\/person\\\/3255d2f970de45e64bd9201f38e7b947\"},\"headline\":\"Lors d\u2019une activit\u00e9 de bureau Agress\u00e9e sexuellement, elle est reconnue comme accident\u00e9e du travail\",\"datePublished\":\"2026-04-09T12:03:00+00:00\",\"mainEntityOfPage\":{\"@id\":\"https:\\\/\\\/www.accidentdutravail-idf.net\\\/blog\\\/lors-dune-activite-de-bureau-agressee-sexuellement-elle-est-reconnue-comme-accidentee-du-travail\\\/\"},\"wordCount\":1031,\"publisher\":{\"@id\":\"https:\\\/\\\/www.accidentdutravail-idf.net\\\/blog\\\/#organization\"},\"image\":{\"@id\":\"https:\\\/\\\/www.accidentdutravail-idf.net\\\/blog\\\/lors-dune-activite-de-bureau-agressee-sexuellement-elle-est-reconnue-comme-accidentee-du-travail\\\/#primaryimage\"},\"thumbnailUrl\":\"https:\\\/\\\/www.accidentdutravail-idf.net\\\/blog\\\/wp-content\\\/uploads\\\/2026\\\/04\\\/lors-dune-activite-de-bureau-agressee-sexuellement-elle-est-reconnue-comme-accidentee-du-travail.png\",\"articleSection\":[\"S\u00e9curit\u00e9 Du Travail En Ile-De-France Et Divers:\"],\"inLanguage\":\"fr-FR\"},{\"@type\":\"WebPage\",\"@id\":\"https:\\\/\\\/www.accidentdutravail-idf.net\\\/blog\\\/lors-dune-activite-de-bureau-agressee-sexuellement-elle-est-reconnue-comme-accidentee-du-travail\\\/\",\"url\":\"https:\\\/\\\/www.accidentdutravail-idf.net\\\/blog\\\/lors-dune-activite-de-bureau-agressee-sexuellement-elle-est-reconnue-comme-accidentee-du-travail\\\/\",\"name\":\"Lors d\u2019une activit\u00e9 de bureau Agress\u00e9e sexuellement, elle est reconnue comme accident\u00e9e du travail - ACCIDENTDUTRAVAIL-IDF\",\"isPartOf\":{\"@id\":\"https:\\\/\\\/www.accidentdutravail-idf.net\\\/blog\\\/#website\"},\"primaryImageOfPage\":{\"@id\":\"https:\\\/\\\/www.accidentdutravail-idf.net\\\/blog\\\/lors-dune-activite-de-bureau-agressee-sexuellement-elle-est-reconnue-comme-accidentee-du-travail\\\/#primaryimage\"},\"image\":{\"@id\":\"https:\\\/\\\/www.accidentdutravail-idf.net\\\/blog\\\/lors-dune-activite-de-bureau-agressee-sexuellement-elle-est-reconnue-comme-accidentee-du-travail\\\/#primaryimage\"},\"thumbnailUrl\":\"https:\\\/\\\/www.accidentdutravail-idf.net\\\/blog\\\/wp-content\\\/uploads\\\/2026\\\/04\\\/lors-dune-activite-de-bureau-agressee-sexuellement-elle-est-reconnue-comme-accidentee-du-travail.png\",\"datePublished\":\"2026-04-09T12:03:00+00:00\",\"description\":\"Lors d\u2019une activit\u00e9 de bureau Agress\u00e9e sexuellement, elle est reconnue comme accident\u00e9e du travail article de ACCIDENTDUTRAVAIL-IDF\",\"breadcrumb\":{\"@id\":\"https:\\\/\\\/www.accidentdutravail-idf.net\\\/blog\\\/lors-dune-activite-de-bureau-agressee-sexuellement-elle-est-reconnue-comme-accidentee-du-travail\\\/#breadcrumb\"},\"inLanguage\":\"fr-FR\",\"potentialAction\":[{\"@type\":\"ReadAction\",\"target\":[\"https:\\\/\\\/www.accidentdutravail-idf.net\\\/blog\\\/lors-dune-activite-de-bureau-agressee-sexuellement-elle-est-reconnue-comme-accidentee-du-travail\\\/\"]}]},{\"@type\":\"ImageObject\",\"inLanguage\":\"fr-FR\",\"@id\":\"https:\\\/\\\/www.accidentdutravail-idf.net\\\/blog\\\/lors-dune-activite-de-bureau-agressee-sexuellement-elle-est-reconnue-comme-accidentee-du-travail\\\/#primaryimage\",\"url\":\"https:\\\/\\\/www.accidentdutravail-idf.net\\\/blog\\\/wp-content\\\/uploads\\\/2026\\\/04\\\/lors-dune-activite-de-bureau-agressee-sexuellement-elle-est-reconnue-comme-accidentee-du-travail.png\",\"contentUrl\":\"https:\\\/\\\/www.accidentdutravail-idf.net\\\/blog\\\/wp-content\\\/uploads\\\/2026\\\/04\\\/lors-dune-activite-de-bureau-agressee-sexuellement-elle-est-reconnue-comme-accidentee-du-travail.png\"},{\"@type\":\"BreadcrumbList\",\"@id\":\"https:\\\/\\\/www.accidentdutravail-idf.net\\\/blog\\\/lors-dune-activite-de-bureau-agressee-sexuellement-elle-est-reconnue-comme-accidentee-du-travail\\\/#breadcrumb\",\"itemListElement\":[{\"@type\":\"ListItem\",\"position\":1,\"name\":\"Accueil\",\"item\":\"https:\\\/\\\/www.accidentdutravail-idf.net\\\/blog\\\/\"},{\"@type\":\"ListItem\",\"position\":2,\"name\":\"Lors d\u2019une activit\u00e9 de bureau Agress\u00e9e sexuellement, elle est reconnue comme accident\u00e9e du travail\"}]},{\"@type\":\"WebSite\",\"@id\":\"https:\\\/\\\/www.accidentdutravail-idf.net\\\/blog\\\/#website\",\"url\":\"https:\\\/\\\/www.accidentdutravail-idf.net\\\/blog\\\/\",\"name\":\"ACCIDENTDUTRAVAIL-IDF\",\"description\":\"Portail accidents du travail-maladies professionnelles des entreprises d&#039;Ile-de-France\",\"publisher\":{\"@id\":\"https:\\\/\\\/www.accidentdutravail-idf.net\\\/blog\\\/#organization\"},\"potentialAction\":[{\"@type\":\"SearchAction\",\"target\":{\"@type\":\"EntryPoint\",\"urlTemplate\":\"https:\\\/\\\/www.accidentdutravail-idf.net\\\/blog\\\/?s={search_term_string}\"},\"query-input\":{\"@type\":\"PropertyValueSpecification\",\"valueRequired\":true,\"valueName\":\"search_term_string\"}}],\"inLanguage\":\"fr-FR\"},{\"@type\":\"Organization\",\"@id\":\"https:\\\/\\\/www.accidentdutravail-idf.net\\\/blog\\\/#organization\",\"name\":\"accidentdutravail-idf\",\"url\":\"https:\\\/\\\/www.accidentdutravail-idf.net\\\/blog\\\/\",\"logo\":{\"@type\":\"ImageObject\",\"inLanguage\":\"fr-FR\",\"@id\":\"https:\\\/\\\/www.accidentdutravail-idf.net\\\/blog\\\/#\\\/schema\\\/logo\\\/image\\\/\",\"url\":\"https:\\\/\\\/www.accidentdutravail-idf.net\\\/blog\\\/wp-content\\\/uploads\\\/2022\\\/09\\\/logo-2.png\",\"contentUrl\":\"https:\\\/\\\/www.accidentdutravail-idf.net\\\/blog\\\/wp-content\\\/uploads\\\/2022\\\/09\\\/logo-2.png\",\"width\":380,\"height\":291,\"caption\":\"accidentdutravail-idf\"},\"image\":{\"@id\":\"https:\\\/\\\/www.accidentdutravail-idf.net\\\/blog\\\/#\\\/schema\\\/logo\\\/image\\\/\"}},{\"@type\":\"Person\",\"@id\":\"https:\\\/\\\/www.accidentdutravail-idf.net\\\/blog\\\/#\\\/schema\\\/person\\\/3255d2f970de45e64bd9201f38e7b947\",\"name\":\"Carlos Poulain\",\"image\":{\"@type\":\"ImageObject\",\"inLanguage\":\"fr-FR\",\"@id\":\"https:\\\/\\\/secure.gravatar.com\\\/avatar\\\/b1c2f9d3588e34e91adb093635df64ef4b2381991216be7576466cfcdca4baf3?s=96&d=mm&r=g\",\"url\":\"https:\\\/\\\/secure.gravatar.com\\\/avatar\\\/b1c2f9d3588e34e91adb093635df64ef4b2381991216be7576466cfcdca4baf3?s=96&d=mm&r=g\",\"contentUrl\":\"https:\\\/\\\/secure.gravatar.com\\\/avatar\\\/b1c2f9d3588e34e91adb093635df64ef4b2381991216be7576466cfcdca4baf3?s=96&d=mm&r=g\",\"caption\":\"Carlos Poulain\"},\"url\":\"https:\\\/\\\/www.accidentdutravail-idf.net\\\/blog\\\/author\\\/idfcarlos\\\/\"}]}<\/script>\n<!-- \/ Yoast SEO plugin. -->","yoast_head_json":{"title":"Lors d\u2019une activit\u00e9 de bureau Agress\u00e9e sexuellement, elle est reconnue comme accident\u00e9e du travail - ACCIDENTDUTRAVAIL-IDF","description":"Lors d\u2019une activit\u00e9 de bureau Agress\u00e9e sexuellement, elle est reconnue comme accident\u00e9e du travail article de ACCIDENTDUTRAVAIL-IDF","robots":{"index":"index","follow":"follow","max-snippet":"max-snippet:-1","max-image-preview":"max-image-preview:large","max-video-preview":"max-video-preview:-1"},"canonical":"https:\/\/www.accidentdutravail-idf.net\/blog\/lors-dune-activite-de-bureau-agressee-sexuellement-elle-est-reconnue-comme-accidentee-du-travail\/","og_locale":"fr_FR","og_type":"article","og_title":"Lors d\u2019une activit\u00e9 de bureau Agress\u00e9e sexuellement, elle est reconnue comme accident\u00e9e du travail - ACCIDENTDUTRAVAIL-IDF","og_description":"Lors d\u2019une activit\u00e9 de bureau Agress\u00e9e sexuellement, elle est reconnue comme accident\u00e9e du travail article de ACCIDENTDUTRAVAIL-IDF","og_url":"https:\/\/www.accidentdutravail-idf.net\/blog\/lors-dune-activite-de-bureau-agressee-sexuellement-elle-est-reconnue-comme-accidentee-du-travail\/","og_site_name":"ACCIDENTDUTRAVAIL-IDF","article_published_time":"2026-04-09T12:03:00+00:00","og_image":[{"url":"https:\/\/www.accidentdutravail-idf.net\/blog\/wp-content\/uploads\/2026\/04\/lors-dune-activite-de-bureau-agressee-sexuellement-elle-est-reconnue-comme-accidentee-du-travail.png","type":"","width":"","height":""}],"author":"Carlos Poulain","twitter_card":"summary_large_image","twitter_misc":{"\u00c9crit par":"Carlos Poulain","Dur\u00e9e de lecture estim\u00e9e":"5 minutes"},"schema":{"@context":"https:\/\/schema.org","@graph":[{"@type":"Article","@id":"https:\/\/www.accidentdutravail-idf.net\/blog\/lors-dune-activite-de-bureau-agressee-sexuellement-elle-est-reconnue-comme-accidentee-du-travail\/#article","isPartOf":{"@id":"https:\/\/www.accidentdutravail-idf.net\/blog\/lors-dune-activite-de-bureau-agressee-sexuellement-elle-est-reconnue-comme-accidentee-du-travail\/"},"author":{"name":"Carlos Poulain","@id":"https:\/\/www.accidentdutravail-idf.net\/blog\/#\/schema\/person\/3255d2f970de45e64bd9201f38e7b947"},"headline":"Lors d\u2019une activit\u00e9 de bureau Agress\u00e9e sexuellement, elle est reconnue comme accident\u00e9e du travail","datePublished":"2026-04-09T12:03:00+00:00","mainEntityOfPage":{"@id":"https:\/\/www.accidentdutravail-idf.net\/blog\/lors-dune-activite-de-bureau-agressee-sexuellement-elle-est-reconnue-comme-accidentee-du-travail\/"},"wordCount":1031,"publisher":{"@id":"https:\/\/www.accidentdutravail-idf.net\/blog\/#organization"},"image":{"@id":"https:\/\/www.accidentdutravail-idf.net\/blog\/lors-dune-activite-de-bureau-agressee-sexuellement-elle-est-reconnue-comme-accidentee-du-travail\/#primaryimage"},"thumbnailUrl":"https:\/\/www.accidentdutravail-idf.net\/blog\/wp-content\/uploads\/2026\/04\/lors-dune-activite-de-bureau-agressee-sexuellement-elle-est-reconnue-comme-accidentee-du-travail.png","articleSection":["S\u00e9curit\u00e9 Du Travail En Ile-De-France Et Divers:"],"inLanguage":"fr-FR"},{"@type":"WebPage","@id":"https:\/\/www.accidentdutravail-idf.net\/blog\/lors-dune-activite-de-bureau-agressee-sexuellement-elle-est-reconnue-comme-accidentee-du-travail\/","url":"https:\/\/www.accidentdutravail-idf.net\/blog\/lors-dune-activite-de-bureau-agressee-sexuellement-elle-est-reconnue-comme-accidentee-du-travail\/","name":"Lors d\u2019une activit\u00e9 de bureau Agress\u00e9e sexuellement, elle est reconnue comme accident\u00e9e du travail - ACCIDENTDUTRAVAIL-IDF","isPartOf":{"@id":"https:\/\/www.accidentdutravail-idf.net\/blog\/#website"},"primaryImageOfPage":{"@id":"https:\/\/www.accidentdutravail-idf.net\/blog\/lors-dune-activite-de-bureau-agressee-sexuellement-elle-est-reconnue-comme-accidentee-du-travail\/#primaryimage"},"image":{"@id":"https:\/\/www.accidentdutravail-idf.net\/blog\/lors-dune-activite-de-bureau-agressee-sexuellement-elle-est-reconnue-comme-accidentee-du-travail\/#primaryimage"},"thumbnailUrl":"https:\/\/www.accidentdutravail-idf.net\/blog\/wp-content\/uploads\/2026\/04\/lors-dune-activite-de-bureau-agressee-sexuellement-elle-est-reconnue-comme-accidentee-du-travail.png","datePublished":"2026-04-09T12:03:00+00:00","description":"Lors d\u2019une activit\u00e9 de bureau Agress\u00e9e sexuellement, elle est reconnue comme accident\u00e9e du travail article de ACCIDENTDUTRAVAIL-IDF","breadcrumb":{"@id":"https:\/\/www.accidentdutravail-idf.net\/blog\/lors-dune-activite-de-bureau-agressee-sexuellement-elle-est-reconnue-comme-accidentee-du-travail\/#breadcrumb"},"inLanguage":"fr-FR","potentialAction":[{"@type":"ReadAction","target":["https:\/\/www.accidentdutravail-idf.net\/blog\/lors-dune-activite-de-bureau-agressee-sexuellement-elle-est-reconnue-comme-accidentee-du-travail\/"]}]},{"@type":"ImageObject","inLanguage":"fr-FR","@id":"https:\/\/www.accidentdutravail-idf.net\/blog\/lors-dune-activite-de-bureau-agressee-sexuellement-elle-est-reconnue-comme-accidentee-du-travail\/#primaryimage","url":"https:\/\/www.accidentdutravail-idf.net\/blog\/wp-content\/uploads\/2026\/04\/lors-dune-activite-de-bureau-agressee-sexuellement-elle-est-reconnue-comme-accidentee-du-travail.png","contentUrl":"https:\/\/www.accidentdutravail-idf.net\/blog\/wp-content\/uploads\/2026\/04\/lors-dune-activite-de-bureau-agressee-sexuellement-elle-est-reconnue-comme-accidentee-du-travail.png"},{"@type":"BreadcrumbList","@id":"https:\/\/www.accidentdutravail-idf.net\/blog\/lors-dune-activite-de-bureau-agressee-sexuellement-elle-est-reconnue-comme-accidentee-du-travail\/#breadcrumb","itemListElement":[{"@type":"ListItem","position":1,"name":"Accueil","item":"https:\/\/www.accidentdutravail-idf.net\/blog\/"},{"@type":"ListItem","position":2,"name":"Lors d\u2019une activit\u00e9 de bureau Agress\u00e9e sexuellement, elle est reconnue comme accident\u00e9e du travail"}]},{"@type":"WebSite","@id":"https:\/\/www.accidentdutravail-idf.net\/blog\/#website","url":"https:\/\/www.accidentdutravail-idf.net\/blog\/","name":"ACCIDENTDUTRAVAIL-IDF","description":"Portail accidents du travail-maladies professionnelles des entreprises d&#039;Ile-de-France","publisher":{"@id":"https:\/\/www.accidentdutravail-idf.net\/blog\/#organization"},"potentialAction":[{"@type":"SearchAction","target":{"@type":"EntryPoint","urlTemplate":"https:\/\/www.accidentdutravail-idf.net\/blog\/?s={search_term_string}"},"query-input":{"@type":"PropertyValueSpecification","valueRequired":true,"valueName":"search_term_string"}}],"inLanguage":"fr-FR"},{"@type":"Organization","@id":"https:\/\/www.accidentdutravail-idf.net\/blog\/#organization","name":"accidentdutravail-idf","url":"https:\/\/www.accidentdutravail-idf.net\/blog\/","logo":{"@type":"ImageObject","inLanguage":"fr-FR","@id":"https:\/\/www.accidentdutravail-idf.net\/blog\/#\/schema\/logo\/image\/","url":"https:\/\/www.accidentdutravail-idf.net\/blog\/wp-content\/uploads\/2022\/09\/logo-2.png","contentUrl":"https:\/\/www.accidentdutravail-idf.net\/blog\/wp-content\/uploads\/2022\/09\/logo-2.png","width":380,"height":291,"caption":"accidentdutravail-idf"},"image":{"@id":"https:\/\/www.accidentdutravail-idf.net\/blog\/#\/schema\/logo\/image\/"}},{"@type":"Person","@id":"https:\/\/www.accidentdutravail-idf.net\/blog\/#\/schema\/person\/3255d2f970de45e64bd9201f38e7b947","name":"Carlos Poulain","image":{"@type":"ImageObject","inLanguage":"fr-FR","@id":"https:\/\/secure.gravatar.com\/avatar\/b1c2f9d3588e34e91adb093635df64ef4b2381991216be7576466cfcdca4baf3?s=96&d=mm&r=g","url":"https:\/\/secure.gravatar.com\/avatar\/b1c2f9d3588e34e91adb093635df64ef4b2381991216be7576466cfcdca4baf3?s=96&d=mm&r=g","contentUrl":"https:\/\/secure.gravatar.com\/avatar\/b1c2f9d3588e34e91adb093635df64ef4b2381991216be7576466cfcdca4baf3?s=96&d=mm&r=g","caption":"Carlos Poulain"},"url":"https:\/\/www.accidentdutravail-idf.net\/blog\/author\/idfcarlos\/"}]}},"_links":{"self":[{"href":"https:\/\/www.accidentdutravail-idf.net\/blog\/wp-json\/wp\/v2\/posts\/2310","targetHints":{"allow":["GET"]}}],"collection":[{"href":"https:\/\/www.accidentdutravail-idf.net\/blog\/wp-json\/wp\/v2\/posts"}],"about":[{"href":"https:\/\/www.accidentdutravail-idf.net\/blog\/wp-json\/wp\/v2\/types\/post"}],"author":[{"embeddable":true,"href":"https:\/\/www.accidentdutravail-idf.net\/blog\/wp-json\/wp\/v2\/users\/2"}],"replies":[{"embeddable":true,"href":"https:\/\/www.accidentdutravail-idf.net\/blog\/wp-json\/wp\/v2\/comments?post=2310"}],"version-history":[{"count":0,"href":"https:\/\/www.accidentdutravail-idf.net\/blog\/wp-json\/wp\/v2\/posts\/2310\/revisions"}],"wp:attachment":[{"href":"https:\/\/www.accidentdutravail-idf.net\/blog\/wp-json\/wp\/v2\/media?parent=2310"}],"wp:term":[{"taxonomy":"category","embeddable":true,"href":"https:\/\/www.accidentdutravail-idf.net\/blog\/wp-json\/wp\/v2\/categories?post=2310"},{"taxonomy":"post_tag","embeddable":true,"href":"https:\/\/www.accidentdutravail-idf.net\/blog\/wp-json\/wp\/v2\/tags?post=2310"}],"curies":[{"name":"wp","href":"https:\/\/api.w.org\/{rel}","templated":true}]}}