{"id":2308,"date":"2026-04-09T04:26:00","date_gmt":"2026-04-09T02:26:00","guid":{"rendered":"https:\/\/www.accidentdutravail-idf.net\/blog\/vieux-brisach-la-chute-dune-grue-entraine-deux-ouvriers-dans-le-rhin-deux-blesses-legers\/"},"modified":"2026-04-09T04:26:00","modified_gmt":"2026-04-09T02:26:00","slug":"vieux-brisach-la-chute-dune-grue-entraine-deux-ouvriers-dans-le-rhin-deux-blesses-legers","status":"publish","type":"post","link":"https:\/\/www.accidentdutravail-idf.net\/blog\/vieux-brisach-la-chute-dune-grue-entraine-deux-ouvriers-dans-le-rhin-deux-blesses-legers\/","title":{"rendered":"Vieux-Brisach La chute d\u2019une grue entra\u00eene deux ouvriers dans le Rhin : deux bless\u00e9s l\u00e9gers"},"content":{"rendered":"<div><img decoding=\"async\" src=\"https:\/\/www.accidentdutravail-idf.net\/blog\/wp-content\/uploads\/2026\/04\/vieux-brisach-la-chute-dune-grue-entraine-deux-ouvriers-dans-le-rhin-deux-blesses-legers.jpg\" class=\"ff-og-image-inserted\"><\/div>\n<div>\n<p>Un accident du travail s&rsquo;est produit ce mercredi vers 10h, lors du d\u00e9montage d&rsquo;une ancienne grue de chargement au port de Vieux-Brisach. \u00ab Pour des raisons encore inconnues, la grue s&rsquo;est mise \u00e0 osciller, est tomb\u00e9e dans le Rhin, et a entra\u00een\u00e9 dans sa chute la nacelle sur laquelle se trouvaient deux ouvriers, la faisant basculer sur la rive \u00bb, a indiqu\u00e9 mercredi soir la pr\u00e9fecture de police de Fribourg-en-Brisgau.<\/p>\n<\/div>\n<div>\n<p>\u00ab Une plateforme de travail, d\u00e9ploy\u00e9e au moment de l&rsquo;accident, a \u00e9t\u00e9 projet\u00e9e dans le bassin portuaire et immerg\u00e9e. Les deux hommes, attach\u00e9s \u00e0 la plateforme, ont \u00e9t\u00e9 entra\u00een\u00e9s sous l&rsquo;eau, mais ont r\u00e9ussi \u00e0 s&rsquo;en extraire \u00bb, explique le communiqu\u00e9.<\/p>\n<\/div>\n<div id>\n<div class=\"consentModule_text\">\n<p>Ce contenu est bloqu\u00e9 car vous n&rsquo;avez pas accept\u00e9 les cookies et autres traceurs.<\/p>\n<p>En cliquant sur <span class=\"bold\">\u00ab J\u2019accepte \u00bb<\/span>, les cookies et autres traceurs seront d\u00e9pos\u00e9s et vous pourrez visualiser les contenus <span class=\"consentModule_purpose\"><\/span> (<a href=\"https:\/\/www.lalsace.fr\/region\/2026\/04\/09\/la-chute-d-une-grue-entraine-deux-ouvriers-dans-le-rhin-deux-blesses-legers\" class=\"consentModule_policy\" target=\"_blank\" title=\"Consulter la politique de protection des donn\u00e9es du fournisseur\" rel=\"nofollow\">plus d&rsquo;informations<\/a>).<\/p>\n<p>En cliquant sur <span class=\"bold\">\u00ab J\u2019accepte tous les cookies \u00bb<\/span>, vous autorisez des d\u00e9p\u00f4ts de cookies et autres traceurs pour le stockage de vos donn\u00e9es sur nos sites et applications \u00e0 des fins de personnalisation et de ciblage publicitaire.<\/p>\n<p class=\"consentModule_secondaryText\">Vous gardez la possibilit\u00e9 de retirer votre consentement \u00e0 tout moment en consultant notre <a href=\"https:\/\/www.lalsace.fr\/protection-des-donnees\" target=\"_blank\" title=\"Consulter notre politique de protection des donn\u00e9es\" rel=\"nofollow\">politique de protection des donn\u00e9es<\/a>. <br \/><a href=\"Didomi.notice.show()\" class=\"consentModule_cmp\" target=\"_blank\" rel=\"nofollow\">G\u00e9rer mes choix<\/a> <\/p>\n<p> <button class=\"acceptConsent\" id title=\"J'accepte\">J&rsquo;accepte<\/button> <button class=\"acceptAllConsent\" id title=\"J'accepte tous les cookies\">J&rsquo;accepte tous les cookies<\/button> <\/p>\n<\/p><\/div>\n<\/div>\n<div>\n<h2>\u00ab Pas de danger pour l\u2019\u00e9cosyst\u00e8me \u00bb<\/h2>\n<p>Les deux employ\u00e9s d\u2019une entreprise sp\u00e9cialis\u00e9e ont \u00e9t\u00e9 transport\u00e9s \u00e0 l&rsquo;h\u00f4pital pour des blessures l\u00e9g\u00e8res, afin d&rsquo;y recevoir des soins compl\u00e9mentaires. Une grue mobile, positionn\u00e9e pour s\u00e9curiser l&rsquo;ancienne grue de chargement, a \u00e9galement bascul\u00e9 lors de l&rsquo;incident, mais n&rsquo;est pas tomb\u00e9e dans le bassin portuaire.<\/p>\n<\/div>\n<div id>\n<div class=\"consentModule_text\">\n<p>Ce contenu est bloqu\u00e9 car vous n&rsquo;avez pas accept\u00e9 les cookies et autres traceurs.<\/p>\n<p>En cliquant sur <span class=\"bold\">\u00ab J\u2019accepte \u00bb<\/span>, les cookies et autres traceurs seront d\u00e9pos\u00e9s et vous pourrez visualiser les contenus <span class=\"consentModule_purpose\"><\/span> (<a href=\"https:\/\/www.lalsace.fr\/region\/2026\/04\/09\/la-chute-d-une-grue-entraine-deux-ouvriers-dans-le-rhin-deux-blesses-legers\" class=\"consentModule_policy\" target=\"_blank\" title=\"Consulter la politique de protection des donn\u00e9es du fournisseur\" rel=\"nofollow\">plus d&rsquo;informations<\/a>).<\/p>\n<p>En cliquant sur <span class=\"bold\">\u00ab J\u2019accepte tous les cookies \u00bb<\/span>, vous autorisez des d\u00e9p\u00f4ts de cookies et autres traceurs pour le stockage de vos donn\u00e9es sur nos sites et applications \u00e0 des fins de personnalisation et de ciblage publicitaire.<\/p>\n<p class=\"consentModule_secondaryText\">Vous gardez la possibilit\u00e9 de retirer votre consentement \u00e0 tout moment en consultant notre <a href=\"https:\/\/www.lalsace.fr\/protection-des-donnees\" target=\"_blank\" title=\"Consulter notre politique de protection des donn\u00e9es\" rel=\"nofollow\">politique de protection des donn\u00e9es<\/a>. <br \/><a href=\"Didomi.notice.show()\" class=\"consentModule_cmp\" target=\"_blank\" rel=\"nofollow\">G\u00e9rer mes choix<\/a> <\/p>\n<p> <button class=\"acceptConsent\" id title=\"J'accepte\">J&rsquo;accepte<\/button> <button class=\"acceptAllConsent\" id title=\"J'accepte tous les cookies\">J&rsquo;accepte tous les cookies<\/button> <\/p>\n<\/p><\/div>\n<\/div>\n<div>\n<p>Par mesure de pr\u00e9caution, les pompiers volontaires de Vieux-Brisach ont d\u00e9ploy\u00e9 un barrage flottant autour du lieu de l&rsquo;accident afin de pr\u00e9venir toute contamination environnementale. \u00ab Il n&rsquo;y a cependant aucun danger pour le public ni pour l&rsquo;\u00e9cosyst\u00e8me. Selon les informations actuelles, aucun fluide de fonctionnement ne s&rsquo;est d\u00e9vers\u00e9 dans le Rhin \u00bb, a pr\u00e9cis\u00e9 la police.<\/p>\n<\/div>\n<div>\n<p>Une enqu\u00eate a \u00e9t\u00e9 ouverte pour d\u00e9terminer les causes de cette chute et l&rsquo;\u00e9tendue des d\u00e9g\u00e2ts mat\u00e9riels. La navigation est rest\u00e9e possible \u00e0 proximit\u00e9 du lieu de l&rsquo;accident. La police fluviale allemande, bas\u00e9e \u00e0 Vogelgrun, a balis\u00e9 cette zone. Contact\u00e9e par t\u00e9l\u00e9phone ce jeudi en fin de matin\u00e9e, elle a indiqu\u00e9 que la grue avait d\u00e9sormais pu \u00eatre sortie du Rhin.<\/p>\n<\/div>\n<p>accidentdutravail-idf.net vous a pr\u00e9par\u00e9 ce post qui informe du sujet \u00ab\u00a0Association Sportive Huisson-Longueville Essonne\u00a0\u00bb. La chronique se veut g\u00e9n\u00e9r\u00e9e du mieux possible. Vous pouvez utiliser les coordonn\u00e9es indiqu\u00e9es sur le site dans le but d\u2019apporter des explications sur ce post qui parle du th\u00e8me \u00ab\u00a0Association Sportive Huisson-Longueville Essonne\u00a0\u00bb. Le site accidentdutravail-idf.net a pour but de fournir diverses publications sur la th\u00e9matique Association Sportive Huisson-Longueville Essonne diffus\u00e9es sur le net. Il y aura plusieurs articles autour du sujet \u00ab\u00a0Association Sportive Huisson-Longueville Essonne\u00a0\u00bb dans quelques jours, nous vous invitons \u00e0 naviguer sur notre site web \u00e0 plusieurs reprises.<\/p>\n","protected":false},"excerpt":{"rendered":"<p>Un accident du travail s&rsquo;est produit ce mercredi vers 10h, lors du d\u00e9montage d&rsquo;une ancienne grue de chargement au port de Vieux-Brisach. \u00ab Pour des raisons encore inconnues, la grue s&rsquo;est mise \u00e0 osciller, est tomb\u00e9e dans le Rhin, et a entra\u00een\u00e9 dans sa chute la nacelle sur laquelle se trouvaient deux ouvriers, la faisant &hellip; <\/p>\n<p class=\"link-more\"><a href=\"https:\/\/www.accidentdutravail-idf.net\/blog\/vieux-brisach-la-chute-dune-grue-entraine-deux-ouvriers-dans-le-rhin-deux-blesses-legers\/\" class=\"more-link\">Continuer la lecture <span class=\"screen-reader-text\"> \u00ab\u00a0Vieux-Brisach La chute d\u2019une grue entra\u00eene deux ouvriers dans le Rhin : deux bless\u00e9s l\u00e9gers\u00a0\u00bb<\/span><\/a><\/p>\n","protected":false},"author":2,"featured_media":0,"comment_status":"closed","ping_status":"closed","sticky":false,"template":"","format":"standard","meta":{"footnotes":""},"categories":[5],"tags":[],"class_list":["post-2308","post","type-post","status-publish","format-standard","hentry","category-securite-du-travail-en-ile-de-france-et-divers","entry"],"yoast_head":"<!-- This site is optimized with the Yoast SEO plugin v27.5 - https:\/\/yoast.com\/product\/yoast-seo-wordpress\/ -->\n<title>Vieux-Brisach La chute d\u2019une grue entra\u00eene deux ouvriers dans le Rhin : deux bless\u00e9s l\u00e9gers - ACCIDENTDUTRAVAIL-IDF<\/title>\n<meta name=\"description\" content=\"Vieux-Brisach La chute d\u2019une grue entra\u00eene deux ouvriers dans le Rhin : deux bless\u00e9s l\u00e9gers article de ACCIDENTDUTRAVAIL-IDF\" \/>\n<meta name=\"robots\" content=\"index, follow, max-snippet:-1, max-image-preview:large, max-video-preview:-1\" \/>\n<link rel=\"canonical\" href=\"https:\/\/www.accidentdutravail-idf.net\/blog\/vieux-brisach-la-chute-dune-grue-entraine-deux-ouvriers-dans-le-rhin-deux-blesses-legers\/\" \/>\n<meta property=\"og:locale\" content=\"fr_FR\" \/>\n<meta property=\"og:type\" content=\"article\" \/>\n<meta property=\"og:title\" content=\"Vieux-Brisach La chute d\u2019une grue entra\u00eene deux ouvriers dans le Rhin : deux bless\u00e9s l\u00e9gers - ACCIDENTDUTRAVAIL-IDF\" \/>\n<meta property=\"og:description\" content=\"Vieux-Brisach La chute d\u2019une grue entra\u00eene deux ouvriers dans le Rhin : deux bless\u00e9s l\u00e9gers article de ACCIDENTDUTRAVAIL-IDF\" \/>\n<meta property=\"og:url\" content=\"https:\/\/www.accidentdutravail-idf.net\/blog\/vieux-brisach-la-chute-dune-grue-entraine-deux-ouvriers-dans-le-rhin-deux-blesses-legers\/\" \/>\n<meta property=\"og:site_name\" content=\"ACCIDENTDUTRAVAIL-IDF\" \/>\n<meta property=\"article:published_time\" content=\"2026-04-09T02:26:00+00:00\" \/>\n<meta property=\"og:image\" content=\"https:\/\/www.accidentdutravail-idf.net\/blog\/wp-content\/uploads\/2026\/04\/vieux-brisach-la-chute-dune-grue-entraine-deux-ouvriers-dans-le-rhin-deux-blesses-legers.jpg\" \/>\n<meta name=\"author\" content=\"Carlos Poulain\" \/>\n<meta name=\"twitter:card\" content=\"summary_large_image\" \/>\n<meta name=\"twitter:label1\" content=\"\u00c9crit par\" \/>\n\t<meta name=\"twitter:data1\" content=\"Carlos Poulain\" \/>\n\t<meta name=\"twitter:label2\" content=\"Dur\u00e9e de lecture estim\u00e9e\" \/>\n\t<meta name=\"twitter:data2\" content=\"3 minutes\" \/>\n<script type=\"application\/ld+json\" class=\"yoast-schema-graph\">{\"@context\":\"https:\\\/\\\/schema.org\",\"@graph\":[{\"@type\":\"Article\",\"@id\":\"https:\\\/\\\/www.accidentdutravail-idf.net\\\/blog\\\/vieux-brisach-la-chute-dune-grue-entraine-deux-ouvriers-dans-le-rhin-deux-blesses-legers\\\/#article\",\"isPartOf\":{\"@id\":\"https:\\\/\\\/www.accidentdutravail-idf.net\\\/blog\\\/vieux-brisach-la-chute-dune-grue-entraine-deux-ouvriers-dans-le-rhin-deux-blesses-legers\\\/\"},\"author\":{\"name\":\"Carlos Poulain\",\"@id\":\"https:\\\/\\\/www.accidentdutravail-idf.net\\\/blog\\\/#\\\/schema\\\/person\\\/3255d2f970de45e64bd9201f38e7b947\"},\"headline\":\"Vieux-Brisach La chute d\u2019une grue entra\u00eene deux ouvriers dans le Rhin : deux bless\u00e9s l\u00e9gers\",\"datePublished\":\"2026-04-09T02:26:00+00:00\",\"mainEntityOfPage\":{\"@id\":\"https:\\\/\\\/www.accidentdutravail-idf.net\\\/blog\\\/vieux-brisach-la-chute-dune-grue-entraine-deux-ouvriers-dans-le-rhin-deux-blesses-legers\\\/\"},\"wordCount\":643,\"publisher\":{\"@id\":\"https:\\\/\\\/www.accidentdutravail-idf.net\\\/blog\\\/#organization\"},\"image\":{\"@id\":\"https:\\\/\\\/www.accidentdutravail-idf.net\\\/blog\\\/vieux-brisach-la-chute-dune-grue-entraine-deux-ouvriers-dans-le-rhin-deux-blesses-legers\\\/#primaryimage\"},\"thumbnailUrl\":\"https:\\\/\\\/www.accidentdutravail-idf.net\\\/blog\\\/wp-content\\\/uploads\\\/2026\\\/04\\\/vieux-brisach-la-chute-dune-grue-entraine-deux-ouvriers-dans-le-rhin-deux-blesses-legers.jpg\",\"articleSection\":[\"S\u00e9curit\u00e9 Du Travail En Ile-De-France Et Divers:\"],\"inLanguage\":\"fr-FR\"},{\"@type\":\"WebPage\",\"@id\":\"https:\\\/\\\/www.accidentdutravail-idf.net\\\/blog\\\/vieux-brisach-la-chute-dune-grue-entraine-deux-ouvriers-dans-le-rhin-deux-blesses-legers\\\/\",\"url\":\"https:\\\/\\\/www.accidentdutravail-idf.net\\\/blog\\\/vieux-brisach-la-chute-dune-grue-entraine-deux-ouvriers-dans-le-rhin-deux-blesses-legers\\\/\",\"name\":\"Vieux-Brisach La chute d\u2019une grue entra\u00eene deux ouvriers dans le Rhin : deux bless\u00e9s l\u00e9gers - ACCIDENTDUTRAVAIL-IDF\",\"isPartOf\":{\"@id\":\"https:\\\/\\\/www.accidentdutravail-idf.net\\\/blog\\\/#website\"},\"primaryImageOfPage\":{\"@id\":\"https:\\\/\\\/www.accidentdutravail-idf.net\\\/blog\\\/vieux-brisach-la-chute-dune-grue-entraine-deux-ouvriers-dans-le-rhin-deux-blesses-legers\\\/#primaryimage\"},\"image\":{\"@id\":\"https:\\\/\\\/www.accidentdutravail-idf.net\\\/blog\\\/vieux-brisach-la-chute-dune-grue-entraine-deux-ouvriers-dans-le-rhin-deux-blesses-legers\\\/#primaryimage\"},\"thumbnailUrl\":\"https:\\\/\\\/www.accidentdutravail-idf.net\\\/blog\\\/wp-content\\\/uploads\\\/2026\\\/04\\\/vieux-brisach-la-chute-dune-grue-entraine-deux-ouvriers-dans-le-rhin-deux-blesses-legers.jpg\",\"datePublished\":\"2026-04-09T02:26:00+00:00\",\"description\":\"Vieux-Brisach La chute d\u2019une grue entra\u00eene deux ouvriers dans le Rhin : deux bless\u00e9s l\u00e9gers article de ACCIDENTDUTRAVAIL-IDF\",\"breadcrumb\":{\"@id\":\"https:\\\/\\\/www.accidentdutravail-idf.net\\\/blog\\\/vieux-brisach-la-chute-dune-grue-entraine-deux-ouvriers-dans-le-rhin-deux-blesses-legers\\\/#breadcrumb\"},\"inLanguage\":\"fr-FR\",\"potentialAction\":[{\"@type\":\"ReadAction\",\"target\":[\"https:\\\/\\\/www.accidentdutravail-idf.net\\\/blog\\\/vieux-brisach-la-chute-dune-grue-entraine-deux-ouvriers-dans-le-rhin-deux-blesses-legers\\\/\"]}]},{\"@type\":\"ImageObject\",\"inLanguage\":\"fr-FR\",\"@id\":\"https:\\\/\\\/www.accidentdutravail-idf.net\\\/blog\\\/vieux-brisach-la-chute-dune-grue-entraine-deux-ouvriers-dans-le-rhin-deux-blesses-legers\\\/#primaryimage\",\"url\":\"https:\\\/\\\/www.accidentdutravail-idf.net\\\/blog\\\/wp-content\\\/uploads\\\/2026\\\/04\\\/vieux-brisach-la-chute-dune-grue-entraine-deux-ouvriers-dans-le-rhin-deux-blesses-legers.jpg\",\"contentUrl\":\"https:\\\/\\\/www.accidentdutravail-idf.net\\\/blog\\\/wp-content\\\/uploads\\\/2026\\\/04\\\/vieux-brisach-la-chute-dune-grue-entraine-deux-ouvriers-dans-le-rhin-deux-blesses-legers.jpg\"},{\"@type\":\"BreadcrumbList\",\"@id\":\"https:\\\/\\\/www.accidentdutravail-idf.net\\\/blog\\\/vieux-brisach-la-chute-dune-grue-entraine-deux-ouvriers-dans-le-rhin-deux-blesses-legers\\\/#breadcrumb\",\"itemListElement\":[{\"@type\":\"ListItem\",\"position\":1,\"name\":\"Accueil\",\"item\":\"https:\\\/\\\/www.accidentdutravail-idf.net\\\/blog\\\/\"},{\"@type\":\"ListItem\",\"position\":2,\"name\":\"Vieux-Brisach La chute d\u2019une grue entra\u00eene deux ouvriers dans le Rhin : deux bless\u00e9s l\u00e9gers\"}]},{\"@type\":\"WebSite\",\"@id\":\"https:\\\/\\\/www.accidentdutravail-idf.net\\\/blog\\\/#website\",\"url\":\"https:\\\/\\\/www.accidentdutravail-idf.net\\\/blog\\\/\",\"name\":\"ACCIDENTDUTRAVAIL-IDF\",\"description\":\"Portail accidents du travail-maladies professionnelles des entreprises d&#039;Ile-de-France\",\"publisher\":{\"@id\":\"https:\\\/\\\/www.accidentdutravail-idf.net\\\/blog\\\/#organization\"},\"potentialAction\":[{\"@type\":\"SearchAction\",\"target\":{\"@type\":\"EntryPoint\",\"urlTemplate\":\"https:\\\/\\\/www.accidentdutravail-idf.net\\\/blog\\\/?s={search_term_string}\"},\"query-input\":{\"@type\":\"PropertyValueSpecification\",\"valueRequired\":true,\"valueName\":\"search_term_string\"}}],\"inLanguage\":\"fr-FR\"},{\"@type\":\"Organization\",\"@id\":\"https:\\\/\\\/www.accidentdutravail-idf.net\\\/blog\\\/#organization\",\"name\":\"accidentdutravail-idf\",\"url\":\"https:\\\/\\\/www.accidentdutravail-idf.net\\\/blog\\\/\",\"logo\":{\"@type\":\"ImageObject\",\"inLanguage\":\"fr-FR\",\"@id\":\"https:\\\/\\\/www.accidentdutravail-idf.net\\\/blog\\\/#\\\/schema\\\/logo\\\/image\\\/\",\"url\":\"https:\\\/\\\/www.accidentdutravail-idf.net\\\/blog\\\/wp-content\\\/uploads\\\/2022\\\/09\\\/logo-2.png\",\"contentUrl\":\"https:\\\/\\\/www.accidentdutravail-idf.net\\\/blog\\\/wp-content\\\/uploads\\\/2022\\\/09\\\/logo-2.png\",\"width\":380,\"height\":291,\"caption\":\"accidentdutravail-idf\"},\"image\":{\"@id\":\"https:\\\/\\\/www.accidentdutravail-idf.net\\\/blog\\\/#\\\/schema\\\/logo\\\/image\\\/\"}},{\"@type\":\"Person\",\"@id\":\"https:\\\/\\\/www.accidentdutravail-idf.net\\\/blog\\\/#\\\/schema\\\/person\\\/3255d2f970de45e64bd9201f38e7b947\",\"name\":\"Carlos Poulain\",\"image\":{\"@type\":\"ImageObject\",\"inLanguage\":\"fr-FR\",\"@id\":\"https:\\\/\\\/secure.gravatar.com\\\/avatar\\\/b1c2f9d3588e34e91adb093635df64ef4b2381991216be7576466cfcdca4baf3?s=96&d=mm&r=g\",\"url\":\"https:\\\/\\\/secure.gravatar.com\\\/avatar\\\/b1c2f9d3588e34e91adb093635df64ef4b2381991216be7576466cfcdca4baf3?s=96&d=mm&r=g\",\"contentUrl\":\"https:\\\/\\\/secure.gravatar.com\\\/avatar\\\/b1c2f9d3588e34e91adb093635df64ef4b2381991216be7576466cfcdca4baf3?s=96&d=mm&r=g\",\"caption\":\"Carlos Poulain\"},\"url\":\"https:\\\/\\\/www.accidentdutravail-idf.net\\\/blog\\\/author\\\/idfcarlos\\\/\"}]}<\/script>\n<!-- \/ Yoast SEO plugin. -->","yoast_head_json":{"title":"Vieux-Brisach La chute d\u2019une grue entra\u00eene deux ouvriers dans le Rhin : deux bless\u00e9s l\u00e9gers - ACCIDENTDUTRAVAIL-IDF","description":"Vieux-Brisach La chute d\u2019une grue entra\u00eene deux ouvriers dans le Rhin : deux bless\u00e9s l\u00e9gers article de ACCIDENTDUTRAVAIL-IDF","robots":{"index":"index","follow":"follow","max-snippet":"max-snippet:-1","max-image-preview":"max-image-preview:large","max-video-preview":"max-video-preview:-1"},"canonical":"https:\/\/www.accidentdutravail-idf.net\/blog\/vieux-brisach-la-chute-dune-grue-entraine-deux-ouvriers-dans-le-rhin-deux-blesses-legers\/","og_locale":"fr_FR","og_type":"article","og_title":"Vieux-Brisach La chute d\u2019une grue entra\u00eene deux ouvriers dans le Rhin : deux bless\u00e9s l\u00e9gers - ACCIDENTDUTRAVAIL-IDF","og_description":"Vieux-Brisach La chute d\u2019une grue entra\u00eene deux ouvriers dans le Rhin : deux bless\u00e9s l\u00e9gers article de ACCIDENTDUTRAVAIL-IDF","og_url":"https:\/\/www.accidentdutravail-idf.net\/blog\/vieux-brisach-la-chute-dune-grue-entraine-deux-ouvriers-dans-le-rhin-deux-blesses-legers\/","og_site_name":"ACCIDENTDUTRAVAIL-IDF","article_published_time":"2026-04-09T02:26:00+00:00","og_image":[{"url":"https:\/\/www.accidentdutravail-idf.net\/blog\/wp-content\/uploads\/2026\/04\/vieux-brisach-la-chute-dune-grue-entraine-deux-ouvriers-dans-le-rhin-deux-blesses-legers.jpg","type":"","width":"","height":""}],"author":"Carlos Poulain","twitter_card":"summary_large_image","twitter_misc":{"\u00c9crit par":"Carlos Poulain","Dur\u00e9e de lecture estim\u00e9e":"3 minutes"},"schema":{"@context":"https:\/\/schema.org","@graph":[{"@type":"Article","@id":"https:\/\/www.accidentdutravail-idf.net\/blog\/vieux-brisach-la-chute-dune-grue-entraine-deux-ouvriers-dans-le-rhin-deux-blesses-legers\/#article","isPartOf":{"@id":"https:\/\/www.accidentdutravail-idf.net\/blog\/vieux-brisach-la-chute-dune-grue-entraine-deux-ouvriers-dans-le-rhin-deux-blesses-legers\/"},"author":{"name":"Carlos Poulain","@id":"https:\/\/www.accidentdutravail-idf.net\/blog\/#\/schema\/person\/3255d2f970de45e64bd9201f38e7b947"},"headline":"Vieux-Brisach La chute d\u2019une grue entra\u00eene deux ouvriers dans le Rhin : deux bless\u00e9s l\u00e9gers","datePublished":"2026-04-09T02:26:00+00:00","mainEntityOfPage":{"@id":"https:\/\/www.accidentdutravail-idf.net\/blog\/vieux-brisach-la-chute-dune-grue-entraine-deux-ouvriers-dans-le-rhin-deux-blesses-legers\/"},"wordCount":643,"publisher":{"@id":"https:\/\/www.accidentdutravail-idf.net\/blog\/#organization"},"image":{"@id":"https:\/\/www.accidentdutravail-idf.net\/blog\/vieux-brisach-la-chute-dune-grue-entraine-deux-ouvriers-dans-le-rhin-deux-blesses-legers\/#primaryimage"},"thumbnailUrl":"https:\/\/www.accidentdutravail-idf.net\/blog\/wp-content\/uploads\/2026\/04\/vieux-brisach-la-chute-dune-grue-entraine-deux-ouvriers-dans-le-rhin-deux-blesses-legers.jpg","articleSection":["S\u00e9curit\u00e9 Du Travail En Ile-De-France Et Divers:"],"inLanguage":"fr-FR"},{"@type":"WebPage","@id":"https:\/\/www.accidentdutravail-idf.net\/blog\/vieux-brisach-la-chute-dune-grue-entraine-deux-ouvriers-dans-le-rhin-deux-blesses-legers\/","url":"https:\/\/www.accidentdutravail-idf.net\/blog\/vieux-brisach-la-chute-dune-grue-entraine-deux-ouvriers-dans-le-rhin-deux-blesses-legers\/","name":"Vieux-Brisach La chute d\u2019une grue entra\u00eene deux ouvriers dans le Rhin : deux bless\u00e9s l\u00e9gers - ACCIDENTDUTRAVAIL-IDF","isPartOf":{"@id":"https:\/\/www.accidentdutravail-idf.net\/blog\/#website"},"primaryImageOfPage":{"@id":"https:\/\/www.accidentdutravail-idf.net\/blog\/vieux-brisach-la-chute-dune-grue-entraine-deux-ouvriers-dans-le-rhin-deux-blesses-legers\/#primaryimage"},"image":{"@id":"https:\/\/www.accidentdutravail-idf.net\/blog\/vieux-brisach-la-chute-dune-grue-entraine-deux-ouvriers-dans-le-rhin-deux-blesses-legers\/#primaryimage"},"thumbnailUrl":"https:\/\/www.accidentdutravail-idf.net\/blog\/wp-content\/uploads\/2026\/04\/vieux-brisach-la-chute-dune-grue-entraine-deux-ouvriers-dans-le-rhin-deux-blesses-legers.jpg","datePublished":"2026-04-09T02:26:00+00:00","description":"Vieux-Brisach La chute d\u2019une grue entra\u00eene deux ouvriers dans le Rhin : deux bless\u00e9s l\u00e9gers article de ACCIDENTDUTRAVAIL-IDF","breadcrumb":{"@id":"https:\/\/www.accidentdutravail-idf.net\/blog\/vieux-brisach-la-chute-dune-grue-entraine-deux-ouvriers-dans-le-rhin-deux-blesses-legers\/#breadcrumb"},"inLanguage":"fr-FR","potentialAction":[{"@type":"ReadAction","target":["https:\/\/www.accidentdutravail-idf.net\/blog\/vieux-brisach-la-chute-dune-grue-entraine-deux-ouvriers-dans-le-rhin-deux-blesses-legers\/"]}]},{"@type":"ImageObject","inLanguage":"fr-FR","@id":"https:\/\/www.accidentdutravail-idf.net\/blog\/vieux-brisach-la-chute-dune-grue-entraine-deux-ouvriers-dans-le-rhin-deux-blesses-legers\/#primaryimage","url":"https:\/\/www.accidentdutravail-idf.net\/blog\/wp-content\/uploads\/2026\/04\/vieux-brisach-la-chute-dune-grue-entraine-deux-ouvriers-dans-le-rhin-deux-blesses-legers.jpg","contentUrl":"https:\/\/www.accidentdutravail-idf.net\/blog\/wp-content\/uploads\/2026\/04\/vieux-brisach-la-chute-dune-grue-entraine-deux-ouvriers-dans-le-rhin-deux-blesses-legers.jpg"},{"@type":"BreadcrumbList","@id":"https:\/\/www.accidentdutravail-idf.net\/blog\/vieux-brisach-la-chute-dune-grue-entraine-deux-ouvriers-dans-le-rhin-deux-blesses-legers\/#breadcrumb","itemListElement":[{"@type":"ListItem","position":1,"name":"Accueil","item":"https:\/\/www.accidentdutravail-idf.net\/blog\/"},{"@type":"ListItem","position":2,"name":"Vieux-Brisach La chute d\u2019une grue entra\u00eene deux ouvriers dans le Rhin : deux bless\u00e9s l\u00e9gers"}]},{"@type":"WebSite","@id":"https:\/\/www.accidentdutravail-idf.net\/blog\/#website","url":"https:\/\/www.accidentdutravail-idf.net\/blog\/","name":"ACCIDENTDUTRAVAIL-IDF","description":"Portail accidents du travail-maladies professionnelles des entreprises d&#039;Ile-de-France","publisher":{"@id":"https:\/\/www.accidentdutravail-idf.net\/blog\/#organization"},"potentialAction":[{"@type":"SearchAction","target":{"@type":"EntryPoint","urlTemplate":"https:\/\/www.accidentdutravail-idf.net\/blog\/?s={search_term_string}"},"query-input":{"@type":"PropertyValueSpecification","valueRequired":true,"valueName":"search_term_string"}}],"inLanguage":"fr-FR"},{"@type":"Organization","@id":"https:\/\/www.accidentdutravail-idf.net\/blog\/#organization","name":"accidentdutravail-idf","url":"https:\/\/www.accidentdutravail-idf.net\/blog\/","logo":{"@type":"ImageObject","inLanguage":"fr-FR","@id":"https:\/\/www.accidentdutravail-idf.net\/blog\/#\/schema\/logo\/image\/","url":"https:\/\/www.accidentdutravail-idf.net\/blog\/wp-content\/uploads\/2022\/09\/logo-2.png","contentUrl":"https:\/\/www.accidentdutravail-idf.net\/blog\/wp-content\/uploads\/2022\/09\/logo-2.png","width":380,"height":291,"caption":"accidentdutravail-idf"},"image":{"@id":"https:\/\/www.accidentdutravail-idf.net\/blog\/#\/schema\/logo\/image\/"}},{"@type":"Person","@id":"https:\/\/www.accidentdutravail-idf.net\/blog\/#\/schema\/person\/3255d2f970de45e64bd9201f38e7b947","name":"Carlos Poulain","image":{"@type":"ImageObject","inLanguage":"fr-FR","@id":"https:\/\/secure.gravatar.com\/avatar\/b1c2f9d3588e34e91adb093635df64ef4b2381991216be7576466cfcdca4baf3?s=96&d=mm&r=g","url":"https:\/\/secure.gravatar.com\/avatar\/b1c2f9d3588e34e91adb093635df64ef4b2381991216be7576466cfcdca4baf3?s=96&d=mm&r=g","contentUrl":"https:\/\/secure.gravatar.com\/avatar\/b1c2f9d3588e34e91adb093635df64ef4b2381991216be7576466cfcdca4baf3?s=96&d=mm&r=g","caption":"Carlos Poulain"},"url":"https:\/\/www.accidentdutravail-idf.net\/blog\/author\/idfcarlos\/"}]}},"_links":{"self":[{"href":"https:\/\/www.accidentdutravail-idf.net\/blog\/wp-json\/wp\/v2\/posts\/2308","targetHints":{"allow":["GET"]}}],"collection":[{"href":"https:\/\/www.accidentdutravail-idf.net\/blog\/wp-json\/wp\/v2\/posts"}],"about":[{"href":"https:\/\/www.accidentdutravail-idf.net\/blog\/wp-json\/wp\/v2\/types\/post"}],"author":[{"embeddable":true,"href":"https:\/\/www.accidentdutravail-idf.net\/blog\/wp-json\/wp\/v2\/users\/2"}],"replies":[{"embeddable":true,"href":"https:\/\/www.accidentdutravail-idf.net\/blog\/wp-json\/wp\/v2\/comments?post=2308"}],"version-history":[{"count":0,"href":"https:\/\/www.accidentdutravail-idf.net\/blog\/wp-json\/wp\/v2\/posts\/2308\/revisions"}],"wp:attachment":[{"href":"https:\/\/www.accidentdutravail-idf.net\/blog\/wp-json\/wp\/v2\/media?parent=2308"}],"wp:term":[{"taxonomy":"category","embeddable":true,"href":"https:\/\/www.accidentdutravail-idf.net\/blog\/wp-json\/wp\/v2\/categories?post=2308"},{"taxonomy":"post_tag","embeddable":true,"href":"https:\/\/www.accidentdutravail-idf.net\/blog\/wp-json\/wp\/v2\/tags?post=2308"}],"curies":[{"name":"wp","href":"https:\/\/api.w.org\/{rel}","templated":true}]}}