{"id":2305,"date":"2026-04-08T11:35:00","date_gmt":"2026-04-08T09:35:00","guid":{"rendered":"https:\/\/www.accidentdutravail-idf.net\/blog\/haute-loire-accident-du-travail-la-main-dun-employe-se-retrouve-ecrasee-entre-deux-cylindres\/"},"modified":"2026-04-08T11:35:00","modified_gmt":"2026-04-08T09:35:00","slug":"haute-loire-accident-du-travail-la-main-dun-employe-se-retrouve-ecrasee-entre-deux-cylindres","status":"publish","type":"post","link":"https:\/\/www.accidentdutravail-idf.net\/blog\/haute-loire-accident-du-travail-la-main-dun-employe-se-retrouve-ecrasee-entre-deux-cylindres\/","title":{"rendered":"Haute-Loire Accident du travail : la main d\u2019un employ\u00e9 se retrouve \u00e9cras\u00e9e entre deux cylindres"},"content":{"rendered":"<div><img decoding=\"async\" src=\"https:\/\/www.accidentdutravail-idf.net\/blog\/wp-content\/uploads\/2026\/04\/haute-loire-accident-du-travail-la-main-dun-employe-se-retrouve-ecrasee-entre-deux-cylindres.jpg\" class=\"ff-og-image-inserted\"><\/div>\n<div>\n<p>Un grave accident du travail est survenu \u00e0 Sainte-Sigol\u00e8ne mardi 7&nbsp;avril aux alentours de 19&nbsp;h&nbsp;15, all\u00e9e Blaise-Pascal. Un employ\u00e9 de l\u2019entreprise Gu\u00e9rin plastique travaillait \u00e0 remettre en fonctionnement une machine et \u00e0 ins\u00e9rer une bobine entre deux cylindres en l\u00e9ger mouvement. C\u2019est alors que sa main s\u2019est retrouv\u00e9e happ\u00e9e puis \u00e9cras\u00e9e par les deux rouleaux.<\/p>\n<\/div>\n<div>\n<p>La victime a rapidement \u00e9t\u00e9 prise en charge par les sapeurs-pompiers et transport\u00e9e \u00e0 l\u2019h\u00f4pital de Firminy. L\u2019inspection du travail a \u00e9t\u00e9 saisie.<\/p>\n<\/div>\n<p>accidentdutravail-idf.net vous a pr\u00e9par\u00e9 ce post qui informe du sujet \u00ab\u00a0Association Sportive Huisson-Longueville Essonne\u00a0\u00bb. La chronique se veut g\u00e9n\u00e9r\u00e9e du mieux possible. Vous pouvez utiliser les coordonn\u00e9es indiqu\u00e9es sur le site dans le but d\u2019apporter des explications sur ce post qui parle du th\u00e8me \u00ab\u00a0Association Sportive Huisson-Longueville Essonne\u00a0\u00bb. Le site accidentdutravail-idf.net a pour but de fournir diverses publications sur la th\u00e9matique Association Sportive Huisson-Longueville Essonne diffus\u00e9es sur le net. Il y aura plusieurs articles autour du sujet \u00ab\u00a0Association Sportive Huisson-Longueville Essonne\u00a0\u00bb dans quelques jours, nous vous invitons \u00e0 naviguer sur notre site web \u00e0 plusieurs reprises.<\/p>\n","protected":false},"excerpt":{"rendered":"<p>Un grave accident du travail est survenu \u00e0 Sainte-Sigol\u00e8ne mardi 7&nbsp;avril aux alentours de 19&nbsp;h&nbsp;15, all\u00e9e Blaise-Pascal. Un employ\u00e9 de l\u2019entreprise Gu\u00e9rin plastique travaillait \u00e0 remettre en fonctionnement une machine et \u00e0 ins\u00e9rer une bobine entre deux cylindres en l\u00e9ger mouvement. C\u2019est alors que sa main s\u2019est retrouv\u00e9e happ\u00e9e puis \u00e9cras\u00e9e par les deux rouleaux. &hellip; <\/p>\n<p class=\"link-more\"><a href=\"https:\/\/www.accidentdutravail-idf.net\/blog\/haute-loire-accident-du-travail-la-main-dun-employe-se-retrouve-ecrasee-entre-deux-cylindres\/\" class=\"more-link\">Continuer la lecture <span class=\"screen-reader-text\"> \u00ab\u00a0Haute-Loire Accident du travail : la main d\u2019un employ\u00e9 se retrouve \u00e9cras\u00e9e entre deux cylindres\u00a0\u00bb<\/span><\/a><\/p>\n","protected":false},"author":2,"featured_media":0,"comment_status":"closed","ping_status":"closed","sticky":false,"template":"","format":"standard","meta":{"footnotes":""},"categories":[5],"tags":[],"class_list":["post-2305","post","type-post","status-publish","format-standard","hentry","category-securite-du-travail-en-ile-de-france-et-divers","entry"],"yoast_head":"<!-- This site is optimized with the Yoast SEO plugin v27.5 - https:\/\/yoast.com\/product\/yoast-seo-wordpress\/ -->\n<title>Haute-Loire Accident du travail : la main d\u2019un employ\u00e9 se retrouve \u00e9cras\u00e9e entre deux cylindres - ACCIDENTDUTRAVAIL-IDF<\/title>\n<meta name=\"description\" content=\"Haute-Loire Accident du travail : la main d\u2019un employ\u00e9 se retrouve \u00e9cras\u00e9e entre deux cylindres article de ACCIDENTDUTRAVAIL-IDF\" \/>\n<meta name=\"robots\" content=\"index, follow, max-snippet:-1, max-image-preview:large, max-video-preview:-1\" \/>\n<link rel=\"canonical\" href=\"https:\/\/www.accidentdutravail-idf.net\/blog\/haute-loire-accident-du-travail-la-main-dun-employe-se-retrouve-ecrasee-entre-deux-cylindres\/\" \/>\n<meta property=\"og:locale\" content=\"fr_FR\" \/>\n<meta property=\"og:type\" content=\"article\" \/>\n<meta property=\"og:title\" content=\"Haute-Loire Accident du travail : la main d\u2019un employ\u00e9 se retrouve \u00e9cras\u00e9e entre deux cylindres - ACCIDENTDUTRAVAIL-IDF\" \/>\n<meta property=\"og:description\" content=\"Haute-Loire Accident du travail : la main d\u2019un employ\u00e9 se retrouve \u00e9cras\u00e9e entre deux cylindres article de ACCIDENTDUTRAVAIL-IDF\" \/>\n<meta property=\"og:url\" content=\"https:\/\/www.accidentdutravail-idf.net\/blog\/haute-loire-accident-du-travail-la-main-dun-employe-se-retrouve-ecrasee-entre-deux-cylindres\/\" \/>\n<meta property=\"og:site_name\" content=\"ACCIDENTDUTRAVAIL-IDF\" \/>\n<meta property=\"article:published_time\" content=\"2026-04-08T09:35:00+00:00\" \/>\n<meta property=\"og:image\" content=\"https:\/\/www.accidentdutravail-idf.net\/blog\/wp-content\/uploads\/2026\/04\/haute-loire-accident-du-travail-la-main-dun-employe-se-retrouve-ecrasee-entre-deux-cylindres.jpg\" \/>\n<meta name=\"author\" content=\"Carlos Poulain\" \/>\n<meta name=\"twitter:card\" content=\"summary_large_image\" \/>\n<meta name=\"twitter:label1\" content=\"\u00c9crit par\" \/>\n\t<meta name=\"twitter:data1\" content=\"Carlos Poulain\" \/>\n\t<meta name=\"twitter:label2\" content=\"Dur\u00e9e de lecture estim\u00e9e\" \/>\n\t<meta name=\"twitter:data2\" content=\"1 minute\" \/>\n<script type=\"application\/ld+json\" class=\"yoast-schema-graph\">{\"@context\":\"https:\\\/\\\/schema.org\",\"@graph\":[{\"@type\":\"Article\",\"@id\":\"https:\\\/\\\/www.accidentdutravail-idf.net\\\/blog\\\/haute-loire-accident-du-travail-la-main-dun-employe-se-retrouve-ecrasee-entre-deux-cylindres\\\/#article\",\"isPartOf\":{\"@id\":\"https:\\\/\\\/www.accidentdutravail-idf.net\\\/blog\\\/haute-loire-accident-du-travail-la-main-dun-employe-se-retrouve-ecrasee-entre-deux-cylindres\\\/\"},\"author\":{\"name\":\"Carlos Poulain\",\"@id\":\"https:\\\/\\\/www.accidentdutravail-idf.net\\\/blog\\\/#\\\/schema\\\/person\\\/3255d2f970de45e64bd9201f38e7b947\"},\"headline\":\"Haute-Loire Accident du travail : la main d\u2019un employ\u00e9 se retrouve \u00e9cras\u00e9e entre deux cylindres\",\"datePublished\":\"2026-04-08T09:35:00+00:00\",\"mainEntityOfPage\":{\"@id\":\"https:\\\/\\\/www.accidentdutravail-idf.net\\\/blog\\\/haute-loire-accident-du-travail-la-main-dun-employe-se-retrouve-ecrasee-entre-deux-cylindres\\\/\"},\"wordCount\":214,\"publisher\":{\"@id\":\"https:\\\/\\\/www.accidentdutravail-idf.net\\\/blog\\\/#organization\"},\"image\":{\"@id\":\"https:\\\/\\\/www.accidentdutravail-idf.net\\\/blog\\\/haute-loire-accident-du-travail-la-main-dun-employe-se-retrouve-ecrasee-entre-deux-cylindres\\\/#primaryimage\"},\"thumbnailUrl\":\"https:\\\/\\\/www.accidentdutravail-idf.net\\\/blog\\\/wp-content\\\/uploads\\\/2026\\\/04\\\/haute-loire-accident-du-travail-la-main-dun-employe-se-retrouve-ecrasee-entre-deux-cylindres.jpg\",\"articleSection\":[\"S\u00e9curit\u00e9 Du Travail En Ile-De-France Et Divers:\"],\"inLanguage\":\"fr-FR\"},{\"@type\":\"WebPage\",\"@id\":\"https:\\\/\\\/www.accidentdutravail-idf.net\\\/blog\\\/haute-loire-accident-du-travail-la-main-dun-employe-se-retrouve-ecrasee-entre-deux-cylindres\\\/\",\"url\":\"https:\\\/\\\/www.accidentdutravail-idf.net\\\/blog\\\/haute-loire-accident-du-travail-la-main-dun-employe-se-retrouve-ecrasee-entre-deux-cylindres\\\/\",\"name\":\"Haute-Loire Accident du travail : la main d\u2019un employ\u00e9 se retrouve \u00e9cras\u00e9e entre deux cylindres - ACCIDENTDUTRAVAIL-IDF\",\"isPartOf\":{\"@id\":\"https:\\\/\\\/www.accidentdutravail-idf.net\\\/blog\\\/#website\"},\"primaryImageOfPage\":{\"@id\":\"https:\\\/\\\/www.accidentdutravail-idf.net\\\/blog\\\/haute-loire-accident-du-travail-la-main-dun-employe-se-retrouve-ecrasee-entre-deux-cylindres\\\/#primaryimage\"},\"image\":{\"@id\":\"https:\\\/\\\/www.accidentdutravail-idf.net\\\/blog\\\/haute-loire-accident-du-travail-la-main-dun-employe-se-retrouve-ecrasee-entre-deux-cylindres\\\/#primaryimage\"},\"thumbnailUrl\":\"https:\\\/\\\/www.accidentdutravail-idf.net\\\/blog\\\/wp-content\\\/uploads\\\/2026\\\/04\\\/haute-loire-accident-du-travail-la-main-dun-employe-se-retrouve-ecrasee-entre-deux-cylindres.jpg\",\"datePublished\":\"2026-04-08T09:35:00+00:00\",\"description\":\"Haute-Loire Accident du travail : la main d\u2019un employ\u00e9 se retrouve \u00e9cras\u00e9e entre deux cylindres article de ACCIDENTDUTRAVAIL-IDF\",\"breadcrumb\":{\"@id\":\"https:\\\/\\\/www.accidentdutravail-idf.net\\\/blog\\\/haute-loire-accident-du-travail-la-main-dun-employe-se-retrouve-ecrasee-entre-deux-cylindres\\\/#breadcrumb\"},\"inLanguage\":\"fr-FR\",\"potentialAction\":[{\"@type\":\"ReadAction\",\"target\":[\"https:\\\/\\\/www.accidentdutravail-idf.net\\\/blog\\\/haute-loire-accident-du-travail-la-main-dun-employe-se-retrouve-ecrasee-entre-deux-cylindres\\\/\"]}]},{\"@type\":\"ImageObject\",\"inLanguage\":\"fr-FR\",\"@id\":\"https:\\\/\\\/www.accidentdutravail-idf.net\\\/blog\\\/haute-loire-accident-du-travail-la-main-dun-employe-se-retrouve-ecrasee-entre-deux-cylindres\\\/#primaryimage\",\"url\":\"https:\\\/\\\/www.accidentdutravail-idf.net\\\/blog\\\/wp-content\\\/uploads\\\/2026\\\/04\\\/haute-loire-accident-du-travail-la-main-dun-employe-se-retrouve-ecrasee-entre-deux-cylindres.jpg\",\"contentUrl\":\"https:\\\/\\\/www.accidentdutravail-idf.net\\\/blog\\\/wp-content\\\/uploads\\\/2026\\\/04\\\/haute-loire-accident-du-travail-la-main-dun-employe-se-retrouve-ecrasee-entre-deux-cylindres.jpg\"},{\"@type\":\"BreadcrumbList\",\"@id\":\"https:\\\/\\\/www.accidentdutravail-idf.net\\\/blog\\\/haute-loire-accident-du-travail-la-main-dun-employe-se-retrouve-ecrasee-entre-deux-cylindres\\\/#breadcrumb\",\"itemListElement\":[{\"@type\":\"ListItem\",\"position\":1,\"name\":\"Accueil\",\"item\":\"https:\\\/\\\/www.accidentdutravail-idf.net\\\/blog\\\/\"},{\"@type\":\"ListItem\",\"position\":2,\"name\":\"Haute-Loire Accident du travail : la main d\u2019un employ\u00e9 se retrouve \u00e9cras\u00e9e entre deux cylindres\"}]},{\"@type\":\"WebSite\",\"@id\":\"https:\\\/\\\/www.accidentdutravail-idf.net\\\/blog\\\/#website\",\"url\":\"https:\\\/\\\/www.accidentdutravail-idf.net\\\/blog\\\/\",\"name\":\"ACCIDENTDUTRAVAIL-IDF\",\"description\":\"Portail accidents du travail-maladies professionnelles des entreprises d&#039;Ile-de-France\",\"publisher\":{\"@id\":\"https:\\\/\\\/www.accidentdutravail-idf.net\\\/blog\\\/#organization\"},\"potentialAction\":[{\"@type\":\"SearchAction\",\"target\":{\"@type\":\"EntryPoint\",\"urlTemplate\":\"https:\\\/\\\/www.accidentdutravail-idf.net\\\/blog\\\/?s={search_term_string}\"},\"query-input\":{\"@type\":\"PropertyValueSpecification\",\"valueRequired\":true,\"valueName\":\"search_term_string\"}}],\"inLanguage\":\"fr-FR\"},{\"@type\":\"Organization\",\"@id\":\"https:\\\/\\\/www.accidentdutravail-idf.net\\\/blog\\\/#organization\",\"name\":\"accidentdutravail-idf\",\"url\":\"https:\\\/\\\/www.accidentdutravail-idf.net\\\/blog\\\/\",\"logo\":{\"@type\":\"ImageObject\",\"inLanguage\":\"fr-FR\",\"@id\":\"https:\\\/\\\/www.accidentdutravail-idf.net\\\/blog\\\/#\\\/schema\\\/logo\\\/image\\\/\",\"url\":\"https:\\\/\\\/www.accidentdutravail-idf.net\\\/blog\\\/wp-content\\\/uploads\\\/2022\\\/09\\\/logo-2.png\",\"contentUrl\":\"https:\\\/\\\/www.accidentdutravail-idf.net\\\/blog\\\/wp-content\\\/uploads\\\/2022\\\/09\\\/logo-2.png\",\"width\":380,\"height\":291,\"caption\":\"accidentdutravail-idf\"},\"image\":{\"@id\":\"https:\\\/\\\/www.accidentdutravail-idf.net\\\/blog\\\/#\\\/schema\\\/logo\\\/image\\\/\"}},{\"@type\":\"Person\",\"@id\":\"https:\\\/\\\/www.accidentdutravail-idf.net\\\/blog\\\/#\\\/schema\\\/person\\\/3255d2f970de45e64bd9201f38e7b947\",\"name\":\"Carlos Poulain\",\"image\":{\"@type\":\"ImageObject\",\"inLanguage\":\"fr-FR\",\"@id\":\"https:\\\/\\\/secure.gravatar.com\\\/avatar\\\/b1c2f9d3588e34e91adb093635df64ef4b2381991216be7576466cfcdca4baf3?s=96&d=mm&r=g\",\"url\":\"https:\\\/\\\/secure.gravatar.com\\\/avatar\\\/b1c2f9d3588e34e91adb093635df64ef4b2381991216be7576466cfcdca4baf3?s=96&d=mm&r=g\",\"contentUrl\":\"https:\\\/\\\/secure.gravatar.com\\\/avatar\\\/b1c2f9d3588e34e91adb093635df64ef4b2381991216be7576466cfcdca4baf3?s=96&d=mm&r=g\",\"caption\":\"Carlos Poulain\"},\"url\":\"https:\\\/\\\/www.accidentdutravail-idf.net\\\/blog\\\/author\\\/idfcarlos\\\/\"}]}<\/script>\n<!-- \/ Yoast SEO plugin. -->","yoast_head_json":{"title":"Haute-Loire Accident du travail : la main d\u2019un employ\u00e9 se retrouve \u00e9cras\u00e9e entre deux cylindres - ACCIDENTDUTRAVAIL-IDF","description":"Haute-Loire Accident du travail : la main d\u2019un employ\u00e9 se retrouve \u00e9cras\u00e9e entre deux cylindres article de ACCIDENTDUTRAVAIL-IDF","robots":{"index":"index","follow":"follow","max-snippet":"max-snippet:-1","max-image-preview":"max-image-preview:large","max-video-preview":"max-video-preview:-1"},"canonical":"https:\/\/www.accidentdutravail-idf.net\/blog\/haute-loire-accident-du-travail-la-main-dun-employe-se-retrouve-ecrasee-entre-deux-cylindres\/","og_locale":"fr_FR","og_type":"article","og_title":"Haute-Loire Accident du travail : la main d\u2019un employ\u00e9 se retrouve \u00e9cras\u00e9e entre deux cylindres - ACCIDENTDUTRAVAIL-IDF","og_description":"Haute-Loire Accident du travail : la main d\u2019un employ\u00e9 se retrouve \u00e9cras\u00e9e entre deux cylindres article de ACCIDENTDUTRAVAIL-IDF","og_url":"https:\/\/www.accidentdutravail-idf.net\/blog\/haute-loire-accident-du-travail-la-main-dun-employe-se-retrouve-ecrasee-entre-deux-cylindres\/","og_site_name":"ACCIDENTDUTRAVAIL-IDF","article_published_time":"2026-04-08T09:35:00+00:00","og_image":[{"url":"https:\/\/www.accidentdutravail-idf.net\/blog\/wp-content\/uploads\/2026\/04\/haute-loire-accident-du-travail-la-main-dun-employe-se-retrouve-ecrasee-entre-deux-cylindres.jpg","type":"","width":"","height":""}],"author":"Carlos Poulain","twitter_card":"summary_large_image","twitter_misc":{"\u00c9crit par":"Carlos Poulain","Dur\u00e9e de lecture estim\u00e9e":"1 minute"},"schema":{"@context":"https:\/\/schema.org","@graph":[{"@type":"Article","@id":"https:\/\/www.accidentdutravail-idf.net\/blog\/haute-loire-accident-du-travail-la-main-dun-employe-se-retrouve-ecrasee-entre-deux-cylindres\/#article","isPartOf":{"@id":"https:\/\/www.accidentdutravail-idf.net\/blog\/haute-loire-accident-du-travail-la-main-dun-employe-se-retrouve-ecrasee-entre-deux-cylindres\/"},"author":{"name":"Carlos Poulain","@id":"https:\/\/www.accidentdutravail-idf.net\/blog\/#\/schema\/person\/3255d2f970de45e64bd9201f38e7b947"},"headline":"Haute-Loire Accident du travail : la main d\u2019un employ\u00e9 se retrouve \u00e9cras\u00e9e entre deux cylindres","datePublished":"2026-04-08T09:35:00+00:00","mainEntityOfPage":{"@id":"https:\/\/www.accidentdutravail-idf.net\/blog\/haute-loire-accident-du-travail-la-main-dun-employe-se-retrouve-ecrasee-entre-deux-cylindres\/"},"wordCount":214,"publisher":{"@id":"https:\/\/www.accidentdutravail-idf.net\/blog\/#organization"},"image":{"@id":"https:\/\/www.accidentdutravail-idf.net\/blog\/haute-loire-accident-du-travail-la-main-dun-employe-se-retrouve-ecrasee-entre-deux-cylindres\/#primaryimage"},"thumbnailUrl":"https:\/\/www.accidentdutravail-idf.net\/blog\/wp-content\/uploads\/2026\/04\/haute-loire-accident-du-travail-la-main-dun-employe-se-retrouve-ecrasee-entre-deux-cylindres.jpg","articleSection":["S\u00e9curit\u00e9 Du Travail En Ile-De-France Et Divers:"],"inLanguage":"fr-FR"},{"@type":"WebPage","@id":"https:\/\/www.accidentdutravail-idf.net\/blog\/haute-loire-accident-du-travail-la-main-dun-employe-se-retrouve-ecrasee-entre-deux-cylindres\/","url":"https:\/\/www.accidentdutravail-idf.net\/blog\/haute-loire-accident-du-travail-la-main-dun-employe-se-retrouve-ecrasee-entre-deux-cylindres\/","name":"Haute-Loire Accident du travail : la main d\u2019un employ\u00e9 se retrouve \u00e9cras\u00e9e entre deux cylindres - ACCIDENTDUTRAVAIL-IDF","isPartOf":{"@id":"https:\/\/www.accidentdutravail-idf.net\/blog\/#website"},"primaryImageOfPage":{"@id":"https:\/\/www.accidentdutravail-idf.net\/blog\/haute-loire-accident-du-travail-la-main-dun-employe-se-retrouve-ecrasee-entre-deux-cylindres\/#primaryimage"},"image":{"@id":"https:\/\/www.accidentdutravail-idf.net\/blog\/haute-loire-accident-du-travail-la-main-dun-employe-se-retrouve-ecrasee-entre-deux-cylindres\/#primaryimage"},"thumbnailUrl":"https:\/\/www.accidentdutravail-idf.net\/blog\/wp-content\/uploads\/2026\/04\/haute-loire-accident-du-travail-la-main-dun-employe-se-retrouve-ecrasee-entre-deux-cylindres.jpg","datePublished":"2026-04-08T09:35:00+00:00","description":"Haute-Loire Accident du travail : la main d\u2019un employ\u00e9 se retrouve \u00e9cras\u00e9e entre deux cylindres article de ACCIDENTDUTRAVAIL-IDF","breadcrumb":{"@id":"https:\/\/www.accidentdutravail-idf.net\/blog\/haute-loire-accident-du-travail-la-main-dun-employe-se-retrouve-ecrasee-entre-deux-cylindres\/#breadcrumb"},"inLanguage":"fr-FR","potentialAction":[{"@type":"ReadAction","target":["https:\/\/www.accidentdutravail-idf.net\/blog\/haute-loire-accident-du-travail-la-main-dun-employe-se-retrouve-ecrasee-entre-deux-cylindres\/"]}]},{"@type":"ImageObject","inLanguage":"fr-FR","@id":"https:\/\/www.accidentdutravail-idf.net\/blog\/haute-loire-accident-du-travail-la-main-dun-employe-se-retrouve-ecrasee-entre-deux-cylindres\/#primaryimage","url":"https:\/\/www.accidentdutravail-idf.net\/blog\/wp-content\/uploads\/2026\/04\/haute-loire-accident-du-travail-la-main-dun-employe-se-retrouve-ecrasee-entre-deux-cylindres.jpg","contentUrl":"https:\/\/www.accidentdutravail-idf.net\/blog\/wp-content\/uploads\/2026\/04\/haute-loire-accident-du-travail-la-main-dun-employe-se-retrouve-ecrasee-entre-deux-cylindres.jpg"},{"@type":"BreadcrumbList","@id":"https:\/\/www.accidentdutravail-idf.net\/blog\/haute-loire-accident-du-travail-la-main-dun-employe-se-retrouve-ecrasee-entre-deux-cylindres\/#breadcrumb","itemListElement":[{"@type":"ListItem","position":1,"name":"Accueil","item":"https:\/\/www.accidentdutravail-idf.net\/blog\/"},{"@type":"ListItem","position":2,"name":"Haute-Loire Accident du travail : la main d\u2019un employ\u00e9 se retrouve \u00e9cras\u00e9e entre deux cylindres"}]},{"@type":"WebSite","@id":"https:\/\/www.accidentdutravail-idf.net\/blog\/#website","url":"https:\/\/www.accidentdutravail-idf.net\/blog\/","name":"ACCIDENTDUTRAVAIL-IDF","description":"Portail accidents du travail-maladies professionnelles des entreprises d&#039;Ile-de-France","publisher":{"@id":"https:\/\/www.accidentdutravail-idf.net\/blog\/#organization"},"potentialAction":[{"@type":"SearchAction","target":{"@type":"EntryPoint","urlTemplate":"https:\/\/www.accidentdutravail-idf.net\/blog\/?s={search_term_string}"},"query-input":{"@type":"PropertyValueSpecification","valueRequired":true,"valueName":"search_term_string"}}],"inLanguage":"fr-FR"},{"@type":"Organization","@id":"https:\/\/www.accidentdutravail-idf.net\/blog\/#organization","name":"accidentdutravail-idf","url":"https:\/\/www.accidentdutravail-idf.net\/blog\/","logo":{"@type":"ImageObject","inLanguage":"fr-FR","@id":"https:\/\/www.accidentdutravail-idf.net\/blog\/#\/schema\/logo\/image\/","url":"https:\/\/www.accidentdutravail-idf.net\/blog\/wp-content\/uploads\/2022\/09\/logo-2.png","contentUrl":"https:\/\/www.accidentdutravail-idf.net\/blog\/wp-content\/uploads\/2022\/09\/logo-2.png","width":380,"height":291,"caption":"accidentdutravail-idf"},"image":{"@id":"https:\/\/www.accidentdutravail-idf.net\/blog\/#\/schema\/logo\/image\/"}},{"@type":"Person","@id":"https:\/\/www.accidentdutravail-idf.net\/blog\/#\/schema\/person\/3255d2f970de45e64bd9201f38e7b947","name":"Carlos Poulain","image":{"@type":"ImageObject","inLanguage":"fr-FR","@id":"https:\/\/secure.gravatar.com\/avatar\/b1c2f9d3588e34e91adb093635df64ef4b2381991216be7576466cfcdca4baf3?s=96&d=mm&r=g","url":"https:\/\/secure.gravatar.com\/avatar\/b1c2f9d3588e34e91adb093635df64ef4b2381991216be7576466cfcdca4baf3?s=96&d=mm&r=g","contentUrl":"https:\/\/secure.gravatar.com\/avatar\/b1c2f9d3588e34e91adb093635df64ef4b2381991216be7576466cfcdca4baf3?s=96&d=mm&r=g","caption":"Carlos Poulain"},"url":"https:\/\/www.accidentdutravail-idf.net\/blog\/author\/idfcarlos\/"}]}},"_links":{"self":[{"href":"https:\/\/www.accidentdutravail-idf.net\/blog\/wp-json\/wp\/v2\/posts\/2305","targetHints":{"allow":["GET"]}}],"collection":[{"href":"https:\/\/www.accidentdutravail-idf.net\/blog\/wp-json\/wp\/v2\/posts"}],"about":[{"href":"https:\/\/www.accidentdutravail-idf.net\/blog\/wp-json\/wp\/v2\/types\/post"}],"author":[{"embeddable":true,"href":"https:\/\/www.accidentdutravail-idf.net\/blog\/wp-json\/wp\/v2\/users\/2"}],"replies":[{"embeddable":true,"href":"https:\/\/www.accidentdutravail-idf.net\/blog\/wp-json\/wp\/v2\/comments?post=2305"}],"version-history":[{"count":0,"href":"https:\/\/www.accidentdutravail-idf.net\/blog\/wp-json\/wp\/v2\/posts\/2305\/revisions"}],"wp:attachment":[{"href":"https:\/\/www.accidentdutravail-idf.net\/blog\/wp-json\/wp\/v2\/media?parent=2305"}],"wp:term":[{"taxonomy":"category","embeddable":true,"href":"https:\/\/www.accidentdutravail-idf.net\/blog\/wp-json\/wp\/v2\/categories?post=2305"},{"taxonomy":"post_tag","embeddable":true,"href":"https:\/\/www.accidentdutravail-idf.net\/blog\/wp-json\/wp\/v2\/tags?post=2305"}],"curies":[{"name":"wp","href":"https:\/\/api.w.org\/{rel}","templated":true}]}}