{"id":2304,"date":"2026-04-08T10:00:00","date_gmt":"2026-04-08T08:00:00","guid":{"rendered":"https:\/\/www.accidentdutravail-idf.net\/blog\/accueil-societe-grace-a-la-natation-je-tiens-a-nouveau-sur-mes-jambes-accidente-du-travail-il\/"},"modified":"2026-04-08T10:00:00","modified_gmt":"2026-04-08T08:00:00","slug":"accueil-societe-grace-a-la-natation-je-tiens-a-nouveau-sur-mes-jambes-accidente-du-travail-il","status":"publish","type":"post","link":"https:\/\/www.accidentdutravail-idf.net\/blog\/accueil-societe-grace-a-la-natation-je-tiens-a-nouveau-sur-mes-jambes-accidente-du-travail-il\/","title":{"rendered":"Accueil Soci\u00e9t\u00e9 \u00ab Gr\u00e2ce \u00e0 la natation, je tiens \u00e0 nouveau sur mes jambes \u00bb : accident\u00e9 du travail, il &#8230;"},"content":{"rendered":"<div><img decoding=\"async\" src=\"https:\/\/www.accidentdutravail-idf.net\/blog\/wp-content\/uploads\/2026\/04\/accueil-societe-grace-a-la-natation-je-tiens-a-nouveau-sur-mes-jambes-accidente-du-travail-il.jpg\" class=\"ff-og-image-inserted\"><\/div>\n<div>\n<p>\u00ab&nbsp;Vous plongez, nagez 12,5&nbsp;m en crawl, passez la demi-lune et r\u00e9cup\u00e9rez l\u2019anneau&nbsp;\u00bb, liste S\u00e9bastien Arnould, ma\u00eetre-nageur stagiaire, \u00e0 une dizaine d\u2019enfants, tous membres du Forbach agglom\u00e9ration natation, sur les bords du bassin olympique. Aguerris, les jeunes nageurs s\u2019ex\u00e9cutent, remontent \u00e0 la surface, reviennent sur le dos. Ce soir-l\u00e0, ils suivent la formation sur le th\u00e8me du sauvetage. \u00ab&nbsp;Nous sommes partenaires de cette formation, men\u00e9e avec la Ligue de Lorraine de natation et l\u2019agglom\u00e9ration. Nous avons d\u00e9cid\u00e9 de mettre \u00e0 disposition nos nageurs, les tortues, les dauphins et les orques&nbsp;\u00bb, pr\u00e9cise Jean-Marc Houll\u00e9, pr\u00e9sident du club.<\/p>\n<\/div>\n<div>\n<h2>Complication rare<\/h2>\n<p>S\u00e9bastien Arnould, 51 ans, originaire de Farschviller, a mont\u00e9 ce projet dans le cadre de sa formation de ma\u00eetre-nageur. Son parcours est exceptionnel. Ancien ing\u00e9nieur, il a chang\u00e9 de voie apr\u00e8s un long accident du travail. Un calvaire. Une \u00ab&nbsp;banale&nbsp;\u00bb entorse s\u2019est transform\u00e9e en algodystrophie de la cheville. Une complication rare. Affection neurologique, l\u2019algoneurodystrophie entra\u00eene des douleurs intenses, voire une perte de la mobilit\u00e9. \u00ab&nbsp;Je n\u2019arrivais plus \u00e0 tenir debout. Au d\u00e9part, les m\u00e9decins m\u2019ont dit que je ne pourrais plus jamais marcher sans b\u00e9quilles. J\u2019\u00e9tais condamn\u00e9&nbsp;\u00bb, se souvient l\u2019ex-ing\u00e9nieur.<\/p>\n<\/div>\n<div id>\n<div class=\"consentModule_text\">\n<p>Ce contenu est bloqu\u00e9 car vous n&rsquo;avez pas accept\u00e9 les cookies et autres traceurs.<\/p>\n<p>En cliquant sur <span class=\"bold\">\u00ab J\u2019accepte \u00bb<\/span>, les cookies et autres traceurs seront d\u00e9pos\u00e9s et vous pourrez visualiser les contenus <span class=\"consentModule_purpose\"><\/span> (<a href=\"https:\/\/www.republicain-lorrain.fr\/societe\/2026\/04\/08\/grace-a-la-natation-je-tiens-a-nouveau-sur-mes-jambes-accidente-du-travail-il-va-devenir-maitre-nageur\" class=\"consentModule_policy\" target=\"_blank\" title=\"Consulter la politique de protection des donn\u00e9es du fournisseur\" rel=\"nofollow\">plus d&rsquo;informations<\/a>).<\/p>\n<p>En cliquant sur <span class=\"bold\">\u00ab J\u2019accepte tous les cookies \u00bb<\/span>, vous autorisez des d\u00e9p\u00f4ts de cookies et autres traceurs pour le stockage de vos donn\u00e9es sur nos sites et applications \u00e0 des fins de personnalisation et de ciblage publicitaire.<\/p>\n<p class=\"consentModule_secondaryText\">Vous gardez la possibilit\u00e9 de retirer votre consentement \u00e0 tout moment en consultant notre <a href=\"https:\/\/www.republicain-lorrain.fr\/protection-des-donnees\" target=\"_blank\" title=\"Consulter notre politique de protection des donn\u00e9es\" rel=\"nofollow\">politique de protection des donn\u00e9es<\/a>. <br \/><a href=\"Didomi.notice.show()\" class=\"consentModule_cmp\" target=\"_blank\" rel=\"nofollow\">G\u00e9rer mes choix<\/a> <\/p>\n<p> <button class=\"acceptConsent\" id title=\"J'accepte\">J&rsquo;accepte<\/button> <button class=\"acceptAllConsent\" id title=\"J'accepte tous les cookies\">J&rsquo;accepte tous les cookies<\/button> <\/p>\n<\/p><\/div>\n<\/div>\n<div>\n<h2>Longue r\u00e9\u00e9ducation<\/h2>\n<p>Pour remonter la pente, S\u00e9bastien Arnould s\u2019est arm\u00e9 de courage. \u00ab&nbsp;J\u2019accompagnais souvent mon fils \u00e0 la piscine, il y faisait de la natation. Je n\u2019arrivais plus \u00e0 marcher, je venais avec des b\u00e9quilles. Les ma\u00eetres-nageurs m\u2019ont pris sous leur aile.&nbsp;\u00bb<\/p>\n<\/div>\n<div>\n<p>S\u00e9bastien Arnould commence une r\u00e9\u00e9ducation aquatique. \u00ab&nbsp;La piscine m\u2019a fait revivre. J\u2019ai r\u00e9appris \u00e0 tenir sur mes jambes, qui \u00e9taient perdues, j\u2019ai travaill\u00e9 les appuis dans l\u2019eau. Gr\u00e2ce \u00e0 la natation, je tiens \u00e0 nouveau debout&nbsp;\u00bb, d\u00e9voile celui qui reprend confiance et passe un premier dipl\u00f4me de surveillant aquatique. Il y prend go\u00fbt. Et suit une formation pour devenir ma\u00eetre-nageur, comme une revanche sur la vie.<\/p>\n<\/div>\n<p>accidentdutravail-idf.net vous a pr\u00e9par\u00e9 ce post qui informe du sujet \u00ab\u00a0Association Sportive Huisson-Longueville Essonne\u00a0\u00bb. La chronique se veut g\u00e9n\u00e9r\u00e9e du mieux possible. Vous pouvez utiliser les coordonn\u00e9es indiqu\u00e9es sur le site dans le but d\u2019apporter des explications sur ce post qui parle du th\u00e8me \u00ab\u00a0Association Sportive Huisson-Longueville Essonne\u00a0\u00bb. Le site accidentdutravail-idf.net a pour but de fournir diverses publications sur la th\u00e9matique Association Sportive Huisson-Longueville Essonne diffus\u00e9es sur le net. Il y aura plusieurs articles autour du sujet \u00ab\u00a0Association Sportive Huisson-Longueville Essonne\u00a0\u00bb dans quelques jours, nous vous invitons \u00e0 naviguer sur notre site web \u00e0 plusieurs reprises.<\/p>\n","protected":false},"excerpt":{"rendered":"<p>\u00ab&nbsp;Vous plongez, nagez 12,5&nbsp;m en crawl, passez la demi-lune et r\u00e9cup\u00e9rez l\u2019anneau&nbsp;\u00bb, liste S\u00e9bastien Arnould, ma\u00eetre-nageur stagiaire, \u00e0 une dizaine d\u2019enfants, tous membres du Forbach agglom\u00e9ration natation, sur les bords du bassin olympique. Aguerris, les jeunes nageurs s\u2019ex\u00e9cutent, remontent \u00e0 la surface, reviennent sur le dos. Ce soir-l\u00e0, ils suivent la formation sur le th\u00e8me &hellip; <\/p>\n<p class=\"link-more\"><a href=\"https:\/\/www.accidentdutravail-idf.net\/blog\/accueil-societe-grace-a-la-natation-je-tiens-a-nouveau-sur-mes-jambes-accidente-du-travail-il\/\" class=\"more-link\">Continuer la lecture <span class=\"screen-reader-text\"> \u00ab\u00a0Accueil Soci\u00e9t\u00e9 \u00ab Gr\u00e2ce \u00e0 la natation, je tiens \u00e0 nouveau sur mes jambes \u00bb : accident\u00e9 du travail, il &#8230;\u00a0\u00bb<\/span><\/a><\/p>\n","protected":false},"author":2,"featured_media":0,"comment_status":"closed","ping_status":"closed","sticky":false,"template":"","format":"standard","meta":{"footnotes":""},"categories":[5],"tags":[],"class_list":["post-2304","post","type-post","status-publish","format-standard","hentry","category-securite-du-travail-en-ile-de-france-et-divers","entry"],"yoast_head":"<!-- This site is optimized with the Yoast SEO plugin v27.5 - https:\/\/yoast.com\/product\/yoast-seo-wordpress\/ -->\n<title>Accueil Soci\u00e9t\u00e9 \u00ab Gr\u00e2ce \u00e0 la natation, je tiens \u00e0 nouveau sur mes jambes \u00bb : accident\u00e9 du travail, il ... - ACCIDENTDUTRAVAIL-IDF<\/title>\n<meta name=\"description\" content=\"Accueil Soci\u00e9t\u00e9 \u00ab Gr\u00e2ce \u00e0 la natation, je tiens \u00e0 nouveau sur mes jambes \u00bb : accident\u00e9 du travail, il ... article de ACCIDENTDUTRAVAIL-IDF\" \/>\n<meta name=\"robots\" content=\"index, follow, max-snippet:-1, max-image-preview:large, max-video-preview:-1\" \/>\n<link rel=\"canonical\" href=\"https:\/\/www.accidentdutravail-idf.net\/blog\/accueil-societe-grace-a-la-natation-je-tiens-a-nouveau-sur-mes-jambes-accidente-du-travail-il\/\" \/>\n<meta property=\"og:locale\" content=\"fr_FR\" \/>\n<meta property=\"og:type\" content=\"article\" \/>\n<meta property=\"og:title\" content=\"Accueil Soci\u00e9t\u00e9 \u00ab Gr\u00e2ce \u00e0 la natation, je tiens \u00e0 nouveau sur mes jambes \u00bb : accident\u00e9 du travail, il ... - ACCIDENTDUTRAVAIL-IDF\" \/>\n<meta property=\"og:description\" content=\"Accueil Soci\u00e9t\u00e9 \u00ab Gr\u00e2ce \u00e0 la natation, je tiens \u00e0 nouveau sur mes jambes \u00bb : accident\u00e9 du travail, il ... article de ACCIDENTDUTRAVAIL-IDF\" \/>\n<meta property=\"og:url\" content=\"https:\/\/www.accidentdutravail-idf.net\/blog\/accueil-societe-grace-a-la-natation-je-tiens-a-nouveau-sur-mes-jambes-accidente-du-travail-il\/\" \/>\n<meta property=\"og:site_name\" content=\"ACCIDENTDUTRAVAIL-IDF\" \/>\n<meta property=\"article:published_time\" content=\"2026-04-08T08:00:00+00:00\" \/>\n<meta property=\"og:image\" content=\"https:\/\/www.accidentdutravail-idf.net\/blog\/wp-content\/uploads\/2026\/04\/accueil-societe-grace-a-la-natation-je-tiens-a-nouveau-sur-mes-jambes-accidente-du-travail-il.jpg\" \/>\n<meta name=\"author\" content=\"Carlos Poulain\" \/>\n<meta name=\"twitter:card\" content=\"summary_large_image\" \/>\n<meta name=\"twitter:label1\" content=\"\u00c9crit par\" \/>\n\t<meta name=\"twitter:data1\" content=\"Carlos Poulain\" \/>\n\t<meta name=\"twitter:label2\" content=\"Dur\u00e9e de lecture estim\u00e9e\" \/>\n\t<meta name=\"twitter:data2\" content=\"3 minutes\" \/>\n<script type=\"application\/ld+json\" class=\"yoast-schema-graph\">{\"@context\":\"https:\\\/\\\/schema.org\",\"@graph\":[{\"@type\":\"Article\",\"@id\":\"https:\\\/\\\/www.accidentdutravail-idf.net\\\/blog\\\/accueil-societe-grace-a-la-natation-je-tiens-a-nouveau-sur-mes-jambes-accidente-du-travail-il\\\/#article\",\"isPartOf\":{\"@id\":\"https:\\\/\\\/www.accidentdutravail-idf.net\\\/blog\\\/accueil-societe-grace-a-la-natation-je-tiens-a-nouveau-sur-mes-jambes-accidente-du-travail-il\\\/\"},\"author\":{\"name\":\"Carlos Poulain\",\"@id\":\"https:\\\/\\\/www.accidentdutravail-idf.net\\\/blog\\\/#\\\/schema\\\/person\\\/3255d2f970de45e64bd9201f38e7b947\"},\"headline\":\"Accueil Soci\u00e9t\u00e9 \u00ab Gr\u00e2ce \u00e0 la natation, je tiens \u00e0 nouveau sur mes jambes \u00bb : accident\u00e9 du travail, il &#8230;\",\"datePublished\":\"2026-04-08T08:00:00+00:00\",\"mainEntityOfPage\":{\"@id\":\"https:\\\/\\\/www.accidentdutravail-idf.net\\\/blog\\\/accueil-societe-grace-a-la-natation-je-tiens-a-nouveau-sur-mes-jambes-accidente-du-travail-il\\\/\"},\"wordCount\":576,\"publisher\":{\"@id\":\"https:\\\/\\\/www.accidentdutravail-idf.net\\\/blog\\\/#organization\"},\"image\":{\"@id\":\"https:\\\/\\\/www.accidentdutravail-idf.net\\\/blog\\\/accueil-societe-grace-a-la-natation-je-tiens-a-nouveau-sur-mes-jambes-accidente-du-travail-il\\\/#primaryimage\"},\"thumbnailUrl\":\"https:\\\/\\\/www.accidentdutravail-idf.net\\\/blog\\\/wp-content\\\/uploads\\\/2026\\\/04\\\/accueil-societe-grace-a-la-natation-je-tiens-a-nouveau-sur-mes-jambes-accidente-du-travail-il.jpg\",\"articleSection\":[\"S\u00e9curit\u00e9 Du Travail En Ile-De-France Et Divers:\"],\"inLanguage\":\"fr-FR\"},{\"@type\":\"WebPage\",\"@id\":\"https:\\\/\\\/www.accidentdutravail-idf.net\\\/blog\\\/accueil-societe-grace-a-la-natation-je-tiens-a-nouveau-sur-mes-jambes-accidente-du-travail-il\\\/\",\"url\":\"https:\\\/\\\/www.accidentdutravail-idf.net\\\/blog\\\/accueil-societe-grace-a-la-natation-je-tiens-a-nouveau-sur-mes-jambes-accidente-du-travail-il\\\/\",\"name\":\"Accueil Soci\u00e9t\u00e9 \u00ab Gr\u00e2ce \u00e0 la natation, je tiens \u00e0 nouveau sur mes jambes \u00bb : accident\u00e9 du travail, il ... - ACCIDENTDUTRAVAIL-IDF\",\"isPartOf\":{\"@id\":\"https:\\\/\\\/www.accidentdutravail-idf.net\\\/blog\\\/#website\"},\"primaryImageOfPage\":{\"@id\":\"https:\\\/\\\/www.accidentdutravail-idf.net\\\/blog\\\/accueil-societe-grace-a-la-natation-je-tiens-a-nouveau-sur-mes-jambes-accidente-du-travail-il\\\/#primaryimage\"},\"image\":{\"@id\":\"https:\\\/\\\/www.accidentdutravail-idf.net\\\/blog\\\/accueil-societe-grace-a-la-natation-je-tiens-a-nouveau-sur-mes-jambes-accidente-du-travail-il\\\/#primaryimage\"},\"thumbnailUrl\":\"https:\\\/\\\/www.accidentdutravail-idf.net\\\/blog\\\/wp-content\\\/uploads\\\/2026\\\/04\\\/accueil-societe-grace-a-la-natation-je-tiens-a-nouveau-sur-mes-jambes-accidente-du-travail-il.jpg\",\"datePublished\":\"2026-04-08T08:00:00+00:00\",\"description\":\"Accueil Soci\u00e9t\u00e9 \u00ab Gr\u00e2ce \u00e0 la natation, je tiens \u00e0 nouveau sur mes jambes \u00bb : accident\u00e9 du travail, il ... article de ACCIDENTDUTRAVAIL-IDF\",\"breadcrumb\":{\"@id\":\"https:\\\/\\\/www.accidentdutravail-idf.net\\\/blog\\\/accueil-societe-grace-a-la-natation-je-tiens-a-nouveau-sur-mes-jambes-accidente-du-travail-il\\\/#breadcrumb\"},\"inLanguage\":\"fr-FR\",\"potentialAction\":[{\"@type\":\"ReadAction\",\"target\":[\"https:\\\/\\\/www.accidentdutravail-idf.net\\\/blog\\\/accueil-societe-grace-a-la-natation-je-tiens-a-nouveau-sur-mes-jambes-accidente-du-travail-il\\\/\"]}]},{\"@type\":\"ImageObject\",\"inLanguage\":\"fr-FR\",\"@id\":\"https:\\\/\\\/www.accidentdutravail-idf.net\\\/blog\\\/accueil-societe-grace-a-la-natation-je-tiens-a-nouveau-sur-mes-jambes-accidente-du-travail-il\\\/#primaryimage\",\"url\":\"https:\\\/\\\/www.accidentdutravail-idf.net\\\/blog\\\/wp-content\\\/uploads\\\/2026\\\/04\\\/accueil-societe-grace-a-la-natation-je-tiens-a-nouveau-sur-mes-jambes-accidente-du-travail-il.jpg\",\"contentUrl\":\"https:\\\/\\\/www.accidentdutravail-idf.net\\\/blog\\\/wp-content\\\/uploads\\\/2026\\\/04\\\/accueil-societe-grace-a-la-natation-je-tiens-a-nouveau-sur-mes-jambes-accidente-du-travail-il.jpg\"},{\"@type\":\"BreadcrumbList\",\"@id\":\"https:\\\/\\\/www.accidentdutravail-idf.net\\\/blog\\\/accueil-societe-grace-a-la-natation-je-tiens-a-nouveau-sur-mes-jambes-accidente-du-travail-il\\\/#breadcrumb\",\"itemListElement\":[{\"@type\":\"ListItem\",\"position\":1,\"name\":\"Accueil\",\"item\":\"https:\\\/\\\/www.accidentdutravail-idf.net\\\/blog\\\/\"},{\"@type\":\"ListItem\",\"position\":2,\"name\":\"Accueil Soci\u00e9t\u00e9 \u00ab Gr\u00e2ce \u00e0 la natation, je tiens \u00e0 nouveau sur mes jambes \u00bb : accident\u00e9 du travail, il &#8230;\"}]},{\"@type\":\"WebSite\",\"@id\":\"https:\\\/\\\/www.accidentdutravail-idf.net\\\/blog\\\/#website\",\"url\":\"https:\\\/\\\/www.accidentdutravail-idf.net\\\/blog\\\/\",\"name\":\"ACCIDENTDUTRAVAIL-IDF\",\"description\":\"Portail accidents du travail-maladies professionnelles des entreprises d&#039;Ile-de-France\",\"publisher\":{\"@id\":\"https:\\\/\\\/www.accidentdutravail-idf.net\\\/blog\\\/#organization\"},\"potentialAction\":[{\"@type\":\"SearchAction\",\"target\":{\"@type\":\"EntryPoint\",\"urlTemplate\":\"https:\\\/\\\/www.accidentdutravail-idf.net\\\/blog\\\/?s={search_term_string}\"},\"query-input\":{\"@type\":\"PropertyValueSpecification\",\"valueRequired\":true,\"valueName\":\"search_term_string\"}}],\"inLanguage\":\"fr-FR\"},{\"@type\":\"Organization\",\"@id\":\"https:\\\/\\\/www.accidentdutravail-idf.net\\\/blog\\\/#organization\",\"name\":\"accidentdutravail-idf\",\"url\":\"https:\\\/\\\/www.accidentdutravail-idf.net\\\/blog\\\/\",\"logo\":{\"@type\":\"ImageObject\",\"inLanguage\":\"fr-FR\",\"@id\":\"https:\\\/\\\/www.accidentdutravail-idf.net\\\/blog\\\/#\\\/schema\\\/logo\\\/image\\\/\",\"url\":\"https:\\\/\\\/www.accidentdutravail-idf.net\\\/blog\\\/wp-content\\\/uploads\\\/2022\\\/09\\\/logo-2.png\",\"contentUrl\":\"https:\\\/\\\/www.accidentdutravail-idf.net\\\/blog\\\/wp-content\\\/uploads\\\/2022\\\/09\\\/logo-2.png\",\"width\":380,\"height\":291,\"caption\":\"accidentdutravail-idf\"},\"image\":{\"@id\":\"https:\\\/\\\/www.accidentdutravail-idf.net\\\/blog\\\/#\\\/schema\\\/logo\\\/image\\\/\"}},{\"@type\":\"Person\",\"@id\":\"https:\\\/\\\/www.accidentdutravail-idf.net\\\/blog\\\/#\\\/schema\\\/person\\\/3255d2f970de45e64bd9201f38e7b947\",\"name\":\"Carlos Poulain\",\"image\":{\"@type\":\"ImageObject\",\"inLanguage\":\"fr-FR\",\"@id\":\"https:\\\/\\\/secure.gravatar.com\\\/avatar\\\/b1c2f9d3588e34e91adb093635df64ef4b2381991216be7576466cfcdca4baf3?s=96&d=mm&r=g\",\"url\":\"https:\\\/\\\/secure.gravatar.com\\\/avatar\\\/b1c2f9d3588e34e91adb093635df64ef4b2381991216be7576466cfcdca4baf3?s=96&d=mm&r=g\",\"contentUrl\":\"https:\\\/\\\/secure.gravatar.com\\\/avatar\\\/b1c2f9d3588e34e91adb093635df64ef4b2381991216be7576466cfcdca4baf3?s=96&d=mm&r=g\",\"caption\":\"Carlos Poulain\"},\"url\":\"https:\\\/\\\/www.accidentdutravail-idf.net\\\/blog\\\/author\\\/idfcarlos\\\/\"}]}<\/script>\n<!-- \/ Yoast SEO plugin. -->","yoast_head_json":{"title":"Accueil Soci\u00e9t\u00e9 \u00ab Gr\u00e2ce \u00e0 la natation, je tiens \u00e0 nouveau sur mes jambes \u00bb : accident\u00e9 du travail, il ... - ACCIDENTDUTRAVAIL-IDF","description":"Accueil Soci\u00e9t\u00e9 \u00ab Gr\u00e2ce \u00e0 la natation, je tiens \u00e0 nouveau sur mes jambes \u00bb : accident\u00e9 du travail, il ... article de ACCIDENTDUTRAVAIL-IDF","robots":{"index":"index","follow":"follow","max-snippet":"max-snippet:-1","max-image-preview":"max-image-preview:large","max-video-preview":"max-video-preview:-1"},"canonical":"https:\/\/www.accidentdutravail-idf.net\/blog\/accueil-societe-grace-a-la-natation-je-tiens-a-nouveau-sur-mes-jambes-accidente-du-travail-il\/","og_locale":"fr_FR","og_type":"article","og_title":"Accueil Soci\u00e9t\u00e9 \u00ab Gr\u00e2ce \u00e0 la natation, je tiens \u00e0 nouveau sur mes jambes \u00bb : accident\u00e9 du travail, il ... - ACCIDENTDUTRAVAIL-IDF","og_description":"Accueil Soci\u00e9t\u00e9 \u00ab Gr\u00e2ce \u00e0 la natation, je tiens \u00e0 nouveau sur mes jambes \u00bb : accident\u00e9 du travail, il ... article de ACCIDENTDUTRAVAIL-IDF","og_url":"https:\/\/www.accidentdutravail-idf.net\/blog\/accueil-societe-grace-a-la-natation-je-tiens-a-nouveau-sur-mes-jambes-accidente-du-travail-il\/","og_site_name":"ACCIDENTDUTRAVAIL-IDF","article_published_time":"2026-04-08T08:00:00+00:00","og_image":[{"url":"https:\/\/www.accidentdutravail-idf.net\/blog\/wp-content\/uploads\/2026\/04\/accueil-societe-grace-a-la-natation-je-tiens-a-nouveau-sur-mes-jambes-accidente-du-travail-il.jpg","type":"","width":"","height":""}],"author":"Carlos Poulain","twitter_card":"summary_large_image","twitter_misc":{"\u00c9crit par":"Carlos Poulain","Dur\u00e9e de lecture estim\u00e9e":"3 minutes"},"schema":{"@context":"https:\/\/schema.org","@graph":[{"@type":"Article","@id":"https:\/\/www.accidentdutravail-idf.net\/blog\/accueil-societe-grace-a-la-natation-je-tiens-a-nouveau-sur-mes-jambes-accidente-du-travail-il\/#article","isPartOf":{"@id":"https:\/\/www.accidentdutravail-idf.net\/blog\/accueil-societe-grace-a-la-natation-je-tiens-a-nouveau-sur-mes-jambes-accidente-du-travail-il\/"},"author":{"name":"Carlos Poulain","@id":"https:\/\/www.accidentdutravail-idf.net\/blog\/#\/schema\/person\/3255d2f970de45e64bd9201f38e7b947"},"headline":"Accueil Soci\u00e9t\u00e9 \u00ab Gr\u00e2ce \u00e0 la natation, je tiens \u00e0 nouveau sur mes jambes \u00bb : accident\u00e9 du travail, il &#8230;","datePublished":"2026-04-08T08:00:00+00:00","mainEntityOfPage":{"@id":"https:\/\/www.accidentdutravail-idf.net\/blog\/accueil-societe-grace-a-la-natation-je-tiens-a-nouveau-sur-mes-jambes-accidente-du-travail-il\/"},"wordCount":576,"publisher":{"@id":"https:\/\/www.accidentdutravail-idf.net\/blog\/#organization"},"image":{"@id":"https:\/\/www.accidentdutravail-idf.net\/blog\/accueil-societe-grace-a-la-natation-je-tiens-a-nouveau-sur-mes-jambes-accidente-du-travail-il\/#primaryimage"},"thumbnailUrl":"https:\/\/www.accidentdutravail-idf.net\/blog\/wp-content\/uploads\/2026\/04\/accueil-societe-grace-a-la-natation-je-tiens-a-nouveau-sur-mes-jambes-accidente-du-travail-il.jpg","articleSection":["S\u00e9curit\u00e9 Du Travail En Ile-De-France Et Divers:"],"inLanguage":"fr-FR"},{"@type":"WebPage","@id":"https:\/\/www.accidentdutravail-idf.net\/blog\/accueil-societe-grace-a-la-natation-je-tiens-a-nouveau-sur-mes-jambes-accidente-du-travail-il\/","url":"https:\/\/www.accidentdutravail-idf.net\/blog\/accueil-societe-grace-a-la-natation-je-tiens-a-nouveau-sur-mes-jambes-accidente-du-travail-il\/","name":"Accueil Soci\u00e9t\u00e9 \u00ab Gr\u00e2ce \u00e0 la natation, je tiens \u00e0 nouveau sur mes jambes \u00bb : accident\u00e9 du travail, il ... - ACCIDENTDUTRAVAIL-IDF","isPartOf":{"@id":"https:\/\/www.accidentdutravail-idf.net\/blog\/#website"},"primaryImageOfPage":{"@id":"https:\/\/www.accidentdutravail-idf.net\/blog\/accueil-societe-grace-a-la-natation-je-tiens-a-nouveau-sur-mes-jambes-accidente-du-travail-il\/#primaryimage"},"image":{"@id":"https:\/\/www.accidentdutravail-idf.net\/blog\/accueil-societe-grace-a-la-natation-je-tiens-a-nouveau-sur-mes-jambes-accidente-du-travail-il\/#primaryimage"},"thumbnailUrl":"https:\/\/www.accidentdutravail-idf.net\/blog\/wp-content\/uploads\/2026\/04\/accueil-societe-grace-a-la-natation-je-tiens-a-nouveau-sur-mes-jambes-accidente-du-travail-il.jpg","datePublished":"2026-04-08T08:00:00+00:00","description":"Accueil Soci\u00e9t\u00e9 \u00ab Gr\u00e2ce \u00e0 la natation, je tiens \u00e0 nouveau sur mes jambes \u00bb : accident\u00e9 du travail, il ... article de ACCIDENTDUTRAVAIL-IDF","breadcrumb":{"@id":"https:\/\/www.accidentdutravail-idf.net\/blog\/accueil-societe-grace-a-la-natation-je-tiens-a-nouveau-sur-mes-jambes-accidente-du-travail-il\/#breadcrumb"},"inLanguage":"fr-FR","potentialAction":[{"@type":"ReadAction","target":["https:\/\/www.accidentdutravail-idf.net\/blog\/accueil-societe-grace-a-la-natation-je-tiens-a-nouveau-sur-mes-jambes-accidente-du-travail-il\/"]}]},{"@type":"ImageObject","inLanguage":"fr-FR","@id":"https:\/\/www.accidentdutravail-idf.net\/blog\/accueil-societe-grace-a-la-natation-je-tiens-a-nouveau-sur-mes-jambes-accidente-du-travail-il\/#primaryimage","url":"https:\/\/www.accidentdutravail-idf.net\/blog\/wp-content\/uploads\/2026\/04\/accueil-societe-grace-a-la-natation-je-tiens-a-nouveau-sur-mes-jambes-accidente-du-travail-il.jpg","contentUrl":"https:\/\/www.accidentdutravail-idf.net\/blog\/wp-content\/uploads\/2026\/04\/accueil-societe-grace-a-la-natation-je-tiens-a-nouveau-sur-mes-jambes-accidente-du-travail-il.jpg"},{"@type":"BreadcrumbList","@id":"https:\/\/www.accidentdutravail-idf.net\/blog\/accueil-societe-grace-a-la-natation-je-tiens-a-nouveau-sur-mes-jambes-accidente-du-travail-il\/#breadcrumb","itemListElement":[{"@type":"ListItem","position":1,"name":"Accueil","item":"https:\/\/www.accidentdutravail-idf.net\/blog\/"},{"@type":"ListItem","position":2,"name":"Accueil Soci\u00e9t\u00e9 \u00ab Gr\u00e2ce \u00e0 la natation, je tiens \u00e0 nouveau sur mes jambes \u00bb : accident\u00e9 du travail, il &#8230;"}]},{"@type":"WebSite","@id":"https:\/\/www.accidentdutravail-idf.net\/blog\/#website","url":"https:\/\/www.accidentdutravail-idf.net\/blog\/","name":"ACCIDENTDUTRAVAIL-IDF","description":"Portail accidents du travail-maladies professionnelles des entreprises d&#039;Ile-de-France","publisher":{"@id":"https:\/\/www.accidentdutravail-idf.net\/blog\/#organization"},"potentialAction":[{"@type":"SearchAction","target":{"@type":"EntryPoint","urlTemplate":"https:\/\/www.accidentdutravail-idf.net\/blog\/?s={search_term_string}"},"query-input":{"@type":"PropertyValueSpecification","valueRequired":true,"valueName":"search_term_string"}}],"inLanguage":"fr-FR"},{"@type":"Organization","@id":"https:\/\/www.accidentdutravail-idf.net\/blog\/#organization","name":"accidentdutravail-idf","url":"https:\/\/www.accidentdutravail-idf.net\/blog\/","logo":{"@type":"ImageObject","inLanguage":"fr-FR","@id":"https:\/\/www.accidentdutravail-idf.net\/blog\/#\/schema\/logo\/image\/","url":"https:\/\/www.accidentdutravail-idf.net\/blog\/wp-content\/uploads\/2022\/09\/logo-2.png","contentUrl":"https:\/\/www.accidentdutravail-idf.net\/blog\/wp-content\/uploads\/2022\/09\/logo-2.png","width":380,"height":291,"caption":"accidentdutravail-idf"},"image":{"@id":"https:\/\/www.accidentdutravail-idf.net\/blog\/#\/schema\/logo\/image\/"}},{"@type":"Person","@id":"https:\/\/www.accidentdutravail-idf.net\/blog\/#\/schema\/person\/3255d2f970de45e64bd9201f38e7b947","name":"Carlos Poulain","image":{"@type":"ImageObject","inLanguage":"fr-FR","@id":"https:\/\/secure.gravatar.com\/avatar\/b1c2f9d3588e34e91adb093635df64ef4b2381991216be7576466cfcdca4baf3?s=96&d=mm&r=g","url":"https:\/\/secure.gravatar.com\/avatar\/b1c2f9d3588e34e91adb093635df64ef4b2381991216be7576466cfcdca4baf3?s=96&d=mm&r=g","contentUrl":"https:\/\/secure.gravatar.com\/avatar\/b1c2f9d3588e34e91adb093635df64ef4b2381991216be7576466cfcdca4baf3?s=96&d=mm&r=g","caption":"Carlos Poulain"},"url":"https:\/\/www.accidentdutravail-idf.net\/blog\/author\/idfcarlos\/"}]}},"_links":{"self":[{"href":"https:\/\/www.accidentdutravail-idf.net\/blog\/wp-json\/wp\/v2\/posts\/2304","targetHints":{"allow":["GET"]}}],"collection":[{"href":"https:\/\/www.accidentdutravail-idf.net\/blog\/wp-json\/wp\/v2\/posts"}],"about":[{"href":"https:\/\/www.accidentdutravail-idf.net\/blog\/wp-json\/wp\/v2\/types\/post"}],"author":[{"embeddable":true,"href":"https:\/\/www.accidentdutravail-idf.net\/blog\/wp-json\/wp\/v2\/users\/2"}],"replies":[{"embeddable":true,"href":"https:\/\/www.accidentdutravail-idf.net\/blog\/wp-json\/wp\/v2\/comments?post=2304"}],"version-history":[{"count":0,"href":"https:\/\/www.accidentdutravail-idf.net\/blog\/wp-json\/wp\/v2\/posts\/2304\/revisions"}],"wp:attachment":[{"href":"https:\/\/www.accidentdutravail-idf.net\/blog\/wp-json\/wp\/v2\/media?parent=2304"}],"wp:term":[{"taxonomy":"category","embeddable":true,"href":"https:\/\/www.accidentdutravail-idf.net\/blog\/wp-json\/wp\/v2\/categories?post=2304"},{"taxonomy":"post_tag","embeddable":true,"href":"https:\/\/www.accidentdutravail-idf.net\/blog\/wp-json\/wp\/v2\/tags?post=2304"}],"curies":[{"name":"wp","href":"https:\/\/api.w.org\/{rel}","templated":true}]}}