{"id":2302,"date":"2026-04-08T10:01:00","date_gmt":"2026-04-08T08:01:00","guid":{"rendered":"https:\/\/www.accidentdutravail-idf.net\/blog\/accident-du-travail-chez-airbus-un-employe-se-fait-ecraser-par-un-portail-de-400-kg-pres-de-toulouse\/"},"modified":"2026-04-08T10:01:00","modified_gmt":"2026-04-08T08:01:00","slug":"accident-du-travail-chez-airbus-un-employe-se-fait-ecraser-par-un-portail-de-400-kg-pres-de-toulouse","status":"publish","type":"post","link":"https:\/\/www.accidentdutravail-idf.net\/blog\/accident-du-travail-chez-airbus-un-employe-se-fait-ecraser-par-un-portail-de-400-kg-pres-de-toulouse\/","title":{"rendered":"Accident du travail chez Airbus : un employ\u00e9 se fait \u00e9craser par un portail de 400 kg, pr\u00e8s de Toulouse"},"content":{"rendered":"<div><img decoding=\"async\" src=\"https:\/\/www.accidentdutravail-idf.net\/blog\/wp-content\/uploads\/2026\/04\/accident-du-travail-chez-airbus-un-employe-se-fait-ecraser-par-un-portail-de-400-kg-pres-de-toulouse.jpg\" class=\"ff-og-image-inserted\"><\/div>\n<div class=\"ac-article-date\"> Par <strong> <a href=\"https:\/\/actu.fr\/auteur\/kelman-marti\" title=\"Consulter tous les articles de Kelman Marti\" target=\"_blank\" rel=\"nofollow\">Kelman Marti<\/a> <\/strong> <span> Publi\u00e9 le <time datetime=\"2026-04-08T18:01:14+02:00\"> 8 avr. 2026 \u00e0 18h01 <\/time> <\/span>\n<\/div>\n<div class=\"ac-article-actions\"> <button type=\"button\" class=\"ac-btn ac-btn--round ac-btn--border-gray ac-btn--bookmark\" data-trk=\"{&quot;cta&quot;:{&quot;action&quot;:&quot;&quot;,&quot;category&quot;:&quot;mon compte&quot;,&quot;from&quot;:&quot;article actions&quot;,&quot;name&quot;:&quot;Voir mes articles enregistr\\u00e9s&quot;,&quot;type&quot;:&quot;cta&quot;}}\" title=\"Enregistrer l'article\" aria-label=\"Enregistrer l'article\" aria-controls=\"bookmark\" aria-expanded=\"false\"> <span class=\"sr\">Enregistrer<\/span> <\/button> <button type=\"button\" class=\"ac-btn ac-btn--round ac-btn--border-gray ac-btn--share\" data-trk=\"{&quot;menu&quot;:{&quot;name&quot;:&quot;Partager&quot;,&quot;from&quot;:&quot;D\\u00e9but article&quot;}}\" title=\"Partager l'article\" aria-controls=\"share\" aria-expanded=\"false\" aria-label=\"Partager\"> <span class=\"sr\">Partager<\/span> <\/button> <\/div>\n<p>C\u2019est un accident du travail rare, mais grave. Ce mardi 7&nbsp;avril 2026, peu avant 17h30, <strong>un agent de s\u00e9curit\u00e9 a \u00e9t\u00e9 \u00e9cras\u00e9 par un portail pesant pr\u00e8s de 400&nbsp;kg<\/strong>. L\u2019homme, \u00e2g\u00e9 d\u2019une quarantaine d\u2019ann\u00e9es, g\u00e9rait l\u2019acc\u00e8s \u00e0 un chantier li\u00e9 \u00e0 <strong><a href=\"https:\/\/actu.fr\/toulouse\/economie\/airbus\" target=\"_blank\" rel=\"nofollow\">Airbus<\/a><\/strong>, situ\u00e9 rue Georges-Lequiem, \u00e0 <strong>Blagnac<\/strong>, pr\u00e8s de <a href=\"https:\/\/actu.fr\/toulouse\/\" target=\"_blank\" rel=\"nofollow\">Toulouse<\/a>.<\/p>\n<div class=\"ac-article-to-read wall-content\">\n<p>\u00c0 lire aussi<\/p>\n<\/div>\n<h2 class=\" wall-content\">Bless\u00e9 au niveau du dos<\/h2>\n<p class=\" wall-content\">Pour l\u2019heure, on ignore comment le portail manuel est sorti du rail et est tomb\u00e9 sur l\u2019employ\u00e9. <strong>Une enqu\u00eate<\/strong> de la police doit permettre de pr\u00e9ciser les circonstances exactes de l\u2019accident.<\/p>\n<p class=\" wall-content\">Reste que l\u2019agent de s\u00e9curit\u00e9, en charge du filtrage du site, a \u00e9t\u00e9 bless\u00e9. Bien que son pronostic vital ne soit pas engag\u00e9, il se plaignait de douleurs <strong>au niveau du dos,<\/strong> caus\u00e9es par <strong>un traumatisme au rachis<\/strong>.<\/p>\n<p class=\" wall-content\">Pris en charge dans un premier temps par les pompiers, il a ensuite \u00e9t\u00e9 transport\u00e9 aux urgences de l\u2019h\u00f4pital de Purpan par le SAMU.<\/p>\n<figure class=\"ac-embed ac-embed--google wall-content\" data-provider=\"google\" data-cmp-purpose=\"embedInfographie\">\n<\/figure>\n<h2 class=\" wall-content\">Airbus veut \u00ab&nbsp;clarifier les circonstances&nbsp;\u00bb<\/h2>\n<p class=\" wall-content\">Contact\u00e9 par&nbsp;<em>Actu Toulouse<\/em>, un porte-parole d\u2019Airbus confirme que l\u2019entreprise a \u00e9t\u00e9 \u00ab\u2009inform\u00e9e d\u2019un accident impliquant une personne travaillant sur un chantier commandit\u00e9 par Airbus\u2009\u00bb.<\/p>\n<p class=\" wall-content\">\u00ab\u2009La s\u00e9curit\u00e9 des personnes est notre priorit\u00e9 absolue et nous collaborons avec l\u2019entreprise mandat\u00e9e et les autorit\u00e9s comp\u00e9tentes, afin de <strong>clarifier les circonstances de cet \u00e9v\u00e9nement\u2009\u00bb<\/strong>, ajoute le porte-parole d\u2019Airbus. \u00ab\u2009Nous adressons toutes nos pens\u00e9es de soutien \u00e0 cette personne ainsi qu\u2019\u00e0 ses proches en cette p\u00e9riode difficile\u2009\u00bb.<\/p>\n<div class=\"ac-banner-article ac-banner-article--newsletter wall-content\">\n<p>Les \u00e9lections municipales 2026<\/p>\n<p>Suivez toutes les actualit\u00e9s des municipales 2026 dans une seule newsletter.<\/p>\n<p> <a href=\"https:\/\/actu.fr\/newsletter\/#encampagne_preview\" class=\"ac-btn ac-btn--corner ac-btn--medium ac-btn--blue800\" target=\"_blank\" rel=\"nofollow\">S&rsquo;inscrire<\/a>\n<\/div>\n<div class=\"ac-article-to-read wall-content\">\n<p>\u00c0 lire aussi<\/p>\n<\/div>\n<p class=\" wall-content\"><i>Personnalisez votre actualit\u00e9 en ajoutant vos villes et m\u00e9dias en favori avec <a href=\"https:\/\/moncompte.actu.fr\" title=\"D\u00e9couvez Mon Actu\" rel=\"nofollow\" data-trk=\"{&quot;cta&quot;:{&quot;action&quot;:&quot;https:\\\/\\\/moncompte.actu.fr&quot;,&quot;category&quot;:&quot;mon compte&quot;,&quot;from&quot;:&quot;article footer&quot;,&quot;name&quot;:&quot;Mon actu&quot;,&quot;type&quot;:&quot;cta&quot;}}\" target=\"_blank\">Mon Actu<\/a>.<\/i><\/p>\n<p> accidentdutravail-idf.net vous a pr\u00e9par\u00e9 ce post qui informe du sujet \u00ab\u00a0Association Sportive Huisson-Longueville Essonne\u00a0\u00bb. La chronique se veut g\u00e9n\u00e9r\u00e9e du mieux possible. Vous pouvez utiliser les coordonn\u00e9es indiqu\u00e9es sur le site dans le but d\u2019apporter des explications sur ce post qui parle du th\u00e8me \u00ab\u00a0Association Sportive Huisson-Longueville Essonne\u00a0\u00bb. Le site accidentdutravail-idf.net a pour but de fournir diverses publications sur la th\u00e9matique Association Sportive Huisson-Longueville Essonne diffus\u00e9es sur le net. Il y aura plusieurs articles autour du sujet \u00ab\u00a0Association Sportive Huisson-Longueville Essonne\u00a0\u00bb dans quelques jours, nous vous invitons \u00e0 naviguer sur notre site web \u00e0 plusieurs reprises.<\/p>\n","protected":false},"excerpt":{"rendered":"<p>Par Kelman Marti Publi\u00e9 le 8 avr. 2026 \u00e0 18h01 Enregistrer Partager C\u2019est un accident du travail rare, mais grave. Ce mardi 7&nbsp;avril 2026, peu avant 17h30, un agent de s\u00e9curit\u00e9 a \u00e9t\u00e9 \u00e9cras\u00e9 par un portail pesant pr\u00e8s de 400&nbsp;kg. L\u2019homme, \u00e2g\u00e9 d\u2019une quarantaine d\u2019ann\u00e9es, g\u00e9rait l\u2019acc\u00e8s \u00e0 un chantier li\u00e9 \u00e0 Airbus, situ\u00e9 &hellip; <\/p>\n<p class=\"link-more\"><a href=\"https:\/\/www.accidentdutravail-idf.net\/blog\/accident-du-travail-chez-airbus-un-employe-se-fait-ecraser-par-un-portail-de-400-kg-pres-de-toulouse\/\" class=\"more-link\">Continuer la lecture <span class=\"screen-reader-text\"> \u00ab\u00a0Accident du travail chez Airbus : un employ\u00e9 se fait \u00e9craser par un portail de 400 kg, pr\u00e8s de Toulouse\u00a0\u00bb<\/span><\/a><\/p>\n","protected":false},"author":2,"featured_media":0,"comment_status":"closed","ping_status":"closed","sticky":false,"template":"","format":"standard","meta":{"footnotes":""},"categories":[5],"tags":[],"class_list":["post-2302","post","type-post","status-publish","format-standard","hentry","category-securite-du-travail-en-ile-de-france-et-divers","entry"],"yoast_head":"<!-- This site is optimized with the Yoast SEO plugin v27.5 - https:\/\/yoast.com\/product\/yoast-seo-wordpress\/ -->\n<title>Accident du travail chez Airbus : un employ\u00e9 se fait \u00e9craser par un portail de 400 kg, pr\u00e8s de Toulouse - ACCIDENTDUTRAVAIL-IDF<\/title>\n<meta name=\"description\" content=\"Accident du travail chez Airbus : un employ\u00e9 se fait \u00e9craser par un portail de 400 kg, pr\u00e8s de Toulouse article de ACCIDENTDUTRAVAIL-IDF\" \/>\n<meta name=\"robots\" content=\"index, follow, max-snippet:-1, max-image-preview:large, max-video-preview:-1\" \/>\n<link rel=\"canonical\" href=\"https:\/\/www.accidentdutravail-idf.net\/blog\/accident-du-travail-chez-airbus-un-employe-se-fait-ecraser-par-un-portail-de-400-kg-pres-de-toulouse\/\" \/>\n<meta property=\"og:locale\" content=\"fr_FR\" \/>\n<meta property=\"og:type\" content=\"article\" \/>\n<meta property=\"og:title\" content=\"Accident du travail chez Airbus : un employ\u00e9 se fait \u00e9craser par un portail de 400 kg, pr\u00e8s de Toulouse - ACCIDENTDUTRAVAIL-IDF\" \/>\n<meta property=\"og:description\" content=\"Accident du travail chez Airbus : un employ\u00e9 se fait \u00e9craser par un portail de 400 kg, pr\u00e8s de Toulouse article de ACCIDENTDUTRAVAIL-IDF\" \/>\n<meta property=\"og:url\" content=\"https:\/\/www.accidentdutravail-idf.net\/blog\/accident-du-travail-chez-airbus-un-employe-se-fait-ecraser-par-un-portail-de-400-kg-pres-de-toulouse\/\" \/>\n<meta property=\"og:site_name\" content=\"ACCIDENTDUTRAVAIL-IDF\" \/>\n<meta property=\"article:published_time\" content=\"2026-04-08T08:01:00+00:00\" \/>\n<meta property=\"og:image\" content=\"https:\/\/www.accidentdutravail-idf.net\/blog\/wp-content\/uploads\/2026\/04\/accident-du-travail-chez-airbus-un-employe-se-fait-ecraser-par-un-portail-de-400-kg-pres-de-toulouse.jpg\" \/>\n<meta name=\"author\" content=\"Carlos Poulain\" \/>\n<meta name=\"twitter:card\" content=\"summary_large_image\" \/>\n<meta name=\"twitter:label1\" content=\"\u00c9crit par\" \/>\n\t<meta name=\"twitter:data1\" content=\"Carlos Poulain\" \/>\n\t<meta name=\"twitter:label2\" content=\"Dur\u00e9e de lecture estim\u00e9e\" \/>\n\t<meta name=\"twitter:data2\" content=\"2 minutes\" \/>\n<script type=\"application\/ld+json\" class=\"yoast-schema-graph\">{\"@context\":\"https:\\\/\\\/schema.org\",\"@graph\":[{\"@type\":\"Article\",\"@id\":\"https:\\\/\\\/www.accidentdutravail-idf.net\\\/blog\\\/accident-du-travail-chez-airbus-un-employe-se-fait-ecraser-par-un-portail-de-400-kg-pres-de-toulouse\\\/#article\",\"isPartOf\":{\"@id\":\"https:\\\/\\\/www.accidentdutravail-idf.net\\\/blog\\\/accident-du-travail-chez-airbus-un-employe-se-fait-ecraser-par-un-portail-de-400-kg-pres-de-toulouse\\\/\"},\"author\":{\"name\":\"Carlos Poulain\",\"@id\":\"https:\\\/\\\/www.accidentdutravail-idf.net\\\/blog\\\/#\\\/schema\\\/person\\\/3255d2f970de45e64bd9201f38e7b947\"},\"headline\":\"Accident du travail chez Airbus : un employ\u00e9 se fait \u00e9craser par un portail de 400 kg, pr\u00e8s de Toulouse\",\"datePublished\":\"2026-04-08T08:01:00+00:00\",\"mainEntityOfPage\":{\"@id\":\"https:\\\/\\\/www.accidentdutravail-idf.net\\\/blog\\\/accident-du-travail-chez-airbus-un-employe-se-fait-ecraser-par-un-portail-de-400-kg-pres-de-toulouse\\\/\"},\"wordCount\":428,\"publisher\":{\"@id\":\"https:\\\/\\\/www.accidentdutravail-idf.net\\\/blog\\\/#organization\"},\"image\":{\"@id\":\"https:\\\/\\\/www.accidentdutravail-idf.net\\\/blog\\\/accident-du-travail-chez-airbus-un-employe-se-fait-ecraser-par-un-portail-de-400-kg-pres-de-toulouse\\\/#primaryimage\"},\"thumbnailUrl\":\"https:\\\/\\\/www.accidentdutravail-idf.net\\\/blog\\\/wp-content\\\/uploads\\\/2026\\\/04\\\/accident-du-travail-chez-airbus-un-employe-se-fait-ecraser-par-un-portail-de-400-kg-pres-de-toulouse.jpg\",\"articleSection\":[\"S\u00e9curit\u00e9 Du Travail En Ile-De-France Et Divers:\"],\"inLanguage\":\"fr-FR\"},{\"@type\":\"WebPage\",\"@id\":\"https:\\\/\\\/www.accidentdutravail-idf.net\\\/blog\\\/accident-du-travail-chez-airbus-un-employe-se-fait-ecraser-par-un-portail-de-400-kg-pres-de-toulouse\\\/\",\"url\":\"https:\\\/\\\/www.accidentdutravail-idf.net\\\/blog\\\/accident-du-travail-chez-airbus-un-employe-se-fait-ecraser-par-un-portail-de-400-kg-pres-de-toulouse\\\/\",\"name\":\"Accident du travail chez Airbus : un employ\u00e9 se fait \u00e9craser par un portail de 400 kg, pr\u00e8s de Toulouse - ACCIDENTDUTRAVAIL-IDF\",\"isPartOf\":{\"@id\":\"https:\\\/\\\/www.accidentdutravail-idf.net\\\/blog\\\/#website\"},\"primaryImageOfPage\":{\"@id\":\"https:\\\/\\\/www.accidentdutravail-idf.net\\\/blog\\\/accident-du-travail-chez-airbus-un-employe-se-fait-ecraser-par-un-portail-de-400-kg-pres-de-toulouse\\\/#primaryimage\"},\"image\":{\"@id\":\"https:\\\/\\\/www.accidentdutravail-idf.net\\\/blog\\\/accident-du-travail-chez-airbus-un-employe-se-fait-ecraser-par-un-portail-de-400-kg-pres-de-toulouse\\\/#primaryimage\"},\"thumbnailUrl\":\"https:\\\/\\\/www.accidentdutravail-idf.net\\\/blog\\\/wp-content\\\/uploads\\\/2026\\\/04\\\/accident-du-travail-chez-airbus-un-employe-se-fait-ecraser-par-un-portail-de-400-kg-pres-de-toulouse.jpg\",\"datePublished\":\"2026-04-08T08:01:00+00:00\",\"description\":\"Accident du travail chez Airbus : un employ\u00e9 se fait \u00e9craser par un portail de 400 kg, pr\u00e8s de Toulouse article de ACCIDENTDUTRAVAIL-IDF\",\"breadcrumb\":{\"@id\":\"https:\\\/\\\/www.accidentdutravail-idf.net\\\/blog\\\/accident-du-travail-chez-airbus-un-employe-se-fait-ecraser-par-un-portail-de-400-kg-pres-de-toulouse\\\/#breadcrumb\"},\"inLanguage\":\"fr-FR\",\"potentialAction\":[{\"@type\":\"ReadAction\",\"target\":[\"https:\\\/\\\/www.accidentdutravail-idf.net\\\/blog\\\/accident-du-travail-chez-airbus-un-employe-se-fait-ecraser-par-un-portail-de-400-kg-pres-de-toulouse\\\/\"]}]},{\"@type\":\"ImageObject\",\"inLanguage\":\"fr-FR\",\"@id\":\"https:\\\/\\\/www.accidentdutravail-idf.net\\\/blog\\\/accident-du-travail-chez-airbus-un-employe-se-fait-ecraser-par-un-portail-de-400-kg-pres-de-toulouse\\\/#primaryimage\",\"url\":\"https:\\\/\\\/www.accidentdutravail-idf.net\\\/blog\\\/wp-content\\\/uploads\\\/2026\\\/04\\\/accident-du-travail-chez-airbus-un-employe-se-fait-ecraser-par-un-portail-de-400-kg-pres-de-toulouse.jpg\",\"contentUrl\":\"https:\\\/\\\/www.accidentdutravail-idf.net\\\/blog\\\/wp-content\\\/uploads\\\/2026\\\/04\\\/accident-du-travail-chez-airbus-un-employe-se-fait-ecraser-par-un-portail-de-400-kg-pres-de-toulouse.jpg\"},{\"@type\":\"BreadcrumbList\",\"@id\":\"https:\\\/\\\/www.accidentdutravail-idf.net\\\/blog\\\/accident-du-travail-chez-airbus-un-employe-se-fait-ecraser-par-un-portail-de-400-kg-pres-de-toulouse\\\/#breadcrumb\",\"itemListElement\":[{\"@type\":\"ListItem\",\"position\":1,\"name\":\"Accueil\",\"item\":\"https:\\\/\\\/www.accidentdutravail-idf.net\\\/blog\\\/\"},{\"@type\":\"ListItem\",\"position\":2,\"name\":\"Accident du travail chez Airbus : un employ\u00e9 se fait \u00e9craser par un portail de 400 kg, pr\u00e8s de Toulouse\"}]},{\"@type\":\"WebSite\",\"@id\":\"https:\\\/\\\/www.accidentdutravail-idf.net\\\/blog\\\/#website\",\"url\":\"https:\\\/\\\/www.accidentdutravail-idf.net\\\/blog\\\/\",\"name\":\"ACCIDENTDUTRAVAIL-IDF\",\"description\":\"Portail accidents du travail-maladies professionnelles des entreprises d&#039;Ile-de-France\",\"publisher\":{\"@id\":\"https:\\\/\\\/www.accidentdutravail-idf.net\\\/blog\\\/#organization\"},\"potentialAction\":[{\"@type\":\"SearchAction\",\"target\":{\"@type\":\"EntryPoint\",\"urlTemplate\":\"https:\\\/\\\/www.accidentdutravail-idf.net\\\/blog\\\/?s={search_term_string}\"},\"query-input\":{\"@type\":\"PropertyValueSpecification\",\"valueRequired\":true,\"valueName\":\"search_term_string\"}}],\"inLanguage\":\"fr-FR\"},{\"@type\":\"Organization\",\"@id\":\"https:\\\/\\\/www.accidentdutravail-idf.net\\\/blog\\\/#organization\",\"name\":\"accidentdutravail-idf\",\"url\":\"https:\\\/\\\/www.accidentdutravail-idf.net\\\/blog\\\/\",\"logo\":{\"@type\":\"ImageObject\",\"inLanguage\":\"fr-FR\",\"@id\":\"https:\\\/\\\/www.accidentdutravail-idf.net\\\/blog\\\/#\\\/schema\\\/logo\\\/image\\\/\",\"url\":\"https:\\\/\\\/www.accidentdutravail-idf.net\\\/blog\\\/wp-content\\\/uploads\\\/2022\\\/09\\\/logo-2.png\",\"contentUrl\":\"https:\\\/\\\/www.accidentdutravail-idf.net\\\/blog\\\/wp-content\\\/uploads\\\/2022\\\/09\\\/logo-2.png\",\"width\":380,\"height\":291,\"caption\":\"accidentdutravail-idf\"},\"image\":{\"@id\":\"https:\\\/\\\/www.accidentdutravail-idf.net\\\/blog\\\/#\\\/schema\\\/logo\\\/image\\\/\"}},{\"@type\":\"Person\",\"@id\":\"https:\\\/\\\/www.accidentdutravail-idf.net\\\/blog\\\/#\\\/schema\\\/person\\\/3255d2f970de45e64bd9201f38e7b947\",\"name\":\"Carlos Poulain\",\"image\":{\"@type\":\"ImageObject\",\"inLanguage\":\"fr-FR\",\"@id\":\"https:\\\/\\\/secure.gravatar.com\\\/avatar\\\/b1c2f9d3588e34e91adb093635df64ef4b2381991216be7576466cfcdca4baf3?s=96&d=mm&r=g\",\"url\":\"https:\\\/\\\/secure.gravatar.com\\\/avatar\\\/b1c2f9d3588e34e91adb093635df64ef4b2381991216be7576466cfcdca4baf3?s=96&d=mm&r=g\",\"contentUrl\":\"https:\\\/\\\/secure.gravatar.com\\\/avatar\\\/b1c2f9d3588e34e91adb093635df64ef4b2381991216be7576466cfcdca4baf3?s=96&d=mm&r=g\",\"caption\":\"Carlos Poulain\"},\"url\":\"https:\\\/\\\/www.accidentdutravail-idf.net\\\/blog\\\/author\\\/idfcarlos\\\/\"}]}<\/script>\n<!-- \/ Yoast SEO plugin. -->","yoast_head_json":{"title":"Accident du travail chez Airbus : un employ\u00e9 se fait \u00e9craser par un portail de 400 kg, pr\u00e8s de Toulouse - ACCIDENTDUTRAVAIL-IDF","description":"Accident du travail chez Airbus : un employ\u00e9 se fait \u00e9craser par un portail de 400 kg, pr\u00e8s de Toulouse article de ACCIDENTDUTRAVAIL-IDF","robots":{"index":"index","follow":"follow","max-snippet":"max-snippet:-1","max-image-preview":"max-image-preview:large","max-video-preview":"max-video-preview:-1"},"canonical":"https:\/\/www.accidentdutravail-idf.net\/blog\/accident-du-travail-chez-airbus-un-employe-se-fait-ecraser-par-un-portail-de-400-kg-pres-de-toulouse\/","og_locale":"fr_FR","og_type":"article","og_title":"Accident du travail chez Airbus : un employ\u00e9 se fait \u00e9craser par un portail de 400 kg, pr\u00e8s de Toulouse - ACCIDENTDUTRAVAIL-IDF","og_description":"Accident du travail chez Airbus : un employ\u00e9 se fait \u00e9craser par un portail de 400 kg, pr\u00e8s de Toulouse article de ACCIDENTDUTRAVAIL-IDF","og_url":"https:\/\/www.accidentdutravail-idf.net\/blog\/accident-du-travail-chez-airbus-un-employe-se-fait-ecraser-par-un-portail-de-400-kg-pres-de-toulouse\/","og_site_name":"ACCIDENTDUTRAVAIL-IDF","article_published_time":"2026-04-08T08:01:00+00:00","og_image":[{"url":"https:\/\/www.accidentdutravail-idf.net\/blog\/wp-content\/uploads\/2026\/04\/accident-du-travail-chez-airbus-un-employe-se-fait-ecraser-par-un-portail-de-400-kg-pres-de-toulouse.jpg","type":"","width":"","height":""}],"author":"Carlos Poulain","twitter_card":"summary_large_image","twitter_misc":{"\u00c9crit par":"Carlos Poulain","Dur\u00e9e de lecture estim\u00e9e":"2 minutes"},"schema":{"@context":"https:\/\/schema.org","@graph":[{"@type":"Article","@id":"https:\/\/www.accidentdutravail-idf.net\/blog\/accident-du-travail-chez-airbus-un-employe-se-fait-ecraser-par-un-portail-de-400-kg-pres-de-toulouse\/#article","isPartOf":{"@id":"https:\/\/www.accidentdutravail-idf.net\/blog\/accident-du-travail-chez-airbus-un-employe-se-fait-ecraser-par-un-portail-de-400-kg-pres-de-toulouse\/"},"author":{"name":"Carlos Poulain","@id":"https:\/\/www.accidentdutravail-idf.net\/blog\/#\/schema\/person\/3255d2f970de45e64bd9201f38e7b947"},"headline":"Accident du travail chez Airbus : un employ\u00e9 se fait \u00e9craser par un portail de 400 kg, pr\u00e8s de Toulouse","datePublished":"2026-04-08T08:01:00+00:00","mainEntityOfPage":{"@id":"https:\/\/www.accidentdutravail-idf.net\/blog\/accident-du-travail-chez-airbus-un-employe-se-fait-ecraser-par-un-portail-de-400-kg-pres-de-toulouse\/"},"wordCount":428,"publisher":{"@id":"https:\/\/www.accidentdutravail-idf.net\/blog\/#organization"},"image":{"@id":"https:\/\/www.accidentdutravail-idf.net\/blog\/accident-du-travail-chez-airbus-un-employe-se-fait-ecraser-par-un-portail-de-400-kg-pres-de-toulouse\/#primaryimage"},"thumbnailUrl":"https:\/\/www.accidentdutravail-idf.net\/blog\/wp-content\/uploads\/2026\/04\/accident-du-travail-chez-airbus-un-employe-se-fait-ecraser-par-un-portail-de-400-kg-pres-de-toulouse.jpg","articleSection":["S\u00e9curit\u00e9 Du Travail En Ile-De-France Et Divers:"],"inLanguage":"fr-FR"},{"@type":"WebPage","@id":"https:\/\/www.accidentdutravail-idf.net\/blog\/accident-du-travail-chez-airbus-un-employe-se-fait-ecraser-par-un-portail-de-400-kg-pres-de-toulouse\/","url":"https:\/\/www.accidentdutravail-idf.net\/blog\/accident-du-travail-chez-airbus-un-employe-se-fait-ecraser-par-un-portail-de-400-kg-pres-de-toulouse\/","name":"Accident du travail chez Airbus : un employ\u00e9 se fait \u00e9craser par un portail de 400 kg, pr\u00e8s de Toulouse - ACCIDENTDUTRAVAIL-IDF","isPartOf":{"@id":"https:\/\/www.accidentdutravail-idf.net\/blog\/#website"},"primaryImageOfPage":{"@id":"https:\/\/www.accidentdutravail-idf.net\/blog\/accident-du-travail-chez-airbus-un-employe-se-fait-ecraser-par-un-portail-de-400-kg-pres-de-toulouse\/#primaryimage"},"image":{"@id":"https:\/\/www.accidentdutravail-idf.net\/blog\/accident-du-travail-chez-airbus-un-employe-se-fait-ecraser-par-un-portail-de-400-kg-pres-de-toulouse\/#primaryimage"},"thumbnailUrl":"https:\/\/www.accidentdutravail-idf.net\/blog\/wp-content\/uploads\/2026\/04\/accident-du-travail-chez-airbus-un-employe-se-fait-ecraser-par-un-portail-de-400-kg-pres-de-toulouse.jpg","datePublished":"2026-04-08T08:01:00+00:00","description":"Accident du travail chez Airbus : un employ\u00e9 se fait \u00e9craser par un portail de 400 kg, pr\u00e8s de Toulouse article de ACCIDENTDUTRAVAIL-IDF","breadcrumb":{"@id":"https:\/\/www.accidentdutravail-idf.net\/blog\/accident-du-travail-chez-airbus-un-employe-se-fait-ecraser-par-un-portail-de-400-kg-pres-de-toulouse\/#breadcrumb"},"inLanguage":"fr-FR","potentialAction":[{"@type":"ReadAction","target":["https:\/\/www.accidentdutravail-idf.net\/blog\/accident-du-travail-chez-airbus-un-employe-se-fait-ecraser-par-un-portail-de-400-kg-pres-de-toulouse\/"]}]},{"@type":"ImageObject","inLanguage":"fr-FR","@id":"https:\/\/www.accidentdutravail-idf.net\/blog\/accident-du-travail-chez-airbus-un-employe-se-fait-ecraser-par-un-portail-de-400-kg-pres-de-toulouse\/#primaryimage","url":"https:\/\/www.accidentdutravail-idf.net\/blog\/wp-content\/uploads\/2026\/04\/accident-du-travail-chez-airbus-un-employe-se-fait-ecraser-par-un-portail-de-400-kg-pres-de-toulouse.jpg","contentUrl":"https:\/\/www.accidentdutravail-idf.net\/blog\/wp-content\/uploads\/2026\/04\/accident-du-travail-chez-airbus-un-employe-se-fait-ecraser-par-un-portail-de-400-kg-pres-de-toulouse.jpg"},{"@type":"BreadcrumbList","@id":"https:\/\/www.accidentdutravail-idf.net\/blog\/accident-du-travail-chez-airbus-un-employe-se-fait-ecraser-par-un-portail-de-400-kg-pres-de-toulouse\/#breadcrumb","itemListElement":[{"@type":"ListItem","position":1,"name":"Accueil","item":"https:\/\/www.accidentdutravail-idf.net\/blog\/"},{"@type":"ListItem","position":2,"name":"Accident du travail chez Airbus : un employ\u00e9 se fait \u00e9craser par un portail de 400 kg, pr\u00e8s de Toulouse"}]},{"@type":"WebSite","@id":"https:\/\/www.accidentdutravail-idf.net\/blog\/#website","url":"https:\/\/www.accidentdutravail-idf.net\/blog\/","name":"ACCIDENTDUTRAVAIL-IDF","description":"Portail accidents du travail-maladies professionnelles des entreprises d&#039;Ile-de-France","publisher":{"@id":"https:\/\/www.accidentdutravail-idf.net\/blog\/#organization"},"potentialAction":[{"@type":"SearchAction","target":{"@type":"EntryPoint","urlTemplate":"https:\/\/www.accidentdutravail-idf.net\/blog\/?s={search_term_string}"},"query-input":{"@type":"PropertyValueSpecification","valueRequired":true,"valueName":"search_term_string"}}],"inLanguage":"fr-FR"},{"@type":"Organization","@id":"https:\/\/www.accidentdutravail-idf.net\/blog\/#organization","name":"accidentdutravail-idf","url":"https:\/\/www.accidentdutravail-idf.net\/blog\/","logo":{"@type":"ImageObject","inLanguage":"fr-FR","@id":"https:\/\/www.accidentdutravail-idf.net\/blog\/#\/schema\/logo\/image\/","url":"https:\/\/www.accidentdutravail-idf.net\/blog\/wp-content\/uploads\/2022\/09\/logo-2.png","contentUrl":"https:\/\/www.accidentdutravail-idf.net\/blog\/wp-content\/uploads\/2022\/09\/logo-2.png","width":380,"height":291,"caption":"accidentdutravail-idf"},"image":{"@id":"https:\/\/www.accidentdutravail-idf.net\/blog\/#\/schema\/logo\/image\/"}},{"@type":"Person","@id":"https:\/\/www.accidentdutravail-idf.net\/blog\/#\/schema\/person\/3255d2f970de45e64bd9201f38e7b947","name":"Carlos Poulain","image":{"@type":"ImageObject","inLanguage":"fr-FR","@id":"https:\/\/secure.gravatar.com\/avatar\/b1c2f9d3588e34e91adb093635df64ef4b2381991216be7576466cfcdca4baf3?s=96&d=mm&r=g","url":"https:\/\/secure.gravatar.com\/avatar\/b1c2f9d3588e34e91adb093635df64ef4b2381991216be7576466cfcdca4baf3?s=96&d=mm&r=g","contentUrl":"https:\/\/secure.gravatar.com\/avatar\/b1c2f9d3588e34e91adb093635df64ef4b2381991216be7576466cfcdca4baf3?s=96&d=mm&r=g","caption":"Carlos Poulain"},"url":"https:\/\/www.accidentdutravail-idf.net\/blog\/author\/idfcarlos\/"}]}},"_links":{"self":[{"href":"https:\/\/www.accidentdutravail-idf.net\/blog\/wp-json\/wp\/v2\/posts\/2302","targetHints":{"allow":["GET"]}}],"collection":[{"href":"https:\/\/www.accidentdutravail-idf.net\/blog\/wp-json\/wp\/v2\/posts"}],"about":[{"href":"https:\/\/www.accidentdutravail-idf.net\/blog\/wp-json\/wp\/v2\/types\/post"}],"author":[{"embeddable":true,"href":"https:\/\/www.accidentdutravail-idf.net\/blog\/wp-json\/wp\/v2\/users\/2"}],"replies":[{"embeddable":true,"href":"https:\/\/www.accidentdutravail-idf.net\/blog\/wp-json\/wp\/v2\/comments?post=2302"}],"version-history":[{"count":0,"href":"https:\/\/www.accidentdutravail-idf.net\/blog\/wp-json\/wp\/v2\/posts\/2302\/revisions"}],"wp:attachment":[{"href":"https:\/\/www.accidentdutravail-idf.net\/blog\/wp-json\/wp\/v2\/media?parent=2302"}],"wp:term":[{"taxonomy":"category","embeddable":true,"href":"https:\/\/www.accidentdutravail-idf.net\/blog\/wp-json\/wp\/v2\/categories?post=2302"},{"taxonomy":"post_tag","embeddable":true,"href":"https:\/\/www.accidentdutravail-idf.net\/blog\/wp-json\/wp\/v2\/tags?post=2302"}],"curies":[{"name":"wp","href":"https:\/\/api.w.org\/{rel}","templated":true}]}}