{"id":2301,"date":"2026-04-08T11:16:00","date_gmt":"2026-04-08T09:16:00","guid":{"rendered":"https:\/\/www.accidentdutravail-idf.net\/blog\/grave-accident-du-travail-a-laveyron-un-ouvrier-grievement-blesse-au-pied\/"},"modified":"2026-04-08T11:16:00","modified_gmt":"2026-04-08T09:16:00","slug":"grave-accident-du-travail-a-laveyron-un-ouvrier-grievement-blesse-au-pied","status":"publish","type":"post","link":"https:\/\/www.accidentdutravail-idf.net\/blog\/grave-accident-du-travail-a-laveyron-un-ouvrier-grievement-blesse-au-pied\/","title":{"rendered":"Grave accident du travail \u00e0 Laveyron : un ouvrier gri\u00e8vement bless\u00e9 au pied"},"content":{"rendered":"<div class=\"main-media svelte-huxgbw\"><!--[0--><\/p>\n<figure class=\"ClickableMainVisual svelte-1kz1jqt\" role=\"group\" aria-label=\"Accident du travail \u00e0 Laveyron : un ouvrier gravement bless\u00e9 au pied \u00a9 Radio France - Florence Gotschaux\"><button type=\"button\" aria-label=\"illustration agrandir l'image\" class=\"svelte-1kz1jqt\"><!--[--><!--]--> <!--[-1--><img decoding=\"async\" src=\"https:\/\/www.accidentdutravail-idf.net\/blog\/wp-content\/uploads\/2026\/04\/grave-accident-du-travail-a-laveyron-un-ouvrier-grievement-blesse-au-pied.jpg\" alt=\"illustration agrandir l'image\" loading=\"eager\" class=\"svelte-1cksh76 rounded\"><!--]--><!--&gt;<\/button> \n \n<figcaption class=\"g-ici-caption-regular svelte-1kz1jqt\">Accident du travail \u00e0 Laveyron : un ouvrier gravement bless\u00e9 au pied \u00a9 Radio France - Florence Gotschaux<\/figcaption>\n \n<\/figure>\n\n <dialog class=\"OverlayDialog svelte-1kz1jqt\">[-1--><!--]--><\/dialog><!--]--> <!--[-1--><!--]--><\/div>\n<section class=\"EditorialInfosPublication svelte-r4l8dg\"><!--&gt; \n\n<p class=\"g-ici-body-regular-3 info svelte-r4l8dg\"><span>Publi\u00e9 le <time datetime=\"2026-04-08T16:16:04.000Z\">mercredi 8 avril 2026 \u00e0 18:16<\/time><\/span> [-1--><!--]--><\/p>\n<p> <!--[0--><!--&gt;]--><\/section>\n<p><!--&gt; \n\n<p class=\"standfirst g-ici-body-bold-1 svelte-huxgbw\">Un ouvrier a \u00e9t\u00e9 gri\u00e8vement bless\u00e9 au pied ce mercredi 8 avril vers 6h30 dans l\u2019entreprise Saica \u00e0 Laveyron, dans le Nord-Dr\u00f4me, apr\u00e8s s\u2019\u00eatre coinc\u00e9 le pied dans une vis sans fin. <\/p>\n\n [0--><\/p>\n<div class=\"IciBody \"><!--&gt;[--><!--[1--><!--[--><!--[2--><!--[0--><!--[1--><!--[--><\/p>\n<p><!--[1--><!--[--><!--[2--><!--[1--><!--[1--><!--[--><!--&gt;<strong>Un ouvrier a \u00e9t\u00e9 gri\u00e8vement bless\u00e9<\/strong> ce mercredi 8 avril vers 6h30 dans l\u2019entreprise de fabrication de papier, Saica, situ\u00e9e \u00e0 Laveyron, dans le Nord-Dr\u00f4me. Selon les premi\u00e8res informations, l\u2019homme s\u2019est bloqu\u00e9 le pied dans une vis sans fin.--><!--&gt;]--><!--]--><!--]--><!--]--><!--]--><!--]--><!--&gt;<\/p>\n\n]--><!--]--><!--]--><!--]--><!--[2--><!--[3--><!--[0--><!--[--><!--[0--><!--]--><!--]--><!--]--><!--]--><!--]--><!--[2--><!--[0--><!--[1--><!--[--><\/p>\n<p><!--[1--><!--[--><!--[2--><!--[1--><!--[1--><!--[--><!--&gt;Il a \u00e9t\u00e9 transport\u00e9 dans un premier temps \u00e0 l\u2019h\u00f4pital de Saint-Vallier. Devant la gravit\u00e9 de ses blessures, <strong>il a ensuite \u00e9t\u00e9 transf\u00e9r\u00e9 vers un centre hospitalier mieux \u00e9quip\u00e9 pour le prendre en charge<\/strong>.--><!--&gt;]--><!--]--><!--]--><!--]--><!--]--><!--]--><!--&gt;<\/p>\n\n]--><!--]--><!--]--><!--]--><!--[2--><!--[2--><!--[--><\/p>\n<aside class=\"IciBounceArticle svelte-zvzpci\">\n<h2 class=\"label g-ici-heading svelte-zvzpci\">\u00c0 lire aussi<\/h2>\n<div class=\"content svelte-zvzpci\"> <!--[0--><\/p>\n<div class=\"visual svelte-zvzpci\"><!--[--><!--]--> <!--[-1--><img decoding=\"async\" src=\"https:\/\/www.accidentdutravail-idf.net\/blog\/wp-content\/uploads\/2026\/04\/grave-accident-du-travail-a-laveyron-un-ouvrier-grievement-blesse-au-pied-1.jpg\" alt loading=\"lazy\" aria-hidden=\"true\" class=\"svelte-1cksh76 rounded\"><!--]--><!--&gt;<\/div>\n\n]--><\/div>\n<\/aside>\n<p><!--]--><!--]--><!--]--><!--]--><!--]--><!--]--><!--&gt;<\/div>\n\n]--><!--&gt; [-1--><!--]--> <!--&gt; [0--><\/p>\n<div class=\"LocaleList svelte-bg51r2\"> <!--[0--><\/p>\n<p class=\"g-ici-body-regular-3\">Radio France<\/p>\n<p><!--]--><\/div>\n<p><!--]--><!--&gt; --><!--&gt;accidentdutravail-idf.net vous a pr\u00e9par\u00e9 ce post qui informe du sujet \"Association Sportive Huisson-Longueville Essonne\". La chronique se veut g\u00e9n\u00e9r\u00e9e du mieux possible. Vous pouvez utiliser les coordonn\u00e9es indiqu\u00e9es sur le site dans le but d\u2019apporter des explications sur ce post qui parle du th\u00e8me \"Association Sportive Huisson-Longueville Essonne\". Le site accidentdutravail-idf.net a pour but de fournir diverses publications sur la th\u00e9matique Association Sportive Huisson-Longueville Essonne diffus\u00e9es sur le net. Il y aura plusieurs articles autour du sujet \"Association Sportive Huisson-Longueville Essonne\" dans quelques jours, nous vous invitons \u00e0 naviguer sur notre site web \u00e0 plusieurs reprises.--><\/p>\n","protected":false},"excerpt":{"rendered":"<p>\u00c0 lire aussi Radio France<\/p>\n","protected":false},"author":2,"featured_media":0,"comment_status":"closed","ping_status":"closed","sticky":false,"template":"","format":"standard","meta":{"footnotes":""},"categories":[5],"tags":[],"class_list":["post-2301","post","type-post","status-publish","format-standard","hentry","category-securite-du-travail-en-ile-de-france-et-divers","entry"],"yoast_head":"<!-- This site is optimized with the Yoast SEO plugin v27.5 - https:\/\/yoast.com\/product\/yoast-seo-wordpress\/ -->\n<title>Grave accident du travail \u00e0 Laveyron : un ouvrier gri\u00e8vement bless\u00e9 au pied - ACCIDENTDUTRAVAIL-IDF<\/title>\n<meta name=\"description\" content=\"Grave accident du travail \u00e0 Laveyron : un ouvrier gri\u00e8vement bless\u00e9 au pied article de ACCIDENTDUTRAVAIL-IDF\" \/>\n<meta name=\"robots\" content=\"index, follow, max-snippet:-1, max-image-preview:large, max-video-preview:-1\" \/>\n<link rel=\"canonical\" href=\"https:\/\/www.accidentdutravail-idf.net\/blog\/grave-accident-du-travail-a-laveyron-un-ouvrier-grievement-blesse-au-pied\/\" \/>\n<meta property=\"og:locale\" content=\"fr_FR\" \/>\n<meta property=\"og:type\" content=\"article\" \/>\n<meta property=\"og:title\" content=\"Grave accident du travail \u00e0 Laveyron : un ouvrier gri\u00e8vement bless\u00e9 au pied - ACCIDENTDUTRAVAIL-IDF\" \/>\n<meta property=\"og:description\" content=\"Grave accident du travail \u00e0 Laveyron : un ouvrier gri\u00e8vement bless\u00e9 au pied article de ACCIDENTDUTRAVAIL-IDF\" \/>\n<meta property=\"og:url\" content=\"https:\/\/www.accidentdutravail-idf.net\/blog\/grave-accident-du-travail-a-laveyron-un-ouvrier-grievement-blesse-au-pied\/\" \/>\n<meta property=\"og:site_name\" content=\"ACCIDENTDUTRAVAIL-IDF\" \/>\n<meta property=\"article:published_time\" content=\"2026-04-08T09:16:00+00:00\" \/>\n<meta property=\"og:image\" content=\"https:\/\/www.accidentdutravail-idf.net\/blog\/wp-content\/uploads\/2026\/04\/grave-accident-du-travail-a-laveyron-un-ouvrier-grievement-blesse-au-pied.jpg\" \/>\n<meta name=\"author\" content=\"Carlos Poulain\" \/>\n<meta name=\"twitter:card\" content=\"summary_large_image\" \/>\n<meta name=\"twitter:label1\" content=\"\u00c9crit par\" \/>\n\t<meta name=\"twitter:data1\" content=\"Carlos Poulain\" \/>\n<script type=\"application\/ld+json\" class=\"yoast-schema-graph\">{\"@context\":\"https:\\\/\\\/schema.org\",\"@graph\":[{\"@type\":\"Article\",\"@id\":\"https:\\\/\\\/www.accidentdutravail-idf.net\\\/blog\\\/grave-accident-du-travail-a-laveyron-un-ouvrier-grievement-blesse-au-pied\\\/#article\",\"isPartOf\":{\"@id\":\"https:\\\/\\\/www.accidentdutravail-idf.net\\\/blog\\\/grave-accident-du-travail-a-laveyron-un-ouvrier-grievement-blesse-au-pied\\\/\"},\"author\":{\"name\":\"Carlos Poulain\",\"@id\":\"https:\\\/\\\/www.accidentdutravail-idf.net\\\/blog\\\/#\\\/schema\\\/person\\\/3255d2f970de45e64bd9201f38e7b947\"},\"headline\":\"Grave accident du travail \u00e0 Laveyron : un ouvrier gri\u00e8vement bless\u00e9 au pied\",\"datePublished\":\"2026-04-08T09:16:00+00:00\",\"mainEntityOfPage\":{\"@id\":\"https:\\\/\\\/www.accidentdutravail-idf.net\\\/blog\\\/grave-accident-du-travail-a-laveyron-un-ouvrier-grievement-blesse-au-pied\\\/\"},\"wordCount\":16,\"publisher\":{\"@id\":\"https:\\\/\\\/www.accidentdutravail-idf.net\\\/blog\\\/#organization\"},\"image\":{\"@id\":\"https:\\\/\\\/www.accidentdutravail-idf.net\\\/blog\\\/grave-accident-du-travail-a-laveyron-un-ouvrier-grievement-blesse-au-pied\\\/#primaryimage\"},\"thumbnailUrl\":\"https:\\\/\\\/www.accidentdutravail-idf.net\\\/blog\\\/wp-content\\\/uploads\\\/2026\\\/04\\\/grave-accident-du-travail-a-laveyron-un-ouvrier-grievement-blesse-au-pied.jpg\",\"articleSection\":[\"S\u00e9curit\u00e9 Du Travail En Ile-De-France Et Divers:\"],\"inLanguage\":\"fr-FR\"},{\"@type\":\"WebPage\",\"@id\":\"https:\\\/\\\/www.accidentdutravail-idf.net\\\/blog\\\/grave-accident-du-travail-a-laveyron-un-ouvrier-grievement-blesse-au-pied\\\/\",\"url\":\"https:\\\/\\\/www.accidentdutravail-idf.net\\\/blog\\\/grave-accident-du-travail-a-laveyron-un-ouvrier-grievement-blesse-au-pied\\\/\",\"name\":\"Grave accident du travail \u00e0 Laveyron : un ouvrier gri\u00e8vement bless\u00e9 au pied - ACCIDENTDUTRAVAIL-IDF\",\"isPartOf\":{\"@id\":\"https:\\\/\\\/www.accidentdutravail-idf.net\\\/blog\\\/#website\"},\"primaryImageOfPage\":{\"@id\":\"https:\\\/\\\/www.accidentdutravail-idf.net\\\/blog\\\/grave-accident-du-travail-a-laveyron-un-ouvrier-grievement-blesse-au-pied\\\/#primaryimage\"},\"image\":{\"@id\":\"https:\\\/\\\/www.accidentdutravail-idf.net\\\/blog\\\/grave-accident-du-travail-a-laveyron-un-ouvrier-grievement-blesse-au-pied\\\/#primaryimage\"},\"thumbnailUrl\":\"https:\\\/\\\/www.accidentdutravail-idf.net\\\/blog\\\/wp-content\\\/uploads\\\/2026\\\/04\\\/grave-accident-du-travail-a-laveyron-un-ouvrier-grievement-blesse-au-pied.jpg\",\"datePublished\":\"2026-04-08T09:16:00+00:00\",\"description\":\"Grave accident du travail \u00e0 Laveyron : un ouvrier gri\u00e8vement bless\u00e9 au pied article de ACCIDENTDUTRAVAIL-IDF\",\"breadcrumb\":{\"@id\":\"https:\\\/\\\/www.accidentdutravail-idf.net\\\/blog\\\/grave-accident-du-travail-a-laveyron-un-ouvrier-grievement-blesse-au-pied\\\/#breadcrumb\"},\"inLanguage\":\"fr-FR\",\"potentialAction\":[{\"@type\":\"ReadAction\",\"target\":[\"https:\\\/\\\/www.accidentdutravail-idf.net\\\/blog\\\/grave-accident-du-travail-a-laveyron-un-ouvrier-grievement-blesse-au-pied\\\/\"]}]},{\"@type\":\"ImageObject\",\"inLanguage\":\"fr-FR\",\"@id\":\"https:\\\/\\\/www.accidentdutravail-idf.net\\\/blog\\\/grave-accident-du-travail-a-laveyron-un-ouvrier-grievement-blesse-au-pied\\\/#primaryimage\",\"url\":\"https:\\\/\\\/www.accidentdutravail-idf.net\\\/blog\\\/wp-content\\\/uploads\\\/2026\\\/04\\\/grave-accident-du-travail-a-laveyron-un-ouvrier-grievement-blesse-au-pied.jpg\",\"contentUrl\":\"https:\\\/\\\/www.accidentdutravail-idf.net\\\/blog\\\/wp-content\\\/uploads\\\/2026\\\/04\\\/grave-accident-du-travail-a-laveyron-un-ouvrier-grievement-blesse-au-pied.jpg\"},{\"@type\":\"BreadcrumbList\",\"@id\":\"https:\\\/\\\/www.accidentdutravail-idf.net\\\/blog\\\/grave-accident-du-travail-a-laveyron-un-ouvrier-grievement-blesse-au-pied\\\/#breadcrumb\",\"itemListElement\":[{\"@type\":\"ListItem\",\"position\":1,\"name\":\"Accueil\",\"item\":\"https:\\\/\\\/www.accidentdutravail-idf.net\\\/blog\\\/\"},{\"@type\":\"ListItem\",\"position\":2,\"name\":\"Grave accident du travail \u00e0 Laveyron : un ouvrier gri\u00e8vement bless\u00e9 au pied\"}]},{\"@type\":\"WebSite\",\"@id\":\"https:\\\/\\\/www.accidentdutravail-idf.net\\\/blog\\\/#website\",\"url\":\"https:\\\/\\\/www.accidentdutravail-idf.net\\\/blog\\\/\",\"name\":\"ACCIDENTDUTRAVAIL-IDF\",\"description\":\"Portail accidents du travail-maladies professionnelles des entreprises d&#039;Ile-de-France\",\"publisher\":{\"@id\":\"https:\\\/\\\/www.accidentdutravail-idf.net\\\/blog\\\/#organization\"},\"potentialAction\":[{\"@type\":\"SearchAction\",\"target\":{\"@type\":\"EntryPoint\",\"urlTemplate\":\"https:\\\/\\\/www.accidentdutravail-idf.net\\\/blog\\\/?s={search_term_string}\"},\"query-input\":{\"@type\":\"PropertyValueSpecification\",\"valueRequired\":true,\"valueName\":\"search_term_string\"}}],\"inLanguage\":\"fr-FR\"},{\"@type\":\"Organization\",\"@id\":\"https:\\\/\\\/www.accidentdutravail-idf.net\\\/blog\\\/#organization\",\"name\":\"accidentdutravail-idf\",\"url\":\"https:\\\/\\\/www.accidentdutravail-idf.net\\\/blog\\\/\",\"logo\":{\"@type\":\"ImageObject\",\"inLanguage\":\"fr-FR\",\"@id\":\"https:\\\/\\\/www.accidentdutravail-idf.net\\\/blog\\\/#\\\/schema\\\/logo\\\/image\\\/\",\"url\":\"https:\\\/\\\/www.accidentdutravail-idf.net\\\/blog\\\/wp-content\\\/uploads\\\/2022\\\/09\\\/logo-2.png\",\"contentUrl\":\"https:\\\/\\\/www.accidentdutravail-idf.net\\\/blog\\\/wp-content\\\/uploads\\\/2022\\\/09\\\/logo-2.png\",\"width\":380,\"height\":291,\"caption\":\"accidentdutravail-idf\"},\"image\":{\"@id\":\"https:\\\/\\\/www.accidentdutravail-idf.net\\\/blog\\\/#\\\/schema\\\/logo\\\/image\\\/\"}},{\"@type\":\"Person\",\"@id\":\"https:\\\/\\\/www.accidentdutravail-idf.net\\\/blog\\\/#\\\/schema\\\/person\\\/3255d2f970de45e64bd9201f38e7b947\",\"name\":\"Carlos Poulain\",\"image\":{\"@type\":\"ImageObject\",\"inLanguage\":\"fr-FR\",\"@id\":\"https:\\\/\\\/secure.gravatar.com\\\/avatar\\\/b1c2f9d3588e34e91adb093635df64ef4b2381991216be7576466cfcdca4baf3?s=96&d=mm&r=g\",\"url\":\"https:\\\/\\\/secure.gravatar.com\\\/avatar\\\/b1c2f9d3588e34e91adb093635df64ef4b2381991216be7576466cfcdca4baf3?s=96&d=mm&r=g\",\"contentUrl\":\"https:\\\/\\\/secure.gravatar.com\\\/avatar\\\/b1c2f9d3588e34e91adb093635df64ef4b2381991216be7576466cfcdca4baf3?s=96&d=mm&r=g\",\"caption\":\"Carlos Poulain\"},\"url\":\"https:\\\/\\\/www.accidentdutravail-idf.net\\\/blog\\\/author\\\/idfcarlos\\\/\"}]}<\/script>\n<!-- \/ Yoast SEO plugin. -->","yoast_head_json":{"title":"Grave accident du travail \u00e0 Laveyron : un ouvrier gri\u00e8vement bless\u00e9 au pied - ACCIDENTDUTRAVAIL-IDF","description":"Grave accident du travail \u00e0 Laveyron : un ouvrier gri\u00e8vement bless\u00e9 au pied article de ACCIDENTDUTRAVAIL-IDF","robots":{"index":"index","follow":"follow","max-snippet":"max-snippet:-1","max-image-preview":"max-image-preview:large","max-video-preview":"max-video-preview:-1"},"canonical":"https:\/\/www.accidentdutravail-idf.net\/blog\/grave-accident-du-travail-a-laveyron-un-ouvrier-grievement-blesse-au-pied\/","og_locale":"fr_FR","og_type":"article","og_title":"Grave accident du travail \u00e0 Laveyron : un ouvrier gri\u00e8vement bless\u00e9 au pied - ACCIDENTDUTRAVAIL-IDF","og_description":"Grave accident du travail \u00e0 Laveyron : un ouvrier gri\u00e8vement bless\u00e9 au pied article de ACCIDENTDUTRAVAIL-IDF","og_url":"https:\/\/www.accidentdutravail-idf.net\/blog\/grave-accident-du-travail-a-laveyron-un-ouvrier-grievement-blesse-au-pied\/","og_site_name":"ACCIDENTDUTRAVAIL-IDF","article_published_time":"2026-04-08T09:16:00+00:00","og_image":[{"url":"https:\/\/www.accidentdutravail-idf.net\/blog\/wp-content\/uploads\/2026\/04\/grave-accident-du-travail-a-laveyron-un-ouvrier-grievement-blesse-au-pied.jpg","type":"","width":"","height":""}],"author":"Carlos Poulain","twitter_card":"summary_large_image","twitter_misc":{"\u00c9crit par":"Carlos Poulain"},"schema":{"@context":"https:\/\/schema.org","@graph":[{"@type":"Article","@id":"https:\/\/www.accidentdutravail-idf.net\/blog\/grave-accident-du-travail-a-laveyron-un-ouvrier-grievement-blesse-au-pied\/#article","isPartOf":{"@id":"https:\/\/www.accidentdutravail-idf.net\/blog\/grave-accident-du-travail-a-laveyron-un-ouvrier-grievement-blesse-au-pied\/"},"author":{"name":"Carlos Poulain","@id":"https:\/\/www.accidentdutravail-idf.net\/blog\/#\/schema\/person\/3255d2f970de45e64bd9201f38e7b947"},"headline":"Grave accident du travail \u00e0 Laveyron : un ouvrier gri\u00e8vement bless\u00e9 au pied","datePublished":"2026-04-08T09:16:00+00:00","mainEntityOfPage":{"@id":"https:\/\/www.accidentdutravail-idf.net\/blog\/grave-accident-du-travail-a-laveyron-un-ouvrier-grievement-blesse-au-pied\/"},"wordCount":16,"publisher":{"@id":"https:\/\/www.accidentdutravail-idf.net\/blog\/#organization"},"image":{"@id":"https:\/\/www.accidentdutravail-idf.net\/blog\/grave-accident-du-travail-a-laveyron-un-ouvrier-grievement-blesse-au-pied\/#primaryimage"},"thumbnailUrl":"https:\/\/www.accidentdutravail-idf.net\/blog\/wp-content\/uploads\/2026\/04\/grave-accident-du-travail-a-laveyron-un-ouvrier-grievement-blesse-au-pied.jpg","articleSection":["S\u00e9curit\u00e9 Du Travail En Ile-De-France Et Divers:"],"inLanguage":"fr-FR"},{"@type":"WebPage","@id":"https:\/\/www.accidentdutravail-idf.net\/blog\/grave-accident-du-travail-a-laveyron-un-ouvrier-grievement-blesse-au-pied\/","url":"https:\/\/www.accidentdutravail-idf.net\/blog\/grave-accident-du-travail-a-laveyron-un-ouvrier-grievement-blesse-au-pied\/","name":"Grave accident du travail \u00e0 Laveyron : un ouvrier gri\u00e8vement bless\u00e9 au pied - ACCIDENTDUTRAVAIL-IDF","isPartOf":{"@id":"https:\/\/www.accidentdutravail-idf.net\/blog\/#website"},"primaryImageOfPage":{"@id":"https:\/\/www.accidentdutravail-idf.net\/blog\/grave-accident-du-travail-a-laveyron-un-ouvrier-grievement-blesse-au-pied\/#primaryimage"},"image":{"@id":"https:\/\/www.accidentdutravail-idf.net\/blog\/grave-accident-du-travail-a-laveyron-un-ouvrier-grievement-blesse-au-pied\/#primaryimage"},"thumbnailUrl":"https:\/\/www.accidentdutravail-idf.net\/blog\/wp-content\/uploads\/2026\/04\/grave-accident-du-travail-a-laveyron-un-ouvrier-grievement-blesse-au-pied.jpg","datePublished":"2026-04-08T09:16:00+00:00","description":"Grave accident du travail \u00e0 Laveyron : un ouvrier gri\u00e8vement bless\u00e9 au pied article de ACCIDENTDUTRAVAIL-IDF","breadcrumb":{"@id":"https:\/\/www.accidentdutravail-idf.net\/blog\/grave-accident-du-travail-a-laveyron-un-ouvrier-grievement-blesse-au-pied\/#breadcrumb"},"inLanguage":"fr-FR","potentialAction":[{"@type":"ReadAction","target":["https:\/\/www.accidentdutravail-idf.net\/blog\/grave-accident-du-travail-a-laveyron-un-ouvrier-grievement-blesse-au-pied\/"]}]},{"@type":"ImageObject","inLanguage":"fr-FR","@id":"https:\/\/www.accidentdutravail-idf.net\/blog\/grave-accident-du-travail-a-laveyron-un-ouvrier-grievement-blesse-au-pied\/#primaryimage","url":"https:\/\/www.accidentdutravail-idf.net\/blog\/wp-content\/uploads\/2026\/04\/grave-accident-du-travail-a-laveyron-un-ouvrier-grievement-blesse-au-pied.jpg","contentUrl":"https:\/\/www.accidentdutravail-idf.net\/blog\/wp-content\/uploads\/2026\/04\/grave-accident-du-travail-a-laveyron-un-ouvrier-grievement-blesse-au-pied.jpg"},{"@type":"BreadcrumbList","@id":"https:\/\/www.accidentdutravail-idf.net\/blog\/grave-accident-du-travail-a-laveyron-un-ouvrier-grievement-blesse-au-pied\/#breadcrumb","itemListElement":[{"@type":"ListItem","position":1,"name":"Accueil","item":"https:\/\/www.accidentdutravail-idf.net\/blog\/"},{"@type":"ListItem","position":2,"name":"Grave accident du travail \u00e0 Laveyron : un ouvrier gri\u00e8vement bless\u00e9 au pied"}]},{"@type":"WebSite","@id":"https:\/\/www.accidentdutravail-idf.net\/blog\/#website","url":"https:\/\/www.accidentdutravail-idf.net\/blog\/","name":"ACCIDENTDUTRAVAIL-IDF","description":"Portail accidents du travail-maladies professionnelles des entreprises d&#039;Ile-de-France","publisher":{"@id":"https:\/\/www.accidentdutravail-idf.net\/blog\/#organization"},"potentialAction":[{"@type":"SearchAction","target":{"@type":"EntryPoint","urlTemplate":"https:\/\/www.accidentdutravail-idf.net\/blog\/?s={search_term_string}"},"query-input":{"@type":"PropertyValueSpecification","valueRequired":true,"valueName":"search_term_string"}}],"inLanguage":"fr-FR"},{"@type":"Organization","@id":"https:\/\/www.accidentdutravail-idf.net\/blog\/#organization","name":"accidentdutravail-idf","url":"https:\/\/www.accidentdutravail-idf.net\/blog\/","logo":{"@type":"ImageObject","inLanguage":"fr-FR","@id":"https:\/\/www.accidentdutravail-idf.net\/blog\/#\/schema\/logo\/image\/","url":"https:\/\/www.accidentdutravail-idf.net\/blog\/wp-content\/uploads\/2022\/09\/logo-2.png","contentUrl":"https:\/\/www.accidentdutravail-idf.net\/blog\/wp-content\/uploads\/2022\/09\/logo-2.png","width":380,"height":291,"caption":"accidentdutravail-idf"},"image":{"@id":"https:\/\/www.accidentdutravail-idf.net\/blog\/#\/schema\/logo\/image\/"}},{"@type":"Person","@id":"https:\/\/www.accidentdutravail-idf.net\/blog\/#\/schema\/person\/3255d2f970de45e64bd9201f38e7b947","name":"Carlos Poulain","image":{"@type":"ImageObject","inLanguage":"fr-FR","@id":"https:\/\/secure.gravatar.com\/avatar\/b1c2f9d3588e34e91adb093635df64ef4b2381991216be7576466cfcdca4baf3?s=96&d=mm&r=g","url":"https:\/\/secure.gravatar.com\/avatar\/b1c2f9d3588e34e91adb093635df64ef4b2381991216be7576466cfcdca4baf3?s=96&d=mm&r=g","contentUrl":"https:\/\/secure.gravatar.com\/avatar\/b1c2f9d3588e34e91adb093635df64ef4b2381991216be7576466cfcdca4baf3?s=96&d=mm&r=g","caption":"Carlos Poulain"},"url":"https:\/\/www.accidentdutravail-idf.net\/blog\/author\/idfcarlos\/"}]}},"_links":{"self":[{"href":"https:\/\/www.accidentdutravail-idf.net\/blog\/wp-json\/wp\/v2\/posts\/2301","targetHints":{"allow":["GET"]}}],"collection":[{"href":"https:\/\/www.accidentdutravail-idf.net\/blog\/wp-json\/wp\/v2\/posts"}],"about":[{"href":"https:\/\/www.accidentdutravail-idf.net\/blog\/wp-json\/wp\/v2\/types\/post"}],"author":[{"embeddable":true,"href":"https:\/\/www.accidentdutravail-idf.net\/blog\/wp-json\/wp\/v2\/users\/2"}],"replies":[{"embeddable":true,"href":"https:\/\/www.accidentdutravail-idf.net\/blog\/wp-json\/wp\/v2\/comments?post=2301"}],"version-history":[{"count":0,"href":"https:\/\/www.accidentdutravail-idf.net\/blog\/wp-json\/wp\/v2\/posts\/2301\/revisions"}],"wp:attachment":[{"href":"https:\/\/www.accidentdutravail-idf.net\/blog\/wp-json\/wp\/v2\/media?parent=2301"}],"wp:term":[{"taxonomy":"category","embeddable":true,"href":"https:\/\/www.accidentdutravail-idf.net\/blog\/wp-json\/wp\/v2\/categories?post=2301"},{"taxonomy":"post_tag","embeddable":true,"href":"https:\/\/www.accidentdutravail-idf.net\/blog\/wp-json\/wp\/v2\/tags?post=2301"}],"curies":[{"name":"wp","href":"https:\/\/api.w.org\/{rel}","templated":true}]}}