{"id":2298,"date":"2026-04-07T02:19:00","date_gmt":"2026-04-07T00:19:00","guid":{"rendered":"https:\/\/www.accidentdutravail-idf.net\/blog\/accidents-du-travail-dans-des-centres-de-recyclage-la-societe-paprec-jugee-a-montpellier-apres-sa-lourde-condamnation-a-nimes\/"},"modified":"2026-04-07T02:19:00","modified_gmt":"2026-04-07T00:19:00","slug":"accidents-du-travail-dans-des-centres-de-recyclage-la-societe-paprec-jugee-a-montpellier-apres-sa-lourde-condamnation-a-nimes","status":"publish","type":"post","link":"https:\/\/www.accidentdutravail-idf.net\/blog\/accidents-du-travail-dans-des-centres-de-recyclage-la-societe-paprec-jugee-a-montpellier-apres-sa-lourde-condamnation-a-nimes\/","title":{"rendered":"Accidents du travail dans des centres de recyclage : la soci\u00e9t\u00e9 Paprec jug\u00e9e \u00e0 Montpellier apr\u00e8s sa lourde condamnation \u00e0 N\u00eemes"},"content":{"rendered":"<div><img decoding=\"async\" src=\"https:\/\/www.accidentdutravail-idf.net\/blog\/wp-content\/uploads\/2026\/04\/accidents-du-travail-dans-des-centres-de-recyclage-la-societe-paprec-jugee-a-montpellier-apres-sa-lourde-condamnation-a-nimes.jpg\" class=\"ff-og-image-inserted\"><\/div>\n<p> Le 8&nbsp;avril 2022, Paul Masselin, un jeune ouvrier r\u00e9cemment embauch\u00e9, a \u00e9t\u00e9 tr\u00e8s gri\u00e8vement bless\u00e9 en intervenant sur une machine qui a brusquement red\u00e9marrer, dans l\u2019usine de Lansargues. D\u00e9j\u00e0 renvoy\u00e9, le proc\u00e8s est pr\u00e9vu ce mercredi 8&nbsp;avril \u00e0 13&nbsp;h&nbsp;30. En juillet&nbsp;2023, un autre employ\u00e9 a trouv\u00e9 la mort sur une machine similaire, au centre de recyclage de N\u00eemes. <\/p>\n<div data-state=\"fixed-height\" data-selection=\"disabled\"> <!-- Pub DFP Position [outstream] --> <\/p>\n<p>Moins de deux semaines apr\u00e8s <a href=\"https:\/\/www.midilibre.fr\/2026\/03\/26\/homicide-involontaire-a-lusine-paprec-de-recyclage-de-dechets-le-tribunal-condamne-la-societe-et-le-directeur-apres-la-mort-terrifiante-de-jules-13293929.php\" target=\"_self\" rel=\"nofollow\">sa lourde condamnation au tribunal judiciaire de N\u00eemes,<\/a> Paprec, le g\u00e9ant du recyclage, est jug\u00e9e ce mercredi mercredi 8&nbsp;avril \u00e0 Montpellier, poursuivie via ses filiales Paprec M\u00e9diterran\u00e9e et Paprec Technique <a href=\"https:\/\/www.midilibre.fr\/2023\/08\/03\/jules-naurait-jamais-du-mourir-dans-cette-usine-de-nimes-la-colere-dun-rescape-du-meme-type-daccident-a-paprec-lansargues-11376726.php\" target=\"_self\" rel=\"nofollow\">pour un grave accident du travail.<\/a><\/p>\n<p><!-- Pub DFP Position [article] --> <\/p>\n<h2 class=\"txt-int\">Sauv\u00e9 par miracle mais lourdement handicap\u00e9<\/h2>\n<p>Le 8&nbsp;avril 2022, Paul Masselin, 26 ans aujourd\u2019hui, r\u00e9cemment embauch\u00e9 dans l\u2019usine de Lansargues est gri\u00e8vement bless\u00e9 par une machine qui red\u00e9marre, alors qu\u2019il est \u00e0 l\u2019int\u00e9rieur, en train de la nettoyer. Sauv\u00e9 par miracle, il reste depuis lourdement handicap\u00e9 et traumatis\u00e9 par cet accident du travail, qui vaut \u00e0 son employeur d\u2019\u00eatre jug\u00e9e, apr\u00e8s une enqu\u00eate de gendarmerie et de l\u2019inspection du travail.<\/p>\n<p>Un an plus tard, dans une machine identique, <a href=\"https:\/\/www.midilibre.fr\/2026\/02\/12\/on-ne-savait-pas-que-lon-pouvait-mourir-au-travail-la-mort-de-jules-21-ans-a-lusine-paprec-de-nimes-enfin-jugee-13219029.php\" target=\"_self\" rel=\"nofollow\">Jules Pertet, 21 ans meurt \u00e0 l\u2019usine Paprec de N\u00eemes&nbsp;:<\/a> le directeur a \u00e9t\u00e9 condamn\u00e9 \u00e0 trois ans de prison avec sursis et 10&nbsp;000&nbsp;\u20ac d\u2019amende, et la soci\u00e9t\u00e9 \u00e0 250000 \u20ac d\u2019amende le 26&nbsp;mars, pour homicide involontaire. Paprec a fait appel.<\/p>\n<p>Comme \u00e0 N\u00eemes, Paprec estime que la responsabilit\u00e9 de l\u2019accident de Lansargues <a href=\"https:\/\/www.midilibre.fr\/2023\/08\/03\/mort-dun-ouvrier-a-nimes-on-verra-si-cest-un-defaut-technique-ou-un-non-respect-des-procedures-dit-on-chez-paprec-11377319.php\" target=\"_self\" rel=\"nofollow\">incombe \u00e0 son employ\u00e9,<\/a> qui n\u2019aurait pas respect\u00e9 une consigne de s\u00e9curit\u00e9. L\u2019enqu\u00eate a point\u00e9 des non-conformit\u00e9s sur cette machine, qui n\u2019aurait pas d\u00fb pouvoir red\u00e9marrer, d\u00e8s lors qu\u2019un op\u00e9rateur \u00e9tait \u00e0 l\u2019int\u00e9rieur.<\/p>\n<p>En 2025, <a href=\"https:\/\/www.midilibre.fr\/2025\/05\/23\/un-responsable-logistique-de-lentreprise-paprec-meurt-dans-un-accident-au-centre-de-tri-valrena-a-nimes-12716492.php\" target=\"_self\" rel=\"nofollow\">un troisi\u00e8me accident du travail mortel <\/a>s\u2019est produit, \u00e0 nouveau dans l\u2019usine Paprec de N\u00eemes. L\u2019enqu\u00eate est toujours en cours.<\/p>\n<\/p><\/div>\n<p>accidentdutravail-idf.net vous a pr\u00e9par\u00e9 ce post qui informe du sujet \u00ab\u00a0Association Sportive Huisson-Longueville Essonne\u00a0\u00bb. La chronique se veut g\u00e9n\u00e9r\u00e9e du mieux possible. Vous pouvez utiliser les coordonn\u00e9es indiqu\u00e9es sur le site dans le but d\u2019apporter des explications sur ce post qui parle du th\u00e8me \u00ab\u00a0Association Sportive Huisson-Longueville Essonne\u00a0\u00bb. Le site accidentdutravail-idf.net a pour but de fournir diverses publications sur la th\u00e9matique Association Sportive Huisson-Longueville Essonne diffus\u00e9es sur le net. Il y aura plusieurs articles autour du sujet \u00ab\u00a0Association Sportive Huisson-Longueville Essonne\u00a0\u00bb dans quelques jours, nous vous invitons \u00e0 naviguer sur notre site web \u00e0 plusieurs reprises.<\/p>\n","protected":false},"excerpt":{"rendered":"<p>Le 8&nbsp;avril 2022, Paul Masselin, un jeune ouvrier r\u00e9cemment embauch\u00e9, a \u00e9t\u00e9 tr\u00e8s gri\u00e8vement bless\u00e9 en intervenant sur une machine qui a brusquement red\u00e9marrer, dans l\u2019usine de Lansargues. D\u00e9j\u00e0 renvoy\u00e9, le proc\u00e8s est pr\u00e9vu ce mercredi 8&nbsp;avril \u00e0 13&nbsp;h&nbsp;30. En juillet&nbsp;2023, un autre employ\u00e9 a trouv\u00e9 la mort sur une machine similaire, au centre de &hellip; <\/p>\n<p class=\"link-more\"><a href=\"https:\/\/www.accidentdutravail-idf.net\/blog\/accidents-du-travail-dans-des-centres-de-recyclage-la-societe-paprec-jugee-a-montpellier-apres-sa-lourde-condamnation-a-nimes\/\" class=\"more-link\">Continuer la lecture <span class=\"screen-reader-text\"> \u00ab\u00a0Accidents du travail dans des centres de recyclage : la soci\u00e9t\u00e9 Paprec jug\u00e9e \u00e0 Montpellier apr\u00e8s sa lourde condamnation \u00e0 N\u00eemes\u00a0\u00bb<\/span><\/a><\/p>\n","protected":false},"author":2,"featured_media":0,"comment_status":"closed","ping_status":"closed","sticky":false,"template":"","format":"standard","meta":{"footnotes":""},"categories":[5],"tags":[],"class_list":["post-2298","post","type-post","status-publish","format-standard","hentry","category-securite-du-travail-en-ile-de-france-et-divers","entry"],"yoast_head":"<!-- This site is optimized with the Yoast SEO plugin v27.5 - https:\/\/yoast.com\/product\/yoast-seo-wordpress\/ -->\n<title>Accidents du travail dans des centres de recyclage : la soci\u00e9t\u00e9 Paprec jug\u00e9e \u00e0 Montpellier apr\u00e8s sa lourde condamnation \u00e0 N\u00eemes - ACCIDENTDUTRAVAIL-IDF<\/title>\n<meta name=\"description\" content=\"Accidents du travail dans des centres de recyclage : la soci\u00e9t\u00e9 Paprec jug\u00e9e \u00e0 Montpellier apr\u00e8s sa lourde condamnation \u00e0 N\u00eemes article de ACCIDENTDUTRAVAIL-IDF\" \/>\n<meta name=\"robots\" content=\"index, follow, max-snippet:-1, max-image-preview:large, max-video-preview:-1\" \/>\n<link rel=\"canonical\" href=\"https:\/\/www.accidentdutravail-idf.net\/blog\/accidents-du-travail-dans-des-centres-de-recyclage-la-societe-paprec-jugee-a-montpellier-apres-sa-lourde-condamnation-a-nimes\/\" \/>\n<meta property=\"og:locale\" content=\"fr_FR\" \/>\n<meta property=\"og:type\" content=\"article\" \/>\n<meta property=\"og:title\" content=\"Accidents du travail dans des centres de recyclage : la soci\u00e9t\u00e9 Paprec jug\u00e9e \u00e0 Montpellier apr\u00e8s sa lourde condamnation \u00e0 N\u00eemes - ACCIDENTDUTRAVAIL-IDF\" \/>\n<meta property=\"og:description\" content=\"Accidents du travail dans des centres de recyclage : la soci\u00e9t\u00e9 Paprec jug\u00e9e \u00e0 Montpellier apr\u00e8s sa lourde condamnation \u00e0 N\u00eemes article de ACCIDENTDUTRAVAIL-IDF\" \/>\n<meta property=\"og:url\" content=\"https:\/\/www.accidentdutravail-idf.net\/blog\/accidents-du-travail-dans-des-centres-de-recyclage-la-societe-paprec-jugee-a-montpellier-apres-sa-lourde-condamnation-a-nimes\/\" \/>\n<meta property=\"og:site_name\" content=\"ACCIDENTDUTRAVAIL-IDF\" \/>\n<meta property=\"article:published_time\" content=\"2026-04-07T00:19:00+00:00\" \/>\n<meta property=\"og:image\" content=\"https:\/\/www.accidentdutravail-idf.net\/blog\/wp-content\/uploads\/2026\/04\/accidents-du-travail-dans-des-centres-de-recyclage-la-societe-paprec-jugee-a-montpellier-apres-sa-lourde-condamnation-a-nimes.jpg\" \/>\n<meta name=\"author\" content=\"Carlos Poulain\" \/>\n<meta name=\"twitter:card\" content=\"summary_large_image\" \/>\n<meta name=\"twitter:label1\" content=\"\u00c9crit par\" \/>\n\t<meta name=\"twitter:data1\" content=\"Carlos Poulain\" \/>\n\t<meta name=\"twitter:label2\" content=\"Dur\u00e9e de lecture estim\u00e9e\" \/>\n\t<meta name=\"twitter:data2\" content=\"2 minutes\" \/>\n<script type=\"application\/ld+json\" class=\"yoast-schema-graph\">{\"@context\":\"https:\\\/\\\/schema.org\",\"@graph\":[{\"@type\":\"Article\",\"@id\":\"https:\\\/\\\/www.accidentdutravail-idf.net\\\/blog\\\/accidents-du-travail-dans-des-centres-de-recyclage-la-societe-paprec-jugee-a-montpellier-apres-sa-lourde-condamnation-a-nimes\\\/#article\",\"isPartOf\":{\"@id\":\"https:\\\/\\\/www.accidentdutravail-idf.net\\\/blog\\\/accidents-du-travail-dans-des-centres-de-recyclage-la-societe-paprec-jugee-a-montpellier-apres-sa-lourde-condamnation-a-nimes\\\/\"},\"author\":{\"name\":\"Carlos Poulain\",\"@id\":\"https:\\\/\\\/www.accidentdutravail-idf.net\\\/blog\\\/#\\\/schema\\\/person\\\/3255d2f970de45e64bd9201f38e7b947\"},\"headline\":\"Accidents du travail dans des centres de recyclage : la soci\u00e9t\u00e9 Paprec jug\u00e9e \u00e0 Montpellier apr\u00e8s sa lourde condamnation \u00e0 N\u00eemes\",\"datePublished\":\"2026-04-07T00:19:00+00:00\",\"mainEntityOfPage\":{\"@id\":\"https:\\\/\\\/www.accidentdutravail-idf.net\\\/blog\\\/accidents-du-travail-dans-des-centres-de-recyclage-la-societe-paprec-jugee-a-montpellier-apres-sa-lourde-condamnation-a-nimes\\\/\"},\"wordCount\":458,\"publisher\":{\"@id\":\"https:\\\/\\\/www.accidentdutravail-idf.net\\\/blog\\\/#organization\"},\"image\":{\"@id\":\"https:\\\/\\\/www.accidentdutravail-idf.net\\\/blog\\\/accidents-du-travail-dans-des-centres-de-recyclage-la-societe-paprec-jugee-a-montpellier-apres-sa-lourde-condamnation-a-nimes\\\/#primaryimage\"},\"thumbnailUrl\":\"https:\\\/\\\/www.accidentdutravail-idf.net\\\/blog\\\/wp-content\\\/uploads\\\/2026\\\/04\\\/accidents-du-travail-dans-des-centres-de-recyclage-la-societe-paprec-jugee-a-montpellier-apres-sa-lourde-condamnation-a-nimes.jpg\",\"articleSection\":[\"S\u00e9curit\u00e9 Du Travail En Ile-De-France Et Divers:\"],\"inLanguage\":\"fr-FR\"},{\"@type\":\"WebPage\",\"@id\":\"https:\\\/\\\/www.accidentdutravail-idf.net\\\/blog\\\/accidents-du-travail-dans-des-centres-de-recyclage-la-societe-paprec-jugee-a-montpellier-apres-sa-lourde-condamnation-a-nimes\\\/\",\"url\":\"https:\\\/\\\/www.accidentdutravail-idf.net\\\/blog\\\/accidents-du-travail-dans-des-centres-de-recyclage-la-societe-paprec-jugee-a-montpellier-apres-sa-lourde-condamnation-a-nimes\\\/\",\"name\":\"Accidents du travail dans des centres de recyclage : la soci\u00e9t\u00e9 Paprec jug\u00e9e \u00e0 Montpellier apr\u00e8s sa lourde condamnation \u00e0 N\u00eemes - ACCIDENTDUTRAVAIL-IDF\",\"isPartOf\":{\"@id\":\"https:\\\/\\\/www.accidentdutravail-idf.net\\\/blog\\\/#website\"},\"primaryImageOfPage\":{\"@id\":\"https:\\\/\\\/www.accidentdutravail-idf.net\\\/blog\\\/accidents-du-travail-dans-des-centres-de-recyclage-la-societe-paprec-jugee-a-montpellier-apres-sa-lourde-condamnation-a-nimes\\\/#primaryimage\"},\"image\":{\"@id\":\"https:\\\/\\\/www.accidentdutravail-idf.net\\\/blog\\\/accidents-du-travail-dans-des-centres-de-recyclage-la-societe-paprec-jugee-a-montpellier-apres-sa-lourde-condamnation-a-nimes\\\/#primaryimage\"},\"thumbnailUrl\":\"https:\\\/\\\/www.accidentdutravail-idf.net\\\/blog\\\/wp-content\\\/uploads\\\/2026\\\/04\\\/accidents-du-travail-dans-des-centres-de-recyclage-la-societe-paprec-jugee-a-montpellier-apres-sa-lourde-condamnation-a-nimes.jpg\",\"datePublished\":\"2026-04-07T00:19:00+00:00\",\"description\":\"Accidents du travail dans des centres de recyclage : la soci\u00e9t\u00e9 Paprec jug\u00e9e \u00e0 Montpellier apr\u00e8s sa lourde condamnation \u00e0 N\u00eemes article de ACCIDENTDUTRAVAIL-IDF\",\"breadcrumb\":{\"@id\":\"https:\\\/\\\/www.accidentdutravail-idf.net\\\/blog\\\/accidents-du-travail-dans-des-centres-de-recyclage-la-societe-paprec-jugee-a-montpellier-apres-sa-lourde-condamnation-a-nimes\\\/#breadcrumb\"},\"inLanguage\":\"fr-FR\",\"potentialAction\":[{\"@type\":\"ReadAction\",\"target\":[\"https:\\\/\\\/www.accidentdutravail-idf.net\\\/blog\\\/accidents-du-travail-dans-des-centres-de-recyclage-la-societe-paprec-jugee-a-montpellier-apres-sa-lourde-condamnation-a-nimes\\\/\"]}]},{\"@type\":\"ImageObject\",\"inLanguage\":\"fr-FR\",\"@id\":\"https:\\\/\\\/www.accidentdutravail-idf.net\\\/blog\\\/accidents-du-travail-dans-des-centres-de-recyclage-la-societe-paprec-jugee-a-montpellier-apres-sa-lourde-condamnation-a-nimes\\\/#primaryimage\",\"url\":\"https:\\\/\\\/www.accidentdutravail-idf.net\\\/blog\\\/wp-content\\\/uploads\\\/2026\\\/04\\\/accidents-du-travail-dans-des-centres-de-recyclage-la-societe-paprec-jugee-a-montpellier-apres-sa-lourde-condamnation-a-nimes.jpg\",\"contentUrl\":\"https:\\\/\\\/www.accidentdutravail-idf.net\\\/blog\\\/wp-content\\\/uploads\\\/2026\\\/04\\\/accidents-du-travail-dans-des-centres-de-recyclage-la-societe-paprec-jugee-a-montpellier-apres-sa-lourde-condamnation-a-nimes.jpg\"},{\"@type\":\"BreadcrumbList\",\"@id\":\"https:\\\/\\\/www.accidentdutravail-idf.net\\\/blog\\\/accidents-du-travail-dans-des-centres-de-recyclage-la-societe-paprec-jugee-a-montpellier-apres-sa-lourde-condamnation-a-nimes\\\/#breadcrumb\",\"itemListElement\":[{\"@type\":\"ListItem\",\"position\":1,\"name\":\"Accueil\",\"item\":\"https:\\\/\\\/www.accidentdutravail-idf.net\\\/blog\\\/\"},{\"@type\":\"ListItem\",\"position\":2,\"name\":\"Accidents du travail dans des centres de recyclage : la soci\u00e9t\u00e9 Paprec jug\u00e9e \u00e0 Montpellier apr\u00e8s sa lourde condamnation \u00e0 N\u00eemes\"}]},{\"@type\":\"WebSite\",\"@id\":\"https:\\\/\\\/www.accidentdutravail-idf.net\\\/blog\\\/#website\",\"url\":\"https:\\\/\\\/www.accidentdutravail-idf.net\\\/blog\\\/\",\"name\":\"ACCIDENTDUTRAVAIL-IDF\",\"description\":\"Portail accidents du travail-maladies professionnelles des entreprises d&#039;Ile-de-France\",\"publisher\":{\"@id\":\"https:\\\/\\\/www.accidentdutravail-idf.net\\\/blog\\\/#organization\"},\"potentialAction\":[{\"@type\":\"SearchAction\",\"target\":{\"@type\":\"EntryPoint\",\"urlTemplate\":\"https:\\\/\\\/www.accidentdutravail-idf.net\\\/blog\\\/?s={search_term_string}\"},\"query-input\":{\"@type\":\"PropertyValueSpecification\",\"valueRequired\":true,\"valueName\":\"search_term_string\"}}],\"inLanguage\":\"fr-FR\"},{\"@type\":\"Organization\",\"@id\":\"https:\\\/\\\/www.accidentdutravail-idf.net\\\/blog\\\/#organization\",\"name\":\"accidentdutravail-idf\",\"url\":\"https:\\\/\\\/www.accidentdutravail-idf.net\\\/blog\\\/\",\"logo\":{\"@type\":\"ImageObject\",\"inLanguage\":\"fr-FR\",\"@id\":\"https:\\\/\\\/www.accidentdutravail-idf.net\\\/blog\\\/#\\\/schema\\\/logo\\\/image\\\/\",\"url\":\"https:\\\/\\\/www.accidentdutravail-idf.net\\\/blog\\\/wp-content\\\/uploads\\\/2022\\\/09\\\/logo-2.png\",\"contentUrl\":\"https:\\\/\\\/www.accidentdutravail-idf.net\\\/blog\\\/wp-content\\\/uploads\\\/2022\\\/09\\\/logo-2.png\",\"width\":380,\"height\":291,\"caption\":\"accidentdutravail-idf\"},\"image\":{\"@id\":\"https:\\\/\\\/www.accidentdutravail-idf.net\\\/blog\\\/#\\\/schema\\\/logo\\\/image\\\/\"}},{\"@type\":\"Person\",\"@id\":\"https:\\\/\\\/www.accidentdutravail-idf.net\\\/blog\\\/#\\\/schema\\\/person\\\/3255d2f970de45e64bd9201f38e7b947\",\"name\":\"Carlos Poulain\",\"image\":{\"@type\":\"ImageObject\",\"inLanguage\":\"fr-FR\",\"@id\":\"https:\\\/\\\/secure.gravatar.com\\\/avatar\\\/b1c2f9d3588e34e91adb093635df64ef4b2381991216be7576466cfcdca4baf3?s=96&d=mm&r=g\",\"url\":\"https:\\\/\\\/secure.gravatar.com\\\/avatar\\\/b1c2f9d3588e34e91adb093635df64ef4b2381991216be7576466cfcdca4baf3?s=96&d=mm&r=g\",\"contentUrl\":\"https:\\\/\\\/secure.gravatar.com\\\/avatar\\\/b1c2f9d3588e34e91adb093635df64ef4b2381991216be7576466cfcdca4baf3?s=96&d=mm&r=g\",\"caption\":\"Carlos Poulain\"},\"url\":\"https:\\\/\\\/www.accidentdutravail-idf.net\\\/blog\\\/author\\\/idfcarlos\\\/\"}]}<\/script>\n<!-- \/ Yoast SEO plugin. -->","yoast_head_json":{"title":"Accidents du travail dans des centres de recyclage : la soci\u00e9t\u00e9 Paprec jug\u00e9e \u00e0 Montpellier apr\u00e8s sa lourde condamnation \u00e0 N\u00eemes - ACCIDENTDUTRAVAIL-IDF","description":"Accidents du travail dans des centres de recyclage : la soci\u00e9t\u00e9 Paprec jug\u00e9e \u00e0 Montpellier apr\u00e8s sa lourde condamnation \u00e0 N\u00eemes article de ACCIDENTDUTRAVAIL-IDF","robots":{"index":"index","follow":"follow","max-snippet":"max-snippet:-1","max-image-preview":"max-image-preview:large","max-video-preview":"max-video-preview:-1"},"canonical":"https:\/\/www.accidentdutravail-idf.net\/blog\/accidents-du-travail-dans-des-centres-de-recyclage-la-societe-paprec-jugee-a-montpellier-apres-sa-lourde-condamnation-a-nimes\/","og_locale":"fr_FR","og_type":"article","og_title":"Accidents du travail dans des centres de recyclage : la soci\u00e9t\u00e9 Paprec jug\u00e9e \u00e0 Montpellier apr\u00e8s sa lourde condamnation \u00e0 N\u00eemes - ACCIDENTDUTRAVAIL-IDF","og_description":"Accidents du travail dans des centres de recyclage : la soci\u00e9t\u00e9 Paprec jug\u00e9e \u00e0 Montpellier apr\u00e8s sa lourde condamnation \u00e0 N\u00eemes article de ACCIDENTDUTRAVAIL-IDF","og_url":"https:\/\/www.accidentdutravail-idf.net\/blog\/accidents-du-travail-dans-des-centres-de-recyclage-la-societe-paprec-jugee-a-montpellier-apres-sa-lourde-condamnation-a-nimes\/","og_site_name":"ACCIDENTDUTRAVAIL-IDF","article_published_time":"2026-04-07T00:19:00+00:00","og_image":[{"url":"https:\/\/www.accidentdutravail-idf.net\/blog\/wp-content\/uploads\/2026\/04\/accidents-du-travail-dans-des-centres-de-recyclage-la-societe-paprec-jugee-a-montpellier-apres-sa-lourde-condamnation-a-nimes.jpg","type":"","width":"","height":""}],"author":"Carlos Poulain","twitter_card":"summary_large_image","twitter_misc":{"\u00c9crit par":"Carlos Poulain","Dur\u00e9e de lecture estim\u00e9e":"2 minutes"},"schema":{"@context":"https:\/\/schema.org","@graph":[{"@type":"Article","@id":"https:\/\/www.accidentdutravail-idf.net\/blog\/accidents-du-travail-dans-des-centres-de-recyclage-la-societe-paprec-jugee-a-montpellier-apres-sa-lourde-condamnation-a-nimes\/#article","isPartOf":{"@id":"https:\/\/www.accidentdutravail-idf.net\/blog\/accidents-du-travail-dans-des-centres-de-recyclage-la-societe-paprec-jugee-a-montpellier-apres-sa-lourde-condamnation-a-nimes\/"},"author":{"name":"Carlos Poulain","@id":"https:\/\/www.accidentdutravail-idf.net\/blog\/#\/schema\/person\/3255d2f970de45e64bd9201f38e7b947"},"headline":"Accidents du travail dans des centres de recyclage : la soci\u00e9t\u00e9 Paprec jug\u00e9e \u00e0 Montpellier apr\u00e8s sa lourde condamnation \u00e0 N\u00eemes","datePublished":"2026-04-07T00:19:00+00:00","mainEntityOfPage":{"@id":"https:\/\/www.accidentdutravail-idf.net\/blog\/accidents-du-travail-dans-des-centres-de-recyclage-la-societe-paprec-jugee-a-montpellier-apres-sa-lourde-condamnation-a-nimes\/"},"wordCount":458,"publisher":{"@id":"https:\/\/www.accidentdutravail-idf.net\/blog\/#organization"},"image":{"@id":"https:\/\/www.accidentdutravail-idf.net\/blog\/accidents-du-travail-dans-des-centres-de-recyclage-la-societe-paprec-jugee-a-montpellier-apres-sa-lourde-condamnation-a-nimes\/#primaryimage"},"thumbnailUrl":"https:\/\/www.accidentdutravail-idf.net\/blog\/wp-content\/uploads\/2026\/04\/accidents-du-travail-dans-des-centres-de-recyclage-la-societe-paprec-jugee-a-montpellier-apres-sa-lourde-condamnation-a-nimes.jpg","articleSection":["S\u00e9curit\u00e9 Du Travail En Ile-De-France Et Divers:"],"inLanguage":"fr-FR"},{"@type":"WebPage","@id":"https:\/\/www.accidentdutravail-idf.net\/blog\/accidents-du-travail-dans-des-centres-de-recyclage-la-societe-paprec-jugee-a-montpellier-apres-sa-lourde-condamnation-a-nimes\/","url":"https:\/\/www.accidentdutravail-idf.net\/blog\/accidents-du-travail-dans-des-centres-de-recyclage-la-societe-paprec-jugee-a-montpellier-apres-sa-lourde-condamnation-a-nimes\/","name":"Accidents du travail dans des centres de recyclage : la soci\u00e9t\u00e9 Paprec jug\u00e9e \u00e0 Montpellier apr\u00e8s sa lourde condamnation \u00e0 N\u00eemes - ACCIDENTDUTRAVAIL-IDF","isPartOf":{"@id":"https:\/\/www.accidentdutravail-idf.net\/blog\/#website"},"primaryImageOfPage":{"@id":"https:\/\/www.accidentdutravail-idf.net\/blog\/accidents-du-travail-dans-des-centres-de-recyclage-la-societe-paprec-jugee-a-montpellier-apres-sa-lourde-condamnation-a-nimes\/#primaryimage"},"image":{"@id":"https:\/\/www.accidentdutravail-idf.net\/blog\/accidents-du-travail-dans-des-centres-de-recyclage-la-societe-paprec-jugee-a-montpellier-apres-sa-lourde-condamnation-a-nimes\/#primaryimage"},"thumbnailUrl":"https:\/\/www.accidentdutravail-idf.net\/blog\/wp-content\/uploads\/2026\/04\/accidents-du-travail-dans-des-centres-de-recyclage-la-societe-paprec-jugee-a-montpellier-apres-sa-lourde-condamnation-a-nimes.jpg","datePublished":"2026-04-07T00:19:00+00:00","description":"Accidents du travail dans des centres de recyclage : la soci\u00e9t\u00e9 Paprec jug\u00e9e \u00e0 Montpellier apr\u00e8s sa lourde condamnation \u00e0 N\u00eemes article de ACCIDENTDUTRAVAIL-IDF","breadcrumb":{"@id":"https:\/\/www.accidentdutravail-idf.net\/blog\/accidents-du-travail-dans-des-centres-de-recyclage-la-societe-paprec-jugee-a-montpellier-apres-sa-lourde-condamnation-a-nimes\/#breadcrumb"},"inLanguage":"fr-FR","potentialAction":[{"@type":"ReadAction","target":["https:\/\/www.accidentdutravail-idf.net\/blog\/accidents-du-travail-dans-des-centres-de-recyclage-la-societe-paprec-jugee-a-montpellier-apres-sa-lourde-condamnation-a-nimes\/"]}]},{"@type":"ImageObject","inLanguage":"fr-FR","@id":"https:\/\/www.accidentdutravail-idf.net\/blog\/accidents-du-travail-dans-des-centres-de-recyclage-la-societe-paprec-jugee-a-montpellier-apres-sa-lourde-condamnation-a-nimes\/#primaryimage","url":"https:\/\/www.accidentdutravail-idf.net\/blog\/wp-content\/uploads\/2026\/04\/accidents-du-travail-dans-des-centres-de-recyclage-la-societe-paprec-jugee-a-montpellier-apres-sa-lourde-condamnation-a-nimes.jpg","contentUrl":"https:\/\/www.accidentdutravail-idf.net\/blog\/wp-content\/uploads\/2026\/04\/accidents-du-travail-dans-des-centres-de-recyclage-la-societe-paprec-jugee-a-montpellier-apres-sa-lourde-condamnation-a-nimes.jpg"},{"@type":"BreadcrumbList","@id":"https:\/\/www.accidentdutravail-idf.net\/blog\/accidents-du-travail-dans-des-centres-de-recyclage-la-societe-paprec-jugee-a-montpellier-apres-sa-lourde-condamnation-a-nimes\/#breadcrumb","itemListElement":[{"@type":"ListItem","position":1,"name":"Accueil","item":"https:\/\/www.accidentdutravail-idf.net\/blog\/"},{"@type":"ListItem","position":2,"name":"Accidents du travail dans des centres de recyclage : la soci\u00e9t\u00e9 Paprec jug\u00e9e \u00e0 Montpellier apr\u00e8s sa lourde condamnation \u00e0 N\u00eemes"}]},{"@type":"WebSite","@id":"https:\/\/www.accidentdutravail-idf.net\/blog\/#website","url":"https:\/\/www.accidentdutravail-idf.net\/blog\/","name":"ACCIDENTDUTRAVAIL-IDF","description":"Portail accidents du travail-maladies professionnelles des entreprises d&#039;Ile-de-France","publisher":{"@id":"https:\/\/www.accidentdutravail-idf.net\/blog\/#organization"},"potentialAction":[{"@type":"SearchAction","target":{"@type":"EntryPoint","urlTemplate":"https:\/\/www.accidentdutravail-idf.net\/blog\/?s={search_term_string}"},"query-input":{"@type":"PropertyValueSpecification","valueRequired":true,"valueName":"search_term_string"}}],"inLanguage":"fr-FR"},{"@type":"Organization","@id":"https:\/\/www.accidentdutravail-idf.net\/blog\/#organization","name":"accidentdutravail-idf","url":"https:\/\/www.accidentdutravail-idf.net\/blog\/","logo":{"@type":"ImageObject","inLanguage":"fr-FR","@id":"https:\/\/www.accidentdutravail-idf.net\/blog\/#\/schema\/logo\/image\/","url":"https:\/\/www.accidentdutravail-idf.net\/blog\/wp-content\/uploads\/2022\/09\/logo-2.png","contentUrl":"https:\/\/www.accidentdutravail-idf.net\/blog\/wp-content\/uploads\/2022\/09\/logo-2.png","width":380,"height":291,"caption":"accidentdutravail-idf"},"image":{"@id":"https:\/\/www.accidentdutravail-idf.net\/blog\/#\/schema\/logo\/image\/"}},{"@type":"Person","@id":"https:\/\/www.accidentdutravail-idf.net\/blog\/#\/schema\/person\/3255d2f970de45e64bd9201f38e7b947","name":"Carlos Poulain","image":{"@type":"ImageObject","inLanguage":"fr-FR","@id":"https:\/\/secure.gravatar.com\/avatar\/b1c2f9d3588e34e91adb093635df64ef4b2381991216be7576466cfcdca4baf3?s=96&d=mm&r=g","url":"https:\/\/secure.gravatar.com\/avatar\/b1c2f9d3588e34e91adb093635df64ef4b2381991216be7576466cfcdca4baf3?s=96&d=mm&r=g","contentUrl":"https:\/\/secure.gravatar.com\/avatar\/b1c2f9d3588e34e91adb093635df64ef4b2381991216be7576466cfcdca4baf3?s=96&d=mm&r=g","caption":"Carlos Poulain"},"url":"https:\/\/www.accidentdutravail-idf.net\/blog\/author\/idfcarlos\/"}]}},"_links":{"self":[{"href":"https:\/\/www.accidentdutravail-idf.net\/blog\/wp-json\/wp\/v2\/posts\/2298","targetHints":{"allow":["GET"]}}],"collection":[{"href":"https:\/\/www.accidentdutravail-idf.net\/blog\/wp-json\/wp\/v2\/posts"}],"about":[{"href":"https:\/\/www.accidentdutravail-idf.net\/blog\/wp-json\/wp\/v2\/types\/post"}],"author":[{"embeddable":true,"href":"https:\/\/www.accidentdutravail-idf.net\/blog\/wp-json\/wp\/v2\/users\/2"}],"replies":[{"embeddable":true,"href":"https:\/\/www.accidentdutravail-idf.net\/blog\/wp-json\/wp\/v2\/comments?post=2298"}],"version-history":[{"count":0,"href":"https:\/\/www.accidentdutravail-idf.net\/blog\/wp-json\/wp\/v2\/posts\/2298\/revisions"}],"wp:attachment":[{"href":"https:\/\/www.accidentdutravail-idf.net\/blog\/wp-json\/wp\/v2\/media?parent=2298"}],"wp:term":[{"taxonomy":"category","embeddable":true,"href":"https:\/\/www.accidentdutravail-idf.net\/blog\/wp-json\/wp\/v2\/categories?post=2298"},{"taxonomy":"post_tag","embeddable":true,"href":"https:\/\/www.accidentdutravail-idf.net\/blog\/wp-json\/wp\/v2\/tags?post=2298"}],"curies":[{"name":"wp","href":"https:\/\/api.w.org\/{rel}","templated":true}]}}