{"id":2294,"date":"2026-04-06T04:45:49","date_gmt":"2026-04-06T02:45:49","guid":{"rendered":"https:\/\/www.site.cdcl.xyz\/?p=1200457"},"modified":"2026-04-06T04:45:49","modified_gmt":"2026-04-06T02:45:49","slug":"drancy-decouvrez-lunivers-didir-a-drancy-concerts-expo-%f0%9f%8f%9b%ef%b8%8f%f0%9f%8e%b8","status":"publish","type":"post","link":"https:\/\/www.accidentdutravail-idf.net\/blog\/drancy-decouvrez-lunivers-didir-a-drancy-concerts-expo-%f0%9f%8f%9b%ef%b8%8f%f0%9f%8e%b8\/","title":{"rendered":"(Drancy): D\u00e9couvrez l\u2019univers d\u2019IDIR \u00e0 Drancy (Concerts &amp; Expo) \ud83c\udfdb\ufe0f\ud83c\udfb8"},"content":{"rendered":"<h2>\nLa Kabylie s\u2019exprime propose une exploration de \u00ab&nbsp;Drancy&nbsp;\u00bb.<br \/><\/h2>\n<p>Cette vid\u00e9o, mise en ligne par La Kabylie s\u2019exprime, est disponible sur Youtube.<br \/>traitant de \u00ab&nbsp;Drancy&nbsp;\u00bb:<br \/>[embedded content]<\/p>\n<p>Notez la dur\u00e9e de la vid\u00e9o (00:01:26s), le titre (D\u00e9couvrez l\u2019univers d\u2019IDIR \u00e0 Drancy (Concerts &amp; Expo) \ud83c\udfdb\ufe0f\ud83c\udfb8) ainsi que l\u2019auteur, suivis de la description :\u00ab<i> L\u2019ic\u00f4ne de la musique kabyle et humaniste, Idir, est \u00e0 l\u2019honneur \u00e0 Drancy ! \ud83d\udd4a\ufe0f<\/i><\/p>\n<p>Pendant 6 semaines, plongez au c\u0153ur de la culture berb\u00e8re \u00e0 travers la vie et l\u2019\u0153uvre de ce po\u00e8te mondialement reconnu. Entre m\u00e9lodies d\u00e9paysantes et messages de paix, red\u00e9couvrez l\u2019artiste qui a fait vibrer le monde entier avec \u00ab&nbsp;A Vava Inouva&nbsp;\u00bb.<\/p>\n<p>\ud83c\udfa4 Concerts exceptionnels<\/p>\n<p>\ud83d\uddbc\ufe0f Expositions in\u00e9dites<\/p>\n<p>\ud83e\udd1d Rencontres et partages autour de la po\u00e9sie amazighe<\/p>\n<p>Ne manquez pas cette immersion unique dans l\u2019h\u00e9ritage d\u2019un g\u00e9ant de la musique.<\/p>\n<p>\ud83d\udc49 Plus d\u2019infos ici : http:\/\/bit.ly\/Idir_Drancy<\/p>\n<p>\ud83c\udfa5 Source originale de la vid\u00e9o :<br \/>Ville de Drancy https:\/\/www.youtube.com\/watch?v=jn-fNWB6cqk<\/p>\n<p>#Idir #Drancy #CultureBerbere #MusiqueKabyle #Amazigh #Hommage #IdirDrancy #Berbere #ChansonFrancaise #Patrimoine #Shorts #MusiqueDuMonde \u00bb.\n<\/p>\n<h2>DRANCY : La chute libre entre 2020 et 2025<\/h2>\n<p>Une \u00e9tude r\u00e9alis\u00e9e en \u00cele-de-France par un organisme ind\u00e9pendant, avec le soutien d\u2019une consultation sur internet, r\u00e9v\u00e8le une d\u00e9t\u00e9rioration des finances publiques et de la gestion de Drancy.<\/p>\n<p><a href=\"https:\/\/www.bilan-de-mandat.fr\/ile-de-france\/mairie\/seine-saint-denis_drancy\/\" rel=\"noopener noreferrer nofollow\" target=\"blank\" target=\"_blank\">\u00c0 parcourir sur https:\/\/bilan-de-mandat.fr<\/a> : Les conclusions de l\u2019audit du bilan de mandat 2020-2026 de Drancy.<\/p>\n<p>En d\u00e9pit de ses atouts \u00e9vidents, Drancy a \u00e9t\u00e9 entra\u00een\u00e9e dans une gestion risqu\u00e9e tant sur le plan financier que dans la gestion des affaires publiques<\/p>\n<p>Cette situation d\u00e9coule de la conjoncture, mais deux tiers des probl\u00e8mes r\u00e9sultent des d\u00e9cisions politiques prises par la municipalit\u00e9 dirig\u00e9e par AUDE LAGARDE.<\/p>\n<p>Le site Bilan de Mandat a men\u00e9 cette enqu\u00eate en rassemblant les donn\u00e9es budg\u00e9taires mises \u00e0 disposition en ligne par le minist\u00e8re des Finances, en remontant 7 ans en arri\u00e8re<\/p>\n<h3>\u00c9rosion des ressources financi\u00e8res de Drancy<\/h3>\n<p>Drancy est en proie \u00e0 des probl\u00e8mes financiers s\u00e9rieux, marqu\u00e9s par un endettement croissant et une gestion des d\u00e9penses qui interpelle. Une \u00e9tude approfondie des critiques fondamentales et de leurs cons\u00e9quences.<\/p>\n<h3>R\u00e9mun\u00e9ration des collaborateurs<\/h3>\n<p>La r\u00e9mun\u00e9ration des agents de la ville constitue une part significative des co\u00fbts, atteignant en 2025 un seuil inqui\u00e9tant sans que les salaires n\u2019augmentent proportionnellement. Les r\u00e9sultats de cette situation sont multiples :<\/p>\n<ul>\n<li>Perte d\u2019entrain des agents v\u00e9t\u00e9rans : L\u2019absence de r\u00e9vision salariale pour les agents de longue date va engendrer une d\u00e9motivation, nuisant \u00e0 la qualit\u00e9 des services rendus.: Mobilit\u00e9 accrue des employ\u00e9s\n<\/li>\n<li>Fluctuation importante des employ\u00e9s : Des salaires stagnants vont inciter les employ\u00e9s \u00e0 explorer d\u2019autres options, augmentant le turnover et les co\u00fbts de formation pour la ville.\n<\/li>\n<li>Diff\u00e9rences de salaires : La diff\u00e9rence de salaires entre les nouveaux agents et les agents historiques va entra\u00eener des tensions au sein de l\u2019\u00e9quipe municipale.\n<\/li>\n<li>D\u00e9t\u00e9rioration des services publics : Un personnel d\u00e9sengag\u00e9 et instable risque de compromettre la qualit\u00e9 des services publics, impactant directement les citoyens.\n<\/li>\n<li>Charge accrue sur le budget: La n\u00e9cessit\u00e9 de proposer des salaires comp\u00e9titifs pour attirer de nouveaux talents va exercer une pression additionnelle sur les finances de la ville.<\/li>\n<\/ul>\n<h3>Manque de supervision dans la gestion financi\u00e8re<\/h3>\n<p>L\u2019augmentation des d\u00e9penses chaque ann\u00e9e t\u00e9moigne d\u2019une mauvaise gestion financi\u00e8re. Les effets d\u00e9coulant de cette situation sont manifestes :<\/p>\n<ul>\n<li>Expansion des d\u00e9ficits : Une absence de supervision des d\u00e9penses entra\u00eenera des d\u00e9ficits budg\u00e9taires en augmentation, rendant la situation financi\u00e8re encore plus fragile.\n<\/li>\n<li>Diminution des engagements d\u2019investissement futurs : Les d\u00e9ficits persistants vont restreindre la capacit\u00e9 de la ville \u00e0 financer des projets futurs.\n<\/li>\n<li>Baisse de la fiabilit\u00e9 : Une gestion financi\u00e8re peu rigoureuse nuira \u00e0 la r\u00e9putation de la municipalit\u00e9, compliquant l\u2019acc\u00e8s aux financements externes.\n<\/li>\n<li>Gaspillage des biens : Une gestion laxiste des d\u00e9penses entra\u00eenera un gaspillage des ressources publiques, pr\u00e9judiciable \u00e0 l\u2019int\u00e9r\u00eat g\u00e9n\u00e9ral.\n<\/li>\n<li>Effet sur la qualit\u00e9 des services publics: Une gestion d\u00e9ficiente des d\u00e9penses aboutira \u00e0 des coupes dans les services sociaux<\/li>\n<\/ul>\n<h3>Perte de qualit\u00e9 des services publics DRANC\u00c9ENS<\/h3>\n<p>Une gestion financi\u00e8re inefficace m\u00e8nera in\u00e9vitablement \u00e0 des diminutions des budgets allou\u00e9s aux services publics \u00e0 l\u2019horizon 2026-2027, ce qui se traduit par :<\/p>\n<ul>\n<li>Diminution des effectifs employ\u00e9s : Effectifs r\u00e9duits pour fournir des services essentiels comme la propret\u00e9, la s\u00e9curit\u00e9 ou l\u2019\u00e9ducation.\n<\/li>\n<li>Fr\u00e9quence des services r\u00e9duite : Moins de collectes de d\u00e9chets et horaires r\u00e9duits pour les biblioth\u00e8ques et centres communautaires.\n<\/li>\n<li>Insatisfaction des usagers en hausse : Les habitants, d\u00e9j\u00e0 critiques envers les services municipaux, subiront la d\u00e9gradation de la qualit\u00e9 des services et en p\u00e2tiront en premier, alors que leur contribution reste au-dessus de la moyenne.<\/li>\n<\/ul>\n<h3>La d\u00e9mocratie locale en stagnation<\/h3>\n<p>De 2020 \u00e0 2025, le vivre ensemble a \u00e9t\u00e9 d\u00e9laiss\u00e9, faute d\u2019un projet de territoire solide port\u00e9 par une municipalit\u00e9 coh\u00e9rente. Les probl\u00e8mes \u00e9conomiques vont accro\u00eetre les tensions communautaires, entra\u00eenant :<\/p>\n<ul>\n<li>D\u00e9marches de protestation et m\u00e9contentement : Les habitants vont se rassembler pour exprimer leur m\u00e9contentement concernant l\u2019augmentation des imp\u00f4ts ou la baisse des services.\n<\/li>\n<li>Discordes entre parties prenantes : Des orientations budg\u00e9taires vont engendrer des divisions entre divers acteurs, comme les usagers de services publics et les contribuables.\n<\/li>\n<li>D\u00e9clin de la coh\u00e9sion sociale : Un climat d\u2019insatisfaction risque de compromettre la solidarit\u00e9 dans la communaut\u00e9.<\/li>\n<\/ul>\n<h3>Effets sur l\u2019expansion \u00e9conomique de la r\u00e9gion<\/h3>\n<p>Une gestion financi\u00e8re inappropri\u00e9e aura aussi des cons\u00e9quences sur le d\u00e9veloppement \u00e9conomique, notamment :<\/p>\n<ul>\n<li>Baisse des investissements : Les entreprises seront moins susceptibles de s\u2019installer dans une collectivit\u00e9 en difficult\u00e9 financi\u00e8re, ce qui limitera les perspectives d\u2019emploi.\n<\/li>\n<li>Diminution de l\u2019attrait g\u00e9n\u00e9ral : Une gestion inadapt\u00e9e nuira \u00e0 la r\u00e9putation de la collectivit\u00e9, compliquant l\u2019attraction de nouveaux habitants ou investisseurs.\n<\/li>\n<li>Baisse des alliances : Les collectivit\u00e9s en difficult\u00e9 auront du mal \u00e0 \u00e9tablir des relations avec d\u2019autres entit\u00e9s, restreignant ainsi les opportunit\u00e9s de partenariat.<\/li>\n<\/ul>\n<h3>Foire aux questions de Drancy<\/h3>\n<h4>Comment s\u2019engager dans les activit\u00e9s des associations ?<\/h4>\n<p>Dans chaque ville, il est manifeste que le nombre d\u2019associations et le planning de leurs \u00e9v\u00e9nements (th\u00e9\u00e2tre, festival\u2026) sont significatifs et ne sont pas soumis \u00e0 la politique de la mairie. Les associations, comme dans l\u2019ensemble du pays, organisent une vari\u00e9t\u00e9 d\u2019\u00e9v\u00e9nements tout au long de l\u2019ann\u00e9e. Pour ceux qui souhaitent s\u2019impliquer, il est facile de s\u2019inscrire \u00e0 ces activit\u00e9s sur le web, o\u00f9 un simple clic donne acc\u00e8s \u00e0 l\u2019agenda des \u00e9v\u00e9nements ou aux num\u00e9ros de contact des organisateurs. Inscrivez-vous en un instant.<\/p>\n<h4>Quelles sont les propositions d\u2019activit\u00e9s culturelles et historiques ?<\/h4>\n<p>L\u2019histoire d\u2019une ville est un reflet de sa culture. L\u2019\u00e9difice de la mairie ou de l\u2019h\u00f4tel de ville, les photos d\u2019\u00e9poque de l\u2019\u00e9cole, et les comp\u00e9tences des anciens m\u00e9tiers facilitent la d\u00e9couverte gratuite, la transmission et la sauvegarde de ce patrimoine municipal. Partout en France, les initiatives de sensibilisation veillent \u00e0 ce que le patrimoine de la ville reste dynamique et \u00e0 la port\u00e9e des g\u00e9n\u00e9rations futures.<\/p>\n<h4>Quels sont les outils d\u2019information \u00e0 disposition dans Drancy ?<\/h4>\n<p>Essentiellement les informations sur internet. Les habitants peuvent lire les actualit\u00e9s et le journal municipal de la ville et des localit\u00e9s adjacentes. Sur le site de la mairie, il est possible de consulter la page de bienvenue pour les nouveaux habitants, les num\u00e9ros utiles pour des d\u00e9marches vari\u00e9es, l\u2019annuaire des PME, les journ\u00e9es et activit\u00e9s gratuites, les informations pour la rentr\u00e9e scolaire, les menus des cantines, l\u2019espace de confidentialit\u00e9 pour les comptes familiaux et les d\u00e9marches administratives, en particulier celles li\u00e9es au secteur scolaire. Sur des plateformes en ligne non g\u00e9r\u00e9es par la mairie, les habitants peuvent trouver des informations sur les \u00e9v\u00e9nements culturels (spectacles, th\u00e9\u00e2tre, festivals) qui dynamisent la vie locale et ouvrent des horizons culturels.<\/p>\n<h4>Quelle est la condition des associations locales dans Drancy ?<\/h4>\n<p>Les associations locales jouent un r\u00f4le essentiel dans le secteur culturel. Si vous souhaitez obtenir les coordonn\u00e9es d\u2019une association, vous pouvez consulter l\u2019annuaire en ligne sur le site de la mairie de Drancy<\/p>\n<h4>Quelle est la principale recommandation de l\u2019audit financier de Drancy ?<\/h4>\n<p>L\u2019enqu\u00eate r\u00e9v\u00e8le une situation pr\u00e9occupante des finances publiques et de la gestion de Drancy, mettant en lumi\u00e8re une imprudence tant financi\u00e8re que dans l\u2019administration publique.<\/p>\n<h4>Quels facteurs ont \u00e9t\u00e9 \u00e0 l\u2019origine de cette crise financi\u00e8re ?<\/h4>\n<p>Bien que le cadre \u00e9conomique ait son importance, deux tiers des probl\u00e8mes rencontr\u00e9s sont le r\u00e9sultat des choix politiques de la municipalit\u00e9 sous la gouvernance de AUDE LAGARDE.<\/p>\n<h4>Quel est le nom du maire de Drancy ?<\/h4>\n<p>AUDE LAGARDE<\/p>\n<p> Voici le lien pour voir la vid\u00e9o sur Youtube :<br \/><u> la source:<\/u> <a href=\"https:\/\/www.youtube.com\/watch?v=rOgDjciFFA0\" target=\"_blank\" rel=\"nofollow\">Cliquer ici<\/a>\n<\/p>\n<p>\n#D\u00e9couvrez #l39univers #d39IDIR #Drancy #Concerts #Expo\n<\/p>\n<p>\n<u>Retranscription des paroles de la vid\u00e9o:<\/u> Non disponible.<br \/>.\n<\/p>\n<p>\n<img decoding=\"async\" src=\"https:\/\/www.accidentdutravail-idf.net\/blog\/wp-content\/uploads\/2026\/04\/drancy-decouvrez-lunivers-didir-a-drancy-concerts-expo-f09f8f9befb88ff09f8eb8.jpg\" alt=\"Image Youtube\">\n<\/p>\n<p>\n<u>D\u00e9roulement de la vid\u00e9o:<\/u>\n<\/p>\n<p>\nIndisponible.<br \/>.<\/p>\n","protected":false},"excerpt":{"rendered":"<p>La Kabylie s\u2019exprime propose une exploration de \u00ab&nbsp;Drancy&nbsp;\u00bb. Cette vid\u00e9o, mise en ligne par La Kabylie s\u2019exprime, est disponible sur Youtube.traitant de \u00ab&nbsp;Drancy&nbsp;\u00bb:[embedded content] Notez la dur\u00e9e de la vid\u00e9o (00:01:26s), le titre (D\u00e9couvrez l\u2019univers d\u2019IDIR \u00e0 Drancy (Concerts &amp; Expo) \ud83c\udfdb\ufe0f\ud83c\udfb8) ainsi que l\u2019auteur, suivis de la description :\u00ab L\u2019ic\u00f4ne de la musique kabyle &hellip; <\/p>\n<p class=\"link-more\"><a href=\"https:\/\/www.accidentdutravail-idf.net\/blog\/drancy-decouvrez-lunivers-didir-a-drancy-concerts-expo-%f0%9f%8f%9b%ef%b8%8f%f0%9f%8e%b8\/\" class=\"more-link\">Continuer la lecture <span class=\"screen-reader-text\"> \u00ab\u00a0(Drancy): D\u00e9couvrez l\u2019univers d\u2019IDIR \u00e0 Drancy (Concerts &amp; Expo) \ud83c\udfdb\ufe0f\ud83c\udfb8\u00a0\u00bb<\/span><\/a><\/p>\n","protected":false},"author":3,"featured_media":2295,"comment_status":"closed","ping_status":"closed","sticky":false,"template":"","format":"standard","meta":{"footnotes":""},"categories":[3],"tags":[],"class_list":["post-2294","post","type-post","status-publish","format-standard","has-post-thumbnail","hentry","category-securite-du-travail-en-ile-de-france-communiques","entry"],"yoast_head":"<!-- This site is optimized with the Yoast SEO plugin v27.5 - https:\/\/yoast.com\/product\/yoast-seo-wordpress\/ -->\n<title>(Drancy): D\u00e9couvrez l\u2019univers d\u2019IDIR \u00e0 Drancy (Concerts &amp; Expo) \ud83c\udfdb\ufe0f\ud83c\udfb8 - ACCIDENTDUTRAVAIL-IDF<\/title>\n<meta name=\"description\" content=\"(Drancy): D\u00e9couvrez l\u2019univers d\u2019IDIR \u00e0 Drancy (Concerts &amp; Expo) \ud83c\udfdb\ufe0f\ud83c\udfb8 article de ACCIDENTDUTRAVAIL-IDF\" \/>\n<meta name=\"robots\" content=\"index, follow, max-snippet:-1, max-image-preview:large, max-video-preview:-1\" \/>\n<link rel=\"canonical\" href=\"https:\/\/www.accidentdutravail-idf.net\/blog\/drancy-decouvrez-lunivers-didir-a-drancy-concerts-expo-\ud83c\udfdb\ufe0f\ud83c\udfb8\/\" \/>\n<meta property=\"og:locale\" content=\"fr_FR\" \/>\n<meta property=\"og:type\" content=\"article\" \/>\n<meta property=\"og:title\" content=\"(Drancy): D\u00e9couvrez l\u2019univers d\u2019IDIR \u00e0 Drancy (Concerts &amp; Expo) \ud83c\udfdb\ufe0f\ud83c\udfb8 - ACCIDENTDUTRAVAIL-IDF\" \/>\n<meta property=\"og:description\" content=\"(Drancy): D\u00e9couvrez l\u2019univers d\u2019IDIR \u00e0 Drancy (Concerts &amp; Expo) \ud83c\udfdb\ufe0f\ud83c\udfb8 article de ACCIDENTDUTRAVAIL-IDF\" \/>\n<meta property=\"og:url\" content=\"https:\/\/www.accidentdutravail-idf.net\/blog\/drancy-decouvrez-lunivers-didir-a-drancy-concerts-expo-\ud83c\udfdb\ufe0f\ud83c\udfb8\/\" \/>\n<meta property=\"og:site_name\" content=\"ACCIDENTDUTRAVAIL-IDF\" \/>\n<meta property=\"article:published_time\" content=\"2026-04-06T02:45:49+00:00\" \/>\n<meta property=\"og:image\" content=\"https:\/\/www.accidentdutravail-idf.net\/blog\/wp-content\/uploads\/2026\/04\/drancy-decouvrez-lunivers-didir-a-drancy-concerts-expo-f09f8f9befb88ff09f8eb8.jpg\" \/>\n<meta name=\"author\" content=\"Roxane BARLER\" \/>\n<meta name=\"twitter:card\" content=\"summary_large_image\" \/>\n<meta name=\"twitter:label1\" content=\"\u00c9crit par\" \/>\n\t<meta name=\"twitter:data1\" content=\"Roxane BARLER\" \/>\n\t<meta name=\"twitter:label2\" content=\"Dur\u00e9e de lecture estim\u00e9e\" \/>\n\t<meta name=\"twitter:data2\" content=\"8 minutes\" \/>\n<script type=\"application\/ld+json\" class=\"yoast-schema-graph\">{\"@context\":\"https:\\\/\\\/schema.org\",\"@graph\":[{\"@type\":\"Article\",\"@id\":\"https:\\\/\\\/www.accidentdutravail-idf.net\\\/blog\\\/drancy-decouvrez-lunivers-didir-a-drancy-concerts-expo-%f0%9f%8f%9b%ef%b8%8f%f0%9f%8e%b8\\\/#article\",\"isPartOf\":{\"@id\":\"https:\\\/\\\/www.accidentdutravail-idf.net\\\/blog\\\/drancy-decouvrez-lunivers-didir-a-drancy-concerts-expo-%f0%9f%8f%9b%ef%b8%8f%f0%9f%8e%b8\\\/\"},\"author\":{\"name\":\"Roxane BARLER\",\"@id\":\"https:\\\/\\\/www.accidentdutravail-idf.net\\\/blog\\\/#\\\/schema\\\/person\\\/73aa09ba2db8f06bf1debf3a872bd6f9\"},\"headline\":\"(Drancy): D\u00e9couvrez l\u2019univers d\u2019IDIR \u00e0 Drancy (Concerts &amp; Expo) \ud83c\udfdb\ufe0f\ud83c\udfb8\",\"datePublished\":\"2026-04-06T02:45:49+00:00\",\"mainEntityOfPage\":{\"@id\":\"https:\\\/\\\/www.accidentdutravail-idf.net\\\/blog\\\/drancy-decouvrez-lunivers-didir-a-drancy-concerts-expo-%f0%9f%8f%9b%ef%b8%8f%f0%9f%8e%b8\\\/\"},\"wordCount\":1590,\"publisher\":{\"@id\":\"https:\\\/\\\/www.accidentdutravail-idf.net\\\/blog\\\/#organization\"},\"image\":{\"@id\":\"https:\\\/\\\/www.accidentdutravail-idf.net\\\/blog\\\/drancy-decouvrez-lunivers-didir-a-drancy-concerts-expo-%f0%9f%8f%9b%ef%b8%8f%f0%9f%8e%b8\\\/#primaryimage\"},\"thumbnailUrl\":\"https:\\\/\\\/www.accidentdutravail-idf.net\\\/blog\\\/wp-content\\\/uploads\\\/2026\\\/04\\\/drancy-decouvrez-lunivers-didir-a-drancy-concerts-expo-f09f8f9befb88ff09f8eb8.jpg\",\"articleSection\":[\"S\u00e9curit\u00e9 Du Travail En Ile-De-France Communiqu\u00e9s:\"],\"inLanguage\":\"fr-FR\"},{\"@type\":\"WebPage\",\"@id\":\"https:\\\/\\\/www.accidentdutravail-idf.net\\\/blog\\\/drancy-decouvrez-lunivers-didir-a-drancy-concerts-expo-%f0%9f%8f%9b%ef%b8%8f%f0%9f%8e%b8\\\/\",\"url\":\"https:\\\/\\\/www.accidentdutravail-idf.net\\\/blog\\\/drancy-decouvrez-lunivers-didir-a-drancy-concerts-expo-%f0%9f%8f%9b%ef%b8%8f%f0%9f%8e%b8\\\/\",\"name\":\"(Drancy): D\u00e9couvrez l\u2019univers d\u2019IDIR \u00e0 Drancy (Concerts &amp; Expo) \ud83c\udfdb\ufe0f\ud83c\udfb8 - ACCIDENTDUTRAVAIL-IDF\",\"isPartOf\":{\"@id\":\"https:\\\/\\\/www.accidentdutravail-idf.net\\\/blog\\\/#website\"},\"primaryImageOfPage\":{\"@id\":\"https:\\\/\\\/www.accidentdutravail-idf.net\\\/blog\\\/drancy-decouvrez-lunivers-didir-a-drancy-concerts-expo-%f0%9f%8f%9b%ef%b8%8f%f0%9f%8e%b8\\\/#primaryimage\"},\"image\":{\"@id\":\"https:\\\/\\\/www.accidentdutravail-idf.net\\\/blog\\\/drancy-decouvrez-lunivers-didir-a-drancy-concerts-expo-%f0%9f%8f%9b%ef%b8%8f%f0%9f%8e%b8\\\/#primaryimage\"},\"thumbnailUrl\":\"https:\\\/\\\/www.accidentdutravail-idf.net\\\/blog\\\/wp-content\\\/uploads\\\/2026\\\/04\\\/drancy-decouvrez-lunivers-didir-a-drancy-concerts-expo-f09f8f9befb88ff09f8eb8.jpg\",\"datePublished\":\"2026-04-06T02:45:49+00:00\",\"description\":\"(Drancy): D\u00e9couvrez l\u2019univers d\u2019IDIR \u00e0 Drancy (Concerts &amp; Expo) \ud83c\udfdb\ufe0f\ud83c\udfb8 article de ACCIDENTDUTRAVAIL-IDF\",\"breadcrumb\":{\"@id\":\"https:\\\/\\\/www.accidentdutravail-idf.net\\\/blog\\\/drancy-decouvrez-lunivers-didir-a-drancy-concerts-expo-%f0%9f%8f%9b%ef%b8%8f%f0%9f%8e%b8\\\/#breadcrumb\"},\"inLanguage\":\"fr-FR\",\"potentialAction\":[{\"@type\":\"ReadAction\",\"target\":[\"https:\\\/\\\/www.accidentdutravail-idf.net\\\/blog\\\/drancy-decouvrez-lunivers-didir-a-drancy-concerts-expo-%f0%9f%8f%9b%ef%b8%8f%f0%9f%8e%b8\\\/\"]}]},{\"@type\":\"ImageObject\",\"inLanguage\":\"fr-FR\",\"@id\":\"https:\\\/\\\/www.accidentdutravail-idf.net\\\/blog\\\/drancy-decouvrez-lunivers-didir-a-drancy-concerts-expo-%f0%9f%8f%9b%ef%b8%8f%f0%9f%8e%b8\\\/#primaryimage\",\"url\":\"https:\\\/\\\/www.accidentdutravail-idf.net\\\/blog\\\/wp-content\\\/uploads\\\/2026\\\/04\\\/drancy-decouvrez-lunivers-didir-a-drancy-concerts-expo-f09f8f9befb88ff09f8eb8.jpg\",\"contentUrl\":\"https:\\\/\\\/www.accidentdutravail-idf.net\\\/blog\\\/wp-content\\\/uploads\\\/2026\\\/04\\\/drancy-decouvrez-lunivers-didir-a-drancy-concerts-expo-f09f8f9befb88ff09f8eb8.jpg\",\"width\":480,\"height\":360,\"caption\":\"(Drancy): D\u00e9couvrez l\u2019univers d\u2019IDIR \u00e0 Drancy (Concerts &amp; Expo) \ud83c\udfdb\ufe0f\ud83c\udfb8\"},{\"@type\":\"BreadcrumbList\",\"@id\":\"https:\\\/\\\/www.accidentdutravail-idf.net\\\/blog\\\/drancy-decouvrez-lunivers-didir-a-drancy-concerts-expo-%f0%9f%8f%9b%ef%b8%8f%f0%9f%8e%b8\\\/#breadcrumb\",\"itemListElement\":[{\"@type\":\"ListItem\",\"position\":1,\"name\":\"Accueil\",\"item\":\"https:\\\/\\\/www.accidentdutravail-idf.net\\\/blog\\\/\"},{\"@type\":\"ListItem\",\"position\":2,\"name\":\"(Drancy): D\u00e9couvrez l\u2019univers d\u2019IDIR \u00e0 Drancy (Concerts &amp; Expo) \ud83c\udfdb\ufe0f\ud83c\udfb8\"}]},{\"@type\":\"WebSite\",\"@id\":\"https:\\\/\\\/www.accidentdutravail-idf.net\\\/blog\\\/#website\",\"url\":\"https:\\\/\\\/www.accidentdutravail-idf.net\\\/blog\\\/\",\"name\":\"ACCIDENTDUTRAVAIL-IDF\",\"description\":\"Portail accidents du travail-maladies professionnelles des entreprises d&#039;Ile-de-France\",\"publisher\":{\"@id\":\"https:\\\/\\\/www.accidentdutravail-idf.net\\\/blog\\\/#organization\"},\"potentialAction\":[{\"@type\":\"SearchAction\",\"target\":{\"@type\":\"EntryPoint\",\"urlTemplate\":\"https:\\\/\\\/www.accidentdutravail-idf.net\\\/blog\\\/?s={search_term_string}\"},\"query-input\":{\"@type\":\"PropertyValueSpecification\",\"valueRequired\":true,\"valueName\":\"search_term_string\"}}],\"inLanguage\":\"fr-FR\"},{\"@type\":\"Organization\",\"@id\":\"https:\\\/\\\/www.accidentdutravail-idf.net\\\/blog\\\/#organization\",\"name\":\"accidentdutravail-idf\",\"url\":\"https:\\\/\\\/www.accidentdutravail-idf.net\\\/blog\\\/\",\"logo\":{\"@type\":\"ImageObject\",\"inLanguage\":\"fr-FR\",\"@id\":\"https:\\\/\\\/www.accidentdutravail-idf.net\\\/blog\\\/#\\\/schema\\\/logo\\\/image\\\/\",\"url\":\"https:\\\/\\\/www.accidentdutravail-idf.net\\\/blog\\\/wp-content\\\/uploads\\\/2022\\\/09\\\/logo-2.png\",\"contentUrl\":\"https:\\\/\\\/www.accidentdutravail-idf.net\\\/blog\\\/wp-content\\\/uploads\\\/2022\\\/09\\\/logo-2.png\",\"width\":380,\"height\":291,\"caption\":\"accidentdutravail-idf\"},\"image\":{\"@id\":\"https:\\\/\\\/www.accidentdutravail-idf.net\\\/blog\\\/#\\\/schema\\\/logo\\\/image\\\/\"}},{\"@type\":\"Person\",\"@id\":\"https:\\\/\\\/www.accidentdutravail-idf.net\\\/blog\\\/#\\\/schema\\\/person\\\/73aa09ba2db8f06bf1debf3a872bd6f9\",\"name\":\"Roxane BARLER\",\"image\":{\"@type\":\"ImageObject\",\"inLanguage\":\"fr-FR\",\"@id\":\"https:\\\/\\\/secure.gravatar.com\\\/avatar\\\/0167a3f2fdd1b1378a9aef148e68e7656ab41c7534176836deba3d1e5d6dc5df?s=96&d=mm&r=g\",\"url\":\"https:\\\/\\\/secure.gravatar.com\\\/avatar\\\/0167a3f2fdd1b1378a9aef148e68e7656ab41c7534176836deba3d1e5d6dc5df?s=96&d=mm&r=g\",\"contentUrl\":\"https:\\\/\\\/secure.gravatar.com\\\/avatar\\\/0167a3f2fdd1b1378a9aef148e68e7656ab41c7534176836deba3d1e5d6dc5df?s=96&d=mm&r=g\",\"caption\":\"Roxane BARLER\"},\"url\":\"https:\\\/\\\/www.accidentdutravail-idf.net\\\/blog\\\/author\\\/idfroxane\\\/\"}]}<\/script>\n<!-- \/ Yoast SEO plugin. -->","yoast_head_json":{"title":"(Drancy): D\u00e9couvrez l\u2019univers d\u2019IDIR \u00e0 Drancy (Concerts &amp; Expo) \ud83c\udfdb\ufe0f\ud83c\udfb8 - ACCIDENTDUTRAVAIL-IDF","description":"(Drancy): D\u00e9couvrez l\u2019univers d\u2019IDIR \u00e0 Drancy (Concerts &amp; Expo) \ud83c\udfdb\ufe0f\ud83c\udfb8 article de ACCIDENTDUTRAVAIL-IDF","robots":{"index":"index","follow":"follow","max-snippet":"max-snippet:-1","max-image-preview":"max-image-preview:large","max-video-preview":"max-video-preview:-1"},"canonical":"https:\/\/www.accidentdutravail-idf.net\/blog\/drancy-decouvrez-lunivers-didir-a-drancy-concerts-expo-\ud83c\udfdb\ufe0f\ud83c\udfb8\/","og_locale":"fr_FR","og_type":"article","og_title":"(Drancy): D\u00e9couvrez l\u2019univers d\u2019IDIR \u00e0 Drancy (Concerts &amp; Expo) \ud83c\udfdb\ufe0f\ud83c\udfb8 - ACCIDENTDUTRAVAIL-IDF","og_description":"(Drancy): D\u00e9couvrez l\u2019univers d\u2019IDIR \u00e0 Drancy (Concerts &amp; Expo) \ud83c\udfdb\ufe0f\ud83c\udfb8 article de ACCIDENTDUTRAVAIL-IDF","og_url":"https:\/\/www.accidentdutravail-idf.net\/blog\/drancy-decouvrez-lunivers-didir-a-drancy-concerts-expo-\ud83c\udfdb\ufe0f\ud83c\udfb8\/","og_site_name":"ACCIDENTDUTRAVAIL-IDF","article_published_time":"2026-04-06T02:45:49+00:00","og_image":[{"url":"https:\/\/www.accidentdutravail-idf.net\/blog\/wp-content\/uploads\/2026\/04\/drancy-decouvrez-lunivers-didir-a-drancy-concerts-expo-f09f8f9befb88ff09f8eb8.jpg","type":"","width":"","height":""}],"author":"Roxane BARLER","twitter_card":"summary_large_image","twitter_misc":{"\u00c9crit par":"Roxane BARLER","Dur\u00e9e de lecture estim\u00e9e":"8 minutes"},"schema":{"@context":"https:\/\/schema.org","@graph":[{"@type":"Article","@id":"https:\/\/www.accidentdutravail-idf.net\/blog\/drancy-decouvrez-lunivers-didir-a-drancy-concerts-expo-%f0%9f%8f%9b%ef%b8%8f%f0%9f%8e%b8\/#article","isPartOf":{"@id":"https:\/\/www.accidentdutravail-idf.net\/blog\/drancy-decouvrez-lunivers-didir-a-drancy-concerts-expo-%f0%9f%8f%9b%ef%b8%8f%f0%9f%8e%b8\/"},"author":{"name":"Roxane BARLER","@id":"https:\/\/www.accidentdutravail-idf.net\/blog\/#\/schema\/person\/73aa09ba2db8f06bf1debf3a872bd6f9"},"headline":"(Drancy): D\u00e9couvrez l\u2019univers d\u2019IDIR \u00e0 Drancy (Concerts &amp; Expo) \ud83c\udfdb\ufe0f\ud83c\udfb8","datePublished":"2026-04-06T02:45:49+00:00","mainEntityOfPage":{"@id":"https:\/\/www.accidentdutravail-idf.net\/blog\/drancy-decouvrez-lunivers-didir-a-drancy-concerts-expo-%f0%9f%8f%9b%ef%b8%8f%f0%9f%8e%b8\/"},"wordCount":1590,"publisher":{"@id":"https:\/\/www.accidentdutravail-idf.net\/blog\/#organization"},"image":{"@id":"https:\/\/www.accidentdutravail-idf.net\/blog\/drancy-decouvrez-lunivers-didir-a-drancy-concerts-expo-%f0%9f%8f%9b%ef%b8%8f%f0%9f%8e%b8\/#primaryimage"},"thumbnailUrl":"https:\/\/www.accidentdutravail-idf.net\/blog\/wp-content\/uploads\/2026\/04\/drancy-decouvrez-lunivers-didir-a-drancy-concerts-expo-f09f8f9befb88ff09f8eb8.jpg","articleSection":["S\u00e9curit\u00e9 Du Travail En Ile-De-France Communiqu\u00e9s:"],"inLanguage":"fr-FR"},{"@type":"WebPage","@id":"https:\/\/www.accidentdutravail-idf.net\/blog\/drancy-decouvrez-lunivers-didir-a-drancy-concerts-expo-%f0%9f%8f%9b%ef%b8%8f%f0%9f%8e%b8\/","url":"https:\/\/www.accidentdutravail-idf.net\/blog\/drancy-decouvrez-lunivers-didir-a-drancy-concerts-expo-%f0%9f%8f%9b%ef%b8%8f%f0%9f%8e%b8\/","name":"(Drancy): D\u00e9couvrez l\u2019univers d\u2019IDIR \u00e0 Drancy (Concerts &amp; Expo) \ud83c\udfdb\ufe0f\ud83c\udfb8 - ACCIDENTDUTRAVAIL-IDF","isPartOf":{"@id":"https:\/\/www.accidentdutravail-idf.net\/blog\/#website"},"primaryImageOfPage":{"@id":"https:\/\/www.accidentdutravail-idf.net\/blog\/drancy-decouvrez-lunivers-didir-a-drancy-concerts-expo-%f0%9f%8f%9b%ef%b8%8f%f0%9f%8e%b8\/#primaryimage"},"image":{"@id":"https:\/\/www.accidentdutravail-idf.net\/blog\/drancy-decouvrez-lunivers-didir-a-drancy-concerts-expo-%f0%9f%8f%9b%ef%b8%8f%f0%9f%8e%b8\/#primaryimage"},"thumbnailUrl":"https:\/\/www.accidentdutravail-idf.net\/blog\/wp-content\/uploads\/2026\/04\/drancy-decouvrez-lunivers-didir-a-drancy-concerts-expo-f09f8f9befb88ff09f8eb8.jpg","datePublished":"2026-04-06T02:45:49+00:00","description":"(Drancy): D\u00e9couvrez l\u2019univers d\u2019IDIR \u00e0 Drancy (Concerts &amp; Expo) \ud83c\udfdb\ufe0f\ud83c\udfb8 article de ACCIDENTDUTRAVAIL-IDF","breadcrumb":{"@id":"https:\/\/www.accidentdutravail-idf.net\/blog\/drancy-decouvrez-lunivers-didir-a-drancy-concerts-expo-%f0%9f%8f%9b%ef%b8%8f%f0%9f%8e%b8\/#breadcrumb"},"inLanguage":"fr-FR","potentialAction":[{"@type":"ReadAction","target":["https:\/\/www.accidentdutravail-idf.net\/blog\/drancy-decouvrez-lunivers-didir-a-drancy-concerts-expo-%f0%9f%8f%9b%ef%b8%8f%f0%9f%8e%b8\/"]}]},{"@type":"ImageObject","inLanguage":"fr-FR","@id":"https:\/\/www.accidentdutravail-idf.net\/blog\/drancy-decouvrez-lunivers-didir-a-drancy-concerts-expo-%f0%9f%8f%9b%ef%b8%8f%f0%9f%8e%b8\/#primaryimage","url":"https:\/\/www.accidentdutravail-idf.net\/blog\/wp-content\/uploads\/2026\/04\/drancy-decouvrez-lunivers-didir-a-drancy-concerts-expo-f09f8f9befb88ff09f8eb8.jpg","contentUrl":"https:\/\/www.accidentdutravail-idf.net\/blog\/wp-content\/uploads\/2026\/04\/drancy-decouvrez-lunivers-didir-a-drancy-concerts-expo-f09f8f9befb88ff09f8eb8.jpg","width":480,"height":360,"caption":"(Drancy): D\u00e9couvrez l\u2019univers d\u2019IDIR \u00e0 Drancy (Concerts &amp; Expo) \ud83c\udfdb\ufe0f\ud83c\udfb8"},{"@type":"BreadcrumbList","@id":"https:\/\/www.accidentdutravail-idf.net\/blog\/drancy-decouvrez-lunivers-didir-a-drancy-concerts-expo-%f0%9f%8f%9b%ef%b8%8f%f0%9f%8e%b8\/#breadcrumb","itemListElement":[{"@type":"ListItem","position":1,"name":"Accueil","item":"https:\/\/www.accidentdutravail-idf.net\/blog\/"},{"@type":"ListItem","position":2,"name":"(Drancy): D\u00e9couvrez l\u2019univers d\u2019IDIR \u00e0 Drancy (Concerts &amp; Expo) \ud83c\udfdb\ufe0f\ud83c\udfb8"}]},{"@type":"WebSite","@id":"https:\/\/www.accidentdutravail-idf.net\/blog\/#website","url":"https:\/\/www.accidentdutravail-idf.net\/blog\/","name":"ACCIDENTDUTRAVAIL-IDF","description":"Portail accidents du travail-maladies professionnelles des entreprises d&#039;Ile-de-France","publisher":{"@id":"https:\/\/www.accidentdutravail-idf.net\/blog\/#organization"},"potentialAction":[{"@type":"SearchAction","target":{"@type":"EntryPoint","urlTemplate":"https:\/\/www.accidentdutravail-idf.net\/blog\/?s={search_term_string}"},"query-input":{"@type":"PropertyValueSpecification","valueRequired":true,"valueName":"search_term_string"}}],"inLanguage":"fr-FR"},{"@type":"Organization","@id":"https:\/\/www.accidentdutravail-idf.net\/blog\/#organization","name":"accidentdutravail-idf","url":"https:\/\/www.accidentdutravail-idf.net\/blog\/","logo":{"@type":"ImageObject","inLanguage":"fr-FR","@id":"https:\/\/www.accidentdutravail-idf.net\/blog\/#\/schema\/logo\/image\/","url":"https:\/\/www.accidentdutravail-idf.net\/blog\/wp-content\/uploads\/2022\/09\/logo-2.png","contentUrl":"https:\/\/www.accidentdutravail-idf.net\/blog\/wp-content\/uploads\/2022\/09\/logo-2.png","width":380,"height":291,"caption":"accidentdutravail-idf"},"image":{"@id":"https:\/\/www.accidentdutravail-idf.net\/blog\/#\/schema\/logo\/image\/"}},{"@type":"Person","@id":"https:\/\/www.accidentdutravail-idf.net\/blog\/#\/schema\/person\/73aa09ba2db8f06bf1debf3a872bd6f9","name":"Roxane BARLER","image":{"@type":"ImageObject","inLanguage":"fr-FR","@id":"https:\/\/secure.gravatar.com\/avatar\/0167a3f2fdd1b1378a9aef148e68e7656ab41c7534176836deba3d1e5d6dc5df?s=96&d=mm&r=g","url":"https:\/\/secure.gravatar.com\/avatar\/0167a3f2fdd1b1378a9aef148e68e7656ab41c7534176836deba3d1e5d6dc5df?s=96&d=mm&r=g","contentUrl":"https:\/\/secure.gravatar.com\/avatar\/0167a3f2fdd1b1378a9aef148e68e7656ab41c7534176836deba3d1e5d6dc5df?s=96&d=mm&r=g","caption":"Roxane BARLER"},"url":"https:\/\/www.accidentdutravail-idf.net\/blog\/author\/idfroxane\/"}]}},"_links":{"self":[{"href":"https:\/\/www.accidentdutravail-idf.net\/blog\/wp-json\/wp\/v2\/posts\/2294","targetHints":{"allow":["GET"]}}],"collection":[{"href":"https:\/\/www.accidentdutravail-idf.net\/blog\/wp-json\/wp\/v2\/posts"}],"about":[{"href":"https:\/\/www.accidentdutravail-idf.net\/blog\/wp-json\/wp\/v2\/types\/post"}],"author":[{"embeddable":true,"href":"https:\/\/www.accidentdutravail-idf.net\/blog\/wp-json\/wp\/v2\/users\/3"}],"replies":[{"embeddable":true,"href":"https:\/\/www.accidentdutravail-idf.net\/blog\/wp-json\/wp\/v2\/comments?post=2294"}],"version-history":[{"count":0,"href":"https:\/\/www.accidentdutravail-idf.net\/blog\/wp-json\/wp\/v2\/posts\/2294\/revisions"}],"wp:featuredmedia":[{"embeddable":true,"href":"https:\/\/www.accidentdutravail-idf.net\/blog\/wp-json\/wp\/v2\/media\/2295"}],"wp:attachment":[{"href":"https:\/\/www.accidentdutravail-idf.net\/blog\/wp-json\/wp\/v2\/media?parent=2294"}],"wp:term":[{"taxonomy":"category","embeddable":true,"href":"https:\/\/www.accidentdutravail-idf.net\/blog\/wp-json\/wp\/v2\/categories?post=2294"},{"taxonomy":"post_tag","embeddable":true,"href":"https:\/\/www.accidentdutravail-idf.net\/blog\/wp-json\/wp\/v2\/tags?post=2294"}],"curies":[{"name":"wp","href":"https:\/\/api.w.org\/{rel}","templated":true}]}}