{"id":2284,"date":"2026-04-01T07:59:00","date_gmt":"2026-04-01T05:59:00","guid":{"rendered":"https:\/\/www.accidentdutravail-idf.net\/blog\/accident-du-travail-mortel-dans-le-morbihan-la-justice-condamne-lourdement-cette-entreprise\/"},"modified":"2026-04-01T07:59:00","modified_gmt":"2026-04-01T05:59:00","slug":"accident-du-travail-mortel-dans-le-morbihan-la-justice-condamne-lourdement-cette-entreprise","status":"publish","type":"post","link":"https:\/\/www.accidentdutravail-idf.net\/blog\/accident-du-travail-mortel-dans-le-morbihan-la-justice-condamne-lourdement-cette-entreprise\/","title":{"rendered":"Accident du travail mortel dans le Morbihan : la justice condamne lourdement cette entreprise"},"content":{"rendered":"<div><img decoding=\"async\" src=\"https:\/\/www.accidentdutravail-idf.net\/blog\/wp-content\/uploads\/2026\/04\/accident-du-travail-mortel-dans-le-morbihan-la-justice-condamne-lourdement-cette-entreprise.jpg\" class=\"ff-og-image-inserted\"><\/div>\n<div class=\"ac-article-date\"> Par <strong> <a href=\"https:\/\/actu.fr\/auteur\/journaliste-pl\" title=\"Consulter tous les articles de R\u00e9daction Plo\u00ebrmel\" target=\"_blank\" rel=\"nofollow\">R\u00e9daction Plo\u00ebrmel<\/a> <\/strong> <span> Publi\u00e9 le <time datetime=\"2026-04-01T15:59:05+02:00\"> 1 avr. 2026 \u00e0 15h59 <\/time> <\/span>\n<\/div>\n<div class=\"ac-article-actions\"> <button type=\"button\" class=\"ac-btn ac-btn--round ac-btn--border-gray ac-btn--bookmark\" data-trk=\"{&quot;cta&quot;:{&quot;action&quot;:&quot;&quot;,&quot;category&quot;:&quot;mon compte&quot;,&quot;from&quot;:&quot;article actions&quot;,&quot;name&quot;:&quot;Voir mes articles enregistr\\u00e9s&quot;,&quot;type&quot;:&quot;cta&quot;}}\" title=\"Enregistrer l'article\" aria-label=\"Enregistrer l'article\" aria-controls=\"bookmark\" aria-expanded=\"false\"> <span class=\"sr\">Enregistrer<\/span> <\/button> <button type=\"button\" class=\"ac-btn ac-btn--round ac-btn--border-gray ac-btn--share\" data-trk=\"{&quot;menu&quot;:{&quot;name&quot;:&quot;Partager&quot;,&quot;from&quot;:&quot;D\\u00e9but article&quot;}}\" title=\"Partager l'article\" aria-controls=\"share\" aria-expanded=\"false\" aria-label=\"Partager\"> <span class=\"sr\">Partager<\/span> <\/button> <\/div>\n<p>La<b> cour d\u2019appel de Rennes<\/b> a alourdi ce <b>mercredi 1er&nbsp;avril 2026<\/b> le montant de l\u2019<b>amende<\/b> inflig\u00e9e&nbsp;pour \u00ab<b>\u2009homicide involontaire<\/b>\u2009\u00bb \u00e0&nbsp;la&nbsp;scierie install\u00e9e zone de Bolin \u00e0&nbsp;<a href=\"https:\/\/actu.fr\/bretagne\/val-d-oust_56197\" target=\"_blank\" rel=\"nofollow\">Val d\u2019Oust<\/a> (<b>Morbihan<\/b>) apr\u00e8s le d\u00e9c\u00e8s&nbsp;en <b>septembre&nbsp;2018<\/b>&nbsp;d\u2019un salari\u00e9 de 62 ans.<br \/>Le <b>21&nbsp;septembre 2018<\/b> vers 22h55, un salari\u00e9 de l\u2019entreprise Josso \u00e9tait d\u00e9c\u00e9d\u00e9 alors qu\u2019il intervenait pour \u00ab\u2009enlever les copeaux de bois\u2009\u00bb sur la \u00ab\u2009profileuse n\u00b02\u2009\u00bb \u2013 une machine permettant de donner un profil aux pi\u00e8ces de&nbsp;menuiserie -, avait-il \u00e9t\u00e9 rappel\u00e9 lors de l\u2019<a href=\"https:\/\/actu.fr\/bretagne\/val-d-oust_56197\/mort-dun-salarie-dans-une-scierie-lentreprise-du-morbihan-a-fait-appel-de-sa-condamnation_63846421.html\" target=\"_blank\" rel=\"nofollow\">audience<\/a> qui s\u2019est tenue le 11&nbsp;f\u00e9vrier 2026.<\/p>\n<h2 class=\" wall-content\">Un salari\u00e9 pr\u00e9sent dans l\u2019entreprise depuis 18&nbsp;ans<\/h2>\n<p class=\" wall-content\">Le \u00ab\u2009technicien de maintenance\u2009\u00bb qui l\u2019accompagnait ce jour-l\u00e0 l\u2019avait pourtant pr\u00e9venu qu\u2019il allait fermer \u00ab\u2009l\u2019enceinte grillag\u00e9e\u2009\u00bb qui entourait la machine, mais ce \u00ab\u2009tr\u00e8s bon salari\u00e9\u2009\u00bb qui travaillait dans l\u2019entreprise depuis \u00ab\u2009dix-huit ans\u2009\u00bb lui avait r\u00e9pondu qu\u2019il allait rester \u00e0 l\u2019int\u00e9rieur pour \u00ab\u2009v\u00e9rifier si tout \u00e9tait clair\u2009\u00bb\u2026<\/p>\n<p class=\" wall-content\">Les<b> images de vid\u00e9osurveillance<\/b> montraient ensuite la victime s\u2019\u00e9loigner et \u00ab\u2009s\u2019accroupir\u2009\u00bb pr\u00e8s du grillage en attendant la man\u0153uvre, puis s\u2019avancer de nouveau pour une raison inconnue.<\/p>\n<p class=\" wall-content\">Ce \u00ab\u2009technicien de nettoyage\u2009\u00bb originaire de <b>La Gr\u00e9e-Saint-Laurent<\/b>, pr\u00e8s de Josselin, avait donc \u00e9t\u00e9 \u00ab\u2009\u00e9cras\u00e9\u2009\u00bb par les \u00ab\u2009m\u00e2choires\u2009\u00bb de la profileuse.<\/p>\n<h2 class=\" wall-content\">De nombreuses hypoth\u00e8ses avaient \u00e9t\u00e9 envisag\u00e9es<\/h2>\n<p class=\" wall-content\">Plusieurs hypoth\u00e8ses avaient \u00e9t\u00e9 envisag\u00e9es pour expliquer qu\u2019il se soit approch\u00e9 de la machine en fonctionnement \u2013 y compris celle d\u2019un \u00ab\u2009suicide\u2009\u00bb \u2013 mais toutes avaient \u00e9t\u00e9 \u00e9cart\u00e9es au cours de l\u2019enqu\u00eate.<\/p>\n<p class=\" wall-content\">La soci\u00e9t\u00e9 par actions simplifi\u00e9es (SAS) fond\u00e9e en 1910 \u2013 qui emploie une centaine de salari\u00e9s \u2013 avait alors \u00e9t\u00e9 mise en examen pour \u00ab\u2009homicide involontaire\u2009\u00bb apr\u00e8s que l\u2019inspection du travail avait conclu qu\u2019elle avait \u00ab\u2009failli\u2009\u00bb \u00e0 son \u00ab\u2009obligation de mettre en place des mesures de s\u00e9curit\u00e9\u2009\u00bb.<\/p>\n<p class=\" wall-content\">Aucune \u00ab\u2009notice d\u2019instructions\u2009\u00bb n\u2019\u00e9tait disponible pour les salari\u00e9s de la \u00ab\u2009ligne de production\u2009\u00bb et la \u00ab\u2009documentation technique\u2009\u00bb \u00e9tait \u00ab\u2009lacunaire\u2009\u00bb, avait-il \u00e9t\u00e9 relev\u00e9.<\/p>\n<h2 class=\" wall-content\">\u00ab\u2009La seule erreur, \u00e7a a \u00e9t\u00e9 qu\u2019il reste \u00e0 l\u2019int\u00e9rieur\u2009\u00bb<\/h2>\n<p class=\" wall-content\">Dans ces circonstances, l\u2019entreprise avait \u00e9t\u00e9 condamn\u00e9e le <b>11&nbsp;avril 2024<\/b> par le <b>tribunal correctionnel de Vannes<\/b> \u00e0 une <b>amende de 40\u2009000&nbsp;\u20ac dont 20\u2009000&nbsp;\u20ac avec sursis<\/b> pour \u00ab\u2009homicide involontaire\u2009\u00bb et \u00e0 cinq amendes suppl\u00e9mentaires de 500&nbsp;\u20ac pour divers \u00ab\u2009manquements\u2009\u00bb. Elle avait \u00e9galement d\u00fb verser 1\u2009800&nbsp;\u20ac de frais d\u2019avocat \u00e0 la famille du salari\u00e9.<\/p>\n<div class=\"ac-banner-article ac-banner-article--newsletter wall-content\">\n<p>Les \u00e9lections municipales 2026<\/p>\n<p>Suivez toutes les actualit\u00e9s des municipales 2026 dans une seule newsletter.<\/p>\n<p> <a href=\"https:\/\/actu.fr\/newsletter\/#encampagne_preview\" class=\"ac-btn ac-btn--corner ac-btn--medium ac-btn--blue800\" target=\"_blank\" rel=\"nofollow\">S&rsquo;inscrire<\/a>\n<\/div>\n<p class=\" wall-content\">Mais la scierie avait fait appel car \u00ab\u2009tous les salari\u00e9s ont \u00e9t\u00e9 form\u00e9s et inform\u00e9s\u2009\u00bb sur les r\u00e8gles de s\u00e9curit\u00e9 \u00e0 suivre, m\u00eame si l\u2019entreprise a \u00ab\u2009peut-\u00eatre manqu\u00e9 de formalisme\u2009\u00bb, avait reconnu son pr\u00e9sident Sa\u00efd Bakhtous \u00e0 la barre de la cour d\u2019appel de Rennes.<\/p>\n<blockquote class=\"ac-article-quote wall-content\">\n<p>Tout n\u2019\u00e9tait peut-\u00eatre pas \u00e9crit, mais il y avait des consignes\u2026 Sinon il y aurait des accidents tous les jours<\/p>\n<footer>Sa\u00efd Bakhtous<\/footer>\n<\/blockquote>\n<p class=\" wall-content\">Selon lui, la victime \u00ab\u2009ma\u00eetrisait parfaitement son poste de travail\u2009\u00bb et \u00ab\u2009la seule erreur, \u00e7a a \u00e9t\u00e9 qu\u2019il reste \u00e0 l\u2019int\u00e9rieur\u2009\u00bb de la machine \u00e0 cause d\u2019une \u00ab\u2009habitude\u2009\u00bb prise par \u00ab\u2009confiance\u2009\u00bb.<\/p>\n<p class=\" wall-content\">Mais \u00ab\u2009aujourd\u2019hui, c\u2019est interdit\u2009\u00bb\u2009: la \u00ab\u2009surveillance\u2009\u00bb et \u00ab\u2009l\u2019affichage\u2009\u00bb ont m\u00eame \u00e9t\u00e9 renforc\u00e9s dans les locaux, avait-il soulign\u00e9.<\/p>\n<h2 class=\" wall-content\">La cour d\u2019appel suit les r\u00e9quisitions de l\u2019avocate g\u00e9n\u00e9rale<\/h2>\n<p class=\" wall-content\">Reste que \u00ab\u2009le peu qui existe n\u2019\u00e9tait absolument pas appropri\u00e9 aux conditions de fonctionnement et d\u2019usage de cette machine\u2009\u00bb, avait estim\u00e9 l\u2019avocate g\u00e9n\u00e9rale.<\/p>\n<p class=\" wall-content\">La magistrate avait donc demand\u00e9 de porter \u00e0 <b>70\u2009000&nbsp;\u20ac<\/b> le montant de l\u2019amende pour \u00ab\u2009homicide involontaire\u2009\u00bb et \u00e0 1\u2009500&nbsp;\u20ac le montant des cinq amendes suppl\u00e9mentaires pour les \u00ab\u2009infractions connexes\u2009\u00bb.<\/p>\n<p class=\" wall-content\">La cour d\u2019appel de Rennes a finalement suivi ses r\u00e9quisitions sur le montant de l\u2019amende principale et a port\u00e9 \u00e0 5\u2009000&nbsp;\u20ac le montant des amendes connexes.<\/p>\n<p class=\" wall-content\">L\u2019entreprise devra donc s\u2019acquitter au total de <b>85\u2009000&nbsp;\u20ac d\u2019amendes<\/b>. La scierie Josso devra \u00e9galement verser 1\u2009000&nbsp;\u20ac \u00e0 chacun des membres de la famille du d\u00e9funt qui s\u2019\u00e9taient constitu\u00e9s parties civiles pour les frais de justice engendr\u00e9s par son appel.<\/p>\n<p class=\" wall-content\"><b>RB et CB (PressPepper)<\/b><\/p>\n<p class=\" wall-content\"><i>Personnalisez votre actualit\u00e9 en ajoutant vos villes et m\u00e9dias en favori avec <a href=\"https:\/\/moncompte.actu.fr\" title=\"D\u00e9couvez Mon Actu\" rel=\"nofollow\" data-trk=\"{&quot;cta&quot;:{&quot;action&quot;:&quot;https:\\\/\\\/moncompte.actu.fr&quot;,&quot;category&quot;:&quot;mon compte&quot;,&quot;from&quot;:&quot;article footer&quot;,&quot;name&quot;:&quot;Mon actu&quot;,&quot;type&quot;:&quot;cta&quot;}}\" target=\"_blank\">Mon Actu<\/a>.<\/i><\/p>\n<p> accidentdutravail-idf.net vous a pr\u00e9par\u00e9 ce post qui informe du sujet \u00ab\u00a0Association Sportive Huisson-Longueville Essonne\u00a0\u00bb. La chronique se veut g\u00e9n\u00e9r\u00e9e du mieux possible. Vous pouvez utiliser les coordonn\u00e9es indiqu\u00e9es sur le site dans le but d\u2019apporter des explications sur ce post qui parle du th\u00e8me \u00ab\u00a0Association Sportive Huisson-Longueville Essonne\u00a0\u00bb. Le site accidentdutravail-idf.net a pour but de fournir diverses publications sur la th\u00e9matique Association Sportive Huisson-Longueville Essonne diffus\u00e9es sur le net. Il y aura plusieurs articles autour du sujet \u00ab\u00a0Association Sportive Huisson-Longueville Essonne\u00a0\u00bb dans quelques jours, nous vous invitons \u00e0 naviguer sur notre site web \u00e0 plusieurs reprises.<\/p>\n","protected":false},"excerpt":{"rendered":"<p>Par R\u00e9daction Plo\u00ebrmel Publi\u00e9 le 1 avr. 2026 \u00e0 15h59 Enregistrer Partager La cour d\u2019appel de Rennes a alourdi ce mercredi 1er&nbsp;avril 2026 le montant de l\u2019amende inflig\u00e9e&nbsp;pour \u00ab\u2009homicide involontaire\u2009\u00bb \u00e0&nbsp;la&nbsp;scierie install\u00e9e zone de Bolin \u00e0&nbsp;Val d\u2019Oust (Morbihan) apr\u00e8s le d\u00e9c\u00e8s&nbsp;en septembre&nbsp;2018&nbsp;d\u2019un salari\u00e9 de 62 ans.Le 21&nbsp;septembre 2018 vers 22h55, un salari\u00e9 de l\u2019entreprise Josso &hellip; <\/p>\n<p class=\"link-more\"><a href=\"https:\/\/www.accidentdutravail-idf.net\/blog\/accident-du-travail-mortel-dans-le-morbihan-la-justice-condamne-lourdement-cette-entreprise\/\" class=\"more-link\">Continuer la lecture <span class=\"screen-reader-text\"> \u00ab\u00a0Accident du travail mortel dans le Morbihan : la justice condamne lourdement cette entreprise\u00a0\u00bb<\/span><\/a><\/p>\n","protected":false},"author":2,"featured_media":0,"comment_status":"closed","ping_status":"closed","sticky":false,"template":"","format":"standard","meta":{"footnotes":""},"categories":[5],"tags":[],"class_list":["post-2284","post","type-post","status-publish","format-standard","hentry","category-securite-du-travail-en-ile-de-france-et-divers","entry"],"yoast_head":"<!-- This site is optimized with the Yoast SEO plugin v27.5 - https:\/\/yoast.com\/product\/yoast-seo-wordpress\/ -->\n<title>Accident du travail mortel dans le Morbihan : la justice condamne lourdement cette entreprise - ACCIDENTDUTRAVAIL-IDF<\/title>\n<meta name=\"description\" content=\"Accident du travail mortel dans le Morbihan : la justice condamne lourdement cette entreprise article de ACCIDENTDUTRAVAIL-IDF\" \/>\n<meta name=\"robots\" content=\"index, follow, max-snippet:-1, max-image-preview:large, max-video-preview:-1\" \/>\n<link rel=\"canonical\" href=\"https:\/\/www.accidentdutravail-idf.net\/blog\/accident-du-travail-mortel-dans-le-morbihan-la-justice-condamne-lourdement-cette-entreprise\/\" \/>\n<meta property=\"og:locale\" content=\"fr_FR\" \/>\n<meta property=\"og:type\" content=\"article\" \/>\n<meta property=\"og:title\" content=\"Accident du travail mortel dans le Morbihan : la justice condamne lourdement cette entreprise - ACCIDENTDUTRAVAIL-IDF\" \/>\n<meta property=\"og:description\" content=\"Accident du travail mortel dans le Morbihan : la justice condamne lourdement cette entreprise article de ACCIDENTDUTRAVAIL-IDF\" \/>\n<meta property=\"og:url\" content=\"https:\/\/www.accidentdutravail-idf.net\/blog\/accident-du-travail-mortel-dans-le-morbihan-la-justice-condamne-lourdement-cette-entreprise\/\" \/>\n<meta property=\"og:site_name\" content=\"ACCIDENTDUTRAVAIL-IDF\" \/>\n<meta property=\"article:published_time\" content=\"2026-04-01T05:59:00+00:00\" \/>\n<meta property=\"og:image\" content=\"https:\/\/www.accidentdutravail-idf.net\/blog\/wp-content\/uploads\/2026\/04\/accident-du-travail-mortel-dans-le-morbihan-la-justice-condamne-lourdement-cette-entreprise.jpg\" \/>\n<meta name=\"author\" content=\"Carlos Poulain\" \/>\n<meta name=\"twitter:card\" content=\"summary_large_image\" \/>\n<meta name=\"twitter:label1\" content=\"\u00c9crit par\" \/>\n\t<meta name=\"twitter:data1\" content=\"Carlos Poulain\" \/>\n\t<meta name=\"twitter:label2\" content=\"Dur\u00e9e de lecture estim\u00e9e\" \/>\n\t<meta name=\"twitter:data2\" content=\"4 minutes\" \/>\n<script type=\"application\/ld+json\" class=\"yoast-schema-graph\">{\"@context\":\"https:\\\/\\\/schema.org\",\"@graph\":[{\"@type\":\"Article\",\"@id\":\"https:\\\/\\\/www.accidentdutravail-idf.net\\\/blog\\\/accident-du-travail-mortel-dans-le-morbihan-la-justice-condamne-lourdement-cette-entreprise\\\/#article\",\"isPartOf\":{\"@id\":\"https:\\\/\\\/www.accidentdutravail-idf.net\\\/blog\\\/accident-du-travail-mortel-dans-le-morbihan-la-justice-condamne-lourdement-cette-entreprise\\\/\"},\"author\":{\"name\":\"Carlos Poulain\",\"@id\":\"https:\\\/\\\/www.accidentdutravail-idf.net\\\/blog\\\/#\\\/schema\\\/person\\\/3255d2f970de45e64bd9201f38e7b947\"},\"headline\":\"Accident du travail mortel dans le Morbihan : la justice condamne lourdement cette entreprise\",\"datePublished\":\"2026-04-01T05:59:00+00:00\",\"mainEntityOfPage\":{\"@id\":\"https:\\\/\\\/www.accidentdutravail-idf.net\\\/blog\\\/accident-du-travail-mortel-dans-le-morbihan-la-justice-condamne-lourdement-cette-entreprise\\\/\"},\"wordCount\":865,\"publisher\":{\"@id\":\"https:\\\/\\\/www.accidentdutravail-idf.net\\\/blog\\\/#organization\"},\"image\":{\"@id\":\"https:\\\/\\\/www.accidentdutravail-idf.net\\\/blog\\\/accident-du-travail-mortel-dans-le-morbihan-la-justice-condamne-lourdement-cette-entreprise\\\/#primaryimage\"},\"thumbnailUrl\":\"https:\\\/\\\/www.accidentdutravail-idf.net\\\/blog\\\/wp-content\\\/uploads\\\/2026\\\/04\\\/accident-du-travail-mortel-dans-le-morbihan-la-justice-condamne-lourdement-cette-entreprise.jpg\",\"articleSection\":[\"S\u00e9curit\u00e9 Du Travail En Ile-De-France Et Divers:\"],\"inLanguage\":\"fr-FR\"},{\"@type\":\"WebPage\",\"@id\":\"https:\\\/\\\/www.accidentdutravail-idf.net\\\/blog\\\/accident-du-travail-mortel-dans-le-morbihan-la-justice-condamne-lourdement-cette-entreprise\\\/\",\"url\":\"https:\\\/\\\/www.accidentdutravail-idf.net\\\/blog\\\/accident-du-travail-mortel-dans-le-morbihan-la-justice-condamne-lourdement-cette-entreprise\\\/\",\"name\":\"Accident du travail mortel dans le Morbihan : la justice condamne lourdement cette entreprise - ACCIDENTDUTRAVAIL-IDF\",\"isPartOf\":{\"@id\":\"https:\\\/\\\/www.accidentdutravail-idf.net\\\/blog\\\/#website\"},\"primaryImageOfPage\":{\"@id\":\"https:\\\/\\\/www.accidentdutravail-idf.net\\\/blog\\\/accident-du-travail-mortel-dans-le-morbihan-la-justice-condamne-lourdement-cette-entreprise\\\/#primaryimage\"},\"image\":{\"@id\":\"https:\\\/\\\/www.accidentdutravail-idf.net\\\/blog\\\/accident-du-travail-mortel-dans-le-morbihan-la-justice-condamne-lourdement-cette-entreprise\\\/#primaryimage\"},\"thumbnailUrl\":\"https:\\\/\\\/www.accidentdutravail-idf.net\\\/blog\\\/wp-content\\\/uploads\\\/2026\\\/04\\\/accident-du-travail-mortel-dans-le-morbihan-la-justice-condamne-lourdement-cette-entreprise.jpg\",\"datePublished\":\"2026-04-01T05:59:00+00:00\",\"description\":\"Accident du travail mortel dans le Morbihan : la justice condamne lourdement cette entreprise article de ACCIDENTDUTRAVAIL-IDF\",\"breadcrumb\":{\"@id\":\"https:\\\/\\\/www.accidentdutravail-idf.net\\\/blog\\\/accident-du-travail-mortel-dans-le-morbihan-la-justice-condamne-lourdement-cette-entreprise\\\/#breadcrumb\"},\"inLanguage\":\"fr-FR\",\"potentialAction\":[{\"@type\":\"ReadAction\",\"target\":[\"https:\\\/\\\/www.accidentdutravail-idf.net\\\/blog\\\/accident-du-travail-mortel-dans-le-morbihan-la-justice-condamne-lourdement-cette-entreprise\\\/\"]}]},{\"@type\":\"ImageObject\",\"inLanguage\":\"fr-FR\",\"@id\":\"https:\\\/\\\/www.accidentdutravail-idf.net\\\/blog\\\/accident-du-travail-mortel-dans-le-morbihan-la-justice-condamne-lourdement-cette-entreprise\\\/#primaryimage\",\"url\":\"https:\\\/\\\/www.accidentdutravail-idf.net\\\/blog\\\/wp-content\\\/uploads\\\/2026\\\/04\\\/accident-du-travail-mortel-dans-le-morbihan-la-justice-condamne-lourdement-cette-entreprise.jpg\",\"contentUrl\":\"https:\\\/\\\/www.accidentdutravail-idf.net\\\/blog\\\/wp-content\\\/uploads\\\/2026\\\/04\\\/accident-du-travail-mortel-dans-le-morbihan-la-justice-condamne-lourdement-cette-entreprise.jpg\"},{\"@type\":\"BreadcrumbList\",\"@id\":\"https:\\\/\\\/www.accidentdutravail-idf.net\\\/blog\\\/accident-du-travail-mortel-dans-le-morbihan-la-justice-condamne-lourdement-cette-entreprise\\\/#breadcrumb\",\"itemListElement\":[{\"@type\":\"ListItem\",\"position\":1,\"name\":\"Accueil\",\"item\":\"https:\\\/\\\/www.accidentdutravail-idf.net\\\/blog\\\/\"},{\"@type\":\"ListItem\",\"position\":2,\"name\":\"Accident du travail mortel dans le Morbihan : la justice condamne lourdement cette entreprise\"}]},{\"@type\":\"WebSite\",\"@id\":\"https:\\\/\\\/www.accidentdutravail-idf.net\\\/blog\\\/#website\",\"url\":\"https:\\\/\\\/www.accidentdutravail-idf.net\\\/blog\\\/\",\"name\":\"ACCIDENTDUTRAVAIL-IDF\",\"description\":\"Portail accidents du travail-maladies professionnelles des entreprises d&#039;Ile-de-France\",\"publisher\":{\"@id\":\"https:\\\/\\\/www.accidentdutravail-idf.net\\\/blog\\\/#organization\"},\"potentialAction\":[{\"@type\":\"SearchAction\",\"target\":{\"@type\":\"EntryPoint\",\"urlTemplate\":\"https:\\\/\\\/www.accidentdutravail-idf.net\\\/blog\\\/?s={search_term_string}\"},\"query-input\":{\"@type\":\"PropertyValueSpecification\",\"valueRequired\":true,\"valueName\":\"search_term_string\"}}],\"inLanguage\":\"fr-FR\"},{\"@type\":\"Organization\",\"@id\":\"https:\\\/\\\/www.accidentdutravail-idf.net\\\/blog\\\/#organization\",\"name\":\"accidentdutravail-idf\",\"url\":\"https:\\\/\\\/www.accidentdutravail-idf.net\\\/blog\\\/\",\"logo\":{\"@type\":\"ImageObject\",\"inLanguage\":\"fr-FR\",\"@id\":\"https:\\\/\\\/www.accidentdutravail-idf.net\\\/blog\\\/#\\\/schema\\\/logo\\\/image\\\/\",\"url\":\"https:\\\/\\\/www.accidentdutravail-idf.net\\\/blog\\\/wp-content\\\/uploads\\\/2022\\\/09\\\/logo-2.png\",\"contentUrl\":\"https:\\\/\\\/www.accidentdutravail-idf.net\\\/blog\\\/wp-content\\\/uploads\\\/2022\\\/09\\\/logo-2.png\",\"width\":380,\"height\":291,\"caption\":\"accidentdutravail-idf\"},\"image\":{\"@id\":\"https:\\\/\\\/www.accidentdutravail-idf.net\\\/blog\\\/#\\\/schema\\\/logo\\\/image\\\/\"}},{\"@type\":\"Person\",\"@id\":\"https:\\\/\\\/www.accidentdutravail-idf.net\\\/blog\\\/#\\\/schema\\\/person\\\/3255d2f970de45e64bd9201f38e7b947\",\"name\":\"Carlos Poulain\",\"image\":{\"@type\":\"ImageObject\",\"inLanguage\":\"fr-FR\",\"@id\":\"https:\\\/\\\/secure.gravatar.com\\\/avatar\\\/b1c2f9d3588e34e91adb093635df64ef4b2381991216be7576466cfcdca4baf3?s=96&d=mm&r=g\",\"url\":\"https:\\\/\\\/secure.gravatar.com\\\/avatar\\\/b1c2f9d3588e34e91adb093635df64ef4b2381991216be7576466cfcdca4baf3?s=96&d=mm&r=g\",\"contentUrl\":\"https:\\\/\\\/secure.gravatar.com\\\/avatar\\\/b1c2f9d3588e34e91adb093635df64ef4b2381991216be7576466cfcdca4baf3?s=96&d=mm&r=g\",\"caption\":\"Carlos Poulain\"},\"url\":\"https:\\\/\\\/www.accidentdutravail-idf.net\\\/blog\\\/author\\\/idfcarlos\\\/\"}]}<\/script>\n<!-- \/ Yoast SEO plugin. -->","yoast_head_json":{"title":"Accident du travail mortel dans le Morbihan : la justice condamne lourdement cette entreprise - ACCIDENTDUTRAVAIL-IDF","description":"Accident du travail mortel dans le Morbihan : la justice condamne lourdement cette entreprise article de ACCIDENTDUTRAVAIL-IDF","robots":{"index":"index","follow":"follow","max-snippet":"max-snippet:-1","max-image-preview":"max-image-preview:large","max-video-preview":"max-video-preview:-1"},"canonical":"https:\/\/www.accidentdutravail-idf.net\/blog\/accident-du-travail-mortel-dans-le-morbihan-la-justice-condamne-lourdement-cette-entreprise\/","og_locale":"fr_FR","og_type":"article","og_title":"Accident du travail mortel dans le Morbihan : la justice condamne lourdement cette entreprise - ACCIDENTDUTRAVAIL-IDF","og_description":"Accident du travail mortel dans le Morbihan : la justice condamne lourdement cette entreprise article de ACCIDENTDUTRAVAIL-IDF","og_url":"https:\/\/www.accidentdutravail-idf.net\/blog\/accident-du-travail-mortel-dans-le-morbihan-la-justice-condamne-lourdement-cette-entreprise\/","og_site_name":"ACCIDENTDUTRAVAIL-IDF","article_published_time":"2026-04-01T05:59:00+00:00","og_image":[{"url":"https:\/\/www.accidentdutravail-idf.net\/blog\/wp-content\/uploads\/2026\/04\/accident-du-travail-mortel-dans-le-morbihan-la-justice-condamne-lourdement-cette-entreprise.jpg","type":"","width":"","height":""}],"author":"Carlos Poulain","twitter_card":"summary_large_image","twitter_misc":{"\u00c9crit par":"Carlos Poulain","Dur\u00e9e de lecture estim\u00e9e":"4 minutes"},"schema":{"@context":"https:\/\/schema.org","@graph":[{"@type":"Article","@id":"https:\/\/www.accidentdutravail-idf.net\/blog\/accident-du-travail-mortel-dans-le-morbihan-la-justice-condamne-lourdement-cette-entreprise\/#article","isPartOf":{"@id":"https:\/\/www.accidentdutravail-idf.net\/blog\/accident-du-travail-mortel-dans-le-morbihan-la-justice-condamne-lourdement-cette-entreprise\/"},"author":{"name":"Carlos Poulain","@id":"https:\/\/www.accidentdutravail-idf.net\/blog\/#\/schema\/person\/3255d2f970de45e64bd9201f38e7b947"},"headline":"Accident du travail mortel dans le Morbihan : la justice condamne lourdement cette entreprise","datePublished":"2026-04-01T05:59:00+00:00","mainEntityOfPage":{"@id":"https:\/\/www.accidentdutravail-idf.net\/blog\/accident-du-travail-mortel-dans-le-morbihan-la-justice-condamne-lourdement-cette-entreprise\/"},"wordCount":865,"publisher":{"@id":"https:\/\/www.accidentdutravail-idf.net\/blog\/#organization"},"image":{"@id":"https:\/\/www.accidentdutravail-idf.net\/blog\/accident-du-travail-mortel-dans-le-morbihan-la-justice-condamne-lourdement-cette-entreprise\/#primaryimage"},"thumbnailUrl":"https:\/\/www.accidentdutravail-idf.net\/blog\/wp-content\/uploads\/2026\/04\/accident-du-travail-mortel-dans-le-morbihan-la-justice-condamne-lourdement-cette-entreprise.jpg","articleSection":["S\u00e9curit\u00e9 Du Travail En Ile-De-France Et Divers:"],"inLanguage":"fr-FR"},{"@type":"WebPage","@id":"https:\/\/www.accidentdutravail-idf.net\/blog\/accident-du-travail-mortel-dans-le-morbihan-la-justice-condamne-lourdement-cette-entreprise\/","url":"https:\/\/www.accidentdutravail-idf.net\/blog\/accident-du-travail-mortel-dans-le-morbihan-la-justice-condamne-lourdement-cette-entreprise\/","name":"Accident du travail mortel dans le Morbihan : la justice condamne lourdement cette entreprise - ACCIDENTDUTRAVAIL-IDF","isPartOf":{"@id":"https:\/\/www.accidentdutravail-idf.net\/blog\/#website"},"primaryImageOfPage":{"@id":"https:\/\/www.accidentdutravail-idf.net\/blog\/accident-du-travail-mortel-dans-le-morbihan-la-justice-condamne-lourdement-cette-entreprise\/#primaryimage"},"image":{"@id":"https:\/\/www.accidentdutravail-idf.net\/blog\/accident-du-travail-mortel-dans-le-morbihan-la-justice-condamne-lourdement-cette-entreprise\/#primaryimage"},"thumbnailUrl":"https:\/\/www.accidentdutravail-idf.net\/blog\/wp-content\/uploads\/2026\/04\/accident-du-travail-mortel-dans-le-morbihan-la-justice-condamne-lourdement-cette-entreprise.jpg","datePublished":"2026-04-01T05:59:00+00:00","description":"Accident du travail mortel dans le Morbihan : la justice condamne lourdement cette entreprise article de ACCIDENTDUTRAVAIL-IDF","breadcrumb":{"@id":"https:\/\/www.accidentdutravail-idf.net\/blog\/accident-du-travail-mortel-dans-le-morbihan-la-justice-condamne-lourdement-cette-entreprise\/#breadcrumb"},"inLanguage":"fr-FR","potentialAction":[{"@type":"ReadAction","target":["https:\/\/www.accidentdutravail-idf.net\/blog\/accident-du-travail-mortel-dans-le-morbihan-la-justice-condamne-lourdement-cette-entreprise\/"]}]},{"@type":"ImageObject","inLanguage":"fr-FR","@id":"https:\/\/www.accidentdutravail-idf.net\/blog\/accident-du-travail-mortel-dans-le-morbihan-la-justice-condamne-lourdement-cette-entreprise\/#primaryimage","url":"https:\/\/www.accidentdutravail-idf.net\/blog\/wp-content\/uploads\/2026\/04\/accident-du-travail-mortel-dans-le-morbihan-la-justice-condamne-lourdement-cette-entreprise.jpg","contentUrl":"https:\/\/www.accidentdutravail-idf.net\/blog\/wp-content\/uploads\/2026\/04\/accident-du-travail-mortel-dans-le-morbihan-la-justice-condamne-lourdement-cette-entreprise.jpg"},{"@type":"BreadcrumbList","@id":"https:\/\/www.accidentdutravail-idf.net\/blog\/accident-du-travail-mortel-dans-le-morbihan-la-justice-condamne-lourdement-cette-entreprise\/#breadcrumb","itemListElement":[{"@type":"ListItem","position":1,"name":"Accueil","item":"https:\/\/www.accidentdutravail-idf.net\/blog\/"},{"@type":"ListItem","position":2,"name":"Accident du travail mortel dans le Morbihan : la justice condamne lourdement cette entreprise"}]},{"@type":"WebSite","@id":"https:\/\/www.accidentdutravail-idf.net\/blog\/#website","url":"https:\/\/www.accidentdutravail-idf.net\/blog\/","name":"ACCIDENTDUTRAVAIL-IDF","description":"Portail accidents du travail-maladies professionnelles des entreprises d&#039;Ile-de-France","publisher":{"@id":"https:\/\/www.accidentdutravail-idf.net\/blog\/#organization"},"potentialAction":[{"@type":"SearchAction","target":{"@type":"EntryPoint","urlTemplate":"https:\/\/www.accidentdutravail-idf.net\/blog\/?s={search_term_string}"},"query-input":{"@type":"PropertyValueSpecification","valueRequired":true,"valueName":"search_term_string"}}],"inLanguage":"fr-FR"},{"@type":"Organization","@id":"https:\/\/www.accidentdutravail-idf.net\/blog\/#organization","name":"accidentdutravail-idf","url":"https:\/\/www.accidentdutravail-idf.net\/blog\/","logo":{"@type":"ImageObject","inLanguage":"fr-FR","@id":"https:\/\/www.accidentdutravail-idf.net\/blog\/#\/schema\/logo\/image\/","url":"https:\/\/www.accidentdutravail-idf.net\/blog\/wp-content\/uploads\/2022\/09\/logo-2.png","contentUrl":"https:\/\/www.accidentdutravail-idf.net\/blog\/wp-content\/uploads\/2022\/09\/logo-2.png","width":380,"height":291,"caption":"accidentdutravail-idf"},"image":{"@id":"https:\/\/www.accidentdutravail-idf.net\/blog\/#\/schema\/logo\/image\/"}},{"@type":"Person","@id":"https:\/\/www.accidentdutravail-idf.net\/blog\/#\/schema\/person\/3255d2f970de45e64bd9201f38e7b947","name":"Carlos Poulain","image":{"@type":"ImageObject","inLanguage":"fr-FR","@id":"https:\/\/secure.gravatar.com\/avatar\/b1c2f9d3588e34e91adb093635df64ef4b2381991216be7576466cfcdca4baf3?s=96&d=mm&r=g","url":"https:\/\/secure.gravatar.com\/avatar\/b1c2f9d3588e34e91adb093635df64ef4b2381991216be7576466cfcdca4baf3?s=96&d=mm&r=g","contentUrl":"https:\/\/secure.gravatar.com\/avatar\/b1c2f9d3588e34e91adb093635df64ef4b2381991216be7576466cfcdca4baf3?s=96&d=mm&r=g","caption":"Carlos Poulain"},"url":"https:\/\/www.accidentdutravail-idf.net\/blog\/author\/idfcarlos\/"}]}},"_links":{"self":[{"href":"https:\/\/www.accidentdutravail-idf.net\/blog\/wp-json\/wp\/v2\/posts\/2284","targetHints":{"allow":["GET"]}}],"collection":[{"href":"https:\/\/www.accidentdutravail-idf.net\/blog\/wp-json\/wp\/v2\/posts"}],"about":[{"href":"https:\/\/www.accidentdutravail-idf.net\/blog\/wp-json\/wp\/v2\/types\/post"}],"author":[{"embeddable":true,"href":"https:\/\/www.accidentdutravail-idf.net\/blog\/wp-json\/wp\/v2\/users\/2"}],"replies":[{"embeddable":true,"href":"https:\/\/www.accidentdutravail-idf.net\/blog\/wp-json\/wp\/v2\/comments?post=2284"}],"version-history":[{"count":0,"href":"https:\/\/www.accidentdutravail-idf.net\/blog\/wp-json\/wp\/v2\/posts\/2284\/revisions"}],"wp:attachment":[{"href":"https:\/\/www.accidentdutravail-idf.net\/blog\/wp-json\/wp\/v2\/media?parent=2284"}],"wp:term":[{"taxonomy":"category","embeddable":true,"href":"https:\/\/www.accidentdutravail-idf.net\/blog\/wp-json\/wp\/v2\/categories?post=2284"},{"taxonomy":"post_tag","embeddable":true,"href":"https:\/\/www.accidentdutravail-idf.net\/blog\/wp-json\/wp\/v2\/tags?post=2284"}],"curies":[{"name":"wp","href":"https:\/\/api.w.org\/{rel}","templated":true}]}}