{"id":2283,"date":"2026-03-31T13:16:00","date_gmt":"2026-03-31T11:16:00","guid":{"rendered":"https:\/\/www.accidentdutravail-idf.net\/blog\/accident-du-travail-chez-knauf-a-la-cote-en-2022-le-jugement-sera-rendu-au-28-avril\/"},"modified":"2026-03-31T13:16:00","modified_gmt":"2026-03-31T11:16:00","slug":"accident-du-travail-chez-knauf-a-la-cote-en-2022-le-jugement-sera-rendu-au-28-avril","status":"publish","type":"post","link":"https:\/\/www.accidentdutravail-idf.net\/blog\/accident-du-travail-chez-knauf-a-la-cote-en-2022-le-jugement-sera-rendu-au-28-avril\/","title":{"rendered":"Accident du travail chez Knauf \u00e0 La C\u00f4te en 2022, le jugement sera rendu au 28 avril"},"content":{"rendered":"<p>L&rsquo;entreprise Knauf Fibre qui r\u00e9alise des panneaux d&rsquo;isolation pour le b\u00e2timent et qui est implant\u00e9e \u00e0 La C\u00f4te, entre Ronchamp et Lure en Haute-Sa\u00f4ne, comparaissait mardi devant le tribunal correctionnel de Vesoul pour un accident du travail en 2022. Le jugement est mis en d\u00e9lib\u00e9r\u00e9 au 28 avril.<\/p>\n<div><!--[--><!--[!--><!--[--><!--[--><!--[!--><!--[!--><!--[--><!--[--><!--[!--><!--[--><!--&gt;\n\n<p>[!--><!--[--><!--[--><!--[!--><!--[!--><!--[--><!--[!--><!--[--><!--[!--><!--[--><!--&gt;-->Le 28 septembre 2022, un ouvrier int\u00e9rimaire avait eu <strong>une main coinc\u00e9e dans la cr\u00e9maill\u00e8re d&rsquo;une d\u00e9fibreuse<\/strong> chez Knauf \u00e0 La C\u00f4te en Haute-Sa\u00f4ne. Cette entreprise r\u00e9alise des panneaux d&rsquo;isolation et phoniques pour le b\u00e2timent. L&rsquo;ouvrier de 35 ans \u00e0 l&rsquo;\u00e9poque des faits, avait d\u00fb \u00eatre amput\u00e9 d&rsquo;une phalange d&rsquo;un doigt et avait eu 14 points de suture \u00e0 un autre. Le directeur \u00e0 l&rsquo;\u00e9poque de l&rsquo;usine comparaissait pour <strong>manquements \u00e0 l&rsquo;application de r\u00e8gles de s\u00e9curit\u00e9<\/strong>.<!--&gt;--><!--&gt;]--><!--]--><!--]--><!--]--><!--]--><!--]--><!--]--><!--]--><!--]--><!--]--><!--&gt;<\/p>\n\n--><!--]--><!--]--><!--]--><!--]--><!--]--><!--]--><!--[!--><!--[!--><!--[--><!--[!--><!--[!--><!--[!--><!--[--><!--[--><!--&gt;[--><!--]--><!--&gt;]--><!--]--><!--]--><!--]--><!--]--><!--]--><!--]--><!--]--><!--[!--><!--[!--><!--[--><!--[!--><!--[--><!--[--><!--&gt;[!--><!--[--><\/p>\n<h2><!--&gt;La victime comparait seule, sans avocat--><!--&gt;<\/h2>\n\n]--><!--]--><!--&gt;]--><!--]--><!--]--><!--]--><!--]--><!--]--><!--[!--><!--[!--><!--[--><!--[--><!--[!--><!--[--><!--&gt;\n\n<p>[!--><!--[--><!--[--><!--[!--><!--[!--><!--[--><!--[!--><!--[--><!--[!--><!--[--><!--&gt;-->\u00c0 la barre, J\u00e9r\u00e9my Faivre montre sa main, aujourd&rsquo;hui il lui manque un bout de doigt, la CPAM a reconnu un handicap de l&rsquo;ordre de 3%. Ce jour l\u00e0, cet int\u00e9rimaire embauch\u00e9 pour un contrat de nettoyage, termine une heure plus t\u00f4t. Son chef d&rsquo;\u00e9quipe lui demande alors de donner un coup de main sur une d\u00e9fibreuse. Il entre dans la machine pour retirer un rondin de bois qui coince la machine et arr\u00eate la cha\u00eene de production. Il voit qu&rsquo;il reste un morceau de bois, met la main pour le retirer et avec l&rsquo;autre main s&rsquo;appuie sur une cr\u00e9maill\u00e8re.<!--&gt;--><!--&gt;]--><!--]--><!--]--><!--]--><!--]--><!--]--><!--]--><!--]--><!--]--><!--]--><!--&gt;<\/p>\n\n--><!--]--><!--]--><!--]--><!--]--><!--]--><!--]--><!--[!--><!--[!--><!--[--><!--[--><!--[!--><!--[--><!--&gt;\n\n<p>[!--><!--[--><!--[--><!--[!--><!--[!--><!--[--><!--[!--><!--[--><!--[!--><!--[--><!--&gt;-->Son coll\u00e8gue, qui normalement doit travailler seul, est au pupitre de commande. De cet endroit <strong>il est distant de quelques m\u00e8tres et ne voit pas directement l&rsquo;int\u00e9rimaire, pensant qu&rsquo;il a termin\u00e9 il remet la machine en marche.<\/strong> L&rsquo;int\u00e9rimaire explique qu&rsquo;il a l&rsquo;habitude de travailler sur d&rsquo;autre sites industriel , et bien plus importants comme Stellantis \u00e0 Sochaux. Partout o\u00f9 il travaille les consignes de s\u00e9curit\u00e9 sont affich\u00e9es, ce qui n&rsquo;\u00e9tait pas le cas chez Knauf. Le directeur de l&rsquo;\u00e9poque explique que sur cette machine <strong>il faut une formation s\u00e9curit\u00e9 d&rsquo;une dur\u00e9e de 6 mois, seuls quelques salari\u00e9s ont cette qualification<\/strong>. <em>\u00ab\u00a0L&rsquo;int\u00e9rimaire n&rsquo;avait rien \u00e0 faire l\u00e0, il avait eu un formation d&rsquo;une journ\u00e9e sur un autre poste.\u00a0\u00bb<\/em><!--&gt;--><!--&gt;]--><!--]--><!--]--><!--]--><!--]--><!--]--><!--]--><!--]--><!--]--><!--]--><!--&gt;<\/p>\n\n--><!--]--><!--]--><!--]--><!--]--><!--]--><!--]--><!--[!--><!--[!--><!--[--><!--[!--><!--[--><!--[--><!--&gt;[!--><!--[--><\/p>\n<h2><!--&gt;Manquements \u00e0 des obligations de s\u00e9curit\u00e9--><!--&gt;<\/h2>\n\n]--><!--]--><!--&gt;]--><!--]--><!--]--><!--]--><!--]--><!--]--><!--[!--><!--[!--><!--[--><!--[--><!--[!--><!--[--><!--&gt;\n\n<p>[!--><!--[--><!--[--><!--[!--><!--[!--><!--[--><!--[!--><!--[--><!--[!--><!--[--><!--&gt;-->Qui est responsable? Le concepteur de la machine \u00e0 entendre la d\u00e9fense, Knauf est juste utilisateur d&rsquo;une machine, pas son concepteur explique maitre Juliette Barre du barreau de Paris. De plus, en cette fin de journ\u00e9e, lorsque le directeur quitte l&rsquo;usine, chaque salari\u00e9 est \u00e0 son poste en fonction de ses qualifications, le changement se fait sans le pr\u00e9venir et en son absence. Pour la d\u00e9fense il ne peut endosser cette responsabilit\u00e9, maitre Barre demande la relaxe.<!--&gt;--><!--&gt;]--><!--]--><!--]--><!--]--><!--]--><!--]--><!--]--><!--]--><!--]--><!--]--><!--&gt;<\/p>\n\n--><!--]--><!--]--><!--]--><!--]--><!--]--><!--]--><!--[!--><!--[!--><!--[--><!--[!--><!--[--><!--[--><!--&gt;[!--><!--[--><\/p>\n<h2><!--&gt;Un rapport de l'inspection du travail accablant--><!--&gt;<\/h2>\n\n]--><!--]--><!--&gt;]--><!--]--><!--]--><!--]--><!--]--><!--]--><!--[!--><!--[!--><!--[--><!--[--><!--[!--><!--[--><!--&gt;\n\n<p>[!--><!--[--><!--[--><!--[!--><!--[!--><!--[--><!--[!--><!--[--><!--[!--><!--[--><!--&gt;-->L&rsquo;inspecteur du travail venu t\u00e9moigner \u00e0 la barre explique qu&rsquo;en mars dernier il est retourn\u00e9 sur le site de La C\u00f4te pour pr\u00e9parer cette audience. Depuis l&rsquo;accident de 2022 des protections ont bien \u00e9t\u00e9 pos\u00e9es sur la cr\u00e9maill\u00e8re, mais il n&rsquo;a pas vu de panneaux indiquant les consignes de s\u00e9curit\u00e9. L&rsquo;inspecteur pr\u00e9cise que <strong>bien souvent dans l&rsquo;industrie, ce sont des int\u00e9rimaires qui sont victimes d&rsquo;accidents du travail parce que justement les consignes de s\u00e9curit\u00e9 ne sont pas clairement annonc\u00e9es<\/strong>.<!--&gt;--><!--&gt;]--><!--]--><!--]--><!--]--><!--]--><!--]--><!--]--><!--]--><!--]--><!--]--><!--&gt;<\/p>\n\n--><!--]--><!--]--><!--]--><!--]--><!--]--><!--]--><!--[!--><!--[!--><!--[--><!--[--><!--[!--><!--[--><!--&gt;\n\n<p>[!--><!--[--><!--[--><!--[!--><!--[!--><!--[--><!--[!--><!--[--><!--[!--><!--[--><!--&gt;-->L&rsquo;inspecteur du travail rappelle que d&rsquo;autres accidents ont eu lieu sur ce m\u00eame site dont un mortel en mai 2025. <strong>Ce jugement sera observ\u00e9 de pr\u00e8s pour les autres proc\u00e8s \u00e0 venir comme l&rsquo;accident mortel de mai 2025, l&rsquo;enjeu est de d\u00e9montrer si l&rsquo;entreprise respectait bien les r\u00e8gles de s\u00e9curit\u00e9, ou pas<\/strong>.<!--&gt;--><!--&gt;]--><!--]--><!--]--><!--]--><!--]--><!--]--><!--]--><!--]--><!--]--><!--]--><!--&gt;<\/p>\n\n--><!--]--><!--]--><!--]--><!--]--><!--]--><!--]--><!--[!--><!--[!--><!--[--><!--[!--><!--[!--><!--[!--><!--[--><!--[--><!--&gt;[!--><!--[!--><!--[!--><!--[--><!--[!--><!--]--> <!--[--><!--[--><!--[--><!--]--><!--]--><!--]--><!--]--><!--]--><!--]--><!--]--><!--&gt;]--><!--]--><!--]--><!--]--><!--]--><!--]--><!--]--><!--]--><!--[!--><!--[!--><!--[--><!--[!--><!--[!--><!--[--><!--&gt;\n\n<aside class=\"IciBounceArticle svelte-zvzpci\">\n\n<h2 class=\"label g-ici-heading svelte-zvzpci\">\u00c0 lire aussi<\/h2>\n\n \n\n<div class=\"content svelte-zvzpci\"> [--><\/p>\n<div class=\"visual svelte-zvzpci\"><!--[--><!--]--> <!--[!--><img decoding=\"async\" src=\"https:\/\/www.accidentdutravail-idf.net\/blog\/wp-content\/uploads\/2026\/04\/accident-du-travail-chez-knauf-a-la-cote-en-2022-le-jugement-sera-rendu-au-28-avril.jpg\" alt loading=\"lazy\" aria-hidden=\"true\" class=\"svelte-1cksh76 rounded\"><!--]--><!--&gt;<\/div>\n\n]--><\/div>\n<\/aside>\n<p><!--&gt;]--><!--]--><!--]--><!--]--><!--]--><!--]--><!--[!--><!--[!--><!--[--><!--[!--><!--[!--><!--[--><!--&gt;\n\n<aside class=\"IciBounceArticle svelte-zvzpci\">\n\n<h2 class=\"label g-ici-heading svelte-zvzpci\">\u00c0 lire aussi<\/h2>\n\n \n\n<div class=\"content svelte-zvzpci\"> [--><\/p>\n<div class=\"visual svelte-zvzpci\"><!--[--><!--]--> <!--[!--><img decoding=\"async\" src=\"https:\/\/www.accidentdutravail-idf.net\/blog\/wp-content\/uploads\/2026\/04\/accident-du-travail-chez-knauf-a-la-cote-en-2022-le-jugement-sera-rendu-au-28-avril-1.jpg\" alt loading=\"lazy\" aria-hidden=\"true\" class=\"svelte-1cksh76 rounded\"><!--]--><!--&gt;<\/div>\n\n]--><\/div>\n<\/aside>\n<p><!--&gt;]--><!--]--><!--]--><!--]--><!--]--><!--]--><!--]--><!--]--><!--]--><!--]--><!--&gt;<\/div>\n\naccidentdutravail-idf.net vous a pr\u00e9par\u00e9 ce post qui informe du sujet \"Association Sportive Huisson-Longueville Essonne\". La chronique se veut g\u00e9n\u00e9r\u00e9e du mieux possible. Vous pouvez utiliser les coordonn\u00e9es indiqu\u00e9es sur le site dans le but d\u2019apporter des explications sur ce post qui parle du th\u00e8me \"Association Sportive Huisson-Longueville Essonne\". Le site accidentdutravail-idf.net a pour but de fournir diverses publications sur la th\u00e9matique Association Sportive Huisson-Longueville Essonne diffus\u00e9es sur le net. Il y aura plusieurs articles autour du sujet \"Association Sportive Huisson-Longueville Essonne\" dans quelques jours, nous vous invitons \u00e0 naviguer sur notre site web \u00e0 plusieurs reprises.--><\/p>\n","protected":false},"excerpt":{"rendered":"<p>L&rsquo;entreprise Knauf Fibre qui r\u00e9alise des panneaux d&rsquo;isolation pour le b\u00e2timent et qui est implant\u00e9e \u00e0 La C\u00f4te, entre Ronchamp et Lure en Haute-Sa\u00f4ne, comparaissait mardi devant le tribunal correctionnel de Vesoul pour un accident du travail en 2022. Le jugement est mis en d\u00e9lib\u00e9r\u00e9 au 28 avril. Le 28 septembre 2022, un ouvrier int\u00e9rimaire &hellip; <\/p>\n<p class=\"link-more\"><a href=\"https:\/\/www.accidentdutravail-idf.net\/blog\/accident-du-travail-chez-knauf-a-la-cote-en-2022-le-jugement-sera-rendu-au-28-avril\/\" class=\"more-link\">Continuer la lecture <span class=\"screen-reader-text\"> \u00ab\u00a0Accident du travail chez Knauf \u00e0 La C\u00f4te en 2022, le jugement sera rendu au 28 avril\u00a0\u00bb<\/span><\/a><\/p>\n","protected":false},"author":2,"featured_media":0,"comment_status":"closed","ping_status":"closed","sticky":false,"template":"","format":"standard","meta":{"footnotes":""},"categories":[5],"tags":[],"class_list":["post-2283","post","type-post","status-publish","format-standard","hentry","category-securite-du-travail-en-ile-de-france-et-divers","entry"],"yoast_head":"<!-- This site is optimized with the Yoast SEO plugin v27.5 - https:\/\/yoast.com\/product\/yoast-seo-wordpress\/ -->\n<title>Accident du travail chez Knauf \u00e0 La C\u00f4te en 2022, le jugement sera rendu au 28 avril - ACCIDENTDUTRAVAIL-IDF<\/title>\n<meta name=\"description\" content=\"Accident du travail chez Knauf \u00e0 La C\u00f4te en 2022, le jugement sera rendu au 28 avril article de ACCIDENTDUTRAVAIL-IDF\" \/>\n<meta name=\"robots\" content=\"index, follow, max-snippet:-1, max-image-preview:large, max-video-preview:-1\" \/>\n<link rel=\"canonical\" href=\"https:\/\/www.accidentdutravail-idf.net\/blog\/accident-du-travail-chez-knauf-a-la-cote-en-2022-le-jugement-sera-rendu-au-28-avril\/\" \/>\n<meta property=\"og:locale\" content=\"fr_FR\" \/>\n<meta property=\"og:type\" content=\"article\" \/>\n<meta property=\"og:title\" content=\"Accident du travail chez Knauf \u00e0 La C\u00f4te en 2022, le jugement sera rendu au 28 avril - ACCIDENTDUTRAVAIL-IDF\" \/>\n<meta property=\"og:description\" content=\"Accident du travail chez Knauf \u00e0 La C\u00f4te en 2022, le jugement sera rendu au 28 avril article de ACCIDENTDUTRAVAIL-IDF\" \/>\n<meta property=\"og:url\" content=\"https:\/\/www.accidentdutravail-idf.net\/blog\/accident-du-travail-chez-knauf-a-la-cote-en-2022-le-jugement-sera-rendu-au-28-avril\/\" \/>\n<meta property=\"og:site_name\" content=\"ACCIDENTDUTRAVAIL-IDF\" \/>\n<meta property=\"article:published_time\" content=\"2026-03-31T11:16:00+00:00\" \/>\n<meta property=\"og:image\" content=\"https:\/\/www.accidentdutravail-idf.net\/blog\/wp-content\/uploads\/2026\/04\/accident-du-travail-chez-knauf-a-la-cote-en-2022-le-jugement-sera-rendu-au-28-avril.jpg\" \/>\n<meta name=\"author\" content=\"Carlos Poulain\" \/>\n<meta name=\"twitter:card\" content=\"summary_large_image\" \/>\n<meta name=\"twitter:label1\" content=\"\u00c9crit par\" \/>\n\t<meta name=\"twitter:data1\" content=\"Carlos Poulain\" \/>\n\t<meta name=\"twitter:label2\" content=\"Dur\u00e9e de lecture estim\u00e9e\" \/>\n\t<meta name=\"twitter:data2\" content=\"3 minutes\" \/>\n<script type=\"application\/ld+json\" class=\"yoast-schema-graph\">{\"@context\":\"https:\\\/\\\/schema.org\",\"@graph\":[{\"@type\":\"Article\",\"@id\":\"https:\\\/\\\/www.accidentdutravail-idf.net\\\/blog\\\/accident-du-travail-chez-knauf-a-la-cote-en-2022-le-jugement-sera-rendu-au-28-avril\\\/#article\",\"isPartOf\":{\"@id\":\"https:\\\/\\\/www.accidentdutravail-idf.net\\\/blog\\\/accident-du-travail-chez-knauf-a-la-cote-en-2022-le-jugement-sera-rendu-au-28-avril\\\/\"},\"author\":{\"name\":\"Carlos Poulain\",\"@id\":\"https:\\\/\\\/www.accidentdutravail-idf.net\\\/blog\\\/#\\\/schema\\\/person\\\/3255d2f970de45e64bd9201f38e7b947\"},\"headline\":\"Accident du travail chez Knauf \u00e0 La C\u00f4te en 2022, le jugement sera rendu au 28 avril\",\"datePublished\":\"2026-03-31T11:16:00+00:00\",\"mainEntityOfPage\":{\"@id\":\"https:\\\/\\\/www.accidentdutravail-idf.net\\\/blog\\\/accident-du-travail-chez-knauf-a-la-cote-en-2022-le-jugement-sera-rendu-au-28-avril\\\/\"},\"wordCount\":603,\"publisher\":{\"@id\":\"https:\\\/\\\/www.accidentdutravail-idf.net\\\/blog\\\/#organization\"},\"image\":{\"@id\":\"https:\\\/\\\/www.accidentdutravail-idf.net\\\/blog\\\/accident-du-travail-chez-knauf-a-la-cote-en-2022-le-jugement-sera-rendu-au-28-avril\\\/#primaryimage\"},\"thumbnailUrl\":\"https:\\\/\\\/www.accidentdutravail-idf.net\\\/blog\\\/wp-content\\\/uploads\\\/2026\\\/04\\\/accident-du-travail-chez-knauf-a-la-cote-en-2022-le-jugement-sera-rendu-au-28-avril.jpg\",\"articleSection\":[\"S\u00e9curit\u00e9 Du Travail En Ile-De-France Et Divers:\"],\"inLanguage\":\"fr-FR\"},{\"@type\":\"WebPage\",\"@id\":\"https:\\\/\\\/www.accidentdutravail-idf.net\\\/blog\\\/accident-du-travail-chez-knauf-a-la-cote-en-2022-le-jugement-sera-rendu-au-28-avril\\\/\",\"url\":\"https:\\\/\\\/www.accidentdutravail-idf.net\\\/blog\\\/accident-du-travail-chez-knauf-a-la-cote-en-2022-le-jugement-sera-rendu-au-28-avril\\\/\",\"name\":\"Accident du travail chez Knauf \u00e0 La C\u00f4te en 2022, le jugement sera rendu au 28 avril - ACCIDENTDUTRAVAIL-IDF\",\"isPartOf\":{\"@id\":\"https:\\\/\\\/www.accidentdutravail-idf.net\\\/blog\\\/#website\"},\"primaryImageOfPage\":{\"@id\":\"https:\\\/\\\/www.accidentdutravail-idf.net\\\/blog\\\/accident-du-travail-chez-knauf-a-la-cote-en-2022-le-jugement-sera-rendu-au-28-avril\\\/#primaryimage\"},\"image\":{\"@id\":\"https:\\\/\\\/www.accidentdutravail-idf.net\\\/blog\\\/accident-du-travail-chez-knauf-a-la-cote-en-2022-le-jugement-sera-rendu-au-28-avril\\\/#primaryimage\"},\"thumbnailUrl\":\"https:\\\/\\\/www.accidentdutravail-idf.net\\\/blog\\\/wp-content\\\/uploads\\\/2026\\\/04\\\/accident-du-travail-chez-knauf-a-la-cote-en-2022-le-jugement-sera-rendu-au-28-avril.jpg\",\"datePublished\":\"2026-03-31T11:16:00+00:00\",\"description\":\"Accident du travail chez Knauf \u00e0 La C\u00f4te en 2022, le jugement sera rendu au 28 avril article de ACCIDENTDUTRAVAIL-IDF\",\"breadcrumb\":{\"@id\":\"https:\\\/\\\/www.accidentdutravail-idf.net\\\/blog\\\/accident-du-travail-chez-knauf-a-la-cote-en-2022-le-jugement-sera-rendu-au-28-avril\\\/#breadcrumb\"},\"inLanguage\":\"fr-FR\",\"potentialAction\":[{\"@type\":\"ReadAction\",\"target\":[\"https:\\\/\\\/www.accidentdutravail-idf.net\\\/blog\\\/accident-du-travail-chez-knauf-a-la-cote-en-2022-le-jugement-sera-rendu-au-28-avril\\\/\"]}]},{\"@type\":\"ImageObject\",\"inLanguage\":\"fr-FR\",\"@id\":\"https:\\\/\\\/www.accidentdutravail-idf.net\\\/blog\\\/accident-du-travail-chez-knauf-a-la-cote-en-2022-le-jugement-sera-rendu-au-28-avril\\\/#primaryimage\",\"url\":\"https:\\\/\\\/www.accidentdutravail-idf.net\\\/blog\\\/wp-content\\\/uploads\\\/2026\\\/04\\\/accident-du-travail-chez-knauf-a-la-cote-en-2022-le-jugement-sera-rendu-au-28-avril.jpg\",\"contentUrl\":\"https:\\\/\\\/www.accidentdutravail-idf.net\\\/blog\\\/wp-content\\\/uploads\\\/2026\\\/04\\\/accident-du-travail-chez-knauf-a-la-cote-en-2022-le-jugement-sera-rendu-au-28-avril.jpg\"},{\"@type\":\"BreadcrumbList\",\"@id\":\"https:\\\/\\\/www.accidentdutravail-idf.net\\\/blog\\\/accident-du-travail-chez-knauf-a-la-cote-en-2022-le-jugement-sera-rendu-au-28-avril\\\/#breadcrumb\",\"itemListElement\":[{\"@type\":\"ListItem\",\"position\":1,\"name\":\"Accueil\",\"item\":\"https:\\\/\\\/www.accidentdutravail-idf.net\\\/blog\\\/\"},{\"@type\":\"ListItem\",\"position\":2,\"name\":\"Accident du travail chez Knauf \u00e0 La C\u00f4te en 2022, le jugement sera rendu au 28 avril\"}]},{\"@type\":\"WebSite\",\"@id\":\"https:\\\/\\\/www.accidentdutravail-idf.net\\\/blog\\\/#website\",\"url\":\"https:\\\/\\\/www.accidentdutravail-idf.net\\\/blog\\\/\",\"name\":\"ACCIDENTDUTRAVAIL-IDF\",\"description\":\"Portail accidents du travail-maladies professionnelles des entreprises d&#039;Ile-de-France\",\"publisher\":{\"@id\":\"https:\\\/\\\/www.accidentdutravail-idf.net\\\/blog\\\/#organization\"},\"potentialAction\":[{\"@type\":\"SearchAction\",\"target\":{\"@type\":\"EntryPoint\",\"urlTemplate\":\"https:\\\/\\\/www.accidentdutravail-idf.net\\\/blog\\\/?s={search_term_string}\"},\"query-input\":{\"@type\":\"PropertyValueSpecification\",\"valueRequired\":true,\"valueName\":\"search_term_string\"}}],\"inLanguage\":\"fr-FR\"},{\"@type\":\"Organization\",\"@id\":\"https:\\\/\\\/www.accidentdutravail-idf.net\\\/blog\\\/#organization\",\"name\":\"accidentdutravail-idf\",\"url\":\"https:\\\/\\\/www.accidentdutravail-idf.net\\\/blog\\\/\",\"logo\":{\"@type\":\"ImageObject\",\"inLanguage\":\"fr-FR\",\"@id\":\"https:\\\/\\\/www.accidentdutravail-idf.net\\\/blog\\\/#\\\/schema\\\/logo\\\/image\\\/\",\"url\":\"https:\\\/\\\/www.accidentdutravail-idf.net\\\/blog\\\/wp-content\\\/uploads\\\/2022\\\/09\\\/logo-2.png\",\"contentUrl\":\"https:\\\/\\\/www.accidentdutravail-idf.net\\\/blog\\\/wp-content\\\/uploads\\\/2022\\\/09\\\/logo-2.png\",\"width\":380,\"height\":291,\"caption\":\"accidentdutravail-idf\"},\"image\":{\"@id\":\"https:\\\/\\\/www.accidentdutravail-idf.net\\\/blog\\\/#\\\/schema\\\/logo\\\/image\\\/\"}},{\"@type\":\"Person\",\"@id\":\"https:\\\/\\\/www.accidentdutravail-idf.net\\\/blog\\\/#\\\/schema\\\/person\\\/3255d2f970de45e64bd9201f38e7b947\",\"name\":\"Carlos Poulain\",\"image\":{\"@type\":\"ImageObject\",\"inLanguage\":\"fr-FR\",\"@id\":\"https:\\\/\\\/secure.gravatar.com\\\/avatar\\\/b1c2f9d3588e34e91adb093635df64ef4b2381991216be7576466cfcdca4baf3?s=96&d=mm&r=g\",\"url\":\"https:\\\/\\\/secure.gravatar.com\\\/avatar\\\/b1c2f9d3588e34e91adb093635df64ef4b2381991216be7576466cfcdca4baf3?s=96&d=mm&r=g\",\"contentUrl\":\"https:\\\/\\\/secure.gravatar.com\\\/avatar\\\/b1c2f9d3588e34e91adb093635df64ef4b2381991216be7576466cfcdca4baf3?s=96&d=mm&r=g\",\"caption\":\"Carlos Poulain\"},\"url\":\"https:\\\/\\\/www.accidentdutravail-idf.net\\\/blog\\\/author\\\/idfcarlos\\\/\"}]}<\/script>\n<!-- \/ Yoast SEO plugin. -->","yoast_head_json":{"title":"Accident du travail chez Knauf \u00e0 La C\u00f4te en 2022, le jugement sera rendu au 28 avril - ACCIDENTDUTRAVAIL-IDF","description":"Accident du travail chez Knauf \u00e0 La C\u00f4te en 2022, le jugement sera rendu au 28 avril article de ACCIDENTDUTRAVAIL-IDF","robots":{"index":"index","follow":"follow","max-snippet":"max-snippet:-1","max-image-preview":"max-image-preview:large","max-video-preview":"max-video-preview:-1"},"canonical":"https:\/\/www.accidentdutravail-idf.net\/blog\/accident-du-travail-chez-knauf-a-la-cote-en-2022-le-jugement-sera-rendu-au-28-avril\/","og_locale":"fr_FR","og_type":"article","og_title":"Accident du travail chez Knauf \u00e0 La C\u00f4te en 2022, le jugement sera rendu au 28 avril - ACCIDENTDUTRAVAIL-IDF","og_description":"Accident du travail chez Knauf \u00e0 La C\u00f4te en 2022, le jugement sera rendu au 28 avril article de ACCIDENTDUTRAVAIL-IDF","og_url":"https:\/\/www.accidentdutravail-idf.net\/blog\/accident-du-travail-chez-knauf-a-la-cote-en-2022-le-jugement-sera-rendu-au-28-avril\/","og_site_name":"ACCIDENTDUTRAVAIL-IDF","article_published_time":"2026-03-31T11:16:00+00:00","og_image":[{"url":"https:\/\/www.accidentdutravail-idf.net\/blog\/wp-content\/uploads\/2026\/04\/accident-du-travail-chez-knauf-a-la-cote-en-2022-le-jugement-sera-rendu-au-28-avril.jpg","type":"","width":"","height":""}],"author":"Carlos Poulain","twitter_card":"summary_large_image","twitter_misc":{"\u00c9crit par":"Carlos Poulain","Dur\u00e9e de lecture estim\u00e9e":"3 minutes"},"schema":{"@context":"https:\/\/schema.org","@graph":[{"@type":"Article","@id":"https:\/\/www.accidentdutravail-idf.net\/blog\/accident-du-travail-chez-knauf-a-la-cote-en-2022-le-jugement-sera-rendu-au-28-avril\/#article","isPartOf":{"@id":"https:\/\/www.accidentdutravail-idf.net\/blog\/accident-du-travail-chez-knauf-a-la-cote-en-2022-le-jugement-sera-rendu-au-28-avril\/"},"author":{"name":"Carlos Poulain","@id":"https:\/\/www.accidentdutravail-idf.net\/blog\/#\/schema\/person\/3255d2f970de45e64bd9201f38e7b947"},"headline":"Accident du travail chez Knauf \u00e0 La C\u00f4te en 2022, le jugement sera rendu au 28 avril","datePublished":"2026-03-31T11:16:00+00:00","mainEntityOfPage":{"@id":"https:\/\/www.accidentdutravail-idf.net\/blog\/accident-du-travail-chez-knauf-a-la-cote-en-2022-le-jugement-sera-rendu-au-28-avril\/"},"wordCount":603,"publisher":{"@id":"https:\/\/www.accidentdutravail-idf.net\/blog\/#organization"},"image":{"@id":"https:\/\/www.accidentdutravail-idf.net\/blog\/accident-du-travail-chez-knauf-a-la-cote-en-2022-le-jugement-sera-rendu-au-28-avril\/#primaryimage"},"thumbnailUrl":"https:\/\/www.accidentdutravail-idf.net\/blog\/wp-content\/uploads\/2026\/04\/accident-du-travail-chez-knauf-a-la-cote-en-2022-le-jugement-sera-rendu-au-28-avril.jpg","articleSection":["S\u00e9curit\u00e9 Du Travail En Ile-De-France Et Divers:"],"inLanguage":"fr-FR"},{"@type":"WebPage","@id":"https:\/\/www.accidentdutravail-idf.net\/blog\/accident-du-travail-chez-knauf-a-la-cote-en-2022-le-jugement-sera-rendu-au-28-avril\/","url":"https:\/\/www.accidentdutravail-idf.net\/blog\/accident-du-travail-chez-knauf-a-la-cote-en-2022-le-jugement-sera-rendu-au-28-avril\/","name":"Accident du travail chez Knauf \u00e0 La C\u00f4te en 2022, le jugement sera rendu au 28 avril - ACCIDENTDUTRAVAIL-IDF","isPartOf":{"@id":"https:\/\/www.accidentdutravail-idf.net\/blog\/#website"},"primaryImageOfPage":{"@id":"https:\/\/www.accidentdutravail-idf.net\/blog\/accident-du-travail-chez-knauf-a-la-cote-en-2022-le-jugement-sera-rendu-au-28-avril\/#primaryimage"},"image":{"@id":"https:\/\/www.accidentdutravail-idf.net\/blog\/accident-du-travail-chez-knauf-a-la-cote-en-2022-le-jugement-sera-rendu-au-28-avril\/#primaryimage"},"thumbnailUrl":"https:\/\/www.accidentdutravail-idf.net\/blog\/wp-content\/uploads\/2026\/04\/accident-du-travail-chez-knauf-a-la-cote-en-2022-le-jugement-sera-rendu-au-28-avril.jpg","datePublished":"2026-03-31T11:16:00+00:00","description":"Accident du travail chez Knauf \u00e0 La C\u00f4te en 2022, le jugement sera rendu au 28 avril article de ACCIDENTDUTRAVAIL-IDF","breadcrumb":{"@id":"https:\/\/www.accidentdutravail-idf.net\/blog\/accident-du-travail-chez-knauf-a-la-cote-en-2022-le-jugement-sera-rendu-au-28-avril\/#breadcrumb"},"inLanguage":"fr-FR","potentialAction":[{"@type":"ReadAction","target":["https:\/\/www.accidentdutravail-idf.net\/blog\/accident-du-travail-chez-knauf-a-la-cote-en-2022-le-jugement-sera-rendu-au-28-avril\/"]}]},{"@type":"ImageObject","inLanguage":"fr-FR","@id":"https:\/\/www.accidentdutravail-idf.net\/blog\/accident-du-travail-chez-knauf-a-la-cote-en-2022-le-jugement-sera-rendu-au-28-avril\/#primaryimage","url":"https:\/\/www.accidentdutravail-idf.net\/blog\/wp-content\/uploads\/2026\/04\/accident-du-travail-chez-knauf-a-la-cote-en-2022-le-jugement-sera-rendu-au-28-avril.jpg","contentUrl":"https:\/\/www.accidentdutravail-idf.net\/blog\/wp-content\/uploads\/2026\/04\/accident-du-travail-chez-knauf-a-la-cote-en-2022-le-jugement-sera-rendu-au-28-avril.jpg"},{"@type":"BreadcrumbList","@id":"https:\/\/www.accidentdutravail-idf.net\/blog\/accident-du-travail-chez-knauf-a-la-cote-en-2022-le-jugement-sera-rendu-au-28-avril\/#breadcrumb","itemListElement":[{"@type":"ListItem","position":1,"name":"Accueil","item":"https:\/\/www.accidentdutravail-idf.net\/blog\/"},{"@type":"ListItem","position":2,"name":"Accident du travail chez Knauf \u00e0 La C\u00f4te en 2022, le jugement sera rendu au 28 avril"}]},{"@type":"WebSite","@id":"https:\/\/www.accidentdutravail-idf.net\/blog\/#website","url":"https:\/\/www.accidentdutravail-idf.net\/blog\/","name":"ACCIDENTDUTRAVAIL-IDF","description":"Portail accidents du travail-maladies professionnelles des entreprises d&#039;Ile-de-France","publisher":{"@id":"https:\/\/www.accidentdutravail-idf.net\/blog\/#organization"},"potentialAction":[{"@type":"SearchAction","target":{"@type":"EntryPoint","urlTemplate":"https:\/\/www.accidentdutravail-idf.net\/blog\/?s={search_term_string}"},"query-input":{"@type":"PropertyValueSpecification","valueRequired":true,"valueName":"search_term_string"}}],"inLanguage":"fr-FR"},{"@type":"Organization","@id":"https:\/\/www.accidentdutravail-idf.net\/blog\/#organization","name":"accidentdutravail-idf","url":"https:\/\/www.accidentdutravail-idf.net\/blog\/","logo":{"@type":"ImageObject","inLanguage":"fr-FR","@id":"https:\/\/www.accidentdutravail-idf.net\/blog\/#\/schema\/logo\/image\/","url":"https:\/\/www.accidentdutravail-idf.net\/blog\/wp-content\/uploads\/2022\/09\/logo-2.png","contentUrl":"https:\/\/www.accidentdutravail-idf.net\/blog\/wp-content\/uploads\/2022\/09\/logo-2.png","width":380,"height":291,"caption":"accidentdutravail-idf"},"image":{"@id":"https:\/\/www.accidentdutravail-idf.net\/blog\/#\/schema\/logo\/image\/"}},{"@type":"Person","@id":"https:\/\/www.accidentdutravail-idf.net\/blog\/#\/schema\/person\/3255d2f970de45e64bd9201f38e7b947","name":"Carlos Poulain","image":{"@type":"ImageObject","inLanguage":"fr-FR","@id":"https:\/\/secure.gravatar.com\/avatar\/b1c2f9d3588e34e91adb093635df64ef4b2381991216be7576466cfcdca4baf3?s=96&d=mm&r=g","url":"https:\/\/secure.gravatar.com\/avatar\/b1c2f9d3588e34e91adb093635df64ef4b2381991216be7576466cfcdca4baf3?s=96&d=mm&r=g","contentUrl":"https:\/\/secure.gravatar.com\/avatar\/b1c2f9d3588e34e91adb093635df64ef4b2381991216be7576466cfcdca4baf3?s=96&d=mm&r=g","caption":"Carlos Poulain"},"url":"https:\/\/www.accidentdutravail-idf.net\/blog\/author\/idfcarlos\/"}]}},"_links":{"self":[{"href":"https:\/\/www.accidentdutravail-idf.net\/blog\/wp-json\/wp\/v2\/posts\/2283","targetHints":{"allow":["GET"]}}],"collection":[{"href":"https:\/\/www.accidentdutravail-idf.net\/blog\/wp-json\/wp\/v2\/posts"}],"about":[{"href":"https:\/\/www.accidentdutravail-idf.net\/blog\/wp-json\/wp\/v2\/types\/post"}],"author":[{"embeddable":true,"href":"https:\/\/www.accidentdutravail-idf.net\/blog\/wp-json\/wp\/v2\/users\/2"}],"replies":[{"embeddable":true,"href":"https:\/\/www.accidentdutravail-idf.net\/blog\/wp-json\/wp\/v2\/comments?post=2283"}],"version-history":[{"count":0,"href":"https:\/\/www.accidentdutravail-idf.net\/blog\/wp-json\/wp\/v2\/posts\/2283\/revisions"}],"wp:attachment":[{"href":"https:\/\/www.accidentdutravail-idf.net\/blog\/wp-json\/wp\/v2\/media?parent=2283"}],"wp:term":[{"taxonomy":"category","embeddable":true,"href":"https:\/\/www.accidentdutravail-idf.net\/blog\/wp-json\/wp\/v2\/categories?post=2283"},{"taxonomy":"post_tag","embeddable":true,"href":"https:\/\/www.accidentdutravail-idf.net\/blog\/wp-json\/wp\/v2\/tags?post=2283"}],"curies":[{"name":"wp","href":"https:\/\/api.w.org\/{rel}","templated":true}]}}