{"id":2282,"date":"2026-03-30T10:46:00","date_gmt":"2026-03-30T08:46:00","guid":{"rendered":"https:\/\/www.accidentdutravail-idf.net\/blog\/accident-a-dommeldange-un-ouvrier-grievement-blesse-par-une-chute-dobjet\/"},"modified":"2026-03-30T10:46:00","modified_gmt":"2026-03-30T08:46:00","slug":"accident-a-dommeldange-un-ouvrier-grievement-blesse-par-une-chute-dobjet","status":"publish","type":"post","link":"https:\/\/www.accidentdutravail-idf.net\/blog\/accident-a-dommeldange-un-ouvrier-grievement-blesse-par-une-chute-dobjet\/","title":{"rendered":"Accident \u00e0 Dommeldange: Un ouvrier gri\u00e8vement bless\u00e9 par une chute d&rsquo;objet"},"content":{"rendered":"<div><img decoding=\"async\" src=\"https:\/\/image.lessentiel.lu\/2026\/03\/30\/f64915b8-dd9b-436c-9350-6d81afe2c9ba.jpg?auto=format%2Ccompress%2Cenhance&amp;fit=crop&amp;w=1200&amp;h=675&amp;rect=0%2C0%2C2449%2C1633&amp;crop=faces&amp;s=2a74a0c4f38713419477c3f21dca2692\" class=\"ff-og-image-inserted\"><\/div>\n<p class=\"sc-9c011e72-2 fLdqpN\">Un grave accident du travail a eu lieu, lundi, vers 9h40, sur le chantier du pont de l&rsquo;Alzette, rue de la Station, \u00e0 Luxembourg-Dommeldange. Selon les \u00e9l\u00e9ments fournis par la police lundi apr\u00e8s-midi, un ouvrier a \u00e9t\u00e9 gri\u00e8vement bless\u00e9 \u00e0 la t\u00eate apr\u00e8s la chute d&rsquo;un objet m\u00e9tallique. L&rsquo;objet en question est la pi\u00e8ce d&rsquo;une machine-foreuse servant \u00e0 percer des trous tr\u00e8s profonds.<\/p>\n<div class=\"sc-9c011e72-2 aObEZ\">\n<div class=\"sc-6b6d89d4-0 jOPchT\">\n<p>Publicit\u00e9<\/p>\n<\/div>\n<\/div>\n<p class=\"sc-9c011e72-2 fLdqpN\">Selon nos informations, la victime est un jeune homme de 20 ans. Elle a \u00e9t\u00e9 transport\u00e9e \u00e0 l&rsquo;h\u00f4pital pour y \u00eatre soign\u00e9e. L&rsquo;ITM s&rsquo;est rendue sur place et un proc\u00e8s-verbal a \u00e9t\u00e9 dress\u00e9.<\/p>\n<p class=\"sc-9c011e72-2 fLdqpN\">Les pompiers sont intervenus avec une \u00e9chelle et un brancard pour r\u00e9cup\u00e9rer la personne bless\u00e9e en contrebas.<\/p>\n<div class=\"sc-9c011e72-2 jsSVjf\">\n<div data-testid=\"InfoBox\" class=\"sc-56e8aa54-0 cnUKDe\">\n<div class=\"sc-56e8aa54-3 hVFea-D\">\n<p class=\"sc-56e8aa54-4 gJyqKk\">Le Luxembourg en bref<\/p>\n<\/div>\n<\/div>\n<\/div>\n<p><span class=\"sc-49c12722-0 kudNTj\">(<!-- -->th, nm<!-- -->)<\/span><\/p>\n<p>accidentdutravail-idf.net vous a pr\u00e9par\u00e9 ce post qui informe du sujet \u00ab\u00a0Association Sportive Huisson-Longueville Essonne\u00a0\u00bb. La chronique se veut g\u00e9n\u00e9r\u00e9e du mieux possible. Vous pouvez utiliser les coordonn\u00e9es indiqu\u00e9es sur le site dans le but d\u2019apporter des explications sur ce post qui parle du th\u00e8me \u00ab\u00a0Association Sportive Huisson-Longueville Essonne\u00a0\u00bb. Le site accidentdutravail-idf.net a pour but de fournir diverses publications sur la th\u00e9matique Association Sportive Huisson-Longueville Essonne diffus\u00e9es sur le net. Il y aura plusieurs articles autour du sujet \u00ab\u00a0Association Sportive Huisson-Longueville Essonne\u00a0\u00bb dans quelques jours, nous vous invitons \u00e0 naviguer sur notre site web \u00e0 plusieurs reprises.<\/p>\n","protected":false},"excerpt":{"rendered":"<p>Un grave accident du travail a eu lieu, lundi, vers 9h40, sur le chantier du pont de l&rsquo;Alzette, rue de la Station, \u00e0 Luxembourg-Dommeldange. Selon les \u00e9l\u00e9ments fournis par la police lundi apr\u00e8s-midi, un ouvrier a \u00e9t\u00e9 gri\u00e8vement bless\u00e9 \u00e0 la t\u00eate apr\u00e8s la chute d&rsquo;un objet m\u00e9tallique. L&rsquo;objet en question est la pi\u00e8ce d&rsquo;une &hellip; <\/p>\n<p class=\"link-more\"><a href=\"https:\/\/www.accidentdutravail-idf.net\/blog\/accident-a-dommeldange-un-ouvrier-grievement-blesse-par-une-chute-dobjet\/\" class=\"more-link\">Continuer la lecture <span class=\"screen-reader-text\"> \u00ab\u00a0Accident \u00e0 Dommeldange: Un ouvrier gri\u00e8vement bless\u00e9 par une chute d&rsquo;objet\u00a0\u00bb<\/span><\/a><\/p>\n","protected":false},"author":2,"featured_media":0,"comment_status":"closed","ping_status":"closed","sticky":false,"template":"","format":"standard","meta":{"footnotes":""},"categories":[5],"tags":[],"class_list":["post-2282","post","type-post","status-publish","format-standard","hentry","category-securite-du-travail-en-ile-de-france-et-divers","entry"],"yoast_head":"<!-- This site is optimized with the Yoast SEO plugin v27.5 - https:\/\/yoast.com\/product\/yoast-seo-wordpress\/ -->\n<title>Accident \u00e0 Dommeldange: Un ouvrier gri\u00e8vement bless\u00e9 par une chute d&#039;objet - ACCIDENTDUTRAVAIL-IDF<\/title>\n<meta name=\"description\" content=\"Accident \u00e0 Dommeldange: Un ouvrier gri\u00e8vement bless\u00e9 par une chute d&#039;objet article de ACCIDENTDUTRAVAIL-IDF\" \/>\n<meta name=\"robots\" content=\"index, follow, max-snippet:-1, max-image-preview:large, max-video-preview:-1\" \/>\n<link rel=\"canonical\" href=\"https:\/\/www.accidentdutravail-idf.net\/blog\/accident-a-dommeldange-un-ouvrier-grievement-blesse-par-une-chute-dobjet\/\" \/>\n<meta property=\"og:locale\" content=\"fr_FR\" \/>\n<meta property=\"og:type\" content=\"article\" \/>\n<meta property=\"og:title\" content=\"Accident \u00e0 Dommeldange: Un ouvrier gri\u00e8vement bless\u00e9 par une chute d&#039;objet - ACCIDENTDUTRAVAIL-IDF\" \/>\n<meta property=\"og:description\" content=\"Accident \u00e0 Dommeldange: Un ouvrier gri\u00e8vement bless\u00e9 par une chute d&#039;objet article de ACCIDENTDUTRAVAIL-IDF\" \/>\n<meta property=\"og:url\" content=\"https:\/\/www.accidentdutravail-idf.net\/blog\/accident-a-dommeldange-un-ouvrier-grievement-blesse-par-une-chute-dobjet\/\" \/>\n<meta property=\"og:site_name\" content=\"ACCIDENTDUTRAVAIL-IDF\" \/>\n<meta property=\"article:published_time\" content=\"2026-03-30T08:46:00+00:00\" \/>\n<meta property=\"og:image\" content=\"https:\/\/image.lessentiel.lu\/2026\/03\/30\/f64915b8-dd9b-436c-9350-6d81afe2c9ba.jpg?auto=format%2Ccompress%2Cenhance&amp;fit=crop&amp;w=1200&amp;h=675&amp;rect=0%2C0%2C2449%2C1633&amp;crop=faces&amp;s=2a74a0c4f38713419477c3f21dca2692\" \/>\n<meta name=\"author\" content=\"Carlos Poulain\" \/>\n<meta name=\"twitter:card\" content=\"summary_large_image\" \/>\n<meta name=\"twitter:label1\" content=\"\u00c9crit par\" \/>\n\t<meta name=\"twitter:data1\" content=\"Carlos Poulain\" \/>\n\t<meta name=\"twitter:label2\" content=\"Dur\u00e9e de lecture estim\u00e9e\" \/>\n\t<meta name=\"twitter:data2\" content=\"1 minute\" \/>\n<script type=\"application\/ld+json\" class=\"yoast-schema-graph\">{\"@context\":\"https:\\\/\\\/schema.org\",\"@graph\":[{\"@type\":\"Article\",\"@id\":\"https:\\\/\\\/www.accidentdutravail-idf.net\\\/blog\\\/accident-a-dommeldange-un-ouvrier-grievement-blesse-par-une-chute-dobjet\\\/#article\",\"isPartOf\":{\"@id\":\"https:\\\/\\\/www.accidentdutravail-idf.net\\\/blog\\\/accident-a-dommeldange-un-ouvrier-grievement-blesse-par-une-chute-dobjet\\\/\"},\"author\":{\"name\":\"Carlos Poulain\",\"@id\":\"https:\\\/\\\/www.accidentdutravail-idf.net\\\/blog\\\/#\\\/schema\\\/person\\\/3255d2f970de45e64bd9201f38e7b947\"},\"headline\":\"Accident \u00e0 Dommeldange: Un ouvrier gri\u00e8vement bless\u00e9 par une chute d&rsquo;objet\",\"datePublished\":\"2026-03-30T08:46:00+00:00\",\"mainEntityOfPage\":{\"@id\":\"https:\\\/\\\/www.accidentdutravail-idf.net\\\/blog\\\/accident-a-dommeldange-un-ouvrier-grievement-blesse-par-une-chute-dobjet\\\/\"},\"wordCount\":247,\"publisher\":{\"@id\":\"https:\\\/\\\/www.accidentdutravail-idf.net\\\/blog\\\/#organization\"},\"image\":{\"@id\":\"https:\\\/\\\/www.accidentdutravail-idf.net\\\/blog\\\/accident-a-dommeldange-un-ouvrier-grievement-blesse-par-une-chute-dobjet\\\/#primaryimage\"},\"thumbnailUrl\":\"https:\\\/\\\/image.lessentiel.lu\\\/2026\\\/03\\\/30\\\/f64915b8-dd9b-436c-9350-6d81afe2c9ba.jpg?auto=format%2Ccompress%2Cenhance&amp;fit=crop&amp;w=1200&amp;h=675&amp;rect=0%2C0%2C2449%2C1633&amp;crop=faces&amp;s=2a74a0c4f38713419477c3f21dca2692\",\"articleSection\":[\"S\u00e9curit\u00e9 Du Travail En Ile-De-France Et Divers:\"],\"inLanguage\":\"fr-FR\"},{\"@type\":\"WebPage\",\"@id\":\"https:\\\/\\\/www.accidentdutravail-idf.net\\\/blog\\\/accident-a-dommeldange-un-ouvrier-grievement-blesse-par-une-chute-dobjet\\\/\",\"url\":\"https:\\\/\\\/www.accidentdutravail-idf.net\\\/blog\\\/accident-a-dommeldange-un-ouvrier-grievement-blesse-par-une-chute-dobjet\\\/\",\"name\":\"Accident \u00e0 Dommeldange: Un ouvrier gri\u00e8vement bless\u00e9 par une chute d'objet - ACCIDENTDUTRAVAIL-IDF\",\"isPartOf\":{\"@id\":\"https:\\\/\\\/www.accidentdutravail-idf.net\\\/blog\\\/#website\"},\"primaryImageOfPage\":{\"@id\":\"https:\\\/\\\/www.accidentdutravail-idf.net\\\/blog\\\/accident-a-dommeldange-un-ouvrier-grievement-blesse-par-une-chute-dobjet\\\/#primaryimage\"},\"image\":{\"@id\":\"https:\\\/\\\/www.accidentdutravail-idf.net\\\/blog\\\/accident-a-dommeldange-un-ouvrier-grievement-blesse-par-une-chute-dobjet\\\/#primaryimage\"},\"thumbnailUrl\":\"https:\\\/\\\/image.lessentiel.lu\\\/2026\\\/03\\\/30\\\/f64915b8-dd9b-436c-9350-6d81afe2c9ba.jpg?auto=format%2Ccompress%2Cenhance&amp;fit=crop&amp;w=1200&amp;h=675&amp;rect=0%2C0%2C2449%2C1633&amp;crop=faces&amp;s=2a74a0c4f38713419477c3f21dca2692\",\"datePublished\":\"2026-03-30T08:46:00+00:00\",\"description\":\"Accident \u00e0 Dommeldange: Un ouvrier gri\u00e8vement bless\u00e9 par une chute d'objet article de ACCIDENTDUTRAVAIL-IDF\",\"breadcrumb\":{\"@id\":\"https:\\\/\\\/www.accidentdutravail-idf.net\\\/blog\\\/accident-a-dommeldange-un-ouvrier-grievement-blesse-par-une-chute-dobjet\\\/#breadcrumb\"},\"inLanguage\":\"fr-FR\",\"potentialAction\":[{\"@type\":\"ReadAction\",\"target\":[\"https:\\\/\\\/www.accidentdutravail-idf.net\\\/blog\\\/accident-a-dommeldange-un-ouvrier-grievement-blesse-par-une-chute-dobjet\\\/\"]}]},{\"@type\":\"ImageObject\",\"inLanguage\":\"fr-FR\",\"@id\":\"https:\\\/\\\/www.accidentdutravail-idf.net\\\/blog\\\/accident-a-dommeldange-un-ouvrier-grievement-blesse-par-une-chute-dobjet\\\/#primaryimage\",\"url\":\"https:\\\/\\\/image.lessentiel.lu\\\/2026\\\/03\\\/30\\\/f64915b8-dd9b-436c-9350-6d81afe2c9ba.jpg?auto=format%2Ccompress%2Cenhance&amp;fit=crop&amp;w=1200&amp;h=675&amp;rect=0%2C0%2C2449%2C1633&amp;crop=faces&amp;s=2a74a0c4f38713419477c3f21dca2692\",\"contentUrl\":\"https:\\\/\\\/image.lessentiel.lu\\\/2026\\\/03\\\/30\\\/f64915b8-dd9b-436c-9350-6d81afe2c9ba.jpg?auto=format%2Ccompress%2Cenhance&amp;fit=crop&amp;w=1200&amp;h=675&amp;rect=0%2C0%2C2449%2C1633&amp;crop=faces&amp;s=2a74a0c4f38713419477c3f21dca2692\"},{\"@type\":\"BreadcrumbList\",\"@id\":\"https:\\\/\\\/www.accidentdutravail-idf.net\\\/blog\\\/accident-a-dommeldange-un-ouvrier-grievement-blesse-par-une-chute-dobjet\\\/#breadcrumb\",\"itemListElement\":[{\"@type\":\"ListItem\",\"position\":1,\"name\":\"Accueil\",\"item\":\"https:\\\/\\\/www.accidentdutravail-idf.net\\\/blog\\\/\"},{\"@type\":\"ListItem\",\"position\":2,\"name\":\"Accident \u00e0 Dommeldange: Un ouvrier gri\u00e8vement bless\u00e9 par une chute d&rsquo;objet\"}]},{\"@type\":\"WebSite\",\"@id\":\"https:\\\/\\\/www.accidentdutravail-idf.net\\\/blog\\\/#website\",\"url\":\"https:\\\/\\\/www.accidentdutravail-idf.net\\\/blog\\\/\",\"name\":\"ACCIDENTDUTRAVAIL-IDF\",\"description\":\"Portail accidents du travail-maladies professionnelles des entreprises d&#039;Ile-de-France\",\"publisher\":{\"@id\":\"https:\\\/\\\/www.accidentdutravail-idf.net\\\/blog\\\/#organization\"},\"potentialAction\":[{\"@type\":\"SearchAction\",\"target\":{\"@type\":\"EntryPoint\",\"urlTemplate\":\"https:\\\/\\\/www.accidentdutravail-idf.net\\\/blog\\\/?s={search_term_string}\"},\"query-input\":{\"@type\":\"PropertyValueSpecification\",\"valueRequired\":true,\"valueName\":\"search_term_string\"}}],\"inLanguage\":\"fr-FR\"},{\"@type\":\"Organization\",\"@id\":\"https:\\\/\\\/www.accidentdutravail-idf.net\\\/blog\\\/#organization\",\"name\":\"accidentdutravail-idf\",\"url\":\"https:\\\/\\\/www.accidentdutravail-idf.net\\\/blog\\\/\",\"logo\":{\"@type\":\"ImageObject\",\"inLanguage\":\"fr-FR\",\"@id\":\"https:\\\/\\\/www.accidentdutravail-idf.net\\\/blog\\\/#\\\/schema\\\/logo\\\/image\\\/\",\"url\":\"https:\\\/\\\/www.accidentdutravail-idf.net\\\/blog\\\/wp-content\\\/uploads\\\/2022\\\/09\\\/logo-2.png\",\"contentUrl\":\"https:\\\/\\\/www.accidentdutravail-idf.net\\\/blog\\\/wp-content\\\/uploads\\\/2022\\\/09\\\/logo-2.png\",\"width\":380,\"height\":291,\"caption\":\"accidentdutravail-idf\"},\"image\":{\"@id\":\"https:\\\/\\\/www.accidentdutravail-idf.net\\\/blog\\\/#\\\/schema\\\/logo\\\/image\\\/\"}},{\"@type\":\"Person\",\"@id\":\"https:\\\/\\\/www.accidentdutravail-idf.net\\\/blog\\\/#\\\/schema\\\/person\\\/3255d2f970de45e64bd9201f38e7b947\",\"name\":\"Carlos Poulain\",\"image\":{\"@type\":\"ImageObject\",\"inLanguage\":\"fr-FR\",\"@id\":\"https:\\\/\\\/secure.gravatar.com\\\/avatar\\\/b1c2f9d3588e34e91adb093635df64ef4b2381991216be7576466cfcdca4baf3?s=96&d=mm&r=g\",\"url\":\"https:\\\/\\\/secure.gravatar.com\\\/avatar\\\/b1c2f9d3588e34e91adb093635df64ef4b2381991216be7576466cfcdca4baf3?s=96&d=mm&r=g\",\"contentUrl\":\"https:\\\/\\\/secure.gravatar.com\\\/avatar\\\/b1c2f9d3588e34e91adb093635df64ef4b2381991216be7576466cfcdca4baf3?s=96&d=mm&r=g\",\"caption\":\"Carlos Poulain\"},\"url\":\"https:\\\/\\\/www.accidentdutravail-idf.net\\\/blog\\\/author\\\/idfcarlos\\\/\"}]}<\/script>\n<!-- \/ Yoast SEO plugin. -->","yoast_head_json":{"title":"Accident \u00e0 Dommeldange: Un ouvrier gri\u00e8vement bless\u00e9 par une chute d'objet - ACCIDENTDUTRAVAIL-IDF","description":"Accident \u00e0 Dommeldange: Un ouvrier gri\u00e8vement bless\u00e9 par une chute d'objet article de ACCIDENTDUTRAVAIL-IDF","robots":{"index":"index","follow":"follow","max-snippet":"max-snippet:-1","max-image-preview":"max-image-preview:large","max-video-preview":"max-video-preview:-1"},"canonical":"https:\/\/www.accidentdutravail-idf.net\/blog\/accident-a-dommeldange-un-ouvrier-grievement-blesse-par-une-chute-dobjet\/","og_locale":"fr_FR","og_type":"article","og_title":"Accident \u00e0 Dommeldange: Un ouvrier gri\u00e8vement bless\u00e9 par une chute d'objet - ACCIDENTDUTRAVAIL-IDF","og_description":"Accident \u00e0 Dommeldange: Un ouvrier gri\u00e8vement bless\u00e9 par une chute d'objet article de ACCIDENTDUTRAVAIL-IDF","og_url":"https:\/\/www.accidentdutravail-idf.net\/blog\/accident-a-dommeldange-un-ouvrier-grievement-blesse-par-une-chute-dobjet\/","og_site_name":"ACCIDENTDUTRAVAIL-IDF","article_published_time":"2026-03-30T08:46:00+00:00","og_image":[{"url":"https:\/\/image.lessentiel.lu\/2026\/03\/30\/f64915b8-dd9b-436c-9350-6d81afe2c9ba.jpg?auto=format%2Ccompress%2Cenhance&amp;fit=crop&amp;w=1200&amp;h=675&amp;rect=0%2C0%2C2449%2C1633&amp;crop=faces&amp;s=2a74a0c4f38713419477c3f21dca2692","type":"","width":"","height":""}],"author":"Carlos Poulain","twitter_card":"summary_large_image","twitter_misc":{"\u00c9crit par":"Carlos Poulain","Dur\u00e9e de lecture estim\u00e9e":"1 minute"},"schema":{"@context":"https:\/\/schema.org","@graph":[{"@type":"Article","@id":"https:\/\/www.accidentdutravail-idf.net\/blog\/accident-a-dommeldange-un-ouvrier-grievement-blesse-par-une-chute-dobjet\/#article","isPartOf":{"@id":"https:\/\/www.accidentdutravail-idf.net\/blog\/accident-a-dommeldange-un-ouvrier-grievement-blesse-par-une-chute-dobjet\/"},"author":{"name":"Carlos Poulain","@id":"https:\/\/www.accidentdutravail-idf.net\/blog\/#\/schema\/person\/3255d2f970de45e64bd9201f38e7b947"},"headline":"Accident \u00e0 Dommeldange: Un ouvrier gri\u00e8vement bless\u00e9 par une chute d&rsquo;objet","datePublished":"2026-03-30T08:46:00+00:00","mainEntityOfPage":{"@id":"https:\/\/www.accidentdutravail-idf.net\/blog\/accident-a-dommeldange-un-ouvrier-grievement-blesse-par-une-chute-dobjet\/"},"wordCount":247,"publisher":{"@id":"https:\/\/www.accidentdutravail-idf.net\/blog\/#organization"},"image":{"@id":"https:\/\/www.accidentdutravail-idf.net\/blog\/accident-a-dommeldange-un-ouvrier-grievement-blesse-par-une-chute-dobjet\/#primaryimage"},"thumbnailUrl":"https:\/\/image.lessentiel.lu\/2026\/03\/30\/f64915b8-dd9b-436c-9350-6d81afe2c9ba.jpg?auto=format%2Ccompress%2Cenhance&amp;fit=crop&amp;w=1200&amp;h=675&amp;rect=0%2C0%2C2449%2C1633&amp;crop=faces&amp;s=2a74a0c4f38713419477c3f21dca2692","articleSection":["S\u00e9curit\u00e9 Du Travail En Ile-De-France Et Divers:"],"inLanguage":"fr-FR"},{"@type":"WebPage","@id":"https:\/\/www.accidentdutravail-idf.net\/blog\/accident-a-dommeldange-un-ouvrier-grievement-blesse-par-une-chute-dobjet\/","url":"https:\/\/www.accidentdutravail-idf.net\/blog\/accident-a-dommeldange-un-ouvrier-grievement-blesse-par-une-chute-dobjet\/","name":"Accident \u00e0 Dommeldange: Un ouvrier gri\u00e8vement bless\u00e9 par une chute d'objet - ACCIDENTDUTRAVAIL-IDF","isPartOf":{"@id":"https:\/\/www.accidentdutravail-idf.net\/blog\/#website"},"primaryImageOfPage":{"@id":"https:\/\/www.accidentdutravail-idf.net\/blog\/accident-a-dommeldange-un-ouvrier-grievement-blesse-par-une-chute-dobjet\/#primaryimage"},"image":{"@id":"https:\/\/www.accidentdutravail-idf.net\/blog\/accident-a-dommeldange-un-ouvrier-grievement-blesse-par-une-chute-dobjet\/#primaryimage"},"thumbnailUrl":"https:\/\/image.lessentiel.lu\/2026\/03\/30\/f64915b8-dd9b-436c-9350-6d81afe2c9ba.jpg?auto=format%2Ccompress%2Cenhance&amp;fit=crop&amp;w=1200&amp;h=675&amp;rect=0%2C0%2C2449%2C1633&amp;crop=faces&amp;s=2a74a0c4f38713419477c3f21dca2692","datePublished":"2026-03-30T08:46:00+00:00","description":"Accident \u00e0 Dommeldange: Un ouvrier gri\u00e8vement bless\u00e9 par une chute d'objet article de ACCIDENTDUTRAVAIL-IDF","breadcrumb":{"@id":"https:\/\/www.accidentdutravail-idf.net\/blog\/accident-a-dommeldange-un-ouvrier-grievement-blesse-par-une-chute-dobjet\/#breadcrumb"},"inLanguage":"fr-FR","potentialAction":[{"@type":"ReadAction","target":["https:\/\/www.accidentdutravail-idf.net\/blog\/accident-a-dommeldange-un-ouvrier-grievement-blesse-par-une-chute-dobjet\/"]}]},{"@type":"ImageObject","inLanguage":"fr-FR","@id":"https:\/\/www.accidentdutravail-idf.net\/blog\/accident-a-dommeldange-un-ouvrier-grievement-blesse-par-une-chute-dobjet\/#primaryimage","url":"https:\/\/image.lessentiel.lu\/2026\/03\/30\/f64915b8-dd9b-436c-9350-6d81afe2c9ba.jpg?auto=format%2Ccompress%2Cenhance&amp;fit=crop&amp;w=1200&amp;h=675&amp;rect=0%2C0%2C2449%2C1633&amp;crop=faces&amp;s=2a74a0c4f38713419477c3f21dca2692","contentUrl":"https:\/\/image.lessentiel.lu\/2026\/03\/30\/f64915b8-dd9b-436c-9350-6d81afe2c9ba.jpg?auto=format%2Ccompress%2Cenhance&amp;fit=crop&amp;w=1200&amp;h=675&amp;rect=0%2C0%2C2449%2C1633&amp;crop=faces&amp;s=2a74a0c4f38713419477c3f21dca2692"},{"@type":"BreadcrumbList","@id":"https:\/\/www.accidentdutravail-idf.net\/blog\/accident-a-dommeldange-un-ouvrier-grievement-blesse-par-une-chute-dobjet\/#breadcrumb","itemListElement":[{"@type":"ListItem","position":1,"name":"Accueil","item":"https:\/\/www.accidentdutravail-idf.net\/blog\/"},{"@type":"ListItem","position":2,"name":"Accident \u00e0 Dommeldange: Un ouvrier gri\u00e8vement bless\u00e9 par une chute d&rsquo;objet"}]},{"@type":"WebSite","@id":"https:\/\/www.accidentdutravail-idf.net\/blog\/#website","url":"https:\/\/www.accidentdutravail-idf.net\/blog\/","name":"ACCIDENTDUTRAVAIL-IDF","description":"Portail accidents du travail-maladies professionnelles des entreprises d&#039;Ile-de-France","publisher":{"@id":"https:\/\/www.accidentdutravail-idf.net\/blog\/#organization"},"potentialAction":[{"@type":"SearchAction","target":{"@type":"EntryPoint","urlTemplate":"https:\/\/www.accidentdutravail-idf.net\/blog\/?s={search_term_string}"},"query-input":{"@type":"PropertyValueSpecification","valueRequired":true,"valueName":"search_term_string"}}],"inLanguage":"fr-FR"},{"@type":"Organization","@id":"https:\/\/www.accidentdutravail-idf.net\/blog\/#organization","name":"accidentdutravail-idf","url":"https:\/\/www.accidentdutravail-idf.net\/blog\/","logo":{"@type":"ImageObject","inLanguage":"fr-FR","@id":"https:\/\/www.accidentdutravail-idf.net\/blog\/#\/schema\/logo\/image\/","url":"https:\/\/www.accidentdutravail-idf.net\/blog\/wp-content\/uploads\/2022\/09\/logo-2.png","contentUrl":"https:\/\/www.accidentdutravail-idf.net\/blog\/wp-content\/uploads\/2022\/09\/logo-2.png","width":380,"height":291,"caption":"accidentdutravail-idf"},"image":{"@id":"https:\/\/www.accidentdutravail-idf.net\/blog\/#\/schema\/logo\/image\/"}},{"@type":"Person","@id":"https:\/\/www.accidentdutravail-idf.net\/blog\/#\/schema\/person\/3255d2f970de45e64bd9201f38e7b947","name":"Carlos Poulain","image":{"@type":"ImageObject","inLanguage":"fr-FR","@id":"https:\/\/secure.gravatar.com\/avatar\/b1c2f9d3588e34e91adb093635df64ef4b2381991216be7576466cfcdca4baf3?s=96&d=mm&r=g","url":"https:\/\/secure.gravatar.com\/avatar\/b1c2f9d3588e34e91adb093635df64ef4b2381991216be7576466cfcdca4baf3?s=96&d=mm&r=g","contentUrl":"https:\/\/secure.gravatar.com\/avatar\/b1c2f9d3588e34e91adb093635df64ef4b2381991216be7576466cfcdca4baf3?s=96&d=mm&r=g","caption":"Carlos Poulain"},"url":"https:\/\/www.accidentdutravail-idf.net\/blog\/author\/idfcarlos\/"}]}},"_links":{"self":[{"href":"https:\/\/www.accidentdutravail-idf.net\/blog\/wp-json\/wp\/v2\/posts\/2282","targetHints":{"allow":["GET"]}}],"collection":[{"href":"https:\/\/www.accidentdutravail-idf.net\/blog\/wp-json\/wp\/v2\/posts"}],"about":[{"href":"https:\/\/www.accidentdutravail-idf.net\/blog\/wp-json\/wp\/v2\/types\/post"}],"author":[{"embeddable":true,"href":"https:\/\/www.accidentdutravail-idf.net\/blog\/wp-json\/wp\/v2\/users\/2"}],"replies":[{"embeddable":true,"href":"https:\/\/www.accidentdutravail-idf.net\/blog\/wp-json\/wp\/v2\/comments?post=2282"}],"version-history":[{"count":0,"href":"https:\/\/www.accidentdutravail-idf.net\/blog\/wp-json\/wp\/v2\/posts\/2282\/revisions"}],"wp:attachment":[{"href":"https:\/\/www.accidentdutravail-idf.net\/blog\/wp-json\/wp\/v2\/media?parent=2282"}],"wp:term":[{"taxonomy":"category","embeddable":true,"href":"https:\/\/www.accidentdutravail-idf.net\/blog\/wp-json\/wp\/v2\/categories?post=2282"},{"taxonomy":"post_tag","embeddable":true,"href":"https:\/\/www.accidentdutravail-idf.net\/blog\/wp-json\/wp\/v2\/tags?post=2282"}],"curies":[{"name":"wp","href":"https:\/\/api.w.org\/{rel}","templated":true}]}}