{"id":2281,"date":"2026-03-29T19:23:00","date_gmt":"2026-03-29T17:23:00","guid":{"rendered":"https:\/\/www.accidentdutravail-idf.net\/blog\/incidence-dun-accident-de-trajet-sur-le-calcul-de-lanciennete\/"},"modified":"2026-03-29T19:23:00","modified_gmt":"2026-03-29T17:23:00","slug":"incidence-dun-accident-de-trajet-sur-le-calcul-de-lanciennete","status":"publish","type":"post","link":"https:\/\/www.accidentdutravail-idf.net\/blog\/incidence-dun-accident-de-trajet-sur-le-calcul-de-lanciennete\/","title":{"rendered":"Incidence d&rsquo;un accident de trajet sur le calcul de l&rsquo;anciennet\u00e9"},"content":{"rendered":"<p> #fadeout { position: relative; } #fadetext { background: white; } .abonnement { width: 100%; border-top: 5px solid #56b9c2; border-bottom: 1px solid #e5e5e5; border-right: 1px solid #e5e5e5; border-left: 1px solid #e5e5e5; background-color: #f8f8f8; padding: 15px; margin-top: 10px; text-align: center; margin-bottom: 20px; } .abonnement a { border-bottom: 1px solid #ad0e0e; } .abonnement a:hover { color: #ad0e0e; text-decoration: none; } #gradient { position: absolute; z-index: 2; right: 0; bottom: 0; left: 0; height: 200px; \/* adjust it to your needs *\/ background: url(data:image\/svg+xml;base64,alotofcodehere); background: -moz-linear-gradient(top, rgba(255, 255, 255, 0) 0%, rgba(255, 255, 255, 1) 70%); background: -webkit-gradient(linear, left top, left bottom, color-stop(0%, rgba(255, 255, 255, 0)), color-stop(70%, rgba(255, 255, 255, 1))); background: -webkit-linear-gradient(top, rgba(255, 255, 255, 0) 0%, rgba(255, 255, 255, 1) 70%); background: -o-linear-gradient(top, rgba(255, 255, 255, 0) 0%, rgba(255, 255, 255, 1) 70%); background: -ms-linear-gradient(top, rgba(255, 255, 255, 0) 0%, rgba(255, 255, 255, 1) 70%); background: linear-gradient(to bottom, rgba(255, 255, 255, 0) 0%, rgba(255, 255, 255, 1) 70%); }  <\/p>\n<p><strong>La p\u00e9riode de suspension du contrat de travail du salari\u00e9 r\u00e9sultant d&rsquo;un arr\u00eat de travail cons\u00e9cutif \u00e0 un accident de trajet ne peut \u00eatre prise en consid\u00e9ration pour calculer l&rsquo;anciennet\u00e9 propre \u00e0 d\u00e9terminer le droit \u00e0 l&rsquo;indemnit\u00e9 l\u00e9gale de licenciement et son montant.<\/strong><\/p>\n<p>Apr\u00e8s avoir pris acte de la rupture de son contrat de travail, un salari\u00e9 a saisi la juridiction prud&rsquo;homale de demandes en requalification de sa prise d&rsquo;acte en un licenciement sans cause r\u00e9elle et s\u00e9rieuse et en paiement de diverses sommes.<\/p>\n<p>Pour condamner l&#8217;employeur \u00e0 verser au salari\u00e9 une certaine somme \u00e0 titre d&rsquo;indemnit\u00e9 l\u00e9gale de licenciement, la cour d&rsquo;appel de Versailles a retenu qu&rsquo;elle serait calcul\u00e9e sur la base du salaire mensuel et d&rsquo;une anciennet\u00e9 allant du 8 septembre 1995 au 20 octobre 2020, pr\u00e9avis inclus, sans qu&rsquo;il y ait lieu de d\u00e9duire l&rsquo;absence pour accident de trajet du 27 septembre au 9 novembre 2017.<\/p>\n<p>La Cour de cassation censure le mode de calcul des juges du fond.<br \/>Dans son&nbsp;<strong>arr\u00eat du 11 mars 2026 (<a href=\"https:\/\/www.courdecassation.fr\/decision\/69b10ea2cdc6046d473d4610?judilibre_juridiction=cc&amp;judilibre_chambre[]=soc&amp;previousdecisionpage=0&amp;previousdecisionindex=0&amp;nextdecisionpage=0&amp;nextdecisionindex=2\" target=\"_blank\" rel=\"noopener nofollow\">pourvoi n\u00b0 24-13.123<\/a>)<\/strong>, la chambre sociale \u00e9nonce en effet que la p\u00e9riode de suspension du contrat de travail du salari\u00e9 r\u00e9sultant d&rsquo;un arr\u00eat de travail cons\u00e9cutif \u00e0 un accident de trajet ne peut \u00eatre prise en consid\u00e9ration pour calculer l&rsquo;anciennet\u00e9 propre \u00e0 d\u00e9terminer le droit \u00e0 l&rsquo;indemnit\u00e9 l\u00e9gale de licenciement et son montant, la cour d&rsquo;appel a viol\u00e9 les textes susvis\u00e9s.<br \/>L&rsquo;arr\u00eat d&rsquo;appel est donc cass\u00e9 au visa de l&rsquo;<a href=\"https:\/\/www.legifrance.gouv.fr\/codes\/article_lc\/LEGIARTI000023272293\/2010-12-22\" target=\"_blank\" rel=\"noopener nofollow\">article L. 1226-7 du code du travail<\/a>, dans sa r\u00e9daction ant\u00e9rieure \u00e0 celle issue de la loi n\u00b0 2025-1403 du 30 d\u00e9cembre 2025, et l&rsquo;<a href=\"https:\/\/www.legifrance.gouv.fr\/codes\/article_lc\/LEGIARTI000006901124\/2008-05-01\" target=\"_blank\" rel=\"noopener nofollow\">article L. 1234-11 du m\u00eame code,<\/a>&nbsp;dans sa r\u00e9daction ant\u00e9rieure \u00e0 celle issue de la loi n\u00b0 2025-1249 du 22 d\u00e9cembre 2025.<\/p>\n<p><strong>\u00a9 <a href=\"https:\/\/www.legalnews.fr\/\" target=\"_blank\" rel=\"noopener nofollow\">LegalNews<\/a> 2026<\/strong><\/p>\n<p> accidentdutravail-idf.net vous a pr\u00e9par\u00e9 ce post qui informe du sujet \u00ab\u00a0Association Sportive Huisson-Longueville Essonne\u00a0\u00bb. La chronique se veut g\u00e9n\u00e9r\u00e9e du mieux possible. Vous pouvez utiliser les coordonn\u00e9es indiqu\u00e9es sur le site dans le but d\u2019apporter des explications sur ce post qui parle du th\u00e8me \u00ab\u00a0Association Sportive Huisson-Longueville Essonne\u00a0\u00bb. Le site accidentdutravail-idf.net a pour but de fournir diverses publications sur la th\u00e9matique Association Sportive Huisson-Longueville Essonne diffus\u00e9es sur le net. Il y aura plusieurs articles autour du sujet \u00ab\u00a0Association Sportive Huisson-Longueville Essonne\u00a0\u00bb dans quelques jours, nous vous invitons \u00e0 naviguer sur notre site web \u00e0 plusieurs reprises.<\/p>\n","protected":false},"excerpt":{"rendered":"<p>#fadeout { position: relative; } #fadetext { background: white; } .abonnement { width: 100%; border-top: 5px solid #56b9c2; border-bottom: 1px solid #e5e5e5; border-right: 1px solid #e5e5e5; border-left: 1px solid #e5e5e5; background-color: #f8f8f8; padding: 15px; margin-top: 10px; text-align: center; margin-bottom: 20px; } .abonnement a { border-bottom: 1px solid #ad0e0e; } .abonnement a:hover { color: #ad0e0e; text-decoration: &hellip; <\/p>\n<p class=\"link-more\"><a href=\"https:\/\/www.accidentdutravail-idf.net\/blog\/incidence-dun-accident-de-trajet-sur-le-calcul-de-lanciennete\/\" class=\"more-link\">Continuer la lecture <span class=\"screen-reader-text\"> \u00ab\u00a0Incidence d&rsquo;un accident de trajet sur le calcul de l&rsquo;anciennet\u00e9\u00a0\u00bb<\/span><\/a><\/p>\n","protected":false},"author":2,"featured_media":0,"comment_status":"closed","ping_status":"closed","sticky":false,"template":"","format":"standard","meta":{"footnotes":""},"categories":[5],"tags":[],"class_list":["post-2281","post","type-post","status-publish","format-standard","hentry","category-securite-du-travail-en-ile-de-france-et-divers","entry"],"yoast_head":"<!-- This site is optimized with the Yoast SEO plugin v27.5 - https:\/\/yoast.com\/product\/yoast-seo-wordpress\/ -->\n<title>Incidence d&#039;un accident de trajet sur le calcul de l&#039;anciennet\u00e9 - ACCIDENTDUTRAVAIL-IDF<\/title>\n<meta name=\"description\" content=\"Incidence d&#039;un accident de trajet sur le calcul de l&#039;anciennet\u00e9 article de ACCIDENTDUTRAVAIL-IDF\" \/>\n<meta name=\"robots\" content=\"index, follow, max-snippet:-1, max-image-preview:large, max-video-preview:-1\" \/>\n<link rel=\"canonical\" href=\"https:\/\/www.accidentdutravail-idf.net\/blog\/incidence-dun-accident-de-trajet-sur-le-calcul-de-lanciennete\/\" \/>\n<meta property=\"og:locale\" content=\"fr_FR\" \/>\n<meta property=\"og:type\" content=\"article\" \/>\n<meta property=\"og:title\" content=\"Incidence d&#039;un accident de trajet sur le calcul de l&#039;anciennet\u00e9 - ACCIDENTDUTRAVAIL-IDF\" \/>\n<meta property=\"og:description\" content=\"Incidence d&#039;un accident de trajet sur le calcul de l&#039;anciennet\u00e9 article de ACCIDENTDUTRAVAIL-IDF\" \/>\n<meta property=\"og:url\" content=\"https:\/\/www.accidentdutravail-idf.net\/blog\/incidence-dun-accident-de-trajet-sur-le-calcul-de-lanciennete\/\" \/>\n<meta property=\"og:site_name\" content=\"ACCIDENTDUTRAVAIL-IDF\" \/>\n<meta property=\"article:published_time\" content=\"2026-03-29T17:23:00+00:00\" \/>\n<meta name=\"author\" content=\"Carlos Poulain\" \/>\n<meta name=\"twitter:card\" content=\"summary_large_image\" \/>\n<meta name=\"twitter:label1\" content=\"\u00c9crit par\" \/>\n\t<meta name=\"twitter:data1\" content=\"Carlos Poulain\" \/>\n\t<meta name=\"twitter:label2\" content=\"Dur\u00e9e de lecture estim\u00e9e\" \/>\n\t<meta name=\"twitter:data2\" content=\"3 minutes\" \/>\n<script type=\"application\/ld+json\" class=\"yoast-schema-graph\">{\"@context\":\"https:\\\/\\\/schema.org\",\"@graph\":[{\"@type\":\"Article\",\"@id\":\"https:\\\/\\\/www.accidentdutravail-idf.net\\\/blog\\\/incidence-dun-accident-de-trajet-sur-le-calcul-de-lanciennete\\\/#article\",\"isPartOf\":{\"@id\":\"https:\\\/\\\/www.accidentdutravail-idf.net\\\/blog\\\/incidence-dun-accident-de-trajet-sur-le-calcul-de-lanciennete\\\/\"},\"author\":{\"name\":\"Carlos Poulain\",\"@id\":\"https:\\\/\\\/www.accidentdutravail-idf.net\\\/blog\\\/#\\\/schema\\\/person\\\/3255d2f970de45e64bd9201f38e7b947\"},\"headline\":\"Incidence d&rsquo;un accident de trajet sur le calcul de l&rsquo;anciennet\u00e9\",\"datePublished\":\"2026-03-29T17:23:00+00:00\",\"mainEntityOfPage\":{\"@id\":\"https:\\\/\\\/www.accidentdutravail-idf.net\\\/blog\\\/incidence-dun-accident-de-trajet-sur-le-calcul-de-lanciennete\\\/\"},\"wordCount\":530,\"publisher\":{\"@id\":\"https:\\\/\\\/www.accidentdutravail-idf.net\\\/blog\\\/#organization\"},\"articleSection\":[\"S\u00e9curit\u00e9 Du Travail En Ile-De-France Et Divers:\"],\"inLanguage\":\"fr-FR\"},{\"@type\":\"WebPage\",\"@id\":\"https:\\\/\\\/www.accidentdutravail-idf.net\\\/blog\\\/incidence-dun-accident-de-trajet-sur-le-calcul-de-lanciennete\\\/\",\"url\":\"https:\\\/\\\/www.accidentdutravail-idf.net\\\/blog\\\/incidence-dun-accident-de-trajet-sur-le-calcul-de-lanciennete\\\/\",\"name\":\"Incidence d'un accident de trajet sur le calcul de l'anciennet\u00e9 - ACCIDENTDUTRAVAIL-IDF\",\"isPartOf\":{\"@id\":\"https:\\\/\\\/www.accidentdutravail-idf.net\\\/blog\\\/#website\"},\"datePublished\":\"2026-03-29T17:23:00+00:00\",\"description\":\"Incidence d'un accident de trajet sur le calcul de l'anciennet\u00e9 article de ACCIDENTDUTRAVAIL-IDF\",\"breadcrumb\":{\"@id\":\"https:\\\/\\\/www.accidentdutravail-idf.net\\\/blog\\\/incidence-dun-accident-de-trajet-sur-le-calcul-de-lanciennete\\\/#breadcrumb\"},\"inLanguage\":\"fr-FR\",\"potentialAction\":[{\"@type\":\"ReadAction\",\"target\":[\"https:\\\/\\\/www.accidentdutravail-idf.net\\\/blog\\\/incidence-dun-accident-de-trajet-sur-le-calcul-de-lanciennete\\\/\"]}]},{\"@type\":\"BreadcrumbList\",\"@id\":\"https:\\\/\\\/www.accidentdutravail-idf.net\\\/blog\\\/incidence-dun-accident-de-trajet-sur-le-calcul-de-lanciennete\\\/#breadcrumb\",\"itemListElement\":[{\"@type\":\"ListItem\",\"position\":1,\"name\":\"Accueil\",\"item\":\"https:\\\/\\\/www.accidentdutravail-idf.net\\\/blog\\\/\"},{\"@type\":\"ListItem\",\"position\":2,\"name\":\"Incidence d&rsquo;un accident de trajet sur le calcul de l&rsquo;anciennet\u00e9\"}]},{\"@type\":\"WebSite\",\"@id\":\"https:\\\/\\\/www.accidentdutravail-idf.net\\\/blog\\\/#website\",\"url\":\"https:\\\/\\\/www.accidentdutravail-idf.net\\\/blog\\\/\",\"name\":\"ACCIDENTDUTRAVAIL-IDF\",\"description\":\"Portail accidents du travail-maladies professionnelles des entreprises d&#039;Ile-de-France\",\"publisher\":{\"@id\":\"https:\\\/\\\/www.accidentdutravail-idf.net\\\/blog\\\/#organization\"},\"potentialAction\":[{\"@type\":\"SearchAction\",\"target\":{\"@type\":\"EntryPoint\",\"urlTemplate\":\"https:\\\/\\\/www.accidentdutravail-idf.net\\\/blog\\\/?s={search_term_string}\"},\"query-input\":{\"@type\":\"PropertyValueSpecification\",\"valueRequired\":true,\"valueName\":\"search_term_string\"}}],\"inLanguage\":\"fr-FR\"},{\"@type\":\"Organization\",\"@id\":\"https:\\\/\\\/www.accidentdutravail-idf.net\\\/blog\\\/#organization\",\"name\":\"accidentdutravail-idf\",\"url\":\"https:\\\/\\\/www.accidentdutravail-idf.net\\\/blog\\\/\",\"logo\":{\"@type\":\"ImageObject\",\"inLanguage\":\"fr-FR\",\"@id\":\"https:\\\/\\\/www.accidentdutravail-idf.net\\\/blog\\\/#\\\/schema\\\/logo\\\/image\\\/\",\"url\":\"https:\\\/\\\/www.accidentdutravail-idf.net\\\/blog\\\/wp-content\\\/uploads\\\/2022\\\/09\\\/logo-2.png\",\"contentUrl\":\"https:\\\/\\\/www.accidentdutravail-idf.net\\\/blog\\\/wp-content\\\/uploads\\\/2022\\\/09\\\/logo-2.png\",\"width\":380,\"height\":291,\"caption\":\"accidentdutravail-idf\"},\"image\":{\"@id\":\"https:\\\/\\\/www.accidentdutravail-idf.net\\\/blog\\\/#\\\/schema\\\/logo\\\/image\\\/\"}},{\"@type\":\"Person\",\"@id\":\"https:\\\/\\\/www.accidentdutravail-idf.net\\\/blog\\\/#\\\/schema\\\/person\\\/3255d2f970de45e64bd9201f38e7b947\",\"name\":\"Carlos Poulain\",\"image\":{\"@type\":\"ImageObject\",\"inLanguage\":\"fr-FR\",\"@id\":\"https:\\\/\\\/secure.gravatar.com\\\/avatar\\\/b1c2f9d3588e34e91adb093635df64ef4b2381991216be7576466cfcdca4baf3?s=96&d=mm&r=g\",\"url\":\"https:\\\/\\\/secure.gravatar.com\\\/avatar\\\/b1c2f9d3588e34e91adb093635df64ef4b2381991216be7576466cfcdca4baf3?s=96&d=mm&r=g\",\"contentUrl\":\"https:\\\/\\\/secure.gravatar.com\\\/avatar\\\/b1c2f9d3588e34e91adb093635df64ef4b2381991216be7576466cfcdca4baf3?s=96&d=mm&r=g\",\"caption\":\"Carlos Poulain\"},\"url\":\"https:\\\/\\\/www.accidentdutravail-idf.net\\\/blog\\\/author\\\/idfcarlos\\\/\"}]}<\/script>\n<!-- \/ Yoast SEO plugin. -->","yoast_head_json":{"title":"Incidence d'un accident de trajet sur le calcul de l'anciennet\u00e9 - ACCIDENTDUTRAVAIL-IDF","description":"Incidence d'un accident de trajet sur le calcul de l'anciennet\u00e9 article de ACCIDENTDUTRAVAIL-IDF","robots":{"index":"index","follow":"follow","max-snippet":"max-snippet:-1","max-image-preview":"max-image-preview:large","max-video-preview":"max-video-preview:-1"},"canonical":"https:\/\/www.accidentdutravail-idf.net\/blog\/incidence-dun-accident-de-trajet-sur-le-calcul-de-lanciennete\/","og_locale":"fr_FR","og_type":"article","og_title":"Incidence d'un accident de trajet sur le calcul de l'anciennet\u00e9 - ACCIDENTDUTRAVAIL-IDF","og_description":"Incidence d'un accident de trajet sur le calcul de l'anciennet\u00e9 article de ACCIDENTDUTRAVAIL-IDF","og_url":"https:\/\/www.accidentdutravail-idf.net\/blog\/incidence-dun-accident-de-trajet-sur-le-calcul-de-lanciennete\/","og_site_name":"ACCIDENTDUTRAVAIL-IDF","article_published_time":"2026-03-29T17:23:00+00:00","author":"Carlos Poulain","twitter_card":"summary_large_image","twitter_misc":{"\u00c9crit par":"Carlos Poulain","Dur\u00e9e de lecture estim\u00e9e":"3 minutes"},"schema":{"@context":"https:\/\/schema.org","@graph":[{"@type":"Article","@id":"https:\/\/www.accidentdutravail-idf.net\/blog\/incidence-dun-accident-de-trajet-sur-le-calcul-de-lanciennete\/#article","isPartOf":{"@id":"https:\/\/www.accidentdutravail-idf.net\/blog\/incidence-dun-accident-de-trajet-sur-le-calcul-de-lanciennete\/"},"author":{"name":"Carlos Poulain","@id":"https:\/\/www.accidentdutravail-idf.net\/blog\/#\/schema\/person\/3255d2f970de45e64bd9201f38e7b947"},"headline":"Incidence d&rsquo;un accident de trajet sur le calcul de l&rsquo;anciennet\u00e9","datePublished":"2026-03-29T17:23:00+00:00","mainEntityOfPage":{"@id":"https:\/\/www.accidentdutravail-idf.net\/blog\/incidence-dun-accident-de-trajet-sur-le-calcul-de-lanciennete\/"},"wordCount":530,"publisher":{"@id":"https:\/\/www.accidentdutravail-idf.net\/blog\/#organization"},"articleSection":["S\u00e9curit\u00e9 Du Travail En Ile-De-France Et Divers:"],"inLanguage":"fr-FR"},{"@type":"WebPage","@id":"https:\/\/www.accidentdutravail-idf.net\/blog\/incidence-dun-accident-de-trajet-sur-le-calcul-de-lanciennete\/","url":"https:\/\/www.accidentdutravail-idf.net\/blog\/incidence-dun-accident-de-trajet-sur-le-calcul-de-lanciennete\/","name":"Incidence d'un accident de trajet sur le calcul de l'anciennet\u00e9 - ACCIDENTDUTRAVAIL-IDF","isPartOf":{"@id":"https:\/\/www.accidentdutravail-idf.net\/blog\/#website"},"datePublished":"2026-03-29T17:23:00+00:00","description":"Incidence d'un accident de trajet sur le calcul de l'anciennet\u00e9 article de ACCIDENTDUTRAVAIL-IDF","breadcrumb":{"@id":"https:\/\/www.accidentdutravail-idf.net\/blog\/incidence-dun-accident-de-trajet-sur-le-calcul-de-lanciennete\/#breadcrumb"},"inLanguage":"fr-FR","potentialAction":[{"@type":"ReadAction","target":["https:\/\/www.accidentdutravail-idf.net\/blog\/incidence-dun-accident-de-trajet-sur-le-calcul-de-lanciennete\/"]}]},{"@type":"BreadcrumbList","@id":"https:\/\/www.accidentdutravail-idf.net\/blog\/incidence-dun-accident-de-trajet-sur-le-calcul-de-lanciennete\/#breadcrumb","itemListElement":[{"@type":"ListItem","position":1,"name":"Accueil","item":"https:\/\/www.accidentdutravail-idf.net\/blog\/"},{"@type":"ListItem","position":2,"name":"Incidence d&rsquo;un accident de trajet sur le calcul de l&rsquo;anciennet\u00e9"}]},{"@type":"WebSite","@id":"https:\/\/www.accidentdutravail-idf.net\/blog\/#website","url":"https:\/\/www.accidentdutravail-idf.net\/blog\/","name":"ACCIDENTDUTRAVAIL-IDF","description":"Portail accidents du travail-maladies professionnelles des entreprises d&#039;Ile-de-France","publisher":{"@id":"https:\/\/www.accidentdutravail-idf.net\/blog\/#organization"},"potentialAction":[{"@type":"SearchAction","target":{"@type":"EntryPoint","urlTemplate":"https:\/\/www.accidentdutravail-idf.net\/blog\/?s={search_term_string}"},"query-input":{"@type":"PropertyValueSpecification","valueRequired":true,"valueName":"search_term_string"}}],"inLanguage":"fr-FR"},{"@type":"Organization","@id":"https:\/\/www.accidentdutravail-idf.net\/blog\/#organization","name":"accidentdutravail-idf","url":"https:\/\/www.accidentdutravail-idf.net\/blog\/","logo":{"@type":"ImageObject","inLanguage":"fr-FR","@id":"https:\/\/www.accidentdutravail-idf.net\/blog\/#\/schema\/logo\/image\/","url":"https:\/\/www.accidentdutravail-idf.net\/blog\/wp-content\/uploads\/2022\/09\/logo-2.png","contentUrl":"https:\/\/www.accidentdutravail-idf.net\/blog\/wp-content\/uploads\/2022\/09\/logo-2.png","width":380,"height":291,"caption":"accidentdutravail-idf"},"image":{"@id":"https:\/\/www.accidentdutravail-idf.net\/blog\/#\/schema\/logo\/image\/"}},{"@type":"Person","@id":"https:\/\/www.accidentdutravail-idf.net\/blog\/#\/schema\/person\/3255d2f970de45e64bd9201f38e7b947","name":"Carlos Poulain","image":{"@type":"ImageObject","inLanguage":"fr-FR","@id":"https:\/\/secure.gravatar.com\/avatar\/b1c2f9d3588e34e91adb093635df64ef4b2381991216be7576466cfcdca4baf3?s=96&d=mm&r=g","url":"https:\/\/secure.gravatar.com\/avatar\/b1c2f9d3588e34e91adb093635df64ef4b2381991216be7576466cfcdca4baf3?s=96&d=mm&r=g","contentUrl":"https:\/\/secure.gravatar.com\/avatar\/b1c2f9d3588e34e91adb093635df64ef4b2381991216be7576466cfcdca4baf3?s=96&d=mm&r=g","caption":"Carlos Poulain"},"url":"https:\/\/www.accidentdutravail-idf.net\/blog\/author\/idfcarlos\/"}]}},"_links":{"self":[{"href":"https:\/\/www.accidentdutravail-idf.net\/blog\/wp-json\/wp\/v2\/posts\/2281","targetHints":{"allow":["GET"]}}],"collection":[{"href":"https:\/\/www.accidentdutravail-idf.net\/blog\/wp-json\/wp\/v2\/posts"}],"about":[{"href":"https:\/\/www.accidentdutravail-idf.net\/blog\/wp-json\/wp\/v2\/types\/post"}],"author":[{"embeddable":true,"href":"https:\/\/www.accidentdutravail-idf.net\/blog\/wp-json\/wp\/v2\/users\/2"}],"replies":[{"embeddable":true,"href":"https:\/\/www.accidentdutravail-idf.net\/blog\/wp-json\/wp\/v2\/comments?post=2281"}],"version-history":[{"count":0,"href":"https:\/\/www.accidentdutravail-idf.net\/blog\/wp-json\/wp\/v2\/posts\/2281\/revisions"}],"wp:attachment":[{"href":"https:\/\/www.accidentdutravail-idf.net\/blog\/wp-json\/wp\/v2\/media?parent=2281"}],"wp:term":[{"taxonomy":"category","embeddable":true,"href":"https:\/\/www.accidentdutravail-idf.net\/blog\/wp-json\/wp\/v2\/categories?post=2281"},{"taxonomy":"post_tag","embeddable":true,"href":"https:\/\/www.accidentdutravail-idf.net\/blog\/wp-json\/wp\/v2\/tags?post=2281"}],"curies":[{"name":"wp","href":"https:\/\/api.w.org\/{rel}","templated":true}]}}