{"id":2274,"date":"2026-03-26T03:46:00","date_gmt":"2026-03-26T02:46:00","guid":{"rendered":"https:\/\/www.accidentdutravail-idf.net\/blog\/accident-du-travail-dans-le-val-doise-sa-jambe-partiellement-arrachee-par-une-machine-dans-un-centre-de-tri\/"},"modified":"2026-03-26T03:46:00","modified_gmt":"2026-03-26T02:46:00","slug":"accident-du-travail-dans-le-val-doise-sa-jambe-partiellement-arrachee-par-une-machine-dans-un-centre-de-tri","status":"publish","type":"post","link":"https:\/\/www.accidentdutravail-idf.net\/blog\/accident-du-travail-dans-le-val-doise-sa-jambe-partiellement-arrachee-par-une-machine-dans-un-centre-de-tri\/","title":{"rendered":"Accident du travail dans le Val-d&rsquo;Oise : sa jambe partiellement arrach\u00e9e par une machine dans un centre de tri"},"content":{"rendered":"<div><img decoding=\"async\" src=\"https:\/\/www.accidentdutravail-idf.net\/blog\/wp-content\/uploads\/2026\/03\/accident-du-travail-dans-le-val-doise-sa-jambe-partiellement-arrachee-par-une-machine-dans-un-centre-de-tri.jpg\" class=\"ff-og-image-inserted\"><\/div>\n<div class=\"ac-article-date\"> Par <strong> <a href=\"https:\/\/actu.fr\/auteur\/thomashoffmann\" title=\"Consulter tous les articles de Thomas Hoffmann\" target=\"_blank\" rel=\"nofollow\">Thomas Hoffmann<\/a> <\/strong> <span> Publi\u00e9 le <time datetime=\"2026-03-26T12:46:02+01:00\"> 26 mars 2026 \u00e0 12h46 <\/time> <\/span>\n<\/div>\n<div class=\"ac-article-actions\"> <button type=\"button\" class=\"ac-btn ac-btn--round ac-btn--border-gray ac-btn--bookmark\" data-trk=\"{&quot;cta&quot;:{&quot;action&quot;:&quot;&quot;,&quot;category&quot;:&quot;mon compte&quot;,&quot;from&quot;:&quot;article actions&quot;,&quot;name&quot;:&quot;Voir mes articles enregistr\\u00e9s&quot;,&quot;type&quot;:&quot;cta&quot;}}\" title=\"Enregistrer l'article\" aria-label=\"Enregistrer l'article\" aria-controls=\"bookmark\" aria-expanded=\"false\"> <span class=\"sr\">Enregistrer<\/span> <\/button> <button type=\"button\" class=\"ac-btn ac-btn--round ac-btn--border-gray ac-btn--share\" data-trk=\"{&quot;menu&quot;:{&quot;name&quot;:&quot;Partager&quot;,&quot;from&quot;:&quot;D\\u00e9but article&quot;}}\" title=\"Partager l'article\" aria-controls=\"share\" aria-expanded=\"false\" aria-label=\"Partager\"> <span class=\"sr\">Partager<\/span> <\/button> <\/div>\n<p>Un terrible <strong>accident du travail<\/strong> qui pourrait avoir comme cons\u00e9quence la perte de sa jambe. Au cours de la nuit du mercredi&nbsp;25 au jeudi 26&nbsp;mars 2026, un homme de 27&nbsp;ans a \u00e9t\u00e9 gravement bless\u00e9 apr\u00e8s s\u2019\u00eatre retrouv\u00e9 coinc\u00e9 dans une machine d\u2019un centre de tri de colis, \u00e0 <a href=\"https:\/\/actu.fr\/ile-de-france\/marly-la-ville_95371\" target=\"_blank\" rel=\"nofollow\">Marly-la-Ville<\/a> (Val-d\u2019Oise).<\/p>\n<p class=\" wall-content\">Le drame est survenu au sein du site g\u00e9r\u00e9 par la firme <strong>Gofo Express<\/strong>, rue Eug\u00e8ne-Pottier. Selon les premiers \u00e9l\u00e9ments de l\u2019enqu\u00eate des gendarmes, le salari\u00e9 aurait constat\u00e9 qu\u2019un colis s\u2019\u00e9tait retrouv\u00e9 coinc\u00e9.<\/p>\n<h2 class=\" wall-content\">Happ\u00e9 par la machine et tra\u00een\u00e9 sur 25&nbsp;m\u00e8tres<\/h2>\n<p class=\" wall-content\">Il aurait alors escalad\u00e9 deux \u00e9tages pour le r\u00e9cup\u00e9rer lorsque, dans des conditions qui restent \u00e0 d\u00e9terminer, il s\u2019est fait happer par la machine et tra\u00eener sur 25&nbsp;m\u00e8tres.<\/p>\n<p class=\" wall-content\">Imm\u00e9diatement alert\u00e9s, les pompiers et des m\u00e9decins du Samu ont port\u00e9 les premiers soins \u00e0 la victime qui a eu <strong>l\u2019une de ses jambes partiellement arrach\u00e9e<\/strong>.<\/p>\n<p class=\" wall-content\">Le salari\u00e9 a \u00e9t\u00e9 \u00e9vacu\u00e9 en urgence absolue vers le centre hospitalier Beaujon, \u00e0 Clichy (Hauts-de-Seine). Son pronostic vital n\u2019\u00e9tait pas engag\u00e9.<\/p>\n<p class=\" wall-content\">Se trouvant en \u00e9tat de choc apr\u00e8s avoir \u00e9t\u00e9 t\u00e9moins de l\u2019accident, quatre autres employ\u00e9s du centre ont \u00e9t\u00e9 pris en charge par les secours. Ils ont toutefois \u00e9t\u00e9 laiss\u00e9s sur place. L\u2019activit\u00e9 de l\u2019entreprise a \u00e9t\u00e9 mise \u00e0 l\u2019arr\u00eat pour le reste de la nuit.<\/p>\n<p class=\" wall-content\"><i>Personnalisez votre actualit\u00e9 en ajoutant vos villes et m\u00e9dias en favori avec <a href=\"https:\/\/moncompte.actu.fr\" title=\"D\u00e9couvez Mon Actu\" rel=\"nofollow\" data-trk=\"{&quot;cta&quot;:{&quot;action&quot;:&quot;https:\\\/\\\/moncompte.actu.fr&quot;,&quot;category&quot;:&quot;mon compte&quot;,&quot;from&quot;:&quot;article footer&quot;,&quot;name&quot;:&quot;Mon actu&quot;,&quot;type&quot;:&quot;cta&quot;}}\" target=\"_blank\">Mon Actu<\/a>.<\/i><\/p>\n<p> accidentdutravail-idf.net vous a pr\u00e9par\u00e9 ce post qui informe du sujet \u00ab\u00a0Association Sportive Huisson-Longueville Essonne\u00a0\u00bb. La chronique se veut g\u00e9n\u00e9r\u00e9e du mieux possible. Vous pouvez utiliser les coordonn\u00e9es indiqu\u00e9es sur le site dans le but d\u2019apporter des explications sur ce post qui parle du th\u00e8me \u00ab\u00a0Association Sportive Huisson-Longueville Essonne\u00a0\u00bb. Le site accidentdutravail-idf.net a pour but de fournir diverses publications sur la th\u00e9matique Association Sportive Huisson-Longueville Essonne diffus\u00e9es sur le net. Il y aura plusieurs articles autour du sujet \u00ab\u00a0Association Sportive Huisson-Longueville Essonne\u00a0\u00bb dans quelques jours, nous vous invitons \u00e0 naviguer sur notre site web \u00e0 plusieurs reprises.<\/p>\n","protected":false},"excerpt":{"rendered":"<p>Par Thomas Hoffmann Publi\u00e9 le 26 mars 2026 \u00e0 12h46 Enregistrer Partager Un terrible accident du travail qui pourrait avoir comme cons\u00e9quence la perte de sa jambe. Au cours de la nuit du mercredi&nbsp;25 au jeudi 26&nbsp;mars 2026, un homme de 27&nbsp;ans a \u00e9t\u00e9 gravement bless\u00e9 apr\u00e8s s\u2019\u00eatre retrouv\u00e9 coinc\u00e9 dans une machine d\u2019un centre &hellip; <\/p>\n<p class=\"link-more\"><a href=\"https:\/\/www.accidentdutravail-idf.net\/blog\/accident-du-travail-dans-le-val-doise-sa-jambe-partiellement-arrachee-par-une-machine-dans-un-centre-de-tri\/\" class=\"more-link\">Continuer la lecture <span class=\"screen-reader-text\"> \u00ab\u00a0Accident du travail dans le Val-d&rsquo;Oise : sa jambe partiellement arrach\u00e9e par une machine dans un centre de tri\u00a0\u00bb<\/span><\/a><\/p>\n","protected":false},"author":2,"featured_media":0,"comment_status":"closed","ping_status":"closed","sticky":false,"template":"","format":"standard","meta":{"footnotes":""},"categories":[5],"tags":[],"class_list":["post-2274","post","type-post","status-publish","format-standard","hentry","category-securite-du-travail-en-ile-de-france-et-divers","entry"],"yoast_head":"<!-- This site is optimized with the Yoast SEO plugin v27.5 - https:\/\/yoast.com\/product\/yoast-seo-wordpress\/ -->\n<title>Accident du travail dans le Val-d&#039;Oise : sa jambe partiellement arrach\u00e9e par une machine dans un centre de tri - ACCIDENTDUTRAVAIL-IDF<\/title>\n<meta name=\"description\" content=\"Accident du travail dans le Val-d&#039;Oise : sa jambe partiellement arrach\u00e9e par une machine dans un centre de tri article de ACCIDENTDUTRAVAIL-IDF\" \/>\n<meta name=\"robots\" content=\"index, follow, max-snippet:-1, max-image-preview:large, max-video-preview:-1\" \/>\n<link rel=\"canonical\" href=\"https:\/\/www.accidentdutravail-idf.net\/blog\/accident-du-travail-dans-le-val-doise-sa-jambe-partiellement-arrachee-par-une-machine-dans-un-centre-de-tri\/\" \/>\n<meta property=\"og:locale\" content=\"fr_FR\" \/>\n<meta property=\"og:type\" content=\"article\" \/>\n<meta property=\"og:title\" content=\"Accident du travail dans le Val-d&#039;Oise : sa jambe partiellement arrach\u00e9e par une machine dans un centre de tri - ACCIDENTDUTRAVAIL-IDF\" \/>\n<meta property=\"og:description\" content=\"Accident du travail dans le Val-d&#039;Oise : sa jambe partiellement arrach\u00e9e par une machine dans un centre de tri article de ACCIDENTDUTRAVAIL-IDF\" \/>\n<meta property=\"og:url\" content=\"https:\/\/www.accidentdutravail-idf.net\/blog\/accident-du-travail-dans-le-val-doise-sa-jambe-partiellement-arrachee-par-une-machine-dans-un-centre-de-tri\/\" \/>\n<meta property=\"og:site_name\" content=\"ACCIDENTDUTRAVAIL-IDF\" \/>\n<meta property=\"article:published_time\" content=\"2026-03-26T02:46:00+00:00\" \/>\n<meta property=\"og:image\" content=\"https:\/\/www.accidentdutravail-idf.net\/blog\/wp-content\/uploads\/2026\/03\/accident-du-travail-dans-le-val-doise-sa-jambe-partiellement-arrachee-par-une-machine-dans-un-centre-de-tri.jpg\" \/>\n<meta name=\"author\" content=\"Carlos Poulain\" \/>\n<meta name=\"twitter:card\" content=\"summary_large_image\" \/>\n<meta name=\"twitter:label1\" content=\"\u00c9crit par\" \/>\n\t<meta name=\"twitter:data1\" content=\"Carlos Poulain\" \/>\n\t<meta name=\"twitter:label2\" content=\"Dur\u00e9e de lecture estim\u00e9e\" \/>\n\t<meta name=\"twitter:data2\" content=\"2 minutes\" \/>\n<script type=\"application\/ld+json\" class=\"yoast-schema-graph\">{\"@context\":\"https:\\\/\\\/schema.org\",\"@graph\":[{\"@type\":\"Article\",\"@id\":\"https:\\\/\\\/www.accidentdutravail-idf.net\\\/blog\\\/accident-du-travail-dans-le-val-doise-sa-jambe-partiellement-arrachee-par-une-machine-dans-un-centre-de-tri\\\/#article\",\"isPartOf\":{\"@id\":\"https:\\\/\\\/www.accidentdutravail-idf.net\\\/blog\\\/accident-du-travail-dans-le-val-doise-sa-jambe-partiellement-arrachee-par-une-machine-dans-un-centre-de-tri\\\/\"},\"author\":{\"name\":\"Carlos Poulain\",\"@id\":\"https:\\\/\\\/www.accidentdutravail-idf.net\\\/blog\\\/#\\\/schema\\\/person\\\/3255d2f970de45e64bd9201f38e7b947\"},\"headline\":\"Accident du travail dans le Val-d&rsquo;Oise : sa jambe partiellement arrach\u00e9e par une machine dans un centre de tri\",\"datePublished\":\"2026-03-26T02:46:00+00:00\",\"mainEntityOfPage\":{\"@id\":\"https:\\\/\\\/www.accidentdutravail-idf.net\\\/blog\\\/accident-du-travail-dans-le-val-doise-sa-jambe-partiellement-arrachee-par-une-machine-dans-un-centre-de-tri\\\/\"},\"wordCount\":396,\"publisher\":{\"@id\":\"https:\\\/\\\/www.accidentdutravail-idf.net\\\/blog\\\/#organization\"},\"image\":{\"@id\":\"https:\\\/\\\/www.accidentdutravail-idf.net\\\/blog\\\/accident-du-travail-dans-le-val-doise-sa-jambe-partiellement-arrachee-par-une-machine-dans-un-centre-de-tri\\\/#primaryimage\"},\"thumbnailUrl\":\"https:\\\/\\\/www.accidentdutravail-idf.net\\\/blog\\\/wp-content\\\/uploads\\\/2026\\\/03\\\/accident-du-travail-dans-le-val-doise-sa-jambe-partiellement-arrachee-par-une-machine-dans-un-centre-de-tri.jpg\",\"articleSection\":[\"S\u00e9curit\u00e9 Du Travail En Ile-De-France Et Divers:\"],\"inLanguage\":\"fr-FR\"},{\"@type\":\"WebPage\",\"@id\":\"https:\\\/\\\/www.accidentdutravail-idf.net\\\/blog\\\/accident-du-travail-dans-le-val-doise-sa-jambe-partiellement-arrachee-par-une-machine-dans-un-centre-de-tri\\\/\",\"url\":\"https:\\\/\\\/www.accidentdutravail-idf.net\\\/blog\\\/accident-du-travail-dans-le-val-doise-sa-jambe-partiellement-arrachee-par-une-machine-dans-un-centre-de-tri\\\/\",\"name\":\"Accident du travail dans le Val-d'Oise : sa jambe partiellement arrach\u00e9e par une machine dans un centre de tri - ACCIDENTDUTRAVAIL-IDF\",\"isPartOf\":{\"@id\":\"https:\\\/\\\/www.accidentdutravail-idf.net\\\/blog\\\/#website\"},\"primaryImageOfPage\":{\"@id\":\"https:\\\/\\\/www.accidentdutravail-idf.net\\\/blog\\\/accident-du-travail-dans-le-val-doise-sa-jambe-partiellement-arrachee-par-une-machine-dans-un-centre-de-tri\\\/#primaryimage\"},\"image\":{\"@id\":\"https:\\\/\\\/www.accidentdutravail-idf.net\\\/blog\\\/accident-du-travail-dans-le-val-doise-sa-jambe-partiellement-arrachee-par-une-machine-dans-un-centre-de-tri\\\/#primaryimage\"},\"thumbnailUrl\":\"https:\\\/\\\/www.accidentdutravail-idf.net\\\/blog\\\/wp-content\\\/uploads\\\/2026\\\/03\\\/accident-du-travail-dans-le-val-doise-sa-jambe-partiellement-arrachee-par-une-machine-dans-un-centre-de-tri.jpg\",\"datePublished\":\"2026-03-26T02:46:00+00:00\",\"description\":\"Accident du travail dans le Val-d'Oise : sa jambe partiellement arrach\u00e9e par une machine dans un centre de tri article de ACCIDENTDUTRAVAIL-IDF\",\"breadcrumb\":{\"@id\":\"https:\\\/\\\/www.accidentdutravail-idf.net\\\/blog\\\/accident-du-travail-dans-le-val-doise-sa-jambe-partiellement-arrachee-par-une-machine-dans-un-centre-de-tri\\\/#breadcrumb\"},\"inLanguage\":\"fr-FR\",\"potentialAction\":[{\"@type\":\"ReadAction\",\"target\":[\"https:\\\/\\\/www.accidentdutravail-idf.net\\\/blog\\\/accident-du-travail-dans-le-val-doise-sa-jambe-partiellement-arrachee-par-une-machine-dans-un-centre-de-tri\\\/\"]}]},{\"@type\":\"ImageObject\",\"inLanguage\":\"fr-FR\",\"@id\":\"https:\\\/\\\/www.accidentdutravail-idf.net\\\/blog\\\/accident-du-travail-dans-le-val-doise-sa-jambe-partiellement-arrachee-par-une-machine-dans-un-centre-de-tri\\\/#primaryimage\",\"url\":\"https:\\\/\\\/www.accidentdutravail-idf.net\\\/blog\\\/wp-content\\\/uploads\\\/2026\\\/03\\\/accident-du-travail-dans-le-val-doise-sa-jambe-partiellement-arrachee-par-une-machine-dans-un-centre-de-tri.jpg\",\"contentUrl\":\"https:\\\/\\\/www.accidentdutravail-idf.net\\\/blog\\\/wp-content\\\/uploads\\\/2026\\\/03\\\/accident-du-travail-dans-le-val-doise-sa-jambe-partiellement-arrachee-par-une-machine-dans-un-centre-de-tri.jpg\"},{\"@type\":\"BreadcrumbList\",\"@id\":\"https:\\\/\\\/www.accidentdutravail-idf.net\\\/blog\\\/accident-du-travail-dans-le-val-doise-sa-jambe-partiellement-arrachee-par-une-machine-dans-un-centre-de-tri\\\/#breadcrumb\",\"itemListElement\":[{\"@type\":\"ListItem\",\"position\":1,\"name\":\"Accueil\",\"item\":\"https:\\\/\\\/www.accidentdutravail-idf.net\\\/blog\\\/\"},{\"@type\":\"ListItem\",\"position\":2,\"name\":\"Accident du travail dans le Val-d&rsquo;Oise : sa jambe partiellement arrach\u00e9e par une machine dans un centre de tri\"}]},{\"@type\":\"WebSite\",\"@id\":\"https:\\\/\\\/www.accidentdutravail-idf.net\\\/blog\\\/#website\",\"url\":\"https:\\\/\\\/www.accidentdutravail-idf.net\\\/blog\\\/\",\"name\":\"ACCIDENTDUTRAVAIL-IDF\",\"description\":\"Portail accidents du travail-maladies professionnelles des entreprises d&#039;Ile-de-France\",\"publisher\":{\"@id\":\"https:\\\/\\\/www.accidentdutravail-idf.net\\\/blog\\\/#organization\"},\"potentialAction\":[{\"@type\":\"SearchAction\",\"target\":{\"@type\":\"EntryPoint\",\"urlTemplate\":\"https:\\\/\\\/www.accidentdutravail-idf.net\\\/blog\\\/?s={search_term_string}\"},\"query-input\":{\"@type\":\"PropertyValueSpecification\",\"valueRequired\":true,\"valueName\":\"search_term_string\"}}],\"inLanguage\":\"fr-FR\"},{\"@type\":\"Organization\",\"@id\":\"https:\\\/\\\/www.accidentdutravail-idf.net\\\/blog\\\/#organization\",\"name\":\"accidentdutravail-idf\",\"url\":\"https:\\\/\\\/www.accidentdutravail-idf.net\\\/blog\\\/\",\"logo\":{\"@type\":\"ImageObject\",\"inLanguage\":\"fr-FR\",\"@id\":\"https:\\\/\\\/www.accidentdutravail-idf.net\\\/blog\\\/#\\\/schema\\\/logo\\\/image\\\/\",\"url\":\"https:\\\/\\\/www.accidentdutravail-idf.net\\\/blog\\\/wp-content\\\/uploads\\\/2022\\\/09\\\/logo-2.png\",\"contentUrl\":\"https:\\\/\\\/www.accidentdutravail-idf.net\\\/blog\\\/wp-content\\\/uploads\\\/2022\\\/09\\\/logo-2.png\",\"width\":380,\"height\":291,\"caption\":\"accidentdutravail-idf\"},\"image\":{\"@id\":\"https:\\\/\\\/www.accidentdutravail-idf.net\\\/blog\\\/#\\\/schema\\\/logo\\\/image\\\/\"}},{\"@type\":\"Person\",\"@id\":\"https:\\\/\\\/www.accidentdutravail-idf.net\\\/blog\\\/#\\\/schema\\\/person\\\/3255d2f970de45e64bd9201f38e7b947\",\"name\":\"Carlos Poulain\",\"image\":{\"@type\":\"ImageObject\",\"inLanguage\":\"fr-FR\",\"@id\":\"https:\\\/\\\/secure.gravatar.com\\\/avatar\\\/b1c2f9d3588e34e91adb093635df64ef4b2381991216be7576466cfcdca4baf3?s=96&d=mm&r=g\",\"url\":\"https:\\\/\\\/secure.gravatar.com\\\/avatar\\\/b1c2f9d3588e34e91adb093635df64ef4b2381991216be7576466cfcdca4baf3?s=96&d=mm&r=g\",\"contentUrl\":\"https:\\\/\\\/secure.gravatar.com\\\/avatar\\\/b1c2f9d3588e34e91adb093635df64ef4b2381991216be7576466cfcdca4baf3?s=96&d=mm&r=g\",\"caption\":\"Carlos Poulain\"},\"url\":\"https:\\\/\\\/www.accidentdutravail-idf.net\\\/blog\\\/author\\\/idfcarlos\\\/\"}]}<\/script>\n<!-- \/ Yoast SEO plugin. -->","yoast_head_json":{"title":"Accident du travail dans le Val-d'Oise : sa jambe partiellement arrach\u00e9e par une machine dans un centre de tri - ACCIDENTDUTRAVAIL-IDF","description":"Accident du travail dans le Val-d'Oise : sa jambe partiellement arrach\u00e9e par une machine dans un centre de tri article de ACCIDENTDUTRAVAIL-IDF","robots":{"index":"index","follow":"follow","max-snippet":"max-snippet:-1","max-image-preview":"max-image-preview:large","max-video-preview":"max-video-preview:-1"},"canonical":"https:\/\/www.accidentdutravail-idf.net\/blog\/accident-du-travail-dans-le-val-doise-sa-jambe-partiellement-arrachee-par-une-machine-dans-un-centre-de-tri\/","og_locale":"fr_FR","og_type":"article","og_title":"Accident du travail dans le Val-d'Oise : sa jambe partiellement arrach\u00e9e par une machine dans un centre de tri - ACCIDENTDUTRAVAIL-IDF","og_description":"Accident du travail dans le Val-d'Oise : sa jambe partiellement arrach\u00e9e par une machine dans un centre de tri article de ACCIDENTDUTRAVAIL-IDF","og_url":"https:\/\/www.accidentdutravail-idf.net\/blog\/accident-du-travail-dans-le-val-doise-sa-jambe-partiellement-arrachee-par-une-machine-dans-un-centre-de-tri\/","og_site_name":"ACCIDENTDUTRAVAIL-IDF","article_published_time":"2026-03-26T02:46:00+00:00","og_image":[{"url":"https:\/\/www.accidentdutravail-idf.net\/blog\/wp-content\/uploads\/2026\/03\/accident-du-travail-dans-le-val-doise-sa-jambe-partiellement-arrachee-par-une-machine-dans-un-centre-de-tri.jpg","type":"","width":"","height":""}],"author":"Carlos Poulain","twitter_card":"summary_large_image","twitter_misc":{"\u00c9crit par":"Carlos Poulain","Dur\u00e9e de lecture estim\u00e9e":"2 minutes"},"schema":{"@context":"https:\/\/schema.org","@graph":[{"@type":"Article","@id":"https:\/\/www.accidentdutravail-idf.net\/blog\/accident-du-travail-dans-le-val-doise-sa-jambe-partiellement-arrachee-par-une-machine-dans-un-centre-de-tri\/#article","isPartOf":{"@id":"https:\/\/www.accidentdutravail-idf.net\/blog\/accident-du-travail-dans-le-val-doise-sa-jambe-partiellement-arrachee-par-une-machine-dans-un-centre-de-tri\/"},"author":{"name":"Carlos Poulain","@id":"https:\/\/www.accidentdutravail-idf.net\/blog\/#\/schema\/person\/3255d2f970de45e64bd9201f38e7b947"},"headline":"Accident du travail dans le Val-d&rsquo;Oise : sa jambe partiellement arrach\u00e9e par une machine dans un centre de tri","datePublished":"2026-03-26T02:46:00+00:00","mainEntityOfPage":{"@id":"https:\/\/www.accidentdutravail-idf.net\/blog\/accident-du-travail-dans-le-val-doise-sa-jambe-partiellement-arrachee-par-une-machine-dans-un-centre-de-tri\/"},"wordCount":396,"publisher":{"@id":"https:\/\/www.accidentdutravail-idf.net\/blog\/#organization"},"image":{"@id":"https:\/\/www.accidentdutravail-idf.net\/blog\/accident-du-travail-dans-le-val-doise-sa-jambe-partiellement-arrachee-par-une-machine-dans-un-centre-de-tri\/#primaryimage"},"thumbnailUrl":"https:\/\/www.accidentdutravail-idf.net\/blog\/wp-content\/uploads\/2026\/03\/accident-du-travail-dans-le-val-doise-sa-jambe-partiellement-arrachee-par-une-machine-dans-un-centre-de-tri.jpg","articleSection":["S\u00e9curit\u00e9 Du Travail En Ile-De-France Et Divers:"],"inLanguage":"fr-FR"},{"@type":"WebPage","@id":"https:\/\/www.accidentdutravail-idf.net\/blog\/accident-du-travail-dans-le-val-doise-sa-jambe-partiellement-arrachee-par-une-machine-dans-un-centre-de-tri\/","url":"https:\/\/www.accidentdutravail-idf.net\/blog\/accident-du-travail-dans-le-val-doise-sa-jambe-partiellement-arrachee-par-une-machine-dans-un-centre-de-tri\/","name":"Accident du travail dans le Val-d'Oise : sa jambe partiellement arrach\u00e9e par une machine dans un centre de tri - ACCIDENTDUTRAVAIL-IDF","isPartOf":{"@id":"https:\/\/www.accidentdutravail-idf.net\/blog\/#website"},"primaryImageOfPage":{"@id":"https:\/\/www.accidentdutravail-idf.net\/blog\/accident-du-travail-dans-le-val-doise-sa-jambe-partiellement-arrachee-par-une-machine-dans-un-centre-de-tri\/#primaryimage"},"image":{"@id":"https:\/\/www.accidentdutravail-idf.net\/blog\/accident-du-travail-dans-le-val-doise-sa-jambe-partiellement-arrachee-par-une-machine-dans-un-centre-de-tri\/#primaryimage"},"thumbnailUrl":"https:\/\/www.accidentdutravail-idf.net\/blog\/wp-content\/uploads\/2026\/03\/accident-du-travail-dans-le-val-doise-sa-jambe-partiellement-arrachee-par-une-machine-dans-un-centre-de-tri.jpg","datePublished":"2026-03-26T02:46:00+00:00","description":"Accident du travail dans le Val-d'Oise : sa jambe partiellement arrach\u00e9e par une machine dans un centre de tri article de ACCIDENTDUTRAVAIL-IDF","breadcrumb":{"@id":"https:\/\/www.accidentdutravail-idf.net\/blog\/accident-du-travail-dans-le-val-doise-sa-jambe-partiellement-arrachee-par-une-machine-dans-un-centre-de-tri\/#breadcrumb"},"inLanguage":"fr-FR","potentialAction":[{"@type":"ReadAction","target":["https:\/\/www.accidentdutravail-idf.net\/blog\/accident-du-travail-dans-le-val-doise-sa-jambe-partiellement-arrachee-par-une-machine-dans-un-centre-de-tri\/"]}]},{"@type":"ImageObject","inLanguage":"fr-FR","@id":"https:\/\/www.accidentdutravail-idf.net\/blog\/accident-du-travail-dans-le-val-doise-sa-jambe-partiellement-arrachee-par-une-machine-dans-un-centre-de-tri\/#primaryimage","url":"https:\/\/www.accidentdutravail-idf.net\/blog\/wp-content\/uploads\/2026\/03\/accident-du-travail-dans-le-val-doise-sa-jambe-partiellement-arrachee-par-une-machine-dans-un-centre-de-tri.jpg","contentUrl":"https:\/\/www.accidentdutravail-idf.net\/blog\/wp-content\/uploads\/2026\/03\/accident-du-travail-dans-le-val-doise-sa-jambe-partiellement-arrachee-par-une-machine-dans-un-centre-de-tri.jpg"},{"@type":"BreadcrumbList","@id":"https:\/\/www.accidentdutravail-idf.net\/blog\/accident-du-travail-dans-le-val-doise-sa-jambe-partiellement-arrachee-par-une-machine-dans-un-centre-de-tri\/#breadcrumb","itemListElement":[{"@type":"ListItem","position":1,"name":"Accueil","item":"https:\/\/www.accidentdutravail-idf.net\/blog\/"},{"@type":"ListItem","position":2,"name":"Accident du travail dans le Val-d&rsquo;Oise : sa jambe partiellement arrach\u00e9e par une machine dans un centre de tri"}]},{"@type":"WebSite","@id":"https:\/\/www.accidentdutravail-idf.net\/blog\/#website","url":"https:\/\/www.accidentdutravail-idf.net\/blog\/","name":"ACCIDENTDUTRAVAIL-IDF","description":"Portail accidents du travail-maladies professionnelles des entreprises d&#039;Ile-de-France","publisher":{"@id":"https:\/\/www.accidentdutravail-idf.net\/blog\/#organization"},"potentialAction":[{"@type":"SearchAction","target":{"@type":"EntryPoint","urlTemplate":"https:\/\/www.accidentdutravail-idf.net\/blog\/?s={search_term_string}"},"query-input":{"@type":"PropertyValueSpecification","valueRequired":true,"valueName":"search_term_string"}}],"inLanguage":"fr-FR"},{"@type":"Organization","@id":"https:\/\/www.accidentdutravail-idf.net\/blog\/#organization","name":"accidentdutravail-idf","url":"https:\/\/www.accidentdutravail-idf.net\/blog\/","logo":{"@type":"ImageObject","inLanguage":"fr-FR","@id":"https:\/\/www.accidentdutravail-idf.net\/blog\/#\/schema\/logo\/image\/","url":"https:\/\/www.accidentdutravail-idf.net\/blog\/wp-content\/uploads\/2022\/09\/logo-2.png","contentUrl":"https:\/\/www.accidentdutravail-idf.net\/blog\/wp-content\/uploads\/2022\/09\/logo-2.png","width":380,"height":291,"caption":"accidentdutravail-idf"},"image":{"@id":"https:\/\/www.accidentdutravail-idf.net\/blog\/#\/schema\/logo\/image\/"}},{"@type":"Person","@id":"https:\/\/www.accidentdutravail-idf.net\/blog\/#\/schema\/person\/3255d2f970de45e64bd9201f38e7b947","name":"Carlos Poulain","image":{"@type":"ImageObject","inLanguage":"fr-FR","@id":"https:\/\/secure.gravatar.com\/avatar\/b1c2f9d3588e34e91adb093635df64ef4b2381991216be7576466cfcdca4baf3?s=96&d=mm&r=g","url":"https:\/\/secure.gravatar.com\/avatar\/b1c2f9d3588e34e91adb093635df64ef4b2381991216be7576466cfcdca4baf3?s=96&d=mm&r=g","contentUrl":"https:\/\/secure.gravatar.com\/avatar\/b1c2f9d3588e34e91adb093635df64ef4b2381991216be7576466cfcdca4baf3?s=96&d=mm&r=g","caption":"Carlos Poulain"},"url":"https:\/\/www.accidentdutravail-idf.net\/blog\/author\/idfcarlos\/"}]}},"_links":{"self":[{"href":"https:\/\/www.accidentdutravail-idf.net\/blog\/wp-json\/wp\/v2\/posts\/2274","targetHints":{"allow":["GET"]}}],"collection":[{"href":"https:\/\/www.accidentdutravail-idf.net\/blog\/wp-json\/wp\/v2\/posts"}],"about":[{"href":"https:\/\/www.accidentdutravail-idf.net\/blog\/wp-json\/wp\/v2\/types\/post"}],"author":[{"embeddable":true,"href":"https:\/\/www.accidentdutravail-idf.net\/blog\/wp-json\/wp\/v2\/users\/2"}],"replies":[{"embeddable":true,"href":"https:\/\/www.accidentdutravail-idf.net\/blog\/wp-json\/wp\/v2\/comments?post=2274"}],"version-history":[{"count":0,"href":"https:\/\/www.accidentdutravail-idf.net\/blog\/wp-json\/wp\/v2\/posts\/2274\/revisions"}],"wp:attachment":[{"href":"https:\/\/www.accidentdutravail-idf.net\/blog\/wp-json\/wp\/v2\/media?parent=2274"}],"wp:term":[{"taxonomy":"category","embeddable":true,"href":"https:\/\/www.accidentdutravail-idf.net\/blog\/wp-json\/wp\/v2\/categories?post=2274"},{"taxonomy":"post_tag","embeddable":true,"href":"https:\/\/www.accidentdutravail-idf.net\/blog\/wp-json\/wp\/v2\/tags?post=2274"}],"curies":[{"name":"wp","href":"https:\/\/api.w.org\/{rel}","templated":true}]}}