{"id":225,"date":"2019-10-29T20:51:17","date_gmt":"2019-10-29T19:51:17","guid":{"rendered":"https:\/\/www.site.cdcl.xyz\/2019\/10\/29\/gauche-france-salle-comble-pour-la-conference-sur-lurgence-clim-nupes-gauche-ps_tarn81\/"},"modified":"2019-10-29T20:51:17","modified_gmt":"2019-10-29T19:51:17","slug":"gauche-france-salle-comble-pour-la-conference-sur-lurgence-clim-nupes-gauche-ps_tarn81","status":"publish","type":"post","link":"https:\/\/www.accidentdutravail-idf.net\/blog\/gauche-france-salle-comble-pour-la-conference-sur-lurgence-clim-nupes-gauche-ps_tarn81\/","title":{"rendered":"Gauche France: Salle comble pour la conf\u00e9rence sur l\u2019urgence clim\u2026 #nupes #gauche @PS_Tarn81"},"content":{"rendered":"<p>Voil\u00e0 un tout nouveau message qui va s\u2019adjoindre \u00e0 notre revue de presse.<\/p>\n<p>L\u2019utilisateur twitter qui le publie est annonc\u00e9 sous le nom Parti Socialiste 81. Il<br \/>est connu avec le pseudonyme @PS_Tarn81.<\/p>\n<p>Nous vous rappelons sa pr\u00e9sentation:<br \/>:F\u00e9d\u00e9ration du Parti Socialiste du Tarn \/ 53 rue Henri Moissan 81000 Albi \/ Tel : 05 63 60 78 07<\/p>\n<p>Revoil\u00e0 pareillement le lien sur sa page:<br \/>https:\/\/t.co\/Ea751xQfXe<\/p>\n<p>Voil\u00e0 lle \u00ab&nbsp;papier&nbsp;\u00bb dont il s\u2019agit : <\/p>\n<p><img decoding=\"async\" src=\"https:\/\/www.accidentdutravail-idf.net\/blog\/wp-content\/uploads\/2022\/11\/gauche-france-salle-comble-pour-la-conference-sur-lurgence-clim-nupes-gauche-ps_tarn81.jpg\"><\/p>\n<p><img decoding=\"async\" src=\"https:\/\/www.accidentdutravail-idf.net\/blog\/wp-content\/uploads\/2022\/11\/gauche-france-salle-comble-pour-la-conference-sur-lurgence-clim-nupes-gauche-ps_tarn81-1.jpg\"><\/p>\n<p>Salle comble pour la conf\u00e9rence sur l\u2019urgence climatique, l\u2019urgence politique, autour d\u2019@AudreyPulvar<br \/>@ramond_christ @partisocialiste<br \/>#ecologie #Climat #ClimateEmergency #PS81 #PS <a rel=\"nofollow noopener\" target=\"_blank\" href=\"https:\/\/t.co\/CpXcc0s6ul\">https:\/\/t.co\/CpXcc0s6ul<\/a><\/p>\n<p>Au moment o\u00f9 nous fournissons l\u2019info, ce tweet a recueilli 4 likes et a \u00e9t\u00e9 retwett\u00e9 0 fois.<\/p>\n<p>Pour finir nous vous ramenons les hashtags mentionn\u00e9s dans le tweet: #Salle #comble #pour #conf\u00e9rence #sur #lurgence #clim <\/p>\n<p>Voir le tweet:https:\/\/twitter.com\/PS_Tarn81\/statuses\/1189268487040098304<\/p>\n<p>Ce th\u00e8me r\u00e9pond \u00e0 vos investigations vous aimerez aussi ces livres:<\/p>\n<p>La Doctrine du fascisme\/18.,<a href=\"https:\/\/fr.wikisource.org\/wiki\/La_Doctrine_du_fascisme\/18\" target=\"_blank\" rel=\"noopener noreferrer nofollow\">Description<\/a><span><\/span>.<\/p>\n<p>Anthologie (Pierre de Coubertin)\/II\/XXVIII.,<a href=\"https:\/\/fr.wikisource.org\/wiki\/Anthologie_(Pierre_de_Coubertin)\/II\/XXVIII\" target=\"_blank\" rel=\"noopener noreferrer nofollow\">Fiche de l\u2019\u00e9diteur<\/a><span><\/span>.<\/p>\n","protected":false},"excerpt":{"rendered":"<p>Voil\u00e0 un tout nouveau message qui va s\u2019adjoindre \u00e0 notre revue de presse. L\u2019utilisateur twitter qui le publie est annonc\u00e9 sous le nom Parti Socialiste 81. Ilest connu avec le pseudonyme @PS_Tarn81. Nous vous rappelons sa pr\u00e9sentation::F\u00e9d\u00e9ration du Parti Socialiste du Tarn \/ 53 rue Henri Moissan 81000 Albi \/ Tel : 05 63 60 &hellip; <\/p>\n<p class=\"link-more\"><a href=\"https:\/\/www.accidentdutravail-idf.net\/blog\/gauche-france-salle-comble-pour-la-conference-sur-lurgence-clim-nupes-gauche-ps_tarn81\/\" class=\"more-link\">Continuer la lecture <span class=\"screen-reader-text\"> \u00ab\u00a0Gauche France: Salle comble pour la conf\u00e9rence sur l\u2019urgence clim\u2026 #nupes #gauche @PS_Tarn81\u00a0\u00bb<\/span><\/a><\/p>\n","protected":false},"author":3,"featured_media":226,"comment_status":"closed","ping_status":"closed","sticky":false,"template":"","format":"standard","meta":{"footnotes":""},"categories":[3],"tags":[],"class_list":["post-225","post","type-post","status-publish","format-standard","has-post-thumbnail","hentry","category-securite-du-travail-en-ile-de-france-communiques","entry"],"yoast_head":"<!-- This site is optimized with the Yoast SEO plugin v27.5 - https:\/\/yoast.com\/product\/yoast-seo-wordpress\/ -->\n<title>Gauche France: Salle comble pour la conf\u00e9rence sur l\u2019urgence clim\u2026 #nupes #gauche @PS_Tarn81 - ACCIDENTDUTRAVAIL-IDF<\/title>\n<meta name=\"description\" content=\"Gauche France: Salle comble pour la conf\u00e9rence sur l\u2019urgence clim\u2026 #nupes #gauche @PS_Tarn81 article de ACCIDENTDUTRAVAIL-IDF\" \/>\n<meta name=\"robots\" content=\"index, follow, max-snippet:-1, max-image-preview:large, max-video-preview:-1\" \/>\n<link rel=\"canonical\" href=\"https:\/\/www.accidentdutravail-idf.net\/blog\/gauche-france-salle-comble-pour-la-conference-sur-lurgence-clim-nupes-gauche-ps_tarn81\/\" \/>\n<meta property=\"og:locale\" content=\"fr_FR\" \/>\n<meta property=\"og:type\" content=\"article\" \/>\n<meta property=\"og:title\" content=\"Gauche France: Salle comble pour la conf\u00e9rence sur l\u2019urgence clim\u2026 #nupes #gauche @PS_Tarn81 - ACCIDENTDUTRAVAIL-IDF\" \/>\n<meta property=\"og:description\" content=\"Gauche France: Salle comble pour la conf\u00e9rence sur l\u2019urgence clim\u2026 #nupes #gauche @PS_Tarn81 article de ACCIDENTDUTRAVAIL-IDF\" \/>\n<meta property=\"og:url\" content=\"https:\/\/www.accidentdutravail-idf.net\/blog\/gauche-france-salle-comble-pour-la-conference-sur-lurgence-clim-nupes-gauche-ps_tarn81\/\" \/>\n<meta property=\"og:site_name\" content=\"ACCIDENTDUTRAVAIL-IDF\" \/>\n<meta property=\"article:published_time\" content=\"2019-10-29T19:51:17+00:00\" \/>\n<meta property=\"og:image\" content=\"https:\/\/www.accidentdutravail-idf.net\/blog\/wp-content\/uploads\/2022\/11\/gauche-france-salle-comble-pour-la-conference-sur-lurgence-clim-nupes-gauche-ps_tarn81.jpg\" \/>\n<meta name=\"author\" content=\"Roxane BARLER\" \/>\n<meta name=\"twitter:card\" content=\"summary_large_image\" \/>\n<meta name=\"twitter:label1\" content=\"\u00c9crit par\" \/>\n\t<meta name=\"twitter:data1\" content=\"Roxane BARLER\" \/>\n\t<meta name=\"twitter:label2\" content=\"Dur\u00e9e de lecture estim\u00e9e\" \/>\n\t<meta name=\"twitter:data2\" content=\"1 minute\" \/>\n<script type=\"application\/ld+json\" class=\"yoast-schema-graph\">{\"@context\":\"https:\\\/\\\/schema.org\",\"@graph\":[{\"@type\":\"Article\",\"@id\":\"https:\\\/\\\/www.accidentdutravail-idf.net\\\/blog\\\/gauche-france-salle-comble-pour-la-conference-sur-lurgence-clim-nupes-gauche-ps_tarn81\\\/#article\",\"isPartOf\":{\"@id\":\"https:\\\/\\\/www.accidentdutravail-idf.net\\\/blog\\\/gauche-france-salle-comble-pour-la-conference-sur-lurgence-clim-nupes-gauche-ps_tarn81\\\/\"},\"author\":{\"name\":\"Roxane BARLER\",\"@id\":\"https:\\\/\\\/www.accidentdutravail-idf.net\\\/blog\\\/#\\\/schema\\\/person\\\/73aa09ba2db8f06bf1debf3a872bd6f9\"},\"headline\":\"Gauche France: Salle comble pour la conf\u00e9rence sur l\u2019urgence clim\u2026 #nupes #gauche @PS_Tarn81\",\"datePublished\":\"2019-10-29T19:51:17+00:00\",\"mainEntityOfPage\":{\"@id\":\"https:\\\/\\\/www.accidentdutravail-idf.net\\\/blog\\\/gauche-france-salle-comble-pour-la-conference-sur-lurgence-clim-nupes-gauche-ps_tarn81\\\/\"},\"wordCount\":192,\"publisher\":{\"@id\":\"https:\\\/\\\/www.accidentdutravail-idf.net\\\/blog\\\/#organization\"},\"image\":{\"@id\":\"https:\\\/\\\/www.accidentdutravail-idf.net\\\/blog\\\/gauche-france-salle-comble-pour-la-conference-sur-lurgence-clim-nupes-gauche-ps_tarn81\\\/#primaryimage\"},\"thumbnailUrl\":\"https:\\\/\\\/www.accidentdutravail-idf.net\\\/blog\\\/wp-content\\\/uploads\\\/2022\\\/11\\\/gauche-france-salle-comble-pour-la-conference-sur-lurgence-clim-nupes-gauche-ps_tarn81.jpg\",\"articleSection\":[\"S\u00e9curit\u00e9 Du Travail En Ile-De-France Communiqu\u00e9s:\"],\"inLanguage\":\"fr-FR\"},{\"@type\":\"WebPage\",\"@id\":\"https:\\\/\\\/www.accidentdutravail-idf.net\\\/blog\\\/gauche-france-salle-comble-pour-la-conference-sur-lurgence-clim-nupes-gauche-ps_tarn81\\\/\",\"url\":\"https:\\\/\\\/www.accidentdutravail-idf.net\\\/blog\\\/gauche-france-salle-comble-pour-la-conference-sur-lurgence-clim-nupes-gauche-ps_tarn81\\\/\",\"name\":\"Gauche France: Salle comble pour la conf\u00e9rence sur l\u2019urgence clim\u2026 #nupes #gauche @PS_Tarn81 - ACCIDENTDUTRAVAIL-IDF\",\"isPartOf\":{\"@id\":\"https:\\\/\\\/www.accidentdutravail-idf.net\\\/blog\\\/#website\"},\"primaryImageOfPage\":{\"@id\":\"https:\\\/\\\/www.accidentdutravail-idf.net\\\/blog\\\/gauche-france-salle-comble-pour-la-conference-sur-lurgence-clim-nupes-gauche-ps_tarn81\\\/#primaryimage\"},\"image\":{\"@id\":\"https:\\\/\\\/www.accidentdutravail-idf.net\\\/blog\\\/gauche-france-salle-comble-pour-la-conference-sur-lurgence-clim-nupes-gauche-ps_tarn81\\\/#primaryimage\"},\"thumbnailUrl\":\"https:\\\/\\\/www.accidentdutravail-idf.net\\\/blog\\\/wp-content\\\/uploads\\\/2022\\\/11\\\/gauche-france-salle-comble-pour-la-conference-sur-lurgence-clim-nupes-gauche-ps_tarn81.jpg\",\"datePublished\":\"2019-10-29T19:51:17+00:00\",\"description\":\"Gauche France: Salle comble pour la conf\u00e9rence sur l\u2019urgence clim\u2026 #nupes #gauche @PS_Tarn81 article de ACCIDENTDUTRAVAIL-IDF\",\"breadcrumb\":{\"@id\":\"https:\\\/\\\/www.accidentdutravail-idf.net\\\/blog\\\/gauche-france-salle-comble-pour-la-conference-sur-lurgence-clim-nupes-gauche-ps_tarn81\\\/#breadcrumb\"},\"inLanguage\":\"fr-FR\",\"potentialAction\":[{\"@type\":\"ReadAction\",\"target\":[\"https:\\\/\\\/www.accidentdutravail-idf.net\\\/blog\\\/gauche-france-salle-comble-pour-la-conference-sur-lurgence-clim-nupes-gauche-ps_tarn81\\\/\"]}]},{\"@type\":\"ImageObject\",\"inLanguage\":\"fr-FR\",\"@id\":\"https:\\\/\\\/www.accidentdutravail-idf.net\\\/blog\\\/gauche-france-salle-comble-pour-la-conference-sur-lurgence-clim-nupes-gauche-ps_tarn81\\\/#primaryimage\",\"url\":\"https:\\\/\\\/www.accidentdutravail-idf.net\\\/blog\\\/wp-content\\\/uploads\\\/2022\\\/11\\\/gauche-france-salle-comble-pour-la-conference-sur-lurgence-clim-nupes-gauche-ps_tarn81.jpg\",\"contentUrl\":\"https:\\\/\\\/www.accidentdutravail-idf.net\\\/blog\\\/wp-content\\\/uploads\\\/2022\\\/11\\\/gauche-france-salle-comble-pour-la-conference-sur-lurgence-clim-nupes-gauche-ps_tarn81.jpg\",\"width\":576,\"height\":1024,\"caption\":\"gauche france salle comble pour la conference sur lurgence clim nupes gauche ps tarn81\"},{\"@type\":\"BreadcrumbList\",\"@id\":\"https:\\\/\\\/www.accidentdutravail-idf.net\\\/blog\\\/gauche-france-salle-comble-pour-la-conference-sur-lurgence-clim-nupes-gauche-ps_tarn81\\\/#breadcrumb\",\"itemListElement\":[{\"@type\":\"ListItem\",\"position\":1,\"name\":\"Accueil\",\"item\":\"https:\\\/\\\/www.accidentdutravail-idf.net\\\/blog\\\/\"},{\"@type\":\"ListItem\",\"position\":2,\"name\":\"Gauche France: Salle comble pour la conf\u00e9rence sur l\u2019urgence clim\u2026 #nupes #gauche @PS_Tarn81\"}]},{\"@type\":\"WebSite\",\"@id\":\"https:\\\/\\\/www.accidentdutravail-idf.net\\\/blog\\\/#website\",\"url\":\"https:\\\/\\\/www.accidentdutravail-idf.net\\\/blog\\\/\",\"name\":\"ACCIDENTDUTRAVAIL-IDF\",\"description\":\"Portail accidents du travail-maladies professionnelles des entreprises d&#039;Ile-de-France\",\"publisher\":{\"@id\":\"https:\\\/\\\/www.accidentdutravail-idf.net\\\/blog\\\/#organization\"},\"potentialAction\":[{\"@type\":\"SearchAction\",\"target\":{\"@type\":\"EntryPoint\",\"urlTemplate\":\"https:\\\/\\\/www.accidentdutravail-idf.net\\\/blog\\\/?s={search_term_string}\"},\"query-input\":{\"@type\":\"PropertyValueSpecification\",\"valueRequired\":true,\"valueName\":\"search_term_string\"}}],\"inLanguage\":\"fr-FR\"},{\"@type\":\"Organization\",\"@id\":\"https:\\\/\\\/www.accidentdutravail-idf.net\\\/blog\\\/#organization\",\"name\":\"accidentdutravail-idf\",\"url\":\"https:\\\/\\\/www.accidentdutravail-idf.net\\\/blog\\\/\",\"logo\":{\"@type\":\"ImageObject\",\"inLanguage\":\"fr-FR\",\"@id\":\"https:\\\/\\\/www.accidentdutravail-idf.net\\\/blog\\\/#\\\/schema\\\/logo\\\/image\\\/\",\"url\":\"https:\\\/\\\/www.accidentdutravail-idf.net\\\/blog\\\/wp-content\\\/uploads\\\/2022\\\/09\\\/logo-2.png\",\"contentUrl\":\"https:\\\/\\\/www.accidentdutravail-idf.net\\\/blog\\\/wp-content\\\/uploads\\\/2022\\\/09\\\/logo-2.png\",\"width\":380,\"height\":291,\"caption\":\"accidentdutravail-idf\"},\"image\":{\"@id\":\"https:\\\/\\\/www.accidentdutravail-idf.net\\\/blog\\\/#\\\/schema\\\/logo\\\/image\\\/\"}},{\"@type\":\"Person\",\"@id\":\"https:\\\/\\\/www.accidentdutravail-idf.net\\\/blog\\\/#\\\/schema\\\/person\\\/73aa09ba2db8f06bf1debf3a872bd6f9\",\"name\":\"Roxane BARLER\",\"image\":{\"@type\":\"ImageObject\",\"inLanguage\":\"fr-FR\",\"@id\":\"https:\\\/\\\/secure.gravatar.com\\\/avatar\\\/0167a3f2fdd1b1378a9aef148e68e7656ab41c7534176836deba3d1e5d6dc5df?s=96&d=mm&r=g\",\"url\":\"https:\\\/\\\/secure.gravatar.com\\\/avatar\\\/0167a3f2fdd1b1378a9aef148e68e7656ab41c7534176836deba3d1e5d6dc5df?s=96&d=mm&r=g\",\"contentUrl\":\"https:\\\/\\\/secure.gravatar.com\\\/avatar\\\/0167a3f2fdd1b1378a9aef148e68e7656ab41c7534176836deba3d1e5d6dc5df?s=96&d=mm&r=g\",\"caption\":\"Roxane BARLER\"},\"url\":\"https:\\\/\\\/www.accidentdutravail-idf.net\\\/blog\\\/author\\\/idfroxane\\\/\"}]}<\/script>\n<!-- \/ Yoast SEO plugin. -->","yoast_head_json":{"title":"Gauche France: Salle comble pour la conf\u00e9rence sur l\u2019urgence clim\u2026 #nupes #gauche @PS_Tarn81 - ACCIDENTDUTRAVAIL-IDF","description":"Gauche France: Salle comble pour la conf\u00e9rence sur l\u2019urgence clim\u2026 #nupes #gauche @PS_Tarn81 article de ACCIDENTDUTRAVAIL-IDF","robots":{"index":"index","follow":"follow","max-snippet":"max-snippet:-1","max-image-preview":"max-image-preview:large","max-video-preview":"max-video-preview:-1"},"canonical":"https:\/\/www.accidentdutravail-idf.net\/blog\/gauche-france-salle-comble-pour-la-conference-sur-lurgence-clim-nupes-gauche-ps_tarn81\/","og_locale":"fr_FR","og_type":"article","og_title":"Gauche France: Salle comble pour la conf\u00e9rence sur l\u2019urgence clim\u2026 #nupes #gauche @PS_Tarn81 - ACCIDENTDUTRAVAIL-IDF","og_description":"Gauche France: Salle comble pour la conf\u00e9rence sur l\u2019urgence clim\u2026 #nupes #gauche @PS_Tarn81 article de ACCIDENTDUTRAVAIL-IDF","og_url":"https:\/\/www.accidentdutravail-idf.net\/blog\/gauche-france-salle-comble-pour-la-conference-sur-lurgence-clim-nupes-gauche-ps_tarn81\/","og_site_name":"ACCIDENTDUTRAVAIL-IDF","article_published_time":"2019-10-29T19:51:17+00:00","og_image":[{"url":"https:\/\/www.accidentdutravail-idf.net\/blog\/wp-content\/uploads\/2022\/11\/gauche-france-salle-comble-pour-la-conference-sur-lurgence-clim-nupes-gauche-ps_tarn81.jpg","type":"","width":"","height":""}],"author":"Roxane BARLER","twitter_card":"summary_large_image","twitter_misc":{"\u00c9crit par":"Roxane BARLER","Dur\u00e9e de lecture estim\u00e9e":"1 minute"},"schema":{"@context":"https:\/\/schema.org","@graph":[{"@type":"Article","@id":"https:\/\/www.accidentdutravail-idf.net\/blog\/gauche-france-salle-comble-pour-la-conference-sur-lurgence-clim-nupes-gauche-ps_tarn81\/#article","isPartOf":{"@id":"https:\/\/www.accidentdutravail-idf.net\/blog\/gauche-france-salle-comble-pour-la-conference-sur-lurgence-clim-nupes-gauche-ps_tarn81\/"},"author":{"name":"Roxane BARLER","@id":"https:\/\/www.accidentdutravail-idf.net\/blog\/#\/schema\/person\/73aa09ba2db8f06bf1debf3a872bd6f9"},"headline":"Gauche France: Salle comble pour la conf\u00e9rence sur l\u2019urgence clim\u2026 #nupes #gauche @PS_Tarn81","datePublished":"2019-10-29T19:51:17+00:00","mainEntityOfPage":{"@id":"https:\/\/www.accidentdutravail-idf.net\/blog\/gauche-france-salle-comble-pour-la-conference-sur-lurgence-clim-nupes-gauche-ps_tarn81\/"},"wordCount":192,"publisher":{"@id":"https:\/\/www.accidentdutravail-idf.net\/blog\/#organization"},"image":{"@id":"https:\/\/www.accidentdutravail-idf.net\/blog\/gauche-france-salle-comble-pour-la-conference-sur-lurgence-clim-nupes-gauche-ps_tarn81\/#primaryimage"},"thumbnailUrl":"https:\/\/www.accidentdutravail-idf.net\/blog\/wp-content\/uploads\/2022\/11\/gauche-france-salle-comble-pour-la-conference-sur-lurgence-clim-nupes-gauche-ps_tarn81.jpg","articleSection":["S\u00e9curit\u00e9 Du Travail En Ile-De-France Communiqu\u00e9s:"],"inLanguage":"fr-FR"},{"@type":"WebPage","@id":"https:\/\/www.accidentdutravail-idf.net\/blog\/gauche-france-salle-comble-pour-la-conference-sur-lurgence-clim-nupes-gauche-ps_tarn81\/","url":"https:\/\/www.accidentdutravail-idf.net\/blog\/gauche-france-salle-comble-pour-la-conference-sur-lurgence-clim-nupes-gauche-ps_tarn81\/","name":"Gauche France: Salle comble pour la conf\u00e9rence sur l\u2019urgence clim\u2026 #nupes #gauche @PS_Tarn81 - ACCIDENTDUTRAVAIL-IDF","isPartOf":{"@id":"https:\/\/www.accidentdutravail-idf.net\/blog\/#website"},"primaryImageOfPage":{"@id":"https:\/\/www.accidentdutravail-idf.net\/blog\/gauche-france-salle-comble-pour-la-conference-sur-lurgence-clim-nupes-gauche-ps_tarn81\/#primaryimage"},"image":{"@id":"https:\/\/www.accidentdutravail-idf.net\/blog\/gauche-france-salle-comble-pour-la-conference-sur-lurgence-clim-nupes-gauche-ps_tarn81\/#primaryimage"},"thumbnailUrl":"https:\/\/www.accidentdutravail-idf.net\/blog\/wp-content\/uploads\/2022\/11\/gauche-france-salle-comble-pour-la-conference-sur-lurgence-clim-nupes-gauche-ps_tarn81.jpg","datePublished":"2019-10-29T19:51:17+00:00","description":"Gauche France: Salle comble pour la conf\u00e9rence sur l\u2019urgence clim\u2026 #nupes #gauche @PS_Tarn81 article de ACCIDENTDUTRAVAIL-IDF","breadcrumb":{"@id":"https:\/\/www.accidentdutravail-idf.net\/blog\/gauche-france-salle-comble-pour-la-conference-sur-lurgence-clim-nupes-gauche-ps_tarn81\/#breadcrumb"},"inLanguage":"fr-FR","potentialAction":[{"@type":"ReadAction","target":["https:\/\/www.accidentdutravail-idf.net\/blog\/gauche-france-salle-comble-pour-la-conference-sur-lurgence-clim-nupes-gauche-ps_tarn81\/"]}]},{"@type":"ImageObject","inLanguage":"fr-FR","@id":"https:\/\/www.accidentdutravail-idf.net\/blog\/gauche-france-salle-comble-pour-la-conference-sur-lurgence-clim-nupes-gauche-ps_tarn81\/#primaryimage","url":"https:\/\/www.accidentdutravail-idf.net\/blog\/wp-content\/uploads\/2022\/11\/gauche-france-salle-comble-pour-la-conference-sur-lurgence-clim-nupes-gauche-ps_tarn81.jpg","contentUrl":"https:\/\/www.accidentdutravail-idf.net\/blog\/wp-content\/uploads\/2022\/11\/gauche-france-salle-comble-pour-la-conference-sur-lurgence-clim-nupes-gauche-ps_tarn81.jpg","width":576,"height":1024,"caption":"gauche france salle comble pour la conference sur lurgence clim nupes gauche ps tarn81"},{"@type":"BreadcrumbList","@id":"https:\/\/www.accidentdutravail-idf.net\/blog\/gauche-france-salle-comble-pour-la-conference-sur-lurgence-clim-nupes-gauche-ps_tarn81\/#breadcrumb","itemListElement":[{"@type":"ListItem","position":1,"name":"Accueil","item":"https:\/\/www.accidentdutravail-idf.net\/blog\/"},{"@type":"ListItem","position":2,"name":"Gauche France: Salle comble pour la conf\u00e9rence sur l\u2019urgence clim\u2026 #nupes #gauche @PS_Tarn81"}]},{"@type":"WebSite","@id":"https:\/\/www.accidentdutravail-idf.net\/blog\/#website","url":"https:\/\/www.accidentdutravail-idf.net\/blog\/","name":"ACCIDENTDUTRAVAIL-IDF","description":"Portail accidents du travail-maladies professionnelles des entreprises d&#039;Ile-de-France","publisher":{"@id":"https:\/\/www.accidentdutravail-idf.net\/blog\/#organization"},"potentialAction":[{"@type":"SearchAction","target":{"@type":"EntryPoint","urlTemplate":"https:\/\/www.accidentdutravail-idf.net\/blog\/?s={search_term_string}"},"query-input":{"@type":"PropertyValueSpecification","valueRequired":true,"valueName":"search_term_string"}}],"inLanguage":"fr-FR"},{"@type":"Organization","@id":"https:\/\/www.accidentdutravail-idf.net\/blog\/#organization","name":"accidentdutravail-idf","url":"https:\/\/www.accidentdutravail-idf.net\/blog\/","logo":{"@type":"ImageObject","inLanguage":"fr-FR","@id":"https:\/\/www.accidentdutravail-idf.net\/blog\/#\/schema\/logo\/image\/","url":"https:\/\/www.accidentdutravail-idf.net\/blog\/wp-content\/uploads\/2022\/09\/logo-2.png","contentUrl":"https:\/\/www.accidentdutravail-idf.net\/blog\/wp-content\/uploads\/2022\/09\/logo-2.png","width":380,"height":291,"caption":"accidentdutravail-idf"},"image":{"@id":"https:\/\/www.accidentdutravail-idf.net\/blog\/#\/schema\/logo\/image\/"}},{"@type":"Person","@id":"https:\/\/www.accidentdutravail-idf.net\/blog\/#\/schema\/person\/73aa09ba2db8f06bf1debf3a872bd6f9","name":"Roxane BARLER","image":{"@type":"ImageObject","inLanguage":"fr-FR","@id":"https:\/\/secure.gravatar.com\/avatar\/0167a3f2fdd1b1378a9aef148e68e7656ab41c7534176836deba3d1e5d6dc5df?s=96&d=mm&r=g","url":"https:\/\/secure.gravatar.com\/avatar\/0167a3f2fdd1b1378a9aef148e68e7656ab41c7534176836deba3d1e5d6dc5df?s=96&d=mm&r=g","contentUrl":"https:\/\/secure.gravatar.com\/avatar\/0167a3f2fdd1b1378a9aef148e68e7656ab41c7534176836deba3d1e5d6dc5df?s=96&d=mm&r=g","caption":"Roxane BARLER"},"url":"https:\/\/www.accidentdutravail-idf.net\/blog\/author\/idfroxane\/"}]}},"_links":{"self":[{"href":"https:\/\/www.accidentdutravail-idf.net\/blog\/wp-json\/wp\/v2\/posts\/225","targetHints":{"allow":["GET"]}}],"collection":[{"href":"https:\/\/www.accidentdutravail-idf.net\/blog\/wp-json\/wp\/v2\/posts"}],"about":[{"href":"https:\/\/www.accidentdutravail-idf.net\/blog\/wp-json\/wp\/v2\/types\/post"}],"author":[{"embeddable":true,"href":"https:\/\/www.accidentdutravail-idf.net\/blog\/wp-json\/wp\/v2\/users\/3"}],"replies":[{"embeddable":true,"href":"https:\/\/www.accidentdutravail-idf.net\/blog\/wp-json\/wp\/v2\/comments?post=225"}],"version-history":[{"count":0,"href":"https:\/\/www.accidentdutravail-idf.net\/blog\/wp-json\/wp\/v2\/posts\/225\/revisions"}],"wp:featuredmedia":[{"embeddable":true,"href":"https:\/\/www.accidentdutravail-idf.net\/blog\/wp-json\/wp\/v2\/media\/226"}],"wp:attachment":[{"href":"https:\/\/www.accidentdutravail-idf.net\/blog\/wp-json\/wp\/v2\/media?parent=225"}],"wp:term":[{"taxonomy":"category","embeddable":true,"href":"https:\/\/www.accidentdutravail-idf.net\/blog\/wp-json\/wp\/v2\/categories?post=225"},{"taxonomy":"post_tag","embeddable":true,"href":"https:\/\/www.accidentdutravail-idf.net\/blog\/wp-json\/wp\/v2\/tags?post=225"}],"curies":[{"name":"wp","href":"https:\/\/api.w.org\/{rel}","templated":true}]}}