{"id":217,"date":"2020-06-23T11:07:08","date_gmt":"2020-06-23T10:07:08","guid":{"rendered":"https:\/\/www.site.cdcl.xyz\/2020\/06\/23\/gauche-france-face-aux-enjeux-environnementaux-economiques-et-nupes-gauche-lagaucheunie\/"},"modified":"2020-06-23T11:07:08","modified_gmt":"2020-06-23T10:07:08","slug":"gauche-france-face-aux-enjeux-environnementaux-economiques-et-nupes-gauche-lagaucheunie","status":"publish","type":"post","link":"https:\/\/www.accidentdutravail-idf.net\/blog\/gauche-france-face-aux-enjeux-environnementaux-economiques-et-nupes-gauche-lagaucheunie\/","title":{"rendered":"Gauche France: \u00ab Face aux enjeux environnementaux, \u00e9conomiques et\u2026 #nupes #gauche @LaGaucheUnie"},"content":{"rendered":"<p>Dans le cadre de notre mission d\u2019information, nous publions ci-dessous un bref tweet vu sur Twitter aujourd\u2019hui.<\/p>\n<p> Annonc\u00e9 sous le nom \u00abC\u2019est la gauche unie avec Renaud Payre\u00bb, le compte twitter qui le publie est connu avec le pseudonyme @LaGaucheUnie.<\/p>\n<p>Nous vous rem\u00e9morons sa description:<br \/>:Compte officiel de @RenaudPayre, Candidat \u00e0 la Pr\u00e9sidence de la M\u00e9tropole de Lyon, t\u00eate de liste de #LaGaucheUnie<\/p>\n<p>Revoil\u00e0 \u00e9galement le lien sur sa page:<br \/>https:\/\/t.co\/meYyRnkrLO<\/p>\n<p>La date et l\u2019heure de parution est 2020-06-23 12:07:08.<\/p>\n<p>Texte dont il s\u2019agit : <\/p>\n<p><img decoding=\"async\" src=\"https:\/\/www.accidentdutravail-idf.net\/blog\/wp-content\/uploads\/2022\/11\/gauche-france-face-aux-enjeux-environnementaux-economiques-et-nupes-gauche-lagaucheunie.jpg\"><\/p>\n<p>\u00ab Face aux enjeux environnementaux, \u00e9conomiques et d\u00e9mocratiques, seule l\u2019alliance des \u00e9cologistes et de la gauche permettra de porter une m\u00e9tropole pour tous et avec tous \u00bb <\/p>\n<p>\u2013 @QuentinPicard, candidat sur la circonscription Lyon Est<\/p>\n<p>Dimanche, on vote ! <a rel=\"nofollow noopener\" target=\"_blank\" href=\"https:\/\/t.co\/0ggtB2lKtJ\">https:\/\/t.co\/0ggtB2lKtJ<\/a><\/p>\n<blockquote class=\"twitter-video\"><\/blockquote>\n<p>Ce tweet a r\u00e9ceptionn\u00e9 16 likes et a \u00e9t\u00e9 retwett\u00e9 6 fois, au moment o\u00f9 nous divulguons l\u2019info.<\/p>\n<p>Lien sur le tweet:https:\/\/twitter.com\/LaGaucheUnie\/statuses\/1275369792090918915<\/p>\n<p>Bibliographie :<\/p>\n<p>Les Insoumis, Tome 1 : R\u00e9bellion.,<a href=\"https:\/\/booknode.com\/les_insoumis_tome_1_rebellion_0741883\" target=\"_blank\" rel=\"noopener noreferrer nofollow\">Redirection vers la fiche de pr\u00e9sentation de ce livre<\/a><span><\/span>.<\/p>\n<p>Encyclop\u00e9die anarchiste\/Mutualisme \u2013 Mysticisme.,<a href=\"https:\/\/fr.wikisource.org\/wiki\/Encyclop%C3%A9die_anarchiste\/Mutualisme_-_Mysticisme\" target=\"_blank\" rel=\"noopener noreferrer nofollow\">Lien sur la description compl\u00e8te<\/a><span><\/span>. Ouvrage de r\u00e9f\u00e9rence.<\/p>\n","protected":false},"excerpt":{"rendered":"<p>Dans le cadre de notre mission d\u2019information, nous publions ci-dessous un bref tweet vu sur Twitter aujourd\u2019hui. Annonc\u00e9 sous le nom \u00abC\u2019est la gauche unie avec Renaud Payre\u00bb, le compte twitter qui le publie est connu avec le pseudonyme @LaGaucheUnie. Nous vous rem\u00e9morons sa description::Compte officiel de @RenaudPayre, Candidat \u00e0 la Pr\u00e9sidence de la M\u00e9tropole &hellip; <\/p>\n<p class=\"link-more\"><a href=\"https:\/\/www.accidentdutravail-idf.net\/blog\/gauche-france-face-aux-enjeux-environnementaux-economiques-et-nupes-gauche-lagaucheunie\/\" class=\"more-link\">Continuer la lecture <span class=\"screen-reader-text\"> \u00ab\u00a0Gauche France: \u00ab Face aux enjeux environnementaux, \u00e9conomiques et\u2026 #nupes #gauche @LaGaucheUnie\u00a0\u00bb<\/span><\/a><\/p>\n","protected":false},"author":3,"featured_media":218,"comment_status":"closed","ping_status":"closed","sticky":false,"template":"","format":"standard","meta":{"footnotes":""},"categories":[3],"tags":[],"class_list":["post-217","post","type-post","status-publish","format-standard","has-post-thumbnail","hentry","category-securite-du-travail-en-ile-de-france-communiques","entry"],"yoast_head":"<!-- This site is optimized with the Yoast SEO plugin v27.5 - https:\/\/yoast.com\/product\/yoast-seo-wordpress\/ -->\n<title>Gauche France: \u00ab Face aux enjeux environnementaux, \u00e9conomiques et\u2026 #nupes #gauche @LaGaucheUnie - ACCIDENTDUTRAVAIL-IDF<\/title>\n<meta name=\"description\" content=\"Gauche France: \u00ab Face aux enjeux environnementaux, \u00e9conomiques et\u2026 #nupes #gauche @LaGaucheUnie article de ACCIDENTDUTRAVAIL-IDF\" \/>\n<meta name=\"robots\" content=\"index, follow, max-snippet:-1, max-image-preview:large, max-video-preview:-1\" \/>\n<link rel=\"canonical\" href=\"https:\/\/www.accidentdutravail-idf.net\/blog\/gauche-france-face-aux-enjeux-environnementaux-economiques-et-nupes-gauche-lagaucheunie\/\" \/>\n<meta property=\"og:locale\" content=\"fr_FR\" \/>\n<meta property=\"og:type\" content=\"article\" \/>\n<meta property=\"og:title\" content=\"Gauche France: \u00ab Face aux enjeux environnementaux, \u00e9conomiques et\u2026 #nupes #gauche @LaGaucheUnie - ACCIDENTDUTRAVAIL-IDF\" \/>\n<meta property=\"og:description\" content=\"Gauche France: \u00ab Face aux enjeux environnementaux, \u00e9conomiques et\u2026 #nupes #gauche @LaGaucheUnie article de ACCIDENTDUTRAVAIL-IDF\" \/>\n<meta property=\"og:url\" content=\"https:\/\/www.accidentdutravail-idf.net\/blog\/gauche-france-face-aux-enjeux-environnementaux-economiques-et-nupes-gauche-lagaucheunie\/\" \/>\n<meta property=\"og:site_name\" content=\"ACCIDENTDUTRAVAIL-IDF\" \/>\n<meta property=\"article:published_time\" content=\"2020-06-23T10:07:08+00:00\" \/>\n<meta property=\"og:image\" content=\"https:\/\/www.accidentdutravail-idf.net\/blog\/wp-content\/uploads\/2022\/11\/gauche-france-face-aux-enjeux-environnementaux-economiques-et-nupes-gauche-lagaucheunie.jpg\" \/>\n<meta name=\"author\" content=\"Roxane BARLER\" \/>\n<meta name=\"twitter:card\" content=\"summary_large_image\" \/>\n<meta name=\"twitter:label1\" content=\"\u00c9crit par\" \/>\n\t<meta name=\"twitter:data1\" content=\"Roxane BARLER\" \/>\n\t<meta name=\"twitter:label2\" content=\"Dur\u00e9e de lecture estim\u00e9e\" \/>\n\t<meta name=\"twitter:data2\" content=\"1 minute\" \/>\n<script type=\"application\/ld+json\" class=\"yoast-schema-graph\">{\"@context\":\"https:\\\/\\\/schema.org\",\"@graph\":[{\"@type\":\"Article\",\"@id\":\"https:\\\/\\\/www.accidentdutravail-idf.net\\\/blog\\\/gauche-france-face-aux-enjeux-environnementaux-economiques-et-nupes-gauche-lagaucheunie\\\/#article\",\"isPartOf\":{\"@id\":\"https:\\\/\\\/www.accidentdutravail-idf.net\\\/blog\\\/gauche-france-face-aux-enjeux-environnementaux-economiques-et-nupes-gauche-lagaucheunie\\\/\"},\"author\":{\"name\":\"Roxane BARLER\",\"@id\":\"https:\\\/\\\/www.accidentdutravail-idf.net\\\/blog\\\/#\\\/schema\\\/person\\\/73aa09ba2db8f06bf1debf3a872bd6f9\"},\"headline\":\"Gauche France: \u00ab Face aux enjeux environnementaux, \u00e9conomiques et\u2026 #nupes #gauche @LaGaucheUnie\",\"datePublished\":\"2020-06-23T10:07:08+00:00\",\"mainEntityOfPage\":{\"@id\":\"https:\\\/\\\/www.accidentdutravail-idf.net\\\/blog\\\/gauche-france-face-aux-enjeux-environnementaux-economiques-et-nupes-gauche-lagaucheunie\\\/\"},\"wordCount\":208,\"publisher\":{\"@id\":\"https:\\\/\\\/www.accidentdutravail-idf.net\\\/blog\\\/#organization\"},\"image\":{\"@id\":\"https:\\\/\\\/www.accidentdutravail-idf.net\\\/blog\\\/gauche-france-face-aux-enjeux-environnementaux-economiques-et-nupes-gauche-lagaucheunie\\\/#primaryimage\"},\"thumbnailUrl\":\"https:\\\/\\\/www.accidentdutravail-idf.net\\\/blog\\\/wp-content\\\/uploads\\\/2022\\\/11\\\/gauche-france-face-aux-enjeux-environnementaux-economiques-et-nupes-gauche-lagaucheunie.jpg\",\"articleSection\":[\"S\u00e9curit\u00e9 Du Travail En Ile-De-France Communiqu\u00e9s:\"],\"inLanguage\":\"fr-FR\"},{\"@type\":\"WebPage\",\"@id\":\"https:\\\/\\\/www.accidentdutravail-idf.net\\\/blog\\\/gauche-france-face-aux-enjeux-environnementaux-economiques-et-nupes-gauche-lagaucheunie\\\/\",\"url\":\"https:\\\/\\\/www.accidentdutravail-idf.net\\\/blog\\\/gauche-france-face-aux-enjeux-environnementaux-economiques-et-nupes-gauche-lagaucheunie\\\/\",\"name\":\"Gauche France: \u00ab Face aux enjeux environnementaux, \u00e9conomiques et\u2026 #nupes #gauche @LaGaucheUnie - ACCIDENTDUTRAVAIL-IDF\",\"isPartOf\":{\"@id\":\"https:\\\/\\\/www.accidentdutravail-idf.net\\\/blog\\\/#website\"},\"primaryImageOfPage\":{\"@id\":\"https:\\\/\\\/www.accidentdutravail-idf.net\\\/blog\\\/gauche-france-face-aux-enjeux-environnementaux-economiques-et-nupes-gauche-lagaucheunie\\\/#primaryimage\"},\"image\":{\"@id\":\"https:\\\/\\\/www.accidentdutravail-idf.net\\\/blog\\\/gauche-france-face-aux-enjeux-environnementaux-economiques-et-nupes-gauche-lagaucheunie\\\/#primaryimage\"},\"thumbnailUrl\":\"https:\\\/\\\/www.accidentdutravail-idf.net\\\/blog\\\/wp-content\\\/uploads\\\/2022\\\/11\\\/gauche-france-face-aux-enjeux-environnementaux-economiques-et-nupes-gauche-lagaucheunie.jpg\",\"datePublished\":\"2020-06-23T10:07:08+00:00\",\"description\":\"Gauche France: \u00ab Face aux enjeux environnementaux, \u00e9conomiques et\u2026 #nupes #gauche @LaGaucheUnie article de ACCIDENTDUTRAVAIL-IDF\",\"breadcrumb\":{\"@id\":\"https:\\\/\\\/www.accidentdutravail-idf.net\\\/blog\\\/gauche-france-face-aux-enjeux-environnementaux-economiques-et-nupes-gauche-lagaucheunie\\\/#breadcrumb\"},\"inLanguage\":\"fr-FR\",\"potentialAction\":[{\"@type\":\"ReadAction\",\"target\":[\"https:\\\/\\\/www.accidentdutravail-idf.net\\\/blog\\\/gauche-france-face-aux-enjeux-environnementaux-economiques-et-nupes-gauche-lagaucheunie\\\/\"]}]},{\"@type\":\"ImageObject\",\"inLanguage\":\"fr-FR\",\"@id\":\"https:\\\/\\\/www.accidentdutravail-idf.net\\\/blog\\\/gauche-france-face-aux-enjeux-environnementaux-economiques-et-nupes-gauche-lagaucheunie\\\/#primaryimage\",\"url\":\"https:\\\/\\\/www.accidentdutravail-idf.net\\\/blog\\\/wp-content\\\/uploads\\\/2022\\\/11\\\/gauche-france-face-aux-enjeux-environnementaux-economiques-et-nupes-gauche-lagaucheunie.jpg\",\"contentUrl\":\"https:\\\/\\\/www.accidentdutravail-idf.net\\\/blog\\\/wp-content\\\/uploads\\\/2022\\\/11\\\/gauche-france-face-aux-enjeux-environnementaux-economiques-et-nupes-gauche-lagaucheunie.jpg\",\"width\":720,\"height\":720,\"caption\":\"gauche france face aux enjeux environnementaux economiques et nupes gauche lagaucheunie\"},{\"@type\":\"BreadcrumbList\",\"@id\":\"https:\\\/\\\/www.accidentdutravail-idf.net\\\/blog\\\/gauche-france-face-aux-enjeux-environnementaux-economiques-et-nupes-gauche-lagaucheunie\\\/#breadcrumb\",\"itemListElement\":[{\"@type\":\"ListItem\",\"position\":1,\"name\":\"Accueil\",\"item\":\"https:\\\/\\\/www.accidentdutravail-idf.net\\\/blog\\\/\"},{\"@type\":\"ListItem\",\"position\":2,\"name\":\"Gauche France: \u00ab Face aux enjeux environnementaux, \u00e9conomiques et\u2026 #nupes #gauche @LaGaucheUnie\"}]},{\"@type\":\"WebSite\",\"@id\":\"https:\\\/\\\/www.accidentdutravail-idf.net\\\/blog\\\/#website\",\"url\":\"https:\\\/\\\/www.accidentdutravail-idf.net\\\/blog\\\/\",\"name\":\"ACCIDENTDUTRAVAIL-IDF\",\"description\":\"Portail accidents du travail-maladies professionnelles des entreprises d&#039;Ile-de-France\",\"publisher\":{\"@id\":\"https:\\\/\\\/www.accidentdutravail-idf.net\\\/blog\\\/#organization\"},\"potentialAction\":[{\"@type\":\"SearchAction\",\"target\":{\"@type\":\"EntryPoint\",\"urlTemplate\":\"https:\\\/\\\/www.accidentdutravail-idf.net\\\/blog\\\/?s={search_term_string}\"},\"query-input\":{\"@type\":\"PropertyValueSpecification\",\"valueRequired\":true,\"valueName\":\"search_term_string\"}}],\"inLanguage\":\"fr-FR\"},{\"@type\":\"Organization\",\"@id\":\"https:\\\/\\\/www.accidentdutravail-idf.net\\\/blog\\\/#organization\",\"name\":\"accidentdutravail-idf\",\"url\":\"https:\\\/\\\/www.accidentdutravail-idf.net\\\/blog\\\/\",\"logo\":{\"@type\":\"ImageObject\",\"inLanguage\":\"fr-FR\",\"@id\":\"https:\\\/\\\/www.accidentdutravail-idf.net\\\/blog\\\/#\\\/schema\\\/logo\\\/image\\\/\",\"url\":\"https:\\\/\\\/www.accidentdutravail-idf.net\\\/blog\\\/wp-content\\\/uploads\\\/2022\\\/09\\\/logo-2.png\",\"contentUrl\":\"https:\\\/\\\/www.accidentdutravail-idf.net\\\/blog\\\/wp-content\\\/uploads\\\/2022\\\/09\\\/logo-2.png\",\"width\":380,\"height\":291,\"caption\":\"accidentdutravail-idf\"},\"image\":{\"@id\":\"https:\\\/\\\/www.accidentdutravail-idf.net\\\/blog\\\/#\\\/schema\\\/logo\\\/image\\\/\"}},{\"@type\":\"Person\",\"@id\":\"https:\\\/\\\/www.accidentdutravail-idf.net\\\/blog\\\/#\\\/schema\\\/person\\\/73aa09ba2db8f06bf1debf3a872bd6f9\",\"name\":\"Roxane BARLER\",\"image\":{\"@type\":\"ImageObject\",\"inLanguage\":\"fr-FR\",\"@id\":\"https:\\\/\\\/secure.gravatar.com\\\/avatar\\\/0167a3f2fdd1b1378a9aef148e68e7656ab41c7534176836deba3d1e5d6dc5df?s=96&d=mm&r=g\",\"url\":\"https:\\\/\\\/secure.gravatar.com\\\/avatar\\\/0167a3f2fdd1b1378a9aef148e68e7656ab41c7534176836deba3d1e5d6dc5df?s=96&d=mm&r=g\",\"contentUrl\":\"https:\\\/\\\/secure.gravatar.com\\\/avatar\\\/0167a3f2fdd1b1378a9aef148e68e7656ab41c7534176836deba3d1e5d6dc5df?s=96&d=mm&r=g\",\"caption\":\"Roxane BARLER\"},\"url\":\"https:\\\/\\\/www.accidentdutravail-idf.net\\\/blog\\\/author\\\/idfroxane\\\/\"}]}<\/script>\n<!-- \/ Yoast SEO plugin. -->","yoast_head_json":{"title":"Gauche France: \u00ab Face aux enjeux environnementaux, \u00e9conomiques et\u2026 #nupes #gauche @LaGaucheUnie - ACCIDENTDUTRAVAIL-IDF","description":"Gauche France: \u00ab Face aux enjeux environnementaux, \u00e9conomiques et\u2026 #nupes #gauche @LaGaucheUnie article de ACCIDENTDUTRAVAIL-IDF","robots":{"index":"index","follow":"follow","max-snippet":"max-snippet:-1","max-image-preview":"max-image-preview:large","max-video-preview":"max-video-preview:-1"},"canonical":"https:\/\/www.accidentdutravail-idf.net\/blog\/gauche-france-face-aux-enjeux-environnementaux-economiques-et-nupes-gauche-lagaucheunie\/","og_locale":"fr_FR","og_type":"article","og_title":"Gauche France: \u00ab Face aux enjeux environnementaux, \u00e9conomiques et\u2026 #nupes #gauche @LaGaucheUnie - ACCIDENTDUTRAVAIL-IDF","og_description":"Gauche France: \u00ab Face aux enjeux environnementaux, \u00e9conomiques et\u2026 #nupes #gauche @LaGaucheUnie article de ACCIDENTDUTRAVAIL-IDF","og_url":"https:\/\/www.accidentdutravail-idf.net\/blog\/gauche-france-face-aux-enjeux-environnementaux-economiques-et-nupes-gauche-lagaucheunie\/","og_site_name":"ACCIDENTDUTRAVAIL-IDF","article_published_time":"2020-06-23T10:07:08+00:00","og_image":[{"url":"https:\/\/www.accidentdutravail-idf.net\/blog\/wp-content\/uploads\/2022\/11\/gauche-france-face-aux-enjeux-environnementaux-economiques-et-nupes-gauche-lagaucheunie.jpg","type":"","width":"","height":""}],"author":"Roxane BARLER","twitter_card":"summary_large_image","twitter_misc":{"\u00c9crit par":"Roxane BARLER","Dur\u00e9e de lecture estim\u00e9e":"1 minute"},"schema":{"@context":"https:\/\/schema.org","@graph":[{"@type":"Article","@id":"https:\/\/www.accidentdutravail-idf.net\/blog\/gauche-france-face-aux-enjeux-environnementaux-economiques-et-nupes-gauche-lagaucheunie\/#article","isPartOf":{"@id":"https:\/\/www.accidentdutravail-idf.net\/blog\/gauche-france-face-aux-enjeux-environnementaux-economiques-et-nupes-gauche-lagaucheunie\/"},"author":{"name":"Roxane BARLER","@id":"https:\/\/www.accidentdutravail-idf.net\/blog\/#\/schema\/person\/73aa09ba2db8f06bf1debf3a872bd6f9"},"headline":"Gauche France: \u00ab Face aux enjeux environnementaux, \u00e9conomiques et\u2026 #nupes #gauche @LaGaucheUnie","datePublished":"2020-06-23T10:07:08+00:00","mainEntityOfPage":{"@id":"https:\/\/www.accidentdutravail-idf.net\/blog\/gauche-france-face-aux-enjeux-environnementaux-economiques-et-nupes-gauche-lagaucheunie\/"},"wordCount":208,"publisher":{"@id":"https:\/\/www.accidentdutravail-idf.net\/blog\/#organization"},"image":{"@id":"https:\/\/www.accidentdutravail-idf.net\/blog\/gauche-france-face-aux-enjeux-environnementaux-economiques-et-nupes-gauche-lagaucheunie\/#primaryimage"},"thumbnailUrl":"https:\/\/www.accidentdutravail-idf.net\/blog\/wp-content\/uploads\/2022\/11\/gauche-france-face-aux-enjeux-environnementaux-economiques-et-nupes-gauche-lagaucheunie.jpg","articleSection":["S\u00e9curit\u00e9 Du Travail En Ile-De-France Communiqu\u00e9s:"],"inLanguage":"fr-FR"},{"@type":"WebPage","@id":"https:\/\/www.accidentdutravail-idf.net\/blog\/gauche-france-face-aux-enjeux-environnementaux-economiques-et-nupes-gauche-lagaucheunie\/","url":"https:\/\/www.accidentdutravail-idf.net\/blog\/gauche-france-face-aux-enjeux-environnementaux-economiques-et-nupes-gauche-lagaucheunie\/","name":"Gauche France: \u00ab Face aux enjeux environnementaux, \u00e9conomiques et\u2026 #nupes #gauche @LaGaucheUnie - ACCIDENTDUTRAVAIL-IDF","isPartOf":{"@id":"https:\/\/www.accidentdutravail-idf.net\/blog\/#website"},"primaryImageOfPage":{"@id":"https:\/\/www.accidentdutravail-idf.net\/blog\/gauche-france-face-aux-enjeux-environnementaux-economiques-et-nupes-gauche-lagaucheunie\/#primaryimage"},"image":{"@id":"https:\/\/www.accidentdutravail-idf.net\/blog\/gauche-france-face-aux-enjeux-environnementaux-economiques-et-nupes-gauche-lagaucheunie\/#primaryimage"},"thumbnailUrl":"https:\/\/www.accidentdutravail-idf.net\/blog\/wp-content\/uploads\/2022\/11\/gauche-france-face-aux-enjeux-environnementaux-economiques-et-nupes-gauche-lagaucheunie.jpg","datePublished":"2020-06-23T10:07:08+00:00","description":"Gauche France: \u00ab Face aux enjeux environnementaux, \u00e9conomiques et\u2026 #nupes #gauche @LaGaucheUnie article de ACCIDENTDUTRAVAIL-IDF","breadcrumb":{"@id":"https:\/\/www.accidentdutravail-idf.net\/blog\/gauche-france-face-aux-enjeux-environnementaux-economiques-et-nupes-gauche-lagaucheunie\/#breadcrumb"},"inLanguage":"fr-FR","potentialAction":[{"@type":"ReadAction","target":["https:\/\/www.accidentdutravail-idf.net\/blog\/gauche-france-face-aux-enjeux-environnementaux-economiques-et-nupes-gauche-lagaucheunie\/"]}]},{"@type":"ImageObject","inLanguage":"fr-FR","@id":"https:\/\/www.accidentdutravail-idf.net\/blog\/gauche-france-face-aux-enjeux-environnementaux-economiques-et-nupes-gauche-lagaucheunie\/#primaryimage","url":"https:\/\/www.accidentdutravail-idf.net\/blog\/wp-content\/uploads\/2022\/11\/gauche-france-face-aux-enjeux-environnementaux-economiques-et-nupes-gauche-lagaucheunie.jpg","contentUrl":"https:\/\/www.accidentdutravail-idf.net\/blog\/wp-content\/uploads\/2022\/11\/gauche-france-face-aux-enjeux-environnementaux-economiques-et-nupes-gauche-lagaucheunie.jpg","width":720,"height":720,"caption":"gauche france face aux enjeux environnementaux economiques et nupes gauche lagaucheunie"},{"@type":"BreadcrumbList","@id":"https:\/\/www.accidentdutravail-idf.net\/blog\/gauche-france-face-aux-enjeux-environnementaux-economiques-et-nupes-gauche-lagaucheunie\/#breadcrumb","itemListElement":[{"@type":"ListItem","position":1,"name":"Accueil","item":"https:\/\/www.accidentdutravail-idf.net\/blog\/"},{"@type":"ListItem","position":2,"name":"Gauche France: \u00ab Face aux enjeux environnementaux, \u00e9conomiques et\u2026 #nupes #gauche @LaGaucheUnie"}]},{"@type":"WebSite","@id":"https:\/\/www.accidentdutravail-idf.net\/blog\/#website","url":"https:\/\/www.accidentdutravail-idf.net\/blog\/","name":"ACCIDENTDUTRAVAIL-IDF","description":"Portail accidents du travail-maladies professionnelles des entreprises d&#039;Ile-de-France","publisher":{"@id":"https:\/\/www.accidentdutravail-idf.net\/blog\/#organization"},"potentialAction":[{"@type":"SearchAction","target":{"@type":"EntryPoint","urlTemplate":"https:\/\/www.accidentdutravail-idf.net\/blog\/?s={search_term_string}"},"query-input":{"@type":"PropertyValueSpecification","valueRequired":true,"valueName":"search_term_string"}}],"inLanguage":"fr-FR"},{"@type":"Organization","@id":"https:\/\/www.accidentdutravail-idf.net\/blog\/#organization","name":"accidentdutravail-idf","url":"https:\/\/www.accidentdutravail-idf.net\/blog\/","logo":{"@type":"ImageObject","inLanguage":"fr-FR","@id":"https:\/\/www.accidentdutravail-idf.net\/blog\/#\/schema\/logo\/image\/","url":"https:\/\/www.accidentdutravail-idf.net\/blog\/wp-content\/uploads\/2022\/09\/logo-2.png","contentUrl":"https:\/\/www.accidentdutravail-idf.net\/blog\/wp-content\/uploads\/2022\/09\/logo-2.png","width":380,"height":291,"caption":"accidentdutravail-idf"},"image":{"@id":"https:\/\/www.accidentdutravail-idf.net\/blog\/#\/schema\/logo\/image\/"}},{"@type":"Person","@id":"https:\/\/www.accidentdutravail-idf.net\/blog\/#\/schema\/person\/73aa09ba2db8f06bf1debf3a872bd6f9","name":"Roxane BARLER","image":{"@type":"ImageObject","inLanguage":"fr-FR","@id":"https:\/\/secure.gravatar.com\/avatar\/0167a3f2fdd1b1378a9aef148e68e7656ab41c7534176836deba3d1e5d6dc5df?s=96&d=mm&r=g","url":"https:\/\/secure.gravatar.com\/avatar\/0167a3f2fdd1b1378a9aef148e68e7656ab41c7534176836deba3d1e5d6dc5df?s=96&d=mm&r=g","contentUrl":"https:\/\/secure.gravatar.com\/avatar\/0167a3f2fdd1b1378a9aef148e68e7656ab41c7534176836deba3d1e5d6dc5df?s=96&d=mm&r=g","caption":"Roxane BARLER"},"url":"https:\/\/www.accidentdutravail-idf.net\/blog\/author\/idfroxane\/"}]}},"_links":{"self":[{"href":"https:\/\/www.accidentdutravail-idf.net\/blog\/wp-json\/wp\/v2\/posts\/217","targetHints":{"allow":["GET"]}}],"collection":[{"href":"https:\/\/www.accidentdutravail-idf.net\/blog\/wp-json\/wp\/v2\/posts"}],"about":[{"href":"https:\/\/www.accidentdutravail-idf.net\/blog\/wp-json\/wp\/v2\/types\/post"}],"author":[{"embeddable":true,"href":"https:\/\/www.accidentdutravail-idf.net\/blog\/wp-json\/wp\/v2\/users\/3"}],"replies":[{"embeddable":true,"href":"https:\/\/www.accidentdutravail-idf.net\/blog\/wp-json\/wp\/v2\/comments?post=217"}],"version-history":[{"count":0,"href":"https:\/\/www.accidentdutravail-idf.net\/blog\/wp-json\/wp\/v2\/posts\/217\/revisions"}],"wp:featuredmedia":[{"embeddable":true,"href":"https:\/\/www.accidentdutravail-idf.net\/blog\/wp-json\/wp\/v2\/media\/218"}],"wp:attachment":[{"href":"https:\/\/www.accidentdutravail-idf.net\/blog\/wp-json\/wp\/v2\/media?parent=217"}],"wp:term":[{"taxonomy":"category","embeddable":true,"href":"https:\/\/www.accidentdutravail-idf.net\/blog\/wp-json\/wp\/v2\/categories?post=217"},{"taxonomy":"post_tag","embeddable":true,"href":"https:\/\/www.accidentdutravail-idf.net\/blog\/wp-json\/wp\/v2\/tags?post=217"}],"curies":[{"name":"wp","href":"https:\/\/api.w.org\/{rel}","templated":true}]}}