{"id":215,"date":"2020-08-12T14:15:16","date_gmt":"2020-08-12T13:15:16","guid":{"rendered":"https:\/\/www.site.cdcl.xyz\/2020\/08\/12\/gauche-france-avec-la-region-pour-developper-leconomie-sociale-nupes-gauche-gauche79\/"},"modified":"2020-08-12T14:15:16","modified_gmt":"2020-08-12T13:15:16","slug":"gauche-france-avec-la-region-pour-developper-leconomie-sociale-nupes-gauche-gauche79","status":"publish","type":"post","link":"https:\/\/www.accidentdutravail-idf.net\/blog\/gauche-france-avec-la-region-pour-developper-leconomie-sociale-nupes-gauche-gauche79\/","title":{"rendered":"Gauche France: Avec la R\u00e9gion pour d\u00e9velopper l\u2019Economie Sociale \u2026 #nupes #gauche @Gauche79"},"content":{"rendered":"<p>En visitant les derniers hashtags publi\u00e9s j\u2019ai remarqu\u00e9 un tweet discret qui va vous s\u00e9duire.<\/p>\n<p>L\u2019utilisateur twitter qui le publie est annonc\u00e9 sous le nom Gauche solidaire. Il<br \/>est connu sous le \u00ab&nbsp;nom twitter&nbsp;\u00bb @Gauche79.<\/p>\n<p>Nous vous rappelons sa pr\u00e9sentation:<br \/>:Groupe des \u00e9lus de Gauche du Conseil d\u00e9partemental des Deux-S\u00e8vres<\/p>\n<p>Voici aussi le lien de sa page:<br \/>https:\/\/t.co\/WCsiJ1VIww<\/p>\n<p>Texte en question : <\/p>\n<p>Avec la R\u00e9gion pour d\u00e9velopper l\u2019Economie Sociale et Solidaire en Deux-S\u00e8vres <a rel=\"nofollow noopener\" target=\"_blank\" href=\"https:\/\/t.co\/bjc8oWfkIa\">https:\/\/t.co\/bjc8oWfkIa<\/a> via @gauchecg79<\/p>\n<p>Ce tweet a \u00e9t\u00e9 lik\u00e9 9 fois et a \u00e9t\u00e9 retwett\u00e9 3 fois, \u00e0 la date o\u00f9 nous vous fournissons l\u2019information.<\/p>\n<p>Pour finir nous vous retournons les hashtags enregistr\u00e9s dans le tweet: #Avec #R\u00e9gion #pour #d\u00e9velopper #lEconomie #Sociale <\/p>\n<p>Lien sur le tweet:http:\/\/gauchesolidaire.fr\/avec-la-region-pour-developper-leconomie-sociale-et-solidaire-en-deux-sevres<\/p>\n<p>Ce th\u00e8me vous a int\u00e9ress\u00e9 vous adorerez tout autant ces ouvrages:<\/p>\n<p>Opinions sociales\/Conte pour commencer gaiement l\u2019ann\u00e9e.,<a href=\"https:\/\/fr.wikisource.org\/wiki\/Opinions_sociales\/Conte_pour_commencer_gaiement_l%E2%80%99ann%C3%A9e\" target=\"_blank\" rel=\"noopener noreferrer nofollow\">L\u2019ouvrage <\/a><span><\/span>. A emprunter en biblioth\u00e8que.<\/p>\n<p>La Papaut\u00e9, le Socialisme et la D\u00e9mocratie\/03.,<a href=\"https:\/\/fr.wikisource.org\/wiki\/La_Papaut%C3%A9,_le_Socialisme_et_la_D%C3%A9mocratie\/03\" target=\"_blank\" rel=\"noopener noreferrer nofollow\">Le livre <\/a><span><\/span>.<\/p>\n<p>Critique du socialisme et de l\u2019anarchie.,<a href=\"https:\/\/fr.wikisource.org\/wiki\/Critique_du_socialisme_et_de_l%E2%80%99anarchie\" target=\"_blank\" rel=\"noopener noreferrer nofollow\">Lien sur la fiche de pr\u00e9sentation de ce livre<\/a><span><\/span>. Disponible dans toutes les bonnes biblioth\u00e8ques de votre d\u00e9partement.<\/p>\n","protected":false},"excerpt":{"rendered":"<p>En visitant les derniers hashtags publi\u00e9s j\u2019ai remarqu\u00e9 un tweet discret qui va vous s\u00e9duire. L\u2019utilisateur twitter qui le publie est annonc\u00e9 sous le nom Gauche solidaire. Ilest connu sous le \u00ab&nbsp;nom twitter&nbsp;\u00bb @Gauche79. Nous vous rappelons sa pr\u00e9sentation::Groupe des \u00e9lus de Gauche du Conseil d\u00e9partemental des Deux-S\u00e8vres Voici aussi le lien de sa page:https:\/\/t.co\/WCsiJ1VIww &hellip; <\/p>\n<p class=\"link-more\"><a href=\"https:\/\/www.accidentdutravail-idf.net\/blog\/gauche-france-avec-la-region-pour-developper-leconomie-sociale-nupes-gauche-gauche79\/\" class=\"more-link\">Continuer la lecture <span class=\"screen-reader-text\"> \u00ab\u00a0Gauche France: Avec la R\u00e9gion pour d\u00e9velopper l\u2019Economie Sociale \u2026 #nupes #gauche @Gauche79\u00a0\u00bb<\/span><\/a><\/p>\n","protected":false},"author":3,"featured_media":216,"comment_status":"closed","ping_status":"closed","sticky":false,"template":"","format":"standard","meta":{"footnotes":""},"categories":[3],"tags":[],"class_list":["post-215","post","type-post","status-publish","format-standard","has-post-thumbnail","hentry","category-securite-du-travail-en-ile-de-france-communiques","entry"],"yoast_head":"<!-- This site is optimized with the Yoast SEO plugin v27.5 - https:\/\/yoast.com\/product\/yoast-seo-wordpress\/ -->\n<title>Gauche France: Avec la R\u00e9gion pour d\u00e9velopper l\u2019Economie Sociale \u2026 #nupes #gauche @Gauche79 - ACCIDENTDUTRAVAIL-IDF<\/title>\n<meta name=\"description\" content=\"Gauche France: Avec la R\u00e9gion pour d\u00e9velopper l\u2019Economie Sociale \u2026 #nupes #gauche @Gauche79 article de ACCIDENTDUTRAVAIL-IDF\" \/>\n<meta name=\"robots\" content=\"index, follow, max-snippet:-1, max-image-preview:large, max-video-preview:-1\" \/>\n<link rel=\"canonical\" href=\"https:\/\/www.accidentdutravail-idf.net\/blog\/gauche-france-avec-la-region-pour-developper-leconomie-sociale-nupes-gauche-gauche79\/\" \/>\n<meta property=\"og:locale\" content=\"fr_FR\" \/>\n<meta property=\"og:type\" content=\"article\" \/>\n<meta property=\"og:title\" content=\"Gauche France: Avec la R\u00e9gion pour d\u00e9velopper l\u2019Economie Sociale \u2026 #nupes #gauche @Gauche79 - ACCIDENTDUTRAVAIL-IDF\" \/>\n<meta property=\"og:description\" content=\"Gauche France: Avec la R\u00e9gion pour d\u00e9velopper l\u2019Economie Sociale \u2026 #nupes #gauche @Gauche79 article de ACCIDENTDUTRAVAIL-IDF\" \/>\n<meta property=\"og:url\" content=\"https:\/\/www.accidentdutravail-idf.net\/blog\/gauche-france-avec-la-region-pour-developper-leconomie-sociale-nupes-gauche-gauche79\/\" \/>\n<meta property=\"og:site_name\" content=\"ACCIDENTDUTRAVAIL-IDF\" \/>\n<meta property=\"article:published_time\" content=\"2020-08-12T13:15:16+00:00\" \/>\n<meta name=\"author\" content=\"Roxane BARLER\" \/>\n<meta name=\"twitter:card\" content=\"summary_large_image\" \/>\n<meta name=\"twitter:label1\" content=\"\u00c9crit par\" \/>\n\t<meta name=\"twitter:data1\" content=\"Roxane BARLER\" \/>\n\t<meta name=\"twitter:label2\" content=\"Dur\u00e9e de lecture estim\u00e9e\" \/>\n\t<meta name=\"twitter:data2\" content=\"1 minute\" \/>\n<script type=\"application\/ld+json\" class=\"yoast-schema-graph\">{\"@context\":\"https:\\\/\\\/schema.org\",\"@graph\":[{\"@type\":\"Article\",\"@id\":\"https:\\\/\\\/www.accidentdutravail-idf.net\\\/blog\\\/gauche-france-avec-la-region-pour-developper-leconomie-sociale-nupes-gauche-gauche79\\\/#article\",\"isPartOf\":{\"@id\":\"https:\\\/\\\/www.accidentdutravail-idf.net\\\/blog\\\/gauche-france-avec-la-region-pour-developper-leconomie-sociale-nupes-gauche-gauche79\\\/\"},\"author\":{\"name\":\"Roxane BARLER\",\"@id\":\"https:\\\/\\\/www.accidentdutravail-idf.net\\\/blog\\\/#\\\/schema\\\/person\\\/73aa09ba2db8f06bf1debf3a872bd6f9\"},\"headline\":\"Gauche France: Avec la R\u00e9gion pour d\u00e9velopper l\u2019Economie Sociale \u2026 #nupes #gauche @Gauche79\",\"datePublished\":\"2020-08-12T13:15:16+00:00\",\"mainEntityOfPage\":{\"@id\":\"https:\\\/\\\/www.accidentdutravail-idf.net\\\/blog\\\/gauche-france-avec-la-region-pour-developper-leconomie-sociale-nupes-gauche-gauche79\\\/\"},\"wordCount\":224,\"publisher\":{\"@id\":\"https:\\\/\\\/www.accidentdutravail-idf.net\\\/blog\\\/#organization\"},\"image\":{\"@id\":\"https:\\\/\\\/www.accidentdutravail-idf.net\\\/blog\\\/gauche-france-avec-la-region-pour-developper-leconomie-sociale-nupes-gauche-gauche79\\\/#primaryimage\"},\"thumbnailUrl\":\"https:\\\/\\\/www.accidentdutravail-idf.net\\\/blog\\\/wp-content\\\/uploads\\\/2022\\\/11\\\/gauche-france-avec-la-region-pour-developper-leconomie-sociale-nupes-gauche-gauche79.jpg\",\"articleSection\":[\"S\u00e9curit\u00e9 Du Travail En Ile-De-France Communiqu\u00e9s:\"],\"inLanguage\":\"fr-FR\"},{\"@type\":\"WebPage\",\"@id\":\"https:\\\/\\\/www.accidentdutravail-idf.net\\\/blog\\\/gauche-france-avec-la-region-pour-developper-leconomie-sociale-nupes-gauche-gauche79\\\/\",\"url\":\"https:\\\/\\\/www.accidentdutravail-idf.net\\\/blog\\\/gauche-france-avec-la-region-pour-developper-leconomie-sociale-nupes-gauche-gauche79\\\/\",\"name\":\"Gauche France: Avec la R\u00e9gion pour d\u00e9velopper l\u2019Economie Sociale \u2026 #nupes #gauche @Gauche79 - ACCIDENTDUTRAVAIL-IDF\",\"isPartOf\":{\"@id\":\"https:\\\/\\\/www.accidentdutravail-idf.net\\\/blog\\\/#website\"},\"primaryImageOfPage\":{\"@id\":\"https:\\\/\\\/www.accidentdutravail-idf.net\\\/blog\\\/gauche-france-avec-la-region-pour-developper-leconomie-sociale-nupes-gauche-gauche79\\\/#primaryimage\"},\"image\":{\"@id\":\"https:\\\/\\\/www.accidentdutravail-idf.net\\\/blog\\\/gauche-france-avec-la-region-pour-developper-leconomie-sociale-nupes-gauche-gauche79\\\/#primaryimage\"},\"thumbnailUrl\":\"https:\\\/\\\/www.accidentdutravail-idf.net\\\/blog\\\/wp-content\\\/uploads\\\/2022\\\/11\\\/gauche-france-avec-la-region-pour-developper-leconomie-sociale-nupes-gauche-gauche79.jpg\",\"datePublished\":\"2020-08-12T13:15:16+00:00\",\"description\":\"Gauche France: Avec la R\u00e9gion pour d\u00e9velopper l\u2019Economie Sociale \u2026 #nupes #gauche @Gauche79 article de ACCIDENTDUTRAVAIL-IDF\",\"breadcrumb\":{\"@id\":\"https:\\\/\\\/www.accidentdutravail-idf.net\\\/blog\\\/gauche-france-avec-la-region-pour-developper-leconomie-sociale-nupes-gauche-gauche79\\\/#breadcrumb\"},\"inLanguage\":\"fr-FR\",\"potentialAction\":[{\"@type\":\"ReadAction\",\"target\":[\"https:\\\/\\\/www.accidentdutravail-idf.net\\\/blog\\\/gauche-france-avec-la-region-pour-developper-leconomie-sociale-nupes-gauche-gauche79\\\/\"]}]},{\"@type\":\"ImageObject\",\"inLanguage\":\"fr-FR\",\"@id\":\"https:\\\/\\\/www.accidentdutravail-idf.net\\\/blog\\\/gauche-france-avec-la-region-pour-developper-leconomie-sociale-nupes-gauche-gauche79\\\/#primaryimage\",\"url\":\"https:\\\/\\\/www.accidentdutravail-idf.net\\\/blog\\\/wp-content\\\/uploads\\\/2022\\\/11\\\/gauche-france-avec-la-region-pour-developper-leconomie-sociale-nupes-gauche-gauche79.jpg\",\"contentUrl\":\"https:\\\/\\\/www.accidentdutravail-idf.net\\\/blog\\\/wp-content\\\/uploads\\\/2022\\\/11\\\/gauche-france-avec-la-region-pour-developper-leconomie-sociale-nupes-gauche-gauche79.jpg\",\"width\":800,\"height\":510,\"caption\":\"gauche france avec la region pour developper leconomie sociale nupes gauche gauche79\"},{\"@type\":\"BreadcrumbList\",\"@id\":\"https:\\\/\\\/www.accidentdutravail-idf.net\\\/blog\\\/gauche-france-avec-la-region-pour-developper-leconomie-sociale-nupes-gauche-gauche79\\\/#breadcrumb\",\"itemListElement\":[{\"@type\":\"ListItem\",\"position\":1,\"name\":\"Accueil\",\"item\":\"https:\\\/\\\/www.accidentdutravail-idf.net\\\/blog\\\/\"},{\"@type\":\"ListItem\",\"position\":2,\"name\":\"Gauche France: Avec la R\u00e9gion pour d\u00e9velopper l\u2019Economie Sociale \u2026 #nupes #gauche @Gauche79\"}]},{\"@type\":\"WebSite\",\"@id\":\"https:\\\/\\\/www.accidentdutravail-idf.net\\\/blog\\\/#website\",\"url\":\"https:\\\/\\\/www.accidentdutravail-idf.net\\\/blog\\\/\",\"name\":\"ACCIDENTDUTRAVAIL-IDF\",\"description\":\"Portail accidents du travail-maladies professionnelles des entreprises d&#039;Ile-de-France\",\"publisher\":{\"@id\":\"https:\\\/\\\/www.accidentdutravail-idf.net\\\/blog\\\/#organization\"},\"potentialAction\":[{\"@type\":\"SearchAction\",\"target\":{\"@type\":\"EntryPoint\",\"urlTemplate\":\"https:\\\/\\\/www.accidentdutravail-idf.net\\\/blog\\\/?s={search_term_string}\"},\"query-input\":{\"@type\":\"PropertyValueSpecification\",\"valueRequired\":true,\"valueName\":\"search_term_string\"}}],\"inLanguage\":\"fr-FR\"},{\"@type\":\"Organization\",\"@id\":\"https:\\\/\\\/www.accidentdutravail-idf.net\\\/blog\\\/#organization\",\"name\":\"accidentdutravail-idf\",\"url\":\"https:\\\/\\\/www.accidentdutravail-idf.net\\\/blog\\\/\",\"logo\":{\"@type\":\"ImageObject\",\"inLanguage\":\"fr-FR\",\"@id\":\"https:\\\/\\\/www.accidentdutravail-idf.net\\\/blog\\\/#\\\/schema\\\/logo\\\/image\\\/\",\"url\":\"https:\\\/\\\/www.accidentdutravail-idf.net\\\/blog\\\/wp-content\\\/uploads\\\/2022\\\/09\\\/logo-2.png\",\"contentUrl\":\"https:\\\/\\\/www.accidentdutravail-idf.net\\\/blog\\\/wp-content\\\/uploads\\\/2022\\\/09\\\/logo-2.png\",\"width\":380,\"height\":291,\"caption\":\"accidentdutravail-idf\"},\"image\":{\"@id\":\"https:\\\/\\\/www.accidentdutravail-idf.net\\\/blog\\\/#\\\/schema\\\/logo\\\/image\\\/\"}},{\"@type\":\"Person\",\"@id\":\"https:\\\/\\\/www.accidentdutravail-idf.net\\\/blog\\\/#\\\/schema\\\/person\\\/73aa09ba2db8f06bf1debf3a872bd6f9\",\"name\":\"Roxane BARLER\",\"image\":{\"@type\":\"ImageObject\",\"inLanguage\":\"fr-FR\",\"@id\":\"https:\\\/\\\/secure.gravatar.com\\\/avatar\\\/0167a3f2fdd1b1378a9aef148e68e7656ab41c7534176836deba3d1e5d6dc5df?s=96&d=mm&r=g\",\"url\":\"https:\\\/\\\/secure.gravatar.com\\\/avatar\\\/0167a3f2fdd1b1378a9aef148e68e7656ab41c7534176836deba3d1e5d6dc5df?s=96&d=mm&r=g\",\"contentUrl\":\"https:\\\/\\\/secure.gravatar.com\\\/avatar\\\/0167a3f2fdd1b1378a9aef148e68e7656ab41c7534176836deba3d1e5d6dc5df?s=96&d=mm&r=g\",\"caption\":\"Roxane BARLER\"},\"url\":\"https:\\\/\\\/www.accidentdutravail-idf.net\\\/blog\\\/author\\\/idfroxane\\\/\"}]}<\/script>\n<!-- \/ Yoast SEO plugin. -->","yoast_head_json":{"title":"Gauche France: Avec la R\u00e9gion pour d\u00e9velopper l\u2019Economie Sociale \u2026 #nupes #gauche @Gauche79 - ACCIDENTDUTRAVAIL-IDF","description":"Gauche France: Avec la R\u00e9gion pour d\u00e9velopper l\u2019Economie Sociale \u2026 #nupes #gauche @Gauche79 article de ACCIDENTDUTRAVAIL-IDF","robots":{"index":"index","follow":"follow","max-snippet":"max-snippet:-1","max-image-preview":"max-image-preview:large","max-video-preview":"max-video-preview:-1"},"canonical":"https:\/\/www.accidentdutravail-idf.net\/blog\/gauche-france-avec-la-region-pour-developper-leconomie-sociale-nupes-gauche-gauche79\/","og_locale":"fr_FR","og_type":"article","og_title":"Gauche France: Avec la R\u00e9gion pour d\u00e9velopper l\u2019Economie Sociale \u2026 #nupes #gauche @Gauche79 - ACCIDENTDUTRAVAIL-IDF","og_description":"Gauche France: Avec la R\u00e9gion pour d\u00e9velopper l\u2019Economie Sociale \u2026 #nupes #gauche @Gauche79 article de ACCIDENTDUTRAVAIL-IDF","og_url":"https:\/\/www.accidentdutravail-idf.net\/blog\/gauche-france-avec-la-region-pour-developper-leconomie-sociale-nupes-gauche-gauche79\/","og_site_name":"ACCIDENTDUTRAVAIL-IDF","article_published_time":"2020-08-12T13:15:16+00:00","author":"Roxane BARLER","twitter_card":"summary_large_image","twitter_misc":{"\u00c9crit par":"Roxane BARLER","Dur\u00e9e de lecture estim\u00e9e":"1 minute"},"schema":{"@context":"https:\/\/schema.org","@graph":[{"@type":"Article","@id":"https:\/\/www.accidentdutravail-idf.net\/blog\/gauche-france-avec-la-region-pour-developper-leconomie-sociale-nupes-gauche-gauche79\/#article","isPartOf":{"@id":"https:\/\/www.accidentdutravail-idf.net\/blog\/gauche-france-avec-la-region-pour-developper-leconomie-sociale-nupes-gauche-gauche79\/"},"author":{"name":"Roxane BARLER","@id":"https:\/\/www.accidentdutravail-idf.net\/blog\/#\/schema\/person\/73aa09ba2db8f06bf1debf3a872bd6f9"},"headline":"Gauche France: Avec la R\u00e9gion pour d\u00e9velopper l\u2019Economie Sociale \u2026 #nupes #gauche @Gauche79","datePublished":"2020-08-12T13:15:16+00:00","mainEntityOfPage":{"@id":"https:\/\/www.accidentdutravail-idf.net\/blog\/gauche-france-avec-la-region-pour-developper-leconomie-sociale-nupes-gauche-gauche79\/"},"wordCount":224,"publisher":{"@id":"https:\/\/www.accidentdutravail-idf.net\/blog\/#organization"},"image":{"@id":"https:\/\/www.accidentdutravail-idf.net\/blog\/gauche-france-avec-la-region-pour-developper-leconomie-sociale-nupes-gauche-gauche79\/#primaryimage"},"thumbnailUrl":"https:\/\/www.accidentdutravail-idf.net\/blog\/wp-content\/uploads\/2022\/11\/gauche-france-avec-la-region-pour-developper-leconomie-sociale-nupes-gauche-gauche79.jpg","articleSection":["S\u00e9curit\u00e9 Du Travail En Ile-De-France Communiqu\u00e9s:"],"inLanguage":"fr-FR"},{"@type":"WebPage","@id":"https:\/\/www.accidentdutravail-idf.net\/blog\/gauche-france-avec-la-region-pour-developper-leconomie-sociale-nupes-gauche-gauche79\/","url":"https:\/\/www.accidentdutravail-idf.net\/blog\/gauche-france-avec-la-region-pour-developper-leconomie-sociale-nupes-gauche-gauche79\/","name":"Gauche France: Avec la R\u00e9gion pour d\u00e9velopper l\u2019Economie Sociale \u2026 #nupes #gauche @Gauche79 - ACCIDENTDUTRAVAIL-IDF","isPartOf":{"@id":"https:\/\/www.accidentdutravail-idf.net\/blog\/#website"},"primaryImageOfPage":{"@id":"https:\/\/www.accidentdutravail-idf.net\/blog\/gauche-france-avec-la-region-pour-developper-leconomie-sociale-nupes-gauche-gauche79\/#primaryimage"},"image":{"@id":"https:\/\/www.accidentdutravail-idf.net\/blog\/gauche-france-avec-la-region-pour-developper-leconomie-sociale-nupes-gauche-gauche79\/#primaryimage"},"thumbnailUrl":"https:\/\/www.accidentdutravail-idf.net\/blog\/wp-content\/uploads\/2022\/11\/gauche-france-avec-la-region-pour-developper-leconomie-sociale-nupes-gauche-gauche79.jpg","datePublished":"2020-08-12T13:15:16+00:00","description":"Gauche France: Avec la R\u00e9gion pour d\u00e9velopper l\u2019Economie Sociale \u2026 #nupes #gauche @Gauche79 article de ACCIDENTDUTRAVAIL-IDF","breadcrumb":{"@id":"https:\/\/www.accidentdutravail-idf.net\/blog\/gauche-france-avec-la-region-pour-developper-leconomie-sociale-nupes-gauche-gauche79\/#breadcrumb"},"inLanguage":"fr-FR","potentialAction":[{"@type":"ReadAction","target":["https:\/\/www.accidentdutravail-idf.net\/blog\/gauche-france-avec-la-region-pour-developper-leconomie-sociale-nupes-gauche-gauche79\/"]}]},{"@type":"ImageObject","inLanguage":"fr-FR","@id":"https:\/\/www.accidentdutravail-idf.net\/blog\/gauche-france-avec-la-region-pour-developper-leconomie-sociale-nupes-gauche-gauche79\/#primaryimage","url":"https:\/\/www.accidentdutravail-idf.net\/blog\/wp-content\/uploads\/2022\/11\/gauche-france-avec-la-region-pour-developper-leconomie-sociale-nupes-gauche-gauche79.jpg","contentUrl":"https:\/\/www.accidentdutravail-idf.net\/blog\/wp-content\/uploads\/2022\/11\/gauche-france-avec-la-region-pour-developper-leconomie-sociale-nupes-gauche-gauche79.jpg","width":800,"height":510,"caption":"gauche france avec la region pour developper leconomie sociale nupes gauche gauche79"},{"@type":"BreadcrumbList","@id":"https:\/\/www.accidentdutravail-idf.net\/blog\/gauche-france-avec-la-region-pour-developper-leconomie-sociale-nupes-gauche-gauche79\/#breadcrumb","itemListElement":[{"@type":"ListItem","position":1,"name":"Accueil","item":"https:\/\/www.accidentdutravail-idf.net\/blog\/"},{"@type":"ListItem","position":2,"name":"Gauche France: Avec la R\u00e9gion pour d\u00e9velopper l\u2019Economie Sociale \u2026 #nupes #gauche @Gauche79"}]},{"@type":"WebSite","@id":"https:\/\/www.accidentdutravail-idf.net\/blog\/#website","url":"https:\/\/www.accidentdutravail-idf.net\/blog\/","name":"ACCIDENTDUTRAVAIL-IDF","description":"Portail accidents du travail-maladies professionnelles des entreprises d&#039;Ile-de-France","publisher":{"@id":"https:\/\/www.accidentdutravail-idf.net\/blog\/#organization"},"potentialAction":[{"@type":"SearchAction","target":{"@type":"EntryPoint","urlTemplate":"https:\/\/www.accidentdutravail-idf.net\/blog\/?s={search_term_string}"},"query-input":{"@type":"PropertyValueSpecification","valueRequired":true,"valueName":"search_term_string"}}],"inLanguage":"fr-FR"},{"@type":"Organization","@id":"https:\/\/www.accidentdutravail-idf.net\/blog\/#organization","name":"accidentdutravail-idf","url":"https:\/\/www.accidentdutravail-idf.net\/blog\/","logo":{"@type":"ImageObject","inLanguage":"fr-FR","@id":"https:\/\/www.accidentdutravail-idf.net\/blog\/#\/schema\/logo\/image\/","url":"https:\/\/www.accidentdutravail-idf.net\/blog\/wp-content\/uploads\/2022\/09\/logo-2.png","contentUrl":"https:\/\/www.accidentdutravail-idf.net\/blog\/wp-content\/uploads\/2022\/09\/logo-2.png","width":380,"height":291,"caption":"accidentdutravail-idf"},"image":{"@id":"https:\/\/www.accidentdutravail-idf.net\/blog\/#\/schema\/logo\/image\/"}},{"@type":"Person","@id":"https:\/\/www.accidentdutravail-idf.net\/blog\/#\/schema\/person\/73aa09ba2db8f06bf1debf3a872bd6f9","name":"Roxane BARLER","image":{"@type":"ImageObject","inLanguage":"fr-FR","@id":"https:\/\/secure.gravatar.com\/avatar\/0167a3f2fdd1b1378a9aef148e68e7656ab41c7534176836deba3d1e5d6dc5df?s=96&d=mm&r=g","url":"https:\/\/secure.gravatar.com\/avatar\/0167a3f2fdd1b1378a9aef148e68e7656ab41c7534176836deba3d1e5d6dc5df?s=96&d=mm&r=g","contentUrl":"https:\/\/secure.gravatar.com\/avatar\/0167a3f2fdd1b1378a9aef148e68e7656ab41c7534176836deba3d1e5d6dc5df?s=96&d=mm&r=g","caption":"Roxane BARLER"},"url":"https:\/\/www.accidentdutravail-idf.net\/blog\/author\/idfroxane\/"}]}},"_links":{"self":[{"href":"https:\/\/www.accidentdutravail-idf.net\/blog\/wp-json\/wp\/v2\/posts\/215","targetHints":{"allow":["GET"]}}],"collection":[{"href":"https:\/\/www.accidentdutravail-idf.net\/blog\/wp-json\/wp\/v2\/posts"}],"about":[{"href":"https:\/\/www.accidentdutravail-idf.net\/blog\/wp-json\/wp\/v2\/types\/post"}],"author":[{"embeddable":true,"href":"https:\/\/www.accidentdutravail-idf.net\/blog\/wp-json\/wp\/v2\/users\/3"}],"replies":[{"embeddable":true,"href":"https:\/\/www.accidentdutravail-idf.net\/blog\/wp-json\/wp\/v2\/comments?post=215"}],"version-history":[{"count":0,"href":"https:\/\/www.accidentdutravail-idf.net\/blog\/wp-json\/wp\/v2\/posts\/215\/revisions"}],"wp:featuredmedia":[{"embeddable":true,"href":"https:\/\/www.accidentdutravail-idf.net\/blog\/wp-json\/wp\/v2\/media\/216"}],"wp:attachment":[{"href":"https:\/\/www.accidentdutravail-idf.net\/blog\/wp-json\/wp\/v2\/media?parent=215"}],"wp:term":[{"taxonomy":"category","embeddable":true,"href":"https:\/\/www.accidentdutravail-idf.net\/blog\/wp-json\/wp\/v2\/categories?post=215"},{"taxonomy":"post_tag","embeddable":true,"href":"https:\/\/www.accidentdutravail-idf.net\/blog\/wp-json\/wp\/v2\/tags?post=215"}],"curies":[{"name":"wp","href":"https:\/\/api.w.org\/{rel}","templated":true}]}}