{"id":2141,"date":"2026-02-04T09:31:00","date_gmt":"2026-02-04T08:31:00","guid":{"rendered":"https:\/\/www.accidentdutravail-idf.net\/blog\/double-peine-12-ans-apres-une-amputation-suite-a-un-accident-du-travail-la-justice-rejette-sa-demande-dindemnisation-integrale\/"},"modified":"2026-02-04T09:31:00","modified_gmt":"2026-02-04T08:31:00","slug":"double-peine-12-ans-apres-une-amputation-suite-a-un-accident-du-travail-la-justice-rejette-sa-demande-dindemnisation-integrale","status":"publish","type":"post","link":"https:\/\/www.accidentdutravail-idf.net\/blog\/double-peine-12-ans-apres-une-amputation-suite-a-un-accident-du-travail-la-justice-rejette-sa-demande-dindemnisation-integrale\/","title":{"rendered":"\u00ab\u00a0Double peine\u00a0\u00bb : 12 ans apr\u00e8s une amputation suite \u00e0 un accident du travail, la justice rejette sa demande d\u2019indemnisation int\u00e9grale"},"content":{"rendered":"<div><img decoding=\"async\" src=\"https:\/\/www.accidentdutravail-idf.net\/blog\/wp-content\/uploads\/2026\/02\/double-peine-12-ans-apres-une-amputation-suite-a-un-accident-du-travail-la-justice-rejette-sa-demande-dindemnisation-integrale.jpg\" class=\"ff-og-image-inserted\"><\/div>\n<p> <span class=\"article-full__chapo-label hide-on-small-only\">l&rsquo;essentiel<\/span> Douze ans apr\u00e8s un accident du travail ayant co\u00fbt\u00e9 un doigt \u00e0 un salari\u00e9 dans le Gers, la cour d\u2019appel a rejet\u00e9 sa demande d\u2019indemnisation compl\u00e9mentaire pour prescription d\u00e9pass\u00e9e, malgr\u00e9 la faute de l\u2019employeur reconnue. L\u2019ouvrier se sent l\u00e9s\u00e9. T\u00e9moignage. <\/p>\n<div data-state=\"fixed-height\" data-selection=\"disabled\"> <!-- Pub DFP Position [outstream] --> <\/p>\n<p>En juillet&nbsp;2014, Adam* travaillait dans une entreprise gersoise \u00e0 Mauvezin lorsqu\u2019il&nbsp;a perdu un doigt dans un accident du travail. Douze ans plus tard et&nbsp;apr\u00e8s une longue bataille judiciaire, la cour d\u2019appel a rejet\u00e9 sa demande.<\/p>\n<p><!-- Pub DFP Position [article] --> <\/p>\n<p>Celle-ci tendait \u00e0 la reconnaissance de la \u00ab\u00a0faute inexcusable\u00a0\u00bb de son employeur. Une d\u00e9marche visant \u00e0 obtenir la r\u00e9paration int\u00e9grale de son pr\u00e9judice.<\/p>\n<p>Une d\u00e9cision que le Gersois vit comme une injustice. Il se trouve aujourd\u2019hui marqu\u00e9 autant physiquement que&nbsp;psychologiquement.<\/p>\n<p class=\"std-elt__inline\"> <strong>\u00c0 lire aussi :<\/strong> <a href=\"https:\/\/www.ladepeche.fr\/2021\/01\/22\/gers-louvrier-qui-avait-eu-le-doigt-broye-lors-dun-accident-du-travail-obtient-gain-de-cause-devant-la-justice-9327826.php\" target=\"_blank\" rel=\"nofollow\">Gers : l&rsquo;ouvrier qui avait eu le doigt broy\u00e9 lors d&rsquo;un accident du travail obtient gain de cause devant la justice<\/a> <\/p>\n<p>\u00ab\u00a0La machine n\u2019\u00e9tait pas s\u00e9curis\u00e9e, il n\u2019y avait pas de protection, pas de formation. Les gendarmes l\u2019ont constat\u00e9 d\u00e8s le d\u00e9but\u00a0\u00bb, rappelle Adam. \u00c0 l\u2019\u00e9poque, il travaillait comme op\u00e9rateur polyvalent. Ce jour-l\u00e0, il utilisait une machine \u00e0 scier le bois. \u00ab\u00a0Le disque&nbsp;que le chef d\u2019atelier a pos\u00e9 n\u2019\u00e9tait pas adapt\u00e9 \u00e0 la machine.&nbsp;Et en coupant, ma&nbsp;main a \u00e9t\u00e9 entra\u00een\u00e9e\u00a0\u00bb.<\/p>\n<p>Ironie du sort&nbsp;: il venait de passer un entretien afin de&nbsp;devenir chef d\u2019atelier. \u00ab\u00a0Un quart d\u2019heure apr\u00e8s l\u2019entretien, j\u2019\u00e9tais amput\u00e9\u00a0\u00bb, raconte-t-il.<\/p>\n<p>Une plainte est d\u00e9pos\u00e9e, une enqu\u00eate est ouverte et ses coll\u00e8gues sont auditionn\u00e9s. En attendant, il doit subir plusieurs op\u00e9rations.<\/p>\n<p>Mais la proc\u00e9dure s\u2019enlise. \u00ab\u00a0\u00c0 chaque convocation, le directeur ne venait pas. Il envoyait des certificats m\u00e9dicaux. \u00c7a a dur\u00e9 des ann\u00e9es. Moi, j\u2019attendais. J\u2019\u00e9tais la victime, et je ne pouvais rien faire\u00a0\u00bb, se rappelle Adam.<\/p>\n<h2 class=\"txt-int\">Pas d\u2019indemnisation compl\u00e9mentaire<\/h2>\n<p>Il faut attendre 2021 pour que la justice reconnaisse&nbsp;finalement la responsabilit\u00e9 de la soci\u00e9t\u00e9 pour manquement \u00e0 ses obligations de s\u00e9curit\u00e9. Elle est condamn\u00e9e \u00e0 une amende de 20&nbsp;000&nbsp;\u20ac, dont 10&nbsp;000&nbsp;\u20ac avec sursis simple. Elle a \u00e9galement d\u00fb verser 1&nbsp;000&nbsp;\u20ac \u00e0 l\u2019ancien ouvrier. L\u2019action civile de ce dernier est, elle, avait \u00e9t\u00e9 jug\u00e9e recevable.<\/p>\n<p>Mais lorsqu\u2019Adam tente d\u2019obtenir une indemnisation compl\u00e9mentaire (souffrances endur\u00e9es, pr\u00e9judice moral,&nbsp;etc.) et une majoration des rentes (indemnit\u00e9s) aupr\u00e8s de la CPAM pour \u00ab\u00a0faute inexcusable\u00a0\u00bb de l\u2019employeur, la r\u00e9ponse tombe&nbsp;: il est trop tard. Le d\u00e9lai l\u00e9gal de deux ans pour agir est d\u00e9pass\u00e9.<\/p>\n<p class=\"std-elt__inline\"> <strong>\u00c0 lire aussi :<\/strong> <a href=\"https:\/\/www.ladepeche.fr\/2025\/12\/17\/accident-du-travail-ecrase-par-un-engin-de-chantier-un-ouvrier-de-35-ans-entre-la-vie-et-la-mort-13116510.php\" target=\"_blank\" rel=\"nofollow\">Accident du travail&nbsp;: \u00e9cras\u00e9 par un engin de chantier, un ouvrier de 35&nbsp;ans entre la vie et la mort<\/a> <\/p>\n<p>\u00ab\u00a0On m\u2019explique que j\u2019aurais d\u00fb demander r\u00e9paration avant, alors m\u00eame qu\u2019il n\u2019y avait pas encore de jugement. Pour moi, tant que la justice n\u2019avait pas statu\u00e9, je ne pouvais rien demander. C\u2019est un pi\u00e8ge pour les ouvriers\u00a0\u00bb, d\u00e9nonce-t-il. Il argumente \u00e9galement que l\u2019action ne pouvait \u00eatre prescrite entre&nbsp;2014 et&nbsp;2018 tant il \u00e9tait dans \u00ab\u00a0l\u2019impossibilit\u00e9 d\u2019agir\u00a0\u00bb.<\/p>\n<p>Rien y fait, la cour d\u2019appel confirme&nbsp;: la prescription \u00e9tait acquise depuis 2018. En effet, les textes estiment que le d\u00e9lai l\u00e9gal de deux ans pour agir avait expir\u00e9 (\u00e0 compter de l\u2019accident ou de la fin du r\u00e8glement des indemnit\u00e9s journali\u00e8res si la victime en a per\u00e7ues).&nbsp;Ce, ind\u00e9pendamment de la dur\u00e9e de l\u2019enqu\u00eate p\u00e9nale.<\/p>\n<h2 class=\"txt-int\">Une d\u00e9cision v\u00e9cue comme une injustice<\/h2>\n<p>Une d\u00e9cision que Ma\u00eetre Olivier Bonhoure, qui a&nbsp;d\u00e9fendu Adam&nbsp;devant la Cour d\u2019appel, juge d\u00e9connect\u00e9e de la r\u00e9alit\u00e9 v\u00e9cue par les victimes.<\/p>\n<p>\u00ab\u00a0On exige d\u2019un salari\u00e9 qu\u2019il engage une action dans un d\u00e9lai strict, alors m\u00eame qu\u2019il n\u2019a pas acc\u00e8s aux \u00e9l\u00e9ments n\u00e9cessaires pour prouver la faute de son employeur. Tant que l\u2019enqu\u00eate p\u00e9nale est en cours, la victime ne dispose pas du dossier. Comment agir sans disposer des preuves&nbsp;?\u00a0\u00bb, explique l\u2019avocat.<\/p>\n<p>Une application des textes trop rigoureuse selon Me Bonhoure qui conduit \u00e0 une situation paradoxale&nbsp;: la faute p\u00e9nale est reconnue mais le pr\u00e9judice ne peut \u00eatre int\u00e9gralement r\u00e9par\u00e9 par le juge civil.<\/p>\n<p>Ma\u00eetre Bonhoure explique&nbsp;: \u00ab\u00a0L\u2019enqu\u00eate p\u00e9nale a dur\u00e9 plusieurs ann\u00e9es. Lorsque la victime a enfin eu acc\u00e8s aux \u00e9l\u00e9ments, il \u00e9tait d\u00e9j\u00e0 trop tard au regard de la position adopt\u00e9e par la Cour d\u2019appel. On aboutit \u00e0 une solution qui repose sur une interpr\u00e9tation exag\u00e9r\u00e9ment stricte de la loi, qui est humainement et socialement injuste.\u00a0\u00bb<\/p>\n<p>Devant la Cour, l\u2019avocat avait d\u2019ailleurs rappel\u00e9 ce principe selon lequel \u00ab\u00a0la prescription ne court pas contre celui qui est emp\u00each\u00e9 d\u2019agir\u00a0\u00bb mais il n\u2019a pas \u00e9t\u00e9 entendu.<\/p>\n<p class=\"std-elt__inline\"> <strong>\u00c0 lire aussi :<\/strong> <a href=\"https:\/\/www.ladepeche.fr\/2025\/09\/19\/mise-en-cause-suite-au-grave-accident-du-travail-dun-employe-a-albi-une-entreprise-aveyronnaise-finalement-relaxee-12938842.php\" target=\"_blank\" rel=\"nofollow\">Mise en cause suite au grave accident du travail d\u2019un employ\u00e9 \u00e0 Albi, une entreprise aveyronnaise finalement relax\u00e9e<\/a> <\/p>\n<p>Au-del\u00e0 du droit, Adam d\u00e9crit les cons\u00e9quences humaines et psychologiques qui le touchent directement. \u00ab\u00a0J\u2019ai subi sept ou huit op\u00e9rations. Mais le plus dur ce sont les d\u00e9g\u00e2ts dans ma vie, dans mon couple, dans ma t\u00eate. On ne se sent plus rien. On se sent abandonn\u00e9\u00a0\u00bb&nbsp;t\u00e9moigne-t-il.<\/p>\n<p>Ing\u00e9nieur de formation, contraint \u00e0 des petits boulots en&nbsp;manutention faute de reconnaissance de dipl\u00f4me, il dit avoir tout donn\u00e9 \u00e0 son travail. \u00ab\u00a0Et au final, on vous explique que vous ne valez rien.\u00a0\u00bb<\/p>\n<p>Se sentant l\u00e9s\u00e9 par une situation qu\u2019il qualifie de \u00ab\u00a0double peine\u00a0\u00bb, il affirme pourtant ne pas vouloir renoncer. \u00ab\u00a0Je vais aller en cassation. M\u00eame si j\u2019ai peur. Mais je veux que \u00e7a se sache. Il y a des trous dans la loi&nbsp;et ce sont toujours les m\u00eames qui tombent dedans.\u00a0\u00bb<\/p>\n<p>Aujourd\u2019hui, il esp\u00e8re que son histoire permettra de r\u00e9v\u00e9ler \u00ab\u00a0la r\u00e9alit\u00e9 des accidents du travail et du silence qui les entoure.\u00a0\u00bb<\/p>\n<footer class=\"txt-note\">*Pr\u00e9nom d\u2019emprunt<\/footer>\n<\/p><\/div>\n<p>accidentdutravail-idf.net vous a pr\u00e9par\u00e9 ce post qui informe du sujet \u00ab\u00a0Association Sportive Huisson-Longueville Essonne\u00a0\u00bb. La chronique se veut g\u00e9n\u00e9r\u00e9e du mieux possible. Vous pouvez utiliser les coordonn\u00e9es indiqu\u00e9es sur le site dans le but d\u2019apporter des explications sur ce post qui parle du th\u00e8me \u00ab\u00a0Association Sportive Huisson-Longueville Essonne\u00a0\u00bb. Le site accidentdutravail-idf.net a pour but de fournir diverses publications sur la th\u00e9matique Association Sportive Huisson-Longueville Essonne diffus\u00e9es sur le net. Il y aura plusieurs articles autour du sujet \u00ab\u00a0Association Sportive Huisson-Longueville Essonne\u00a0\u00bb dans quelques jours, nous vous invitons \u00e0 naviguer sur notre site web \u00e0 plusieurs reprises.<\/p>\n","protected":false},"excerpt":{"rendered":"<p>l&rsquo;essentiel Douze ans apr\u00e8s un accident du travail ayant co\u00fbt\u00e9 un doigt \u00e0 un salari\u00e9 dans le Gers, la cour d\u2019appel a rejet\u00e9 sa demande d\u2019indemnisation compl\u00e9mentaire pour prescription d\u00e9pass\u00e9e, malgr\u00e9 la faute de l\u2019employeur reconnue. L\u2019ouvrier se sent l\u00e9s\u00e9. T\u00e9moignage. En juillet&nbsp;2014, Adam* travaillait dans une entreprise gersoise \u00e0 Mauvezin lorsqu\u2019il&nbsp;a perdu un doigt &hellip; <\/p>\n<p class=\"link-more\"><a href=\"https:\/\/www.accidentdutravail-idf.net\/blog\/double-peine-12-ans-apres-une-amputation-suite-a-un-accident-du-travail-la-justice-rejette-sa-demande-dindemnisation-integrale\/\" class=\"more-link\">Continuer la lecture <span class=\"screen-reader-text\"> \u00ab\u00a0\u00ab\u00a0Double peine\u00a0\u00bb : 12 ans apr\u00e8s une amputation suite \u00e0 un accident du travail, la justice rejette sa demande d\u2019indemnisation int\u00e9grale\u00a0\u00bb<\/span><\/a><\/p>\n","protected":false},"author":2,"featured_media":0,"comment_status":"closed","ping_status":"closed","sticky":false,"template":"","format":"standard","meta":{"footnotes":""},"categories":[5],"tags":[],"class_list":["post-2141","post","type-post","status-publish","format-standard","hentry","category-securite-du-travail-en-ile-de-france-et-divers","entry"],"yoast_head":"<!-- This site is optimized with the Yoast SEO plugin v27.5 - https:\/\/yoast.com\/product\/yoast-seo-wordpress\/ -->\n<title>&quot;Double peine&quot; : 12 ans apr\u00e8s une amputation suite \u00e0 un accident du travail, la justice rejette sa demande d\u2019indemnisation int\u00e9grale - ACCIDENTDUTRAVAIL-IDF<\/title>\n<meta name=\"description\" content=\"&quot;Double peine&quot; : 12 ans apr\u00e8s une amputation suite \u00e0 un accident du travail, la justice rejette sa demande d\u2019indemnisation int\u00e9grale article de ACCIDENTDUTRAVAIL-IDF\" \/>\n<meta name=\"robots\" content=\"index, follow, max-snippet:-1, max-image-preview:large, max-video-preview:-1\" \/>\n<link rel=\"canonical\" href=\"https:\/\/www.accidentdutravail-idf.net\/blog\/double-peine-12-ans-apres-une-amputation-suite-a-un-accident-du-travail-la-justice-rejette-sa-demande-dindemnisation-integrale\/\" \/>\n<meta property=\"og:locale\" content=\"fr_FR\" \/>\n<meta property=\"og:type\" content=\"article\" \/>\n<meta property=\"og:title\" content=\"&quot;Double peine&quot; : 12 ans apr\u00e8s une amputation suite \u00e0 un accident du travail, la justice rejette sa demande d\u2019indemnisation int\u00e9grale - ACCIDENTDUTRAVAIL-IDF\" \/>\n<meta property=\"og:description\" content=\"&quot;Double peine&quot; : 12 ans apr\u00e8s une amputation suite \u00e0 un accident du travail, la justice rejette sa demande d\u2019indemnisation int\u00e9grale article de ACCIDENTDUTRAVAIL-IDF\" \/>\n<meta property=\"og:url\" content=\"https:\/\/www.accidentdutravail-idf.net\/blog\/double-peine-12-ans-apres-une-amputation-suite-a-un-accident-du-travail-la-justice-rejette-sa-demande-dindemnisation-integrale\/\" \/>\n<meta property=\"og:site_name\" content=\"ACCIDENTDUTRAVAIL-IDF\" \/>\n<meta property=\"article:published_time\" content=\"2026-02-04T08:31:00+00:00\" \/>\n<meta property=\"og:image\" content=\"https:\/\/www.accidentdutravail-idf.net\/blog\/wp-content\/uploads\/2026\/02\/double-peine-12-ans-apres-une-amputation-suite-a-un-accident-du-travail-la-justice-rejette-sa-demande-dindemnisation-integrale.jpg\" \/>\n<meta name=\"author\" content=\"Carlos Poulain\" \/>\n<meta name=\"twitter:card\" content=\"summary_large_image\" \/>\n<meta name=\"twitter:label1\" content=\"\u00c9crit par\" \/>\n\t<meta name=\"twitter:data1\" content=\"Carlos Poulain\" \/>\n\t<meta name=\"twitter:label2\" content=\"Dur\u00e9e de lecture estim\u00e9e\" \/>\n\t<meta name=\"twitter:data2\" content=\"6 minutes\" \/>\n<script type=\"application\/ld+json\" class=\"yoast-schema-graph\">{\"@context\":\"https:\\\/\\\/schema.org\",\"@graph\":[{\"@type\":\"Article\",\"@id\":\"https:\\\/\\\/www.accidentdutravail-idf.net\\\/blog\\\/double-peine-12-ans-apres-une-amputation-suite-a-un-accident-du-travail-la-justice-rejette-sa-demande-dindemnisation-integrale\\\/#article\",\"isPartOf\":{\"@id\":\"https:\\\/\\\/www.accidentdutravail-idf.net\\\/blog\\\/double-peine-12-ans-apres-une-amputation-suite-a-un-accident-du-travail-la-justice-rejette-sa-demande-dindemnisation-integrale\\\/\"},\"author\":{\"name\":\"Carlos Poulain\",\"@id\":\"https:\\\/\\\/www.accidentdutravail-idf.net\\\/blog\\\/#\\\/schema\\\/person\\\/3255d2f970de45e64bd9201f38e7b947\"},\"headline\":\"\u00ab\u00a0Double peine\u00a0\u00bb : 12 ans apr\u00e8s une amputation suite \u00e0 un accident du travail, la justice rejette sa demande d\u2019indemnisation int\u00e9grale\",\"datePublished\":\"2026-02-04T08:31:00+00:00\",\"mainEntityOfPage\":{\"@id\":\"https:\\\/\\\/www.accidentdutravail-idf.net\\\/blog\\\/double-peine-12-ans-apres-une-amputation-suite-a-un-accident-du-travail-la-justice-rejette-sa-demande-dindemnisation-integrale\\\/\"},\"wordCount\":1186,\"publisher\":{\"@id\":\"https:\\\/\\\/www.accidentdutravail-idf.net\\\/blog\\\/#organization\"},\"image\":{\"@id\":\"https:\\\/\\\/www.accidentdutravail-idf.net\\\/blog\\\/double-peine-12-ans-apres-une-amputation-suite-a-un-accident-du-travail-la-justice-rejette-sa-demande-dindemnisation-integrale\\\/#primaryimage\"},\"thumbnailUrl\":\"https:\\\/\\\/www.accidentdutravail-idf.net\\\/blog\\\/wp-content\\\/uploads\\\/2026\\\/02\\\/double-peine-12-ans-apres-une-amputation-suite-a-un-accident-du-travail-la-justice-rejette-sa-demande-dindemnisation-integrale.jpg\",\"articleSection\":[\"S\u00e9curit\u00e9 Du Travail En Ile-De-France Et Divers:\"],\"inLanguage\":\"fr-FR\"},{\"@type\":\"WebPage\",\"@id\":\"https:\\\/\\\/www.accidentdutravail-idf.net\\\/blog\\\/double-peine-12-ans-apres-une-amputation-suite-a-un-accident-du-travail-la-justice-rejette-sa-demande-dindemnisation-integrale\\\/\",\"url\":\"https:\\\/\\\/www.accidentdutravail-idf.net\\\/blog\\\/double-peine-12-ans-apres-une-amputation-suite-a-un-accident-du-travail-la-justice-rejette-sa-demande-dindemnisation-integrale\\\/\",\"name\":\"\\\"Double peine\\\" : 12 ans apr\u00e8s une amputation suite \u00e0 un accident du travail, la justice rejette sa demande d\u2019indemnisation int\u00e9grale - ACCIDENTDUTRAVAIL-IDF\",\"isPartOf\":{\"@id\":\"https:\\\/\\\/www.accidentdutravail-idf.net\\\/blog\\\/#website\"},\"primaryImageOfPage\":{\"@id\":\"https:\\\/\\\/www.accidentdutravail-idf.net\\\/blog\\\/double-peine-12-ans-apres-une-amputation-suite-a-un-accident-du-travail-la-justice-rejette-sa-demande-dindemnisation-integrale\\\/#primaryimage\"},\"image\":{\"@id\":\"https:\\\/\\\/www.accidentdutravail-idf.net\\\/blog\\\/double-peine-12-ans-apres-une-amputation-suite-a-un-accident-du-travail-la-justice-rejette-sa-demande-dindemnisation-integrale\\\/#primaryimage\"},\"thumbnailUrl\":\"https:\\\/\\\/www.accidentdutravail-idf.net\\\/blog\\\/wp-content\\\/uploads\\\/2026\\\/02\\\/double-peine-12-ans-apres-une-amputation-suite-a-un-accident-du-travail-la-justice-rejette-sa-demande-dindemnisation-integrale.jpg\",\"datePublished\":\"2026-02-04T08:31:00+00:00\",\"description\":\"\\\"Double peine\\\" : 12 ans apr\u00e8s une amputation suite \u00e0 un accident du travail, la justice rejette sa demande d\u2019indemnisation int\u00e9grale article de ACCIDENTDUTRAVAIL-IDF\",\"breadcrumb\":{\"@id\":\"https:\\\/\\\/www.accidentdutravail-idf.net\\\/blog\\\/double-peine-12-ans-apres-une-amputation-suite-a-un-accident-du-travail-la-justice-rejette-sa-demande-dindemnisation-integrale\\\/#breadcrumb\"},\"inLanguage\":\"fr-FR\",\"potentialAction\":[{\"@type\":\"ReadAction\",\"target\":[\"https:\\\/\\\/www.accidentdutravail-idf.net\\\/blog\\\/double-peine-12-ans-apres-une-amputation-suite-a-un-accident-du-travail-la-justice-rejette-sa-demande-dindemnisation-integrale\\\/\"]}]},{\"@type\":\"ImageObject\",\"inLanguage\":\"fr-FR\",\"@id\":\"https:\\\/\\\/www.accidentdutravail-idf.net\\\/blog\\\/double-peine-12-ans-apres-une-amputation-suite-a-un-accident-du-travail-la-justice-rejette-sa-demande-dindemnisation-integrale\\\/#primaryimage\",\"url\":\"https:\\\/\\\/www.accidentdutravail-idf.net\\\/blog\\\/wp-content\\\/uploads\\\/2026\\\/02\\\/double-peine-12-ans-apres-une-amputation-suite-a-un-accident-du-travail-la-justice-rejette-sa-demande-dindemnisation-integrale.jpg\",\"contentUrl\":\"https:\\\/\\\/www.accidentdutravail-idf.net\\\/blog\\\/wp-content\\\/uploads\\\/2026\\\/02\\\/double-peine-12-ans-apres-une-amputation-suite-a-un-accident-du-travail-la-justice-rejette-sa-demande-dindemnisation-integrale.jpg\"},{\"@type\":\"BreadcrumbList\",\"@id\":\"https:\\\/\\\/www.accidentdutravail-idf.net\\\/blog\\\/double-peine-12-ans-apres-une-amputation-suite-a-un-accident-du-travail-la-justice-rejette-sa-demande-dindemnisation-integrale\\\/#breadcrumb\",\"itemListElement\":[{\"@type\":\"ListItem\",\"position\":1,\"name\":\"Accueil\",\"item\":\"https:\\\/\\\/www.accidentdutravail-idf.net\\\/blog\\\/\"},{\"@type\":\"ListItem\",\"position\":2,\"name\":\"\u00ab\u00a0Double peine\u00a0\u00bb : 12 ans apr\u00e8s une amputation suite \u00e0 un accident du travail, la justice rejette sa demande d\u2019indemnisation int\u00e9grale\"}]},{\"@type\":\"WebSite\",\"@id\":\"https:\\\/\\\/www.accidentdutravail-idf.net\\\/blog\\\/#website\",\"url\":\"https:\\\/\\\/www.accidentdutravail-idf.net\\\/blog\\\/\",\"name\":\"ACCIDENTDUTRAVAIL-IDF\",\"description\":\"Portail accidents du travail-maladies professionnelles des entreprises d&#039;Ile-de-France\",\"publisher\":{\"@id\":\"https:\\\/\\\/www.accidentdutravail-idf.net\\\/blog\\\/#organization\"},\"potentialAction\":[{\"@type\":\"SearchAction\",\"target\":{\"@type\":\"EntryPoint\",\"urlTemplate\":\"https:\\\/\\\/www.accidentdutravail-idf.net\\\/blog\\\/?s={search_term_string}\"},\"query-input\":{\"@type\":\"PropertyValueSpecification\",\"valueRequired\":true,\"valueName\":\"search_term_string\"}}],\"inLanguage\":\"fr-FR\"},{\"@type\":\"Organization\",\"@id\":\"https:\\\/\\\/www.accidentdutravail-idf.net\\\/blog\\\/#organization\",\"name\":\"accidentdutravail-idf\",\"url\":\"https:\\\/\\\/www.accidentdutravail-idf.net\\\/blog\\\/\",\"logo\":{\"@type\":\"ImageObject\",\"inLanguage\":\"fr-FR\",\"@id\":\"https:\\\/\\\/www.accidentdutravail-idf.net\\\/blog\\\/#\\\/schema\\\/logo\\\/image\\\/\",\"url\":\"https:\\\/\\\/www.accidentdutravail-idf.net\\\/blog\\\/wp-content\\\/uploads\\\/2022\\\/09\\\/logo-2.png\",\"contentUrl\":\"https:\\\/\\\/www.accidentdutravail-idf.net\\\/blog\\\/wp-content\\\/uploads\\\/2022\\\/09\\\/logo-2.png\",\"width\":380,\"height\":291,\"caption\":\"accidentdutravail-idf\"},\"image\":{\"@id\":\"https:\\\/\\\/www.accidentdutravail-idf.net\\\/blog\\\/#\\\/schema\\\/logo\\\/image\\\/\"}},{\"@type\":\"Person\",\"@id\":\"https:\\\/\\\/www.accidentdutravail-idf.net\\\/blog\\\/#\\\/schema\\\/person\\\/3255d2f970de45e64bd9201f38e7b947\",\"name\":\"Carlos Poulain\",\"image\":{\"@type\":\"ImageObject\",\"inLanguage\":\"fr-FR\",\"@id\":\"https:\\\/\\\/secure.gravatar.com\\\/avatar\\\/b1c2f9d3588e34e91adb093635df64ef4b2381991216be7576466cfcdca4baf3?s=96&d=mm&r=g\",\"url\":\"https:\\\/\\\/secure.gravatar.com\\\/avatar\\\/b1c2f9d3588e34e91adb093635df64ef4b2381991216be7576466cfcdca4baf3?s=96&d=mm&r=g\",\"contentUrl\":\"https:\\\/\\\/secure.gravatar.com\\\/avatar\\\/b1c2f9d3588e34e91adb093635df64ef4b2381991216be7576466cfcdca4baf3?s=96&d=mm&r=g\",\"caption\":\"Carlos Poulain\"},\"url\":\"https:\\\/\\\/www.accidentdutravail-idf.net\\\/blog\\\/author\\\/idfcarlos\\\/\"}]}<\/script>\n<!-- \/ Yoast SEO plugin. -->","yoast_head_json":{"title":"\"Double peine\" : 12 ans apr\u00e8s une amputation suite \u00e0 un accident du travail, la justice rejette sa demande d\u2019indemnisation int\u00e9grale - ACCIDENTDUTRAVAIL-IDF","description":"\"Double peine\" : 12 ans apr\u00e8s une amputation suite \u00e0 un accident du travail, la justice rejette sa demande d\u2019indemnisation int\u00e9grale article de ACCIDENTDUTRAVAIL-IDF","robots":{"index":"index","follow":"follow","max-snippet":"max-snippet:-1","max-image-preview":"max-image-preview:large","max-video-preview":"max-video-preview:-1"},"canonical":"https:\/\/www.accidentdutravail-idf.net\/blog\/double-peine-12-ans-apres-une-amputation-suite-a-un-accident-du-travail-la-justice-rejette-sa-demande-dindemnisation-integrale\/","og_locale":"fr_FR","og_type":"article","og_title":"\"Double peine\" : 12 ans apr\u00e8s une amputation suite \u00e0 un accident du travail, la justice rejette sa demande d\u2019indemnisation int\u00e9grale - ACCIDENTDUTRAVAIL-IDF","og_description":"\"Double peine\" : 12 ans apr\u00e8s une amputation suite \u00e0 un accident du travail, la justice rejette sa demande d\u2019indemnisation int\u00e9grale article de ACCIDENTDUTRAVAIL-IDF","og_url":"https:\/\/www.accidentdutravail-idf.net\/blog\/double-peine-12-ans-apres-une-amputation-suite-a-un-accident-du-travail-la-justice-rejette-sa-demande-dindemnisation-integrale\/","og_site_name":"ACCIDENTDUTRAVAIL-IDF","article_published_time":"2026-02-04T08:31:00+00:00","og_image":[{"url":"https:\/\/www.accidentdutravail-idf.net\/blog\/wp-content\/uploads\/2026\/02\/double-peine-12-ans-apres-une-amputation-suite-a-un-accident-du-travail-la-justice-rejette-sa-demande-dindemnisation-integrale.jpg","type":"","width":"","height":""}],"author":"Carlos Poulain","twitter_card":"summary_large_image","twitter_misc":{"\u00c9crit par":"Carlos Poulain","Dur\u00e9e de lecture estim\u00e9e":"6 minutes"},"schema":{"@context":"https:\/\/schema.org","@graph":[{"@type":"Article","@id":"https:\/\/www.accidentdutravail-idf.net\/blog\/double-peine-12-ans-apres-une-amputation-suite-a-un-accident-du-travail-la-justice-rejette-sa-demande-dindemnisation-integrale\/#article","isPartOf":{"@id":"https:\/\/www.accidentdutravail-idf.net\/blog\/double-peine-12-ans-apres-une-amputation-suite-a-un-accident-du-travail-la-justice-rejette-sa-demande-dindemnisation-integrale\/"},"author":{"name":"Carlos Poulain","@id":"https:\/\/www.accidentdutravail-idf.net\/blog\/#\/schema\/person\/3255d2f970de45e64bd9201f38e7b947"},"headline":"\u00ab\u00a0Double peine\u00a0\u00bb : 12 ans apr\u00e8s une amputation suite \u00e0 un accident du travail, la justice rejette sa demande d\u2019indemnisation int\u00e9grale","datePublished":"2026-02-04T08:31:00+00:00","mainEntityOfPage":{"@id":"https:\/\/www.accidentdutravail-idf.net\/blog\/double-peine-12-ans-apres-une-amputation-suite-a-un-accident-du-travail-la-justice-rejette-sa-demande-dindemnisation-integrale\/"},"wordCount":1186,"publisher":{"@id":"https:\/\/www.accidentdutravail-idf.net\/blog\/#organization"},"image":{"@id":"https:\/\/www.accidentdutravail-idf.net\/blog\/double-peine-12-ans-apres-une-amputation-suite-a-un-accident-du-travail-la-justice-rejette-sa-demande-dindemnisation-integrale\/#primaryimage"},"thumbnailUrl":"https:\/\/www.accidentdutravail-idf.net\/blog\/wp-content\/uploads\/2026\/02\/double-peine-12-ans-apres-une-amputation-suite-a-un-accident-du-travail-la-justice-rejette-sa-demande-dindemnisation-integrale.jpg","articleSection":["S\u00e9curit\u00e9 Du Travail En Ile-De-France Et Divers:"],"inLanguage":"fr-FR"},{"@type":"WebPage","@id":"https:\/\/www.accidentdutravail-idf.net\/blog\/double-peine-12-ans-apres-une-amputation-suite-a-un-accident-du-travail-la-justice-rejette-sa-demande-dindemnisation-integrale\/","url":"https:\/\/www.accidentdutravail-idf.net\/blog\/double-peine-12-ans-apres-une-amputation-suite-a-un-accident-du-travail-la-justice-rejette-sa-demande-dindemnisation-integrale\/","name":"\"Double peine\" : 12 ans apr\u00e8s une amputation suite \u00e0 un accident du travail, la justice rejette sa demande d\u2019indemnisation int\u00e9grale - ACCIDENTDUTRAVAIL-IDF","isPartOf":{"@id":"https:\/\/www.accidentdutravail-idf.net\/blog\/#website"},"primaryImageOfPage":{"@id":"https:\/\/www.accidentdutravail-idf.net\/blog\/double-peine-12-ans-apres-une-amputation-suite-a-un-accident-du-travail-la-justice-rejette-sa-demande-dindemnisation-integrale\/#primaryimage"},"image":{"@id":"https:\/\/www.accidentdutravail-idf.net\/blog\/double-peine-12-ans-apres-une-amputation-suite-a-un-accident-du-travail-la-justice-rejette-sa-demande-dindemnisation-integrale\/#primaryimage"},"thumbnailUrl":"https:\/\/www.accidentdutravail-idf.net\/blog\/wp-content\/uploads\/2026\/02\/double-peine-12-ans-apres-une-amputation-suite-a-un-accident-du-travail-la-justice-rejette-sa-demande-dindemnisation-integrale.jpg","datePublished":"2026-02-04T08:31:00+00:00","description":"\"Double peine\" : 12 ans apr\u00e8s une amputation suite \u00e0 un accident du travail, la justice rejette sa demande d\u2019indemnisation int\u00e9grale article de ACCIDENTDUTRAVAIL-IDF","breadcrumb":{"@id":"https:\/\/www.accidentdutravail-idf.net\/blog\/double-peine-12-ans-apres-une-amputation-suite-a-un-accident-du-travail-la-justice-rejette-sa-demande-dindemnisation-integrale\/#breadcrumb"},"inLanguage":"fr-FR","potentialAction":[{"@type":"ReadAction","target":["https:\/\/www.accidentdutravail-idf.net\/blog\/double-peine-12-ans-apres-une-amputation-suite-a-un-accident-du-travail-la-justice-rejette-sa-demande-dindemnisation-integrale\/"]}]},{"@type":"ImageObject","inLanguage":"fr-FR","@id":"https:\/\/www.accidentdutravail-idf.net\/blog\/double-peine-12-ans-apres-une-amputation-suite-a-un-accident-du-travail-la-justice-rejette-sa-demande-dindemnisation-integrale\/#primaryimage","url":"https:\/\/www.accidentdutravail-idf.net\/blog\/wp-content\/uploads\/2026\/02\/double-peine-12-ans-apres-une-amputation-suite-a-un-accident-du-travail-la-justice-rejette-sa-demande-dindemnisation-integrale.jpg","contentUrl":"https:\/\/www.accidentdutravail-idf.net\/blog\/wp-content\/uploads\/2026\/02\/double-peine-12-ans-apres-une-amputation-suite-a-un-accident-du-travail-la-justice-rejette-sa-demande-dindemnisation-integrale.jpg"},{"@type":"BreadcrumbList","@id":"https:\/\/www.accidentdutravail-idf.net\/blog\/double-peine-12-ans-apres-une-amputation-suite-a-un-accident-du-travail-la-justice-rejette-sa-demande-dindemnisation-integrale\/#breadcrumb","itemListElement":[{"@type":"ListItem","position":1,"name":"Accueil","item":"https:\/\/www.accidentdutravail-idf.net\/blog\/"},{"@type":"ListItem","position":2,"name":"\u00ab\u00a0Double peine\u00a0\u00bb : 12 ans apr\u00e8s une amputation suite \u00e0 un accident du travail, la justice rejette sa demande d\u2019indemnisation int\u00e9grale"}]},{"@type":"WebSite","@id":"https:\/\/www.accidentdutravail-idf.net\/blog\/#website","url":"https:\/\/www.accidentdutravail-idf.net\/blog\/","name":"ACCIDENTDUTRAVAIL-IDF","description":"Portail accidents du travail-maladies professionnelles des entreprises d&#039;Ile-de-France","publisher":{"@id":"https:\/\/www.accidentdutravail-idf.net\/blog\/#organization"},"potentialAction":[{"@type":"SearchAction","target":{"@type":"EntryPoint","urlTemplate":"https:\/\/www.accidentdutravail-idf.net\/blog\/?s={search_term_string}"},"query-input":{"@type":"PropertyValueSpecification","valueRequired":true,"valueName":"search_term_string"}}],"inLanguage":"fr-FR"},{"@type":"Organization","@id":"https:\/\/www.accidentdutravail-idf.net\/blog\/#organization","name":"accidentdutravail-idf","url":"https:\/\/www.accidentdutravail-idf.net\/blog\/","logo":{"@type":"ImageObject","inLanguage":"fr-FR","@id":"https:\/\/www.accidentdutravail-idf.net\/blog\/#\/schema\/logo\/image\/","url":"https:\/\/www.accidentdutravail-idf.net\/blog\/wp-content\/uploads\/2022\/09\/logo-2.png","contentUrl":"https:\/\/www.accidentdutravail-idf.net\/blog\/wp-content\/uploads\/2022\/09\/logo-2.png","width":380,"height":291,"caption":"accidentdutravail-idf"},"image":{"@id":"https:\/\/www.accidentdutravail-idf.net\/blog\/#\/schema\/logo\/image\/"}},{"@type":"Person","@id":"https:\/\/www.accidentdutravail-idf.net\/blog\/#\/schema\/person\/3255d2f970de45e64bd9201f38e7b947","name":"Carlos Poulain","image":{"@type":"ImageObject","inLanguage":"fr-FR","@id":"https:\/\/secure.gravatar.com\/avatar\/b1c2f9d3588e34e91adb093635df64ef4b2381991216be7576466cfcdca4baf3?s=96&d=mm&r=g","url":"https:\/\/secure.gravatar.com\/avatar\/b1c2f9d3588e34e91adb093635df64ef4b2381991216be7576466cfcdca4baf3?s=96&d=mm&r=g","contentUrl":"https:\/\/secure.gravatar.com\/avatar\/b1c2f9d3588e34e91adb093635df64ef4b2381991216be7576466cfcdca4baf3?s=96&d=mm&r=g","caption":"Carlos Poulain"},"url":"https:\/\/www.accidentdutravail-idf.net\/blog\/author\/idfcarlos\/"}]}},"_links":{"self":[{"href":"https:\/\/www.accidentdutravail-idf.net\/blog\/wp-json\/wp\/v2\/posts\/2141","targetHints":{"allow":["GET"]}}],"collection":[{"href":"https:\/\/www.accidentdutravail-idf.net\/blog\/wp-json\/wp\/v2\/posts"}],"about":[{"href":"https:\/\/www.accidentdutravail-idf.net\/blog\/wp-json\/wp\/v2\/types\/post"}],"author":[{"embeddable":true,"href":"https:\/\/www.accidentdutravail-idf.net\/blog\/wp-json\/wp\/v2\/users\/2"}],"replies":[{"embeddable":true,"href":"https:\/\/www.accidentdutravail-idf.net\/blog\/wp-json\/wp\/v2\/comments?post=2141"}],"version-history":[{"count":0,"href":"https:\/\/www.accidentdutravail-idf.net\/blog\/wp-json\/wp\/v2\/posts\/2141\/revisions"}],"wp:attachment":[{"href":"https:\/\/www.accidentdutravail-idf.net\/blog\/wp-json\/wp\/v2\/media?parent=2141"}],"wp:term":[{"taxonomy":"category","embeddable":true,"href":"https:\/\/www.accidentdutravail-idf.net\/blog\/wp-json\/wp\/v2\/categories?post=2141"},{"taxonomy":"post_tag","embeddable":true,"href":"https:\/\/www.accidentdutravail-idf.net\/blog\/wp-json\/wp\/v2\/tags?post=2141"}],"curies":[{"name":"wp","href":"https:\/\/api.w.org\/{rel}","templated":true}]}}