{"id":2090,"date":"2026-01-15T01:53:00","date_gmt":"2026-01-15T00:53:00","guid":{"rendered":"https:\/\/www.accidentdutravail-idf.net\/blog\/apres-deux-accidents-mortels-de-vtc-les-conditions-de-travail-des-travailleurs-de-plateformes-de-nouveau-en-question\/"},"modified":"2026-01-15T01:53:00","modified_gmt":"2026-01-15T00:53:00","slug":"apres-deux-accidents-mortels-de-vtc-les-conditions-de-travail-des-travailleurs-de-plateformes-de-nouveau-en-question","status":"publish","type":"post","link":"https:\/\/www.accidentdutravail-idf.net\/blog\/apres-deux-accidents-mortels-de-vtc-les-conditions-de-travail-des-travailleurs-de-plateformes-de-nouveau-en-question\/","title":{"rendered":"Apr\u00e8s deux accidents mortels de VTC, les conditions de travail des travailleurs de plateformes de nouveau en question"},"content":{"rendered":"<figure class=\"article__media\">  <img decoding=\"async\" src=\"https:\/\/www.accidentdutravail-idf.net\/blog\/wp-content\/uploads\/2026\/01\/apres-deux-accidents-mortels-de-vtc-les-conditions-de-travail-des-travailleurs-de-plateformes-de-nouveau-en-question.jpg\" alt=\"Lors de la marche blanche en hommage \u00e0 Mamadou Samba, chauffeur de VTC mort noy\u00e9, sur le lieu de l\u2019accident, au Perreux-sur-Marne (Val-de-Marne), le 10&nbsp;janvier 2026.\" width=\"664\" height=\"443\">   <img decoding=\"async\" src=\"https:\/\/www.accidentdutravail-idf.net\/blog\/wp-content\/uploads\/2026\/01\/apres-deux-accidents-mortels-de-vtc-les-conditions-de-travail-des-travailleurs-de-plateformes-de-nouveau-en-question.jpg\" alt=\"Lors de la marche blanche en hommage \u00e0 Mamadou Samba, chauffeur de VTC mort noy\u00e9, sur le lieu de l\u2019accident, au Perreux-sur-Marne (Val-de-Marne), le 10&nbsp;janvier 2026.\"><figcaption class=\"article__legend\" aria-hidden=\"true\">Lors de la marche blanche en hommage \u00e0 Mamadou Samba, chauffeur de VTC mort noy\u00e9, sur le lieu de l\u2019accident, au Perreux-sur-Marne (Val-de-Marne), le 10&nbsp;janvier 2026. <span class=\"article__credit\" aria-hidden=\"true\">MARINE LEGRAND\/LE PARISIEN\/MAXPPP<\/span> <\/figcaption><\/figure>\n<p class=\"article__paragraph \">Une centaine de personnes se sont r\u00e9unies, samedi 10&nbsp;janvier, en hommage \u00e0 Mamadou Samba, 58&nbsp;ans, chauffeur de VTC mort noy\u00e9 dans la nuit du 5 au 6&nbsp;janvier au Perreux-sur-Marne (Val-de-Marne). Lors d\u2019une course pour la plateforme Heetch, il a perdu le contr\u00f4le en raison des conditions climatiques, et son v\u00e9hicule a percut\u00e9 un trottoir avant de terminer sa course dans la rivi\u00e8re. Seul le passager a r\u00e9ussi \u00e0 s\u2019extirper.<\/p>\n<p class=\"article__paragraph \">Dans la nuit du 8 au 9&nbsp;janvier, un van en provenance de l\u2019a\u00e9roport de Paris-Beauvais, avec \u00e0 son bord deux touristes finlandais, a brutalement chang\u00e9 de trajectoire rue de Vaugirard, \u00e0 Paris, percutant un pi\u00e9ton, qui a succomb\u00e9 \u00e0 ses blessures quatre&nbsp;jours plus tard. D\u2019apr\u00e8s des t\u00e9moins, le conducteur pourrait s\u2019\u00eatre endormi. Le parquet de Paris avait saisi le service du traitement judiciaire des accidents d\u2019une enqu\u00eate pour blessures involontaires par conducteur, et ce dernier a \u00e9t\u00e9 plac\u00e9 en garde \u00e0 vue, mardi 13&nbsp;janvier, \u00e0 sa sortie de l\u2019h\u00f4pital.<\/p>\n<p class=\"article__paragraph \">Ces deux accidents, au c\u0153ur d\u2019une semaine marqu\u00e9e par des conditions climatiques difficiles sur les routes, ont suscit\u00e9 un \u00e9moi particulier dans la profession. Selon une partie des chauffeurs, ces accidents ne peuvent \u00eatre dissoci\u00e9s de leurs conditions de travail harassantes. Depuis quelques ann\u00e9es, le nombre de chauffeurs, mais aussi de livreurs \u00e0 v\u00e9lo, a grimp\u00e9 en fl\u00e8che, tandis que leurs revenus ont diminu\u00e9.<\/p>\n<p class=\"reading-mode-only \"><strong>Il vous reste 75.98% de cet article \u00e0 lire. La suite est r\u00e9serv\u00e9e aux abonn\u00e9s.<\/strong><\/p>\n<p> accidentdutravail-idf.net vous a pr\u00e9par\u00e9 ce post qui informe du sujet \u00ab\u00a0Association Sportive Huisson-Longueville Essonne\u00a0\u00bb. La chronique se veut g\u00e9n\u00e9r\u00e9e du mieux possible. Vous pouvez utiliser les coordonn\u00e9es indiqu\u00e9es sur le site dans le but d\u2019apporter des explications sur ce post qui parle du th\u00e8me \u00ab\u00a0Association Sportive Huisson-Longueville Essonne\u00a0\u00bb. Le site accidentdutravail-idf.net a pour but de fournir diverses publications sur la th\u00e9matique Association Sportive Huisson-Longueville Essonne diffus\u00e9es sur le net. Il y aura plusieurs articles autour du sujet \u00ab\u00a0Association Sportive Huisson-Longueville Essonne\u00a0\u00bb dans quelques jours, nous vous invitons \u00e0 naviguer sur notre site web \u00e0 plusieurs reprises.<\/p>\n","protected":false},"excerpt":{"rendered":"<p>Lors de la marche blanche en hommage \u00e0 Mamadou Samba, chauffeur de VTC mort noy\u00e9, sur le lieu de l\u2019accident, au Perreux-sur-Marne (Val-de-Marne), le 10&nbsp;janvier 2026. MARINE LEGRAND\/LE PARISIEN\/MAXPPP Une centaine de personnes se sont r\u00e9unies, samedi 10&nbsp;janvier, en hommage \u00e0 Mamadou Samba, 58&nbsp;ans, chauffeur de VTC mort noy\u00e9 dans la nuit du 5 au &hellip; <\/p>\n<p class=\"link-more\"><a href=\"https:\/\/www.accidentdutravail-idf.net\/blog\/apres-deux-accidents-mortels-de-vtc-les-conditions-de-travail-des-travailleurs-de-plateformes-de-nouveau-en-question\/\" class=\"more-link\">Continuer la lecture <span class=\"screen-reader-text\"> \u00ab\u00a0Apr\u00e8s deux accidents mortels de VTC, les conditions de travail des travailleurs de plateformes de nouveau en question\u00a0\u00bb<\/span><\/a><\/p>\n","protected":false},"author":2,"featured_media":0,"comment_status":"closed","ping_status":"closed","sticky":false,"template":"","format":"standard","meta":{"footnotes":""},"categories":[5],"tags":[],"class_list":["post-2090","post","type-post","status-publish","format-standard","hentry","category-securite-du-travail-en-ile-de-france-et-divers","entry"],"yoast_head":"<!-- This site is optimized with the Yoast SEO plugin v27.5 - https:\/\/yoast.com\/product\/yoast-seo-wordpress\/ -->\n<title>Apr\u00e8s deux accidents mortels de VTC, les conditions de travail des travailleurs de plateformes de nouveau en question - ACCIDENTDUTRAVAIL-IDF<\/title>\n<meta name=\"description\" content=\"Apr\u00e8s deux accidents mortels de VTC, les conditions de travail des travailleurs de plateformes de nouveau en question article de ACCIDENTDUTRAVAIL-IDF\" \/>\n<meta name=\"robots\" content=\"index, follow, max-snippet:-1, max-image-preview:large, max-video-preview:-1\" \/>\n<link rel=\"canonical\" href=\"https:\/\/www.accidentdutravail-idf.net\/blog\/apres-deux-accidents-mortels-de-vtc-les-conditions-de-travail-des-travailleurs-de-plateformes-de-nouveau-en-question\/\" \/>\n<meta property=\"og:locale\" content=\"fr_FR\" \/>\n<meta property=\"og:type\" content=\"article\" \/>\n<meta property=\"og:title\" content=\"Apr\u00e8s deux accidents mortels de VTC, les conditions de travail des travailleurs de plateformes de nouveau en question - ACCIDENTDUTRAVAIL-IDF\" \/>\n<meta property=\"og:description\" content=\"Apr\u00e8s deux accidents mortels de VTC, les conditions de travail des travailleurs de plateformes de nouveau en question article de ACCIDENTDUTRAVAIL-IDF\" \/>\n<meta property=\"og:url\" content=\"https:\/\/www.accidentdutravail-idf.net\/blog\/apres-deux-accidents-mortels-de-vtc-les-conditions-de-travail-des-travailleurs-de-plateformes-de-nouveau-en-question\/\" \/>\n<meta property=\"og:site_name\" content=\"ACCIDENTDUTRAVAIL-IDF\" \/>\n<meta property=\"article:published_time\" content=\"2026-01-15T00:53:00+00:00\" \/>\n<meta property=\"og:image\" content=\"https:\/\/www.accidentdutravail-idf.net\/blog\/wp-content\/uploads\/2026\/01\/apres-deux-accidents-mortels-de-vtc-les-conditions-de-travail-des-travailleurs-de-plateformes-de-nouveau-en-question.jpg\" \/>\n<meta name=\"author\" content=\"Carlos Poulain\" \/>\n<meta name=\"twitter:card\" content=\"summary_large_image\" \/>\n<meta name=\"twitter:label1\" content=\"\u00c9crit par\" \/>\n\t<meta name=\"twitter:data1\" content=\"Carlos Poulain\" \/>\n\t<meta name=\"twitter:label2\" content=\"Dur\u00e9e de lecture estim\u00e9e\" \/>\n\t<meta name=\"twitter:data2\" content=\"2 minutes\" \/>\n<script type=\"application\/ld+json\" class=\"yoast-schema-graph\">{\"@context\":\"https:\\\/\\\/schema.org\",\"@graph\":[{\"@type\":\"Article\",\"@id\":\"https:\\\/\\\/www.accidentdutravail-idf.net\\\/blog\\\/apres-deux-accidents-mortels-de-vtc-les-conditions-de-travail-des-travailleurs-de-plateformes-de-nouveau-en-question\\\/#article\",\"isPartOf\":{\"@id\":\"https:\\\/\\\/www.accidentdutravail-idf.net\\\/blog\\\/apres-deux-accidents-mortels-de-vtc-les-conditions-de-travail-des-travailleurs-de-plateformes-de-nouveau-en-question\\\/\"},\"author\":{\"name\":\"Carlos Poulain\",\"@id\":\"https:\\\/\\\/www.accidentdutravail-idf.net\\\/blog\\\/#\\\/schema\\\/person\\\/3255d2f970de45e64bd9201f38e7b947\"},\"headline\":\"Apr\u00e8s deux accidents mortels de VTC, les conditions de travail des travailleurs de plateformes de nouveau en question\",\"datePublished\":\"2026-01-15T00:53:00+00:00\",\"mainEntityOfPage\":{\"@id\":\"https:\\\/\\\/www.accidentdutravail-idf.net\\\/blog\\\/apres-deux-accidents-mortels-de-vtc-les-conditions-de-travail-des-travailleurs-de-plateformes-de-nouveau-en-question\\\/\"},\"wordCount\":416,\"publisher\":{\"@id\":\"https:\\\/\\\/www.accidentdutravail-idf.net\\\/blog\\\/#organization\"},\"image\":{\"@id\":\"https:\\\/\\\/www.accidentdutravail-idf.net\\\/blog\\\/apres-deux-accidents-mortels-de-vtc-les-conditions-de-travail-des-travailleurs-de-plateformes-de-nouveau-en-question\\\/#primaryimage\"},\"thumbnailUrl\":\"https:\\\/\\\/www.accidentdutravail-idf.net\\\/blog\\\/wp-content\\\/uploads\\\/2026\\\/01\\\/apres-deux-accidents-mortels-de-vtc-les-conditions-de-travail-des-travailleurs-de-plateformes-de-nouveau-en-question.jpg\",\"articleSection\":[\"S\u00e9curit\u00e9 Du Travail En Ile-De-France Et Divers:\"],\"inLanguage\":\"fr-FR\"},{\"@type\":\"WebPage\",\"@id\":\"https:\\\/\\\/www.accidentdutravail-idf.net\\\/blog\\\/apres-deux-accidents-mortels-de-vtc-les-conditions-de-travail-des-travailleurs-de-plateformes-de-nouveau-en-question\\\/\",\"url\":\"https:\\\/\\\/www.accidentdutravail-idf.net\\\/blog\\\/apres-deux-accidents-mortels-de-vtc-les-conditions-de-travail-des-travailleurs-de-plateformes-de-nouveau-en-question\\\/\",\"name\":\"Apr\u00e8s deux accidents mortels de VTC, les conditions de travail des travailleurs de plateformes de nouveau en question - ACCIDENTDUTRAVAIL-IDF\",\"isPartOf\":{\"@id\":\"https:\\\/\\\/www.accidentdutravail-idf.net\\\/blog\\\/#website\"},\"primaryImageOfPage\":{\"@id\":\"https:\\\/\\\/www.accidentdutravail-idf.net\\\/blog\\\/apres-deux-accidents-mortels-de-vtc-les-conditions-de-travail-des-travailleurs-de-plateformes-de-nouveau-en-question\\\/#primaryimage\"},\"image\":{\"@id\":\"https:\\\/\\\/www.accidentdutravail-idf.net\\\/blog\\\/apres-deux-accidents-mortels-de-vtc-les-conditions-de-travail-des-travailleurs-de-plateformes-de-nouveau-en-question\\\/#primaryimage\"},\"thumbnailUrl\":\"https:\\\/\\\/www.accidentdutravail-idf.net\\\/blog\\\/wp-content\\\/uploads\\\/2026\\\/01\\\/apres-deux-accidents-mortels-de-vtc-les-conditions-de-travail-des-travailleurs-de-plateformes-de-nouveau-en-question.jpg\",\"datePublished\":\"2026-01-15T00:53:00+00:00\",\"description\":\"Apr\u00e8s deux accidents mortels de VTC, les conditions de travail des travailleurs de plateformes de nouveau en question article de ACCIDENTDUTRAVAIL-IDF\",\"breadcrumb\":{\"@id\":\"https:\\\/\\\/www.accidentdutravail-idf.net\\\/blog\\\/apres-deux-accidents-mortels-de-vtc-les-conditions-de-travail-des-travailleurs-de-plateformes-de-nouveau-en-question\\\/#breadcrumb\"},\"inLanguage\":\"fr-FR\",\"potentialAction\":[{\"@type\":\"ReadAction\",\"target\":[\"https:\\\/\\\/www.accidentdutravail-idf.net\\\/blog\\\/apres-deux-accidents-mortels-de-vtc-les-conditions-de-travail-des-travailleurs-de-plateformes-de-nouveau-en-question\\\/\"]}]},{\"@type\":\"ImageObject\",\"inLanguage\":\"fr-FR\",\"@id\":\"https:\\\/\\\/www.accidentdutravail-idf.net\\\/blog\\\/apres-deux-accidents-mortels-de-vtc-les-conditions-de-travail-des-travailleurs-de-plateformes-de-nouveau-en-question\\\/#primaryimage\",\"url\":\"https:\\\/\\\/www.accidentdutravail-idf.net\\\/blog\\\/wp-content\\\/uploads\\\/2026\\\/01\\\/apres-deux-accidents-mortels-de-vtc-les-conditions-de-travail-des-travailleurs-de-plateformes-de-nouveau-en-question.jpg\",\"contentUrl\":\"https:\\\/\\\/www.accidentdutravail-idf.net\\\/blog\\\/wp-content\\\/uploads\\\/2026\\\/01\\\/apres-deux-accidents-mortels-de-vtc-les-conditions-de-travail-des-travailleurs-de-plateformes-de-nouveau-en-question.jpg\"},{\"@type\":\"BreadcrumbList\",\"@id\":\"https:\\\/\\\/www.accidentdutravail-idf.net\\\/blog\\\/apres-deux-accidents-mortels-de-vtc-les-conditions-de-travail-des-travailleurs-de-plateformes-de-nouveau-en-question\\\/#breadcrumb\",\"itemListElement\":[{\"@type\":\"ListItem\",\"position\":1,\"name\":\"Accueil\",\"item\":\"https:\\\/\\\/www.accidentdutravail-idf.net\\\/blog\\\/\"},{\"@type\":\"ListItem\",\"position\":2,\"name\":\"Apr\u00e8s deux accidents mortels de VTC, les conditions de travail des travailleurs de plateformes de nouveau en question\"}]},{\"@type\":\"WebSite\",\"@id\":\"https:\\\/\\\/www.accidentdutravail-idf.net\\\/blog\\\/#website\",\"url\":\"https:\\\/\\\/www.accidentdutravail-idf.net\\\/blog\\\/\",\"name\":\"ACCIDENTDUTRAVAIL-IDF\",\"description\":\"Portail accidents du travail-maladies professionnelles des entreprises d&#039;Ile-de-France\",\"publisher\":{\"@id\":\"https:\\\/\\\/www.accidentdutravail-idf.net\\\/blog\\\/#organization\"},\"potentialAction\":[{\"@type\":\"SearchAction\",\"target\":{\"@type\":\"EntryPoint\",\"urlTemplate\":\"https:\\\/\\\/www.accidentdutravail-idf.net\\\/blog\\\/?s={search_term_string}\"},\"query-input\":{\"@type\":\"PropertyValueSpecification\",\"valueRequired\":true,\"valueName\":\"search_term_string\"}}],\"inLanguage\":\"fr-FR\"},{\"@type\":\"Organization\",\"@id\":\"https:\\\/\\\/www.accidentdutravail-idf.net\\\/blog\\\/#organization\",\"name\":\"accidentdutravail-idf\",\"url\":\"https:\\\/\\\/www.accidentdutravail-idf.net\\\/blog\\\/\",\"logo\":{\"@type\":\"ImageObject\",\"inLanguage\":\"fr-FR\",\"@id\":\"https:\\\/\\\/www.accidentdutravail-idf.net\\\/blog\\\/#\\\/schema\\\/logo\\\/image\\\/\",\"url\":\"https:\\\/\\\/www.accidentdutravail-idf.net\\\/blog\\\/wp-content\\\/uploads\\\/2022\\\/09\\\/logo-2.png\",\"contentUrl\":\"https:\\\/\\\/www.accidentdutravail-idf.net\\\/blog\\\/wp-content\\\/uploads\\\/2022\\\/09\\\/logo-2.png\",\"width\":380,\"height\":291,\"caption\":\"accidentdutravail-idf\"},\"image\":{\"@id\":\"https:\\\/\\\/www.accidentdutravail-idf.net\\\/blog\\\/#\\\/schema\\\/logo\\\/image\\\/\"}},{\"@type\":\"Person\",\"@id\":\"https:\\\/\\\/www.accidentdutravail-idf.net\\\/blog\\\/#\\\/schema\\\/person\\\/3255d2f970de45e64bd9201f38e7b947\",\"name\":\"Carlos Poulain\",\"image\":{\"@type\":\"ImageObject\",\"inLanguage\":\"fr-FR\",\"@id\":\"https:\\\/\\\/secure.gravatar.com\\\/avatar\\\/b1c2f9d3588e34e91adb093635df64ef4b2381991216be7576466cfcdca4baf3?s=96&d=mm&r=g\",\"url\":\"https:\\\/\\\/secure.gravatar.com\\\/avatar\\\/b1c2f9d3588e34e91adb093635df64ef4b2381991216be7576466cfcdca4baf3?s=96&d=mm&r=g\",\"contentUrl\":\"https:\\\/\\\/secure.gravatar.com\\\/avatar\\\/b1c2f9d3588e34e91adb093635df64ef4b2381991216be7576466cfcdca4baf3?s=96&d=mm&r=g\",\"caption\":\"Carlos Poulain\"},\"url\":\"https:\\\/\\\/www.accidentdutravail-idf.net\\\/blog\\\/author\\\/idfcarlos\\\/\"}]}<\/script>\n<!-- \/ Yoast SEO plugin. -->","yoast_head_json":{"title":"Apr\u00e8s deux accidents mortels de VTC, les conditions de travail des travailleurs de plateformes de nouveau en question - ACCIDENTDUTRAVAIL-IDF","description":"Apr\u00e8s deux accidents mortels de VTC, les conditions de travail des travailleurs de plateformes de nouveau en question article de ACCIDENTDUTRAVAIL-IDF","robots":{"index":"index","follow":"follow","max-snippet":"max-snippet:-1","max-image-preview":"max-image-preview:large","max-video-preview":"max-video-preview:-1"},"canonical":"https:\/\/www.accidentdutravail-idf.net\/blog\/apres-deux-accidents-mortels-de-vtc-les-conditions-de-travail-des-travailleurs-de-plateformes-de-nouveau-en-question\/","og_locale":"fr_FR","og_type":"article","og_title":"Apr\u00e8s deux accidents mortels de VTC, les conditions de travail des travailleurs de plateformes de nouveau en question - ACCIDENTDUTRAVAIL-IDF","og_description":"Apr\u00e8s deux accidents mortels de VTC, les conditions de travail des travailleurs de plateformes de nouveau en question article de ACCIDENTDUTRAVAIL-IDF","og_url":"https:\/\/www.accidentdutravail-idf.net\/blog\/apres-deux-accidents-mortels-de-vtc-les-conditions-de-travail-des-travailleurs-de-plateformes-de-nouveau-en-question\/","og_site_name":"ACCIDENTDUTRAVAIL-IDF","article_published_time":"2026-01-15T00:53:00+00:00","og_image":[{"url":"https:\/\/www.accidentdutravail-idf.net\/blog\/wp-content\/uploads\/2026\/01\/apres-deux-accidents-mortels-de-vtc-les-conditions-de-travail-des-travailleurs-de-plateformes-de-nouveau-en-question.jpg","type":"","width":"","height":""}],"author":"Carlos Poulain","twitter_card":"summary_large_image","twitter_misc":{"\u00c9crit par":"Carlos Poulain","Dur\u00e9e de lecture estim\u00e9e":"2 minutes"},"schema":{"@context":"https:\/\/schema.org","@graph":[{"@type":"Article","@id":"https:\/\/www.accidentdutravail-idf.net\/blog\/apres-deux-accidents-mortels-de-vtc-les-conditions-de-travail-des-travailleurs-de-plateformes-de-nouveau-en-question\/#article","isPartOf":{"@id":"https:\/\/www.accidentdutravail-idf.net\/blog\/apres-deux-accidents-mortels-de-vtc-les-conditions-de-travail-des-travailleurs-de-plateformes-de-nouveau-en-question\/"},"author":{"name":"Carlos Poulain","@id":"https:\/\/www.accidentdutravail-idf.net\/blog\/#\/schema\/person\/3255d2f970de45e64bd9201f38e7b947"},"headline":"Apr\u00e8s deux accidents mortels de VTC, les conditions de travail des travailleurs de plateformes de nouveau en question","datePublished":"2026-01-15T00:53:00+00:00","mainEntityOfPage":{"@id":"https:\/\/www.accidentdutravail-idf.net\/blog\/apres-deux-accidents-mortels-de-vtc-les-conditions-de-travail-des-travailleurs-de-plateformes-de-nouveau-en-question\/"},"wordCount":416,"publisher":{"@id":"https:\/\/www.accidentdutravail-idf.net\/blog\/#organization"},"image":{"@id":"https:\/\/www.accidentdutravail-idf.net\/blog\/apres-deux-accidents-mortels-de-vtc-les-conditions-de-travail-des-travailleurs-de-plateformes-de-nouveau-en-question\/#primaryimage"},"thumbnailUrl":"https:\/\/www.accidentdutravail-idf.net\/blog\/wp-content\/uploads\/2026\/01\/apres-deux-accidents-mortels-de-vtc-les-conditions-de-travail-des-travailleurs-de-plateformes-de-nouveau-en-question.jpg","articleSection":["S\u00e9curit\u00e9 Du Travail En Ile-De-France Et Divers:"],"inLanguage":"fr-FR"},{"@type":"WebPage","@id":"https:\/\/www.accidentdutravail-idf.net\/blog\/apres-deux-accidents-mortels-de-vtc-les-conditions-de-travail-des-travailleurs-de-plateformes-de-nouveau-en-question\/","url":"https:\/\/www.accidentdutravail-idf.net\/blog\/apres-deux-accidents-mortels-de-vtc-les-conditions-de-travail-des-travailleurs-de-plateformes-de-nouveau-en-question\/","name":"Apr\u00e8s deux accidents mortels de VTC, les conditions de travail des travailleurs de plateformes de nouveau en question - ACCIDENTDUTRAVAIL-IDF","isPartOf":{"@id":"https:\/\/www.accidentdutravail-idf.net\/blog\/#website"},"primaryImageOfPage":{"@id":"https:\/\/www.accidentdutravail-idf.net\/blog\/apres-deux-accidents-mortels-de-vtc-les-conditions-de-travail-des-travailleurs-de-plateformes-de-nouveau-en-question\/#primaryimage"},"image":{"@id":"https:\/\/www.accidentdutravail-idf.net\/blog\/apres-deux-accidents-mortels-de-vtc-les-conditions-de-travail-des-travailleurs-de-plateformes-de-nouveau-en-question\/#primaryimage"},"thumbnailUrl":"https:\/\/www.accidentdutravail-idf.net\/blog\/wp-content\/uploads\/2026\/01\/apres-deux-accidents-mortels-de-vtc-les-conditions-de-travail-des-travailleurs-de-plateformes-de-nouveau-en-question.jpg","datePublished":"2026-01-15T00:53:00+00:00","description":"Apr\u00e8s deux accidents mortels de VTC, les conditions de travail des travailleurs de plateformes de nouveau en question article de ACCIDENTDUTRAVAIL-IDF","breadcrumb":{"@id":"https:\/\/www.accidentdutravail-idf.net\/blog\/apres-deux-accidents-mortels-de-vtc-les-conditions-de-travail-des-travailleurs-de-plateformes-de-nouveau-en-question\/#breadcrumb"},"inLanguage":"fr-FR","potentialAction":[{"@type":"ReadAction","target":["https:\/\/www.accidentdutravail-idf.net\/blog\/apres-deux-accidents-mortels-de-vtc-les-conditions-de-travail-des-travailleurs-de-plateformes-de-nouveau-en-question\/"]}]},{"@type":"ImageObject","inLanguage":"fr-FR","@id":"https:\/\/www.accidentdutravail-idf.net\/blog\/apres-deux-accidents-mortels-de-vtc-les-conditions-de-travail-des-travailleurs-de-plateformes-de-nouveau-en-question\/#primaryimage","url":"https:\/\/www.accidentdutravail-idf.net\/blog\/wp-content\/uploads\/2026\/01\/apres-deux-accidents-mortels-de-vtc-les-conditions-de-travail-des-travailleurs-de-plateformes-de-nouveau-en-question.jpg","contentUrl":"https:\/\/www.accidentdutravail-idf.net\/blog\/wp-content\/uploads\/2026\/01\/apres-deux-accidents-mortels-de-vtc-les-conditions-de-travail-des-travailleurs-de-plateformes-de-nouveau-en-question.jpg"},{"@type":"BreadcrumbList","@id":"https:\/\/www.accidentdutravail-idf.net\/blog\/apres-deux-accidents-mortels-de-vtc-les-conditions-de-travail-des-travailleurs-de-plateformes-de-nouveau-en-question\/#breadcrumb","itemListElement":[{"@type":"ListItem","position":1,"name":"Accueil","item":"https:\/\/www.accidentdutravail-idf.net\/blog\/"},{"@type":"ListItem","position":2,"name":"Apr\u00e8s deux accidents mortels de VTC, les conditions de travail des travailleurs de plateformes de nouveau en question"}]},{"@type":"WebSite","@id":"https:\/\/www.accidentdutravail-idf.net\/blog\/#website","url":"https:\/\/www.accidentdutravail-idf.net\/blog\/","name":"ACCIDENTDUTRAVAIL-IDF","description":"Portail accidents du travail-maladies professionnelles des entreprises d&#039;Ile-de-France","publisher":{"@id":"https:\/\/www.accidentdutravail-idf.net\/blog\/#organization"},"potentialAction":[{"@type":"SearchAction","target":{"@type":"EntryPoint","urlTemplate":"https:\/\/www.accidentdutravail-idf.net\/blog\/?s={search_term_string}"},"query-input":{"@type":"PropertyValueSpecification","valueRequired":true,"valueName":"search_term_string"}}],"inLanguage":"fr-FR"},{"@type":"Organization","@id":"https:\/\/www.accidentdutravail-idf.net\/blog\/#organization","name":"accidentdutravail-idf","url":"https:\/\/www.accidentdutravail-idf.net\/blog\/","logo":{"@type":"ImageObject","inLanguage":"fr-FR","@id":"https:\/\/www.accidentdutravail-idf.net\/blog\/#\/schema\/logo\/image\/","url":"https:\/\/www.accidentdutravail-idf.net\/blog\/wp-content\/uploads\/2022\/09\/logo-2.png","contentUrl":"https:\/\/www.accidentdutravail-idf.net\/blog\/wp-content\/uploads\/2022\/09\/logo-2.png","width":380,"height":291,"caption":"accidentdutravail-idf"},"image":{"@id":"https:\/\/www.accidentdutravail-idf.net\/blog\/#\/schema\/logo\/image\/"}},{"@type":"Person","@id":"https:\/\/www.accidentdutravail-idf.net\/blog\/#\/schema\/person\/3255d2f970de45e64bd9201f38e7b947","name":"Carlos Poulain","image":{"@type":"ImageObject","inLanguage":"fr-FR","@id":"https:\/\/secure.gravatar.com\/avatar\/b1c2f9d3588e34e91adb093635df64ef4b2381991216be7576466cfcdca4baf3?s=96&d=mm&r=g","url":"https:\/\/secure.gravatar.com\/avatar\/b1c2f9d3588e34e91adb093635df64ef4b2381991216be7576466cfcdca4baf3?s=96&d=mm&r=g","contentUrl":"https:\/\/secure.gravatar.com\/avatar\/b1c2f9d3588e34e91adb093635df64ef4b2381991216be7576466cfcdca4baf3?s=96&d=mm&r=g","caption":"Carlos Poulain"},"url":"https:\/\/www.accidentdutravail-idf.net\/blog\/author\/idfcarlos\/"}]}},"_links":{"self":[{"href":"https:\/\/www.accidentdutravail-idf.net\/blog\/wp-json\/wp\/v2\/posts\/2090","targetHints":{"allow":["GET"]}}],"collection":[{"href":"https:\/\/www.accidentdutravail-idf.net\/blog\/wp-json\/wp\/v2\/posts"}],"about":[{"href":"https:\/\/www.accidentdutravail-idf.net\/blog\/wp-json\/wp\/v2\/types\/post"}],"author":[{"embeddable":true,"href":"https:\/\/www.accidentdutravail-idf.net\/blog\/wp-json\/wp\/v2\/users\/2"}],"replies":[{"embeddable":true,"href":"https:\/\/www.accidentdutravail-idf.net\/blog\/wp-json\/wp\/v2\/comments?post=2090"}],"version-history":[{"count":0,"href":"https:\/\/www.accidentdutravail-idf.net\/blog\/wp-json\/wp\/v2\/posts\/2090\/revisions"}],"wp:attachment":[{"href":"https:\/\/www.accidentdutravail-idf.net\/blog\/wp-json\/wp\/v2\/media?parent=2090"}],"wp:term":[{"taxonomy":"category","embeddable":true,"href":"https:\/\/www.accidentdutravail-idf.net\/blog\/wp-json\/wp\/v2\/categories?post=2090"},{"taxonomy":"post_tag","embeddable":true,"href":"https:\/\/www.accidentdutravail-idf.net\/blog\/wp-json\/wp\/v2\/tags?post=2090"}],"curies":[{"name":"wp","href":"https:\/\/api.w.org\/{rel}","templated":true}]}}