{"id":2089,"date":"2026-01-14T05:25:00","date_gmt":"2026-01-14T04:25:00","guid":{"rendered":"https:\/\/www.accidentdutravail-idf.net\/blog\/un-ouvrier-de-29-ans-grievement-blesse-apres-avoir-ete-happe-par-une-machine-sur-son-lieu-de-travail\/"},"modified":"2026-01-14T05:25:00","modified_gmt":"2026-01-14T04:25:00","slug":"un-ouvrier-de-29-ans-grievement-blesse-apres-avoir-ete-happe-par-une-machine-sur-son-lieu-de-travail","status":"publish","type":"post","link":"https:\/\/www.accidentdutravail-idf.net\/blog\/un-ouvrier-de-29-ans-grievement-blesse-apres-avoir-ete-happe-par-une-machine-sur-son-lieu-de-travail\/","title":{"rendered":"Un ouvrier de 29 ans gri\u00e8vement bless\u00e9 apr\u00e8s avoir \u00e9t\u00e9 happ\u00e9 par une machine sur son lieu de travail"},"content":{"rendered":"<div><img decoding=\"async\" src=\"https:\/\/www.accidentdutravail-idf.net\/blog\/wp-content\/uploads\/2026\/01\/un-ouvrier-de-29-ans-grievement-blesse-apres-avoir-ete-happe-par-une-machine-sur-son-lieu-de-travail.jpg\" class=\"ff-og-image-inserted\"><\/div>\n<p> <span class=\"article-full__chapo-label hide-on-small-only\">l&rsquo;essentiel<\/span> Ce mercredi 14&nbsp;janvier, un ouvrier de 29 ans a \u00e9t\u00e9 gri\u00e8vement bless\u00e9 apr\u00e8s avoir \u00e9t\u00e9 happ\u00e9 par une machine sur un chantier \u00e0 Lachapelle-Auzac.&nbsp;Son bras a \u00e9t\u00e9 partiellement arrach\u00e9. <\/p>\n<div data-state=\"fixed-height\" data-selection=\"disabled\"> <!-- Pub DFP Position [outstream] --> <\/p>\n<p>Un grave accident du travail est survenu ce mercredi 14&nbsp;janvier, vers 10h, dans le Lot. Les faits se sont produits sur la commune de&nbsp;Lachapelle-Auzac, au lieu-dit Nouzies. Sur son lieu de travail, un homme de 29 ans s\u2019est fait happer le bras, par une machine de travaux publics. Les salari\u00e9s se sont rapidement mobilis\u00e9s pour lui porter secours en lui faisant un garrot.<\/p>\n<p><!-- Pub DFP Position [article] --> <\/p>\n<p>Selon nos informations, la machine utilis\u00e9e par l\u2019homme&nbsp;au moment des faits&nbsp;servait \u00e0 fabriquer des enrob\u00e9s. Les collaborateurs proc\u00e9daient \u00e0 son entretien au moment du drame.&nbsp;Le bras de l\u2019homme a \u00e9t\u00e9 attrap\u00e9 par le tapis m\u00e9canique de l\u2019engin et il a \u00e9t\u00e9 partiellement arrach\u00e9. Ce genre d\u2019accident est extr\u00eamement rare. Contact\u00e9, le directeur de l\u2019entreprise est lui-m\u00eame sous le choc suite \u00e0 cet accident et ne comprend pas comment cela a pu se produire. \u00ab\u00a0Il y a des lignes de s\u00e9curit\u00e9 partout pour prot\u00e9ger les employ\u00e9s\u00a0\u00bb, confie-t-il.<\/p>\n<p class=\"std-elt__inline\"> <strong>\u00c0 lire aussi :<\/strong> <a href=\"https:\/\/www.ladepeche.fr\/2025\/12\/17\/accident-du-travail-ecrase-par-un-engin-de-chantier-un-ouvrier-de-35-ans-entre-la-vie-et-la-mort-13116510.php\" target=\"_blank\" rel=\"nofollow\">Accident du travail&nbsp;: \u00e9cras\u00e9 par un engin de chantier, un ouvrier de 35&nbsp;ans entre la vie et la mort<\/a> <\/p>\n<h2 class=\"txt-int\">La victime h\u00e9liport\u00e9e vers Toulouse<\/h2>\n<p>Gri\u00e8vement bless\u00e9, l\u2019homme, qui travaillait depuis quelques ann\u00e9es au sein de cette entreprise de BTP, a \u00e9t\u00e9 h\u00e9liport\u00e9 vers le centre hospitalier de Purpan, \u00e0 Toulouse. Selon nos informations, il connaissait la machine et s\u2019en servait r\u00e9guli\u00e8rement. Les sapeurs pompiers de Souillac ont \u00e9t\u00e9 mobilis\u00e9s sur place, ainsi que le SMUR et les gendarmes du Lot.<\/p>\n<\/p><\/div>\n<p>accidentdutravail-idf.net vous a pr\u00e9par\u00e9 ce post qui informe du sujet \u00ab\u00a0Association Sportive Huisson-Longueville Essonne\u00a0\u00bb. La chronique se veut g\u00e9n\u00e9r\u00e9e du mieux possible. Vous pouvez utiliser les coordonn\u00e9es indiqu\u00e9es sur le site dans le but d\u2019apporter des explications sur ce post qui parle du th\u00e8me \u00ab\u00a0Association Sportive Huisson-Longueville Essonne\u00a0\u00bb. Le site accidentdutravail-idf.net a pour but de fournir diverses publications sur la th\u00e9matique Association Sportive Huisson-Longueville Essonne diffus\u00e9es sur le net. Il y aura plusieurs articles autour du sujet \u00ab\u00a0Association Sportive Huisson-Longueville Essonne\u00a0\u00bb dans quelques jours, nous vous invitons \u00e0 naviguer sur notre site web \u00e0 plusieurs reprises.<\/p>\n","protected":false},"excerpt":{"rendered":"<p>l&rsquo;essentiel Ce mercredi 14&nbsp;janvier, un ouvrier de 29 ans a \u00e9t\u00e9 gri\u00e8vement bless\u00e9 apr\u00e8s avoir \u00e9t\u00e9 happ\u00e9 par une machine sur un chantier \u00e0 Lachapelle-Auzac.&nbsp;Son bras a \u00e9t\u00e9 partiellement arrach\u00e9. Un grave accident du travail est survenu ce mercredi 14&nbsp;janvier, vers 10h, dans le Lot. Les faits se sont produits sur la commune de&nbsp;Lachapelle-Auzac, au &hellip; <\/p>\n<p class=\"link-more\"><a href=\"https:\/\/www.accidentdutravail-idf.net\/blog\/un-ouvrier-de-29-ans-grievement-blesse-apres-avoir-ete-happe-par-une-machine-sur-son-lieu-de-travail\/\" class=\"more-link\">Continuer la lecture <span class=\"screen-reader-text\"> \u00ab\u00a0Un ouvrier de 29 ans gri\u00e8vement bless\u00e9 apr\u00e8s avoir \u00e9t\u00e9 happ\u00e9 par une machine sur son lieu de travail\u00a0\u00bb<\/span><\/a><\/p>\n","protected":false},"author":2,"featured_media":0,"comment_status":"closed","ping_status":"closed","sticky":false,"template":"","format":"standard","meta":{"footnotes":""},"categories":[5],"tags":[],"class_list":["post-2089","post","type-post","status-publish","format-standard","hentry","category-securite-du-travail-en-ile-de-france-et-divers","entry"],"yoast_head":"<!-- This site is optimized with the Yoast SEO plugin v27.5 - https:\/\/yoast.com\/product\/yoast-seo-wordpress\/ -->\n<title>Un ouvrier de 29 ans gri\u00e8vement bless\u00e9 apr\u00e8s avoir \u00e9t\u00e9 happ\u00e9 par une machine sur son lieu de travail - ACCIDENTDUTRAVAIL-IDF<\/title>\n<meta name=\"description\" content=\"Un ouvrier de 29 ans gri\u00e8vement bless\u00e9 apr\u00e8s avoir \u00e9t\u00e9 happ\u00e9 par une machine sur son lieu de travail article de ACCIDENTDUTRAVAIL-IDF\" \/>\n<meta name=\"robots\" content=\"index, follow, max-snippet:-1, max-image-preview:large, max-video-preview:-1\" \/>\n<link rel=\"canonical\" href=\"https:\/\/www.accidentdutravail-idf.net\/blog\/un-ouvrier-de-29-ans-grievement-blesse-apres-avoir-ete-happe-par-une-machine-sur-son-lieu-de-travail\/\" \/>\n<meta property=\"og:locale\" content=\"fr_FR\" \/>\n<meta property=\"og:type\" content=\"article\" \/>\n<meta property=\"og:title\" content=\"Un ouvrier de 29 ans gri\u00e8vement bless\u00e9 apr\u00e8s avoir \u00e9t\u00e9 happ\u00e9 par une machine sur son lieu de travail - ACCIDENTDUTRAVAIL-IDF\" \/>\n<meta property=\"og:description\" content=\"Un ouvrier de 29 ans gri\u00e8vement bless\u00e9 apr\u00e8s avoir \u00e9t\u00e9 happ\u00e9 par une machine sur son lieu de travail article de ACCIDENTDUTRAVAIL-IDF\" \/>\n<meta property=\"og:url\" content=\"https:\/\/www.accidentdutravail-idf.net\/blog\/un-ouvrier-de-29-ans-grievement-blesse-apres-avoir-ete-happe-par-une-machine-sur-son-lieu-de-travail\/\" \/>\n<meta property=\"og:site_name\" content=\"ACCIDENTDUTRAVAIL-IDF\" \/>\n<meta property=\"article:published_time\" content=\"2026-01-14T04:25:00+00:00\" \/>\n<meta property=\"og:image\" content=\"https:\/\/www.accidentdutravail-idf.net\/blog\/wp-content\/uploads\/2026\/01\/un-ouvrier-de-29-ans-grievement-blesse-apres-avoir-ete-happe-par-une-machine-sur-son-lieu-de-travail.jpg\" \/>\n<meta name=\"author\" content=\"Carlos Poulain\" \/>\n<meta name=\"twitter:card\" content=\"summary_large_image\" \/>\n<meta name=\"twitter:label1\" content=\"\u00c9crit par\" \/>\n\t<meta name=\"twitter:data1\" content=\"Carlos Poulain\" \/>\n\t<meta name=\"twitter:label2\" content=\"Dur\u00e9e de lecture estim\u00e9e\" \/>\n\t<meta name=\"twitter:data2\" content=\"2 minutes\" \/>\n<script type=\"application\/ld+json\" class=\"yoast-schema-graph\">{\"@context\":\"https:\\\/\\\/schema.org\",\"@graph\":[{\"@type\":\"Article\",\"@id\":\"https:\\\/\\\/www.accidentdutravail-idf.net\\\/blog\\\/un-ouvrier-de-29-ans-grievement-blesse-apres-avoir-ete-happe-par-une-machine-sur-son-lieu-de-travail\\\/#article\",\"isPartOf\":{\"@id\":\"https:\\\/\\\/www.accidentdutravail-idf.net\\\/blog\\\/un-ouvrier-de-29-ans-grievement-blesse-apres-avoir-ete-happe-par-une-machine-sur-son-lieu-de-travail\\\/\"},\"author\":{\"name\":\"Carlos Poulain\",\"@id\":\"https:\\\/\\\/www.accidentdutravail-idf.net\\\/blog\\\/#\\\/schema\\\/person\\\/3255d2f970de45e64bd9201f38e7b947\"},\"headline\":\"Un ouvrier de 29 ans gri\u00e8vement bless\u00e9 apr\u00e8s avoir \u00e9t\u00e9 happ\u00e9 par une machine sur son lieu de travail\",\"datePublished\":\"2026-01-14T04:25:00+00:00\",\"mainEntityOfPage\":{\"@id\":\"https:\\\/\\\/www.accidentdutravail-idf.net\\\/blog\\\/un-ouvrier-de-29-ans-grievement-blesse-apres-avoir-ete-happe-par-une-machine-sur-son-lieu-de-travail\\\/\"},\"wordCount\":423,\"publisher\":{\"@id\":\"https:\\\/\\\/www.accidentdutravail-idf.net\\\/blog\\\/#organization\"},\"image\":{\"@id\":\"https:\\\/\\\/www.accidentdutravail-idf.net\\\/blog\\\/un-ouvrier-de-29-ans-grievement-blesse-apres-avoir-ete-happe-par-une-machine-sur-son-lieu-de-travail\\\/#primaryimage\"},\"thumbnailUrl\":\"https:\\\/\\\/www.accidentdutravail-idf.net\\\/blog\\\/wp-content\\\/uploads\\\/2026\\\/01\\\/un-ouvrier-de-29-ans-grievement-blesse-apres-avoir-ete-happe-par-une-machine-sur-son-lieu-de-travail.jpg\",\"articleSection\":[\"S\u00e9curit\u00e9 Du Travail En Ile-De-France Et Divers:\"],\"inLanguage\":\"fr-FR\"},{\"@type\":\"WebPage\",\"@id\":\"https:\\\/\\\/www.accidentdutravail-idf.net\\\/blog\\\/un-ouvrier-de-29-ans-grievement-blesse-apres-avoir-ete-happe-par-une-machine-sur-son-lieu-de-travail\\\/\",\"url\":\"https:\\\/\\\/www.accidentdutravail-idf.net\\\/blog\\\/un-ouvrier-de-29-ans-grievement-blesse-apres-avoir-ete-happe-par-une-machine-sur-son-lieu-de-travail\\\/\",\"name\":\"Un ouvrier de 29 ans gri\u00e8vement bless\u00e9 apr\u00e8s avoir \u00e9t\u00e9 happ\u00e9 par une machine sur son lieu de travail - ACCIDENTDUTRAVAIL-IDF\",\"isPartOf\":{\"@id\":\"https:\\\/\\\/www.accidentdutravail-idf.net\\\/blog\\\/#website\"},\"primaryImageOfPage\":{\"@id\":\"https:\\\/\\\/www.accidentdutravail-idf.net\\\/blog\\\/un-ouvrier-de-29-ans-grievement-blesse-apres-avoir-ete-happe-par-une-machine-sur-son-lieu-de-travail\\\/#primaryimage\"},\"image\":{\"@id\":\"https:\\\/\\\/www.accidentdutravail-idf.net\\\/blog\\\/un-ouvrier-de-29-ans-grievement-blesse-apres-avoir-ete-happe-par-une-machine-sur-son-lieu-de-travail\\\/#primaryimage\"},\"thumbnailUrl\":\"https:\\\/\\\/www.accidentdutravail-idf.net\\\/blog\\\/wp-content\\\/uploads\\\/2026\\\/01\\\/un-ouvrier-de-29-ans-grievement-blesse-apres-avoir-ete-happe-par-une-machine-sur-son-lieu-de-travail.jpg\",\"datePublished\":\"2026-01-14T04:25:00+00:00\",\"description\":\"Un ouvrier de 29 ans gri\u00e8vement bless\u00e9 apr\u00e8s avoir \u00e9t\u00e9 happ\u00e9 par une machine sur son lieu de travail article de ACCIDENTDUTRAVAIL-IDF\",\"breadcrumb\":{\"@id\":\"https:\\\/\\\/www.accidentdutravail-idf.net\\\/blog\\\/un-ouvrier-de-29-ans-grievement-blesse-apres-avoir-ete-happe-par-une-machine-sur-son-lieu-de-travail\\\/#breadcrumb\"},\"inLanguage\":\"fr-FR\",\"potentialAction\":[{\"@type\":\"ReadAction\",\"target\":[\"https:\\\/\\\/www.accidentdutravail-idf.net\\\/blog\\\/un-ouvrier-de-29-ans-grievement-blesse-apres-avoir-ete-happe-par-une-machine-sur-son-lieu-de-travail\\\/\"]}]},{\"@type\":\"ImageObject\",\"inLanguage\":\"fr-FR\",\"@id\":\"https:\\\/\\\/www.accidentdutravail-idf.net\\\/blog\\\/un-ouvrier-de-29-ans-grievement-blesse-apres-avoir-ete-happe-par-une-machine-sur-son-lieu-de-travail\\\/#primaryimage\",\"url\":\"https:\\\/\\\/www.accidentdutravail-idf.net\\\/blog\\\/wp-content\\\/uploads\\\/2026\\\/01\\\/un-ouvrier-de-29-ans-grievement-blesse-apres-avoir-ete-happe-par-une-machine-sur-son-lieu-de-travail.jpg\",\"contentUrl\":\"https:\\\/\\\/www.accidentdutravail-idf.net\\\/blog\\\/wp-content\\\/uploads\\\/2026\\\/01\\\/un-ouvrier-de-29-ans-grievement-blesse-apres-avoir-ete-happe-par-une-machine-sur-son-lieu-de-travail.jpg\"},{\"@type\":\"BreadcrumbList\",\"@id\":\"https:\\\/\\\/www.accidentdutravail-idf.net\\\/blog\\\/un-ouvrier-de-29-ans-grievement-blesse-apres-avoir-ete-happe-par-une-machine-sur-son-lieu-de-travail\\\/#breadcrumb\",\"itemListElement\":[{\"@type\":\"ListItem\",\"position\":1,\"name\":\"Accueil\",\"item\":\"https:\\\/\\\/www.accidentdutravail-idf.net\\\/blog\\\/\"},{\"@type\":\"ListItem\",\"position\":2,\"name\":\"Un ouvrier de 29 ans gri\u00e8vement bless\u00e9 apr\u00e8s avoir \u00e9t\u00e9 happ\u00e9 par une machine sur son lieu de travail\"}]},{\"@type\":\"WebSite\",\"@id\":\"https:\\\/\\\/www.accidentdutravail-idf.net\\\/blog\\\/#website\",\"url\":\"https:\\\/\\\/www.accidentdutravail-idf.net\\\/blog\\\/\",\"name\":\"ACCIDENTDUTRAVAIL-IDF\",\"description\":\"Portail accidents du travail-maladies professionnelles des entreprises d&#039;Ile-de-France\",\"publisher\":{\"@id\":\"https:\\\/\\\/www.accidentdutravail-idf.net\\\/blog\\\/#organization\"},\"potentialAction\":[{\"@type\":\"SearchAction\",\"target\":{\"@type\":\"EntryPoint\",\"urlTemplate\":\"https:\\\/\\\/www.accidentdutravail-idf.net\\\/blog\\\/?s={search_term_string}\"},\"query-input\":{\"@type\":\"PropertyValueSpecification\",\"valueRequired\":true,\"valueName\":\"search_term_string\"}}],\"inLanguage\":\"fr-FR\"},{\"@type\":\"Organization\",\"@id\":\"https:\\\/\\\/www.accidentdutravail-idf.net\\\/blog\\\/#organization\",\"name\":\"accidentdutravail-idf\",\"url\":\"https:\\\/\\\/www.accidentdutravail-idf.net\\\/blog\\\/\",\"logo\":{\"@type\":\"ImageObject\",\"inLanguage\":\"fr-FR\",\"@id\":\"https:\\\/\\\/www.accidentdutravail-idf.net\\\/blog\\\/#\\\/schema\\\/logo\\\/image\\\/\",\"url\":\"https:\\\/\\\/www.accidentdutravail-idf.net\\\/blog\\\/wp-content\\\/uploads\\\/2022\\\/09\\\/logo-2.png\",\"contentUrl\":\"https:\\\/\\\/www.accidentdutravail-idf.net\\\/blog\\\/wp-content\\\/uploads\\\/2022\\\/09\\\/logo-2.png\",\"width\":380,\"height\":291,\"caption\":\"accidentdutravail-idf\"},\"image\":{\"@id\":\"https:\\\/\\\/www.accidentdutravail-idf.net\\\/blog\\\/#\\\/schema\\\/logo\\\/image\\\/\"}},{\"@type\":\"Person\",\"@id\":\"https:\\\/\\\/www.accidentdutravail-idf.net\\\/blog\\\/#\\\/schema\\\/person\\\/3255d2f970de45e64bd9201f38e7b947\",\"name\":\"Carlos Poulain\",\"image\":{\"@type\":\"ImageObject\",\"inLanguage\":\"fr-FR\",\"@id\":\"https:\\\/\\\/secure.gravatar.com\\\/avatar\\\/b1c2f9d3588e34e91adb093635df64ef4b2381991216be7576466cfcdca4baf3?s=96&d=mm&r=g\",\"url\":\"https:\\\/\\\/secure.gravatar.com\\\/avatar\\\/b1c2f9d3588e34e91adb093635df64ef4b2381991216be7576466cfcdca4baf3?s=96&d=mm&r=g\",\"contentUrl\":\"https:\\\/\\\/secure.gravatar.com\\\/avatar\\\/b1c2f9d3588e34e91adb093635df64ef4b2381991216be7576466cfcdca4baf3?s=96&d=mm&r=g\",\"caption\":\"Carlos Poulain\"},\"url\":\"https:\\\/\\\/www.accidentdutravail-idf.net\\\/blog\\\/author\\\/idfcarlos\\\/\"}]}<\/script>\n<!-- \/ Yoast SEO plugin. -->","yoast_head_json":{"title":"Un ouvrier de 29 ans gri\u00e8vement bless\u00e9 apr\u00e8s avoir \u00e9t\u00e9 happ\u00e9 par une machine sur son lieu de travail - ACCIDENTDUTRAVAIL-IDF","description":"Un ouvrier de 29 ans gri\u00e8vement bless\u00e9 apr\u00e8s avoir \u00e9t\u00e9 happ\u00e9 par une machine sur son lieu de travail article de ACCIDENTDUTRAVAIL-IDF","robots":{"index":"index","follow":"follow","max-snippet":"max-snippet:-1","max-image-preview":"max-image-preview:large","max-video-preview":"max-video-preview:-1"},"canonical":"https:\/\/www.accidentdutravail-idf.net\/blog\/un-ouvrier-de-29-ans-grievement-blesse-apres-avoir-ete-happe-par-une-machine-sur-son-lieu-de-travail\/","og_locale":"fr_FR","og_type":"article","og_title":"Un ouvrier de 29 ans gri\u00e8vement bless\u00e9 apr\u00e8s avoir \u00e9t\u00e9 happ\u00e9 par une machine sur son lieu de travail - ACCIDENTDUTRAVAIL-IDF","og_description":"Un ouvrier de 29 ans gri\u00e8vement bless\u00e9 apr\u00e8s avoir \u00e9t\u00e9 happ\u00e9 par une machine sur son lieu de travail article de ACCIDENTDUTRAVAIL-IDF","og_url":"https:\/\/www.accidentdutravail-idf.net\/blog\/un-ouvrier-de-29-ans-grievement-blesse-apres-avoir-ete-happe-par-une-machine-sur-son-lieu-de-travail\/","og_site_name":"ACCIDENTDUTRAVAIL-IDF","article_published_time":"2026-01-14T04:25:00+00:00","og_image":[{"url":"https:\/\/www.accidentdutravail-idf.net\/blog\/wp-content\/uploads\/2026\/01\/un-ouvrier-de-29-ans-grievement-blesse-apres-avoir-ete-happe-par-une-machine-sur-son-lieu-de-travail.jpg","type":"","width":"","height":""}],"author":"Carlos Poulain","twitter_card":"summary_large_image","twitter_misc":{"\u00c9crit par":"Carlos Poulain","Dur\u00e9e de lecture estim\u00e9e":"2 minutes"},"schema":{"@context":"https:\/\/schema.org","@graph":[{"@type":"Article","@id":"https:\/\/www.accidentdutravail-idf.net\/blog\/un-ouvrier-de-29-ans-grievement-blesse-apres-avoir-ete-happe-par-une-machine-sur-son-lieu-de-travail\/#article","isPartOf":{"@id":"https:\/\/www.accidentdutravail-idf.net\/blog\/un-ouvrier-de-29-ans-grievement-blesse-apres-avoir-ete-happe-par-une-machine-sur-son-lieu-de-travail\/"},"author":{"name":"Carlos Poulain","@id":"https:\/\/www.accidentdutravail-idf.net\/blog\/#\/schema\/person\/3255d2f970de45e64bd9201f38e7b947"},"headline":"Un ouvrier de 29 ans gri\u00e8vement bless\u00e9 apr\u00e8s avoir \u00e9t\u00e9 happ\u00e9 par une machine sur son lieu de travail","datePublished":"2026-01-14T04:25:00+00:00","mainEntityOfPage":{"@id":"https:\/\/www.accidentdutravail-idf.net\/blog\/un-ouvrier-de-29-ans-grievement-blesse-apres-avoir-ete-happe-par-une-machine-sur-son-lieu-de-travail\/"},"wordCount":423,"publisher":{"@id":"https:\/\/www.accidentdutravail-idf.net\/blog\/#organization"},"image":{"@id":"https:\/\/www.accidentdutravail-idf.net\/blog\/un-ouvrier-de-29-ans-grievement-blesse-apres-avoir-ete-happe-par-une-machine-sur-son-lieu-de-travail\/#primaryimage"},"thumbnailUrl":"https:\/\/www.accidentdutravail-idf.net\/blog\/wp-content\/uploads\/2026\/01\/un-ouvrier-de-29-ans-grievement-blesse-apres-avoir-ete-happe-par-une-machine-sur-son-lieu-de-travail.jpg","articleSection":["S\u00e9curit\u00e9 Du Travail En Ile-De-France Et Divers:"],"inLanguage":"fr-FR"},{"@type":"WebPage","@id":"https:\/\/www.accidentdutravail-idf.net\/blog\/un-ouvrier-de-29-ans-grievement-blesse-apres-avoir-ete-happe-par-une-machine-sur-son-lieu-de-travail\/","url":"https:\/\/www.accidentdutravail-idf.net\/blog\/un-ouvrier-de-29-ans-grievement-blesse-apres-avoir-ete-happe-par-une-machine-sur-son-lieu-de-travail\/","name":"Un ouvrier de 29 ans gri\u00e8vement bless\u00e9 apr\u00e8s avoir \u00e9t\u00e9 happ\u00e9 par une machine sur son lieu de travail - ACCIDENTDUTRAVAIL-IDF","isPartOf":{"@id":"https:\/\/www.accidentdutravail-idf.net\/blog\/#website"},"primaryImageOfPage":{"@id":"https:\/\/www.accidentdutravail-idf.net\/blog\/un-ouvrier-de-29-ans-grievement-blesse-apres-avoir-ete-happe-par-une-machine-sur-son-lieu-de-travail\/#primaryimage"},"image":{"@id":"https:\/\/www.accidentdutravail-idf.net\/blog\/un-ouvrier-de-29-ans-grievement-blesse-apres-avoir-ete-happe-par-une-machine-sur-son-lieu-de-travail\/#primaryimage"},"thumbnailUrl":"https:\/\/www.accidentdutravail-idf.net\/blog\/wp-content\/uploads\/2026\/01\/un-ouvrier-de-29-ans-grievement-blesse-apres-avoir-ete-happe-par-une-machine-sur-son-lieu-de-travail.jpg","datePublished":"2026-01-14T04:25:00+00:00","description":"Un ouvrier de 29 ans gri\u00e8vement bless\u00e9 apr\u00e8s avoir \u00e9t\u00e9 happ\u00e9 par une machine sur son lieu de travail article de ACCIDENTDUTRAVAIL-IDF","breadcrumb":{"@id":"https:\/\/www.accidentdutravail-idf.net\/blog\/un-ouvrier-de-29-ans-grievement-blesse-apres-avoir-ete-happe-par-une-machine-sur-son-lieu-de-travail\/#breadcrumb"},"inLanguage":"fr-FR","potentialAction":[{"@type":"ReadAction","target":["https:\/\/www.accidentdutravail-idf.net\/blog\/un-ouvrier-de-29-ans-grievement-blesse-apres-avoir-ete-happe-par-une-machine-sur-son-lieu-de-travail\/"]}]},{"@type":"ImageObject","inLanguage":"fr-FR","@id":"https:\/\/www.accidentdutravail-idf.net\/blog\/un-ouvrier-de-29-ans-grievement-blesse-apres-avoir-ete-happe-par-une-machine-sur-son-lieu-de-travail\/#primaryimage","url":"https:\/\/www.accidentdutravail-idf.net\/blog\/wp-content\/uploads\/2026\/01\/un-ouvrier-de-29-ans-grievement-blesse-apres-avoir-ete-happe-par-une-machine-sur-son-lieu-de-travail.jpg","contentUrl":"https:\/\/www.accidentdutravail-idf.net\/blog\/wp-content\/uploads\/2026\/01\/un-ouvrier-de-29-ans-grievement-blesse-apres-avoir-ete-happe-par-une-machine-sur-son-lieu-de-travail.jpg"},{"@type":"BreadcrumbList","@id":"https:\/\/www.accidentdutravail-idf.net\/blog\/un-ouvrier-de-29-ans-grievement-blesse-apres-avoir-ete-happe-par-une-machine-sur-son-lieu-de-travail\/#breadcrumb","itemListElement":[{"@type":"ListItem","position":1,"name":"Accueil","item":"https:\/\/www.accidentdutravail-idf.net\/blog\/"},{"@type":"ListItem","position":2,"name":"Un ouvrier de 29 ans gri\u00e8vement bless\u00e9 apr\u00e8s avoir \u00e9t\u00e9 happ\u00e9 par une machine sur son lieu de travail"}]},{"@type":"WebSite","@id":"https:\/\/www.accidentdutravail-idf.net\/blog\/#website","url":"https:\/\/www.accidentdutravail-idf.net\/blog\/","name":"ACCIDENTDUTRAVAIL-IDF","description":"Portail accidents du travail-maladies professionnelles des entreprises d&#039;Ile-de-France","publisher":{"@id":"https:\/\/www.accidentdutravail-idf.net\/blog\/#organization"},"potentialAction":[{"@type":"SearchAction","target":{"@type":"EntryPoint","urlTemplate":"https:\/\/www.accidentdutravail-idf.net\/blog\/?s={search_term_string}"},"query-input":{"@type":"PropertyValueSpecification","valueRequired":true,"valueName":"search_term_string"}}],"inLanguage":"fr-FR"},{"@type":"Organization","@id":"https:\/\/www.accidentdutravail-idf.net\/blog\/#organization","name":"accidentdutravail-idf","url":"https:\/\/www.accidentdutravail-idf.net\/blog\/","logo":{"@type":"ImageObject","inLanguage":"fr-FR","@id":"https:\/\/www.accidentdutravail-idf.net\/blog\/#\/schema\/logo\/image\/","url":"https:\/\/www.accidentdutravail-idf.net\/blog\/wp-content\/uploads\/2022\/09\/logo-2.png","contentUrl":"https:\/\/www.accidentdutravail-idf.net\/blog\/wp-content\/uploads\/2022\/09\/logo-2.png","width":380,"height":291,"caption":"accidentdutravail-idf"},"image":{"@id":"https:\/\/www.accidentdutravail-idf.net\/blog\/#\/schema\/logo\/image\/"}},{"@type":"Person","@id":"https:\/\/www.accidentdutravail-idf.net\/blog\/#\/schema\/person\/3255d2f970de45e64bd9201f38e7b947","name":"Carlos Poulain","image":{"@type":"ImageObject","inLanguage":"fr-FR","@id":"https:\/\/secure.gravatar.com\/avatar\/b1c2f9d3588e34e91adb093635df64ef4b2381991216be7576466cfcdca4baf3?s=96&d=mm&r=g","url":"https:\/\/secure.gravatar.com\/avatar\/b1c2f9d3588e34e91adb093635df64ef4b2381991216be7576466cfcdca4baf3?s=96&d=mm&r=g","contentUrl":"https:\/\/secure.gravatar.com\/avatar\/b1c2f9d3588e34e91adb093635df64ef4b2381991216be7576466cfcdca4baf3?s=96&d=mm&r=g","caption":"Carlos Poulain"},"url":"https:\/\/www.accidentdutravail-idf.net\/blog\/author\/idfcarlos\/"}]}},"_links":{"self":[{"href":"https:\/\/www.accidentdutravail-idf.net\/blog\/wp-json\/wp\/v2\/posts\/2089","targetHints":{"allow":["GET"]}}],"collection":[{"href":"https:\/\/www.accidentdutravail-idf.net\/blog\/wp-json\/wp\/v2\/posts"}],"about":[{"href":"https:\/\/www.accidentdutravail-idf.net\/blog\/wp-json\/wp\/v2\/types\/post"}],"author":[{"embeddable":true,"href":"https:\/\/www.accidentdutravail-idf.net\/blog\/wp-json\/wp\/v2\/users\/2"}],"replies":[{"embeddable":true,"href":"https:\/\/www.accidentdutravail-idf.net\/blog\/wp-json\/wp\/v2\/comments?post=2089"}],"version-history":[{"count":0,"href":"https:\/\/www.accidentdutravail-idf.net\/blog\/wp-json\/wp\/v2\/posts\/2089\/revisions"}],"wp:attachment":[{"href":"https:\/\/www.accidentdutravail-idf.net\/blog\/wp-json\/wp\/v2\/media?parent=2089"}],"wp:term":[{"taxonomy":"category","embeddable":true,"href":"https:\/\/www.accidentdutravail-idf.net\/blog\/wp-json\/wp\/v2\/categories?post=2089"},{"taxonomy":"post_tag","embeddable":true,"href":"https:\/\/www.accidentdutravail-idf.net\/blog\/wp-json\/wp\/v2\/tags?post=2089"}],"curies":[{"name":"wp","href":"https:\/\/api.w.org\/{rel}","templated":true}]}}