{"id":203,"date":"2021-10-20T13:33:10","date_gmt":"2021-10-20T12:33:10","guid":{"rendered":"https:\/\/www.site.cdcl.xyz\/2021\/10\/20\/gauche-france-ronanloas-je-te-trouve-bien-moqueur-ronan-je-pe-nupes-gauche-annaiglemoel\/"},"modified":"2021-10-20T13:33:10","modified_gmt":"2021-10-20T12:33:10","slug":"gauche-france-ronanloas-je-te-trouve-bien-moqueur-ronan-je-pe-nupes-gauche-annaiglemoel","status":"publish","type":"post","link":"https:\/\/www.accidentdutravail-idf.net\/blog\/gauche-france-ronanloas-je-te-trouve-bien-moqueur-ronan-je-pe-nupes-gauche-annaiglemoel\/","title":{"rendered":"Gauche France: @RonanLoas Je te trouve bien moqueur Ronan ! Je pe\u2026 #nupes #gauche @AnnaigLeMoel"},"content":{"rendered":"<p>Ce message se propage sur les derniers tweets publi\u00e9s, nous avons projet\u00e9 de vous le signaler plus bas.<\/p>\n<p> Annonc\u00e9 sous la signature \u00abAnna\u00efg Le Mo\u00ebl Raflik\u00bb, le compte twitter qui le publie est connu sous le \u00ab&nbsp;nom twitter&nbsp;\u00bb @AnnaigLeMoel.<\/p>\n<p>Pour m\u00e9moire voici son profil:Assistante sociale engag\u00e9e, pro europeenne, feministe, adjointe socialiste de #Lanester \u00e0 la vie culturelle. Conseill\u00e8re communautaire.<\/p>\n<p>Vous pouvez consulter sa page sur ce lien :https:\/\/twitter.com\/intent\/user?user_id=63052586<\/p>\n<p>Texte source : <\/p>\n<p>@RonanLoas Je te trouve bien moqueur Ronan ! Je pense que celles et ceux qui ont pu se marier bien qu\u2019\u00e9tant du m\u00eame sexe se souviennent bien de cette avanc\u00e9e soci\u00e9taire majeure sur la p\u00e9riode 2012-2017\u2026<\/p>\n<p>Ce tweet a \u00e9t\u00e9 lik\u00e9 0 fois et a \u00e9t\u00e9 retwett\u00e9 0 fois.<\/p>\n<p>Ce propos vous a fascin\u00e9 vous aimerez \u00e9galement ces publications :<\/p>\n<p>Pour en finir avec le vieux socialisme\u2026 et \u00eatre enfin de gauche ! : entretiens avec Claude Askolovitch.,<a href=\"https:\/\/booknode.com\/pour_en_finir_avec_le_vieux_socialisme_et_etre_enfin_de_gauche_entretiens_avec_claude_askolovitch_042632\" target=\"_blank\" rel=\"noopener noreferrer nofollow\">Ici <\/a><span><\/span>.<\/p>\n<p>La France socialiste\/I.,<a href=\"https:\/\/fr.wikisource.org\/wiki\/La_France_socialiste\/I\" target=\"_blank\" rel=\"noopener noreferrer nofollow\">R\u00e9f\u00e9rences de l\u2019ouvrage<\/a><span><\/span>. Disponible dans toutes les bonnes biblioth\u00e8ques de votre d\u00e9partement.<\/p>\n<p>Communisme. La guerre des m\u00e9moires.,<a href=\"https:\/\/booknode.com\/communisme_la_guerre_des_memoires_03361766\" target=\"_blank\" rel=\"noopener noreferrer nofollow\">Redirection vers la fiche de pr\u00e9sentation de ce livre<\/a><span><\/span>.<\/p>\n","protected":false},"excerpt":{"rendered":"<p>Ce message se propage sur les derniers tweets publi\u00e9s, nous avons projet\u00e9 de vous le signaler plus bas. Annonc\u00e9 sous la signature \u00abAnna\u00efg Le Mo\u00ebl Raflik\u00bb, le compte twitter qui le publie est connu sous le \u00ab&nbsp;nom twitter&nbsp;\u00bb @AnnaigLeMoel. Pour m\u00e9moire voici son profil:Assistante sociale engag\u00e9e, pro europeenne, feministe, adjointe socialiste de #Lanester \u00e0 la &hellip; <\/p>\n<p class=\"link-more\"><a href=\"https:\/\/www.accidentdutravail-idf.net\/blog\/gauche-france-ronanloas-je-te-trouve-bien-moqueur-ronan-je-pe-nupes-gauche-annaiglemoel\/\" class=\"more-link\">Continuer la lecture <span class=\"screen-reader-text\"> \u00ab\u00a0Gauche France: @RonanLoas Je te trouve bien moqueur Ronan ! Je pe\u2026 #nupes #gauche @AnnaigLeMoel\u00a0\u00bb<\/span><\/a><\/p>\n","protected":false},"author":3,"featured_media":204,"comment_status":"closed","ping_status":"closed","sticky":false,"template":"","format":"standard","meta":{"footnotes":""},"categories":[3],"tags":[],"class_list":["post-203","post","type-post","status-publish","format-standard","has-post-thumbnail","hentry","category-securite-du-travail-en-ile-de-france-communiques","entry"],"yoast_head":"<!-- This site is optimized with the Yoast SEO plugin v27.5 - https:\/\/yoast.com\/product\/yoast-seo-wordpress\/ -->\n<title>Gauche France: @RonanLoas Je te trouve bien moqueur Ronan ! Je pe\u2026 #nupes #gauche @AnnaigLeMoel - ACCIDENTDUTRAVAIL-IDF<\/title>\n<meta name=\"description\" content=\"Gauche France: @RonanLoas Je te trouve bien moqueur Ronan ! Je pe\u2026 #nupes #gauche @AnnaigLeMoel article de ACCIDENTDUTRAVAIL-IDF\" \/>\n<meta name=\"robots\" content=\"index, follow, max-snippet:-1, max-image-preview:large, max-video-preview:-1\" \/>\n<link rel=\"canonical\" href=\"https:\/\/www.accidentdutravail-idf.net\/blog\/gauche-france-ronanloas-je-te-trouve-bien-moqueur-ronan-je-pe-nupes-gauche-annaiglemoel\/\" \/>\n<meta property=\"og:locale\" content=\"fr_FR\" \/>\n<meta property=\"og:type\" content=\"article\" \/>\n<meta property=\"og:title\" content=\"Gauche France: @RonanLoas Je te trouve bien moqueur Ronan ! Je pe\u2026 #nupes #gauche @AnnaigLeMoel - ACCIDENTDUTRAVAIL-IDF\" \/>\n<meta property=\"og:description\" content=\"Gauche France: @RonanLoas Je te trouve bien moqueur Ronan ! Je pe\u2026 #nupes #gauche @AnnaigLeMoel article de ACCIDENTDUTRAVAIL-IDF\" \/>\n<meta property=\"og:url\" content=\"https:\/\/www.accidentdutravail-idf.net\/blog\/gauche-france-ronanloas-je-te-trouve-bien-moqueur-ronan-je-pe-nupes-gauche-annaiglemoel\/\" \/>\n<meta property=\"og:site_name\" content=\"ACCIDENTDUTRAVAIL-IDF\" \/>\n<meta property=\"article:published_time\" content=\"2021-10-20T12:33:10+00:00\" \/>\n<meta name=\"author\" content=\"Roxane BARLER\" \/>\n<meta name=\"twitter:card\" content=\"summary_large_image\" \/>\n<meta name=\"twitter:label1\" content=\"\u00c9crit par\" \/>\n\t<meta name=\"twitter:data1\" content=\"Roxane BARLER\" \/>\n\t<meta name=\"twitter:label2\" content=\"Dur\u00e9e de lecture estim\u00e9e\" \/>\n\t<meta name=\"twitter:data2\" content=\"1 minute\" \/>\n<script type=\"application\/ld+json\" class=\"yoast-schema-graph\">{\"@context\":\"https:\\\/\\\/schema.org\",\"@graph\":[{\"@type\":\"Article\",\"@id\":\"https:\\\/\\\/www.accidentdutravail-idf.net\\\/blog\\\/gauche-france-ronanloas-je-te-trouve-bien-moqueur-ronan-je-pe-nupes-gauche-annaiglemoel\\\/#article\",\"isPartOf\":{\"@id\":\"https:\\\/\\\/www.accidentdutravail-idf.net\\\/blog\\\/gauche-france-ronanloas-je-te-trouve-bien-moqueur-ronan-je-pe-nupes-gauche-annaiglemoel\\\/\"},\"author\":{\"name\":\"Roxane BARLER\",\"@id\":\"https:\\\/\\\/www.accidentdutravail-idf.net\\\/blog\\\/#\\\/schema\\\/person\\\/73aa09ba2db8f06bf1debf3a872bd6f9\"},\"headline\":\"Gauche France: @RonanLoas Je te trouve bien moqueur Ronan ! Je pe\u2026 #nupes #gauche @AnnaigLeMoel\",\"datePublished\":\"2021-10-20T12:33:10+00:00\",\"mainEntityOfPage\":{\"@id\":\"https:\\\/\\\/www.accidentdutravail-idf.net\\\/blog\\\/gauche-france-ronanloas-je-te-trouve-bien-moqueur-ronan-je-pe-nupes-gauche-annaiglemoel\\\/\"},\"wordCount\":213,\"publisher\":{\"@id\":\"https:\\\/\\\/www.accidentdutravail-idf.net\\\/blog\\\/#organization\"},\"image\":{\"@id\":\"https:\\\/\\\/www.accidentdutravail-idf.net\\\/blog\\\/gauche-france-ronanloas-je-te-trouve-bien-moqueur-ronan-je-pe-nupes-gauche-annaiglemoel\\\/#primaryimage\"},\"thumbnailUrl\":\"https:\\\/\\\/www.accidentdutravail-idf.net\\\/blog\\\/wp-content\\\/uploads\\\/2022\\\/11\\\/gauche-france-ronanloas-je-te-trouve-bien-moqueur-ronan-je-pe-nupes-gauche-annaiglemoel.jpg\",\"articleSection\":[\"S\u00e9curit\u00e9 Du Travail En Ile-De-France Communiqu\u00e9s:\"],\"inLanguage\":\"fr-FR\"},{\"@type\":\"WebPage\",\"@id\":\"https:\\\/\\\/www.accidentdutravail-idf.net\\\/blog\\\/gauche-france-ronanloas-je-te-trouve-bien-moqueur-ronan-je-pe-nupes-gauche-annaiglemoel\\\/\",\"url\":\"https:\\\/\\\/www.accidentdutravail-idf.net\\\/blog\\\/gauche-france-ronanloas-je-te-trouve-bien-moqueur-ronan-je-pe-nupes-gauche-annaiglemoel\\\/\",\"name\":\"Gauche France: @RonanLoas Je te trouve bien moqueur Ronan ! Je pe\u2026 #nupes #gauche @AnnaigLeMoel - ACCIDENTDUTRAVAIL-IDF\",\"isPartOf\":{\"@id\":\"https:\\\/\\\/www.accidentdutravail-idf.net\\\/blog\\\/#website\"},\"primaryImageOfPage\":{\"@id\":\"https:\\\/\\\/www.accidentdutravail-idf.net\\\/blog\\\/gauche-france-ronanloas-je-te-trouve-bien-moqueur-ronan-je-pe-nupes-gauche-annaiglemoel\\\/#primaryimage\"},\"image\":{\"@id\":\"https:\\\/\\\/www.accidentdutravail-idf.net\\\/blog\\\/gauche-france-ronanloas-je-te-trouve-bien-moqueur-ronan-je-pe-nupes-gauche-annaiglemoel\\\/#primaryimage\"},\"thumbnailUrl\":\"https:\\\/\\\/www.accidentdutravail-idf.net\\\/blog\\\/wp-content\\\/uploads\\\/2022\\\/11\\\/gauche-france-ronanloas-je-te-trouve-bien-moqueur-ronan-je-pe-nupes-gauche-annaiglemoel.jpg\",\"datePublished\":\"2021-10-20T12:33:10+00:00\",\"description\":\"Gauche France: @RonanLoas Je te trouve bien moqueur Ronan ! Je pe\u2026 #nupes #gauche @AnnaigLeMoel article de ACCIDENTDUTRAVAIL-IDF\",\"breadcrumb\":{\"@id\":\"https:\\\/\\\/www.accidentdutravail-idf.net\\\/blog\\\/gauche-france-ronanloas-je-te-trouve-bien-moqueur-ronan-je-pe-nupes-gauche-annaiglemoel\\\/#breadcrumb\"},\"inLanguage\":\"fr-FR\",\"potentialAction\":[{\"@type\":\"ReadAction\",\"target\":[\"https:\\\/\\\/www.accidentdutravail-idf.net\\\/blog\\\/gauche-france-ronanloas-je-te-trouve-bien-moqueur-ronan-je-pe-nupes-gauche-annaiglemoel\\\/\"]}]},{\"@type\":\"ImageObject\",\"inLanguage\":\"fr-FR\",\"@id\":\"https:\\\/\\\/www.accidentdutravail-idf.net\\\/blog\\\/gauche-france-ronanloas-je-te-trouve-bien-moqueur-ronan-je-pe-nupes-gauche-annaiglemoel\\\/#primaryimage\",\"url\":\"https:\\\/\\\/www.accidentdutravail-idf.net\\\/blog\\\/wp-content\\\/uploads\\\/2022\\\/11\\\/gauche-france-ronanloas-je-te-trouve-bien-moqueur-ronan-je-pe-nupes-gauche-annaiglemoel.jpg\",\"contentUrl\":\"https:\\\/\\\/www.accidentdutravail-idf.net\\\/blog\\\/wp-content\\\/uploads\\\/2022\\\/11\\\/gauche-france-ronanloas-je-te-trouve-bien-moqueur-ronan-je-pe-nupes-gauche-annaiglemoel.jpg\",\"width\":800,\"height\":526,\"caption\":\"gauche france ronanloas je te trouve bien moqueur ronan je pe nupes gauche annaiglemoel\"},{\"@type\":\"BreadcrumbList\",\"@id\":\"https:\\\/\\\/www.accidentdutravail-idf.net\\\/blog\\\/gauche-france-ronanloas-je-te-trouve-bien-moqueur-ronan-je-pe-nupes-gauche-annaiglemoel\\\/#breadcrumb\",\"itemListElement\":[{\"@type\":\"ListItem\",\"position\":1,\"name\":\"Accueil\",\"item\":\"https:\\\/\\\/www.accidentdutravail-idf.net\\\/blog\\\/\"},{\"@type\":\"ListItem\",\"position\":2,\"name\":\"Gauche France: @RonanLoas Je te trouve bien moqueur Ronan ! Je pe\u2026 #nupes #gauche @AnnaigLeMoel\"}]},{\"@type\":\"WebSite\",\"@id\":\"https:\\\/\\\/www.accidentdutravail-idf.net\\\/blog\\\/#website\",\"url\":\"https:\\\/\\\/www.accidentdutravail-idf.net\\\/blog\\\/\",\"name\":\"ACCIDENTDUTRAVAIL-IDF\",\"description\":\"Portail accidents du travail-maladies professionnelles des entreprises d&#039;Ile-de-France\",\"publisher\":{\"@id\":\"https:\\\/\\\/www.accidentdutravail-idf.net\\\/blog\\\/#organization\"},\"potentialAction\":[{\"@type\":\"SearchAction\",\"target\":{\"@type\":\"EntryPoint\",\"urlTemplate\":\"https:\\\/\\\/www.accidentdutravail-idf.net\\\/blog\\\/?s={search_term_string}\"},\"query-input\":{\"@type\":\"PropertyValueSpecification\",\"valueRequired\":true,\"valueName\":\"search_term_string\"}}],\"inLanguage\":\"fr-FR\"},{\"@type\":\"Organization\",\"@id\":\"https:\\\/\\\/www.accidentdutravail-idf.net\\\/blog\\\/#organization\",\"name\":\"accidentdutravail-idf\",\"url\":\"https:\\\/\\\/www.accidentdutravail-idf.net\\\/blog\\\/\",\"logo\":{\"@type\":\"ImageObject\",\"inLanguage\":\"fr-FR\",\"@id\":\"https:\\\/\\\/www.accidentdutravail-idf.net\\\/blog\\\/#\\\/schema\\\/logo\\\/image\\\/\",\"url\":\"https:\\\/\\\/www.accidentdutravail-idf.net\\\/blog\\\/wp-content\\\/uploads\\\/2022\\\/09\\\/logo-2.png\",\"contentUrl\":\"https:\\\/\\\/www.accidentdutravail-idf.net\\\/blog\\\/wp-content\\\/uploads\\\/2022\\\/09\\\/logo-2.png\",\"width\":380,\"height\":291,\"caption\":\"accidentdutravail-idf\"},\"image\":{\"@id\":\"https:\\\/\\\/www.accidentdutravail-idf.net\\\/blog\\\/#\\\/schema\\\/logo\\\/image\\\/\"}},{\"@type\":\"Person\",\"@id\":\"https:\\\/\\\/www.accidentdutravail-idf.net\\\/blog\\\/#\\\/schema\\\/person\\\/73aa09ba2db8f06bf1debf3a872bd6f9\",\"name\":\"Roxane BARLER\",\"image\":{\"@type\":\"ImageObject\",\"inLanguage\":\"fr-FR\",\"@id\":\"https:\\\/\\\/secure.gravatar.com\\\/avatar\\\/0167a3f2fdd1b1378a9aef148e68e7656ab41c7534176836deba3d1e5d6dc5df?s=96&d=mm&r=g\",\"url\":\"https:\\\/\\\/secure.gravatar.com\\\/avatar\\\/0167a3f2fdd1b1378a9aef148e68e7656ab41c7534176836deba3d1e5d6dc5df?s=96&d=mm&r=g\",\"contentUrl\":\"https:\\\/\\\/secure.gravatar.com\\\/avatar\\\/0167a3f2fdd1b1378a9aef148e68e7656ab41c7534176836deba3d1e5d6dc5df?s=96&d=mm&r=g\",\"caption\":\"Roxane BARLER\"},\"url\":\"https:\\\/\\\/www.accidentdutravail-idf.net\\\/blog\\\/author\\\/idfroxane\\\/\"}]}<\/script>\n<!-- \/ Yoast SEO plugin. -->","yoast_head_json":{"title":"Gauche France: @RonanLoas Je te trouve bien moqueur Ronan ! Je pe\u2026 #nupes #gauche @AnnaigLeMoel - ACCIDENTDUTRAVAIL-IDF","description":"Gauche France: @RonanLoas Je te trouve bien moqueur Ronan ! Je pe\u2026 #nupes #gauche @AnnaigLeMoel article de ACCIDENTDUTRAVAIL-IDF","robots":{"index":"index","follow":"follow","max-snippet":"max-snippet:-1","max-image-preview":"max-image-preview:large","max-video-preview":"max-video-preview:-1"},"canonical":"https:\/\/www.accidentdutravail-idf.net\/blog\/gauche-france-ronanloas-je-te-trouve-bien-moqueur-ronan-je-pe-nupes-gauche-annaiglemoel\/","og_locale":"fr_FR","og_type":"article","og_title":"Gauche France: @RonanLoas Je te trouve bien moqueur Ronan ! Je pe\u2026 #nupes #gauche @AnnaigLeMoel - ACCIDENTDUTRAVAIL-IDF","og_description":"Gauche France: @RonanLoas Je te trouve bien moqueur Ronan ! Je pe\u2026 #nupes #gauche @AnnaigLeMoel article de ACCIDENTDUTRAVAIL-IDF","og_url":"https:\/\/www.accidentdutravail-idf.net\/blog\/gauche-france-ronanloas-je-te-trouve-bien-moqueur-ronan-je-pe-nupes-gauche-annaiglemoel\/","og_site_name":"ACCIDENTDUTRAVAIL-IDF","article_published_time":"2021-10-20T12:33:10+00:00","author":"Roxane BARLER","twitter_card":"summary_large_image","twitter_misc":{"\u00c9crit par":"Roxane BARLER","Dur\u00e9e de lecture estim\u00e9e":"1 minute"},"schema":{"@context":"https:\/\/schema.org","@graph":[{"@type":"Article","@id":"https:\/\/www.accidentdutravail-idf.net\/blog\/gauche-france-ronanloas-je-te-trouve-bien-moqueur-ronan-je-pe-nupes-gauche-annaiglemoel\/#article","isPartOf":{"@id":"https:\/\/www.accidentdutravail-idf.net\/blog\/gauche-france-ronanloas-je-te-trouve-bien-moqueur-ronan-je-pe-nupes-gauche-annaiglemoel\/"},"author":{"name":"Roxane BARLER","@id":"https:\/\/www.accidentdutravail-idf.net\/blog\/#\/schema\/person\/73aa09ba2db8f06bf1debf3a872bd6f9"},"headline":"Gauche France: @RonanLoas Je te trouve bien moqueur Ronan ! Je pe\u2026 #nupes #gauche @AnnaigLeMoel","datePublished":"2021-10-20T12:33:10+00:00","mainEntityOfPage":{"@id":"https:\/\/www.accidentdutravail-idf.net\/blog\/gauche-france-ronanloas-je-te-trouve-bien-moqueur-ronan-je-pe-nupes-gauche-annaiglemoel\/"},"wordCount":213,"publisher":{"@id":"https:\/\/www.accidentdutravail-idf.net\/blog\/#organization"},"image":{"@id":"https:\/\/www.accidentdutravail-idf.net\/blog\/gauche-france-ronanloas-je-te-trouve-bien-moqueur-ronan-je-pe-nupes-gauche-annaiglemoel\/#primaryimage"},"thumbnailUrl":"https:\/\/www.accidentdutravail-idf.net\/blog\/wp-content\/uploads\/2022\/11\/gauche-france-ronanloas-je-te-trouve-bien-moqueur-ronan-je-pe-nupes-gauche-annaiglemoel.jpg","articleSection":["S\u00e9curit\u00e9 Du Travail En Ile-De-France Communiqu\u00e9s:"],"inLanguage":"fr-FR"},{"@type":"WebPage","@id":"https:\/\/www.accidentdutravail-idf.net\/blog\/gauche-france-ronanloas-je-te-trouve-bien-moqueur-ronan-je-pe-nupes-gauche-annaiglemoel\/","url":"https:\/\/www.accidentdutravail-idf.net\/blog\/gauche-france-ronanloas-je-te-trouve-bien-moqueur-ronan-je-pe-nupes-gauche-annaiglemoel\/","name":"Gauche France: @RonanLoas Je te trouve bien moqueur Ronan ! Je pe\u2026 #nupes #gauche @AnnaigLeMoel - ACCIDENTDUTRAVAIL-IDF","isPartOf":{"@id":"https:\/\/www.accidentdutravail-idf.net\/blog\/#website"},"primaryImageOfPage":{"@id":"https:\/\/www.accidentdutravail-idf.net\/blog\/gauche-france-ronanloas-je-te-trouve-bien-moqueur-ronan-je-pe-nupes-gauche-annaiglemoel\/#primaryimage"},"image":{"@id":"https:\/\/www.accidentdutravail-idf.net\/blog\/gauche-france-ronanloas-je-te-trouve-bien-moqueur-ronan-je-pe-nupes-gauche-annaiglemoel\/#primaryimage"},"thumbnailUrl":"https:\/\/www.accidentdutravail-idf.net\/blog\/wp-content\/uploads\/2022\/11\/gauche-france-ronanloas-je-te-trouve-bien-moqueur-ronan-je-pe-nupes-gauche-annaiglemoel.jpg","datePublished":"2021-10-20T12:33:10+00:00","description":"Gauche France: @RonanLoas Je te trouve bien moqueur Ronan ! Je pe\u2026 #nupes #gauche @AnnaigLeMoel article de ACCIDENTDUTRAVAIL-IDF","breadcrumb":{"@id":"https:\/\/www.accidentdutravail-idf.net\/blog\/gauche-france-ronanloas-je-te-trouve-bien-moqueur-ronan-je-pe-nupes-gauche-annaiglemoel\/#breadcrumb"},"inLanguage":"fr-FR","potentialAction":[{"@type":"ReadAction","target":["https:\/\/www.accidentdutravail-idf.net\/blog\/gauche-france-ronanloas-je-te-trouve-bien-moqueur-ronan-je-pe-nupes-gauche-annaiglemoel\/"]}]},{"@type":"ImageObject","inLanguage":"fr-FR","@id":"https:\/\/www.accidentdutravail-idf.net\/blog\/gauche-france-ronanloas-je-te-trouve-bien-moqueur-ronan-je-pe-nupes-gauche-annaiglemoel\/#primaryimage","url":"https:\/\/www.accidentdutravail-idf.net\/blog\/wp-content\/uploads\/2022\/11\/gauche-france-ronanloas-je-te-trouve-bien-moqueur-ronan-je-pe-nupes-gauche-annaiglemoel.jpg","contentUrl":"https:\/\/www.accidentdutravail-idf.net\/blog\/wp-content\/uploads\/2022\/11\/gauche-france-ronanloas-je-te-trouve-bien-moqueur-ronan-je-pe-nupes-gauche-annaiglemoel.jpg","width":800,"height":526,"caption":"gauche france ronanloas je te trouve bien moqueur ronan je pe nupes gauche annaiglemoel"},{"@type":"BreadcrumbList","@id":"https:\/\/www.accidentdutravail-idf.net\/blog\/gauche-france-ronanloas-je-te-trouve-bien-moqueur-ronan-je-pe-nupes-gauche-annaiglemoel\/#breadcrumb","itemListElement":[{"@type":"ListItem","position":1,"name":"Accueil","item":"https:\/\/www.accidentdutravail-idf.net\/blog\/"},{"@type":"ListItem","position":2,"name":"Gauche France: @RonanLoas Je te trouve bien moqueur Ronan ! Je pe\u2026 #nupes #gauche @AnnaigLeMoel"}]},{"@type":"WebSite","@id":"https:\/\/www.accidentdutravail-idf.net\/blog\/#website","url":"https:\/\/www.accidentdutravail-idf.net\/blog\/","name":"ACCIDENTDUTRAVAIL-IDF","description":"Portail accidents du travail-maladies professionnelles des entreprises d&#039;Ile-de-France","publisher":{"@id":"https:\/\/www.accidentdutravail-idf.net\/blog\/#organization"},"potentialAction":[{"@type":"SearchAction","target":{"@type":"EntryPoint","urlTemplate":"https:\/\/www.accidentdutravail-idf.net\/blog\/?s={search_term_string}"},"query-input":{"@type":"PropertyValueSpecification","valueRequired":true,"valueName":"search_term_string"}}],"inLanguage":"fr-FR"},{"@type":"Organization","@id":"https:\/\/www.accidentdutravail-idf.net\/blog\/#organization","name":"accidentdutravail-idf","url":"https:\/\/www.accidentdutravail-idf.net\/blog\/","logo":{"@type":"ImageObject","inLanguage":"fr-FR","@id":"https:\/\/www.accidentdutravail-idf.net\/blog\/#\/schema\/logo\/image\/","url":"https:\/\/www.accidentdutravail-idf.net\/blog\/wp-content\/uploads\/2022\/09\/logo-2.png","contentUrl":"https:\/\/www.accidentdutravail-idf.net\/blog\/wp-content\/uploads\/2022\/09\/logo-2.png","width":380,"height":291,"caption":"accidentdutravail-idf"},"image":{"@id":"https:\/\/www.accidentdutravail-idf.net\/blog\/#\/schema\/logo\/image\/"}},{"@type":"Person","@id":"https:\/\/www.accidentdutravail-idf.net\/blog\/#\/schema\/person\/73aa09ba2db8f06bf1debf3a872bd6f9","name":"Roxane BARLER","image":{"@type":"ImageObject","inLanguage":"fr-FR","@id":"https:\/\/secure.gravatar.com\/avatar\/0167a3f2fdd1b1378a9aef148e68e7656ab41c7534176836deba3d1e5d6dc5df?s=96&d=mm&r=g","url":"https:\/\/secure.gravatar.com\/avatar\/0167a3f2fdd1b1378a9aef148e68e7656ab41c7534176836deba3d1e5d6dc5df?s=96&d=mm&r=g","contentUrl":"https:\/\/secure.gravatar.com\/avatar\/0167a3f2fdd1b1378a9aef148e68e7656ab41c7534176836deba3d1e5d6dc5df?s=96&d=mm&r=g","caption":"Roxane BARLER"},"url":"https:\/\/www.accidentdutravail-idf.net\/blog\/author\/idfroxane\/"}]}},"_links":{"self":[{"href":"https:\/\/www.accidentdutravail-idf.net\/blog\/wp-json\/wp\/v2\/posts\/203","targetHints":{"allow":["GET"]}}],"collection":[{"href":"https:\/\/www.accidentdutravail-idf.net\/blog\/wp-json\/wp\/v2\/posts"}],"about":[{"href":"https:\/\/www.accidentdutravail-idf.net\/blog\/wp-json\/wp\/v2\/types\/post"}],"author":[{"embeddable":true,"href":"https:\/\/www.accidentdutravail-idf.net\/blog\/wp-json\/wp\/v2\/users\/3"}],"replies":[{"embeddable":true,"href":"https:\/\/www.accidentdutravail-idf.net\/blog\/wp-json\/wp\/v2\/comments?post=203"}],"version-history":[{"count":0,"href":"https:\/\/www.accidentdutravail-idf.net\/blog\/wp-json\/wp\/v2\/posts\/203\/revisions"}],"wp:featuredmedia":[{"embeddable":true,"href":"https:\/\/www.accidentdutravail-idf.net\/blog\/wp-json\/wp\/v2\/media\/204"}],"wp:attachment":[{"href":"https:\/\/www.accidentdutravail-idf.net\/blog\/wp-json\/wp\/v2\/media?parent=203"}],"wp:term":[{"taxonomy":"category","embeddable":true,"href":"https:\/\/www.accidentdutravail-idf.net\/blog\/wp-json\/wp\/v2\/categories?post=203"},{"taxonomy":"post_tag","embeddable":true,"href":"https:\/\/www.accidentdutravail-idf.net\/blog\/wp-json\/wp\/v2\/tags?post=203"}],"curies":[{"name":"wp","href":"https:\/\/api.w.org\/{rel}","templated":true}]}}