{"id":1989,"date":"2025-12-09T06:13:00","date_gmt":"2025-12-09T05:13:00","guid":{"rendered":"https:\/\/www.accidentdutravail-idf.net\/blog\/gembloux-un-mort-et-deux-blesses-dans-un-accident-de-travail-sur-le-chantier-du-foyer-communal\/"},"modified":"2025-12-09T06:13:00","modified_gmt":"2025-12-09T05:13:00","slug":"gembloux-un-mort-et-deux-blesses-dans-un-accident-de-travail-sur-le-chantier-du-foyer-communal","status":"publish","type":"post","link":"https:\/\/www.accidentdutravail-idf.net\/blog\/gembloux-un-mort-et-deux-blesses-dans-un-accident-de-travail-sur-le-chantier-du-foyer-communal\/","title":{"rendered":"Gembloux : un mort et deux bless\u00e9s dans un accident de travail sur le chantier du foyer communal"},"content":{"rendered":"<p class=\"ap-StoryElement ap-StoryElement--mb ap-StoryText\">Les pompiers de la zone NAGE, des postes de Gembloux et de Namur, se sont rendus sur les lieux avec une autopompe, un v\u00e9hicule logistique ainsi que deux ambulances. Une ambulance de Wavre a \u00e9t\u00e9 d\u00e9p\u00each\u00e9e, de m\u00eame que le SMUR de l&rsquo;h\u00f4pital des Viviers de Charleroi.<\/p>\n<p class=\"ap-StoryElement ap-StoryElement--mb ap-StoryText\">Un ouvrier quinquag\u00e9naire est d\u00e9c\u00e9d\u00e9 sur place. Deux autres ont \u00e9t\u00e9 bless\u00e9s, l&rsquo;un l\u00e9g\u00e8rement et un autre tr\u00e8s s\u00e9rieusement. Ce dernier a \u00e9t\u00e9 conduit vers le CHR de Namur.<\/p>\n<p class=\"ap-StoryElement ap-StoryElement--mb ap-StoryText\">Les policiers de la zone Orneau-Mehaigne se sont rendus sur les lieux pour les constatations. L&rsquo;auditorat du travail \u00e9tait attendu dans l&rsquo;apr\u00e8s-midi afin de d\u00e9terminer les circonstances exactes de l&rsquo;accident.<\/p>\n<hr class=\"ap-StoryElement ap-StoryDivider\">\n<h2 class=\"ap-Title ap-StoryElement\">Un p\u00e8re de famille nombreuse de 53 ans<\/h2>\n<p class=\"ap-StoryElement ap-StoryElement--mb ap-StoryText\">C&rsquo;est la soci\u00e9t\u00e9 Straming, bas\u00e9e \u00e0 Fl\u00e9ron, qui r\u00e9alisait les travaux, en sous traitance, pour le montage de l&rsquo;ossature en b\u00e9ton. L&rsquo;entreprise paye un lourd tribut. La victime est un homme de 53 ans, domicili\u00e9 dans la r\u00e9gion de Binche, et p\u00e8re d&rsquo;une famille nombreuse. Son neveu a lui aussi \u00e9t\u00e9 s\u00e9rieusement bless\u00e9, principalement aux jambes. Transf\u00e9r\u00e9 au centre hospitalier r\u00e9gional de Namur, ses jours ne seront plus en danger. <i>\u00ab\u00a0C&rsquo;est une soci\u00e9t\u00e9 qui a une dimension familiale et o\u00f9 tout le monde se conna\u00eet. Le choc est donc tr\u00e8s important\u00a0\u00bb,<\/i> souligne Beno\u00eet Dispa, le bourgmestre de Gembloux. <i>\u00ab\u00a0Le patron \u00e9tait \u00e9galement pr\u00e9sent sur les lieux et il a tent\u00e9 de r\u00e9animer son coll\u00e8gue.\u00a0\u00bb<\/i> Malheureusement sans succ\u00e8s. Une petite vingtaine de travailleurs \u00e9taient pr\u00e9sents sur place au moment du drame.<\/p>\n<p class=\"ap-StoryElement ap-StoryElement--mb ap-StoryText\">On y retrouvait aussi les ouvriers de l&rsquo;entreprise g\u00e9n\u00e9rale de construction ACH, en charge de ce chantier public. <i>\u00ab\u00a0Les travaux ont commenc\u00e9 en f\u00e9vrier dernier et tout se passait vraiment dans des bonnes conditions\u00a0\u00bb, <\/i>assure Beno\u00eet Dispa.<i> \u00ab\u00a0Le calendrier \u00e9tait respect\u00e9, le boulot \u00e9tait bien fait.\u00a0\u00bb <\/i>Tout est actuellement mis \u00e0 l&rsquo;arr\u00eat. L&rsquo;auditorat du travail est descendu sur place et un expert a \u00e9galement \u00e9t\u00e9 d\u00e9sign\u00e9 pour conna\u00eetre les circonstances exacts de cet accident mortel.<\/p>\n<div class=\"ap-StoryElement ap-StoryElement--mb is-fullBleed ap-StoryIllu ap-StoryIllu--margin\">\n<div class=\"mx-auto\">\n<figure class>\n<div class=\"ap-StoryIllu-image ap-StoryIllu-imagePrint\">\n<div class=\"relative ap-Print-bgImage ux-placeholderBg overflow-hidden w-full\"><img decoding=\"async\" class=\"w-full lazyload lazyload--opacity object-contain\" alt=\"foyer communal accident chantier straming mortel\" width=\"768\" height=\"513\" src=\"https:\/\/www.accidentdutravail-idf.net\/blog\/wp-content\/uploads\/2025\/12\/gembloux-un-mort-et-deux-blesses-dans-un-accident-de-travail-sur-le-chantier-du-foyer-communal.png\" data-src=\"\/resizer\/v2\/S5VKD3X55FFF3BW6V4SEHXNP7I.png?auth=f7de7396ae782d9e1067448e39a726cad814c6091c7a6c8532a5212a19f451ed\" data-srcset=\"https:\/\/www.lavenir.net\/resizer\/v2\/MVLNRU4BXBFCLD6TT4NYZJ24RI.jpg?auth=19c5f3f563591fd5759a392414f48ad487d8e8f8c32afcc766eafc57102fc271&amp;width=768&amp;height=513&amp;quality=85&amp;focal=1860%2C1242 768w,https:\/\/www.lavenir.net\/resizer\/v2\/MVLNRU4BXBFCLD6TT4NYZJ24RI.jpg?auth=19c5f3f563591fd5759a392414f48ad487d8e8f8c32afcc766eafc57102fc271&amp;width=1200&amp;height=802&amp;quality=85&amp;focal=1860%2C1242 1200w\" data-sizes=\"auto\" data-optimumx=\"1\"><img decoding=\"async\" src=\"https:\/\/www.lavenir.net\/resizer\/v2\/MVLNRU4BXBFCLD6TT4NYZJ24RI.jpg?auth=19c5f3f563591fd5759a392414f48ad487d8e8f8c32afcc766eafc57102fc271&amp;width=1200&amp;height=802&amp;quality=85&amp;focal=1860%2C1242\" width=\"768\" height=\"513\" alt=\"foyer communal accident chantier straming mortel\" class=\"absolute inset-0 w-full\"><\/div>\n<\/div><figcaption> \u00a9EDA<\/figcaption><\/figure>\n<\/div>\n<\/div>\n<p>accidentdutravail-idf.net vous a pr\u00e9par\u00e9 ce post qui informe du sujet \u00ab\u00a0Association Sportive Huisson-Longueville Essonne\u00a0\u00bb. La chronique se veut g\u00e9n\u00e9r\u00e9e du mieux possible. Vous pouvez utiliser les coordonn\u00e9es indiqu\u00e9es sur le site dans le but d\u2019apporter des explications sur ce post qui parle du th\u00e8me \u00ab\u00a0Association Sportive Huisson-Longueville Essonne\u00a0\u00bb. Le site accidentdutravail-idf.net a pour but de fournir diverses publications sur la th\u00e9matique Association Sportive Huisson-Longueville Essonne diffus\u00e9es sur le net. Il y aura plusieurs articles autour du sujet \u00ab\u00a0Association Sportive Huisson-Longueville Essonne\u00a0\u00bb dans quelques jours, nous vous invitons \u00e0 naviguer sur notre site web \u00e0 plusieurs reprises.<\/p>\n","protected":false},"excerpt":{"rendered":"<p>Les pompiers de la zone NAGE, des postes de Gembloux et de Namur, se sont rendus sur les lieux avec une autopompe, un v\u00e9hicule logistique ainsi que deux ambulances. Une ambulance de Wavre a \u00e9t\u00e9 d\u00e9p\u00each\u00e9e, de m\u00eame que le SMUR de l&rsquo;h\u00f4pital des Viviers de Charleroi. Un ouvrier quinquag\u00e9naire est d\u00e9c\u00e9d\u00e9 sur place. Deux &hellip; <\/p>\n<p class=\"link-more\"><a href=\"https:\/\/www.accidentdutravail-idf.net\/blog\/gembloux-un-mort-et-deux-blesses-dans-un-accident-de-travail-sur-le-chantier-du-foyer-communal\/\" class=\"more-link\">Continuer la lecture <span class=\"screen-reader-text\"> \u00ab\u00a0Gembloux : un mort et deux bless\u00e9s dans un accident de travail sur le chantier du foyer communal\u00a0\u00bb<\/span><\/a><\/p>\n","protected":false},"author":2,"featured_media":0,"comment_status":"closed","ping_status":"closed","sticky":false,"template":"","format":"standard","meta":{"footnotes":""},"categories":[5],"tags":[],"class_list":["post-1989","post","type-post","status-publish","format-standard","hentry","category-securite-du-travail-en-ile-de-france-et-divers","entry"],"yoast_head":"<!-- This site is optimized with the Yoast SEO plugin v27.5 - https:\/\/yoast.com\/product\/yoast-seo-wordpress\/ -->\n<title>Gembloux : un mort et deux bless\u00e9s dans un accident de travail sur le chantier du foyer communal - ACCIDENTDUTRAVAIL-IDF<\/title>\n<meta name=\"description\" content=\"Gembloux : un mort et deux bless\u00e9s dans un accident de travail sur le chantier du foyer communal article de ACCIDENTDUTRAVAIL-IDF\" \/>\n<meta name=\"robots\" content=\"index, follow, max-snippet:-1, max-image-preview:large, max-video-preview:-1\" \/>\n<link rel=\"canonical\" href=\"https:\/\/www.accidentdutravail-idf.net\/blog\/gembloux-un-mort-et-deux-blesses-dans-un-accident-de-travail-sur-le-chantier-du-foyer-communal\/\" \/>\n<meta property=\"og:locale\" content=\"fr_FR\" \/>\n<meta property=\"og:type\" content=\"article\" \/>\n<meta property=\"og:title\" content=\"Gembloux : un mort et deux bless\u00e9s dans un accident de travail sur le chantier du foyer communal - ACCIDENTDUTRAVAIL-IDF\" \/>\n<meta property=\"og:description\" content=\"Gembloux : un mort et deux bless\u00e9s dans un accident de travail sur le chantier du foyer communal article de ACCIDENTDUTRAVAIL-IDF\" \/>\n<meta property=\"og:url\" content=\"https:\/\/www.accidentdutravail-idf.net\/blog\/gembloux-un-mort-et-deux-blesses-dans-un-accident-de-travail-sur-le-chantier-du-foyer-communal\/\" \/>\n<meta property=\"og:site_name\" content=\"ACCIDENTDUTRAVAIL-IDF\" \/>\n<meta property=\"article:published_time\" content=\"2025-12-09T05:13:00+00:00\" \/>\n<meta property=\"og:image\" content=\"https:\/\/www.accidentdutravail-idf.net\/blog\/wp-content\/uploads\/2025\/12\/gembloux-un-mort-et-deux-blesses-dans-un-accident-de-travail-sur-le-chantier-du-foyer-communal.png\" \/>\n<meta name=\"author\" content=\"Carlos Poulain\" \/>\n<meta name=\"twitter:card\" content=\"summary_large_image\" \/>\n<meta name=\"twitter:label1\" content=\"\u00c9crit par\" \/>\n\t<meta name=\"twitter:data1\" content=\"Carlos Poulain\" \/>\n\t<meta name=\"twitter:label2\" content=\"Dur\u00e9e de lecture estim\u00e9e\" \/>\n\t<meta name=\"twitter:data2\" content=\"2 minutes\" \/>\n<script type=\"application\/ld+json\" class=\"yoast-schema-graph\">{\"@context\":\"https:\\\/\\\/schema.org\",\"@graph\":[{\"@type\":\"Article\",\"@id\":\"https:\\\/\\\/www.accidentdutravail-idf.net\\\/blog\\\/gembloux-un-mort-et-deux-blesses-dans-un-accident-de-travail-sur-le-chantier-du-foyer-communal\\\/#article\",\"isPartOf\":{\"@id\":\"https:\\\/\\\/www.accidentdutravail-idf.net\\\/blog\\\/gembloux-un-mort-et-deux-blesses-dans-un-accident-de-travail-sur-le-chantier-du-foyer-communal\\\/\"},\"author\":{\"name\":\"Carlos Poulain\",\"@id\":\"https:\\\/\\\/www.accidentdutravail-idf.net\\\/blog\\\/#\\\/schema\\\/person\\\/3255d2f970de45e64bd9201f38e7b947\"},\"headline\":\"Gembloux : un mort et deux bless\u00e9s dans un accident de travail sur le chantier du foyer communal\",\"datePublished\":\"2025-12-09T05:13:00+00:00\",\"mainEntityOfPage\":{\"@id\":\"https:\\\/\\\/www.accidentdutravail-idf.net\\\/blog\\\/gembloux-un-mort-et-deux-blesses-dans-un-accident-de-travail-sur-le-chantier-du-foyer-communal\\\/\"},\"wordCount\":483,\"publisher\":{\"@id\":\"https:\\\/\\\/www.accidentdutravail-idf.net\\\/blog\\\/#organization\"},\"image\":{\"@id\":\"https:\\\/\\\/www.accidentdutravail-idf.net\\\/blog\\\/gembloux-un-mort-et-deux-blesses-dans-un-accident-de-travail-sur-le-chantier-du-foyer-communal\\\/#primaryimage\"},\"thumbnailUrl\":\"https:\\\/\\\/www.accidentdutravail-idf.net\\\/blog\\\/wp-content\\\/uploads\\\/2025\\\/12\\\/gembloux-un-mort-et-deux-blesses-dans-un-accident-de-travail-sur-le-chantier-du-foyer-communal.png\",\"articleSection\":[\"S\u00e9curit\u00e9 Du Travail En Ile-De-France Et Divers:\"],\"inLanguage\":\"fr-FR\"},{\"@type\":\"WebPage\",\"@id\":\"https:\\\/\\\/www.accidentdutravail-idf.net\\\/blog\\\/gembloux-un-mort-et-deux-blesses-dans-un-accident-de-travail-sur-le-chantier-du-foyer-communal\\\/\",\"url\":\"https:\\\/\\\/www.accidentdutravail-idf.net\\\/blog\\\/gembloux-un-mort-et-deux-blesses-dans-un-accident-de-travail-sur-le-chantier-du-foyer-communal\\\/\",\"name\":\"Gembloux : un mort et deux bless\u00e9s dans un accident de travail sur le chantier du foyer communal - ACCIDENTDUTRAVAIL-IDF\",\"isPartOf\":{\"@id\":\"https:\\\/\\\/www.accidentdutravail-idf.net\\\/blog\\\/#website\"},\"primaryImageOfPage\":{\"@id\":\"https:\\\/\\\/www.accidentdutravail-idf.net\\\/blog\\\/gembloux-un-mort-et-deux-blesses-dans-un-accident-de-travail-sur-le-chantier-du-foyer-communal\\\/#primaryimage\"},\"image\":{\"@id\":\"https:\\\/\\\/www.accidentdutravail-idf.net\\\/blog\\\/gembloux-un-mort-et-deux-blesses-dans-un-accident-de-travail-sur-le-chantier-du-foyer-communal\\\/#primaryimage\"},\"thumbnailUrl\":\"https:\\\/\\\/www.accidentdutravail-idf.net\\\/blog\\\/wp-content\\\/uploads\\\/2025\\\/12\\\/gembloux-un-mort-et-deux-blesses-dans-un-accident-de-travail-sur-le-chantier-du-foyer-communal.png\",\"datePublished\":\"2025-12-09T05:13:00+00:00\",\"description\":\"Gembloux : un mort et deux bless\u00e9s dans un accident de travail sur le chantier du foyer communal article de ACCIDENTDUTRAVAIL-IDF\",\"breadcrumb\":{\"@id\":\"https:\\\/\\\/www.accidentdutravail-idf.net\\\/blog\\\/gembloux-un-mort-et-deux-blesses-dans-un-accident-de-travail-sur-le-chantier-du-foyer-communal\\\/#breadcrumb\"},\"inLanguage\":\"fr-FR\",\"potentialAction\":[{\"@type\":\"ReadAction\",\"target\":[\"https:\\\/\\\/www.accidentdutravail-idf.net\\\/blog\\\/gembloux-un-mort-et-deux-blesses-dans-un-accident-de-travail-sur-le-chantier-du-foyer-communal\\\/\"]}]},{\"@type\":\"ImageObject\",\"inLanguage\":\"fr-FR\",\"@id\":\"https:\\\/\\\/www.accidentdutravail-idf.net\\\/blog\\\/gembloux-un-mort-et-deux-blesses-dans-un-accident-de-travail-sur-le-chantier-du-foyer-communal\\\/#primaryimage\",\"url\":\"https:\\\/\\\/www.accidentdutravail-idf.net\\\/blog\\\/wp-content\\\/uploads\\\/2025\\\/12\\\/gembloux-un-mort-et-deux-blesses-dans-un-accident-de-travail-sur-le-chantier-du-foyer-communal.png\",\"contentUrl\":\"https:\\\/\\\/www.accidentdutravail-idf.net\\\/blog\\\/wp-content\\\/uploads\\\/2025\\\/12\\\/gembloux-un-mort-et-deux-blesses-dans-un-accident-de-travail-sur-le-chantier-du-foyer-communal.png\"},{\"@type\":\"BreadcrumbList\",\"@id\":\"https:\\\/\\\/www.accidentdutravail-idf.net\\\/blog\\\/gembloux-un-mort-et-deux-blesses-dans-un-accident-de-travail-sur-le-chantier-du-foyer-communal\\\/#breadcrumb\",\"itemListElement\":[{\"@type\":\"ListItem\",\"position\":1,\"name\":\"Accueil\",\"item\":\"https:\\\/\\\/www.accidentdutravail-idf.net\\\/blog\\\/\"},{\"@type\":\"ListItem\",\"position\":2,\"name\":\"Gembloux : un mort et deux bless\u00e9s dans un accident de travail sur le chantier du foyer communal\"}]},{\"@type\":\"WebSite\",\"@id\":\"https:\\\/\\\/www.accidentdutravail-idf.net\\\/blog\\\/#website\",\"url\":\"https:\\\/\\\/www.accidentdutravail-idf.net\\\/blog\\\/\",\"name\":\"ACCIDENTDUTRAVAIL-IDF\",\"description\":\"Portail accidents du travail-maladies professionnelles des entreprises d&#039;Ile-de-France\",\"publisher\":{\"@id\":\"https:\\\/\\\/www.accidentdutravail-idf.net\\\/blog\\\/#organization\"},\"potentialAction\":[{\"@type\":\"SearchAction\",\"target\":{\"@type\":\"EntryPoint\",\"urlTemplate\":\"https:\\\/\\\/www.accidentdutravail-idf.net\\\/blog\\\/?s={search_term_string}\"},\"query-input\":{\"@type\":\"PropertyValueSpecification\",\"valueRequired\":true,\"valueName\":\"search_term_string\"}}],\"inLanguage\":\"fr-FR\"},{\"@type\":\"Organization\",\"@id\":\"https:\\\/\\\/www.accidentdutravail-idf.net\\\/blog\\\/#organization\",\"name\":\"accidentdutravail-idf\",\"url\":\"https:\\\/\\\/www.accidentdutravail-idf.net\\\/blog\\\/\",\"logo\":{\"@type\":\"ImageObject\",\"inLanguage\":\"fr-FR\",\"@id\":\"https:\\\/\\\/www.accidentdutravail-idf.net\\\/blog\\\/#\\\/schema\\\/logo\\\/image\\\/\",\"url\":\"https:\\\/\\\/www.accidentdutravail-idf.net\\\/blog\\\/wp-content\\\/uploads\\\/2022\\\/09\\\/logo-2.png\",\"contentUrl\":\"https:\\\/\\\/www.accidentdutravail-idf.net\\\/blog\\\/wp-content\\\/uploads\\\/2022\\\/09\\\/logo-2.png\",\"width\":380,\"height\":291,\"caption\":\"accidentdutravail-idf\"},\"image\":{\"@id\":\"https:\\\/\\\/www.accidentdutravail-idf.net\\\/blog\\\/#\\\/schema\\\/logo\\\/image\\\/\"}},{\"@type\":\"Person\",\"@id\":\"https:\\\/\\\/www.accidentdutravail-idf.net\\\/blog\\\/#\\\/schema\\\/person\\\/3255d2f970de45e64bd9201f38e7b947\",\"name\":\"Carlos Poulain\",\"image\":{\"@type\":\"ImageObject\",\"inLanguage\":\"fr-FR\",\"@id\":\"https:\\\/\\\/secure.gravatar.com\\\/avatar\\\/b1c2f9d3588e34e91adb093635df64ef4b2381991216be7576466cfcdca4baf3?s=96&d=mm&r=g\",\"url\":\"https:\\\/\\\/secure.gravatar.com\\\/avatar\\\/b1c2f9d3588e34e91adb093635df64ef4b2381991216be7576466cfcdca4baf3?s=96&d=mm&r=g\",\"contentUrl\":\"https:\\\/\\\/secure.gravatar.com\\\/avatar\\\/b1c2f9d3588e34e91adb093635df64ef4b2381991216be7576466cfcdca4baf3?s=96&d=mm&r=g\",\"caption\":\"Carlos Poulain\"},\"url\":\"https:\\\/\\\/www.accidentdutravail-idf.net\\\/blog\\\/author\\\/idfcarlos\\\/\"}]}<\/script>\n<!-- \/ Yoast SEO plugin. -->","yoast_head_json":{"title":"Gembloux : un mort et deux bless\u00e9s dans un accident de travail sur le chantier du foyer communal - ACCIDENTDUTRAVAIL-IDF","description":"Gembloux : un mort et deux bless\u00e9s dans un accident de travail sur le chantier du foyer communal article de ACCIDENTDUTRAVAIL-IDF","robots":{"index":"index","follow":"follow","max-snippet":"max-snippet:-1","max-image-preview":"max-image-preview:large","max-video-preview":"max-video-preview:-1"},"canonical":"https:\/\/www.accidentdutravail-idf.net\/blog\/gembloux-un-mort-et-deux-blesses-dans-un-accident-de-travail-sur-le-chantier-du-foyer-communal\/","og_locale":"fr_FR","og_type":"article","og_title":"Gembloux : un mort et deux bless\u00e9s dans un accident de travail sur le chantier du foyer communal - ACCIDENTDUTRAVAIL-IDF","og_description":"Gembloux : un mort et deux bless\u00e9s dans un accident de travail sur le chantier du foyer communal article de ACCIDENTDUTRAVAIL-IDF","og_url":"https:\/\/www.accidentdutravail-idf.net\/blog\/gembloux-un-mort-et-deux-blesses-dans-un-accident-de-travail-sur-le-chantier-du-foyer-communal\/","og_site_name":"ACCIDENTDUTRAVAIL-IDF","article_published_time":"2025-12-09T05:13:00+00:00","og_image":[{"url":"https:\/\/www.accidentdutravail-idf.net\/blog\/wp-content\/uploads\/2025\/12\/gembloux-un-mort-et-deux-blesses-dans-un-accident-de-travail-sur-le-chantier-du-foyer-communal.png","type":"","width":"","height":""}],"author":"Carlos Poulain","twitter_card":"summary_large_image","twitter_misc":{"\u00c9crit par":"Carlos Poulain","Dur\u00e9e de lecture estim\u00e9e":"2 minutes"},"schema":{"@context":"https:\/\/schema.org","@graph":[{"@type":"Article","@id":"https:\/\/www.accidentdutravail-idf.net\/blog\/gembloux-un-mort-et-deux-blesses-dans-un-accident-de-travail-sur-le-chantier-du-foyer-communal\/#article","isPartOf":{"@id":"https:\/\/www.accidentdutravail-idf.net\/blog\/gembloux-un-mort-et-deux-blesses-dans-un-accident-de-travail-sur-le-chantier-du-foyer-communal\/"},"author":{"name":"Carlos Poulain","@id":"https:\/\/www.accidentdutravail-idf.net\/blog\/#\/schema\/person\/3255d2f970de45e64bd9201f38e7b947"},"headline":"Gembloux : un mort et deux bless\u00e9s dans un accident de travail sur le chantier du foyer communal","datePublished":"2025-12-09T05:13:00+00:00","mainEntityOfPage":{"@id":"https:\/\/www.accidentdutravail-idf.net\/blog\/gembloux-un-mort-et-deux-blesses-dans-un-accident-de-travail-sur-le-chantier-du-foyer-communal\/"},"wordCount":483,"publisher":{"@id":"https:\/\/www.accidentdutravail-idf.net\/blog\/#organization"},"image":{"@id":"https:\/\/www.accidentdutravail-idf.net\/blog\/gembloux-un-mort-et-deux-blesses-dans-un-accident-de-travail-sur-le-chantier-du-foyer-communal\/#primaryimage"},"thumbnailUrl":"https:\/\/www.accidentdutravail-idf.net\/blog\/wp-content\/uploads\/2025\/12\/gembloux-un-mort-et-deux-blesses-dans-un-accident-de-travail-sur-le-chantier-du-foyer-communal.png","articleSection":["S\u00e9curit\u00e9 Du Travail En Ile-De-France Et Divers:"],"inLanguage":"fr-FR"},{"@type":"WebPage","@id":"https:\/\/www.accidentdutravail-idf.net\/blog\/gembloux-un-mort-et-deux-blesses-dans-un-accident-de-travail-sur-le-chantier-du-foyer-communal\/","url":"https:\/\/www.accidentdutravail-idf.net\/blog\/gembloux-un-mort-et-deux-blesses-dans-un-accident-de-travail-sur-le-chantier-du-foyer-communal\/","name":"Gembloux : un mort et deux bless\u00e9s dans un accident de travail sur le chantier du foyer communal - ACCIDENTDUTRAVAIL-IDF","isPartOf":{"@id":"https:\/\/www.accidentdutravail-idf.net\/blog\/#website"},"primaryImageOfPage":{"@id":"https:\/\/www.accidentdutravail-idf.net\/blog\/gembloux-un-mort-et-deux-blesses-dans-un-accident-de-travail-sur-le-chantier-du-foyer-communal\/#primaryimage"},"image":{"@id":"https:\/\/www.accidentdutravail-idf.net\/blog\/gembloux-un-mort-et-deux-blesses-dans-un-accident-de-travail-sur-le-chantier-du-foyer-communal\/#primaryimage"},"thumbnailUrl":"https:\/\/www.accidentdutravail-idf.net\/blog\/wp-content\/uploads\/2025\/12\/gembloux-un-mort-et-deux-blesses-dans-un-accident-de-travail-sur-le-chantier-du-foyer-communal.png","datePublished":"2025-12-09T05:13:00+00:00","description":"Gembloux : un mort et deux bless\u00e9s dans un accident de travail sur le chantier du foyer communal article de ACCIDENTDUTRAVAIL-IDF","breadcrumb":{"@id":"https:\/\/www.accidentdutravail-idf.net\/blog\/gembloux-un-mort-et-deux-blesses-dans-un-accident-de-travail-sur-le-chantier-du-foyer-communal\/#breadcrumb"},"inLanguage":"fr-FR","potentialAction":[{"@type":"ReadAction","target":["https:\/\/www.accidentdutravail-idf.net\/blog\/gembloux-un-mort-et-deux-blesses-dans-un-accident-de-travail-sur-le-chantier-du-foyer-communal\/"]}]},{"@type":"ImageObject","inLanguage":"fr-FR","@id":"https:\/\/www.accidentdutravail-idf.net\/blog\/gembloux-un-mort-et-deux-blesses-dans-un-accident-de-travail-sur-le-chantier-du-foyer-communal\/#primaryimage","url":"https:\/\/www.accidentdutravail-idf.net\/blog\/wp-content\/uploads\/2025\/12\/gembloux-un-mort-et-deux-blesses-dans-un-accident-de-travail-sur-le-chantier-du-foyer-communal.png","contentUrl":"https:\/\/www.accidentdutravail-idf.net\/blog\/wp-content\/uploads\/2025\/12\/gembloux-un-mort-et-deux-blesses-dans-un-accident-de-travail-sur-le-chantier-du-foyer-communal.png"},{"@type":"BreadcrumbList","@id":"https:\/\/www.accidentdutravail-idf.net\/blog\/gembloux-un-mort-et-deux-blesses-dans-un-accident-de-travail-sur-le-chantier-du-foyer-communal\/#breadcrumb","itemListElement":[{"@type":"ListItem","position":1,"name":"Accueil","item":"https:\/\/www.accidentdutravail-idf.net\/blog\/"},{"@type":"ListItem","position":2,"name":"Gembloux : un mort et deux bless\u00e9s dans un accident de travail sur le chantier du foyer communal"}]},{"@type":"WebSite","@id":"https:\/\/www.accidentdutravail-idf.net\/blog\/#website","url":"https:\/\/www.accidentdutravail-idf.net\/blog\/","name":"ACCIDENTDUTRAVAIL-IDF","description":"Portail accidents du travail-maladies professionnelles des entreprises d&#039;Ile-de-France","publisher":{"@id":"https:\/\/www.accidentdutravail-idf.net\/blog\/#organization"},"potentialAction":[{"@type":"SearchAction","target":{"@type":"EntryPoint","urlTemplate":"https:\/\/www.accidentdutravail-idf.net\/blog\/?s={search_term_string}"},"query-input":{"@type":"PropertyValueSpecification","valueRequired":true,"valueName":"search_term_string"}}],"inLanguage":"fr-FR"},{"@type":"Organization","@id":"https:\/\/www.accidentdutravail-idf.net\/blog\/#organization","name":"accidentdutravail-idf","url":"https:\/\/www.accidentdutravail-idf.net\/blog\/","logo":{"@type":"ImageObject","inLanguage":"fr-FR","@id":"https:\/\/www.accidentdutravail-idf.net\/blog\/#\/schema\/logo\/image\/","url":"https:\/\/www.accidentdutravail-idf.net\/blog\/wp-content\/uploads\/2022\/09\/logo-2.png","contentUrl":"https:\/\/www.accidentdutravail-idf.net\/blog\/wp-content\/uploads\/2022\/09\/logo-2.png","width":380,"height":291,"caption":"accidentdutravail-idf"},"image":{"@id":"https:\/\/www.accidentdutravail-idf.net\/blog\/#\/schema\/logo\/image\/"}},{"@type":"Person","@id":"https:\/\/www.accidentdutravail-idf.net\/blog\/#\/schema\/person\/3255d2f970de45e64bd9201f38e7b947","name":"Carlos Poulain","image":{"@type":"ImageObject","inLanguage":"fr-FR","@id":"https:\/\/secure.gravatar.com\/avatar\/b1c2f9d3588e34e91adb093635df64ef4b2381991216be7576466cfcdca4baf3?s=96&d=mm&r=g","url":"https:\/\/secure.gravatar.com\/avatar\/b1c2f9d3588e34e91adb093635df64ef4b2381991216be7576466cfcdca4baf3?s=96&d=mm&r=g","contentUrl":"https:\/\/secure.gravatar.com\/avatar\/b1c2f9d3588e34e91adb093635df64ef4b2381991216be7576466cfcdca4baf3?s=96&d=mm&r=g","caption":"Carlos Poulain"},"url":"https:\/\/www.accidentdutravail-idf.net\/blog\/author\/idfcarlos\/"}]}},"_links":{"self":[{"href":"https:\/\/www.accidentdutravail-idf.net\/blog\/wp-json\/wp\/v2\/posts\/1989","targetHints":{"allow":["GET"]}}],"collection":[{"href":"https:\/\/www.accidentdutravail-idf.net\/blog\/wp-json\/wp\/v2\/posts"}],"about":[{"href":"https:\/\/www.accidentdutravail-idf.net\/blog\/wp-json\/wp\/v2\/types\/post"}],"author":[{"embeddable":true,"href":"https:\/\/www.accidentdutravail-idf.net\/blog\/wp-json\/wp\/v2\/users\/2"}],"replies":[{"embeddable":true,"href":"https:\/\/www.accidentdutravail-idf.net\/blog\/wp-json\/wp\/v2\/comments?post=1989"}],"version-history":[{"count":0,"href":"https:\/\/www.accidentdutravail-idf.net\/blog\/wp-json\/wp\/v2\/posts\/1989\/revisions"}],"wp:attachment":[{"href":"https:\/\/www.accidentdutravail-idf.net\/blog\/wp-json\/wp\/v2\/media?parent=1989"}],"wp:term":[{"taxonomy":"category","embeddable":true,"href":"https:\/\/www.accidentdutravail-idf.net\/blog\/wp-json\/wp\/v2\/categories?post=1989"},{"taxonomy":"post_tag","embeddable":true,"href":"https:\/\/www.accidentdutravail-idf.net\/blog\/wp-json\/wp\/v2\/tags?post=1989"}],"curies":[{"name":"wp","href":"https:\/\/api.w.org\/{rel}","templated":true}]}}