{"id":1971,"date":"2025-12-04T01:13:00","date_gmt":"2025-12-04T00:13:00","guid":{"rendered":"https:\/\/www.accidentdutravail-idf.net\/blog\/absence-de-visite-de-reprise-apres-un-accident-du-travail-et-licenciement\/"},"modified":"2025-12-04T01:13:00","modified_gmt":"2025-12-04T00:13:00","slug":"absence-de-visite-de-reprise-apres-un-accident-du-travail-et-licenciement","status":"publish","type":"post","link":"https:\/\/www.accidentdutravail-idf.net\/blog\/absence-de-visite-de-reprise-apres-un-accident-du-travail-et-licenciement\/","title":{"rendered":"Absence de visite de reprise apr\u00e8s un accident du travail et licenciement"},"content":{"rendered":"<div><img decoding=\"async\" src=\"https:\/\/www.accidentdutravail-idf.net\/blog\/wp-content\/uploads\/2025\/12\/absence-de-visite-de-reprise-apres-un-accident-du-travail-et-licenciement.png\" class=\"ff-og-image-inserted\"><\/div>\n<p class=\"new-paragraph-3-regular\">Dans un arr\u00eat du 22 octobre 2025, la Cour de cassation rappelle que seule la <strong>visite m\u00e9dicale de reprise<\/strong> peut mettre fin \u00e0 la p\u00e9riode de suspension du contrat de travail \u00e0 la suite d\u2019un accident du travail. Tant que la visite de reprise n\u2019a pas lieu, le contrat de travail reste suspendu et le salari\u00e9 ne peut pas \u00eatre licenci\u00e9.<\/p>\n<p class=\"new-paragraph-3-regular\">En effet, seule une faute grave, ou une impossibilit\u00e9 de maintenir le contrat de travail, peut justifier le licenciement d\u2019un salari\u00e9 en arr\u00eat \u00e0 la suite d\u2019un AT.<\/p>\n<p class=\"new-paragraph-3-regular\">Dans l\u2019affaire soumise \u00e0 la Cour, le salari\u00e9 ne s&rsquo;\u00e9tait pas pr\u00e9sent\u00e9 \u00e0 la visite m\u00e9dicale de reprise \u00e0 laquelle il \u00e9tait convoqu\u00e9 et avait \u00e9t\u00e9 licenci\u00e9, quelques mois plus tard.<\/p>\n<p class=\"new-paragraph-3-regular\"><a name=\"paddixLink\" class=\"underline\" href=\"https:\/\/www.preventionbtp.fr\/ressources\/juridique\/jurisprudence\/at-mp-licenciement-et-absence-de-visite-de-reprise_5YbipEgwSHEUkh7tVMT2sM\" target=\"_blank\" rel=\"nofollow\">En savoir plus sur les faits et le contenu de cette d\u00e9cision<\/a>.<\/p>\n<p>accidentdutravail-idf.net vous a pr\u00e9par\u00e9 ce post qui informe du sujet \u00ab\u00a0Association Sportive Huisson-Longueville Essonne\u00a0\u00bb. La chronique se veut g\u00e9n\u00e9r\u00e9e du mieux possible. Vous pouvez utiliser les coordonn\u00e9es indiqu\u00e9es sur le site dans le but d\u2019apporter des explications sur ce post qui parle du th\u00e8me \u00ab\u00a0Association Sportive Huisson-Longueville Essonne\u00a0\u00bb. Le site accidentdutravail-idf.net a pour but de fournir diverses publications sur la th\u00e9matique Association Sportive Huisson-Longueville Essonne diffus\u00e9es sur le net. Il y aura plusieurs articles autour du sujet \u00ab\u00a0Association Sportive Huisson-Longueville Essonne\u00a0\u00bb dans quelques jours, nous vous invitons \u00e0 naviguer sur notre site web \u00e0 plusieurs reprises.<\/p>\n","protected":false},"excerpt":{"rendered":"<p>Dans un arr\u00eat du 22 octobre 2025, la Cour de cassation rappelle que seule la visite m\u00e9dicale de reprise peut mettre fin \u00e0 la p\u00e9riode de suspension du contrat de travail \u00e0 la suite d\u2019un accident du travail. Tant que la visite de reprise n\u2019a pas lieu, le contrat de travail reste suspendu et le &hellip; <\/p>\n<p class=\"link-more\"><a href=\"https:\/\/www.accidentdutravail-idf.net\/blog\/absence-de-visite-de-reprise-apres-un-accident-du-travail-et-licenciement\/\" class=\"more-link\">Continuer la lecture <span class=\"screen-reader-text\"> \u00ab\u00a0Absence de visite de reprise apr\u00e8s un accident du travail et licenciement\u00a0\u00bb<\/span><\/a><\/p>\n","protected":false},"author":2,"featured_media":0,"comment_status":"closed","ping_status":"closed","sticky":false,"template":"","format":"standard","meta":{"footnotes":""},"categories":[5],"tags":[],"class_list":["post-1971","post","type-post","status-publish","format-standard","hentry","category-securite-du-travail-en-ile-de-france-et-divers","entry"],"yoast_head":"<!-- This site is optimized with the Yoast SEO plugin v27.5 - https:\/\/yoast.com\/product\/yoast-seo-wordpress\/ -->\n<title>Absence de visite de reprise apr\u00e8s un accident du travail et licenciement - ACCIDENTDUTRAVAIL-IDF<\/title>\n<meta name=\"description\" content=\"Absence de visite de reprise apr\u00e8s un accident du travail et licenciement article de ACCIDENTDUTRAVAIL-IDF\" \/>\n<meta name=\"robots\" content=\"index, follow, max-snippet:-1, max-image-preview:large, max-video-preview:-1\" \/>\n<link rel=\"canonical\" href=\"https:\/\/www.accidentdutravail-idf.net\/blog\/absence-de-visite-de-reprise-apres-un-accident-du-travail-et-licenciement\/\" \/>\n<meta property=\"og:locale\" content=\"fr_FR\" \/>\n<meta property=\"og:type\" content=\"article\" \/>\n<meta property=\"og:title\" content=\"Absence de visite de reprise apr\u00e8s un accident du travail et licenciement - ACCIDENTDUTRAVAIL-IDF\" \/>\n<meta property=\"og:description\" content=\"Absence de visite de reprise apr\u00e8s un accident du travail et licenciement article de ACCIDENTDUTRAVAIL-IDF\" \/>\n<meta property=\"og:url\" content=\"https:\/\/www.accidentdutravail-idf.net\/blog\/absence-de-visite-de-reprise-apres-un-accident-du-travail-et-licenciement\/\" \/>\n<meta property=\"og:site_name\" content=\"ACCIDENTDUTRAVAIL-IDF\" \/>\n<meta property=\"article:published_time\" content=\"2025-12-04T00:13:00+00:00\" \/>\n<meta property=\"og:image\" content=\"https:\/\/www.accidentdutravail-idf.net\/blog\/wp-content\/uploads\/2025\/12\/absence-de-visite-de-reprise-apres-un-accident-du-travail-et-licenciement.png\" \/>\n<meta name=\"author\" content=\"Carlos Poulain\" \/>\n<meta name=\"twitter:card\" content=\"summary_large_image\" \/>\n<meta name=\"twitter:label1\" content=\"\u00c9crit par\" \/>\n\t<meta name=\"twitter:data1\" content=\"Carlos Poulain\" \/>\n\t<meta name=\"twitter:label2\" content=\"Dur\u00e9e de lecture estim\u00e9e\" \/>\n\t<meta name=\"twitter:data2\" content=\"1 minute\" \/>\n<script type=\"application\/ld+json\" class=\"yoast-schema-graph\">{\"@context\":\"https:\\\/\\\/schema.org\",\"@graph\":[{\"@type\":\"Article\",\"@id\":\"https:\\\/\\\/www.accidentdutravail-idf.net\\\/blog\\\/absence-de-visite-de-reprise-apres-un-accident-du-travail-et-licenciement\\\/#article\",\"isPartOf\":{\"@id\":\"https:\\\/\\\/www.accidentdutravail-idf.net\\\/blog\\\/absence-de-visite-de-reprise-apres-un-accident-du-travail-et-licenciement\\\/\"},\"author\":{\"name\":\"Carlos Poulain\",\"@id\":\"https:\\\/\\\/www.accidentdutravail-idf.net\\\/blog\\\/#\\\/schema\\\/person\\\/3255d2f970de45e64bd9201f38e7b947\"},\"headline\":\"Absence de visite de reprise apr\u00e8s un accident du travail et licenciement\",\"datePublished\":\"2025-12-04T00:13:00+00:00\",\"mainEntityOfPage\":{\"@id\":\"https:\\\/\\\/www.accidentdutravail-idf.net\\\/blog\\\/absence-de-visite-de-reprise-apres-un-accident-du-travail-et-licenciement\\\/\"},\"wordCount\":256,\"publisher\":{\"@id\":\"https:\\\/\\\/www.accidentdutravail-idf.net\\\/blog\\\/#organization\"},\"image\":{\"@id\":\"https:\\\/\\\/www.accidentdutravail-idf.net\\\/blog\\\/absence-de-visite-de-reprise-apres-un-accident-du-travail-et-licenciement\\\/#primaryimage\"},\"thumbnailUrl\":\"https:\\\/\\\/www.accidentdutravail-idf.net\\\/blog\\\/wp-content\\\/uploads\\\/2025\\\/12\\\/absence-de-visite-de-reprise-apres-un-accident-du-travail-et-licenciement.png\",\"articleSection\":[\"S\u00e9curit\u00e9 Du Travail En Ile-De-France Et Divers:\"],\"inLanguage\":\"fr-FR\"},{\"@type\":\"WebPage\",\"@id\":\"https:\\\/\\\/www.accidentdutravail-idf.net\\\/blog\\\/absence-de-visite-de-reprise-apres-un-accident-du-travail-et-licenciement\\\/\",\"url\":\"https:\\\/\\\/www.accidentdutravail-idf.net\\\/blog\\\/absence-de-visite-de-reprise-apres-un-accident-du-travail-et-licenciement\\\/\",\"name\":\"Absence de visite de reprise apr\u00e8s un accident du travail et licenciement - ACCIDENTDUTRAVAIL-IDF\",\"isPartOf\":{\"@id\":\"https:\\\/\\\/www.accidentdutravail-idf.net\\\/blog\\\/#website\"},\"primaryImageOfPage\":{\"@id\":\"https:\\\/\\\/www.accidentdutravail-idf.net\\\/blog\\\/absence-de-visite-de-reprise-apres-un-accident-du-travail-et-licenciement\\\/#primaryimage\"},\"image\":{\"@id\":\"https:\\\/\\\/www.accidentdutravail-idf.net\\\/blog\\\/absence-de-visite-de-reprise-apres-un-accident-du-travail-et-licenciement\\\/#primaryimage\"},\"thumbnailUrl\":\"https:\\\/\\\/www.accidentdutravail-idf.net\\\/blog\\\/wp-content\\\/uploads\\\/2025\\\/12\\\/absence-de-visite-de-reprise-apres-un-accident-du-travail-et-licenciement.png\",\"datePublished\":\"2025-12-04T00:13:00+00:00\",\"description\":\"Absence de visite de reprise apr\u00e8s un accident du travail et licenciement article de ACCIDENTDUTRAVAIL-IDF\",\"breadcrumb\":{\"@id\":\"https:\\\/\\\/www.accidentdutravail-idf.net\\\/blog\\\/absence-de-visite-de-reprise-apres-un-accident-du-travail-et-licenciement\\\/#breadcrumb\"},\"inLanguage\":\"fr-FR\",\"potentialAction\":[{\"@type\":\"ReadAction\",\"target\":[\"https:\\\/\\\/www.accidentdutravail-idf.net\\\/blog\\\/absence-de-visite-de-reprise-apres-un-accident-du-travail-et-licenciement\\\/\"]}]},{\"@type\":\"ImageObject\",\"inLanguage\":\"fr-FR\",\"@id\":\"https:\\\/\\\/www.accidentdutravail-idf.net\\\/blog\\\/absence-de-visite-de-reprise-apres-un-accident-du-travail-et-licenciement\\\/#primaryimage\",\"url\":\"https:\\\/\\\/www.accidentdutravail-idf.net\\\/blog\\\/wp-content\\\/uploads\\\/2025\\\/12\\\/absence-de-visite-de-reprise-apres-un-accident-du-travail-et-licenciement.png\",\"contentUrl\":\"https:\\\/\\\/www.accidentdutravail-idf.net\\\/blog\\\/wp-content\\\/uploads\\\/2025\\\/12\\\/absence-de-visite-de-reprise-apres-un-accident-du-travail-et-licenciement.png\"},{\"@type\":\"BreadcrumbList\",\"@id\":\"https:\\\/\\\/www.accidentdutravail-idf.net\\\/blog\\\/absence-de-visite-de-reprise-apres-un-accident-du-travail-et-licenciement\\\/#breadcrumb\",\"itemListElement\":[{\"@type\":\"ListItem\",\"position\":1,\"name\":\"Accueil\",\"item\":\"https:\\\/\\\/www.accidentdutravail-idf.net\\\/blog\\\/\"},{\"@type\":\"ListItem\",\"position\":2,\"name\":\"Absence de visite de reprise apr\u00e8s un accident du travail et licenciement\"}]},{\"@type\":\"WebSite\",\"@id\":\"https:\\\/\\\/www.accidentdutravail-idf.net\\\/blog\\\/#website\",\"url\":\"https:\\\/\\\/www.accidentdutravail-idf.net\\\/blog\\\/\",\"name\":\"ACCIDENTDUTRAVAIL-IDF\",\"description\":\"Portail accidents du travail-maladies professionnelles des entreprises d&#039;Ile-de-France\",\"publisher\":{\"@id\":\"https:\\\/\\\/www.accidentdutravail-idf.net\\\/blog\\\/#organization\"},\"potentialAction\":[{\"@type\":\"SearchAction\",\"target\":{\"@type\":\"EntryPoint\",\"urlTemplate\":\"https:\\\/\\\/www.accidentdutravail-idf.net\\\/blog\\\/?s={search_term_string}\"},\"query-input\":{\"@type\":\"PropertyValueSpecification\",\"valueRequired\":true,\"valueName\":\"search_term_string\"}}],\"inLanguage\":\"fr-FR\"},{\"@type\":\"Organization\",\"@id\":\"https:\\\/\\\/www.accidentdutravail-idf.net\\\/blog\\\/#organization\",\"name\":\"accidentdutravail-idf\",\"url\":\"https:\\\/\\\/www.accidentdutravail-idf.net\\\/blog\\\/\",\"logo\":{\"@type\":\"ImageObject\",\"inLanguage\":\"fr-FR\",\"@id\":\"https:\\\/\\\/www.accidentdutravail-idf.net\\\/blog\\\/#\\\/schema\\\/logo\\\/image\\\/\",\"url\":\"https:\\\/\\\/www.accidentdutravail-idf.net\\\/blog\\\/wp-content\\\/uploads\\\/2022\\\/09\\\/logo-2.png\",\"contentUrl\":\"https:\\\/\\\/www.accidentdutravail-idf.net\\\/blog\\\/wp-content\\\/uploads\\\/2022\\\/09\\\/logo-2.png\",\"width\":380,\"height\":291,\"caption\":\"accidentdutravail-idf\"},\"image\":{\"@id\":\"https:\\\/\\\/www.accidentdutravail-idf.net\\\/blog\\\/#\\\/schema\\\/logo\\\/image\\\/\"}},{\"@type\":\"Person\",\"@id\":\"https:\\\/\\\/www.accidentdutravail-idf.net\\\/blog\\\/#\\\/schema\\\/person\\\/3255d2f970de45e64bd9201f38e7b947\",\"name\":\"Carlos Poulain\",\"image\":{\"@type\":\"ImageObject\",\"inLanguage\":\"fr-FR\",\"@id\":\"https:\\\/\\\/secure.gravatar.com\\\/avatar\\\/b1c2f9d3588e34e91adb093635df64ef4b2381991216be7576466cfcdca4baf3?s=96&d=mm&r=g\",\"url\":\"https:\\\/\\\/secure.gravatar.com\\\/avatar\\\/b1c2f9d3588e34e91adb093635df64ef4b2381991216be7576466cfcdca4baf3?s=96&d=mm&r=g\",\"contentUrl\":\"https:\\\/\\\/secure.gravatar.com\\\/avatar\\\/b1c2f9d3588e34e91adb093635df64ef4b2381991216be7576466cfcdca4baf3?s=96&d=mm&r=g\",\"caption\":\"Carlos Poulain\"},\"url\":\"https:\\\/\\\/www.accidentdutravail-idf.net\\\/blog\\\/author\\\/idfcarlos\\\/\"}]}<\/script>\n<!-- \/ Yoast SEO plugin. -->","yoast_head_json":{"title":"Absence de visite de reprise apr\u00e8s un accident du travail et licenciement - ACCIDENTDUTRAVAIL-IDF","description":"Absence de visite de reprise apr\u00e8s un accident du travail et licenciement article de ACCIDENTDUTRAVAIL-IDF","robots":{"index":"index","follow":"follow","max-snippet":"max-snippet:-1","max-image-preview":"max-image-preview:large","max-video-preview":"max-video-preview:-1"},"canonical":"https:\/\/www.accidentdutravail-idf.net\/blog\/absence-de-visite-de-reprise-apres-un-accident-du-travail-et-licenciement\/","og_locale":"fr_FR","og_type":"article","og_title":"Absence de visite de reprise apr\u00e8s un accident du travail et licenciement - ACCIDENTDUTRAVAIL-IDF","og_description":"Absence de visite de reprise apr\u00e8s un accident du travail et licenciement article de ACCIDENTDUTRAVAIL-IDF","og_url":"https:\/\/www.accidentdutravail-idf.net\/blog\/absence-de-visite-de-reprise-apres-un-accident-du-travail-et-licenciement\/","og_site_name":"ACCIDENTDUTRAVAIL-IDF","article_published_time":"2025-12-04T00:13:00+00:00","og_image":[{"url":"https:\/\/www.accidentdutravail-idf.net\/blog\/wp-content\/uploads\/2025\/12\/absence-de-visite-de-reprise-apres-un-accident-du-travail-et-licenciement.png","type":"","width":"","height":""}],"author":"Carlos Poulain","twitter_card":"summary_large_image","twitter_misc":{"\u00c9crit par":"Carlos Poulain","Dur\u00e9e de lecture estim\u00e9e":"1 minute"},"schema":{"@context":"https:\/\/schema.org","@graph":[{"@type":"Article","@id":"https:\/\/www.accidentdutravail-idf.net\/blog\/absence-de-visite-de-reprise-apres-un-accident-du-travail-et-licenciement\/#article","isPartOf":{"@id":"https:\/\/www.accidentdutravail-idf.net\/blog\/absence-de-visite-de-reprise-apres-un-accident-du-travail-et-licenciement\/"},"author":{"name":"Carlos Poulain","@id":"https:\/\/www.accidentdutravail-idf.net\/blog\/#\/schema\/person\/3255d2f970de45e64bd9201f38e7b947"},"headline":"Absence de visite de reprise apr\u00e8s un accident du travail et licenciement","datePublished":"2025-12-04T00:13:00+00:00","mainEntityOfPage":{"@id":"https:\/\/www.accidentdutravail-idf.net\/blog\/absence-de-visite-de-reprise-apres-un-accident-du-travail-et-licenciement\/"},"wordCount":256,"publisher":{"@id":"https:\/\/www.accidentdutravail-idf.net\/blog\/#organization"},"image":{"@id":"https:\/\/www.accidentdutravail-idf.net\/blog\/absence-de-visite-de-reprise-apres-un-accident-du-travail-et-licenciement\/#primaryimage"},"thumbnailUrl":"https:\/\/www.accidentdutravail-idf.net\/blog\/wp-content\/uploads\/2025\/12\/absence-de-visite-de-reprise-apres-un-accident-du-travail-et-licenciement.png","articleSection":["S\u00e9curit\u00e9 Du Travail En Ile-De-France Et Divers:"],"inLanguage":"fr-FR"},{"@type":"WebPage","@id":"https:\/\/www.accidentdutravail-idf.net\/blog\/absence-de-visite-de-reprise-apres-un-accident-du-travail-et-licenciement\/","url":"https:\/\/www.accidentdutravail-idf.net\/blog\/absence-de-visite-de-reprise-apres-un-accident-du-travail-et-licenciement\/","name":"Absence de visite de reprise apr\u00e8s un accident du travail et licenciement - ACCIDENTDUTRAVAIL-IDF","isPartOf":{"@id":"https:\/\/www.accidentdutravail-idf.net\/blog\/#website"},"primaryImageOfPage":{"@id":"https:\/\/www.accidentdutravail-idf.net\/blog\/absence-de-visite-de-reprise-apres-un-accident-du-travail-et-licenciement\/#primaryimage"},"image":{"@id":"https:\/\/www.accidentdutravail-idf.net\/blog\/absence-de-visite-de-reprise-apres-un-accident-du-travail-et-licenciement\/#primaryimage"},"thumbnailUrl":"https:\/\/www.accidentdutravail-idf.net\/blog\/wp-content\/uploads\/2025\/12\/absence-de-visite-de-reprise-apres-un-accident-du-travail-et-licenciement.png","datePublished":"2025-12-04T00:13:00+00:00","description":"Absence de visite de reprise apr\u00e8s un accident du travail et licenciement article de ACCIDENTDUTRAVAIL-IDF","breadcrumb":{"@id":"https:\/\/www.accidentdutravail-idf.net\/blog\/absence-de-visite-de-reprise-apres-un-accident-du-travail-et-licenciement\/#breadcrumb"},"inLanguage":"fr-FR","potentialAction":[{"@type":"ReadAction","target":["https:\/\/www.accidentdutravail-idf.net\/blog\/absence-de-visite-de-reprise-apres-un-accident-du-travail-et-licenciement\/"]}]},{"@type":"ImageObject","inLanguage":"fr-FR","@id":"https:\/\/www.accidentdutravail-idf.net\/blog\/absence-de-visite-de-reprise-apres-un-accident-du-travail-et-licenciement\/#primaryimage","url":"https:\/\/www.accidentdutravail-idf.net\/blog\/wp-content\/uploads\/2025\/12\/absence-de-visite-de-reprise-apres-un-accident-du-travail-et-licenciement.png","contentUrl":"https:\/\/www.accidentdutravail-idf.net\/blog\/wp-content\/uploads\/2025\/12\/absence-de-visite-de-reprise-apres-un-accident-du-travail-et-licenciement.png"},{"@type":"BreadcrumbList","@id":"https:\/\/www.accidentdutravail-idf.net\/blog\/absence-de-visite-de-reprise-apres-un-accident-du-travail-et-licenciement\/#breadcrumb","itemListElement":[{"@type":"ListItem","position":1,"name":"Accueil","item":"https:\/\/www.accidentdutravail-idf.net\/blog\/"},{"@type":"ListItem","position":2,"name":"Absence de visite de reprise apr\u00e8s un accident du travail et licenciement"}]},{"@type":"WebSite","@id":"https:\/\/www.accidentdutravail-idf.net\/blog\/#website","url":"https:\/\/www.accidentdutravail-idf.net\/blog\/","name":"ACCIDENTDUTRAVAIL-IDF","description":"Portail accidents du travail-maladies professionnelles des entreprises d&#039;Ile-de-France","publisher":{"@id":"https:\/\/www.accidentdutravail-idf.net\/blog\/#organization"},"potentialAction":[{"@type":"SearchAction","target":{"@type":"EntryPoint","urlTemplate":"https:\/\/www.accidentdutravail-idf.net\/blog\/?s={search_term_string}"},"query-input":{"@type":"PropertyValueSpecification","valueRequired":true,"valueName":"search_term_string"}}],"inLanguage":"fr-FR"},{"@type":"Organization","@id":"https:\/\/www.accidentdutravail-idf.net\/blog\/#organization","name":"accidentdutravail-idf","url":"https:\/\/www.accidentdutravail-idf.net\/blog\/","logo":{"@type":"ImageObject","inLanguage":"fr-FR","@id":"https:\/\/www.accidentdutravail-idf.net\/blog\/#\/schema\/logo\/image\/","url":"https:\/\/www.accidentdutravail-idf.net\/blog\/wp-content\/uploads\/2022\/09\/logo-2.png","contentUrl":"https:\/\/www.accidentdutravail-idf.net\/blog\/wp-content\/uploads\/2022\/09\/logo-2.png","width":380,"height":291,"caption":"accidentdutravail-idf"},"image":{"@id":"https:\/\/www.accidentdutravail-idf.net\/blog\/#\/schema\/logo\/image\/"}},{"@type":"Person","@id":"https:\/\/www.accidentdutravail-idf.net\/blog\/#\/schema\/person\/3255d2f970de45e64bd9201f38e7b947","name":"Carlos Poulain","image":{"@type":"ImageObject","inLanguage":"fr-FR","@id":"https:\/\/secure.gravatar.com\/avatar\/b1c2f9d3588e34e91adb093635df64ef4b2381991216be7576466cfcdca4baf3?s=96&d=mm&r=g","url":"https:\/\/secure.gravatar.com\/avatar\/b1c2f9d3588e34e91adb093635df64ef4b2381991216be7576466cfcdca4baf3?s=96&d=mm&r=g","contentUrl":"https:\/\/secure.gravatar.com\/avatar\/b1c2f9d3588e34e91adb093635df64ef4b2381991216be7576466cfcdca4baf3?s=96&d=mm&r=g","caption":"Carlos Poulain"},"url":"https:\/\/www.accidentdutravail-idf.net\/blog\/author\/idfcarlos\/"}]}},"_links":{"self":[{"href":"https:\/\/www.accidentdutravail-idf.net\/blog\/wp-json\/wp\/v2\/posts\/1971","targetHints":{"allow":["GET"]}}],"collection":[{"href":"https:\/\/www.accidentdutravail-idf.net\/blog\/wp-json\/wp\/v2\/posts"}],"about":[{"href":"https:\/\/www.accidentdutravail-idf.net\/blog\/wp-json\/wp\/v2\/types\/post"}],"author":[{"embeddable":true,"href":"https:\/\/www.accidentdutravail-idf.net\/blog\/wp-json\/wp\/v2\/users\/2"}],"replies":[{"embeddable":true,"href":"https:\/\/www.accidentdutravail-idf.net\/blog\/wp-json\/wp\/v2\/comments?post=1971"}],"version-history":[{"count":0,"href":"https:\/\/www.accidentdutravail-idf.net\/blog\/wp-json\/wp\/v2\/posts\/1971\/revisions"}],"wp:attachment":[{"href":"https:\/\/www.accidentdutravail-idf.net\/blog\/wp-json\/wp\/v2\/media?parent=1971"}],"wp:term":[{"taxonomy":"category","embeddable":true,"href":"https:\/\/www.accidentdutravail-idf.net\/blog\/wp-json\/wp\/v2\/categories?post=1971"},{"taxonomy":"post_tag","embeddable":true,"href":"https:\/\/www.accidentdutravail-idf.net\/blog\/wp-json\/wp\/v2\/tags?post=1971"}],"curies":[{"name":"wp","href":"https:\/\/api.w.org\/{rel}","templated":true}]}}