{"id":1965,"date":"2025-12-03T10:14:00","date_gmt":"2025-12-03T09:14:00","guid":{"rendered":"https:\/\/www.accidentdutravail-idf.net\/blog\/accidents-du-travail-le-ministere-du-travail-devoile-une-campagne-de-prevention\/"},"modified":"2025-12-03T10:14:00","modified_gmt":"2025-12-03T09:14:00","slug":"accidents-du-travail-le-ministere-du-travail-devoile-une-campagne-de-prevention","status":"publish","type":"post","link":"https:\/\/www.accidentdutravail-idf.net\/blog\/accidents-du-travail-le-ministere-du-travail-devoile-une-campagne-de-prevention\/","title":{"rendered":"Accidents du travail : le minist\u00e8re du Travail d\u00e9voile une campagne de pr\u00e9vention"},"content":{"rendered":"<div><img decoding=\"async\" src=\"https:\/\/www.accidentdutravail-idf.net\/blog\/wp-content\/uploads\/2025\/12\/accidents-du-travail-le-ministere-du-travail-devoile-une-campagne-de-prevention.png\" class=\"ff-og-image-inserted\"><\/div>\n<p>Le Minist\u00e8re du Travail et des Solidarit\u00e9s d\u00e9voile une campagne sign\u00e9e Insign et d\u00e9ploy\u00e9e au niveau national pour renforcer la pr\u00e9vention des accidents du travail graves et mortels.\n<\/p>\n<p>En France, plus de 100 travailleurs sont gravement bless\u00e9s chaque jour, et deux perdent la vie. Au-del\u00e0 du drame humain qui touche les victimes, leurs familles, leurs coll\u00e8gues et m\u00eame les employeurs, le co\u00fbt \u00e9conomique pour les entreprises et la collectivit\u00e9 reste consid\u00e9rable, d\u2019o\u00f9 l\u2019importance d\u2019un engagement renforc\u00e9 de l\u2019ensemble des acteurs.<\/p>\n<p>Avec la signature : \u00ab <em>S\u00e9curit\u00e9 au travail : responsabilit\u00e9 de l\u2019entreprise, vigilance de tous. La pr\u00e9vention n\u2019est pas une option.<\/em> \u00bb, le minist\u00e8re souhaite rappeler la n\u00e9cessit\u00e9 d\u2019une mobilisation collective, tout en mettant en lumi\u00e8re le risque accru encouru par les salari\u00e9s r\u00e9cemment arriv\u00e9s dans leur poste.\n<\/p>\n<p>Le dispositif s\u2019articule autour de quatre spots radio racontant le dernier message envoy\u00e9 par un salari\u00e9 \u00e0 ses proches avant son accident, d\u2019un plan digital renvoyant vers le site securiteautravail.gouv.fr, ainsi que d\u2019un kit de sensibilisation destin\u00e9 \u00e0 l\u2019ensemble des acteurs de la pr\u00e9vention.\n<\/p>\n<p>Au c\u0153ur de la campagne, une rubrique d\u00e9di\u00e9e sur <a href=\"https:\/\/www.cbnews.fr\/marques\/securiteautravail.gouv.fr\" rel=\"noopener nofollow\" target=\"_blank\" title=\"securite-au-travail\">securiteautravail.gouv.fr<\/a> met \u00e0 disposition une large collection de contenus : guides sectoriels, fiches m\u00e9tiers, bonnes pratiques de s\u00e9curit\u00e9 ou encore ressources pour r\u00e9agir correctement en cas d\u2019accident.\n<\/p>\n<p>Diffus\u00e9e du 29 novembre 2025 au 18 janvier 2026, la campagne entend installer durablement une culture de la s\u00e9curit\u00e9 et rappeler que la pr\u00e9vention doit devenir un r\u00e9flexe pour tous, quel que soit le secteur.\n<\/p>\n<p>accidentdutravail-idf.net vous a pr\u00e9par\u00e9 ce post qui informe du sujet \u00ab\u00a0Association Sportive Huisson-Longueville Essonne\u00a0\u00bb. La chronique se veut g\u00e9n\u00e9r\u00e9e du mieux possible. Vous pouvez utiliser les coordonn\u00e9es indiqu\u00e9es sur le site dans le but d\u2019apporter des explications sur ce post qui parle du th\u00e8me \u00ab\u00a0Association Sportive Huisson-Longueville Essonne\u00a0\u00bb. Le site accidentdutravail-idf.net a pour but de fournir diverses publications sur la th\u00e9matique Association Sportive Huisson-Longueville Essonne diffus\u00e9es sur le net. Il y aura plusieurs articles autour du sujet \u00ab\u00a0Association Sportive Huisson-Longueville Essonne\u00a0\u00bb dans quelques jours, nous vous invitons \u00e0 naviguer sur notre site web \u00e0 plusieurs reprises.<\/p>\n","protected":false},"excerpt":{"rendered":"<p>Le Minist\u00e8re du Travail et des Solidarit\u00e9s d\u00e9voile une campagne sign\u00e9e Insign et d\u00e9ploy\u00e9e au niveau national pour renforcer la pr\u00e9vention des accidents du travail graves et mortels. En France, plus de 100 travailleurs sont gravement bless\u00e9s chaque jour, et deux perdent la vie. Au-del\u00e0 du drame humain qui touche les victimes, leurs familles, leurs &hellip; <\/p>\n<p class=\"link-more\"><a href=\"https:\/\/www.accidentdutravail-idf.net\/blog\/accidents-du-travail-le-ministere-du-travail-devoile-une-campagne-de-prevention\/\" class=\"more-link\">Continuer la lecture <span class=\"screen-reader-text\"> \u00ab\u00a0Accidents du travail : le minist\u00e8re du Travail d\u00e9voile une campagne de pr\u00e9vention\u00a0\u00bb<\/span><\/a><\/p>\n","protected":false},"author":2,"featured_media":0,"comment_status":"closed","ping_status":"closed","sticky":false,"template":"","format":"standard","meta":{"footnotes":""},"categories":[5],"tags":[],"class_list":["post-1965","post","type-post","status-publish","format-standard","hentry","category-securite-du-travail-en-ile-de-france-et-divers","entry"],"yoast_head":"<!-- This site is optimized with the Yoast SEO plugin v27.5 - https:\/\/yoast.com\/product\/yoast-seo-wordpress\/ -->\n<title>Accidents du travail : le minist\u00e8re du Travail d\u00e9voile une campagne de pr\u00e9vention - ACCIDENTDUTRAVAIL-IDF<\/title>\n<meta name=\"description\" content=\"Accidents du travail : le minist\u00e8re du Travail d\u00e9voile une campagne de pr\u00e9vention article de ACCIDENTDUTRAVAIL-IDF\" \/>\n<meta name=\"robots\" content=\"index, follow, max-snippet:-1, max-image-preview:large, max-video-preview:-1\" \/>\n<link rel=\"canonical\" href=\"https:\/\/www.accidentdutravail-idf.net\/blog\/accidents-du-travail-le-ministere-du-travail-devoile-une-campagne-de-prevention\/\" \/>\n<meta property=\"og:locale\" content=\"fr_FR\" \/>\n<meta property=\"og:type\" content=\"article\" \/>\n<meta property=\"og:title\" content=\"Accidents du travail : le minist\u00e8re du Travail d\u00e9voile une campagne de pr\u00e9vention - ACCIDENTDUTRAVAIL-IDF\" \/>\n<meta property=\"og:description\" content=\"Accidents du travail : le minist\u00e8re du Travail d\u00e9voile une campagne de pr\u00e9vention article de ACCIDENTDUTRAVAIL-IDF\" \/>\n<meta property=\"og:url\" content=\"https:\/\/www.accidentdutravail-idf.net\/blog\/accidents-du-travail-le-ministere-du-travail-devoile-une-campagne-de-prevention\/\" \/>\n<meta property=\"og:site_name\" content=\"ACCIDENTDUTRAVAIL-IDF\" \/>\n<meta property=\"article:published_time\" content=\"2025-12-03T09:14:00+00:00\" \/>\n<meta property=\"og:image\" content=\"https:\/\/www.accidentdutravail-idf.net\/blog\/wp-content\/uploads\/2025\/12\/accidents-du-travail-le-ministere-du-travail-devoile-une-campagne-de-prevention.png\" \/>\n<meta name=\"author\" content=\"Carlos Poulain\" \/>\n<meta name=\"twitter:card\" content=\"summary_large_image\" \/>\n<meta name=\"twitter:label1\" content=\"\u00c9crit par\" \/>\n\t<meta name=\"twitter:data1\" content=\"Carlos Poulain\" \/>\n\t<meta name=\"twitter:label2\" content=\"Dur\u00e9e de lecture estim\u00e9e\" \/>\n\t<meta name=\"twitter:data2\" content=\"2 minutes\" \/>\n<script type=\"application\/ld+json\" class=\"yoast-schema-graph\">{\"@context\":\"https:\\\/\\\/schema.org\",\"@graph\":[{\"@type\":\"Article\",\"@id\":\"https:\\\/\\\/www.accidentdutravail-idf.net\\\/blog\\\/accidents-du-travail-le-ministere-du-travail-devoile-une-campagne-de-prevention\\\/#article\",\"isPartOf\":{\"@id\":\"https:\\\/\\\/www.accidentdutravail-idf.net\\\/blog\\\/accidents-du-travail-le-ministere-du-travail-devoile-une-campagne-de-prevention\\\/\"},\"author\":{\"name\":\"Carlos Poulain\",\"@id\":\"https:\\\/\\\/www.accidentdutravail-idf.net\\\/blog\\\/#\\\/schema\\\/person\\\/3255d2f970de45e64bd9201f38e7b947\"},\"headline\":\"Accidents du travail : le minist\u00e8re du Travail d\u00e9voile une campagne de pr\u00e9vention\",\"datePublished\":\"2025-12-03T09:14:00+00:00\",\"mainEntityOfPage\":{\"@id\":\"https:\\\/\\\/www.accidentdutravail-idf.net\\\/blog\\\/accidents-du-travail-le-ministere-du-travail-devoile-une-campagne-de-prevention\\\/\"},\"wordCount\":398,\"publisher\":{\"@id\":\"https:\\\/\\\/www.accidentdutravail-idf.net\\\/blog\\\/#organization\"},\"image\":{\"@id\":\"https:\\\/\\\/www.accidentdutravail-idf.net\\\/blog\\\/accidents-du-travail-le-ministere-du-travail-devoile-une-campagne-de-prevention\\\/#primaryimage\"},\"thumbnailUrl\":\"https:\\\/\\\/www.accidentdutravail-idf.net\\\/blog\\\/wp-content\\\/uploads\\\/2025\\\/12\\\/accidents-du-travail-le-ministere-du-travail-devoile-une-campagne-de-prevention.png\",\"articleSection\":[\"S\u00e9curit\u00e9 Du Travail En Ile-De-France Et Divers:\"],\"inLanguage\":\"fr-FR\"},{\"@type\":\"WebPage\",\"@id\":\"https:\\\/\\\/www.accidentdutravail-idf.net\\\/blog\\\/accidents-du-travail-le-ministere-du-travail-devoile-une-campagne-de-prevention\\\/\",\"url\":\"https:\\\/\\\/www.accidentdutravail-idf.net\\\/blog\\\/accidents-du-travail-le-ministere-du-travail-devoile-une-campagne-de-prevention\\\/\",\"name\":\"Accidents du travail : le minist\u00e8re du Travail d\u00e9voile une campagne de pr\u00e9vention - ACCIDENTDUTRAVAIL-IDF\",\"isPartOf\":{\"@id\":\"https:\\\/\\\/www.accidentdutravail-idf.net\\\/blog\\\/#website\"},\"primaryImageOfPage\":{\"@id\":\"https:\\\/\\\/www.accidentdutravail-idf.net\\\/blog\\\/accidents-du-travail-le-ministere-du-travail-devoile-une-campagne-de-prevention\\\/#primaryimage\"},\"image\":{\"@id\":\"https:\\\/\\\/www.accidentdutravail-idf.net\\\/blog\\\/accidents-du-travail-le-ministere-du-travail-devoile-une-campagne-de-prevention\\\/#primaryimage\"},\"thumbnailUrl\":\"https:\\\/\\\/www.accidentdutravail-idf.net\\\/blog\\\/wp-content\\\/uploads\\\/2025\\\/12\\\/accidents-du-travail-le-ministere-du-travail-devoile-une-campagne-de-prevention.png\",\"datePublished\":\"2025-12-03T09:14:00+00:00\",\"description\":\"Accidents du travail : le minist\u00e8re du Travail d\u00e9voile une campagne de pr\u00e9vention article de ACCIDENTDUTRAVAIL-IDF\",\"breadcrumb\":{\"@id\":\"https:\\\/\\\/www.accidentdutravail-idf.net\\\/blog\\\/accidents-du-travail-le-ministere-du-travail-devoile-une-campagne-de-prevention\\\/#breadcrumb\"},\"inLanguage\":\"fr-FR\",\"potentialAction\":[{\"@type\":\"ReadAction\",\"target\":[\"https:\\\/\\\/www.accidentdutravail-idf.net\\\/blog\\\/accidents-du-travail-le-ministere-du-travail-devoile-une-campagne-de-prevention\\\/\"]}]},{\"@type\":\"ImageObject\",\"inLanguage\":\"fr-FR\",\"@id\":\"https:\\\/\\\/www.accidentdutravail-idf.net\\\/blog\\\/accidents-du-travail-le-ministere-du-travail-devoile-une-campagne-de-prevention\\\/#primaryimage\",\"url\":\"https:\\\/\\\/www.accidentdutravail-idf.net\\\/blog\\\/wp-content\\\/uploads\\\/2025\\\/12\\\/accidents-du-travail-le-ministere-du-travail-devoile-une-campagne-de-prevention.png\",\"contentUrl\":\"https:\\\/\\\/www.accidentdutravail-idf.net\\\/blog\\\/wp-content\\\/uploads\\\/2025\\\/12\\\/accidents-du-travail-le-ministere-du-travail-devoile-une-campagne-de-prevention.png\"},{\"@type\":\"BreadcrumbList\",\"@id\":\"https:\\\/\\\/www.accidentdutravail-idf.net\\\/blog\\\/accidents-du-travail-le-ministere-du-travail-devoile-une-campagne-de-prevention\\\/#breadcrumb\",\"itemListElement\":[{\"@type\":\"ListItem\",\"position\":1,\"name\":\"Accueil\",\"item\":\"https:\\\/\\\/www.accidentdutravail-idf.net\\\/blog\\\/\"},{\"@type\":\"ListItem\",\"position\":2,\"name\":\"Accidents du travail : le minist\u00e8re du Travail d\u00e9voile une campagne de pr\u00e9vention\"}]},{\"@type\":\"WebSite\",\"@id\":\"https:\\\/\\\/www.accidentdutravail-idf.net\\\/blog\\\/#website\",\"url\":\"https:\\\/\\\/www.accidentdutravail-idf.net\\\/blog\\\/\",\"name\":\"ACCIDENTDUTRAVAIL-IDF\",\"description\":\"Portail accidents du travail-maladies professionnelles des entreprises d&#039;Ile-de-France\",\"publisher\":{\"@id\":\"https:\\\/\\\/www.accidentdutravail-idf.net\\\/blog\\\/#organization\"},\"potentialAction\":[{\"@type\":\"SearchAction\",\"target\":{\"@type\":\"EntryPoint\",\"urlTemplate\":\"https:\\\/\\\/www.accidentdutravail-idf.net\\\/blog\\\/?s={search_term_string}\"},\"query-input\":{\"@type\":\"PropertyValueSpecification\",\"valueRequired\":true,\"valueName\":\"search_term_string\"}}],\"inLanguage\":\"fr-FR\"},{\"@type\":\"Organization\",\"@id\":\"https:\\\/\\\/www.accidentdutravail-idf.net\\\/blog\\\/#organization\",\"name\":\"accidentdutravail-idf\",\"url\":\"https:\\\/\\\/www.accidentdutravail-idf.net\\\/blog\\\/\",\"logo\":{\"@type\":\"ImageObject\",\"inLanguage\":\"fr-FR\",\"@id\":\"https:\\\/\\\/www.accidentdutravail-idf.net\\\/blog\\\/#\\\/schema\\\/logo\\\/image\\\/\",\"url\":\"https:\\\/\\\/www.accidentdutravail-idf.net\\\/blog\\\/wp-content\\\/uploads\\\/2022\\\/09\\\/logo-2.png\",\"contentUrl\":\"https:\\\/\\\/www.accidentdutravail-idf.net\\\/blog\\\/wp-content\\\/uploads\\\/2022\\\/09\\\/logo-2.png\",\"width\":380,\"height\":291,\"caption\":\"accidentdutravail-idf\"},\"image\":{\"@id\":\"https:\\\/\\\/www.accidentdutravail-idf.net\\\/blog\\\/#\\\/schema\\\/logo\\\/image\\\/\"}},{\"@type\":\"Person\",\"@id\":\"https:\\\/\\\/www.accidentdutravail-idf.net\\\/blog\\\/#\\\/schema\\\/person\\\/3255d2f970de45e64bd9201f38e7b947\",\"name\":\"Carlos Poulain\",\"image\":{\"@type\":\"ImageObject\",\"inLanguage\":\"fr-FR\",\"@id\":\"https:\\\/\\\/secure.gravatar.com\\\/avatar\\\/b1c2f9d3588e34e91adb093635df64ef4b2381991216be7576466cfcdca4baf3?s=96&d=mm&r=g\",\"url\":\"https:\\\/\\\/secure.gravatar.com\\\/avatar\\\/b1c2f9d3588e34e91adb093635df64ef4b2381991216be7576466cfcdca4baf3?s=96&d=mm&r=g\",\"contentUrl\":\"https:\\\/\\\/secure.gravatar.com\\\/avatar\\\/b1c2f9d3588e34e91adb093635df64ef4b2381991216be7576466cfcdca4baf3?s=96&d=mm&r=g\",\"caption\":\"Carlos Poulain\"},\"url\":\"https:\\\/\\\/www.accidentdutravail-idf.net\\\/blog\\\/author\\\/idfcarlos\\\/\"}]}<\/script>\n<!-- \/ Yoast SEO plugin. -->","yoast_head_json":{"title":"Accidents du travail : le minist\u00e8re du Travail d\u00e9voile une campagne de pr\u00e9vention - ACCIDENTDUTRAVAIL-IDF","description":"Accidents du travail : le minist\u00e8re du Travail d\u00e9voile une campagne de pr\u00e9vention article de ACCIDENTDUTRAVAIL-IDF","robots":{"index":"index","follow":"follow","max-snippet":"max-snippet:-1","max-image-preview":"max-image-preview:large","max-video-preview":"max-video-preview:-1"},"canonical":"https:\/\/www.accidentdutravail-idf.net\/blog\/accidents-du-travail-le-ministere-du-travail-devoile-une-campagne-de-prevention\/","og_locale":"fr_FR","og_type":"article","og_title":"Accidents du travail : le minist\u00e8re du Travail d\u00e9voile une campagne de pr\u00e9vention - ACCIDENTDUTRAVAIL-IDF","og_description":"Accidents du travail : le minist\u00e8re du Travail d\u00e9voile une campagne de pr\u00e9vention article de ACCIDENTDUTRAVAIL-IDF","og_url":"https:\/\/www.accidentdutravail-idf.net\/blog\/accidents-du-travail-le-ministere-du-travail-devoile-une-campagne-de-prevention\/","og_site_name":"ACCIDENTDUTRAVAIL-IDF","article_published_time":"2025-12-03T09:14:00+00:00","og_image":[{"url":"https:\/\/www.accidentdutravail-idf.net\/blog\/wp-content\/uploads\/2025\/12\/accidents-du-travail-le-ministere-du-travail-devoile-une-campagne-de-prevention.png","type":"","width":"","height":""}],"author":"Carlos Poulain","twitter_card":"summary_large_image","twitter_misc":{"\u00c9crit par":"Carlos Poulain","Dur\u00e9e de lecture estim\u00e9e":"2 minutes"},"schema":{"@context":"https:\/\/schema.org","@graph":[{"@type":"Article","@id":"https:\/\/www.accidentdutravail-idf.net\/blog\/accidents-du-travail-le-ministere-du-travail-devoile-une-campagne-de-prevention\/#article","isPartOf":{"@id":"https:\/\/www.accidentdutravail-idf.net\/blog\/accidents-du-travail-le-ministere-du-travail-devoile-une-campagne-de-prevention\/"},"author":{"name":"Carlos Poulain","@id":"https:\/\/www.accidentdutravail-idf.net\/blog\/#\/schema\/person\/3255d2f970de45e64bd9201f38e7b947"},"headline":"Accidents du travail : le minist\u00e8re du Travail d\u00e9voile une campagne de pr\u00e9vention","datePublished":"2025-12-03T09:14:00+00:00","mainEntityOfPage":{"@id":"https:\/\/www.accidentdutravail-idf.net\/blog\/accidents-du-travail-le-ministere-du-travail-devoile-une-campagne-de-prevention\/"},"wordCount":398,"publisher":{"@id":"https:\/\/www.accidentdutravail-idf.net\/blog\/#organization"},"image":{"@id":"https:\/\/www.accidentdutravail-idf.net\/blog\/accidents-du-travail-le-ministere-du-travail-devoile-une-campagne-de-prevention\/#primaryimage"},"thumbnailUrl":"https:\/\/www.accidentdutravail-idf.net\/blog\/wp-content\/uploads\/2025\/12\/accidents-du-travail-le-ministere-du-travail-devoile-une-campagne-de-prevention.png","articleSection":["S\u00e9curit\u00e9 Du Travail En Ile-De-France Et Divers:"],"inLanguage":"fr-FR"},{"@type":"WebPage","@id":"https:\/\/www.accidentdutravail-idf.net\/blog\/accidents-du-travail-le-ministere-du-travail-devoile-une-campagne-de-prevention\/","url":"https:\/\/www.accidentdutravail-idf.net\/blog\/accidents-du-travail-le-ministere-du-travail-devoile-une-campagne-de-prevention\/","name":"Accidents du travail : le minist\u00e8re du Travail d\u00e9voile une campagne de pr\u00e9vention - ACCIDENTDUTRAVAIL-IDF","isPartOf":{"@id":"https:\/\/www.accidentdutravail-idf.net\/blog\/#website"},"primaryImageOfPage":{"@id":"https:\/\/www.accidentdutravail-idf.net\/blog\/accidents-du-travail-le-ministere-du-travail-devoile-une-campagne-de-prevention\/#primaryimage"},"image":{"@id":"https:\/\/www.accidentdutravail-idf.net\/blog\/accidents-du-travail-le-ministere-du-travail-devoile-une-campagne-de-prevention\/#primaryimage"},"thumbnailUrl":"https:\/\/www.accidentdutravail-idf.net\/blog\/wp-content\/uploads\/2025\/12\/accidents-du-travail-le-ministere-du-travail-devoile-une-campagne-de-prevention.png","datePublished":"2025-12-03T09:14:00+00:00","description":"Accidents du travail : le minist\u00e8re du Travail d\u00e9voile une campagne de pr\u00e9vention article de ACCIDENTDUTRAVAIL-IDF","breadcrumb":{"@id":"https:\/\/www.accidentdutravail-idf.net\/blog\/accidents-du-travail-le-ministere-du-travail-devoile-une-campagne-de-prevention\/#breadcrumb"},"inLanguage":"fr-FR","potentialAction":[{"@type":"ReadAction","target":["https:\/\/www.accidentdutravail-idf.net\/blog\/accidents-du-travail-le-ministere-du-travail-devoile-une-campagne-de-prevention\/"]}]},{"@type":"ImageObject","inLanguage":"fr-FR","@id":"https:\/\/www.accidentdutravail-idf.net\/blog\/accidents-du-travail-le-ministere-du-travail-devoile-une-campagne-de-prevention\/#primaryimage","url":"https:\/\/www.accidentdutravail-idf.net\/blog\/wp-content\/uploads\/2025\/12\/accidents-du-travail-le-ministere-du-travail-devoile-une-campagne-de-prevention.png","contentUrl":"https:\/\/www.accidentdutravail-idf.net\/blog\/wp-content\/uploads\/2025\/12\/accidents-du-travail-le-ministere-du-travail-devoile-une-campagne-de-prevention.png"},{"@type":"BreadcrumbList","@id":"https:\/\/www.accidentdutravail-idf.net\/blog\/accidents-du-travail-le-ministere-du-travail-devoile-une-campagne-de-prevention\/#breadcrumb","itemListElement":[{"@type":"ListItem","position":1,"name":"Accueil","item":"https:\/\/www.accidentdutravail-idf.net\/blog\/"},{"@type":"ListItem","position":2,"name":"Accidents du travail : le minist\u00e8re du Travail d\u00e9voile une campagne de pr\u00e9vention"}]},{"@type":"WebSite","@id":"https:\/\/www.accidentdutravail-idf.net\/blog\/#website","url":"https:\/\/www.accidentdutravail-idf.net\/blog\/","name":"ACCIDENTDUTRAVAIL-IDF","description":"Portail accidents du travail-maladies professionnelles des entreprises d&#039;Ile-de-France","publisher":{"@id":"https:\/\/www.accidentdutravail-idf.net\/blog\/#organization"},"potentialAction":[{"@type":"SearchAction","target":{"@type":"EntryPoint","urlTemplate":"https:\/\/www.accidentdutravail-idf.net\/blog\/?s={search_term_string}"},"query-input":{"@type":"PropertyValueSpecification","valueRequired":true,"valueName":"search_term_string"}}],"inLanguage":"fr-FR"},{"@type":"Organization","@id":"https:\/\/www.accidentdutravail-idf.net\/blog\/#organization","name":"accidentdutravail-idf","url":"https:\/\/www.accidentdutravail-idf.net\/blog\/","logo":{"@type":"ImageObject","inLanguage":"fr-FR","@id":"https:\/\/www.accidentdutravail-idf.net\/blog\/#\/schema\/logo\/image\/","url":"https:\/\/www.accidentdutravail-idf.net\/blog\/wp-content\/uploads\/2022\/09\/logo-2.png","contentUrl":"https:\/\/www.accidentdutravail-idf.net\/blog\/wp-content\/uploads\/2022\/09\/logo-2.png","width":380,"height":291,"caption":"accidentdutravail-idf"},"image":{"@id":"https:\/\/www.accidentdutravail-idf.net\/blog\/#\/schema\/logo\/image\/"}},{"@type":"Person","@id":"https:\/\/www.accidentdutravail-idf.net\/blog\/#\/schema\/person\/3255d2f970de45e64bd9201f38e7b947","name":"Carlos Poulain","image":{"@type":"ImageObject","inLanguage":"fr-FR","@id":"https:\/\/secure.gravatar.com\/avatar\/b1c2f9d3588e34e91adb093635df64ef4b2381991216be7576466cfcdca4baf3?s=96&d=mm&r=g","url":"https:\/\/secure.gravatar.com\/avatar\/b1c2f9d3588e34e91adb093635df64ef4b2381991216be7576466cfcdca4baf3?s=96&d=mm&r=g","contentUrl":"https:\/\/secure.gravatar.com\/avatar\/b1c2f9d3588e34e91adb093635df64ef4b2381991216be7576466cfcdca4baf3?s=96&d=mm&r=g","caption":"Carlos Poulain"},"url":"https:\/\/www.accidentdutravail-idf.net\/blog\/author\/idfcarlos\/"}]}},"_links":{"self":[{"href":"https:\/\/www.accidentdutravail-idf.net\/blog\/wp-json\/wp\/v2\/posts\/1965","targetHints":{"allow":["GET"]}}],"collection":[{"href":"https:\/\/www.accidentdutravail-idf.net\/blog\/wp-json\/wp\/v2\/posts"}],"about":[{"href":"https:\/\/www.accidentdutravail-idf.net\/blog\/wp-json\/wp\/v2\/types\/post"}],"author":[{"embeddable":true,"href":"https:\/\/www.accidentdutravail-idf.net\/blog\/wp-json\/wp\/v2\/users\/2"}],"replies":[{"embeddable":true,"href":"https:\/\/www.accidentdutravail-idf.net\/blog\/wp-json\/wp\/v2\/comments?post=1965"}],"version-history":[{"count":0,"href":"https:\/\/www.accidentdutravail-idf.net\/blog\/wp-json\/wp\/v2\/posts\/1965\/revisions"}],"wp:attachment":[{"href":"https:\/\/www.accidentdutravail-idf.net\/blog\/wp-json\/wp\/v2\/media?parent=1965"}],"wp:term":[{"taxonomy":"category","embeddable":true,"href":"https:\/\/www.accidentdutravail-idf.net\/blog\/wp-json\/wp\/v2\/categories?post=1965"},{"taxonomy":"post_tag","embeddable":true,"href":"https:\/\/www.accidentdutravail-idf.net\/blog\/wp-json\/wp\/v2\/tags?post=1965"}],"curies":[{"name":"wp","href":"https:\/\/api.w.org\/{rel}","templated":true}]}}