{"id":1950,"date":"2025-11-26T22:31:00","date_gmt":"2025-11-26T21:31:00","guid":{"rendered":"https:\/\/www.accidentdutravail-idf.net\/blog\/a-limoges-les-ateliers-raynaud-agissent-contre-les-accidents-du-travail\/"},"modified":"2025-11-26T22:31:00","modified_gmt":"2025-11-26T21:31:00","slug":"a-limoges-les-ateliers-raynaud-agissent-contre-les-accidents-du-travail","status":"publish","type":"post","link":"https:\/\/www.accidentdutravail-idf.net\/blog\/a-limoges-les-ateliers-raynaud-agissent-contre-les-accidents-du-travail\/","title":{"rendered":"\u00c0 Limoges, les Ateliers Raynaud agissent contre les accidents du travail"},"content":{"rendered":"<p>Depuis trois ans, l&rsquo;entreprise de menuiserie Les Ateliers Raynaud, \u00e0 Limoges en Haute-Vienne, tente de r\u00e9duire les risques d&rsquo;accidents du travail de ses salari\u00e9s. Et la strat\u00e9gie fonctionne&nbsp;: la firme compte sept fois moins d&rsquo;arr\u00eats maladies li\u00e9s aux accidents du travail qu&rsquo;en 2022. <\/p>\n<div><!--[!--><!--[--><!--[--><!--[!--><!--[!--><!--[--><!--[--><!--[!--><!--[--><!--&gt;\n\n<p>[!--><!--[--><!--[--><!--[!--><!--[!--><!--[--><!--[!--><!--[--><!--[!--><!--[--><!--&gt;-->En 2022, les Ateliers Raynaud cumulaient <strong>700 jours d&rsquo;arr\u00eats maladie li\u00e9s \u00e0 des accidents du travail<\/strong>. Aujourd&rsquo;hui, selon la direction, l&rsquo;entreprise de menuiserie implant\u00e9e \u00e0 Limoges, en Haute-Vienne, n&rsquo;en compte <strong>plus que 100 sur toute l&rsquo;ann\u00e9e 2025<\/strong>. Une baisse drastique qui s&rsquo;explique par <strong>le virage de pr\u00e9vention des risques op\u00e9r\u00e9 par l&rsquo;entreprise<\/strong>, en collaboration avec l&rsquo;Organisme professionnel de pr\u00e9vention du BTP.<!--&gt;--><!--&gt;]--><!--]--><!--]--><!--]--><!--]--><!--]--><!--]--><!--]--><!--]--><!--]--><!--&gt;<\/p>\n\n--><!--]--><!--]--><!--]--><!--]--><!--]--><!--]--><!--[!--><!--[!--><!--[--><!--[!--><!--[!--><!--[!--><!--[--><!--&gt;[--><!--]--><!--&gt;]--><!--]--><!--]--><!--]--><!--]--><!--]--><!--]--><!--[!--><!--[!--><!--[--><!--[!--><!--[--><!--[--><!--&gt;[!--><!--[--><\/p>\n<h2><!--&gt;La priorit\u00e9&nbsp;: pr\u00e9venir les risque d'accident--><!--&gt;<\/h2>\n\n]--><!--]--><!--&gt;]--><!--]--><!--]--><!--]--><!--]--><!--]--><!--[!--><!--[!--><!--[--><!--[--><!--[!--><!--[--><!--&gt;\n\n<p>[!--><!--[--><!--[--><!--[!--><!--[!--><!--[--><!--[!--><!--[--><!--[!--><!--[--><!--&gt;-->Accompagn\u00e9e par un conseiller, la direction des Ateliers Raynaud a am\u00e9lior\u00e9 ses infrastructures. Son atelier de menuiserie, \u00e0 l&rsquo;origine tr\u00e8s bruyant, comporte d\u00e9sormais une partie silencieuse, pour limiter l&rsquo;exposition des salari\u00e9s au bruit. Les menuisiers sont \u00e9galement impact\u00e9s par de nombreux troubles musculosquelettiques, l&rsquo;entreprise limougeaude leur propose de&nbsp;<strong>d&rsquo;\u00eatre film\u00e9s pendant des s\u00e9ances de travail<\/strong>&nbsp;puis de visionner ces vid\u00e9os afin d&rsquo;am\u00e9liorer leur posture.<!--&gt;--><!--&gt;]--><!--]--><!--]--><!--]--><!--]--><!--]--><!--]--><!--]--><!--]--><!--]--><!--&gt;<\/p>\n\n--><!--]--><!--]--><!--]--><!--]--><!--]--><!--]--><!--[!--><!--[!--><!--[--><!--[!--><!--[!--><!--[--><!--&gt;\n\n<aside class=\"IciBounceArticle svelte-zvzpci\">\n\n<h2 class=\"label g-ici-heading svelte-zvzpci\">\u00c0 lire aussi<\/h2>\n\n \n\n<div class=\"content svelte-zvzpci\"> [--><\/p>\n<div class=\"visual svelte-zvzpci\"><!--[--><!--]--> <!--[!--><img decoding=\"async\" src=\"https:\/\/www.accidentdutravail-idf.net\/blog\/wp-content\/uploads\/2025\/11\/a-limoges-les-ateliers-raynaud-agissent-contre-les-accidents-du-travail.jpg\" alt loading=\"lazy\" aria-hidden=\"true\" class=\"svelte-1cksh76 rounded\"><!--]--><!--&gt;<\/div>\n\n]--><\/div>\n<\/aside>\n<p><!--&gt;]--><!--]--><!--]--><!--]--><!--]--><!--]--><!--]--><!--]--><!--]--><!--&gt;<\/div>\n\naccidentdutravail-idf.net vous a pr\u00e9par\u00e9 ce post qui informe du sujet \"Association Sportive Huisson-Longueville Essonne\". La chronique se veut g\u00e9n\u00e9r\u00e9e du mieux possible. Vous pouvez utiliser les coordonn\u00e9es indiqu\u00e9es sur le site dans le but d\u2019apporter des explications sur ce post qui parle du th\u00e8me \"Association Sportive Huisson-Longueville Essonne\". Le site accidentdutravail-idf.net a pour but de fournir diverses publications sur la th\u00e9matique Association Sportive Huisson-Longueville Essonne diffus\u00e9es sur le net. Il y aura plusieurs articles autour du sujet \"Association Sportive Huisson-Longueville Essonne\" dans quelques jours, nous vous invitons \u00e0 naviguer sur notre site web \u00e0 plusieurs reprises.--><\/p>\n","protected":false},"excerpt":{"rendered":"<p>Depuis trois ans, l&rsquo;entreprise de menuiserie Les Ateliers Raynaud, \u00e0 Limoges en Haute-Vienne, tente de r\u00e9duire les risques d&rsquo;accidents du travail de ses salari\u00e9s. Et la strat\u00e9gie fonctionne&nbsp;: la firme compte sept fois moins d&rsquo;arr\u00eats maladies li\u00e9s aux accidents du travail qu&rsquo;en 2022. En 2022, les Ateliers Raynaud cumulaient 700 jours d&rsquo;arr\u00eats maladie li\u00e9s \u00e0 &hellip; <\/p>\n<p class=\"link-more\"><a href=\"https:\/\/www.accidentdutravail-idf.net\/blog\/a-limoges-les-ateliers-raynaud-agissent-contre-les-accidents-du-travail\/\" class=\"more-link\">Continuer la lecture <span class=\"screen-reader-text\"> \u00ab\u00a0\u00c0 Limoges, les Ateliers Raynaud agissent contre les accidents du travail\u00a0\u00bb<\/span><\/a><\/p>\n","protected":false},"author":2,"featured_media":0,"comment_status":"closed","ping_status":"closed","sticky":false,"template":"","format":"standard","meta":{"footnotes":""},"categories":[5],"tags":[],"class_list":["post-1950","post","type-post","status-publish","format-standard","hentry","category-securite-du-travail-en-ile-de-france-et-divers","entry"],"yoast_head":"<!-- This site is optimized with the Yoast SEO plugin v27.5 - https:\/\/yoast.com\/product\/yoast-seo-wordpress\/ -->\n<title>\u00c0 Limoges, les Ateliers Raynaud agissent contre les accidents du travail - ACCIDENTDUTRAVAIL-IDF<\/title>\n<meta name=\"description\" content=\"\u00c0 Limoges, les Ateliers Raynaud agissent contre les accidents du travail article de ACCIDENTDUTRAVAIL-IDF\" \/>\n<meta name=\"robots\" content=\"index, follow, max-snippet:-1, max-image-preview:large, max-video-preview:-1\" \/>\n<link rel=\"canonical\" href=\"https:\/\/www.accidentdutravail-idf.net\/blog\/a-limoges-les-ateliers-raynaud-agissent-contre-les-accidents-du-travail\/\" \/>\n<meta property=\"og:locale\" content=\"fr_FR\" \/>\n<meta property=\"og:type\" content=\"article\" \/>\n<meta property=\"og:title\" content=\"\u00c0 Limoges, les Ateliers Raynaud agissent contre les accidents du travail - ACCIDENTDUTRAVAIL-IDF\" \/>\n<meta property=\"og:description\" content=\"\u00c0 Limoges, les Ateliers Raynaud agissent contre les accidents du travail article de ACCIDENTDUTRAVAIL-IDF\" \/>\n<meta property=\"og:url\" content=\"https:\/\/www.accidentdutravail-idf.net\/blog\/a-limoges-les-ateliers-raynaud-agissent-contre-les-accidents-du-travail\/\" \/>\n<meta property=\"og:site_name\" content=\"ACCIDENTDUTRAVAIL-IDF\" \/>\n<meta property=\"article:published_time\" content=\"2025-11-26T21:31:00+00:00\" \/>\n<meta property=\"og:image\" content=\"https:\/\/www.accidentdutravail-idf.net\/blog\/wp-content\/uploads\/2025\/11\/a-limoges-les-ateliers-raynaud-agissent-contre-les-accidents-du-travail.jpg\" \/>\n<meta name=\"author\" content=\"Carlos Poulain\" \/>\n<meta name=\"twitter:card\" content=\"summary_large_image\" \/>\n<meta name=\"twitter:label1\" content=\"\u00c9crit par\" \/>\n\t<meta name=\"twitter:data1\" content=\"Carlos Poulain\" \/>\n\t<meta name=\"twitter:label2\" content=\"Dur\u00e9e de lecture estim\u00e9e\" \/>\n\t<meta name=\"twitter:data2\" content=\"1 minute\" \/>\n<script type=\"application\/ld+json\" class=\"yoast-schema-graph\">{\"@context\":\"https:\\\/\\\/schema.org\",\"@graph\":[{\"@type\":\"Article\",\"@id\":\"https:\\\/\\\/www.accidentdutravail-idf.net\\\/blog\\\/a-limoges-les-ateliers-raynaud-agissent-contre-les-accidents-du-travail\\\/#article\",\"isPartOf\":{\"@id\":\"https:\\\/\\\/www.accidentdutravail-idf.net\\\/blog\\\/a-limoges-les-ateliers-raynaud-agissent-contre-les-accidents-du-travail\\\/\"},\"author\":{\"name\":\"Carlos Poulain\",\"@id\":\"https:\\\/\\\/www.accidentdutravail-idf.net\\\/blog\\\/#\\\/schema\\\/person\\\/3255d2f970de45e64bd9201f38e7b947\"},\"headline\":\"\u00c0 Limoges, les Ateliers Raynaud agissent contre les accidents du travail\",\"datePublished\":\"2025-11-26T21:31:00+00:00\",\"mainEntityOfPage\":{\"@id\":\"https:\\\/\\\/www.accidentdutravail-idf.net\\\/blog\\\/a-limoges-les-ateliers-raynaud-agissent-contre-les-accidents-du-travail\\\/\"},\"wordCount\":195,\"publisher\":{\"@id\":\"https:\\\/\\\/www.accidentdutravail-idf.net\\\/blog\\\/#organization\"},\"image\":{\"@id\":\"https:\\\/\\\/www.accidentdutravail-idf.net\\\/blog\\\/a-limoges-les-ateliers-raynaud-agissent-contre-les-accidents-du-travail\\\/#primaryimage\"},\"thumbnailUrl\":\"https:\\\/\\\/www.accidentdutravail-idf.net\\\/blog\\\/wp-content\\\/uploads\\\/2025\\\/11\\\/a-limoges-les-ateliers-raynaud-agissent-contre-les-accidents-du-travail.jpg\",\"articleSection\":[\"S\u00e9curit\u00e9 Du Travail En Ile-De-France Et Divers:\"],\"inLanguage\":\"fr-FR\"},{\"@type\":\"WebPage\",\"@id\":\"https:\\\/\\\/www.accidentdutravail-idf.net\\\/blog\\\/a-limoges-les-ateliers-raynaud-agissent-contre-les-accidents-du-travail\\\/\",\"url\":\"https:\\\/\\\/www.accidentdutravail-idf.net\\\/blog\\\/a-limoges-les-ateliers-raynaud-agissent-contre-les-accidents-du-travail\\\/\",\"name\":\"\u00c0 Limoges, les Ateliers Raynaud agissent contre les accidents du travail - ACCIDENTDUTRAVAIL-IDF\",\"isPartOf\":{\"@id\":\"https:\\\/\\\/www.accidentdutravail-idf.net\\\/blog\\\/#website\"},\"primaryImageOfPage\":{\"@id\":\"https:\\\/\\\/www.accidentdutravail-idf.net\\\/blog\\\/a-limoges-les-ateliers-raynaud-agissent-contre-les-accidents-du-travail\\\/#primaryimage\"},\"image\":{\"@id\":\"https:\\\/\\\/www.accidentdutravail-idf.net\\\/blog\\\/a-limoges-les-ateliers-raynaud-agissent-contre-les-accidents-du-travail\\\/#primaryimage\"},\"thumbnailUrl\":\"https:\\\/\\\/www.accidentdutravail-idf.net\\\/blog\\\/wp-content\\\/uploads\\\/2025\\\/11\\\/a-limoges-les-ateliers-raynaud-agissent-contre-les-accidents-du-travail.jpg\",\"datePublished\":\"2025-11-26T21:31:00+00:00\",\"description\":\"\u00c0 Limoges, les Ateliers Raynaud agissent contre les accidents du travail article de ACCIDENTDUTRAVAIL-IDF\",\"breadcrumb\":{\"@id\":\"https:\\\/\\\/www.accidentdutravail-idf.net\\\/blog\\\/a-limoges-les-ateliers-raynaud-agissent-contre-les-accidents-du-travail\\\/#breadcrumb\"},\"inLanguage\":\"fr-FR\",\"potentialAction\":[{\"@type\":\"ReadAction\",\"target\":[\"https:\\\/\\\/www.accidentdutravail-idf.net\\\/blog\\\/a-limoges-les-ateliers-raynaud-agissent-contre-les-accidents-du-travail\\\/\"]}]},{\"@type\":\"ImageObject\",\"inLanguage\":\"fr-FR\",\"@id\":\"https:\\\/\\\/www.accidentdutravail-idf.net\\\/blog\\\/a-limoges-les-ateliers-raynaud-agissent-contre-les-accidents-du-travail\\\/#primaryimage\",\"url\":\"https:\\\/\\\/www.accidentdutravail-idf.net\\\/blog\\\/wp-content\\\/uploads\\\/2025\\\/11\\\/a-limoges-les-ateliers-raynaud-agissent-contre-les-accidents-du-travail.jpg\",\"contentUrl\":\"https:\\\/\\\/www.accidentdutravail-idf.net\\\/blog\\\/wp-content\\\/uploads\\\/2025\\\/11\\\/a-limoges-les-ateliers-raynaud-agissent-contre-les-accidents-du-travail.jpg\"},{\"@type\":\"BreadcrumbList\",\"@id\":\"https:\\\/\\\/www.accidentdutravail-idf.net\\\/blog\\\/a-limoges-les-ateliers-raynaud-agissent-contre-les-accidents-du-travail\\\/#breadcrumb\",\"itemListElement\":[{\"@type\":\"ListItem\",\"position\":1,\"name\":\"Accueil\",\"item\":\"https:\\\/\\\/www.accidentdutravail-idf.net\\\/blog\\\/\"},{\"@type\":\"ListItem\",\"position\":2,\"name\":\"\u00c0 Limoges, les Ateliers Raynaud agissent contre les accidents du travail\"}]},{\"@type\":\"WebSite\",\"@id\":\"https:\\\/\\\/www.accidentdutravail-idf.net\\\/blog\\\/#website\",\"url\":\"https:\\\/\\\/www.accidentdutravail-idf.net\\\/blog\\\/\",\"name\":\"ACCIDENTDUTRAVAIL-IDF\",\"description\":\"Portail accidents du travail-maladies professionnelles des entreprises d&#039;Ile-de-France\",\"publisher\":{\"@id\":\"https:\\\/\\\/www.accidentdutravail-idf.net\\\/blog\\\/#organization\"},\"potentialAction\":[{\"@type\":\"SearchAction\",\"target\":{\"@type\":\"EntryPoint\",\"urlTemplate\":\"https:\\\/\\\/www.accidentdutravail-idf.net\\\/blog\\\/?s={search_term_string}\"},\"query-input\":{\"@type\":\"PropertyValueSpecification\",\"valueRequired\":true,\"valueName\":\"search_term_string\"}}],\"inLanguage\":\"fr-FR\"},{\"@type\":\"Organization\",\"@id\":\"https:\\\/\\\/www.accidentdutravail-idf.net\\\/blog\\\/#organization\",\"name\":\"accidentdutravail-idf\",\"url\":\"https:\\\/\\\/www.accidentdutravail-idf.net\\\/blog\\\/\",\"logo\":{\"@type\":\"ImageObject\",\"inLanguage\":\"fr-FR\",\"@id\":\"https:\\\/\\\/www.accidentdutravail-idf.net\\\/blog\\\/#\\\/schema\\\/logo\\\/image\\\/\",\"url\":\"https:\\\/\\\/www.accidentdutravail-idf.net\\\/blog\\\/wp-content\\\/uploads\\\/2022\\\/09\\\/logo-2.png\",\"contentUrl\":\"https:\\\/\\\/www.accidentdutravail-idf.net\\\/blog\\\/wp-content\\\/uploads\\\/2022\\\/09\\\/logo-2.png\",\"width\":380,\"height\":291,\"caption\":\"accidentdutravail-idf\"},\"image\":{\"@id\":\"https:\\\/\\\/www.accidentdutravail-idf.net\\\/blog\\\/#\\\/schema\\\/logo\\\/image\\\/\"}},{\"@type\":\"Person\",\"@id\":\"https:\\\/\\\/www.accidentdutravail-idf.net\\\/blog\\\/#\\\/schema\\\/person\\\/3255d2f970de45e64bd9201f38e7b947\",\"name\":\"Carlos Poulain\",\"image\":{\"@type\":\"ImageObject\",\"inLanguage\":\"fr-FR\",\"@id\":\"https:\\\/\\\/secure.gravatar.com\\\/avatar\\\/b1c2f9d3588e34e91adb093635df64ef4b2381991216be7576466cfcdca4baf3?s=96&d=mm&r=g\",\"url\":\"https:\\\/\\\/secure.gravatar.com\\\/avatar\\\/b1c2f9d3588e34e91adb093635df64ef4b2381991216be7576466cfcdca4baf3?s=96&d=mm&r=g\",\"contentUrl\":\"https:\\\/\\\/secure.gravatar.com\\\/avatar\\\/b1c2f9d3588e34e91adb093635df64ef4b2381991216be7576466cfcdca4baf3?s=96&d=mm&r=g\",\"caption\":\"Carlos Poulain\"},\"url\":\"https:\\\/\\\/www.accidentdutravail-idf.net\\\/blog\\\/author\\\/idfcarlos\\\/\"}]}<\/script>\n<!-- \/ Yoast SEO plugin. -->","yoast_head_json":{"title":"\u00c0 Limoges, les Ateliers Raynaud agissent contre les accidents du travail - ACCIDENTDUTRAVAIL-IDF","description":"\u00c0 Limoges, les Ateliers Raynaud agissent contre les accidents du travail article de ACCIDENTDUTRAVAIL-IDF","robots":{"index":"index","follow":"follow","max-snippet":"max-snippet:-1","max-image-preview":"max-image-preview:large","max-video-preview":"max-video-preview:-1"},"canonical":"https:\/\/www.accidentdutravail-idf.net\/blog\/a-limoges-les-ateliers-raynaud-agissent-contre-les-accidents-du-travail\/","og_locale":"fr_FR","og_type":"article","og_title":"\u00c0 Limoges, les Ateliers Raynaud agissent contre les accidents du travail - ACCIDENTDUTRAVAIL-IDF","og_description":"\u00c0 Limoges, les Ateliers Raynaud agissent contre les accidents du travail article de ACCIDENTDUTRAVAIL-IDF","og_url":"https:\/\/www.accidentdutravail-idf.net\/blog\/a-limoges-les-ateliers-raynaud-agissent-contre-les-accidents-du-travail\/","og_site_name":"ACCIDENTDUTRAVAIL-IDF","article_published_time":"2025-11-26T21:31:00+00:00","og_image":[{"url":"https:\/\/www.accidentdutravail-idf.net\/blog\/wp-content\/uploads\/2025\/11\/a-limoges-les-ateliers-raynaud-agissent-contre-les-accidents-du-travail.jpg","type":"","width":"","height":""}],"author":"Carlos Poulain","twitter_card":"summary_large_image","twitter_misc":{"\u00c9crit par":"Carlos Poulain","Dur\u00e9e de lecture estim\u00e9e":"1 minute"},"schema":{"@context":"https:\/\/schema.org","@graph":[{"@type":"Article","@id":"https:\/\/www.accidentdutravail-idf.net\/blog\/a-limoges-les-ateliers-raynaud-agissent-contre-les-accidents-du-travail\/#article","isPartOf":{"@id":"https:\/\/www.accidentdutravail-idf.net\/blog\/a-limoges-les-ateliers-raynaud-agissent-contre-les-accidents-du-travail\/"},"author":{"name":"Carlos Poulain","@id":"https:\/\/www.accidentdutravail-idf.net\/blog\/#\/schema\/person\/3255d2f970de45e64bd9201f38e7b947"},"headline":"\u00c0 Limoges, les Ateliers Raynaud agissent contre les accidents du travail","datePublished":"2025-11-26T21:31:00+00:00","mainEntityOfPage":{"@id":"https:\/\/www.accidentdutravail-idf.net\/blog\/a-limoges-les-ateliers-raynaud-agissent-contre-les-accidents-du-travail\/"},"wordCount":195,"publisher":{"@id":"https:\/\/www.accidentdutravail-idf.net\/blog\/#organization"},"image":{"@id":"https:\/\/www.accidentdutravail-idf.net\/blog\/a-limoges-les-ateliers-raynaud-agissent-contre-les-accidents-du-travail\/#primaryimage"},"thumbnailUrl":"https:\/\/www.accidentdutravail-idf.net\/blog\/wp-content\/uploads\/2025\/11\/a-limoges-les-ateliers-raynaud-agissent-contre-les-accidents-du-travail.jpg","articleSection":["S\u00e9curit\u00e9 Du Travail En Ile-De-France Et Divers:"],"inLanguage":"fr-FR"},{"@type":"WebPage","@id":"https:\/\/www.accidentdutravail-idf.net\/blog\/a-limoges-les-ateliers-raynaud-agissent-contre-les-accidents-du-travail\/","url":"https:\/\/www.accidentdutravail-idf.net\/blog\/a-limoges-les-ateliers-raynaud-agissent-contre-les-accidents-du-travail\/","name":"\u00c0 Limoges, les Ateliers Raynaud agissent contre les accidents du travail - ACCIDENTDUTRAVAIL-IDF","isPartOf":{"@id":"https:\/\/www.accidentdutravail-idf.net\/blog\/#website"},"primaryImageOfPage":{"@id":"https:\/\/www.accidentdutravail-idf.net\/blog\/a-limoges-les-ateliers-raynaud-agissent-contre-les-accidents-du-travail\/#primaryimage"},"image":{"@id":"https:\/\/www.accidentdutravail-idf.net\/blog\/a-limoges-les-ateliers-raynaud-agissent-contre-les-accidents-du-travail\/#primaryimage"},"thumbnailUrl":"https:\/\/www.accidentdutravail-idf.net\/blog\/wp-content\/uploads\/2025\/11\/a-limoges-les-ateliers-raynaud-agissent-contre-les-accidents-du-travail.jpg","datePublished":"2025-11-26T21:31:00+00:00","description":"\u00c0 Limoges, les Ateliers Raynaud agissent contre les accidents du travail article de ACCIDENTDUTRAVAIL-IDF","breadcrumb":{"@id":"https:\/\/www.accidentdutravail-idf.net\/blog\/a-limoges-les-ateliers-raynaud-agissent-contre-les-accidents-du-travail\/#breadcrumb"},"inLanguage":"fr-FR","potentialAction":[{"@type":"ReadAction","target":["https:\/\/www.accidentdutravail-idf.net\/blog\/a-limoges-les-ateliers-raynaud-agissent-contre-les-accidents-du-travail\/"]}]},{"@type":"ImageObject","inLanguage":"fr-FR","@id":"https:\/\/www.accidentdutravail-idf.net\/blog\/a-limoges-les-ateliers-raynaud-agissent-contre-les-accidents-du-travail\/#primaryimage","url":"https:\/\/www.accidentdutravail-idf.net\/blog\/wp-content\/uploads\/2025\/11\/a-limoges-les-ateliers-raynaud-agissent-contre-les-accidents-du-travail.jpg","contentUrl":"https:\/\/www.accidentdutravail-idf.net\/blog\/wp-content\/uploads\/2025\/11\/a-limoges-les-ateliers-raynaud-agissent-contre-les-accidents-du-travail.jpg"},{"@type":"BreadcrumbList","@id":"https:\/\/www.accidentdutravail-idf.net\/blog\/a-limoges-les-ateliers-raynaud-agissent-contre-les-accidents-du-travail\/#breadcrumb","itemListElement":[{"@type":"ListItem","position":1,"name":"Accueil","item":"https:\/\/www.accidentdutravail-idf.net\/blog\/"},{"@type":"ListItem","position":2,"name":"\u00c0 Limoges, les Ateliers Raynaud agissent contre les accidents du travail"}]},{"@type":"WebSite","@id":"https:\/\/www.accidentdutravail-idf.net\/blog\/#website","url":"https:\/\/www.accidentdutravail-idf.net\/blog\/","name":"ACCIDENTDUTRAVAIL-IDF","description":"Portail accidents du travail-maladies professionnelles des entreprises d&#039;Ile-de-France","publisher":{"@id":"https:\/\/www.accidentdutravail-idf.net\/blog\/#organization"},"potentialAction":[{"@type":"SearchAction","target":{"@type":"EntryPoint","urlTemplate":"https:\/\/www.accidentdutravail-idf.net\/blog\/?s={search_term_string}"},"query-input":{"@type":"PropertyValueSpecification","valueRequired":true,"valueName":"search_term_string"}}],"inLanguage":"fr-FR"},{"@type":"Organization","@id":"https:\/\/www.accidentdutravail-idf.net\/blog\/#organization","name":"accidentdutravail-idf","url":"https:\/\/www.accidentdutravail-idf.net\/blog\/","logo":{"@type":"ImageObject","inLanguage":"fr-FR","@id":"https:\/\/www.accidentdutravail-idf.net\/blog\/#\/schema\/logo\/image\/","url":"https:\/\/www.accidentdutravail-idf.net\/blog\/wp-content\/uploads\/2022\/09\/logo-2.png","contentUrl":"https:\/\/www.accidentdutravail-idf.net\/blog\/wp-content\/uploads\/2022\/09\/logo-2.png","width":380,"height":291,"caption":"accidentdutravail-idf"},"image":{"@id":"https:\/\/www.accidentdutravail-idf.net\/blog\/#\/schema\/logo\/image\/"}},{"@type":"Person","@id":"https:\/\/www.accidentdutravail-idf.net\/blog\/#\/schema\/person\/3255d2f970de45e64bd9201f38e7b947","name":"Carlos Poulain","image":{"@type":"ImageObject","inLanguage":"fr-FR","@id":"https:\/\/secure.gravatar.com\/avatar\/b1c2f9d3588e34e91adb093635df64ef4b2381991216be7576466cfcdca4baf3?s=96&d=mm&r=g","url":"https:\/\/secure.gravatar.com\/avatar\/b1c2f9d3588e34e91adb093635df64ef4b2381991216be7576466cfcdca4baf3?s=96&d=mm&r=g","contentUrl":"https:\/\/secure.gravatar.com\/avatar\/b1c2f9d3588e34e91adb093635df64ef4b2381991216be7576466cfcdca4baf3?s=96&d=mm&r=g","caption":"Carlos Poulain"},"url":"https:\/\/www.accidentdutravail-idf.net\/blog\/author\/idfcarlos\/"}]}},"_links":{"self":[{"href":"https:\/\/www.accidentdutravail-idf.net\/blog\/wp-json\/wp\/v2\/posts\/1950","targetHints":{"allow":["GET"]}}],"collection":[{"href":"https:\/\/www.accidentdutravail-idf.net\/blog\/wp-json\/wp\/v2\/posts"}],"about":[{"href":"https:\/\/www.accidentdutravail-idf.net\/blog\/wp-json\/wp\/v2\/types\/post"}],"author":[{"embeddable":true,"href":"https:\/\/www.accidentdutravail-idf.net\/blog\/wp-json\/wp\/v2\/users\/2"}],"replies":[{"embeddable":true,"href":"https:\/\/www.accidentdutravail-idf.net\/blog\/wp-json\/wp\/v2\/comments?post=1950"}],"version-history":[{"count":0,"href":"https:\/\/www.accidentdutravail-idf.net\/blog\/wp-json\/wp\/v2\/posts\/1950\/revisions"}],"wp:attachment":[{"href":"https:\/\/www.accidentdutravail-idf.net\/blog\/wp-json\/wp\/v2\/media?parent=1950"}],"wp:term":[{"taxonomy":"category","embeddable":true,"href":"https:\/\/www.accidentdutravail-idf.net\/blog\/wp-json\/wp\/v2\/categories?post=1950"},{"taxonomy":"post_tag","embeddable":true,"href":"https:\/\/www.accidentdutravail-idf.net\/blog\/wp-json\/wp\/v2\/tags?post=1950"}],"curies":[{"name":"wp","href":"https:\/\/api.w.org\/{rel}","templated":true}]}}