{"id":194,"date":"2022-03-25T22:41:35","date_gmt":"2022-03-25T21:41:35","guid":{"rendered":"https:\/\/www.site.cdcl.xyz\/2022\/03\/25\/gauche-france-quand-on-a-voulu-voir-les-os-des-personnes-on-a-in-nupes-gauche-revoltepopulair\/"},"modified":"2022-03-25T22:41:35","modified_gmt":"2022-03-25T21:41:35","slug":"gauche-france-quand-on-a-voulu-voir-les-os-des-personnes-on-a-in-nupes-gauche-revoltepopulair","status":"publish","type":"post","link":"https:\/\/www.accidentdutravail-idf.net\/blog\/gauche-france-quand-on-a-voulu-voir-les-os-des-personnes-on-a-in-nupes-gauche-revoltepopulair\/","title":{"rendered":"Gauche France: Quand on a voulu voir les os des personnes on a in\u2026 #nupes #gauche @RevoltePopulair"},"content":{"rendered":"<p>Un fois de plus, ce blog va porter \u00e0 votre connaissance un post qui a \u00e9t\u00e9 rep\u00e9r\u00e9 sur les derniers tweets publi\u00e9s.<\/p>\n<p> Pr\u00e9sent\u00e9 sous le nom \u00ab\u03c6 Gilet Jaune Insoumis\u00bb, l\u2019abonn\u00e9 twitter est connu de tous avec le pseudonyme @RevoltePopulair.<\/p>\n<p>Pour rappel revoil\u00e0 sa description:#NousSommesPour.<br \/>Gilet Jaune de gauche.<br \/>Pro-Melenchon.<br \/>Soutien aux civils de guerre qui eux n\u2019ont rien demander.<\/p>\n<p>Voil\u00e0 \u00e9galement le lien sur sa page:<br \/>https:\/\/twitter.com\/intent\/user?user_id=1459879248248848390<\/p>\n<p>Quand on a voulu voir les os des personnes on a invent\u00e9 les rayon X, pour voir les b\u00e9b\u00e9s on a invent\u00e9 les ultrasons, pour voir les cerveaux on a invent\u00e9 les IRM.<br \/>Mais il y a un truc que je comprend pas, pourquoi pour voir la prostate on te met des doigts dans le c** \ud83d\ude02<\/p>\n<p>Ce tweet a recueilli 6 likes et a \u00e9t\u00e9 retwett\u00e9 0 fois, \u00e0 la date o\u00f9 je vous transf\u00e8re l\u2019info.<\/p>\n<p>Voir le tweet:https:\/\/twitter.com\/RevoltePopulair\/statuses\/1507472791792140288<\/p>\n<p>Ce objet vous a int\u00e9ress\u00e9 vous appr\u00e9cierez pareillement ces livres:<\/p>\n<p>Paroles d\u2019un r\u00e9volt\u00e9\/La situation.,<a href=\"https:\/\/fr.wikisource.org\/wiki\/Paroles_d%E2%80%99un_r%C3%A9volt%C3%A9\/La_situation\" target=\"_blank\" rel=\"noopener noreferrer nofollow\">Informations sur ce livre<\/a><span><\/span>.<\/p>\n<p>Le Califat.,<a href=\"https:\/\/www.kobo.com\/fr\/fr\/ebook\/le-califat\" target=\"_blank\" rel=\"noopener noreferrer nofollow\">R\u00e9f\u00e9rences de l\u2019ouvrage<\/a><span><\/span>. Disponible dans toutes les bonnes biblioth\u00e8ques de votre d\u00e9partement.<\/p>\n<p>Grand dictionnaire universel du XIXe si\u00e8cle\/Socialisme s. m..,<a href=\"https:\/\/fr.wikisource.org\/wiki\/Grand_dictionnaire_universel_du_XIXe_si%C3%A8cle\/Socialisme_s._m.\" target=\"_blank\" rel=\"noopener noreferrer nofollow\">Pr\u00e9sentation de l\u2019ouvrage<\/a><span><\/span>.<\/p>\n","protected":false},"excerpt":{"rendered":"<p>Un fois de plus, ce blog va porter \u00e0 votre connaissance un post qui a \u00e9t\u00e9 rep\u00e9r\u00e9 sur les derniers tweets publi\u00e9s. Pr\u00e9sent\u00e9 sous le nom \u00ab\u03c6 Gilet Jaune Insoumis\u00bb, l\u2019abonn\u00e9 twitter est connu de tous avec le pseudonyme @RevoltePopulair. Pour rappel revoil\u00e0 sa description:#NousSommesPour.Gilet Jaune de gauche.Pro-Melenchon.Soutien aux civils de guerre qui eux n\u2019ont &hellip; <\/p>\n<p class=\"link-more\"><a href=\"https:\/\/www.accidentdutravail-idf.net\/blog\/gauche-france-quand-on-a-voulu-voir-les-os-des-personnes-on-a-in-nupes-gauche-revoltepopulair\/\" class=\"more-link\">Continuer la lecture <span class=\"screen-reader-text\"> \u00ab\u00a0Gauche France: Quand on a voulu voir les os des personnes on a in\u2026 #nupes #gauche @RevoltePopulair\u00a0\u00bb<\/span><\/a><\/p>\n","protected":false},"author":3,"featured_media":195,"comment_status":"closed","ping_status":"closed","sticky":false,"template":"","format":"standard","meta":{"footnotes":""},"categories":[3],"tags":[],"class_list":["post-194","post","type-post","status-publish","format-standard","has-post-thumbnail","hentry","category-securite-du-travail-en-ile-de-france-communiques","entry"],"yoast_head":"<!-- This site is optimized with the Yoast SEO plugin v27.5 - https:\/\/yoast.com\/product\/yoast-seo-wordpress\/ -->\n<title>Gauche France: Quand on a voulu voir les os des personnes on a in\u2026 #nupes #gauche @RevoltePopulair - ACCIDENTDUTRAVAIL-IDF<\/title>\n<meta name=\"description\" content=\"Gauche France: Quand on a voulu voir les os des personnes on a in\u2026 #nupes #gauche @RevoltePopulair article de ACCIDENTDUTRAVAIL-IDF\" \/>\n<meta name=\"robots\" content=\"index, follow, max-snippet:-1, max-image-preview:large, max-video-preview:-1\" \/>\n<link rel=\"canonical\" href=\"https:\/\/www.accidentdutravail-idf.net\/blog\/gauche-france-quand-on-a-voulu-voir-les-os-des-personnes-on-a-in-nupes-gauche-revoltepopulair\/\" \/>\n<meta property=\"og:locale\" content=\"fr_FR\" \/>\n<meta property=\"og:type\" content=\"article\" \/>\n<meta property=\"og:title\" content=\"Gauche France: Quand on a voulu voir les os des personnes on a in\u2026 #nupes #gauche @RevoltePopulair - ACCIDENTDUTRAVAIL-IDF\" \/>\n<meta property=\"og:description\" content=\"Gauche France: Quand on a voulu voir les os des personnes on a in\u2026 #nupes #gauche @RevoltePopulair article de ACCIDENTDUTRAVAIL-IDF\" \/>\n<meta property=\"og:url\" content=\"https:\/\/www.accidentdutravail-idf.net\/blog\/gauche-france-quand-on-a-voulu-voir-les-os-des-personnes-on-a-in-nupes-gauche-revoltepopulair\/\" \/>\n<meta property=\"og:site_name\" content=\"ACCIDENTDUTRAVAIL-IDF\" \/>\n<meta property=\"article:published_time\" content=\"2022-03-25T21:41:35+00:00\" \/>\n<meta name=\"author\" content=\"Roxane BARLER\" \/>\n<meta name=\"twitter:card\" content=\"summary_large_image\" \/>\n<meta name=\"twitter:label1\" content=\"\u00c9crit par\" \/>\n\t<meta name=\"twitter:data1\" content=\"Roxane BARLER\" \/>\n\t<meta name=\"twitter:label2\" content=\"Dur\u00e9e de lecture estim\u00e9e\" \/>\n\t<meta name=\"twitter:data2\" content=\"1 minute\" \/>\n<script type=\"application\/ld+json\" class=\"yoast-schema-graph\">{\"@context\":\"https:\\\/\\\/schema.org\",\"@graph\":[{\"@type\":\"Article\",\"@id\":\"https:\\\/\\\/www.accidentdutravail-idf.net\\\/blog\\\/gauche-france-quand-on-a-voulu-voir-les-os-des-personnes-on-a-in-nupes-gauche-revoltepopulair\\\/#article\",\"isPartOf\":{\"@id\":\"https:\\\/\\\/www.accidentdutravail-idf.net\\\/blog\\\/gauche-france-quand-on-a-voulu-voir-les-os-des-personnes-on-a-in-nupes-gauche-revoltepopulair\\\/\"},\"author\":{\"name\":\"Roxane BARLER\",\"@id\":\"https:\\\/\\\/www.accidentdutravail-idf.net\\\/blog\\\/#\\\/schema\\\/person\\\/73aa09ba2db8f06bf1debf3a872bd6f9\"},\"headline\":\"Gauche France: Quand on a voulu voir les os des personnes on a in\u2026 #nupes #gauche @RevoltePopulair\",\"datePublished\":\"2022-03-25T21:41:35+00:00\",\"mainEntityOfPage\":{\"@id\":\"https:\\\/\\\/www.accidentdutravail-idf.net\\\/blog\\\/gauche-france-quand-on-a-voulu-voir-les-os-des-personnes-on-a-in-nupes-gauche-revoltepopulair\\\/\"},\"wordCount\":237,\"publisher\":{\"@id\":\"https:\\\/\\\/www.accidentdutravail-idf.net\\\/blog\\\/#organization\"},\"image\":{\"@id\":\"https:\\\/\\\/www.accidentdutravail-idf.net\\\/blog\\\/gauche-france-quand-on-a-voulu-voir-les-os-des-personnes-on-a-in-nupes-gauche-revoltepopulair\\\/#primaryimage\"},\"thumbnailUrl\":\"https:\\\/\\\/www.accidentdutravail-idf.net\\\/blog\\\/wp-content\\\/uploads\\\/2022\\\/11\\\/gauche-france-quand-on-a-voulu-voir-les-os-des-personnes-on-a-in-nupes-gauche-revoltepopulair.jpg\",\"articleSection\":[\"S\u00e9curit\u00e9 Du Travail En Ile-De-France Communiqu\u00e9s:\"],\"inLanguage\":\"fr-FR\"},{\"@type\":\"WebPage\",\"@id\":\"https:\\\/\\\/www.accidentdutravail-idf.net\\\/blog\\\/gauche-france-quand-on-a-voulu-voir-les-os-des-personnes-on-a-in-nupes-gauche-revoltepopulair\\\/\",\"url\":\"https:\\\/\\\/www.accidentdutravail-idf.net\\\/blog\\\/gauche-france-quand-on-a-voulu-voir-les-os-des-personnes-on-a-in-nupes-gauche-revoltepopulair\\\/\",\"name\":\"Gauche France: Quand on a voulu voir les os des personnes on a in\u2026 #nupes #gauche @RevoltePopulair - ACCIDENTDUTRAVAIL-IDF\",\"isPartOf\":{\"@id\":\"https:\\\/\\\/www.accidentdutravail-idf.net\\\/blog\\\/#website\"},\"primaryImageOfPage\":{\"@id\":\"https:\\\/\\\/www.accidentdutravail-idf.net\\\/blog\\\/gauche-france-quand-on-a-voulu-voir-les-os-des-personnes-on-a-in-nupes-gauche-revoltepopulair\\\/#primaryimage\"},\"image\":{\"@id\":\"https:\\\/\\\/www.accidentdutravail-idf.net\\\/blog\\\/gauche-france-quand-on-a-voulu-voir-les-os-des-personnes-on-a-in-nupes-gauche-revoltepopulair\\\/#primaryimage\"},\"thumbnailUrl\":\"https:\\\/\\\/www.accidentdutravail-idf.net\\\/blog\\\/wp-content\\\/uploads\\\/2022\\\/11\\\/gauche-france-quand-on-a-voulu-voir-les-os-des-personnes-on-a-in-nupes-gauche-revoltepopulair.jpg\",\"datePublished\":\"2022-03-25T21:41:35+00:00\",\"description\":\"Gauche France: Quand on a voulu voir les os des personnes on a in\u2026 #nupes #gauche @RevoltePopulair article de ACCIDENTDUTRAVAIL-IDF\",\"breadcrumb\":{\"@id\":\"https:\\\/\\\/www.accidentdutravail-idf.net\\\/blog\\\/gauche-france-quand-on-a-voulu-voir-les-os-des-personnes-on-a-in-nupes-gauche-revoltepopulair\\\/#breadcrumb\"},\"inLanguage\":\"fr-FR\",\"potentialAction\":[{\"@type\":\"ReadAction\",\"target\":[\"https:\\\/\\\/www.accidentdutravail-idf.net\\\/blog\\\/gauche-france-quand-on-a-voulu-voir-les-os-des-personnes-on-a-in-nupes-gauche-revoltepopulair\\\/\"]}]},{\"@type\":\"ImageObject\",\"inLanguage\":\"fr-FR\",\"@id\":\"https:\\\/\\\/www.accidentdutravail-idf.net\\\/blog\\\/gauche-france-quand-on-a-voulu-voir-les-os-des-personnes-on-a-in-nupes-gauche-revoltepopulair\\\/#primaryimage\",\"url\":\"https:\\\/\\\/www.accidentdutravail-idf.net\\\/blog\\\/wp-content\\\/uploads\\\/2022\\\/11\\\/gauche-france-quand-on-a-voulu-voir-les-os-des-personnes-on-a-in-nupes-gauche-revoltepopulair.jpg\",\"contentUrl\":\"https:\\\/\\\/www.accidentdutravail-idf.net\\\/blog\\\/wp-content\\\/uploads\\\/2022\\\/11\\\/gauche-france-quand-on-a-voulu-voir-les-os-des-personnes-on-a-in-nupes-gauche-revoltepopulair.jpg\",\"width\":800,\"height\":533,\"caption\":\"gauche france quand on a voulu voir les os des personnes on a in nupes gauche revoltepopulair\"},{\"@type\":\"BreadcrumbList\",\"@id\":\"https:\\\/\\\/www.accidentdutravail-idf.net\\\/blog\\\/gauche-france-quand-on-a-voulu-voir-les-os-des-personnes-on-a-in-nupes-gauche-revoltepopulair\\\/#breadcrumb\",\"itemListElement\":[{\"@type\":\"ListItem\",\"position\":1,\"name\":\"Accueil\",\"item\":\"https:\\\/\\\/www.accidentdutravail-idf.net\\\/blog\\\/\"},{\"@type\":\"ListItem\",\"position\":2,\"name\":\"Gauche France: Quand on a voulu voir les os des personnes on a in\u2026 #nupes #gauche @RevoltePopulair\"}]},{\"@type\":\"WebSite\",\"@id\":\"https:\\\/\\\/www.accidentdutravail-idf.net\\\/blog\\\/#website\",\"url\":\"https:\\\/\\\/www.accidentdutravail-idf.net\\\/blog\\\/\",\"name\":\"ACCIDENTDUTRAVAIL-IDF\",\"description\":\"Portail accidents du travail-maladies professionnelles des entreprises d&#039;Ile-de-France\",\"publisher\":{\"@id\":\"https:\\\/\\\/www.accidentdutravail-idf.net\\\/blog\\\/#organization\"},\"potentialAction\":[{\"@type\":\"SearchAction\",\"target\":{\"@type\":\"EntryPoint\",\"urlTemplate\":\"https:\\\/\\\/www.accidentdutravail-idf.net\\\/blog\\\/?s={search_term_string}\"},\"query-input\":{\"@type\":\"PropertyValueSpecification\",\"valueRequired\":true,\"valueName\":\"search_term_string\"}}],\"inLanguage\":\"fr-FR\"},{\"@type\":\"Organization\",\"@id\":\"https:\\\/\\\/www.accidentdutravail-idf.net\\\/blog\\\/#organization\",\"name\":\"accidentdutravail-idf\",\"url\":\"https:\\\/\\\/www.accidentdutravail-idf.net\\\/blog\\\/\",\"logo\":{\"@type\":\"ImageObject\",\"inLanguage\":\"fr-FR\",\"@id\":\"https:\\\/\\\/www.accidentdutravail-idf.net\\\/blog\\\/#\\\/schema\\\/logo\\\/image\\\/\",\"url\":\"https:\\\/\\\/www.accidentdutravail-idf.net\\\/blog\\\/wp-content\\\/uploads\\\/2022\\\/09\\\/logo-2.png\",\"contentUrl\":\"https:\\\/\\\/www.accidentdutravail-idf.net\\\/blog\\\/wp-content\\\/uploads\\\/2022\\\/09\\\/logo-2.png\",\"width\":380,\"height\":291,\"caption\":\"accidentdutravail-idf\"},\"image\":{\"@id\":\"https:\\\/\\\/www.accidentdutravail-idf.net\\\/blog\\\/#\\\/schema\\\/logo\\\/image\\\/\"}},{\"@type\":\"Person\",\"@id\":\"https:\\\/\\\/www.accidentdutravail-idf.net\\\/blog\\\/#\\\/schema\\\/person\\\/73aa09ba2db8f06bf1debf3a872bd6f9\",\"name\":\"Roxane BARLER\",\"image\":{\"@type\":\"ImageObject\",\"inLanguage\":\"fr-FR\",\"@id\":\"https:\\\/\\\/secure.gravatar.com\\\/avatar\\\/0167a3f2fdd1b1378a9aef148e68e7656ab41c7534176836deba3d1e5d6dc5df?s=96&d=mm&r=g\",\"url\":\"https:\\\/\\\/secure.gravatar.com\\\/avatar\\\/0167a3f2fdd1b1378a9aef148e68e7656ab41c7534176836deba3d1e5d6dc5df?s=96&d=mm&r=g\",\"contentUrl\":\"https:\\\/\\\/secure.gravatar.com\\\/avatar\\\/0167a3f2fdd1b1378a9aef148e68e7656ab41c7534176836deba3d1e5d6dc5df?s=96&d=mm&r=g\",\"caption\":\"Roxane BARLER\"},\"url\":\"https:\\\/\\\/www.accidentdutravail-idf.net\\\/blog\\\/author\\\/idfroxane\\\/\"}]}<\/script>\n<!-- \/ Yoast SEO plugin. -->","yoast_head_json":{"title":"Gauche France: Quand on a voulu voir les os des personnes on a in\u2026 #nupes #gauche @RevoltePopulair - ACCIDENTDUTRAVAIL-IDF","description":"Gauche France: Quand on a voulu voir les os des personnes on a in\u2026 #nupes #gauche @RevoltePopulair article de ACCIDENTDUTRAVAIL-IDF","robots":{"index":"index","follow":"follow","max-snippet":"max-snippet:-1","max-image-preview":"max-image-preview:large","max-video-preview":"max-video-preview:-1"},"canonical":"https:\/\/www.accidentdutravail-idf.net\/blog\/gauche-france-quand-on-a-voulu-voir-les-os-des-personnes-on-a-in-nupes-gauche-revoltepopulair\/","og_locale":"fr_FR","og_type":"article","og_title":"Gauche France: Quand on a voulu voir les os des personnes on a in\u2026 #nupes #gauche @RevoltePopulair - ACCIDENTDUTRAVAIL-IDF","og_description":"Gauche France: Quand on a voulu voir les os des personnes on a in\u2026 #nupes #gauche @RevoltePopulair article de ACCIDENTDUTRAVAIL-IDF","og_url":"https:\/\/www.accidentdutravail-idf.net\/blog\/gauche-france-quand-on-a-voulu-voir-les-os-des-personnes-on-a-in-nupes-gauche-revoltepopulair\/","og_site_name":"ACCIDENTDUTRAVAIL-IDF","article_published_time":"2022-03-25T21:41:35+00:00","author":"Roxane BARLER","twitter_card":"summary_large_image","twitter_misc":{"\u00c9crit par":"Roxane BARLER","Dur\u00e9e de lecture estim\u00e9e":"1 minute"},"schema":{"@context":"https:\/\/schema.org","@graph":[{"@type":"Article","@id":"https:\/\/www.accidentdutravail-idf.net\/blog\/gauche-france-quand-on-a-voulu-voir-les-os-des-personnes-on-a-in-nupes-gauche-revoltepopulair\/#article","isPartOf":{"@id":"https:\/\/www.accidentdutravail-idf.net\/blog\/gauche-france-quand-on-a-voulu-voir-les-os-des-personnes-on-a-in-nupes-gauche-revoltepopulair\/"},"author":{"name":"Roxane BARLER","@id":"https:\/\/www.accidentdutravail-idf.net\/blog\/#\/schema\/person\/73aa09ba2db8f06bf1debf3a872bd6f9"},"headline":"Gauche France: Quand on a voulu voir les os des personnes on a in\u2026 #nupes #gauche @RevoltePopulair","datePublished":"2022-03-25T21:41:35+00:00","mainEntityOfPage":{"@id":"https:\/\/www.accidentdutravail-idf.net\/blog\/gauche-france-quand-on-a-voulu-voir-les-os-des-personnes-on-a-in-nupes-gauche-revoltepopulair\/"},"wordCount":237,"publisher":{"@id":"https:\/\/www.accidentdutravail-idf.net\/blog\/#organization"},"image":{"@id":"https:\/\/www.accidentdutravail-idf.net\/blog\/gauche-france-quand-on-a-voulu-voir-les-os-des-personnes-on-a-in-nupes-gauche-revoltepopulair\/#primaryimage"},"thumbnailUrl":"https:\/\/www.accidentdutravail-idf.net\/blog\/wp-content\/uploads\/2022\/11\/gauche-france-quand-on-a-voulu-voir-les-os-des-personnes-on-a-in-nupes-gauche-revoltepopulair.jpg","articleSection":["S\u00e9curit\u00e9 Du Travail En Ile-De-France Communiqu\u00e9s:"],"inLanguage":"fr-FR"},{"@type":"WebPage","@id":"https:\/\/www.accidentdutravail-idf.net\/blog\/gauche-france-quand-on-a-voulu-voir-les-os-des-personnes-on-a-in-nupes-gauche-revoltepopulair\/","url":"https:\/\/www.accidentdutravail-idf.net\/blog\/gauche-france-quand-on-a-voulu-voir-les-os-des-personnes-on-a-in-nupes-gauche-revoltepopulair\/","name":"Gauche France: Quand on a voulu voir les os des personnes on a in\u2026 #nupes #gauche @RevoltePopulair - ACCIDENTDUTRAVAIL-IDF","isPartOf":{"@id":"https:\/\/www.accidentdutravail-idf.net\/blog\/#website"},"primaryImageOfPage":{"@id":"https:\/\/www.accidentdutravail-idf.net\/blog\/gauche-france-quand-on-a-voulu-voir-les-os-des-personnes-on-a-in-nupes-gauche-revoltepopulair\/#primaryimage"},"image":{"@id":"https:\/\/www.accidentdutravail-idf.net\/blog\/gauche-france-quand-on-a-voulu-voir-les-os-des-personnes-on-a-in-nupes-gauche-revoltepopulair\/#primaryimage"},"thumbnailUrl":"https:\/\/www.accidentdutravail-idf.net\/blog\/wp-content\/uploads\/2022\/11\/gauche-france-quand-on-a-voulu-voir-les-os-des-personnes-on-a-in-nupes-gauche-revoltepopulair.jpg","datePublished":"2022-03-25T21:41:35+00:00","description":"Gauche France: Quand on a voulu voir les os des personnes on a in\u2026 #nupes #gauche @RevoltePopulair article de ACCIDENTDUTRAVAIL-IDF","breadcrumb":{"@id":"https:\/\/www.accidentdutravail-idf.net\/blog\/gauche-france-quand-on-a-voulu-voir-les-os-des-personnes-on-a-in-nupes-gauche-revoltepopulair\/#breadcrumb"},"inLanguage":"fr-FR","potentialAction":[{"@type":"ReadAction","target":["https:\/\/www.accidentdutravail-idf.net\/blog\/gauche-france-quand-on-a-voulu-voir-les-os-des-personnes-on-a-in-nupes-gauche-revoltepopulair\/"]}]},{"@type":"ImageObject","inLanguage":"fr-FR","@id":"https:\/\/www.accidentdutravail-idf.net\/blog\/gauche-france-quand-on-a-voulu-voir-les-os-des-personnes-on-a-in-nupes-gauche-revoltepopulair\/#primaryimage","url":"https:\/\/www.accidentdutravail-idf.net\/blog\/wp-content\/uploads\/2022\/11\/gauche-france-quand-on-a-voulu-voir-les-os-des-personnes-on-a-in-nupes-gauche-revoltepopulair.jpg","contentUrl":"https:\/\/www.accidentdutravail-idf.net\/blog\/wp-content\/uploads\/2022\/11\/gauche-france-quand-on-a-voulu-voir-les-os-des-personnes-on-a-in-nupes-gauche-revoltepopulair.jpg","width":800,"height":533,"caption":"gauche france quand on a voulu voir les os des personnes on a in nupes gauche revoltepopulair"},{"@type":"BreadcrumbList","@id":"https:\/\/www.accidentdutravail-idf.net\/blog\/gauche-france-quand-on-a-voulu-voir-les-os-des-personnes-on-a-in-nupes-gauche-revoltepopulair\/#breadcrumb","itemListElement":[{"@type":"ListItem","position":1,"name":"Accueil","item":"https:\/\/www.accidentdutravail-idf.net\/blog\/"},{"@type":"ListItem","position":2,"name":"Gauche France: Quand on a voulu voir les os des personnes on a in\u2026 #nupes #gauche @RevoltePopulair"}]},{"@type":"WebSite","@id":"https:\/\/www.accidentdutravail-idf.net\/blog\/#website","url":"https:\/\/www.accidentdutravail-idf.net\/blog\/","name":"ACCIDENTDUTRAVAIL-IDF","description":"Portail accidents du travail-maladies professionnelles des entreprises d&#039;Ile-de-France","publisher":{"@id":"https:\/\/www.accidentdutravail-idf.net\/blog\/#organization"},"potentialAction":[{"@type":"SearchAction","target":{"@type":"EntryPoint","urlTemplate":"https:\/\/www.accidentdutravail-idf.net\/blog\/?s={search_term_string}"},"query-input":{"@type":"PropertyValueSpecification","valueRequired":true,"valueName":"search_term_string"}}],"inLanguage":"fr-FR"},{"@type":"Organization","@id":"https:\/\/www.accidentdutravail-idf.net\/blog\/#organization","name":"accidentdutravail-idf","url":"https:\/\/www.accidentdutravail-idf.net\/blog\/","logo":{"@type":"ImageObject","inLanguage":"fr-FR","@id":"https:\/\/www.accidentdutravail-idf.net\/blog\/#\/schema\/logo\/image\/","url":"https:\/\/www.accidentdutravail-idf.net\/blog\/wp-content\/uploads\/2022\/09\/logo-2.png","contentUrl":"https:\/\/www.accidentdutravail-idf.net\/blog\/wp-content\/uploads\/2022\/09\/logo-2.png","width":380,"height":291,"caption":"accidentdutravail-idf"},"image":{"@id":"https:\/\/www.accidentdutravail-idf.net\/blog\/#\/schema\/logo\/image\/"}},{"@type":"Person","@id":"https:\/\/www.accidentdutravail-idf.net\/blog\/#\/schema\/person\/73aa09ba2db8f06bf1debf3a872bd6f9","name":"Roxane BARLER","image":{"@type":"ImageObject","inLanguage":"fr-FR","@id":"https:\/\/secure.gravatar.com\/avatar\/0167a3f2fdd1b1378a9aef148e68e7656ab41c7534176836deba3d1e5d6dc5df?s=96&d=mm&r=g","url":"https:\/\/secure.gravatar.com\/avatar\/0167a3f2fdd1b1378a9aef148e68e7656ab41c7534176836deba3d1e5d6dc5df?s=96&d=mm&r=g","contentUrl":"https:\/\/secure.gravatar.com\/avatar\/0167a3f2fdd1b1378a9aef148e68e7656ab41c7534176836deba3d1e5d6dc5df?s=96&d=mm&r=g","caption":"Roxane BARLER"},"url":"https:\/\/www.accidentdutravail-idf.net\/blog\/author\/idfroxane\/"}]}},"_links":{"self":[{"href":"https:\/\/www.accidentdutravail-idf.net\/blog\/wp-json\/wp\/v2\/posts\/194","targetHints":{"allow":["GET"]}}],"collection":[{"href":"https:\/\/www.accidentdutravail-idf.net\/blog\/wp-json\/wp\/v2\/posts"}],"about":[{"href":"https:\/\/www.accidentdutravail-idf.net\/blog\/wp-json\/wp\/v2\/types\/post"}],"author":[{"embeddable":true,"href":"https:\/\/www.accidentdutravail-idf.net\/blog\/wp-json\/wp\/v2\/users\/3"}],"replies":[{"embeddable":true,"href":"https:\/\/www.accidentdutravail-idf.net\/blog\/wp-json\/wp\/v2\/comments?post=194"}],"version-history":[{"count":0,"href":"https:\/\/www.accidentdutravail-idf.net\/blog\/wp-json\/wp\/v2\/posts\/194\/revisions"}],"wp:featuredmedia":[{"embeddable":true,"href":"https:\/\/www.accidentdutravail-idf.net\/blog\/wp-json\/wp\/v2\/media\/195"}],"wp:attachment":[{"href":"https:\/\/www.accidentdutravail-idf.net\/blog\/wp-json\/wp\/v2\/media?parent=194"}],"wp:term":[{"taxonomy":"category","embeddable":true,"href":"https:\/\/www.accidentdutravail-idf.net\/blog\/wp-json\/wp\/v2\/categories?post=194"},{"taxonomy":"post_tag","embeddable":true,"href":"https:\/\/www.accidentdutravail-idf.net\/blog\/wp-json\/wp\/v2\/tags?post=194"}],"curies":[{"name":"wp","href":"https:\/\/api.w.org\/{rel}","templated":true}]}}