{"id":1922,"date":"2025-11-21T11:05:00","date_gmt":"2025-11-21T10:05:00","guid":{"rendered":"https:\/\/www.accidentdutravail-idf.net\/blog\/morts-au-travail-un-niveau-jamais-atteint-en-2024\/"},"modified":"2025-11-21T11:05:00","modified_gmt":"2025-11-21T10:05:00","slug":"morts-au-travail-un-niveau-jamais-atteint-en-2024","status":"publish","type":"post","link":"https:\/\/www.accidentdutravail-idf.net\/blog\/morts-au-travail-un-niveau-jamais-atteint-en-2024\/","title":{"rendered":"Morts au travail : un niveau jamais atteint en 2024"},"content":{"rendered":"<figure class=\"article__media\">  <img decoding=\"async\" src=\"https:\/\/www.accidentdutravail-idf.net\/blog\/wp-content\/uploads\/2025\/11\/morts-au-travail-un-niveau-jamais-atteint-en-2024.jpg\" alt=\"Devant des photos de victimes d\u2019accidents du travail, lors d\u2019un rassemblement \u00e0 Paris, le 4&nbsp;mars&nbsp;2023. \" width=\"664\" height=\"443\">   <img decoding=\"async\" src=\"https:\/\/www.accidentdutravail-idf.net\/blog\/wp-content\/uploads\/2025\/11\/morts-au-travail-un-niveau-jamais-atteint-en-2024.jpg\" alt=\"Devant des photos de victimes d\u2019accidents du travail, lors d\u2019un rassemblement \u00e0 Paris, le 4&nbsp;mars&nbsp;2023. \"><figcaption class=\"article__legend\" aria-hidden=\"true\">Devant des photos de victimes d\u2019accidents du travail, lors d\u2019un rassemblement \u00e0 Paris, le 4&nbsp;mars&nbsp;2023. <span class=\"article__credit\" aria-hidden=\"true\">STEPHANE DE SAKUTIN\/AFP<\/span> <\/figcaption><\/figure>\n<p class=\"article__paragraph \">Sept cent soixante-quatre&nbsp;: c\u2019est le nombre d\u2019accidents du travail mortels en&nbsp;2024, selon le \u00ab&nbsp;Rapport annuel de l\u2019Assurance-maladie &#8211; Risques professionnels&nbsp;\u00bb, publi\u00e9 mardi 18&nbsp;novembre. <a href=\"https:\/\/www.lemonde.fr\/economie\/article\/2024\/12\/17\/morts-au-travail-un-niveau-record-en-2023_6454320_3234.html\" target=\"_blank\" rel=\"nofollow\">C\u2019est cinq de plus qu\u2019en&nbsp;2023,<\/a> qui \u00e9tait d\u00e9j\u00e0 une ann\u00e9e record. S\u2019y ajoutent 318 victimes d\u2019accidents de trajet (entre domicile et travail notamment) et 215 des suites d\u2019une maladie professionnelle, soit un total de 1&nbsp;297 personnes.<\/p>\n<p class=\"article__paragraph \">Des chiffres lourds mais comme chaque ann\u00e9e incomplets, puisqu\u2019ils concernent seulement les salari\u00e9s du priv\u00e9 affili\u00e9s au r\u00e9gime g\u00e9n\u00e9ral, excluant ainsi la fonction publique, les agriculteurs, les chefs d\u2019entreprise et les microentrepreneurs.<\/p>\n<p class=\"article__paragraph \">Les deux cat\u00e9gories les plus touch\u00e9es, au sens de la Caisse nationale d\u2019Assurance-maladie, sont celles regroupant les m\u00e9tiers des transports, de l\u2019eau, du gaz, de l\u2019\u00e9lectricit\u00e9, du livre et de la communication (178 morts, en hausse de 13&nbsp;% par rapport \u00e0 2023), et le BTP (146 morts, \u2013 2&nbsp;%). Le secteur de l\u2019alimentation voit son nombre d\u2019accidents mortels s\u2019accro\u00eetre de 20&nbsp;% en un an.<\/p>\n<section class=\"catcher catcher--favoris\">\n<div class=\"catcher__content\"><span class=\"catcher__title catcher__title--hide\">Lire aussi l\u2019enqu\u00eate |<\/span><span class=\"catcher__desc\"> <span class=\"icon__premium\"><span class=\"sr-only\">Article r\u00e9serv\u00e9 \u00e0 nos abonn\u00e9s<\/span><\/span> <a href=\"https:\/\/www.lemonde.fr\/economie\/article\/2025\/07\/08\/morts-au-travail-une-prise-de-conscience-timide-et-tardive_6619933_3234.html\" class=\"js-article-read-also catcher--favoris__link\" data-premium=\"1\" id=\"article-title-3430170\" target=\"_blank\" rel=\"nofollow\">Morts au travail&nbsp;: une prise de conscience timide et tardive<\/a> <\/span> <\/div>\n<p> <button class=\"lmd-btn-icon lmd-btn-icon--primary lmd-btn-icon--m js-lmd-dropdown-favorite-toggler\" aria-controls=\"lmd-dropdown-favorite\" aria-label=\"Lire plus tard\" aria-describedby=\"article-title-3430170\" data-article-id=\"3430170\" data-position=\"lire aussi\" data-url=\"https:\/\/www.lemonde.fr\/economie\/article\/2025\/07\/08\/morts-au-travail-une-prise-de-conscience-timide-et-tardive_6619933_3234.html\" data-status> <span class=\"icon__favorites\"><\/span> <span class=\"js-btn-icon-tooltip\" aria-hidden=\"true\">Lire plus tard<\/span> <\/button> <\/p>\n<\/section>\n<p class=\"article__paragraph \">Si plus de la moiti\u00e9 des d\u00e9c\u00e8s sont la cons\u00e9quence de malaises sur le lieu de travail, un quart des accidents mortels ont une origine professionnelle identifi\u00e9e (chutes de hauteur, manutention manuelle\u2026). <em>\u00ab&nbsp;Plus de 20&nbsp;% des d\u00e9c\u00e8s sont survenus dans l\u2019ann\u00e9e qui suit la prise de poste&nbsp;\u00bb<\/em>, ajoute le rapport. Vingt-deux d\u00e9c\u00e8s concernent des salari\u00e9s de moins de 25&nbsp;ans, contre 33 en&nbsp;2023.<\/p>\n<p class=\"reading-mode-only \"><strong>Il vous reste 49.52% de cet article \u00e0 lire. La suite est r\u00e9serv\u00e9e aux abonn\u00e9s.<\/strong><\/p>\n<p> accidentdutravail-idf.net vous a pr\u00e9par\u00e9 ce post qui informe du sujet \u00ab\u00a0Association Sportive Huisson-Longueville Essonne\u00a0\u00bb. La chronique se veut g\u00e9n\u00e9r\u00e9e du mieux possible. Vous pouvez utiliser les coordonn\u00e9es indiqu\u00e9es sur le site dans le but d\u2019apporter des explications sur ce post qui parle du th\u00e8me \u00ab\u00a0Association Sportive Huisson-Longueville Essonne\u00a0\u00bb. Le site accidentdutravail-idf.net a pour but de fournir diverses publications sur la th\u00e9matique Association Sportive Huisson-Longueville Essonne diffus\u00e9es sur le net. Il y aura plusieurs articles autour du sujet \u00ab\u00a0Association Sportive Huisson-Longueville Essonne\u00a0\u00bb dans quelques jours, nous vous invitons \u00e0 naviguer sur notre site web \u00e0 plusieurs reprises.<\/p>\n","protected":false},"excerpt":{"rendered":"<p>Devant des photos de victimes d\u2019accidents du travail, lors d\u2019un rassemblement \u00e0 Paris, le 4&nbsp;mars&nbsp;2023. STEPHANE DE SAKUTIN\/AFP Sept cent soixante-quatre&nbsp;: c\u2019est le nombre d\u2019accidents du travail mortels en&nbsp;2024, selon le \u00ab&nbsp;Rapport annuel de l\u2019Assurance-maladie &#8211; Risques professionnels&nbsp;\u00bb, publi\u00e9 mardi 18&nbsp;novembre. C\u2019est cinq de plus qu\u2019en&nbsp;2023, qui \u00e9tait d\u00e9j\u00e0 une ann\u00e9e record. S\u2019y ajoutent 318 &hellip; <\/p>\n<p class=\"link-more\"><a href=\"https:\/\/www.accidentdutravail-idf.net\/blog\/morts-au-travail-un-niveau-jamais-atteint-en-2024\/\" class=\"more-link\">Continuer la lecture <span class=\"screen-reader-text\"> \u00ab\u00a0Morts au travail : un niveau jamais atteint en 2024\u00a0\u00bb<\/span><\/a><\/p>\n","protected":false},"author":2,"featured_media":0,"comment_status":"closed","ping_status":"closed","sticky":false,"template":"","format":"standard","meta":{"footnotes":""},"categories":[5],"tags":[],"class_list":["post-1922","post","type-post","status-publish","format-standard","hentry","category-securite-du-travail-en-ile-de-france-et-divers","entry"],"yoast_head":"<!-- This site is optimized with the Yoast SEO plugin v27.5 - https:\/\/yoast.com\/product\/yoast-seo-wordpress\/ -->\n<title>Morts au travail : un niveau jamais atteint en 2024 - ACCIDENTDUTRAVAIL-IDF<\/title>\n<meta name=\"description\" content=\"Morts au travail : un niveau jamais atteint en 2024 article de ACCIDENTDUTRAVAIL-IDF\" \/>\n<meta name=\"robots\" content=\"index, follow, max-snippet:-1, max-image-preview:large, max-video-preview:-1\" \/>\n<link rel=\"canonical\" href=\"https:\/\/www.accidentdutravail-idf.net\/blog\/morts-au-travail-un-niveau-jamais-atteint-en-2024\/\" \/>\n<meta property=\"og:locale\" content=\"fr_FR\" \/>\n<meta property=\"og:type\" content=\"article\" \/>\n<meta property=\"og:title\" content=\"Morts au travail : un niveau jamais atteint en 2024 - ACCIDENTDUTRAVAIL-IDF\" \/>\n<meta property=\"og:description\" content=\"Morts au travail : un niveau jamais atteint en 2024 article de ACCIDENTDUTRAVAIL-IDF\" \/>\n<meta property=\"og:url\" content=\"https:\/\/www.accidentdutravail-idf.net\/blog\/morts-au-travail-un-niveau-jamais-atteint-en-2024\/\" \/>\n<meta property=\"og:site_name\" content=\"ACCIDENTDUTRAVAIL-IDF\" \/>\n<meta property=\"article:published_time\" content=\"2025-11-21T10:05:00+00:00\" \/>\n<meta property=\"og:image\" content=\"https:\/\/www.accidentdutravail-idf.net\/blog\/wp-content\/uploads\/2025\/11\/morts-au-travail-un-niveau-jamais-atteint-en-2024.jpg\" \/>\n<meta name=\"author\" content=\"Carlos Poulain\" \/>\n<meta name=\"twitter:card\" content=\"summary_large_image\" \/>\n<meta name=\"twitter:label1\" content=\"\u00c9crit par\" \/>\n\t<meta name=\"twitter:data1\" content=\"Carlos Poulain\" \/>\n\t<meta name=\"twitter:label2\" content=\"Dur\u00e9e de lecture estim\u00e9e\" \/>\n\t<meta name=\"twitter:data2\" content=\"2 minutes\" \/>\n<script type=\"application\/ld+json\" class=\"yoast-schema-graph\">{\"@context\":\"https:\\\/\\\/schema.org\",\"@graph\":[{\"@type\":\"Article\",\"@id\":\"https:\\\/\\\/www.accidentdutravail-idf.net\\\/blog\\\/morts-au-travail-un-niveau-jamais-atteint-en-2024\\\/#article\",\"isPartOf\":{\"@id\":\"https:\\\/\\\/www.accidentdutravail-idf.net\\\/blog\\\/morts-au-travail-un-niveau-jamais-atteint-en-2024\\\/\"},\"author\":{\"name\":\"Carlos Poulain\",\"@id\":\"https:\\\/\\\/www.accidentdutravail-idf.net\\\/blog\\\/#\\\/schema\\\/person\\\/3255d2f970de45e64bd9201f38e7b947\"},\"headline\":\"Morts au travail : un niveau jamais atteint en 2024\",\"datePublished\":\"2025-11-21T10:05:00+00:00\",\"mainEntityOfPage\":{\"@id\":\"https:\\\/\\\/www.accidentdutravail-idf.net\\\/blog\\\/morts-au-travail-un-niveau-jamais-atteint-en-2024\\\/\"},\"wordCount\":435,\"publisher\":{\"@id\":\"https:\\\/\\\/www.accidentdutravail-idf.net\\\/blog\\\/#organization\"},\"image\":{\"@id\":\"https:\\\/\\\/www.accidentdutravail-idf.net\\\/blog\\\/morts-au-travail-un-niveau-jamais-atteint-en-2024\\\/#primaryimage\"},\"thumbnailUrl\":\"https:\\\/\\\/www.accidentdutravail-idf.net\\\/blog\\\/wp-content\\\/uploads\\\/2025\\\/11\\\/morts-au-travail-un-niveau-jamais-atteint-en-2024.jpg\",\"articleSection\":[\"S\u00e9curit\u00e9 Du Travail En Ile-De-France Et Divers:\"],\"inLanguage\":\"fr-FR\"},{\"@type\":\"WebPage\",\"@id\":\"https:\\\/\\\/www.accidentdutravail-idf.net\\\/blog\\\/morts-au-travail-un-niveau-jamais-atteint-en-2024\\\/\",\"url\":\"https:\\\/\\\/www.accidentdutravail-idf.net\\\/blog\\\/morts-au-travail-un-niveau-jamais-atteint-en-2024\\\/\",\"name\":\"Morts au travail : un niveau jamais atteint en 2024 - ACCIDENTDUTRAVAIL-IDF\",\"isPartOf\":{\"@id\":\"https:\\\/\\\/www.accidentdutravail-idf.net\\\/blog\\\/#website\"},\"primaryImageOfPage\":{\"@id\":\"https:\\\/\\\/www.accidentdutravail-idf.net\\\/blog\\\/morts-au-travail-un-niveau-jamais-atteint-en-2024\\\/#primaryimage\"},\"image\":{\"@id\":\"https:\\\/\\\/www.accidentdutravail-idf.net\\\/blog\\\/morts-au-travail-un-niveau-jamais-atteint-en-2024\\\/#primaryimage\"},\"thumbnailUrl\":\"https:\\\/\\\/www.accidentdutravail-idf.net\\\/blog\\\/wp-content\\\/uploads\\\/2025\\\/11\\\/morts-au-travail-un-niveau-jamais-atteint-en-2024.jpg\",\"datePublished\":\"2025-11-21T10:05:00+00:00\",\"description\":\"Morts au travail : un niveau jamais atteint en 2024 article de ACCIDENTDUTRAVAIL-IDF\",\"breadcrumb\":{\"@id\":\"https:\\\/\\\/www.accidentdutravail-idf.net\\\/blog\\\/morts-au-travail-un-niveau-jamais-atteint-en-2024\\\/#breadcrumb\"},\"inLanguage\":\"fr-FR\",\"potentialAction\":[{\"@type\":\"ReadAction\",\"target\":[\"https:\\\/\\\/www.accidentdutravail-idf.net\\\/blog\\\/morts-au-travail-un-niveau-jamais-atteint-en-2024\\\/\"]}]},{\"@type\":\"ImageObject\",\"inLanguage\":\"fr-FR\",\"@id\":\"https:\\\/\\\/www.accidentdutravail-idf.net\\\/blog\\\/morts-au-travail-un-niveau-jamais-atteint-en-2024\\\/#primaryimage\",\"url\":\"https:\\\/\\\/www.accidentdutravail-idf.net\\\/blog\\\/wp-content\\\/uploads\\\/2025\\\/11\\\/morts-au-travail-un-niveau-jamais-atteint-en-2024.jpg\",\"contentUrl\":\"https:\\\/\\\/www.accidentdutravail-idf.net\\\/blog\\\/wp-content\\\/uploads\\\/2025\\\/11\\\/morts-au-travail-un-niveau-jamais-atteint-en-2024.jpg\"},{\"@type\":\"BreadcrumbList\",\"@id\":\"https:\\\/\\\/www.accidentdutravail-idf.net\\\/blog\\\/morts-au-travail-un-niveau-jamais-atteint-en-2024\\\/#breadcrumb\",\"itemListElement\":[{\"@type\":\"ListItem\",\"position\":1,\"name\":\"Accueil\",\"item\":\"https:\\\/\\\/www.accidentdutravail-idf.net\\\/blog\\\/\"},{\"@type\":\"ListItem\",\"position\":2,\"name\":\"Morts au travail : un niveau jamais atteint en 2024\"}]},{\"@type\":\"WebSite\",\"@id\":\"https:\\\/\\\/www.accidentdutravail-idf.net\\\/blog\\\/#website\",\"url\":\"https:\\\/\\\/www.accidentdutravail-idf.net\\\/blog\\\/\",\"name\":\"ACCIDENTDUTRAVAIL-IDF\",\"description\":\"Portail accidents du travail-maladies professionnelles des entreprises d&#039;Ile-de-France\",\"publisher\":{\"@id\":\"https:\\\/\\\/www.accidentdutravail-idf.net\\\/blog\\\/#organization\"},\"potentialAction\":[{\"@type\":\"SearchAction\",\"target\":{\"@type\":\"EntryPoint\",\"urlTemplate\":\"https:\\\/\\\/www.accidentdutravail-idf.net\\\/blog\\\/?s={search_term_string}\"},\"query-input\":{\"@type\":\"PropertyValueSpecification\",\"valueRequired\":true,\"valueName\":\"search_term_string\"}}],\"inLanguage\":\"fr-FR\"},{\"@type\":\"Organization\",\"@id\":\"https:\\\/\\\/www.accidentdutravail-idf.net\\\/blog\\\/#organization\",\"name\":\"accidentdutravail-idf\",\"url\":\"https:\\\/\\\/www.accidentdutravail-idf.net\\\/blog\\\/\",\"logo\":{\"@type\":\"ImageObject\",\"inLanguage\":\"fr-FR\",\"@id\":\"https:\\\/\\\/www.accidentdutravail-idf.net\\\/blog\\\/#\\\/schema\\\/logo\\\/image\\\/\",\"url\":\"https:\\\/\\\/www.accidentdutravail-idf.net\\\/blog\\\/wp-content\\\/uploads\\\/2022\\\/09\\\/logo-2.png\",\"contentUrl\":\"https:\\\/\\\/www.accidentdutravail-idf.net\\\/blog\\\/wp-content\\\/uploads\\\/2022\\\/09\\\/logo-2.png\",\"width\":380,\"height\":291,\"caption\":\"accidentdutravail-idf\"},\"image\":{\"@id\":\"https:\\\/\\\/www.accidentdutravail-idf.net\\\/blog\\\/#\\\/schema\\\/logo\\\/image\\\/\"}},{\"@type\":\"Person\",\"@id\":\"https:\\\/\\\/www.accidentdutravail-idf.net\\\/blog\\\/#\\\/schema\\\/person\\\/3255d2f970de45e64bd9201f38e7b947\",\"name\":\"Carlos Poulain\",\"image\":{\"@type\":\"ImageObject\",\"inLanguage\":\"fr-FR\",\"@id\":\"https:\\\/\\\/secure.gravatar.com\\\/avatar\\\/b1c2f9d3588e34e91adb093635df64ef4b2381991216be7576466cfcdca4baf3?s=96&d=mm&r=g\",\"url\":\"https:\\\/\\\/secure.gravatar.com\\\/avatar\\\/b1c2f9d3588e34e91adb093635df64ef4b2381991216be7576466cfcdca4baf3?s=96&d=mm&r=g\",\"contentUrl\":\"https:\\\/\\\/secure.gravatar.com\\\/avatar\\\/b1c2f9d3588e34e91adb093635df64ef4b2381991216be7576466cfcdca4baf3?s=96&d=mm&r=g\",\"caption\":\"Carlos Poulain\"},\"url\":\"https:\\\/\\\/www.accidentdutravail-idf.net\\\/blog\\\/author\\\/idfcarlos\\\/\"}]}<\/script>\n<!-- \/ Yoast SEO plugin. -->","yoast_head_json":{"title":"Morts au travail : un niveau jamais atteint en 2024 - ACCIDENTDUTRAVAIL-IDF","description":"Morts au travail : un niveau jamais atteint en 2024 article de ACCIDENTDUTRAVAIL-IDF","robots":{"index":"index","follow":"follow","max-snippet":"max-snippet:-1","max-image-preview":"max-image-preview:large","max-video-preview":"max-video-preview:-1"},"canonical":"https:\/\/www.accidentdutravail-idf.net\/blog\/morts-au-travail-un-niveau-jamais-atteint-en-2024\/","og_locale":"fr_FR","og_type":"article","og_title":"Morts au travail : un niveau jamais atteint en 2024 - ACCIDENTDUTRAVAIL-IDF","og_description":"Morts au travail : un niveau jamais atteint en 2024 article de ACCIDENTDUTRAVAIL-IDF","og_url":"https:\/\/www.accidentdutravail-idf.net\/blog\/morts-au-travail-un-niveau-jamais-atteint-en-2024\/","og_site_name":"ACCIDENTDUTRAVAIL-IDF","article_published_time":"2025-11-21T10:05:00+00:00","og_image":[{"url":"https:\/\/www.accidentdutravail-idf.net\/blog\/wp-content\/uploads\/2025\/11\/morts-au-travail-un-niveau-jamais-atteint-en-2024.jpg","type":"","width":"","height":""}],"author":"Carlos Poulain","twitter_card":"summary_large_image","twitter_misc":{"\u00c9crit par":"Carlos Poulain","Dur\u00e9e de lecture estim\u00e9e":"2 minutes"},"schema":{"@context":"https:\/\/schema.org","@graph":[{"@type":"Article","@id":"https:\/\/www.accidentdutravail-idf.net\/blog\/morts-au-travail-un-niveau-jamais-atteint-en-2024\/#article","isPartOf":{"@id":"https:\/\/www.accidentdutravail-idf.net\/blog\/morts-au-travail-un-niveau-jamais-atteint-en-2024\/"},"author":{"name":"Carlos Poulain","@id":"https:\/\/www.accidentdutravail-idf.net\/blog\/#\/schema\/person\/3255d2f970de45e64bd9201f38e7b947"},"headline":"Morts au travail : un niveau jamais atteint en 2024","datePublished":"2025-11-21T10:05:00+00:00","mainEntityOfPage":{"@id":"https:\/\/www.accidentdutravail-idf.net\/blog\/morts-au-travail-un-niveau-jamais-atteint-en-2024\/"},"wordCount":435,"publisher":{"@id":"https:\/\/www.accidentdutravail-idf.net\/blog\/#organization"},"image":{"@id":"https:\/\/www.accidentdutravail-idf.net\/blog\/morts-au-travail-un-niveau-jamais-atteint-en-2024\/#primaryimage"},"thumbnailUrl":"https:\/\/www.accidentdutravail-idf.net\/blog\/wp-content\/uploads\/2025\/11\/morts-au-travail-un-niveau-jamais-atteint-en-2024.jpg","articleSection":["S\u00e9curit\u00e9 Du Travail En Ile-De-France Et Divers:"],"inLanguage":"fr-FR"},{"@type":"WebPage","@id":"https:\/\/www.accidentdutravail-idf.net\/blog\/morts-au-travail-un-niveau-jamais-atteint-en-2024\/","url":"https:\/\/www.accidentdutravail-idf.net\/blog\/morts-au-travail-un-niveau-jamais-atteint-en-2024\/","name":"Morts au travail : un niveau jamais atteint en 2024 - ACCIDENTDUTRAVAIL-IDF","isPartOf":{"@id":"https:\/\/www.accidentdutravail-idf.net\/blog\/#website"},"primaryImageOfPage":{"@id":"https:\/\/www.accidentdutravail-idf.net\/blog\/morts-au-travail-un-niveau-jamais-atteint-en-2024\/#primaryimage"},"image":{"@id":"https:\/\/www.accidentdutravail-idf.net\/blog\/morts-au-travail-un-niveau-jamais-atteint-en-2024\/#primaryimage"},"thumbnailUrl":"https:\/\/www.accidentdutravail-idf.net\/blog\/wp-content\/uploads\/2025\/11\/morts-au-travail-un-niveau-jamais-atteint-en-2024.jpg","datePublished":"2025-11-21T10:05:00+00:00","description":"Morts au travail : un niveau jamais atteint en 2024 article de ACCIDENTDUTRAVAIL-IDF","breadcrumb":{"@id":"https:\/\/www.accidentdutravail-idf.net\/blog\/morts-au-travail-un-niveau-jamais-atteint-en-2024\/#breadcrumb"},"inLanguage":"fr-FR","potentialAction":[{"@type":"ReadAction","target":["https:\/\/www.accidentdutravail-idf.net\/blog\/morts-au-travail-un-niveau-jamais-atteint-en-2024\/"]}]},{"@type":"ImageObject","inLanguage":"fr-FR","@id":"https:\/\/www.accidentdutravail-idf.net\/blog\/morts-au-travail-un-niveau-jamais-atteint-en-2024\/#primaryimage","url":"https:\/\/www.accidentdutravail-idf.net\/blog\/wp-content\/uploads\/2025\/11\/morts-au-travail-un-niveau-jamais-atteint-en-2024.jpg","contentUrl":"https:\/\/www.accidentdutravail-idf.net\/blog\/wp-content\/uploads\/2025\/11\/morts-au-travail-un-niveau-jamais-atteint-en-2024.jpg"},{"@type":"BreadcrumbList","@id":"https:\/\/www.accidentdutravail-idf.net\/blog\/morts-au-travail-un-niveau-jamais-atteint-en-2024\/#breadcrumb","itemListElement":[{"@type":"ListItem","position":1,"name":"Accueil","item":"https:\/\/www.accidentdutravail-idf.net\/blog\/"},{"@type":"ListItem","position":2,"name":"Morts au travail : un niveau jamais atteint en 2024"}]},{"@type":"WebSite","@id":"https:\/\/www.accidentdutravail-idf.net\/blog\/#website","url":"https:\/\/www.accidentdutravail-idf.net\/blog\/","name":"ACCIDENTDUTRAVAIL-IDF","description":"Portail accidents du travail-maladies professionnelles des entreprises d&#039;Ile-de-France","publisher":{"@id":"https:\/\/www.accidentdutravail-idf.net\/blog\/#organization"},"potentialAction":[{"@type":"SearchAction","target":{"@type":"EntryPoint","urlTemplate":"https:\/\/www.accidentdutravail-idf.net\/blog\/?s={search_term_string}"},"query-input":{"@type":"PropertyValueSpecification","valueRequired":true,"valueName":"search_term_string"}}],"inLanguage":"fr-FR"},{"@type":"Organization","@id":"https:\/\/www.accidentdutravail-idf.net\/blog\/#organization","name":"accidentdutravail-idf","url":"https:\/\/www.accidentdutravail-idf.net\/blog\/","logo":{"@type":"ImageObject","inLanguage":"fr-FR","@id":"https:\/\/www.accidentdutravail-idf.net\/blog\/#\/schema\/logo\/image\/","url":"https:\/\/www.accidentdutravail-idf.net\/blog\/wp-content\/uploads\/2022\/09\/logo-2.png","contentUrl":"https:\/\/www.accidentdutravail-idf.net\/blog\/wp-content\/uploads\/2022\/09\/logo-2.png","width":380,"height":291,"caption":"accidentdutravail-idf"},"image":{"@id":"https:\/\/www.accidentdutravail-idf.net\/blog\/#\/schema\/logo\/image\/"}},{"@type":"Person","@id":"https:\/\/www.accidentdutravail-idf.net\/blog\/#\/schema\/person\/3255d2f970de45e64bd9201f38e7b947","name":"Carlos Poulain","image":{"@type":"ImageObject","inLanguage":"fr-FR","@id":"https:\/\/secure.gravatar.com\/avatar\/b1c2f9d3588e34e91adb093635df64ef4b2381991216be7576466cfcdca4baf3?s=96&d=mm&r=g","url":"https:\/\/secure.gravatar.com\/avatar\/b1c2f9d3588e34e91adb093635df64ef4b2381991216be7576466cfcdca4baf3?s=96&d=mm&r=g","contentUrl":"https:\/\/secure.gravatar.com\/avatar\/b1c2f9d3588e34e91adb093635df64ef4b2381991216be7576466cfcdca4baf3?s=96&d=mm&r=g","caption":"Carlos Poulain"},"url":"https:\/\/www.accidentdutravail-idf.net\/blog\/author\/idfcarlos\/"}]}},"_links":{"self":[{"href":"https:\/\/www.accidentdutravail-idf.net\/blog\/wp-json\/wp\/v2\/posts\/1922","targetHints":{"allow":["GET"]}}],"collection":[{"href":"https:\/\/www.accidentdutravail-idf.net\/blog\/wp-json\/wp\/v2\/posts"}],"about":[{"href":"https:\/\/www.accidentdutravail-idf.net\/blog\/wp-json\/wp\/v2\/types\/post"}],"author":[{"embeddable":true,"href":"https:\/\/www.accidentdutravail-idf.net\/blog\/wp-json\/wp\/v2\/users\/2"}],"replies":[{"embeddable":true,"href":"https:\/\/www.accidentdutravail-idf.net\/blog\/wp-json\/wp\/v2\/comments?post=1922"}],"version-history":[{"count":0,"href":"https:\/\/www.accidentdutravail-idf.net\/blog\/wp-json\/wp\/v2\/posts\/1922\/revisions"}],"wp:attachment":[{"href":"https:\/\/www.accidentdutravail-idf.net\/blog\/wp-json\/wp\/v2\/media?parent=1922"}],"wp:term":[{"taxonomy":"category","embeddable":true,"href":"https:\/\/www.accidentdutravail-idf.net\/blog\/wp-json\/wp\/v2\/categories?post=1922"},{"taxonomy":"post_tag","embeddable":true,"href":"https:\/\/www.accidentdutravail-idf.net\/blog\/wp-json\/wp\/v2\/tags?post=1922"}],"curies":[{"name":"wp","href":"https:\/\/api.w.org\/{rel}","templated":true}]}}