{"id":1915,"date":"2025-11-13T06:32:00","date_gmt":"2025-11-13T05:32:00","guid":{"rendered":"https:\/\/www.accidentdutravail-idf.net\/blog\/accident-de-travail-mortel-a-sherbrooke-un-jeune-homme-perd-la-vie-a-lusine-aikawa\/"},"modified":"2025-11-13T06:32:00","modified_gmt":"2025-11-13T05:32:00","slug":"accident-de-travail-mortel-a-sherbrooke-un-jeune-homme-perd-la-vie-a-lusine-aikawa","status":"publish","type":"post","link":"https:\/\/www.accidentdutravail-idf.net\/blog\/accident-de-travail-mortel-a-sherbrooke-un-jeune-homme-perd-la-vie-a-lusine-aikawa\/","title":{"rendered":"Accident de travail mortel \u00e0 Sherbrooke : un jeune homme perd la vie \u00e0 l\u2019usine Aikawa"},"content":{"rendered":"<div><img decoding=\"async\" src=\"https:\/\/www.accidentdutravail-idf.net\/blog\/wp-content\/uploads\/2025\/11\/accident-de-travail-mortel-a-sherbrooke-un-jeune-homme-perd-la-vie-a-lusine-aikawa.jpg\" class=\"ff-og-image-inserted\"><\/div>\n<p>Un homme de 26 ans a perdu la vie mercredi \u00e0 la suite d&rsquo;un<br \/>\ngrave accident survenu dans une usine de Sherbrooke. Les circonstances<br \/>\nentourant sa chute font pr\u00e9sentement l&rsquo;objet d&rsquo;une enqu\u00eate de la CNESST et du<br \/>\nbureau du coroner.<\/p>\n<p><strong>Un appel d&rsquo;urgence<br \/>\nsur la rue Queen<\/strong><\/p>\n<p>\u00c0 Sherbrooke, le mercredi 12 novembre vers 11 h 20, les<br \/>\nservices d&rsquo;urgence ont \u00e9t\u00e9 appel\u00e9s \u00e0 se rendre au 72, rue Queen, o\u00f9 se trouve<br \/>\nl&rsquo;usine Aikawa. Selon les t\u00e9moins, un homme gisait au sol, inconscient, \u00e0<br \/>\nproximit\u00e9 d&rsquo;un camion.<\/p>\n<p>Policiers, pompiers et ambulanciers se sont rapidement<br \/>\nd\u00e9plac\u00e9s sur les lieux. \u00c0 leur arriv\u00e9e, les param\u00e9dics ont imm\u00e9diatement pris<br \/>\nen charge la victime pendant que les patrouilleurs s\u00e9curisaient la zone et<br \/>\nrecueillaient les t\u00e9moignages des employ\u00e9s pr\u00e9sents.<\/p>\n<p> &nbsp;<\/p>\n<p>Les premi\u00e8res constatations indiquent que le travailleur se<br \/>\ntrouvait pr\u00e8s d&rsquo;un camion lorsqu&rsquo;il a soudainement chut\u00e9. Les autorit\u00e9s<br \/>\nexaminent actuellement toutes les hypoth\u00e8ses pouvant expliquer les<br \/>\ncirconstances de cette chute.<\/p>\n<p><strong>Le d\u00e9c\u00e8s confirm\u00e9 \u00e0<br \/>\nl&rsquo;h\u00f4pital<\/strong><\/p>\n<p>Transport\u00e9 d&rsquo;urgence au centre hospitalier, l&rsquo;homme de 26<br \/>\nans n&rsquo;a malheureusement pas surv\u00e9cu \u00e0 ses blessures. Son d\u00e9c\u00e8s a \u00e9t\u00e9 constat\u00e9<br \/>\nau cours de la journ\u00e9e.<\/p>\n<p>La Commission des normes, de l&rsquo;\u00e9quit\u00e9, de la sant\u00e9 et de la<br \/>\ns\u00e9curit\u00e9 du travail (CNESST) a pris en charge l&rsquo;enqu\u00eate. Le bureau du coroner a<br \/>\n\u00e9galement \u00e9t\u00e9 inform\u00e9 et m\u00e8nera sa propre analyse pour faire la lumi\u00e8re sur les<br \/>\ncirconstances du drame.<\/p>\n<p>Source : Martin Carrier, relationniste, Service de police de<br \/>\nSherbrooke<\/p>\n<p> accidentdutravail-idf.net vous a pr\u00e9par\u00e9 ce post qui informe du sujet \u00ab\u00a0Association Sportive Huisson-Longueville Essonne\u00a0\u00bb. La chronique se veut g\u00e9n\u00e9r\u00e9e du mieux possible. Vous pouvez utiliser les coordonn\u00e9es indiqu\u00e9es sur le site dans le but d\u2019apporter des explications sur ce post qui parle du th\u00e8me \u00ab\u00a0Association Sportive Huisson-Longueville Essonne\u00a0\u00bb. Le site accidentdutravail-idf.net a pour but de fournir diverses publications sur la th\u00e9matique Association Sportive Huisson-Longueville Essonne diffus\u00e9es sur le net. Il y aura plusieurs articles autour du sujet \u00ab\u00a0Association Sportive Huisson-Longueville Essonne\u00a0\u00bb dans quelques jours, nous vous invitons \u00e0 naviguer sur notre site web \u00e0 plusieurs reprises.<\/p>\n","protected":false},"excerpt":{"rendered":"<p>Un homme de 26 ans a perdu la vie mercredi \u00e0 la suite d&rsquo;un grave accident survenu dans une usine de Sherbrooke. Les circonstances entourant sa chute font pr\u00e9sentement l&rsquo;objet d&rsquo;une enqu\u00eate de la CNESST et du bureau du coroner. Un appel d&rsquo;urgence sur la rue Queen \u00c0 Sherbrooke, le mercredi 12 novembre vers 11 &hellip; <\/p>\n<p class=\"link-more\"><a href=\"https:\/\/www.accidentdutravail-idf.net\/blog\/accident-de-travail-mortel-a-sherbrooke-un-jeune-homme-perd-la-vie-a-lusine-aikawa\/\" class=\"more-link\">Continuer la lecture <span class=\"screen-reader-text\"> \u00ab\u00a0Accident de travail mortel \u00e0 Sherbrooke : un jeune homme perd la vie \u00e0 l\u2019usine Aikawa\u00a0\u00bb<\/span><\/a><\/p>\n","protected":false},"author":2,"featured_media":0,"comment_status":"closed","ping_status":"closed","sticky":false,"template":"","format":"standard","meta":{"footnotes":""},"categories":[5],"tags":[],"class_list":["post-1915","post","type-post","status-publish","format-standard","hentry","category-securite-du-travail-en-ile-de-france-et-divers","entry"],"yoast_head":"<!-- This site is optimized with the Yoast SEO plugin v27.5 - https:\/\/yoast.com\/product\/yoast-seo-wordpress\/ -->\n<title>Accident de travail mortel \u00e0 Sherbrooke : un jeune homme perd la vie \u00e0 l\u2019usine Aikawa - ACCIDENTDUTRAVAIL-IDF<\/title>\n<meta name=\"description\" content=\"Accident de travail mortel \u00e0 Sherbrooke : un jeune homme perd la vie \u00e0 l\u2019usine Aikawa article de ACCIDENTDUTRAVAIL-IDF\" \/>\n<meta name=\"robots\" content=\"index, follow, max-snippet:-1, max-image-preview:large, max-video-preview:-1\" \/>\n<link rel=\"canonical\" href=\"https:\/\/www.accidentdutravail-idf.net\/blog\/accident-de-travail-mortel-a-sherbrooke-un-jeune-homme-perd-la-vie-a-lusine-aikawa\/\" \/>\n<meta property=\"og:locale\" content=\"fr_FR\" \/>\n<meta property=\"og:type\" content=\"article\" \/>\n<meta property=\"og:title\" content=\"Accident de travail mortel \u00e0 Sherbrooke : un jeune homme perd la vie \u00e0 l\u2019usine Aikawa - ACCIDENTDUTRAVAIL-IDF\" \/>\n<meta property=\"og:description\" content=\"Accident de travail mortel \u00e0 Sherbrooke : un jeune homme perd la vie \u00e0 l\u2019usine Aikawa article de ACCIDENTDUTRAVAIL-IDF\" \/>\n<meta property=\"og:url\" content=\"https:\/\/www.accidentdutravail-idf.net\/blog\/accident-de-travail-mortel-a-sherbrooke-un-jeune-homme-perd-la-vie-a-lusine-aikawa\/\" \/>\n<meta property=\"og:site_name\" content=\"ACCIDENTDUTRAVAIL-IDF\" \/>\n<meta property=\"article:published_time\" content=\"2025-11-13T05:32:00+00:00\" \/>\n<meta property=\"og:image\" content=\"https:\/\/www.accidentdutravail-idf.net\/blog\/wp-content\/uploads\/2025\/11\/accident-de-travail-mortel-a-sherbrooke-un-jeune-homme-perd-la-vie-a-lusine-aikawa.jpg\" \/>\n<meta name=\"author\" content=\"Carlos Poulain\" \/>\n<meta name=\"twitter:card\" content=\"summary_large_image\" \/>\n<meta name=\"twitter:label1\" content=\"\u00c9crit par\" \/>\n\t<meta name=\"twitter:data1\" content=\"Carlos Poulain\" \/>\n\t<meta name=\"twitter:label2\" content=\"Dur\u00e9e de lecture estim\u00e9e\" \/>\n\t<meta name=\"twitter:data2\" content=\"2 minutes\" \/>\n<script type=\"application\/ld+json\" class=\"yoast-schema-graph\">{\"@context\":\"https:\\\/\\\/schema.org\",\"@graph\":[{\"@type\":\"Article\",\"@id\":\"https:\\\/\\\/www.accidentdutravail-idf.net\\\/blog\\\/accident-de-travail-mortel-a-sherbrooke-un-jeune-homme-perd-la-vie-a-lusine-aikawa\\\/#article\",\"isPartOf\":{\"@id\":\"https:\\\/\\\/www.accidentdutravail-idf.net\\\/blog\\\/accident-de-travail-mortel-a-sherbrooke-un-jeune-homme-perd-la-vie-a-lusine-aikawa\\\/\"},\"author\":{\"name\":\"Carlos Poulain\",\"@id\":\"https:\\\/\\\/www.accidentdutravail-idf.net\\\/blog\\\/#\\\/schema\\\/person\\\/3255d2f970de45e64bd9201f38e7b947\"},\"headline\":\"Accident de travail mortel \u00e0 Sherbrooke : un jeune homme perd la vie \u00e0 l\u2019usine Aikawa\",\"datePublished\":\"2025-11-13T05:32:00+00:00\",\"mainEntityOfPage\":{\"@id\":\"https:\\\/\\\/www.accidentdutravail-idf.net\\\/blog\\\/accident-de-travail-mortel-a-sherbrooke-un-jeune-homme-perd-la-vie-a-lusine-aikawa\\\/\"},\"wordCount\":375,\"publisher\":{\"@id\":\"https:\\\/\\\/www.accidentdutravail-idf.net\\\/blog\\\/#organization\"},\"image\":{\"@id\":\"https:\\\/\\\/www.accidentdutravail-idf.net\\\/blog\\\/accident-de-travail-mortel-a-sherbrooke-un-jeune-homme-perd-la-vie-a-lusine-aikawa\\\/#primaryimage\"},\"thumbnailUrl\":\"https:\\\/\\\/www.accidentdutravail-idf.net\\\/blog\\\/wp-content\\\/uploads\\\/2025\\\/11\\\/accident-de-travail-mortel-a-sherbrooke-un-jeune-homme-perd-la-vie-a-lusine-aikawa.jpg\",\"articleSection\":[\"S\u00e9curit\u00e9 Du Travail En Ile-De-France Et Divers:\"],\"inLanguage\":\"fr-FR\"},{\"@type\":\"WebPage\",\"@id\":\"https:\\\/\\\/www.accidentdutravail-idf.net\\\/blog\\\/accident-de-travail-mortel-a-sherbrooke-un-jeune-homme-perd-la-vie-a-lusine-aikawa\\\/\",\"url\":\"https:\\\/\\\/www.accidentdutravail-idf.net\\\/blog\\\/accident-de-travail-mortel-a-sherbrooke-un-jeune-homme-perd-la-vie-a-lusine-aikawa\\\/\",\"name\":\"Accident de travail mortel \u00e0 Sherbrooke : un jeune homme perd la vie \u00e0 l\u2019usine Aikawa - ACCIDENTDUTRAVAIL-IDF\",\"isPartOf\":{\"@id\":\"https:\\\/\\\/www.accidentdutravail-idf.net\\\/blog\\\/#website\"},\"primaryImageOfPage\":{\"@id\":\"https:\\\/\\\/www.accidentdutravail-idf.net\\\/blog\\\/accident-de-travail-mortel-a-sherbrooke-un-jeune-homme-perd-la-vie-a-lusine-aikawa\\\/#primaryimage\"},\"image\":{\"@id\":\"https:\\\/\\\/www.accidentdutravail-idf.net\\\/blog\\\/accident-de-travail-mortel-a-sherbrooke-un-jeune-homme-perd-la-vie-a-lusine-aikawa\\\/#primaryimage\"},\"thumbnailUrl\":\"https:\\\/\\\/www.accidentdutravail-idf.net\\\/blog\\\/wp-content\\\/uploads\\\/2025\\\/11\\\/accident-de-travail-mortel-a-sherbrooke-un-jeune-homme-perd-la-vie-a-lusine-aikawa.jpg\",\"datePublished\":\"2025-11-13T05:32:00+00:00\",\"description\":\"Accident de travail mortel \u00e0 Sherbrooke : un jeune homme perd la vie \u00e0 l\u2019usine Aikawa article de ACCIDENTDUTRAVAIL-IDF\",\"breadcrumb\":{\"@id\":\"https:\\\/\\\/www.accidentdutravail-idf.net\\\/blog\\\/accident-de-travail-mortel-a-sherbrooke-un-jeune-homme-perd-la-vie-a-lusine-aikawa\\\/#breadcrumb\"},\"inLanguage\":\"fr-FR\",\"potentialAction\":[{\"@type\":\"ReadAction\",\"target\":[\"https:\\\/\\\/www.accidentdutravail-idf.net\\\/blog\\\/accident-de-travail-mortel-a-sherbrooke-un-jeune-homme-perd-la-vie-a-lusine-aikawa\\\/\"]}]},{\"@type\":\"ImageObject\",\"inLanguage\":\"fr-FR\",\"@id\":\"https:\\\/\\\/www.accidentdutravail-idf.net\\\/blog\\\/accident-de-travail-mortel-a-sherbrooke-un-jeune-homme-perd-la-vie-a-lusine-aikawa\\\/#primaryimage\",\"url\":\"https:\\\/\\\/www.accidentdutravail-idf.net\\\/blog\\\/wp-content\\\/uploads\\\/2025\\\/11\\\/accident-de-travail-mortel-a-sherbrooke-un-jeune-homme-perd-la-vie-a-lusine-aikawa.jpg\",\"contentUrl\":\"https:\\\/\\\/www.accidentdutravail-idf.net\\\/blog\\\/wp-content\\\/uploads\\\/2025\\\/11\\\/accident-de-travail-mortel-a-sherbrooke-un-jeune-homme-perd-la-vie-a-lusine-aikawa.jpg\"},{\"@type\":\"BreadcrumbList\",\"@id\":\"https:\\\/\\\/www.accidentdutravail-idf.net\\\/blog\\\/accident-de-travail-mortel-a-sherbrooke-un-jeune-homme-perd-la-vie-a-lusine-aikawa\\\/#breadcrumb\",\"itemListElement\":[{\"@type\":\"ListItem\",\"position\":1,\"name\":\"Accueil\",\"item\":\"https:\\\/\\\/www.accidentdutravail-idf.net\\\/blog\\\/\"},{\"@type\":\"ListItem\",\"position\":2,\"name\":\"Accident de travail mortel \u00e0 Sherbrooke : un jeune homme perd la vie \u00e0 l\u2019usine Aikawa\"}]},{\"@type\":\"WebSite\",\"@id\":\"https:\\\/\\\/www.accidentdutravail-idf.net\\\/blog\\\/#website\",\"url\":\"https:\\\/\\\/www.accidentdutravail-idf.net\\\/blog\\\/\",\"name\":\"ACCIDENTDUTRAVAIL-IDF\",\"description\":\"Portail accidents du travail-maladies professionnelles des entreprises d&#039;Ile-de-France\",\"publisher\":{\"@id\":\"https:\\\/\\\/www.accidentdutravail-idf.net\\\/blog\\\/#organization\"},\"potentialAction\":[{\"@type\":\"SearchAction\",\"target\":{\"@type\":\"EntryPoint\",\"urlTemplate\":\"https:\\\/\\\/www.accidentdutravail-idf.net\\\/blog\\\/?s={search_term_string}\"},\"query-input\":{\"@type\":\"PropertyValueSpecification\",\"valueRequired\":true,\"valueName\":\"search_term_string\"}}],\"inLanguage\":\"fr-FR\"},{\"@type\":\"Organization\",\"@id\":\"https:\\\/\\\/www.accidentdutravail-idf.net\\\/blog\\\/#organization\",\"name\":\"accidentdutravail-idf\",\"url\":\"https:\\\/\\\/www.accidentdutravail-idf.net\\\/blog\\\/\",\"logo\":{\"@type\":\"ImageObject\",\"inLanguage\":\"fr-FR\",\"@id\":\"https:\\\/\\\/www.accidentdutravail-idf.net\\\/blog\\\/#\\\/schema\\\/logo\\\/image\\\/\",\"url\":\"https:\\\/\\\/www.accidentdutravail-idf.net\\\/blog\\\/wp-content\\\/uploads\\\/2022\\\/09\\\/logo-2.png\",\"contentUrl\":\"https:\\\/\\\/www.accidentdutravail-idf.net\\\/blog\\\/wp-content\\\/uploads\\\/2022\\\/09\\\/logo-2.png\",\"width\":380,\"height\":291,\"caption\":\"accidentdutravail-idf\"},\"image\":{\"@id\":\"https:\\\/\\\/www.accidentdutravail-idf.net\\\/blog\\\/#\\\/schema\\\/logo\\\/image\\\/\"}},{\"@type\":\"Person\",\"@id\":\"https:\\\/\\\/www.accidentdutravail-idf.net\\\/blog\\\/#\\\/schema\\\/person\\\/3255d2f970de45e64bd9201f38e7b947\",\"name\":\"Carlos Poulain\",\"image\":{\"@type\":\"ImageObject\",\"inLanguage\":\"fr-FR\",\"@id\":\"https:\\\/\\\/secure.gravatar.com\\\/avatar\\\/b1c2f9d3588e34e91adb093635df64ef4b2381991216be7576466cfcdca4baf3?s=96&d=mm&r=g\",\"url\":\"https:\\\/\\\/secure.gravatar.com\\\/avatar\\\/b1c2f9d3588e34e91adb093635df64ef4b2381991216be7576466cfcdca4baf3?s=96&d=mm&r=g\",\"contentUrl\":\"https:\\\/\\\/secure.gravatar.com\\\/avatar\\\/b1c2f9d3588e34e91adb093635df64ef4b2381991216be7576466cfcdca4baf3?s=96&d=mm&r=g\",\"caption\":\"Carlos Poulain\"},\"url\":\"https:\\\/\\\/www.accidentdutravail-idf.net\\\/blog\\\/author\\\/idfcarlos\\\/\"}]}<\/script>\n<!-- \/ Yoast SEO plugin. -->","yoast_head_json":{"title":"Accident de travail mortel \u00e0 Sherbrooke : un jeune homme perd la vie \u00e0 l\u2019usine Aikawa - ACCIDENTDUTRAVAIL-IDF","description":"Accident de travail mortel \u00e0 Sherbrooke : un jeune homme perd la vie \u00e0 l\u2019usine Aikawa article de ACCIDENTDUTRAVAIL-IDF","robots":{"index":"index","follow":"follow","max-snippet":"max-snippet:-1","max-image-preview":"max-image-preview:large","max-video-preview":"max-video-preview:-1"},"canonical":"https:\/\/www.accidentdutravail-idf.net\/blog\/accident-de-travail-mortel-a-sherbrooke-un-jeune-homme-perd-la-vie-a-lusine-aikawa\/","og_locale":"fr_FR","og_type":"article","og_title":"Accident de travail mortel \u00e0 Sherbrooke : un jeune homme perd la vie \u00e0 l\u2019usine Aikawa - ACCIDENTDUTRAVAIL-IDF","og_description":"Accident de travail mortel \u00e0 Sherbrooke : un jeune homme perd la vie \u00e0 l\u2019usine Aikawa article de ACCIDENTDUTRAVAIL-IDF","og_url":"https:\/\/www.accidentdutravail-idf.net\/blog\/accident-de-travail-mortel-a-sherbrooke-un-jeune-homme-perd-la-vie-a-lusine-aikawa\/","og_site_name":"ACCIDENTDUTRAVAIL-IDF","article_published_time":"2025-11-13T05:32:00+00:00","og_image":[{"url":"https:\/\/www.accidentdutravail-idf.net\/blog\/wp-content\/uploads\/2025\/11\/accident-de-travail-mortel-a-sherbrooke-un-jeune-homme-perd-la-vie-a-lusine-aikawa.jpg","type":"","width":"","height":""}],"author":"Carlos Poulain","twitter_card":"summary_large_image","twitter_misc":{"\u00c9crit par":"Carlos Poulain","Dur\u00e9e de lecture estim\u00e9e":"2 minutes"},"schema":{"@context":"https:\/\/schema.org","@graph":[{"@type":"Article","@id":"https:\/\/www.accidentdutravail-idf.net\/blog\/accident-de-travail-mortel-a-sherbrooke-un-jeune-homme-perd-la-vie-a-lusine-aikawa\/#article","isPartOf":{"@id":"https:\/\/www.accidentdutravail-idf.net\/blog\/accident-de-travail-mortel-a-sherbrooke-un-jeune-homme-perd-la-vie-a-lusine-aikawa\/"},"author":{"name":"Carlos Poulain","@id":"https:\/\/www.accidentdutravail-idf.net\/blog\/#\/schema\/person\/3255d2f970de45e64bd9201f38e7b947"},"headline":"Accident de travail mortel \u00e0 Sherbrooke : un jeune homme perd la vie \u00e0 l\u2019usine Aikawa","datePublished":"2025-11-13T05:32:00+00:00","mainEntityOfPage":{"@id":"https:\/\/www.accidentdutravail-idf.net\/blog\/accident-de-travail-mortel-a-sherbrooke-un-jeune-homme-perd-la-vie-a-lusine-aikawa\/"},"wordCount":375,"publisher":{"@id":"https:\/\/www.accidentdutravail-idf.net\/blog\/#organization"},"image":{"@id":"https:\/\/www.accidentdutravail-idf.net\/blog\/accident-de-travail-mortel-a-sherbrooke-un-jeune-homme-perd-la-vie-a-lusine-aikawa\/#primaryimage"},"thumbnailUrl":"https:\/\/www.accidentdutravail-idf.net\/blog\/wp-content\/uploads\/2025\/11\/accident-de-travail-mortel-a-sherbrooke-un-jeune-homme-perd-la-vie-a-lusine-aikawa.jpg","articleSection":["S\u00e9curit\u00e9 Du Travail En Ile-De-France Et Divers:"],"inLanguage":"fr-FR"},{"@type":"WebPage","@id":"https:\/\/www.accidentdutravail-idf.net\/blog\/accident-de-travail-mortel-a-sherbrooke-un-jeune-homme-perd-la-vie-a-lusine-aikawa\/","url":"https:\/\/www.accidentdutravail-idf.net\/blog\/accident-de-travail-mortel-a-sherbrooke-un-jeune-homme-perd-la-vie-a-lusine-aikawa\/","name":"Accident de travail mortel \u00e0 Sherbrooke : un jeune homme perd la vie \u00e0 l\u2019usine Aikawa - ACCIDENTDUTRAVAIL-IDF","isPartOf":{"@id":"https:\/\/www.accidentdutravail-idf.net\/blog\/#website"},"primaryImageOfPage":{"@id":"https:\/\/www.accidentdutravail-idf.net\/blog\/accident-de-travail-mortel-a-sherbrooke-un-jeune-homme-perd-la-vie-a-lusine-aikawa\/#primaryimage"},"image":{"@id":"https:\/\/www.accidentdutravail-idf.net\/blog\/accident-de-travail-mortel-a-sherbrooke-un-jeune-homme-perd-la-vie-a-lusine-aikawa\/#primaryimage"},"thumbnailUrl":"https:\/\/www.accidentdutravail-idf.net\/blog\/wp-content\/uploads\/2025\/11\/accident-de-travail-mortel-a-sherbrooke-un-jeune-homme-perd-la-vie-a-lusine-aikawa.jpg","datePublished":"2025-11-13T05:32:00+00:00","description":"Accident de travail mortel \u00e0 Sherbrooke : un jeune homme perd la vie \u00e0 l\u2019usine Aikawa article de ACCIDENTDUTRAVAIL-IDF","breadcrumb":{"@id":"https:\/\/www.accidentdutravail-idf.net\/blog\/accident-de-travail-mortel-a-sherbrooke-un-jeune-homme-perd-la-vie-a-lusine-aikawa\/#breadcrumb"},"inLanguage":"fr-FR","potentialAction":[{"@type":"ReadAction","target":["https:\/\/www.accidentdutravail-idf.net\/blog\/accident-de-travail-mortel-a-sherbrooke-un-jeune-homme-perd-la-vie-a-lusine-aikawa\/"]}]},{"@type":"ImageObject","inLanguage":"fr-FR","@id":"https:\/\/www.accidentdutravail-idf.net\/blog\/accident-de-travail-mortel-a-sherbrooke-un-jeune-homme-perd-la-vie-a-lusine-aikawa\/#primaryimage","url":"https:\/\/www.accidentdutravail-idf.net\/blog\/wp-content\/uploads\/2025\/11\/accident-de-travail-mortel-a-sherbrooke-un-jeune-homme-perd-la-vie-a-lusine-aikawa.jpg","contentUrl":"https:\/\/www.accidentdutravail-idf.net\/blog\/wp-content\/uploads\/2025\/11\/accident-de-travail-mortel-a-sherbrooke-un-jeune-homme-perd-la-vie-a-lusine-aikawa.jpg"},{"@type":"BreadcrumbList","@id":"https:\/\/www.accidentdutravail-idf.net\/blog\/accident-de-travail-mortel-a-sherbrooke-un-jeune-homme-perd-la-vie-a-lusine-aikawa\/#breadcrumb","itemListElement":[{"@type":"ListItem","position":1,"name":"Accueil","item":"https:\/\/www.accidentdutravail-idf.net\/blog\/"},{"@type":"ListItem","position":2,"name":"Accident de travail mortel \u00e0 Sherbrooke : un jeune homme perd la vie \u00e0 l\u2019usine Aikawa"}]},{"@type":"WebSite","@id":"https:\/\/www.accidentdutravail-idf.net\/blog\/#website","url":"https:\/\/www.accidentdutravail-idf.net\/blog\/","name":"ACCIDENTDUTRAVAIL-IDF","description":"Portail accidents du travail-maladies professionnelles des entreprises d&#039;Ile-de-France","publisher":{"@id":"https:\/\/www.accidentdutravail-idf.net\/blog\/#organization"},"potentialAction":[{"@type":"SearchAction","target":{"@type":"EntryPoint","urlTemplate":"https:\/\/www.accidentdutravail-idf.net\/blog\/?s={search_term_string}"},"query-input":{"@type":"PropertyValueSpecification","valueRequired":true,"valueName":"search_term_string"}}],"inLanguage":"fr-FR"},{"@type":"Organization","@id":"https:\/\/www.accidentdutravail-idf.net\/blog\/#organization","name":"accidentdutravail-idf","url":"https:\/\/www.accidentdutravail-idf.net\/blog\/","logo":{"@type":"ImageObject","inLanguage":"fr-FR","@id":"https:\/\/www.accidentdutravail-idf.net\/blog\/#\/schema\/logo\/image\/","url":"https:\/\/www.accidentdutravail-idf.net\/blog\/wp-content\/uploads\/2022\/09\/logo-2.png","contentUrl":"https:\/\/www.accidentdutravail-idf.net\/blog\/wp-content\/uploads\/2022\/09\/logo-2.png","width":380,"height":291,"caption":"accidentdutravail-idf"},"image":{"@id":"https:\/\/www.accidentdutravail-idf.net\/blog\/#\/schema\/logo\/image\/"}},{"@type":"Person","@id":"https:\/\/www.accidentdutravail-idf.net\/blog\/#\/schema\/person\/3255d2f970de45e64bd9201f38e7b947","name":"Carlos Poulain","image":{"@type":"ImageObject","inLanguage":"fr-FR","@id":"https:\/\/secure.gravatar.com\/avatar\/b1c2f9d3588e34e91adb093635df64ef4b2381991216be7576466cfcdca4baf3?s=96&d=mm&r=g","url":"https:\/\/secure.gravatar.com\/avatar\/b1c2f9d3588e34e91adb093635df64ef4b2381991216be7576466cfcdca4baf3?s=96&d=mm&r=g","contentUrl":"https:\/\/secure.gravatar.com\/avatar\/b1c2f9d3588e34e91adb093635df64ef4b2381991216be7576466cfcdca4baf3?s=96&d=mm&r=g","caption":"Carlos Poulain"},"url":"https:\/\/www.accidentdutravail-idf.net\/blog\/author\/idfcarlos\/"}]}},"_links":{"self":[{"href":"https:\/\/www.accidentdutravail-idf.net\/blog\/wp-json\/wp\/v2\/posts\/1915","targetHints":{"allow":["GET"]}}],"collection":[{"href":"https:\/\/www.accidentdutravail-idf.net\/blog\/wp-json\/wp\/v2\/posts"}],"about":[{"href":"https:\/\/www.accidentdutravail-idf.net\/blog\/wp-json\/wp\/v2\/types\/post"}],"author":[{"embeddable":true,"href":"https:\/\/www.accidentdutravail-idf.net\/blog\/wp-json\/wp\/v2\/users\/2"}],"replies":[{"embeddable":true,"href":"https:\/\/www.accidentdutravail-idf.net\/blog\/wp-json\/wp\/v2\/comments?post=1915"}],"version-history":[{"count":0,"href":"https:\/\/www.accidentdutravail-idf.net\/blog\/wp-json\/wp\/v2\/posts\/1915\/revisions"}],"wp:attachment":[{"href":"https:\/\/www.accidentdutravail-idf.net\/blog\/wp-json\/wp\/v2\/media?parent=1915"}],"wp:term":[{"taxonomy":"category","embeddable":true,"href":"https:\/\/www.accidentdutravail-idf.net\/blog\/wp-json\/wp\/v2\/categories?post=1915"},{"taxonomy":"post_tag","embeddable":true,"href":"https:\/\/www.accidentdutravail-idf.net\/blog\/wp-json\/wp\/v2\/tags?post=1915"}],"curies":[{"name":"wp","href":"https:\/\/api.w.org\/{rel}","templated":true}]}}