{"id":1890,"date":"2025-11-12T08:49:00","date_gmt":"2025-11-12T07:49:00","guid":{"rendered":"https:\/\/www.accidentdutravail-idf.net\/blog\/villerest-tri-demma-un-salarie-secouru-avec-lavant-bras-coince-dans-une-machine-outil\/"},"modified":"2025-11-12T08:49:00","modified_gmt":"2025-11-12T07:49:00","slug":"villerest-tri-demma-un-salarie-secouru-avec-lavant-bras-coince-dans-une-machine-outil","status":"publish","type":"post","link":"https:\/\/www.accidentdutravail-idf.net\/blog\/villerest-tri-demma-un-salarie-secouru-avec-lavant-bras-coince-dans-une-machine-outil\/","title":{"rendered":"Villerest Tri d\u2019Emma : un salari\u00e9 secouru avec l\u2019avant-bras coinc\u00e9 dans une machine-outil"},"content":{"rendered":"<div><img decoding=\"async\" src=\"https:\/\/www.accidentdutravail-idf.net\/blog\/wp-content\/uploads\/2025\/11\/villerest-tri-demma-un-salarie-secouru-avec-lavant-bras-coince-dans-une-machine-outil.jpg\" class=\"ff-og-image-inserted\"><\/div>\n<div>\n<p>Les secours ont \u00e9t\u00e9 alert\u00e9s peu avant 14 heures, mercredi 12&nbsp;novembre, pour un accident du travail sur le site d\u2019une plateforme de tri de textiles d\u2019occasion \u00e0 Villerest. \u00ab&nbsp;Il a fallu plus d\u2019une heure d\u2019efforts intenses pour sortir la victime qui avait l\u2019avant-bras gauche coinc\u00e9 dans une machine-outil qui sert \u00e0 compacter le linge&nbsp;\u00bb, r\u00e9sume le commandant des op\u00e9rations de secours.<\/p>\n<p>L\u2019homme de 21 ans, salari\u00e9 du Tri d\u2019Emma, est rest\u00e9 conscient pendant l\u2019ensemble de l\u2019intervention. \u00ab&nbsp;Nous l\u2019avons s\u00e9curis\u00e9, \u00e0 pr\u00e8s de deux m\u00e8tres de hauteur, tout au long du processus&nbsp;\u00bb, compl\u00e8te le sapeur-pompier.<\/p>\n<\/div>\n<div>\n<h2 class=\"rel\">La victime a \u00e9t\u00e9 transport\u00e9e vers un h\u00f4pital lyonnais<\/h2>\n<p>La victime a \u00e9t\u00e9 transport\u00e9e par la route en urgence relative au centre hospitalier \u00c9douard-Herriot de Lyon avec l\u2019appui d\u2019une escorte des forces de l\u2019ordre. Un important dispositif de secours a \u00e9t\u00e9 engag\u00e9 avec une vingtaine de sapeurs-pompiers r\u00e9partis dans une quinzaine d\u2019engins, dont un \u00e9quipage infirmier et des sp\u00e9cialistes sauvetage d\u00e9blaiement.<\/p>\n<p>\u00ab&nbsp;On a pr\u00e9f\u00e9r\u00e9 anticiper la difficult\u00e9 de l\u2019intervention en faisant venir une unit\u00e9 sp\u00e9cialis\u00e9e de Saint-\u00c9tienne&nbsp;\u00bb, reprend le responsable des op\u00e9rations.<\/p>\n<\/div>\n<div>\n<h2 class=\"rel\">L\u2019entreprise a sollicit\u00e9 la mise en place d\u2019une cellule psychologique<\/h2>\n<p>Le sapeur-pompier tient \u00e0 mettre en avant le travail r\u00e9alis\u00e9 par l\u2019ensemble de la cha\u00eene de secours. La victime a en effet \u00e9t\u00e9 m\u00e9dicalis\u00e9e par le Service mobile d\u2019urgence et de r\u00e9animation (Smur) du centre hospitalier de Roanne.<\/p>\n<p>Des gendarmes de la compagnie de Roanne ont \u00e9t\u00e9 d\u00e9p\u00each\u00e9s sur les lieux afin de r\u00e9aliser les constatations d\u2019usages dans le cadre d\u2019un accident du travail. Contact\u00e9e, l\u2019entreprise Le Tri d\u2019Emma indique avoir sollicit\u00e9 la mise en place d\u2019une cellule psychologique pour ses salari\u00e9s aupr\u00e8s du service de sant\u00e9 au travail.<\/p>\n<\/div>\n<p>accidentdutravail-idf.net vous a pr\u00e9par\u00e9 ce post qui informe du sujet \u00ab\u00a0Association Sportive Huisson-Longueville Essonne\u00a0\u00bb. La chronique se veut g\u00e9n\u00e9r\u00e9e du mieux possible. Vous pouvez utiliser les coordonn\u00e9es indiqu\u00e9es sur le site dans le but d\u2019apporter des explications sur ce post qui parle du th\u00e8me \u00ab\u00a0Association Sportive Huisson-Longueville Essonne\u00a0\u00bb. Le site accidentdutravail-idf.net a pour but de fournir diverses publications sur la th\u00e9matique Association Sportive Huisson-Longueville Essonne diffus\u00e9es sur le net. Il y aura plusieurs articles autour du sujet \u00ab\u00a0Association Sportive Huisson-Longueville Essonne\u00a0\u00bb dans quelques jours, nous vous invitons \u00e0 naviguer sur notre site web \u00e0 plusieurs reprises.<\/p>\n","protected":false},"excerpt":{"rendered":"<p>Les secours ont \u00e9t\u00e9 alert\u00e9s peu avant 14 heures, mercredi 12&nbsp;novembre, pour un accident du travail sur le site d\u2019une plateforme de tri de textiles d\u2019occasion \u00e0 Villerest. \u00ab&nbsp;Il a fallu plus d\u2019une heure d\u2019efforts intenses pour sortir la victime qui avait l\u2019avant-bras gauche coinc\u00e9 dans une machine-outil qui sert \u00e0 compacter le linge&nbsp;\u00bb, r\u00e9sume &hellip; <\/p>\n<p class=\"link-more\"><a href=\"https:\/\/www.accidentdutravail-idf.net\/blog\/villerest-tri-demma-un-salarie-secouru-avec-lavant-bras-coince-dans-une-machine-outil\/\" class=\"more-link\">Continuer la lecture <span class=\"screen-reader-text\"> \u00ab\u00a0Villerest Tri d\u2019Emma : un salari\u00e9 secouru avec l\u2019avant-bras coinc\u00e9 dans une machine-outil\u00a0\u00bb<\/span><\/a><\/p>\n","protected":false},"author":2,"featured_media":0,"comment_status":"closed","ping_status":"closed","sticky":false,"template":"","format":"standard","meta":{"footnotes":""},"categories":[5],"tags":[],"class_list":["post-1890","post","type-post","status-publish","format-standard","hentry","category-securite-du-travail-en-ile-de-france-et-divers","entry"],"yoast_head":"<!-- This site is optimized with the Yoast SEO plugin v27.5 - https:\/\/yoast.com\/product\/yoast-seo-wordpress\/ -->\n<title>Villerest Tri d\u2019Emma : un salari\u00e9 secouru avec l\u2019avant-bras coinc\u00e9 dans une machine-outil - ACCIDENTDUTRAVAIL-IDF<\/title>\n<meta name=\"description\" content=\"Villerest Tri d\u2019Emma : un salari\u00e9 secouru avec l\u2019avant-bras coinc\u00e9 dans une machine-outil article de ACCIDENTDUTRAVAIL-IDF\" \/>\n<meta name=\"robots\" content=\"index, follow, max-snippet:-1, max-image-preview:large, max-video-preview:-1\" \/>\n<link rel=\"canonical\" href=\"https:\/\/www.accidentdutravail-idf.net\/blog\/villerest-tri-demma-un-salarie-secouru-avec-lavant-bras-coince-dans-une-machine-outil\/\" \/>\n<meta property=\"og:locale\" content=\"fr_FR\" \/>\n<meta property=\"og:type\" content=\"article\" \/>\n<meta property=\"og:title\" content=\"Villerest Tri d\u2019Emma : un salari\u00e9 secouru avec l\u2019avant-bras coinc\u00e9 dans une machine-outil - ACCIDENTDUTRAVAIL-IDF\" \/>\n<meta property=\"og:description\" content=\"Villerest Tri d\u2019Emma : un salari\u00e9 secouru avec l\u2019avant-bras coinc\u00e9 dans une machine-outil article de ACCIDENTDUTRAVAIL-IDF\" \/>\n<meta property=\"og:url\" content=\"https:\/\/www.accidentdutravail-idf.net\/blog\/villerest-tri-demma-un-salarie-secouru-avec-lavant-bras-coince-dans-une-machine-outil\/\" \/>\n<meta property=\"og:site_name\" content=\"ACCIDENTDUTRAVAIL-IDF\" \/>\n<meta property=\"article:published_time\" content=\"2025-11-12T07:49:00+00:00\" \/>\n<meta property=\"og:image\" content=\"https:\/\/www.accidentdutravail-idf.net\/blog\/wp-content\/uploads\/2025\/11\/villerest-tri-demma-un-salarie-secouru-avec-lavant-bras-coince-dans-une-machine-outil.jpg\" \/>\n<meta name=\"author\" content=\"Carlos Poulain\" \/>\n<meta name=\"twitter:card\" content=\"summary_large_image\" \/>\n<meta name=\"twitter:label1\" content=\"\u00c9crit par\" \/>\n\t<meta name=\"twitter:data1\" content=\"Carlos Poulain\" \/>\n\t<meta name=\"twitter:label2\" content=\"Dur\u00e9e de lecture estim\u00e9e\" \/>\n\t<meta name=\"twitter:data2\" content=\"2 minutes\" \/>\n<script type=\"application\/ld+json\" class=\"yoast-schema-graph\">{\"@context\":\"https:\\\/\\\/schema.org\",\"@graph\":[{\"@type\":\"Article\",\"@id\":\"https:\\\/\\\/www.accidentdutravail-idf.net\\\/blog\\\/villerest-tri-demma-un-salarie-secouru-avec-lavant-bras-coince-dans-une-machine-outil\\\/#article\",\"isPartOf\":{\"@id\":\"https:\\\/\\\/www.accidentdutravail-idf.net\\\/blog\\\/villerest-tri-demma-un-salarie-secouru-avec-lavant-bras-coince-dans-une-machine-outil\\\/\"},\"author\":{\"name\":\"Carlos Poulain\",\"@id\":\"https:\\\/\\\/www.accidentdutravail-idf.net\\\/blog\\\/#\\\/schema\\\/person\\\/3255d2f970de45e64bd9201f38e7b947\"},\"headline\":\"Villerest Tri d\u2019Emma : un salari\u00e9 secouru avec l\u2019avant-bras coinc\u00e9 dans une machine-outil\",\"datePublished\":\"2025-11-12T07:49:00+00:00\",\"mainEntityOfPage\":{\"@id\":\"https:\\\/\\\/www.accidentdutravail-idf.net\\\/blog\\\/villerest-tri-demma-un-salarie-secouru-avec-lavant-bras-coince-dans-une-machine-outil\\\/\"},\"wordCount\":451,\"publisher\":{\"@id\":\"https:\\\/\\\/www.accidentdutravail-idf.net\\\/blog\\\/#organization\"},\"image\":{\"@id\":\"https:\\\/\\\/www.accidentdutravail-idf.net\\\/blog\\\/villerest-tri-demma-un-salarie-secouru-avec-lavant-bras-coince-dans-une-machine-outil\\\/#primaryimage\"},\"thumbnailUrl\":\"https:\\\/\\\/www.accidentdutravail-idf.net\\\/blog\\\/wp-content\\\/uploads\\\/2025\\\/11\\\/villerest-tri-demma-un-salarie-secouru-avec-lavant-bras-coince-dans-une-machine-outil.jpg\",\"articleSection\":[\"S\u00e9curit\u00e9 Du Travail En Ile-De-France Et Divers:\"],\"inLanguage\":\"fr-FR\"},{\"@type\":\"WebPage\",\"@id\":\"https:\\\/\\\/www.accidentdutravail-idf.net\\\/blog\\\/villerest-tri-demma-un-salarie-secouru-avec-lavant-bras-coince-dans-une-machine-outil\\\/\",\"url\":\"https:\\\/\\\/www.accidentdutravail-idf.net\\\/blog\\\/villerest-tri-demma-un-salarie-secouru-avec-lavant-bras-coince-dans-une-machine-outil\\\/\",\"name\":\"Villerest Tri d\u2019Emma : un salari\u00e9 secouru avec l\u2019avant-bras coinc\u00e9 dans une machine-outil - ACCIDENTDUTRAVAIL-IDF\",\"isPartOf\":{\"@id\":\"https:\\\/\\\/www.accidentdutravail-idf.net\\\/blog\\\/#website\"},\"primaryImageOfPage\":{\"@id\":\"https:\\\/\\\/www.accidentdutravail-idf.net\\\/blog\\\/villerest-tri-demma-un-salarie-secouru-avec-lavant-bras-coince-dans-une-machine-outil\\\/#primaryimage\"},\"image\":{\"@id\":\"https:\\\/\\\/www.accidentdutravail-idf.net\\\/blog\\\/villerest-tri-demma-un-salarie-secouru-avec-lavant-bras-coince-dans-une-machine-outil\\\/#primaryimage\"},\"thumbnailUrl\":\"https:\\\/\\\/www.accidentdutravail-idf.net\\\/blog\\\/wp-content\\\/uploads\\\/2025\\\/11\\\/villerest-tri-demma-un-salarie-secouru-avec-lavant-bras-coince-dans-une-machine-outil.jpg\",\"datePublished\":\"2025-11-12T07:49:00+00:00\",\"description\":\"Villerest Tri d\u2019Emma : un salari\u00e9 secouru avec l\u2019avant-bras coinc\u00e9 dans une machine-outil article de ACCIDENTDUTRAVAIL-IDF\",\"breadcrumb\":{\"@id\":\"https:\\\/\\\/www.accidentdutravail-idf.net\\\/blog\\\/villerest-tri-demma-un-salarie-secouru-avec-lavant-bras-coince-dans-une-machine-outil\\\/#breadcrumb\"},\"inLanguage\":\"fr-FR\",\"potentialAction\":[{\"@type\":\"ReadAction\",\"target\":[\"https:\\\/\\\/www.accidentdutravail-idf.net\\\/blog\\\/villerest-tri-demma-un-salarie-secouru-avec-lavant-bras-coince-dans-une-machine-outil\\\/\"]}]},{\"@type\":\"ImageObject\",\"inLanguage\":\"fr-FR\",\"@id\":\"https:\\\/\\\/www.accidentdutravail-idf.net\\\/blog\\\/villerest-tri-demma-un-salarie-secouru-avec-lavant-bras-coince-dans-une-machine-outil\\\/#primaryimage\",\"url\":\"https:\\\/\\\/www.accidentdutravail-idf.net\\\/blog\\\/wp-content\\\/uploads\\\/2025\\\/11\\\/villerest-tri-demma-un-salarie-secouru-avec-lavant-bras-coince-dans-une-machine-outil.jpg\",\"contentUrl\":\"https:\\\/\\\/www.accidentdutravail-idf.net\\\/blog\\\/wp-content\\\/uploads\\\/2025\\\/11\\\/villerest-tri-demma-un-salarie-secouru-avec-lavant-bras-coince-dans-une-machine-outil.jpg\"},{\"@type\":\"BreadcrumbList\",\"@id\":\"https:\\\/\\\/www.accidentdutravail-idf.net\\\/blog\\\/villerest-tri-demma-un-salarie-secouru-avec-lavant-bras-coince-dans-une-machine-outil\\\/#breadcrumb\",\"itemListElement\":[{\"@type\":\"ListItem\",\"position\":1,\"name\":\"Accueil\",\"item\":\"https:\\\/\\\/www.accidentdutravail-idf.net\\\/blog\\\/\"},{\"@type\":\"ListItem\",\"position\":2,\"name\":\"Villerest Tri d\u2019Emma : un salari\u00e9 secouru avec l\u2019avant-bras coinc\u00e9 dans une machine-outil\"}]},{\"@type\":\"WebSite\",\"@id\":\"https:\\\/\\\/www.accidentdutravail-idf.net\\\/blog\\\/#website\",\"url\":\"https:\\\/\\\/www.accidentdutravail-idf.net\\\/blog\\\/\",\"name\":\"ACCIDENTDUTRAVAIL-IDF\",\"description\":\"Portail accidents du travail-maladies professionnelles des entreprises d&#039;Ile-de-France\",\"publisher\":{\"@id\":\"https:\\\/\\\/www.accidentdutravail-idf.net\\\/blog\\\/#organization\"},\"potentialAction\":[{\"@type\":\"SearchAction\",\"target\":{\"@type\":\"EntryPoint\",\"urlTemplate\":\"https:\\\/\\\/www.accidentdutravail-idf.net\\\/blog\\\/?s={search_term_string}\"},\"query-input\":{\"@type\":\"PropertyValueSpecification\",\"valueRequired\":true,\"valueName\":\"search_term_string\"}}],\"inLanguage\":\"fr-FR\"},{\"@type\":\"Organization\",\"@id\":\"https:\\\/\\\/www.accidentdutravail-idf.net\\\/blog\\\/#organization\",\"name\":\"accidentdutravail-idf\",\"url\":\"https:\\\/\\\/www.accidentdutravail-idf.net\\\/blog\\\/\",\"logo\":{\"@type\":\"ImageObject\",\"inLanguage\":\"fr-FR\",\"@id\":\"https:\\\/\\\/www.accidentdutravail-idf.net\\\/blog\\\/#\\\/schema\\\/logo\\\/image\\\/\",\"url\":\"https:\\\/\\\/www.accidentdutravail-idf.net\\\/blog\\\/wp-content\\\/uploads\\\/2022\\\/09\\\/logo-2.png\",\"contentUrl\":\"https:\\\/\\\/www.accidentdutravail-idf.net\\\/blog\\\/wp-content\\\/uploads\\\/2022\\\/09\\\/logo-2.png\",\"width\":380,\"height\":291,\"caption\":\"accidentdutravail-idf\"},\"image\":{\"@id\":\"https:\\\/\\\/www.accidentdutravail-idf.net\\\/blog\\\/#\\\/schema\\\/logo\\\/image\\\/\"}},{\"@type\":\"Person\",\"@id\":\"https:\\\/\\\/www.accidentdutravail-idf.net\\\/blog\\\/#\\\/schema\\\/person\\\/3255d2f970de45e64bd9201f38e7b947\",\"name\":\"Carlos Poulain\",\"image\":{\"@type\":\"ImageObject\",\"inLanguage\":\"fr-FR\",\"@id\":\"https:\\\/\\\/secure.gravatar.com\\\/avatar\\\/b1c2f9d3588e34e91adb093635df64ef4b2381991216be7576466cfcdca4baf3?s=96&d=mm&r=g\",\"url\":\"https:\\\/\\\/secure.gravatar.com\\\/avatar\\\/b1c2f9d3588e34e91adb093635df64ef4b2381991216be7576466cfcdca4baf3?s=96&d=mm&r=g\",\"contentUrl\":\"https:\\\/\\\/secure.gravatar.com\\\/avatar\\\/b1c2f9d3588e34e91adb093635df64ef4b2381991216be7576466cfcdca4baf3?s=96&d=mm&r=g\",\"caption\":\"Carlos Poulain\"},\"url\":\"https:\\\/\\\/www.accidentdutravail-idf.net\\\/blog\\\/author\\\/idfcarlos\\\/\"}]}<\/script>\n<!-- \/ Yoast SEO plugin. -->","yoast_head_json":{"title":"Villerest Tri d\u2019Emma : un salari\u00e9 secouru avec l\u2019avant-bras coinc\u00e9 dans une machine-outil - ACCIDENTDUTRAVAIL-IDF","description":"Villerest Tri d\u2019Emma : un salari\u00e9 secouru avec l\u2019avant-bras coinc\u00e9 dans une machine-outil article de ACCIDENTDUTRAVAIL-IDF","robots":{"index":"index","follow":"follow","max-snippet":"max-snippet:-1","max-image-preview":"max-image-preview:large","max-video-preview":"max-video-preview:-1"},"canonical":"https:\/\/www.accidentdutravail-idf.net\/blog\/villerest-tri-demma-un-salarie-secouru-avec-lavant-bras-coince-dans-une-machine-outil\/","og_locale":"fr_FR","og_type":"article","og_title":"Villerest Tri d\u2019Emma : un salari\u00e9 secouru avec l\u2019avant-bras coinc\u00e9 dans une machine-outil - ACCIDENTDUTRAVAIL-IDF","og_description":"Villerest Tri d\u2019Emma : un salari\u00e9 secouru avec l\u2019avant-bras coinc\u00e9 dans une machine-outil article de ACCIDENTDUTRAVAIL-IDF","og_url":"https:\/\/www.accidentdutravail-idf.net\/blog\/villerest-tri-demma-un-salarie-secouru-avec-lavant-bras-coince-dans-une-machine-outil\/","og_site_name":"ACCIDENTDUTRAVAIL-IDF","article_published_time":"2025-11-12T07:49:00+00:00","og_image":[{"url":"https:\/\/www.accidentdutravail-idf.net\/blog\/wp-content\/uploads\/2025\/11\/villerest-tri-demma-un-salarie-secouru-avec-lavant-bras-coince-dans-une-machine-outil.jpg","type":"","width":"","height":""}],"author":"Carlos Poulain","twitter_card":"summary_large_image","twitter_misc":{"\u00c9crit par":"Carlos Poulain","Dur\u00e9e de lecture estim\u00e9e":"2 minutes"},"schema":{"@context":"https:\/\/schema.org","@graph":[{"@type":"Article","@id":"https:\/\/www.accidentdutravail-idf.net\/blog\/villerest-tri-demma-un-salarie-secouru-avec-lavant-bras-coince-dans-une-machine-outil\/#article","isPartOf":{"@id":"https:\/\/www.accidentdutravail-idf.net\/blog\/villerest-tri-demma-un-salarie-secouru-avec-lavant-bras-coince-dans-une-machine-outil\/"},"author":{"name":"Carlos Poulain","@id":"https:\/\/www.accidentdutravail-idf.net\/blog\/#\/schema\/person\/3255d2f970de45e64bd9201f38e7b947"},"headline":"Villerest Tri d\u2019Emma : un salari\u00e9 secouru avec l\u2019avant-bras coinc\u00e9 dans une machine-outil","datePublished":"2025-11-12T07:49:00+00:00","mainEntityOfPage":{"@id":"https:\/\/www.accidentdutravail-idf.net\/blog\/villerest-tri-demma-un-salarie-secouru-avec-lavant-bras-coince-dans-une-machine-outil\/"},"wordCount":451,"publisher":{"@id":"https:\/\/www.accidentdutravail-idf.net\/blog\/#organization"},"image":{"@id":"https:\/\/www.accidentdutravail-idf.net\/blog\/villerest-tri-demma-un-salarie-secouru-avec-lavant-bras-coince-dans-une-machine-outil\/#primaryimage"},"thumbnailUrl":"https:\/\/www.accidentdutravail-idf.net\/blog\/wp-content\/uploads\/2025\/11\/villerest-tri-demma-un-salarie-secouru-avec-lavant-bras-coince-dans-une-machine-outil.jpg","articleSection":["S\u00e9curit\u00e9 Du Travail En Ile-De-France Et Divers:"],"inLanguage":"fr-FR"},{"@type":"WebPage","@id":"https:\/\/www.accidentdutravail-idf.net\/blog\/villerest-tri-demma-un-salarie-secouru-avec-lavant-bras-coince-dans-une-machine-outil\/","url":"https:\/\/www.accidentdutravail-idf.net\/blog\/villerest-tri-demma-un-salarie-secouru-avec-lavant-bras-coince-dans-une-machine-outil\/","name":"Villerest Tri d\u2019Emma : un salari\u00e9 secouru avec l\u2019avant-bras coinc\u00e9 dans une machine-outil - ACCIDENTDUTRAVAIL-IDF","isPartOf":{"@id":"https:\/\/www.accidentdutravail-idf.net\/blog\/#website"},"primaryImageOfPage":{"@id":"https:\/\/www.accidentdutravail-idf.net\/blog\/villerest-tri-demma-un-salarie-secouru-avec-lavant-bras-coince-dans-une-machine-outil\/#primaryimage"},"image":{"@id":"https:\/\/www.accidentdutravail-idf.net\/blog\/villerest-tri-demma-un-salarie-secouru-avec-lavant-bras-coince-dans-une-machine-outil\/#primaryimage"},"thumbnailUrl":"https:\/\/www.accidentdutravail-idf.net\/blog\/wp-content\/uploads\/2025\/11\/villerest-tri-demma-un-salarie-secouru-avec-lavant-bras-coince-dans-une-machine-outil.jpg","datePublished":"2025-11-12T07:49:00+00:00","description":"Villerest Tri d\u2019Emma : un salari\u00e9 secouru avec l\u2019avant-bras coinc\u00e9 dans une machine-outil article de ACCIDENTDUTRAVAIL-IDF","breadcrumb":{"@id":"https:\/\/www.accidentdutravail-idf.net\/blog\/villerest-tri-demma-un-salarie-secouru-avec-lavant-bras-coince-dans-une-machine-outil\/#breadcrumb"},"inLanguage":"fr-FR","potentialAction":[{"@type":"ReadAction","target":["https:\/\/www.accidentdutravail-idf.net\/blog\/villerest-tri-demma-un-salarie-secouru-avec-lavant-bras-coince-dans-une-machine-outil\/"]}]},{"@type":"ImageObject","inLanguage":"fr-FR","@id":"https:\/\/www.accidentdutravail-idf.net\/blog\/villerest-tri-demma-un-salarie-secouru-avec-lavant-bras-coince-dans-une-machine-outil\/#primaryimage","url":"https:\/\/www.accidentdutravail-idf.net\/blog\/wp-content\/uploads\/2025\/11\/villerest-tri-demma-un-salarie-secouru-avec-lavant-bras-coince-dans-une-machine-outil.jpg","contentUrl":"https:\/\/www.accidentdutravail-idf.net\/blog\/wp-content\/uploads\/2025\/11\/villerest-tri-demma-un-salarie-secouru-avec-lavant-bras-coince-dans-une-machine-outil.jpg"},{"@type":"BreadcrumbList","@id":"https:\/\/www.accidentdutravail-idf.net\/blog\/villerest-tri-demma-un-salarie-secouru-avec-lavant-bras-coince-dans-une-machine-outil\/#breadcrumb","itemListElement":[{"@type":"ListItem","position":1,"name":"Accueil","item":"https:\/\/www.accidentdutravail-idf.net\/blog\/"},{"@type":"ListItem","position":2,"name":"Villerest Tri d\u2019Emma : un salari\u00e9 secouru avec l\u2019avant-bras coinc\u00e9 dans une machine-outil"}]},{"@type":"WebSite","@id":"https:\/\/www.accidentdutravail-idf.net\/blog\/#website","url":"https:\/\/www.accidentdutravail-idf.net\/blog\/","name":"ACCIDENTDUTRAVAIL-IDF","description":"Portail accidents du travail-maladies professionnelles des entreprises d&#039;Ile-de-France","publisher":{"@id":"https:\/\/www.accidentdutravail-idf.net\/blog\/#organization"},"potentialAction":[{"@type":"SearchAction","target":{"@type":"EntryPoint","urlTemplate":"https:\/\/www.accidentdutravail-idf.net\/blog\/?s={search_term_string}"},"query-input":{"@type":"PropertyValueSpecification","valueRequired":true,"valueName":"search_term_string"}}],"inLanguage":"fr-FR"},{"@type":"Organization","@id":"https:\/\/www.accidentdutravail-idf.net\/blog\/#organization","name":"accidentdutravail-idf","url":"https:\/\/www.accidentdutravail-idf.net\/blog\/","logo":{"@type":"ImageObject","inLanguage":"fr-FR","@id":"https:\/\/www.accidentdutravail-idf.net\/blog\/#\/schema\/logo\/image\/","url":"https:\/\/www.accidentdutravail-idf.net\/blog\/wp-content\/uploads\/2022\/09\/logo-2.png","contentUrl":"https:\/\/www.accidentdutravail-idf.net\/blog\/wp-content\/uploads\/2022\/09\/logo-2.png","width":380,"height":291,"caption":"accidentdutravail-idf"},"image":{"@id":"https:\/\/www.accidentdutravail-idf.net\/blog\/#\/schema\/logo\/image\/"}},{"@type":"Person","@id":"https:\/\/www.accidentdutravail-idf.net\/blog\/#\/schema\/person\/3255d2f970de45e64bd9201f38e7b947","name":"Carlos Poulain","image":{"@type":"ImageObject","inLanguage":"fr-FR","@id":"https:\/\/secure.gravatar.com\/avatar\/b1c2f9d3588e34e91adb093635df64ef4b2381991216be7576466cfcdca4baf3?s=96&d=mm&r=g","url":"https:\/\/secure.gravatar.com\/avatar\/b1c2f9d3588e34e91adb093635df64ef4b2381991216be7576466cfcdca4baf3?s=96&d=mm&r=g","contentUrl":"https:\/\/secure.gravatar.com\/avatar\/b1c2f9d3588e34e91adb093635df64ef4b2381991216be7576466cfcdca4baf3?s=96&d=mm&r=g","caption":"Carlos Poulain"},"url":"https:\/\/www.accidentdutravail-idf.net\/blog\/author\/idfcarlos\/"}]}},"_links":{"self":[{"href":"https:\/\/www.accidentdutravail-idf.net\/blog\/wp-json\/wp\/v2\/posts\/1890","targetHints":{"allow":["GET"]}}],"collection":[{"href":"https:\/\/www.accidentdutravail-idf.net\/blog\/wp-json\/wp\/v2\/posts"}],"about":[{"href":"https:\/\/www.accidentdutravail-idf.net\/blog\/wp-json\/wp\/v2\/types\/post"}],"author":[{"embeddable":true,"href":"https:\/\/www.accidentdutravail-idf.net\/blog\/wp-json\/wp\/v2\/users\/2"}],"replies":[{"embeddable":true,"href":"https:\/\/www.accidentdutravail-idf.net\/blog\/wp-json\/wp\/v2\/comments?post=1890"}],"version-history":[{"count":0,"href":"https:\/\/www.accidentdutravail-idf.net\/blog\/wp-json\/wp\/v2\/posts\/1890\/revisions"}],"wp:attachment":[{"href":"https:\/\/www.accidentdutravail-idf.net\/blog\/wp-json\/wp\/v2\/media?parent=1890"}],"wp:term":[{"taxonomy":"category","embeddable":true,"href":"https:\/\/www.accidentdutravail-idf.net\/blog\/wp-json\/wp\/v2\/categories?post=1890"},{"taxonomy":"post_tag","embeddable":true,"href":"https:\/\/www.accidentdutravail-idf.net\/blog\/wp-json\/wp\/v2\/tags?post=1890"}],"curies":[{"name":"wp","href":"https:\/\/api.w.org\/{rel}","templated":true}]}}