{"id":1889,"date":"2025-11-12T09:16:00","date_gmt":"2025-11-12T08:16:00","guid":{"rendered":"https:\/\/www.accidentdutravail-idf.net\/blog\/a-brest-le-proces-dun-accident-mortel-au-travail-onze-ans-apres-les-faits\/"},"modified":"2025-11-12T09:16:00","modified_gmt":"2025-11-12T08:16:00","slug":"a-brest-le-proces-dun-accident-mortel-au-travail-onze-ans-apres-les-faits","status":"publish","type":"post","link":"https:\/\/www.accidentdutravail-idf.net\/blog\/a-brest-le-proces-dun-accident-mortel-au-travail-onze-ans-apres-les-faits\/","title":{"rendered":"\u00c0 Brest, le proc\u00e8s d&rsquo;un accident mortel au travail&#8230; onze ans apr\u00e8s les faits"},"content":{"rendered":"<div><img decoding=\"async\" src=\"https:\/\/www.accidentdutravail-idf.net\/blog\/wp-content\/uploads\/2025\/11\/a-brest-le-proces-dun-accident-mortel-au-travail-onze-ans-apres-les-faits.jpg\" class=\"ff-og-image-inserted\"><\/div>\n<p>Deux entreprises du BTP et l&rsquo;ancien dirigeant de l&rsquo;une d&rsquo;elles comparaissent jeudi 13 novembre devant le tribunal de Brest pour homicide involontaire. Un ouvrier de 27 ans \u00e9tait mort \u00e9cras\u00e9 par un mur sur un chantier le 13 octobre 2014. Une proc\u00e9dure interminable pour la famille de la victime.<\/p>\n<div><!--[1--><!--[--><!--[2--><!--[--><!--[1--><!--&gt;\n\n<p>[1--><!--[--><!--[2--><!--[1--><!--[1--><!--&gt;-->C&rsquo;est un d\u00e9lai hors norme, symptomatique de la lenteur de la justice. La chambre correctionnelle du Tribunal judiciaire de Brest va examiner ce jeudi un accident mortel du travail <strong>onze ans et un mois apr\u00e8s les faits<\/strong>. Le 13 octobre 2014, un mur de quatre m\u00e8tres de hauteur s&rsquo;\u00e9croule sur Franck P\u00e9rennou sur le chantier de d\u00e9samiantage d&rsquo;une concession automobile rue Gustave-Z\u00e9d\u00e9, dans la zone de Kergaradec \u00e0 Brest. L&rsquo;ouvrier de 27 ans est tu\u00e9 sur le coup. Son employeur et l&rsquo;entreprise qui a construit le mur sont poursuivis pour <strong>homicide involontaire<\/strong>, comme l&rsquo;ancien dirigeant de la soci\u00e9t\u00e9 de ma\u00e7onnerie. Retrait\u00e9, l&rsquo;homme est aujourd&rsquo;hui \u00e2g\u00e9 de 63 ans.<!--&gt;--><!--&gt;]--><!--]--><!--]--><!--]--><!--]--><!--&gt;<\/p>\n\n--><!--]--><!--]--><!--]--><!--[2--><!--[3--><!--&gt;[--><!--]--><!--&gt;]--><!--]--><!--[2--><!--[1--><!--[--><!--&gt;[1--><\/p>\n<h2><!--&gt;Neuf ans d'instruction--><!--&gt;<\/h2>\n\n]--><!--&gt;]--><!--]--><!--]--><!--[2--><!--[--><!--[1--><!--&gt;\n\n<p>[1--><!--[--><!--[2--><!--[1--><!--[1--><!--&gt;-->Pour les parents, le fr\u00e8re et la&nbsp;s\u0153ur de la victime, ce marathon judiciaire est une \u00e9preuve. <em>\u00ab\u00a0Ils sont en col\u00e8re, ils ont l&rsquo;impression qu&rsquo;on leur a vol\u00e9 leur deuil,<\/em>&nbsp;explique&nbsp;Me Leslie Baurreau-Juhel,&nbsp;l&rsquo;avocate des parties civiles.&nbsp;<em>C&rsquo;est d\u00e9j\u00e0 un choc d&rsquo;apprendre qu&rsquo;un fils ou un fr\u00e8re est d\u00e9c\u00e9d\u00e9, mais en plus quand on n&rsquo;a pas de r\u00e9ponse de la justice pendant onze ans, cela ne permet pas d&rsquo;avancer\u00a0\u00bb.<\/em><!--&gt;--><!--&gt;]--><!--]--><!--]--><!--]--><!--]--><!--&gt;<\/p>\n\n--><!--]--><!--]--><!--]--><!--[2--><!--[--><!--[1--><!--&gt;\n\n<p>[1--><!--[--><!--[2--><!--[1--><!--[1--><!--&gt;-->Dans ce dossier, l&rsquo;instruction a dur\u00e9 neuf ans. Il a ensuite fallu patienter jusqu&rsquo;en mai 2025 jusqu&rsquo;\u00e0 l&rsquo;ordonnance de renvoi devant le tribunal.&nbsp;Un&nbsp;d\u00e9lai difficile \u00e0 expliquer.&nbsp;<em>\u00ab\u00a0Certes, il y a le Covid en 2020, et une demande de contre-expertise&nbsp;judiciaire avec des experts d\u00e9bord\u00e9s qui ne courent pas les rues. Il y a des \u00e9l\u00e9ments qui ont ralenti la proc\u00e9dure, mais c&rsquo;est surtout le manque de moyens du cabinet d&rsquo;instruction et du parquet qui ont fait que ce n&rsquo;est pas all\u00e9 assez vite\u00a0\u00bb<\/em>, estime l&rsquo;avocate.<!--&gt;--><!--&gt;]--><!--]--><!--]--><!--]--><!--]--><!--&gt;<\/p>\n\n--><!--]--><!--]--><!--]--><!--[2--><!--[--><!--[1--><!--&gt;\n\n<p>[1--><!--[--><!--[2--><!--[1--><!--[1--><!--&gt;--><em>\u00ab\u00a0Ce n&rsquo;est malheureusement peut-\u00eatre pas fini\u00a0\u00bb<\/em>, rappelle-t-elle. Car en cas d&rsquo;appel du jugement qui sera rendu, l&rsquo;attente devra encore se poursuivre plusieurs ann\u00e9es.<!--&gt;--><!--&gt;]--><!--]--><!--]--><!--]--><!--]--><!--&gt;<\/p>\n\n--><!--]--><!--]--><!--]--><!--[2--><!--[1--><!--[--><!--&gt;[1--><\/p>\n<h2><!--&gt;Une plainte \u00e0 venir contre&nbsp;l'\u00c9tat--><!--&gt;<\/h2>\n\n]--><!--&gt;]--><!--]--><!--]--><!--[2--><!--[--><!--[1--><!--&gt;\n\n<p>[1--><!--[--><!--[2--><!--[1--><!--[1--><!--&gt;-->Quel que soit le jugement du tribunal, la famille envisage d&rsquo;attaquer l&rsquo;\u00c9tat pour <strong>dysfonctionnement du service public de la justice<\/strong>.&nbsp;<em>\u00ab\u00a0Ne serait-ce que pour le principe et pour l&rsquo;exemple,<\/em> justifie Me Baurreau. <em>Il faut que \u00e7a remonte aux autorit\u00e9s pour qu&rsquo;elles comprennent qu&rsquo;il faut donner des moyens aux procureurs et aux juges pour avoir des d\u00e9lais raisonnables qui permettent aux personnes endeuill\u00e9es de pouvoir continuer \u00e0 vivre\u00a0\u00bb.<\/em><!--&gt;--><!--&gt;]--><!--]--><!--]--><!--]--><!--]--><!--&gt;<\/p>\n\n--><!--]--><!--]--><!--]--><!--]--><!--]--><!--&gt;<\/div>\n\naccidentdutravail-idf.net vous a pr\u00e9par\u00e9 ce post qui informe du sujet \"Association Sportive Huisson-Longueville Essonne\". La chronique se veut g\u00e9n\u00e9r\u00e9e du mieux possible. Vous pouvez utiliser les coordonn\u00e9es indiqu\u00e9es sur le site dans le but d\u2019apporter des explications sur ce post qui parle du th\u00e8me \"Association Sportive Huisson-Longueville Essonne\". Le site accidentdutravail-idf.net a pour but de fournir diverses publications sur la th\u00e9matique Association Sportive Huisson-Longueville Essonne diffus\u00e9es sur le net. Il y aura plusieurs articles autour du sujet \"Association Sportive Huisson-Longueville Essonne\" dans quelques jours, nous vous invitons \u00e0 naviguer sur notre site web \u00e0 plusieurs reprises.--><\/p>\n","protected":false},"excerpt":{"rendered":"<p>Deux entreprises du BTP et l&rsquo;ancien dirigeant de l&rsquo;une d&rsquo;elles comparaissent jeudi 13 novembre devant le tribunal de Brest pour homicide involontaire. Un ouvrier de 27 ans \u00e9tait mort \u00e9cras\u00e9 par un mur sur un chantier le 13 octobre 2014. Une proc\u00e9dure interminable pour la famille de la victime. C&rsquo;est un d\u00e9lai hors norme, symptomatique &hellip; <\/p>\n<p class=\"link-more\"><a href=\"https:\/\/www.accidentdutravail-idf.net\/blog\/a-brest-le-proces-dun-accident-mortel-au-travail-onze-ans-apres-les-faits\/\" class=\"more-link\">Continuer la lecture <span class=\"screen-reader-text\"> \u00ab\u00a0\u00c0 Brest, le proc\u00e8s d&rsquo;un accident mortel au travail&#8230; onze ans apr\u00e8s les faits\u00a0\u00bb<\/span><\/a><\/p>\n","protected":false},"author":2,"featured_media":0,"comment_status":"closed","ping_status":"closed","sticky":false,"template":"","format":"standard","meta":{"footnotes":""},"categories":[5],"tags":[],"class_list":["post-1889","post","type-post","status-publish","format-standard","hentry","category-securite-du-travail-en-ile-de-france-et-divers","entry"],"yoast_head":"<!-- This site is optimized with the Yoast SEO plugin v27.5 - https:\/\/yoast.com\/product\/yoast-seo-wordpress\/ -->\n<title>\u00c0 Brest, le proc\u00e8s d&#039;un accident mortel au travail... onze ans apr\u00e8s les faits - ACCIDENTDUTRAVAIL-IDF<\/title>\n<meta name=\"description\" content=\"\u00c0 Brest, le proc\u00e8s d&#039;un accident mortel au travail... onze ans apr\u00e8s les faits article de ACCIDENTDUTRAVAIL-IDF\" \/>\n<meta name=\"robots\" content=\"index, follow, max-snippet:-1, max-image-preview:large, max-video-preview:-1\" \/>\n<link rel=\"canonical\" href=\"https:\/\/www.accidentdutravail-idf.net\/blog\/a-brest-le-proces-dun-accident-mortel-au-travail-onze-ans-apres-les-faits\/\" \/>\n<meta property=\"og:locale\" content=\"fr_FR\" \/>\n<meta property=\"og:type\" content=\"article\" \/>\n<meta property=\"og:title\" content=\"\u00c0 Brest, le proc\u00e8s d&#039;un accident mortel au travail... onze ans apr\u00e8s les faits - ACCIDENTDUTRAVAIL-IDF\" \/>\n<meta property=\"og:description\" content=\"\u00c0 Brest, le proc\u00e8s d&#039;un accident mortel au travail... onze ans apr\u00e8s les faits article de ACCIDENTDUTRAVAIL-IDF\" \/>\n<meta property=\"og:url\" content=\"https:\/\/www.accidentdutravail-idf.net\/blog\/a-brest-le-proces-dun-accident-mortel-au-travail-onze-ans-apres-les-faits\/\" \/>\n<meta property=\"og:site_name\" content=\"ACCIDENTDUTRAVAIL-IDF\" \/>\n<meta property=\"article:published_time\" content=\"2025-11-12T08:16:00+00:00\" \/>\n<meta property=\"og:image\" content=\"https:\/\/www.accidentdutravail-idf.net\/blog\/wp-content\/uploads\/2025\/11\/a-brest-le-proces-dun-accident-mortel-au-travail-onze-ans-apres-les-faits.jpg\" \/>\n<meta name=\"author\" content=\"Carlos Poulain\" \/>\n<meta name=\"twitter:card\" content=\"summary_large_image\" \/>\n<meta name=\"twitter:label1\" content=\"\u00c9crit par\" \/>\n\t<meta name=\"twitter:data1\" content=\"Carlos Poulain\" \/>\n\t<meta name=\"twitter:label2\" content=\"Dur\u00e9e de lecture estim\u00e9e\" \/>\n\t<meta name=\"twitter:data2\" content=\"2 minutes\" \/>\n<script type=\"application\/ld+json\" class=\"yoast-schema-graph\">{\"@context\":\"https:\\\/\\\/schema.org\",\"@graph\":[{\"@type\":\"Article\",\"@id\":\"https:\\\/\\\/www.accidentdutravail-idf.net\\\/blog\\\/a-brest-le-proces-dun-accident-mortel-au-travail-onze-ans-apres-les-faits\\\/#article\",\"isPartOf\":{\"@id\":\"https:\\\/\\\/www.accidentdutravail-idf.net\\\/blog\\\/a-brest-le-proces-dun-accident-mortel-au-travail-onze-ans-apres-les-faits\\\/\"},\"author\":{\"name\":\"Carlos Poulain\",\"@id\":\"https:\\\/\\\/www.accidentdutravail-idf.net\\\/blog\\\/#\\\/schema\\\/person\\\/3255d2f970de45e64bd9201f38e7b947\"},\"headline\":\"\u00c0 Brest, le proc\u00e8s d&rsquo;un accident mortel au travail&#8230; onze ans apr\u00e8s les faits\",\"datePublished\":\"2025-11-12T08:16:00+00:00\",\"mainEntityOfPage\":{\"@id\":\"https:\\\/\\\/www.accidentdutravail-idf.net\\\/blog\\\/a-brest-le-proces-dun-accident-mortel-au-travail-onze-ans-apres-les-faits\\\/\"},\"wordCount\":445,\"publisher\":{\"@id\":\"https:\\\/\\\/www.accidentdutravail-idf.net\\\/blog\\\/#organization\"},\"image\":{\"@id\":\"https:\\\/\\\/www.accidentdutravail-idf.net\\\/blog\\\/a-brest-le-proces-dun-accident-mortel-au-travail-onze-ans-apres-les-faits\\\/#primaryimage\"},\"thumbnailUrl\":\"https:\\\/\\\/www.accidentdutravail-idf.net\\\/blog\\\/wp-content\\\/uploads\\\/2025\\\/11\\\/a-brest-le-proces-dun-accident-mortel-au-travail-onze-ans-apres-les-faits.jpg\",\"articleSection\":[\"S\u00e9curit\u00e9 Du Travail En Ile-De-France Et Divers:\"],\"inLanguage\":\"fr-FR\"},{\"@type\":\"WebPage\",\"@id\":\"https:\\\/\\\/www.accidentdutravail-idf.net\\\/blog\\\/a-brest-le-proces-dun-accident-mortel-au-travail-onze-ans-apres-les-faits\\\/\",\"url\":\"https:\\\/\\\/www.accidentdutravail-idf.net\\\/blog\\\/a-brest-le-proces-dun-accident-mortel-au-travail-onze-ans-apres-les-faits\\\/\",\"name\":\"\u00c0 Brest, le proc\u00e8s d'un accident mortel au travail... onze ans apr\u00e8s les faits - ACCIDENTDUTRAVAIL-IDF\",\"isPartOf\":{\"@id\":\"https:\\\/\\\/www.accidentdutravail-idf.net\\\/blog\\\/#website\"},\"primaryImageOfPage\":{\"@id\":\"https:\\\/\\\/www.accidentdutravail-idf.net\\\/blog\\\/a-brest-le-proces-dun-accident-mortel-au-travail-onze-ans-apres-les-faits\\\/#primaryimage\"},\"image\":{\"@id\":\"https:\\\/\\\/www.accidentdutravail-idf.net\\\/blog\\\/a-brest-le-proces-dun-accident-mortel-au-travail-onze-ans-apres-les-faits\\\/#primaryimage\"},\"thumbnailUrl\":\"https:\\\/\\\/www.accidentdutravail-idf.net\\\/blog\\\/wp-content\\\/uploads\\\/2025\\\/11\\\/a-brest-le-proces-dun-accident-mortel-au-travail-onze-ans-apres-les-faits.jpg\",\"datePublished\":\"2025-11-12T08:16:00+00:00\",\"description\":\"\u00c0 Brest, le proc\u00e8s d'un accident mortel au travail... onze ans apr\u00e8s les faits article de ACCIDENTDUTRAVAIL-IDF\",\"breadcrumb\":{\"@id\":\"https:\\\/\\\/www.accidentdutravail-idf.net\\\/blog\\\/a-brest-le-proces-dun-accident-mortel-au-travail-onze-ans-apres-les-faits\\\/#breadcrumb\"},\"inLanguage\":\"fr-FR\",\"potentialAction\":[{\"@type\":\"ReadAction\",\"target\":[\"https:\\\/\\\/www.accidentdutravail-idf.net\\\/blog\\\/a-brest-le-proces-dun-accident-mortel-au-travail-onze-ans-apres-les-faits\\\/\"]}]},{\"@type\":\"ImageObject\",\"inLanguage\":\"fr-FR\",\"@id\":\"https:\\\/\\\/www.accidentdutravail-idf.net\\\/blog\\\/a-brest-le-proces-dun-accident-mortel-au-travail-onze-ans-apres-les-faits\\\/#primaryimage\",\"url\":\"https:\\\/\\\/www.accidentdutravail-idf.net\\\/blog\\\/wp-content\\\/uploads\\\/2025\\\/11\\\/a-brest-le-proces-dun-accident-mortel-au-travail-onze-ans-apres-les-faits.jpg\",\"contentUrl\":\"https:\\\/\\\/www.accidentdutravail-idf.net\\\/blog\\\/wp-content\\\/uploads\\\/2025\\\/11\\\/a-brest-le-proces-dun-accident-mortel-au-travail-onze-ans-apres-les-faits.jpg\"},{\"@type\":\"BreadcrumbList\",\"@id\":\"https:\\\/\\\/www.accidentdutravail-idf.net\\\/blog\\\/a-brest-le-proces-dun-accident-mortel-au-travail-onze-ans-apres-les-faits\\\/#breadcrumb\",\"itemListElement\":[{\"@type\":\"ListItem\",\"position\":1,\"name\":\"Accueil\",\"item\":\"https:\\\/\\\/www.accidentdutravail-idf.net\\\/blog\\\/\"},{\"@type\":\"ListItem\",\"position\":2,\"name\":\"\u00c0 Brest, le proc\u00e8s d&rsquo;un accident mortel au travail&#8230; onze ans apr\u00e8s les faits\"}]},{\"@type\":\"WebSite\",\"@id\":\"https:\\\/\\\/www.accidentdutravail-idf.net\\\/blog\\\/#website\",\"url\":\"https:\\\/\\\/www.accidentdutravail-idf.net\\\/blog\\\/\",\"name\":\"ACCIDENTDUTRAVAIL-IDF\",\"description\":\"Portail accidents du travail-maladies professionnelles des entreprises d&#039;Ile-de-France\",\"publisher\":{\"@id\":\"https:\\\/\\\/www.accidentdutravail-idf.net\\\/blog\\\/#organization\"},\"potentialAction\":[{\"@type\":\"SearchAction\",\"target\":{\"@type\":\"EntryPoint\",\"urlTemplate\":\"https:\\\/\\\/www.accidentdutravail-idf.net\\\/blog\\\/?s={search_term_string}\"},\"query-input\":{\"@type\":\"PropertyValueSpecification\",\"valueRequired\":true,\"valueName\":\"search_term_string\"}}],\"inLanguage\":\"fr-FR\"},{\"@type\":\"Organization\",\"@id\":\"https:\\\/\\\/www.accidentdutravail-idf.net\\\/blog\\\/#organization\",\"name\":\"accidentdutravail-idf\",\"url\":\"https:\\\/\\\/www.accidentdutravail-idf.net\\\/blog\\\/\",\"logo\":{\"@type\":\"ImageObject\",\"inLanguage\":\"fr-FR\",\"@id\":\"https:\\\/\\\/www.accidentdutravail-idf.net\\\/blog\\\/#\\\/schema\\\/logo\\\/image\\\/\",\"url\":\"https:\\\/\\\/www.accidentdutravail-idf.net\\\/blog\\\/wp-content\\\/uploads\\\/2022\\\/09\\\/logo-2.png\",\"contentUrl\":\"https:\\\/\\\/www.accidentdutravail-idf.net\\\/blog\\\/wp-content\\\/uploads\\\/2022\\\/09\\\/logo-2.png\",\"width\":380,\"height\":291,\"caption\":\"accidentdutravail-idf\"},\"image\":{\"@id\":\"https:\\\/\\\/www.accidentdutravail-idf.net\\\/blog\\\/#\\\/schema\\\/logo\\\/image\\\/\"}},{\"@type\":\"Person\",\"@id\":\"https:\\\/\\\/www.accidentdutravail-idf.net\\\/blog\\\/#\\\/schema\\\/person\\\/3255d2f970de45e64bd9201f38e7b947\",\"name\":\"Carlos Poulain\",\"image\":{\"@type\":\"ImageObject\",\"inLanguage\":\"fr-FR\",\"@id\":\"https:\\\/\\\/secure.gravatar.com\\\/avatar\\\/b1c2f9d3588e34e91adb093635df64ef4b2381991216be7576466cfcdca4baf3?s=96&d=mm&r=g\",\"url\":\"https:\\\/\\\/secure.gravatar.com\\\/avatar\\\/b1c2f9d3588e34e91adb093635df64ef4b2381991216be7576466cfcdca4baf3?s=96&d=mm&r=g\",\"contentUrl\":\"https:\\\/\\\/secure.gravatar.com\\\/avatar\\\/b1c2f9d3588e34e91adb093635df64ef4b2381991216be7576466cfcdca4baf3?s=96&d=mm&r=g\",\"caption\":\"Carlos Poulain\"},\"url\":\"https:\\\/\\\/www.accidentdutravail-idf.net\\\/blog\\\/author\\\/idfcarlos\\\/\"}]}<\/script>\n<!-- \/ Yoast SEO plugin. -->","yoast_head_json":{"title":"\u00c0 Brest, le proc\u00e8s d'un accident mortel au travail... onze ans apr\u00e8s les faits - ACCIDENTDUTRAVAIL-IDF","description":"\u00c0 Brest, le proc\u00e8s d'un accident mortel au travail... onze ans apr\u00e8s les faits article de ACCIDENTDUTRAVAIL-IDF","robots":{"index":"index","follow":"follow","max-snippet":"max-snippet:-1","max-image-preview":"max-image-preview:large","max-video-preview":"max-video-preview:-1"},"canonical":"https:\/\/www.accidentdutravail-idf.net\/blog\/a-brest-le-proces-dun-accident-mortel-au-travail-onze-ans-apres-les-faits\/","og_locale":"fr_FR","og_type":"article","og_title":"\u00c0 Brest, le proc\u00e8s d'un accident mortel au travail... onze ans apr\u00e8s les faits - ACCIDENTDUTRAVAIL-IDF","og_description":"\u00c0 Brest, le proc\u00e8s d'un accident mortel au travail... onze ans apr\u00e8s les faits article de ACCIDENTDUTRAVAIL-IDF","og_url":"https:\/\/www.accidentdutravail-idf.net\/blog\/a-brest-le-proces-dun-accident-mortel-au-travail-onze-ans-apres-les-faits\/","og_site_name":"ACCIDENTDUTRAVAIL-IDF","article_published_time":"2025-11-12T08:16:00+00:00","og_image":[{"url":"https:\/\/www.accidentdutravail-idf.net\/blog\/wp-content\/uploads\/2025\/11\/a-brest-le-proces-dun-accident-mortel-au-travail-onze-ans-apres-les-faits.jpg","type":"","width":"","height":""}],"author":"Carlos Poulain","twitter_card":"summary_large_image","twitter_misc":{"\u00c9crit par":"Carlos Poulain","Dur\u00e9e de lecture estim\u00e9e":"2 minutes"},"schema":{"@context":"https:\/\/schema.org","@graph":[{"@type":"Article","@id":"https:\/\/www.accidentdutravail-idf.net\/blog\/a-brest-le-proces-dun-accident-mortel-au-travail-onze-ans-apres-les-faits\/#article","isPartOf":{"@id":"https:\/\/www.accidentdutravail-idf.net\/blog\/a-brest-le-proces-dun-accident-mortel-au-travail-onze-ans-apres-les-faits\/"},"author":{"name":"Carlos Poulain","@id":"https:\/\/www.accidentdutravail-idf.net\/blog\/#\/schema\/person\/3255d2f970de45e64bd9201f38e7b947"},"headline":"\u00c0 Brest, le proc\u00e8s d&rsquo;un accident mortel au travail&#8230; onze ans apr\u00e8s les faits","datePublished":"2025-11-12T08:16:00+00:00","mainEntityOfPage":{"@id":"https:\/\/www.accidentdutravail-idf.net\/blog\/a-brest-le-proces-dun-accident-mortel-au-travail-onze-ans-apres-les-faits\/"},"wordCount":445,"publisher":{"@id":"https:\/\/www.accidentdutravail-idf.net\/blog\/#organization"},"image":{"@id":"https:\/\/www.accidentdutravail-idf.net\/blog\/a-brest-le-proces-dun-accident-mortel-au-travail-onze-ans-apres-les-faits\/#primaryimage"},"thumbnailUrl":"https:\/\/www.accidentdutravail-idf.net\/blog\/wp-content\/uploads\/2025\/11\/a-brest-le-proces-dun-accident-mortel-au-travail-onze-ans-apres-les-faits.jpg","articleSection":["S\u00e9curit\u00e9 Du Travail En Ile-De-France Et Divers:"],"inLanguage":"fr-FR"},{"@type":"WebPage","@id":"https:\/\/www.accidentdutravail-idf.net\/blog\/a-brest-le-proces-dun-accident-mortel-au-travail-onze-ans-apres-les-faits\/","url":"https:\/\/www.accidentdutravail-idf.net\/blog\/a-brest-le-proces-dun-accident-mortel-au-travail-onze-ans-apres-les-faits\/","name":"\u00c0 Brest, le proc\u00e8s d'un accident mortel au travail... onze ans apr\u00e8s les faits - ACCIDENTDUTRAVAIL-IDF","isPartOf":{"@id":"https:\/\/www.accidentdutravail-idf.net\/blog\/#website"},"primaryImageOfPage":{"@id":"https:\/\/www.accidentdutravail-idf.net\/blog\/a-brest-le-proces-dun-accident-mortel-au-travail-onze-ans-apres-les-faits\/#primaryimage"},"image":{"@id":"https:\/\/www.accidentdutravail-idf.net\/blog\/a-brest-le-proces-dun-accident-mortel-au-travail-onze-ans-apres-les-faits\/#primaryimage"},"thumbnailUrl":"https:\/\/www.accidentdutravail-idf.net\/blog\/wp-content\/uploads\/2025\/11\/a-brest-le-proces-dun-accident-mortel-au-travail-onze-ans-apres-les-faits.jpg","datePublished":"2025-11-12T08:16:00+00:00","description":"\u00c0 Brest, le proc\u00e8s d'un accident mortel au travail... onze ans apr\u00e8s les faits article de ACCIDENTDUTRAVAIL-IDF","breadcrumb":{"@id":"https:\/\/www.accidentdutravail-idf.net\/blog\/a-brest-le-proces-dun-accident-mortel-au-travail-onze-ans-apres-les-faits\/#breadcrumb"},"inLanguage":"fr-FR","potentialAction":[{"@type":"ReadAction","target":["https:\/\/www.accidentdutravail-idf.net\/blog\/a-brest-le-proces-dun-accident-mortel-au-travail-onze-ans-apres-les-faits\/"]}]},{"@type":"ImageObject","inLanguage":"fr-FR","@id":"https:\/\/www.accidentdutravail-idf.net\/blog\/a-brest-le-proces-dun-accident-mortel-au-travail-onze-ans-apres-les-faits\/#primaryimage","url":"https:\/\/www.accidentdutravail-idf.net\/blog\/wp-content\/uploads\/2025\/11\/a-brest-le-proces-dun-accident-mortel-au-travail-onze-ans-apres-les-faits.jpg","contentUrl":"https:\/\/www.accidentdutravail-idf.net\/blog\/wp-content\/uploads\/2025\/11\/a-brest-le-proces-dun-accident-mortel-au-travail-onze-ans-apres-les-faits.jpg"},{"@type":"BreadcrumbList","@id":"https:\/\/www.accidentdutravail-idf.net\/blog\/a-brest-le-proces-dun-accident-mortel-au-travail-onze-ans-apres-les-faits\/#breadcrumb","itemListElement":[{"@type":"ListItem","position":1,"name":"Accueil","item":"https:\/\/www.accidentdutravail-idf.net\/blog\/"},{"@type":"ListItem","position":2,"name":"\u00c0 Brest, le proc\u00e8s d&rsquo;un accident mortel au travail&#8230; onze ans apr\u00e8s les faits"}]},{"@type":"WebSite","@id":"https:\/\/www.accidentdutravail-idf.net\/blog\/#website","url":"https:\/\/www.accidentdutravail-idf.net\/blog\/","name":"ACCIDENTDUTRAVAIL-IDF","description":"Portail accidents du travail-maladies professionnelles des entreprises d&#039;Ile-de-France","publisher":{"@id":"https:\/\/www.accidentdutravail-idf.net\/blog\/#organization"},"potentialAction":[{"@type":"SearchAction","target":{"@type":"EntryPoint","urlTemplate":"https:\/\/www.accidentdutravail-idf.net\/blog\/?s={search_term_string}"},"query-input":{"@type":"PropertyValueSpecification","valueRequired":true,"valueName":"search_term_string"}}],"inLanguage":"fr-FR"},{"@type":"Organization","@id":"https:\/\/www.accidentdutravail-idf.net\/blog\/#organization","name":"accidentdutravail-idf","url":"https:\/\/www.accidentdutravail-idf.net\/blog\/","logo":{"@type":"ImageObject","inLanguage":"fr-FR","@id":"https:\/\/www.accidentdutravail-idf.net\/blog\/#\/schema\/logo\/image\/","url":"https:\/\/www.accidentdutravail-idf.net\/blog\/wp-content\/uploads\/2022\/09\/logo-2.png","contentUrl":"https:\/\/www.accidentdutravail-idf.net\/blog\/wp-content\/uploads\/2022\/09\/logo-2.png","width":380,"height":291,"caption":"accidentdutravail-idf"},"image":{"@id":"https:\/\/www.accidentdutravail-idf.net\/blog\/#\/schema\/logo\/image\/"}},{"@type":"Person","@id":"https:\/\/www.accidentdutravail-idf.net\/blog\/#\/schema\/person\/3255d2f970de45e64bd9201f38e7b947","name":"Carlos Poulain","image":{"@type":"ImageObject","inLanguage":"fr-FR","@id":"https:\/\/secure.gravatar.com\/avatar\/b1c2f9d3588e34e91adb093635df64ef4b2381991216be7576466cfcdca4baf3?s=96&d=mm&r=g","url":"https:\/\/secure.gravatar.com\/avatar\/b1c2f9d3588e34e91adb093635df64ef4b2381991216be7576466cfcdca4baf3?s=96&d=mm&r=g","contentUrl":"https:\/\/secure.gravatar.com\/avatar\/b1c2f9d3588e34e91adb093635df64ef4b2381991216be7576466cfcdca4baf3?s=96&d=mm&r=g","caption":"Carlos Poulain"},"url":"https:\/\/www.accidentdutravail-idf.net\/blog\/author\/idfcarlos\/"}]}},"_links":{"self":[{"href":"https:\/\/www.accidentdutravail-idf.net\/blog\/wp-json\/wp\/v2\/posts\/1889","targetHints":{"allow":["GET"]}}],"collection":[{"href":"https:\/\/www.accidentdutravail-idf.net\/blog\/wp-json\/wp\/v2\/posts"}],"about":[{"href":"https:\/\/www.accidentdutravail-idf.net\/blog\/wp-json\/wp\/v2\/types\/post"}],"author":[{"embeddable":true,"href":"https:\/\/www.accidentdutravail-idf.net\/blog\/wp-json\/wp\/v2\/users\/2"}],"replies":[{"embeddable":true,"href":"https:\/\/www.accidentdutravail-idf.net\/blog\/wp-json\/wp\/v2\/comments?post=1889"}],"version-history":[{"count":0,"href":"https:\/\/www.accidentdutravail-idf.net\/blog\/wp-json\/wp\/v2\/posts\/1889\/revisions"}],"wp:attachment":[{"href":"https:\/\/www.accidentdutravail-idf.net\/blog\/wp-json\/wp\/v2\/media?parent=1889"}],"wp:term":[{"taxonomy":"category","embeddable":true,"href":"https:\/\/www.accidentdutravail-idf.net\/blog\/wp-json\/wp\/v2\/categories?post=1889"},{"taxonomy":"post_tag","embeddable":true,"href":"https:\/\/www.accidentdutravail-idf.net\/blog\/wp-json\/wp\/v2\/tags?post=1889"}],"curies":[{"name":"wp","href":"https:\/\/api.w.org\/{rel}","templated":true}]}}