{"id":1881,"date":"2025-11-04T22:00:00","date_gmt":"2025-11-04T21:00:00","guid":{"rendered":"https:\/\/www.accidentdutravail-idf.net\/blog\/les-vies-brisees-dicaunais-morts-sur-leur-lieu-de-travail\/"},"modified":"2025-11-04T22:00:00","modified_gmt":"2025-11-04T21:00:00","slug":"les-vies-brisees-dicaunais-morts-sur-leur-lieu-de-travail","status":"publish","type":"post","link":"https:\/\/www.accidentdutravail-idf.net\/blog\/les-vies-brisees-dicaunais-morts-sur-leur-lieu-de-travail\/","title":{"rendered":"Les vies bris\u00e9es d&rsquo;Icaunais morts sur leur lieu de travail"},"content":{"rendered":"<figure class=\"relative flex flex-col sm:mx-0 -mx-4 mb-6\"><img decoding=\"async\" alt data-nimg=\"fill\" class=\"bg-black-1 !relative max-h-[438px] w-full object-contain\" src=\"https:\/\/www.accidentdutravail-idf.net\/blog\/wp-content\/uploads\/2025\/11\/les-vies-brisees-dicaunais-morts-sur-leur-lieu-de-travail.webp\"><figcaption class=\"text-neutral-12 text-sans bg-white-1 w-full py-3 text-xs sm:px-3 px-4\">Les entreprises sont par nature des lieux \u00e0 risque.<!-- --> <!-- -->\u00a9&nbsp;MARQUET Fr\u00e9d\u00e9ric<\/figcaption><\/figure>\n<div class=\"mb-5 flex flex-col gap-2 print:hidden\">\n<p class=\"font-bold\">\u00c9couter l&rsquo;article<\/p>\n<\/div>\n<div class=\"z-10 mb-2 flex flex-col gap-4\">\n<p class=\"typo-p1-paragraph\">Avec 8.000 d\u00e9c\u00e8s li\u00e9 \u00e0 un accident du travail, la France fait partie des pays d&rsquo;Europe les plus touch\u00e9s.&nbsp;Le d\u00e9partement de l&rsquo;Yonne n&rsquo;a pas \u00e9t\u00e9 \u00e9pargn\u00e9 ces derni\u00e8res ann\u00e9es par ce fl\u00e9au.&nbsp;<\/p>\n<p class=\"typo-p1-paragraph\">Le b\u00e2timent est l&rsquo;un des secteurs les plus \u00e0 risque. Cet \u00e9t\u00e9, un ouvrier de 51 ans est mort sur un chantier dans le stade&nbsp;Abb\u00e9-Deschamps. L&rsquo;homme a&nbsp;fait un malaise alors que le d\u00e9partement \u00e9tait plac\u00e9&nbsp;en alerte rouge canicule&nbsp;et que le mercure fr\u00f4lait la barre des 40\u00b0C. Quelques semaines plus t\u00f4t, en avril, un homme \u00e9tait&nbsp;d\u00e9c\u00e9d\u00e9 apr\u00e8s un grave choc \u00e0 la t\u00eate, \u00e0 Cheny, pr\u00e8s de Migennes. L&rsquo;ouvrier \u00e9tait en train d&rsquo;intervenir sur un engin au sein d&rsquo;une entreprise de la commune&nbsp;lorsqu&rsquo;une nacelle \u00e9l\u00e9vatrice lui \u00e9tait&nbsp;tomb\u00e9e dessus.<\/p>\n<h3 class=\"typo-h3\">Les machines, un facteur \u00e0 risque<\/h3>\n<p class=\"typo-p1-paragraph\">Sur les exploitations agricoles, le risque d&rsquo;accident&nbsp;du travail est&nbsp;\u00e9galement plus \u00e9lev\u00e9. En novembre 2024, un accident est survenu sur une exploitation&nbsp;\u00e0 Tannerre-en-Puisaye. Un&nbsp;homme d&rsquo;une quarantaine d&rsquo;ann\u00e9es est&nbsp;d\u00e9c\u00e9d\u00e9 apr\u00e8s une intervention sur une machine. Sa jambe a \u00e9t\u00e9 prise&nbsp;dans&nbsp;une vis \u00e0 grain&nbsp;destin\u00e9e au transport du grain dans les silos.&nbsp;<\/p>\n<p class=\"typo-p1-paragraph\">Dans les entreprises, les accidents se rapportent&nbsp;souvent \u00e0 l&rsquo;utilisation de machines. En 2019,&nbsp;un ouvrier travaillant sur le site d&rsquo;Auxerre de&nbsp;Kronospan a trouv\u00e9 la mort alors qu&rsquo;il travaillait sur une machine. L&rsquo;homme s&rsquo;est retrouv\u00e9 coinc\u00e9 et a&nbsp;fait un arr\u00eat cardiaque.<\/p>\n<p class=\"typo-p1-paragraph\">Des vies bris\u00e9es, parfois tr\u00e8s t\u00f4t. En f\u00e9vrier 2024, un ouvrier de 21 ans a&nbsp;\u00e9t\u00e9 retrouv\u00e9 mort \u00e0 Bl\u00e9neau. Les secours l&rsquo;ont&nbsp;d\u00e9couvert sans vie dans un appartement qu&rsquo;il r\u00e9novait. \u00c0 l&rsquo;\u00e9poque, la piste d&rsquo;une intoxication au monoxyde de carbone avait \u00e9t\u00e9 avanc\u00e9e. En novembre 2021, c&rsquo;est un jeune homme de&nbsp;20&nbsp;ans qui avait perdu la vie&nbsp;sur le site de l&rsquo;entreprise Polybel, \u00e0 Appoigny. La victime \u00e9tait descendue d&rsquo;un transpalette qu&rsquo;elle&nbsp;man\u0153uvrait lorsqu&rsquo;elle&nbsp;a \u00e9t\u00e9 renvers\u00e9e par un poids lourd dont le&nbsp;conducteur \u00e9tait \u00e2g\u00e9 de 19 ans.&nbsp;<\/p>\n<\/div>\n<div class=\"flex w-full flex-wrap justify-center gap-4 lg:gap-8 my-10 print:hidden\"><button class=\"btn relative btn-primary btn-sm !normal-case\" type=\"button\">Commenter<\/button><\/p>\n<div class=\"inline-flex items-center gap-2 \">\n<p class=\"typo-p2-paragraph\">Partager :<\/p>\n<\/div>\n<\/div>\n<p>accidentdutravail-idf.net vous a pr\u00e9par\u00e9 ce post qui informe du sujet \u00ab\u00a0Association Sportive Huisson-Longueville Essonne\u00a0\u00bb. La chronique se veut g\u00e9n\u00e9r\u00e9e du mieux possible. Vous pouvez utiliser les coordonn\u00e9es indiqu\u00e9es sur le site dans le but d\u2019apporter des explications sur ce post qui parle du th\u00e8me \u00ab\u00a0Association Sportive Huisson-Longueville Essonne\u00a0\u00bb. Le site accidentdutravail-idf.net a pour but de fournir diverses publications sur la th\u00e9matique Association Sportive Huisson-Longueville Essonne diffus\u00e9es sur le net. Il y aura plusieurs articles autour du sujet \u00ab\u00a0Association Sportive Huisson-Longueville Essonne\u00a0\u00bb dans quelques jours, nous vous invitons \u00e0 naviguer sur notre site web \u00e0 plusieurs reprises.<\/p>\n","protected":false},"excerpt":{"rendered":"<p>Les entreprises sont par nature des lieux \u00e0 risque. \u00a9&nbsp;MARQUET Fr\u00e9d\u00e9ric \u00c9couter l&rsquo;article Avec 8.000 d\u00e9c\u00e8s li\u00e9 \u00e0 un accident du travail, la France fait partie des pays d&rsquo;Europe les plus touch\u00e9s.&nbsp;Le d\u00e9partement de l&rsquo;Yonne n&rsquo;a pas \u00e9t\u00e9 \u00e9pargn\u00e9 ces derni\u00e8res ann\u00e9es par ce fl\u00e9au.&nbsp; Le b\u00e2timent est l&rsquo;un des secteurs les plus \u00e0 risque. &hellip; <\/p>\n<p class=\"link-more\"><a href=\"https:\/\/www.accidentdutravail-idf.net\/blog\/les-vies-brisees-dicaunais-morts-sur-leur-lieu-de-travail\/\" class=\"more-link\">Continuer la lecture <span class=\"screen-reader-text\"> \u00ab\u00a0Les vies bris\u00e9es d&rsquo;Icaunais morts sur leur lieu de travail\u00a0\u00bb<\/span><\/a><\/p>\n","protected":false},"author":2,"featured_media":0,"comment_status":"closed","ping_status":"closed","sticky":false,"template":"","format":"standard","meta":{"footnotes":""},"categories":[5],"tags":[],"class_list":["post-1881","post","type-post","status-publish","format-standard","hentry","category-securite-du-travail-en-ile-de-france-et-divers","entry"],"yoast_head":"<!-- This site is optimized with the Yoast SEO plugin v27.5 - https:\/\/yoast.com\/product\/yoast-seo-wordpress\/ -->\n<title>Les vies bris\u00e9es d&#039;Icaunais morts sur leur lieu de travail - ACCIDENTDUTRAVAIL-IDF<\/title>\n<meta name=\"description\" content=\"Les vies bris\u00e9es d&#039;Icaunais morts sur leur lieu de travail article de ACCIDENTDUTRAVAIL-IDF\" \/>\n<meta name=\"robots\" content=\"index, follow, max-snippet:-1, max-image-preview:large, max-video-preview:-1\" \/>\n<link rel=\"canonical\" href=\"https:\/\/www.accidentdutravail-idf.net\/blog\/les-vies-brisees-dicaunais-morts-sur-leur-lieu-de-travail\/\" \/>\n<meta property=\"og:locale\" content=\"fr_FR\" \/>\n<meta property=\"og:type\" content=\"article\" \/>\n<meta property=\"og:title\" content=\"Les vies bris\u00e9es d&#039;Icaunais morts sur leur lieu de travail - ACCIDENTDUTRAVAIL-IDF\" \/>\n<meta property=\"og:description\" content=\"Les vies bris\u00e9es d&#039;Icaunais morts sur leur lieu de travail article de ACCIDENTDUTRAVAIL-IDF\" \/>\n<meta property=\"og:url\" content=\"https:\/\/www.accidentdutravail-idf.net\/blog\/les-vies-brisees-dicaunais-morts-sur-leur-lieu-de-travail\/\" \/>\n<meta property=\"og:site_name\" content=\"ACCIDENTDUTRAVAIL-IDF\" \/>\n<meta property=\"article:published_time\" content=\"2025-11-04T21:00:00+00:00\" \/>\n<meta property=\"og:image\" content=\"https:\/\/www.accidentdutravail-idf.net\/blog\/wp-content\/uploads\/2025\/11\/les-vies-brisees-dicaunais-morts-sur-leur-lieu-de-travail.webp\" \/>\n<meta name=\"author\" content=\"Carlos Poulain\" \/>\n<meta name=\"twitter:card\" content=\"summary_large_image\" \/>\n<meta name=\"twitter:label1\" content=\"\u00c9crit par\" \/>\n\t<meta name=\"twitter:data1\" content=\"Carlos Poulain\" \/>\n\t<meta name=\"twitter:label2\" content=\"Dur\u00e9e de lecture estim\u00e9e\" \/>\n\t<meta name=\"twitter:data2\" content=\"2 minutes\" \/>\n<script type=\"application\/ld+json\" class=\"yoast-schema-graph\">{\"@context\":\"https:\\\/\\\/schema.org\",\"@graph\":[{\"@type\":\"Article\",\"@id\":\"https:\\\/\\\/www.accidentdutravail-idf.net\\\/blog\\\/les-vies-brisees-dicaunais-morts-sur-leur-lieu-de-travail\\\/#article\",\"isPartOf\":{\"@id\":\"https:\\\/\\\/www.accidentdutravail-idf.net\\\/blog\\\/les-vies-brisees-dicaunais-morts-sur-leur-lieu-de-travail\\\/\"},\"author\":{\"name\":\"Carlos Poulain\",\"@id\":\"https:\\\/\\\/www.accidentdutravail-idf.net\\\/blog\\\/#\\\/schema\\\/person\\\/3255d2f970de45e64bd9201f38e7b947\"},\"headline\":\"Les vies bris\u00e9es d&rsquo;Icaunais morts sur leur lieu de travail\",\"datePublished\":\"2025-11-04T21:00:00+00:00\",\"mainEntityOfPage\":{\"@id\":\"https:\\\/\\\/www.accidentdutravail-idf.net\\\/blog\\\/les-vies-brisees-dicaunais-morts-sur-leur-lieu-de-travail\\\/\"},\"wordCount\":504,\"publisher\":{\"@id\":\"https:\\\/\\\/www.accidentdutravail-idf.net\\\/blog\\\/#organization\"},\"image\":{\"@id\":\"https:\\\/\\\/www.accidentdutravail-idf.net\\\/blog\\\/les-vies-brisees-dicaunais-morts-sur-leur-lieu-de-travail\\\/#primaryimage\"},\"thumbnailUrl\":\"https:\\\/\\\/www.accidentdutravail-idf.net\\\/blog\\\/wp-content\\\/uploads\\\/2025\\\/11\\\/les-vies-brisees-dicaunais-morts-sur-leur-lieu-de-travail.webp\",\"articleSection\":[\"S\u00e9curit\u00e9 Du Travail En Ile-De-France Et Divers:\"],\"inLanguage\":\"fr-FR\"},{\"@type\":\"WebPage\",\"@id\":\"https:\\\/\\\/www.accidentdutravail-idf.net\\\/blog\\\/les-vies-brisees-dicaunais-morts-sur-leur-lieu-de-travail\\\/\",\"url\":\"https:\\\/\\\/www.accidentdutravail-idf.net\\\/blog\\\/les-vies-brisees-dicaunais-morts-sur-leur-lieu-de-travail\\\/\",\"name\":\"Les vies bris\u00e9es d'Icaunais morts sur leur lieu de travail - ACCIDENTDUTRAVAIL-IDF\",\"isPartOf\":{\"@id\":\"https:\\\/\\\/www.accidentdutravail-idf.net\\\/blog\\\/#website\"},\"primaryImageOfPage\":{\"@id\":\"https:\\\/\\\/www.accidentdutravail-idf.net\\\/blog\\\/les-vies-brisees-dicaunais-morts-sur-leur-lieu-de-travail\\\/#primaryimage\"},\"image\":{\"@id\":\"https:\\\/\\\/www.accidentdutravail-idf.net\\\/blog\\\/les-vies-brisees-dicaunais-morts-sur-leur-lieu-de-travail\\\/#primaryimage\"},\"thumbnailUrl\":\"https:\\\/\\\/www.accidentdutravail-idf.net\\\/blog\\\/wp-content\\\/uploads\\\/2025\\\/11\\\/les-vies-brisees-dicaunais-morts-sur-leur-lieu-de-travail.webp\",\"datePublished\":\"2025-11-04T21:00:00+00:00\",\"description\":\"Les vies bris\u00e9es d'Icaunais morts sur leur lieu de travail article de ACCIDENTDUTRAVAIL-IDF\",\"breadcrumb\":{\"@id\":\"https:\\\/\\\/www.accidentdutravail-idf.net\\\/blog\\\/les-vies-brisees-dicaunais-morts-sur-leur-lieu-de-travail\\\/#breadcrumb\"},\"inLanguage\":\"fr-FR\",\"potentialAction\":[{\"@type\":\"ReadAction\",\"target\":[\"https:\\\/\\\/www.accidentdutravail-idf.net\\\/blog\\\/les-vies-brisees-dicaunais-morts-sur-leur-lieu-de-travail\\\/\"]}]},{\"@type\":\"ImageObject\",\"inLanguage\":\"fr-FR\",\"@id\":\"https:\\\/\\\/www.accidentdutravail-idf.net\\\/blog\\\/les-vies-brisees-dicaunais-morts-sur-leur-lieu-de-travail\\\/#primaryimage\",\"url\":\"https:\\\/\\\/www.accidentdutravail-idf.net\\\/blog\\\/wp-content\\\/uploads\\\/2025\\\/11\\\/les-vies-brisees-dicaunais-morts-sur-leur-lieu-de-travail.webp\",\"contentUrl\":\"https:\\\/\\\/www.accidentdutravail-idf.net\\\/blog\\\/wp-content\\\/uploads\\\/2025\\\/11\\\/les-vies-brisees-dicaunais-morts-sur-leur-lieu-de-travail.webp\"},{\"@type\":\"BreadcrumbList\",\"@id\":\"https:\\\/\\\/www.accidentdutravail-idf.net\\\/blog\\\/les-vies-brisees-dicaunais-morts-sur-leur-lieu-de-travail\\\/#breadcrumb\",\"itemListElement\":[{\"@type\":\"ListItem\",\"position\":1,\"name\":\"Accueil\",\"item\":\"https:\\\/\\\/www.accidentdutravail-idf.net\\\/blog\\\/\"},{\"@type\":\"ListItem\",\"position\":2,\"name\":\"Les vies bris\u00e9es d&rsquo;Icaunais morts sur leur lieu de travail\"}]},{\"@type\":\"WebSite\",\"@id\":\"https:\\\/\\\/www.accidentdutravail-idf.net\\\/blog\\\/#website\",\"url\":\"https:\\\/\\\/www.accidentdutravail-idf.net\\\/blog\\\/\",\"name\":\"ACCIDENTDUTRAVAIL-IDF\",\"description\":\"Portail accidents du travail-maladies professionnelles des entreprises d&#039;Ile-de-France\",\"publisher\":{\"@id\":\"https:\\\/\\\/www.accidentdutravail-idf.net\\\/blog\\\/#organization\"},\"potentialAction\":[{\"@type\":\"SearchAction\",\"target\":{\"@type\":\"EntryPoint\",\"urlTemplate\":\"https:\\\/\\\/www.accidentdutravail-idf.net\\\/blog\\\/?s={search_term_string}\"},\"query-input\":{\"@type\":\"PropertyValueSpecification\",\"valueRequired\":true,\"valueName\":\"search_term_string\"}}],\"inLanguage\":\"fr-FR\"},{\"@type\":\"Organization\",\"@id\":\"https:\\\/\\\/www.accidentdutravail-idf.net\\\/blog\\\/#organization\",\"name\":\"accidentdutravail-idf\",\"url\":\"https:\\\/\\\/www.accidentdutravail-idf.net\\\/blog\\\/\",\"logo\":{\"@type\":\"ImageObject\",\"inLanguage\":\"fr-FR\",\"@id\":\"https:\\\/\\\/www.accidentdutravail-idf.net\\\/blog\\\/#\\\/schema\\\/logo\\\/image\\\/\",\"url\":\"https:\\\/\\\/www.accidentdutravail-idf.net\\\/blog\\\/wp-content\\\/uploads\\\/2022\\\/09\\\/logo-2.png\",\"contentUrl\":\"https:\\\/\\\/www.accidentdutravail-idf.net\\\/blog\\\/wp-content\\\/uploads\\\/2022\\\/09\\\/logo-2.png\",\"width\":380,\"height\":291,\"caption\":\"accidentdutravail-idf\"},\"image\":{\"@id\":\"https:\\\/\\\/www.accidentdutravail-idf.net\\\/blog\\\/#\\\/schema\\\/logo\\\/image\\\/\"}},{\"@type\":\"Person\",\"@id\":\"https:\\\/\\\/www.accidentdutravail-idf.net\\\/blog\\\/#\\\/schema\\\/person\\\/3255d2f970de45e64bd9201f38e7b947\",\"name\":\"Carlos Poulain\",\"image\":{\"@type\":\"ImageObject\",\"inLanguage\":\"fr-FR\",\"@id\":\"https:\\\/\\\/secure.gravatar.com\\\/avatar\\\/b1c2f9d3588e34e91adb093635df64ef4b2381991216be7576466cfcdca4baf3?s=96&d=mm&r=g\",\"url\":\"https:\\\/\\\/secure.gravatar.com\\\/avatar\\\/b1c2f9d3588e34e91adb093635df64ef4b2381991216be7576466cfcdca4baf3?s=96&d=mm&r=g\",\"contentUrl\":\"https:\\\/\\\/secure.gravatar.com\\\/avatar\\\/b1c2f9d3588e34e91adb093635df64ef4b2381991216be7576466cfcdca4baf3?s=96&d=mm&r=g\",\"caption\":\"Carlos Poulain\"},\"url\":\"https:\\\/\\\/www.accidentdutravail-idf.net\\\/blog\\\/author\\\/idfcarlos\\\/\"}]}<\/script>\n<!-- \/ Yoast SEO plugin. -->","yoast_head_json":{"title":"Les vies bris\u00e9es d'Icaunais morts sur leur lieu de travail - ACCIDENTDUTRAVAIL-IDF","description":"Les vies bris\u00e9es d'Icaunais morts sur leur lieu de travail article de ACCIDENTDUTRAVAIL-IDF","robots":{"index":"index","follow":"follow","max-snippet":"max-snippet:-1","max-image-preview":"max-image-preview:large","max-video-preview":"max-video-preview:-1"},"canonical":"https:\/\/www.accidentdutravail-idf.net\/blog\/les-vies-brisees-dicaunais-morts-sur-leur-lieu-de-travail\/","og_locale":"fr_FR","og_type":"article","og_title":"Les vies bris\u00e9es d'Icaunais morts sur leur lieu de travail - ACCIDENTDUTRAVAIL-IDF","og_description":"Les vies bris\u00e9es d'Icaunais morts sur leur lieu de travail article de ACCIDENTDUTRAVAIL-IDF","og_url":"https:\/\/www.accidentdutravail-idf.net\/blog\/les-vies-brisees-dicaunais-morts-sur-leur-lieu-de-travail\/","og_site_name":"ACCIDENTDUTRAVAIL-IDF","article_published_time":"2025-11-04T21:00:00+00:00","og_image":[{"url":"https:\/\/www.accidentdutravail-idf.net\/blog\/wp-content\/uploads\/2025\/11\/les-vies-brisees-dicaunais-morts-sur-leur-lieu-de-travail.webp","type":"","width":"","height":""}],"author":"Carlos Poulain","twitter_card":"summary_large_image","twitter_misc":{"\u00c9crit par":"Carlos Poulain","Dur\u00e9e de lecture estim\u00e9e":"2 minutes"},"schema":{"@context":"https:\/\/schema.org","@graph":[{"@type":"Article","@id":"https:\/\/www.accidentdutravail-idf.net\/blog\/les-vies-brisees-dicaunais-morts-sur-leur-lieu-de-travail\/#article","isPartOf":{"@id":"https:\/\/www.accidentdutravail-idf.net\/blog\/les-vies-brisees-dicaunais-morts-sur-leur-lieu-de-travail\/"},"author":{"name":"Carlos Poulain","@id":"https:\/\/www.accidentdutravail-idf.net\/blog\/#\/schema\/person\/3255d2f970de45e64bd9201f38e7b947"},"headline":"Les vies bris\u00e9es d&rsquo;Icaunais morts sur leur lieu de travail","datePublished":"2025-11-04T21:00:00+00:00","mainEntityOfPage":{"@id":"https:\/\/www.accidentdutravail-idf.net\/blog\/les-vies-brisees-dicaunais-morts-sur-leur-lieu-de-travail\/"},"wordCount":504,"publisher":{"@id":"https:\/\/www.accidentdutravail-idf.net\/blog\/#organization"},"image":{"@id":"https:\/\/www.accidentdutravail-idf.net\/blog\/les-vies-brisees-dicaunais-morts-sur-leur-lieu-de-travail\/#primaryimage"},"thumbnailUrl":"https:\/\/www.accidentdutravail-idf.net\/blog\/wp-content\/uploads\/2025\/11\/les-vies-brisees-dicaunais-morts-sur-leur-lieu-de-travail.webp","articleSection":["S\u00e9curit\u00e9 Du Travail En Ile-De-France Et Divers:"],"inLanguage":"fr-FR"},{"@type":"WebPage","@id":"https:\/\/www.accidentdutravail-idf.net\/blog\/les-vies-brisees-dicaunais-morts-sur-leur-lieu-de-travail\/","url":"https:\/\/www.accidentdutravail-idf.net\/blog\/les-vies-brisees-dicaunais-morts-sur-leur-lieu-de-travail\/","name":"Les vies bris\u00e9es d'Icaunais morts sur leur lieu de travail - ACCIDENTDUTRAVAIL-IDF","isPartOf":{"@id":"https:\/\/www.accidentdutravail-idf.net\/blog\/#website"},"primaryImageOfPage":{"@id":"https:\/\/www.accidentdutravail-idf.net\/blog\/les-vies-brisees-dicaunais-morts-sur-leur-lieu-de-travail\/#primaryimage"},"image":{"@id":"https:\/\/www.accidentdutravail-idf.net\/blog\/les-vies-brisees-dicaunais-morts-sur-leur-lieu-de-travail\/#primaryimage"},"thumbnailUrl":"https:\/\/www.accidentdutravail-idf.net\/blog\/wp-content\/uploads\/2025\/11\/les-vies-brisees-dicaunais-morts-sur-leur-lieu-de-travail.webp","datePublished":"2025-11-04T21:00:00+00:00","description":"Les vies bris\u00e9es d'Icaunais morts sur leur lieu de travail article de ACCIDENTDUTRAVAIL-IDF","breadcrumb":{"@id":"https:\/\/www.accidentdutravail-idf.net\/blog\/les-vies-brisees-dicaunais-morts-sur-leur-lieu-de-travail\/#breadcrumb"},"inLanguage":"fr-FR","potentialAction":[{"@type":"ReadAction","target":["https:\/\/www.accidentdutravail-idf.net\/blog\/les-vies-brisees-dicaunais-morts-sur-leur-lieu-de-travail\/"]}]},{"@type":"ImageObject","inLanguage":"fr-FR","@id":"https:\/\/www.accidentdutravail-idf.net\/blog\/les-vies-brisees-dicaunais-morts-sur-leur-lieu-de-travail\/#primaryimage","url":"https:\/\/www.accidentdutravail-idf.net\/blog\/wp-content\/uploads\/2025\/11\/les-vies-brisees-dicaunais-morts-sur-leur-lieu-de-travail.webp","contentUrl":"https:\/\/www.accidentdutravail-idf.net\/blog\/wp-content\/uploads\/2025\/11\/les-vies-brisees-dicaunais-morts-sur-leur-lieu-de-travail.webp"},{"@type":"BreadcrumbList","@id":"https:\/\/www.accidentdutravail-idf.net\/blog\/les-vies-brisees-dicaunais-morts-sur-leur-lieu-de-travail\/#breadcrumb","itemListElement":[{"@type":"ListItem","position":1,"name":"Accueil","item":"https:\/\/www.accidentdutravail-idf.net\/blog\/"},{"@type":"ListItem","position":2,"name":"Les vies bris\u00e9es d&rsquo;Icaunais morts sur leur lieu de travail"}]},{"@type":"WebSite","@id":"https:\/\/www.accidentdutravail-idf.net\/blog\/#website","url":"https:\/\/www.accidentdutravail-idf.net\/blog\/","name":"ACCIDENTDUTRAVAIL-IDF","description":"Portail accidents du travail-maladies professionnelles des entreprises d&#039;Ile-de-France","publisher":{"@id":"https:\/\/www.accidentdutravail-idf.net\/blog\/#organization"},"potentialAction":[{"@type":"SearchAction","target":{"@type":"EntryPoint","urlTemplate":"https:\/\/www.accidentdutravail-idf.net\/blog\/?s={search_term_string}"},"query-input":{"@type":"PropertyValueSpecification","valueRequired":true,"valueName":"search_term_string"}}],"inLanguage":"fr-FR"},{"@type":"Organization","@id":"https:\/\/www.accidentdutravail-idf.net\/blog\/#organization","name":"accidentdutravail-idf","url":"https:\/\/www.accidentdutravail-idf.net\/blog\/","logo":{"@type":"ImageObject","inLanguage":"fr-FR","@id":"https:\/\/www.accidentdutravail-idf.net\/blog\/#\/schema\/logo\/image\/","url":"https:\/\/www.accidentdutravail-idf.net\/blog\/wp-content\/uploads\/2022\/09\/logo-2.png","contentUrl":"https:\/\/www.accidentdutravail-idf.net\/blog\/wp-content\/uploads\/2022\/09\/logo-2.png","width":380,"height":291,"caption":"accidentdutravail-idf"},"image":{"@id":"https:\/\/www.accidentdutravail-idf.net\/blog\/#\/schema\/logo\/image\/"}},{"@type":"Person","@id":"https:\/\/www.accidentdutravail-idf.net\/blog\/#\/schema\/person\/3255d2f970de45e64bd9201f38e7b947","name":"Carlos Poulain","image":{"@type":"ImageObject","inLanguage":"fr-FR","@id":"https:\/\/secure.gravatar.com\/avatar\/b1c2f9d3588e34e91adb093635df64ef4b2381991216be7576466cfcdca4baf3?s=96&d=mm&r=g","url":"https:\/\/secure.gravatar.com\/avatar\/b1c2f9d3588e34e91adb093635df64ef4b2381991216be7576466cfcdca4baf3?s=96&d=mm&r=g","contentUrl":"https:\/\/secure.gravatar.com\/avatar\/b1c2f9d3588e34e91adb093635df64ef4b2381991216be7576466cfcdca4baf3?s=96&d=mm&r=g","caption":"Carlos Poulain"},"url":"https:\/\/www.accidentdutravail-idf.net\/blog\/author\/idfcarlos\/"}]}},"_links":{"self":[{"href":"https:\/\/www.accidentdutravail-idf.net\/blog\/wp-json\/wp\/v2\/posts\/1881","targetHints":{"allow":["GET"]}}],"collection":[{"href":"https:\/\/www.accidentdutravail-idf.net\/blog\/wp-json\/wp\/v2\/posts"}],"about":[{"href":"https:\/\/www.accidentdutravail-idf.net\/blog\/wp-json\/wp\/v2\/types\/post"}],"author":[{"embeddable":true,"href":"https:\/\/www.accidentdutravail-idf.net\/blog\/wp-json\/wp\/v2\/users\/2"}],"replies":[{"embeddable":true,"href":"https:\/\/www.accidentdutravail-idf.net\/blog\/wp-json\/wp\/v2\/comments?post=1881"}],"version-history":[{"count":0,"href":"https:\/\/www.accidentdutravail-idf.net\/blog\/wp-json\/wp\/v2\/posts\/1881\/revisions"}],"wp:attachment":[{"href":"https:\/\/www.accidentdutravail-idf.net\/blog\/wp-json\/wp\/v2\/media?parent=1881"}],"wp:term":[{"taxonomy":"category","embeddable":true,"href":"https:\/\/www.accidentdutravail-idf.net\/blog\/wp-json\/wp\/v2\/categories?post=1881"},{"taxonomy":"post_tag","embeddable":true,"href":"https:\/\/www.accidentdutravail-idf.net\/blog\/wp-json\/wp\/v2\/tags?post=1881"}],"curies":[{"name":"wp","href":"https:\/\/api.w.org\/{rel}","templated":true}]}}