{"id":184,"date":"2022-06-15T14:25:21","date_gmt":"2022-06-15T13:25:21","guid":{"rendered":"https:\/\/www.site.cdcl.xyz\/2022\/06\/15\/gauche-france-ce-jeudi-tous-a-creteil-pour-notre-dernier-meeting-nupes-gauche-insoumis_94\/"},"modified":"2022-06-15T14:25:21","modified_gmt":"2022-06-15T13:25:21","slug":"gauche-france-ce-jeudi-tous-a-creteil-pour-notre-dernier-meeting-nupes-gauche-insoumis_94","status":"publish","type":"post","link":"https:\/\/www.accidentdutravail-idf.net\/blog\/gauche-france-ce-jeudi-tous-a-creteil-pour-notre-dernier-meeting-nupes-gauche-insoumis_94\/","title":{"rendered":"Gauche France: Ce jeudi tous \u00e0 Cr\u00e9teil pour notre dernier meeting\u2026 #nupes #gauche @insoumis_94"},"content":{"rendered":"<p>Dans le cadre de notre fonction d\u2019information, nous publions ci-dessous un bref tweet vu sur Twitter ce jour.<\/p>\n<p> Pr\u00e9sent\u00e9 sous la signature \u00abUnion Populaire Choisy\u00bb, le r\u00e9dacteur est connu de tous sous le pseudonyme @insoumis_94.<\/p>\n<p>Pour \u00eatre complet voici sa pr\u00e9sentation:As you observed there is no author description.<\/p>\n<p>Revoil\u00e0 pareillement le lien sur sa page:<br \/>https:\/\/twitter.com\/intent\/user?user_id=1505310077200306176<\/p>\n<p>L\u2019article a \u00e9t\u00e9 \u00e9dit\u00e9 \u00e0 une date et une heure mentionn\u00e9es 2022-06-15 15:25:21.<\/p>\n<p>L\u2019article d\u2019origine : <\/p>\n<p><img decoding=\"async\" src=\"https:\/\/www.accidentdutravail-idf.net\/blog\/wp-content\/uploads\/2022\/11\/gauche-france-ce-jeudi-tous-a-creteil-pour-notre-dernier-meeting-nupes-gauche-insoumis_94.jpg\"><\/p>\n<p>Ce jeudi tous \u00e0 Cr\u00e9teil pour notre dernier meeting! Avec @Clemence_Guette, @RobinAlbert94 et @MathildePanot, nous vous donnons rendez-vous pour le dernier grand moment de ces l\u00e9gislatives. En musique, dans la joie et la bonne humeur, portons ensemble cet espoir d\u2019un monde nouveau <a rel=\"nofollow noopener\" target=\"_blank\" href=\"https:\/\/t.co\/6e5QxO3hRz\">https:\/\/t.co\/6e5QxO3hRz<\/a><\/p>\n<p>Ce tweet a gagn\u00e9 2 likes et a \u00e9t\u00e9 retwett\u00e9 1 fois.<\/p>\n<p>Enfin je vous pr\u00e9sente les hashtags indiqu\u00e9s dans le tweet: #jeudi #tous #Cr\u00e9teil #pour #notre #dernier #meeting <\/p>\n<p>Voir le tweet:https:\/\/twitter.com\/insoumis_94\/statuses\/1537063716478455808<\/p>\n<p>Ouvrages sur le m\u00eame th\u00e8me:<\/p>\n<p>L\u2019Empire des tsars et les Russes\/Tome 1\/Livre 8\/Chapitre 1.,<a href=\"https:\/\/fr.wikisource.org\/wiki\/L%E2%80%99Empire_des_tsars_et_les_Russes\/Tome_1\/Livre_8\/Chapitre_1\" target=\"_blank\" rel=\"noopener noreferrer nofollow\">Lien sur l\u2019ouvrage<\/a><span><\/span>.<\/p>\n<p>De la division du travail social\/Livre I\/Chapitre VI\/I.,<a href=\"https:\/\/fr.wikisource.org\/wiki\/De_la_division_du_travail_social\/Livre_I\/Chapitre_VI\/I\" target=\"_blank\" rel=\"noopener noreferrer nofollow\">R\u00e9f\u00e9rence lit\u00e9raire de ce livre<\/a><span><\/span>.<\/p>\n","protected":false},"excerpt":{"rendered":"<p>Dans le cadre de notre fonction d\u2019information, nous publions ci-dessous un bref tweet vu sur Twitter ce jour. Pr\u00e9sent\u00e9 sous la signature \u00abUnion Populaire Choisy\u00bb, le r\u00e9dacteur est connu de tous sous le pseudonyme @insoumis_94. Pour \u00eatre complet voici sa pr\u00e9sentation:As you observed there is no author description. Revoil\u00e0 pareillement le lien sur sa page:https:\/\/twitter.com\/intent\/user?user_id=1505310077200306176 &hellip; <\/p>\n<p class=\"link-more\"><a href=\"https:\/\/www.accidentdutravail-idf.net\/blog\/gauche-france-ce-jeudi-tous-a-creteil-pour-notre-dernier-meeting-nupes-gauche-insoumis_94\/\" class=\"more-link\">Continuer la lecture <span class=\"screen-reader-text\"> \u00ab\u00a0Gauche France: Ce jeudi tous \u00e0 Cr\u00e9teil pour notre dernier meeting\u2026 #nupes #gauche @insoumis_94\u00a0\u00bb<\/span><\/a><\/p>\n","protected":false},"author":3,"featured_media":185,"comment_status":"closed","ping_status":"closed","sticky":false,"template":"","format":"standard","meta":{"footnotes":""},"categories":[3],"tags":[],"class_list":["post-184","post","type-post","status-publish","format-standard","has-post-thumbnail","hentry","category-securite-du-travail-en-ile-de-france-communiques","entry"],"yoast_head":"<!-- This site is optimized with the Yoast SEO plugin v27.5 - https:\/\/yoast.com\/product\/yoast-seo-wordpress\/ -->\n<title>Gauche France: Ce jeudi tous \u00e0 Cr\u00e9teil pour notre dernier meeting\u2026 #nupes #gauche @insoumis_94 - ACCIDENTDUTRAVAIL-IDF<\/title>\n<meta name=\"description\" content=\"Gauche France: Ce jeudi tous \u00e0 Cr\u00e9teil pour notre dernier meeting\u2026 #nupes #gauche @insoumis_94 article de ACCIDENTDUTRAVAIL-IDF\" \/>\n<meta name=\"robots\" content=\"index, follow, max-snippet:-1, max-image-preview:large, max-video-preview:-1\" \/>\n<link rel=\"canonical\" href=\"https:\/\/www.accidentdutravail-idf.net\/blog\/gauche-france-ce-jeudi-tous-a-creteil-pour-notre-dernier-meeting-nupes-gauche-insoumis_94\/\" \/>\n<meta property=\"og:locale\" content=\"fr_FR\" \/>\n<meta property=\"og:type\" content=\"article\" \/>\n<meta property=\"og:title\" content=\"Gauche France: Ce jeudi tous \u00e0 Cr\u00e9teil pour notre dernier meeting\u2026 #nupes #gauche @insoumis_94 - ACCIDENTDUTRAVAIL-IDF\" \/>\n<meta property=\"og:description\" content=\"Gauche France: Ce jeudi tous \u00e0 Cr\u00e9teil pour notre dernier meeting\u2026 #nupes #gauche @insoumis_94 article de ACCIDENTDUTRAVAIL-IDF\" \/>\n<meta property=\"og:url\" content=\"https:\/\/www.accidentdutravail-idf.net\/blog\/gauche-france-ce-jeudi-tous-a-creteil-pour-notre-dernier-meeting-nupes-gauche-insoumis_94\/\" \/>\n<meta property=\"og:site_name\" content=\"ACCIDENTDUTRAVAIL-IDF\" \/>\n<meta property=\"article:published_time\" content=\"2022-06-15T13:25:21+00:00\" \/>\n<meta property=\"og:image\" content=\"https:\/\/www.accidentdutravail-idf.net\/blog\/wp-content\/uploads\/2022\/11\/gauche-france-ce-jeudi-tous-a-creteil-pour-notre-dernier-meeting-nupes-gauche-insoumis_94.jpg\" \/>\n<meta name=\"author\" content=\"Roxane BARLER\" \/>\n<meta name=\"twitter:card\" content=\"summary_large_image\" \/>\n<meta name=\"twitter:label1\" content=\"\u00c9crit par\" \/>\n\t<meta name=\"twitter:data1\" content=\"Roxane BARLER\" \/>\n\t<meta name=\"twitter:label2\" content=\"Dur\u00e9e de lecture estim\u00e9e\" \/>\n\t<meta name=\"twitter:data2\" content=\"1 minute\" \/>\n<script type=\"application\/ld+json\" class=\"yoast-schema-graph\">{\"@context\":\"https:\\\/\\\/schema.org\",\"@graph\":[{\"@type\":\"Article\",\"@id\":\"https:\\\/\\\/www.accidentdutravail-idf.net\\\/blog\\\/gauche-france-ce-jeudi-tous-a-creteil-pour-notre-dernier-meeting-nupes-gauche-insoumis_94\\\/#article\",\"isPartOf\":{\"@id\":\"https:\\\/\\\/www.accidentdutravail-idf.net\\\/blog\\\/gauche-france-ce-jeudi-tous-a-creteil-pour-notre-dernier-meeting-nupes-gauche-insoumis_94\\\/\"},\"author\":{\"name\":\"Roxane BARLER\",\"@id\":\"https:\\\/\\\/www.accidentdutravail-idf.net\\\/blog\\\/#\\\/schema\\\/person\\\/73aa09ba2db8f06bf1debf3a872bd6f9\"},\"headline\":\"Gauche France: Ce jeudi tous \u00e0 Cr\u00e9teil pour notre dernier meeting\u2026 #nupes #gauche @insoumis_94\",\"datePublished\":\"2022-06-15T13:25:21+00:00\",\"mainEntityOfPage\":{\"@id\":\"https:\\\/\\\/www.accidentdutravail-idf.net\\\/blog\\\/gauche-france-ce-jeudi-tous-a-creteil-pour-notre-dernier-meeting-nupes-gauche-insoumis_94\\\/\"},\"wordCount\":228,\"publisher\":{\"@id\":\"https:\\\/\\\/www.accidentdutravail-idf.net\\\/blog\\\/#organization\"},\"image\":{\"@id\":\"https:\\\/\\\/www.accidentdutravail-idf.net\\\/blog\\\/gauche-france-ce-jeudi-tous-a-creteil-pour-notre-dernier-meeting-nupes-gauche-insoumis_94\\\/#primaryimage\"},\"thumbnailUrl\":\"https:\\\/\\\/www.accidentdutravail-idf.net\\\/blog\\\/wp-content\\\/uploads\\\/2022\\\/11\\\/gauche-france-ce-jeudi-tous-a-creteil-pour-notre-dernier-meeting-nupes-gauche-insoumis_94.jpg\",\"articleSection\":[\"S\u00e9curit\u00e9 Du Travail En Ile-De-France Communiqu\u00e9s:\"],\"inLanguage\":\"fr-FR\"},{\"@type\":\"WebPage\",\"@id\":\"https:\\\/\\\/www.accidentdutravail-idf.net\\\/blog\\\/gauche-france-ce-jeudi-tous-a-creteil-pour-notre-dernier-meeting-nupes-gauche-insoumis_94\\\/\",\"url\":\"https:\\\/\\\/www.accidentdutravail-idf.net\\\/blog\\\/gauche-france-ce-jeudi-tous-a-creteil-pour-notre-dernier-meeting-nupes-gauche-insoumis_94\\\/\",\"name\":\"Gauche France: Ce jeudi tous \u00e0 Cr\u00e9teil pour notre dernier meeting\u2026 #nupes #gauche @insoumis_94 - ACCIDENTDUTRAVAIL-IDF\",\"isPartOf\":{\"@id\":\"https:\\\/\\\/www.accidentdutravail-idf.net\\\/blog\\\/#website\"},\"primaryImageOfPage\":{\"@id\":\"https:\\\/\\\/www.accidentdutravail-idf.net\\\/blog\\\/gauche-france-ce-jeudi-tous-a-creteil-pour-notre-dernier-meeting-nupes-gauche-insoumis_94\\\/#primaryimage\"},\"image\":{\"@id\":\"https:\\\/\\\/www.accidentdutravail-idf.net\\\/blog\\\/gauche-france-ce-jeudi-tous-a-creteil-pour-notre-dernier-meeting-nupes-gauche-insoumis_94\\\/#primaryimage\"},\"thumbnailUrl\":\"https:\\\/\\\/www.accidentdutravail-idf.net\\\/blog\\\/wp-content\\\/uploads\\\/2022\\\/11\\\/gauche-france-ce-jeudi-tous-a-creteil-pour-notre-dernier-meeting-nupes-gauche-insoumis_94.jpg\",\"datePublished\":\"2022-06-15T13:25:21+00:00\",\"description\":\"Gauche France: Ce jeudi tous \u00e0 Cr\u00e9teil pour notre dernier meeting\u2026 #nupes #gauche @insoumis_94 article de ACCIDENTDUTRAVAIL-IDF\",\"breadcrumb\":{\"@id\":\"https:\\\/\\\/www.accidentdutravail-idf.net\\\/blog\\\/gauche-france-ce-jeudi-tous-a-creteil-pour-notre-dernier-meeting-nupes-gauche-insoumis_94\\\/#breadcrumb\"},\"inLanguage\":\"fr-FR\",\"potentialAction\":[{\"@type\":\"ReadAction\",\"target\":[\"https:\\\/\\\/www.accidentdutravail-idf.net\\\/blog\\\/gauche-france-ce-jeudi-tous-a-creteil-pour-notre-dernier-meeting-nupes-gauche-insoumis_94\\\/\"]}]},{\"@type\":\"ImageObject\",\"inLanguage\":\"fr-FR\",\"@id\":\"https:\\\/\\\/www.accidentdutravail-idf.net\\\/blog\\\/gauche-france-ce-jeudi-tous-a-creteil-pour-notre-dernier-meeting-nupes-gauche-insoumis_94\\\/#primaryimage\",\"url\":\"https:\\\/\\\/www.accidentdutravail-idf.net\\\/blog\\\/wp-content\\\/uploads\\\/2022\\\/11\\\/gauche-france-ce-jeudi-tous-a-creteil-pour-notre-dernier-meeting-nupes-gauche-insoumis_94.jpg\",\"contentUrl\":\"https:\\\/\\\/www.accidentdutravail-idf.net\\\/blog\\\/wp-content\\\/uploads\\\/2022\\\/11\\\/gauche-france-ce-jeudi-tous-a-creteil-pour-notre-dernier-meeting-nupes-gauche-insoumis_94.jpg\",\"width\":1200,\"height\":962,\"caption\":\"gauche france ce jeudi tous a creteil pour notre dernier meeting nupes gauche insoumis 94\"},{\"@type\":\"BreadcrumbList\",\"@id\":\"https:\\\/\\\/www.accidentdutravail-idf.net\\\/blog\\\/gauche-france-ce-jeudi-tous-a-creteil-pour-notre-dernier-meeting-nupes-gauche-insoumis_94\\\/#breadcrumb\",\"itemListElement\":[{\"@type\":\"ListItem\",\"position\":1,\"name\":\"Accueil\",\"item\":\"https:\\\/\\\/www.accidentdutravail-idf.net\\\/blog\\\/\"},{\"@type\":\"ListItem\",\"position\":2,\"name\":\"Gauche France: Ce jeudi tous \u00e0 Cr\u00e9teil pour notre dernier meeting\u2026 #nupes #gauche @insoumis_94\"}]},{\"@type\":\"WebSite\",\"@id\":\"https:\\\/\\\/www.accidentdutravail-idf.net\\\/blog\\\/#website\",\"url\":\"https:\\\/\\\/www.accidentdutravail-idf.net\\\/blog\\\/\",\"name\":\"ACCIDENTDUTRAVAIL-IDF\",\"description\":\"Portail accidents du travail-maladies professionnelles des entreprises d&#039;Ile-de-France\",\"publisher\":{\"@id\":\"https:\\\/\\\/www.accidentdutravail-idf.net\\\/blog\\\/#organization\"},\"potentialAction\":[{\"@type\":\"SearchAction\",\"target\":{\"@type\":\"EntryPoint\",\"urlTemplate\":\"https:\\\/\\\/www.accidentdutravail-idf.net\\\/blog\\\/?s={search_term_string}\"},\"query-input\":{\"@type\":\"PropertyValueSpecification\",\"valueRequired\":true,\"valueName\":\"search_term_string\"}}],\"inLanguage\":\"fr-FR\"},{\"@type\":\"Organization\",\"@id\":\"https:\\\/\\\/www.accidentdutravail-idf.net\\\/blog\\\/#organization\",\"name\":\"accidentdutravail-idf\",\"url\":\"https:\\\/\\\/www.accidentdutravail-idf.net\\\/blog\\\/\",\"logo\":{\"@type\":\"ImageObject\",\"inLanguage\":\"fr-FR\",\"@id\":\"https:\\\/\\\/www.accidentdutravail-idf.net\\\/blog\\\/#\\\/schema\\\/logo\\\/image\\\/\",\"url\":\"https:\\\/\\\/www.accidentdutravail-idf.net\\\/blog\\\/wp-content\\\/uploads\\\/2022\\\/09\\\/logo-2.png\",\"contentUrl\":\"https:\\\/\\\/www.accidentdutravail-idf.net\\\/blog\\\/wp-content\\\/uploads\\\/2022\\\/09\\\/logo-2.png\",\"width\":380,\"height\":291,\"caption\":\"accidentdutravail-idf\"},\"image\":{\"@id\":\"https:\\\/\\\/www.accidentdutravail-idf.net\\\/blog\\\/#\\\/schema\\\/logo\\\/image\\\/\"}},{\"@type\":\"Person\",\"@id\":\"https:\\\/\\\/www.accidentdutravail-idf.net\\\/blog\\\/#\\\/schema\\\/person\\\/73aa09ba2db8f06bf1debf3a872bd6f9\",\"name\":\"Roxane BARLER\",\"image\":{\"@type\":\"ImageObject\",\"inLanguage\":\"fr-FR\",\"@id\":\"https:\\\/\\\/secure.gravatar.com\\\/avatar\\\/0167a3f2fdd1b1378a9aef148e68e7656ab41c7534176836deba3d1e5d6dc5df?s=96&d=mm&r=g\",\"url\":\"https:\\\/\\\/secure.gravatar.com\\\/avatar\\\/0167a3f2fdd1b1378a9aef148e68e7656ab41c7534176836deba3d1e5d6dc5df?s=96&d=mm&r=g\",\"contentUrl\":\"https:\\\/\\\/secure.gravatar.com\\\/avatar\\\/0167a3f2fdd1b1378a9aef148e68e7656ab41c7534176836deba3d1e5d6dc5df?s=96&d=mm&r=g\",\"caption\":\"Roxane BARLER\"},\"url\":\"https:\\\/\\\/www.accidentdutravail-idf.net\\\/blog\\\/author\\\/idfroxane\\\/\"}]}<\/script>\n<!-- \/ Yoast SEO plugin. -->","yoast_head_json":{"title":"Gauche France: Ce jeudi tous \u00e0 Cr\u00e9teil pour notre dernier meeting\u2026 #nupes #gauche @insoumis_94 - ACCIDENTDUTRAVAIL-IDF","description":"Gauche France: Ce jeudi tous \u00e0 Cr\u00e9teil pour notre dernier meeting\u2026 #nupes #gauche @insoumis_94 article de ACCIDENTDUTRAVAIL-IDF","robots":{"index":"index","follow":"follow","max-snippet":"max-snippet:-1","max-image-preview":"max-image-preview:large","max-video-preview":"max-video-preview:-1"},"canonical":"https:\/\/www.accidentdutravail-idf.net\/blog\/gauche-france-ce-jeudi-tous-a-creteil-pour-notre-dernier-meeting-nupes-gauche-insoumis_94\/","og_locale":"fr_FR","og_type":"article","og_title":"Gauche France: Ce jeudi tous \u00e0 Cr\u00e9teil pour notre dernier meeting\u2026 #nupes #gauche @insoumis_94 - ACCIDENTDUTRAVAIL-IDF","og_description":"Gauche France: Ce jeudi tous \u00e0 Cr\u00e9teil pour notre dernier meeting\u2026 #nupes #gauche @insoumis_94 article de ACCIDENTDUTRAVAIL-IDF","og_url":"https:\/\/www.accidentdutravail-idf.net\/blog\/gauche-france-ce-jeudi-tous-a-creteil-pour-notre-dernier-meeting-nupes-gauche-insoumis_94\/","og_site_name":"ACCIDENTDUTRAVAIL-IDF","article_published_time":"2022-06-15T13:25:21+00:00","og_image":[{"url":"https:\/\/www.accidentdutravail-idf.net\/blog\/wp-content\/uploads\/2022\/11\/gauche-france-ce-jeudi-tous-a-creteil-pour-notre-dernier-meeting-nupes-gauche-insoumis_94.jpg","type":"","width":"","height":""}],"author":"Roxane BARLER","twitter_card":"summary_large_image","twitter_misc":{"\u00c9crit par":"Roxane BARLER","Dur\u00e9e de lecture estim\u00e9e":"1 minute"},"schema":{"@context":"https:\/\/schema.org","@graph":[{"@type":"Article","@id":"https:\/\/www.accidentdutravail-idf.net\/blog\/gauche-france-ce-jeudi-tous-a-creteil-pour-notre-dernier-meeting-nupes-gauche-insoumis_94\/#article","isPartOf":{"@id":"https:\/\/www.accidentdutravail-idf.net\/blog\/gauche-france-ce-jeudi-tous-a-creteil-pour-notre-dernier-meeting-nupes-gauche-insoumis_94\/"},"author":{"name":"Roxane BARLER","@id":"https:\/\/www.accidentdutravail-idf.net\/blog\/#\/schema\/person\/73aa09ba2db8f06bf1debf3a872bd6f9"},"headline":"Gauche France: Ce jeudi tous \u00e0 Cr\u00e9teil pour notre dernier meeting\u2026 #nupes #gauche @insoumis_94","datePublished":"2022-06-15T13:25:21+00:00","mainEntityOfPage":{"@id":"https:\/\/www.accidentdutravail-idf.net\/blog\/gauche-france-ce-jeudi-tous-a-creteil-pour-notre-dernier-meeting-nupes-gauche-insoumis_94\/"},"wordCount":228,"publisher":{"@id":"https:\/\/www.accidentdutravail-idf.net\/blog\/#organization"},"image":{"@id":"https:\/\/www.accidentdutravail-idf.net\/blog\/gauche-france-ce-jeudi-tous-a-creteil-pour-notre-dernier-meeting-nupes-gauche-insoumis_94\/#primaryimage"},"thumbnailUrl":"https:\/\/www.accidentdutravail-idf.net\/blog\/wp-content\/uploads\/2022\/11\/gauche-france-ce-jeudi-tous-a-creteil-pour-notre-dernier-meeting-nupes-gauche-insoumis_94.jpg","articleSection":["S\u00e9curit\u00e9 Du Travail En Ile-De-France Communiqu\u00e9s:"],"inLanguage":"fr-FR"},{"@type":"WebPage","@id":"https:\/\/www.accidentdutravail-idf.net\/blog\/gauche-france-ce-jeudi-tous-a-creteil-pour-notre-dernier-meeting-nupes-gauche-insoumis_94\/","url":"https:\/\/www.accidentdutravail-idf.net\/blog\/gauche-france-ce-jeudi-tous-a-creteil-pour-notre-dernier-meeting-nupes-gauche-insoumis_94\/","name":"Gauche France: Ce jeudi tous \u00e0 Cr\u00e9teil pour notre dernier meeting\u2026 #nupes #gauche @insoumis_94 - ACCIDENTDUTRAVAIL-IDF","isPartOf":{"@id":"https:\/\/www.accidentdutravail-idf.net\/blog\/#website"},"primaryImageOfPage":{"@id":"https:\/\/www.accidentdutravail-idf.net\/blog\/gauche-france-ce-jeudi-tous-a-creteil-pour-notre-dernier-meeting-nupes-gauche-insoumis_94\/#primaryimage"},"image":{"@id":"https:\/\/www.accidentdutravail-idf.net\/blog\/gauche-france-ce-jeudi-tous-a-creteil-pour-notre-dernier-meeting-nupes-gauche-insoumis_94\/#primaryimage"},"thumbnailUrl":"https:\/\/www.accidentdutravail-idf.net\/blog\/wp-content\/uploads\/2022\/11\/gauche-france-ce-jeudi-tous-a-creteil-pour-notre-dernier-meeting-nupes-gauche-insoumis_94.jpg","datePublished":"2022-06-15T13:25:21+00:00","description":"Gauche France: Ce jeudi tous \u00e0 Cr\u00e9teil pour notre dernier meeting\u2026 #nupes #gauche @insoumis_94 article de ACCIDENTDUTRAVAIL-IDF","breadcrumb":{"@id":"https:\/\/www.accidentdutravail-idf.net\/blog\/gauche-france-ce-jeudi-tous-a-creteil-pour-notre-dernier-meeting-nupes-gauche-insoumis_94\/#breadcrumb"},"inLanguage":"fr-FR","potentialAction":[{"@type":"ReadAction","target":["https:\/\/www.accidentdutravail-idf.net\/blog\/gauche-france-ce-jeudi-tous-a-creteil-pour-notre-dernier-meeting-nupes-gauche-insoumis_94\/"]}]},{"@type":"ImageObject","inLanguage":"fr-FR","@id":"https:\/\/www.accidentdutravail-idf.net\/blog\/gauche-france-ce-jeudi-tous-a-creteil-pour-notre-dernier-meeting-nupes-gauche-insoumis_94\/#primaryimage","url":"https:\/\/www.accidentdutravail-idf.net\/blog\/wp-content\/uploads\/2022\/11\/gauche-france-ce-jeudi-tous-a-creteil-pour-notre-dernier-meeting-nupes-gauche-insoumis_94.jpg","contentUrl":"https:\/\/www.accidentdutravail-idf.net\/blog\/wp-content\/uploads\/2022\/11\/gauche-france-ce-jeudi-tous-a-creteil-pour-notre-dernier-meeting-nupes-gauche-insoumis_94.jpg","width":1200,"height":962,"caption":"gauche france ce jeudi tous a creteil pour notre dernier meeting nupes gauche insoumis 94"},{"@type":"BreadcrumbList","@id":"https:\/\/www.accidentdutravail-idf.net\/blog\/gauche-france-ce-jeudi-tous-a-creteil-pour-notre-dernier-meeting-nupes-gauche-insoumis_94\/#breadcrumb","itemListElement":[{"@type":"ListItem","position":1,"name":"Accueil","item":"https:\/\/www.accidentdutravail-idf.net\/blog\/"},{"@type":"ListItem","position":2,"name":"Gauche France: Ce jeudi tous \u00e0 Cr\u00e9teil pour notre dernier meeting\u2026 #nupes #gauche @insoumis_94"}]},{"@type":"WebSite","@id":"https:\/\/www.accidentdutravail-idf.net\/blog\/#website","url":"https:\/\/www.accidentdutravail-idf.net\/blog\/","name":"ACCIDENTDUTRAVAIL-IDF","description":"Portail accidents du travail-maladies professionnelles des entreprises d&#039;Ile-de-France","publisher":{"@id":"https:\/\/www.accidentdutravail-idf.net\/blog\/#organization"},"potentialAction":[{"@type":"SearchAction","target":{"@type":"EntryPoint","urlTemplate":"https:\/\/www.accidentdutravail-idf.net\/blog\/?s={search_term_string}"},"query-input":{"@type":"PropertyValueSpecification","valueRequired":true,"valueName":"search_term_string"}}],"inLanguage":"fr-FR"},{"@type":"Organization","@id":"https:\/\/www.accidentdutravail-idf.net\/blog\/#organization","name":"accidentdutravail-idf","url":"https:\/\/www.accidentdutravail-idf.net\/blog\/","logo":{"@type":"ImageObject","inLanguage":"fr-FR","@id":"https:\/\/www.accidentdutravail-idf.net\/blog\/#\/schema\/logo\/image\/","url":"https:\/\/www.accidentdutravail-idf.net\/blog\/wp-content\/uploads\/2022\/09\/logo-2.png","contentUrl":"https:\/\/www.accidentdutravail-idf.net\/blog\/wp-content\/uploads\/2022\/09\/logo-2.png","width":380,"height":291,"caption":"accidentdutravail-idf"},"image":{"@id":"https:\/\/www.accidentdutravail-idf.net\/blog\/#\/schema\/logo\/image\/"}},{"@type":"Person","@id":"https:\/\/www.accidentdutravail-idf.net\/blog\/#\/schema\/person\/73aa09ba2db8f06bf1debf3a872bd6f9","name":"Roxane BARLER","image":{"@type":"ImageObject","inLanguage":"fr-FR","@id":"https:\/\/secure.gravatar.com\/avatar\/0167a3f2fdd1b1378a9aef148e68e7656ab41c7534176836deba3d1e5d6dc5df?s=96&d=mm&r=g","url":"https:\/\/secure.gravatar.com\/avatar\/0167a3f2fdd1b1378a9aef148e68e7656ab41c7534176836deba3d1e5d6dc5df?s=96&d=mm&r=g","contentUrl":"https:\/\/secure.gravatar.com\/avatar\/0167a3f2fdd1b1378a9aef148e68e7656ab41c7534176836deba3d1e5d6dc5df?s=96&d=mm&r=g","caption":"Roxane BARLER"},"url":"https:\/\/www.accidentdutravail-idf.net\/blog\/author\/idfroxane\/"}]}},"_links":{"self":[{"href":"https:\/\/www.accidentdutravail-idf.net\/blog\/wp-json\/wp\/v2\/posts\/184","targetHints":{"allow":["GET"]}}],"collection":[{"href":"https:\/\/www.accidentdutravail-idf.net\/blog\/wp-json\/wp\/v2\/posts"}],"about":[{"href":"https:\/\/www.accidentdutravail-idf.net\/blog\/wp-json\/wp\/v2\/types\/post"}],"author":[{"embeddable":true,"href":"https:\/\/www.accidentdutravail-idf.net\/blog\/wp-json\/wp\/v2\/users\/3"}],"replies":[{"embeddable":true,"href":"https:\/\/www.accidentdutravail-idf.net\/blog\/wp-json\/wp\/v2\/comments?post=184"}],"version-history":[{"count":0,"href":"https:\/\/www.accidentdutravail-idf.net\/blog\/wp-json\/wp\/v2\/posts\/184\/revisions"}],"wp:featuredmedia":[{"embeddable":true,"href":"https:\/\/www.accidentdutravail-idf.net\/blog\/wp-json\/wp\/v2\/media\/185"}],"wp:attachment":[{"href":"https:\/\/www.accidentdutravail-idf.net\/blog\/wp-json\/wp\/v2\/media?parent=184"}],"wp:term":[{"taxonomy":"category","embeddable":true,"href":"https:\/\/www.accidentdutravail-idf.net\/blog\/wp-json\/wp\/v2\/categories?post=184"},{"taxonomy":"post_tag","embeddable":true,"href":"https:\/\/www.accidentdutravail-idf.net\/blog\/wp-json\/wp\/v2\/tags?post=184"}],"curies":[{"name":"wp","href":"https:\/\/api.w.org\/{rel}","templated":true}]}}