{"id":1827,"date":"2025-10-21T07:42:00","date_gmt":"2025-10-21T06:42:00","guid":{"rendered":"https:\/\/www.accidentdutravail-idf.net\/blog\/drame-sur-le-chantier-un-ouvrier-meurt-apres-une-chute-de-30-metres-sur-un-site-industriel\/"},"modified":"2025-10-21T07:42:00","modified_gmt":"2025-10-21T06:42:00","slug":"drame-sur-le-chantier-un-ouvrier-meurt-apres-une-chute-de-30-metres-sur-un-site-industriel","status":"publish","type":"post","link":"https:\/\/www.accidentdutravail-idf.net\/blog\/drame-sur-le-chantier-un-ouvrier-meurt-apres-une-chute-de-30-metres-sur-un-site-industriel\/","title":{"rendered":"Drame sur le chantier : un ouvrier meurt apr\u00e8s une chute de 30 m\u00e8tres sur un site industriel"},"content":{"rendered":"<div><img decoding=\"async\" src=\"https:\/\/www.accidentdutravail-idf.net\/blog\/wp-content\/uploads\/2025\/10\/drame-sur-le-chantier-un-ouvrier-meurt-apres-une-chute-de-30-metres-sur-un-site-industriel.jpg\" class=\"ff-og-image-inserted\"><\/div>\n<p> Les faits se sont produits ce mardi 21&nbsp;octobre aux alentours de huit heures du matin sur le site industriel de Lhoist Chaux de Provence, dans les environs de Martigues. <\/p>\n<div> <!-- Pub DFP Position [outstream] --> <\/p>\n<p>Ce mardi 21&nbsp;octobre 2025, vers huit heures du matin, un <a href=\"https:\/\/www.midilibre.fr\/2025\/10\/07\/louvrier-etait-en-plein-chantier-a-plus-de-2-600-m-daltitude-des-blocs-de-glace-seffondrent-sur-lui-12977150.php\" target=\"_blank\" rel=\"nofollow\">dramatique accident du travail<\/a> s\u2019est produit sur le site industriel de Lhoist Chaux de Provence, \u00e0 une quinzaine de kilom\u00e8tres de Martigues (Bouches-du-Rh\u00f4ne).<\/p>\n<p><!-- Pub DFP Position [article] --> <\/p>\n<p>Selon les premiers \u00e9l\u00e9ments rapport\u00e9s par <a href=\"https:\/\/www.laprovence.com\/article\/faits-divers-justice\/30383471197043\/un-ouvrier-se-tue-en-chutant-de-30-metres-sur-le-site-de-lhoist-chaux-de-provence-a-la-mede\" target=\"_self\" rel=\"nofollow\"><em>La Provence,<\/em><\/a> un ouvrier d\u2019une quarantaine d\u2019ann\u00e9es a bascul\u00e9 dans le vide \u00e0 pr\u00e8s de 30 m\u00e8tres du sol. La chute s\u2019est av\u00e9r\u00e9e mortelle puisque l\u2019ouvrier n\u2019a pas surv\u00e9cu, malgr\u00e9 l\u2019intervention de six sapeurs-pompiers.<\/p>\n<h2 class=\"txt-int\">Une trentaine d\u2019ouvriers sur le site industriel<\/h2>\n<p>Comme le pr\u00e9cise <a href=\"https:\/\/actu.fr\/provence-alpes-cote-d-azur\/chateauneuf-les-martigues_13026\/drame-pres-de-marseille-un-ouvrier-d-une-quarantaine-d-annees-se-tue-sur-ce-site-industriel_63329277.html\" target=\"_blank\" rel=\"nofollow\"><em>Actu Marseille<\/em><\/a>, le site industriel en question se trouve dans le quartier de La M\u00e8de pr\u00e8s de l\u2019\u00c9tang de Berre. D\u00e9tenu par le groupe Lhoist, le site emploie pr\u00e8s d\u2019une trentaine de salari\u00e9s et produit essentiellement des solutions \u00e0 base de chaux utilis\u00e9es dans le g\u00e9nie civil et le traitement des eaux us\u00e9es.<\/p>\n<p>En 2024, en France, 710&nbsp;000 <a href=\"https:\/\/www.midilibre.fr\/2025\/07\/15\/le-chantier-vire-au-drame-un-jeune-ouvrier-de-19-ans-se-retrouve-enseveli-sous-de-lenrobe-chauffe-a-200-c-12826693.php\" target=\"_blank\" rel=\"nofollow\">accidents du travail<\/a> ont \u00e9t\u00e9 enregistr\u00e9s selon <a href=\"https:\/\/www.andrh.fr\/article\/journee-mondiale-de-la-securite-et-de-la-sante-au-travail-2025\" target=\"_blank\" rel=\"nofollow\">l\u2019Assurance Maladie<\/a> et pr\u00e8s de 800 d\u00e9c\u00e8s ont \u00e9t\u00e9 recens\u00e9s.<\/p>\n<\/p><\/div>\n<p>accidentdutravail-idf.net vous a pr\u00e9par\u00e9 ce post qui informe du sujet \u00ab\u00a0Association Sportive Huisson-Longueville Essonne\u00a0\u00bb. La chronique se veut g\u00e9n\u00e9r\u00e9e du mieux possible. Vous pouvez utiliser les coordonn\u00e9es indiqu\u00e9es sur le site dans le but d\u2019apporter des explications sur ce post qui parle du th\u00e8me \u00ab\u00a0Association Sportive Huisson-Longueville Essonne\u00a0\u00bb. Le site accidentdutravail-idf.net a pour but de fournir diverses publications sur la th\u00e9matique Association Sportive Huisson-Longueville Essonne diffus\u00e9es sur le net. Il y aura plusieurs articles autour du sujet \u00ab\u00a0Association Sportive Huisson-Longueville Essonne\u00a0\u00bb dans quelques jours, nous vous invitons \u00e0 naviguer sur notre site web \u00e0 plusieurs reprises.<\/p>\n","protected":false},"excerpt":{"rendered":"<p>Les faits se sont produits ce mardi 21&nbsp;octobre aux alentours de huit heures du matin sur le site industriel de Lhoist Chaux de Provence, dans les environs de Martigues. Ce mardi 21&nbsp;octobre 2025, vers huit heures du matin, un dramatique accident du travail s\u2019est produit sur le site industriel de Lhoist Chaux de Provence, \u00e0 &hellip; <\/p>\n<p class=\"link-more\"><a href=\"https:\/\/www.accidentdutravail-idf.net\/blog\/drame-sur-le-chantier-un-ouvrier-meurt-apres-une-chute-de-30-metres-sur-un-site-industriel\/\" class=\"more-link\">Continuer la lecture <span class=\"screen-reader-text\"> \u00ab\u00a0Drame sur le chantier : un ouvrier meurt apr\u00e8s une chute de 30 m\u00e8tres sur un site industriel\u00a0\u00bb<\/span><\/a><\/p>\n","protected":false},"author":2,"featured_media":0,"comment_status":"closed","ping_status":"closed","sticky":false,"template":"","format":"standard","meta":{"footnotes":""},"categories":[5],"tags":[],"class_list":["post-1827","post","type-post","status-publish","format-standard","hentry","category-securite-du-travail-en-ile-de-france-et-divers","entry"],"yoast_head":"<!-- This site is optimized with the Yoast SEO plugin v27.5 - https:\/\/yoast.com\/product\/yoast-seo-wordpress\/ -->\n<title>Drame sur le chantier : un ouvrier meurt apr\u00e8s une chute de 30 m\u00e8tres sur un site industriel - ACCIDENTDUTRAVAIL-IDF<\/title>\n<meta name=\"description\" content=\"Drame sur le chantier : un ouvrier meurt apr\u00e8s une chute de 30 m\u00e8tres sur un site industriel article de ACCIDENTDUTRAVAIL-IDF\" \/>\n<meta name=\"robots\" content=\"index, follow, max-snippet:-1, max-image-preview:large, max-video-preview:-1\" \/>\n<link rel=\"canonical\" href=\"https:\/\/www.accidentdutravail-idf.net\/blog\/drame-sur-le-chantier-un-ouvrier-meurt-apres-une-chute-de-30-metres-sur-un-site-industriel\/\" \/>\n<meta property=\"og:locale\" content=\"fr_FR\" \/>\n<meta property=\"og:type\" content=\"article\" \/>\n<meta property=\"og:title\" content=\"Drame sur le chantier : un ouvrier meurt apr\u00e8s une chute de 30 m\u00e8tres sur un site industriel - ACCIDENTDUTRAVAIL-IDF\" \/>\n<meta property=\"og:description\" content=\"Drame sur le chantier : un ouvrier meurt apr\u00e8s une chute de 30 m\u00e8tres sur un site industriel article de ACCIDENTDUTRAVAIL-IDF\" \/>\n<meta property=\"og:url\" content=\"https:\/\/www.accidentdutravail-idf.net\/blog\/drame-sur-le-chantier-un-ouvrier-meurt-apres-une-chute-de-30-metres-sur-un-site-industriel\/\" \/>\n<meta property=\"og:site_name\" content=\"ACCIDENTDUTRAVAIL-IDF\" \/>\n<meta property=\"article:published_time\" content=\"2025-10-21T06:42:00+00:00\" \/>\n<meta property=\"og:image\" content=\"https:\/\/www.accidentdutravail-idf.net\/blog\/wp-content\/uploads\/2025\/10\/drame-sur-le-chantier-un-ouvrier-meurt-apres-une-chute-de-30-metres-sur-un-site-industriel.jpg\" \/>\n<meta name=\"author\" content=\"Carlos Poulain\" \/>\n<meta name=\"twitter:card\" content=\"summary_large_image\" \/>\n<meta name=\"twitter:label1\" content=\"\u00c9crit par\" \/>\n\t<meta name=\"twitter:data1\" content=\"Carlos Poulain\" \/>\n\t<meta name=\"twitter:label2\" content=\"Dur\u00e9e de lecture estim\u00e9e\" \/>\n\t<meta name=\"twitter:data2\" content=\"2 minutes\" \/>\n<script type=\"application\/ld+json\" class=\"yoast-schema-graph\">{\"@context\":\"https:\\\/\\\/schema.org\",\"@graph\":[{\"@type\":\"Article\",\"@id\":\"https:\\\/\\\/www.accidentdutravail-idf.net\\\/blog\\\/drame-sur-le-chantier-un-ouvrier-meurt-apres-une-chute-de-30-metres-sur-un-site-industriel\\\/#article\",\"isPartOf\":{\"@id\":\"https:\\\/\\\/www.accidentdutravail-idf.net\\\/blog\\\/drame-sur-le-chantier-un-ouvrier-meurt-apres-une-chute-de-30-metres-sur-un-site-industriel\\\/\"},\"author\":{\"name\":\"Carlos Poulain\",\"@id\":\"https:\\\/\\\/www.accidentdutravail-idf.net\\\/blog\\\/#\\\/schema\\\/person\\\/3255d2f970de45e64bd9201f38e7b947\"},\"headline\":\"Drame sur le chantier : un ouvrier meurt apr\u00e8s une chute de 30 m\u00e8tres sur un site industriel\",\"datePublished\":\"2025-10-21T06:42:00+00:00\",\"mainEntityOfPage\":{\"@id\":\"https:\\\/\\\/www.accidentdutravail-idf.net\\\/blog\\\/drame-sur-le-chantier-un-ouvrier-meurt-apres-une-chute-de-30-metres-sur-un-site-industriel\\\/\"},\"wordCount\":341,\"publisher\":{\"@id\":\"https:\\\/\\\/www.accidentdutravail-idf.net\\\/blog\\\/#organization\"},\"image\":{\"@id\":\"https:\\\/\\\/www.accidentdutravail-idf.net\\\/blog\\\/drame-sur-le-chantier-un-ouvrier-meurt-apres-une-chute-de-30-metres-sur-un-site-industriel\\\/#primaryimage\"},\"thumbnailUrl\":\"https:\\\/\\\/www.accidentdutravail-idf.net\\\/blog\\\/wp-content\\\/uploads\\\/2025\\\/10\\\/drame-sur-le-chantier-un-ouvrier-meurt-apres-une-chute-de-30-metres-sur-un-site-industriel.jpg\",\"articleSection\":[\"S\u00e9curit\u00e9 Du Travail En Ile-De-France Et Divers:\"],\"inLanguage\":\"fr-FR\"},{\"@type\":\"WebPage\",\"@id\":\"https:\\\/\\\/www.accidentdutravail-idf.net\\\/blog\\\/drame-sur-le-chantier-un-ouvrier-meurt-apres-une-chute-de-30-metres-sur-un-site-industriel\\\/\",\"url\":\"https:\\\/\\\/www.accidentdutravail-idf.net\\\/blog\\\/drame-sur-le-chantier-un-ouvrier-meurt-apres-une-chute-de-30-metres-sur-un-site-industriel\\\/\",\"name\":\"Drame sur le chantier : un ouvrier meurt apr\u00e8s une chute de 30 m\u00e8tres sur un site industriel - ACCIDENTDUTRAVAIL-IDF\",\"isPartOf\":{\"@id\":\"https:\\\/\\\/www.accidentdutravail-idf.net\\\/blog\\\/#website\"},\"primaryImageOfPage\":{\"@id\":\"https:\\\/\\\/www.accidentdutravail-idf.net\\\/blog\\\/drame-sur-le-chantier-un-ouvrier-meurt-apres-une-chute-de-30-metres-sur-un-site-industriel\\\/#primaryimage\"},\"image\":{\"@id\":\"https:\\\/\\\/www.accidentdutravail-idf.net\\\/blog\\\/drame-sur-le-chantier-un-ouvrier-meurt-apres-une-chute-de-30-metres-sur-un-site-industriel\\\/#primaryimage\"},\"thumbnailUrl\":\"https:\\\/\\\/www.accidentdutravail-idf.net\\\/blog\\\/wp-content\\\/uploads\\\/2025\\\/10\\\/drame-sur-le-chantier-un-ouvrier-meurt-apres-une-chute-de-30-metres-sur-un-site-industriel.jpg\",\"datePublished\":\"2025-10-21T06:42:00+00:00\",\"description\":\"Drame sur le chantier : un ouvrier meurt apr\u00e8s une chute de 30 m\u00e8tres sur un site industriel article de ACCIDENTDUTRAVAIL-IDF\",\"breadcrumb\":{\"@id\":\"https:\\\/\\\/www.accidentdutravail-idf.net\\\/blog\\\/drame-sur-le-chantier-un-ouvrier-meurt-apres-une-chute-de-30-metres-sur-un-site-industriel\\\/#breadcrumb\"},\"inLanguage\":\"fr-FR\",\"potentialAction\":[{\"@type\":\"ReadAction\",\"target\":[\"https:\\\/\\\/www.accidentdutravail-idf.net\\\/blog\\\/drame-sur-le-chantier-un-ouvrier-meurt-apres-une-chute-de-30-metres-sur-un-site-industriel\\\/\"]}]},{\"@type\":\"ImageObject\",\"inLanguage\":\"fr-FR\",\"@id\":\"https:\\\/\\\/www.accidentdutravail-idf.net\\\/blog\\\/drame-sur-le-chantier-un-ouvrier-meurt-apres-une-chute-de-30-metres-sur-un-site-industriel\\\/#primaryimage\",\"url\":\"https:\\\/\\\/www.accidentdutravail-idf.net\\\/blog\\\/wp-content\\\/uploads\\\/2025\\\/10\\\/drame-sur-le-chantier-un-ouvrier-meurt-apres-une-chute-de-30-metres-sur-un-site-industriel.jpg\",\"contentUrl\":\"https:\\\/\\\/www.accidentdutravail-idf.net\\\/blog\\\/wp-content\\\/uploads\\\/2025\\\/10\\\/drame-sur-le-chantier-un-ouvrier-meurt-apres-une-chute-de-30-metres-sur-un-site-industriel.jpg\"},{\"@type\":\"BreadcrumbList\",\"@id\":\"https:\\\/\\\/www.accidentdutravail-idf.net\\\/blog\\\/drame-sur-le-chantier-un-ouvrier-meurt-apres-une-chute-de-30-metres-sur-un-site-industriel\\\/#breadcrumb\",\"itemListElement\":[{\"@type\":\"ListItem\",\"position\":1,\"name\":\"Accueil\",\"item\":\"https:\\\/\\\/www.accidentdutravail-idf.net\\\/blog\\\/\"},{\"@type\":\"ListItem\",\"position\":2,\"name\":\"Drame sur le chantier : un ouvrier meurt apr\u00e8s une chute de 30 m\u00e8tres sur un site industriel\"}]},{\"@type\":\"WebSite\",\"@id\":\"https:\\\/\\\/www.accidentdutravail-idf.net\\\/blog\\\/#website\",\"url\":\"https:\\\/\\\/www.accidentdutravail-idf.net\\\/blog\\\/\",\"name\":\"ACCIDENTDUTRAVAIL-IDF\",\"description\":\"Portail accidents du travail-maladies professionnelles des entreprises d&#039;Ile-de-France\",\"publisher\":{\"@id\":\"https:\\\/\\\/www.accidentdutravail-idf.net\\\/blog\\\/#organization\"},\"potentialAction\":[{\"@type\":\"SearchAction\",\"target\":{\"@type\":\"EntryPoint\",\"urlTemplate\":\"https:\\\/\\\/www.accidentdutravail-idf.net\\\/blog\\\/?s={search_term_string}\"},\"query-input\":{\"@type\":\"PropertyValueSpecification\",\"valueRequired\":true,\"valueName\":\"search_term_string\"}}],\"inLanguage\":\"fr-FR\"},{\"@type\":\"Organization\",\"@id\":\"https:\\\/\\\/www.accidentdutravail-idf.net\\\/blog\\\/#organization\",\"name\":\"accidentdutravail-idf\",\"url\":\"https:\\\/\\\/www.accidentdutravail-idf.net\\\/blog\\\/\",\"logo\":{\"@type\":\"ImageObject\",\"inLanguage\":\"fr-FR\",\"@id\":\"https:\\\/\\\/www.accidentdutravail-idf.net\\\/blog\\\/#\\\/schema\\\/logo\\\/image\\\/\",\"url\":\"https:\\\/\\\/www.accidentdutravail-idf.net\\\/blog\\\/wp-content\\\/uploads\\\/2022\\\/09\\\/logo-2.png\",\"contentUrl\":\"https:\\\/\\\/www.accidentdutravail-idf.net\\\/blog\\\/wp-content\\\/uploads\\\/2022\\\/09\\\/logo-2.png\",\"width\":380,\"height\":291,\"caption\":\"accidentdutravail-idf\"},\"image\":{\"@id\":\"https:\\\/\\\/www.accidentdutravail-idf.net\\\/blog\\\/#\\\/schema\\\/logo\\\/image\\\/\"}},{\"@type\":\"Person\",\"@id\":\"https:\\\/\\\/www.accidentdutravail-idf.net\\\/blog\\\/#\\\/schema\\\/person\\\/3255d2f970de45e64bd9201f38e7b947\",\"name\":\"Carlos Poulain\",\"image\":{\"@type\":\"ImageObject\",\"inLanguage\":\"fr-FR\",\"@id\":\"https:\\\/\\\/secure.gravatar.com\\\/avatar\\\/b1c2f9d3588e34e91adb093635df64ef4b2381991216be7576466cfcdca4baf3?s=96&d=mm&r=g\",\"url\":\"https:\\\/\\\/secure.gravatar.com\\\/avatar\\\/b1c2f9d3588e34e91adb093635df64ef4b2381991216be7576466cfcdca4baf3?s=96&d=mm&r=g\",\"contentUrl\":\"https:\\\/\\\/secure.gravatar.com\\\/avatar\\\/b1c2f9d3588e34e91adb093635df64ef4b2381991216be7576466cfcdca4baf3?s=96&d=mm&r=g\",\"caption\":\"Carlos Poulain\"},\"url\":\"https:\\\/\\\/www.accidentdutravail-idf.net\\\/blog\\\/author\\\/idfcarlos\\\/\"}]}<\/script>\n<!-- \/ Yoast SEO plugin. -->","yoast_head_json":{"title":"Drame sur le chantier : un ouvrier meurt apr\u00e8s une chute de 30 m\u00e8tres sur un site industriel - ACCIDENTDUTRAVAIL-IDF","description":"Drame sur le chantier : un ouvrier meurt apr\u00e8s une chute de 30 m\u00e8tres sur un site industriel article de ACCIDENTDUTRAVAIL-IDF","robots":{"index":"index","follow":"follow","max-snippet":"max-snippet:-1","max-image-preview":"max-image-preview:large","max-video-preview":"max-video-preview:-1"},"canonical":"https:\/\/www.accidentdutravail-idf.net\/blog\/drame-sur-le-chantier-un-ouvrier-meurt-apres-une-chute-de-30-metres-sur-un-site-industriel\/","og_locale":"fr_FR","og_type":"article","og_title":"Drame sur le chantier : un ouvrier meurt apr\u00e8s une chute de 30 m\u00e8tres sur un site industriel - ACCIDENTDUTRAVAIL-IDF","og_description":"Drame sur le chantier : un ouvrier meurt apr\u00e8s une chute de 30 m\u00e8tres sur un site industriel article de ACCIDENTDUTRAVAIL-IDF","og_url":"https:\/\/www.accidentdutravail-idf.net\/blog\/drame-sur-le-chantier-un-ouvrier-meurt-apres-une-chute-de-30-metres-sur-un-site-industriel\/","og_site_name":"ACCIDENTDUTRAVAIL-IDF","article_published_time":"2025-10-21T06:42:00+00:00","og_image":[{"url":"https:\/\/www.accidentdutravail-idf.net\/blog\/wp-content\/uploads\/2025\/10\/drame-sur-le-chantier-un-ouvrier-meurt-apres-une-chute-de-30-metres-sur-un-site-industriel.jpg","type":"","width":"","height":""}],"author":"Carlos Poulain","twitter_card":"summary_large_image","twitter_misc":{"\u00c9crit par":"Carlos Poulain","Dur\u00e9e de lecture estim\u00e9e":"2 minutes"},"schema":{"@context":"https:\/\/schema.org","@graph":[{"@type":"Article","@id":"https:\/\/www.accidentdutravail-idf.net\/blog\/drame-sur-le-chantier-un-ouvrier-meurt-apres-une-chute-de-30-metres-sur-un-site-industriel\/#article","isPartOf":{"@id":"https:\/\/www.accidentdutravail-idf.net\/blog\/drame-sur-le-chantier-un-ouvrier-meurt-apres-une-chute-de-30-metres-sur-un-site-industriel\/"},"author":{"name":"Carlos Poulain","@id":"https:\/\/www.accidentdutravail-idf.net\/blog\/#\/schema\/person\/3255d2f970de45e64bd9201f38e7b947"},"headline":"Drame sur le chantier : un ouvrier meurt apr\u00e8s une chute de 30 m\u00e8tres sur un site industriel","datePublished":"2025-10-21T06:42:00+00:00","mainEntityOfPage":{"@id":"https:\/\/www.accidentdutravail-idf.net\/blog\/drame-sur-le-chantier-un-ouvrier-meurt-apres-une-chute-de-30-metres-sur-un-site-industriel\/"},"wordCount":341,"publisher":{"@id":"https:\/\/www.accidentdutravail-idf.net\/blog\/#organization"},"image":{"@id":"https:\/\/www.accidentdutravail-idf.net\/blog\/drame-sur-le-chantier-un-ouvrier-meurt-apres-une-chute-de-30-metres-sur-un-site-industriel\/#primaryimage"},"thumbnailUrl":"https:\/\/www.accidentdutravail-idf.net\/blog\/wp-content\/uploads\/2025\/10\/drame-sur-le-chantier-un-ouvrier-meurt-apres-une-chute-de-30-metres-sur-un-site-industriel.jpg","articleSection":["S\u00e9curit\u00e9 Du Travail En Ile-De-France Et Divers:"],"inLanguage":"fr-FR"},{"@type":"WebPage","@id":"https:\/\/www.accidentdutravail-idf.net\/blog\/drame-sur-le-chantier-un-ouvrier-meurt-apres-une-chute-de-30-metres-sur-un-site-industriel\/","url":"https:\/\/www.accidentdutravail-idf.net\/blog\/drame-sur-le-chantier-un-ouvrier-meurt-apres-une-chute-de-30-metres-sur-un-site-industriel\/","name":"Drame sur le chantier : un ouvrier meurt apr\u00e8s une chute de 30 m\u00e8tres sur un site industriel - ACCIDENTDUTRAVAIL-IDF","isPartOf":{"@id":"https:\/\/www.accidentdutravail-idf.net\/blog\/#website"},"primaryImageOfPage":{"@id":"https:\/\/www.accidentdutravail-idf.net\/blog\/drame-sur-le-chantier-un-ouvrier-meurt-apres-une-chute-de-30-metres-sur-un-site-industriel\/#primaryimage"},"image":{"@id":"https:\/\/www.accidentdutravail-idf.net\/blog\/drame-sur-le-chantier-un-ouvrier-meurt-apres-une-chute-de-30-metres-sur-un-site-industriel\/#primaryimage"},"thumbnailUrl":"https:\/\/www.accidentdutravail-idf.net\/blog\/wp-content\/uploads\/2025\/10\/drame-sur-le-chantier-un-ouvrier-meurt-apres-une-chute-de-30-metres-sur-un-site-industriel.jpg","datePublished":"2025-10-21T06:42:00+00:00","description":"Drame sur le chantier : un ouvrier meurt apr\u00e8s une chute de 30 m\u00e8tres sur un site industriel article de ACCIDENTDUTRAVAIL-IDF","breadcrumb":{"@id":"https:\/\/www.accidentdutravail-idf.net\/blog\/drame-sur-le-chantier-un-ouvrier-meurt-apres-une-chute-de-30-metres-sur-un-site-industriel\/#breadcrumb"},"inLanguage":"fr-FR","potentialAction":[{"@type":"ReadAction","target":["https:\/\/www.accidentdutravail-idf.net\/blog\/drame-sur-le-chantier-un-ouvrier-meurt-apres-une-chute-de-30-metres-sur-un-site-industriel\/"]}]},{"@type":"ImageObject","inLanguage":"fr-FR","@id":"https:\/\/www.accidentdutravail-idf.net\/blog\/drame-sur-le-chantier-un-ouvrier-meurt-apres-une-chute-de-30-metres-sur-un-site-industriel\/#primaryimage","url":"https:\/\/www.accidentdutravail-idf.net\/blog\/wp-content\/uploads\/2025\/10\/drame-sur-le-chantier-un-ouvrier-meurt-apres-une-chute-de-30-metres-sur-un-site-industriel.jpg","contentUrl":"https:\/\/www.accidentdutravail-idf.net\/blog\/wp-content\/uploads\/2025\/10\/drame-sur-le-chantier-un-ouvrier-meurt-apres-une-chute-de-30-metres-sur-un-site-industriel.jpg"},{"@type":"BreadcrumbList","@id":"https:\/\/www.accidentdutravail-idf.net\/blog\/drame-sur-le-chantier-un-ouvrier-meurt-apres-une-chute-de-30-metres-sur-un-site-industriel\/#breadcrumb","itemListElement":[{"@type":"ListItem","position":1,"name":"Accueil","item":"https:\/\/www.accidentdutravail-idf.net\/blog\/"},{"@type":"ListItem","position":2,"name":"Drame sur le chantier : un ouvrier meurt apr\u00e8s une chute de 30 m\u00e8tres sur un site industriel"}]},{"@type":"WebSite","@id":"https:\/\/www.accidentdutravail-idf.net\/blog\/#website","url":"https:\/\/www.accidentdutravail-idf.net\/blog\/","name":"ACCIDENTDUTRAVAIL-IDF","description":"Portail accidents du travail-maladies professionnelles des entreprises d&#039;Ile-de-France","publisher":{"@id":"https:\/\/www.accidentdutravail-idf.net\/blog\/#organization"},"potentialAction":[{"@type":"SearchAction","target":{"@type":"EntryPoint","urlTemplate":"https:\/\/www.accidentdutravail-idf.net\/blog\/?s={search_term_string}"},"query-input":{"@type":"PropertyValueSpecification","valueRequired":true,"valueName":"search_term_string"}}],"inLanguage":"fr-FR"},{"@type":"Organization","@id":"https:\/\/www.accidentdutravail-idf.net\/blog\/#organization","name":"accidentdutravail-idf","url":"https:\/\/www.accidentdutravail-idf.net\/blog\/","logo":{"@type":"ImageObject","inLanguage":"fr-FR","@id":"https:\/\/www.accidentdutravail-idf.net\/blog\/#\/schema\/logo\/image\/","url":"https:\/\/www.accidentdutravail-idf.net\/blog\/wp-content\/uploads\/2022\/09\/logo-2.png","contentUrl":"https:\/\/www.accidentdutravail-idf.net\/blog\/wp-content\/uploads\/2022\/09\/logo-2.png","width":380,"height":291,"caption":"accidentdutravail-idf"},"image":{"@id":"https:\/\/www.accidentdutravail-idf.net\/blog\/#\/schema\/logo\/image\/"}},{"@type":"Person","@id":"https:\/\/www.accidentdutravail-idf.net\/blog\/#\/schema\/person\/3255d2f970de45e64bd9201f38e7b947","name":"Carlos Poulain","image":{"@type":"ImageObject","inLanguage":"fr-FR","@id":"https:\/\/secure.gravatar.com\/avatar\/b1c2f9d3588e34e91adb093635df64ef4b2381991216be7576466cfcdca4baf3?s=96&d=mm&r=g","url":"https:\/\/secure.gravatar.com\/avatar\/b1c2f9d3588e34e91adb093635df64ef4b2381991216be7576466cfcdca4baf3?s=96&d=mm&r=g","contentUrl":"https:\/\/secure.gravatar.com\/avatar\/b1c2f9d3588e34e91adb093635df64ef4b2381991216be7576466cfcdca4baf3?s=96&d=mm&r=g","caption":"Carlos Poulain"},"url":"https:\/\/www.accidentdutravail-idf.net\/blog\/author\/idfcarlos\/"}]}},"_links":{"self":[{"href":"https:\/\/www.accidentdutravail-idf.net\/blog\/wp-json\/wp\/v2\/posts\/1827","targetHints":{"allow":["GET"]}}],"collection":[{"href":"https:\/\/www.accidentdutravail-idf.net\/blog\/wp-json\/wp\/v2\/posts"}],"about":[{"href":"https:\/\/www.accidentdutravail-idf.net\/blog\/wp-json\/wp\/v2\/types\/post"}],"author":[{"embeddable":true,"href":"https:\/\/www.accidentdutravail-idf.net\/blog\/wp-json\/wp\/v2\/users\/2"}],"replies":[{"embeddable":true,"href":"https:\/\/www.accidentdutravail-idf.net\/blog\/wp-json\/wp\/v2\/comments?post=1827"}],"version-history":[{"count":0,"href":"https:\/\/www.accidentdutravail-idf.net\/blog\/wp-json\/wp\/v2\/posts\/1827\/revisions"}],"wp:attachment":[{"href":"https:\/\/www.accidentdutravail-idf.net\/blog\/wp-json\/wp\/v2\/media?parent=1827"}],"wp:term":[{"taxonomy":"category","embeddable":true,"href":"https:\/\/www.accidentdutravail-idf.net\/blog\/wp-json\/wp\/v2\/categories?post=1827"},{"taxonomy":"post_tag","embeddable":true,"href":"https:\/\/www.accidentdutravail-idf.net\/blog\/wp-json\/wp\/v2\/tags?post=1827"}],"curies":[{"name":"wp","href":"https:\/\/api.w.org\/{rel}","templated":true}]}}