{"id":1813,"date":"2025-10-22T21:00:00","date_gmt":"2025-10-22T19:00:00","guid":{"rendered":"https:\/\/www.accidentdutravail-idf.net\/blog\/mort-dun-jeune-de-16-ans-dans-un-accident-du-travail-en-2023-lemotion-de-toute-une-famille-soudee-autour-des-parents\/"},"modified":"2025-10-22T21:00:00","modified_gmt":"2025-10-22T19:00:00","slug":"mort-dun-jeune-de-16-ans-dans-un-accident-du-travail-en-2023-lemotion-de-toute-une-famille-soudee-autour-des-parents","status":"publish","type":"post","link":"https:\/\/www.accidentdutravail-idf.net\/blog\/mort-dun-jeune-de-16-ans-dans-un-accident-du-travail-en-2023-lemotion-de-toute-une-famille-soudee-autour-des-parents\/","title":{"rendered":"Mort d&rsquo;un jeune de 16 ans dans un accident du travail en 2023 : l&rsquo;\u00e9motion de toute une famille soud\u00e9e autour des parents"},"content":{"rendered":"<figure class=\"relative flex flex-col sm:mx-0 -mx-4 mb-6\"><img decoding=\"async\" alt data-nimg=\"fill\" class=\"bg-black-1 !relative max-h-[438px] w-full object-contain\" src=\"https:\/\/www.accidentdutravail-idf.net\/blog\/wp-content\/uploads\/2025\/10\/mort-dun-jeune-de-16-ans-dans-un-accident-du-travail-en-2023-lemotion-de-toute-une-famille-soudee-autour-des-parents.webp\"><figcaption class=\"text-neutral-12 text-sans bg-white-1 w-full py-3 text-xs sm:px-3 px-4\">Le tracteur s&rsquo;\u00e9tait renvers\u00e9 et avait \u00e9cras\u00e9 le jeune homme.<!-- --> <\/figcaption><\/figure>\n<div class=\"z-10 mb-2 flex flex-col gap-4\">\n<p class=\"typo-p1-paragraph\">L&rsquo;immense chagrin, plus de deux ans apr\u00e8s, suscit\u00e9 par la mort d&rsquo;Alexis, un jeune homme de 16 ans, a pris toute la place de l&rsquo;audience du tribunal correctionnel de Bourges, ce mercredi 22 octobre. La famille occupait deux bancs du public, pour soutenir les parents et la petite s\u0153ur de la victime, assis devant Me Pauline Morel, leur avocate, une photo du gar\u00e7on sur les genoux de la maman.<\/p>\n<h3 class=\"typo-h3\">Rapport accablant de l&rsquo;inspection du travail<\/h3>\n<p class=\"typo-p1-paragraph\">Chacun savait que le proc\u00e8s du responsable de l&rsquo;entreprise d&rsquo;espaces verts AZ Services de Saint-Amand-Montrond dans laquelle le gar\u00e7on originaire de Meillant avait \u00e9t\u00e9 embauch\u00e9 comme apprenti en septembre 2022, (le premier apprenti de la soci\u00e9t\u00e9) allait \u00eatre particuli\u00e8rement douloureux.&nbsp;<\/p>\n<p class=\"typo-p1-paragraph\">Poursuivi pour homicide involontaire par personne morale dans le cadre du travail (*), le g\u00e9rant de cette soci\u00e9t\u00e9&nbsp;de quatre salari\u00e9s&nbsp;a d&#8217;embl\u00e9e expliqu\u00e9 \u00ab\u00a0avoir sa part de responsabilit\u00e9\u00a0\u00bb dans ce drame survenu le 1er juin 2023, \u00ab\u00a0et on les assumera\u00a0\u00bb m\u00eame si la&nbsp;substitut de la procureure de la R\u00e9publique de Bourges estime avoir ressenti \u00ab\u00a0une sorte de d\u00e9responsabilisation\u00a0\u00bb de la part du g\u00e9rant.<\/p>\n<\/div>\n<div class=\"flex w-full flex-wrap justify-center gap-4 lg:gap-8 my-10 print:hidden\"><button class=\"btn relative btn-sm btn-primary !normal-case\" type=\"button\">Commenter<\/button><\/p>\n<div class=\"inline-flex items-center gap-2 \">\n<p class=\"typo-p2-paragraph\">Partager :<\/p>\n<\/div>\n<\/div>\n<p>accidentdutravail-idf.net vous a pr\u00e9par\u00e9 ce post qui informe du sujet \u00ab\u00a0Association Sportive Huisson-Longueville Essonne\u00a0\u00bb. La chronique se veut g\u00e9n\u00e9r\u00e9e du mieux possible. Vous pouvez utiliser les coordonn\u00e9es indiqu\u00e9es sur le site dans le but d\u2019apporter des explications sur ce post qui parle du th\u00e8me \u00ab\u00a0Association Sportive Huisson-Longueville Essonne\u00a0\u00bb. Le site accidentdutravail-idf.net a pour but de fournir diverses publications sur la th\u00e9matique Association Sportive Huisson-Longueville Essonne diffus\u00e9es sur le net. Il y aura plusieurs articles autour du sujet \u00ab\u00a0Association Sportive Huisson-Longueville Essonne\u00a0\u00bb dans quelques jours, nous vous invitons \u00e0 naviguer sur notre site web \u00e0 plusieurs reprises.<\/p>\n","protected":false},"excerpt":{"rendered":"<p>Le tracteur s&rsquo;\u00e9tait renvers\u00e9 et avait \u00e9cras\u00e9 le jeune homme. L&rsquo;immense chagrin, plus de deux ans apr\u00e8s, suscit\u00e9 par la mort d&rsquo;Alexis, un jeune homme de 16 ans, a pris toute la place de l&rsquo;audience du tribunal correctionnel de Bourges, ce mercredi 22 octobre. La famille occupait deux bancs du public, pour soutenir les parents &hellip; <\/p>\n<p class=\"link-more\"><a href=\"https:\/\/www.accidentdutravail-idf.net\/blog\/mort-dun-jeune-de-16-ans-dans-un-accident-du-travail-en-2023-lemotion-de-toute-une-famille-soudee-autour-des-parents\/\" class=\"more-link\">Continuer la lecture <span class=\"screen-reader-text\"> \u00ab\u00a0Mort d&rsquo;un jeune de 16 ans dans un accident du travail en 2023 : l&rsquo;\u00e9motion de toute une famille soud\u00e9e autour des parents\u00a0\u00bb<\/span><\/a><\/p>\n","protected":false},"author":2,"featured_media":0,"comment_status":"closed","ping_status":"closed","sticky":false,"template":"","format":"standard","meta":{"footnotes":""},"categories":[5],"tags":[],"class_list":["post-1813","post","type-post","status-publish","format-standard","hentry","category-securite-du-travail-en-ile-de-france-et-divers","entry"],"yoast_head":"<!-- This site is optimized with the Yoast SEO plugin v27.5 - https:\/\/yoast.com\/product\/yoast-seo-wordpress\/ -->\n<title>Mort d&#039;un jeune de 16 ans dans un accident du travail en 2023 : l&#039;\u00e9motion de toute une famille soud\u00e9e autour des parents - ACCIDENTDUTRAVAIL-IDF<\/title>\n<meta name=\"description\" content=\"Mort d&#039;un jeune de 16 ans dans un accident du travail en 2023 : l&#039;\u00e9motion de toute une famille soud\u00e9e autour des parents article de ACCIDENTDUTRAVAIL-IDF\" \/>\n<meta name=\"robots\" content=\"index, follow, max-snippet:-1, max-image-preview:large, max-video-preview:-1\" \/>\n<link rel=\"canonical\" href=\"https:\/\/www.accidentdutravail-idf.net\/blog\/mort-dun-jeune-de-16-ans-dans-un-accident-du-travail-en-2023-lemotion-de-toute-une-famille-soudee-autour-des-parents\/\" \/>\n<meta property=\"og:locale\" content=\"fr_FR\" \/>\n<meta property=\"og:type\" content=\"article\" \/>\n<meta property=\"og:title\" content=\"Mort d&#039;un jeune de 16 ans dans un accident du travail en 2023 : l&#039;\u00e9motion de toute une famille soud\u00e9e autour des parents - ACCIDENTDUTRAVAIL-IDF\" \/>\n<meta property=\"og:description\" content=\"Mort d&#039;un jeune de 16 ans dans un accident du travail en 2023 : l&#039;\u00e9motion de toute une famille soud\u00e9e autour des parents article de ACCIDENTDUTRAVAIL-IDF\" \/>\n<meta property=\"og:url\" content=\"https:\/\/www.accidentdutravail-idf.net\/blog\/mort-dun-jeune-de-16-ans-dans-un-accident-du-travail-en-2023-lemotion-de-toute-une-famille-soudee-autour-des-parents\/\" \/>\n<meta property=\"og:site_name\" content=\"ACCIDENTDUTRAVAIL-IDF\" \/>\n<meta property=\"article:published_time\" content=\"2025-10-22T19:00:00+00:00\" \/>\n<meta property=\"og:image\" content=\"https:\/\/www.accidentdutravail-idf.net\/blog\/wp-content\/uploads\/2025\/10\/mort-dun-jeune-de-16-ans-dans-un-accident-du-travail-en-2023-lemotion-de-toute-une-famille-soudee-autour-des-parents.webp\" \/>\n<meta name=\"author\" content=\"Carlos Poulain\" \/>\n<meta name=\"twitter:card\" content=\"summary_large_image\" \/>\n<meta name=\"twitter:label1\" content=\"\u00c9crit par\" \/>\n\t<meta name=\"twitter:data1\" content=\"Carlos Poulain\" \/>\n\t<meta name=\"twitter:label2\" content=\"Dur\u00e9e de lecture estim\u00e9e\" \/>\n\t<meta name=\"twitter:data2\" content=\"2 minutes\" \/>\n<script type=\"application\/ld+json\" class=\"yoast-schema-graph\">{\"@context\":\"https:\\\/\\\/schema.org\",\"@graph\":[{\"@type\":\"Article\",\"@id\":\"https:\\\/\\\/www.accidentdutravail-idf.net\\\/blog\\\/mort-dun-jeune-de-16-ans-dans-un-accident-du-travail-en-2023-lemotion-de-toute-une-famille-soudee-autour-des-parents\\\/#article\",\"isPartOf\":{\"@id\":\"https:\\\/\\\/www.accidentdutravail-idf.net\\\/blog\\\/mort-dun-jeune-de-16-ans-dans-un-accident-du-travail-en-2023-lemotion-de-toute-une-famille-soudee-autour-des-parents\\\/\"},\"author\":{\"name\":\"Carlos Poulain\",\"@id\":\"https:\\\/\\\/www.accidentdutravail-idf.net\\\/blog\\\/#\\\/schema\\\/person\\\/3255d2f970de45e64bd9201f38e7b947\"},\"headline\":\"Mort d&rsquo;un jeune de 16 ans dans un accident du travail en 2023 : l&rsquo;\u00e9motion de toute une famille soud\u00e9e autour des parents\",\"datePublished\":\"2025-10-22T19:00:00+00:00\",\"mainEntityOfPage\":{\"@id\":\"https:\\\/\\\/www.accidentdutravail-idf.net\\\/blog\\\/mort-dun-jeune-de-16-ans-dans-un-accident-du-travail-en-2023-lemotion-de-toute-une-famille-soudee-autour-des-parents\\\/\"},\"wordCount\":335,\"publisher\":{\"@id\":\"https:\\\/\\\/www.accidentdutravail-idf.net\\\/blog\\\/#organization\"},\"image\":{\"@id\":\"https:\\\/\\\/www.accidentdutravail-idf.net\\\/blog\\\/mort-dun-jeune-de-16-ans-dans-un-accident-du-travail-en-2023-lemotion-de-toute-une-famille-soudee-autour-des-parents\\\/#primaryimage\"},\"thumbnailUrl\":\"https:\\\/\\\/www.accidentdutravail-idf.net\\\/blog\\\/wp-content\\\/uploads\\\/2025\\\/10\\\/mort-dun-jeune-de-16-ans-dans-un-accident-du-travail-en-2023-lemotion-de-toute-une-famille-soudee-autour-des-parents.webp\",\"articleSection\":[\"S\u00e9curit\u00e9 Du Travail En Ile-De-France Et Divers:\"],\"inLanguage\":\"fr-FR\"},{\"@type\":\"WebPage\",\"@id\":\"https:\\\/\\\/www.accidentdutravail-idf.net\\\/blog\\\/mort-dun-jeune-de-16-ans-dans-un-accident-du-travail-en-2023-lemotion-de-toute-une-famille-soudee-autour-des-parents\\\/\",\"url\":\"https:\\\/\\\/www.accidentdutravail-idf.net\\\/blog\\\/mort-dun-jeune-de-16-ans-dans-un-accident-du-travail-en-2023-lemotion-de-toute-une-famille-soudee-autour-des-parents\\\/\",\"name\":\"Mort d'un jeune de 16 ans dans un accident du travail en 2023 : l'\u00e9motion de toute une famille soud\u00e9e autour des parents - ACCIDENTDUTRAVAIL-IDF\",\"isPartOf\":{\"@id\":\"https:\\\/\\\/www.accidentdutravail-idf.net\\\/blog\\\/#website\"},\"primaryImageOfPage\":{\"@id\":\"https:\\\/\\\/www.accidentdutravail-idf.net\\\/blog\\\/mort-dun-jeune-de-16-ans-dans-un-accident-du-travail-en-2023-lemotion-de-toute-une-famille-soudee-autour-des-parents\\\/#primaryimage\"},\"image\":{\"@id\":\"https:\\\/\\\/www.accidentdutravail-idf.net\\\/blog\\\/mort-dun-jeune-de-16-ans-dans-un-accident-du-travail-en-2023-lemotion-de-toute-une-famille-soudee-autour-des-parents\\\/#primaryimage\"},\"thumbnailUrl\":\"https:\\\/\\\/www.accidentdutravail-idf.net\\\/blog\\\/wp-content\\\/uploads\\\/2025\\\/10\\\/mort-dun-jeune-de-16-ans-dans-un-accident-du-travail-en-2023-lemotion-de-toute-une-famille-soudee-autour-des-parents.webp\",\"datePublished\":\"2025-10-22T19:00:00+00:00\",\"description\":\"Mort d'un jeune de 16 ans dans un accident du travail en 2023 : l'\u00e9motion de toute une famille soud\u00e9e autour des parents article de ACCIDENTDUTRAVAIL-IDF\",\"breadcrumb\":{\"@id\":\"https:\\\/\\\/www.accidentdutravail-idf.net\\\/blog\\\/mort-dun-jeune-de-16-ans-dans-un-accident-du-travail-en-2023-lemotion-de-toute-une-famille-soudee-autour-des-parents\\\/#breadcrumb\"},\"inLanguage\":\"fr-FR\",\"potentialAction\":[{\"@type\":\"ReadAction\",\"target\":[\"https:\\\/\\\/www.accidentdutravail-idf.net\\\/blog\\\/mort-dun-jeune-de-16-ans-dans-un-accident-du-travail-en-2023-lemotion-de-toute-une-famille-soudee-autour-des-parents\\\/\"]}]},{\"@type\":\"ImageObject\",\"inLanguage\":\"fr-FR\",\"@id\":\"https:\\\/\\\/www.accidentdutravail-idf.net\\\/blog\\\/mort-dun-jeune-de-16-ans-dans-un-accident-du-travail-en-2023-lemotion-de-toute-une-famille-soudee-autour-des-parents\\\/#primaryimage\",\"url\":\"https:\\\/\\\/www.accidentdutravail-idf.net\\\/blog\\\/wp-content\\\/uploads\\\/2025\\\/10\\\/mort-dun-jeune-de-16-ans-dans-un-accident-du-travail-en-2023-lemotion-de-toute-une-famille-soudee-autour-des-parents.webp\",\"contentUrl\":\"https:\\\/\\\/www.accidentdutravail-idf.net\\\/blog\\\/wp-content\\\/uploads\\\/2025\\\/10\\\/mort-dun-jeune-de-16-ans-dans-un-accident-du-travail-en-2023-lemotion-de-toute-une-famille-soudee-autour-des-parents.webp\"},{\"@type\":\"BreadcrumbList\",\"@id\":\"https:\\\/\\\/www.accidentdutravail-idf.net\\\/blog\\\/mort-dun-jeune-de-16-ans-dans-un-accident-du-travail-en-2023-lemotion-de-toute-une-famille-soudee-autour-des-parents\\\/#breadcrumb\",\"itemListElement\":[{\"@type\":\"ListItem\",\"position\":1,\"name\":\"Accueil\",\"item\":\"https:\\\/\\\/www.accidentdutravail-idf.net\\\/blog\\\/\"},{\"@type\":\"ListItem\",\"position\":2,\"name\":\"Mort d&rsquo;un jeune de 16 ans dans un accident du travail en 2023 : l&rsquo;\u00e9motion de toute une famille soud\u00e9e autour des parents\"}]},{\"@type\":\"WebSite\",\"@id\":\"https:\\\/\\\/www.accidentdutravail-idf.net\\\/blog\\\/#website\",\"url\":\"https:\\\/\\\/www.accidentdutravail-idf.net\\\/blog\\\/\",\"name\":\"ACCIDENTDUTRAVAIL-IDF\",\"description\":\"Portail accidents du travail-maladies professionnelles des entreprises d&#039;Ile-de-France\",\"publisher\":{\"@id\":\"https:\\\/\\\/www.accidentdutravail-idf.net\\\/blog\\\/#organization\"},\"potentialAction\":[{\"@type\":\"SearchAction\",\"target\":{\"@type\":\"EntryPoint\",\"urlTemplate\":\"https:\\\/\\\/www.accidentdutravail-idf.net\\\/blog\\\/?s={search_term_string}\"},\"query-input\":{\"@type\":\"PropertyValueSpecification\",\"valueRequired\":true,\"valueName\":\"search_term_string\"}}],\"inLanguage\":\"fr-FR\"},{\"@type\":\"Organization\",\"@id\":\"https:\\\/\\\/www.accidentdutravail-idf.net\\\/blog\\\/#organization\",\"name\":\"accidentdutravail-idf\",\"url\":\"https:\\\/\\\/www.accidentdutravail-idf.net\\\/blog\\\/\",\"logo\":{\"@type\":\"ImageObject\",\"inLanguage\":\"fr-FR\",\"@id\":\"https:\\\/\\\/www.accidentdutravail-idf.net\\\/blog\\\/#\\\/schema\\\/logo\\\/image\\\/\",\"url\":\"https:\\\/\\\/www.accidentdutravail-idf.net\\\/blog\\\/wp-content\\\/uploads\\\/2022\\\/09\\\/logo-2.png\",\"contentUrl\":\"https:\\\/\\\/www.accidentdutravail-idf.net\\\/blog\\\/wp-content\\\/uploads\\\/2022\\\/09\\\/logo-2.png\",\"width\":380,\"height\":291,\"caption\":\"accidentdutravail-idf\"},\"image\":{\"@id\":\"https:\\\/\\\/www.accidentdutravail-idf.net\\\/blog\\\/#\\\/schema\\\/logo\\\/image\\\/\"}},{\"@type\":\"Person\",\"@id\":\"https:\\\/\\\/www.accidentdutravail-idf.net\\\/blog\\\/#\\\/schema\\\/person\\\/3255d2f970de45e64bd9201f38e7b947\",\"name\":\"Carlos Poulain\",\"image\":{\"@type\":\"ImageObject\",\"inLanguage\":\"fr-FR\",\"@id\":\"https:\\\/\\\/secure.gravatar.com\\\/avatar\\\/b1c2f9d3588e34e91adb093635df64ef4b2381991216be7576466cfcdca4baf3?s=96&d=mm&r=g\",\"url\":\"https:\\\/\\\/secure.gravatar.com\\\/avatar\\\/b1c2f9d3588e34e91adb093635df64ef4b2381991216be7576466cfcdca4baf3?s=96&d=mm&r=g\",\"contentUrl\":\"https:\\\/\\\/secure.gravatar.com\\\/avatar\\\/b1c2f9d3588e34e91adb093635df64ef4b2381991216be7576466cfcdca4baf3?s=96&d=mm&r=g\",\"caption\":\"Carlos Poulain\"},\"url\":\"https:\\\/\\\/www.accidentdutravail-idf.net\\\/blog\\\/author\\\/idfcarlos\\\/\"}]}<\/script>\n<!-- \/ Yoast SEO plugin. -->","yoast_head_json":{"title":"Mort d'un jeune de 16 ans dans un accident du travail en 2023 : l'\u00e9motion de toute une famille soud\u00e9e autour des parents - ACCIDENTDUTRAVAIL-IDF","description":"Mort d'un jeune de 16 ans dans un accident du travail en 2023 : l'\u00e9motion de toute une famille soud\u00e9e autour des parents article de ACCIDENTDUTRAVAIL-IDF","robots":{"index":"index","follow":"follow","max-snippet":"max-snippet:-1","max-image-preview":"max-image-preview:large","max-video-preview":"max-video-preview:-1"},"canonical":"https:\/\/www.accidentdutravail-idf.net\/blog\/mort-dun-jeune-de-16-ans-dans-un-accident-du-travail-en-2023-lemotion-de-toute-une-famille-soudee-autour-des-parents\/","og_locale":"fr_FR","og_type":"article","og_title":"Mort d'un jeune de 16 ans dans un accident du travail en 2023 : l'\u00e9motion de toute une famille soud\u00e9e autour des parents - ACCIDENTDUTRAVAIL-IDF","og_description":"Mort d'un jeune de 16 ans dans un accident du travail en 2023 : l'\u00e9motion de toute une famille soud\u00e9e autour des parents article de ACCIDENTDUTRAVAIL-IDF","og_url":"https:\/\/www.accidentdutravail-idf.net\/blog\/mort-dun-jeune-de-16-ans-dans-un-accident-du-travail-en-2023-lemotion-de-toute-une-famille-soudee-autour-des-parents\/","og_site_name":"ACCIDENTDUTRAVAIL-IDF","article_published_time":"2025-10-22T19:00:00+00:00","og_image":[{"url":"https:\/\/www.accidentdutravail-idf.net\/blog\/wp-content\/uploads\/2025\/10\/mort-dun-jeune-de-16-ans-dans-un-accident-du-travail-en-2023-lemotion-de-toute-une-famille-soudee-autour-des-parents.webp","type":"","width":"","height":""}],"author":"Carlos Poulain","twitter_card":"summary_large_image","twitter_misc":{"\u00c9crit par":"Carlos Poulain","Dur\u00e9e de lecture estim\u00e9e":"2 minutes"},"schema":{"@context":"https:\/\/schema.org","@graph":[{"@type":"Article","@id":"https:\/\/www.accidentdutravail-idf.net\/blog\/mort-dun-jeune-de-16-ans-dans-un-accident-du-travail-en-2023-lemotion-de-toute-une-famille-soudee-autour-des-parents\/#article","isPartOf":{"@id":"https:\/\/www.accidentdutravail-idf.net\/blog\/mort-dun-jeune-de-16-ans-dans-un-accident-du-travail-en-2023-lemotion-de-toute-une-famille-soudee-autour-des-parents\/"},"author":{"name":"Carlos Poulain","@id":"https:\/\/www.accidentdutravail-idf.net\/blog\/#\/schema\/person\/3255d2f970de45e64bd9201f38e7b947"},"headline":"Mort d&rsquo;un jeune de 16 ans dans un accident du travail en 2023 : l&rsquo;\u00e9motion de toute une famille soud\u00e9e autour des parents","datePublished":"2025-10-22T19:00:00+00:00","mainEntityOfPage":{"@id":"https:\/\/www.accidentdutravail-idf.net\/blog\/mort-dun-jeune-de-16-ans-dans-un-accident-du-travail-en-2023-lemotion-de-toute-une-famille-soudee-autour-des-parents\/"},"wordCount":335,"publisher":{"@id":"https:\/\/www.accidentdutravail-idf.net\/blog\/#organization"},"image":{"@id":"https:\/\/www.accidentdutravail-idf.net\/blog\/mort-dun-jeune-de-16-ans-dans-un-accident-du-travail-en-2023-lemotion-de-toute-une-famille-soudee-autour-des-parents\/#primaryimage"},"thumbnailUrl":"https:\/\/www.accidentdutravail-idf.net\/blog\/wp-content\/uploads\/2025\/10\/mort-dun-jeune-de-16-ans-dans-un-accident-du-travail-en-2023-lemotion-de-toute-une-famille-soudee-autour-des-parents.webp","articleSection":["S\u00e9curit\u00e9 Du Travail En Ile-De-France Et Divers:"],"inLanguage":"fr-FR"},{"@type":"WebPage","@id":"https:\/\/www.accidentdutravail-idf.net\/blog\/mort-dun-jeune-de-16-ans-dans-un-accident-du-travail-en-2023-lemotion-de-toute-une-famille-soudee-autour-des-parents\/","url":"https:\/\/www.accidentdutravail-idf.net\/blog\/mort-dun-jeune-de-16-ans-dans-un-accident-du-travail-en-2023-lemotion-de-toute-une-famille-soudee-autour-des-parents\/","name":"Mort d'un jeune de 16 ans dans un accident du travail en 2023 : l'\u00e9motion de toute une famille soud\u00e9e autour des parents - ACCIDENTDUTRAVAIL-IDF","isPartOf":{"@id":"https:\/\/www.accidentdutravail-idf.net\/blog\/#website"},"primaryImageOfPage":{"@id":"https:\/\/www.accidentdutravail-idf.net\/blog\/mort-dun-jeune-de-16-ans-dans-un-accident-du-travail-en-2023-lemotion-de-toute-une-famille-soudee-autour-des-parents\/#primaryimage"},"image":{"@id":"https:\/\/www.accidentdutravail-idf.net\/blog\/mort-dun-jeune-de-16-ans-dans-un-accident-du-travail-en-2023-lemotion-de-toute-une-famille-soudee-autour-des-parents\/#primaryimage"},"thumbnailUrl":"https:\/\/www.accidentdutravail-idf.net\/blog\/wp-content\/uploads\/2025\/10\/mort-dun-jeune-de-16-ans-dans-un-accident-du-travail-en-2023-lemotion-de-toute-une-famille-soudee-autour-des-parents.webp","datePublished":"2025-10-22T19:00:00+00:00","description":"Mort d'un jeune de 16 ans dans un accident du travail en 2023 : l'\u00e9motion de toute une famille soud\u00e9e autour des parents article de ACCIDENTDUTRAVAIL-IDF","breadcrumb":{"@id":"https:\/\/www.accidentdutravail-idf.net\/blog\/mort-dun-jeune-de-16-ans-dans-un-accident-du-travail-en-2023-lemotion-de-toute-une-famille-soudee-autour-des-parents\/#breadcrumb"},"inLanguage":"fr-FR","potentialAction":[{"@type":"ReadAction","target":["https:\/\/www.accidentdutravail-idf.net\/blog\/mort-dun-jeune-de-16-ans-dans-un-accident-du-travail-en-2023-lemotion-de-toute-une-famille-soudee-autour-des-parents\/"]}]},{"@type":"ImageObject","inLanguage":"fr-FR","@id":"https:\/\/www.accidentdutravail-idf.net\/blog\/mort-dun-jeune-de-16-ans-dans-un-accident-du-travail-en-2023-lemotion-de-toute-une-famille-soudee-autour-des-parents\/#primaryimage","url":"https:\/\/www.accidentdutravail-idf.net\/blog\/wp-content\/uploads\/2025\/10\/mort-dun-jeune-de-16-ans-dans-un-accident-du-travail-en-2023-lemotion-de-toute-une-famille-soudee-autour-des-parents.webp","contentUrl":"https:\/\/www.accidentdutravail-idf.net\/blog\/wp-content\/uploads\/2025\/10\/mort-dun-jeune-de-16-ans-dans-un-accident-du-travail-en-2023-lemotion-de-toute-une-famille-soudee-autour-des-parents.webp"},{"@type":"BreadcrumbList","@id":"https:\/\/www.accidentdutravail-idf.net\/blog\/mort-dun-jeune-de-16-ans-dans-un-accident-du-travail-en-2023-lemotion-de-toute-une-famille-soudee-autour-des-parents\/#breadcrumb","itemListElement":[{"@type":"ListItem","position":1,"name":"Accueil","item":"https:\/\/www.accidentdutravail-idf.net\/blog\/"},{"@type":"ListItem","position":2,"name":"Mort d&rsquo;un jeune de 16 ans dans un accident du travail en 2023 : l&rsquo;\u00e9motion de toute une famille soud\u00e9e autour des parents"}]},{"@type":"WebSite","@id":"https:\/\/www.accidentdutravail-idf.net\/blog\/#website","url":"https:\/\/www.accidentdutravail-idf.net\/blog\/","name":"ACCIDENTDUTRAVAIL-IDF","description":"Portail accidents du travail-maladies professionnelles des entreprises d&#039;Ile-de-France","publisher":{"@id":"https:\/\/www.accidentdutravail-idf.net\/blog\/#organization"},"potentialAction":[{"@type":"SearchAction","target":{"@type":"EntryPoint","urlTemplate":"https:\/\/www.accidentdutravail-idf.net\/blog\/?s={search_term_string}"},"query-input":{"@type":"PropertyValueSpecification","valueRequired":true,"valueName":"search_term_string"}}],"inLanguage":"fr-FR"},{"@type":"Organization","@id":"https:\/\/www.accidentdutravail-idf.net\/blog\/#organization","name":"accidentdutravail-idf","url":"https:\/\/www.accidentdutravail-idf.net\/blog\/","logo":{"@type":"ImageObject","inLanguage":"fr-FR","@id":"https:\/\/www.accidentdutravail-idf.net\/blog\/#\/schema\/logo\/image\/","url":"https:\/\/www.accidentdutravail-idf.net\/blog\/wp-content\/uploads\/2022\/09\/logo-2.png","contentUrl":"https:\/\/www.accidentdutravail-idf.net\/blog\/wp-content\/uploads\/2022\/09\/logo-2.png","width":380,"height":291,"caption":"accidentdutravail-idf"},"image":{"@id":"https:\/\/www.accidentdutravail-idf.net\/blog\/#\/schema\/logo\/image\/"}},{"@type":"Person","@id":"https:\/\/www.accidentdutravail-idf.net\/blog\/#\/schema\/person\/3255d2f970de45e64bd9201f38e7b947","name":"Carlos Poulain","image":{"@type":"ImageObject","inLanguage":"fr-FR","@id":"https:\/\/secure.gravatar.com\/avatar\/b1c2f9d3588e34e91adb093635df64ef4b2381991216be7576466cfcdca4baf3?s=96&d=mm&r=g","url":"https:\/\/secure.gravatar.com\/avatar\/b1c2f9d3588e34e91adb093635df64ef4b2381991216be7576466cfcdca4baf3?s=96&d=mm&r=g","contentUrl":"https:\/\/secure.gravatar.com\/avatar\/b1c2f9d3588e34e91adb093635df64ef4b2381991216be7576466cfcdca4baf3?s=96&d=mm&r=g","caption":"Carlos Poulain"},"url":"https:\/\/www.accidentdutravail-idf.net\/blog\/author\/idfcarlos\/"}]}},"_links":{"self":[{"href":"https:\/\/www.accidentdutravail-idf.net\/blog\/wp-json\/wp\/v2\/posts\/1813","targetHints":{"allow":["GET"]}}],"collection":[{"href":"https:\/\/www.accidentdutravail-idf.net\/blog\/wp-json\/wp\/v2\/posts"}],"about":[{"href":"https:\/\/www.accidentdutravail-idf.net\/blog\/wp-json\/wp\/v2\/types\/post"}],"author":[{"embeddable":true,"href":"https:\/\/www.accidentdutravail-idf.net\/blog\/wp-json\/wp\/v2\/users\/2"}],"replies":[{"embeddable":true,"href":"https:\/\/www.accidentdutravail-idf.net\/blog\/wp-json\/wp\/v2\/comments?post=1813"}],"version-history":[{"count":0,"href":"https:\/\/www.accidentdutravail-idf.net\/blog\/wp-json\/wp\/v2\/posts\/1813\/revisions"}],"wp:attachment":[{"href":"https:\/\/www.accidentdutravail-idf.net\/blog\/wp-json\/wp\/v2\/media?parent=1813"}],"wp:term":[{"taxonomy":"category","embeddable":true,"href":"https:\/\/www.accidentdutravail-idf.net\/blog\/wp-json\/wp\/v2\/categories?post=1813"},{"taxonomy":"post_tag","embeddable":true,"href":"https:\/\/www.accidentdutravail-idf.net\/blog\/wp-json\/wp\/v2\/tags?post=1813"}],"curies":[{"name":"wp","href":"https:\/\/api.w.org\/{rel}","templated":true}]}}