{"id":1807,"date":"2025-10-22T06:16:00","date_gmt":"2025-10-22T04:16:00","guid":{"rendered":"https:\/\/www.accidentdutravail-idf.net\/blog\/le-debroussaillage-tourne-au-drame-sur-les-routes-de-laveyron-un-jeune-de-18-ans-touche-par-un-accident\/"},"modified":"2025-10-22T06:16:00","modified_gmt":"2025-10-22T04:16:00","slug":"le-debroussaillage-tourne-au-drame-sur-les-routes-de-laveyron-un-jeune-de-18-ans-touche-par-un-accident","status":"publish","type":"post","link":"https:\/\/www.accidentdutravail-idf.net\/blog\/le-debroussaillage-tourne-au-drame-sur-les-routes-de-laveyron-un-jeune-de-18-ans-touche-par-un-accident\/","title":{"rendered":"Le d\u00e9broussaillage tourne au drame sur les routes de l\u2019Aveyron, un jeune de 18 ans touch\u00e9 par un accident"},"content":{"rendered":"<div><img decoding=\"async\" src=\"https:\/\/www.accidentdutravail-idf.net\/blog\/wp-content\/uploads\/2025\/10\/le-debroussaillage-tourne-au-drame-sur-les-routes-de-laveyron-un-jeune-de-18-ans-touche-par-un-accident.jpg\" class=\"ff-og-image-inserted\"><\/div>\n<p> <span class=\"article-full__chapo-label hide-on-small-only\">l&rsquo;essentiel<\/span> Un accident s\u2019est produit lors d\u2019une op\u00e9ration de d\u00e9broussaillage, sur les routes aveyronnaises. Un jeune de 18 ans a \u00e9t\u00e9 gri\u00e8vement bless\u00e9 lors d\u2019une coupe d\u2019arbre. <\/p>\n<div data-state=\"fixed-height\" data-selection=\"disabled\"> <!-- Pub DFP Position [outstream] --> <\/p>\n<p>L\u2019op\u00e9ration de d\u00e9broussaillage des routes a mal tourn\u00e9 en Aveyron, le 21&nbsp;octobre 2025. Un accident du travail s\u2019est produit, vers midi, \u00e0&nbsp;Saint-Geniez-d\u2019Olt, relatent nos confr\u00e8res de <a href=\"https:\/\/france3-regions.franceinfo.fr\/occitanie\/aveyron\/rodez\/l-arbre-qu-il-coupait-lui-tombe-dessus-un-jeune-homme-de-18-ans-en-urgence-absolue-apres-un-accident-du-travail-3237343.html\" target=\"_self\" rel=\"nofollow\">France 3 Aveyron<\/a>. La victime est un jeune de 18 ans qui travaillait sur de la v\u00e9g\u00e9tation.<\/p>\n<p><!-- Pub DFP Position [article] --> <\/p>\n<p>Celui-ci se livrait \u00e0 la coupe d\u2019un arbre, situ\u00e9 le long de la route d\u00e9partementale 95. Soudainement, l\u2019arbre est tomb\u00e9 sur l\u2019agent. Les sapeurs-pompiers ont \u00e9t\u00e9 alert\u00e9s et sont arriv\u00e9s vite sur les lieux.<\/p>\n<h2 class=\"txt-int\">Dans un \u00e9tat tr\u00e8s grave malgr\u00e9 le casque<\/h2>\n<p>Heureusement, le jeune homme \u00e9tait casqu\u00e9 et prot\u00e9g\u00e9. Mais la violence du choc lui a inflig\u00e9 un traumatisme cr\u00e2nien, aux dires des secours qui sont vite intervenus.<\/p>\n<p>Son \u00e9tat estim\u00e9 tr\u00e8s grave n\u00e9cessitait une \u00e9vacuation vers l\u2019h\u00f4pital par h\u00e9licopt\u00e8re. H\u00e9las, le temps tr\u00e8s pluvieux a emp\u00each\u00e9 l\u2019utilisation de l\u2019h\u00e9licopt\u00e8re. Il a donc fallu que les secours emm\u00e8nent la victime par la voie terrestre vers l\u2019h\u00f4pital de Rodez.<\/p>\n<\/p><\/div>\n<p>accidentdutravail-idf.net vous a pr\u00e9par\u00e9 ce post qui informe du sujet \u00ab\u00a0Association Sportive Huisson-Longueville Essonne\u00a0\u00bb. La chronique se veut g\u00e9n\u00e9r\u00e9e du mieux possible. Vous pouvez utiliser les coordonn\u00e9es indiqu\u00e9es sur le site dans le but d\u2019apporter des explications sur ce post qui parle du th\u00e8me \u00ab\u00a0Association Sportive Huisson-Longueville Essonne\u00a0\u00bb. Le site accidentdutravail-idf.net a pour but de fournir diverses publications sur la th\u00e9matique Association Sportive Huisson-Longueville Essonne diffus\u00e9es sur le net. Il y aura plusieurs articles autour du sujet \u00ab\u00a0Association Sportive Huisson-Longueville Essonne\u00a0\u00bb dans quelques jours, nous vous invitons \u00e0 naviguer sur notre site web \u00e0 plusieurs reprises.<\/p>\n","protected":false},"excerpt":{"rendered":"<p>l&rsquo;essentiel Un accident s\u2019est produit lors d\u2019une op\u00e9ration de d\u00e9broussaillage, sur les routes aveyronnaises. Un jeune de 18 ans a \u00e9t\u00e9 gri\u00e8vement bless\u00e9 lors d\u2019une coupe d\u2019arbre. L\u2019op\u00e9ration de d\u00e9broussaillage des routes a mal tourn\u00e9 en Aveyron, le 21&nbsp;octobre 2025. Un accident du travail s\u2019est produit, vers midi, \u00e0&nbsp;Saint-Geniez-d\u2019Olt, relatent nos confr\u00e8res de France 3 &hellip; <\/p>\n<p class=\"link-more\"><a href=\"https:\/\/www.accidentdutravail-idf.net\/blog\/le-debroussaillage-tourne-au-drame-sur-les-routes-de-laveyron-un-jeune-de-18-ans-touche-par-un-accident\/\" class=\"more-link\">Continuer la lecture <span class=\"screen-reader-text\"> \u00ab\u00a0Le d\u00e9broussaillage tourne au drame sur les routes de l\u2019Aveyron, un jeune de 18 ans touch\u00e9 par un accident\u00a0\u00bb<\/span><\/a><\/p>\n","protected":false},"author":2,"featured_media":0,"comment_status":"closed","ping_status":"closed","sticky":false,"template":"","format":"standard","meta":{"footnotes":""},"categories":[5],"tags":[],"class_list":["post-1807","post","type-post","status-publish","format-standard","hentry","category-securite-du-travail-en-ile-de-france-et-divers","entry"],"yoast_head":"<!-- This site is optimized with the Yoast SEO plugin v27.5 - https:\/\/yoast.com\/product\/yoast-seo-wordpress\/ -->\n<title>Le d\u00e9broussaillage tourne au drame sur les routes de l\u2019Aveyron, un jeune de 18 ans touch\u00e9 par un accident - ACCIDENTDUTRAVAIL-IDF<\/title>\n<meta name=\"description\" content=\"Le d\u00e9broussaillage tourne au drame sur les routes de l\u2019Aveyron, un jeune de 18 ans touch\u00e9 par un accident article de ACCIDENTDUTRAVAIL-IDF\" \/>\n<meta name=\"robots\" content=\"index, follow, max-snippet:-1, max-image-preview:large, max-video-preview:-1\" \/>\n<link rel=\"canonical\" href=\"https:\/\/www.accidentdutravail-idf.net\/blog\/le-debroussaillage-tourne-au-drame-sur-les-routes-de-laveyron-un-jeune-de-18-ans-touche-par-un-accident\/\" \/>\n<meta property=\"og:locale\" content=\"fr_FR\" \/>\n<meta property=\"og:type\" content=\"article\" \/>\n<meta property=\"og:title\" content=\"Le d\u00e9broussaillage tourne au drame sur les routes de l\u2019Aveyron, un jeune de 18 ans touch\u00e9 par un accident - ACCIDENTDUTRAVAIL-IDF\" \/>\n<meta property=\"og:description\" content=\"Le d\u00e9broussaillage tourne au drame sur les routes de l\u2019Aveyron, un jeune de 18 ans touch\u00e9 par un accident article de ACCIDENTDUTRAVAIL-IDF\" \/>\n<meta property=\"og:url\" content=\"https:\/\/www.accidentdutravail-idf.net\/blog\/le-debroussaillage-tourne-au-drame-sur-les-routes-de-laveyron-un-jeune-de-18-ans-touche-par-un-accident\/\" \/>\n<meta property=\"og:site_name\" content=\"ACCIDENTDUTRAVAIL-IDF\" \/>\n<meta property=\"article:published_time\" content=\"2025-10-22T04:16:00+00:00\" \/>\n<meta property=\"og:image\" content=\"https:\/\/www.accidentdutravail-idf.net\/blog\/wp-content\/uploads\/2025\/10\/le-debroussaillage-tourne-au-drame-sur-les-routes-de-laveyron-un-jeune-de-18-ans-touche-par-un-accident.jpg\" \/>\n<meta name=\"author\" content=\"Carlos Poulain\" \/>\n<meta name=\"twitter:card\" content=\"summary_large_image\" \/>\n<meta name=\"twitter:label1\" content=\"\u00c9crit par\" \/>\n\t<meta name=\"twitter:data1\" content=\"Carlos Poulain\" \/>\n\t<meta name=\"twitter:label2\" content=\"Dur\u00e9e de lecture estim\u00e9e\" \/>\n\t<meta name=\"twitter:data2\" content=\"2 minutes\" \/>\n<script type=\"application\/ld+json\" class=\"yoast-schema-graph\">{\"@context\":\"https:\\\/\\\/schema.org\",\"@graph\":[{\"@type\":\"Article\",\"@id\":\"https:\\\/\\\/www.accidentdutravail-idf.net\\\/blog\\\/le-debroussaillage-tourne-au-drame-sur-les-routes-de-laveyron-un-jeune-de-18-ans-touche-par-un-accident\\\/#article\",\"isPartOf\":{\"@id\":\"https:\\\/\\\/www.accidentdutravail-idf.net\\\/blog\\\/le-debroussaillage-tourne-au-drame-sur-les-routes-de-laveyron-un-jeune-de-18-ans-touche-par-un-accident\\\/\"},\"author\":{\"name\":\"Carlos Poulain\",\"@id\":\"https:\\\/\\\/www.accidentdutravail-idf.net\\\/blog\\\/#\\\/schema\\\/person\\\/3255d2f970de45e64bd9201f38e7b947\"},\"headline\":\"Le d\u00e9broussaillage tourne au drame sur les routes de l\u2019Aveyron, un jeune de 18 ans touch\u00e9 par un accident\",\"datePublished\":\"2025-10-22T04:16:00+00:00\",\"mainEntityOfPage\":{\"@id\":\"https:\\\/\\\/www.accidentdutravail-idf.net\\\/blog\\\/le-debroussaillage-tourne-au-drame-sur-les-routes-de-laveyron-un-jeune-de-18-ans-touche-par-un-accident\\\/\"},\"wordCount\":341,\"publisher\":{\"@id\":\"https:\\\/\\\/www.accidentdutravail-idf.net\\\/blog\\\/#organization\"},\"image\":{\"@id\":\"https:\\\/\\\/www.accidentdutravail-idf.net\\\/blog\\\/le-debroussaillage-tourne-au-drame-sur-les-routes-de-laveyron-un-jeune-de-18-ans-touche-par-un-accident\\\/#primaryimage\"},\"thumbnailUrl\":\"https:\\\/\\\/www.accidentdutravail-idf.net\\\/blog\\\/wp-content\\\/uploads\\\/2025\\\/10\\\/le-debroussaillage-tourne-au-drame-sur-les-routes-de-laveyron-un-jeune-de-18-ans-touche-par-un-accident.jpg\",\"articleSection\":[\"S\u00e9curit\u00e9 Du Travail En Ile-De-France Et Divers:\"],\"inLanguage\":\"fr-FR\"},{\"@type\":\"WebPage\",\"@id\":\"https:\\\/\\\/www.accidentdutravail-idf.net\\\/blog\\\/le-debroussaillage-tourne-au-drame-sur-les-routes-de-laveyron-un-jeune-de-18-ans-touche-par-un-accident\\\/\",\"url\":\"https:\\\/\\\/www.accidentdutravail-idf.net\\\/blog\\\/le-debroussaillage-tourne-au-drame-sur-les-routes-de-laveyron-un-jeune-de-18-ans-touche-par-un-accident\\\/\",\"name\":\"Le d\u00e9broussaillage tourne au drame sur les routes de l\u2019Aveyron, un jeune de 18 ans touch\u00e9 par un accident - ACCIDENTDUTRAVAIL-IDF\",\"isPartOf\":{\"@id\":\"https:\\\/\\\/www.accidentdutravail-idf.net\\\/blog\\\/#website\"},\"primaryImageOfPage\":{\"@id\":\"https:\\\/\\\/www.accidentdutravail-idf.net\\\/blog\\\/le-debroussaillage-tourne-au-drame-sur-les-routes-de-laveyron-un-jeune-de-18-ans-touche-par-un-accident\\\/#primaryimage\"},\"image\":{\"@id\":\"https:\\\/\\\/www.accidentdutravail-idf.net\\\/blog\\\/le-debroussaillage-tourne-au-drame-sur-les-routes-de-laveyron-un-jeune-de-18-ans-touche-par-un-accident\\\/#primaryimage\"},\"thumbnailUrl\":\"https:\\\/\\\/www.accidentdutravail-idf.net\\\/blog\\\/wp-content\\\/uploads\\\/2025\\\/10\\\/le-debroussaillage-tourne-au-drame-sur-les-routes-de-laveyron-un-jeune-de-18-ans-touche-par-un-accident.jpg\",\"datePublished\":\"2025-10-22T04:16:00+00:00\",\"description\":\"Le d\u00e9broussaillage tourne au drame sur les routes de l\u2019Aveyron, un jeune de 18 ans touch\u00e9 par un accident article de ACCIDENTDUTRAVAIL-IDF\",\"breadcrumb\":{\"@id\":\"https:\\\/\\\/www.accidentdutravail-idf.net\\\/blog\\\/le-debroussaillage-tourne-au-drame-sur-les-routes-de-laveyron-un-jeune-de-18-ans-touche-par-un-accident\\\/#breadcrumb\"},\"inLanguage\":\"fr-FR\",\"potentialAction\":[{\"@type\":\"ReadAction\",\"target\":[\"https:\\\/\\\/www.accidentdutravail-idf.net\\\/blog\\\/le-debroussaillage-tourne-au-drame-sur-les-routes-de-laveyron-un-jeune-de-18-ans-touche-par-un-accident\\\/\"]}]},{\"@type\":\"ImageObject\",\"inLanguage\":\"fr-FR\",\"@id\":\"https:\\\/\\\/www.accidentdutravail-idf.net\\\/blog\\\/le-debroussaillage-tourne-au-drame-sur-les-routes-de-laveyron-un-jeune-de-18-ans-touche-par-un-accident\\\/#primaryimage\",\"url\":\"https:\\\/\\\/www.accidentdutravail-idf.net\\\/blog\\\/wp-content\\\/uploads\\\/2025\\\/10\\\/le-debroussaillage-tourne-au-drame-sur-les-routes-de-laveyron-un-jeune-de-18-ans-touche-par-un-accident.jpg\",\"contentUrl\":\"https:\\\/\\\/www.accidentdutravail-idf.net\\\/blog\\\/wp-content\\\/uploads\\\/2025\\\/10\\\/le-debroussaillage-tourne-au-drame-sur-les-routes-de-laveyron-un-jeune-de-18-ans-touche-par-un-accident.jpg\"},{\"@type\":\"BreadcrumbList\",\"@id\":\"https:\\\/\\\/www.accidentdutravail-idf.net\\\/blog\\\/le-debroussaillage-tourne-au-drame-sur-les-routes-de-laveyron-un-jeune-de-18-ans-touche-par-un-accident\\\/#breadcrumb\",\"itemListElement\":[{\"@type\":\"ListItem\",\"position\":1,\"name\":\"Accueil\",\"item\":\"https:\\\/\\\/www.accidentdutravail-idf.net\\\/blog\\\/\"},{\"@type\":\"ListItem\",\"position\":2,\"name\":\"Le d\u00e9broussaillage tourne au drame sur les routes de l\u2019Aveyron, un jeune de 18 ans touch\u00e9 par un accident\"}]},{\"@type\":\"WebSite\",\"@id\":\"https:\\\/\\\/www.accidentdutravail-idf.net\\\/blog\\\/#website\",\"url\":\"https:\\\/\\\/www.accidentdutravail-idf.net\\\/blog\\\/\",\"name\":\"ACCIDENTDUTRAVAIL-IDF\",\"description\":\"Portail accidents du travail-maladies professionnelles des entreprises d&#039;Ile-de-France\",\"publisher\":{\"@id\":\"https:\\\/\\\/www.accidentdutravail-idf.net\\\/blog\\\/#organization\"},\"potentialAction\":[{\"@type\":\"SearchAction\",\"target\":{\"@type\":\"EntryPoint\",\"urlTemplate\":\"https:\\\/\\\/www.accidentdutravail-idf.net\\\/blog\\\/?s={search_term_string}\"},\"query-input\":{\"@type\":\"PropertyValueSpecification\",\"valueRequired\":true,\"valueName\":\"search_term_string\"}}],\"inLanguage\":\"fr-FR\"},{\"@type\":\"Organization\",\"@id\":\"https:\\\/\\\/www.accidentdutravail-idf.net\\\/blog\\\/#organization\",\"name\":\"accidentdutravail-idf\",\"url\":\"https:\\\/\\\/www.accidentdutravail-idf.net\\\/blog\\\/\",\"logo\":{\"@type\":\"ImageObject\",\"inLanguage\":\"fr-FR\",\"@id\":\"https:\\\/\\\/www.accidentdutravail-idf.net\\\/blog\\\/#\\\/schema\\\/logo\\\/image\\\/\",\"url\":\"https:\\\/\\\/www.accidentdutravail-idf.net\\\/blog\\\/wp-content\\\/uploads\\\/2022\\\/09\\\/logo-2.png\",\"contentUrl\":\"https:\\\/\\\/www.accidentdutravail-idf.net\\\/blog\\\/wp-content\\\/uploads\\\/2022\\\/09\\\/logo-2.png\",\"width\":380,\"height\":291,\"caption\":\"accidentdutravail-idf\"},\"image\":{\"@id\":\"https:\\\/\\\/www.accidentdutravail-idf.net\\\/blog\\\/#\\\/schema\\\/logo\\\/image\\\/\"}},{\"@type\":\"Person\",\"@id\":\"https:\\\/\\\/www.accidentdutravail-idf.net\\\/blog\\\/#\\\/schema\\\/person\\\/3255d2f970de45e64bd9201f38e7b947\",\"name\":\"Carlos Poulain\",\"image\":{\"@type\":\"ImageObject\",\"inLanguage\":\"fr-FR\",\"@id\":\"https:\\\/\\\/secure.gravatar.com\\\/avatar\\\/b1c2f9d3588e34e91adb093635df64ef4b2381991216be7576466cfcdca4baf3?s=96&d=mm&r=g\",\"url\":\"https:\\\/\\\/secure.gravatar.com\\\/avatar\\\/b1c2f9d3588e34e91adb093635df64ef4b2381991216be7576466cfcdca4baf3?s=96&d=mm&r=g\",\"contentUrl\":\"https:\\\/\\\/secure.gravatar.com\\\/avatar\\\/b1c2f9d3588e34e91adb093635df64ef4b2381991216be7576466cfcdca4baf3?s=96&d=mm&r=g\",\"caption\":\"Carlos Poulain\"},\"url\":\"https:\\\/\\\/www.accidentdutravail-idf.net\\\/blog\\\/author\\\/idfcarlos\\\/\"}]}<\/script>\n<!-- \/ Yoast SEO plugin. -->","yoast_head_json":{"title":"Le d\u00e9broussaillage tourne au drame sur les routes de l\u2019Aveyron, un jeune de 18 ans touch\u00e9 par un accident - ACCIDENTDUTRAVAIL-IDF","description":"Le d\u00e9broussaillage tourne au drame sur les routes de l\u2019Aveyron, un jeune de 18 ans touch\u00e9 par un accident article de ACCIDENTDUTRAVAIL-IDF","robots":{"index":"index","follow":"follow","max-snippet":"max-snippet:-1","max-image-preview":"max-image-preview:large","max-video-preview":"max-video-preview:-1"},"canonical":"https:\/\/www.accidentdutravail-idf.net\/blog\/le-debroussaillage-tourne-au-drame-sur-les-routes-de-laveyron-un-jeune-de-18-ans-touche-par-un-accident\/","og_locale":"fr_FR","og_type":"article","og_title":"Le d\u00e9broussaillage tourne au drame sur les routes de l\u2019Aveyron, un jeune de 18 ans touch\u00e9 par un accident - ACCIDENTDUTRAVAIL-IDF","og_description":"Le d\u00e9broussaillage tourne au drame sur les routes de l\u2019Aveyron, un jeune de 18 ans touch\u00e9 par un accident article de ACCIDENTDUTRAVAIL-IDF","og_url":"https:\/\/www.accidentdutravail-idf.net\/blog\/le-debroussaillage-tourne-au-drame-sur-les-routes-de-laveyron-un-jeune-de-18-ans-touche-par-un-accident\/","og_site_name":"ACCIDENTDUTRAVAIL-IDF","article_published_time":"2025-10-22T04:16:00+00:00","og_image":[{"url":"https:\/\/www.accidentdutravail-idf.net\/blog\/wp-content\/uploads\/2025\/10\/le-debroussaillage-tourne-au-drame-sur-les-routes-de-laveyron-un-jeune-de-18-ans-touche-par-un-accident.jpg","type":"","width":"","height":""}],"author":"Carlos Poulain","twitter_card":"summary_large_image","twitter_misc":{"\u00c9crit par":"Carlos Poulain","Dur\u00e9e de lecture estim\u00e9e":"2 minutes"},"schema":{"@context":"https:\/\/schema.org","@graph":[{"@type":"Article","@id":"https:\/\/www.accidentdutravail-idf.net\/blog\/le-debroussaillage-tourne-au-drame-sur-les-routes-de-laveyron-un-jeune-de-18-ans-touche-par-un-accident\/#article","isPartOf":{"@id":"https:\/\/www.accidentdutravail-idf.net\/blog\/le-debroussaillage-tourne-au-drame-sur-les-routes-de-laveyron-un-jeune-de-18-ans-touche-par-un-accident\/"},"author":{"name":"Carlos Poulain","@id":"https:\/\/www.accidentdutravail-idf.net\/blog\/#\/schema\/person\/3255d2f970de45e64bd9201f38e7b947"},"headline":"Le d\u00e9broussaillage tourne au drame sur les routes de l\u2019Aveyron, un jeune de 18 ans touch\u00e9 par un accident","datePublished":"2025-10-22T04:16:00+00:00","mainEntityOfPage":{"@id":"https:\/\/www.accidentdutravail-idf.net\/blog\/le-debroussaillage-tourne-au-drame-sur-les-routes-de-laveyron-un-jeune-de-18-ans-touche-par-un-accident\/"},"wordCount":341,"publisher":{"@id":"https:\/\/www.accidentdutravail-idf.net\/blog\/#organization"},"image":{"@id":"https:\/\/www.accidentdutravail-idf.net\/blog\/le-debroussaillage-tourne-au-drame-sur-les-routes-de-laveyron-un-jeune-de-18-ans-touche-par-un-accident\/#primaryimage"},"thumbnailUrl":"https:\/\/www.accidentdutravail-idf.net\/blog\/wp-content\/uploads\/2025\/10\/le-debroussaillage-tourne-au-drame-sur-les-routes-de-laveyron-un-jeune-de-18-ans-touche-par-un-accident.jpg","articleSection":["S\u00e9curit\u00e9 Du Travail En Ile-De-France Et Divers:"],"inLanguage":"fr-FR"},{"@type":"WebPage","@id":"https:\/\/www.accidentdutravail-idf.net\/blog\/le-debroussaillage-tourne-au-drame-sur-les-routes-de-laveyron-un-jeune-de-18-ans-touche-par-un-accident\/","url":"https:\/\/www.accidentdutravail-idf.net\/blog\/le-debroussaillage-tourne-au-drame-sur-les-routes-de-laveyron-un-jeune-de-18-ans-touche-par-un-accident\/","name":"Le d\u00e9broussaillage tourne au drame sur les routes de l\u2019Aveyron, un jeune de 18 ans touch\u00e9 par un accident - ACCIDENTDUTRAVAIL-IDF","isPartOf":{"@id":"https:\/\/www.accidentdutravail-idf.net\/blog\/#website"},"primaryImageOfPage":{"@id":"https:\/\/www.accidentdutravail-idf.net\/blog\/le-debroussaillage-tourne-au-drame-sur-les-routes-de-laveyron-un-jeune-de-18-ans-touche-par-un-accident\/#primaryimage"},"image":{"@id":"https:\/\/www.accidentdutravail-idf.net\/blog\/le-debroussaillage-tourne-au-drame-sur-les-routes-de-laveyron-un-jeune-de-18-ans-touche-par-un-accident\/#primaryimage"},"thumbnailUrl":"https:\/\/www.accidentdutravail-idf.net\/blog\/wp-content\/uploads\/2025\/10\/le-debroussaillage-tourne-au-drame-sur-les-routes-de-laveyron-un-jeune-de-18-ans-touche-par-un-accident.jpg","datePublished":"2025-10-22T04:16:00+00:00","description":"Le d\u00e9broussaillage tourne au drame sur les routes de l\u2019Aveyron, un jeune de 18 ans touch\u00e9 par un accident article de ACCIDENTDUTRAVAIL-IDF","breadcrumb":{"@id":"https:\/\/www.accidentdutravail-idf.net\/blog\/le-debroussaillage-tourne-au-drame-sur-les-routes-de-laveyron-un-jeune-de-18-ans-touche-par-un-accident\/#breadcrumb"},"inLanguage":"fr-FR","potentialAction":[{"@type":"ReadAction","target":["https:\/\/www.accidentdutravail-idf.net\/blog\/le-debroussaillage-tourne-au-drame-sur-les-routes-de-laveyron-un-jeune-de-18-ans-touche-par-un-accident\/"]}]},{"@type":"ImageObject","inLanguage":"fr-FR","@id":"https:\/\/www.accidentdutravail-idf.net\/blog\/le-debroussaillage-tourne-au-drame-sur-les-routes-de-laveyron-un-jeune-de-18-ans-touche-par-un-accident\/#primaryimage","url":"https:\/\/www.accidentdutravail-idf.net\/blog\/wp-content\/uploads\/2025\/10\/le-debroussaillage-tourne-au-drame-sur-les-routes-de-laveyron-un-jeune-de-18-ans-touche-par-un-accident.jpg","contentUrl":"https:\/\/www.accidentdutravail-idf.net\/blog\/wp-content\/uploads\/2025\/10\/le-debroussaillage-tourne-au-drame-sur-les-routes-de-laveyron-un-jeune-de-18-ans-touche-par-un-accident.jpg"},{"@type":"BreadcrumbList","@id":"https:\/\/www.accidentdutravail-idf.net\/blog\/le-debroussaillage-tourne-au-drame-sur-les-routes-de-laveyron-un-jeune-de-18-ans-touche-par-un-accident\/#breadcrumb","itemListElement":[{"@type":"ListItem","position":1,"name":"Accueil","item":"https:\/\/www.accidentdutravail-idf.net\/blog\/"},{"@type":"ListItem","position":2,"name":"Le d\u00e9broussaillage tourne au drame sur les routes de l\u2019Aveyron, un jeune de 18 ans touch\u00e9 par un accident"}]},{"@type":"WebSite","@id":"https:\/\/www.accidentdutravail-idf.net\/blog\/#website","url":"https:\/\/www.accidentdutravail-idf.net\/blog\/","name":"ACCIDENTDUTRAVAIL-IDF","description":"Portail accidents du travail-maladies professionnelles des entreprises d&#039;Ile-de-France","publisher":{"@id":"https:\/\/www.accidentdutravail-idf.net\/blog\/#organization"},"potentialAction":[{"@type":"SearchAction","target":{"@type":"EntryPoint","urlTemplate":"https:\/\/www.accidentdutravail-idf.net\/blog\/?s={search_term_string}"},"query-input":{"@type":"PropertyValueSpecification","valueRequired":true,"valueName":"search_term_string"}}],"inLanguage":"fr-FR"},{"@type":"Organization","@id":"https:\/\/www.accidentdutravail-idf.net\/blog\/#organization","name":"accidentdutravail-idf","url":"https:\/\/www.accidentdutravail-idf.net\/blog\/","logo":{"@type":"ImageObject","inLanguage":"fr-FR","@id":"https:\/\/www.accidentdutravail-idf.net\/blog\/#\/schema\/logo\/image\/","url":"https:\/\/www.accidentdutravail-idf.net\/blog\/wp-content\/uploads\/2022\/09\/logo-2.png","contentUrl":"https:\/\/www.accidentdutravail-idf.net\/blog\/wp-content\/uploads\/2022\/09\/logo-2.png","width":380,"height":291,"caption":"accidentdutravail-idf"},"image":{"@id":"https:\/\/www.accidentdutravail-idf.net\/blog\/#\/schema\/logo\/image\/"}},{"@type":"Person","@id":"https:\/\/www.accidentdutravail-idf.net\/blog\/#\/schema\/person\/3255d2f970de45e64bd9201f38e7b947","name":"Carlos Poulain","image":{"@type":"ImageObject","inLanguage":"fr-FR","@id":"https:\/\/secure.gravatar.com\/avatar\/b1c2f9d3588e34e91adb093635df64ef4b2381991216be7576466cfcdca4baf3?s=96&d=mm&r=g","url":"https:\/\/secure.gravatar.com\/avatar\/b1c2f9d3588e34e91adb093635df64ef4b2381991216be7576466cfcdca4baf3?s=96&d=mm&r=g","contentUrl":"https:\/\/secure.gravatar.com\/avatar\/b1c2f9d3588e34e91adb093635df64ef4b2381991216be7576466cfcdca4baf3?s=96&d=mm&r=g","caption":"Carlos Poulain"},"url":"https:\/\/www.accidentdutravail-idf.net\/blog\/author\/idfcarlos\/"}]}},"_links":{"self":[{"href":"https:\/\/www.accidentdutravail-idf.net\/blog\/wp-json\/wp\/v2\/posts\/1807","targetHints":{"allow":["GET"]}}],"collection":[{"href":"https:\/\/www.accidentdutravail-idf.net\/blog\/wp-json\/wp\/v2\/posts"}],"about":[{"href":"https:\/\/www.accidentdutravail-idf.net\/blog\/wp-json\/wp\/v2\/types\/post"}],"author":[{"embeddable":true,"href":"https:\/\/www.accidentdutravail-idf.net\/blog\/wp-json\/wp\/v2\/users\/2"}],"replies":[{"embeddable":true,"href":"https:\/\/www.accidentdutravail-idf.net\/blog\/wp-json\/wp\/v2\/comments?post=1807"}],"version-history":[{"count":0,"href":"https:\/\/www.accidentdutravail-idf.net\/blog\/wp-json\/wp\/v2\/posts\/1807\/revisions"}],"wp:attachment":[{"href":"https:\/\/www.accidentdutravail-idf.net\/blog\/wp-json\/wp\/v2\/media?parent=1807"}],"wp:term":[{"taxonomy":"category","embeddable":true,"href":"https:\/\/www.accidentdutravail-idf.net\/blog\/wp-json\/wp\/v2\/categories?post=1807"},{"taxonomy":"post_tag","embeddable":true,"href":"https:\/\/www.accidentdutravail-idf.net\/blog\/wp-json\/wp\/v2\/tags?post=1807"}],"curies":[{"name":"wp","href":"https:\/\/api.w.org\/{rel}","templated":true}]}}