{"id":1798,"date":"2025-10-17T21:00:00","date_gmt":"2025-10-17T19:00:00","guid":{"rendered":"https:\/\/www.accidentdutravail-idf.net\/blog\/accidents-et-morts-au-travail-la-france-affiche-un-triste-record-europeen\/"},"modified":"2025-10-17T21:00:00","modified_gmt":"2025-10-17T19:00:00","slug":"accidents-et-morts-au-travail-la-france-affiche-un-triste-record-europeen","status":"publish","type":"post","link":"https:\/\/www.accidentdutravail-idf.net\/blog\/accidents-et-morts-au-travail-la-france-affiche-un-triste-record-europeen\/","title":{"rendered":"Accidents et morts au travail : la France affiche un triste record europ\u00e9en"},"content":{"rendered":"<div id>\n<p>Si les accidents du travail sont en l\u00e9g\u00e8re baisse dans l&rsquo;Union europ\u00e9enne, ceux entra\u00eenant un d\u00e9c\u00e8s ont augment\u00e9 en 2023. Les \u00e9carts entre pays demeurent marqu\u00e9s, avec un taux d\u2019incidence particuli\u00e8rement \u00e9lev\u00e9 en France, m\u00eame si ce chiffre est \u00e0 relativiser.&nbsp;<\/p>\n<\/div>\n<div>\n<figure class=\"wp-block-image size-large\"><img decoding=\"async\" width=\"1024\" height=\"685\" src=\"https:\/\/www.accidentdutravail-idf.net\/blog\/wp-content\/uploads\/2025\/10\/accidents-et-morts-au-travail-la-france-affiche-un-triste-record-europeen.jpg\" alt=\"Le secteur de la construction enregistre le plus grand nombre d'accidents mortels au travail dans l'Union europ\u00e9enne\" class=\"wp-image-264366\"><figcaption class=\"wp-element-caption\">Le secteur de la construction enregistre le plus grand nombre d&rsquo;accidents mortels au travail dans l&rsquo;Union europ\u00e9enne &#8211; Cr\u00e9dits&nbsp;: burakpekakcan \/ iStock<\/figcaption><\/figure>\n<p>En 2023, 3&nbsp;298 personnes ont perdu la vie au travail dans l&rsquo;Union europ\u00e9enne. D&rsquo;apr\u00e8s <span class=\"mywpglossary-term-def\" data-title=\"eurostat\" data-url=\"https:\/\/www.touteleurope.eu\/le-glossaire-de-l-europe\/#eurostat\">Eurostat<\/span>, 12 vies suppl\u00e9mentaires se sont envol\u00e9es par rapport \u00e0 l&rsquo;ann\u00e9e pr\u00e9c\u00e9dente.<\/p>\n<p>L&rsquo;Office europ\u00e9en de statistique a recens\u00e9 plus de 2,8 millions d&rsquo;accidents du travail en 2023 (-5 % par rapport \u00e0 2022). 0,1 % d&rsquo;entre eux ont entra\u00een\u00e9 la mort de la victime.<\/p>\n<div class=\"wp-block-tle-definition-block\">\n<h3 class=\"wp-block-heading\">Comment Eurostat d\u00e9finit les accidents du travail&nbsp;?<\/h3>\n<p>Pour <span class=\"mywpglossary-term-def\" data-title=\"eurostat\" data-url=\"https:\/\/www.touteleurope.eu\/le-glossaire-de-l-europe\/#eurostat\">Eurostat<\/span>, \u00ab\u00a0<em>un accident du travail est d\u00e9fini comme un \u00e9v\u00e9nement survenant au cours du travail et entra\u00eenant un pr\u00e9judice physique ou mental. Les accidents mortels du travail sont ceux qui entra\u00eenent le d\u00e9c\u00e8s de la victime dans l&rsquo;ann\u00e9e suivant l&rsquo;accident. Les accidents du travail non mortels sont d\u00e9finis comme ceux qui entra\u00eenent au moins quatre jours calendaires complets d&rsquo;absence du travail (ils sont parfois \u00e9galement appel\u00e9s &lsquo;accidents du travail graves&rsquo;).<\/em>\u00ab\u00a0<\/p>\n<\/div>\n<h2 class=\"wp-block-heading\">La France enregistre le plus de morts au travail<\/h2>\n<p>Sans surprise, les quatre pays les plus peupl\u00e9s de l&rsquo;Union europ\u00e9enne enregistrent le plus grand nombre d&rsquo;accidents mortels au travail. Mais avec 811 d\u00e9c\u00e8s enregistr\u00e9s en 2023, la France compte pr\u00e8s du double de d\u00e9c\u00e8s par rapport \u00e0 ses voisins italien (473), allemand (403) et espagnol (355). Un \u00e9cart qui s&rsquo;explique en partie par une m\u00e9thodologie diff\u00e9rente (voir encadr\u00e9 plus&nbsp;bas).<\/p>\n<p>A l&rsquo;inverse, Malte (5), le Luxembourg (12) et Chypre (14) comptabilisent les totaux les plus faibles, mais sont \u00e9galement les \u00c9tats les moins peupl\u00e9s parmi les Vingt-Sept.<\/p>\n<div class=\"flourish-embed flourish-map\" data-src=\"visualisation\/25661964\"><img decoding=\"async\" src=\"https:\/\/www.accidentdutravail-idf.net\/blog\/wp-content\/uploads\/2025\/10\/accidents-et-morts-au-travail-la-france-affiche-un-triste-record-europeen-1.jpg\" width=\"100%\" alt=\"map visualization\"><\/div>\n<p>Pour permettre de meilleures comparaisons, <span class=\"mywpglossary-term-def\" data-title=\"eurostat\" data-url=\"https:\/\/www.touteleurope.eu\/le-glossaire-de-l-europe\/#eurostat\">Eurostat<\/span> propose \u00e9galement un taux d&rsquo;incidence rapport\u00e9 \u00e0 la population active. Ainsi en 2023, l&rsquo;Union europ\u00e9enne comptait 1,63 accident mortel pour 100 000 travailleurs.<\/p>\n<p>Avec cet indicateur, la France reste tout de m\u00eame en t\u00eate du classement avec 3,6 accidents mortels pour 100 000 travailleurs. Elle devance la Bulgarie (3,51) et Chypre (3,24). Trois pays enregistrent \u00e0 l&rsquo;oppos\u00e9 des taux inf\u00e9rieurs \u00e0 1&nbsp;: les Pays-Bas (0,38), l&rsquo;Allemagne (0,71) et la Gr\u00e8ce (0,91).<\/p>\n<div class=\"wp-block-tle-definition-block\">\n<h3 class=\"wp-block-heading\">Les chiffres de la France sont-ils sur\u00e9valu\u00e9s&nbsp;?<\/h3>\n<p>Le nombre \u00e9lev\u00e9 d&rsquo;accidents mortels dans l&rsquo;Hexagone est \u00e0 relativiser. Selon <span class=\"mywpglossary-term-def\" data-title=\"eurostat\" data-url=\"https:\/\/www.touteleurope.eu\/le-glossaire-de-l-europe\/#eurostat\">Eurostat<\/span>, \u00ab\u00a0<em>la France dispose d&rsquo;un syst\u00e8me sp\u00e9cifique de notification et de reconnaissance des accidents du travail ax\u00e9 sur le signalement des \u00e9v\u00e9nements li\u00e9s au travail. Ce syst\u00e8me ne fait g\u00e9n\u00e9ralement pas de distinction entre les accidents dont la cause principale est le travail et les accidents survenant au travail. [\u2026] Cela pourrait conduire \u00e0 un nombre plus \u00e9lev\u00e9 d&rsquo;accidents du travail d\u00e9clar\u00e9s en France par rapport \u00e0 d&rsquo;autres pays, y compris ceux qui ont des syst\u00e8mes de d\u00e9claration des accidents similaires<\/em>\u00ab\u00a0.<\/p>\n<p>L&rsquo;institut statistique ajoute que les taux d&rsquo;incidence peuvent \u00eatre difficiles \u00e0 interpr\u00e9ter. \u00ab\u00a0<em>La probabilit\u00e9 d&rsquo;avoir un accident est, entre autres facteurs, li\u00e9e \u00e0 l&rsquo;activit\u00e9 \u00e9conomique dans laquelle une personne travaille<\/em>\u00ab\u00a0. Or le poids des secteurs \u00e9conomiques, dont certains sont plus accidentog\u00e8nes, est diff\u00e9rent d&rsquo;un pays \u00e0 l&rsquo;autre. <\/p>\n<p>Enfin, les chiffres pr\u00e9sent\u00e9s par <span class=\"mywpglossary-term-def\" data-title=\"eurostat\" data-url=\"https:\/\/www.touteleurope.eu\/le-glossaire-de-l-europe\/#eurostat\">Eurostat<\/span> diff\u00e8rent \u00e9galement de ceux donn\u00e9s par l&rsquo;Assurance maladie. Selon les <a href=\"https:\/\/www.assurance-maladie.ameli.fr\/sites\/default\/files\/rapport_annuel_2023_de_lassurance_maladie_-_risques_professionnels_d%C3%A9cembre_2024.pdf\" target=\"_blank\" rel=\"noreferrer noopener nofollow\">chiffres officiels publi\u00e9s par cette derni\u00e8re<\/a>, 759 d\u00e9c\u00e8s ont \u00e9t\u00e9 enregistr\u00e9s en France en&nbsp;2023.<\/p>\n<\/div>\n<p>Du c\u00f4t\u00e9 des accidents non mortels, ayant occasionn\u00e9 une absence de travail d&rsquo;au moins quatre jours, la France affiche \u00e9galement le taux d&rsquo;incidence le plus \u00e9lev\u00e9 avec plus de 2 700 accidents enregistr\u00e9s pour 100 000 travailleurs. Elle devance le Portugal (2 493) et l&rsquo;Espagne (2&nbsp;320).<\/p>\n<p>A l&rsquo;autre bout, on retrouve la Roumanie (60) et la Bulgarie (86), deux pays o\u00f9 les taux de d\u00e9c\u00e8s \u00e9taient pourtant particuli\u00e8rement \u00e9lev\u00e9s. Selon <span class=\"mywpglossary-term-def\" data-title=\"eurostat\" data-url=\"https:\/\/www.touteleurope.eu\/le-glossaire-de-l-europe\/#eurostat\">Eurostat<\/span>, ces chiffres refl\u00e8tent un fort sous-signalement, li\u00e9 \u00e0 des syst\u00e8mes de d\u00e9claration peu d\u00e9velopp\u00e9s et \u00e0 une faible incitation \u00e0 d\u00e9clarer les accidents.&nbsp;<\/p>\n<h2 class=\"wp-block-heading\">Des secteurs plus \u00e0 risque<\/h2>\n<p>Le secteur de la construction reste, de loin, le plus dangereux pour les travailleurs europ\u00e9ens. Pr\u00e8s d\u2019un quart (24 %) de tous les accidents mortels au travail en 2023 se sont produits sur les chantiers. Ce chiffre place la construction en t\u00eate des secteurs les plus \u00e0 risque, devant le transport et l\u2019entreposage (16 %), la fabrication (13 %) et l\u2019agriculture, la sylviculture et la p\u00eache (13 %).<\/p>\n<p>Cette surrepr\u00e9sentation de ces secteurs s&rsquo;explique en partie par la nature m\u00eame du travail&nbsp;: exposition aux hauteurs, manipulation d\u2019engins lourds, chutes d\u2019objets, ou encore travail en ext\u00e9rieur dans des conditions parfois extr\u00eames.&nbsp;<\/p>\n<p>Cons\u00e9quence&nbsp;: les hommes sont plus susceptibles que les femmes d\u2019\u00eatre victimes d\u2019un accident du travail. En 2023, deux accidents du travail non mortels sur trois dans l&rsquo;<span class=\"mywpglossary-term-def\" data-title=\"ue\" data-url=\"https:\/\/www.touteleurope.eu\/le-glossaire-de-l-europe\/#ue\">UE<\/span> concernaient des hommes, principalement car les secteurs les plus accidentog\u00e8nes sont encore essentiellement masculins.<\/p>\n<h2 class=\"wp-block-heading\">L&rsquo;action de l&rsquo;Union europ\u00e9enne pour la s\u00e9curit\u00e9 au travail<\/h2>\n<p>L\u2019action de l\u2019Union europ\u00e9enne en mati\u00e8re de s\u00e9curit\u00e9 au travail repose sur un socle juridique ancien. Le <a href=\"https:\/\/eur-lex.europa.eu\/legal-content\/FR\/TXT\/HTML\/?uri=CELEX:12008E153\" target=\"_blank\" rel=\"noreferrer noopener nofollow\">trait\u00e9 sur le fonctionnement de l&rsquo;UE<\/a> indique par exemple que \u00ab\u00a0<em>l&rsquo;Union soutient et compl\u00e8te l&rsquo;action des \u00c9tats membres<\/em>\u00a0\u00bb en faveur de\u00a0\u00bb <em>l&rsquo;am\u00e9lioration [\u2026] du milieu de travail pour prot\u00e9ger la sant\u00e9 et la s\u00e9curit\u00e9 des travailleurs<\/em>\u00ab\u00a0.<\/p>\n<p>Pour la p\u00e9riode 2021-2027, la <span class=\"mywpglossary-term-def\" data-title=\"commission-europeenne\" data-url=\"https:\/\/www.touteleurope.eu\/le-glossaire-de-l-europe\/#commission-europeenne\">Commission europ\u00e9enne<\/span> a mis en place un <a href=\"https:\/\/eur-lex.europa.eu\/legal-content\/FR\/TXT\/HTML\/?uri=CELEX:52021DC0323\" target=\"_blank\" rel=\"noreferrer noopener nofollow\">cadre strat\u00e9gique<\/a>. Cette feuille de route a donn\u00e9 lieu \u00e0 des actions l\u00e9gislatives concr\u00e8tes, comme par exemple la r\u00e9vision de la <a href=\"https:\/\/travail-emploi.gouv.fr\/parlement-europeen-revision-de-la-directive-europeenne-relative-la-protection-des-travailleurs-contre-les-risques-lies-une-exposition-lamiante-pendant-le-travail\" target=\"_blank\" rel=\"noreferrer noopener nofollow\">directive \u00ab\u00a0amiante\u00a0\u00bb<\/a> en 2023. Celle-ci abaisse fortement les valeurs limites d\u2019exposition et modernise les m\u00e9thodes de mesure.<\/p>\n<p>Par ailleurs, l\u2019Agence europ\u00e9enne pour la s\u00e9curit\u00e9 et la sant\u00e9 au travail (EU-OSHA) collecte des informations sur les bonnes pratiques en mati\u00e8re de s\u00e9curit\u00e9 et sant\u00e9 au travail pour les diffuser dans l&rsquo;ensemble de l&rsquo;Union europ\u00e9enne.<\/p>\n<div class=\"wp-block-tle-learn-more-block\">\n<h2 class=\"wp-block-heading\">en savoir plus sur le social&nbsp;\ud83e\udd1d<\/h2>\n<\/p><\/div>\n<\/div>\n<p>accidentdutravail-idf.net vous a pr\u00e9par\u00e9 ce post qui informe du sujet \u00ab\u00a0Association Sportive Huisson-Longueville Essonne\u00a0\u00bb. La chronique se veut g\u00e9n\u00e9r\u00e9e du mieux possible. Vous pouvez utiliser les coordonn\u00e9es indiqu\u00e9es sur le site dans le but d\u2019apporter des explications sur ce post qui parle du th\u00e8me \u00ab\u00a0Association Sportive Huisson-Longueville Essonne\u00a0\u00bb. Le site accidentdutravail-idf.net a pour but de fournir diverses publications sur la th\u00e9matique Association Sportive Huisson-Longueville Essonne diffus\u00e9es sur le net. Il y aura plusieurs articles autour du sujet \u00ab\u00a0Association Sportive Huisson-Longueville Essonne\u00a0\u00bb dans quelques jours, nous vous invitons \u00e0 naviguer sur notre site web \u00e0 plusieurs reprises.<\/p>\n","protected":false},"excerpt":{"rendered":"<p>Si les accidents du travail sont en l\u00e9g\u00e8re baisse dans l&rsquo;Union europ\u00e9enne, ceux entra\u00eenant un d\u00e9c\u00e8s ont augment\u00e9 en 2023. Les \u00e9carts entre pays demeurent marqu\u00e9s, avec un taux d\u2019incidence particuli\u00e8rement \u00e9lev\u00e9 en France, m\u00eame si ce chiffre est \u00e0 relativiser.&nbsp; Le secteur de la construction enregistre le plus grand nombre d&rsquo;accidents mortels au travail &hellip; <\/p>\n<p class=\"link-more\"><a href=\"https:\/\/www.accidentdutravail-idf.net\/blog\/accidents-et-morts-au-travail-la-france-affiche-un-triste-record-europeen\/\" class=\"more-link\">Continuer la lecture <span class=\"screen-reader-text\"> \u00ab\u00a0Accidents et morts au travail : la France affiche un triste record europ\u00e9en\u00a0\u00bb<\/span><\/a><\/p>\n","protected":false},"author":2,"featured_media":0,"comment_status":"closed","ping_status":"closed","sticky":false,"template":"","format":"standard","meta":{"footnotes":""},"categories":[5],"tags":[],"class_list":["post-1798","post","type-post","status-publish","format-standard","hentry","category-securite-du-travail-en-ile-de-france-et-divers","entry"],"yoast_head":"<!-- This site is optimized with the Yoast SEO plugin v27.5 - https:\/\/yoast.com\/product\/yoast-seo-wordpress\/ -->\n<title>Accidents et morts au travail : la France affiche un triste record europ\u00e9en - ACCIDENTDUTRAVAIL-IDF<\/title>\n<meta name=\"description\" content=\"Accidents et morts au travail : la France affiche un triste record europ\u00e9en article de ACCIDENTDUTRAVAIL-IDF\" \/>\n<meta name=\"robots\" content=\"index, follow, max-snippet:-1, max-image-preview:large, max-video-preview:-1\" \/>\n<link rel=\"canonical\" href=\"https:\/\/www.accidentdutravail-idf.net\/blog\/accidents-et-morts-au-travail-la-france-affiche-un-triste-record-europeen\/\" \/>\n<meta property=\"og:locale\" content=\"fr_FR\" \/>\n<meta property=\"og:type\" content=\"article\" \/>\n<meta property=\"og:title\" content=\"Accidents et morts au travail : la France affiche un triste record europ\u00e9en - ACCIDENTDUTRAVAIL-IDF\" \/>\n<meta property=\"og:description\" content=\"Accidents et morts au travail : la France affiche un triste record europ\u00e9en article de ACCIDENTDUTRAVAIL-IDF\" \/>\n<meta property=\"og:url\" content=\"https:\/\/www.accidentdutravail-idf.net\/blog\/accidents-et-morts-au-travail-la-france-affiche-un-triste-record-europeen\/\" \/>\n<meta property=\"og:site_name\" content=\"ACCIDENTDUTRAVAIL-IDF\" \/>\n<meta property=\"article:published_time\" content=\"2025-10-17T19:00:00+00:00\" \/>\n<meta name=\"author\" content=\"Carlos Poulain\" \/>\n<meta name=\"twitter:card\" content=\"summary_large_image\" \/>\n<meta name=\"twitter:label1\" content=\"\u00c9crit par\" \/>\n\t<meta name=\"twitter:data1\" content=\"Carlos Poulain\" \/>\n\t<meta name=\"twitter:label2\" content=\"Dur\u00e9e de lecture estim\u00e9e\" \/>\n\t<meta name=\"twitter:data2\" content=\"6 minutes\" \/>\n<script type=\"application\/ld+json\" class=\"yoast-schema-graph\">{\"@context\":\"https:\\\/\\\/schema.org\",\"@graph\":[{\"@type\":\"Article\",\"@id\":\"https:\\\/\\\/www.accidentdutravail-idf.net\\\/blog\\\/accidents-et-morts-au-travail-la-france-affiche-un-triste-record-europeen\\\/#article\",\"isPartOf\":{\"@id\":\"https:\\\/\\\/www.accidentdutravail-idf.net\\\/blog\\\/accidents-et-morts-au-travail-la-france-affiche-un-triste-record-europeen\\\/\"},\"author\":{\"name\":\"Carlos Poulain\",\"@id\":\"https:\\\/\\\/www.accidentdutravail-idf.net\\\/blog\\\/#\\\/schema\\\/person\\\/3255d2f970de45e64bd9201f38e7b947\"},\"headline\":\"Accidents et morts au travail : la France affiche un triste record europ\u00e9en\",\"datePublished\":\"2025-10-17T19:00:00+00:00\",\"mainEntityOfPage\":{\"@id\":\"https:\\\/\\\/www.accidentdutravail-idf.net\\\/blog\\\/accidents-et-morts-au-travail-la-france-affiche-un-triste-record-europeen\\\/\"},\"wordCount\":1131,\"publisher\":{\"@id\":\"https:\\\/\\\/www.accidentdutravail-idf.net\\\/blog\\\/#organization\"},\"image\":{\"@id\":\"https:\\\/\\\/www.accidentdutravail-idf.net\\\/blog\\\/accidents-et-morts-au-travail-la-france-affiche-un-triste-record-europeen\\\/#primaryimage\"},\"thumbnailUrl\":\"https:\\\/\\\/www.accidentdutravail-idf.net\\\/blog\\\/wp-content\\\/uploads\\\/2025\\\/10\\\/accidents-et-morts-au-travail-la-france-affiche-un-triste-record-europeen.jpg\",\"articleSection\":[\"S\u00e9curit\u00e9 Du Travail En Ile-De-France Et Divers:\"],\"inLanguage\":\"fr-FR\"},{\"@type\":\"WebPage\",\"@id\":\"https:\\\/\\\/www.accidentdutravail-idf.net\\\/blog\\\/accidents-et-morts-au-travail-la-france-affiche-un-triste-record-europeen\\\/\",\"url\":\"https:\\\/\\\/www.accidentdutravail-idf.net\\\/blog\\\/accidents-et-morts-au-travail-la-france-affiche-un-triste-record-europeen\\\/\",\"name\":\"Accidents et morts au travail : la France affiche un triste record europ\u00e9en - ACCIDENTDUTRAVAIL-IDF\",\"isPartOf\":{\"@id\":\"https:\\\/\\\/www.accidentdutravail-idf.net\\\/blog\\\/#website\"},\"primaryImageOfPage\":{\"@id\":\"https:\\\/\\\/www.accidentdutravail-idf.net\\\/blog\\\/accidents-et-morts-au-travail-la-france-affiche-un-triste-record-europeen\\\/#primaryimage\"},\"image\":{\"@id\":\"https:\\\/\\\/www.accidentdutravail-idf.net\\\/blog\\\/accidents-et-morts-au-travail-la-france-affiche-un-triste-record-europeen\\\/#primaryimage\"},\"thumbnailUrl\":\"https:\\\/\\\/www.accidentdutravail-idf.net\\\/blog\\\/wp-content\\\/uploads\\\/2025\\\/10\\\/accidents-et-morts-au-travail-la-france-affiche-un-triste-record-europeen.jpg\",\"datePublished\":\"2025-10-17T19:00:00+00:00\",\"description\":\"Accidents et morts au travail : la France affiche un triste record europ\u00e9en article de ACCIDENTDUTRAVAIL-IDF\",\"breadcrumb\":{\"@id\":\"https:\\\/\\\/www.accidentdutravail-idf.net\\\/blog\\\/accidents-et-morts-au-travail-la-france-affiche-un-triste-record-europeen\\\/#breadcrumb\"},\"inLanguage\":\"fr-FR\",\"potentialAction\":[{\"@type\":\"ReadAction\",\"target\":[\"https:\\\/\\\/www.accidentdutravail-idf.net\\\/blog\\\/accidents-et-morts-au-travail-la-france-affiche-un-triste-record-europeen\\\/\"]}]},{\"@type\":\"ImageObject\",\"inLanguage\":\"fr-FR\",\"@id\":\"https:\\\/\\\/www.accidentdutravail-idf.net\\\/blog\\\/accidents-et-morts-au-travail-la-france-affiche-un-triste-record-europeen\\\/#primaryimage\",\"url\":\"\",\"contentUrl\":\"\"},{\"@type\":\"BreadcrumbList\",\"@id\":\"https:\\\/\\\/www.accidentdutravail-idf.net\\\/blog\\\/accidents-et-morts-au-travail-la-france-affiche-un-triste-record-europeen\\\/#breadcrumb\",\"itemListElement\":[{\"@type\":\"ListItem\",\"position\":1,\"name\":\"Accueil\",\"item\":\"https:\\\/\\\/www.accidentdutravail-idf.net\\\/blog\\\/\"},{\"@type\":\"ListItem\",\"position\":2,\"name\":\"Accidents et morts au travail : la France affiche un triste record europ\u00e9en\"}]},{\"@type\":\"WebSite\",\"@id\":\"https:\\\/\\\/www.accidentdutravail-idf.net\\\/blog\\\/#website\",\"url\":\"https:\\\/\\\/www.accidentdutravail-idf.net\\\/blog\\\/\",\"name\":\"ACCIDENTDUTRAVAIL-IDF\",\"description\":\"Portail accidents du travail-maladies professionnelles des entreprises d&#039;Ile-de-France\",\"publisher\":{\"@id\":\"https:\\\/\\\/www.accidentdutravail-idf.net\\\/blog\\\/#organization\"},\"potentialAction\":[{\"@type\":\"SearchAction\",\"target\":{\"@type\":\"EntryPoint\",\"urlTemplate\":\"https:\\\/\\\/www.accidentdutravail-idf.net\\\/blog\\\/?s={search_term_string}\"},\"query-input\":{\"@type\":\"PropertyValueSpecification\",\"valueRequired\":true,\"valueName\":\"search_term_string\"}}],\"inLanguage\":\"fr-FR\"},{\"@type\":\"Organization\",\"@id\":\"https:\\\/\\\/www.accidentdutravail-idf.net\\\/blog\\\/#organization\",\"name\":\"accidentdutravail-idf\",\"url\":\"https:\\\/\\\/www.accidentdutravail-idf.net\\\/blog\\\/\",\"logo\":{\"@type\":\"ImageObject\",\"inLanguage\":\"fr-FR\",\"@id\":\"https:\\\/\\\/www.accidentdutravail-idf.net\\\/blog\\\/#\\\/schema\\\/logo\\\/image\\\/\",\"url\":\"https:\\\/\\\/www.accidentdutravail-idf.net\\\/blog\\\/wp-content\\\/uploads\\\/2022\\\/09\\\/logo-2.png\",\"contentUrl\":\"https:\\\/\\\/www.accidentdutravail-idf.net\\\/blog\\\/wp-content\\\/uploads\\\/2022\\\/09\\\/logo-2.png\",\"width\":380,\"height\":291,\"caption\":\"accidentdutravail-idf\"},\"image\":{\"@id\":\"https:\\\/\\\/www.accidentdutravail-idf.net\\\/blog\\\/#\\\/schema\\\/logo\\\/image\\\/\"}},{\"@type\":\"Person\",\"@id\":\"https:\\\/\\\/www.accidentdutravail-idf.net\\\/blog\\\/#\\\/schema\\\/person\\\/3255d2f970de45e64bd9201f38e7b947\",\"name\":\"Carlos Poulain\",\"image\":{\"@type\":\"ImageObject\",\"inLanguage\":\"fr-FR\",\"@id\":\"https:\\\/\\\/secure.gravatar.com\\\/avatar\\\/b1c2f9d3588e34e91adb093635df64ef4b2381991216be7576466cfcdca4baf3?s=96&d=mm&r=g\",\"url\":\"https:\\\/\\\/secure.gravatar.com\\\/avatar\\\/b1c2f9d3588e34e91adb093635df64ef4b2381991216be7576466cfcdca4baf3?s=96&d=mm&r=g\",\"contentUrl\":\"https:\\\/\\\/secure.gravatar.com\\\/avatar\\\/b1c2f9d3588e34e91adb093635df64ef4b2381991216be7576466cfcdca4baf3?s=96&d=mm&r=g\",\"caption\":\"Carlos Poulain\"},\"url\":\"https:\\\/\\\/www.accidentdutravail-idf.net\\\/blog\\\/author\\\/idfcarlos\\\/\"}]}<\/script>\n<!-- \/ Yoast SEO plugin. -->","yoast_head_json":{"title":"Accidents et morts au travail : la France affiche un triste record europ\u00e9en - ACCIDENTDUTRAVAIL-IDF","description":"Accidents et morts au travail : la France affiche un triste record europ\u00e9en article de ACCIDENTDUTRAVAIL-IDF","robots":{"index":"index","follow":"follow","max-snippet":"max-snippet:-1","max-image-preview":"max-image-preview:large","max-video-preview":"max-video-preview:-1"},"canonical":"https:\/\/www.accidentdutravail-idf.net\/blog\/accidents-et-morts-au-travail-la-france-affiche-un-triste-record-europeen\/","og_locale":"fr_FR","og_type":"article","og_title":"Accidents et morts au travail : la France affiche un triste record europ\u00e9en - ACCIDENTDUTRAVAIL-IDF","og_description":"Accidents et morts au travail : la France affiche un triste record europ\u00e9en article de ACCIDENTDUTRAVAIL-IDF","og_url":"https:\/\/www.accidentdutravail-idf.net\/blog\/accidents-et-morts-au-travail-la-france-affiche-un-triste-record-europeen\/","og_site_name":"ACCIDENTDUTRAVAIL-IDF","article_published_time":"2025-10-17T19:00:00+00:00","author":"Carlos Poulain","twitter_card":"summary_large_image","twitter_misc":{"\u00c9crit par":"Carlos Poulain","Dur\u00e9e de lecture estim\u00e9e":"6 minutes"},"schema":{"@context":"https:\/\/schema.org","@graph":[{"@type":"Article","@id":"https:\/\/www.accidentdutravail-idf.net\/blog\/accidents-et-morts-au-travail-la-france-affiche-un-triste-record-europeen\/#article","isPartOf":{"@id":"https:\/\/www.accidentdutravail-idf.net\/blog\/accidents-et-morts-au-travail-la-france-affiche-un-triste-record-europeen\/"},"author":{"name":"Carlos Poulain","@id":"https:\/\/www.accidentdutravail-idf.net\/blog\/#\/schema\/person\/3255d2f970de45e64bd9201f38e7b947"},"headline":"Accidents et morts au travail : la France affiche un triste record europ\u00e9en","datePublished":"2025-10-17T19:00:00+00:00","mainEntityOfPage":{"@id":"https:\/\/www.accidentdutravail-idf.net\/blog\/accidents-et-morts-au-travail-la-france-affiche-un-triste-record-europeen\/"},"wordCount":1131,"publisher":{"@id":"https:\/\/www.accidentdutravail-idf.net\/blog\/#organization"},"image":{"@id":"https:\/\/www.accidentdutravail-idf.net\/blog\/accidents-et-morts-au-travail-la-france-affiche-un-triste-record-europeen\/#primaryimage"},"thumbnailUrl":"https:\/\/www.accidentdutravail-idf.net\/blog\/wp-content\/uploads\/2025\/10\/accidents-et-morts-au-travail-la-france-affiche-un-triste-record-europeen.jpg","articleSection":["S\u00e9curit\u00e9 Du Travail En Ile-De-France Et Divers:"],"inLanguage":"fr-FR"},{"@type":"WebPage","@id":"https:\/\/www.accidentdutravail-idf.net\/blog\/accidents-et-morts-au-travail-la-france-affiche-un-triste-record-europeen\/","url":"https:\/\/www.accidentdutravail-idf.net\/blog\/accidents-et-morts-au-travail-la-france-affiche-un-triste-record-europeen\/","name":"Accidents et morts au travail : la France affiche un triste record europ\u00e9en - ACCIDENTDUTRAVAIL-IDF","isPartOf":{"@id":"https:\/\/www.accidentdutravail-idf.net\/blog\/#website"},"primaryImageOfPage":{"@id":"https:\/\/www.accidentdutravail-idf.net\/blog\/accidents-et-morts-au-travail-la-france-affiche-un-triste-record-europeen\/#primaryimage"},"image":{"@id":"https:\/\/www.accidentdutravail-idf.net\/blog\/accidents-et-morts-au-travail-la-france-affiche-un-triste-record-europeen\/#primaryimage"},"thumbnailUrl":"https:\/\/www.accidentdutravail-idf.net\/blog\/wp-content\/uploads\/2025\/10\/accidents-et-morts-au-travail-la-france-affiche-un-triste-record-europeen.jpg","datePublished":"2025-10-17T19:00:00+00:00","description":"Accidents et morts au travail : la France affiche un triste record europ\u00e9en article de ACCIDENTDUTRAVAIL-IDF","breadcrumb":{"@id":"https:\/\/www.accidentdutravail-idf.net\/blog\/accidents-et-morts-au-travail-la-france-affiche-un-triste-record-europeen\/#breadcrumb"},"inLanguage":"fr-FR","potentialAction":[{"@type":"ReadAction","target":["https:\/\/www.accidentdutravail-idf.net\/blog\/accidents-et-morts-au-travail-la-france-affiche-un-triste-record-europeen\/"]}]},{"@type":"ImageObject","inLanguage":"fr-FR","@id":"https:\/\/www.accidentdutravail-idf.net\/blog\/accidents-et-morts-au-travail-la-france-affiche-un-triste-record-europeen\/#primaryimage","url":"","contentUrl":""},{"@type":"BreadcrumbList","@id":"https:\/\/www.accidentdutravail-idf.net\/blog\/accidents-et-morts-au-travail-la-france-affiche-un-triste-record-europeen\/#breadcrumb","itemListElement":[{"@type":"ListItem","position":1,"name":"Accueil","item":"https:\/\/www.accidentdutravail-idf.net\/blog\/"},{"@type":"ListItem","position":2,"name":"Accidents et morts au travail : la France affiche un triste record europ\u00e9en"}]},{"@type":"WebSite","@id":"https:\/\/www.accidentdutravail-idf.net\/blog\/#website","url":"https:\/\/www.accidentdutravail-idf.net\/blog\/","name":"ACCIDENTDUTRAVAIL-IDF","description":"Portail accidents du travail-maladies professionnelles des entreprises d&#039;Ile-de-France","publisher":{"@id":"https:\/\/www.accidentdutravail-idf.net\/blog\/#organization"},"potentialAction":[{"@type":"SearchAction","target":{"@type":"EntryPoint","urlTemplate":"https:\/\/www.accidentdutravail-idf.net\/blog\/?s={search_term_string}"},"query-input":{"@type":"PropertyValueSpecification","valueRequired":true,"valueName":"search_term_string"}}],"inLanguage":"fr-FR"},{"@type":"Organization","@id":"https:\/\/www.accidentdutravail-idf.net\/blog\/#organization","name":"accidentdutravail-idf","url":"https:\/\/www.accidentdutravail-idf.net\/blog\/","logo":{"@type":"ImageObject","inLanguage":"fr-FR","@id":"https:\/\/www.accidentdutravail-idf.net\/blog\/#\/schema\/logo\/image\/","url":"https:\/\/www.accidentdutravail-idf.net\/blog\/wp-content\/uploads\/2022\/09\/logo-2.png","contentUrl":"https:\/\/www.accidentdutravail-idf.net\/blog\/wp-content\/uploads\/2022\/09\/logo-2.png","width":380,"height":291,"caption":"accidentdutravail-idf"},"image":{"@id":"https:\/\/www.accidentdutravail-idf.net\/blog\/#\/schema\/logo\/image\/"}},{"@type":"Person","@id":"https:\/\/www.accidentdutravail-idf.net\/blog\/#\/schema\/person\/3255d2f970de45e64bd9201f38e7b947","name":"Carlos Poulain","image":{"@type":"ImageObject","inLanguage":"fr-FR","@id":"https:\/\/secure.gravatar.com\/avatar\/b1c2f9d3588e34e91adb093635df64ef4b2381991216be7576466cfcdca4baf3?s=96&d=mm&r=g","url":"https:\/\/secure.gravatar.com\/avatar\/b1c2f9d3588e34e91adb093635df64ef4b2381991216be7576466cfcdca4baf3?s=96&d=mm&r=g","contentUrl":"https:\/\/secure.gravatar.com\/avatar\/b1c2f9d3588e34e91adb093635df64ef4b2381991216be7576466cfcdca4baf3?s=96&d=mm&r=g","caption":"Carlos Poulain"},"url":"https:\/\/www.accidentdutravail-idf.net\/blog\/author\/idfcarlos\/"}]}},"_links":{"self":[{"href":"https:\/\/www.accidentdutravail-idf.net\/blog\/wp-json\/wp\/v2\/posts\/1798","targetHints":{"allow":["GET"]}}],"collection":[{"href":"https:\/\/www.accidentdutravail-idf.net\/blog\/wp-json\/wp\/v2\/posts"}],"about":[{"href":"https:\/\/www.accidentdutravail-idf.net\/blog\/wp-json\/wp\/v2\/types\/post"}],"author":[{"embeddable":true,"href":"https:\/\/www.accidentdutravail-idf.net\/blog\/wp-json\/wp\/v2\/users\/2"}],"replies":[{"embeddable":true,"href":"https:\/\/www.accidentdutravail-idf.net\/blog\/wp-json\/wp\/v2\/comments?post=1798"}],"version-history":[{"count":0,"href":"https:\/\/www.accidentdutravail-idf.net\/blog\/wp-json\/wp\/v2\/posts\/1798\/revisions"}],"wp:attachment":[{"href":"https:\/\/www.accidentdutravail-idf.net\/blog\/wp-json\/wp\/v2\/media?parent=1798"}],"wp:term":[{"taxonomy":"category","embeddable":true,"href":"https:\/\/www.accidentdutravail-idf.net\/blog\/wp-json\/wp\/v2\/categories?post=1798"},{"taxonomy":"post_tag","embeddable":true,"href":"https:\/\/www.accidentdutravail-idf.net\/blog\/wp-json\/wp\/v2\/tags?post=1798"}],"curies":[{"name":"wp","href":"https:\/\/api.w.org\/{rel}","templated":true}]}}