{"id":1797,"date":"2025-10-17T05:54:00","date_gmt":"2025-10-17T03:54:00","guid":{"rendered":"https:\/\/www.accidentdutravail-idf.net\/blog\/un-chauffeur-poids-lourd-grievement-blesse-apres-un-accident-du-travail-a-la-fleche\/"},"modified":"2025-10-17T05:54:00","modified_gmt":"2025-10-17T03:54:00","slug":"un-chauffeur-poids-lourd-grievement-blesse-apres-un-accident-du-travail-a-la-fleche","status":"publish","type":"post","link":"https:\/\/www.accidentdutravail-idf.net\/blog\/un-chauffeur-poids-lourd-grievement-blesse-apres-un-accident-du-travail-a-la-fleche\/","title":{"rendered":"Un chauffeur poids lourd gri\u00e8vement bless\u00e9 apr\u00e8s un accident du travail \u00e0 La Fl\u00e8che"},"content":{"rendered":"<div><img decoding=\"async\" src=\"https:\/\/www.accidentdutravail-idf.net\/blog\/wp-content\/uploads\/2025\/10\/un-chauffeur-poids-lourd-grievement-blesse-apres-un-accident-du-travail-a-la-fleche.jpg\" class=\"ff-og-image-inserted\"><\/div>\n<p>Un chauffeur a \u00e9t\u00e9 transport\u00e9 dans un \u00e9tat grave au centre hospitalier du Mans ce vendredi apr\u00e8s un accident du travail \u00e0 La Fl\u00e8che. Il s&rsquo;est retrouv\u00e9 coinc\u00e9 entre la remorque de son camion et le quai de d\u00e9chargement de l&rsquo;entreprise. Son pronostic vital n&rsquo;est pas engag\u00e9. <\/p>\n<div><!--[1--><!--[--><!--[2--><!--[--><!--[1--><!--&gt;\n\n<p>[1--><!--[--><!--[2--><!--[1--><!--[1--><!--&gt;--><strong>Les pompiers ont \u00e9vacu\u00e9 au centre hospitalier du Mans un homme gri\u00e8vement bless\u00e9 ce vendredi 17 octobre apr\u00e8s un accident du travail \u00e0 La Fl\u00e8che (Sarthe).<\/strong> Le chauffeur poids lourd s&rsquo;est retrouv\u00e9 coinc\u00e9 vers 8h20 du matin entre le quai de d\u00e9chargement d&rsquo;une entreprise de logistique, situ\u00e9e rue&nbsp;des Fr\u00e8res Chappe,&nbsp;et la remorque de son camion. <strong>Les gendarmes indiquent qu&rsquo;il est bless\u00e9 au niveau du thorax, mais son pronostic vital n&rsquo;est pas engag\u00e9.<\/strong> Une enqu\u00eate est ouverte pour comprendre les circonstances de cet accident du travail, et \u00e0 ce titre, l&rsquo;inspection du travail a \u00e9galement \u00e9t\u00e9 saisie.<!--&gt;--><!--&gt;]--><!--]--><!--]--><!--]--><!--]--><!--&gt;<\/p>\n\n--><!--]--><!--]--><!--]--><!--[2--><!--[3--><!--&gt;[--><!--]--><!--&gt;]--><!--]--><!--[2--><!--[--><!--[1--><!--&gt;\n\n<p>[1--><!--[--><!--[2--><!--[1--><!--[1--><!--&gt;-->Le salari\u00e9 est sorti de son v\u00e9hicule pour aller se placer \u00e0 l&rsquo;arri\u00e8re de son semi-remorque, mais le camion a alors recul\u00e9.&nbsp;<strong>Le chauffeur s&rsquo;est retrouv\u00e9 coinc\u00e9 contre le quai de d\u00e9chargement.<\/strong> L&rsquo;accident vient d&rsquo;un disfonctionnement au moment de la man\u0153uvre. Le frein \u00e0 main serait en cause selon les premiers \u00e9l\u00e9ments de l&rsquo;enqu\u00eate, qui doivent encore \u00eatre confirm\u00e9es. En-dehors du chauffeur, aucun autre salari\u00e9 de cette entreprise qui compte 200 chauffeurs poids lourd n&rsquo;est impliqu\u00e9. L&rsquo;inspection du travail, cosaisi de l&rsquo;affaire, va mener une visite technique du v\u00e9hicule et s&rsquo;assurer que la victime avait toutes les comp\u00e9tences n\u00e9cessaires pour assurer cette man\u0153uvre.<!--&gt;--><!--&gt;]--><!--]--><!--]--><!--]--><!--]--><!--&gt;<\/p>\n\n--><!--]--><!--]--><!--]--><!--]--><!--]--><!--&gt;<\/div>\n\naccidentdutravail-idf.net vous a pr\u00e9par\u00e9 ce post qui informe du sujet \"Association Sportive Huisson-Longueville Essonne\". La chronique se veut g\u00e9n\u00e9r\u00e9e du mieux possible. Vous pouvez utiliser les coordonn\u00e9es indiqu\u00e9es sur le site dans le but d\u2019apporter des explications sur ce post qui parle du th\u00e8me \"Association Sportive Huisson-Longueville Essonne\". Le site accidentdutravail-idf.net a pour but de fournir diverses publications sur la th\u00e9matique Association Sportive Huisson-Longueville Essonne diffus\u00e9es sur le net. Il y aura plusieurs articles autour du sujet \"Association Sportive Huisson-Longueville Essonne\" dans quelques jours, nous vous invitons \u00e0 naviguer sur notre site web \u00e0 plusieurs reprises.--><\/p>\n","protected":false},"excerpt":{"rendered":"<p>Un chauffeur a \u00e9t\u00e9 transport\u00e9 dans un \u00e9tat grave au centre hospitalier du Mans ce vendredi apr\u00e8s un accident du travail \u00e0 La Fl\u00e8che. Il s&rsquo;est retrouv\u00e9 coinc\u00e9 entre la remorque de son camion et le quai de d\u00e9chargement de l&rsquo;entreprise. Son pronostic vital n&rsquo;est pas engag\u00e9. Les pompiers ont \u00e9vacu\u00e9 au centre hospitalier du &hellip; <\/p>\n<p class=\"link-more\"><a href=\"https:\/\/www.accidentdutravail-idf.net\/blog\/un-chauffeur-poids-lourd-grievement-blesse-apres-un-accident-du-travail-a-la-fleche\/\" class=\"more-link\">Continuer la lecture <span class=\"screen-reader-text\"> \u00ab\u00a0Un chauffeur poids lourd gri\u00e8vement bless\u00e9 apr\u00e8s un accident du travail \u00e0 La Fl\u00e8che\u00a0\u00bb<\/span><\/a><\/p>\n","protected":false},"author":2,"featured_media":0,"comment_status":"closed","ping_status":"closed","sticky":false,"template":"","format":"standard","meta":{"footnotes":""},"categories":[5],"tags":[],"class_list":["post-1797","post","type-post","status-publish","format-standard","hentry","category-securite-du-travail-en-ile-de-france-et-divers","entry"],"yoast_head":"<!-- This site is optimized with the Yoast SEO plugin v27.5 - https:\/\/yoast.com\/product\/yoast-seo-wordpress\/ -->\n<title>Un chauffeur poids lourd gri\u00e8vement bless\u00e9 apr\u00e8s un accident du travail \u00e0 La Fl\u00e8che - ACCIDENTDUTRAVAIL-IDF<\/title>\n<meta name=\"description\" content=\"Un chauffeur poids lourd gri\u00e8vement bless\u00e9 apr\u00e8s un accident du travail \u00e0 La Fl\u00e8che article de ACCIDENTDUTRAVAIL-IDF\" \/>\n<meta name=\"robots\" content=\"index, follow, max-snippet:-1, max-image-preview:large, max-video-preview:-1\" \/>\n<link rel=\"canonical\" href=\"https:\/\/www.accidentdutravail-idf.net\/blog\/un-chauffeur-poids-lourd-grievement-blesse-apres-un-accident-du-travail-a-la-fleche\/\" \/>\n<meta property=\"og:locale\" content=\"fr_FR\" \/>\n<meta property=\"og:type\" content=\"article\" \/>\n<meta property=\"og:title\" content=\"Un chauffeur poids lourd gri\u00e8vement bless\u00e9 apr\u00e8s un accident du travail \u00e0 La Fl\u00e8che - ACCIDENTDUTRAVAIL-IDF\" \/>\n<meta property=\"og:description\" content=\"Un chauffeur poids lourd gri\u00e8vement bless\u00e9 apr\u00e8s un accident du travail \u00e0 La Fl\u00e8che article de ACCIDENTDUTRAVAIL-IDF\" \/>\n<meta property=\"og:url\" content=\"https:\/\/www.accidentdutravail-idf.net\/blog\/un-chauffeur-poids-lourd-grievement-blesse-apres-un-accident-du-travail-a-la-fleche\/\" \/>\n<meta property=\"og:site_name\" content=\"ACCIDENTDUTRAVAIL-IDF\" \/>\n<meta property=\"article:published_time\" content=\"2025-10-17T03:54:00+00:00\" \/>\n<meta property=\"og:image\" content=\"https:\/\/www.accidentdutravail-idf.net\/blog\/wp-content\/uploads\/2025\/10\/un-chauffeur-poids-lourd-grievement-blesse-apres-un-accident-du-travail-a-la-fleche.jpg\" \/>\n<meta name=\"author\" content=\"Carlos Poulain\" \/>\n<meta name=\"twitter:card\" content=\"summary_large_image\" \/>\n<meta name=\"twitter:label1\" content=\"\u00c9crit par\" \/>\n\t<meta name=\"twitter:data1\" content=\"Carlos Poulain\" \/>\n\t<meta name=\"twitter:label2\" content=\"Dur\u00e9e de lecture estim\u00e9e\" \/>\n\t<meta name=\"twitter:data2\" content=\"1 minute\" \/>\n<script type=\"application\/ld+json\" class=\"yoast-schema-graph\">{\"@context\":\"https:\\\/\\\/schema.org\",\"@graph\":[{\"@type\":\"Article\",\"@id\":\"https:\\\/\\\/www.accidentdutravail-idf.net\\\/blog\\\/un-chauffeur-poids-lourd-grievement-blesse-apres-un-accident-du-travail-a-la-fleche\\\/#article\",\"isPartOf\":{\"@id\":\"https:\\\/\\\/www.accidentdutravail-idf.net\\\/blog\\\/un-chauffeur-poids-lourd-grievement-blesse-apres-un-accident-du-travail-a-la-fleche\\\/\"},\"author\":{\"name\":\"Carlos Poulain\",\"@id\":\"https:\\\/\\\/www.accidentdutravail-idf.net\\\/blog\\\/#\\\/schema\\\/person\\\/3255d2f970de45e64bd9201f38e7b947\"},\"headline\":\"Un chauffeur poids lourd gri\u00e8vement bless\u00e9 apr\u00e8s un accident du travail \u00e0 La Fl\u00e8che\",\"datePublished\":\"2025-10-17T03:54:00+00:00\",\"mainEntityOfPage\":{\"@id\":\"https:\\\/\\\/www.accidentdutravail-idf.net\\\/blog\\\/un-chauffeur-poids-lourd-grievement-blesse-apres-un-accident-du-travail-a-la-fleche\\\/\"},\"wordCount\":281,\"publisher\":{\"@id\":\"https:\\\/\\\/www.accidentdutravail-idf.net\\\/blog\\\/#organization\"},\"image\":{\"@id\":\"https:\\\/\\\/www.accidentdutravail-idf.net\\\/blog\\\/un-chauffeur-poids-lourd-grievement-blesse-apres-un-accident-du-travail-a-la-fleche\\\/#primaryimage\"},\"thumbnailUrl\":\"https:\\\/\\\/www.accidentdutravail-idf.net\\\/blog\\\/wp-content\\\/uploads\\\/2025\\\/10\\\/un-chauffeur-poids-lourd-grievement-blesse-apres-un-accident-du-travail-a-la-fleche.jpg\",\"articleSection\":[\"S\u00e9curit\u00e9 Du Travail En Ile-De-France Et Divers:\"],\"inLanguage\":\"fr-FR\"},{\"@type\":\"WebPage\",\"@id\":\"https:\\\/\\\/www.accidentdutravail-idf.net\\\/blog\\\/un-chauffeur-poids-lourd-grievement-blesse-apres-un-accident-du-travail-a-la-fleche\\\/\",\"url\":\"https:\\\/\\\/www.accidentdutravail-idf.net\\\/blog\\\/un-chauffeur-poids-lourd-grievement-blesse-apres-un-accident-du-travail-a-la-fleche\\\/\",\"name\":\"Un chauffeur poids lourd gri\u00e8vement bless\u00e9 apr\u00e8s un accident du travail \u00e0 La Fl\u00e8che - ACCIDENTDUTRAVAIL-IDF\",\"isPartOf\":{\"@id\":\"https:\\\/\\\/www.accidentdutravail-idf.net\\\/blog\\\/#website\"},\"primaryImageOfPage\":{\"@id\":\"https:\\\/\\\/www.accidentdutravail-idf.net\\\/blog\\\/un-chauffeur-poids-lourd-grievement-blesse-apres-un-accident-du-travail-a-la-fleche\\\/#primaryimage\"},\"image\":{\"@id\":\"https:\\\/\\\/www.accidentdutravail-idf.net\\\/blog\\\/un-chauffeur-poids-lourd-grievement-blesse-apres-un-accident-du-travail-a-la-fleche\\\/#primaryimage\"},\"thumbnailUrl\":\"https:\\\/\\\/www.accidentdutravail-idf.net\\\/blog\\\/wp-content\\\/uploads\\\/2025\\\/10\\\/un-chauffeur-poids-lourd-grievement-blesse-apres-un-accident-du-travail-a-la-fleche.jpg\",\"datePublished\":\"2025-10-17T03:54:00+00:00\",\"description\":\"Un chauffeur poids lourd gri\u00e8vement bless\u00e9 apr\u00e8s un accident du travail \u00e0 La Fl\u00e8che article de ACCIDENTDUTRAVAIL-IDF\",\"breadcrumb\":{\"@id\":\"https:\\\/\\\/www.accidentdutravail-idf.net\\\/blog\\\/un-chauffeur-poids-lourd-grievement-blesse-apres-un-accident-du-travail-a-la-fleche\\\/#breadcrumb\"},\"inLanguage\":\"fr-FR\",\"potentialAction\":[{\"@type\":\"ReadAction\",\"target\":[\"https:\\\/\\\/www.accidentdutravail-idf.net\\\/blog\\\/un-chauffeur-poids-lourd-grievement-blesse-apres-un-accident-du-travail-a-la-fleche\\\/\"]}]},{\"@type\":\"ImageObject\",\"inLanguage\":\"fr-FR\",\"@id\":\"https:\\\/\\\/www.accidentdutravail-idf.net\\\/blog\\\/un-chauffeur-poids-lourd-grievement-blesse-apres-un-accident-du-travail-a-la-fleche\\\/#primaryimage\",\"url\":\"https:\\\/\\\/www.accidentdutravail-idf.net\\\/blog\\\/wp-content\\\/uploads\\\/2025\\\/10\\\/un-chauffeur-poids-lourd-grievement-blesse-apres-un-accident-du-travail-a-la-fleche.jpg\",\"contentUrl\":\"https:\\\/\\\/www.accidentdutravail-idf.net\\\/blog\\\/wp-content\\\/uploads\\\/2025\\\/10\\\/un-chauffeur-poids-lourd-grievement-blesse-apres-un-accident-du-travail-a-la-fleche.jpg\"},{\"@type\":\"BreadcrumbList\",\"@id\":\"https:\\\/\\\/www.accidentdutravail-idf.net\\\/blog\\\/un-chauffeur-poids-lourd-grievement-blesse-apres-un-accident-du-travail-a-la-fleche\\\/#breadcrumb\",\"itemListElement\":[{\"@type\":\"ListItem\",\"position\":1,\"name\":\"Accueil\",\"item\":\"https:\\\/\\\/www.accidentdutravail-idf.net\\\/blog\\\/\"},{\"@type\":\"ListItem\",\"position\":2,\"name\":\"Un chauffeur poids lourd gri\u00e8vement bless\u00e9 apr\u00e8s un accident du travail \u00e0 La Fl\u00e8che\"}]},{\"@type\":\"WebSite\",\"@id\":\"https:\\\/\\\/www.accidentdutravail-idf.net\\\/blog\\\/#website\",\"url\":\"https:\\\/\\\/www.accidentdutravail-idf.net\\\/blog\\\/\",\"name\":\"ACCIDENTDUTRAVAIL-IDF\",\"description\":\"Portail accidents du travail-maladies professionnelles des entreprises d&#039;Ile-de-France\",\"publisher\":{\"@id\":\"https:\\\/\\\/www.accidentdutravail-idf.net\\\/blog\\\/#organization\"},\"potentialAction\":[{\"@type\":\"SearchAction\",\"target\":{\"@type\":\"EntryPoint\",\"urlTemplate\":\"https:\\\/\\\/www.accidentdutravail-idf.net\\\/blog\\\/?s={search_term_string}\"},\"query-input\":{\"@type\":\"PropertyValueSpecification\",\"valueRequired\":true,\"valueName\":\"search_term_string\"}}],\"inLanguage\":\"fr-FR\"},{\"@type\":\"Organization\",\"@id\":\"https:\\\/\\\/www.accidentdutravail-idf.net\\\/blog\\\/#organization\",\"name\":\"accidentdutravail-idf\",\"url\":\"https:\\\/\\\/www.accidentdutravail-idf.net\\\/blog\\\/\",\"logo\":{\"@type\":\"ImageObject\",\"inLanguage\":\"fr-FR\",\"@id\":\"https:\\\/\\\/www.accidentdutravail-idf.net\\\/blog\\\/#\\\/schema\\\/logo\\\/image\\\/\",\"url\":\"https:\\\/\\\/www.accidentdutravail-idf.net\\\/blog\\\/wp-content\\\/uploads\\\/2022\\\/09\\\/logo-2.png\",\"contentUrl\":\"https:\\\/\\\/www.accidentdutravail-idf.net\\\/blog\\\/wp-content\\\/uploads\\\/2022\\\/09\\\/logo-2.png\",\"width\":380,\"height\":291,\"caption\":\"accidentdutravail-idf\"},\"image\":{\"@id\":\"https:\\\/\\\/www.accidentdutravail-idf.net\\\/blog\\\/#\\\/schema\\\/logo\\\/image\\\/\"}},{\"@type\":\"Person\",\"@id\":\"https:\\\/\\\/www.accidentdutravail-idf.net\\\/blog\\\/#\\\/schema\\\/person\\\/3255d2f970de45e64bd9201f38e7b947\",\"name\":\"Carlos Poulain\",\"image\":{\"@type\":\"ImageObject\",\"inLanguage\":\"fr-FR\",\"@id\":\"https:\\\/\\\/secure.gravatar.com\\\/avatar\\\/b1c2f9d3588e34e91adb093635df64ef4b2381991216be7576466cfcdca4baf3?s=96&d=mm&r=g\",\"url\":\"https:\\\/\\\/secure.gravatar.com\\\/avatar\\\/b1c2f9d3588e34e91adb093635df64ef4b2381991216be7576466cfcdca4baf3?s=96&d=mm&r=g\",\"contentUrl\":\"https:\\\/\\\/secure.gravatar.com\\\/avatar\\\/b1c2f9d3588e34e91adb093635df64ef4b2381991216be7576466cfcdca4baf3?s=96&d=mm&r=g\",\"caption\":\"Carlos Poulain\"},\"url\":\"https:\\\/\\\/www.accidentdutravail-idf.net\\\/blog\\\/author\\\/idfcarlos\\\/\"}]}<\/script>\n<!-- \/ Yoast SEO plugin. -->","yoast_head_json":{"title":"Un chauffeur poids lourd gri\u00e8vement bless\u00e9 apr\u00e8s un accident du travail \u00e0 La Fl\u00e8che - ACCIDENTDUTRAVAIL-IDF","description":"Un chauffeur poids lourd gri\u00e8vement bless\u00e9 apr\u00e8s un accident du travail \u00e0 La Fl\u00e8che article de ACCIDENTDUTRAVAIL-IDF","robots":{"index":"index","follow":"follow","max-snippet":"max-snippet:-1","max-image-preview":"max-image-preview:large","max-video-preview":"max-video-preview:-1"},"canonical":"https:\/\/www.accidentdutravail-idf.net\/blog\/un-chauffeur-poids-lourd-grievement-blesse-apres-un-accident-du-travail-a-la-fleche\/","og_locale":"fr_FR","og_type":"article","og_title":"Un chauffeur poids lourd gri\u00e8vement bless\u00e9 apr\u00e8s un accident du travail \u00e0 La Fl\u00e8che - ACCIDENTDUTRAVAIL-IDF","og_description":"Un chauffeur poids lourd gri\u00e8vement bless\u00e9 apr\u00e8s un accident du travail \u00e0 La Fl\u00e8che article de ACCIDENTDUTRAVAIL-IDF","og_url":"https:\/\/www.accidentdutravail-idf.net\/blog\/un-chauffeur-poids-lourd-grievement-blesse-apres-un-accident-du-travail-a-la-fleche\/","og_site_name":"ACCIDENTDUTRAVAIL-IDF","article_published_time":"2025-10-17T03:54:00+00:00","og_image":[{"url":"https:\/\/www.accidentdutravail-idf.net\/blog\/wp-content\/uploads\/2025\/10\/un-chauffeur-poids-lourd-grievement-blesse-apres-un-accident-du-travail-a-la-fleche.jpg","type":"","width":"","height":""}],"author":"Carlos Poulain","twitter_card":"summary_large_image","twitter_misc":{"\u00c9crit par":"Carlos Poulain","Dur\u00e9e de lecture estim\u00e9e":"1 minute"},"schema":{"@context":"https:\/\/schema.org","@graph":[{"@type":"Article","@id":"https:\/\/www.accidentdutravail-idf.net\/blog\/un-chauffeur-poids-lourd-grievement-blesse-apres-un-accident-du-travail-a-la-fleche\/#article","isPartOf":{"@id":"https:\/\/www.accidentdutravail-idf.net\/blog\/un-chauffeur-poids-lourd-grievement-blesse-apres-un-accident-du-travail-a-la-fleche\/"},"author":{"name":"Carlos Poulain","@id":"https:\/\/www.accidentdutravail-idf.net\/blog\/#\/schema\/person\/3255d2f970de45e64bd9201f38e7b947"},"headline":"Un chauffeur poids lourd gri\u00e8vement bless\u00e9 apr\u00e8s un accident du travail \u00e0 La Fl\u00e8che","datePublished":"2025-10-17T03:54:00+00:00","mainEntityOfPage":{"@id":"https:\/\/www.accidentdutravail-idf.net\/blog\/un-chauffeur-poids-lourd-grievement-blesse-apres-un-accident-du-travail-a-la-fleche\/"},"wordCount":281,"publisher":{"@id":"https:\/\/www.accidentdutravail-idf.net\/blog\/#organization"},"image":{"@id":"https:\/\/www.accidentdutravail-idf.net\/blog\/un-chauffeur-poids-lourd-grievement-blesse-apres-un-accident-du-travail-a-la-fleche\/#primaryimage"},"thumbnailUrl":"https:\/\/www.accidentdutravail-idf.net\/blog\/wp-content\/uploads\/2025\/10\/un-chauffeur-poids-lourd-grievement-blesse-apres-un-accident-du-travail-a-la-fleche.jpg","articleSection":["S\u00e9curit\u00e9 Du Travail En Ile-De-France Et Divers:"],"inLanguage":"fr-FR"},{"@type":"WebPage","@id":"https:\/\/www.accidentdutravail-idf.net\/blog\/un-chauffeur-poids-lourd-grievement-blesse-apres-un-accident-du-travail-a-la-fleche\/","url":"https:\/\/www.accidentdutravail-idf.net\/blog\/un-chauffeur-poids-lourd-grievement-blesse-apres-un-accident-du-travail-a-la-fleche\/","name":"Un chauffeur poids lourd gri\u00e8vement bless\u00e9 apr\u00e8s un accident du travail \u00e0 La Fl\u00e8che - ACCIDENTDUTRAVAIL-IDF","isPartOf":{"@id":"https:\/\/www.accidentdutravail-idf.net\/blog\/#website"},"primaryImageOfPage":{"@id":"https:\/\/www.accidentdutravail-idf.net\/blog\/un-chauffeur-poids-lourd-grievement-blesse-apres-un-accident-du-travail-a-la-fleche\/#primaryimage"},"image":{"@id":"https:\/\/www.accidentdutravail-idf.net\/blog\/un-chauffeur-poids-lourd-grievement-blesse-apres-un-accident-du-travail-a-la-fleche\/#primaryimage"},"thumbnailUrl":"https:\/\/www.accidentdutravail-idf.net\/blog\/wp-content\/uploads\/2025\/10\/un-chauffeur-poids-lourd-grievement-blesse-apres-un-accident-du-travail-a-la-fleche.jpg","datePublished":"2025-10-17T03:54:00+00:00","description":"Un chauffeur poids lourd gri\u00e8vement bless\u00e9 apr\u00e8s un accident du travail \u00e0 La Fl\u00e8che article de ACCIDENTDUTRAVAIL-IDF","breadcrumb":{"@id":"https:\/\/www.accidentdutravail-idf.net\/blog\/un-chauffeur-poids-lourd-grievement-blesse-apres-un-accident-du-travail-a-la-fleche\/#breadcrumb"},"inLanguage":"fr-FR","potentialAction":[{"@type":"ReadAction","target":["https:\/\/www.accidentdutravail-idf.net\/blog\/un-chauffeur-poids-lourd-grievement-blesse-apres-un-accident-du-travail-a-la-fleche\/"]}]},{"@type":"ImageObject","inLanguage":"fr-FR","@id":"https:\/\/www.accidentdutravail-idf.net\/blog\/un-chauffeur-poids-lourd-grievement-blesse-apres-un-accident-du-travail-a-la-fleche\/#primaryimage","url":"https:\/\/www.accidentdutravail-idf.net\/blog\/wp-content\/uploads\/2025\/10\/un-chauffeur-poids-lourd-grievement-blesse-apres-un-accident-du-travail-a-la-fleche.jpg","contentUrl":"https:\/\/www.accidentdutravail-idf.net\/blog\/wp-content\/uploads\/2025\/10\/un-chauffeur-poids-lourd-grievement-blesse-apres-un-accident-du-travail-a-la-fleche.jpg"},{"@type":"BreadcrumbList","@id":"https:\/\/www.accidentdutravail-idf.net\/blog\/un-chauffeur-poids-lourd-grievement-blesse-apres-un-accident-du-travail-a-la-fleche\/#breadcrumb","itemListElement":[{"@type":"ListItem","position":1,"name":"Accueil","item":"https:\/\/www.accidentdutravail-idf.net\/blog\/"},{"@type":"ListItem","position":2,"name":"Un chauffeur poids lourd gri\u00e8vement bless\u00e9 apr\u00e8s un accident du travail \u00e0 La Fl\u00e8che"}]},{"@type":"WebSite","@id":"https:\/\/www.accidentdutravail-idf.net\/blog\/#website","url":"https:\/\/www.accidentdutravail-idf.net\/blog\/","name":"ACCIDENTDUTRAVAIL-IDF","description":"Portail accidents du travail-maladies professionnelles des entreprises d&#039;Ile-de-France","publisher":{"@id":"https:\/\/www.accidentdutravail-idf.net\/blog\/#organization"},"potentialAction":[{"@type":"SearchAction","target":{"@type":"EntryPoint","urlTemplate":"https:\/\/www.accidentdutravail-idf.net\/blog\/?s={search_term_string}"},"query-input":{"@type":"PropertyValueSpecification","valueRequired":true,"valueName":"search_term_string"}}],"inLanguage":"fr-FR"},{"@type":"Organization","@id":"https:\/\/www.accidentdutravail-idf.net\/blog\/#organization","name":"accidentdutravail-idf","url":"https:\/\/www.accidentdutravail-idf.net\/blog\/","logo":{"@type":"ImageObject","inLanguage":"fr-FR","@id":"https:\/\/www.accidentdutravail-idf.net\/blog\/#\/schema\/logo\/image\/","url":"https:\/\/www.accidentdutravail-idf.net\/blog\/wp-content\/uploads\/2022\/09\/logo-2.png","contentUrl":"https:\/\/www.accidentdutravail-idf.net\/blog\/wp-content\/uploads\/2022\/09\/logo-2.png","width":380,"height":291,"caption":"accidentdutravail-idf"},"image":{"@id":"https:\/\/www.accidentdutravail-idf.net\/blog\/#\/schema\/logo\/image\/"}},{"@type":"Person","@id":"https:\/\/www.accidentdutravail-idf.net\/blog\/#\/schema\/person\/3255d2f970de45e64bd9201f38e7b947","name":"Carlos Poulain","image":{"@type":"ImageObject","inLanguage":"fr-FR","@id":"https:\/\/secure.gravatar.com\/avatar\/b1c2f9d3588e34e91adb093635df64ef4b2381991216be7576466cfcdca4baf3?s=96&d=mm&r=g","url":"https:\/\/secure.gravatar.com\/avatar\/b1c2f9d3588e34e91adb093635df64ef4b2381991216be7576466cfcdca4baf3?s=96&d=mm&r=g","contentUrl":"https:\/\/secure.gravatar.com\/avatar\/b1c2f9d3588e34e91adb093635df64ef4b2381991216be7576466cfcdca4baf3?s=96&d=mm&r=g","caption":"Carlos Poulain"},"url":"https:\/\/www.accidentdutravail-idf.net\/blog\/author\/idfcarlos\/"}]}},"_links":{"self":[{"href":"https:\/\/www.accidentdutravail-idf.net\/blog\/wp-json\/wp\/v2\/posts\/1797","targetHints":{"allow":["GET"]}}],"collection":[{"href":"https:\/\/www.accidentdutravail-idf.net\/blog\/wp-json\/wp\/v2\/posts"}],"about":[{"href":"https:\/\/www.accidentdutravail-idf.net\/blog\/wp-json\/wp\/v2\/types\/post"}],"author":[{"embeddable":true,"href":"https:\/\/www.accidentdutravail-idf.net\/blog\/wp-json\/wp\/v2\/users\/2"}],"replies":[{"embeddable":true,"href":"https:\/\/www.accidentdutravail-idf.net\/blog\/wp-json\/wp\/v2\/comments?post=1797"}],"version-history":[{"count":0,"href":"https:\/\/www.accidentdutravail-idf.net\/blog\/wp-json\/wp\/v2\/posts\/1797\/revisions"}],"wp:attachment":[{"href":"https:\/\/www.accidentdutravail-idf.net\/blog\/wp-json\/wp\/v2\/media?parent=1797"}],"wp:term":[{"taxonomy":"category","embeddable":true,"href":"https:\/\/www.accidentdutravail-idf.net\/blog\/wp-json\/wp\/v2\/categories?post=1797"},{"taxonomy":"post_tag","embeddable":true,"href":"https:\/\/www.accidentdutravail-idf.net\/blog\/wp-json\/wp\/v2\/tags?post=1797"}],"curies":[{"name":"wp","href":"https:\/\/api.w.org\/{rel}","templated":true}]}}