{"id":1796,"date":"2025-10-16T14:01:00","date_gmt":"2025-10-16T12:01:00","guid":{"rendered":"https:\/\/www.accidentdutravail-idf.net\/blog\/val-doise-un-ouvrier-de-55-ans-meurt-dans-un-accident-du-travail-en-tombant-dun-toit\/"},"modified":"2025-10-16T14:01:00","modified_gmt":"2025-10-16T12:01:00","slug":"val-doise-un-ouvrier-de-55-ans-meurt-dans-un-accident-du-travail-en-tombant-dun-toit","status":"publish","type":"post","link":"https:\/\/www.accidentdutravail-idf.net\/blog\/val-doise-un-ouvrier-de-55-ans-meurt-dans-un-accident-du-travail-en-tombant-dun-toit\/","title":{"rendered":"Val-d&rsquo;Oise : un ouvrier de 55 ans meurt dans un accident du travail en tombant d&rsquo;un toit"},"content":{"rendered":"<div><img decoding=\"async\" src=\"https:\/\/www.accidentdutravail-idf.net\/blog\/wp-content\/uploads\/2025\/10\/val-doise-un-ouvrier-de-55-ans-meurt-dans-un-accident-du-travail-en-tombant-dun-toit.png\" class=\"ff-og-image-inserted\"><\/div>\n<div class=\"ac-article-date\"> Par <strong> <a href=\"https:\/\/actu.fr\/auteur\/thomashoffmann\" title=\"Consulter tous les articles de Thomas Hoffmann\" target=\"_blank\" rel=\"nofollow\">Thomas Hoffmann<\/a> <\/strong> <span> Publi\u00e9 le  16 oct. 2025 \u00e0 20h48  <\/span>\n<\/div>\n<p>Drame \u00e0 <a href=\"https:\/\/actu.fr\/ile-de-france\/eragny_95218\" target=\"_blank\" rel=\"nofollow\">\u00c9ragny-sur-Oise<\/a> (Val-d\u2019Oise). Un <strong>homme \u00e2g\u00e9 de 55&nbsp;ans est mort<\/strong> ce jeudi 16&nbsp;octobre 2025 apr\u00e8s avoir <strong>chut\u00e9 de 15&nbsp;m\u00e8tres<\/strong>, au cours de la matin\u00e9e.<\/p>\n<p class=\" wall-content\">L\u2019ouvrier intervenait sur le toit d\u2019une entreprise de l\u2019avenue du Gros-Ch\u00eane, dans le cadre d\u2019un chantier, lorsqu\u2019il a bascul\u00e9 dans le vide.<\/p>\n<h2 class=\" wall-content\">Une enqu\u00eate ouverte<\/h2>\n<p class=\" wall-content\">Alert\u00e9s \u00e0 9h12, les sapeurs-pompiers et une \u00e9quipe m\u00e9dicale du Samu 95 sont rapidement intervenus. Malgr\u00e9 les soins prodigu\u00e9s, l\u2019homme, qui avait \u00e9t\u00e9 retrouv\u00e9 en arr\u00eat cardiorespiratoire, n\u2019a pu \u00eatre r\u00e9anim\u00e9. Son d\u00e9c\u00e8s a \u00e9t\u00e9 prononc\u00e9 sur place par un m\u00e9decin du Samu.<\/p>\n<p class=\" wall-content\">Une enqu\u00eate a \u00e9t\u00e9 ouverte et confi\u00e9e aux policiers du commissariat de Cergy pour d\u00e9terminer les circonstances de ce drame.<\/p>\n<p class=\" wall-content\"><i>Personnalisez votre actualit\u00e9 en ajoutant vos villes et m\u00e9dias en favori avec <a href=\"https:\/\/moncompte.actu.fr\" title=\"D\u00e9couvez Mon Actu\" rel=\"nofollow\" data-trk=\"{&quot;cta&quot;:{&quot;action&quot;:&quot;https:\\\/\\\/moncompte.actu.fr&quot;,&quot;category&quot;:&quot;mon compte&quot;,&quot;from&quot;:&quot;article footer&quot;,&quot;name&quot;:&quot;Mon actu&quot;,&quot;type&quot;:&quot;cta&quot;}}\" target=\"_blank\">Mon Actu<\/a>.<\/i><\/p>\n<p> accidentdutravail-idf.net vous a pr\u00e9par\u00e9 ce post qui informe du sujet \u00ab\u00a0Association Sportive Huisson-Longueville Essonne\u00a0\u00bb. La chronique se veut g\u00e9n\u00e9r\u00e9e du mieux possible. Vous pouvez utiliser les coordonn\u00e9es indiqu\u00e9es sur le site dans le but d\u2019apporter des explications sur ce post qui parle du th\u00e8me \u00ab\u00a0Association Sportive Huisson-Longueville Essonne\u00a0\u00bb. Le site accidentdutravail-idf.net a pour but de fournir diverses publications sur la th\u00e9matique Association Sportive Huisson-Longueville Essonne diffus\u00e9es sur le net. Il y aura plusieurs articles autour du sujet \u00ab\u00a0Association Sportive Huisson-Longueville Essonne\u00a0\u00bb dans quelques jours, nous vous invitons \u00e0 naviguer sur notre site web \u00e0 plusieurs reprises.<\/p>\n","protected":false},"excerpt":{"rendered":"<p>Par Thomas Hoffmann Publi\u00e9 le 16 oct. 2025 \u00e0 20h48 Drame \u00e0 \u00c9ragny-sur-Oise (Val-d\u2019Oise). Un homme \u00e2g\u00e9 de 55&nbsp;ans est mort ce jeudi 16&nbsp;octobre 2025 apr\u00e8s avoir chut\u00e9 de 15&nbsp;m\u00e8tres, au cours de la matin\u00e9e. L\u2019ouvrier intervenait sur le toit d\u2019une entreprise de l\u2019avenue du Gros-Ch\u00eane, dans le cadre d\u2019un chantier, lorsqu\u2019il a bascul\u00e9 dans &hellip; <\/p>\n<p class=\"link-more\"><a href=\"https:\/\/www.accidentdutravail-idf.net\/blog\/val-doise-un-ouvrier-de-55-ans-meurt-dans-un-accident-du-travail-en-tombant-dun-toit\/\" class=\"more-link\">Continuer la lecture <span class=\"screen-reader-text\"> \u00ab\u00a0Val-d&rsquo;Oise : un ouvrier de 55 ans meurt dans un accident du travail en tombant d&rsquo;un toit\u00a0\u00bb<\/span><\/a><\/p>\n","protected":false},"author":2,"featured_media":0,"comment_status":"closed","ping_status":"closed","sticky":false,"template":"","format":"standard","meta":{"footnotes":""},"categories":[5],"tags":[],"class_list":["post-1796","post","type-post","status-publish","format-standard","hentry","category-securite-du-travail-en-ile-de-france-et-divers","entry"],"yoast_head":"<!-- This site is optimized with the Yoast SEO plugin v27.5 - https:\/\/yoast.com\/product\/yoast-seo-wordpress\/ -->\n<title>Val-d&#039;Oise : un ouvrier de 55 ans meurt dans un accident du travail en tombant d&#039;un toit - ACCIDENTDUTRAVAIL-IDF<\/title>\n<meta name=\"description\" content=\"Val-d&#039;Oise : un ouvrier de 55 ans meurt dans un accident du travail en tombant d&#039;un toit article de ACCIDENTDUTRAVAIL-IDF\" \/>\n<meta name=\"robots\" content=\"index, follow, max-snippet:-1, max-image-preview:large, max-video-preview:-1\" \/>\n<link rel=\"canonical\" href=\"https:\/\/www.accidentdutravail-idf.net\/blog\/val-doise-un-ouvrier-de-55-ans-meurt-dans-un-accident-du-travail-en-tombant-dun-toit\/\" \/>\n<meta property=\"og:locale\" content=\"fr_FR\" \/>\n<meta property=\"og:type\" content=\"article\" \/>\n<meta property=\"og:title\" content=\"Val-d&#039;Oise : un ouvrier de 55 ans meurt dans un accident du travail en tombant d&#039;un toit - ACCIDENTDUTRAVAIL-IDF\" \/>\n<meta property=\"og:description\" content=\"Val-d&#039;Oise : un ouvrier de 55 ans meurt dans un accident du travail en tombant d&#039;un toit article de ACCIDENTDUTRAVAIL-IDF\" \/>\n<meta property=\"og:url\" content=\"https:\/\/www.accidentdutravail-idf.net\/blog\/val-doise-un-ouvrier-de-55-ans-meurt-dans-un-accident-du-travail-en-tombant-dun-toit\/\" \/>\n<meta property=\"og:site_name\" content=\"ACCIDENTDUTRAVAIL-IDF\" \/>\n<meta property=\"article:published_time\" content=\"2025-10-16T12:01:00+00:00\" \/>\n<meta property=\"og:image\" content=\"https:\/\/www.accidentdutravail-idf.net\/blog\/wp-content\/uploads\/2025\/10\/val-doise-un-ouvrier-de-55-ans-meurt-dans-un-accident-du-travail-en-tombant-dun-toit.png\" \/>\n<meta name=\"author\" content=\"Carlos Poulain\" \/>\n<meta name=\"twitter:card\" content=\"summary_large_image\" \/>\n<meta name=\"twitter:label1\" content=\"\u00c9crit par\" \/>\n\t<meta name=\"twitter:data1\" content=\"Carlos Poulain\" \/>\n\t<meta name=\"twitter:label2\" content=\"Dur\u00e9e de lecture estim\u00e9e\" \/>\n\t<meta name=\"twitter:data2\" content=\"1 minute\" \/>\n<script type=\"application\/ld+json\" class=\"yoast-schema-graph\">{\"@context\":\"https:\\\/\\\/schema.org\",\"@graph\":[{\"@type\":\"Article\",\"@id\":\"https:\\\/\\\/www.accidentdutravail-idf.net\\\/blog\\\/val-doise-un-ouvrier-de-55-ans-meurt-dans-un-accident-du-travail-en-tombant-dun-toit\\\/#article\",\"isPartOf\":{\"@id\":\"https:\\\/\\\/www.accidentdutravail-idf.net\\\/blog\\\/val-doise-un-ouvrier-de-55-ans-meurt-dans-un-accident-du-travail-en-tombant-dun-toit\\\/\"},\"author\":{\"name\":\"Carlos Poulain\",\"@id\":\"https:\\\/\\\/www.accidentdutravail-idf.net\\\/blog\\\/#\\\/schema\\\/person\\\/3255d2f970de45e64bd9201f38e7b947\"},\"headline\":\"Val-d&rsquo;Oise : un ouvrier de 55 ans meurt dans un accident du travail en tombant d&rsquo;un toit\",\"datePublished\":\"2025-10-16T12:01:00+00:00\",\"mainEntityOfPage\":{\"@id\":\"https:\\\/\\\/www.accidentdutravail-idf.net\\\/blog\\\/val-doise-un-ouvrier-de-55-ans-meurt-dans-un-accident-du-travail-en-tombant-dun-toit\\\/\"},\"wordCount\":279,\"publisher\":{\"@id\":\"https:\\\/\\\/www.accidentdutravail-idf.net\\\/blog\\\/#organization\"},\"image\":{\"@id\":\"https:\\\/\\\/www.accidentdutravail-idf.net\\\/blog\\\/val-doise-un-ouvrier-de-55-ans-meurt-dans-un-accident-du-travail-en-tombant-dun-toit\\\/#primaryimage\"},\"thumbnailUrl\":\"https:\\\/\\\/www.accidentdutravail-idf.net\\\/blog\\\/wp-content\\\/uploads\\\/2025\\\/10\\\/val-doise-un-ouvrier-de-55-ans-meurt-dans-un-accident-du-travail-en-tombant-dun-toit.png\",\"articleSection\":[\"S\u00e9curit\u00e9 Du Travail En Ile-De-France Et Divers:\"],\"inLanguage\":\"fr-FR\"},{\"@type\":\"WebPage\",\"@id\":\"https:\\\/\\\/www.accidentdutravail-idf.net\\\/blog\\\/val-doise-un-ouvrier-de-55-ans-meurt-dans-un-accident-du-travail-en-tombant-dun-toit\\\/\",\"url\":\"https:\\\/\\\/www.accidentdutravail-idf.net\\\/blog\\\/val-doise-un-ouvrier-de-55-ans-meurt-dans-un-accident-du-travail-en-tombant-dun-toit\\\/\",\"name\":\"Val-d'Oise : un ouvrier de 55 ans meurt dans un accident du travail en tombant d'un toit - ACCIDENTDUTRAVAIL-IDF\",\"isPartOf\":{\"@id\":\"https:\\\/\\\/www.accidentdutravail-idf.net\\\/blog\\\/#website\"},\"primaryImageOfPage\":{\"@id\":\"https:\\\/\\\/www.accidentdutravail-idf.net\\\/blog\\\/val-doise-un-ouvrier-de-55-ans-meurt-dans-un-accident-du-travail-en-tombant-dun-toit\\\/#primaryimage\"},\"image\":{\"@id\":\"https:\\\/\\\/www.accidentdutravail-idf.net\\\/blog\\\/val-doise-un-ouvrier-de-55-ans-meurt-dans-un-accident-du-travail-en-tombant-dun-toit\\\/#primaryimage\"},\"thumbnailUrl\":\"https:\\\/\\\/www.accidentdutravail-idf.net\\\/blog\\\/wp-content\\\/uploads\\\/2025\\\/10\\\/val-doise-un-ouvrier-de-55-ans-meurt-dans-un-accident-du-travail-en-tombant-dun-toit.png\",\"datePublished\":\"2025-10-16T12:01:00+00:00\",\"description\":\"Val-d'Oise : un ouvrier de 55 ans meurt dans un accident du travail en tombant d'un toit article de ACCIDENTDUTRAVAIL-IDF\",\"breadcrumb\":{\"@id\":\"https:\\\/\\\/www.accidentdutravail-idf.net\\\/blog\\\/val-doise-un-ouvrier-de-55-ans-meurt-dans-un-accident-du-travail-en-tombant-dun-toit\\\/#breadcrumb\"},\"inLanguage\":\"fr-FR\",\"potentialAction\":[{\"@type\":\"ReadAction\",\"target\":[\"https:\\\/\\\/www.accidentdutravail-idf.net\\\/blog\\\/val-doise-un-ouvrier-de-55-ans-meurt-dans-un-accident-du-travail-en-tombant-dun-toit\\\/\"]}]},{\"@type\":\"ImageObject\",\"inLanguage\":\"fr-FR\",\"@id\":\"https:\\\/\\\/www.accidentdutravail-idf.net\\\/blog\\\/val-doise-un-ouvrier-de-55-ans-meurt-dans-un-accident-du-travail-en-tombant-dun-toit\\\/#primaryimage\",\"url\":\"https:\\\/\\\/www.accidentdutravail-idf.net\\\/blog\\\/wp-content\\\/uploads\\\/2025\\\/10\\\/val-doise-un-ouvrier-de-55-ans-meurt-dans-un-accident-du-travail-en-tombant-dun-toit.png\",\"contentUrl\":\"https:\\\/\\\/www.accidentdutravail-idf.net\\\/blog\\\/wp-content\\\/uploads\\\/2025\\\/10\\\/val-doise-un-ouvrier-de-55-ans-meurt-dans-un-accident-du-travail-en-tombant-dun-toit.png\"},{\"@type\":\"BreadcrumbList\",\"@id\":\"https:\\\/\\\/www.accidentdutravail-idf.net\\\/blog\\\/val-doise-un-ouvrier-de-55-ans-meurt-dans-un-accident-du-travail-en-tombant-dun-toit\\\/#breadcrumb\",\"itemListElement\":[{\"@type\":\"ListItem\",\"position\":1,\"name\":\"Accueil\",\"item\":\"https:\\\/\\\/www.accidentdutravail-idf.net\\\/blog\\\/\"},{\"@type\":\"ListItem\",\"position\":2,\"name\":\"Val-d&rsquo;Oise : un ouvrier de 55 ans meurt dans un accident du travail en tombant d&rsquo;un toit\"}]},{\"@type\":\"WebSite\",\"@id\":\"https:\\\/\\\/www.accidentdutravail-idf.net\\\/blog\\\/#website\",\"url\":\"https:\\\/\\\/www.accidentdutravail-idf.net\\\/blog\\\/\",\"name\":\"ACCIDENTDUTRAVAIL-IDF\",\"description\":\"Portail accidents du travail-maladies professionnelles des entreprises d&#039;Ile-de-France\",\"publisher\":{\"@id\":\"https:\\\/\\\/www.accidentdutravail-idf.net\\\/blog\\\/#organization\"},\"potentialAction\":[{\"@type\":\"SearchAction\",\"target\":{\"@type\":\"EntryPoint\",\"urlTemplate\":\"https:\\\/\\\/www.accidentdutravail-idf.net\\\/blog\\\/?s={search_term_string}\"},\"query-input\":{\"@type\":\"PropertyValueSpecification\",\"valueRequired\":true,\"valueName\":\"search_term_string\"}}],\"inLanguage\":\"fr-FR\"},{\"@type\":\"Organization\",\"@id\":\"https:\\\/\\\/www.accidentdutravail-idf.net\\\/blog\\\/#organization\",\"name\":\"accidentdutravail-idf\",\"url\":\"https:\\\/\\\/www.accidentdutravail-idf.net\\\/blog\\\/\",\"logo\":{\"@type\":\"ImageObject\",\"inLanguage\":\"fr-FR\",\"@id\":\"https:\\\/\\\/www.accidentdutravail-idf.net\\\/blog\\\/#\\\/schema\\\/logo\\\/image\\\/\",\"url\":\"https:\\\/\\\/www.accidentdutravail-idf.net\\\/blog\\\/wp-content\\\/uploads\\\/2022\\\/09\\\/logo-2.png\",\"contentUrl\":\"https:\\\/\\\/www.accidentdutravail-idf.net\\\/blog\\\/wp-content\\\/uploads\\\/2022\\\/09\\\/logo-2.png\",\"width\":380,\"height\":291,\"caption\":\"accidentdutravail-idf\"},\"image\":{\"@id\":\"https:\\\/\\\/www.accidentdutravail-idf.net\\\/blog\\\/#\\\/schema\\\/logo\\\/image\\\/\"}},{\"@type\":\"Person\",\"@id\":\"https:\\\/\\\/www.accidentdutravail-idf.net\\\/blog\\\/#\\\/schema\\\/person\\\/3255d2f970de45e64bd9201f38e7b947\",\"name\":\"Carlos Poulain\",\"image\":{\"@type\":\"ImageObject\",\"inLanguage\":\"fr-FR\",\"@id\":\"https:\\\/\\\/secure.gravatar.com\\\/avatar\\\/b1c2f9d3588e34e91adb093635df64ef4b2381991216be7576466cfcdca4baf3?s=96&d=mm&r=g\",\"url\":\"https:\\\/\\\/secure.gravatar.com\\\/avatar\\\/b1c2f9d3588e34e91adb093635df64ef4b2381991216be7576466cfcdca4baf3?s=96&d=mm&r=g\",\"contentUrl\":\"https:\\\/\\\/secure.gravatar.com\\\/avatar\\\/b1c2f9d3588e34e91adb093635df64ef4b2381991216be7576466cfcdca4baf3?s=96&d=mm&r=g\",\"caption\":\"Carlos Poulain\"},\"url\":\"https:\\\/\\\/www.accidentdutravail-idf.net\\\/blog\\\/author\\\/idfcarlos\\\/\"}]}<\/script>\n<!-- \/ Yoast SEO plugin. -->","yoast_head_json":{"title":"Val-d'Oise : un ouvrier de 55 ans meurt dans un accident du travail en tombant d'un toit - ACCIDENTDUTRAVAIL-IDF","description":"Val-d'Oise : un ouvrier de 55 ans meurt dans un accident du travail en tombant d'un toit article de ACCIDENTDUTRAVAIL-IDF","robots":{"index":"index","follow":"follow","max-snippet":"max-snippet:-1","max-image-preview":"max-image-preview:large","max-video-preview":"max-video-preview:-1"},"canonical":"https:\/\/www.accidentdutravail-idf.net\/blog\/val-doise-un-ouvrier-de-55-ans-meurt-dans-un-accident-du-travail-en-tombant-dun-toit\/","og_locale":"fr_FR","og_type":"article","og_title":"Val-d'Oise : un ouvrier de 55 ans meurt dans un accident du travail en tombant d'un toit - ACCIDENTDUTRAVAIL-IDF","og_description":"Val-d'Oise : un ouvrier de 55 ans meurt dans un accident du travail en tombant d'un toit article de ACCIDENTDUTRAVAIL-IDF","og_url":"https:\/\/www.accidentdutravail-idf.net\/blog\/val-doise-un-ouvrier-de-55-ans-meurt-dans-un-accident-du-travail-en-tombant-dun-toit\/","og_site_name":"ACCIDENTDUTRAVAIL-IDF","article_published_time":"2025-10-16T12:01:00+00:00","og_image":[{"url":"https:\/\/www.accidentdutravail-idf.net\/blog\/wp-content\/uploads\/2025\/10\/val-doise-un-ouvrier-de-55-ans-meurt-dans-un-accident-du-travail-en-tombant-dun-toit.png","type":"","width":"","height":""}],"author":"Carlos Poulain","twitter_card":"summary_large_image","twitter_misc":{"\u00c9crit par":"Carlos Poulain","Dur\u00e9e de lecture estim\u00e9e":"1 minute"},"schema":{"@context":"https:\/\/schema.org","@graph":[{"@type":"Article","@id":"https:\/\/www.accidentdutravail-idf.net\/blog\/val-doise-un-ouvrier-de-55-ans-meurt-dans-un-accident-du-travail-en-tombant-dun-toit\/#article","isPartOf":{"@id":"https:\/\/www.accidentdutravail-idf.net\/blog\/val-doise-un-ouvrier-de-55-ans-meurt-dans-un-accident-du-travail-en-tombant-dun-toit\/"},"author":{"name":"Carlos Poulain","@id":"https:\/\/www.accidentdutravail-idf.net\/blog\/#\/schema\/person\/3255d2f970de45e64bd9201f38e7b947"},"headline":"Val-d&rsquo;Oise : un ouvrier de 55 ans meurt dans un accident du travail en tombant d&rsquo;un toit","datePublished":"2025-10-16T12:01:00+00:00","mainEntityOfPage":{"@id":"https:\/\/www.accidentdutravail-idf.net\/blog\/val-doise-un-ouvrier-de-55-ans-meurt-dans-un-accident-du-travail-en-tombant-dun-toit\/"},"wordCount":279,"publisher":{"@id":"https:\/\/www.accidentdutravail-idf.net\/blog\/#organization"},"image":{"@id":"https:\/\/www.accidentdutravail-idf.net\/blog\/val-doise-un-ouvrier-de-55-ans-meurt-dans-un-accident-du-travail-en-tombant-dun-toit\/#primaryimage"},"thumbnailUrl":"https:\/\/www.accidentdutravail-idf.net\/blog\/wp-content\/uploads\/2025\/10\/val-doise-un-ouvrier-de-55-ans-meurt-dans-un-accident-du-travail-en-tombant-dun-toit.png","articleSection":["S\u00e9curit\u00e9 Du Travail En Ile-De-France Et Divers:"],"inLanguage":"fr-FR"},{"@type":"WebPage","@id":"https:\/\/www.accidentdutravail-idf.net\/blog\/val-doise-un-ouvrier-de-55-ans-meurt-dans-un-accident-du-travail-en-tombant-dun-toit\/","url":"https:\/\/www.accidentdutravail-idf.net\/blog\/val-doise-un-ouvrier-de-55-ans-meurt-dans-un-accident-du-travail-en-tombant-dun-toit\/","name":"Val-d'Oise : un ouvrier de 55 ans meurt dans un accident du travail en tombant d'un toit - ACCIDENTDUTRAVAIL-IDF","isPartOf":{"@id":"https:\/\/www.accidentdutravail-idf.net\/blog\/#website"},"primaryImageOfPage":{"@id":"https:\/\/www.accidentdutravail-idf.net\/blog\/val-doise-un-ouvrier-de-55-ans-meurt-dans-un-accident-du-travail-en-tombant-dun-toit\/#primaryimage"},"image":{"@id":"https:\/\/www.accidentdutravail-idf.net\/blog\/val-doise-un-ouvrier-de-55-ans-meurt-dans-un-accident-du-travail-en-tombant-dun-toit\/#primaryimage"},"thumbnailUrl":"https:\/\/www.accidentdutravail-idf.net\/blog\/wp-content\/uploads\/2025\/10\/val-doise-un-ouvrier-de-55-ans-meurt-dans-un-accident-du-travail-en-tombant-dun-toit.png","datePublished":"2025-10-16T12:01:00+00:00","description":"Val-d'Oise : un ouvrier de 55 ans meurt dans un accident du travail en tombant d'un toit article de ACCIDENTDUTRAVAIL-IDF","breadcrumb":{"@id":"https:\/\/www.accidentdutravail-idf.net\/blog\/val-doise-un-ouvrier-de-55-ans-meurt-dans-un-accident-du-travail-en-tombant-dun-toit\/#breadcrumb"},"inLanguage":"fr-FR","potentialAction":[{"@type":"ReadAction","target":["https:\/\/www.accidentdutravail-idf.net\/blog\/val-doise-un-ouvrier-de-55-ans-meurt-dans-un-accident-du-travail-en-tombant-dun-toit\/"]}]},{"@type":"ImageObject","inLanguage":"fr-FR","@id":"https:\/\/www.accidentdutravail-idf.net\/blog\/val-doise-un-ouvrier-de-55-ans-meurt-dans-un-accident-du-travail-en-tombant-dun-toit\/#primaryimage","url":"https:\/\/www.accidentdutravail-idf.net\/blog\/wp-content\/uploads\/2025\/10\/val-doise-un-ouvrier-de-55-ans-meurt-dans-un-accident-du-travail-en-tombant-dun-toit.png","contentUrl":"https:\/\/www.accidentdutravail-idf.net\/blog\/wp-content\/uploads\/2025\/10\/val-doise-un-ouvrier-de-55-ans-meurt-dans-un-accident-du-travail-en-tombant-dun-toit.png"},{"@type":"BreadcrumbList","@id":"https:\/\/www.accidentdutravail-idf.net\/blog\/val-doise-un-ouvrier-de-55-ans-meurt-dans-un-accident-du-travail-en-tombant-dun-toit\/#breadcrumb","itemListElement":[{"@type":"ListItem","position":1,"name":"Accueil","item":"https:\/\/www.accidentdutravail-idf.net\/blog\/"},{"@type":"ListItem","position":2,"name":"Val-d&rsquo;Oise : un ouvrier de 55 ans meurt dans un accident du travail en tombant d&rsquo;un toit"}]},{"@type":"WebSite","@id":"https:\/\/www.accidentdutravail-idf.net\/blog\/#website","url":"https:\/\/www.accidentdutravail-idf.net\/blog\/","name":"ACCIDENTDUTRAVAIL-IDF","description":"Portail accidents du travail-maladies professionnelles des entreprises d&#039;Ile-de-France","publisher":{"@id":"https:\/\/www.accidentdutravail-idf.net\/blog\/#organization"},"potentialAction":[{"@type":"SearchAction","target":{"@type":"EntryPoint","urlTemplate":"https:\/\/www.accidentdutravail-idf.net\/blog\/?s={search_term_string}"},"query-input":{"@type":"PropertyValueSpecification","valueRequired":true,"valueName":"search_term_string"}}],"inLanguage":"fr-FR"},{"@type":"Organization","@id":"https:\/\/www.accidentdutravail-idf.net\/blog\/#organization","name":"accidentdutravail-idf","url":"https:\/\/www.accidentdutravail-idf.net\/blog\/","logo":{"@type":"ImageObject","inLanguage":"fr-FR","@id":"https:\/\/www.accidentdutravail-idf.net\/blog\/#\/schema\/logo\/image\/","url":"https:\/\/www.accidentdutravail-idf.net\/blog\/wp-content\/uploads\/2022\/09\/logo-2.png","contentUrl":"https:\/\/www.accidentdutravail-idf.net\/blog\/wp-content\/uploads\/2022\/09\/logo-2.png","width":380,"height":291,"caption":"accidentdutravail-idf"},"image":{"@id":"https:\/\/www.accidentdutravail-idf.net\/blog\/#\/schema\/logo\/image\/"}},{"@type":"Person","@id":"https:\/\/www.accidentdutravail-idf.net\/blog\/#\/schema\/person\/3255d2f970de45e64bd9201f38e7b947","name":"Carlos Poulain","image":{"@type":"ImageObject","inLanguage":"fr-FR","@id":"https:\/\/secure.gravatar.com\/avatar\/b1c2f9d3588e34e91adb093635df64ef4b2381991216be7576466cfcdca4baf3?s=96&d=mm&r=g","url":"https:\/\/secure.gravatar.com\/avatar\/b1c2f9d3588e34e91adb093635df64ef4b2381991216be7576466cfcdca4baf3?s=96&d=mm&r=g","contentUrl":"https:\/\/secure.gravatar.com\/avatar\/b1c2f9d3588e34e91adb093635df64ef4b2381991216be7576466cfcdca4baf3?s=96&d=mm&r=g","caption":"Carlos Poulain"},"url":"https:\/\/www.accidentdutravail-idf.net\/blog\/author\/idfcarlos\/"}]}},"_links":{"self":[{"href":"https:\/\/www.accidentdutravail-idf.net\/blog\/wp-json\/wp\/v2\/posts\/1796","targetHints":{"allow":["GET"]}}],"collection":[{"href":"https:\/\/www.accidentdutravail-idf.net\/blog\/wp-json\/wp\/v2\/posts"}],"about":[{"href":"https:\/\/www.accidentdutravail-idf.net\/blog\/wp-json\/wp\/v2\/types\/post"}],"author":[{"embeddable":true,"href":"https:\/\/www.accidentdutravail-idf.net\/blog\/wp-json\/wp\/v2\/users\/2"}],"replies":[{"embeddable":true,"href":"https:\/\/www.accidentdutravail-idf.net\/blog\/wp-json\/wp\/v2\/comments?post=1796"}],"version-history":[{"count":0,"href":"https:\/\/www.accidentdutravail-idf.net\/blog\/wp-json\/wp\/v2\/posts\/1796\/revisions"}],"wp:attachment":[{"href":"https:\/\/www.accidentdutravail-idf.net\/blog\/wp-json\/wp\/v2\/media?parent=1796"}],"wp:term":[{"taxonomy":"category","embeddable":true,"href":"https:\/\/www.accidentdutravail-idf.net\/blog\/wp-json\/wp\/v2\/categories?post=1796"},{"taxonomy":"post_tag","embeddable":true,"href":"https:\/\/www.accidentdutravail-idf.net\/blog\/wp-json\/wp\/v2\/tags?post=1796"}],"curies":[{"name":"wp","href":"https:\/\/api.w.org\/{rel}","templated":true}]}}