{"id":1786,"date":"2025-10-13T05:30:00","date_gmt":"2025-10-13T03:30:00","guid":{"rendered":"https:\/\/www.accidentdutravail-idf.net\/blog\/un-homme-heliporte-dans-un-etat-grave-apres-un-accident-avec-une-vache\/"},"modified":"2025-10-13T05:30:00","modified_gmt":"2025-10-13T03:30:00","slug":"un-homme-heliporte-dans-un-etat-grave-apres-un-accident-avec-une-vache","status":"publish","type":"post","link":"https:\/\/www.accidentdutravail-idf.net\/blog\/un-homme-heliporte-dans-un-etat-grave-apres-un-accident-avec-une-vache\/","title":{"rendered":"Un homme h\u00e9liport\u00e9 dans un \u00e9tat grave apr\u00e8s un accident avec une vache"},"content":{"rendered":"<figure class=\"relative flex flex-col sm:mx-0 -mx-4 mb-6\"><img decoding=\"async\" alt data-nimg=\"fill\" class=\"bg-black-1 !relative max-h-[438px] w-full object-contain\" src=\"https:\/\/www.accidentdutravail-idf.net\/blog\/wp-content\/uploads\/2025\/10\/un-homme-heliporte-dans-un-etat-grave-apres-un-accident-avec-une-vache.webp\"><figcaption class=\"text-neutral-12 text-sans bg-white-1 w-full py-3 text-xs sm:px-3 px-4\">L&rsquo;agriculteur a \u00e9t\u00e9 h\u00e9liport\u00e9 par l&rsquo;h\u00e9licopt\u00e8re de la s\u00e9curit\u00e9 civile Dragon 63, vers le CHU de Clermont-Ferrand.<!-- --> <!-- -->\u00a9&nbsp;La Ruche LA RUCHE<\/figcaption><\/figure>\n<div class=\"mb-5 flex flex-col gap-2 print:hidden\">\n<p class=\"font-bold\">\u00c9couter l&rsquo;article<\/p>\n<\/div>\n<div class=\"z-10 mb-2 flex flex-col gap-4\">\n<p class=\"typo-p1-paragraph\">Un homme de 68 ans a \u00e9t\u00e9 h\u00e9liport\u00e9, dans un \u00e9tat grave, dimanche 12 octobre en fin de matin\u00e9e, apr\u00e8s un accident du travail.<\/p>\n<p class=\"typo-p1-paragraph\">Les faits sont survenus \u00e0 11 h 30 dans un hameau situ\u00e9 au sud de la commune d&rsquo;Ally. L&rsquo;agriculteur voulait charger du b\u00e9tail. Il a d\u00e9tach\u00e9 une vache et celle-ci lui a donn\u00e9 un coup de t\u00eate. Le sexag\u00e9naire a \u00e9t\u00e9&nbsp;d\u00e9s\u00e9quilibr\u00e9, il s&rsquo;est cogn\u00e9 contre la barri\u00e8re en tombant t\u00eate la premi\u00e8re.<\/p>\n<p class=\"typo-p1-paragraph\">L&rsquo;homme \u00e9tait conscient apr\u00e8s le choc, mais il s&rsquo;est rapidement plaint de douleurs au niveau des vert\u00e8bres. Il a \u00e9t\u00e9 pris en charge par les sapeurs-pompiers et le Samu puis h\u00e9liport\u00e9 par Dragon 63 en direction du centre hospitalier universitaire de Clermont-Ferrand. Son pronostic vital&nbsp;n&rsquo;\u00e9tait plus engag\u00e9, lundi 13 octobre au matin.<\/p>\n<p class=\"typo-p1-paragraph\">L&rsquo;animal a \u00e9t\u00e9 r\u00e9cup\u00e9r\u00e9 par un marchand, comme cela \u00e9tait pr\u00e9vu.<\/p>\n<\/div>\n<div class=\"flex w-full flex-wrap justify-center gap-4 lg:gap-8 my-10 print:hidden\"><button class=\"btn relative btn-sm btn-primary !normal-case\" type=\"button\">Lire les 2 commentaires<\/button><\/p>\n<div class=\"inline-flex items-center gap-2 \">\n<p class=\"typo-p2-paragraph\">Partager :<\/p>\n<\/div>\n<\/div>\n<p>accidentdutravail-idf.net vous a pr\u00e9par\u00e9 ce post qui informe du sujet \u00ab\u00a0Association Sportive Huisson-Longueville Essonne\u00a0\u00bb. La chronique se veut g\u00e9n\u00e9r\u00e9e du mieux possible. Vous pouvez utiliser les coordonn\u00e9es indiqu\u00e9es sur le site dans le but d\u2019apporter des explications sur ce post qui parle du th\u00e8me \u00ab\u00a0Association Sportive Huisson-Longueville Essonne\u00a0\u00bb. Le site accidentdutravail-idf.net a pour but de fournir diverses publications sur la th\u00e9matique Association Sportive Huisson-Longueville Essonne diffus\u00e9es sur le net. Il y aura plusieurs articles autour du sujet \u00ab\u00a0Association Sportive Huisson-Longueville Essonne\u00a0\u00bb dans quelques jours, nous vous invitons \u00e0 naviguer sur notre site web \u00e0 plusieurs reprises.<\/p>\n","protected":false},"excerpt":{"rendered":"<p>L&rsquo;agriculteur a \u00e9t\u00e9 h\u00e9liport\u00e9 par l&rsquo;h\u00e9licopt\u00e8re de la s\u00e9curit\u00e9 civile Dragon 63, vers le CHU de Clermont-Ferrand. \u00a9&nbsp;La Ruche LA RUCHE \u00c9couter l&rsquo;article Un homme de 68 ans a \u00e9t\u00e9 h\u00e9liport\u00e9, dans un \u00e9tat grave, dimanche 12 octobre en fin de matin\u00e9e, apr\u00e8s un accident du travail. Les faits sont survenus \u00e0 11 h 30 &hellip; <\/p>\n<p class=\"link-more\"><a href=\"https:\/\/www.accidentdutravail-idf.net\/blog\/un-homme-heliporte-dans-un-etat-grave-apres-un-accident-avec-une-vache\/\" class=\"more-link\">Continuer la lecture <span class=\"screen-reader-text\"> \u00ab\u00a0Un homme h\u00e9liport\u00e9 dans un \u00e9tat grave apr\u00e8s un accident avec une vache\u00a0\u00bb<\/span><\/a><\/p>\n","protected":false},"author":2,"featured_media":0,"comment_status":"closed","ping_status":"closed","sticky":false,"template":"","format":"standard","meta":{"footnotes":""},"categories":[5],"tags":[],"class_list":["post-1786","post","type-post","status-publish","format-standard","hentry","category-securite-du-travail-en-ile-de-france-et-divers","entry"],"yoast_head":"<!-- This site is optimized with the Yoast SEO plugin v27.5 - https:\/\/yoast.com\/product\/yoast-seo-wordpress\/ -->\n<title>Un homme h\u00e9liport\u00e9 dans un \u00e9tat grave apr\u00e8s un accident avec une vache - ACCIDENTDUTRAVAIL-IDF<\/title>\n<meta name=\"description\" content=\"Un homme h\u00e9liport\u00e9 dans un \u00e9tat grave apr\u00e8s un accident avec une vache article de ACCIDENTDUTRAVAIL-IDF\" \/>\n<meta name=\"robots\" content=\"index, follow, max-snippet:-1, max-image-preview:large, max-video-preview:-1\" \/>\n<link rel=\"canonical\" href=\"https:\/\/www.accidentdutravail-idf.net\/blog\/un-homme-heliporte-dans-un-etat-grave-apres-un-accident-avec-une-vache\/\" \/>\n<meta property=\"og:locale\" content=\"fr_FR\" \/>\n<meta property=\"og:type\" content=\"article\" \/>\n<meta property=\"og:title\" content=\"Un homme h\u00e9liport\u00e9 dans un \u00e9tat grave apr\u00e8s un accident avec une vache - ACCIDENTDUTRAVAIL-IDF\" \/>\n<meta property=\"og:description\" content=\"Un homme h\u00e9liport\u00e9 dans un \u00e9tat grave apr\u00e8s un accident avec une vache article de ACCIDENTDUTRAVAIL-IDF\" \/>\n<meta property=\"og:url\" content=\"https:\/\/www.accidentdutravail-idf.net\/blog\/un-homme-heliporte-dans-un-etat-grave-apres-un-accident-avec-une-vache\/\" \/>\n<meta property=\"og:site_name\" content=\"ACCIDENTDUTRAVAIL-IDF\" \/>\n<meta property=\"article:published_time\" content=\"2025-10-13T03:30:00+00:00\" \/>\n<meta property=\"og:image\" content=\"https:\/\/www.accidentdutravail-idf.net\/blog\/wp-content\/uploads\/2025\/10\/un-homme-heliporte-dans-un-etat-grave-apres-un-accident-avec-une-vache.webp\" \/>\n<meta name=\"author\" content=\"Carlos Poulain\" \/>\n<meta name=\"twitter:card\" content=\"summary_large_image\" \/>\n<meta name=\"twitter:label1\" content=\"\u00c9crit par\" \/>\n\t<meta name=\"twitter:data1\" content=\"Carlos Poulain\" \/>\n\t<meta name=\"twitter:label2\" content=\"Dur\u00e9e de lecture estim\u00e9e\" \/>\n\t<meta name=\"twitter:data2\" content=\"1 minute\" \/>\n<script type=\"application\/ld+json\" class=\"yoast-schema-graph\">{\"@context\":\"https:\\\/\\\/schema.org\",\"@graph\":[{\"@type\":\"Article\",\"@id\":\"https:\\\/\\\/www.accidentdutravail-idf.net\\\/blog\\\/un-homme-heliporte-dans-un-etat-grave-apres-un-accident-avec-une-vache\\\/#article\",\"isPartOf\":{\"@id\":\"https:\\\/\\\/www.accidentdutravail-idf.net\\\/blog\\\/un-homme-heliporte-dans-un-etat-grave-apres-un-accident-avec-une-vache\\\/\"},\"author\":{\"name\":\"Carlos Poulain\",\"@id\":\"https:\\\/\\\/www.accidentdutravail-idf.net\\\/blog\\\/#\\\/schema\\\/person\\\/3255d2f970de45e64bd9201f38e7b947\"},\"headline\":\"Un homme h\u00e9liport\u00e9 dans un \u00e9tat grave apr\u00e8s un accident avec une vache\",\"datePublished\":\"2025-10-13T03:30:00+00:00\",\"mainEntityOfPage\":{\"@id\":\"https:\\\/\\\/www.accidentdutravail-idf.net\\\/blog\\\/un-homme-heliporte-dans-un-etat-grave-apres-un-accident-avec-une-vache\\\/\"},\"wordCount\":307,\"publisher\":{\"@id\":\"https:\\\/\\\/www.accidentdutravail-idf.net\\\/blog\\\/#organization\"},\"image\":{\"@id\":\"https:\\\/\\\/www.accidentdutravail-idf.net\\\/blog\\\/un-homme-heliporte-dans-un-etat-grave-apres-un-accident-avec-une-vache\\\/#primaryimage\"},\"thumbnailUrl\":\"https:\\\/\\\/www.accidentdutravail-idf.net\\\/blog\\\/wp-content\\\/uploads\\\/2025\\\/10\\\/un-homme-heliporte-dans-un-etat-grave-apres-un-accident-avec-une-vache.webp\",\"articleSection\":[\"S\u00e9curit\u00e9 Du Travail En Ile-De-France Et Divers:\"],\"inLanguage\":\"fr-FR\"},{\"@type\":\"WebPage\",\"@id\":\"https:\\\/\\\/www.accidentdutravail-idf.net\\\/blog\\\/un-homme-heliporte-dans-un-etat-grave-apres-un-accident-avec-une-vache\\\/\",\"url\":\"https:\\\/\\\/www.accidentdutravail-idf.net\\\/blog\\\/un-homme-heliporte-dans-un-etat-grave-apres-un-accident-avec-une-vache\\\/\",\"name\":\"Un homme h\u00e9liport\u00e9 dans un \u00e9tat grave apr\u00e8s un accident avec une vache - ACCIDENTDUTRAVAIL-IDF\",\"isPartOf\":{\"@id\":\"https:\\\/\\\/www.accidentdutravail-idf.net\\\/blog\\\/#website\"},\"primaryImageOfPage\":{\"@id\":\"https:\\\/\\\/www.accidentdutravail-idf.net\\\/blog\\\/un-homme-heliporte-dans-un-etat-grave-apres-un-accident-avec-une-vache\\\/#primaryimage\"},\"image\":{\"@id\":\"https:\\\/\\\/www.accidentdutravail-idf.net\\\/blog\\\/un-homme-heliporte-dans-un-etat-grave-apres-un-accident-avec-une-vache\\\/#primaryimage\"},\"thumbnailUrl\":\"https:\\\/\\\/www.accidentdutravail-idf.net\\\/blog\\\/wp-content\\\/uploads\\\/2025\\\/10\\\/un-homme-heliporte-dans-un-etat-grave-apres-un-accident-avec-une-vache.webp\",\"datePublished\":\"2025-10-13T03:30:00+00:00\",\"description\":\"Un homme h\u00e9liport\u00e9 dans un \u00e9tat grave apr\u00e8s un accident avec une vache article de ACCIDENTDUTRAVAIL-IDF\",\"breadcrumb\":{\"@id\":\"https:\\\/\\\/www.accidentdutravail-idf.net\\\/blog\\\/un-homme-heliporte-dans-un-etat-grave-apres-un-accident-avec-une-vache\\\/#breadcrumb\"},\"inLanguage\":\"fr-FR\",\"potentialAction\":[{\"@type\":\"ReadAction\",\"target\":[\"https:\\\/\\\/www.accidentdutravail-idf.net\\\/blog\\\/un-homme-heliporte-dans-un-etat-grave-apres-un-accident-avec-une-vache\\\/\"]}]},{\"@type\":\"ImageObject\",\"inLanguage\":\"fr-FR\",\"@id\":\"https:\\\/\\\/www.accidentdutravail-idf.net\\\/blog\\\/un-homme-heliporte-dans-un-etat-grave-apres-un-accident-avec-une-vache\\\/#primaryimage\",\"url\":\"https:\\\/\\\/www.accidentdutravail-idf.net\\\/blog\\\/wp-content\\\/uploads\\\/2025\\\/10\\\/un-homme-heliporte-dans-un-etat-grave-apres-un-accident-avec-une-vache.webp\",\"contentUrl\":\"https:\\\/\\\/www.accidentdutravail-idf.net\\\/blog\\\/wp-content\\\/uploads\\\/2025\\\/10\\\/un-homme-heliporte-dans-un-etat-grave-apres-un-accident-avec-une-vache.webp\"},{\"@type\":\"BreadcrumbList\",\"@id\":\"https:\\\/\\\/www.accidentdutravail-idf.net\\\/blog\\\/un-homme-heliporte-dans-un-etat-grave-apres-un-accident-avec-une-vache\\\/#breadcrumb\",\"itemListElement\":[{\"@type\":\"ListItem\",\"position\":1,\"name\":\"Accueil\",\"item\":\"https:\\\/\\\/www.accidentdutravail-idf.net\\\/blog\\\/\"},{\"@type\":\"ListItem\",\"position\":2,\"name\":\"Un homme h\u00e9liport\u00e9 dans un \u00e9tat grave apr\u00e8s un accident avec une vache\"}]},{\"@type\":\"WebSite\",\"@id\":\"https:\\\/\\\/www.accidentdutravail-idf.net\\\/blog\\\/#website\",\"url\":\"https:\\\/\\\/www.accidentdutravail-idf.net\\\/blog\\\/\",\"name\":\"ACCIDENTDUTRAVAIL-IDF\",\"description\":\"Portail accidents du travail-maladies professionnelles des entreprises d&#039;Ile-de-France\",\"publisher\":{\"@id\":\"https:\\\/\\\/www.accidentdutravail-idf.net\\\/blog\\\/#organization\"},\"potentialAction\":[{\"@type\":\"SearchAction\",\"target\":{\"@type\":\"EntryPoint\",\"urlTemplate\":\"https:\\\/\\\/www.accidentdutravail-idf.net\\\/blog\\\/?s={search_term_string}\"},\"query-input\":{\"@type\":\"PropertyValueSpecification\",\"valueRequired\":true,\"valueName\":\"search_term_string\"}}],\"inLanguage\":\"fr-FR\"},{\"@type\":\"Organization\",\"@id\":\"https:\\\/\\\/www.accidentdutravail-idf.net\\\/blog\\\/#organization\",\"name\":\"accidentdutravail-idf\",\"url\":\"https:\\\/\\\/www.accidentdutravail-idf.net\\\/blog\\\/\",\"logo\":{\"@type\":\"ImageObject\",\"inLanguage\":\"fr-FR\",\"@id\":\"https:\\\/\\\/www.accidentdutravail-idf.net\\\/blog\\\/#\\\/schema\\\/logo\\\/image\\\/\",\"url\":\"https:\\\/\\\/www.accidentdutravail-idf.net\\\/blog\\\/wp-content\\\/uploads\\\/2022\\\/09\\\/logo-2.png\",\"contentUrl\":\"https:\\\/\\\/www.accidentdutravail-idf.net\\\/blog\\\/wp-content\\\/uploads\\\/2022\\\/09\\\/logo-2.png\",\"width\":380,\"height\":291,\"caption\":\"accidentdutravail-idf\"},\"image\":{\"@id\":\"https:\\\/\\\/www.accidentdutravail-idf.net\\\/blog\\\/#\\\/schema\\\/logo\\\/image\\\/\"}},{\"@type\":\"Person\",\"@id\":\"https:\\\/\\\/www.accidentdutravail-idf.net\\\/blog\\\/#\\\/schema\\\/person\\\/3255d2f970de45e64bd9201f38e7b947\",\"name\":\"Carlos Poulain\",\"image\":{\"@type\":\"ImageObject\",\"inLanguage\":\"fr-FR\",\"@id\":\"https:\\\/\\\/secure.gravatar.com\\\/avatar\\\/b1c2f9d3588e34e91adb093635df64ef4b2381991216be7576466cfcdca4baf3?s=96&d=mm&r=g\",\"url\":\"https:\\\/\\\/secure.gravatar.com\\\/avatar\\\/b1c2f9d3588e34e91adb093635df64ef4b2381991216be7576466cfcdca4baf3?s=96&d=mm&r=g\",\"contentUrl\":\"https:\\\/\\\/secure.gravatar.com\\\/avatar\\\/b1c2f9d3588e34e91adb093635df64ef4b2381991216be7576466cfcdca4baf3?s=96&d=mm&r=g\",\"caption\":\"Carlos Poulain\"},\"url\":\"https:\\\/\\\/www.accidentdutravail-idf.net\\\/blog\\\/author\\\/idfcarlos\\\/\"}]}<\/script>\n<!-- \/ Yoast SEO plugin. -->","yoast_head_json":{"title":"Un homme h\u00e9liport\u00e9 dans un \u00e9tat grave apr\u00e8s un accident avec une vache - ACCIDENTDUTRAVAIL-IDF","description":"Un homme h\u00e9liport\u00e9 dans un \u00e9tat grave apr\u00e8s un accident avec une vache article de ACCIDENTDUTRAVAIL-IDF","robots":{"index":"index","follow":"follow","max-snippet":"max-snippet:-1","max-image-preview":"max-image-preview:large","max-video-preview":"max-video-preview:-1"},"canonical":"https:\/\/www.accidentdutravail-idf.net\/blog\/un-homme-heliporte-dans-un-etat-grave-apres-un-accident-avec-une-vache\/","og_locale":"fr_FR","og_type":"article","og_title":"Un homme h\u00e9liport\u00e9 dans un \u00e9tat grave apr\u00e8s un accident avec une vache - ACCIDENTDUTRAVAIL-IDF","og_description":"Un homme h\u00e9liport\u00e9 dans un \u00e9tat grave apr\u00e8s un accident avec une vache article de ACCIDENTDUTRAVAIL-IDF","og_url":"https:\/\/www.accidentdutravail-idf.net\/blog\/un-homme-heliporte-dans-un-etat-grave-apres-un-accident-avec-une-vache\/","og_site_name":"ACCIDENTDUTRAVAIL-IDF","article_published_time":"2025-10-13T03:30:00+00:00","og_image":[{"url":"https:\/\/www.accidentdutravail-idf.net\/blog\/wp-content\/uploads\/2025\/10\/un-homme-heliporte-dans-un-etat-grave-apres-un-accident-avec-une-vache.webp","type":"","width":"","height":""}],"author":"Carlos Poulain","twitter_card":"summary_large_image","twitter_misc":{"\u00c9crit par":"Carlos Poulain","Dur\u00e9e de lecture estim\u00e9e":"1 minute"},"schema":{"@context":"https:\/\/schema.org","@graph":[{"@type":"Article","@id":"https:\/\/www.accidentdutravail-idf.net\/blog\/un-homme-heliporte-dans-un-etat-grave-apres-un-accident-avec-une-vache\/#article","isPartOf":{"@id":"https:\/\/www.accidentdutravail-idf.net\/blog\/un-homme-heliporte-dans-un-etat-grave-apres-un-accident-avec-une-vache\/"},"author":{"name":"Carlos Poulain","@id":"https:\/\/www.accidentdutravail-idf.net\/blog\/#\/schema\/person\/3255d2f970de45e64bd9201f38e7b947"},"headline":"Un homme h\u00e9liport\u00e9 dans un \u00e9tat grave apr\u00e8s un accident avec une vache","datePublished":"2025-10-13T03:30:00+00:00","mainEntityOfPage":{"@id":"https:\/\/www.accidentdutravail-idf.net\/blog\/un-homme-heliporte-dans-un-etat-grave-apres-un-accident-avec-une-vache\/"},"wordCount":307,"publisher":{"@id":"https:\/\/www.accidentdutravail-idf.net\/blog\/#organization"},"image":{"@id":"https:\/\/www.accidentdutravail-idf.net\/blog\/un-homme-heliporte-dans-un-etat-grave-apres-un-accident-avec-une-vache\/#primaryimage"},"thumbnailUrl":"https:\/\/www.accidentdutravail-idf.net\/blog\/wp-content\/uploads\/2025\/10\/un-homme-heliporte-dans-un-etat-grave-apres-un-accident-avec-une-vache.webp","articleSection":["S\u00e9curit\u00e9 Du Travail En Ile-De-France Et Divers:"],"inLanguage":"fr-FR"},{"@type":"WebPage","@id":"https:\/\/www.accidentdutravail-idf.net\/blog\/un-homme-heliporte-dans-un-etat-grave-apres-un-accident-avec-une-vache\/","url":"https:\/\/www.accidentdutravail-idf.net\/blog\/un-homme-heliporte-dans-un-etat-grave-apres-un-accident-avec-une-vache\/","name":"Un homme h\u00e9liport\u00e9 dans un \u00e9tat grave apr\u00e8s un accident avec une vache - ACCIDENTDUTRAVAIL-IDF","isPartOf":{"@id":"https:\/\/www.accidentdutravail-idf.net\/blog\/#website"},"primaryImageOfPage":{"@id":"https:\/\/www.accidentdutravail-idf.net\/blog\/un-homme-heliporte-dans-un-etat-grave-apres-un-accident-avec-une-vache\/#primaryimage"},"image":{"@id":"https:\/\/www.accidentdutravail-idf.net\/blog\/un-homme-heliporte-dans-un-etat-grave-apres-un-accident-avec-une-vache\/#primaryimage"},"thumbnailUrl":"https:\/\/www.accidentdutravail-idf.net\/blog\/wp-content\/uploads\/2025\/10\/un-homme-heliporte-dans-un-etat-grave-apres-un-accident-avec-une-vache.webp","datePublished":"2025-10-13T03:30:00+00:00","description":"Un homme h\u00e9liport\u00e9 dans un \u00e9tat grave apr\u00e8s un accident avec une vache article de ACCIDENTDUTRAVAIL-IDF","breadcrumb":{"@id":"https:\/\/www.accidentdutravail-idf.net\/blog\/un-homme-heliporte-dans-un-etat-grave-apres-un-accident-avec-une-vache\/#breadcrumb"},"inLanguage":"fr-FR","potentialAction":[{"@type":"ReadAction","target":["https:\/\/www.accidentdutravail-idf.net\/blog\/un-homme-heliporte-dans-un-etat-grave-apres-un-accident-avec-une-vache\/"]}]},{"@type":"ImageObject","inLanguage":"fr-FR","@id":"https:\/\/www.accidentdutravail-idf.net\/blog\/un-homme-heliporte-dans-un-etat-grave-apres-un-accident-avec-une-vache\/#primaryimage","url":"https:\/\/www.accidentdutravail-idf.net\/blog\/wp-content\/uploads\/2025\/10\/un-homme-heliporte-dans-un-etat-grave-apres-un-accident-avec-une-vache.webp","contentUrl":"https:\/\/www.accidentdutravail-idf.net\/blog\/wp-content\/uploads\/2025\/10\/un-homme-heliporte-dans-un-etat-grave-apres-un-accident-avec-une-vache.webp"},{"@type":"BreadcrumbList","@id":"https:\/\/www.accidentdutravail-idf.net\/blog\/un-homme-heliporte-dans-un-etat-grave-apres-un-accident-avec-une-vache\/#breadcrumb","itemListElement":[{"@type":"ListItem","position":1,"name":"Accueil","item":"https:\/\/www.accidentdutravail-idf.net\/blog\/"},{"@type":"ListItem","position":2,"name":"Un homme h\u00e9liport\u00e9 dans un \u00e9tat grave apr\u00e8s un accident avec une vache"}]},{"@type":"WebSite","@id":"https:\/\/www.accidentdutravail-idf.net\/blog\/#website","url":"https:\/\/www.accidentdutravail-idf.net\/blog\/","name":"ACCIDENTDUTRAVAIL-IDF","description":"Portail accidents du travail-maladies professionnelles des entreprises d&#039;Ile-de-France","publisher":{"@id":"https:\/\/www.accidentdutravail-idf.net\/blog\/#organization"},"potentialAction":[{"@type":"SearchAction","target":{"@type":"EntryPoint","urlTemplate":"https:\/\/www.accidentdutravail-idf.net\/blog\/?s={search_term_string}"},"query-input":{"@type":"PropertyValueSpecification","valueRequired":true,"valueName":"search_term_string"}}],"inLanguage":"fr-FR"},{"@type":"Organization","@id":"https:\/\/www.accidentdutravail-idf.net\/blog\/#organization","name":"accidentdutravail-idf","url":"https:\/\/www.accidentdutravail-idf.net\/blog\/","logo":{"@type":"ImageObject","inLanguage":"fr-FR","@id":"https:\/\/www.accidentdutravail-idf.net\/blog\/#\/schema\/logo\/image\/","url":"https:\/\/www.accidentdutravail-idf.net\/blog\/wp-content\/uploads\/2022\/09\/logo-2.png","contentUrl":"https:\/\/www.accidentdutravail-idf.net\/blog\/wp-content\/uploads\/2022\/09\/logo-2.png","width":380,"height":291,"caption":"accidentdutravail-idf"},"image":{"@id":"https:\/\/www.accidentdutravail-idf.net\/blog\/#\/schema\/logo\/image\/"}},{"@type":"Person","@id":"https:\/\/www.accidentdutravail-idf.net\/blog\/#\/schema\/person\/3255d2f970de45e64bd9201f38e7b947","name":"Carlos Poulain","image":{"@type":"ImageObject","inLanguage":"fr-FR","@id":"https:\/\/secure.gravatar.com\/avatar\/b1c2f9d3588e34e91adb093635df64ef4b2381991216be7576466cfcdca4baf3?s=96&d=mm&r=g","url":"https:\/\/secure.gravatar.com\/avatar\/b1c2f9d3588e34e91adb093635df64ef4b2381991216be7576466cfcdca4baf3?s=96&d=mm&r=g","contentUrl":"https:\/\/secure.gravatar.com\/avatar\/b1c2f9d3588e34e91adb093635df64ef4b2381991216be7576466cfcdca4baf3?s=96&d=mm&r=g","caption":"Carlos Poulain"},"url":"https:\/\/www.accidentdutravail-idf.net\/blog\/author\/idfcarlos\/"}]}},"_links":{"self":[{"href":"https:\/\/www.accidentdutravail-idf.net\/blog\/wp-json\/wp\/v2\/posts\/1786","targetHints":{"allow":["GET"]}}],"collection":[{"href":"https:\/\/www.accidentdutravail-idf.net\/blog\/wp-json\/wp\/v2\/posts"}],"about":[{"href":"https:\/\/www.accidentdutravail-idf.net\/blog\/wp-json\/wp\/v2\/types\/post"}],"author":[{"embeddable":true,"href":"https:\/\/www.accidentdutravail-idf.net\/blog\/wp-json\/wp\/v2\/users\/2"}],"replies":[{"embeddable":true,"href":"https:\/\/www.accidentdutravail-idf.net\/blog\/wp-json\/wp\/v2\/comments?post=1786"}],"version-history":[{"count":0,"href":"https:\/\/www.accidentdutravail-idf.net\/blog\/wp-json\/wp\/v2\/posts\/1786\/revisions"}],"wp:attachment":[{"href":"https:\/\/www.accidentdutravail-idf.net\/blog\/wp-json\/wp\/v2\/media?parent=1786"}],"wp:term":[{"taxonomy":"category","embeddable":true,"href":"https:\/\/www.accidentdutravail-idf.net\/blog\/wp-json\/wp\/v2\/categories?post=1786"},{"taxonomy":"post_tag","embeddable":true,"href":"https:\/\/www.accidentdutravail-idf.net\/blog\/wp-json\/wp\/v2\/tags?post=1786"}],"curies":[{"name":"wp","href":"https:\/\/api.w.org\/{rel}","templated":true}]}}