{"id":1785,"date":"2025-10-12T11:00:00","date_gmt":"2025-10-12T09:00:00","guid":{"rendered":"https:\/\/www.accidentdutravail-idf.net\/blog\/le-proces-de-drouault-pour-homicide-involontaire-souvre-ce-lundi-devant-le-tribunal-du-mans\/"},"modified":"2025-10-12T11:00:00","modified_gmt":"2025-10-12T09:00:00","slug":"le-proces-de-drouault-pour-homicide-involontaire-souvre-ce-lundi-devant-le-tribunal-du-mans","status":"publish","type":"post","link":"https:\/\/www.accidentdutravail-idf.net\/blog\/le-proces-de-drouault-pour-homicide-involontaire-souvre-ce-lundi-devant-le-tribunal-du-mans\/","title":{"rendered":"Le proc\u00e8s de Drouault pour homicide involontaire s&rsquo;ouvre ce lundi devant le tribunal du Mans"},"content":{"rendered":"<p>L&rsquo;entreprise Drouault, fabricant de couettes au Mans, est poursuivie pour homicide involontaire ce lundi 13 octobre 2025 devant le tribunal du Mans. En juin 2023, un salari\u00e9 est d\u00e9c\u00e9d\u00e9 dans un accident du travail, coinc\u00e9 dans une machine \u00e0 laver les duvets.<\/p>\n<div><!--[1--><!--[--><!--[2--><!--[--><!--[1--><!--&gt;\n\n<p>[1--><!--[--><!--[2--><!--[1--><!--[1--><!--&gt;-->Le tribunal du Mans va examiner une affaire d&rsquo;homicide involontaire ce lundi. C&rsquo;est l&rsquo;entreprise Drouault, fabricant de couettes qui est poursuivi. En juin, 2023, un des salari\u00e9s \u00e9tait d\u00e9c\u00e9d\u00e9 dans un accident du travail alors qu&rsquo;il se trouvait sur le site du Mans, dans le quartier des Ardriers.<!--&gt;--><!--&gt;]--><!--]--><!--]--><!--]--><!--]--><!--&gt;<\/p>\n\n--><!--]--><!--]--><!--]--><!--[2--><!--[3--><!--&gt;[--><!--]--><!--&gt;]--><!--]--><!--[2--><!--[1--><!--[--><!--&gt;[1--><\/p>\n<h2><!--&gt;Une s\u00e9rie de manquements \u00e0 la s\u00e9curit\u00e9 selon l'avocat de la famille de la victime--><!--&gt;<\/h2>\n\n]--><!--&gt;]--><!--]--><!--]--><!--[2--><!--[--><!--[1--><!--&gt;\n\n<p>[1--><!--[--><!--[2--><!--[1--><!--[1--><!--&gt;--><em><strong>\u00ab\u00a0C&rsquo;est une trag\u00e9die terrible<\/strong><\/em>\u00ab\u00a0, avait \u00e9crit la soci\u00e9t\u00e9 <!--&gt;--><!--&gt;]--><!--]--><!--]--><!--[2--><!--[1--><!--[2--><!--&gt;[--><a target=\"_blank\" rel=\"nofollow noopener noreferrer\" class=\"IciLink ici-link IciArticleLink g-ici-body-regular-1 underline brand svelte-lu7k6w\" href=\"https:\/\/www.drouault.net\/bonnes-affaires.html?at_medium=sl&amp;at_campaign=Marque&amp;at_platform=google&amp;at_creation=marquedrouault&amp;at_variant=p&amp;at_network=search&amp;at_term=drouault&amp;at_device=c&amp;utm_cid=681415404&amp;utm_agid=34737713757&amp;utm_kw=drouault&amp;utm_mt=p&amp;gad_source=1&amp;gad_campaignid=681415404&amp;gbraid=0AAAAADjod5S3IX6L-jFUD7LMHVRCkS5V4&amp;gclid=CjwKCAjwup3HBhAAEiwA7euZujetak2HrYk1GTxKUiwHj2Pewf3E--uudhBy0G8UlCDkSS72iQbpURoC73cQAvD_BwE\"><!--&gt;--><!--&gt;Drouault--><!--&gt;--><\/a><!--]--><!--&gt;]--><!--]--><!--]--><!--[2--><!--[1--><!--[1--><!--&gt;-->&nbsp;dans un communiqu\u00e9 trois jours apr\u00e8s les faits. Le 9 juin 2023, un salari\u00e9 de 39 ans est d\u00e9c\u00e9d\u00e9 dans l&rsquo;entreprise. Il s&rsquo;est retrouv\u00e9 coinc\u00e9 dans une machine qui lavait les duvets et il en est mort. C&rsquo;\u00e9tait pendant la nuit et les secours \u00e9taient intervenus vers minuit. Juste apr\u00e8s les faits, une enqu\u00eate a \u00e9t\u00e9 ouverte par la police et <!--&gt;--><!--&gt;]--><!--]--><!--]--><!--[2--><!--[1--><!--[2--><!--&gt;[--><a class=\"IciLink ici-link IciArticleLink g-ici-body-regular-1 underline brand svelte-lu7k6w\" href=\"https:\/\/www.francebleu.fr\/infos\/faits-divers-justice\/une-enquete-interne-ouverte-apres-l-accident-du-travail-mortel-chez-drouault-au-mans-9660414\" target=\"_blank\" rel=\"nofollow\"><!--&gt;--><!--&gt;l'entreprise a \u00e9galement ouvert une enqu\u00eate interne.--><!--&gt;--><\/a><!--]--><!--&gt;]--><!--]--><!--]--><!--]--><!--]--><!--&gt;<\/p>\n\n--><!--]--><!--]--><!--]--><!--[2--><!--[--><!--[1--><!--&gt;\n\n<p>[1--><!--[--><!--[2--><!--[1--><!--[1--><!--&gt;-->Sp\u00e9cialis\u00e9e dans la fabrication de couettes, d&rsquo;oreillers et de surmatelas, elle avait affirm\u00e9, \u00e0 cette \u00e9poque, ne pas conna\u00eetre <em>\u00ab\u00a0les causes et les circonstances de cet accident\u00a0\u00bb<\/em>. Plus de deux ans apr\u00e8s les faits pour Ma\u00eetre Bouthi\u00e8re, l&rsquo;avocat de la famille de la victime, il y a eu une s\u00e9rie de manquements \u00e0 la s\u00e9curit\u00e9. Selon lui,&nbsp;<em><strong>\u00ab\u00a0le salari\u00e9 est intervenu sur un bourrage et la machine est reparti en lavage\u00a0\u00bb.<\/strong><\/em><!--&gt;--><!--&gt;]--><!--]--><!--]--><!--]--><!--]--><!--&gt;<\/p>\n\n--><!--]--><!--]--><!--]--><!--[2--><!--[--><!--[1--><!--&gt;\n\n<p>[1--><!--[--><!--[2--><!--[1--><!--[1--><!--&gt;-->Le proc\u00e8s devrait justement permettre d&rsquo;\u00e9tablir les causes de cet accident et voir s&rsquo;il y a eu un dysfonctionnement de la machine.<!--&gt;--><!--&gt;]--><!--]--><!--]--><!--]--><!--]--><!--&gt;<\/p>\n\n--><!--]--><!--]--><!--]--><!--[2--><!--[--><!--[1--><!--&gt;\n\n<p>[1--><!--[--><!--[2--><!--[1--><!--[1--><!--&gt;--><strong>La direction de Drouault au Mans n&rsquo;a pas r\u00e9pondu \u00e0 nos sollicitations.<\/strong><!--&gt;--><!--&gt;]--><!--]--><!--]--><!--]--><!--]--><!--&gt;<\/p>\n\n--><!--]--><!--]--><!--]--><!--[2--><!--[3--><!--&gt;[1--><!--[!--><!--]--> <!--[--><!--[--><!--[--><!--]--><!--]--><!--]--><!--]--><!--&gt;]--><!--]--><!--[2--><!--[2--><!--&gt;\n\n<aside class=\"IciBounceArticle svelte-c9w8h3\">\n\n<h2 class=\"label g-ici-heading svelte-c9w8h3\">\u00c0 lire aussi<\/h2>\n\n \n\n<div class=\"content svelte-c9w8h3\"> [--><\/p>\n<div class=\"visual svelte-c9w8h3\">\n<div><!--&gt;[!--><!--]--> <!--[!--><img decoding=\"async\" src=\"https:\/\/www.accidentdutravail-idf.net\/blog\/wp-content\/uploads\/2025\/10\/le-proces-de-drouault-pour-homicide-involontaire-souvre-ce-lundi-devant-le-tribunal-du-mans.jpg\" alt=\"L'entreprise Drouault au Mans emploie 149 salari\u00e9s.\" loading=\"lazy\" aria-hidden=\"true\" class=\"svelte-1pnmlwx rounded\"><!--]--><!--&gt;<\/div>\n\n--><\/div>\n<p><!--]--><\/div>\n<\/aside>\n<p><!--&gt;]--><!--]--><!--]--><!--]--><!--&gt;<\/div>\n\naccidentdutravail-idf.net vous a pr\u00e9par\u00e9 ce post qui informe du sujet \"Association Sportive Huisson-Longueville Essonne\". La chronique se veut g\u00e9n\u00e9r\u00e9e du mieux possible. Vous pouvez utiliser les coordonn\u00e9es indiqu\u00e9es sur le site dans le but d\u2019apporter des explications sur ce post qui parle du th\u00e8me \"Association Sportive Huisson-Longueville Essonne\". Le site accidentdutravail-idf.net a pour but de fournir diverses publications sur la th\u00e9matique Association Sportive Huisson-Longueville Essonne diffus\u00e9es sur le net. Il y aura plusieurs articles autour du sujet \"Association Sportive Huisson-Longueville Essonne\" dans quelques jours, nous vous invitons \u00e0 naviguer sur notre site web \u00e0 plusieurs reprises.--><\/p>\n","protected":false},"excerpt":{"rendered":"<p>L&rsquo;entreprise Drouault, fabricant de couettes au Mans, est poursuivie pour homicide involontaire ce lundi 13 octobre 2025 devant le tribunal du Mans. En juin 2023, un salari\u00e9 est d\u00e9c\u00e9d\u00e9 dans un accident du travail, coinc\u00e9 dans une machine \u00e0 laver les duvets. Le tribunal du Mans va examiner une affaire d&rsquo;homicide involontaire ce lundi. C&rsquo;est &hellip; <\/p>\n<p class=\"link-more\"><a href=\"https:\/\/www.accidentdutravail-idf.net\/blog\/le-proces-de-drouault-pour-homicide-involontaire-souvre-ce-lundi-devant-le-tribunal-du-mans\/\" class=\"more-link\">Continuer la lecture <span class=\"screen-reader-text\"> \u00ab\u00a0Le proc\u00e8s de Drouault pour homicide involontaire s&rsquo;ouvre ce lundi devant le tribunal du Mans\u00a0\u00bb<\/span><\/a><\/p>\n","protected":false},"author":2,"featured_media":0,"comment_status":"closed","ping_status":"closed","sticky":false,"template":"","format":"standard","meta":{"footnotes":""},"categories":[5],"tags":[],"class_list":["post-1785","post","type-post","status-publish","format-standard","hentry","category-securite-du-travail-en-ile-de-france-et-divers","entry"],"yoast_head":"<!-- This site is optimized with the Yoast SEO plugin v27.5 - https:\/\/yoast.com\/product\/yoast-seo-wordpress\/ -->\n<title>Le proc\u00e8s de Drouault pour homicide involontaire s&#039;ouvre ce lundi devant le tribunal du Mans - ACCIDENTDUTRAVAIL-IDF<\/title>\n<meta name=\"description\" content=\"Le proc\u00e8s de Drouault pour homicide involontaire s&#039;ouvre ce lundi devant le tribunal du Mans article de ACCIDENTDUTRAVAIL-IDF\" \/>\n<meta name=\"robots\" content=\"index, follow, max-snippet:-1, max-image-preview:large, max-video-preview:-1\" \/>\n<link rel=\"canonical\" href=\"https:\/\/www.accidentdutravail-idf.net\/blog\/le-proces-de-drouault-pour-homicide-involontaire-souvre-ce-lundi-devant-le-tribunal-du-mans\/\" \/>\n<meta property=\"og:locale\" content=\"fr_FR\" \/>\n<meta property=\"og:type\" content=\"article\" \/>\n<meta property=\"og:title\" content=\"Le proc\u00e8s de Drouault pour homicide involontaire s&#039;ouvre ce lundi devant le tribunal du Mans - ACCIDENTDUTRAVAIL-IDF\" \/>\n<meta property=\"og:description\" content=\"Le proc\u00e8s de Drouault pour homicide involontaire s&#039;ouvre ce lundi devant le tribunal du Mans article de ACCIDENTDUTRAVAIL-IDF\" \/>\n<meta property=\"og:url\" content=\"https:\/\/www.accidentdutravail-idf.net\/blog\/le-proces-de-drouault-pour-homicide-involontaire-souvre-ce-lundi-devant-le-tribunal-du-mans\/\" \/>\n<meta property=\"og:site_name\" content=\"ACCIDENTDUTRAVAIL-IDF\" \/>\n<meta property=\"article:published_time\" content=\"2025-10-12T09:00:00+00:00\" \/>\n<meta property=\"og:image\" content=\"https:\/\/www.accidentdutravail-idf.net\/blog\/wp-content\/uploads\/2025\/10\/le-proces-de-drouault-pour-homicide-involontaire-souvre-ce-lundi-devant-le-tribunal-du-mans.jpg\" \/>\n<meta name=\"author\" content=\"Carlos Poulain\" \/>\n<meta name=\"twitter:card\" content=\"summary_large_image\" \/>\n<meta name=\"twitter:label1\" content=\"\u00c9crit par\" \/>\n\t<meta name=\"twitter:data1\" content=\"Carlos Poulain\" \/>\n\t<meta name=\"twitter:label2\" content=\"Dur\u00e9e de lecture estim\u00e9e\" \/>\n\t<meta name=\"twitter:data2\" content=\"1 minute\" \/>\n<script type=\"application\/ld+json\" class=\"yoast-schema-graph\">{\"@context\":\"https:\\\/\\\/schema.org\",\"@graph\":[{\"@type\":\"Article\",\"@id\":\"https:\\\/\\\/www.accidentdutravail-idf.net\\\/blog\\\/le-proces-de-drouault-pour-homicide-involontaire-souvre-ce-lundi-devant-le-tribunal-du-mans\\\/#article\",\"isPartOf\":{\"@id\":\"https:\\\/\\\/www.accidentdutravail-idf.net\\\/blog\\\/le-proces-de-drouault-pour-homicide-involontaire-souvre-ce-lundi-devant-le-tribunal-du-mans\\\/\"},\"author\":{\"name\":\"Carlos Poulain\",\"@id\":\"https:\\\/\\\/www.accidentdutravail-idf.net\\\/blog\\\/#\\\/schema\\\/person\\\/3255d2f970de45e64bd9201f38e7b947\"},\"headline\":\"Le proc\u00e8s de Drouault pour homicide involontaire s&rsquo;ouvre ce lundi devant le tribunal du Mans\",\"datePublished\":\"2025-10-12T09:00:00+00:00\",\"mainEntityOfPage\":{\"@id\":\"https:\\\/\\\/www.accidentdutravail-idf.net\\\/blog\\\/le-proces-de-drouault-pour-homicide-involontaire-souvre-ce-lundi-devant-le-tribunal-du-mans\\\/\"},\"wordCount\":295,\"publisher\":{\"@id\":\"https:\\\/\\\/www.accidentdutravail-idf.net\\\/blog\\\/#organization\"},\"image\":{\"@id\":\"https:\\\/\\\/www.accidentdutravail-idf.net\\\/blog\\\/le-proces-de-drouault-pour-homicide-involontaire-souvre-ce-lundi-devant-le-tribunal-du-mans\\\/#primaryimage\"},\"thumbnailUrl\":\"https:\\\/\\\/www.accidentdutravail-idf.net\\\/blog\\\/wp-content\\\/uploads\\\/2025\\\/10\\\/le-proces-de-drouault-pour-homicide-involontaire-souvre-ce-lundi-devant-le-tribunal-du-mans.jpg\",\"articleSection\":[\"S\u00e9curit\u00e9 Du Travail En Ile-De-France Et Divers:\"],\"inLanguage\":\"fr-FR\"},{\"@type\":\"WebPage\",\"@id\":\"https:\\\/\\\/www.accidentdutravail-idf.net\\\/blog\\\/le-proces-de-drouault-pour-homicide-involontaire-souvre-ce-lundi-devant-le-tribunal-du-mans\\\/\",\"url\":\"https:\\\/\\\/www.accidentdutravail-idf.net\\\/blog\\\/le-proces-de-drouault-pour-homicide-involontaire-souvre-ce-lundi-devant-le-tribunal-du-mans\\\/\",\"name\":\"Le proc\u00e8s de Drouault pour homicide involontaire s'ouvre ce lundi devant le tribunal du Mans - ACCIDENTDUTRAVAIL-IDF\",\"isPartOf\":{\"@id\":\"https:\\\/\\\/www.accidentdutravail-idf.net\\\/blog\\\/#website\"},\"primaryImageOfPage\":{\"@id\":\"https:\\\/\\\/www.accidentdutravail-idf.net\\\/blog\\\/le-proces-de-drouault-pour-homicide-involontaire-souvre-ce-lundi-devant-le-tribunal-du-mans\\\/#primaryimage\"},\"image\":{\"@id\":\"https:\\\/\\\/www.accidentdutravail-idf.net\\\/blog\\\/le-proces-de-drouault-pour-homicide-involontaire-souvre-ce-lundi-devant-le-tribunal-du-mans\\\/#primaryimage\"},\"thumbnailUrl\":\"https:\\\/\\\/www.accidentdutravail-idf.net\\\/blog\\\/wp-content\\\/uploads\\\/2025\\\/10\\\/le-proces-de-drouault-pour-homicide-involontaire-souvre-ce-lundi-devant-le-tribunal-du-mans.jpg\",\"datePublished\":\"2025-10-12T09:00:00+00:00\",\"description\":\"Le proc\u00e8s de Drouault pour homicide involontaire s'ouvre ce lundi devant le tribunal du Mans article de ACCIDENTDUTRAVAIL-IDF\",\"breadcrumb\":{\"@id\":\"https:\\\/\\\/www.accidentdutravail-idf.net\\\/blog\\\/le-proces-de-drouault-pour-homicide-involontaire-souvre-ce-lundi-devant-le-tribunal-du-mans\\\/#breadcrumb\"},\"inLanguage\":\"fr-FR\",\"potentialAction\":[{\"@type\":\"ReadAction\",\"target\":[\"https:\\\/\\\/www.accidentdutravail-idf.net\\\/blog\\\/le-proces-de-drouault-pour-homicide-involontaire-souvre-ce-lundi-devant-le-tribunal-du-mans\\\/\"]}]},{\"@type\":\"ImageObject\",\"inLanguage\":\"fr-FR\",\"@id\":\"https:\\\/\\\/www.accidentdutravail-idf.net\\\/blog\\\/le-proces-de-drouault-pour-homicide-involontaire-souvre-ce-lundi-devant-le-tribunal-du-mans\\\/#primaryimage\",\"url\":\"https:\\\/\\\/www.accidentdutravail-idf.net\\\/blog\\\/wp-content\\\/uploads\\\/2025\\\/10\\\/le-proces-de-drouault-pour-homicide-involontaire-souvre-ce-lundi-devant-le-tribunal-du-mans.jpg\",\"contentUrl\":\"https:\\\/\\\/www.accidentdutravail-idf.net\\\/blog\\\/wp-content\\\/uploads\\\/2025\\\/10\\\/le-proces-de-drouault-pour-homicide-involontaire-souvre-ce-lundi-devant-le-tribunal-du-mans.jpg\"},{\"@type\":\"BreadcrumbList\",\"@id\":\"https:\\\/\\\/www.accidentdutravail-idf.net\\\/blog\\\/le-proces-de-drouault-pour-homicide-involontaire-souvre-ce-lundi-devant-le-tribunal-du-mans\\\/#breadcrumb\",\"itemListElement\":[{\"@type\":\"ListItem\",\"position\":1,\"name\":\"Accueil\",\"item\":\"https:\\\/\\\/www.accidentdutravail-idf.net\\\/blog\\\/\"},{\"@type\":\"ListItem\",\"position\":2,\"name\":\"Le proc\u00e8s de Drouault pour homicide involontaire s&rsquo;ouvre ce lundi devant le tribunal du Mans\"}]},{\"@type\":\"WebSite\",\"@id\":\"https:\\\/\\\/www.accidentdutravail-idf.net\\\/blog\\\/#website\",\"url\":\"https:\\\/\\\/www.accidentdutravail-idf.net\\\/blog\\\/\",\"name\":\"ACCIDENTDUTRAVAIL-IDF\",\"description\":\"Portail accidents du travail-maladies professionnelles des entreprises d&#039;Ile-de-France\",\"publisher\":{\"@id\":\"https:\\\/\\\/www.accidentdutravail-idf.net\\\/blog\\\/#organization\"},\"potentialAction\":[{\"@type\":\"SearchAction\",\"target\":{\"@type\":\"EntryPoint\",\"urlTemplate\":\"https:\\\/\\\/www.accidentdutravail-idf.net\\\/blog\\\/?s={search_term_string}\"},\"query-input\":{\"@type\":\"PropertyValueSpecification\",\"valueRequired\":true,\"valueName\":\"search_term_string\"}}],\"inLanguage\":\"fr-FR\"},{\"@type\":\"Organization\",\"@id\":\"https:\\\/\\\/www.accidentdutravail-idf.net\\\/blog\\\/#organization\",\"name\":\"accidentdutravail-idf\",\"url\":\"https:\\\/\\\/www.accidentdutravail-idf.net\\\/blog\\\/\",\"logo\":{\"@type\":\"ImageObject\",\"inLanguage\":\"fr-FR\",\"@id\":\"https:\\\/\\\/www.accidentdutravail-idf.net\\\/blog\\\/#\\\/schema\\\/logo\\\/image\\\/\",\"url\":\"https:\\\/\\\/www.accidentdutravail-idf.net\\\/blog\\\/wp-content\\\/uploads\\\/2022\\\/09\\\/logo-2.png\",\"contentUrl\":\"https:\\\/\\\/www.accidentdutravail-idf.net\\\/blog\\\/wp-content\\\/uploads\\\/2022\\\/09\\\/logo-2.png\",\"width\":380,\"height\":291,\"caption\":\"accidentdutravail-idf\"},\"image\":{\"@id\":\"https:\\\/\\\/www.accidentdutravail-idf.net\\\/blog\\\/#\\\/schema\\\/logo\\\/image\\\/\"}},{\"@type\":\"Person\",\"@id\":\"https:\\\/\\\/www.accidentdutravail-idf.net\\\/blog\\\/#\\\/schema\\\/person\\\/3255d2f970de45e64bd9201f38e7b947\",\"name\":\"Carlos Poulain\",\"image\":{\"@type\":\"ImageObject\",\"inLanguage\":\"fr-FR\",\"@id\":\"https:\\\/\\\/secure.gravatar.com\\\/avatar\\\/b1c2f9d3588e34e91adb093635df64ef4b2381991216be7576466cfcdca4baf3?s=96&d=mm&r=g\",\"url\":\"https:\\\/\\\/secure.gravatar.com\\\/avatar\\\/b1c2f9d3588e34e91adb093635df64ef4b2381991216be7576466cfcdca4baf3?s=96&d=mm&r=g\",\"contentUrl\":\"https:\\\/\\\/secure.gravatar.com\\\/avatar\\\/b1c2f9d3588e34e91adb093635df64ef4b2381991216be7576466cfcdca4baf3?s=96&d=mm&r=g\",\"caption\":\"Carlos Poulain\"},\"url\":\"https:\\\/\\\/www.accidentdutravail-idf.net\\\/blog\\\/author\\\/idfcarlos\\\/\"}]}<\/script>\n<!-- \/ Yoast SEO plugin. -->","yoast_head_json":{"title":"Le proc\u00e8s de Drouault pour homicide involontaire s'ouvre ce lundi devant le tribunal du Mans - ACCIDENTDUTRAVAIL-IDF","description":"Le proc\u00e8s de Drouault pour homicide involontaire s'ouvre ce lundi devant le tribunal du Mans article de ACCIDENTDUTRAVAIL-IDF","robots":{"index":"index","follow":"follow","max-snippet":"max-snippet:-1","max-image-preview":"max-image-preview:large","max-video-preview":"max-video-preview:-1"},"canonical":"https:\/\/www.accidentdutravail-idf.net\/blog\/le-proces-de-drouault-pour-homicide-involontaire-souvre-ce-lundi-devant-le-tribunal-du-mans\/","og_locale":"fr_FR","og_type":"article","og_title":"Le proc\u00e8s de Drouault pour homicide involontaire s'ouvre ce lundi devant le tribunal du Mans - ACCIDENTDUTRAVAIL-IDF","og_description":"Le proc\u00e8s de Drouault pour homicide involontaire s'ouvre ce lundi devant le tribunal du Mans article de ACCIDENTDUTRAVAIL-IDF","og_url":"https:\/\/www.accidentdutravail-idf.net\/blog\/le-proces-de-drouault-pour-homicide-involontaire-souvre-ce-lundi-devant-le-tribunal-du-mans\/","og_site_name":"ACCIDENTDUTRAVAIL-IDF","article_published_time":"2025-10-12T09:00:00+00:00","og_image":[{"url":"https:\/\/www.accidentdutravail-idf.net\/blog\/wp-content\/uploads\/2025\/10\/le-proces-de-drouault-pour-homicide-involontaire-souvre-ce-lundi-devant-le-tribunal-du-mans.jpg","type":"","width":"","height":""}],"author":"Carlos Poulain","twitter_card":"summary_large_image","twitter_misc":{"\u00c9crit par":"Carlos Poulain","Dur\u00e9e de lecture estim\u00e9e":"1 minute"},"schema":{"@context":"https:\/\/schema.org","@graph":[{"@type":"Article","@id":"https:\/\/www.accidentdutravail-idf.net\/blog\/le-proces-de-drouault-pour-homicide-involontaire-souvre-ce-lundi-devant-le-tribunal-du-mans\/#article","isPartOf":{"@id":"https:\/\/www.accidentdutravail-idf.net\/blog\/le-proces-de-drouault-pour-homicide-involontaire-souvre-ce-lundi-devant-le-tribunal-du-mans\/"},"author":{"name":"Carlos Poulain","@id":"https:\/\/www.accidentdutravail-idf.net\/blog\/#\/schema\/person\/3255d2f970de45e64bd9201f38e7b947"},"headline":"Le proc\u00e8s de Drouault pour homicide involontaire s&rsquo;ouvre ce lundi devant le tribunal du Mans","datePublished":"2025-10-12T09:00:00+00:00","mainEntityOfPage":{"@id":"https:\/\/www.accidentdutravail-idf.net\/blog\/le-proces-de-drouault-pour-homicide-involontaire-souvre-ce-lundi-devant-le-tribunal-du-mans\/"},"wordCount":295,"publisher":{"@id":"https:\/\/www.accidentdutravail-idf.net\/blog\/#organization"},"image":{"@id":"https:\/\/www.accidentdutravail-idf.net\/blog\/le-proces-de-drouault-pour-homicide-involontaire-souvre-ce-lundi-devant-le-tribunal-du-mans\/#primaryimage"},"thumbnailUrl":"https:\/\/www.accidentdutravail-idf.net\/blog\/wp-content\/uploads\/2025\/10\/le-proces-de-drouault-pour-homicide-involontaire-souvre-ce-lundi-devant-le-tribunal-du-mans.jpg","articleSection":["S\u00e9curit\u00e9 Du Travail En Ile-De-France Et Divers:"],"inLanguage":"fr-FR"},{"@type":"WebPage","@id":"https:\/\/www.accidentdutravail-idf.net\/blog\/le-proces-de-drouault-pour-homicide-involontaire-souvre-ce-lundi-devant-le-tribunal-du-mans\/","url":"https:\/\/www.accidentdutravail-idf.net\/blog\/le-proces-de-drouault-pour-homicide-involontaire-souvre-ce-lundi-devant-le-tribunal-du-mans\/","name":"Le proc\u00e8s de Drouault pour homicide involontaire s'ouvre ce lundi devant le tribunal du Mans - ACCIDENTDUTRAVAIL-IDF","isPartOf":{"@id":"https:\/\/www.accidentdutravail-idf.net\/blog\/#website"},"primaryImageOfPage":{"@id":"https:\/\/www.accidentdutravail-idf.net\/blog\/le-proces-de-drouault-pour-homicide-involontaire-souvre-ce-lundi-devant-le-tribunal-du-mans\/#primaryimage"},"image":{"@id":"https:\/\/www.accidentdutravail-idf.net\/blog\/le-proces-de-drouault-pour-homicide-involontaire-souvre-ce-lundi-devant-le-tribunal-du-mans\/#primaryimage"},"thumbnailUrl":"https:\/\/www.accidentdutravail-idf.net\/blog\/wp-content\/uploads\/2025\/10\/le-proces-de-drouault-pour-homicide-involontaire-souvre-ce-lundi-devant-le-tribunal-du-mans.jpg","datePublished":"2025-10-12T09:00:00+00:00","description":"Le proc\u00e8s de Drouault pour homicide involontaire s'ouvre ce lundi devant le tribunal du Mans article de ACCIDENTDUTRAVAIL-IDF","breadcrumb":{"@id":"https:\/\/www.accidentdutravail-idf.net\/blog\/le-proces-de-drouault-pour-homicide-involontaire-souvre-ce-lundi-devant-le-tribunal-du-mans\/#breadcrumb"},"inLanguage":"fr-FR","potentialAction":[{"@type":"ReadAction","target":["https:\/\/www.accidentdutravail-idf.net\/blog\/le-proces-de-drouault-pour-homicide-involontaire-souvre-ce-lundi-devant-le-tribunal-du-mans\/"]}]},{"@type":"ImageObject","inLanguage":"fr-FR","@id":"https:\/\/www.accidentdutravail-idf.net\/blog\/le-proces-de-drouault-pour-homicide-involontaire-souvre-ce-lundi-devant-le-tribunal-du-mans\/#primaryimage","url":"https:\/\/www.accidentdutravail-idf.net\/blog\/wp-content\/uploads\/2025\/10\/le-proces-de-drouault-pour-homicide-involontaire-souvre-ce-lundi-devant-le-tribunal-du-mans.jpg","contentUrl":"https:\/\/www.accidentdutravail-idf.net\/blog\/wp-content\/uploads\/2025\/10\/le-proces-de-drouault-pour-homicide-involontaire-souvre-ce-lundi-devant-le-tribunal-du-mans.jpg"},{"@type":"BreadcrumbList","@id":"https:\/\/www.accidentdutravail-idf.net\/blog\/le-proces-de-drouault-pour-homicide-involontaire-souvre-ce-lundi-devant-le-tribunal-du-mans\/#breadcrumb","itemListElement":[{"@type":"ListItem","position":1,"name":"Accueil","item":"https:\/\/www.accidentdutravail-idf.net\/blog\/"},{"@type":"ListItem","position":2,"name":"Le proc\u00e8s de Drouault pour homicide involontaire s&rsquo;ouvre ce lundi devant le tribunal du Mans"}]},{"@type":"WebSite","@id":"https:\/\/www.accidentdutravail-idf.net\/blog\/#website","url":"https:\/\/www.accidentdutravail-idf.net\/blog\/","name":"ACCIDENTDUTRAVAIL-IDF","description":"Portail accidents du travail-maladies professionnelles des entreprises d&#039;Ile-de-France","publisher":{"@id":"https:\/\/www.accidentdutravail-idf.net\/blog\/#organization"},"potentialAction":[{"@type":"SearchAction","target":{"@type":"EntryPoint","urlTemplate":"https:\/\/www.accidentdutravail-idf.net\/blog\/?s={search_term_string}"},"query-input":{"@type":"PropertyValueSpecification","valueRequired":true,"valueName":"search_term_string"}}],"inLanguage":"fr-FR"},{"@type":"Organization","@id":"https:\/\/www.accidentdutravail-idf.net\/blog\/#organization","name":"accidentdutravail-idf","url":"https:\/\/www.accidentdutravail-idf.net\/blog\/","logo":{"@type":"ImageObject","inLanguage":"fr-FR","@id":"https:\/\/www.accidentdutravail-idf.net\/blog\/#\/schema\/logo\/image\/","url":"https:\/\/www.accidentdutravail-idf.net\/blog\/wp-content\/uploads\/2022\/09\/logo-2.png","contentUrl":"https:\/\/www.accidentdutravail-idf.net\/blog\/wp-content\/uploads\/2022\/09\/logo-2.png","width":380,"height":291,"caption":"accidentdutravail-idf"},"image":{"@id":"https:\/\/www.accidentdutravail-idf.net\/blog\/#\/schema\/logo\/image\/"}},{"@type":"Person","@id":"https:\/\/www.accidentdutravail-idf.net\/blog\/#\/schema\/person\/3255d2f970de45e64bd9201f38e7b947","name":"Carlos Poulain","image":{"@type":"ImageObject","inLanguage":"fr-FR","@id":"https:\/\/secure.gravatar.com\/avatar\/b1c2f9d3588e34e91adb093635df64ef4b2381991216be7576466cfcdca4baf3?s=96&d=mm&r=g","url":"https:\/\/secure.gravatar.com\/avatar\/b1c2f9d3588e34e91adb093635df64ef4b2381991216be7576466cfcdca4baf3?s=96&d=mm&r=g","contentUrl":"https:\/\/secure.gravatar.com\/avatar\/b1c2f9d3588e34e91adb093635df64ef4b2381991216be7576466cfcdca4baf3?s=96&d=mm&r=g","caption":"Carlos Poulain"},"url":"https:\/\/www.accidentdutravail-idf.net\/blog\/author\/idfcarlos\/"}]}},"_links":{"self":[{"href":"https:\/\/www.accidentdutravail-idf.net\/blog\/wp-json\/wp\/v2\/posts\/1785","targetHints":{"allow":["GET"]}}],"collection":[{"href":"https:\/\/www.accidentdutravail-idf.net\/blog\/wp-json\/wp\/v2\/posts"}],"about":[{"href":"https:\/\/www.accidentdutravail-idf.net\/blog\/wp-json\/wp\/v2\/types\/post"}],"author":[{"embeddable":true,"href":"https:\/\/www.accidentdutravail-idf.net\/blog\/wp-json\/wp\/v2\/users\/2"}],"replies":[{"embeddable":true,"href":"https:\/\/www.accidentdutravail-idf.net\/blog\/wp-json\/wp\/v2\/comments?post=1785"}],"version-history":[{"count":0,"href":"https:\/\/www.accidentdutravail-idf.net\/blog\/wp-json\/wp\/v2\/posts\/1785\/revisions"}],"wp:attachment":[{"href":"https:\/\/www.accidentdutravail-idf.net\/blog\/wp-json\/wp\/v2\/media?parent=1785"}],"wp:term":[{"taxonomy":"category","embeddable":true,"href":"https:\/\/www.accidentdutravail-idf.net\/blog\/wp-json\/wp\/v2\/categories?post=1785"},{"taxonomy":"post_tag","embeddable":true,"href":"https:\/\/www.accidentdutravail-idf.net\/blog\/wp-json\/wp\/v2\/tags?post=1785"}],"curies":[{"name":"wp","href":"https:\/\/api.w.org\/{rel}","templated":true}]}}